{"id":83121,"date":"2025-01-16T10:05:57","date_gmt":"2025-01-16T13:05:57","guid":{"rendered":"https:\/\/portalnpm.com\/?p=83121"},"modified":"2025-01-16T10:05:57","modified_gmt":"2025-01-16T13:05:57","slug":"azul-e-gol-assinam-acordo-para-avaliar-fusao-entre-as-aereas","status":"publish","type":"post","link":"https:\/\/portalnpm.com\/index.php\/2025\/01\/16\/azul-e-gol-assinam-acordo-para-avaliar-fusao-entre-as-aereas\/","title":{"rendered":"Azul e Gol assinam acordo para avaliar fus\u00e3o entre as a\u00e9reas"},"content":{"rendered":"<p>As companhias a\u00e9reas Azul e Gol assinaram nesta quarta-feira (15) um memorando de entendimento para iniciar as negocia\u00e7\u00f5es para uma fus\u00e3o. Caso a uni\u00e3o se concretize, a nova empresa concentrar\u00e1 60% do mercado a\u00e9reo no pa\u00eds.<img decoding=\"async\" src=\"https:\/\/agenciabrasil.ebc.com.br\/ebc.png?id=1626940&amp;o=node\" \/><img decoding=\"async\" src=\"https:\/\/agenciabrasil.ebc.com.br\/ebc.gif?id=1626940&amp;o=node\" \/><\/p>\n<p>Pelo memorando, divulgado ao mercado financeiro na noite desta quarta, a fus\u00e3o depende do fim da recupera\u00e7\u00e3o judicial da Gol nos Estados Unidos, prevista para abril. A nova empresa ter\u00e1 tr\u00eas conselheiros da Abra, holding que controla a Gol e a Avianca, tr\u00eas da Azul e tr\u00eas independentes.<\/p>\n<p>O presidente do conselho da futura companhia (chairman em ingl\u00eas) ser\u00e1 indicado pela Abra e o diretor-executivo (CEO, na sigla em ingl\u00eas) ser\u00e1 indicado pela Azul. Dessa forma, o CEO da Azul, John Rodgerson, assumir\u00e1 a presid\u00eancia do novo grupo ap\u00f3s o Conselho Administrativo de Defesa Econ\u00f4mica (Cade) e a Ag\u00eancia Nacional de Avia\u00e7\u00e3o Civil (Anac) aprovarem a fus\u00e3o, o que est\u00e1 previsto para 2026.<\/p>\n<p>O memorando prev\u00ea que a nova companhia seguir\u00e1 o modelo de \u201ccorporation\u201d, empresa sem controlador definido, com a Abra sendo a maior acionista. No entanto, a defini\u00e7\u00e3o dos\u00a0percentuais exatos de participa\u00e7\u00e3o de cada a\u00e9rea depende\u00a0do\u00a0fim da renegocia\u00e7\u00e3o de d\u00edvidas da Gol nos Estados Unidos.<\/p>\n<figure id=\"attachment_83122\" aria-describedby=\"caption-attachment-83122\" style=\"width: 300px\" class=\"wp-caption alignnone\"><img fetchpriority=\"high\" decoding=\"async\" class=\"size-medium wp-image-83122\" src=\"https:\/\/portalnpm.com\/wp-content\/uploads\/2025\/01\/IMG_6190-300x200.webp\" alt=\"\" width=\"300\" height=\"200\" srcset=\"https:\/\/portalnpm.com\/wp-content\/uploads\/2025\/01\/IMG_6190-300x200.webp 300w, https:\/\/portalnpm.com\/wp-content\/uploads\/2025\/01\/IMG_6190.webp 463w\" sizes=\"(max-width: 300px) 100vw, 300px\" \/><figcaption id=\"caption-attachment-83122\" class=\"wp-caption-text\">Avi\u00e3o da companhia a\u00e9rea Azul. Foto: Marcelo Camargo\/Ag\u00eancia Brasil<\/figcaption><\/figure>\n<h2>Marcas<\/h2>\n<p>As marcas Gol e Azul continuar\u00e3o a existir de forma independente, mas as duas a\u00e9reas poder\u00e3o compartilhar aeronaves, com uma companhia fazendo voos da outra, de modo a aumentar a liga\u00e7\u00e3o entre grandes cidades e destinos regionais.<\/p>\n<p>Nenhuma das duas companhias far\u00e1 novos investimentos financeiros para a fus\u00e3o, que envolver\u00e1 somente ativos j\u00e1 dispon\u00edveis. A Azul tamb\u00e9m continuar\u00e1 a comprar avi\u00f5es da Embraer e a buscar sinergias em voos internacionais.<\/p>\n<p>Conforme o memorando, a alavancagem das duas empresas somada n\u00e3o poder\u00e1 ultrapassar a da Gol depois do fim da recupera\u00e7\u00e3o judicial. Se esse par\u00e2metro n\u00e3o for alcan\u00e7ado, a fus\u00e3o n\u00e3o se concretizar\u00e1.<\/p>\n<p>A alavancagem representa o uso de recursos de terceiros para multiplicar a capacidade de investimento de uma empresa.<\/p>\n<p>No fim do terceiro trimestre, a Gol divulgou que a alavancagem estava em 5,5 vezes e, no comunicado desta quarta, informou que pretende chegar ao fim da recupera\u00e7\u00e3o judicial, em abril, com o indicador em torno de 4,5 vezes.<\/p>\n<p><strong>Fonte<\/strong>: Ag\u00eancia Brasil<\/p>\n","protected":false},"excerpt":{"rendered":"<p>As companhias a\u00e9reas Azul e Gol assinaram nesta quarta-feira (15) um memorando de entendimento para iniciar as negocia\u00e7\u00f5es para uma fus\u00e3o. Caso a uni\u00e3o se concretize, a nova empresa concentrar\u00e1 60% do mercado a\u00e9reo no pa\u00eds. Pelo memorando, divulgado ao mercado financeiro na noite desta quarta, a fus\u00e3o depende do fim da recupera\u00e7\u00e3o judicial da &hellip;<\/p>\n","protected":false},"author":8,"featured_media":83123,"comment_status":"open","ping_status":"open","sticky":false,"template":"","format":"standard","meta":{"content-type":"","rop_custom_images_group":[],"rop_custom_messages_group":[],"rop_publish_now":"yes","rop_publish_now_accounts":{"facebook_2648258775420054_1618374048415101":""},"rop_publish_now_history":[],"rop_publish_now_status":"pending","footnotes":"","_jetpack_memberships_contains_paid_content":false},"categories":[113,414],"tags":[2069,12410,9475,16358,12523,4159,11860,850,852],"yoast_head":"<!-- This site is optimized with the Yoast SEO plugin v22.3 - https:\/\/yoast.com\/wordpress\/plugins\/seo\/ -->\n<title>Azul e Gol assinam acordo para avaliar fus\u00e3o entre as a\u00e9reas - Portal NPM<\/title>\n<meta name=\"robots\" content=\"index, follow, max-snippet:-1, max-image-preview:large, max-video-preview:-1\" \/>\n<link rel=\"canonical\" href=\"https:\/\/portalnpm.com\/index.php\/2025\/01\/16\/azul-e-gol-assinam-acordo-para-avaliar-fusao-entre-as-aereas\/\" \/>\n<meta property=\"og:locale\" content=\"pt_BR\" \/>\n<meta property=\"og:type\" content=\"article\" \/>\n<meta property=\"og:title\" content=\"Azul e Gol assinam acordo para avaliar fus\u00e3o entre as a\u00e9reas - Portal NPM\" \/>\n<meta property=\"og:description\" content=\"As companhias a\u00e9reas Azul e Gol assinaram nesta quarta-feira (15) um memorando de entendimento para iniciar as negocia\u00e7\u00f5es para uma fus\u00e3o. Caso a uni\u00e3o se concretize, a nova empresa concentrar\u00e1 60% do mercado a\u00e9reo no pa\u00eds. Pelo memorando, divulgado ao mercado financeiro na noite desta quarta, a fus\u00e3o depende do fim da recupera\u00e7\u00e3o judicial da &hellip;\" \/>\n<meta property=\"og:url\" content=\"https:\/\/portalnpm.com\/index.php\/2025\/01\/16\/azul-e-gol-assinam-acordo-para-avaliar-fusao-entre-as-aereas\/\" \/>\n<meta property=\"og:site_name\" content=\"Portal NPM\" \/>\n<meta property=\"article:published_time\" content=\"2025-01-16T13:05:57+00:00\" \/>\n<meta property=\"og:image\" content=\"https:\/\/portalnpm.com\/wp-content\/uploads\/2025\/01\/IMG_6191.webp\" \/>\n\t<meta property=\"og:image:width\" content=\"1170\" \/>\n\t<meta property=\"og:image:height\" content=\"700\" \/>\n\t<meta property=\"og:image:type\" content=\"image\/webp\" \/>\n<meta name=\"author\" content=\"Zenilton Lima\" \/>\n<meta name=\"twitter:card\" content=\"summary_large_image\" \/>\n<meta name=\"twitter:label1\" content=\"Escrito por\" \/>\n\t<meta name=\"twitter:data1\" content=\"Zenilton Lima\" \/>\n\t<meta name=\"twitter:label2\" content=\"Est. tempo de leitura\" \/>\n\t<meta name=\"twitter:data2\" content=\"3 minutos\" \/>\n<script type=\"application\/ld+json\" class=\"yoast-schema-graph\">{\"@context\":\"https:\/\/schema.org\",\"@graph\":[{\"@type\":\"WebPage\",\"@id\":\"https:\/\/portalnpm.com\/index.php\/2025\/01\/16\/azul-e-gol-assinam-acordo-para-avaliar-fusao-entre-as-aereas\/\",\"url\":\"https:\/\/portalnpm.com\/index.php\/2025\/01\/16\/azul-e-gol-assinam-acordo-para-avaliar-fusao-entre-as-aereas\/\",\"name\":\"Azul e Gol assinam acordo para avaliar fus\u00e3o entre as a\u00e9reas - Portal NPM\",\"isPartOf\":{\"@id\":\"https:\/\/portalnpm.com\/#website\"},\"primaryImageOfPage\":{\"@id\":\"https:\/\/portalnpm.com\/index.php\/2025\/01\/16\/azul-e-gol-assinam-acordo-para-avaliar-fusao-entre-as-aereas\/#primaryimage\"},\"image\":{\"@id\":\"https:\/\/portalnpm.com\/index.php\/2025\/01\/16\/azul-e-gol-assinam-acordo-para-avaliar-fusao-entre-as-aereas\/#primaryimage\"},\"thumbnailUrl\":\"https:\/\/portalnpm.com\/wp-content\/uploads\/2025\/01\/IMG_6191.webp\",\"datePublished\":\"2025-01-16T13:05:57+00:00\",\"dateModified\":\"2025-01-16T13:05:57+00:00\",\"author\":{\"@id\":\"https:\/\/portalnpm.com\/#\/schema\/person\/35cb55186eae3f074b6783da6d35591e\"},\"breadcrumb\":{\"@id\":\"https:\/\/portalnpm.com\/index.php\/2025\/01\/16\/azul-e-gol-assinam-acordo-para-avaliar-fusao-entre-as-aereas\/#breadcrumb\"},\"inLanguage\":\"pt-BR\",\"potentialAction\":[{\"@type\":\"ReadAction\",\"target\":[\"https:\/\/portalnpm.com\/index.php\/2025\/01\/16\/azul-e-gol-assinam-acordo-para-avaliar-fusao-entre-as-aereas\/\"]}]},{\"@type\":\"ImageObject\",\"inLanguage\":\"pt-BR\",\"@id\":\"https:\/\/portalnpm.com\/index.php\/2025\/01\/16\/azul-e-gol-assinam-acordo-para-avaliar-fusao-entre-as-aereas\/#primaryimage\",\"url\":\"https:\/\/portalnpm.com\/wp-content\/uploads\/2025\/01\/IMG_6191.webp\",\"contentUrl\":\"https:\/\/portalnpm.com\/wp-content\/uploads\/2025\/01\/IMG_6191.webp\",\"width\":1170,\"height\":700,\"caption\":\"MARCELO CAMARGO\/AG\u00caNCIA BRASIL\"},{\"@type\":\"BreadcrumbList\",\"@id\":\"https:\/\/portalnpm.com\/index.php\/2025\/01\/16\/azul-e-gol-assinam-acordo-para-avaliar-fusao-entre-as-aereas\/#breadcrumb\",\"itemListElement\":[{\"@type\":\"ListItem\",\"position\":1,\"name\":\"In\u00edcio\",\"item\":\"https:\/\/portalnpm.com\/\"},{\"@type\":\"ListItem\",\"position\":2,\"name\":\"Azul e Gol assinam acordo para avaliar fus\u00e3o entre as a\u00e9reas\"}]},{\"@type\":\"WebSite\",\"@id\":\"https:\/\/portalnpm.com\/#website\",\"url\":\"https:\/\/portalnpm.com\/\",\"name\":\"Portal NPM\",\"description\":\"Not\u00edcias em Primeira M\u00e3o\",\"potentialAction\":[{\"@type\":\"SearchAction\",\"target\":{\"@type\":\"EntryPoint\",\"urlTemplate\":\"https:\/\/portalnpm.com\/?s={search_term_string}\"},\"query-input\":\"required name=search_term_string\"}],\"inLanguage\":\"pt-BR\"},{\"@type\":\"Person\",\"@id\":\"https:\/\/portalnpm.com\/#\/schema\/person\/35cb55186eae3f074b6783da6d35591e\",\"name\":\"Zenilton Lima\",\"image\":{\"@type\":\"ImageObject\",\"inLanguage\":\"pt-BR\",\"@id\":\"https:\/\/portalnpm.com\/#\/schema\/person\/image\/\",\"url\":\"https:\/\/portalnpm.com\/wp-content\/uploads\/2024\/12\/avatar_user_8_1733658137-96x96.jpeg\",\"contentUrl\":\"https:\/\/portalnpm.com\/wp-content\/uploads\/2024\/12\/avatar_user_8_1733658137-96x96.jpeg\",\"caption\":\"Zenilton Lima\"},\"url\":\"https:\/\/portalnpm.com\/index.php\/author\/zenilton\/\"}]}<\/script>\n<!-- \/ Yoast SEO plugin. -->","yoast_head_json":{"title":"Azul e Gol assinam acordo para avaliar fus\u00e3o entre as a\u00e9reas - Portal NPM","robots":{"index":"index","follow":"follow","max-snippet":"max-snippet:-1","max-image-preview":"max-image-preview:large","max-video-preview":"max-video-preview:-1"},"canonical":"https:\/\/portalnpm.com\/index.php\/2025\/01\/16\/azul-e-gol-assinam-acordo-para-avaliar-fusao-entre-as-aereas\/","og_locale":"pt_BR","og_type":"article","og_title":"Azul e Gol assinam acordo para avaliar fus\u00e3o entre as a\u00e9reas - Portal NPM","og_description":"As companhias a\u00e9reas Azul e Gol assinaram nesta quarta-feira (15) um memorando de entendimento para iniciar as negocia\u00e7\u00f5es para uma fus\u00e3o. Caso a uni\u00e3o se concretize, a nova empresa concentrar\u00e1 60% do mercado a\u00e9reo no pa\u00eds. Pelo memorando, divulgado ao mercado financeiro na noite desta quarta, a fus\u00e3o depende do fim da recupera\u00e7\u00e3o judicial da &hellip;","og_url":"https:\/\/portalnpm.com\/index.php\/2025\/01\/16\/azul-e-gol-assinam-acordo-para-avaliar-fusao-entre-as-aereas\/","og_site_name":"Portal NPM","article_published_time":"2025-01-16T13:05:57+00:00","og_image":[{"width":1170,"height":700,"url":"https:\/\/portalnpm.com\/wp-content\/uploads\/2025\/01\/IMG_6191.webp","type":"image\/webp"}],"author":"Zenilton Lima","twitter_card":"summary_large_image","twitter_misc":{"Escrito por":"Zenilton Lima","Est. tempo de leitura":"3 minutos"},"schema":{"@context":"https:\/\/schema.org","@graph":[{"@type":"WebPage","@id":"https:\/\/portalnpm.com\/index.php\/2025\/01\/16\/azul-e-gol-assinam-acordo-para-avaliar-fusao-entre-as-aereas\/","url":"https:\/\/portalnpm.com\/index.php\/2025\/01\/16\/azul-e-gol-assinam-acordo-para-avaliar-fusao-entre-as-aereas\/","name":"Azul e Gol assinam acordo para avaliar fus\u00e3o entre as a\u00e9reas - Portal NPM","isPartOf":{"@id":"https:\/\/portalnpm.com\/#website"},"primaryImageOfPage":{"@id":"https:\/\/portalnpm.com\/index.php\/2025\/01\/16\/azul-e-gol-assinam-acordo-para-avaliar-fusao-entre-as-aereas\/#primaryimage"},"image":{"@id":"https:\/\/portalnpm.com\/index.php\/2025\/01\/16\/azul-e-gol-assinam-acordo-para-avaliar-fusao-entre-as-aereas\/#primaryimage"},"thumbnailUrl":"https:\/\/portalnpm.com\/wp-content\/uploads\/2025\/01\/IMG_6191.webp","datePublished":"2025-01-16T13:05:57+00:00","dateModified":"2025-01-16T13:05:57+00:00","author":{"@id":"https:\/\/portalnpm.com\/#\/schema\/person\/35cb55186eae3f074b6783da6d35591e"},"breadcrumb":{"@id":"https:\/\/portalnpm.com\/index.php\/2025\/01\/16\/azul-e-gol-assinam-acordo-para-avaliar-fusao-entre-as-aereas\/#breadcrumb"},"inLanguage":"pt-BR","potentialAction":[{"@type":"ReadAction","target":["https:\/\/portalnpm.com\/index.php\/2025\/01\/16\/azul-e-gol-assinam-acordo-para-avaliar-fusao-entre-as-aereas\/"]}]},{"@type":"ImageObject","inLanguage":"pt-BR","@id":"https:\/\/portalnpm.com\/index.php\/2025\/01\/16\/azul-e-gol-assinam-acordo-para-avaliar-fusao-entre-as-aereas\/#primaryimage","url":"https:\/\/portalnpm.com\/wp-content\/uploads\/2025\/01\/IMG_6191.webp","contentUrl":"https:\/\/portalnpm.com\/wp-content\/uploads\/2025\/01\/IMG_6191.webp","width":1170,"height":700,"caption":"MARCELO CAMARGO\/AG\u00caNCIA BRASIL"},{"@type":"BreadcrumbList","@id":"https:\/\/portalnpm.com\/index.php\/2025\/01\/16\/azul-e-gol-assinam-acordo-para-avaliar-fusao-entre-as-aereas\/#breadcrumb","itemListElement":[{"@type":"ListItem","position":1,"name":"In\u00edcio","item":"https:\/\/portalnpm.com\/"},{"@type":"ListItem","position":2,"name":"Azul e Gol assinam acordo para avaliar fus\u00e3o entre as a\u00e9reas"}]},{"@type":"WebSite","@id":"https:\/\/portalnpm.com\/#website","url":"https:\/\/portalnpm.com\/","name":"Portal NPM","description":"Not\u00edcias em Primeira M\u00e3o","potentialAction":[{"@type":"SearchAction","target":{"@type":"EntryPoint","urlTemplate":"https:\/\/portalnpm.com\/?s={search_term_string}"},"query-input":"required name=search_term_string"}],"inLanguage":"pt-BR"},{"@type":"Person","@id":"https:\/\/portalnpm.com\/#\/schema\/person\/35cb55186eae3f074b6783da6d35591e","name":"Zenilton Lima","image":{"@type":"ImageObject","inLanguage":"pt-BR","@id":"https:\/\/portalnpm.com\/#\/schema\/person\/image\/","url":"https:\/\/portalnpm.com\/wp-content\/uploads\/2024\/12\/avatar_user_8_1733658137-96x96.jpeg","contentUrl":"https:\/\/portalnpm.com\/wp-content\/uploads\/2024\/12\/avatar_user_8_1733658137-96x96.jpeg","caption":"Zenilton Lima"},"url":"https:\/\/portalnpm.com\/index.php\/author\/zenilton\/"}]}},"jetpack_sharing_enabled":true,"jetpack_featured_media_url":"https:\/\/portalnpm.com\/wp-content\/uploads\/2025\/01\/IMG_6191.webp","_links":{"self":[{"href":"https:\/\/portalnpm.com\/index.php\/wp-json\/wp\/v2\/posts\/83121"}],"collection":[{"href":"https:\/\/portalnpm.com\/index.php\/wp-json\/wp\/v2\/posts"}],"about":[{"href":"https:\/\/portalnpm.com\/index.php\/wp-json\/wp\/v2\/types\/post"}],"author":[{"embeddable":true,"href":"https:\/\/portalnpm.com\/index.php\/wp-json\/wp\/v2\/users\/8"}],"replies":[{"embeddable":true,"href":"https:\/\/portalnpm.com\/index.php\/wp-json\/wp\/v2\/comments?post=83121"}],"version-history":[{"count":1,"href":"https:\/\/portalnpm.com\/index.php\/wp-json\/wp\/v2\/posts\/83121\/revisions"}],"predecessor-version":[{"id":83124,"href":"https:\/\/portalnpm.com\/index.php\/wp-json\/wp\/v2\/posts\/83121\/revisions\/83124"}],"wp:featuredmedia":[{"embeddable":true,"href":"https:\/\/portalnpm.com\/index.php\/wp-json\/wp\/v2\/media\/83123"}],"wp:attachment":[{"href":"https:\/\/portalnpm.com\/index.php\/wp-json\/wp\/v2\/media?parent=83121"}],"wp:term":[{"taxonomy":"category","embeddable":true,"href":"https:\/\/portalnpm.com\/index.php\/wp-json\/wp\/v2\/categories?post=83121"},{"taxonomy":"post_tag","embeddable":true,"href":"https:\/\/portalnpm.com\/index.php\/wp-json\/wp\/v2\/tags?post=83121"}],"curies":[{"name":"wp","href":"https:\/\/api.w.org\/{rel}","templated":true}]}}