{"id":83139,"date":"2025-01-17T10:34:24","date_gmt":"2025-01-17T13:34:24","guid":{"rendered":"https:\/\/portalnpm.com\/?p=83139"},"modified":"2025-01-17T10:34:24","modified_gmt":"2025-01-17T13:34:24","slug":"defesa-civil-avalia-areas-de-risco-e-inicia-distribuicao-de-cestas-basicas-a-familias-de-picos","status":"publish","type":"post","link":"https:\/\/portalnpm.com\/index.php\/2025\/01\/17\/defesa-civil-avalia-areas-de-risco-e-inicia-distribuicao-de-cestas-basicas-a-familias-de-picos\/","title":{"rendered":"Defesa Civil avalia \u00e1reas de risco e inicia distribui\u00e7\u00e3o de cestas b\u00e1sicas a fam\u00edlias de Picos"},"content":{"rendered":"<p>A Secretaria Estadual da Defesa Civil (Sedec) iniciou uma for\u00e7a-tarefa para limpar as ruas e remover os destro\u00e7os na cidade de Picos, impactada pelas fortes chuvas que caem na regi\u00e3o. Engenheiros trabalham na avalia\u00e7\u00e3o das \u00e1reas de risco e na preven\u00e7\u00e3o de novos desastres e a equipe social iniciou a distribui\u00e7\u00e3o de alimentos e material de higiene \u00e0s fam\u00edlias atingidas.<\/p>\n<p>At\u00e9 o momento, mais de 1.000 fam\u00edlias foram impactadas, com mais de 400 pessoas desabrigadas. No atendimento direto a essas fam\u00edlias, a Defesa Civil distribuiu, at\u00e9 o momento, 80 cestas b\u00e1sicas, 80 kits de higiene e 160 kits de limpeza.<\/p>\n<p>Fernando Rego, assistente social da Diretoria de Resposta da Defesa Civil, destacou o cuidado que vai al\u00e9m do b\u00e1sico. &#8220;Ainda n\u00e3o conseguimos mensurar completamente os danos, mas nosso trabalho est\u00e1 focado em oferecer assist\u00eancia integral. Al\u00e9m de alimentos e itens essenciais, priorizamos o apoio psicol\u00f3gico \u00e0s fam\u00edlias, porque entendemos que esse momento exige cuidado para corpo e alma. Seguiremos vigilantes enquanto as chuvas persistirem&#8221;, relatou.<\/p>\n<p>O diretor de Recursos H\u00eddricos da Sedec, Francisco Carvalho, refor\u00e7ou a rapidez e a dedica\u00e7\u00e3o da equipe. &#8220;Desde o primeiro dia, mobilizamos tratores, caminh\u00f5es e outros equipamentos para limpar a cidade e trazer seguran\u00e7a \u00e0 popula\u00e7\u00e3o. Nossos engenheiros est\u00e3o atentos a cada detalhe, trabalhando para prevenir novos problemas e garantir que Picos volte a caminhar com confian\u00e7a&#8221;, informou.<\/p>\n<p>A vice-prefeita de Picos, Xandu Neri, comentou sobre o processo de reconstru\u00e7\u00e3o das estruturas e im\u00f3veis danificados. &#8220;N\u00f3s recebemos todo o apoio das autoridades, da Defesa Civil do Estado, do governador e principalmente, n\u00e3o perdemos a f\u00e9. Picos est\u00e1 se reconstruindo, estamos atr\u00e1s de mais recursos e em breve voltaremos ainda mais fortes&#8221;, disse.<\/p>\n<p>Em caso de emerg\u00eancias no munic\u00edpio de Picos, a popula\u00e7\u00e3o deve recorrer ao 190 ou WhatsApp do Corpo de Bombeiros &#8211; <a href=\"tel:(86) 99429-7268\">(86) 99429-7268<\/a> e Defesa Civil do Estado &#8211; <a href=\"tel:(89) 9450-6787\">(89) 9450-6787<\/a>.<\/p>\n<h2><strong>Abrace Picos<\/strong><\/h2>\n<p>A Defesa Civil lan\u00e7ou a campanha \u201cAbrace Picos\u201d com o objetivo de arrecadar itens essenciais \u00e0s fam\u00edlias atingidas. Alimentos, roupas, len\u00e7\u00f3is e kits de higiene est\u00e3o sendo coletados em Teresina e Picos, refor\u00e7ando a corrente de solidariedade.<\/p>\n<p>Pontos de coleta:<\/p>\n<ul>\n<li>Teresina:<\/li>\n<\/ul>\n<p>Rua Jaic\u00f3s, 1435 &#8211; Ilhotas (Sede da Defesa Civil)<\/p>\n<ul>\n<li>Picos:<\/li>\n<\/ul>\n<p>Estacionamento da Virtex &#8211; Rua Francisco Prota, 138 &#8211; Centro<\/p>\n<p>A Defesa Civil recomenda que os itens estejam em bom estado antes de doar.<\/p>\n<p><em><strong>Fonte<\/strong>: Portal A10+<\/em><\/p>\n","protected":false},"excerpt":{"rendered":"<p>A Secretaria Estadual da Defesa Civil (Sedec) iniciou uma for\u00e7a-tarefa para limpar as ruas e remover os destro\u00e7os na cidade de Picos, impactada pelas fortes chuvas que caem na regi\u00e3o. Engenheiros trabalham na avalia\u00e7\u00e3o das \u00e1reas de risco e na preven\u00e7\u00e3o de novos desastres e a equipe social iniciou a distribui\u00e7\u00e3o de alimentos e material &hellip;<\/p>\n","protected":false},"author":8,"featured_media":83140,"comment_status":"open","ping_status":"open","sticky":false,"template":"","format":"standard","meta":{"content-type":"","rop_custom_images_group":[],"rop_custom_messages_group":[],"rop_publish_now":"yes","rop_publish_now_accounts":{"facebook_2648258775420054_1618374048415101":""},"rop_publish_now_history":[],"rop_publish_now_status":"pending","footnotes":"","_jetpack_memberships_contains_paid_content":false},"categories":[113,127],"tags":[10861,2996,1763,1764,2039,230,1772,4015,2577,1284,128,2136],"yoast_head":"<!-- This site is optimized with the Yoast SEO plugin v22.3 - https:\/\/yoast.com\/wordpress\/plugins\/seo\/ -->\n<title>Defesa Civil avalia \u00e1reas de risco e inicia distribui\u00e7\u00e3o de cestas b\u00e1sicas a fam\u00edlias de Picos - Portal NPM<\/title>\n<meta name=\"robots\" content=\"index, follow, max-snippet:-1, max-image-preview:large, max-video-preview:-1\" \/>\n<link rel=\"canonical\" href=\"https:\/\/portalnpm.com\/index.php\/2025\/01\/17\/defesa-civil-avalia-areas-de-risco-e-inicia-distribuicao-de-cestas-basicas-a-familias-de-picos\/\" \/>\n<meta property=\"og:locale\" content=\"pt_BR\" \/>\n<meta property=\"og:type\" content=\"article\" \/>\n<meta property=\"og:title\" content=\"Defesa Civil avalia \u00e1reas de risco e inicia distribui\u00e7\u00e3o de cestas b\u00e1sicas a fam\u00edlias de Picos - Portal NPM\" \/>\n<meta property=\"og:description\" content=\"A Secretaria Estadual da Defesa Civil (Sedec) iniciou uma for\u00e7a-tarefa para limpar as ruas e remover os destro\u00e7os na cidade de Picos, impactada pelas fortes chuvas que caem na regi\u00e3o. Engenheiros trabalham na avalia\u00e7\u00e3o das \u00e1reas de risco e na preven\u00e7\u00e3o de novos desastres e a equipe social iniciou a distribui\u00e7\u00e3o de alimentos e material &hellip;\" \/>\n<meta property=\"og:url\" content=\"https:\/\/portalnpm.com\/index.php\/2025\/01\/17\/defesa-civil-avalia-areas-de-risco-e-inicia-distribuicao-de-cestas-basicas-a-familias-de-picos\/\" \/>\n<meta property=\"og:site_name\" content=\"Portal NPM\" \/>\n<meta property=\"article:published_time\" content=\"2025-01-17T13:34:24+00:00\" \/>\n<meta property=\"og:image\" content=\"https:\/\/portalnpm.com\/wp-content\/uploads\/2025\/01\/IMG_6217.jpeg\" \/>\n\t<meta property=\"og:image:width\" content=\"1000\" \/>\n\t<meta property=\"og:image:height\" content=\"724\" \/>\n\t<meta property=\"og:image:type\" content=\"image\/jpeg\" \/>\n<meta name=\"author\" content=\"Zenilton Lima\" \/>\n<meta name=\"twitter:card\" content=\"summary_large_image\" \/>\n<meta name=\"twitter:label1\" content=\"Escrito por\" \/>\n\t<meta name=\"twitter:data1\" content=\"Zenilton Lima\" \/>\n\t<meta name=\"twitter:label2\" content=\"Est. tempo de leitura\" \/>\n\t<meta name=\"twitter:data2\" content=\"3 minutos\" \/>\n<script type=\"application\/ld+json\" class=\"yoast-schema-graph\">{\"@context\":\"https:\/\/schema.org\",\"@graph\":[{\"@type\":\"WebPage\",\"@id\":\"https:\/\/portalnpm.com\/index.php\/2025\/01\/17\/defesa-civil-avalia-areas-de-risco-e-inicia-distribuicao-de-cestas-basicas-a-familias-de-picos\/\",\"url\":\"https:\/\/portalnpm.com\/index.php\/2025\/01\/17\/defesa-civil-avalia-areas-de-risco-e-inicia-distribuicao-de-cestas-basicas-a-familias-de-picos\/\",\"name\":\"Defesa Civil avalia \u00e1reas de risco e inicia distribui\u00e7\u00e3o de cestas b\u00e1sicas a fam\u00edlias de Picos - Portal NPM\",\"isPartOf\":{\"@id\":\"https:\/\/portalnpm.com\/#website\"},\"primaryImageOfPage\":{\"@id\":\"https:\/\/portalnpm.com\/index.php\/2025\/01\/17\/defesa-civil-avalia-areas-de-risco-e-inicia-distribuicao-de-cestas-basicas-a-familias-de-picos\/#primaryimage\"},\"image\":{\"@id\":\"https:\/\/portalnpm.com\/index.php\/2025\/01\/17\/defesa-civil-avalia-areas-de-risco-e-inicia-distribuicao-de-cestas-basicas-a-familias-de-picos\/#primaryimage\"},\"thumbnailUrl\":\"https:\/\/portalnpm.com\/wp-content\/uploads\/2025\/01\/IMG_6217.jpeg\",\"datePublished\":\"2025-01-17T13:34:24+00:00\",\"dateModified\":\"2025-01-17T13:34:24+00:00\",\"author\":{\"@id\":\"https:\/\/portalnpm.com\/#\/schema\/person\/35cb55186eae3f074b6783da6d35591e\"},\"breadcrumb\":{\"@id\":\"https:\/\/portalnpm.com\/index.php\/2025\/01\/17\/defesa-civil-avalia-areas-de-risco-e-inicia-distribuicao-de-cestas-basicas-a-familias-de-picos\/#breadcrumb\"},\"inLanguage\":\"pt-BR\",\"potentialAction\":[{\"@type\":\"ReadAction\",\"target\":[\"https:\/\/portalnpm.com\/index.php\/2025\/01\/17\/defesa-civil-avalia-areas-de-risco-e-inicia-distribuicao-de-cestas-basicas-a-familias-de-picos\/\"]}]},{\"@type\":\"ImageObject\",\"inLanguage\":\"pt-BR\",\"@id\":\"https:\/\/portalnpm.com\/index.php\/2025\/01\/17\/defesa-civil-avalia-areas-de-risco-e-inicia-distribuicao-de-cestas-basicas-a-familias-de-picos\/#primaryimage\",\"url\":\"https:\/\/portalnpm.com\/wp-content\/uploads\/2025\/01\/IMG_6217.jpeg\",\"contentUrl\":\"https:\/\/portalnpm.com\/wp-content\/uploads\/2025\/01\/IMG_6217.jpeg\",\"width\":1000,\"height\":724,\"caption\":\"Defesa Civil inicia distribui\u00e7\u00e3o de cestas b\u00e1sicas a fam\u00edlias de Picos Divulga\u00e7\u00e3o\"},{\"@type\":\"BreadcrumbList\",\"@id\":\"https:\/\/portalnpm.com\/index.php\/2025\/01\/17\/defesa-civil-avalia-areas-de-risco-e-inicia-distribuicao-de-cestas-basicas-a-familias-de-picos\/#breadcrumb\",\"itemListElement\":[{\"@type\":\"ListItem\",\"position\":1,\"name\":\"In\u00edcio\",\"item\":\"https:\/\/portalnpm.com\/\"},{\"@type\":\"ListItem\",\"position\":2,\"name\":\"Defesa Civil avalia \u00e1reas de risco e inicia distribui\u00e7\u00e3o de cestas b\u00e1sicas a fam\u00edlias de Picos\"}]},{\"@type\":\"WebSite\",\"@id\":\"https:\/\/portalnpm.com\/#website\",\"url\":\"https:\/\/portalnpm.com\/\",\"name\":\"Portal NPM\",\"description\":\"Not\u00edcias em Primeira M\u00e3o\",\"potentialAction\":[{\"@type\":\"SearchAction\",\"target\":{\"@type\":\"EntryPoint\",\"urlTemplate\":\"https:\/\/portalnpm.com\/?s={search_term_string}\"},\"query-input\":\"required name=search_term_string\"}],\"inLanguage\":\"pt-BR\"},{\"@type\":\"Person\",\"@id\":\"https:\/\/portalnpm.com\/#\/schema\/person\/35cb55186eae3f074b6783da6d35591e\",\"name\":\"Zenilton Lima\",\"image\":{\"@type\":\"ImageObject\",\"inLanguage\":\"pt-BR\",\"@id\":\"https:\/\/portalnpm.com\/#\/schema\/person\/image\/\",\"url\":\"https:\/\/portalnpm.com\/wp-content\/uploads\/2024\/12\/avatar_user_8_1733658137-96x96.jpeg\",\"contentUrl\":\"https:\/\/portalnpm.com\/wp-content\/uploads\/2024\/12\/avatar_user_8_1733658137-96x96.jpeg\",\"caption\":\"Zenilton Lima\"},\"url\":\"https:\/\/portalnpm.com\/index.php\/author\/zenilton\/\"}]}<\/script>\n<!-- \/ Yoast SEO plugin. -->","yoast_head_json":{"title":"Defesa Civil avalia \u00e1reas de risco e inicia distribui\u00e7\u00e3o de cestas b\u00e1sicas a fam\u00edlias de Picos - Portal NPM","robots":{"index":"index","follow":"follow","max-snippet":"max-snippet:-1","max-image-preview":"max-image-preview:large","max-video-preview":"max-video-preview:-1"},"canonical":"https:\/\/portalnpm.com\/index.php\/2025\/01\/17\/defesa-civil-avalia-areas-de-risco-e-inicia-distribuicao-de-cestas-basicas-a-familias-de-picos\/","og_locale":"pt_BR","og_type":"article","og_title":"Defesa Civil avalia \u00e1reas de risco e inicia distribui\u00e7\u00e3o de cestas b\u00e1sicas a fam\u00edlias de Picos - Portal NPM","og_description":"A Secretaria Estadual da Defesa Civil (Sedec) iniciou uma for\u00e7a-tarefa para limpar as ruas e remover os destro\u00e7os na cidade de Picos, impactada pelas fortes chuvas que caem na regi\u00e3o. Engenheiros trabalham na avalia\u00e7\u00e3o das \u00e1reas de risco e na preven\u00e7\u00e3o de novos desastres e a equipe social iniciou a distribui\u00e7\u00e3o de alimentos e material &hellip;","og_url":"https:\/\/portalnpm.com\/index.php\/2025\/01\/17\/defesa-civil-avalia-areas-de-risco-e-inicia-distribuicao-de-cestas-basicas-a-familias-de-picos\/","og_site_name":"Portal NPM","article_published_time":"2025-01-17T13:34:24+00:00","og_image":[{"width":1000,"height":724,"url":"https:\/\/portalnpm.com\/wp-content\/uploads\/2025\/01\/IMG_6217.jpeg","type":"image\/jpeg"}],"author":"Zenilton Lima","twitter_card":"summary_large_image","twitter_misc":{"Escrito por":"Zenilton Lima","Est. tempo de leitura":"3 minutos"},"schema":{"@context":"https:\/\/schema.org","@graph":[{"@type":"WebPage","@id":"https:\/\/portalnpm.com\/index.php\/2025\/01\/17\/defesa-civil-avalia-areas-de-risco-e-inicia-distribuicao-de-cestas-basicas-a-familias-de-picos\/","url":"https:\/\/portalnpm.com\/index.php\/2025\/01\/17\/defesa-civil-avalia-areas-de-risco-e-inicia-distribuicao-de-cestas-basicas-a-familias-de-picos\/","name":"Defesa Civil avalia \u00e1reas de risco e inicia distribui\u00e7\u00e3o de cestas b\u00e1sicas a fam\u00edlias de Picos - Portal NPM","isPartOf":{"@id":"https:\/\/portalnpm.com\/#website"},"primaryImageOfPage":{"@id":"https:\/\/portalnpm.com\/index.php\/2025\/01\/17\/defesa-civil-avalia-areas-de-risco-e-inicia-distribuicao-de-cestas-basicas-a-familias-de-picos\/#primaryimage"},"image":{"@id":"https:\/\/portalnpm.com\/index.php\/2025\/01\/17\/defesa-civil-avalia-areas-de-risco-e-inicia-distribuicao-de-cestas-basicas-a-familias-de-picos\/#primaryimage"},"thumbnailUrl":"https:\/\/portalnpm.com\/wp-content\/uploads\/2025\/01\/IMG_6217.jpeg","datePublished":"2025-01-17T13:34:24+00:00","dateModified":"2025-01-17T13:34:24+00:00","author":{"@id":"https:\/\/portalnpm.com\/#\/schema\/person\/35cb55186eae3f074b6783da6d35591e"},"breadcrumb":{"@id":"https:\/\/portalnpm.com\/index.php\/2025\/01\/17\/defesa-civil-avalia-areas-de-risco-e-inicia-distribuicao-de-cestas-basicas-a-familias-de-picos\/#breadcrumb"},"inLanguage":"pt-BR","potentialAction":[{"@type":"ReadAction","target":["https:\/\/portalnpm.com\/index.php\/2025\/01\/17\/defesa-civil-avalia-areas-de-risco-e-inicia-distribuicao-de-cestas-basicas-a-familias-de-picos\/"]}]},{"@type":"ImageObject","inLanguage":"pt-BR","@id":"https:\/\/portalnpm.com\/index.php\/2025\/01\/17\/defesa-civil-avalia-areas-de-risco-e-inicia-distribuicao-de-cestas-basicas-a-familias-de-picos\/#primaryimage","url":"https:\/\/portalnpm.com\/wp-content\/uploads\/2025\/01\/IMG_6217.jpeg","contentUrl":"https:\/\/portalnpm.com\/wp-content\/uploads\/2025\/01\/IMG_6217.jpeg","width":1000,"height":724,"caption":"Defesa Civil inicia distribui\u00e7\u00e3o de cestas b\u00e1sicas a fam\u00edlias de Picos Divulga\u00e7\u00e3o"},{"@type":"BreadcrumbList","@id":"https:\/\/portalnpm.com\/index.php\/2025\/01\/17\/defesa-civil-avalia-areas-de-risco-e-inicia-distribuicao-de-cestas-basicas-a-familias-de-picos\/#breadcrumb","itemListElement":[{"@type":"ListItem","position":1,"name":"In\u00edcio","item":"https:\/\/portalnpm.com\/"},{"@type":"ListItem","position":2,"name":"Defesa Civil avalia \u00e1reas de risco e inicia distribui\u00e7\u00e3o de cestas b\u00e1sicas a fam\u00edlias de Picos"}]},{"@type":"WebSite","@id":"https:\/\/portalnpm.com\/#website","url":"https:\/\/portalnpm.com\/","name":"Portal NPM","description":"Not\u00edcias em Primeira M\u00e3o","potentialAction":[{"@type":"SearchAction","target":{"@type":"EntryPoint","urlTemplate":"https:\/\/portalnpm.com\/?s={search_term_string}"},"query-input":"required name=search_term_string"}],"inLanguage":"pt-BR"},{"@type":"Person","@id":"https:\/\/portalnpm.com\/#\/schema\/person\/35cb55186eae3f074b6783da6d35591e","name":"Zenilton Lima","image":{"@type":"ImageObject","inLanguage":"pt-BR","@id":"https:\/\/portalnpm.com\/#\/schema\/person\/image\/","url":"https:\/\/portalnpm.com\/wp-content\/uploads\/2024\/12\/avatar_user_8_1733658137-96x96.jpeg","contentUrl":"https:\/\/portalnpm.com\/wp-content\/uploads\/2024\/12\/avatar_user_8_1733658137-96x96.jpeg","caption":"Zenilton Lima"},"url":"https:\/\/portalnpm.com\/index.php\/author\/zenilton\/"}]}},"jetpack_sharing_enabled":true,"jetpack_featured_media_url":"https:\/\/portalnpm.com\/wp-content\/uploads\/2025\/01\/IMG_6217.jpeg","_links":{"self":[{"href":"https:\/\/portalnpm.com\/index.php\/wp-json\/wp\/v2\/posts\/83139"}],"collection":[{"href":"https:\/\/portalnpm.com\/index.php\/wp-json\/wp\/v2\/posts"}],"about":[{"href":"https:\/\/portalnpm.com\/index.php\/wp-json\/wp\/v2\/types\/post"}],"author":[{"embeddable":true,"href":"https:\/\/portalnpm.com\/index.php\/wp-json\/wp\/v2\/users\/8"}],"replies":[{"embeddable":true,"href":"https:\/\/portalnpm.com\/index.php\/wp-json\/wp\/v2\/comments?post=83139"}],"version-history":[{"count":1,"href":"https:\/\/portalnpm.com\/index.php\/wp-json\/wp\/v2\/posts\/83139\/revisions"}],"predecessor-version":[{"id":83141,"href":"https:\/\/portalnpm.com\/index.php\/wp-json\/wp\/v2\/posts\/83139\/revisions\/83141"}],"wp:featuredmedia":[{"embeddable":true,"href":"https:\/\/portalnpm.com\/index.php\/wp-json\/wp\/v2\/media\/83140"}],"wp:attachment":[{"href":"https:\/\/portalnpm.com\/index.php\/wp-json\/wp\/v2\/media?parent=83139"}],"wp:term":[{"taxonomy":"category","embeddable":true,"href":"https:\/\/portalnpm.com\/index.php\/wp-json\/wp\/v2\/categories?post=83139"},{"taxonomy":"post_tag","embeddable":true,"href":"https:\/\/portalnpm.com\/index.php\/wp-json\/wp\/v2\/tags?post=83139"}],"curies":[{"name":"wp","href":"https:\/\/api.w.org\/{rel}","templated":true}]}}