{"id":83269,"date":"2025-01-19T11:28:01","date_gmt":"2025-01-19T14:28:01","guid":{"rendered":"https:\/\/portalnpm.com\/?p=83269"},"modified":"2025-01-19T11:28:01","modified_gmt":"2025-01-19T14:28:01","slug":"padre-marcos-pi-ganha-estadio-com-grama-sintetica-e-carro-0-km-no-aniversario-de-61-anos","status":"publish","type":"post","link":"https:\/\/portalnpm.com\/index.php\/2025\/01\/19\/padre-marcos-pi-ganha-estadio-com-grama-sintetica-e-carro-0-km-no-aniversario-de-61-anos\/","title":{"rendered":"Padre Marcos\u2013PI ganha est\u00e1dio com grama sint\u00e9tica e carro 0 km no anivers\u00e1rio de 61 anos"},"content":{"rendered":"<div id=\"td-outer-wrap\" class=\"td-theme-wrap\">\n<div class=\"td-main-content-wrap td-container-wrap\">\n<div class=\"td-container td-post-template-default \">\n<div class=\"td-pb-row\">\n<div class=\"td-pb-span8 td-main-content\" role=\"main\">\n<div class=\"td-ss-main-content\">\n<article id=\"post-595224\" class=\"post-595224 post type-post status-publish format-standard has-post-thumbnail hentry category-destaques category-esportes category-municipios category-news category-nordeste category-padre-marcos category-piaui\">\n<div class=\"td-post-header\">\n<header class=\"td-post-title\">\n<div class=\"td-module-meta-info\"><\/div>\n<\/header>\n<\/div>\n<div class=\"td-post-sharing-top\">\n<div id=\"td_social_sharing_article_top\" class=\"td-post-sharing td-ps-bg td-ps-notext td-ps-rounded td-post-sharing-style3 \">\n<div class=\"td-post-sharing-visible\">\n<div class=\"td-social-but-icon\"><\/div>\n<div class=\"td-social-but-icon\"><\/div>\n<\/div>\n<\/div>\n<\/div>\n<div class=\"td-post-content tagdiv-type\">\n<p data-pm-slice=\"1 1 []\">A comunidade esportiva de Padre Marcos\u2013PI foi contemplada, no anivers\u00e1rio de 61 anos de emancipa\u00e7\u00e3o pol\u00edtica, com a entrega da reforma do Est\u00e1dio Municipal \u2018O Maced\u00e3o\u2019 e um carro 0 km. A solenidade ocorreu na tarde do dia 17 de janeiro, data oficial da emancipa\u00e7\u00e3o pol\u00edtica da cidade.<\/p>\n<p data-pm-slice=\"1 1 []\">Participaram do evento a prefeita Wiliane Kelly, o vice-prefeito Irm\u00e3o Ad\u00e3o, o deputado estadual Georgiano Neto, o secret\u00e1rio de Estado dos Transportes, Jonas Moura, o ex-prefeito Valdinar Silva, o presidente da C\u00e2mara, Iranildo Carvalho, al\u00e9m de vereadores, secret\u00e1rios municipais, autoridades locais e a comunidade do munic\u00edpio e cidades vizinhas.<\/p>\n<div id=\"gallery-1\" class=\"gallery galleryid-595224 gallery-columns-3 gallery-size-full\">\n<figure class=\"gallery-item\">\n<div class=\"gallery-icon landscape\"><a href=\"https:\/\/infonewss.com\/padre-marcos-ganha-estadio-com-grama-sintetica-e-carro-0-km-no-aniversario-de-61-anos\/padre-marcos-ganha-estadio-com-grama-sintetica-e-carro-0-km-no-aniversario-de-61-anos-1-padre-marcos-ganha-estadio-com-grama-sintetica-e-carro-0-km-no-aniversario-de-61-anos\/\"><img fetchpriority=\"high\" decoding=\"async\" class=\"attachment-full size-full\" src=\"https:\/\/infonewss-bucket.s3.amazonaws.com\/2025\/01\/Padre-Marcos-ganha-estadio-com-grama-sintetica-e-carro-0-km-no-aniversario-de-61-anos-1-Padre-Marcos-ganha-estadio-com-grama-sintetica-e-carro-0-km-no-aniversario-de-61-anos.jpg\" sizes=\"(max-width: 900px) 100vw, 900px\" srcset=\"https:\/\/infonewss-bucket.s3.amazonaws.com\/2025\/01\/Padre-Marcos-ganha-estadio-com-grama-sintetica-e-carro-0-km-no-aniversario-de-61-anos-1-Padre-Marcos-ganha-estadio-com-grama-sintetica-e-carro-0-km-no-aniversario-de-61-anos-300x169.jpg 300w, https:\/\/infonewss-bucket.s3.amazonaws.com\/2025\/01\/Padre-Marcos-ganha-estadio-com-grama-sintetica-e-carro-0-km-no-aniversario-de-61-anos-1-Padre-Marcos-ganha-estadio-com-grama-sintetica-e-carro-0-km-no-aniversario-de-61-anos-768x432.jpg 768w, https:\/\/infonewss-bucket.s3.amazonaws.com\/2025\/01\/Padre-Marcos-ganha-estadio-com-grama-sintetica-e-carro-0-km-no-aniversario-de-61-anos-1-Padre-Marcos-ganha-estadio-com-grama-sintetica-e-carro-0-km-no-aniversario-de-61-anos.jpg 900w\" alt=\"\" width=\"900\" height=\"506\" \/><\/a><\/div>\n<\/figure>\n<figure class=\"gallery-item\">\n<div class=\"gallery-icon landscape\"><a href=\"https:\/\/infonewss.com\/padre-marcos-ganha-estadio-com-grama-sintetica-e-carro-0-km-no-aniversario-de-61-anos\/padre-marcos-ganha-estadio-com-grama-sintetica-e-carro-0-km-no-aniversario-de-61-anos-2-padre-marcos-ganha-estadio-com-grama-sintetica-e-carro-0-km-no-aniversario-de-61-anos\/\"><img decoding=\"async\" class=\"attachment-full size-full\" src=\"https:\/\/infonewss-bucket.s3.amazonaws.com\/2025\/01\/Padre-Marcos-ganha-estadio-com-grama-sintetica-e-carro-0-km-no-aniversario-de-61-anos-2-Padre-Marcos-ganha-estadio-com-grama-sintetica-e-carro-0-km-no-aniversario-de-61-anos.jpg\" sizes=\"(max-width: 900px) 100vw, 900px\" srcset=\"https:\/\/infonewss-bucket.s3.amazonaws.com\/2025\/01\/Padre-Marcos-ganha-estadio-com-grama-sintetica-e-carro-0-km-no-aniversario-de-61-anos-2-Padre-Marcos-ganha-estadio-com-grama-sintetica-e-carro-0-km-no-aniversario-de-61-anos-300x169.jpg 300w, https:\/\/infonewss-bucket.s3.amazonaws.com\/2025\/01\/Padre-Marcos-ganha-estadio-com-grama-sintetica-e-carro-0-km-no-aniversario-de-61-anos-2-Padre-Marcos-ganha-estadio-com-grama-sintetica-e-carro-0-km-no-aniversario-de-61-anos-768x432.jpg 768w, https:\/\/infonewss-bucket.s3.amazonaws.com\/2025\/01\/Padre-Marcos-ganha-estadio-com-grama-sintetica-e-carro-0-km-no-aniversario-de-61-anos-2-Padre-Marcos-ganha-estadio-com-grama-sintetica-e-carro-0-km-no-aniversario-de-61-anos.jpg 900w\" alt=\"\" width=\"900\" height=\"506\" \/><\/a><\/div>\n<\/figure>\n<figure class=\"gallery-item\">\n<div class=\"gallery-icon landscape\"><a href=\"https:\/\/infonewss.com\/padre-marcos-ganha-estadio-com-grama-sintetica-e-carro-0-km-no-aniversario-de-61-anos\/padre-marcos-ganha-estadio-com-grama-sintetica-e-carro-0-km-no-aniversario-de-61-anos-3-padre-marcos-ganha-estadio-com-grama-sintetica-e-carro-0-km-no-aniversario-de-61-anos\/\"><img decoding=\"async\" class=\"attachment-full size-full\" src=\"https:\/\/infonewss-bucket.s3.amazonaws.com\/2025\/01\/Padre-Marcos-ganha-estadio-com-grama-sintetica-e-carro-0-km-no-aniversario-de-61-anos-3-Padre-Marcos-ganha-estadio-com-grama-sintetica-e-carro-0-km-no-aniversario-de-61-anos.jpg\" sizes=\"(max-width: 900px) 100vw, 900px\" srcset=\"https:\/\/infonewss-bucket.s3.amazonaws.com\/2025\/01\/Padre-Marcos-ganha-estadio-com-grama-sintetica-e-carro-0-km-no-aniversario-de-61-anos-3-Padre-Marcos-ganha-estadio-com-grama-sintetica-e-carro-0-km-no-aniversario-de-61-anos-300x169.jpg 300w, https:\/\/infonewss-bucket.s3.amazonaws.com\/2025\/01\/Padre-Marcos-ganha-estadio-com-grama-sintetica-e-carro-0-km-no-aniversario-de-61-anos-3-Padre-Marcos-ganha-estadio-com-grama-sintetica-e-carro-0-km-no-aniversario-de-61-anos-768x432.jpg 768w, https:\/\/infonewss-bucket.s3.amazonaws.com\/2025\/01\/Padre-Marcos-ganha-estadio-com-grama-sintetica-e-carro-0-km-no-aniversario-de-61-anos-3-Padre-Marcos-ganha-estadio-com-grama-sintetica-e-carro-0-km-no-aniversario-de-61-anos.jpg 900w\" alt=\"\" width=\"900\" height=\"506\" \/><\/a><\/div>\n<\/figure>\n<\/div>\n<div class=\"group\/conversation-turn relative flex w-full min-w-0 flex-col agent-turn\">\n<div class=\"flex-col gap-1 md:gap-3\">\n<div class=\"flex max-w-full flex-col flex-grow\">\n<div class=\"min-h-8 text-message flex w-full flex-col items-end gap-2 whitespace-normal break-words text-start [.text-message+&amp;]:mt-5\" dir=\"auto\" data-message-author-role=\"assistant\" data-message-id=\"9a36c0c6-ffeb-4685-8f32-35a0851f639e\" data-message-model-slug=\"gpt-4o-mini\">\n<div class=\"flex w-full flex-col gap-1 empty:hidden first:pt-[3px]\">\n<div class=\"markdown prose w-full break-words dark:prose-invert dark\">\n<p>O sonho antigo da popula\u00e7\u00e3o, principalmente dos esportistas e desportistas do futebol amador, hoje \u00e9 realidade. A reforma transformou o espa\u00e7o em um centro esportivo de alto padr\u00e3o, oferecendo mais conforto e qualidade para atletas e torcedores.<\/p>\n<p>Com novas instala\u00e7\u00f5es, o local agora proporciona uma experi\u00eancia melhor para os treinos e competi\u00e7\u00f5es, al\u00e9m de incentivar a pr\u00e1tica esportiva.<\/p>\n<p><img decoding=\"async\" class=\"\" src=\"https:\/\/infonewss-bucket.s3.amazonaws.com\/2025\/01\/IMG_5818-Padre-Marcos-ganha-estadio-com-grama-sintetica-e-carro-0-km-no-aniversario-de-61-anos.jpg\" \/><\/p>\n<\/div>\n<\/div>\n<\/div>\n<\/div>\n<\/div>\n<\/div>\n<p data-pm-slice=\"1 1 []\">Entre as melhorias est\u00e1 a instala\u00e7\u00e3o de grama sint\u00e9tica de \u00faltima gera\u00e7\u00e3o, a constru\u00e7\u00e3o de arquibancadas cobertas, camarotes, cabine de transmiss\u00e3o para r\u00e1dio e TV, amplia\u00e7\u00e3o dos vesti\u00e1rios, novos alambrados e um moderno sistema de ilumina\u00e7\u00e3o em LED.<\/p>\n<p data-pm-slice=\"1 1 []\">O investimento total ultrapassa R$ 1 milh\u00e3o, com recursos provenientes de emendas parlamentares viabilizadas pelo deputado estadual Georgiano Neto, em conv\u00eanio com a Funda\u00e7\u00e3o de Esportes do Piau\u00ed (Fundespi).<\/p>\n<div class=\"group\/conversation-turn relative flex w-full min-w-0 flex-col agent-turn\">\n<div class=\"flex-col gap-1 md:gap-3\">\n<div class=\"flex max-w-full flex-col flex-grow\">\n<div class=\"min-h-8 text-message flex w-full flex-col items-end gap-2 whitespace-normal break-words text-start [.text-message+&amp;]:mt-5\" dir=\"auto\" data-message-author-role=\"assistant\" data-message-id=\"a16e0ff5-f0a8-4238-8cf1-e3ed72af7ff2\" data-message-model-slug=\"gpt-4o\">\n<div class=\"flex w-full flex-col gap-1 empty:hidden first:pt-[3px]\">\n<div class=\"markdown prose w-full break-words dark:prose-invert dark\">\n<p>A solenidade de inaugura\u00e7\u00e3o incluiu descerramento da placa inaugural, partidas comemorativas, a entrega de um ve\u00edculo e premia\u00e7\u00f5es esportivas.<\/p>\n<p><img decoding=\"async\" class=\"\" src=\"https:\/\/infonewss-bucket.s3.amazonaws.com\/2025\/01\/IMG_6217-Padre-Marcos-ganha-estadio-com-grama-sintetica-e-carro-0-km-no-aniversario-de-61-anos.jpg\" \/><\/p>\n<p>O primeiro jogo, entre as sele\u00e7\u00f5es A e B de Padre Marcos, terminou com a vit\u00f3ria da sele\u00e7\u00e3o A por 1 a 0. O gol foi marcado por Marquinhos, sendo o primeiro oficial do novo est\u00e1dio.<\/p>\n<div id=\"gallery-2\" class=\"gallery galleryid-595224 gallery-columns-2 gallery-size-full\">\n<figure class=\"gallery-item\">\n<div class=\"gallery-icon landscape\"><a href=\"https:\/\/infonewss.com\/padre-marcos-ganha-estadio-com-grama-sintetica-e-carro-0-km-no-aniversario-de-61-anos\/img_5886-padre-marcos-ganha-estadio-com-grama-sintetica-e-carro-0-km-no-aniversario-de-61-anos\/\"><img loading=\"lazy\" decoding=\"async\" class=\"attachment-full size-full\" src=\"https:\/\/infonewss-bucket.s3.amazonaws.com\/2025\/01\/IMG_5886-Padre-Marcos-ganha-estadio-com-grama-sintetica-e-carro-0-km-no-aniversario-de-61-anos.jpg\" sizes=\"(max-width: 900px) 100vw, 900px\" srcset=\"https:\/\/infonewss-bucket.s3.amazonaws.com\/2025\/01\/IMG_5886-Padre-Marcos-ganha-estadio-com-grama-sintetica-e-carro-0-km-no-aniversario-de-61-anos-300x200.jpg 300w, https:\/\/infonewss-bucket.s3.amazonaws.com\/2025\/01\/IMG_5886-Padre-Marcos-ganha-estadio-com-grama-sintetica-e-carro-0-km-no-aniversario-de-61-anos-768x512.jpg 768w, https:\/\/infonewss-bucket.s3.amazonaws.com\/2025\/01\/IMG_5886-Padre-Marcos-ganha-estadio-com-grama-sintetica-e-carro-0-km-no-aniversario-de-61-anos.jpg 900w\" alt=\"\" width=\"900\" height=\"600\" \/><\/a><\/div>\n<\/figure>\n<figure class=\"gallery-item\">\n<div class=\"gallery-icon landscape\"><a href=\"https:\/\/infonewss.com\/padre-marcos-ganha-estadio-com-grama-sintetica-e-carro-0-km-no-aniversario-de-61-anos\/img_5887-padre-marcos-ganha-estadio-com-grama-sintetica-e-carro-0-km-no-aniversario-de-61-anos\/\"><img loading=\"lazy\" decoding=\"async\" class=\"attachment-full size-full\" src=\"https:\/\/infonewss-bucket.s3.amazonaws.com\/2025\/01\/IMG_5887-Padre-Marcos-ganha-estadio-com-grama-sintetica-e-carro-0-km-no-aniversario-de-61-anos.jpg\" sizes=\"(max-width: 900px) 100vw, 900px\" srcset=\"https:\/\/infonewss-bucket.s3.amazonaws.com\/2025\/01\/IMG_5887-Padre-Marcos-ganha-estadio-com-grama-sintetica-e-carro-0-km-no-aniversario-de-61-anos-300x200.jpg 300w, https:\/\/infonewss-bucket.s3.amazonaws.com\/2025\/01\/IMG_5887-Padre-Marcos-ganha-estadio-com-grama-sintetica-e-carro-0-km-no-aniversario-de-61-anos-768x512.jpg 768w, https:\/\/infonewss-bucket.s3.amazonaws.com\/2025\/01\/IMG_5887-Padre-Marcos-ganha-estadio-com-grama-sintetica-e-carro-0-km-no-aniversario-de-61-anos.jpg 900w\" alt=\"\" width=\"900\" height=\"600\" \/><\/a><\/div>\n<\/figure>\n<\/div>\n<\/div>\n<\/div>\n<\/div>\n<\/div>\n<\/div>\n<\/div>\n<p data-pm-slice=\"1 1 []\">O \u00e1pice da tarde e o momento que marcou a entrega simb\u00f3lica do est\u00e1dio foi a realiza\u00e7\u00e3o do jogo festivo entre esquipes de veteranos, que contou com a participa\u00e7\u00e3o especial dos ex-jogadores profissionais Ronaldo Angelim, ex-Flamengo, e Marcelinho Para\u00edba, ex-S\u00e3o Paulo.<\/p>\n<p data-pm-slice=\"1 1 []\"><img decoding=\"async\" class=\"\" src=\"https:\/\/infonewss-bucket.s3.amazonaws.com\/2025\/01\/IMG_5879-Padre-Marcos-ganha-estadio-com-grama-sintetica-e-carro-0-km-no-aniversario-de-61-anos.jpg\" \/><\/p>\n<div class=\"group\/conversation-turn relative flex w-full min-w-0 flex-col agent-turn\">\n<div class=\"flex-col gap-1 md:gap-3\">\n<div class=\"flex max-w-full flex-col flex-grow\">\n<div class=\"min-h-8 text-message flex w-full flex-col items-end gap-2 whitespace-normal break-words text-start [.text-message+&amp;]:mt-5\" dir=\"auto\" data-message-author-role=\"assistant\" data-message-id=\"395fa2e2-9405-4eca-9be3-55aeed15d3c7\" data-message-model-slug=\"gpt-4o\">\n<div class=\"flex w-full flex-col gap-1 empty:hidden first:pt-[3px]\">\n<div class=\"markdown prose w-full break-words dark:prose-invert dark\">\n<p>A partida entre as equipes veteranas do munic\u00edpio, amigos de Ronaldo Angelim e amigos de Marcelinho Para\u00edba, terminou com vit\u00f3ria dos amigos de Marcelinho por 3 a 1,\u00a0em um duelo marcado por lances de habilidade e homenagens ao futebol.<\/p>\n<\/div>\n<\/div>\n<\/div>\n<\/div>\n<\/div>\n<\/div>\n<p data-pm-slice=\"1 1 []\">Outro momento importante da programa\u00e7\u00e3o foi a entrega de um ve\u00edculo Fiat Mobi 0 km para refor\u00e7ar a frota da Prefeitura. O novo carro ser\u00e1 destinado \u00e0 Secretaria de Sa\u00fade e visa ampliar a capacidade de atendimento \u00e0 popula\u00e7\u00e3o.<\/p>\n<p data-pm-slice=\"1 1 []\"><img decoding=\"async\" class=\"\" src=\"https:\/\/infonewss-bucket.s3.amazonaws.com\/2025\/01\/IMG_6237-Padre-Marcos-ganha-estadio-com-grama-sintetica-e-carro-0-km-no-aniversario-de-61-anos.jpg\" \/><\/p>\n<p>A chave foi entregue pela prefeita municipal e pelo deputado estadual Georgiano Neto \u00e0 secret\u00e1ria de Sa\u00fade, Maria L\u00facia, e a profissionais da \u00e1rea.<\/p>\n<p>Ao discursar sobre a inaugura\u00e7\u00e3o do est\u00e1dio, a prefeita Wiliane Kelly destacou a confian\u00e7a da popula\u00e7\u00e3o em sua gest\u00e3o e reafirmou o compromisso de trabalhar por melhorias no munic\u00edpio.<\/p>\n<p><em>\u201cA popula\u00e7\u00e3o confiou em mim para administrar o munic\u00edpio, e minha miss\u00e3o \u00e9 oferecer melhores condi\u00e7\u00f5es de vida para todos. Seguiremos empenhados em realizar obras e a\u00e7\u00f5es que beneficiem a popula\u00e7\u00e3o\u00a0<\/em>padremarcoense\u201d,<em>\u00a0disse a gestora.<\/em><\/p>\n<p><img decoding=\"async\" class=\"\" src=\"https:\/\/infonewss-bucket.s3.amazonaws.com\/2025\/01\/IMG_6295-Padre-Marcos-ganha-estadio-com-grama-sintetica-e-carro-0-km-no-aniversario-de-61-anos.jpg\" \/><\/p>\n<p>Wiliane Kelly tamb\u00e9m ressaltou que a reforma do Est\u00e1dio Maced\u00e3o foi iniciada na gest\u00e3o do ex-prefeito Valdinar Silva, que trabalhou para viabilizar a obra. Segundo a prefeita, a inaugura\u00e7\u00e3o representa um avan\u00e7o para o esporte local.<\/p>\n<p><em>\u201cA reforma do Est\u00e1dio Maced\u00e3o come\u00e7ou na gest\u00e3o do ex-prefeito Valdinar Silva, que lutou por essa melhoria ao longo de seus mandatos. Agora, entregue em nossa administra\u00e7\u00e3o, esse espa\u00e7o certamente proporcionar\u00e1 mais qualidade para a pr\u00e1tica esportiva no munic\u00edpio\u201d,\u00a0<\/em>concluiu Wiliane.<\/p>\n<p>Durante seu discurso, o deputado estadual Georgiano Neto ressaltou a import\u00e2ncia do anivers\u00e1rio de Padre Marcos e sua presen\u00e7a constante nas comemora\u00e7\u00f5es do munic\u00edpio e reafirmou o compromisso com o munic\u00edpio.<\/p>\n<p><em>\u201cO dia 17 de janeiro est\u00e1 reservado no meu calend\u00e1rio h\u00e1 muito tempo para participar das festividades de Padre Marcos. \u00c9 uma alegria estar presente mais uma vez e celebrar junto com a popula\u00e7\u00e3o esse momento especial. Reafirmo aqui meu compromisso de continuar trabalhando pelo desenvolvimento do munic\u00edpio\u201d, disse o parlamentar.<\/em><\/p>\n<p><img decoding=\"async\" class=\"\" src=\"https:\/\/infonewss-bucket.s3.amazonaws.com\/2025\/01\/IMG_6264-Padre-Marcos-ganha-estadio-com-grama-sintetica-e-carro-0-km-no-aniversario-de-61-anos.jpg\" \/><\/p>\n<p>O deputado tamb\u00e9m destacou a entrega do ve\u00edculo para a Secretaria de Sa\u00fade, enfatizando a import\u00e2ncia do refor\u00e7o na frota municipal para atender melhor a popula\u00e7\u00e3o e sobre a inaugura\u00e7\u00e3o do novo est\u00e1dio, classificando-o como um dos mais bonitos do Piau\u00ed e um marco para o esporte local.<\/p>\n<p><em>\u201cA entrega desse ve\u00edculo vai fortalecer a estrutura da sa\u00fade no munic\u00edpio, garantindo mais suporte para quem precisa. Esse \u00e9 um investimento que trar\u00e1 benef\u00edcios diretos \u00e0 popula\u00e7\u00e3o.\u00a0<\/em><em>O t\u00e3o sonhado est\u00e1dio de futebol agora \u00e9 uma realidade. Sem d\u00favida, \u00e9 um dos mais bonitos do Piau\u00ed e ser\u00e1 um espa\u00e7o fundamental para incentivar o esporte e revelar novos talentos no munic\u00edpio.\u201d<\/em>, finalizou Georgiano.<\/p>\n<div class=\"group\/conversation-turn relative flex w-full min-w-0 flex-col agent-turn\">\n<div class=\"flex-col gap-1 md:gap-3\">\n<div class=\"flex max-w-full flex-col flex-grow\">\n<div class=\"min-h-8 text-message flex w-full flex-col items-end gap-2 whitespace-normal break-words text-start [.text-message+&amp;]:mt-5\" dir=\"auto\" data-message-author-role=\"assistant\" data-message-id=\"8ca8dcb0-7fb8-4043-841b-28d0aad2aec9\" data-message-model-slug=\"gpt-4o-mini\">\n<div class=\"flex w-full flex-col gap-1 empty:hidden first:pt-[3px]\">\n<div class=\"markdown prose w-full break-words dark:prose-invert dark\">\n<p>Na oportunidade, tamb\u00e9m foram entregues as premia\u00e7\u00f5es dos\u00a0<strong><a href=\"http:\/\/xn--competies%20esportivas%20marcam%20segundo%20dia%20da%20programao%20do%20aniversrio%20de%2061%20anos%20de%20padre%20marcos-nzj5s8p0b16i\/\">torneios de sinuca, baladeira e futsal masculino e feminino<\/a><\/strong>, realizados durante a programa\u00e7\u00e3o do anivers\u00e1rio da cidade.<\/p>\n<\/div>\n<\/div>\n<\/div>\n<\/div>\n<\/div>\n<\/div>\n<div class=\"group\/conversation-turn relative flex w-full min-w-0 flex-col agent-turn\">\n<div class=\"flex-col gap-1 md:gap-3\">\n<div class=\"flex max-w-full flex-col flex-grow\">\n<div class=\"min-h-8 text-message flex w-full flex-col items-end gap-2 whitespace-normal break-words text-start [.text-message+&amp;]:mt-5\" dir=\"auto\" data-message-author-role=\"assistant\" data-message-id=\"01e508f5-e87b-4a2d-9948-3ab269003663\" data-message-model-slug=\"gpt-4o\">\n<div class=\"flex w-full flex-col gap-1 empty:hidden first:pt-[3px]\">\n<div class=\"markdown prose w-full break-words dark:prose-invert dark\">\n<p>A programa\u00e7\u00e3o seguiu durante a noite e se estendeu at\u00e9 a madrugada de s\u00e1bado (18) com\u00a0<strong><a href=\"http:\/\/xn--confira%20fotos%20dos%20shows%20com%20lamarck%20macedo,%20lo%20magalhes%20e%20gatinha%20manhosa%20no%20aniversrio%20dos%2061%20anos%20de%20padre%20marcos-7jm2u36a\/\">shows em pra\u00e7a p\u00fablica, com apresenta\u00e7\u00f5es de Larmack Macedo, L\u00e9o Magalh\u00e3es e Gatinha Manhosa<\/a><\/strong>. O evento marcou o encerramento das comemora\u00e7\u00f5es de tr\u00eas dias pelo 61\u00ba anivers\u00e1rio do munic\u00edpio, iniciadas na quarta-feira (15).<\/p>\n<\/div>\n<\/div>\n<\/div>\n<\/div>\n<\/div>\n<\/div>\n<p data-pm-slice=\"1 1 []\"><strong>Mais fotos<\/strong><\/p>\n<p data-pm-slice=\"1 1 []\"><a href=\"https:\/\/infonewss.com\/padre-marcos-ganha-estadio-com-grama-sintetica-e-carro-0-km-no-aniversario-de-61-anos\/padre-marcos-ganha-estadio-com-grama-sintetica-e-carro-0-km-no-aniversario-de-61-anos-1-padre-marcos-ganha-estadio-com-grama-sintetica-e-carro-0-km-no-aniversario-de-61-anos\/\" rel=\"attachment wp-att-595844\"><img loading=\"lazy\" decoding=\"async\" class=\"alignnone size-full wp-image-595844\" src=\"https:\/\/infonewss-bucket.s3.amazonaws.com\/2025\/01\/Padre-Marcos-ganha-estadio-com-grama-sintetica-e-carro-0-km-no-aniversario-de-61-anos-1-Padre-Marcos-ganha-estadio-com-grama-sintetica-e-carro-0-km-no-aniversario-de-61-anos.jpg\" sizes=\"(max-width: 900px) 100vw, 900px\" srcset=\"https:\/\/infonewss-bucket.s3.amazonaws.com\/2025\/01\/Padre-Marcos-ganha-estadio-com-grama-sintetica-e-carro-0-km-no-aniversario-de-61-anos-1-Padre-Marcos-ganha-estadio-com-grama-sintetica-e-carro-0-km-no-aniversario-de-61-anos-300x169.jpg 300w, https:\/\/infonewss-bucket.s3.amazonaws.com\/2025\/01\/Padre-Marcos-ganha-estadio-com-grama-sintetica-e-carro-0-km-no-aniversario-de-61-anos-1-Padre-Marcos-ganha-estadio-com-grama-sintetica-e-carro-0-km-no-aniversario-de-61-anos-768x432.jpg 768w, https:\/\/infonewss-bucket.s3.amazonaws.com\/2025\/01\/Padre-Marcos-ganha-estadio-com-grama-sintetica-e-carro-0-km-no-aniversario-de-61-anos-1-Padre-Marcos-ganha-estadio-com-grama-sintetica-e-carro-0-km-no-aniversario-de-61-anos.jpg 900w\" alt=\"\" width=\"900\" height=\"506\" \/><\/a>\u00a0<a href=\"https:\/\/infonewss.com\/padre-marcos-ganha-estadio-com-grama-sintetica-e-carro-0-km-no-aniversario-de-61-anos\/padre-marcos-ganha-estadio-com-grama-sintetica-e-carro-0-km-no-aniversario-de-61-anos-2-padre-marcos-ganha-estadio-com-grama-sintetica-e-carro-0-km-no-aniversario-de-61-anos\/\" rel=\"attachment wp-att-595845\"><img loading=\"lazy\" decoding=\"async\" class=\"alignnone size-full wp-image-595845\" src=\"https:\/\/infonewss-bucket.s3.amazonaws.com\/2025\/01\/Padre-Marcos-ganha-estadio-com-grama-sintetica-e-carro-0-km-no-aniversario-de-61-anos-2-Padre-Marcos-ganha-estadio-com-grama-sintetica-e-carro-0-km-no-aniversario-de-61-anos.jpg\" sizes=\"(max-width: 900px) 100vw, 900px\" srcset=\"https:\/\/infonewss-bucket.s3.amazonaws.com\/2025\/01\/Padre-Marcos-ganha-estadio-com-grama-sintetica-e-carro-0-km-no-aniversario-de-61-anos-2-Padre-Marcos-ganha-estadio-com-grama-sintetica-e-carro-0-km-no-aniversario-de-61-anos-300x169.jpg 300w, https:\/\/infonewss-bucket.s3.amazonaws.com\/2025\/01\/Padre-Marcos-ganha-estadio-com-grama-sintetica-e-carro-0-km-no-aniversario-de-61-anos-2-Padre-Marcos-ganha-estadio-com-grama-sintetica-e-carro-0-km-no-aniversario-de-61-anos-768x432.jpg 768w, https:\/\/infonewss-bucket.s3.amazonaws.com\/2025\/01\/Padre-Marcos-ganha-estadio-com-grama-sintetica-e-carro-0-km-no-aniversario-de-61-anos-2-Padre-Marcos-ganha-estadio-com-grama-sintetica-e-carro-0-km-no-aniversario-de-61-anos.jpg 900w\" alt=\"\" width=\"900\" height=\"506\" \/><\/a>\u00a0<a href=\"https:\/\/infonewss.com\/padre-marcos-ganha-estadio-com-grama-sintetica-e-carro-0-km-no-aniversario-de-61-anos\/padre-marcos-ganha-estadio-com-grama-sintetica-e-carro-0-km-no-aniversario-de-61-anos-3-padre-marcos-ganha-estadio-com-grama-sintetica-e-carro-0-km-no-aniversario-de-61-anos\/\" rel=\"attachment wp-att-595846\"><img loading=\"lazy\" decoding=\"async\" class=\"alignnone size-full wp-image-595846\" src=\"https:\/\/infonewss-bucket.s3.amazonaws.com\/2025\/01\/Padre-Marcos-ganha-estadio-com-grama-sintetica-e-carro-0-km-no-aniversario-de-61-anos-3-Padre-Marcos-ganha-estadio-com-grama-sintetica-e-carro-0-km-no-aniversario-de-61-anos.jpg\" sizes=\"(max-width: 900px) 100vw, 900px\" srcset=\"https:\/\/infonewss-bucket.s3.amazonaws.com\/2025\/01\/Padre-Marcos-ganha-estadio-com-grama-sintetica-e-carro-0-km-no-aniversario-de-61-anos-3-Padre-Marcos-ganha-estadio-com-grama-sintetica-e-carro-0-km-no-aniversario-de-61-anos-300x169.jpg 300w, https:\/\/infonewss-bucket.s3.amazonaws.com\/2025\/01\/Padre-Marcos-ganha-estadio-com-grama-sintetica-e-carro-0-km-no-aniversario-de-61-anos-3-Padre-Marcos-ganha-estadio-com-grama-sintetica-e-carro-0-km-no-aniversario-de-61-anos-768x432.jpg 768w, https:\/\/infonewss-bucket.s3.amazonaws.com\/2025\/01\/Padre-Marcos-ganha-estadio-com-grama-sintetica-e-carro-0-km-no-aniversario-de-61-anos-3-Padre-Marcos-ganha-estadio-com-grama-sintetica-e-carro-0-km-no-aniversario-de-61-anos.jpg 900w\" alt=\"\" width=\"900\" height=\"506\" \/><\/a><\/p>\n<p data-pm-slice=\"1 1 []\"><a href=\"https:\/\/infonewss.com\/padre-marcos-ganha-estadio-com-grama-sintetica-e-carro-0-km-no-aniversario-de-61-anos\/img_9836-padre-marcos-ganha-estadio-com-grama-sintetica-e-carro-0-km-no-aniversario-de-61-anos\/\" rel=\"attachment wp-att-595633\"><img loading=\"lazy\" decoding=\"async\" class=\"alignnone size-full wp-image-595633\" src=\"https:\/\/infonewss-bucket.s3.amazonaws.com\/2025\/01\/IMG_9836-Padre-Marcos-ganha-estadio-com-grama-sintetica-e-carro-0-km-no-aniversario-de-61-anos.jpg\" sizes=\"(max-width: 900px) 100vw, 900px\" srcset=\"https:\/\/infonewss-bucket.s3.amazonaws.com\/2025\/01\/IMG_9836-Padre-Marcos-ganha-estadio-com-grama-sintetica-e-carro-0-km-no-aniversario-de-61-anos-300x200.jpg 300w, https:\/\/infonewss-bucket.s3.amazonaws.com\/2025\/01\/IMG_9836-Padre-Marcos-ganha-estadio-com-grama-sintetica-e-carro-0-km-no-aniversario-de-61-anos-768x512.jpg 768w, https:\/\/infonewss-bucket.s3.amazonaws.com\/2025\/01\/IMG_9836-Padre-Marcos-ganha-estadio-com-grama-sintetica-e-carro-0-km-no-aniversario-de-61-anos.jpg 900w\" alt=\"\" width=\"900\" height=\"600\" \/><\/a>\u00a0<a href=\"https:\/\/infonewss.com\/padre-marcos-ganha-estadio-com-grama-sintetica-e-carro-0-km-no-aniversario-de-61-anos\/img_9838-padre-marcos-ganha-estadio-com-grama-sintetica-e-carro-0-km-no-aniversario-de-61-anos\/\" rel=\"attachment wp-att-595634\"><img loading=\"lazy\" decoding=\"async\" class=\"alignnone size-full wp-image-595634\" src=\"https:\/\/infonewss-bucket.s3.amazonaws.com\/2025\/01\/IMG_9838-Padre-Marcos-ganha-estadio-com-grama-sintetica-e-carro-0-km-no-aniversario-de-61-anos.jpg\" sizes=\"(max-width: 900px) 100vw, 900px\" srcset=\"https:\/\/infonewss-bucket.s3.amazonaws.com\/2025\/01\/IMG_9838-Padre-Marcos-ganha-estadio-com-grama-sintetica-e-carro-0-km-no-aniversario-de-61-anos-300x200.jpg 300w, https:\/\/infonewss-bucket.s3.amazonaws.com\/2025\/01\/IMG_9838-Padre-Marcos-ganha-estadio-com-grama-sintetica-e-carro-0-km-no-aniversario-de-61-anos-768x512.jpg 768w, https:\/\/infonewss-bucket.s3.amazonaws.com\/2025\/01\/IMG_9838-Padre-Marcos-ganha-estadio-com-grama-sintetica-e-carro-0-km-no-aniversario-de-61-anos.jpg 900w\" alt=\"\" width=\"900\" height=\"600\" \/><\/a>\u00a0<a href=\"https:\/\/infonewss.com\/padre-marcos-ganha-estadio-com-grama-sintetica-e-carro-0-km-no-aniversario-de-61-anos\/img_9840-padre-marcos-ganha-estadio-com-grama-sintetica-e-carro-0-km-no-aniversario-de-61-anos\/\" rel=\"attachment wp-att-595635\"><img loading=\"lazy\" decoding=\"async\" class=\"alignnone size-full wp-image-595635\" src=\"https:\/\/infonewss-bucket.s3.amazonaws.com\/2025\/01\/IMG_9840-Padre-Marcos-ganha-estadio-com-grama-sintetica-e-carro-0-km-no-aniversario-de-61-anos.jpg\" sizes=\"(max-width: 900px) 100vw, 900px\" srcset=\"https:\/\/infonewss-bucket.s3.amazonaws.com\/2025\/01\/IMG_9840-Padre-Marcos-ganha-estadio-com-grama-sintetica-e-carro-0-km-no-aniversario-de-61-anos-300x200.jpg 300w, https:\/\/infonewss-bucket.s3.amazonaws.com\/2025\/01\/IMG_9840-Padre-Marcos-ganha-estadio-com-grama-sintetica-e-carro-0-km-no-aniversario-de-61-anos-768x512.jpg 768w, https:\/\/infonewss-bucket.s3.amazonaws.com\/2025\/01\/IMG_9840-Padre-Marcos-ganha-estadio-com-grama-sintetica-e-carro-0-km-no-aniversario-de-61-anos.jpg 900w\" alt=\"\" width=\"900\" height=\"600\" \/><\/a>\u00a0<a href=\"https:\/\/infonewss.com\/padre-marcos-ganha-estadio-com-grama-sintetica-e-carro-0-km-no-aniversario-de-61-anos\/img_9843-padre-marcos-ganha-estadio-com-grama-sintetica-e-carro-0-km-no-aniversario-de-61-anos\/\" rel=\"attachment wp-att-595636\"><img loading=\"lazy\" decoding=\"async\" class=\"alignnone size-full wp-image-595636\" src=\"https:\/\/infonewss-bucket.s3.amazonaws.com\/2025\/01\/IMG_9843-Padre-Marcos-ganha-estadio-com-grama-sintetica-e-carro-0-km-no-aniversario-de-61-anos.jpg\" sizes=\"(max-width: 900px) 100vw, 900px\" srcset=\"https:\/\/infonewss-bucket.s3.amazonaws.com\/2025\/01\/IMG_9843-Padre-Marcos-ganha-estadio-com-grama-sintetica-e-carro-0-km-no-aniversario-de-61-anos-300x200.jpg 300w, https:\/\/infonewss-bucket.s3.amazonaws.com\/2025\/01\/IMG_9843-Padre-Marcos-ganha-estadio-com-grama-sintetica-e-carro-0-km-no-aniversario-de-61-anos-768x512.jpg 768w, https:\/\/infonewss-bucket.s3.amazonaws.com\/2025\/01\/IMG_9843-Padre-Marcos-ganha-estadio-com-grama-sintetica-e-carro-0-km-no-aniversario-de-61-anos.jpg 900w\" alt=\"\" width=\"900\" height=\"600\" \/><\/a>\u00a0<a href=\"https:\/\/infonewss.com\/padre-marcos-ganha-estadio-com-grama-sintetica-e-carro-0-km-no-aniversario-de-61-anos\/img_9844-padre-marcos-ganha-estadio-com-grama-sintetica-e-carro-0-km-no-aniversario-de-61-anos\/\" rel=\"attachment wp-att-595637\"><img loading=\"lazy\" decoding=\"async\" class=\"alignnone size-full wp-image-595637\" src=\"https:\/\/infonewss-bucket.s3.amazonaws.com\/2025\/01\/IMG_9844-Padre-Marcos-ganha-estadio-com-grama-sintetica-e-carro-0-km-no-aniversario-de-61-anos.jpg\" sizes=\"(max-width: 900px) 100vw, 900px\" srcset=\"https:\/\/infonewss-bucket.s3.amazonaws.com\/2025\/01\/IMG_9844-Padre-Marcos-ganha-estadio-com-grama-sintetica-e-carro-0-km-no-aniversario-de-61-anos-200x300.jpg 200w, https:\/\/infonewss-bucket.s3.amazonaws.com\/2025\/01\/IMG_9844-Padre-Marcos-ganha-estadio-com-grama-sintetica-e-carro-0-km-no-aniversario-de-61-anos-683x1024.jpg 683w, https:\/\/infonewss-bucket.s3.amazonaws.com\/2025\/01\/IMG_9844-Padre-Marcos-ganha-estadio-com-grama-sintetica-e-carro-0-km-no-aniversario-de-61-anos-768x1152.jpg 768w, https:\/\/infonewss-bucket.s3.amazonaws.com\/2025\/01\/IMG_9844-Padre-Marcos-ganha-estadio-com-grama-sintetica-e-carro-0-km-no-aniversario-de-61-anos-150x225.jpg 150w, https:\/\/infonewss-bucket.s3.amazonaws.com\/2025\/01\/IMG_9844-Padre-Marcos-ganha-estadio-com-grama-sintetica-e-carro-0-km-no-aniversario-de-61-anos-300x450.jpg 300w, https:\/\/infonewss-bucket.s3.amazonaws.com\/2025\/01\/IMG_9844-Padre-Marcos-ganha-estadio-com-grama-sintetica-e-carro-0-km-no-aniversario-de-61-anos-696x1044.jpg 696w, https:\/\/infonewss-bucket.s3.amazonaws.com\/2025\/01\/IMG_9844-Padre-Marcos-ganha-estadio-com-grama-sintetica-e-carro-0-km-no-aniversario-de-61-anos.jpg 900w\" alt=\"\" width=\"900\" height=\"1350\" \/><\/a>\u00a0<a href=\"https:\/\/infonewss.com\/padre-marcos-ganha-estadio-com-grama-sintetica-e-carro-0-km-no-aniversario-de-61-anos\/img_9848-padre-marcos-ganha-estadio-com-grama-sintetica-e-carro-0-km-no-aniversario-de-61-anos\/\" rel=\"attachment wp-att-595638\"><img loading=\"lazy\" decoding=\"async\" class=\"alignnone size-full wp-image-595638\" src=\"https:\/\/infonewss-bucket.s3.amazonaws.com\/2025\/01\/IMG_9848-Padre-Marcos-ganha-estadio-com-grama-sintetica-e-carro-0-km-no-aniversario-de-61-anos.jpg\" sizes=\"(max-width: 900px) 100vw, 900px\" srcset=\"https:\/\/infonewss-bucket.s3.amazonaws.com\/2025\/01\/IMG_9848-Padre-Marcos-ganha-estadio-com-grama-sintetica-e-carro-0-km-no-aniversario-de-61-anos-200x300.jpg 200w, https:\/\/infonewss-bucket.s3.amazonaws.com\/2025\/01\/IMG_9848-Padre-Marcos-ganha-estadio-com-grama-sintetica-e-carro-0-km-no-aniversario-de-61-anos-683x1024.jpg 683w, https:\/\/infonewss-bucket.s3.amazonaws.com\/2025\/01\/IMG_9848-Padre-Marcos-ganha-estadio-com-grama-sintetica-e-carro-0-km-no-aniversario-de-61-anos-768x1152.jpg 768w, https:\/\/infonewss-bucket.s3.amazonaws.com\/2025\/01\/IMG_9848-Padre-Marcos-ganha-estadio-com-grama-sintetica-e-carro-0-km-no-aniversario-de-61-anos-150x225.jpg 150w, https:\/\/infonewss-bucket.s3.amazonaws.com\/2025\/01\/IMG_9848-Padre-Marcos-ganha-estadio-com-grama-sintetica-e-carro-0-km-no-aniversario-de-61-anos-300x450.jpg 300w, https:\/\/infonewss-bucket.s3.amazonaws.com\/2025\/01\/IMG_9848-Padre-Marcos-ganha-estadio-com-grama-sintetica-e-carro-0-km-no-aniversario-de-61-anos-696x1044.jpg 696w, https:\/\/infonewss-bucket.s3.amazonaws.com\/2025\/01\/IMG_9848-Padre-Marcos-ganha-estadio-com-grama-sintetica-e-carro-0-km-no-aniversario-de-61-anos.jpg 900w\" alt=\"\" width=\"900\" height=\"1350\" \/><\/a>\u00a0<a href=\"https:\/\/infonewss.com\/padre-marcos-ganha-estadio-com-grama-sintetica-e-carro-0-km-no-aniversario-de-61-anos\/img_9849-padre-marcos-ganha-estadio-com-grama-sintetica-e-carro-0-km-no-aniversario-de-61-anos\/\" rel=\"attachment wp-att-595639\"><img loading=\"lazy\" decoding=\"async\" class=\"alignnone size-full wp-image-595639\" src=\"https:\/\/infonewss-bucket.s3.amazonaws.com\/2025\/01\/IMG_9849-Padre-Marcos-ganha-estadio-com-grama-sintetica-e-carro-0-km-no-aniversario-de-61-anos.jpg\" sizes=\"(max-width: 900px) 100vw, 900px\" srcset=\"https:\/\/infonewss-bucket.s3.amazonaws.com\/2025\/01\/IMG_9849-Padre-Marcos-ganha-estadio-com-grama-sintetica-e-carro-0-km-no-aniversario-de-61-anos-200x300.jpg 200w, https:\/\/infonewss-bucket.s3.amazonaws.com\/2025\/01\/IMG_9849-Padre-Marcos-ganha-estadio-com-grama-sintetica-e-carro-0-km-no-aniversario-de-61-anos-683x1024.jpg 683w, https:\/\/infonewss-bucket.s3.amazonaws.com\/2025\/01\/IMG_9849-Padre-Marcos-ganha-estadio-com-grama-sintetica-e-carro-0-km-no-aniversario-de-61-anos-768x1152.jpg 768w, https:\/\/infonewss-bucket.s3.amazonaws.com\/2025\/01\/IMG_9849-Padre-Marcos-ganha-estadio-com-grama-sintetica-e-carro-0-km-no-aniversario-de-61-anos-150x225.jpg 150w, https:\/\/infonewss-bucket.s3.amazonaws.com\/2025\/01\/IMG_9849-Padre-Marcos-ganha-estadio-com-grama-sintetica-e-carro-0-km-no-aniversario-de-61-anos-300x450.jpg 300w, https:\/\/infonewss-bucket.s3.amazonaws.com\/2025\/01\/IMG_9849-Padre-Marcos-ganha-estadio-com-grama-sintetica-e-carro-0-km-no-aniversario-de-61-anos-696x1044.jpg 696w, https:\/\/infonewss-bucket.s3.amazonaws.com\/2025\/01\/IMG_9849-Padre-Marcos-ganha-estadio-com-grama-sintetica-e-carro-0-km-no-aniversario-de-61-anos.jpg 900w\" alt=\"\" width=\"900\" height=\"1350\" \/><\/a>\u00a0<a href=\"https:\/\/infonewss.com\/padre-marcos-ganha-estadio-com-grama-sintetica-e-carro-0-km-no-aniversario-de-61-anos\/img_9851-padre-marcos-ganha-estadio-com-grama-sintetica-e-carro-0-km-no-aniversario-de-61-anos\/\" rel=\"attachment wp-att-595640\"><img loading=\"lazy\" decoding=\"async\" class=\"alignnone size-full wp-image-595640\" src=\"https:\/\/infonewss-bucket.s3.amazonaws.com\/2025\/01\/IMG_9851-Padre-Marcos-ganha-estadio-com-grama-sintetica-e-carro-0-km-no-aniversario-de-61-anos.jpg\" sizes=\"(max-width: 900px) 100vw, 900px\" srcset=\"https:\/\/infonewss-bucket.s3.amazonaws.com\/2025\/01\/IMG_9851-Padre-Marcos-ganha-estadio-com-grama-sintetica-e-carro-0-km-no-aniversario-de-61-anos-200x300.jpg 200w, https:\/\/infonewss-bucket.s3.amazonaws.com\/2025\/01\/IMG_9851-Padre-Marcos-ganha-estadio-com-grama-sintetica-e-carro-0-km-no-aniversario-de-61-anos-683x1024.jpg 683w, https:\/\/infonewss-bucket.s3.amazonaws.com\/2025\/01\/IMG_9851-Padre-Marcos-ganha-estadio-com-grama-sintetica-e-carro-0-km-no-aniversario-de-61-anos-768x1152.jpg 768w, https:\/\/infonewss-bucket.s3.amazonaws.com\/2025\/01\/IMG_9851-Padre-Marcos-ganha-estadio-com-grama-sintetica-e-carro-0-km-no-aniversario-de-61-anos-150x225.jpg 150w, https:\/\/infonewss-bucket.s3.amazonaws.com\/2025\/01\/IMG_9851-Padre-Marcos-ganha-estadio-com-grama-sintetica-e-carro-0-km-no-aniversario-de-61-anos-300x450.jpg 300w, https:\/\/infonewss-bucket.s3.amazonaws.com\/2025\/01\/IMG_9851-Padre-Marcos-ganha-estadio-com-grama-sintetica-e-carro-0-km-no-aniversario-de-61-anos-696x1044.jpg 696w, https:\/\/infonewss-bucket.s3.amazonaws.com\/2025\/01\/IMG_9851-Padre-Marcos-ganha-estadio-com-grama-sintetica-e-carro-0-km-no-aniversario-de-61-anos.jpg 900w\" alt=\"\" width=\"900\" height=\"1350\" \/><\/a>\u00a0<a href=\"https:\/\/infonewss.com\/padre-marcos-ganha-estadio-com-grama-sintetica-e-carro-0-km-no-aniversario-de-61-anos\/img_9856-padre-marcos-ganha-estadio-com-grama-sintetica-e-carro-0-km-no-aniversario-de-61-anos\/\" rel=\"attachment wp-att-595641\"><img loading=\"lazy\" decoding=\"async\" class=\"alignnone size-full wp-image-595641\" src=\"https:\/\/infonewss-bucket.s3.amazonaws.com\/2025\/01\/IMG_9856-Padre-Marcos-ganha-estadio-com-grama-sintetica-e-carro-0-km-no-aniversario-de-61-anos.jpg\" sizes=\"(max-width: 900px) 100vw, 900px\" srcset=\"https:\/\/infonewss-bucket.s3.amazonaws.com\/2025\/01\/IMG_9856-Padre-Marcos-ganha-estadio-com-grama-sintetica-e-carro-0-km-no-aniversario-de-61-anos-200x300.jpg 200w, https:\/\/infonewss-bucket.s3.amazonaws.com\/2025\/01\/IMG_9856-Padre-Marcos-ganha-estadio-com-grama-sintetica-e-carro-0-km-no-aniversario-de-61-anos-683x1024.jpg 683w, https:\/\/infonewss-bucket.s3.amazonaws.com\/2025\/01\/IMG_9856-Padre-Marcos-ganha-estadio-com-grama-sintetica-e-carro-0-km-no-aniversario-de-61-anos-768x1152.jpg 768w, https:\/\/infonewss-bucket.s3.amazonaws.com\/2025\/01\/IMG_9856-Padre-Marcos-ganha-estadio-com-grama-sintetica-e-carro-0-km-no-aniversario-de-61-anos-150x225.jpg 150w, https:\/\/infonewss-bucket.s3.amazonaws.com\/2025\/01\/IMG_9856-Padre-Marcos-ganha-estadio-com-grama-sintetica-e-carro-0-km-no-aniversario-de-61-anos-300x450.jpg 300w, https:\/\/infonewss-bucket.s3.amazonaws.com\/2025\/01\/IMG_9856-Padre-Marcos-ganha-estadio-com-grama-sintetica-e-carro-0-km-no-aniversario-de-61-anos-696x1044.jpg 696w, https:\/\/infonewss-bucket.s3.amazonaws.com\/2025\/01\/IMG_9856-Padre-Marcos-ganha-estadio-com-grama-sintetica-e-carro-0-km-no-aniversario-de-61-anos.jpg 900w\" alt=\"\" width=\"900\" height=\"1350\" \/><\/a>\u00a0<a href=\"https:\/\/infonewss.com\/padre-marcos-ganha-estadio-com-grama-sintetica-e-carro-0-km-no-aniversario-de-61-anos\/img_9857-padre-marcos-ganha-estadio-com-grama-sintetica-e-carro-0-km-no-aniversario-de-61-anos\/\" rel=\"attachment wp-att-595642\"><img loading=\"lazy\" decoding=\"async\" class=\"alignnone size-full wp-image-595642\" src=\"https:\/\/infonewss-bucket.s3.amazonaws.com\/2025\/01\/IMG_9857-Padre-Marcos-ganha-estadio-com-grama-sintetica-e-carro-0-km-no-aniversario-de-61-anos.jpg\" sizes=\"(max-width: 900px) 100vw, 900px\" srcset=\"https:\/\/infonewss-bucket.s3.amazonaws.com\/2025\/01\/IMG_9857-Padre-Marcos-ganha-estadio-com-grama-sintetica-e-carro-0-km-no-aniversario-de-61-anos-300x200.jpg 300w, https:\/\/infonewss-bucket.s3.amazonaws.com\/2025\/01\/IMG_9857-Padre-Marcos-ganha-estadio-com-grama-sintetica-e-carro-0-km-no-aniversario-de-61-anos-768x512.jpg 768w, https:\/\/infonewss-bucket.s3.amazonaws.com\/2025\/01\/IMG_9857-Padre-Marcos-ganha-estadio-com-grama-sintetica-e-carro-0-km-no-aniversario-de-61-anos.jpg 900w\" alt=\"\" width=\"900\" height=\"600\" \/><\/a>\u00a0<a href=\"https:\/\/infonewss.com\/padre-marcos-ganha-estadio-com-grama-sintetica-e-carro-0-km-no-aniversario-de-61-anos\/img_9859-padre-marcos-ganha-estadio-com-grama-sintetica-e-carro-0-km-no-aniversario-de-61-anos\/\" rel=\"attachment wp-att-595643\"><img loading=\"lazy\" decoding=\"async\" class=\"alignnone size-full wp-image-595643\" src=\"https:\/\/infonewss-bucket.s3.amazonaws.com\/2025\/01\/IMG_9859-Padre-Marcos-ganha-estadio-com-grama-sintetica-e-carro-0-km-no-aniversario-de-61-anos.jpg\" sizes=\"(max-width: 900px) 100vw, 900px\" srcset=\"https:\/\/infonewss-bucket.s3.amazonaws.com\/2025\/01\/IMG_9859-Padre-Marcos-ganha-estadio-com-grama-sintetica-e-carro-0-km-no-aniversario-de-61-anos-200x300.jpg 200w, https:\/\/infonewss-bucket.s3.amazonaws.com\/2025\/01\/IMG_9859-Padre-Marcos-ganha-estadio-com-grama-sintetica-e-carro-0-km-no-aniversario-de-61-anos-683x1024.jpg 683w, https:\/\/infonewss-bucket.s3.amazonaws.com\/2025\/01\/IMG_9859-Padre-Marcos-ganha-estadio-com-grama-sintetica-e-carro-0-km-no-aniversario-de-61-anos-768x1152.jpg 768w, https:\/\/infonewss-bucket.s3.amazonaws.com\/2025\/01\/IMG_9859-Padre-Marcos-ganha-estadio-com-grama-sintetica-e-carro-0-km-no-aniversario-de-61-anos-150x225.jpg 150w, https:\/\/infonewss-bucket.s3.amazonaws.com\/2025\/01\/IMG_9859-Padre-Marcos-ganha-estadio-com-grama-sintetica-e-carro-0-km-no-aniversario-de-61-anos-300x450.jpg 300w, https:\/\/infonewss-bucket.s3.amazonaws.com\/2025\/01\/IMG_9859-Padre-Marcos-ganha-estadio-com-grama-sintetica-e-carro-0-km-no-aniversario-de-61-anos-696x1044.jpg 696w, https:\/\/infonewss-bucket.s3.amazonaws.com\/2025\/01\/IMG_9859-Padre-Marcos-ganha-estadio-com-grama-sintetica-e-carro-0-km-no-aniversario-de-61-anos.jpg 900w\" alt=\"\" width=\"900\" height=\"1350\" \/><\/a>\u00a0<a href=\"https:\/\/infonewss.com\/padre-marcos-ganha-estadio-com-grama-sintetica-e-carro-0-km-no-aniversario-de-61-anos\/img_9861-padre-marcos-ganha-estadio-com-grama-sintetica-e-carro-0-km-no-aniversario-de-61-anos\/\" rel=\"attachment wp-att-595644\"><img loading=\"lazy\" decoding=\"async\" class=\"alignnone size-full wp-image-595644\" src=\"https:\/\/infonewss-bucket.s3.amazonaws.com\/2025\/01\/IMG_9861-Padre-Marcos-ganha-estadio-com-grama-sintetica-e-carro-0-km-no-aniversario-de-61-anos.jpg\" sizes=\"(max-width: 900px) 100vw, 900px\" srcset=\"https:\/\/infonewss-bucket.s3.amazonaws.com\/2025\/01\/IMG_9861-Padre-Marcos-ganha-estadio-com-grama-sintetica-e-carro-0-km-no-aniversario-de-61-anos-300x200.jpg 300w, https:\/\/infonewss-bucket.s3.amazonaws.com\/2025\/01\/IMG_9861-Padre-Marcos-ganha-estadio-com-grama-sintetica-e-carro-0-km-no-aniversario-de-61-anos-768x512.jpg 768w, https:\/\/infonewss-bucket.s3.amazonaws.com\/2025\/01\/IMG_9861-Padre-Marcos-ganha-estadio-com-grama-sintetica-e-carro-0-km-no-aniversario-de-61-anos.jpg 900w\" alt=\"\" width=\"900\" height=\"600\" \/><\/a>\u00a0<a href=\"https:\/\/infonewss.com\/padre-marcos-ganha-estadio-com-grama-sintetica-e-carro-0-km-no-aniversario-de-61-anos\/img_9862-padre-marcos-ganha-estadio-com-grama-sintetica-e-carro-0-km-no-aniversario-de-61-anos\/\" rel=\"attachment wp-att-595645\"><img loading=\"lazy\" decoding=\"async\" class=\"alignnone size-full wp-image-595645\" src=\"https:\/\/infonewss-bucket.s3.amazonaws.com\/2025\/01\/IMG_9862-Padre-Marcos-ganha-estadio-com-grama-sintetica-e-carro-0-km-no-aniversario-de-61-anos.jpg\" sizes=\"(max-width: 900px) 100vw, 900px\" srcset=\"https:\/\/infonewss-bucket.s3.amazonaws.com\/2025\/01\/IMG_9862-Padre-Marcos-ganha-estadio-com-grama-sintetica-e-carro-0-km-no-aniversario-de-61-anos-200x300.jpg 200w, https:\/\/infonewss-bucket.s3.amazonaws.com\/2025\/01\/IMG_9862-Padre-Marcos-ganha-estadio-com-grama-sintetica-e-carro-0-km-no-aniversario-de-61-anos-683x1024.jpg 683w, https:\/\/infonewss-bucket.s3.amazonaws.com\/2025\/01\/IMG_9862-Padre-Marcos-ganha-estadio-com-grama-sintetica-e-carro-0-km-no-aniversario-de-61-anos-768x1152.jpg 768w, https:\/\/infonewss-bucket.s3.amazonaws.com\/2025\/01\/IMG_9862-Padre-Marcos-ganha-estadio-com-grama-sintetica-e-carro-0-km-no-aniversario-de-61-anos-150x225.jpg 150w, https:\/\/infonewss-bucket.s3.amazonaws.com\/2025\/01\/IMG_9862-Padre-Marcos-ganha-estadio-com-grama-sintetica-e-carro-0-km-no-aniversario-de-61-anos-300x450.jpg 300w, https:\/\/infonewss-bucket.s3.amazonaws.com\/2025\/01\/IMG_9862-Padre-Marcos-ganha-estadio-com-grama-sintetica-e-carro-0-km-no-aniversario-de-61-anos-696x1044.jpg 696w, https:\/\/infonewss-bucket.s3.amazonaws.com\/2025\/01\/IMG_9862-Padre-Marcos-ganha-estadio-com-grama-sintetica-e-carro-0-km-no-aniversario-de-61-anos.jpg 900w\" alt=\"\" width=\"900\" height=\"1350\" \/><\/a>\u00a0<a href=\"https:\/\/infonewss.com\/padre-marcos-ganha-estadio-com-grama-sintetica-e-carro-0-km-no-aniversario-de-61-anos\/img_9868-padre-marcos-ganha-estadio-com-grama-sintetica-e-carro-0-km-no-aniversario-de-61-anos\/\" rel=\"attachment wp-att-595646\"><img loading=\"lazy\" decoding=\"async\" class=\"alignnone size-full wp-image-595646\" src=\"https:\/\/infonewss-bucket.s3.amazonaws.com\/2025\/01\/IMG_9868-Padre-Marcos-ganha-estadio-com-grama-sintetica-e-carro-0-km-no-aniversario-de-61-anos.jpg\" sizes=\"(max-width: 900px) 100vw, 900px\" srcset=\"https:\/\/infonewss-bucket.s3.amazonaws.com\/2025\/01\/IMG_9868-Padre-Marcos-ganha-estadio-com-grama-sintetica-e-carro-0-km-no-aniversario-de-61-anos-300x200.jpg 300w, https:\/\/infonewss-bucket.s3.amazonaws.com\/2025\/01\/IMG_9868-Padre-Marcos-ganha-estadio-com-grama-sintetica-e-carro-0-km-no-aniversario-de-61-anos-768x512.jpg 768w, https:\/\/infonewss-bucket.s3.amazonaws.com\/2025\/01\/IMG_9868-Padre-Marcos-ganha-estadio-com-grama-sintetica-e-carro-0-km-no-aniversario-de-61-anos.jpg 900w\" alt=\"\" width=\"900\" height=\"600\" \/><\/a>\u00a0<a href=\"https:\/\/infonewss.com\/padre-marcos-ganha-estadio-com-grama-sintetica-e-carro-0-km-no-aniversario-de-61-anos\/img_9870-padre-marcos-ganha-estadio-com-grama-sintetica-e-carro-0-km-no-aniversario-de-61-anos\/\" rel=\"attachment wp-att-595647\"><img loading=\"lazy\" decoding=\"async\" class=\"alignnone size-full wp-image-595647\" src=\"https:\/\/infonewss-bucket.s3.amazonaws.com\/2025\/01\/IMG_9870-Padre-Marcos-ganha-estadio-com-grama-sintetica-e-carro-0-km-no-aniversario-de-61-anos.jpg\" sizes=\"(max-width: 900px) 100vw, 900px\" srcset=\"https:\/\/infonewss-bucket.s3.amazonaws.com\/2025\/01\/IMG_9870-Padre-Marcos-ganha-estadio-com-grama-sintetica-e-carro-0-km-no-aniversario-de-61-anos-200x300.jpg 200w, https:\/\/infonewss-bucket.s3.amazonaws.com\/2025\/01\/IMG_9870-Padre-Marcos-ganha-estadio-com-grama-sintetica-e-carro-0-km-no-aniversario-de-61-anos-683x1024.jpg 683w, https:\/\/infonewss-bucket.s3.amazonaws.com\/2025\/01\/IMG_9870-Padre-Marcos-ganha-estadio-com-grama-sintetica-e-carro-0-km-no-aniversario-de-61-anos-768x1152.jpg 768w, https:\/\/infonewss-bucket.s3.amazonaws.com\/2025\/01\/IMG_9870-Padre-Marcos-ganha-estadio-com-grama-sintetica-e-carro-0-km-no-aniversario-de-61-anos-150x225.jpg 150w, https:\/\/infonewss-bucket.s3.amazonaws.com\/2025\/01\/IMG_9870-Padre-Marcos-ganha-estadio-com-grama-sintetica-e-carro-0-km-no-aniversario-de-61-anos-300x450.jpg 300w, https:\/\/infonewss-bucket.s3.amazonaws.com\/2025\/01\/IMG_9870-Padre-Marcos-ganha-estadio-com-grama-sintetica-e-carro-0-km-no-aniversario-de-61-anos-696x1044.jpg 696w, https:\/\/infonewss-bucket.s3.amazonaws.com\/2025\/01\/IMG_9870-Padre-Marcos-ganha-estadio-com-grama-sintetica-e-carro-0-km-no-aniversario-de-61-anos.jpg 900w\" alt=\"\" width=\"900\" height=\"1350\" \/><\/a>\u00a0<a href=\"https:\/\/infonewss.com\/padre-marcos-ganha-estadio-com-grama-sintetica-e-carro-0-km-no-aniversario-de-61-anos\/img_9871-padre-marcos-ganha-estadio-com-grama-sintetica-e-carro-0-km-no-aniversario-de-61-anos\/\" rel=\"attachment wp-att-595648\"><img loading=\"lazy\" decoding=\"async\" class=\"alignnone size-full wp-image-595648\" src=\"https:\/\/infonewss-bucket.s3.amazonaws.com\/2025\/01\/IMG_9871-Padre-Marcos-ganha-estadio-com-grama-sintetica-e-carro-0-km-no-aniversario-de-61-anos.jpg\" sizes=\"(max-width: 900px) 100vw, 900px\" srcset=\"https:\/\/infonewss-bucket.s3.amazonaws.com\/2025\/01\/IMG_9871-Padre-Marcos-ganha-estadio-com-grama-sintetica-e-carro-0-km-no-aniversario-de-61-anos-200x300.jpg 200w, https:\/\/infonewss-bucket.s3.amazonaws.com\/2025\/01\/IMG_9871-Padre-Marcos-ganha-estadio-com-grama-sintetica-e-carro-0-km-no-aniversario-de-61-anos-683x1024.jpg 683w, https:\/\/infonewss-bucket.s3.amazonaws.com\/2025\/01\/IMG_9871-Padre-Marcos-ganha-estadio-com-grama-sintetica-e-carro-0-km-no-aniversario-de-61-anos-768x1152.jpg 768w, https:\/\/infonewss-bucket.s3.amazonaws.com\/2025\/01\/IMG_9871-Padre-Marcos-ganha-estadio-com-grama-sintetica-e-carro-0-km-no-aniversario-de-61-anos-150x225.jpg 150w, https:\/\/infonewss-bucket.s3.amazonaws.com\/2025\/01\/IMG_9871-Padre-Marcos-ganha-estadio-com-grama-sintetica-e-carro-0-km-no-aniversario-de-61-anos-300x450.jpg 300w, https:\/\/infonewss-bucket.s3.amazonaws.com\/2025\/01\/IMG_9871-Padre-Marcos-ganha-estadio-com-grama-sintetica-e-carro-0-km-no-aniversario-de-61-anos-696x1044.jpg 696w, https:\/\/infonewss-bucket.s3.amazonaws.com\/2025\/01\/IMG_9871-Padre-Marcos-ganha-estadio-com-grama-sintetica-e-carro-0-km-no-aniversario-de-61-anos.jpg 900w\" alt=\"\" width=\"900\" height=\"1350\" \/><\/a>\u00a0<a href=\"https:\/\/infonewss.com\/padre-marcos-ganha-estadio-com-grama-sintetica-e-carro-0-km-no-aniversario-de-61-anos\/img_9873-padre-marcos-ganha-estadio-com-grama-sintetica-e-carro-0-km-no-aniversario-de-61-anos\/\" rel=\"attachment wp-att-595649\"><img loading=\"lazy\" decoding=\"async\" class=\"alignnone size-full wp-image-595649\" src=\"https:\/\/infonewss-bucket.s3.amazonaws.com\/2025\/01\/IMG_9873-Padre-Marcos-ganha-estadio-com-grama-sintetica-e-carro-0-km-no-aniversario-de-61-anos.jpg\" sizes=\"(max-width: 900px) 100vw, 900px\" srcset=\"https:\/\/infonewss-bucket.s3.amazonaws.com\/2025\/01\/IMG_9873-Padre-Marcos-ganha-estadio-com-grama-sintetica-e-carro-0-km-no-aniversario-de-61-anos-200x300.jpg 200w, https:\/\/infonewss-bucket.s3.amazonaws.com\/2025\/01\/IMG_9873-Padre-Marcos-ganha-estadio-com-grama-sintetica-e-carro-0-km-no-aniversario-de-61-anos-683x1024.jpg 683w, https:\/\/infonewss-bucket.s3.amazonaws.com\/2025\/01\/IMG_9873-Padre-Marcos-ganha-estadio-com-grama-sintetica-e-carro-0-km-no-aniversario-de-61-anos-768x1152.jpg 768w, https:\/\/infonewss-bucket.s3.amazonaws.com\/2025\/01\/IMG_9873-Padre-Marcos-ganha-estadio-com-grama-sintetica-e-carro-0-km-no-aniversario-de-61-anos-150x225.jpg 150w, https:\/\/infonewss-bucket.s3.amazonaws.com\/2025\/01\/IMG_9873-Padre-Marcos-ganha-estadio-com-grama-sintetica-e-carro-0-km-no-aniversario-de-61-anos-300x450.jpg 300w, https:\/\/infonewss-bucket.s3.amazonaws.com\/2025\/01\/IMG_9873-Padre-Marcos-ganha-estadio-com-grama-sintetica-e-carro-0-km-no-aniversario-de-61-anos-696x1044.jpg 696w, https:\/\/infonewss-bucket.s3.amazonaws.com\/2025\/01\/IMG_9873-Padre-Marcos-ganha-estadio-com-grama-sintetica-e-carro-0-km-no-aniversario-de-61-anos.jpg 900w\" alt=\"\" width=\"900\" height=\"1350\" \/><\/a>\u00a0<a href=\"https:\/\/infonewss.com\/padre-marcos-ganha-estadio-com-grama-sintetica-e-carro-0-km-no-aniversario-de-61-anos\/img_9875-padre-marcos-ganha-estadio-com-grama-sintetica-e-carro-0-km-no-aniversario-de-61-anos\/\" rel=\"attachment wp-att-595650\"><img loading=\"lazy\" decoding=\"async\" class=\"alignnone size-full wp-image-595650\" src=\"https:\/\/infonewss-bucket.s3.amazonaws.com\/2025\/01\/IMG_9875-Padre-Marcos-ganha-estadio-com-grama-sintetica-e-carro-0-km-no-aniversario-de-61-anos.jpg\" sizes=\"(max-width: 900px) 100vw, 900px\" srcset=\"https:\/\/infonewss-bucket.s3.amazonaws.com\/2025\/01\/IMG_9875-Padre-Marcos-ganha-estadio-com-grama-sintetica-e-carro-0-km-no-aniversario-de-61-anos-300x200.jpg 300w, https:\/\/infonewss-bucket.s3.amazonaws.com\/2025\/01\/IMG_9875-Padre-Marcos-ganha-estadio-com-grama-sintetica-e-carro-0-km-no-aniversario-de-61-anos-768x512.jpg 768w, https:\/\/infonewss-bucket.s3.amazonaws.com\/2025\/01\/IMG_9875-Padre-Marcos-ganha-estadio-com-grama-sintetica-e-carro-0-km-no-aniversario-de-61-anos.jpg 900w\" alt=\"\" width=\"900\" height=\"600\" \/><\/a>\u00a0<a href=\"https:\/\/infonewss.com\/padre-marcos-ganha-estadio-com-grama-sintetica-e-carro-0-km-no-aniversario-de-61-anos\/img_9878-padre-marcos-ganha-estadio-com-grama-sintetica-e-carro-0-km-no-aniversario-de-61-anos\/\" rel=\"attachment wp-att-595651\"><img loading=\"lazy\" decoding=\"async\" class=\"alignnone size-full wp-image-595651\" src=\"https:\/\/infonewss-bucket.s3.amazonaws.com\/2025\/01\/IMG_9878-Padre-Marcos-ganha-estadio-com-grama-sintetica-e-carro-0-km-no-aniversario-de-61-anos.jpg\" sizes=\"(max-width: 900px) 100vw, 900px\" srcset=\"https:\/\/infonewss-bucket.s3.amazonaws.com\/2025\/01\/IMG_9878-Padre-Marcos-ganha-estadio-com-grama-sintetica-e-carro-0-km-no-aniversario-de-61-anos-300x200.jpg 300w, https:\/\/infonewss-bucket.s3.amazonaws.com\/2025\/01\/IMG_9878-Padre-Marcos-ganha-estadio-com-grama-sintetica-e-carro-0-km-no-aniversario-de-61-anos-768x512.jpg 768w, https:\/\/infonewss-bucket.s3.amazonaws.com\/2025\/01\/IMG_9878-Padre-Marcos-ganha-estadio-com-grama-sintetica-e-carro-0-km-no-aniversario-de-61-anos.jpg 900w\" alt=\"\" width=\"900\" height=\"600\" \/><\/a>\u00a0<a href=\"https:\/\/infonewss.com\/padre-marcos-ganha-estadio-com-grama-sintetica-e-carro-0-km-no-aniversario-de-61-anos\/img_9880-padre-marcos-ganha-estadio-com-grama-sintetica-e-carro-0-km-no-aniversario-de-61-anos\/\" rel=\"attachment wp-att-595652\"><img loading=\"lazy\" decoding=\"async\" class=\"alignnone size-full wp-image-595652\" src=\"https:\/\/infonewss-bucket.s3.amazonaws.com\/2025\/01\/IMG_9880-Padre-Marcos-ganha-estadio-com-grama-sintetica-e-carro-0-km-no-aniversario-de-61-anos.jpg\" sizes=\"(max-width: 900px) 100vw, 900px\" srcset=\"https:\/\/infonewss-bucket.s3.amazonaws.com\/2025\/01\/IMG_9880-Padre-Marcos-ganha-estadio-com-grama-sintetica-e-carro-0-km-no-aniversario-de-61-anos-200x300.jpg 200w, https:\/\/infonewss-bucket.s3.amazonaws.com\/2025\/01\/IMG_9880-Padre-Marcos-ganha-estadio-com-grama-sintetica-e-carro-0-km-no-aniversario-de-61-anos-683x1024.jpg 683w, https:\/\/infonewss-bucket.s3.amazonaws.com\/2025\/01\/IMG_9880-Padre-Marcos-ganha-estadio-com-grama-sintetica-e-carro-0-km-no-aniversario-de-61-anos-768x1152.jpg 768w, https:\/\/infonewss-bucket.s3.amazonaws.com\/2025\/01\/IMG_9880-Padre-Marcos-ganha-estadio-com-grama-sintetica-e-carro-0-km-no-aniversario-de-61-anos-150x225.jpg 150w, https:\/\/infonewss-bucket.s3.amazonaws.com\/2025\/01\/IMG_9880-Padre-Marcos-ganha-estadio-com-grama-sintetica-e-carro-0-km-no-aniversario-de-61-anos-300x450.jpg 300w, https:\/\/infonewss-bucket.s3.amazonaws.com\/2025\/01\/IMG_9880-Padre-Marcos-ganha-estadio-com-grama-sintetica-e-carro-0-km-no-aniversario-de-61-anos-696x1044.jpg 696w, https:\/\/infonewss-bucket.s3.amazonaws.com\/2025\/01\/IMG_9880-Padre-Marcos-ganha-estadio-com-grama-sintetica-e-carro-0-km-no-aniversario-de-61-anos.jpg 900w\" alt=\"\" width=\"900\" height=\"1350\" \/><\/a>\u00a0<a href=\"https:\/\/infonewss.com\/padre-marcos-ganha-estadio-com-grama-sintetica-e-carro-0-km-no-aniversario-de-61-anos\/img_9883-padre-marcos-ganha-estadio-com-grama-sintetica-e-carro-0-km-no-aniversario-de-61-anos\/\" rel=\"attachment wp-att-595653\"><img loading=\"lazy\" decoding=\"async\" class=\"alignnone size-full wp-image-595653\" src=\"https:\/\/infonewss-bucket.s3.amazonaws.com\/2025\/01\/IMG_9883-Padre-Marcos-ganha-estadio-com-grama-sintetica-e-carro-0-km-no-aniversario-de-61-anos.jpg\" sizes=\"(max-width: 900px) 100vw, 900px\" srcset=\"https:\/\/infonewss-bucket.s3.amazonaws.com\/2025\/01\/IMG_9883-Padre-Marcos-ganha-estadio-com-grama-sintetica-e-carro-0-km-no-aniversario-de-61-anos-300x200.jpg 300w, https:\/\/infonewss-bucket.s3.amazonaws.com\/2025\/01\/IMG_9883-Padre-Marcos-ganha-estadio-com-grama-sintetica-e-carro-0-km-no-aniversario-de-61-anos-768x512.jpg 768w, https:\/\/infonewss-bucket.s3.amazonaws.com\/2025\/01\/IMG_9883-Padre-Marcos-ganha-estadio-com-grama-sintetica-e-carro-0-km-no-aniversario-de-61-anos.jpg 900w\" alt=\"\" width=\"900\" height=\"600\" \/><\/a>\u00a0<a href=\"https:\/\/infonewss.com\/padre-marcos-ganha-estadio-com-grama-sintetica-e-carro-0-km-no-aniversario-de-61-anos\/img_9885-padre-marcos-ganha-estadio-com-grama-sintetica-e-carro-0-km-no-aniversario-de-61-anos\/\" rel=\"attachment wp-att-595654\"><img loading=\"lazy\" decoding=\"async\" class=\"alignnone size-full wp-image-595654\" src=\"https:\/\/infonewss-bucket.s3.amazonaws.com\/2025\/01\/IMG_9885-Padre-Marcos-ganha-estadio-com-grama-sintetica-e-carro-0-km-no-aniversario-de-61-anos.jpg\" sizes=\"(max-width: 900px) 100vw, 900px\" srcset=\"https:\/\/infonewss-bucket.s3.amazonaws.com\/2025\/01\/IMG_9885-Padre-Marcos-ganha-estadio-com-grama-sintetica-e-carro-0-km-no-aniversario-de-61-anos-300x200.jpg 300w, https:\/\/infonewss-bucket.s3.amazonaws.com\/2025\/01\/IMG_9885-Padre-Marcos-ganha-estadio-com-grama-sintetica-e-carro-0-km-no-aniversario-de-61-anos-768x512.jpg 768w, https:\/\/infonewss-bucket.s3.amazonaws.com\/2025\/01\/IMG_9885-Padre-Marcos-ganha-estadio-com-grama-sintetica-e-carro-0-km-no-aniversario-de-61-anos.jpg 900w\" alt=\"\" width=\"900\" height=\"600\" \/><\/a>\u00a0<a href=\"https:\/\/infonewss.com\/padre-marcos-ganha-estadio-com-grama-sintetica-e-carro-0-km-no-aniversario-de-61-anos\/img_9886-padre-marcos-ganha-estadio-com-grama-sintetica-e-carro-0-km-no-aniversario-de-61-anos\/\" rel=\"attachment wp-att-595655\"><img loading=\"lazy\" decoding=\"async\" class=\"alignnone size-full wp-image-595655\" src=\"https:\/\/infonewss-bucket.s3.amazonaws.com\/2025\/01\/IMG_9886-Padre-Marcos-ganha-estadio-com-grama-sintetica-e-carro-0-km-no-aniversario-de-61-anos.jpg\" sizes=\"(max-width: 900px) 100vw, 900px\" srcset=\"https:\/\/infonewss-bucket.s3.amazonaws.com\/2025\/01\/IMG_9886-Padre-Marcos-ganha-estadio-com-grama-sintetica-e-carro-0-km-no-aniversario-de-61-anos-300x200.jpg 300w, https:\/\/infonewss-bucket.s3.amazonaws.com\/2025\/01\/IMG_9886-Padre-Marcos-ganha-estadio-com-grama-sintetica-e-carro-0-km-no-aniversario-de-61-anos-768x512.jpg 768w, https:\/\/infonewss-bucket.s3.amazonaws.com\/2025\/01\/IMG_9886-Padre-Marcos-ganha-estadio-com-grama-sintetica-e-carro-0-km-no-aniversario-de-61-anos.jpg 900w\" alt=\"\" width=\"900\" height=\"600\" \/><\/a>\u00a0<a href=\"https:\/\/infonewss.com\/padre-marcos-ganha-estadio-com-grama-sintetica-e-carro-0-km-no-aniversario-de-61-anos\/img_9888-padre-marcos-ganha-estadio-com-grama-sintetica-e-carro-0-km-no-aniversario-de-61-anos\/\" rel=\"attachment wp-att-595656\"><img loading=\"lazy\" decoding=\"async\" class=\"alignnone size-full wp-image-595656\" src=\"https:\/\/infonewss-bucket.s3.amazonaws.com\/2025\/01\/IMG_9888-Padre-Marcos-ganha-estadio-com-grama-sintetica-e-carro-0-km-no-aniversario-de-61-anos.jpg\" sizes=\"(max-width: 900px) 100vw, 900px\" srcset=\"https:\/\/infonewss-bucket.s3.amazonaws.com\/2025\/01\/IMG_9888-Padre-Marcos-ganha-estadio-com-grama-sintetica-e-carro-0-km-no-aniversario-de-61-anos-300x200.jpg 300w, https:\/\/infonewss-bucket.s3.amazonaws.com\/2025\/01\/IMG_9888-Padre-Marcos-ganha-estadio-com-grama-sintetica-e-carro-0-km-no-aniversario-de-61-anos-768x512.jpg 768w, https:\/\/infonewss-bucket.s3.amazonaws.com\/2025\/01\/IMG_9888-Padre-Marcos-ganha-estadio-com-grama-sintetica-e-carro-0-km-no-aniversario-de-61-anos.jpg 900w\" alt=\"\" width=\"900\" height=\"600\" \/><\/a>\u00a0<a href=\"https:\/\/infonewss.com\/padre-marcos-ganha-estadio-com-grama-sintetica-e-carro-0-km-no-aniversario-de-61-anos\/img_9889-padre-marcos-ganha-estadio-com-grama-sintetica-e-carro-0-km-no-aniversario-de-61-anos\/\" rel=\"attachment wp-att-595657\"><img loading=\"lazy\" decoding=\"async\" class=\"alignnone size-full wp-image-595657\" src=\"https:\/\/infonewss-bucket.s3.amazonaws.com\/2025\/01\/IMG_9889-Padre-Marcos-ganha-estadio-com-grama-sintetica-e-carro-0-km-no-aniversario-de-61-anos.jpg\" sizes=\"(max-width: 900px) 100vw, 900px\" srcset=\"https:\/\/infonewss-bucket.s3.amazonaws.com\/2025\/01\/IMG_9889-Padre-Marcos-ganha-estadio-com-grama-sintetica-e-carro-0-km-no-aniversario-de-61-anos-300x200.jpg 300w, https:\/\/infonewss-bucket.s3.amazonaws.com\/2025\/01\/IMG_9889-Padre-Marcos-ganha-estadio-com-grama-sintetica-e-carro-0-km-no-aniversario-de-61-anos-768x512.jpg 768w, https:\/\/infonewss-bucket.s3.amazonaws.com\/2025\/01\/IMG_9889-Padre-Marcos-ganha-estadio-com-grama-sintetica-e-carro-0-km-no-aniversario-de-61-anos.jpg 900w\" alt=\"\" width=\"900\" height=\"600\" \/><\/a>\u00a0<a href=\"https:\/\/infonewss.com\/padre-marcos-ganha-estadio-com-grama-sintetica-e-carro-0-km-no-aniversario-de-61-anos\/img_9891-padre-marcos-ganha-estadio-com-grama-sintetica-e-carro-0-km-no-aniversario-de-61-anos\/\" rel=\"attachment wp-att-595658\"><img loading=\"lazy\" decoding=\"async\" class=\"alignnone size-full wp-image-595658\" src=\"https:\/\/infonewss-bucket.s3.amazonaws.com\/2025\/01\/IMG_9891-Padre-Marcos-ganha-estadio-com-grama-sintetica-e-carro-0-km-no-aniversario-de-61-anos.jpg\" sizes=\"(max-width: 900px) 100vw, 900px\" srcset=\"https:\/\/infonewss-bucket.s3.amazonaws.com\/2025\/01\/IMG_9891-Padre-Marcos-ganha-estadio-com-grama-sintetica-e-carro-0-km-no-aniversario-de-61-anos-300x200.jpg 300w, https:\/\/infonewss-bucket.s3.amazonaws.com\/2025\/01\/IMG_9891-Padre-Marcos-ganha-estadio-com-grama-sintetica-e-carro-0-km-no-aniversario-de-61-anos-768x512.jpg 768w, https:\/\/infonewss-bucket.s3.amazonaws.com\/2025\/01\/IMG_9891-Padre-Marcos-ganha-estadio-com-grama-sintetica-e-carro-0-km-no-aniversario-de-61-anos.jpg 900w\" alt=\"\" width=\"900\" height=\"600\" \/><\/a>\u00a0<a href=\"https:\/\/infonewss.com\/padre-marcos-ganha-estadio-com-grama-sintetica-e-carro-0-km-no-aniversario-de-61-anos\/img_9895-padre-marcos-ganha-estadio-com-grama-sintetica-e-carro-0-km-no-aniversario-de-61-anos\/\" rel=\"attachment wp-att-595659\"><img loading=\"lazy\" decoding=\"async\" class=\"alignnone size-full wp-image-595659\" src=\"https:\/\/infonewss-bucket.s3.amazonaws.com\/2025\/01\/IMG_9895-Padre-Marcos-ganha-estadio-com-grama-sintetica-e-carro-0-km-no-aniversario-de-61-anos.jpg\" sizes=\"(max-width: 900px) 100vw, 900px\" srcset=\"https:\/\/infonewss-bucket.s3.amazonaws.com\/2025\/01\/IMG_9895-Padre-Marcos-ganha-estadio-com-grama-sintetica-e-carro-0-km-no-aniversario-de-61-anos-300x200.jpg 300w, https:\/\/infonewss-bucket.s3.amazonaws.com\/2025\/01\/IMG_9895-Padre-Marcos-ganha-estadio-com-grama-sintetica-e-carro-0-km-no-aniversario-de-61-anos-768x512.jpg 768w, https:\/\/infonewss-bucket.s3.amazonaws.com\/2025\/01\/IMG_9895-Padre-Marcos-ganha-estadio-com-grama-sintetica-e-carro-0-km-no-aniversario-de-61-anos.jpg 900w\" alt=\"\" width=\"900\" height=\"600\" \/><\/a>\u00a0<a href=\"https:\/\/infonewss.com\/padre-marcos-ganha-estadio-com-grama-sintetica-e-carro-0-km-no-aniversario-de-61-anos\/img_9896-padre-marcos-ganha-estadio-com-grama-sintetica-e-carro-0-km-no-aniversario-de-61-anos\/\" rel=\"attachment wp-att-595660\"><img loading=\"lazy\" decoding=\"async\" class=\"alignnone size-full wp-image-595660\" src=\"https:\/\/infonewss-bucket.s3.amazonaws.com\/2025\/01\/IMG_9896-Padre-Marcos-ganha-estadio-com-grama-sintetica-e-carro-0-km-no-aniversario-de-61-anos.jpg\" sizes=\"(max-width: 900px) 100vw, 900px\" srcset=\"https:\/\/infonewss-bucket.s3.amazonaws.com\/2025\/01\/IMG_9896-Padre-Marcos-ganha-estadio-com-grama-sintetica-e-carro-0-km-no-aniversario-de-61-anos-300x200.jpg 300w, https:\/\/infonewss-bucket.s3.amazonaws.com\/2025\/01\/IMG_9896-Padre-Marcos-ganha-estadio-com-grama-sintetica-e-carro-0-km-no-aniversario-de-61-anos-768x512.jpg 768w, https:\/\/infonewss-bucket.s3.amazonaws.com\/2025\/01\/IMG_9896-Padre-Marcos-ganha-estadio-com-grama-sintetica-e-carro-0-km-no-aniversario-de-61-anos.jpg 900w\" alt=\"\" width=\"900\" height=\"600\" \/><\/a>\u00a0<a href=\"https:\/\/infonewss.com\/padre-marcos-ganha-estadio-com-grama-sintetica-e-carro-0-km-no-aniversario-de-61-anos\/img_9898-padre-marcos-ganha-estadio-com-grama-sintetica-e-carro-0-km-no-aniversario-de-61-anos\/\" rel=\"attachment wp-att-595661\"><img loading=\"lazy\" decoding=\"async\" class=\"alignnone size-full wp-image-595661\" src=\"https:\/\/infonewss-bucket.s3.amazonaws.com\/2025\/01\/IMG_9898-Padre-Marcos-ganha-estadio-com-grama-sintetica-e-carro-0-km-no-aniversario-de-61-anos.jpg\" sizes=\"(max-width: 900px) 100vw, 900px\" srcset=\"https:\/\/infonewss-bucket.s3.amazonaws.com\/2025\/01\/IMG_9898-Padre-Marcos-ganha-estadio-com-grama-sintetica-e-carro-0-km-no-aniversario-de-61-anos-300x200.jpg 300w, https:\/\/infonewss-bucket.s3.amazonaws.com\/2025\/01\/IMG_9898-Padre-Marcos-ganha-estadio-com-grama-sintetica-e-carro-0-km-no-aniversario-de-61-anos-768x512.jpg 768w, https:\/\/infonewss-bucket.s3.amazonaws.com\/2025\/01\/IMG_9898-Padre-Marcos-ganha-estadio-com-grama-sintetica-e-carro-0-km-no-aniversario-de-61-anos.jpg 900w\" alt=\"\" width=\"900\" height=\"600\" \/><\/a>\u00a0<a href=\"https:\/\/infonewss.com\/padre-marcos-ganha-estadio-com-grama-sintetica-e-carro-0-km-no-aniversario-de-61-anos\/img_9899-padre-marcos-ganha-estadio-com-grama-sintetica-e-carro-0-km-no-aniversario-de-61-anos\/\" rel=\"attachment wp-att-595662\"><img loading=\"lazy\" decoding=\"async\" class=\"alignnone size-full wp-image-595662\" src=\"https:\/\/infonewss-bucket.s3.amazonaws.com\/2025\/01\/IMG_9899-Padre-Marcos-ganha-estadio-com-grama-sintetica-e-carro-0-km-no-aniversario-de-61-anos.jpg\" sizes=\"(max-width: 900px) 100vw, 900px\" srcset=\"https:\/\/infonewss-bucket.s3.amazonaws.com\/2025\/01\/IMG_9899-Padre-Marcos-ganha-estadio-com-grama-sintetica-e-carro-0-km-no-aniversario-de-61-anos-300x200.jpg 300w, https:\/\/infonewss-bucket.s3.amazonaws.com\/2025\/01\/IMG_9899-Padre-Marcos-ganha-estadio-com-grama-sintetica-e-carro-0-km-no-aniversario-de-61-anos-768x512.jpg 768w, https:\/\/infonewss-bucket.s3.amazonaws.com\/2025\/01\/IMG_9899-Padre-Marcos-ganha-estadio-com-grama-sintetica-e-carro-0-km-no-aniversario-de-61-anos.jpg 900w\" alt=\"\" width=\"900\" height=\"600\" \/><\/a>\u00a0<a href=\"https:\/\/infonewss.com\/padre-marcos-ganha-estadio-com-grama-sintetica-e-carro-0-km-no-aniversario-de-61-anos\/img_9901-padre-marcos-ganha-estadio-com-grama-sintetica-e-carro-0-km-no-aniversario-de-61-anos\/\" rel=\"attachment wp-att-595663\"><img loading=\"lazy\" decoding=\"async\" class=\"alignnone size-full wp-image-595663\" src=\"https:\/\/infonewss-bucket.s3.amazonaws.com\/2025\/01\/IMG_9901-Padre-Marcos-ganha-estadio-com-grama-sintetica-e-carro-0-km-no-aniversario-de-61-anos.jpg\" sizes=\"(max-width: 900px) 100vw, 900px\" srcset=\"https:\/\/infonewss-bucket.s3.amazonaws.com\/2025\/01\/IMG_9901-Padre-Marcos-ganha-estadio-com-grama-sintetica-e-carro-0-km-no-aniversario-de-61-anos-300x200.jpg 300w, https:\/\/infonewss-bucket.s3.amazonaws.com\/2025\/01\/IMG_9901-Padre-Marcos-ganha-estadio-com-grama-sintetica-e-carro-0-km-no-aniversario-de-61-anos-768x512.jpg 768w, https:\/\/infonewss-bucket.s3.amazonaws.com\/2025\/01\/IMG_9901-Padre-Marcos-ganha-estadio-com-grama-sintetica-e-carro-0-km-no-aniversario-de-61-anos.jpg 900w\" alt=\"\" width=\"900\" height=\"600\" \/><\/a>\u00a0<a href=\"https:\/\/infonewss.com\/padre-marcos-ganha-estadio-com-grama-sintetica-e-carro-0-km-no-aniversario-de-61-anos\/img_9903-padre-marcos-ganha-estadio-com-grama-sintetica-e-carro-0-km-no-aniversario-de-61-anos\/\" rel=\"attachment wp-att-595664\"><img loading=\"lazy\" decoding=\"async\" class=\"alignnone size-full wp-image-595664\" src=\"https:\/\/infonewss-bucket.s3.amazonaws.com\/2025\/01\/IMG_9903-Padre-Marcos-ganha-estadio-com-grama-sintetica-e-carro-0-km-no-aniversario-de-61-anos.jpg\" sizes=\"(max-width: 900px) 100vw, 900px\" srcset=\"https:\/\/infonewss-bucket.s3.amazonaws.com\/2025\/01\/IMG_9903-Padre-Marcos-ganha-estadio-com-grama-sintetica-e-carro-0-km-no-aniversario-de-61-anos-300x200.jpg 300w, https:\/\/infonewss-bucket.s3.amazonaws.com\/2025\/01\/IMG_9903-Padre-Marcos-ganha-estadio-com-grama-sintetica-e-carro-0-km-no-aniversario-de-61-anos-768x512.jpg 768w, https:\/\/infonewss-bucket.s3.amazonaws.com\/2025\/01\/IMG_9903-Padre-Marcos-ganha-estadio-com-grama-sintetica-e-carro-0-km-no-aniversario-de-61-anos.jpg 900w\" alt=\"\" width=\"900\" height=\"600\" \/><\/a>\u00a0<a href=\"https:\/\/infonewss.com\/padre-marcos-ganha-estadio-com-grama-sintetica-e-carro-0-km-no-aniversario-de-61-anos\/img_9905-padre-marcos-ganha-estadio-com-grama-sintetica-e-carro-0-km-no-aniversario-de-61-anos\/\" rel=\"attachment wp-att-595665\"><img loading=\"lazy\" decoding=\"async\" class=\"alignnone size-full wp-image-595665\" src=\"https:\/\/infonewss-bucket.s3.amazonaws.com\/2025\/01\/IMG_9905-Padre-Marcos-ganha-estadio-com-grama-sintetica-e-carro-0-km-no-aniversario-de-61-anos.jpg\" sizes=\"(max-width: 900px) 100vw, 900px\" srcset=\"https:\/\/infonewss-bucket.s3.amazonaws.com\/2025\/01\/IMG_9905-Padre-Marcos-ganha-estadio-com-grama-sintetica-e-carro-0-km-no-aniversario-de-61-anos-300x200.jpg 300w, https:\/\/infonewss-bucket.s3.amazonaws.com\/2025\/01\/IMG_9905-Padre-Marcos-ganha-estadio-com-grama-sintetica-e-carro-0-km-no-aniversario-de-61-anos-768x512.jpg 768w, https:\/\/infonewss-bucket.s3.amazonaws.com\/2025\/01\/IMG_9905-Padre-Marcos-ganha-estadio-com-grama-sintetica-e-carro-0-km-no-aniversario-de-61-anos.jpg 900w\" alt=\"\" width=\"900\" height=\"600\" \/><\/a>\u00a0<a href=\"https:\/\/infonewss.com\/padre-marcos-ganha-estadio-com-grama-sintetica-e-carro-0-km-no-aniversario-de-61-anos\/img_9907-padre-marcos-ganha-estadio-com-grama-sintetica-e-carro-0-km-no-aniversario-de-61-anos\/\" rel=\"attachment wp-att-595666\"><img loading=\"lazy\" decoding=\"async\" class=\"alignnone size-full wp-image-595666\" src=\"https:\/\/infonewss-bucket.s3.amazonaws.com\/2025\/01\/IMG_9907-Padre-Marcos-ganha-estadio-com-grama-sintetica-e-carro-0-km-no-aniversario-de-61-anos.jpg\" sizes=\"(max-width: 900px) 100vw, 900px\" srcset=\"https:\/\/infonewss-bucket.s3.amazonaws.com\/2025\/01\/IMG_9907-Padre-Marcos-ganha-estadio-com-grama-sintetica-e-carro-0-km-no-aniversario-de-61-anos-200x300.jpg 200w, https:\/\/infonewss-bucket.s3.amazonaws.com\/2025\/01\/IMG_9907-Padre-Marcos-ganha-estadio-com-grama-sintetica-e-carro-0-km-no-aniversario-de-61-anos-683x1024.jpg 683w, https:\/\/infonewss-bucket.s3.amazonaws.com\/2025\/01\/IMG_9907-Padre-Marcos-ganha-estadio-com-grama-sintetica-e-carro-0-km-no-aniversario-de-61-anos-768x1152.jpg 768w, https:\/\/infonewss-bucket.s3.amazonaws.com\/2025\/01\/IMG_9907-Padre-Marcos-ganha-estadio-com-grama-sintetica-e-carro-0-km-no-aniversario-de-61-anos-150x225.jpg 150w, https:\/\/infonewss-bucket.s3.amazonaws.com\/2025\/01\/IMG_9907-Padre-Marcos-ganha-estadio-com-grama-sintetica-e-carro-0-km-no-aniversario-de-61-anos-300x450.jpg 300w, https:\/\/infonewss-bucket.s3.amazonaws.com\/2025\/01\/IMG_9907-Padre-Marcos-ganha-estadio-com-grama-sintetica-e-carro-0-km-no-aniversario-de-61-anos-696x1044.jpg 696w, https:\/\/infonewss-bucket.s3.amazonaws.com\/2025\/01\/IMG_9907-Padre-Marcos-ganha-estadio-com-grama-sintetica-e-carro-0-km-no-aniversario-de-61-anos.jpg 900w\" alt=\"\" width=\"900\" height=\"1350\" \/><\/a>\u00a0<a href=\"https:\/\/infonewss.com\/padre-marcos-ganha-estadio-com-grama-sintetica-e-carro-0-km-no-aniversario-de-61-anos\/img_9909-padre-marcos-ganha-estadio-com-grama-sintetica-e-carro-0-km-no-aniversario-de-61-anos\/\" rel=\"attachment wp-att-595667\"><img loading=\"lazy\" decoding=\"async\" class=\"alignnone size-full wp-image-595667\" src=\"https:\/\/infonewss-bucket.s3.amazonaws.com\/2025\/01\/IMG_9909-Padre-Marcos-ganha-estadio-com-grama-sintetica-e-carro-0-km-no-aniversario-de-61-anos.jpg\" sizes=\"(max-width: 900px) 100vw, 900px\" srcset=\"https:\/\/infonewss-bucket.s3.amazonaws.com\/2025\/01\/IMG_9909-Padre-Marcos-ganha-estadio-com-grama-sintetica-e-carro-0-km-no-aniversario-de-61-anos-200x300.jpg 200w, https:\/\/infonewss-bucket.s3.amazonaws.com\/2025\/01\/IMG_9909-Padre-Marcos-ganha-estadio-com-grama-sintetica-e-carro-0-km-no-aniversario-de-61-anos-683x1024.jpg 683w, https:\/\/infonewss-bucket.s3.amazonaws.com\/2025\/01\/IMG_9909-Padre-Marcos-ganha-estadio-com-grama-sintetica-e-carro-0-km-no-aniversario-de-61-anos-768x1152.jpg 768w, https:\/\/infonewss-bucket.s3.amazonaws.com\/2025\/01\/IMG_9909-Padre-Marcos-ganha-estadio-com-grama-sintetica-e-carro-0-km-no-aniversario-de-61-anos-150x225.jpg 150w, https:\/\/infonewss-bucket.s3.amazonaws.com\/2025\/01\/IMG_9909-Padre-Marcos-ganha-estadio-com-grama-sintetica-e-carro-0-km-no-aniversario-de-61-anos-300x450.jpg 300w, https:\/\/infonewss-bucket.s3.amazonaws.com\/2025\/01\/IMG_9909-Padre-Marcos-ganha-estadio-com-grama-sintetica-e-carro-0-km-no-aniversario-de-61-anos-696x1044.jpg 696w, https:\/\/infonewss-bucket.s3.amazonaws.com\/2025\/01\/IMG_9909-Padre-Marcos-ganha-estadio-com-grama-sintetica-e-carro-0-km-no-aniversario-de-61-anos.jpg 900w\" alt=\"\" width=\"900\" height=\"1350\" \/><\/a>\u00a0<a href=\"https:\/\/infonewss.com\/padre-marcos-ganha-estadio-com-grama-sintetica-e-carro-0-km-no-aniversario-de-61-anos\/img_9910-padre-marcos-ganha-estadio-com-grama-sintetica-e-carro-0-km-no-aniversario-de-61-anos\/\" rel=\"attachment wp-att-595668\"><img loading=\"lazy\" decoding=\"async\" class=\"alignnone size-full wp-image-595668\" src=\"https:\/\/infonewss-bucket.s3.amazonaws.com\/2025\/01\/IMG_9910-Padre-Marcos-ganha-estadio-com-grama-sintetica-e-carro-0-km-no-aniversario-de-61-anos.jpg\" sizes=\"(max-width: 900px) 100vw, 900px\" srcset=\"https:\/\/infonewss-bucket.s3.amazonaws.com\/2025\/01\/IMG_9910-Padre-Marcos-ganha-estadio-com-grama-sintetica-e-carro-0-km-no-aniversario-de-61-anos-300x200.jpg 300w, https:\/\/infonewss-bucket.s3.amazonaws.com\/2025\/01\/IMG_9910-Padre-Marcos-ganha-estadio-com-grama-sintetica-e-carro-0-km-no-aniversario-de-61-anos-768x512.jpg 768w, https:\/\/infonewss-bucket.s3.amazonaws.com\/2025\/01\/IMG_9910-Padre-Marcos-ganha-estadio-com-grama-sintetica-e-carro-0-km-no-aniversario-de-61-anos.jpg 900w\" alt=\"\" width=\"900\" height=\"600\" \/><\/a>\u00a0<a href=\"https:\/\/infonewss.com\/padre-marcos-ganha-estadio-com-grama-sintetica-e-carro-0-km-no-aniversario-de-61-anos\/img_9912-padre-marcos-ganha-estadio-com-grama-sintetica-e-carro-0-km-no-aniversario-de-61-anos\/\" rel=\"attachment wp-att-595669\"><img loading=\"lazy\" decoding=\"async\" class=\"alignnone size-full wp-image-595669\" src=\"https:\/\/infonewss-bucket.s3.amazonaws.com\/2025\/01\/IMG_9912-Padre-Marcos-ganha-estadio-com-grama-sintetica-e-carro-0-km-no-aniversario-de-61-anos.jpg\" sizes=\"(max-width: 900px) 100vw, 900px\" srcset=\"https:\/\/infonewss-bucket.s3.amazonaws.com\/2025\/01\/IMG_9912-Padre-Marcos-ganha-estadio-com-grama-sintetica-e-carro-0-km-no-aniversario-de-61-anos-300x200.jpg 300w, https:\/\/infonewss-bucket.s3.amazonaws.com\/2025\/01\/IMG_9912-Padre-Marcos-ganha-estadio-com-grama-sintetica-e-carro-0-km-no-aniversario-de-61-anos-768x512.jpg 768w, https:\/\/infonewss-bucket.s3.amazonaws.com\/2025\/01\/IMG_9912-Padre-Marcos-ganha-estadio-com-grama-sintetica-e-carro-0-km-no-aniversario-de-61-anos.jpg 900w\" alt=\"\" width=\"900\" height=\"600\" \/><\/a>\u00a0<a href=\"https:\/\/infonewss.com\/padre-marcos-ganha-estadio-com-grama-sintetica-e-carro-0-km-no-aniversario-de-61-anos\/img_9913-padre-marcos-ganha-estadio-com-grama-sintetica-e-carro-0-km-no-aniversario-de-61-anos\/\" rel=\"attachment wp-att-595670\"><img loading=\"lazy\" decoding=\"async\" class=\"alignnone size-full wp-image-595670\" src=\"https:\/\/infonewss-bucket.s3.amazonaws.com\/2025\/01\/IMG_9913-Padre-Marcos-ganha-estadio-com-grama-sintetica-e-carro-0-km-no-aniversario-de-61-anos.jpg\" sizes=\"(max-width: 900px) 100vw, 900px\" srcset=\"https:\/\/infonewss-bucket.s3.amazonaws.com\/2025\/01\/IMG_9913-Padre-Marcos-ganha-estadio-com-grama-sintetica-e-carro-0-km-no-aniversario-de-61-anos-300x200.jpg 300w, https:\/\/infonewss-bucket.s3.amazonaws.com\/2025\/01\/IMG_9913-Padre-Marcos-ganha-estadio-com-grama-sintetica-e-carro-0-km-no-aniversario-de-61-anos-768x512.jpg 768w, https:\/\/infonewss-bucket.s3.amazonaws.com\/2025\/01\/IMG_9913-Padre-Marcos-ganha-estadio-com-grama-sintetica-e-carro-0-km-no-aniversario-de-61-anos.jpg 900w\" alt=\"\" width=\"900\" height=\"600\" \/><\/a>\u00a0<a href=\"https:\/\/infonewss.com\/padre-marcos-ganha-estadio-com-grama-sintetica-e-carro-0-km-no-aniversario-de-61-anos\/img_9916-padre-marcos-ganha-estadio-com-grama-sintetica-e-carro-0-km-no-aniversario-de-61-anos\/\" rel=\"attachment wp-att-595671\"><img loading=\"lazy\" decoding=\"async\" class=\"alignnone size-full wp-image-595671\" src=\"https:\/\/infonewss-bucket.s3.amazonaws.com\/2025\/01\/IMG_9916-Padre-Marcos-ganha-estadio-com-grama-sintetica-e-carro-0-km-no-aniversario-de-61-anos.jpg\" sizes=\"(max-width: 900px) 100vw, 900px\" srcset=\"https:\/\/infonewss-bucket.s3.amazonaws.com\/2025\/01\/IMG_9916-Padre-Marcos-ganha-estadio-com-grama-sintetica-e-carro-0-km-no-aniversario-de-61-anos-300x200.jpg 300w, https:\/\/infonewss-bucket.s3.amazonaws.com\/2025\/01\/IMG_9916-Padre-Marcos-ganha-estadio-com-grama-sintetica-e-carro-0-km-no-aniversario-de-61-anos-768x512.jpg 768w, https:\/\/infonewss-bucket.s3.amazonaws.com\/2025\/01\/IMG_9916-Padre-Marcos-ganha-estadio-com-grama-sintetica-e-carro-0-km-no-aniversario-de-61-anos.jpg 900w\" alt=\"\" width=\"900\" height=\"600\" \/><\/a>\u00a0<a href=\"https:\/\/infonewss.com\/padre-marcos-ganha-estadio-com-grama-sintetica-e-carro-0-km-no-aniversario-de-61-anos\/img_9917-padre-marcos-ganha-estadio-com-grama-sintetica-e-carro-0-km-no-aniversario-de-61-anos\/\" rel=\"attachment wp-att-595672\"><img loading=\"lazy\" decoding=\"async\" class=\"alignnone size-full wp-image-595672\" src=\"https:\/\/infonewss-bucket.s3.amazonaws.com\/2025\/01\/IMG_9917-Padre-Marcos-ganha-estadio-com-grama-sintetica-e-carro-0-km-no-aniversario-de-61-anos.jpg\" sizes=\"(max-width: 900px) 100vw, 900px\" srcset=\"https:\/\/infonewss-bucket.s3.amazonaws.com\/2025\/01\/IMG_9917-Padre-Marcos-ganha-estadio-com-grama-sintetica-e-carro-0-km-no-aniversario-de-61-anos-300x200.jpg 300w, https:\/\/infonewss-bucket.s3.amazonaws.com\/2025\/01\/IMG_9917-Padre-Marcos-ganha-estadio-com-grama-sintetica-e-carro-0-km-no-aniversario-de-61-anos-768x512.jpg 768w, https:\/\/infonewss-bucket.s3.amazonaws.com\/2025\/01\/IMG_9917-Padre-Marcos-ganha-estadio-com-grama-sintetica-e-carro-0-km-no-aniversario-de-61-anos.jpg 900w\" alt=\"\" width=\"900\" height=\"600\" \/><\/a>\u00a0<a href=\"https:\/\/infonewss.com\/padre-marcos-ganha-estadio-com-grama-sintetica-e-carro-0-km-no-aniversario-de-61-anos\/img_9918-padre-marcos-ganha-estadio-com-grama-sintetica-e-carro-0-km-no-aniversario-de-61-anos\/\" rel=\"attachment wp-att-595673\"><img loading=\"lazy\" decoding=\"async\" class=\"alignnone size-full wp-image-595673\" src=\"https:\/\/infonewss-bucket.s3.amazonaws.com\/2025\/01\/IMG_9918-Padre-Marcos-ganha-estadio-com-grama-sintetica-e-carro-0-km-no-aniversario-de-61-anos.jpg\" sizes=\"(max-width: 900px) 100vw, 900px\" srcset=\"https:\/\/infonewss-bucket.s3.amazonaws.com\/2025\/01\/IMG_9918-Padre-Marcos-ganha-estadio-com-grama-sintetica-e-carro-0-km-no-aniversario-de-61-anos-300x200.jpg 300w, https:\/\/infonewss-bucket.s3.amazonaws.com\/2025\/01\/IMG_9918-Padre-Marcos-ganha-estadio-com-grama-sintetica-e-carro-0-km-no-aniversario-de-61-anos-768x512.jpg 768w, https:\/\/infonewss-bucket.s3.amazonaws.com\/2025\/01\/IMG_9918-Padre-Marcos-ganha-estadio-com-grama-sintetica-e-carro-0-km-no-aniversario-de-61-anos.jpg 900w\" alt=\"\" width=\"900\" height=\"600\" \/><\/a>\u00a0<a href=\"https:\/\/infonewss.com\/padre-marcos-ganha-estadio-com-grama-sintetica-e-carro-0-km-no-aniversario-de-61-anos\/img_9920-padre-marcos-ganha-estadio-com-grama-sintetica-e-carro-0-km-no-aniversario-de-61-anos\/\" rel=\"attachment wp-att-595674\"><img loading=\"lazy\" decoding=\"async\" class=\"alignnone size-full wp-image-595674\" src=\"https:\/\/infonewss-bucket.s3.amazonaws.com\/2025\/01\/IMG_9920-Padre-Marcos-ganha-estadio-com-grama-sintetica-e-carro-0-km-no-aniversario-de-61-anos.jpg\" sizes=\"(max-width: 900px) 100vw, 900px\" srcset=\"https:\/\/infonewss-bucket.s3.amazonaws.com\/2025\/01\/IMG_9920-Padre-Marcos-ganha-estadio-com-grama-sintetica-e-carro-0-km-no-aniversario-de-61-anos-300x200.jpg 300w, https:\/\/infonewss-bucket.s3.amazonaws.com\/2025\/01\/IMG_9920-Padre-Marcos-ganha-estadio-com-grama-sintetica-e-carro-0-km-no-aniversario-de-61-anos-768x512.jpg 768w, https:\/\/infonewss-bucket.s3.amazonaws.com\/2025\/01\/IMG_9920-Padre-Marcos-ganha-estadio-com-grama-sintetica-e-carro-0-km-no-aniversario-de-61-anos.jpg 900w\" alt=\"\" width=\"900\" height=\"600\" \/><\/a>\u00a0<a href=\"https:\/\/infonewss.com\/padre-marcos-ganha-estadio-com-grama-sintetica-e-carro-0-km-no-aniversario-de-61-anos\/img_9921-padre-marcos-ganha-estadio-com-grama-sintetica-e-carro-0-km-no-aniversario-de-61-anos\/\" rel=\"attachment wp-att-595675\"><img loading=\"lazy\" decoding=\"async\" class=\"alignnone size-full wp-image-595675\" src=\"https:\/\/infonewss-bucket.s3.amazonaws.com\/2025\/01\/IMG_9921-Padre-Marcos-ganha-estadio-com-grama-sintetica-e-carro-0-km-no-aniversario-de-61-anos.jpg\" sizes=\"(max-width: 900px) 100vw, 900px\" srcset=\"https:\/\/infonewss-bucket.s3.amazonaws.com\/2025\/01\/IMG_9921-Padre-Marcos-ganha-estadio-com-grama-sintetica-e-carro-0-km-no-aniversario-de-61-anos-300x200.jpg 300w, https:\/\/infonewss-bucket.s3.amazonaws.com\/2025\/01\/IMG_9921-Padre-Marcos-ganha-estadio-com-grama-sintetica-e-carro-0-km-no-aniversario-de-61-anos-768x512.jpg 768w, https:\/\/infonewss-bucket.s3.amazonaws.com\/2025\/01\/IMG_9921-Padre-Marcos-ganha-estadio-com-grama-sintetica-e-carro-0-km-no-aniversario-de-61-anos.jpg 900w\" alt=\"\" width=\"900\" height=\"600\" \/><\/a>\u00a0<a href=\"https:\/\/infonewss.com\/padre-marcos-ganha-estadio-com-grama-sintetica-e-carro-0-km-no-aniversario-de-61-anos\/img_9922-padre-marcos-ganha-estadio-com-grama-sintetica-e-carro-0-km-no-aniversario-de-61-anos\/\" rel=\"attachment wp-att-595676\"><img loading=\"lazy\" decoding=\"async\" class=\"alignnone size-full wp-image-595676\" src=\"https:\/\/infonewss-bucket.s3.amazonaws.com\/2025\/01\/IMG_9922-Padre-Marcos-ganha-estadio-com-grama-sintetica-e-carro-0-km-no-aniversario-de-61-anos.jpg\" sizes=\"(max-width: 900px) 100vw, 900px\" srcset=\"https:\/\/infonewss-bucket.s3.amazonaws.com\/2025\/01\/IMG_9922-Padre-Marcos-ganha-estadio-com-grama-sintetica-e-carro-0-km-no-aniversario-de-61-anos-300x200.jpg 300w, https:\/\/infonewss-bucket.s3.amazonaws.com\/2025\/01\/IMG_9922-Padre-Marcos-ganha-estadio-com-grama-sintetica-e-carro-0-km-no-aniversario-de-61-anos-768x512.jpg 768w, https:\/\/infonewss-bucket.s3.amazonaws.com\/2025\/01\/IMG_9922-Padre-Marcos-ganha-estadio-com-grama-sintetica-e-carro-0-km-no-aniversario-de-61-anos.jpg 900w\" alt=\"\" width=\"900\" height=\"600\" \/><\/a>\u00a0<a href=\"https:\/\/infonewss.com\/padre-marcos-ganha-estadio-com-grama-sintetica-e-carro-0-km-no-aniversario-de-61-anos\/img_9924-padre-marcos-ganha-estadio-com-grama-sintetica-e-carro-0-km-no-aniversario-de-61-anos\/\" rel=\"attachment wp-att-595677\"><img loading=\"lazy\" decoding=\"async\" class=\"alignnone size-full wp-image-595677\" src=\"https:\/\/infonewss-bucket.s3.amazonaws.com\/2025\/01\/IMG_9924-Padre-Marcos-ganha-estadio-com-grama-sintetica-e-carro-0-km-no-aniversario-de-61-anos.jpg\" sizes=\"(max-width: 900px) 100vw, 900px\" srcset=\"https:\/\/infonewss-bucket.s3.amazonaws.com\/2025\/01\/IMG_9924-Padre-Marcos-ganha-estadio-com-grama-sintetica-e-carro-0-km-no-aniversario-de-61-anos-300x200.jpg 300w, https:\/\/infonewss-bucket.s3.amazonaws.com\/2025\/01\/IMG_9924-Padre-Marcos-ganha-estadio-com-grama-sintetica-e-carro-0-km-no-aniversario-de-61-anos-768x512.jpg 768w, https:\/\/infonewss-bucket.s3.amazonaws.com\/2025\/01\/IMG_9924-Padre-Marcos-ganha-estadio-com-grama-sintetica-e-carro-0-km-no-aniversario-de-61-anos.jpg 900w\" alt=\"\" width=\"900\" height=\"600\" \/><\/a>\u00a0<a href=\"https:\/\/infonewss.com\/padre-marcos-ganha-estadio-com-grama-sintetica-e-carro-0-km-no-aniversario-de-61-anos\/img_9925-padre-marcos-ganha-estadio-com-grama-sintetica-e-carro-0-km-no-aniversario-de-61-anos\/\" rel=\"attachment wp-att-595678\"><img loading=\"lazy\" decoding=\"async\" class=\"alignnone size-full wp-image-595678\" src=\"https:\/\/infonewss-bucket.s3.amazonaws.com\/2025\/01\/IMG_9925-Padre-Marcos-ganha-estadio-com-grama-sintetica-e-carro-0-km-no-aniversario-de-61-anos.jpg\" sizes=\"(max-width: 900px) 100vw, 900px\" srcset=\"https:\/\/infonewss-bucket.s3.amazonaws.com\/2025\/01\/IMG_9925-Padre-Marcos-ganha-estadio-com-grama-sintetica-e-carro-0-km-no-aniversario-de-61-anos-300x200.jpg 300w, https:\/\/infonewss-bucket.s3.amazonaws.com\/2025\/01\/IMG_9925-Padre-Marcos-ganha-estadio-com-grama-sintetica-e-carro-0-km-no-aniversario-de-61-anos-768x512.jpg 768w, https:\/\/infonewss-bucket.s3.amazonaws.com\/2025\/01\/IMG_9925-Padre-Marcos-ganha-estadio-com-grama-sintetica-e-carro-0-km-no-aniversario-de-61-anos.jpg 900w\" alt=\"\" width=\"900\" height=\"600\" \/><\/a>\u00a0<a href=\"https:\/\/infonewss.com\/padre-marcos-ganha-estadio-com-grama-sintetica-e-carro-0-km-no-aniversario-de-61-anos\/img_9926-padre-marcos-ganha-estadio-com-grama-sintetica-e-carro-0-km-no-aniversario-de-61-anos\/\" rel=\"attachment wp-att-595679\"><img loading=\"lazy\" decoding=\"async\" class=\"alignnone size-full wp-image-595679\" src=\"https:\/\/infonewss-bucket.s3.amazonaws.com\/2025\/01\/IMG_9926-Padre-Marcos-ganha-estadio-com-grama-sintetica-e-carro-0-km-no-aniversario-de-61-anos.jpg\" sizes=\"(max-width: 900px) 100vw, 900px\" srcset=\"https:\/\/infonewss-bucket.s3.amazonaws.com\/2025\/01\/IMG_9926-Padre-Marcos-ganha-estadio-com-grama-sintetica-e-carro-0-km-no-aniversario-de-61-anos-200x300.jpg 200w, https:\/\/infonewss-bucket.s3.amazonaws.com\/2025\/01\/IMG_9926-Padre-Marcos-ganha-estadio-com-grama-sintetica-e-carro-0-km-no-aniversario-de-61-anos-683x1024.jpg 683w, https:\/\/infonewss-bucket.s3.amazonaws.com\/2025\/01\/IMG_9926-Padre-Marcos-ganha-estadio-com-grama-sintetica-e-carro-0-km-no-aniversario-de-61-anos-768x1152.jpg 768w, https:\/\/infonewss-bucket.s3.amazonaws.com\/2025\/01\/IMG_9926-Padre-Marcos-ganha-estadio-com-grama-sintetica-e-carro-0-km-no-aniversario-de-61-anos-150x225.jpg 150w, https:\/\/infonewss-bucket.s3.amazonaws.com\/2025\/01\/IMG_9926-Padre-Marcos-ganha-estadio-com-grama-sintetica-e-carro-0-km-no-aniversario-de-61-anos-300x450.jpg 300w, https:\/\/infonewss-bucket.s3.amazonaws.com\/2025\/01\/IMG_9926-Padre-Marcos-ganha-estadio-com-grama-sintetica-e-carro-0-km-no-aniversario-de-61-anos-696x1044.jpg 696w, https:\/\/infonewss-bucket.s3.amazonaws.com\/2025\/01\/IMG_9926-Padre-Marcos-ganha-estadio-com-grama-sintetica-e-carro-0-km-no-aniversario-de-61-anos.jpg 900w\" alt=\"\" width=\"900\" height=\"1350\" \/><\/a>\u00a0<a href=\"https:\/\/infonewss.com\/padre-marcos-ganha-estadio-com-grama-sintetica-e-carro-0-km-no-aniversario-de-61-anos\/img_9929-padre-marcos-ganha-estadio-com-grama-sintetica-e-carro-0-km-no-aniversario-de-61-anos\/\" rel=\"attachment wp-att-595680\"><img loading=\"lazy\" decoding=\"async\" class=\"alignnone size-full wp-image-595680\" src=\"https:\/\/infonewss-bucket.s3.amazonaws.com\/2025\/01\/IMG_9929-Padre-Marcos-ganha-estadio-com-grama-sintetica-e-carro-0-km-no-aniversario-de-61-anos.jpg\" sizes=\"(max-width: 900px) 100vw, 900px\" srcset=\"https:\/\/infonewss-bucket.s3.amazonaws.com\/2025\/01\/IMG_9929-Padre-Marcos-ganha-estadio-com-grama-sintetica-e-carro-0-km-no-aniversario-de-61-anos-200x300.jpg 200w, https:\/\/infonewss-bucket.s3.amazonaws.com\/2025\/01\/IMG_9929-Padre-Marcos-ganha-estadio-com-grama-sintetica-e-carro-0-km-no-aniversario-de-61-anos-683x1024.jpg 683w, https:\/\/infonewss-bucket.s3.amazonaws.com\/2025\/01\/IMG_9929-Padre-Marcos-ganha-estadio-com-grama-sintetica-e-carro-0-km-no-aniversario-de-61-anos-768x1152.jpg 768w, https:\/\/infonewss-bucket.s3.amazonaws.com\/2025\/01\/IMG_9929-Padre-Marcos-ganha-estadio-com-grama-sintetica-e-carro-0-km-no-aniversario-de-61-anos-150x225.jpg 150w, https:\/\/infonewss-bucket.s3.amazonaws.com\/2025\/01\/IMG_9929-Padre-Marcos-ganha-estadio-com-grama-sintetica-e-carro-0-km-no-aniversario-de-61-anos-300x450.jpg 300w, https:\/\/infonewss-bucket.s3.amazonaws.com\/2025\/01\/IMG_9929-Padre-Marcos-ganha-estadio-com-grama-sintetica-e-carro-0-km-no-aniversario-de-61-anos-696x1044.jpg 696w, https:\/\/infonewss-bucket.s3.amazonaws.com\/2025\/01\/IMG_9929-Padre-Marcos-ganha-estadio-com-grama-sintetica-e-carro-0-km-no-aniversario-de-61-anos.jpg 900w\" alt=\"\" width=\"900\" height=\"1350\" \/><\/a>\u00a0<a href=\"https:\/\/infonewss.com\/padre-marcos-ganha-estadio-com-grama-sintetica-e-carro-0-km-no-aniversario-de-61-anos\/img_9930-padre-marcos-ganha-estadio-com-grama-sintetica-e-carro-0-km-no-aniversario-de-61-anos\/\" rel=\"attachment wp-att-595681\"><img loading=\"lazy\" decoding=\"async\" class=\"alignnone size-full wp-image-595681\" src=\"https:\/\/infonewss-bucket.s3.amazonaws.com\/2025\/01\/IMG_9930-Padre-Marcos-ganha-estadio-com-grama-sintetica-e-carro-0-km-no-aniversario-de-61-anos.jpg\" sizes=\"(max-width: 900px) 100vw, 900px\" srcset=\"https:\/\/infonewss-bucket.s3.amazonaws.com\/2025\/01\/IMG_9930-Padre-Marcos-ganha-estadio-com-grama-sintetica-e-carro-0-km-no-aniversario-de-61-anos-300x200.jpg 300w, https:\/\/infonewss-bucket.s3.amazonaws.com\/2025\/01\/IMG_9930-Padre-Marcos-ganha-estadio-com-grama-sintetica-e-carro-0-km-no-aniversario-de-61-anos-768x512.jpg 768w, https:\/\/infonewss-bucket.s3.amazonaws.com\/2025\/01\/IMG_9930-Padre-Marcos-ganha-estadio-com-grama-sintetica-e-carro-0-km-no-aniversario-de-61-anos.jpg 900w\" alt=\"\" width=\"900\" height=\"600\" \/><\/a>\u00a0<a href=\"https:\/\/infonewss.com\/padre-marcos-ganha-estadio-com-grama-sintetica-e-carro-0-km-no-aniversario-de-61-anos\/img_9937-padre-marcos-ganha-estadio-com-grama-sintetica-e-carro-0-km-no-aniversario-de-61-anos\/\" rel=\"attachment wp-att-595682\"><img loading=\"lazy\" decoding=\"async\" class=\"alignnone size-full wp-image-595682\" src=\"https:\/\/infonewss-bucket.s3.amazonaws.com\/2025\/01\/IMG_9937-Padre-Marcos-ganha-estadio-com-grama-sintetica-e-carro-0-km-no-aniversario-de-61-anos.jpg\" sizes=\"(max-width: 900px) 100vw, 900px\" srcset=\"https:\/\/infonewss-bucket.s3.amazonaws.com\/2025\/01\/IMG_9937-Padre-Marcos-ganha-estadio-com-grama-sintetica-e-carro-0-km-no-aniversario-de-61-anos-300x200.jpg 300w, https:\/\/infonewss-bucket.s3.amazonaws.com\/2025\/01\/IMG_9937-Padre-Marcos-ganha-estadio-com-grama-sintetica-e-carro-0-km-no-aniversario-de-61-anos-768x512.jpg 768w, https:\/\/infonewss-bucket.s3.amazonaws.com\/2025\/01\/IMG_9937-Padre-Marcos-ganha-estadio-com-grama-sintetica-e-carro-0-km-no-aniversario-de-61-anos.jpg 900w\" alt=\"\" width=\"900\" height=\"600\" \/><\/a>\u00a0<a href=\"https:\/\/infonewss.com\/padre-marcos-ganha-estadio-com-grama-sintetica-e-carro-0-km-no-aniversario-de-61-anos\/img_9940-padre-marcos-ganha-estadio-com-grama-sintetica-e-carro-0-km-no-aniversario-de-61-anos\/\" rel=\"attachment wp-att-595683\"><img loading=\"lazy\" decoding=\"async\" class=\"alignnone size-full wp-image-595683\" src=\"https:\/\/infonewss-bucket.s3.amazonaws.com\/2025\/01\/IMG_9940-Padre-Marcos-ganha-estadio-com-grama-sintetica-e-carro-0-km-no-aniversario-de-61-anos.jpg\" sizes=\"(max-width: 900px) 100vw, 900px\" srcset=\"https:\/\/infonewss-bucket.s3.amazonaws.com\/2025\/01\/IMG_9940-Padre-Marcos-ganha-estadio-com-grama-sintetica-e-carro-0-km-no-aniversario-de-61-anos-300x200.jpg 300w, https:\/\/infonewss-bucket.s3.amazonaws.com\/2025\/01\/IMG_9940-Padre-Marcos-ganha-estadio-com-grama-sintetica-e-carro-0-km-no-aniversario-de-61-anos-768x512.jpg 768w, https:\/\/infonewss-bucket.s3.amazonaws.com\/2025\/01\/IMG_9940-Padre-Marcos-ganha-estadio-com-grama-sintetica-e-carro-0-km-no-aniversario-de-61-anos.jpg 900w\" alt=\"\" width=\"900\" height=\"600\" \/><\/a>\u00a0<a href=\"https:\/\/infonewss.com\/padre-marcos-ganha-estadio-com-grama-sintetica-e-carro-0-km-no-aniversario-de-61-anos\/img_9942-padre-marcos-ganha-estadio-com-grama-sintetica-e-carro-0-km-no-aniversario-de-61-anos\/\" rel=\"attachment wp-att-595684\"><img loading=\"lazy\" decoding=\"async\" class=\"alignnone size-full wp-image-595684\" src=\"https:\/\/infonewss-bucket.s3.amazonaws.com\/2025\/01\/IMG_9942-Padre-Marcos-ganha-estadio-com-grama-sintetica-e-carro-0-km-no-aniversario-de-61-anos.jpg\" sizes=\"(max-width: 900px) 100vw, 900px\" srcset=\"https:\/\/infonewss-bucket.s3.amazonaws.com\/2025\/01\/IMG_9942-Padre-Marcos-ganha-estadio-com-grama-sintetica-e-carro-0-km-no-aniversario-de-61-anos-300x200.jpg 300w, https:\/\/infonewss-bucket.s3.amazonaws.com\/2025\/01\/IMG_9942-Padre-Marcos-ganha-estadio-com-grama-sintetica-e-carro-0-km-no-aniversario-de-61-anos-768x512.jpg 768w, https:\/\/infonewss-bucket.s3.amazonaws.com\/2025\/01\/IMG_9942-Padre-Marcos-ganha-estadio-com-grama-sintetica-e-carro-0-km-no-aniversario-de-61-anos.jpg 900w\" alt=\"\" width=\"900\" height=\"600\" \/><\/a>\u00a0<a href=\"https:\/\/infonewss.com\/padre-marcos-ganha-estadio-com-grama-sintetica-e-carro-0-km-no-aniversario-de-61-anos\/img_9944-padre-marcos-ganha-estadio-com-grama-sintetica-e-carro-0-km-no-aniversario-de-61-anos\/\" rel=\"attachment wp-att-595685\"><img loading=\"lazy\" decoding=\"async\" class=\"alignnone size-full wp-image-595685\" src=\"https:\/\/infonewss-bucket.s3.amazonaws.com\/2025\/01\/IMG_9944-Padre-Marcos-ganha-estadio-com-grama-sintetica-e-carro-0-km-no-aniversario-de-61-anos.jpg\" sizes=\"(max-width: 900px) 100vw, 900px\" srcset=\"https:\/\/infonewss-bucket.s3.amazonaws.com\/2025\/01\/IMG_9944-Padre-Marcos-ganha-estadio-com-grama-sintetica-e-carro-0-km-no-aniversario-de-61-anos-300x200.jpg 300w, https:\/\/infonewss-bucket.s3.amazonaws.com\/2025\/01\/IMG_9944-Padre-Marcos-ganha-estadio-com-grama-sintetica-e-carro-0-km-no-aniversario-de-61-anos-768x512.jpg 768w, https:\/\/infonewss-bucket.s3.amazonaws.com\/2025\/01\/IMG_9944-Padre-Marcos-ganha-estadio-com-grama-sintetica-e-carro-0-km-no-aniversario-de-61-anos.jpg 900w\" alt=\"\" width=\"900\" height=\"600\" \/><\/a>\u00a0<a href=\"https:\/\/infonewss.com\/padre-marcos-ganha-estadio-com-grama-sintetica-e-carro-0-km-no-aniversario-de-61-anos\/img_9945-padre-marcos-ganha-estadio-com-grama-sintetica-e-carro-0-km-no-aniversario-de-61-anos\/\" rel=\"attachment wp-att-595686\"><img loading=\"lazy\" decoding=\"async\" class=\"alignnone size-full wp-image-595686\" src=\"https:\/\/infonewss-bucket.s3.amazonaws.com\/2025\/01\/IMG_9945-Padre-Marcos-ganha-estadio-com-grama-sintetica-e-carro-0-km-no-aniversario-de-61-anos.jpg\" sizes=\"(max-width: 900px) 100vw, 900px\" srcset=\"https:\/\/infonewss-bucket.s3.amazonaws.com\/2025\/01\/IMG_9945-Padre-Marcos-ganha-estadio-com-grama-sintetica-e-carro-0-km-no-aniversario-de-61-anos-300x200.jpg 300w, https:\/\/infonewss-bucket.s3.amazonaws.com\/2025\/01\/IMG_9945-Padre-Marcos-ganha-estadio-com-grama-sintetica-e-carro-0-km-no-aniversario-de-61-anos-768x512.jpg 768w, https:\/\/infonewss-bucket.s3.amazonaws.com\/2025\/01\/IMG_9945-Padre-Marcos-ganha-estadio-com-grama-sintetica-e-carro-0-km-no-aniversario-de-61-anos.jpg 900w\" alt=\"\" width=\"900\" height=\"600\" \/><\/a>\u00a0<a href=\"https:\/\/infonewss.com\/padre-marcos-ganha-estadio-com-grama-sintetica-e-carro-0-km-no-aniversario-de-61-anos\/img_9946-padre-marcos-ganha-estadio-com-grama-sintetica-e-carro-0-km-no-aniversario-de-61-anos\/\" rel=\"attachment wp-att-595687\"><img loading=\"lazy\" decoding=\"async\" class=\"alignnone size-full wp-image-595687\" src=\"https:\/\/infonewss-bucket.s3.amazonaws.com\/2025\/01\/IMG_9946-Padre-Marcos-ganha-estadio-com-grama-sintetica-e-carro-0-km-no-aniversario-de-61-anos.jpg\" sizes=\"(max-width: 900px) 100vw, 900px\" srcset=\"https:\/\/infonewss-bucket.s3.amazonaws.com\/2025\/01\/IMG_9946-Padre-Marcos-ganha-estadio-com-grama-sintetica-e-carro-0-km-no-aniversario-de-61-anos-300x200.jpg 300w, https:\/\/infonewss-bucket.s3.amazonaws.com\/2025\/01\/IMG_9946-Padre-Marcos-ganha-estadio-com-grama-sintetica-e-carro-0-km-no-aniversario-de-61-anos-768x512.jpg 768w, https:\/\/infonewss-bucket.s3.amazonaws.com\/2025\/01\/IMG_9946-Padre-Marcos-ganha-estadio-com-grama-sintetica-e-carro-0-km-no-aniversario-de-61-anos.jpg 900w\" alt=\"\" width=\"900\" height=\"600\" \/><\/a>\u00a0<a href=\"https:\/\/infonewss.com\/padre-marcos-ganha-estadio-com-grama-sintetica-e-carro-0-km-no-aniversario-de-61-anos\/img_9949-padre-marcos-ganha-estadio-com-grama-sintetica-e-carro-0-km-no-aniversario-de-61-anos\/\" rel=\"attachment wp-att-595688\"><img loading=\"lazy\" decoding=\"async\" class=\"alignnone size-full wp-image-595688\" src=\"https:\/\/infonewss-bucket.s3.amazonaws.com\/2025\/01\/IMG_9949-Padre-Marcos-ganha-estadio-com-grama-sintetica-e-carro-0-km-no-aniversario-de-61-anos.jpg\" sizes=\"(max-width: 900px) 100vw, 900px\" srcset=\"https:\/\/infonewss-bucket.s3.amazonaws.com\/2025\/01\/IMG_9949-Padre-Marcos-ganha-estadio-com-grama-sintetica-e-carro-0-km-no-aniversario-de-61-anos-300x200.jpg 300w, https:\/\/infonewss-bucket.s3.amazonaws.com\/2025\/01\/IMG_9949-Padre-Marcos-ganha-estadio-com-grama-sintetica-e-carro-0-km-no-aniversario-de-61-anos-768x512.jpg 768w, https:\/\/infonewss-bucket.s3.amazonaws.com\/2025\/01\/IMG_9949-Padre-Marcos-ganha-estadio-com-grama-sintetica-e-carro-0-km-no-aniversario-de-61-anos.jpg 900w\" alt=\"\" width=\"900\" height=\"600\" \/><\/a>\u00a0<a href=\"https:\/\/infonewss.com\/padre-marcos-ganha-estadio-com-grama-sintetica-e-carro-0-km-no-aniversario-de-61-anos\/img_9954-padre-marcos-ganha-estadio-com-grama-sintetica-e-carro-0-km-no-aniversario-de-61-anos\/\" rel=\"attachment wp-att-595689\"><img loading=\"lazy\" decoding=\"async\" class=\"alignnone size-full wp-image-595689\" src=\"https:\/\/infonewss-bucket.s3.amazonaws.com\/2025\/01\/IMG_9954-Padre-Marcos-ganha-estadio-com-grama-sintetica-e-carro-0-km-no-aniversario-de-61-anos.jpg\" sizes=\"(max-width: 900px) 100vw, 900px\" srcset=\"https:\/\/infonewss-bucket.s3.amazonaws.com\/2025\/01\/IMG_9954-Padre-Marcos-ganha-estadio-com-grama-sintetica-e-carro-0-km-no-aniversario-de-61-anos-300x200.jpg 300w, https:\/\/infonewss-bucket.s3.amazonaws.com\/2025\/01\/IMG_9954-Padre-Marcos-ganha-estadio-com-grama-sintetica-e-carro-0-km-no-aniversario-de-61-anos-768x512.jpg 768w, https:\/\/infonewss-bucket.s3.amazonaws.com\/2025\/01\/IMG_9954-Padre-Marcos-ganha-estadio-com-grama-sintetica-e-carro-0-km-no-aniversario-de-61-anos.jpg 900w\" alt=\"\" width=\"900\" height=\"600\" \/><\/a>\u00a0<a href=\"https:\/\/infonewss.com\/padre-marcos-ganha-estadio-com-grama-sintetica-e-carro-0-km-no-aniversario-de-61-anos\/img_9959-padre-marcos-ganha-estadio-com-grama-sintetica-e-carro-0-km-no-aniversario-de-61-anos\/\" rel=\"attachment wp-att-595690\"><img loading=\"lazy\" decoding=\"async\" class=\"alignnone size-full wp-image-595690\" src=\"https:\/\/infonewss-bucket.s3.amazonaws.com\/2025\/01\/IMG_9959-Padre-Marcos-ganha-estadio-com-grama-sintetica-e-carro-0-km-no-aniversario-de-61-anos.jpg\" sizes=\"(max-width: 900px) 100vw, 900px\" srcset=\"https:\/\/infonewss-bucket.s3.amazonaws.com\/2025\/01\/IMG_9959-Padre-Marcos-ganha-estadio-com-grama-sintetica-e-carro-0-km-no-aniversario-de-61-anos-300x200.jpg 300w, https:\/\/infonewss-bucket.s3.amazonaws.com\/2025\/01\/IMG_9959-Padre-Marcos-ganha-estadio-com-grama-sintetica-e-carro-0-km-no-aniversario-de-61-anos-768x512.jpg 768w, https:\/\/infonewss-bucket.s3.amazonaws.com\/2025\/01\/IMG_9959-Padre-Marcos-ganha-estadio-com-grama-sintetica-e-carro-0-km-no-aniversario-de-61-anos.jpg 900w\" alt=\"\" width=\"900\" height=\"600\" \/><\/a>\u00a0<a href=\"https:\/\/infonewss.com\/padre-marcos-ganha-estadio-com-grama-sintetica-e-carro-0-km-no-aniversario-de-61-anos\/img_9961-padre-marcos-ganha-estadio-com-grama-sintetica-e-carro-0-km-no-aniversario-de-61-anos\/\" rel=\"attachment wp-att-595691\"><img loading=\"lazy\" decoding=\"async\" class=\"alignnone size-full wp-image-595691\" src=\"https:\/\/infonewss-bucket.s3.amazonaws.com\/2025\/01\/IMG_9961-Padre-Marcos-ganha-estadio-com-grama-sintetica-e-carro-0-km-no-aniversario-de-61-anos.jpg\" sizes=\"(max-width: 900px) 100vw, 900px\" srcset=\"https:\/\/infonewss-bucket.s3.amazonaws.com\/2025\/01\/IMG_9961-Padre-Marcos-ganha-estadio-com-grama-sintetica-e-carro-0-km-no-aniversario-de-61-anos-300x200.jpg 300w, https:\/\/infonewss-bucket.s3.amazonaws.com\/2025\/01\/IMG_9961-Padre-Marcos-ganha-estadio-com-grama-sintetica-e-carro-0-km-no-aniversario-de-61-anos-768x512.jpg 768w, https:\/\/infonewss-bucket.s3.amazonaws.com\/2025\/01\/IMG_9961-Padre-Marcos-ganha-estadio-com-grama-sintetica-e-carro-0-km-no-aniversario-de-61-anos.jpg 900w\" alt=\"\" width=\"900\" height=\"600\" \/><\/a>\u00a0<a href=\"https:\/\/infonewss.com\/padre-marcos-ganha-estadio-com-grama-sintetica-e-carro-0-km-no-aniversario-de-61-anos\/img_9962-padre-marcos-ganha-estadio-com-grama-sintetica-e-carro-0-km-no-aniversario-de-61-anos\/\" rel=\"attachment wp-att-595692\"><img loading=\"lazy\" decoding=\"async\" class=\"alignnone size-full wp-image-595692\" src=\"https:\/\/infonewss-bucket.s3.amazonaws.com\/2025\/01\/IMG_9962-Padre-Marcos-ganha-estadio-com-grama-sintetica-e-carro-0-km-no-aniversario-de-61-anos.jpg\" sizes=\"(max-width: 900px) 100vw, 900px\" srcset=\"https:\/\/infonewss-bucket.s3.amazonaws.com\/2025\/01\/IMG_9962-Padre-Marcos-ganha-estadio-com-grama-sintetica-e-carro-0-km-no-aniversario-de-61-anos-300x200.jpg 300w, https:\/\/infonewss-bucket.s3.amazonaws.com\/2025\/01\/IMG_9962-Padre-Marcos-ganha-estadio-com-grama-sintetica-e-carro-0-km-no-aniversario-de-61-anos-768x512.jpg 768w, https:\/\/infonewss-bucket.s3.amazonaws.com\/2025\/01\/IMG_9962-Padre-Marcos-ganha-estadio-com-grama-sintetica-e-carro-0-km-no-aniversario-de-61-anos.jpg 900w\" alt=\"\" width=\"900\" height=\"600\" \/><\/a>\u00a0<a href=\"https:\/\/infonewss.com\/padre-marcos-ganha-estadio-com-grama-sintetica-e-carro-0-km-no-aniversario-de-61-anos\/img_9964-padre-marcos-ganha-estadio-com-grama-sintetica-e-carro-0-km-no-aniversario-de-61-anos\/\" rel=\"attachment wp-att-595693\"><img loading=\"lazy\" decoding=\"async\" class=\"alignnone size-full wp-image-595693\" src=\"https:\/\/infonewss-bucket.s3.amazonaws.com\/2025\/01\/IMG_9964-Padre-Marcos-ganha-estadio-com-grama-sintetica-e-carro-0-km-no-aniversario-de-61-anos.jpg\" sizes=\"(max-width: 900px) 100vw, 900px\" srcset=\"https:\/\/infonewss-bucket.s3.amazonaws.com\/2025\/01\/IMG_9964-Padre-Marcos-ganha-estadio-com-grama-sintetica-e-carro-0-km-no-aniversario-de-61-anos-300x200.jpg 300w, https:\/\/infonewss-bucket.s3.amazonaws.com\/2025\/01\/IMG_9964-Padre-Marcos-ganha-estadio-com-grama-sintetica-e-carro-0-km-no-aniversario-de-61-anos-768x512.jpg 768w, https:\/\/infonewss-bucket.s3.amazonaws.com\/2025\/01\/IMG_9964-Padre-Marcos-ganha-estadio-com-grama-sintetica-e-carro-0-km-no-aniversario-de-61-anos.jpg 900w\" alt=\"\" width=\"900\" height=\"600\" \/><\/a>\u00a0<a href=\"https:\/\/infonewss.com\/padre-marcos-ganha-estadio-com-grama-sintetica-e-carro-0-km-no-aniversario-de-61-anos\/img_5721-padre-marcos-ganha-estadio-com-grama-sintetica-e-carro-0-km-no-aniversario-de-61-anos\/\" rel=\"attachment wp-att-595694\"><img loading=\"lazy\" decoding=\"async\" class=\"alignnone size-full wp-image-595694\" src=\"https:\/\/infonewss-bucket.s3.amazonaws.com\/2025\/01\/IMG_5721-Padre-Marcos-ganha-estadio-com-grama-sintetica-e-carro-0-km-no-aniversario-de-61-anos.jpg\" sizes=\"(max-width: 900px) 100vw, 900px\" srcset=\"https:\/\/infonewss-bucket.s3.amazonaws.com\/2025\/01\/IMG_5721-Padre-Marcos-ganha-estadio-com-grama-sintetica-e-carro-0-km-no-aniversario-de-61-anos-200x300.jpg 200w, https:\/\/infonewss-bucket.s3.amazonaws.com\/2025\/01\/IMG_5721-Padre-Marcos-ganha-estadio-com-grama-sintetica-e-carro-0-km-no-aniversario-de-61-anos-683x1024.jpg 683w, https:\/\/infonewss-bucket.s3.amazonaws.com\/2025\/01\/IMG_5721-Padre-Marcos-ganha-estadio-com-grama-sintetica-e-carro-0-km-no-aniversario-de-61-anos-768x1152.jpg 768w, https:\/\/infonewss-bucket.s3.amazonaws.com\/2025\/01\/IMG_5721-Padre-Marcos-ganha-estadio-com-grama-sintetica-e-carro-0-km-no-aniversario-de-61-anos-150x225.jpg 150w, https:\/\/infonewss-bucket.s3.amazonaws.com\/2025\/01\/IMG_5721-Padre-Marcos-ganha-estadio-com-grama-sintetica-e-carro-0-km-no-aniversario-de-61-anos-300x450.jpg 300w, https:\/\/infonewss-bucket.s3.amazonaws.com\/2025\/01\/IMG_5721-Padre-Marcos-ganha-estadio-com-grama-sintetica-e-carro-0-km-no-aniversario-de-61-anos-696x1044.jpg 696w, https:\/\/infonewss-bucket.s3.amazonaws.com\/2025\/01\/IMG_5721-Padre-Marcos-ganha-estadio-com-grama-sintetica-e-carro-0-km-no-aniversario-de-61-anos.jpg 900w\" alt=\"\" width=\"900\" height=\"1350\" \/><\/a>\u00a0<a href=\"https:\/\/infonewss.com\/padre-marcos-ganha-estadio-com-grama-sintetica-e-carro-0-km-no-aniversario-de-61-anos\/img_5723-padre-marcos-ganha-estadio-com-grama-sintetica-e-carro-0-km-no-aniversario-de-61-anos\/\" rel=\"attachment wp-att-595695\"><img loading=\"lazy\" decoding=\"async\" class=\"alignnone size-full wp-image-595695\" src=\"https:\/\/infonewss-bucket.s3.amazonaws.com\/2025\/01\/IMG_5723-Padre-Marcos-ganha-estadio-com-grama-sintetica-e-carro-0-km-no-aniversario-de-61-anos.jpg\" sizes=\"(max-width: 900px) 100vw, 900px\" srcset=\"https:\/\/infonewss-bucket.s3.amazonaws.com\/2025\/01\/IMG_5723-Padre-Marcos-ganha-estadio-com-grama-sintetica-e-carro-0-km-no-aniversario-de-61-anos-200x300.jpg 200w, https:\/\/infonewss-bucket.s3.amazonaws.com\/2025\/01\/IMG_5723-Padre-Marcos-ganha-estadio-com-grama-sintetica-e-carro-0-km-no-aniversario-de-61-anos-683x1024.jpg 683w, https:\/\/infonewss-bucket.s3.amazonaws.com\/2025\/01\/IMG_5723-Padre-Marcos-ganha-estadio-com-grama-sintetica-e-carro-0-km-no-aniversario-de-61-anos-768x1152.jpg 768w, https:\/\/infonewss-bucket.s3.amazonaws.com\/2025\/01\/IMG_5723-Padre-Marcos-ganha-estadio-com-grama-sintetica-e-carro-0-km-no-aniversario-de-61-anos-150x225.jpg 150w, https:\/\/infonewss-bucket.s3.amazonaws.com\/2025\/01\/IMG_5723-Padre-Marcos-ganha-estadio-com-grama-sintetica-e-carro-0-km-no-aniversario-de-61-anos-300x450.jpg 300w, https:\/\/infonewss-bucket.s3.amazonaws.com\/2025\/01\/IMG_5723-Padre-Marcos-ganha-estadio-com-grama-sintetica-e-carro-0-km-no-aniversario-de-61-anos-696x1044.jpg 696w, https:\/\/infonewss-bucket.s3.amazonaws.com\/2025\/01\/IMG_5723-Padre-Marcos-ganha-estadio-com-grama-sintetica-e-carro-0-km-no-aniversario-de-61-anos.jpg 900w\" alt=\"\" width=\"900\" height=\"1350\" \/><\/a>\u00a0<a href=\"https:\/\/infonewss.com\/padre-marcos-ganha-estadio-com-grama-sintetica-e-carro-0-km-no-aniversario-de-61-anos\/img_5727-padre-marcos-ganha-estadio-com-grama-sintetica-e-carro-0-km-no-aniversario-de-61-anos\/\" rel=\"attachment wp-att-595696\"><img loading=\"lazy\" decoding=\"async\" class=\"alignnone size-full wp-image-595696\" src=\"https:\/\/infonewss-bucket.s3.amazonaws.com\/2025\/01\/IMG_5727-Padre-Marcos-ganha-estadio-com-grama-sintetica-e-carro-0-km-no-aniversario-de-61-anos.jpg\" sizes=\"(max-width: 900px) 100vw, 900px\" srcset=\"https:\/\/infonewss-bucket.s3.amazonaws.com\/2025\/01\/IMG_5727-Padre-Marcos-ganha-estadio-com-grama-sintetica-e-carro-0-km-no-aniversario-de-61-anos-200x300.jpg 200w, https:\/\/infonewss-bucket.s3.amazonaws.com\/2025\/01\/IMG_5727-Padre-Marcos-ganha-estadio-com-grama-sintetica-e-carro-0-km-no-aniversario-de-61-anos-683x1024.jpg 683w, https:\/\/infonewss-bucket.s3.amazonaws.com\/2025\/01\/IMG_5727-Padre-Marcos-ganha-estadio-com-grama-sintetica-e-carro-0-km-no-aniversario-de-61-anos-768x1152.jpg 768w, https:\/\/infonewss-bucket.s3.amazonaws.com\/2025\/01\/IMG_5727-Padre-Marcos-ganha-estadio-com-grama-sintetica-e-carro-0-km-no-aniversario-de-61-anos-150x225.jpg 150w, https:\/\/infonewss-bucket.s3.amazonaws.com\/2025\/01\/IMG_5727-Padre-Marcos-ganha-estadio-com-grama-sintetica-e-carro-0-km-no-aniversario-de-61-anos-300x450.jpg 300w, https:\/\/infonewss-bucket.s3.amazonaws.com\/2025\/01\/IMG_5727-Padre-Marcos-ganha-estadio-com-grama-sintetica-e-carro-0-km-no-aniversario-de-61-anos-696x1044.jpg 696w, https:\/\/infonewss-bucket.s3.amazonaws.com\/2025\/01\/IMG_5727-Padre-Marcos-ganha-estadio-com-grama-sintetica-e-carro-0-km-no-aniversario-de-61-anos.jpg 900w\" alt=\"\" width=\"900\" height=\"1350\" \/><\/a>\u00a0<a href=\"https:\/\/infonewss.com\/padre-marcos-ganha-estadio-com-grama-sintetica-e-carro-0-km-no-aniversario-de-61-anos\/img_5728-padre-marcos-ganha-estadio-com-grama-sintetica-e-carro-0-km-no-aniversario-de-61-anos\/\" rel=\"attachment wp-att-595697\"><img loading=\"lazy\" decoding=\"async\" class=\"alignnone size-full wp-image-595697\" src=\"https:\/\/infonewss-bucket.s3.amazonaws.com\/2025\/01\/IMG_5728-Padre-Marcos-ganha-estadio-com-grama-sintetica-e-carro-0-km-no-aniversario-de-61-anos.jpg\" sizes=\"(max-width: 900px) 100vw, 900px\" srcset=\"https:\/\/infonewss-bucket.s3.amazonaws.com\/2025\/01\/IMG_5728-Padre-Marcos-ganha-estadio-com-grama-sintetica-e-carro-0-km-no-aniversario-de-61-anos-200x300.jpg 200w, https:\/\/infonewss-bucket.s3.amazonaws.com\/2025\/01\/IMG_5728-Padre-Marcos-ganha-estadio-com-grama-sintetica-e-carro-0-km-no-aniversario-de-61-anos-683x1024.jpg 683w, https:\/\/infonewss-bucket.s3.amazonaws.com\/2025\/01\/IMG_5728-Padre-Marcos-ganha-estadio-com-grama-sintetica-e-carro-0-km-no-aniversario-de-61-anos-768x1152.jpg 768w, https:\/\/infonewss-bucket.s3.amazonaws.com\/2025\/01\/IMG_5728-Padre-Marcos-ganha-estadio-com-grama-sintetica-e-carro-0-km-no-aniversario-de-61-anos-150x225.jpg 150w, https:\/\/infonewss-bucket.s3.amazonaws.com\/2025\/01\/IMG_5728-Padre-Marcos-ganha-estadio-com-grama-sintetica-e-carro-0-km-no-aniversario-de-61-anos-300x450.jpg 300w, https:\/\/infonewss-bucket.s3.amazonaws.com\/2025\/01\/IMG_5728-Padre-Marcos-ganha-estadio-com-grama-sintetica-e-carro-0-km-no-aniversario-de-61-anos-696x1044.jpg 696w, https:\/\/infonewss-bucket.s3.amazonaws.com\/2025\/01\/IMG_5728-Padre-Marcos-ganha-estadio-com-grama-sintetica-e-carro-0-km-no-aniversario-de-61-anos.jpg 900w\" alt=\"\" width=\"900\" height=\"1350\" \/><\/a>\u00a0<a href=\"https:\/\/infonewss.com\/padre-marcos-ganha-estadio-com-grama-sintetica-e-carro-0-km-no-aniversario-de-61-anos\/img_5729-padre-marcos-ganha-estadio-com-grama-sintetica-e-carro-0-km-no-aniversario-de-61-anos\/\" rel=\"attachment wp-att-595698\"><img loading=\"lazy\" decoding=\"async\" class=\"alignnone size-full wp-image-595698\" src=\"https:\/\/infonewss-bucket.s3.amazonaws.com\/2025\/01\/IMG_5729-Padre-Marcos-ganha-estadio-com-grama-sintetica-e-carro-0-km-no-aniversario-de-61-anos.jpg\" sizes=\"(max-width: 900px) 100vw, 900px\" srcset=\"https:\/\/infonewss-bucket.s3.amazonaws.com\/2025\/01\/IMG_5729-Padre-Marcos-ganha-estadio-com-grama-sintetica-e-carro-0-km-no-aniversario-de-61-anos-200x300.jpg 200w, https:\/\/infonewss-bucket.s3.amazonaws.com\/2025\/01\/IMG_5729-Padre-Marcos-ganha-estadio-com-grama-sintetica-e-carro-0-km-no-aniversario-de-61-anos-683x1024.jpg 683w, https:\/\/infonewss-bucket.s3.amazonaws.com\/2025\/01\/IMG_5729-Padre-Marcos-ganha-estadio-com-grama-sintetica-e-carro-0-km-no-aniversario-de-61-anos-768x1152.jpg 768w, https:\/\/infonewss-bucket.s3.amazonaws.com\/2025\/01\/IMG_5729-Padre-Marcos-ganha-estadio-com-grama-sintetica-e-carro-0-km-no-aniversario-de-61-anos-150x225.jpg 150w, https:\/\/infonewss-bucket.s3.amazonaws.com\/2025\/01\/IMG_5729-Padre-Marcos-ganha-estadio-com-grama-sintetica-e-carro-0-km-no-aniversario-de-61-anos-300x450.jpg 300w, https:\/\/infonewss-bucket.s3.amazonaws.com\/2025\/01\/IMG_5729-Padre-Marcos-ganha-estadio-com-grama-sintetica-e-carro-0-km-no-aniversario-de-61-anos-696x1044.jpg 696w, https:\/\/infonewss-bucket.s3.amazonaws.com\/2025\/01\/IMG_5729-Padre-Marcos-ganha-estadio-com-grama-sintetica-e-carro-0-km-no-aniversario-de-61-anos.jpg 900w\" alt=\"\" width=\"900\" height=\"1350\" \/><\/a>\u00a0<a href=\"https:\/\/infonewss.com\/padre-marcos-ganha-estadio-com-grama-sintetica-e-carro-0-km-no-aniversario-de-61-anos\/img_5731-padre-marcos-ganha-estadio-com-grama-sintetica-e-carro-0-km-no-aniversario-de-61-anos\/\" rel=\"attachment wp-att-595699\"><img loading=\"lazy\" decoding=\"async\" class=\"alignnone size-full wp-image-595699\" src=\"https:\/\/infonewss-bucket.s3.amazonaws.com\/2025\/01\/IMG_5731-Padre-Marcos-ganha-estadio-com-grama-sintetica-e-carro-0-km-no-aniversario-de-61-anos.jpg\" sizes=\"(max-width: 900px) 100vw, 900px\" srcset=\"https:\/\/infonewss-bucket.s3.amazonaws.com\/2025\/01\/IMG_5731-Padre-Marcos-ganha-estadio-com-grama-sintetica-e-carro-0-km-no-aniversario-de-61-anos-200x300.jpg 200w, https:\/\/infonewss-bucket.s3.amazonaws.com\/2025\/01\/IMG_5731-Padre-Marcos-ganha-estadio-com-grama-sintetica-e-carro-0-km-no-aniversario-de-61-anos-683x1024.jpg 683w, https:\/\/infonewss-bucket.s3.amazonaws.com\/2025\/01\/IMG_5731-Padre-Marcos-ganha-estadio-com-grama-sintetica-e-carro-0-km-no-aniversario-de-61-anos-768x1152.jpg 768w, https:\/\/infonewss-bucket.s3.amazonaws.com\/2025\/01\/IMG_5731-Padre-Marcos-ganha-estadio-com-grama-sintetica-e-carro-0-km-no-aniversario-de-61-anos-150x225.jpg 150w, https:\/\/infonewss-bucket.s3.amazonaws.com\/2025\/01\/IMG_5731-Padre-Marcos-ganha-estadio-com-grama-sintetica-e-carro-0-km-no-aniversario-de-61-anos-300x450.jpg 300w, https:\/\/infonewss-bucket.s3.amazonaws.com\/2025\/01\/IMG_5731-Padre-Marcos-ganha-estadio-com-grama-sintetica-e-carro-0-km-no-aniversario-de-61-anos-696x1044.jpg 696w, https:\/\/infonewss-bucket.s3.amazonaws.com\/2025\/01\/IMG_5731-Padre-Marcos-ganha-estadio-com-grama-sintetica-e-carro-0-km-no-aniversario-de-61-anos.jpg 900w\" alt=\"\" width=\"900\" height=\"1350\" \/><\/a>\u00a0<a href=\"https:\/\/infonewss.com\/padre-marcos-ganha-estadio-com-grama-sintetica-e-carro-0-km-no-aniversario-de-61-anos\/img_5734-padre-marcos-ganha-estadio-com-grama-sintetica-e-carro-0-km-no-aniversario-de-61-anos\/\" rel=\"attachment wp-att-595700\"><img loading=\"lazy\" decoding=\"async\" class=\"alignnone size-full wp-image-595700\" src=\"https:\/\/infonewss-bucket.s3.amazonaws.com\/2025\/01\/IMG_5734-Padre-Marcos-ganha-estadio-com-grama-sintetica-e-carro-0-km-no-aniversario-de-61-anos.jpg\" sizes=\"(max-width: 900px) 100vw, 900px\" srcset=\"https:\/\/infonewss-bucket.s3.amazonaws.com\/2025\/01\/IMG_5734-Padre-Marcos-ganha-estadio-com-grama-sintetica-e-carro-0-km-no-aniversario-de-61-anos-300x200.jpg 300w, https:\/\/infonewss-bucket.s3.amazonaws.com\/2025\/01\/IMG_5734-Padre-Marcos-ganha-estadio-com-grama-sintetica-e-carro-0-km-no-aniversario-de-61-anos-768x512.jpg 768w, https:\/\/infonewss-bucket.s3.amazonaws.com\/2025\/01\/IMG_5734-Padre-Marcos-ganha-estadio-com-grama-sintetica-e-carro-0-km-no-aniversario-de-61-anos.jpg 900w\" alt=\"\" width=\"900\" height=\"600\" \/><\/a>\u00a0<a href=\"https:\/\/infonewss.com\/padre-marcos-ganha-estadio-com-grama-sintetica-e-carro-0-km-no-aniversario-de-61-anos\/img_5736-padre-marcos-ganha-estadio-com-grama-sintetica-e-carro-0-km-no-aniversario-de-61-anos\/\" rel=\"attachment wp-att-595701\"><img loading=\"lazy\" decoding=\"async\" class=\"alignnone size-full wp-image-595701\" src=\"https:\/\/infonewss-bucket.s3.amazonaws.com\/2025\/01\/IMG_5736-Padre-Marcos-ganha-estadio-com-grama-sintetica-e-carro-0-km-no-aniversario-de-61-anos.jpg\" sizes=\"(max-width: 900px) 100vw, 900px\" srcset=\"https:\/\/infonewss-bucket.s3.amazonaws.com\/2025\/01\/IMG_5736-Padre-Marcos-ganha-estadio-com-grama-sintetica-e-carro-0-km-no-aniversario-de-61-anos-300x200.jpg 300w, https:\/\/infonewss-bucket.s3.amazonaws.com\/2025\/01\/IMG_5736-Padre-Marcos-ganha-estadio-com-grama-sintetica-e-carro-0-km-no-aniversario-de-61-anos-768x512.jpg 768w, https:\/\/infonewss-bucket.s3.amazonaws.com\/2025\/01\/IMG_5736-Padre-Marcos-ganha-estadio-com-grama-sintetica-e-carro-0-km-no-aniversario-de-61-anos.jpg 900w\" alt=\"\" width=\"900\" height=\"600\" \/><\/a>\u00a0<a href=\"https:\/\/infonewss.com\/padre-marcos-ganha-estadio-com-grama-sintetica-e-carro-0-km-no-aniversario-de-61-anos\/img_5739-padre-marcos-ganha-estadio-com-grama-sintetica-e-carro-0-km-no-aniversario-de-61-anos\/\" rel=\"attachment wp-att-595702\"><img loading=\"lazy\" decoding=\"async\" class=\"alignnone size-full wp-image-595702\" src=\"https:\/\/infonewss-bucket.s3.amazonaws.com\/2025\/01\/IMG_5739-Padre-Marcos-ganha-estadio-com-grama-sintetica-e-carro-0-km-no-aniversario-de-61-anos.jpg\" sizes=\"(max-width: 900px) 100vw, 900px\" srcset=\"https:\/\/infonewss-bucket.s3.amazonaws.com\/2025\/01\/IMG_5739-Padre-Marcos-ganha-estadio-com-grama-sintetica-e-carro-0-km-no-aniversario-de-61-anos-300x200.jpg 300w, https:\/\/infonewss-bucket.s3.amazonaws.com\/2025\/01\/IMG_5739-Padre-Marcos-ganha-estadio-com-grama-sintetica-e-carro-0-km-no-aniversario-de-61-anos-768x512.jpg 768w, https:\/\/infonewss-bucket.s3.amazonaws.com\/2025\/01\/IMG_5739-Padre-Marcos-ganha-estadio-com-grama-sintetica-e-carro-0-km-no-aniversario-de-61-anos.jpg 900w\" alt=\"\" width=\"900\" height=\"600\" \/><\/a>\u00a0<a href=\"https:\/\/infonewss.com\/padre-marcos-ganha-estadio-com-grama-sintetica-e-carro-0-km-no-aniversario-de-61-anos\/img_5743-padre-marcos-ganha-estadio-com-grama-sintetica-e-carro-0-km-no-aniversario-de-61-anos\/\" rel=\"attachment wp-att-595703\"><img loading=\"lazy\" decoding=\"async\" class=\"alignnone size-full wp-image-595703\" src=\"https:\/\/infonewss-bucket.s3.amazonaws.com\/2025\/01\/IMG_5743-Padre-Marcos-ganha-estadio-com-grama-sintetica-e-carro-0-km-no-aniversario-de-61-anos.jpg\" sizes=\"(max-width: 900px) 100vw, 900px\" srcset=\"https:\/\/infonewss-bucket.s3.amazonaws.com\/2025\/01\/IMG_5743-Padre-Marcos-ganha-estadio-com-grama-sintetica-e-carro-0-km-no-aniversario-de-61-anos-300x200.jpg 300w, https:\/\/infonewss-bucket.s3.amazonaws.com\/2025\/01\/IMG_5743-Padre-Marcos-ganha-estadio-com-grama-sintetica-e-carro-0-km-no-aniversario-de-61-anos-768x512.jpg 768w, https:\/\/infonewss-bucket.s3.amazonaws.com\/2025\/01\/IMG_5743-Padre-Marcos-ganha-estadio-com-grama-sintetica-e-carro-0-km-no-aniversario-de-61-anos.jpg 900w\" alt=\"\" width=\"900\" height=\"600\" \/><\/a>\u00a0<a href=\"https:\/\/infonewss.com\/padre-marcos-ganha-estadio-com-grama-sintetica-e-carro-0-km-no-aniversario-de-61-anos\/img_5750-padre-marcos-ganha-estadio-com-grama-sintetica-e-carro-0-km-no-aniversario-de-61-anos\/\" rel=\"attachment wp-att-595704\"><img loading=\"lazy\" decoding=\"async\" class=\"alignnone size-full wp-image-595704\" src=\"https:\/\/infonewss-bucket.s3.amazonaws.com\/2025\/01\/IMG_5750-Padre-Marcos-ganha-estadio-com-grama-sintetica-e-carro-0-km-no-aniversario-de-61-anos.jpg\" sizes=\"(max-width: 900px) 100vw, 900px\" srcset=\"https:\/\/infonewss-bucket.s3.amazonaws.com\/2025\/01\/IMG_5750-Padre-Marcos-ganha-estadio-com-grama-sintetica-e-carro-0-km-no-aniversario-de-61-anos-300x200.jpg 300w, https:\/\/infonewss-bucket.s3.amazonaws.com\/2025\/01\/IMG_5750-Padre-Marcos-ganha-estadio-com-grama-sintetica-e-carro-0-km-no-aniversario-de-61-anos-768x512.jpg 768w, https:\/\/infonewss-bucket.s3.amazonaws.com\/2025\/01\/IMG_5750-Padre-Marcos-ganha-estadio-com-grama-sintetica-e-carro-0-km-no-aniversario-de-61-anos.jpg 900w\" alt=\"\" width=\"900\" height=\"600\" \/><\/a>\u00a0<a href=\"https:\/\/infonewss.com\/padre-marcos-ganha-estadio-com-grama-sintetica-e-carro-0-km-no-aniversario-de-61-anos\/img_5752-padre-marcos-ganha-estadio-com-grama-sintetica-e-carro-0-km-no-aniversario-de-61-anos\/\" rel=\"attachment wp-att-595705\"><img loading=\"lazy\" decoding=\"async\" class=\"alignnone size-full wp-image-595705\" src=\"https:\/\/infonewss-bucket.s3.amazonaws.com\/2025\/01\/IMG_5752-Padre-Marcos-ganha-estadio-com-grama-sintetica-e-carro-0-km-no-aniversario-de-61-anos.jpg\" sizes=\"(max-width: 900px) 100vw, 900px\" srcset=\"https:\/\/infonewss-bucket.s3.amazonaws.com\/2025\/01\/IMG_5752-Padre-Marcos-ganha-estadio-com-grama-sintetica-e-carro-0-km-no-aniversario-de-61-anos-300x200.jpg 300w, https:\/\/infonewss-bucket.s3.amazonaws.com\/2025\/01\/IMG_5752-Padre-Marcos-ganha-estadio-com-grama-sintetica-e-carro-0-km-no-aniversario-de-61-anos-768x512.jpg 768w, https:\/\/infonewss-bucket.s3.amazonaws.com\/2025\/01\/IMG_5752-Padre-Marcos-ganha-estadio-com-grama-sintetica-e-carro-0-km-no-aniversario-de-61-anos.jpg 900w\" alt=\"\" width=\"900\" height=\"600\" \/><\/a>\u00a0<a href=\"https:\/\/infonewss.com\/padre-marcos-ganha-estadio-com-grama-sintetica-e-carro-0-km-no-aniversario-de-61-anos\/img_5757-padre-marcos-ganha-estadio-com-grama-sintetica-e-carro-0-km-no-aniversario-de-61-anos\/\" rel=\"attachment wp-att-595706\"><img loading=\"lazy\" decoding=\"async\" class=\"alignnone size-full wp-image-595706\" src=\"https:\/\/infonewss-bucket.s3.amazonaws.com\/2025\/01\/IMG_5757-Padre-Marcos-ganha-estadio-com-grama-sintetica-e-carro-0-km-no-aniversario-de-61-anos.jpg\" sizes=\"(max-width: 900px) 100vw, 900px\" srcset=\"https:\/\/infonewss-bucket.s3.amazonaws.com\/2025\/01\/IMG_5757-Padre-Marcos-ganha-estadio-com-grama-sintetica-e-carro-0-km-no-aniversario-de-61-anos-200x300.jpg 200w, https:\/\/infonewss-bucket.s3.amazonaws.com\/2025\/01\/IMG_5757-Padre-Marcos-ganha-estadio-com-grama-sintetica-e-carro-0-km-no-aniversario-de-61-anos-683x1024.jpg 683w, https:\/\/infonewss-bucket.s3.amazonaws.com\/2025\/01\/IMG_5757-Padre-Marcos-ganha-estadio-com-grama-sintetica-e-carro-0-km-no-aniversario-de-61-anos-768x1152.jpg 768w, https:\/\/infonewss-bucket.s3.amazonaws.com\/2025\/01\/IMG_5757-Padre-Marcos-ganha-estadio-com-grama-sintetica-e-carro-0-km-no-aniversario-de-61-anos-150x225.jpg 150w, https:\/\/infonewss-bucket.s3.amazonaws.com\/2025\/01\/IMG_5757-Padre-Marcos-ganha-estadio-com-grama-sintetica-e-carro-0-km-no-aniversario-de-61-anos-300x450.jpg 300w, https:\/\/infonewss-bucket.s3.amazonaws.com\/2025\/01\/IMG_5757-Padre-Marcos-ganha-estadio-com-grama-sintetica-e-carro-0-km-no-aniversario-de-61-anos-696x1044.jpg 696w, https:\/\/infonewss-bucket.s3.amazonaws.com\/2025\/01\/IMG_5757-Padre-Marcos-ganha-estadio-com-grama-sintetica-e-carro-0-km-no-aniversario-de-61-anos.jpg 900w\" alt=\"\" width=\"900\" height=\"1350\" \/><\/a>\u00a0<a href=\"https:\/\/infonewss.com\/padre-marcos-ganha-estadio-com-grama-sintetica-e-carro-0-km-no-aniversario-de-61-anos\/img_5760-padre-marcos-ganha-estadio-com-grama-sintetica-e-carro-0-km-no-aniversario-de-61-anos\/\" rel=\"attachment wp-att-595707\"><img loading=\"lazy\" decoding=\"async\" class=\"alignnone size-full wp-image-595707\" src=\"https:\/\/infonewss-bucket.s3.amazonaws.com\/2025\/01\/IMG_5760-Padre-Marcos-ganha-estadio-com-grama-sintetica-e-carro-0-km-no-aniversario-de-61-anos.jpg\" sizes=\"(max-width: 900px) 100vw, 900px\" srcset=\"https:\/\/infonewss-bucket.s3.amazonaws.com\/2025\/01\/IMG_5760-Padre-Marcos-ganha-estadio-com-grama-sintetica-e-carro-0-km-no-aniversario-de-61-anos-200x300.jpg 200w, https:\/\/infonewss-bucket.s3.amazonaws.com\/2025\/01\/IMG_5760-Padre-Marcos-ganha-estadio-com-grama-sintetica-e-carro-0-km-no-aniversario-de-61-anos-683x1024.jpg 683w, https:\/\/infonewss-bucket.s3.amazonaws.com\/2025\/01\/IMG_5760-Padre-Marcos-ganha-estadio-com-grama-sintetica-e-carro-0-km-no-aniversario-de-61-anos-768x1152.jpg 768w, https:\/\/infonewss-bucket.s3.amazonaws.com\/2025\/01\/IMG_5760-Padre-Marcos-ganha-estadio-com-grama-sintetica-e-carro-0-km-no-aniversario-de-61-anos-150x225.jpg 150w, https:\/\/infonewss-bucket.s3.amazonaws.com\/2025\/01\/IMG_5760-Padre-Marcos-ganha-estadio-com-grama-sintetica-e-carro-0-km-no-aniversario-de-61-anos-300x450.jpg 300w, https:\/\/infonewss-bucket.s3.amazonaws.com\/2025\/01\/IMG_5760-Padre-Marcos-ganha-estadio-com-grama-sintetica-e-carro-0-km-no-aniversario-de-61-anos-696x1044.jpg 696w, https:\/\/infonewss-bucket.s3.amazonaws.com\/2025\/01\/IMG_5760-Padre-Marcos-ganha-estadio-com-grama-sintetica-e-carro-0-km-no-aniversario-de-61-anos.jpg 900w\" alt=\"\" width=\"900\" height=\"1350\" \/><\/a>\u00a0<a href=\"https:\/\/infonewss.com\/padre-marcos-ganha-estadio-com-grama-sintetica-e-carro-0-km-no-aniversario-de-61-anos\/img_5761-padre-marcos-ganha-estadio-com-grama-sintetica-e-carro-0-km-no-aniversario-de-61-anos\/\" rel=\"attachment wp-att-595708\"><img loading=\"lazy\" decoding=\"async\" class=\"alignnone size-full wp-image-595708\" src=\"https:\/\/infonewss-bucket.s3.amazonaws.com\/2025\/01\/IMG_5761-Padre-Marcos-ganha-estadio-com-grama-sintetica-e-carro-0-km-no-aniversario-de-61-anos.jpg\" sizes=\"(max-width: 900px) 100vw, 900px\" srcset=\"https:\/\/infonewss-bucket.s3.amazonaws.com\/2025\/01\/IMG_5761-Padre-Marcos-ganha-estadio-com-grama-sintetica-e-carro-0-km-no-aniversario-de-61-anos-200x300.jpg 200w, https:\/\/infonewss-bucket.s3.amazonaws.com\/2025\/01\/IMG_5761-Padre-Marcos-ganha-estadio-com-grama-sintetica-e-carro-0-km-no-aniversario-de-61-anos-683x1024.jpg 683w, https:\/\/infonewss-bucket.s3.amazonaws.com\/2025\/01\/IMG_5761-Padre-Marcos-ganha-estadio-com-grama-sintetica-e-carro-0-km-no-aniversario-de-61-anos-768x1152.jpg 768w, https:\/\/infonewss-bucket.s3.amazonaws.com\/2025\/01\/IMG_5761-Padre-Marcos-ganha-estadio-com-grama-sintetica-e-carro-0-km-no-aniversario-de-61-anos-150x225.jpg 150w, https:\/\/infonewss-bucket.s3.amazonaws.com\/2025\/01\/IMG_5761-Padre-Marcos-ganha-estadio-com-grama-sintetica-e-carro-0-km-no-aniversario-de-61-anos-300x450.jpg 300w, https:\/\/infonewss-bucket.s3.amazonaws.com\/2025\/01\/IMG_5761-Padre-Marcos-ganha-estadio-com-grama-sintetica-e-carro-0-km-no-aniversario-de-61-anos-696x1044.jpg 696w, https:\/\/infonewss-bucket.s3.amazonaws.com\/2025\/01\/IMG_5761-Padre-Marcos-ganha-estadio-com-grama-sintetica-e-carro-0-km-no-aniversario-de-61-anos.jpg 900w\" alt=\"\" width=\"900\" height=\"1350\" \/><\/a>\u00a0<a href=\"https:\/\/infonewss.com\/padre-marcos-ganha-estadio-com-grama-sintetica-e-carro-0-km-no-aniversario-de-61-anos\/img_5765-padre-marcos-ganha-estadio-com-grama-sintetica-e-carro-0-km-no-aniversario-de-61-anos\/\" rel=\"attachment wp-att-595709\"><img loading=\"lazy\" decoding=\"async\" class=\"alignnone size-full wp-image-595709\" src=\"https:\/\/infonewss-bucket.s3.amazonaws.com\/2025\/01\/IMG_5765-Padre-Marcos-ganha-estadio-com-grama-sintetica-e-carro-0-km-no-aniversario-de-61-anos.jpg\" sizes=\"(max-width: 900px) 100vw, 900px\" srcset=\"https:\/\/infonewss-bucket.s3.amazonaws.com\/2025\/01\/IMG_5765-Padre-Marcos-ganha-estadio-com-grama-sintetica-e-carro-0-km-no-aniversario-de-61-anos-300x200.jpg 300w, https:\/\/infonewss-bucket.s3.amazonaws.com\/2025\/01\/IMG_5765-Padre-Marcos-ganha-estadio-com-grama-sintetica-e-carro-0-km-no-aniversario-de-61-anos-768x512.jpg 768w, https:\/\/infonewss-bucket.s3.amazonaws.com\/2025\/01\/IMG_5765-Padre-Marcos-ganha-estadio-com-grama-sintetica-e-carro-0-km-no-aniversario-de-61-anos.jpg 900w\" alt=\"\" width=\"900\" height=\"600\" \/><\/a>\u00a0<a href=\"https:\/\/infonewss.com\/padre-marcos-ganha-estadio-com-grama-sintetica-e-carro-0-km-no-aniversario-de-61-anos\/img_5770-padre-marcos-ganha-estadio-com-grama-sintetica-e-carro-0-km-no-aniversario-de-61-anos\/\" rel=\"attachment wp-att-595710\"><img loading=\"lazy\" decoding=\"async\" class=\"alignnone size-full wp-image-595710\" src=\"https:\/\/infonewss-bucket.s3.amazonaws.com\/2025\/01\/IMG_5770-Padre-Marcos-ganha-estadio-com-grama-sintetica-e-carro-0-km-no-aniversario-de-61-anos.jpg\" sizes=\"(max-width: 900px) 100vw, 900px\" srcset=\"https:\/\/infonewss-bucket.s3.amazonaws.com\/2025\/01\/IMG_5770-Padre-Marcos-ganha-estadio-com-grama-sintetica-e-carro-0-km-no-aniversario-de-61-anos-300x200.jpg 300w, https:\/\/infonewss-bucket.s3.amazonaws.com\/2025\/01\/IMG_5770-Padre-Marcos-ganha-estadio-com-grama-sintetica-e-carro-0-km-no-aniversario-de-61-anos-768x512.jpg 768w, https:\/\/infonewss-bucket.s3.amazonaws.com\/2025\/01\/IMG_5770-Padre-Marcos-ganha-estadio-com-grama-sintetica-e-carro-0-km-no-aniversario-de-61-anos.jpg 900w\" alt=\"\" width=\"900\" height=\"600\" \/><\/a>\u00a0<a href=\"https:\/\/infonewss.com\/padre-marcos-ganha-estadio-com-grama-sintetica-e-carro-0-km-no-aniversario-de-61-anos\/img_5772-padre-marcos-ganha-estadio-com-grama-sintetica-e-carro-0-km-no-aniversario-de-61-anos\/\" rel=\"attachment wp-att-595711\"><img loading=\"lazy\" decoding=\"async\" class=\"alignnone size-full wp-image-595711\" src=\"https:\/\/infonewss-bucket.s3.amazonaws.com\/2025\/01\/IMG_5772-Padre-Marcos-ganha-estadio-com-grama-sintetica-e-carro-0-km-no-aniversario-de-61-anos.jpg\" sizes=\"(max-width: 900px) 100vw, 900px\" srcset=\"https:\/\/infonewss-bucket.s3.amazonaws.com\/2025\/01\/IMG_5772-Padre-Marcos-ganha-estadio-com-grama-sintetica-e-carro-0-km-no-aniversario-de-61-anos-200x300.jpg 200w, https:\/\/infonewss-bucket.s3.amazonaws.com\/2025\/01\/IMG_5772-Padre-Marcos-ganha-estadio-com-grama-sintetica-e-carro-0-km-no-aniversario-de-61-anos-683x1024.jpg 683w, https:\/\/infonewss-bucket.s3.amazonaws.com\/2025\/01\/IMG_5772-Padre-Marcos-ganha-estadio-com-grama-sintetica-e-carro-0-km-no-aniversario-de-61-anos-768x1152.jpg 768w, https:\/\/infonewss-bucket.s3.amazonaws.com\/2025\/01\/IMG_5772-Padre-Marcos-ganha-estadio-com-grama-sintetica-e-carro-0-km-no-aniversario-de-61-anos-150x225.jpg 150w, https:\/\/infonewss-bucket.s3.amazonaws.com\/2025\/01\/IMG_5772-Padre-Marcos-ganha-estadio-com-grama-sintetica-e-carro-0-km-no-aniversario-de-61-anos-300x450.jpg 300w, https:\/\/infonewss-bucket.s3.amazonaws.com\/2025\/01\/IMG_5772-Padre-Marcos-ganha-estadio-com-grama-sintetica-e-carro-0-km-no-aniversario-de-61-anos-696x1044.jpg 696w, https:\/\/infonewss-bucket.s3.amazonaws.com\/2025\/01\/IMG_5772-Padre-Marcos-ganha-estadio-com-grama-sintetica-e-carro-0-km-no-aniversario-de-61-anos.jpg 900w\" alt=\"\" width=\"900\" height=\"1350\" \/><\/a>\u00a0<a href=\"https:\/\/infonewss.com\/padre-marcos-ganha-estadio-com-grama-sintetica-e-carro-0-km-no-aniversario-de-61-anos\/img_5776-padre-marcos-ganha-estadio-com-grama-sintetica-e-carro-0-km-no-aniversario-de-61-anos\/\" rel=\"attachment wp-att-595712\"><img loading=\"lazy\" decoding=\"async\" class=\"alignnone size-full wp-image-595712\" src=\"https:\/\/infonewss-bucket.s3.amazonaws.com\/2025\/01\/IMG_5776-Padre-Marcos-ganha-estadio-com-grama-sintetica-e-carro-0-km-no-aniversario-de-61-anos.jpg\" sizes=\"(max-width: 900px) 100vw, 900px\" srcset=\"https:\/\/infonewss-bucket.s3.amazonaws.com\/2025\/01\/IMG_5776-Padre-Marcos-ganha-estadio-com-grama-sintetica-e-carro-0-km-no-aniversario-de-61-anos-200x300.jpg 200w, https:\/\/infonewss-bucket.s3.amazonaws.com\/2025\/01\/IMG_5776-Padre-Marcos-ganha-estadio-com-grama-sintetica-e-carro-0-km-no-aniversario-de-61-anos-683x1024.jpg 683w, https:\/\/infonewss-bucket.s3.amazonaws.com\/2025\/01\/IMG_5776-Padre-Marcos-ganha-estadio-com-grama-sintetica-e-carro-0-km-no-aniversario-de-61-anos-768x1152.jpg 768w, https:\/\/infonewss-bucket.s3.amazonaws.com\/2025\/01\/IMG_5776-Padre-Marcos-ganha-estadio-com-grama-sintetica-e-carro-0-km-no-aniversario-de-61-anos-150x225.jpg 150w, https:\/\/infonewss-bucket.s3.amazonaws.com\/2025\/01\/IMG_5776-Padre-Marcos-ganha-estadio-com-grama-sintetica-e-carro-0-km-no-aniversario-de-61-anos-300x450.jpg 300w, https:\/\/infonewss-bucket.s3.amazonaws.com\/2025\/01\/IMG_5776-Padre-Marcos-ganha-estadio-com-grama-sintetica-e-carro-0-km-no-aniversario-de-61-anos-696x1044.jpg 696w, https:\/\/infonewss-bucket.s3.amazonaws.com\/2025\/01\/IMG_5776-Padre-Marcos-ganha-estadio-com-grama-sintetica-e-carro-0-km-no-aniversario-de-61-anos.jpg 900w\" alt=\"\" width=\"900\" height=\"1350\" \/><\/a>\u00a0<a href=\"https:\/\/infonewss.com\/padre-marcos-ganha-estadio-com-grama-sintetica-e-carro-0-km-no-aniversario-de-61-anos\/img_5780-padre-marcos-ganha-estadio-com-grama-sintetica-e-carro-0-km-no-aniversario-de-61-anos\/\" rel=\"attachment wp-att-595713\"><img loading=\"lazy\" decoding=\"async\" class=\"alignnone size-full wp-image-595713\" src=\"https:\/\/infonewss-bucket.s3.amazonaws.com\/2025\/01\/IMG_5780-Padre-Marcos-ganha-estadio-com-grama-sintetica-e-carro-0-km-no-aniversario-de-61-anos.jpg\" sizes=\"(max-width: 900px) 100vw, 900px\" srcset=\"https:\/\/infonewss-bucket.s3.amazonaws.com\/2025\/01\/IMG_5780-Padre-Marcos-ganha-estadio-com-grama-sintetica-e-carro-0-km-no-aniversario-de-61-anos-200x300.jpg 200w, https:\/\/infonewss-bucket.s3.amazonaws.com\/2025\/01\/IMG_5780-Padre-Marcos-ganha-estadio-com-grama-sintetica-e-carro-0-km-no-aniversario-de-61-anos-683x1024.jpg 683w, https:\/\/infonewss-bucket.s3.amazonaws.com\/2025\/01\/IMG_5780-Padre-Marcos-ganha-estadio-com-grama-sintetica-e-carro-0-km-no-aniversario-de-61-anos-768x1152.jpg 768w, https:\/\/infonewss-bucket.s3.amazonaws.com\/2025\/01\/IMG_5780-Padre-Marcos-ganha-estadio-com-grama-sintetica-e-carro-0-km-no-aniversario-de-61-anos-150x225.jpg 150w, https:\/\/infonewss-bucket.s3.amazonaws.com\/2025\/01\/IMG_5780-Padre-Marcos-ganha-estadio-com-grama-sintetica-e-carro-0-km-no-aniversario-de-61-anos-300x450.jpg 300w, https:\/\/infonewss-bucket.s3.amazonaws.com\/2025\/01\/IMG_5780-Padre-Marcos-ganha-estadio-com-grama-sintetica-e-carro-0-km-no-aniversario-de-61-anos-696x1044.jpg 696w, https:\/\/infonewss-bucket.s3.amazonaws.com\/2025\/01\/IMG_5780-Padre-Marcos-ganha-estadio-com-grama-sintetica-e-carro-0-km-no-aniversario-de-61-anos.jpg 900w\" alt=\"\" width=\"900\" height=\"1350\" \/><\/a>\u00a0<a href=\"https:\/\/infonewss.com\/padre-marcos-ganha-estadio-com-grama-sintetica-e-carro-0-km-no-aniversario-de-61-anos\/img_5783-padre-marcos-ganha-estadio-com-grama-sintetica-e-carro-0-km-no-aniversario-de-61-anos\/\" rel=\"attachment wp-att-595714\"><img loading=\"lazy\" decoding=\"async\" class=\"alignnone size-full wp-image-595714\" src=\"https:\/\/infonewss-bucket.s3.amazonaws.com\/2025\/01\/IMG_5783-Padre-Marcos-ganha-estadio-com-grama-sintetica-e-carro-0-km-no-aniversario-de-61-anos.jpg\" sizes=\"(max-width: 900px) 100vw, 900px\" srcset=\"https:\/\/infonewss-bucket.s3.amazonaws.com\/2025\/01\/IMG_5783-Padre-Marcos-ganha-estadio-com-grama-sintetica-e-carro-0-km-no-aniversario-de-61-anos-200x300.jpg 200w, https:\/\/infonewss-bucket.s3.amazonaws.com\/2025\/01\/IMG_5783-Padre-Marcos-ganha-estadio-com-grama-sintetica-e-carro-0-km-no-aniversario-de-61-anos-683x1024.jpg 683w, https:\/\/infonewss-bucket.s3.amazonaws.com\/2025\/01\/IMG_5783-Padre-Marcos-ganha-estadio-com-grama-sintetica-e-carro-0-km-no-aniversario-de-61-anos-768x1152.jpg 768w, https:\/\/infonewss-bucket.s3.amazonaws.com\/2025\/01\/IMG_5783-Padre-Marcos-ganha-estadio-com-grama-sintetica-e-carro-0-km-no-aniversario-de-61-anos-150x225.jpg 150w, https:\/\/infonewss-bucket.s3.amazonaws.com\/2025\/01\/IMG_5783-Padre-Marcos-ganha-estadio-com-grama-sintetica-e-carro-0-km-no-aniversario-de-61-anos-300x450.jpg 300w, https:\/\/infonewss-bucket.s3.amazonaws.com\/2025\/01\/IMG_5783-Padre-Marcos-ganha-estadio-com-grama-sintetica-e-carro-0-km-no-aniversario-de-61-anos-696x1044.jpg 696w, https:\/\/infonewss-bucket.s3.amazonaws.com\/2025\/01\/IMG_5783-Padre-Marcos-ganha-estadio-com-grama-sintetica-e-carro-0-km-no-aniversario-de-61-anos.jpg 900w\" alt=\"\" width=\"900\" height=\"1350\" \/><\/a>\u00a0<a href=\"https:\/\/infonewss.com\/padre-marcos-ganha-estadio-com-grama-sintetica-e-carro-0-km-no-aniversario-de-61-anos\/img_5785-padre-marcos-ganha-estadio-com-grama-sintetica-e-carro-0-km-no-aniversario-de-61-anos\/\" rel=\"attachment wp-att-595715\"><img loading=\"lazy\" decoding=\"async\" class=\"alignnone size-full wp-image-595715\" src=\"https:\/\/infonewss-bucket.s3.amazonaws.com\/2025\/01\/IMG_5785-Padre-Marcos-ganha-estadio-com-grama-sintetica-e-carro-0-km-no-aniversario-de-61-anos.jpg\" sizes=\"(max-width: 900px) 100vw, 900px\" srcset=\"https:\/\/infonewss-bucket.s3.amazonaws.com\/2025\/01\/IMG_5785-Padre-Marcos-ganha-estadio-com-grama-sintetica-e-carro-0-km-no-aniversario-de-61-anos-200x300.jpg 200w, https:\/\/infonewss-bucket.s3.amazonaws.com\/2025\/01\/IMG_5785-Padre-Marcos-ganha-estadio-com-grama-sintetica-e-carro-0-km-no-aniversario-de-61-anos-683x1024.jpg 683w, https:\/\/infonewss-bucket.s3.amazonaws.com\/2025\/01\/IMG_5785-Padre-Marcos-ganha-estadio-com-grama-sintetica-e-carro-0-km-no-aniversario-de-61-anos-768x1152.jpg 768w, https:\/\/infonewss-bucket.s3.amazonaws.com\/2025\/01\/IMG_5785-Padre-Marcos-ganha-estadio-com-grama-sintetica-e-carro-0-km-no-aniversario-de-61-anos-150x225.jpg 150w, https:\/\/infonewss-bucket.s3.amazonaws.com\/2025\/01\/IMG_5785-Padre-Marcos-ganha-estadio-com-grama-sintetica-e-carro-0-km-no-aniversario-de-61-anos-300x450.jpg 300w, https:\/\/infonewss-bucket.s3.amazonaws.com\/2025\/01\/IMG_5785-Padre-Marcos-ganha-estadio-com-grama-sintetica-e-carro-0-km-no-aniversario-de-61-anos-696x1044.jpg 696w, https:\/\/infonewss-bucket.s3.amazonaws.com\/2025\/01\/IMG_5785-Padre-Marcos-ganha-estadio-com-grama-sintetica-e-carro-0-km-no-aniversario-de-61-anos.jpg 900w\" alt=\"\" width=\"900\" height=\"1350\" \/><\/a>\u00a0<a href=\"https:\/\/infonewss.com\/padre-marcos-ganha-estadio-com-grama-sintetica-e-carro-0-km-no-aniversario-de-61-anos\/img_5787-padre-marcos-ganha-estadio-com-grama-sintetica-e-carro-0-km-no-aniversario-de-61-anos\/\" rel=\"attachment wp-att-595716\"><img loading=\"lazy\" decoding=\"async\" class=\"alignnone size-full wp-image-595716\" src=\"https:\/\/infonewss-bucket.s3.amazonaws.com\/2025\/01\/IMG_5787-Padre-Marcos-ganha-estadio-com-grama-sintetica-e-carro-0-km-no-aniversario-de-61-anos.jpg\" sizes=\"(max-width: 900px) 100vw, 900px\" srcset=\"https:\/\/infonewss-bucket.s3.amazonaws.com\/2025\/01\/IMG_5787-Padre-Marcos-ganha-estadio-com-grama-sintetica-e-carro-0-km-no-aniversario-de-61-anos-200x300.jpg 200w, https:\/\/infonewss-bucket.s3.amazonaws.com\/2025\/01\/IMG_5787-Padre-Marcos-ganha-estadio-com-grama-sintetica-e-carro-0-km-no-aniversario-de-61-anos-683x1024.jpg 683w, https:\/\/infonewss-bucket.s3.amazonaws.com\/2025\/01\/IMG_5787-Padre-Marcos-ganha-estadio-com-grama-sintetica-e-carro-0-km-no-aniversario-de-61-anos-768x1152.jpg 768w, https:\/\/infonewss-bucket.s3.amazonaws.com\/2025\/01\/IMG_5787-Padre-Marcos-ganha-estadio-com-grama-sintetica-e-carro-0-km-no-aniversario-de-61-anos-150x225.jpg 150w, https:\/\/infonewss-bucket.s3.amazonaws.com\/2025\/01\/IMG_5787-Padre-Marcos-ganha-estadio-com-grama-sintetica-e-carro-0-km-no-aniversario-de-61-anos-300x450.jpg 300w, https:\/\/infonewss-bucket.s3.amazonaws.com\/2025\/01\/IMG_5787-Padre-Marcos-ganha-estadio-com-grama-sintetica-e-carro-0-km-no-aniversario-de-61-anos-696x1044.jpg 696w, https:\/\/infonewss-bucket.s3.amazonaws.com\/2025\/01\/IMG_5787-Padre-Marcos-ganha-estadio-com-grama-sintetica-e-carro-0-km-no-aniversario-de-61-anos.jpg 900w\" alt=\"\" width=\"900\" height=\"1350\" \/><\/a>\u00a0<a href=\"https:\/\/infonewss.com\/padre-marcos-ganha-estadio-com-grama-sintetica-e-carro-0-km-no-aniversario-de-61-anos\/img_5792-padre-marcos-ganha-estadio-com-grama-sintetica-e-carro-0-km-no-aniversario-de-61-anos\/\" rel=\"attachment wp-att-595717\"><img loading=\"lazy\" decoding=\"async\" class=\"alignnone size-full wp-image-595717\" src=\"https:\/\/infonewss-bucket.s3.amazonaws.com\/2025\/01\/IMG_5792-Padre-Marcos-ganha-estadio-com-grama-sintetica-e-carro-0-km-no-aniversario-de-61-anos.jpg\" sizes=\"(max-width: 900px) 100vw, 900px\" srcset=\"https:\/\/infonewss-bucket.s3.amazonaws.com\/2025\/01\/IMG_5792-Padre-Marcos-ganha-estadio-com-grama-sintetica-e-carro-0-km-no-aniversario-de-61-anos-200x300.jpg 200w, https:\/\/infonewss-bucket.s3.amazonaws.com\/2025\/01\/IMG_5792-Padre-Marcos-ganha-estadio-com-grama-sintetica-e-carro-0-km-no-aniversario-de-61-anos-683x1024.jpg 683w, https:\/\/infonewss-bucket.s3.amazonaws.com\/2025\/01\/IMG_5792-Padre-Marcos-ganha-estadio-com-grama-sintetica-e-carro-0-km-no-aniversario-de-61-anos-768x1152.jpg 768w, https:\/\/infonewss-bucket.s3.amazonaws.com\/2025\/01\/IMG_5792-Padre-Marcos-ganha-estadio-com-grama-sintetica-e-carro-0-km-no-aniversario-de-61-anos-150x225.jpg 150w, https:\/\/infonewss-bucket.s3.amazonaws.com\/2025\/01\/IMG_5792-Padre-Marcos-ganha-estadio-com-grama-sintetica-e-carro-0-km-no-aniversario-de-61-anos-300x450.jpg 300w, https:\/\/infonewss-bucket.s3.amazonaws.com\/2025\/01\/IMG_5792-Padre-Marcos-ganha-estadio-com-grama-sintetica-e-carro-0-km-no-aniversario-de-61-anos-696x1044.jpg 696w, https:\/\/infonewss-bucket.s3.amazonaws.com\/2025\/01\/IMG_5792-Padre-Marcos-ganha-estadio-com-grama-sintetica-e-carro-0-km-no-aniversario-de-61-anos.jpg 900w\" alt=\"\" width=\"900\" height=\"1350\" \/><\/a>\u00a0<a href=\"https:\/\/infonewss.com\/padre-marcos-ganha-estadio-com-grama-sintetica-e-carro-0-km-no-aniversario-de-61-anos\/img_5794-padre-marcos-ganha-estadio-com-grama-sintetica-e-carro-0-km-no-aniversario-de-61-anos\/\" rel=\"attachment wp-att-595718\"><img loading=\"lazy\" decoding=\"async\" class=\"alignnone size-full wp-image-595718\" src=\"https:\/\/infonewss-bucket.s3.amazonaws.com\/2025\/01\/IMG_5794-Padre-Marcos-ganha-estadio-com-grama-sintetica-e-carro-0-km-no-aniversario-de-61-anos.jpg\" sizes=\"(max-width: 900px) 100vw, 900px\" srcset=\"https:\/\/infonewss-bucket.s3.amazonaws.com\/2025\/01\/IMG_5794-Padre-Marcos-ganha-estadio-com-grama-sintetica-e-carro-0-km-no-aniversario-de-61-anos-200x300.jpg 200w, https:\/\/infonewss-bucket.s3.amazonaws.com\/2025\/01\/IMG_5794-Padre-Marcos-ganha-estadio-com-grama-sintetica-e-carro-0-km-no-aniversario-de-61-anos-683x1024.jpg 683w, https:\/\/infonewss-bucket.s3.amazonaws.com\/2025\/01\/IMG_5794-Padre-Marcos-ganha-estadio-com-grama-sintetica-e-carro-0-km-no-aniversario-de-61-anos-768x1152.jpg 768w, https:\/\/infonewss-bucket.s3.amazonaws.com\/2025\/01\/IMG_5794-Padre-Marcos-ganha-estadio-com-grama-sintetica-e-carro-0-km-no-aniversario-de-61-anos-150x225.jpg 150w, https:\/\/infonewss-bucket.s3.amazonaws.com\/2025\/01\/IMG_5794-Padre-Marcos-ganha-estadio-com-grama-sintetica-e-carro-0-km-no-aniversario-de-61-anos-300x450.jpg 300w, https:\/\/infonewss-bucket.s3.amazonaws.com\/2025\/01\/IMG_5794-Padre-Marcos-ganha-estadio-com-grama-sintetica-e-carro-0-km-no-aniversario-de-61-anos-696x1044.jpg 696w, https:\/\/infonewss-bucket.s3.amazonaws.com\/2025\/01\/IMG_5794-Padre-Marcos-ganha-estadio-com-grama-sintetica-e-carro-0-km-no-aniversario-de-61-anos.jpg 900w\" alt=\"\" width=\"900\" height=\"1350\" \/><\/a>\u00a0<a href=\"https:\/\/infonewss.com\/padre-marcos-ganha-estadio-com-grama-sintetica-e-carro-0-km-no-aniversario-de-61-anos\/img_5796-padre-marcos-ganha-estadio-com-grama-sintetica-e-carro-0-km-no-aniversario-de-61-anos\/\" rel=\"attachment wp-att-595719\"><img loading=\"lazy\" decoding=\"async\" class=\"alignnone size-full wp-image-595719\" src=\"https:\/\/infonewss-bucket.s3.amazonaws.com\/2025\/01\/IMG_5796-Padre-Marcos-ganha-estadio-com-grama-sintetica-e-carro-0-km-no-aniversario-de-61-anos.jpg\" sizes=\"(max-width: 900px) 100vw, 900px\" srcset=\"https:\/\/infonewss-bucket.s3.amazonaws.com\/2025\/01\/IMG_5796-Padre-Marcos-ganha-estadio-com-grama-sintetica-e-carro-0-km-no-aniversario-de-61-anos-200x300.jpg 200w, https:\/\/infonewss-bucket.s3.amazonaws.com\/2025\/01\/IMG_5796-Padre-Marcos-ganha-estadio-com-grama-sintetica-e-carro-0-km-no-aniversario-de-61-anos-683x1024.jpg 683w, https:\/\/infonewss-bucket.s3.amazonaws.com\/2025\/01\/IMG_5796-Padre-Marcos-ganha-estadio-com-grama-sintetica-e-carro-0-km-no-aniversario-de-61-anos-768x1152.jpg 768w, https:\/\/infonewss-bucket.s3.amazonaws.com\/2025\/01\/IMG_5796-Padre-Marcos-ganha-estadio-com-grama-sintetica-e-carro-0-km-no-aniversario-de-61-anos-150x225.jpg 150w, https:\/\/infonewss-bucket.s3.amazonaws.com\/2025\/01\/IMG_5796-Padre-Marcos-ganha-estadio-com-grama-sintetica-e-carro-0-km-no-aniversario-de-61-anos-300x450.jpg 300w, https:\/\/infonewss-bucket.s3.amazonaws.com\/2025\/01\/IMG_5796-Padre-Marcos-ganha-estadio-com-grama-sintetica-e-carro-0-km-no-aniversario-de-61-anos-696x1044.jpg 696w, https:\/\/infonewss-bucket.s3.amazonaws.com\/2025\/01\/IMG_5796-Padre-Marcos-ganha-estadio-com-grama-sintetica-e-carro-0-km-no-aniversario-de-61-anos.jpg 900w\" alt=\"\" width=\"900\" height=\"1350\" \/><\/a>\u00a0<a href=\"https:\/\/infonewss.com\/padre-marcos-ganha-estadio-com-grama-sintetica-e-carro-0-km-no-aniversario-de-61-anos\/img_5799-padre-marcos-ganha-estadio-com-grama-sintetica-e-carro-0-km-no-aniversario-de-61-anos\/\" rel=\"attachment wp-att-595720\"><img loading=\"lazy\" decoding=\"async\" class=\"alignnone size-full wp-image-595720\" src=\"https:\/\/infonewss-bucket.s3.amazonaws.com\/2025\/01\/IMG_5799-Padre-Marcos-ganha-estadio-com-grama-sintetica-e-carro-0-km-no-aniversario-de-61-anos.jpg\" sizes=\"(max-width: 900px) 100vw, 900px\" srcset=\"https:\/\/infonewss-bucket.s3.amazonaws.com\/2025\/01\/IMG_5799-Padre-Marcos-ganha-estadio-com-grama-sintetica-e-carro-0-km-no-aniversario-de-61-anos-200x300.jpg 200w, https:\/\/infonewss-bucket.s3.amazonaws.com\/2025\/01\/IMG_5799-Padre-Marcos-ganha-estadio-com-grama-sintetica-e-carro-0-km-no-aniversario-de-61-anos-683x1024.jpg 683w, https:\/\/infonewss-bucket.s3.amazonaws.com\/2025\/01\/IMG_5799-Padre-Marcos-ganha-estadio-com-grama-sintetica-e-carro-0-km-no-aniversario-de-61-anos-768x1152.jpg 768w, https:\/\/infonewss-bucket.s3.amazonaws.com\/2025\/01\/IMG_5799-Padre-Marcos-ganha-estadio-com-grama-sintetica-e-carro-0-km-no-aniversario-de-61-anos-150x225.jpg 150w, https:\/\/infonewss-bucket.s3.amazonaws.com\/2025\/01\/IMG_5799-Padre-Marcos-ganha-estadio-com-grama-sintetica-e-carro-0-km-no-aniversario-de-61-anos-300x450.jpg 300w, https:\/\/infonewss-bucket.s3.amazonaws.com\/2025\/01\/IMG_5799-Padre-Marcos-ganha-estadio-com-grama-sintetica-e-carro-0-km-no-aniversario-de-61-anos-696x1044.jpg 696w, https:\/\/infonewss-bucket.s3.amazonaws.com\/2025\/01\/IMG_5799-Padre-Marcos-ganha-estadio-com-grama-sintetica-e-carro-0-km-no-aniversario-de-61-anos.jpg 900w\" alt=\"\" width=\"900\" height=\"1350\" \/><\/a>\u00a0<a href=\"https:\/\/infonewss.com\/padre-marcos-ganha-estadio-com-grama-sintetica-e-carro-0-km-no-aniversario-de-61-anos\/img_5800-padre-marcos-ganha-estadio-com-grama-sintetica-e-carro-0-km-no-aniversario-de-61-anos\/\" rel=\"attachment wp-att-595721\"><img loading=\"lazy\" decoding=\"async\" class=\"alignnone size-full wp-image-595721\" src=\"https:\/\/infonewss-bucket.s3.amazonaws.com\/2025\/01\/IMG_5800-Padre-Marcos-ganha-estadio-com-grama-sintetica-e-carro-0-km-no-aniversario-de-61-anos.jpg\" sizes=\"(max-width: 900px) 100vw, 900px\" srcset=\"https:\/\/infonewss-bucket.s3.amazonaws.com\/2025\/01\/IMG_5800-Padre-Marcos-ganha-estadio-com-grama-sintetica-e-carro-0-km-no-aniversario-de-61-anos-200x300.jpg 200w, https:\/\/infonewss-bucket.s3.amazonaws.com\/2025\/01\/IMG_5800-Padre-Marcos-ganha-estadio-com-grama-sintetica-e-carro-0-km-no-aniversario-de-61-anos-683x1024.jpg 683w, https:\/\/infonewss-bucket.s3.amazonaws.com\/2025\/01\/IMG_5800-Padre-Marcos-ganha-estadio-com-grama-sintetica-e-carro-0-km-no-aniversario-de-61-anos-768x1152.jpg 768w, https:\/\/infonewss-bucket.s3.amazonaws.com\/2025\/01\/IMG_5800-Padre-Marcos-ganha-estadio-com-grama-sintetica-e-carro-0-km-no-aniversario-de-61-anos-150x225.jpg 150w, https:\/\/infonewss-bucket.s3.amazonaws.com\/2025\/01\/IMG_5800-Padre-Marcos-ganha-estadio-com-grama-sintetica-e-carro-0-km-no-aniversario-de-61-anos-300x450.jpg 300w, https:\/\/infonewss-bucket.s3.amazonaws.com\/2025\/01\/IMG_5800-Padre-Marcos-ganha-estadio-com-grama-sintetica-e-carro-0-km-no-aniversario-de-61-anos-696x1044.jpg 696w, https:\/\/infonewss-bucket.s3.amazonaws.com\/2025\/01\/IMG_5800-Padre-Marcos-ganha-estadio-com-grama-sintetica-e-carro-0-km-no-aniversario-de-61-anos.jpg 900w\" alt=\"\" width=\"900\" height=\"1350\" \/><\/a>\u00a0<a href=\"https:\/\/infonewss.com\/padre-marcos-ganha-estadio-com-grama-sintetica-e-carro-0-km-no-aniversario-de-61-anos\/img_5801-padre-marcos-ganha-estadio-com-grama-sintetica-e-carro-0-km-no-aniversario-de-61-anos\/\" rel=\"attachment wp-att-595722\"><img loading=\"lazy\" decoding=\"async\" class=\"alignnone size-full wp-image-595722\" src=\"https:\/\/infonewss-bucket.s3.amazonaws.com\/2025\/01\/IMG_5801-Padre-Marcos-ganha-estadio-com-grama-sintetica-e-carro-0-km-no-aniversario-de-61-anos.jpg\" sizes=\"(max-width: 900px) 100vw, 900px\" srcset=\"https:\/\/infonewss-bucket.s3.amazonaws.com\/2025\/01\/IMG_5801-Padre-Marcos-ganha-estadio-com-grama-sintetica-e-carro-0-km-no-aniversario-de-61-anos-200x300.jpg 200w, https:\/\/infonewss-bucket.s3.amazonaws.com\/2025\/01\/IMG_5801-Padre-Marcos-ganha-estadio-com-grama-sintetica-e-carro-0-km-no-aniversario-de-61-anos-683x1024.jpg 683w, https:\/\/infonewss-bucket.s3.amazonaws.com\/2025\/01\/IMG_5801-Padre-Marcos-ganha-estadio-com-grama-sintetica-e-carro-0-km-no-aniversario-de-61-anos-768x1152.jpg 768w, https:\/\/infonewss-bucket.s3.amazonaws.com\/2025\/01\/IMG_5801-Padre-Marcos-ganha-estadio-com-grama-sintetica-e-carro-0-km-no-aniversario-de-61-anos-150x225.jpg 150w, https:\/\/infonewss-bucket.s3.amazonaws.com\/2025\/01\/IMG_5801-Padre-Marcos-ganha-estadio-com-grama-sintetica-e-carro-0-km-no-aniversario-de-61-anos-300x450.jpg 300w, https:\/\/infonewss-bucket.s3.amazonaws.com\/2025\/01\/IMG_5801-Padre-Marcos-ganha-estadio-com-grama-sintetica-e-carro-0-km-no-aniversario-de-61-anos-696x1044.jpg 696w, https:\/\/infonewss-bucket.s3.amazonaws.com\/2025\/01\/IMG_5801-Padre-Marcos-ganha-estadio-com-grama-sintetica-e-carro-0-km-no-aniversario-de-61-anos.jpg 900w\" alt=\"\" width=\"900\" height=\"1350\" \/><\/a>\u00a0<a href=\"https:\/\/infonewss.com\/padre-marcos-ganha-estadio-com-grama-sintetica-e-carro-0-km-no-aniversario-de-61-anos\/img_5802-padre-marcos-ganha-estadio-com-grama-sintetica-e-carro-0-km-no-aniversario-de-61-anos\/\" rel=\"attachment wp-att-595723\"><img loading=\"lazy\" decoding=\"async\" class=\"alignnone size-full wp-image-595723\" src=\"https:\/\/infonewss-bucket.s3.amazonaws.com\/2025\/01\/IMG_5802-Padre-Marcos-ganha-estadio-com-grama-sintetica-e-carro-0-km-no-aniversario-de-61-anos.jpg\" sizes=\"(max-width: 900px) 100vw, 900px\" srcset=\"https:\/\/infonewss-bucket.s3.amazonaws.com\/2025\/01\/IMG_5802-Padre-Marcos-ganha-estadio-com-grama-sintetica-e-carro-0-km-no-aniversario-de-61-anos-200x300.jpg 200w, https:\/\/infonewss-bucket.s3.amazonaws.com\/2025\/01\/IMG_5802-Padre-Marcos-ganha-estadio-com-grama-sintetica-e-carro-0-km-no-aniversario-de-61-anos-683x1024.jpg 683w, https:\/\/infonewss-bucket.s3.amazonaws.com\/2025\/01\/IMG_5802-Padre-Marcos-ganha-estadio-com-grama-sintetica-e-carro-0-km-no-aniversario-de-61-anos-768x1152.jpg 768w, https:\/\/infonewss-bucket.s3.amazonaws.com\/2025\/01\/IMG_5802-Padre-Marcos-ganha-estadio-com-grama-sintetica-e-carro-0-km-no-aniversario-de-61-anos-150x225.jpg 150w, https:\/\/infonewss-bucket.s3.amazonaws.com\/2025\/01\/IMG_5802-Padre-Marcos-ganha-estadio-com-grama-sintetica-e-carro-0-km-no-aniversario-de-61-anos-300x450.jpg 300w, https:\/\/infonewss-bucket.s3.amazonaws.com\/2025\/01\/IMG_5802-Padre-Marcos-ganha-estadio-com-grama-sintetica-e-carro-0-km-no-aniversario-de-61-anos-696x1044.jpg 696w, https:\/\/infonewss-bucket.s3.amazonaws.com\/2025\/01\/IMG_5802-Padre-Marcos-ganha-estadio-com-grama-sintetica-e-carro-0-km-no-aniversario-de-61-anos.jpg 900w\" alt=\"\" width=\"900\" height=\"1350\" \/><\/a>\u00a0<a href=\"https:\/\/infonewss.com\/padre-marcos-ganha-estadio-com-grama-sintetica-e-carro-0-km-no-aniversario-de-61-anos\/img_5803-padre-marcos-ganha-estadio-com-grama-sintetica-e-carro-0-km-no-aniversario-de-61-anos\/\" rel=\"attachment wp-att-595724\"><img loading=\"lazy\" decoding=\"async\" class=\"alignnone size-full wp-image-595724\" src=\"https:\/\/infonewss-bucket.s3.amazonaws.com\/2025\/01\/IMG_5803-Padre-Marcos-ganha-estadio-com-grama-sintetica-e-carro-0-km-no-aniversario-de-61-anos.jpg\" sizes=\"(max-width: 900px) 100vw, 900px\" srcset=\"https:\/\/infonewss-bucket.s3.amazonaws.com\/2025\/01\/IMG_5803-Padre-Marcos-ganha-estadio-com-grama-sintetica-e-carro-0-km-no-aniversario-de-61-anos-200x300.jpg 200w, https:\/\/infonewss-bucket.s3.amazonaws.com\/2025\/01\/IMG_5803-Padre-Marcos-ganha-estadio-com-grama-sintetica-e-carro-0-km-no-aniversario-de-61-anos-683x1024.jpg 683w, https:\/\/infonewss-bucket.s3.amazonaws.com\/2025\/01\/IMG_5803-Padre-Marcos-ganha-estadio-com-grama-sintetica-e-carro-0-km-no-aniversario-de-61-anos-768x1152.jpg 768w, https:\/\/infonewss-bucket.s3.amazonaws.com\/2025\/01\/IMG_5803-Padre-Marcos-ganha-estadio-com-grama-sintetica-e-carro-0-km-no-aniversario-de-61-anos-150x225.jpg 150w, https:\/\/infonewss-bucket.s3.amazonaws.com\/2025\/01\/IMG_5803-Padre-Marcos-ganha-estadio-com-grama-sintetica-e-carro-0-km-no-aniversario-de-61-anos-300x450.jpg 300w, https:\/\/infonewss-bucket.s3.amazonaws.com\/2025\/01\/IMG_5803-Padre-Marcos-ganha-estadio-com-grama-sintetica-e-carro-0-km-no-aniversario-de-61-anos-696x1044.jpg 696w, https:\/\/infonewss-bucket.s3.amazonaws.com\/2025\/01\/IMG_5803-Padre-Marcos-ganha-estadio-com-grama-sintetica-e-carro-0-km-no-aniversario-de-61-anos.jpg 900w\" alt=\"\" width=\"900\" height=\"1350\" \/><\/a>\u00a0<a href=\"https:\/\/infonewss.com\/padre-marcos-ganha-estadio-com-grama-sintetica-e-carro-0-km-no-aniversario-de-61-anos\/img_5811-padre-marcos-ganha-estadio-com-grama-sintetica-e-carro-0-km-no-aniversario-de-61-anos\/\" rel=\"attachment wp-att-595725\"><img loading=\"lazy\" decoding=\"async\" class=\"alignnone size-full wp-image-595725\" src=\"https:\/\/infonewss-bucket.s3.amazonaws.com\/2025\/01\/IMG_5811-Padre-Marcos-ganha-estadio-com-grama-sintetica-e-carro-0-km-no-aniversario-de-61-anos.jpg\" sizes=\"(max-width: 900px) 100vw, 900px\" srcset=\"https:\/\/infonewss-bucket.s3.amazonaws.com\/2025\/01\/IMG_5811-Padre-Marcos-ganha-estadio-com-grama-sintetica-e-carro-0-km-no-aniversario-de-61-anos-300x200.jpg 300w, https:\/\/infonewss-bucket.s3.amazonaws.com\/2025\/01\/IMG_5811-Padre-Marcos-ganha-estadio-com-grama-sintetica-e-carro-0-km-no-aniversario-de-61-anos-768x512.jpg 768w, https:\/\/infonewss-bucket.s3.amazonaws.com\/2025\/01\/IMG_5811-Padre-Marcos-ganha-estadio-com-grama-sintetica-e-carro-0-km-no-aniversario-de-61-anos.jpg 900w\" alt=\"\" width=\"900\" height=\"600\" \/><\/a>\u00a0<a href=\"https:\/\/infonewss.com\/padre-marcos-ganha-estadio-com-grama-sintetica-e-carro-0-km-no-aniversario-de-61-anos\/img_5815-padre-marcos-ganha-estadio-com-grama-sintetica-e-carro-0-km-no-aniversario-de-61-anos\/\" rel=\"attachment wp-att-595726\"><img loading=\"lazy\" decoding=\"async\" class=\"alignnone size-full wp-image-595726\" src=\"https:\/\/infonewss-bucket.s3.amazonaws.com\/2025\/01\/IMG_5815-Padre-Marcos-ganha-estadio-com-grama-sintetica-e-carro-0-km-no-aniversario-de-61-anos.jpg\" sizes=\"(max-width: 900px) 100vw, 900px\" srcset=\"https:\/\/infonewss-bucket.s3.amazonaws.com\/2025\/01\/IMG_5815-Padre-Marcos-ganha-estadio-com-grama-sintetica-e-carro-0-km-no-aniversario-de-61-anos-300x200.jpg 300w, https:\/\/infonewss-bucket.s3.amazonaws.com\/2025\/01\/IMG_5815-Padre-Marcos-ganha-estadio-com-grama-sintetica-e-carro-0-km-no-aniversario-de-61-anos-768x512.jpg 768w, https:\/\/infonewss-bucket.s3.amazonaws.com\/2025\/01\/IMG_5815-Padre-Marcos-ganha-estadio-com-grama-sintetica-e-carro-0-km-no-aniversario-de-61-anos.jpg 900w\" alt=\"\" width=\"900\" height=\"600\" \/><\/a>\u00a0<a href=\"https:\/\/infonewss.com\/padre-marcos-ganha-estadio-com-grama-sintetica-e-carro-0-km-no-aniversario-de-61-anos\/img_5818-padre-marcos-ganha-estadio-com-grama-sintetica-e-carro-0-km-no-aniversario-de-61-anos\/\" rel=\"attachment wp-att-595727\"><img loading=\"lazy\" decoding=\"async\" class=\"alignnone size-full wp-image-595727\" src=\"https:\/\/infonewss-bucket.s3.amazonaws.com\/2025\/01\/IMG_5818-Padre-Marcos-ganha-estadio-com-grama-sintetica-e-carro-0-km-no-aniversario-de-61-anos.jpg\" sizes=\"(max-width: 900px) 100vw, 900px\" srcset=\"https:\/\/infonewss-bucket.s3.amazonaws.com\/2025\/01\/IMG_5818-Padre-Marcos-ganha-estadio-com-grama-sintetica-e-carro-0-km-no-aniversario-de-61-anos-300x200.jpg 300w, https:\/\/infonewss-bucket.s3.amazonaws.com\/2025\/01\/IMG_5818-Padre-Marcos-ganha-estadio-com-grama-sintetica-e-carro-0-km-no-aniversario-de-61-anos-768x512.jpg 768w, https:\/\/infonewss-bucket.s3.amazonaws.com\/2025\/01\/IMG_5818-Padre-Marcos-ganha-estadio-com-grama-sintetica-e-carro-0-km-no-aniversario-de-61-anos.jpg 900w\" alt=\"\" width=\"900\" height=\"600\" \/><\/a>\u00a0<a href=\"https:\/\/infonewss.com\/padre-marcos-ganha-estadio-com-grama-sintetica-e-carro-0-km-no-aniversario-de-61-anos\/img_5819-padre-marcos-ganha-estadio-com-grama-sintetica-e-carro-0-km-no-aniversario-de-61-anos\/\" rel=\"attachment wp-att-595728\"><img loading=\"lazy\" decoding=\"async\" class=\"alignnone size-full wp-image-595728\" src=\"https:\/\/infonewss-bucket.s3.amazonaws.com\/2025\/01\/IMG_5819-Padre-Marcos-ganha-estadio-com-grama-sintetica-e-carro-0-km-no-aniversario-de-61-anos.jpg\" sizes=\"(max-width: 900px) 100vw, 900px\" srcset=\"https:\/\/infonewss-bucket.s3.amazonaws.com\/2025\/01\/IMG_5819-Padre-Marcos-ganha-estadio-com-grama-sintetica-e-carro-0-km-no-aniversario-de-61-anos-300x200.jpg 300w, https:\/\/infonewss-bucket.s3.amazonaws.com\/2025\/01\/IMG_5819-Padre-Marcos-ganha-estadio-com-grama-sintetica-e-carro-0-km-no-aniversario-de-61-anos-768x512.jpg 768w, https:\/\/infonewss-bucket.s3.amazonaws.com\/2025\/01\/IMG_5819-Padre-Marcos-ganha-estadio-com-grama-sintetica-e-carro-0-km-no-aniversario-de-61-anos.jpg 900w\" alt=\"\" width=\"900\" height=\"600\" \/><\/a>\u00a0<a href=\"https:\/\/infonewss.com\/padre-marcos-ganha-estadio-com-grama-sintetica-e-carro-0-km-no-aniversario-de-61-anos\/img_5821-padre-marcos-ganha-estadio-com-grama-sintetica-e-carro-0-km-no-aniversario-de-61-anos\/\" rel=\"attachment wp-att-595729\"><img loading=\"lazy\" decoding=\"async\" class=\"alignnone size-full wp-image-595729\" src=\"https:\/\/infonewss-bucket.s3.amazonaws.com\/2025\/01\/IMG_5821-Padre-Marcos-ganha-estadio-com-grama-sintetica-e-carro-0-km-no-aniversario-de-61-anos.jpg\" sizes=\"(max-width: 900px) 100vw, 900px\" srcset=\"https:\/\/infonewss-bucket.s3.amazonaws.com\/2025\/01\/IMG_5821-Padre-Marcos-ganha-estadio-com-grama-sintetica-e-carro-0-km-no-aniversario-de-61-anos-300x200.jpg 300w, https:\/\/infonewss-bucket.s3.amazonaws.com\/2025\/01\/IMG_5821-Padre-Marcos-ganha-estadio-com-grama-sintetica-e-carro-0-km-no-aniversario-de-61-anos-768x512.jpg 768w, https:\/\/infonewss-bucket.s3.amazonaws.com\/2025\/01\/IMG_5821-Padre-Marcos-ganha-estadio-com-grama-sintetica-e-carro-0-km-no-aniversario-de-61-anos.jpg 900w\" alt=\"\" width=\"900\" height=\"600\" \/><\/a>\u00a0<a href=\"https:\/\/infonewss.com\/padre-marcos-ganha-estadio-com-grama-sintetica-e-carro-0-km-no-aniversario-de-61-anos\/img_5825-padre-marcos-ganha-estadio-com-grama-sintetica-e-carro-0-km-no-aniversario-de-61-anos\/\" rel=\"attachment wp-att-595730\"><img loading=\"lazy\" decoding=\"async\" class=\"alignnone size-full wp-image-595730\" src=\"https:\/\/infonewss-bucket.s3.amazonaws.com\/2025\/01\/IMG_5825-Padre-Marcos-ganha-estadio-com-grama-sintetica-e-carro-0-km-no-aniversario-de-61-anos.jpg\" sizes=\"(max-width: 900px) 100vw, 900px\" srcset=\"https:\/\/infonewss-bucket.s3.amazonaws.com\/2025\/01\/IMG_5825-Padre-Marcos-ganha-estadio-com-grama-sintetica-e-carro-0-km-no-aniversario-de-61-anos-300x200.jpg 300w, https:\/\/infonewss-bucket.s3.amazonaws.com\/2025\/01\/IMG_5825-Padre-Marcos-ganha-estadio-com-grama-sintetica-e-carro-0-km-no-aniversario-de-61-anos-768x512.jpg 768w, https:\/\/infonewss-bucket.s3.amazonaws.com\/2025\/01\/IMG_5825-Padre-Marcos-ganha-estadio-com-grama-sintetica-e-carro-0-km-no-aniversario-de-61-anos.jpg 900w\" alt=\"\" width=\"900\" height=\"600\" \/><\/a>\u00a0<a href=\"https:\/\/infonewss.com\/padre-marcos-ganha-estadio-com-grama-sintetica-e-carro-0-km-no-aniversario-de-61-anos\/img_5836-padre-marcos-ganha-estadio-com-grama-sintetica-e-carro-0-km-no-aniversario-de-61-anos\/\" rel=\"attachment wp-att-595731\"><img loading=\"lazy\" decoding=\"async\" class=\"alignnone size-full wp-image-595731\" src=\"https:\/\/infonewss-bucket.s3.amazonaws.com\/2025\/01\/IMG_5836-Padre-Marcos-ganha-estadio-com-grama-sintetica-e-carro-0-km-no-aniversario-de-61-anos.jpg\" sizes=\"(max-width: 900px) 100vw, 900px\" srcset=\"https:\/\/infonewss-bucket.s3.amazonaws.com\/2025\/01\/IMG_5836-Padre-Marcos-ganha-estadio-com-grama-sintetica-e-carro-0-km-no-aniversario-de-61-anos-300x200.jpg 300w, https:\/\/infonewss-bucket.s3.amazonaws.com\/2025\/01\/IMG_5836-Padre-Marcos-ganha-estadio-com-grama-sintetica-e-carro-0-km-no-aniversario-de-61-anos-768x512.jpg 768w, https:\/\/infonewss-bucket.s3.amazonaws.com\/2025\/01\/IMG_5836-Padre-Marcos-ganha-estadio-com-grama-sintetica-e-carro-0-km-no-aniversario-de-61-anos.jpg 900w\" alt=\"\" width=\"900\" height=\"600\" \/><\/a>\u00a0<a href=\"https:\/\/infonewss.com\/padre-marcos-ganha-estadio-com-grama-sintetica-e-carro-0-km-no-aniversario-de-61-anos\/img_5838-padre-marcos-ganha-estadio-com-grama-sintetica-e-carro-0-km-no-aniversario-de-61-anos\/\" rel=\"attachment wp-att-595732\"><img loading=\"lazy\" decoding=\"async\" class=\"alignnone size-full wp-image-595732\" src=\"https:\/\/infonewss-bucket.s3.amazonaws.com\/2025\/01\/IMG_5838-Padre-Marcos-ganha-estadio-com-grama-sintetica-e-carro-0-km-no-aniversario-de-61-anos.jpg\" sizes=\"(max-width: 900px) 100vw, 900px\" srcset=\"https:\/\/infonewss-bucket.s3.amazonaws.com\/2025\/01\/IMG_5838-Padre-Marcos-ganha-estadio-com-grama-sintetica-e-carro-0-km-no-aniversario-de-61-anos-200x300.jpg 200w, https:\/\/infonewss-bucket.s3.amazonaws.com\/2025\/01\/IMG_5838-Padre-Marcos-ganha-estadio-com-grama-sintetica-e-carro-0-km-no-aniversario-de-61-anos-683x1024.jpg 683w, https:\/\/infonewss-bucket.s3.amazonaws.com\/2025\/01\/IMG_5838-Padre-Marcos-ganha-estadio-com-grama-sintetica-e-carro-0-km-no-aniversario-de-61-anos-768x1152.jpg 768w, https:\/\/infonewss-bucket.s3.amazonaws.com\/2025\/01\/IMG_5838-Padre-Marcos-ganha-estadio-com-grama-sintetica-e-carro-0-km-no-aniversario-de-61-anos-150x225.jpg 150w, https:\/\/infonewss-bucket.s3.amazonaws.com\/2025\/01\/IMG_5838-Padre-Marcos-ganha-estadio-com-grama-sintetica-e-carro-0-km-no-aniversario-de-61-anos-300x450.jpg 300w, https:\/\/infonewss-bucket.s3.amazonaws.com\/2025\/01\/IMG_5838-Padre-Marcos-ganha-estadio-com-grama-sintetica-e-carro-0-km-no-aniversario-de-61-anos-696x1044.jpg 696w, https:\/\/infonewss-bucket.s3.amazonaws.com\/2025\/01\/IMG_5838-Padre-Marcos-ganha-estadio-com-grama-sintetica-e-carro-0-km-no-aniversario-de-61-anos.jpg 900w\" alt=\"\" width=\"900\" height=\"1350\" \/><\/a>\u00a0<a href=\"https:\/\/infonewss.com\/padre-marcos-ganha-estadio-com-grama-sintetica-e-carro-0-km-no-aniversario-de-61-anos\/img_5844-padre-marcos-ganha-estadio-com-grama-sintetica-e-carro-0-km-no-aniversario-de-61-anos\/\" rel=\"attachment wp-att-595733\"><img loading=\"lazy\" decoding=\"async\" class=\"alignnone size-full wp-image-595733\" src=\"https:\/\/infonewss-bucket.s3.amazonaws.com\/2025\/01\/IMG_5844-Padre-Marcos-ganha-estadio-com-grama-sintetica-e-carro-0-km-no-aniversario-de-61-anos.jpg\" sizes=\"(max-width: 900px) 100vw, 900px\" srcset=\"https:\/\/infonewss-bucket.s3.amazonaws.com\/2025\/01\/IMG_5844-Padre-Marcos-ganha-estadio-com-grama-sintetica-e-carro-0-km-no-aniversario-de-61-anos-200x300.jpg 200w, https:\/\/infonewss-bucket.s3.amazonaws.com\/2025\/01\/IMG_5844-Padre-Marcos-ganha-estadio-com-grama-sintetica-e-carro-0-km-no-aniversario-de-61-anos-683x1024.jpg 683w, https:\/\/infonewss-bucket.s3.amazonaws.com\/2025\/01\/IMG_5844-Padre-Marcos-ganha-estadio-com-grama-sintetica-e-carro-0-km-no-aniversario-de-61-anos-768x1152.jpg 768w, https:\/\/infonewss-bucket.s3.amazonaws.com\/2025\/01\/IMG_5844-Padre-Marcos-ganha-estadio-com-grama-sintetica-e-carro-0-km-no-aniversario-de-61-anos-150x225.jpg 150w, https:\/\/infonewss-bucket.s3.amazonaws.com\/2025\/01\/IMG_5844-Padre-Marcos-ganha-estadio-com-grama-sintetica-e-carro-0-km-no-aniversario-de-61-anos-300x450.jpg 300w, https:\/\/infonewss-bucket.s3.amazonaws.com\/2025\/01\/IMG_5844-Padre-Marcos-ganha-estadio-com-grama-sintetica-e-carro-0-km-no-aniversario-de-61-anos-696x1044.jpg 696w, https:\/\/infonewss-bucket.s3.amazonaws.com\/2025\/01\/IMG_5844-Padre-Marcos-ganha-estadio-com-grama-sintetica-e-carro-0-km-no-aniversario-de-61-anos.jpg 900w\" alt=\"\" width=\"900\" height=\"1350\" \/><\/a>\u00a0<a href=\"https:\/\/infonewss.com\/padre-marcos-ganha-estadio-com-grama-sintetica-e-carro-0-km-no-aniversario-de-61-anos\/img_5846-padre-marcos-ganha-estadio-com-grama-sintetica-e-carro-0-km-no-aniversario-de-61-anos\/\" rel=\"attachment wp-att-595734\"><img loading=\"lazy\" decoding=\"async\" class=\"alignnone size-full wp-image-595734\" src=\"https:\/\/infonewss-bucket.s3.amazonaws.com\/2025\/01\/IMG_5846-Padre-Marcos-ganha-estadio-com-grama-sintetica-e-carro-0-km-no-aniversario-de-61-anos.jpg\" sizes=\"(max-width: 900px) 100vw, 900px\" srcset=\"https:\/\/infonewss-bucket.s3.amazonaws.com\/2025\/01\/IMG_5846-Padre-Marcos-ganha-estadio-com-grama-sintetica-e-carro-0-km-no-aniversario-de-61-anos-200x300.jpg 200w, https:\/\/infonewss-bucket.s3.amazonaws.com\/2025\/01\/IMG_5846-Padre-Marcos-ganha-estadio-com-grama-sintetica-e-carro-0-km-no-aniversario-de-61-anos-683x1024.jpg 683w, https:\/\/infonewss-bucket.s3.amazonaws.com\/2025\/01\/IMG_5846-Padre-Marcos-ganha-estadio-com-grama-sintetica-e-carro-0-km-no-aniversario-de-61-anos-768x1152.jpg 768w, https:\/\/infonewss-bucket.s3.amazonaws.com\/2025\/01\/IMG_5846-Padre-Marcos-ganha-estadio-com-grama-sintetica-e-carro-0-km-no-aniversario-de-61-anos-150x225.jpg 150w, https:\/\/infonewss-bucket.s3.amazonaws.com\/2025\/01\/IMG_5846-Padre-Marcos-ganha-estadio-com-grama-sintetica-e-carro-0-km-no-aniversario-de-61-anos-300x450.jpg 300w, https:\/\/infonewss-bucket.s3.amazonaws.com\/2025\/01\/IMG_5846-Padre-Marcos-ganha-estadio-com-grama-sintetica-e-carro-0-km-no-aniversario-de-61-anos-696x1044.jpg 696w, https:\/\/infonewss-bucket.s3.amazonaws.com\/2025\/01\/IMG_5846-Padre-Marcos-ganha-estadio-com-grama-sintetica-e-carro-0-km-no-aniversario-de-61-anos.jpg 900w\" alt=\"\" width=\"900\" height=\"1350\" \/><\/a>\u00a0<a href=\"https:\/\/infonewss.com\/padre-marcos-ganha-estadio-com-grama-sintetica-e-carro-0-km-no-aniversario-de-61-anos\/img_5847-padre-marcos-ganha-estadio-com-grama-sintetica-e-carro-0-km-no-aniversario-de-61-anos\/\" rel=\"attachment wp-att-595735\"><img loading=\"lazy\" decoding=\"async\" class=\"alignnone size-full wp-image-595735\" src=\"https:\/\/infonewss-bucket.s3.amazonaws.com\/2025\/01\/IMG_5847-Padre-Marcos-ganha-estadio-com-grama-sintetica-e-carro-0-km-no-aniversario-de-61-anos.jpg\" sizes=\"(max-width: 900px) 100vw, 900px\" srcset=\"https:\/\/infonewss-bucket.s3.amazonaws.com\/2025\/01\/IMG_5847-Padre-Marcos-ganha-estadio-com-grama-sintetica-e-carro-0-km-no-aniversario-de-61-anos-200x300.jpg 200w, https:\/\/infonewss-bucket.s3.amazonaws.com\/2025\/01\/IMG_5847-Padre-Marcos-ganha-estadio-com-grama-sintetica-e-carro-0-km-no-aniversario-de-61-anos-683x1024.jpg 683w, https:\/\/infonewss-bucket.s3.amazonaws.com\/2025\/01\/IMG_5847-Padre-Marcos-ganha-estadio-com-grama-sintetica-e-carro-0-km-no-aniversario-de-61-anos-768x1152.jpg 768w, https:\/\/infonewss-bucket.s3.amazonaws.com\/2025\/01\/IMG_5847-Padre-Marcos-ganha-estadio-com-grama-sintetica-e-carro-0-km-no-aniversario-de-61-anos-150x225.jpg 150w, https:\/\/infonewss-bucket.s3.amazonaws.com\/2025\/01\/IMG_5847-Padre-Marcos-ganha-estadio-com-grama-sintetica-e-carro-0-km-no-aniversario-de-61-anos-300x450.jpg 300w, https:\/\/infonewss-bucket.s3.amazonaws.com\/2025\/01\/IMG_5847-Padre-Marcos-ganha-estadio-com-grama-sintetica-e-carro-0-km-no-aniversario-de-61-anos-696x1044.jpg 696w, https:\/\/infonewss-bucket.s3.amazonaws.com\/2025\/01\/IMG_5847-Padre-Marcos-ganha-estadio-com-grama-sintetica-e-carro-0-km-no-aniversario-de-61-anos.jpg 900w\" alt=\"\" width=\"900\" height=\"1350\" \/><\/a>\u00a0<a href=\"https:\/\/infonewss.com\/padre-marcos-ganha-estadio-com-grama-sintetica-e-carro-0-km-no-aniversario-de-61-anos\/img_5849-padre-marcos-ganha-estadio-com-grama-sintetica-e-carro-0-km-no-aniversario-de-61-anos\/\" rel=\"attachment wp-att-595736\"><img loading=\"lazy\" decoding=\"async\" class=\"alignnone size-full wp-image-595736\" src=\"https:\/\/infonewss-bucket.s3.amazonaws.com\/2025\/01\/IMG_5849-Padre-Marcos-ganha-estadio-com-grama-sintetica-e-carro-0-km-no-aniversario-de-61-anos.jpg\" sizes=\"(max-width: 900px) 100vw, 900px\" srcset=\"https:\/\/infonewss-bucket.s3.amazonaws.com\/2025\/01\/IMG_5849-Padre-Marcos-ganha-estadio-com-grama-sintetica-e-carro-0-km-no-aniversario-de-61-anos-200x300.jpg 200w, https:\/\/infonewss-bucket.s3.amazonaws.com\/2025\/01\/IMG_5849-Padre-Marcos-ganha-estadio-com-grama-sintetica-e-carro-0-km-no-aniversario-de-61-anos-683x1024.jpg 683w, https:\/\/infonewss-bucket.s3.amazonaws.com\/2025\/01\/IMG_5849-Padre-Marcos-ganha-estadio-com-grama-sintetica-e-carro-0-km-no-aniversario-de-61-anos-768x1152.jpg 768w, https:\/\/infonewss-bucket.s3.amazonaws.com\/2025\/01\/IMG_5849-Padre-Marcos-ganha-estadio-com-grama-sintetica-e-carro-0-km-no-aniversario-de-61-anos-150x225.jpg 150w, https:\/\/infonewss-bucket.s3.amazonaws.com\/2025\/01\/IMG_5849-Padre-Marcos-ganha-estadio-com-grama-sintetica-e-carro-0-km-no-aniversario-de-61-anos-300x450.jpg 300w, https:\/\/infonewss-bucket.s3.amazonaws.com\/2025\/01\/IMG_5849-Padre-Marcos-ganha-estadio-com-grama-sintetica-e-carro-0-km-no-aniversario-de-61-anos-696x1044.jpg 696w, https:\/\/infonewss-bucket.s3.amazonaws.com\/2025\/01\/IMG_5849-Padre-Marcos-ganha-estadio-com-grama-sintetica-e-carro-0-km-no-aniversario-de-61-anos.jpg 900w\" alt=\"\" width=\"900\" height=\"1350\" \/><\/a>\u00a0<a href=\"https:\/\/infonewss.com\/padre-marcos-ganha-estadio-com-grama-sintetica-e-carro-0-km-no-aniversario-de-61-anos\/img_5862-padre-marcos-ganha-estadio-com-grama-sintetica-e-carro-0-km-no-aniversario-de-61-anos\/\" rel=\"attachment wp-att-595737\"><img loading=\"lazy\" decoding=\"async\" class=\"alignnone size-full wp-image-595737\" src=\"https:\/\/infonewss-bucket.s3.amazonaws.com\/2025\/01\/IMG_5862-Padre-Marcos-ganha-estadio-com-grama-sintetica-e-carro-0-km-no-aniversario-de-61-anos.jpg\" sizes=\"(max-width: 900px) 100vw, 900px\" srcset=\"https:\/\/infonewss-bucket.s3.amazonaws.com\/2025\/01\/IMG_5862-Padre-Marcos-ganha-estadio-com-grama-sintetica-e-carro-0-km-no-aniversario-de-61-anos-300x200.jpg 300w, https:\/\/infonewss-bucket.s3.amazonaws.com\/2025\/01\/IMG_5862-Padre-Marcos-ganha-estadio-com-grama-sintetica-e-carro-0-km-no-aniversario-de-61-anos-768x512.jpg 768w, https:\/\/infonewss-bucket.s3.amazonaws.com\/2025\/01\/IMG_5862-Padre-Marcos-ganha-estadio-com-grama-sintetica-e-carro-0-km-no-aniversario-de-61-anos.jpg 900w\" alt=\"\" width=\"900\" height=\"600\" \/><\/a>\u00a0<a href=\"https:\/\/infonewss.com\/padre-marcos-ganha-estadio-com-grama-sintetica-e-carro-0-km-no-aniversario-de-61-anos\/img_5867-padre-marcos-ganha-estadio-com-grama-sintetica-e-carro-0-km-no-aniversario-de-61-anos\/\" rel=\"attachment wp-att-595738\"><img loading=\"lazy\" decoding=\"async\" class=\"alignnone size-full wp-image-595738\" src=\"https:\/\/infonewss-bucket.s3.amazonaws.com\/2025\/01\/IMG_5867-Padre-Marcos-ganha-estadio-com-grama-sintetica-e-carro-0-km-no-aniversario-de-61-anos.jpg\" sizes=\"(max-width: 900px) 100vw, 900px\" srcset=\"https:\/\/infonewss-bucket.s3.amazonaws.com\/2025\/01\/IMG_5867-Padre-Marcos-ganha-estadio-com-grama-sintetica-e-carro-0-km-no-aniversario-de-61-anos-300x200.jpg 300w, https:\/\/infonewss-bucket.s3.amazonaws.com\/2025\/01\/IMG_5867-Padre-Marcos-ganha-estadio-com-grama-sintetica-e-carro-0-km-no-aniversario-de-61-anos-768x512.jpg 768w, https:\/\/infonewss-bucket.s3.amazonaws.com\/2025\/01\/IMG_5867-Padre-Marcos-ganha-estadio-com-grama-sintetica-e-carro-0-km-no-aniversario-de-61-anos.jpg 900w\" alt=\"\" width=\"900\" height=\"600\" \/><\/a>\u00a0<a href=\"https:\/\/infonewss.com\/padre-marcos-ganha-estadio-com-grama-sintetica-e-carro-0-km-no-aniversario-de-61-anos\/img_5869-padre-marcos-ganha-estadio-com-grama-sintetica-e-carro-0-km-no-aniversario-de-61-anos\/\" rel=\"attachment wp-att-595739\"><img loading=\"lazy\" decoding=\"async\" class=\"alignnone size-full wp-image-595739\" src=\"https:\/\/infonewss-bucket.s3.amazonaws.com\/2025\/01\/IMG_5869-Padre-Marcos-ganha-estadio-com-grama-sintetica-e-carro-0-km-no-aniversario-de-61-anos.jpg\" sizes=\"(max-width: 900px) 100vw, 900px\" srcset=\"https:\/\/infonewss-bucket.s3.amazonaws.com\/2025\/01\/IMG_5869-Padre-Marcos-ganha-estadio-com-grama-sintetica-e-carro-0-km-no-aniversario-de-61-anos-300x200.jpg 300w, https:\/\/infonewss-bucket.s3.amazonaws.com\/2025\/01\/IMG_5869-Padre-Marcos-ganha-estadio-com-grama-sintetica-e-carro-0-km-no-aniversario-de-61-anos-768x512.jpg 768w, https:\/\/infonewss-bucket.s3.amazonaws.com\/2025\/01\/IMG_5869-Padre-Marcos-ganha-estadio-com-grama-sintetica-e-carro-0-km-no-aniversario-de-61-anos.jpg 900w\" alt=\"\" width=\"900\" height=\"600\" \/><\/a>\u00a0<a href=\"https:\/\/infonewss.com\/padre-marcos-ganha-estadio-com-grama-sintetica-e-carro-0-km-no-aniversario-de-61-anos\/img_5875-padre-marcos-ganha-estadio-com-grama-sintetica-e-carro-0-km-no-aniversario-de-61-anos\/\" rel=\"attachment wp-att-595740\"><img loading=\"lazy\" decoding=\"async\" class=\"alignnone size-full wp-image-595740\" src=\"https:\/\/infonewss-bucket.s3.amazonaws.com\/2025\/01\/IMG_5875-Padre-Marcos-ganha-estadio-com-grama-sintetica-e-carro-0-km-no-aniversario-de-61-anos.jpg\" sizes=\"(max-width: 900px) 100vw, 900px\" srcset=\"https:\/\/infonewss-bucket.s3.amazonaws.com\/2025\/01\/IMG_5875-Padre-Marcos-ganha-estadio-com-grama-sintetica-e-carro-0-km-no-aniversario-de-61-anos-300x200.jpg 300w, https:\/\/infonewss-bucket.s3.amazonaws.com\/2025\/01\/IMG_5875-Padre-Marcos-ganha-estadio-com-grama-sintetica-e-carro-0-km-no-aniversario-de-61-anos-768x512.jpg 768w, https:\/\/infonewss-bucket.s3.amazonaws.com\/2025\/01\/IMG_5875-Padre-Marcos-ganha-estadio-com-grama-sintetica-e-carro-0-km-no-aniversario-de-61-anos.jpg 900w\" alt=\"\" width=\"900\" height=\"600\" \/><\/a>\u00a0<a href=\"https:\/\/infonewss.com\/padre-marcos-ganha-estadio-com-grama-sintetica-e-carro-0-km-no-aniversario-de-61-anos\/img_5878-padre-marcos-ganha-estadio-com-grama-sintetica-e-carro-0-km-no-aniversario-de-61-anos\/\" rel=\"attachment wp-att-595741\"><img loading=\"lazy\" decoding=\"async\" class=\"alignnone size-full wp-image-595741\" src=\"https:\/\/infonewss-bucket.s3.amazonaws.com\/2025\/01\/IMG_5878-Padre-Marcos-ganha-estadio-com-grama-sintetica-e-carro-0-km-no-aniversario-de-61-anos.jpg\" sizes=\"(max-width: 900px) 100vw, 900px\" srcset=\"https:\/\/infonewss-bucket.s3.amazonaws.com\/2025\/01\/IMG_5878-Padre-Marcos-ganha-estadio-com-grama-sintetica-e-carro-0-km-no-aniversario-de-61-anos-300x200.jpg 300w, https:\/\/infonewss-bucket.s3.amazonaws.com\/2025\/01\/IMG_5878-Padre-Marcos-ganha-estadio-com-grama-sintetica-e-carro-0-km-no-aniversario-de-61-anos-768x512.jpg 768w, https:\/\/infonewss-bucket.s3.amazonaws.com\/2025\/01\/IMG_5878-Padre-Marcos-ganha-estadio-com-grama-sintetica-e-carro-0-km-no-aniversario-de-61-anos.jpg 900w\" alt=\"\" width=\"900\" height=\"600\" \/><\/a>\u00a0<a href=\"https:\/\/infonewss.com\/padre-marcos-ganha-estadio-com-grama-sintetica-e-carro-0-km-no-aniversario-de-61-anos\/img_5879-padre-marcos-ganha-estadio-com-grama-sintetica-e-carro-0-km-no-aniversario-de-61-anos\/\" rel=\"attachment wp-att-595742\"><img loading=\"lazy\" decoding=\"async\" class=\"alignnone size-full wp-image-595742\" src=\"https:\/\/infonewss-bucket.s3.amazonaws.com\/2025\/01\/IMG_5879-Padre-Marcos-ganha-estadio-com-grama-sintetica-e-carro-0-km-no-aniversario-de-61-anos.jpg\" sizes=\"(max-width: 900px) 100vw, 900px\" srcset=\"https:\/\/infonewss-bucket.s3.amazonaws.com\/2025\/01\/IMG_5879-Padre-Marcos-ganha-estadio-com-grama-sintetica-e-carro-0-km-no-aniversario-de-61-anos-200x300.jpg 200w, https:\/\/infonewss-bucket.s3.amazonaws.com\/2025\/01\/IMG_5879-Padre-Marcos-ganha-estadio-com-grama-sintetica-e-carro-0-km-no-aniversario-de-61-anos-683x1024.jpg 683w, https:\/\/infonewss-bucket.s3.amazonaws.com\/2025\/01\/IMG_5879-Padre-Marcos-ganha-estadio-com-grama-sintetica-e-carro-0-km-no-aniversario-de-61-anos-768x1152.jpg 768w, https:\/\/infonewss-bucket.s3.amazonaws.com\/2025\/01\/IMG_5879-Padre-Marcos-ganha-estadio-com-grama-sintetica-e-carro-0-km-no-aniversario-de-61-anos-150x225.jpg 150w, https:\/\/infonewss-bucket.s3.amazonaws.com\/2025\/01\/IMG_5879-Padre-Marcos-ganha-estadio-com-grama-sintetica-e-carro-0-km-no-aniversario-de-61-anos-300x450.jpg 300w, https:\/\/infonewss-bucket.s3.amazonaws.com\/2025\/01\/IMG_5879-Padre-Marcos-ganha-estadio-com-grama-sintetica-e-carro-0-km-no-aniversario-de-61-anos-696x1044.jpg 696w, https:\/\/infonewss-bucket.s3.amazonaws.com\/2025\/01\/IMG_5879-Padre-Marcos-ganha-estadio-com-grama-sintetica-e-carro-0-km-no-aniversario-de-61-anos.jpg 900w\" alt=\"\" width=\"900\" height=\"1350\" \/><\/a>\u00a0<a href=\"https:\/\/infonewss.com\/padre-marcos-ganha-estadio-com-grama-sintetica-e-carro-0-km-no-aniversario-de-61-anos\/img_5882-padre-marcos-ganha-estadio-com-grama-sintetica-e-carro-0-km-no-aniversario-de-61-anos\/\" rel=\"attachment wp-att-595743\"><img loading=\"lazy\" decoding=\"async\" class=\"alignnone size-full wp-image-595743\" src=\"https:\/\/infonewss-bucket.s3.amazonaws.com\/2025\/01\/IMG_5882-Padre-Marcos-ganha-estadio-com-grama-sintetica-e-carro-0-km-no-aniversario-de-61-anos.jpg\" sizes=\"(max-width: 900px) 100vw, 900px\" srcset=\"https:\/\/infonewss-bucket.s3.amazonaws.com\/2025\/01\/IMG_5882-Padre-Marcos-ganha-estadio-com-grama-sintetica-e-carro-0-km-no-aniversario-de-61-anos-300x200.jpg 300w, https:\/\/infonewss-bucket.s3.amazonaws.com\/2025\/01\/IMG_5882-Padre-Marcos-ganha-estadio-com-grama-sintetica-e-carro-0-km-no-aniversario-de-61-anos-768x512.jpg 768w, https:\/\/infonewss-bucket.s3.amazonaws.com\/2025\/01\/IMG_5882-Padre-Marcos-ganha-estadio-com-grama-sintetica-e-carro-0-km-no-aniversario-de-61-anos.jpg 900w\" alt=\"\" width=\"900\" height=\"600\" \/><\/a>\u00a0<a href=\"https:\/\/infonewss.com\/padre-marcos-ganha-estadio-com-grama-sintetica-e-carro-0-km-no-aniversario-de-61-anos\/img_5886-padre-marcos-ganha-estadio-com-grama-sintetica-e-carro-0-km-no-aniversario-de-61-anos\/\" rel=\"attachment wp-att-595744\"><img loading=\"lazy\" decoding=\"async\" class=\"alignnone size-full wp-image-595744\" src=\"https:\/\/infonewss-bucket.s3.amazonaws.com\/2025\/01\/IMG_5886-Padre-Marcos-ganha-estadio-com-grama-sintetica-e-carro-0-km-no-aniversario-de-61-anos.jpg\" sizes=\"(max-width: 900px) 100vw, 900px\" srcset=\"https:\/\/infonewss-bucket.s3.amazonaws.com\/2025\/01\/IMG_5886-Padre-Marcos-ganha-estadio-com-grama-sintetica-e-carro-0-km-no-aniversario-de-61-anos-300x200.jpg 300w, https:\/\/infonewss-bucket.s3.amazonaws.com\/2025\/01\/IMG_5886-Padre-Marcos-ganha-estadio-com-grama-sintetica-e-carro-0-km-no-aniversario-de-61-anos-768x512.jpg 768w, https:\/\/infonewss-bucket.s3.amazonaws.com\/2025\/01\/IMG_5886-Padre-Marcos-ganha-estadio-com-grama-sintetica-e-carro-0-km-no-aniversario-de-61-anos.jpg 900w\" alt=\"\" width=\"900\" height=\"600\" \/><\/a>\u00a0<a href=\"https:\/\/infonewss.com\/padre-marcos-ganha-estadio-com-grama-sintetica-e-carro-0-km-no-aniversario-de-61-anos\/img_5887-padre-marcos-ganha-estadio-com-grama-sintetica-e-carro-0-km-no-aniversario-de-61-anos\/\" rel=\"attachment wp-att-595745\"><img loading=\"lazy\" decoding=\"async\" class=\"alignnone size-full wp-image-595745\" src=\"https:\/\/infonewss-bucket.s3.amazonaws.com\/2025\/01\/IMG_5887-Padre-Marcos-ganha-estadio-com-grama-sintetica-e-carro-0-km-no-aniversario-de-61-anos.jpg\" sizes=\"(max-width: 900px) 100vw, 900px\" srcset=\"https:\/\/infonewss-bucket.s3.amazonaws.com\/2025\/01\/IMG_5887-Padre-Marcos-ganha-estadio-com-grama-sintetica-e-carro-0-km-no-aniversario-de-61-anos-300x200.jpg 300w, https:\/\/infonewss-bucket.s3.amazonaws.com\/2025\/01\/IMG_5887-Padre-Marcos-ganha-estadio-com-grama-sintetica-e-carro-0-km-no-aniversario-de-61-anos-768x512.jpg 768w, https:\/\/infonewss-bucket.s3.amazonaws.com\/2025\/01\/IMG_5887-Padre-Marcos-ganha-estadio-com-grama-sintetica-e-carro-0-km-no-aniversario-de-61-anos.jpg 900w\" alt=\"\" width=\"900\" height=\"600\" \/><\/a>\u00a0<a href=\"https:\/\/infonewss.com\/padre-marcos-ganha-estadio-com-grama-sintetica-e-carro-0-km-no-aniversario-de-61-anos\/img_5890-padre-marcos-ganha-estadio-com-grama-sintetica-e-carro-0-km-no-aniversario-de-61-anos\/\" rel=\"attachment wp-att-595746\"><img loading=\"lazy\" decoding=\"async\" class=\"alignnone size-full wp-image-595746\" src=\"https:\/\/infonewss-bucket.s3.amazonaws.com\/2025\/01\/IMG_5890-Padre-Marcos-ganha-estadio-com-grama-sintetica-e-carro-0-km-no-aniversario-de-61-anos.jpg\" sizes=\"(max-width: 900px) 100vw, 900px\" srcset=\"https:\/\/infonewss-bucket.s3.amazonaws.com\/2025\/01\/IMG_5890-Padre-Marcos-ganha-estadio-com-grama-sintetica-e-carro-0-km-no-aniversario-de-61-anos-300x200.jpg 300w, https:\/\/infonewss-bucket.s3.amazonaws.com\/2025\/01\/IMG_5890-Padre-Marcos-ganha-estadio-com-grama-sintetica-e-carro-0-km-no-aniversario-de-61-anos-768x512.jpg 768w, https:\/\/infonewss-bucket.s3.amazonaws.com\/2025\/01\/IMG_5890-Padre-Marcos-ganha-estadio-com-grama-sintetica-e-carro-0-km-no-aniversario-de-61-anos.jpg 900w\" alt=\"\" width=\"900\" height=\"600\" \/><\/a>\u00a0<a href=\"https:\/\/infonewss.com\/padre-marcos-ganha-estadio-com-grama-sintetica-e-carro-0-km-no-aniversario-de-61-anos\/img_5900-padre-marcos-ganha-estadio-com-grama-sintetica-e-carro-0-km-no-aniversario-de-61-anos\/\" rel=\"attachment wp-att-595747\"><img loading=\"lazy\" decoding=\"async\" class=\"alignnone size-full wp-image-595747\" src=\"https:\/\/infonewss-bucket.s3.amazonaws.com\/2025\/01\/IMG_5900-Padre-Marcos-ganha-estadio-com-grama-sintetica-e-carro-0-km-no-aniversario-de-61-anos.jpg\" sizes=\"(max-width: 900px) 100vw, 900px\" srcset=\"https:\/\/infonewss-bucket.s3.amazonaws.com\/2025\/01\/IMG_5900-Padre-Marcos-ganha-estadio-com-grama-sintetica-e-carro-0-km-no-aniversario-de-61-anos-200x300.jpg 200w, https:\/\/infonewss-bucket.s3.amazonaws.com\/2025\/01\/IMG_5900-Padre-Marcos-ganha-estadio-com-grama-sintetica-e-carro-0-km-no-aniversario-de-61-anos-683x1024.jpg 683w, https:\/\/infonewss-bucket.s3.amazonaws.com\/2025\/01\/IMG_5900-Padre-Marcos-ganha-estadio-com-grama-sintetica-e-carro-0-km-no-aniversario-de-61-anos-768x1152.jpg 768w, https:\/\/infonewss-bucket.s3.amazonaws.com\/2025\/01\/IMG_5900-Padre-Marcos-ganha-estadio-com-grama-sintetica-e-carro-0-km-no-aniversario-de-61-anos-150x225.jpg 150w, https:\/\/infonewss-bucket.s3.amazonaws.com\/2025\/01\/IMG_5900-Padre-Marcos-ganha-estadio-com-grama-sintetica-e-carro-0-km-no-aniversario-de-61-anos-300x450.jpg 300w, https:\/\/infonewss-bucket.s3.amazonaws.com\/2025\/01\/IMG_5900-Padre-Marcos-ganha-estadio-com-grama-sintetica-e-carro-0-km-no-aniversario-de-61-anos-696x1044.jpg 696w, https:\/\/infonewss-bucket.s3.amazonaws.com\/2025\/01\/IMG_5900-Padre-Marcos-ganha-estadio-com-grama-sintetica-e-carro-0-km-no-aniversario-de-61-anos.jpg 900w\" alt=\"\" width=\"900\" height=\"1350\" \/><\/a>\u00a0<a href=\"https:\/\/infonewss.com\/padre-marcos-ganha-estadio-com-grama-sintetica-e-carro-0-km-no-aniversario-de-61-anos\/img_5904-padre-marcos-ganha-estadio-com-grama-sintetica-e-carro-0-km-no-aniversario-de-61-anos\/\" rel=\"attachment wp-att-595748\"><img loading=\"lazy\" decoding=\"async\" class=\"alignnone size-full wp-image-595748\" src=\"https:\/\/infonewss-bucket.s3.amazonaws.com\/2025\/01\/IMG_5904-Padre-Marcos-ganha-estadio-com-grama-sintetica-e-carro-0-km-no-aniversario-de-61-anos.jpg\" sizes=\"(max-width: 900px) 100vw, 900px\" srcset=\"https:\/\/infonewss-bucket.s3.amazonaws.com\/2025\/01\/IMG_5904-Padre-Marcos-ganha-estadio-com-grama-sintetica-e-carro-0-km-no-aniversario-de-61-anos-200x300.jpg 200w, https:\/\/infonewss-bucket.s3.amazonaws.com\/2025\/01\/IMG_5904-Padre-Marcos-ganha-estadio-com-grama-sintetica-e-carro-0-km-no-aniversario-de-61-anos-683x1024.jpg 683w, https:\/\/infonewss-bucket.s3.amazonaws.com\/2025\/01\/IMG_5904-Padre-Marcos-ganha-estadio-com-grama-sintetica-e-carro-0-km-no-aniversario-de-61-anos-768x1152.jpg 768w, https:\/\/infonewss-bucket.s3.amazonaws.com\/2025\/01\/IMG_5904-Padre-Marcos-ganha-estadio-com-grama-sintetica-e-carro-0-km-no-aniversario-de-61-anos-150x225.jpg 150w, https:\/\/infonewss-bucket.s3.amazonaws.com\/2025\/01\/IMG_5904-Padre-Marcos-ganha-estadio-com-grama-sintetica-e-carro-0-km-no-aniversario-de-61-anos-300x450.jpg 300w, https:\/\/infonewss-bucket.s3.amazonaws.com\/2025\/01\/IMG_5904-Padre-Marcos-ganha-estadio-com-grama-sintetica-e-carro-0-km-no-aniversario-de-61-anos-696x1044.jpg 696w, https:\/\/infonewss-bucket.s3.amazonaws.com\/2025\/01\/IMG_5904-Padre-Marcos-ganha-estadio-com-grama-sintetica-e-carro-0-km-no-aniversario-de-61-anos.jpg 900w\" alt=\"\" width=\"900\" height=\"1350\" \/><\/a>\u00a0<a href=\"https:\/\/infonewss.com\/padre-marcos-ganha-estadio-com-grama-sintetica-e-carro-0-km-no-aniversario-de-61-anos\/img_5911-padre-marcos-ganha-estadio-com-grama-sintetica-e-carro-0-km-no-aniversario-de-61-anos\/\" rel=\"attachment wp-att-595749\"><img loading=\"lazy\" decoding=\"async\" class=\"alignnone size-full wp-image-595749\" src=\"https:\/\/infonewss-bucket.s3.amazonaws.com\/2025\/01\/IMG_5911-Padre-Marcos-ganha-estadio-com-grama-sintetica-e-carro-0-km-no-aniversario-de-61-anos.jpg\" sizes=\"(max-width: 900px) 100vw, 900px\" srcset=\"https:\/\/infonewss-bucket.s3.amazonaws.com\/2025\/01\/IMG_5911-Padre-Marcos-ganha-estadio-com-grama-sintetica-e-carro-0-km-no-aniversario-de-61-anos-200x300.jpg 200w, https:\/\/infonewss-bucket.s3.amazonaws.com\/2025\/01\/IMG_5911-Padre-Marcos-ganha-estadio-com-grama-sintetica-e-carro-0-km-no-aniversario-de-61-anos-683x1024.jpg 683w, https:\/\/infonewss-bucket.s3.amazonaws.com\/2025\/01\/IMG_5911-Padre-Marcos-ganha-estadio-com-grama-sintetica-e-carro-0-km-no-aniversario-de-61-anos-768x1152.jpg 768w, https:\/\/infonewss-bucket.s3.amazonaws.com\/2025\/01\/IMG_5911-Padre-Marcos-ganha-estadio-com-grama-sintetica-e-carro-0-km-no-aniversario-de-61-anos-150x225.jpg 150w, https:\/\/infonewss-bucket.s3.amazonaws.com\/2025\/01\/IMG_5911-Padre-Marcos-ganha-estadio-com-grama-sintetica-e-carro-0-km-no-aniversario-de-61-anos-300x450.jpg 300w, https:\/\/infonewss-bucket.s3.amazonaws.com\/2025\/01\/IMG_5911-Padre-Marcos-ganha-estadio-com-grama-sintetica-e-carro-0-km-no-aniversario-de-61-anos-696x1044.jpg 696w, https:\/\/infonewss-bucket.s3.amazonaws.com\/2025\/01\/IMG_5911-Padre-Marcos-ganha-estadio-com-grama-sintetica-e-carro-0-km-no-aniversario-de-61-anos.jpg 900w\" alt=\"\" width=\"900\" height=\"1350\" \/><\/a>\u00a0<a href=\"https:\/\/infonewss.com\/padre-marcos-ganha-estadio-com-grama-sintetica-e-carro-0-km-no-aniversario-de-61-anos\/img_5915-padre-marcos-ganha-estadio-com-grama-sintetica-e-carro-0-km-no-aniversario-de-61-anos\/\" rel=\"attachment wp-att-595750\"><img loading=\"lazy\" decoding=\"async\" class=\"alignnone size-full wp-image-595750\" src=\"https:\/\/infonewss-bucket.s3.amazonaws.com\/2025\/01\/IMG_5915-Padre-Marcos-ganha-estadio-com-grama-sintetica-e-carro-0-km-no-aniversario-de-61-anos.jpg\" sizes=\"(max-width: 900px) 100vw, 900px\" srcset=\"https:\/\/infonewss-bucket.s3.amazonaws.com\/2025\/01\/IMG_5915-Padre-Marcos-ganha-estadio-com-grama-sintetica-e-carro-0-km-no-aniversario-de-61-anos-300x200.jpg 300w, https:\/\/infonewss-bucket.s3.amazonaws.com\/2025\/01\/IMG_5915-Padre-Marcos-ganha-estadio-com-grama-sintetica-e-carro-0-km-no-aniversario-de-61-anos-768x512.jpg 768w, https:\/\/infonewss-bucket.s3.amazonaws.com\/2025\/01\/IMG_5915-Padre-Marcos-ganha-estadio-com-grama-sintetica-e-carro-0-km-no-aniversario-de-61-anos.jpg 900w\" alt=\"\" width=\"900\" height=\"600\" \/><\/a>\u00a0<a href=\"https:\/\/infonewss.com\/padre-marcos-ganha-estadio-com-grama-sintetica-e-carro-0-km-no-aniversario-de-61-anos\/img_5917-padre-marcos-ganha-estadio-com-grama-sintetica-e-carro-0-km-no-aniversario-de-61-anos\/\" rel=\"attachment wp-att-595751\"><img loading=\"lazy\" decoding=\"async\" class=\"alignnone size-full wp-image-595751\" src=\"https:\/\/infonewss-bucket.s3.amazonaws.com\/2025\/01\/IMG_5917-Padre-Marcos-ganha-estadio-com-grama-sintetica-e-carro-0-km-no-aniversario-de-61-anos.jpg\" sizes=\"(max-width: 900px) 100vw, 900px\" srcset=\"https:\/\/infonewss-bucket.s3.amazonaws.com\/2025\/01\/IMG_5917-Padre-Marcos-ganha-estadio-com-grama-sintetica-e-carro-0-km-no-aniversario-de-61-anos-300x200.jpg 300w, https:\/\/infonewss-bucket.s3.amazonaws.com\/2025\/01\/IMG_5917-Padre-Marcos-ganha-estadio-com-grama-sintetica-e-carro-0-km-no-aniversario-de-61-anos-768x512.jpg 768w, https:\/\/infonewss-bucket.s3.amazonaws.com\/2025\/01\/IMG_5917-Padre-Marcos-ganha-estadio-com-grama-sintetica-e-carro-0-km-no-aniversario-de-61-anos.jpg 900w\" alt=\"\" width=\"900\" height=\"600\" \/><\/a>\u00a0<a href=\"https:\/\/infonewss.com\/padre-marcos-ganha-estadio-com-grama-sintetica-e-carro-0-km-no-aniversario-de-61-anos\/img_5920-padre-marcos-ganha-estadio-com-grama-sintetica-e-carro-0-km-no-aniversario-de-61-anos\/\" rel=\"attachment wp-att-595752\"><img loading=\"lazy\" decoding=\"async\" class=\"alignnone size-full wp-image-595752\" src=\"https:\/\/infonewss-bucket.s3.amazonaws.com\/2025\/01\/IMG_5920-Padre-Marcos-ganha-estadio-com-grama-sintetica-e-carro-0-km-no-aniversario-de-61-anos.jpg\" sizes=\"(max-width: 900px) 100vw, 900px\" srcset=\"https:\/\/infonewss-bucket.s3.amazonaws.com\/2025\/01\/IMG_5920-Padre-Marcos-ganha-estadio-com-grama-sintetica-e-carro-0-km-no-aniversario-de-61-anos-200x300.jpg 200w, https:\/\/infonewss-bucket.s3.amazonaws.com\/2025\/01\/IMG_5920-Padre-Marcos-ganha-estadio-com-grama-sintetica-e-carro-0-km-no-aniversario-de-61-anos-683x1024.jpg 683w, https:\/\/infonewss-bucket.s3.amazonaws.com\/2025\/01\/IMG_5920-Padre-Marcos-ganha-estadio-com-grama-sintetica-e-carro-0-km-no-aniversario-de-61-anos-768x1152.jpg 768w, https:\/\/infonewss-bucket.s3.amazonaws.com\/2025\/01\/IMG_5920-Padre-Marcos-ganha-estadio-com-grama-sintetica-e-carro-0-km-no-aniversario-de-61-anos-150x225.jpg 150w, https:\/\/infonewss-bucket.s3.amazonaws.com\/2025\/01\/IMG_5920-Padre-Marcos-ganha-estadio-com-grama-sintetica-e-carro-0-km-no-aniversario-de-61-anos-300x450.jpg 300w, https:\/\/infonewss-bucket.s3.amazonaws.com\/2025\/01\/IMG_5920-Padre-Marcos-ganha-estadio-com-grama-sintetica-e-carro-0-km-no-aniversario-de-61-anos-696x1044.jpg 696w, https:\/\/infonewss-bucket.s3.amazonaws.com\/2025\/01\/IMG_5920-Padre-Marcos-ganha-estadio-com-grama-sintetica-e-carro-0-km-no-aniversario-de-61-anos.jpg 900w\" alt=\"\" width=\"900\" height=\"1350\" \/><\/a>\u00a0<a href=\"https:\/\/infonewss.com\/padre-marcos-ganha-estadio-com-grama-sintetica-e-carro-0-km-no-aniversario-de-61-anos\/img_5921-padre-marcos-ganha-estadio-com-grama-sintetica-e-carro-0-km-no-aniversario-de-61-anos\/\" rel=\"attachment wp-att-595753\"><img loading=\"lazy\" decoding=\"async\" class=\"alignnone size-full wp-image-595753\" src=\"https:\/\/infonewss-bucket.s3.amazonaws.com\/2025\/01\/IMG_5921-Padre-Marcos-ganha-estadio-com-grama-sintetica-e-carro-0-km-no-aniversario-de-61-anos.jpg\" sizes=\"(max-width: 900px) 100vw, 900px\" srcset=\"https:\/\/infonewss-bucket.s3.amazonaws.com\/2025\/01\/IMG_5921-Padre-Marcos-ganha-estadio-com-grama-sintetica-e-carro-0-km-no-aniversario-de-61-anos-200x300.jpg 200w, https:\/\/infonewss-bucket.s3.amazonaws.com\/2025\/01\/IMG_5921-Padre-Marcos-ganha-estadio-com-grama-sintetica-e-carro-0-km-no-aniversario-de-61-anos-683x1024.jpg 683w, https:\/\/infonewss-bucket.s3.amazonaws.com\/2025\/01\/IMG_5921-Padre-Marcos-ganha-estadio-com-grama-sintetica-e-carro-0-km-no-aniversario-de-61-anos-768x1152.jpg 768w, https:\/\/infonewss-bucket.s3.amazonaws.com\/2025\/01\/IMG_5921-Padre-Marcos-ganha-estadio-com-grama-sintetica-e-carro-0-km-no-aniversario-de-61-anos-150x225.jpg 150w, https:\/\/infonewss-bucket.s3.amazonaws.com\/2025\/01\/IMG_5921-Padre-Marcos-ganha-estadio-com-grama-sintetica-e-carro-0-km-no-aniversario-de-61-anos-300x450.jpg 300w, https:\/\/infonewss-bucket.s3.amazonaws.com\/2025\/01\/IMG_5921-Padre-Marcos-ganha-estadio-com-grama-sintetica-e-carro-0-km-no-aniversario-de-61-anos-696x1044.jpg 696w, https:\/\/infonewss-bucket.s3.amazonaws.com\/2025\/01\/IMG_5921-Padre-Marcos-ganha-estadio-com-grama-sintetica-e-carro-0-km-no-aniversario-de-61-anos.jpg 900w\" alt=\"\" width=\"900\" height=\"1350\" \/><\/a>\u00a0<a href=\"https:\/\/infonewss.com\/padre-marcos-ganha-estadio-com-grama-sintetica-e-carro-0-km-no-aniversario-de-61-anos\/img_5922-padre-marcos-ganha-estadio-com-grama-sintetica-e-carro-0-km-no-aniversario-de-61-anos\/\" rel=\"attachment wp-att-595754\"><img loading=\"lazy\" decoding=\"async\" class=\"alignnone size-full wp-image-595754\" src=\"https:\/\/infonewss-bucket.s3.amazonaws.com\/2025\/01\/IMG_5922-Padre-Marcos-ganha-estadio-com-grama-sintetica-e-carro-0-km-no-aniversario-de-61-anos.jpg\" sizes=\"(max-width: 900px) 100vw, 900px\" srcset=\"https:\/\/infonewss-bucket.s3.amazonaws.com\/2025\/01\/IMG_5922-Padre-Marcos-ganha-estadio-com-grama-sintetica-e-carro-0-km-no-aniversario-de-61-anos-200x300.jpg 200w, https:\/\/infonewss-bucket.s3.amazonaws.com\/2025\/01\/IMG_5922-Padre-Marcos-ganha-estadio-com-grama-sintetica-e-carro-0-km-no-aniversario-de-61-anos-683x1024.jpg 683w, https:\/\/infonewss-bucket.s3.amazonaws.com\/2025\/01\/IMG_5922-Padre-Marcos-ganha-estadio-com-grama-sintetica-e-carro-0-km-no-aniversario-de-61-anos-768x1152.jpg 768w, https:\/\/infonewss-bucket.s3.amazonaws.com\/2025\/01\/IMG_5922-Padre-Marcos-ganha-estadio-com-grama-sintetica-e-carro-0-km-no-aniversario-de-61-anos-150x225.jpg 150w, https:\/\/infonewss-bucket.s3.amazonaws.com\/2025\/01\/IMG_5922-Padre-Marcos-ganha-estadio-com-grama-sintetica-e-carro-0-km-no-aniversario-de-61-anos-300x450.jpg 300w, https:\/\/infonewss-bucket.s3.amazonaws.com\/2025\/01\/IMG_5922-Padre-Marcos-ganha-estadio-com-grama-sintetica-e-carro-0-km-no-aniversario-de-61-anos-696x1044.jpg 696w, https:\/\/infonewss-bucket.s3.amazonaws.com\/2025\/01\/IMG_5922-Padre-Marcos-ganha-estadio-com-grama-sintetica-e-carro-0-km-no-aniversario-de-61-anos.jpg 900w\" alt=\"\" width=\"900\" height=\"1350\" \/><\/a>\u00a0<a href=\"https:\/\/infonewss.com\/padre-marcos-ganha-estadio-com-grama-sintetica-e-carro-0-km-no-aniversario-de-61-anos\/img_5926-padre-marcos-ganha-estadio-com-grama-sintetica-e-carro-0-km-no-aniversario-de-61-anos\/\" rel=\"attachment wp-att-595755\"><img loading=\"lazy\" decoding=\"async\" class=\"alignnone size-full wp-image-595755\" src=\"https:\/\/infonewss-bucket.s3.amazonaws.com\/2025\/01\/IMG_5926-Padre-Marcos-ganha-estadio-com-grama-sintetica-e-carro-0-km-no-aniversario-de-61-anos.jpg\" sizes=\"(max-width: 900px) 100vw, 900px\" srcset=\"https:\/\/infonewss-bucket.s3.amazonaws.com\/2025\/01\/IMG_5926-Padre-Marcos-ganha-estadio-com-grama-sintetica-e-carro-0-km-no-aniversario-de-61-anos-200x300.jpg 200w, https:\/\/infonewss-bucket.s3.amazonaws.com\/2025\/01\/IMG_5926-Padre-Marcos-ganha-estadio-com-grama-sintetica-e-carro-0-km-no-aniversario-de-61-anos-683x1024.jpg 683w, https:\/\/infonewss-bucket.s3.amazonaws.com\/2025\/01\/IMG_5926-Padre-Marcos-ganha-estadio-com-grama-sintetica-e-carro-0-km-no-aniversario-de-61-anos-768x1152.jpg 768w, https:\/\/infonewss-bucket.s3.amazonaws.com\/2025\/01\/IMG_5926-Padre-Marcos-ganha-estadio-com-grama-sintetica-e-carro-0-km-no-aniversario-de-61-anos-150x225.jpg 150w, https:\/\/infonewss-bucket.s3.amazonaws.com\/2025\/01\/IMG_5926-Padre-Marcos-ganha-estadio-com-grama-sintetica-e-carro-0-km-no-aniversario-de-61-anos-300x450.jpg 300w, https:\/\/infonewss-bucket.s3.amazonaws.com\/2025\/01\/IMG_5926-Padre-Marcos-ganha-estadio-com-grama-sintetica-e-carro-0-km-no-aniversario-de-61-anos-696x1044.jpg 696w, https:\/\/infonewss-bucket.s3.amazonaws.com\/2025\/01\/IMG_5926-Padre-Marcos-ganha-estadio-com-grama-sintetica-e-carro-0-km-no-aniversario-de-61-anos.jpg 900w\" alt=\"\" width=\"900\" height=\"1350\" \/><\/a>\u00a0<a href=\"https:\/\/infonewss.com\/padre-marcos-ganha-estadio-com-grama-sintetica-e-carro-0-km-no-aniversario-de-61-anos\/img_5928-padre-marcos-ganha-estadio-com-grama-sintetica-e-carro-0-km-no-aniversario-de-61-anos\/\" rel=\"attachment wp-att-595756\"><img loading=\"lazy\" decoding=\"async\" class=\"alignnone size-full wp-image-595756\" src=\"https:\/\/infonewss-bucket.s3.amazonaws.com\/2025\/01\/IMG_5928-Padre-Marcos-ganha-estadio-com-grama-sintetica-e-carro-0-km-no-aniversario-de-61-anos.jpg\" sizes=\"(max-width: 900px) 100vw, 900px\" srcset=\"https:\/\/infonewss-bucket.s3.amazonaws.com\/2025\/01\/IMG_5928-Padre-Marcos-ganha-estadio-com-grama-sintetica-e-carro-0-km-no-aniversario-de-61-anos-300x200.jpg 300w, https:\/\/infonewss-bucket.s3.amazonaws.com\/2025\/01\/IMG_5928-Padre-Marcos-ganha-estadio-com-grama-sintetica-e-carro-0-km-no-aniversario-de-61-anos-768x512.jpg 768w, https:\/\/infonewss-bucket.s3.amazonaws.com\/2025\/01\/IMG_5928-Padre-Marcos-ganha-estadio-com-grama-sintetica-e-carro-0-km-no-aniversario-de-61-anos.jpg 900w\" alt=\"\" width=\"900\" height=\"600\" \/><\/a>\u00a0<a href=\"https:\/\/infonewss.com\/padre-marcos-ganha-estadio-com-grama-sintetica-e-carro-0-km-no-aniversario-de-61-anos\/img_5932-padre-marcos-ganha-estadio-com-grama-sintetica-e-carro-0-km-no-aniversario-de-61-anos\/\" rel=\"attachment wp-att-595757\"><img loading=\"lazy\" decoding=\"async\" class=\"alignnone size-full wp-image-595757\" src=\"https:\/\/infonewss-bucket.s3.amazonaws.com\/2025\/01\/IMG_5932-Padre-Marcos-ganha-estadio-com-grama-sintetica-e-carro-0-km-no-aniversario-de-61-anos.jpg\" sizes=\"(max-width: 900px) 100vw, 900px\" srcset=\"https:\/\/infonewss-bucket.s3.amazonaws.com\/2025\/01\/IMG_5932-Padre-Marcos-ganha-estadio-com-grama-sintetica-e-carro-0-km-no-aniversario-de-61-anos-200x300.jpg 200w, https:\/\/infonewss-bucket.s3.amazonaws.com\/2025\/01\/IMG_5932-Padre-Marcos-ganha-estadio-com-grama-sintetica-e-carro-0-km-no-aniversario-de-61-anos-683x1024.jpg 683w, https:\/\/infonewss-bucket.s3.amazonaws.com\/2025\/01\/IMG_5932-Padre-Marcos-ganha-estadio-com-grama-sintetica-e-carro-0-km-no-aniversario-de-61-anos-768x1152.jpg 768w, https:\/\/infonewss-bucket.s3.amazonaws.com\/2025\/01\/IMG_5932-Padre-Marcos-ganha-estadio-com-grama-sintetica-e-carro-0-km-no-aniversario-de-61-anos-150x225.jpg 150w, https:\/\/infonewss-bucket.s3.amazonaws.com\/2025\/01\/IMG_5932-Padre-Marcos-ganha-estadio-com-grama-sintetica-e-carro-0-km-no-aniversario-de-61-anos-300x450.jpg 300w, https:\/\/infonewss-bucket.s3.amazonaws.com\/2025\/01\/IMG_5932-Padre-Marcos-ganha-estadio-com-grama-sintetica-e-carro-0-km-no-aniversario-de-61-anos-696x1044.jpg 696w, https:\/\/infonewss-bucket.s3.amazonaws.com\/2025\/01\/IMG_5932-Padre-Marcos-ganha-estadio-com-grama-sintetica-e-carro-0-km-no-aniversario-de-61-anos.jpg 900w\" alt=\"\" width=\"900\" height=\"1350\" \/><\/a>\u00a0<a href=\"https:\/\/infonewss.com\/padre-marcos-ganha-estadio-com-grama-sintetica-e-carro-0-km-no-aniversario-de-61-anos\/img_5933-padre-marcos-ganha-estadio-com-grama-sintetica-e-carro-0-km-no-aniversario-de-61-anos\/\" rel=\"attachment wp-att-595758\"><img loading=\"lazy\" decoding=\"async\" class=\"alignnone size-full wp-image-595758\" src=\"https:\/\/infonewss-bucket.s3.amazonaws.com\/2025\/01\/IMG_5933-Padre-Marcos-ganha-estadio-com-grama-sintetica-e-carro-0-km-no-aniversario-de-61-anos.jpg\" sizes=\"(max-width: 900px) 100vw, 900px\" srcset=\"https:\/\/infonewss-bucket.s3.amazonaws.com\/2025\/01\/IMG_5933-Padre-Marcos-ganha-estadio-com-grama-sintetica-e-carro-0-km-no-aniversario-de-61-anos-300x200.jpg 300w, https:\/\/infonewss-bucket.s3.amazonaws.com\/2025\/01\/IMG_5933-Padre-Marcos-ganha-estadio-com-grama-sintetica-e-carro-0-km-no-aniversario-de-61-anos-768x512.jpg 768w, https:\/\/infonewss-bucket.s3.amazonaws.com\/2025\/01\/IMG_5933-Padre-Marcos-ganha-estadio-com-grama-sintetica-e-carro-0-km-no-aniversario-de-61-anos.jpg 900w\" alt=\"\" width=\"900\" height=\"600\" \/><\/a>\u00a0<a href=\"https:\/\/infonewss.com\/padre-marcos-ganha-estadio-com-grama-sintetica-e-carro-0-km-no-aniversario-de-61-anos\/img_5935-padre-marcos-ganha-estadio-com-grama-sintetica-e-carro-0-km-no-aniversario-de-61-anos\/\" rel=\"attachment wp-att-595759\"><img loading=\"lazy\" decoding=\"async\" class=\"alignnone size-full wp-image-595759\" src=\"https:\/\/infonewss-bucket.s3.amazonaws.com\/2025\/01\/IMG_5935-Padre-Marcos-ganha-estadio-com-grama-sintetica-e-carro-0-km-no-aniversario-de-61-anos.jpg\" sizes=\"(max-width: 900px) 100vw, 900px\" srcset=\"https:\/\/infonewss-bucket.s3.amazonaws.com\/2025\/01\/IMG_5935-Padre-Marcos-ganha-estadio-com-grama-sintetica-e-carro-0-km-no-aniversario-de-61-anos-200x300.jpg 200w, https:\/\/infonewss-bucket.s3.amazonaws.com\/2025\/01\/IMG_5935-Padre-Marcos-ganha-estadio-com-grama-sintetica-e-carro-0-km-no-aniversario-de-61-anos-683x1024.jpg 683w, https:\/\/infonewss-bucket.s3.amazonaws.com\/2025\/01\/IMG_5935-Padre-Marcos-ganha-estadio-com-grama-sintetica-e-carro-0-km-no-aniversario-de-61-anos-768x1152.jpg 768w, https:\/\/infonewss-bucket.s3.amazonaws.com\/2025\/01\/IMG_5935-Padre-Marcos-ganha-estadio-com-grama-sintetica-e-carro-0-km-no-aniversario-de-61-anos-150x225.jpg 150w, https:\/\/infonewss-bucket.s3.amazonaws.com\/2025\/01\/IMG_5935-Padre-Marcos-ganha-estadio-com-grama-sintetica-e-carro-0-km-no-aniversario-de-61-anos-300x450.jpg 300w, https:\/\/infonewss-bucket.s3.amazonaws.com\/2025\/01\/IMG_5935-Padre-Marcos-ganha-estadio-com-grama-sintetica-e-carro-0-km-no-aniversario-de-61-anos-696x1044.jpg 696w, https:\/\/infonewss-bucket.s3.amazonaws.com\/2025\/01\/IMG_5935-Padre-Marcos-ganha-estadio-com-grama-sintetica-e-carro-0-km-no-aniversario-de-61-anos.jpg 900w\" alt=\"\" width=\"900\" height=\"1350\" \/><\/a>\u00a0<a href=\"https:\/\/infonewss.com\/padre-marcos-ganha-estadio-com-grama-sintetica-e-carro-0-km-no-aniversario-de-61-anos\/img_5937-padre-marcos-ganha-estadio-com-grama-sintetica-e-carro-0-km-no-aniversario-de-61-anos\/\" rel=\"attachment wp-att-595760\"><img loading=\"lazy\" decoding=\"async\" class=\"alignnone size-full wp-image-595760\" src=\"https:\/\/infonewss-bucket.s3.amazonaws.com\/2025\/01\/IMG_5937-Padre-Marcos-ganha-estadio-com-grama-sintetica-e-carro-0-km-no-aniversario-de-61-anos.jpg\" sizes=\"(max-width: 900px) 100vw, 900px\" srcset=\"https:\/\/infonewss-bucket.s3.amazonaws.com\/2025\/01\/IMG_5937-Padre-Marcos-ganha-estadio-com-grama-sintetica-e-carro-0-km-no-aniversario-de-61-anos-200x300.jpg 200w, https:\/\/infonewss-bucket.s3.amazonaws.com\/2025\/01\/IMG_5937-Padre-Marcos-ganha-estadio-com-grama-sintetica-e-carro-0-km-no-aniversario-de-61-anos-683x1024.jpg 683w, https:\/\/infonewss-bucket.s3.amazonaws.com\/2025\/01\/IMG_5937-Padre-Marcos-ganha-estadio-com-grama-sintetica-e-carro-0-km-no-aniversario-de-61-anos-768x1152.jpg 768w, https:\/\/infonewss-bucket.s3.amazonaws.com\/2025\/01\/IMG_5937-Padre-Marcos-ganha-estadio-com-grama-sintetica-e-carro-0-km-no-aniversario-de-61-anos-150x225.jpg 150w, https:\/\/infonewss-bucket.s3.amazonaws.com\/2025\/01\/IMG_5937-Padre-Marcos-ganha-estadio-com-grama-sintetica-e-carro-0-km-no-aniversario-de-61-anos-300x450.jpg 300w, https:\/\/infonewss-bucket.s3.amazonaws.com\/2025\/01\/IMG_5937-Padre-Marcos-ganha-estadio-com-grama-sintetica-e-carro-0-km-no-aniversario-de-61-anos-696x1044.jpg 696w, https:\/\/infonewss-bucket.s3.amazonaws.com\/2025\/01\/IMG_5937-Padre-Marcos-ganha-estadio-com-grama-sintetica-e-carro-0-km-no-aniversario-de-61-anos.jpg 900w\" alt=\"\" width=\"900\" height=\"1350\" \/><\/a>\u00a0<a href=\"https:\/\/infonewss.com\/padre-marcos-ganha-estadio-com-grama-sintetica-e-carro-0-km-no-aniversario-de-61-anos\/img_5939-padre-marcos-ganha-estadio-com-grama-sintetica-e-carro-0-km-no-aniversario-de-61-anos\/\" rel=\"attachment wp-att-595761\"><img loading=\"lazy\" decoding=\"async\" class=\"alignnone size-full wp-image-595761\" src=\"https:\/\/infonewss-bucket.s3.amazonaws.com\/2025\/01\/IMG_5939-Padre-Marcos-ganha-estadio-com-grama-sintetica-e-carro-0-km-no-aniversario-de-61-anos.jpg\" sizes=\"(max-width: 900px) 100vw, 900px\" srcset=\"https:\/\/infonewss-bucket.s3.amazonaws.com\/2025\/01\/IMG_5939-Padre-Marcos-ganha-estadio-com-grama-sintetica-e-carro-0-km-no-aniversario-de-61-anos-300x200.jpg 300w, https:\/\/infonewss-bucket.s3.amazonaws.com\/2025\/01\/IMG_5939-Padre-Marcos-ganha-estadio-com-grama-sintetica-e-carro-0-km-no-aniversario-de-61-anos-768x512.jpg 768w, https:\/\/infonewss-bucket.s3.amazonaws.com\/2025\/01\/IMG_5939-Padre-Marcos-ganha-estadio-com-grama-sintetica-e-carro-0-km-no-aniversario-de-61-anos.jpg 900w\" alt=\"\" width=\"900\" height=\"600\" \/><\/a>\u00a0<a href=\"https:\/\/infonewss.com\/padre-marcos-ganha-estadio-com-grama-sintetica-e-carro-0-km-no-aniversario-de-61-anos\/img_5941-padre-marcos-ganha-estadio-com-grama-sintetica-e-carro-0-km-no-aniversario-de-61-anos\/\" rel=\"attachment wp-att-595762\"><img loading=\"lazy\" decoding=\"async\" class=\"alignnone size-full wp-image-595762\" src=\"https:\/\/infonewss-bucket.s3.amazonaws.com\/2025\/01\/IMG_5941-Padre-Marcos-ganha-estadio-com-grama-sintetica-e-carro-0-km-no-aniversario-de-61-anos.jpg\" sizes=\"(max-width: 900px) 100vw, 900px\" srcset=\"https:\/\/infonewss-bucket.s3.amazonaws.com\/2025\/01\/IMG_5941-Padre-Marcos-ganha-estadio-com-grama-sintetica-e-carro-0-km-no-aniversario-de-61-anos-300x200.jpg 300w, https:\/\/infonewss-bucket.s3.amazonaws.com\/2025\/01\/IMG_5941-Padre-Marcos-ganha-estadio-com-grama-sintetica-e-carro-0-km-no-aniversario-de-61-anos-768x512.jpg 768w, https:\/\/infonewss-bucket.s3.amazonaws.com\/2025\/01\/IMG_5941-Padre-Marcos-ganha-estadio-com-grama-sintetica-e-carro-0-km-no-aniversario-de-61-anos.jpg 900w\" alt=\"\" width=\"900\" height=\"600\" \/><\/a>\u00a0<a href=\"https:\/\/infonewss.com\/padre-marcos-ganha-estadio-com-grama-sintetica-e-carro-0-km-no-aniversario-de-61-anos\/img_5943-padre-marcos-ganha-estadio-com-grama-sintetica-e-carro-0-km-no-aniversario-de-61-anos\/\" rel=\"attachment wp-att-595763\"><img loading=\"lazy\" decoding=\"async\" class=\"alignnone size-full wp-image-595763\" src=\"https:\/\/infonewss-bucket.s3.amazonaws.com\/2025\/01\/IMG_5943-Padre-Marcos-ganha-estadio-com-grama-sintetica-e-carro-0-km-no-aniversario-de-61-anos.jpg\" sizes=\"(max-width: 900px) 100vw, 900px\" srcset=\"https:\/\/infonewss-bucket.s3.amazonaws.com\/2025\/01\/IMG_5943-Padre-Marcos-ganha-estadio-com-grama-sintetica-e-carro-0-km-no-aniversario-de-61-anos-200x300.jpg 200w, https:\/\/infonewss-bucket.s3.amazonaws.com\/2025\/01\/IMG_5943-Padre-Marcos-ganha-estadio-com-grama-sintetica-e-carro-0-km-no-aniversario-de-61-anos-683x1024.jpg 683w, https:\/\/infonewss-bucket.s3.amazonaws.com\/2025\/01\/IMG_5943-Padre-Marcos-ganha-estadio-com-grama-sintetica-e-carro-0-km-no-aniversario-de-61-anos-768x1152.jpg 768w, https:\/\/infonewss-bucket.s3.amazonaws.com\/2025\/01\/IMG_5943-Padre-Marcos-ganha-estadio-com-grama-sintetica-e-carro-0-km-no-aniversario-de-61-anos-150x225.jpg 150w, https:\/\/infonewss-bucket.s3.amazonaws.com\/2025\/01\/IMG_5943-Padre-Marcos-ganha-estadio-com-grama-sintetica-e-carro-0-km-no-aniversario-de-61-anos-300x450.jpg 300w, https:\/\/infonewss-bucket.s3.amazonaws.com\/2025\/01\/IMG_5943-Padre-Marcos-ganha-estadio-com-grama-sintetica-e-carro-0-km-no-aniversario-de-61-anos-696x1044.jpg 696w, https:\/\/infonewss-bucket.s3.amazonaws.com\/2025\/01\/IMG_5943-Padre-Marcos-ganha-estadio-com-grama-sintetica-e-carro-0-km-no-aniversario-de-61-anos.jpg 900w\" alt=\"\" width=\"900\" height=\"1350\" \/><\/a>\u00a0<a href=\"https:\/\/infonewss.com\/padre-marcos-ganha-estadio-com-grama-sintetica-e-carro-0-km-no-aniversario-de-61-anos\/img_5960-padre-marcos-ganha-estadio-com-grama-sintetica-e-carro-0-km-no-aniversario-de-61-anos\/\" rel=\"attachment wp-att-595764\"><img loading=\"lazy\" decoding=\"async\" class=\"alignnone size-full wp-image-595764\" src=\"https:\/\/infonewss-bucket.s3.amazonaws.com\/2025\/01\/IMG_5960-Padre-Marcos-ganha-estadio-com-grama-sintetica-e-carro-0-km-no-aniversario-de-61-anos.jpg\" sizes=\"(max-width: 900px) 100vw, 900px\" srcset=\"https:\/\/infonewss-bucket.s3.amazonaws.com\/2025\/01\/IMG_5960-Padre-Marcos-ganha-estadio-com-grama-sintetica-e-carro-0-km-no-aniversario-de-61-anos-300x200.jpg 300w, https:\/\/infonewss-bucket.s3.amazonaws.com\/2025\/01\/IMG_5960-Padre-Marcos-ganha-estadio-com-grama-sintetica-e-carro-0-km-no-aniversario-de-61-anos-768x512.jpg 768w, https:\/\/infonewss-bucket.s3.amazonaws.com\/2025\/01\/IMG_5960-Padre-Marcos-ganha-estadio-com-grama-sintetica-e-carro-0-km-no-aniversario-de-61-anos.jpg 900w\" alt=\"\" width=\"900\" height=\"600\" \/><\/a>\u00a0<a href=\"https:\/\/infonewss.com\/padre-marcos-ganha-estadio-com-grama-sintetica-e-carro-0-km-no-aniversario-de-61-anos\/img_5969-padre-marcos-ganha-estadio-com-grama-sintetica-e-carro-0-km-no-aniversario-de-61-anos\/\" rel=\"attachment wp-att-595765\"><img loading=\"lazy\" decoding=\"async\" class=\"alignnone size-full wp-image-595765\" src=\"https:\/\/infonewss-bucket.s3.amazonaws.com\/2025\/01\/IMG_5969-Padre-Marcos-ganha-estadio-com-grama-sintetica-e-carro-0-km-no-aniversario-de-61-anos.jpg\" sizes=\"(max-width: 900px) 100vw, 900px\" srcset=\"https:\/\/infonewss-bucket.s3.amazonaws.com\/2025\/01\/IMG_5969-Padre-Marcos-ganha-estadio-com-grama-sintetica-e-carro-0-km-no-aniversario-de-61-anos-200x300.jpg 200w, https:\/\/infonewss-bucket.s3.amazonaws.com\/2025\/01\/IMG_5969-Padre-Marcos-ganha-estadio-com-grama-sintetica-e-carro-0-km-no-aniversario-de-61-anos-683x1024.jpg 683w, https:\/\/infonewss-bucket.s3.amazonaws.com\/2025\/01\/IMG_5969-Padre-Marcos-ganha-estadio-com-grama-sintetica-e-carro-0-km-no-aniversario-de-61-anos-768x1152.jpg 768w, https:\/\/infonewss-bucket.s3.amazonaws.com\/2025\/01\/IMG_5969-Padre-Marcos-ganha-estadio-com-grama-sintetica-e-carro-0-km-no-aniversario-de-61-anos-150x225.jpg 150w, https:\/\/infonewss-bucket.s3.amazonaws.com\/2025\/01\/IMG_5969-Padre-Marcos-ganha-estadio-com-grama-sintetica-e-carro-0-km-no-aniversario-de-61-anos-300x450.jpg 300w, https:\/\/infonewss-bucket.s3.amazonaws.com\/2025\/01\/IMG_5969-Padre-Marcos-ganha-estadio-com-grama-sintetica-e-carro-0-km-no-aniversario-de-61-anos-696x1044.jpg 696w, https:\/\/infonewss-bucket.s3.amazonaws.com\/2025\/01\/IMG_5969-Padre-Marcos-ganha-estadio-com-grama-sintetica-e-carro-0-km-no-aniversario-de-61-anos.jpg 900w\" alt=\"\" width=\"900\" height=\"1350\" \/><\/a>\u00a0<a href=\"https:\/\/infonewss.com\/padre-marcos-ganha-estadio-com-grama-sintetica-e-carro-0-km-no-aniversario-de-61-anos\/img_5972-padre-marcos-ganha-estadio-com-grama-sintetica-e-carro-0-km-no-aniversario-de-61-anos\/\" rel=\"attachment wp-att-595766\"><img loading=\"lazy\" decoding=\"async\" class=\"alignnone size-full wp-image-595766\" src=\"https:\/\/infonewss-bucket.s3.amazonaws.com\/2025\/01\/IMG_5972-Padre-Marcos-ganha-estadio-com-grama-sintetica-e-carro-0-km-no-aniversario-de-61-anos.jpg\" sizes=\"(max-width: 900px) 100vw, 900px\" srcset=\"https:\/\/infonewss-bucket.s3.amazonaws.com\/2025\/01\/IMG_5972-Padre-Marcos-ganha-estadio-com-grama-sintetica-e-carro-0-km-no-aniversario-de-61-anos-300x200.jpg 300w, https:\/\/infonewss-bucket.s3.amazonaws.com\/2025\/01\/IMG_5972-Padre-Marcos-ganha-estadio-com-grama-sintetica-e-carro-0-km-no-aniversario-de-61-anos-768x512.jpg 768w, https:\/\/infonewss-bucket.s3.amazonaws.com\/2025\/01\/IMG_5972-Padre-Marcos-ganha-estadio-com-grama-sintetica-e-carro-0-km-no-aniversario-de-61-anos.jpg 900w\" alt=\"\" width=\"900\" height=\"600\" \/><\/a>\u00a0<a href=\"https:\/\/infonewss.com\/padre-marcos-ganha-estadio-com-grama-sintetica-e-carro-0-km-no-aniversario-de-61-anos\/img_5976-padre-marcos-ganha-estadio-com-grama-sintetica-e-carro-0-km-no-aniversario-de-61-anos\/\" rel=\"attachment wp-att-595767\"><img loading=\"lazy\" decoding=\"async\" class=\"alignnone size-full wp-image-595767\" src=\"https:\/\/infonewss-bucket.s3.amazonaws.com\/2025\/01\/IMG_5976-Padre-Marcos-ganha-estadio-com-grama-sintetica-e-carro-0-km-no-aniversario-de-61-anos.jpg\" sizes=\"(max-width: 900px) 100vw, 900px\" srcset=\"https:\/\/infonewss-bucket.s3.amazonaws.com\/2025\/01\/IMG_5976-Padre-Marcos-ganha-estadio-com-grama-sintetica-e-carro-0-km-no-aniversario-de-61-anos-200x300.jpg 200w, https:\/\/infonewss-bucket.s3.amazonaws.com\/2025\/01\/IMG_5976-Padre-Marcos-ganha-estadio-com-grama-sintetica-e-carro-0-km-no-aniversario-de-61-anos-683x1024.jpg 683w, https:\/\/infonewss-bucket.s3.amazonaws.com\/2025\/01\/IMG_5976-Padre-Marcos-ganha-estadio-com-grama-sintetica-e-carro-0-km-no-aniversario-de-61-anos-768x1152.jpg 768w, https:\/\/infonewss-bucket.s3.amazonaws.com\/2025\/01\/IMG_5976-Padre-Marcos-ganha-estadio-com-grama-sintetica-e-carro-0-km-no-aniversario-de-61-anos-150x225.jpg 150w, https:\/\/infonewss-bucket.s3.amazonaws.com\/2025\/01\/IMG_5976-Padre-Marcos-ganha-estadio-com-grama-sintetica-e-carro-0-km-no-aniversario-de-61-anos-300x450.jpg 300w, https:\/\/infonewss-bucket.s3.amazonaws.com\/2025\/01\/IMG_5976-Padre-Marcos-ganha-estadio-com-grama-sintetica-e-carro-0-km-no-aniversario-de-61-anos-696x1044.jpg 696w, https:\/\/infonewss-bucket.s3.amazonaws.com\/2025\/01\/IMG_5976-Padre-Marcos-ganha-estadio-com-grama-sintetica-e-carro-0-km-no-aniversario-de-61-anos.jpg 900w\" alt=\"\" width=\"900\" height=\"1350\" \/><\/a>\u00a0<a href=\"https:\/\/infonewss.com\/padre-marcos-ganha-estadio-com-grama-sintetica-e-carro-0-km-no-aniversario-de-61-anos\/img_5980-padre-marcos-ganha-estadio-com-grama-sintetica-e-carro-0-km-no-aniversario-de-61-anos\/\" rel=\"attachment wp-att-595768\"><img loading=\"lazy\" decoding=\"async\" class=\"alignnone size-full wp-image-595768\" src=\"https:\/\/infonewss-bucket.s3.amazonaws.com\/2025\/01\/IMG_5980-Padre-Marcos-ganha-estadio-com-grama-sintetica-e-carro-0-km-no-aniversario-de-61-anos.jpg\" sizes=\"(max-width: 900px) 100vw, 900px\" srcset=\"https:\/\/infonewss-bucket.s3.amazonaws.com\/2025\/01\/IMG_5980-Padre-Marcos-ganha-estadio-com-grama-sintetica-e-carro-0-km-no-aniversario-de-61-anos-200x300.jpg 200w, https:\/\/infonewss-bucket.s3.amazonaws.com\/2025\/01\/IMG_5980-Padre-Marcos-ganha-estadio-com-grama-sintetica-e-carro-0-km-no-aniversario-de-61-anos-683x1024.jpg 683w, https:\/\/infonewss-bucket.s3.amazonaws.com\/2025\/01\/IMG_5980-Padre-Marcos-ganha-estadio-com-grama-sintetica-e-carro-0-km-no-aniversario-de-61-anos-768x1152.jpg 768w, https:\/\/infonewss-bucket.s3.amazonaws.com\/2025\/01\/IMG_5980-Padre-Marcos-ganha-estadio-com-grama-sintetica-e-carro-0-km-no-aniversario-de-61-anos-150x225.jpg 150w, https:\/\/infonewss-bucket.s3.amazonaws.com\/2025\/01\/IMG_5980-Padre-Marcos-ganha-estadio-com-grama-sintetica-e-carro-0-km-no-aniversario-de-61-anos-300x450.jpg 300w, https:\/\/infonewss-bucket.s3.amazonaws.com\/2025\/01\/IMG_5980-Padre-Marcos-ganha-estadio-com-grama-sintetica-e-carro-0-km-no-aniversario-de-61-anos-696x1044.jpg 696w, https:\/\/infonewss-bucket.s3.amazonaws.com\/2025\/01\/IMG_5980-Padre-Marcos-ganha-estadio-com-grama-sintetica-e-carro-0-km-no-aniversario-de-61-anos.jpg 900w\" alt=\"\" width=\"900\" height=\"1350\" \/><\/a>\u00a0<a href=\"https:\/\/infonewss.com\/padre-marcos-ganha-estadio-com-grama-sintetica-e-carro-0-km-no-aniversario-de-61-anos\/img_5984-padre-marcos-ganha-estadio-com-grama-sintetica-e-carro-0-km-no-aniversario-de-61-anos\/\" rel=\"attachment wp-att-595769\"><img loading=\"lazy\" decoding=\"async\" class=\"alignnone size-full wp-image-595769\" src=\"https:\/\/infonewss-bucket.s3.amazonaws.com\/2025\/01\/IMG_5984-Padre-Marcos-ganha-estadio-com-grama-sintetica-e-carro-0-km-no-aniversario-de-61-anos.jpg\" sizes=\"(max-width: 900px) 100vw, 900px\" srcset=\"https:\/\/infonewss-bucket.s3.amazonaws.com\/2025\/01\/IMG_5984-Padre-Marcos-ganha-estadio-com-grama-sintetica-e-carro-0-km-no-aniversario-de-61-anos-200x300.jpg 200w, https:\/\/infonewss-bucket.s3.amazonaws.com\/2025\/01\/IMG_5984-Padre-Marcos-ganha-estadio-com-grama-sintetica-e-carro-0-km-no-aniversario-de-61-anos-683x1024.jpg 683w, https:\/\/infonewss-bucket.s3.amazonaws.com\/2025\/01\/IMG_5984-Padre-Marcos-ganha-estadio-com-grama-sintetica-e-carro-0-km-no-aniversario-de-61-anos-768x1152.jpg 768w, https:\/\/infonewss-bucket.s3.amazonaws.com\/2025\/01\/IMG_5984-Padre-Marcos-ganha-estadio-com-grama-sintetica-e-carro-0-km-no-aniversario-de-61-anos-150x225.jpg 150w, https:\/\/infonewss-bucket.s3.amazonaws.com\/2025\/01\/IMG_5984-Padre-Marcos-ganha-estadio-com-grama-sintetica-e-carro-0-km-no-aniversario-de-61-anos-300x450.jpg 300w, https:\/\/infonewss-bucket.s3.amazonaws.com\/2025\/01\/IMG_5984-Padre-Marcos-ganha-estadio-com-grama-sintetica-e-carro-0-km-no-aniversario-de-61-anos-696x1044.jpg 696w, https:\/\/infonewss-bucket.s3.amazonaws.com\/2025\/01\/IMG_5984-Padre-Marcos-ganha-estadio-com-grama-sintetica-e-carro-0-km-no-aniversario-de-61-anos.jpg 900w\" alt=\"\" width=\"900\" height=\"1350\" \/><\/a>\u00a0<a href=\"https:\/\/infonewss.com\/padre-marcos-ganha-estadio-com-grama-sintetica-e-carro-0-km-no-aniversario-de-61-anos\/img_5986-padre-marcos-ganha-estadio-com-grama-sintetica-e-carro-0-km-no-aniversario-de-61-anos\/\" rel=\"attachment wp-att-595770\"><img loading=\"lazy\" decoding=\"async\" class=\"alignnone size-full wp-image-595770\" src=\"https:\/\/infonewss-bucket.s3.amazonaws.com\/2025\/01\/IMG_5986-Padre-Marcos-ganha-estadio-com-grama-sintetica-e-carro-0-km-no-aniversario-de-61-anos.jpg\" sizes=\"(max-width: 900px) 100vw, 900px\" srcset=\"https:\/\/infonewss-bucket.s3.amazonaws.com\/2025\/01\/IMG_5986-Padre-Marcos-ganha-estadio-com-grama-sintetica-e-carro-0-km-no-aniversario-de-61-anos-200x300.jpg 200w, https:\/\/infonewss-bucket.s3.amazonaws.com\/2025\/01\/IMG_5986-Padre-Marcos-ganha-estadio-com-grama-sintetica-e-carro-0-km-no-aniversario-de-61-anos-683x1024.jpg 683w, https:\/\/infonewss-bucket.s3.amazonaws.com\/2025\/01\/IMG_5986-Padre-Marcos-ganha-estadio-com-grama-sintetica-e-carro-0-km-no-aniversario-de-61-anos-768x1152.jpg 768w, https:\/\/infonewss-bucket.s3.amazonaws.com\/2025\/01\/IMG_5986-Padre-Marcos-ganha-estadio-com-grama-sintetica-e-carro-0-km-no-aniversario-de-61-anos-150x225.jpg 150w, https:\/\/infonewss-bucket.s3.amazonaws.com\/2025\/01\/IMG_5986-Padre-Marcos-ganha-estadio-com-grama-sintetica-e-carro-0-km-no-aniversario-de-61-anos-300x450.jpg 300w, https:\/\/infonewss-bucket.s3.amazonaws.com\/2025\/01\/IMG_5986-Padre-Marcos-ganha-estadio-com-grama-sintetica-e-carro-0-km-no-aniversario-de-61-anos-696x1044.jpg 696w, https:\/\/infonewss-bucket.s3.amazonaws.com\/2025\/01\/IMG_5986-Padre-Marcos-ganha-estadio-com-grama-sintetica-e-carro-0-km-no-aniversario-de-61-anos.jpg 900w\" alt=\"\" width=\"900\" height=\"1350\" \/><\/a>\u00a0<a href=\"https:\/\/infonewss.com\/padre-marcos-ganha-estadio-com-grama-sintetica-e-carro-0-km-no-aniversario-de-61-anos\/img_5999-padre-marcos-ganha-estadio-com-grama-sintetica-e-carro-0-km-no-aniversario-de-61-anos\/\" rel=\"attachment wp-att-595771\"><img loading=\"lazy\" decoding=\"async\" class=\"alignnone size-full wp-image-595771\" src=\"https:\/\/infonewss-bucket.s3.amazonaws.com\/2025\/01\/IMG_5999-Padre-Marcos-ganha-estadio-com-grama-sintetica-e-carro-0-km-no-aniversario-de-61-anos.jpg\" sizes=\"(max-width: 900px) 100vw, 900px\" srcset=\"https:\/\/infonewss-bucket.s3.amazonaws.com\/2025\/01\/IMG_5999-Padre-Marcos-ganha-estadio-com-grama-sintetica-e-carro-0-km-no-aniversario-de-61-anos-200x300.jpg 200w, https:\/\/infonewss-bucket.s3.amazonaws.com\/2025\/01\/IMG_5999-Padre-Marcos-ganha-estadio-com-grama-sintetica-e-carro-0-km-no-aniversario-de-61-anos-683x1024.jpg 683w, https:\/\/infonewss-bucket.s3.amazonaws.com\/2025\/01\/IMG_5999-Padre-Marcos-ganha-estadio-com-grama-sintetica-e-carro-0-km-no-aniversario-de-61-anos-768x1152.jpg 768w, https:\/\/infonewss-bucket.s3.amazonaws.com\/2025\/01\/IMG_5999-Padre-Marcos-ganha-estadio-com-grama-sintetica-e-carro-0-km-no-aniversario-de-61-anos-150x225.jpg 150w, https:\/\/infonewss-bucket.s3.amazonaws.com\/2025\/01\/IMG_5999-Padre-Marcos-ganha-estadio-com-grama-sintetica-e-carro-0-km-no-aniversario-de-61-anos-300x450.jpg 300w, https:\/\/infonewss-bucket.s3.amazonaws.com\/2025\/01\/IMG_5999-Padre-Marcos-ganha-estadio-com-grama-sintetica-e-carro-0-km-no-aniversario-de-61-anos-696x1044.jpg 696w, https:\/\/infonewss-bucket.s3.amazonaws.com\/2025\/01\/IMG_5999-Padre-Marcos-ganha-estadio-com-grama-sintetica-e-carro-0-km-no-aniversario-de-61-anos.jpg 900w\" alt=\"\" width=\"900\" height=\"1350\" \/><\/a>\u00a0<a href=\"https:\/\/infonewss.com\/padre-marcos-ganha-estadio-com-grama-sintetica-e-carro-0-km-no-aniversario-de-61-anos\/img_6015-padre-marcos-ganha-estadio-com-grama-sintetica-e-carro-0-km-no-aniversario-de-61-anos\/\" rel=\"attachment wp-att-595772\"><img loading=\"lazy\" decoding=\"async\" class=\"alignnone size-full wp-image-595772\" src=\"https:\/\/infonewss-bucket.s3.amazonaws.com\/2025\/01\/IMG_6015-Padre-Marcos-ganha-estadio-com-grama-sintetica-e-carro-0-km-no-aniversario-de-61-anos.jpg\" sizes=\"(max-width: 900px) 100vw, 900px\" srcset=\"https:\/\/infonewss-bucket.s3.amazonaws.com\/2025\/01\/IMG_6015-Padre-Marcos-ganha-estadio-com-grama-sintetica-e-carro-0-km-no-aniversario-de-61-anos-200x300.jpg 200w, https:\/\/infonewss-bucket.s3.amazonaws.com\/2025\/01\/IMG_6015-Padre-Marcos-ganha-estadio-com-grama-sintetica-e-carro-0-km-no-aniversario-de-61-anos-683x1024.jpg 683w, https:\/\/infonewss-bucket.s3.amazonaws.com\/2025\/01\/IMG_6015-Padre-Marcos-ganha-estadio-com-grama-sintetica-e-carro-0-km-no-aniversario-de-61-anos-768x1152.jpg 768w, https:\/\/infonewss-bucket.s3.amazonaws.com\/2025\/01\/IMG_6015-Padre-Marcos-ganha-estadio-com-grama-sintetica-e-carro-0-km-no-aniversario-de-61-anos-150x225.jpg 150w, https:\/\/infonewss-bucket.s3.amazonaws.com\/2025\/01\/IMG_6015-Padre-Marcos-ganha-estadio-com-grama-sintetica-e-carro-0-km-no-aniversario-de-61-anos-300x450.jpg 300w, https:\/\/infonewss-bucket.s3.amazonaws.com\/2025\/01\/IMG_6015-Padre-Marcos-ganha-estadio-com-grama-sintetica-e-carro-0-km-no-aniversario-de-61-anos-696x1044.jpg 696w, https:\/\/infonewss-bucket.s3.amazonaws.com\/2025\/01\/IMG_6015-Padre-Marcos-ganha-estadio-com-grama-sintetica-e-carro-0-km-no-aniversario-de-61-anos.jpg 900w\" alt=\"\" width=\"900\" height=\"1350\" \/><\/a>\u00a0<a href=\"https:\/\/infonewss.com\/padre-marcos-ganha-estadio-com-grama-sintetica-e-carro-0-km-no-aniversario-de-61-anos\/img_6019-padre-marcos-ganha-estadio-com-grama-sintetica-e-carro-0-km-no-aniversario-de-61-anos\/\" rel=\"attachment wp-att-595773\"><img loading=\"lazy\" decoding=\"async\" class=\"alignnone size-full wp-image-595773\" src=\"https:\/\/infonewss-bucket.s3.amazonaws.com\/2025\/01\/IMG_6019-Padre-Marcos-ganha-estadio-com-grama-sintetica-e-carro-0-km-no-aniversario-de-61-anos.jpg\" sizes=\"(max-width: 900px) 100vw, 900px\" srcset=\"https:\/\/infonewss-bucket.s3.amazonaws.com\/2025\/01\/IMG_6019-Padre-Marcos-ganha-estadio-com-grama-sintetica-e-carro-0-km-no-aniversario-de-61-anos-200x300.jpg 200w, https:\/\/infonewss-bucket.s3.amazonaws.com\/2025\/01\/IMG_6019-Padre-Marcos-ganha-estadio-com-grama-sintetica-e-carro-0-km-no-aniversario-de-61-anos-683x1024.jpg 683w, https:\/\/infonewss-bucket.s3.amazonaws.com\/2025\/01\/IMG_6019-Padre-Marcos-ganha-estadio-com-grama-sintetica-e-carro-0-km-no-aniversario-de-61-anos-768x1152.jpg 768w, https:\/\/infonewss-bucket.s3.amazonaws.com\/2025\/01\/IMG_6019-Padre-Marcos-ganha-estadio-com-grama-sintetica-e-carro-0-km-no-aniversario-de-61-anos-150x225.jpg 150w, https:\/\/infonewss-bucket.s3.amazonaws.com\/2025\/01\/IMG_6019-Padre-Marcos-ganha-estadio-com-grama-sintetica-e-carro-0-km-no-aniversario-de-61-anos-300x450.jpg 300w, https:\/\/infonewss-bucket.s3.amazonaws.com\/2025\/01\/IMG_6019-Padre-Marcos-ganha-estadio-com-grama-sintetica-e-carro-0-km-no-aniversario-de-61-anos-696x1044.jpg 696w, https:\/\/infonewss-bucket.s3.amazonaws.com\/2025\/01\/IMG_6019-Padre-Marcos-ganha-estadio-com-grama-sintetica-e-carro-0-km-no-aniversario-de-61-anos.jpg 900w\" alt=\"\" width=\"900\" height=\"1350\" \/><\/a>\u00a0<a href=\"https:\/\/infonewss.com\/padre-marcos-ganha-estadio-com-grama-sintetica-e-carro-0-km-no-aniversario-de-61-anos\/img_6023-padre-marcos-ganha-estadio-com-grama-sintetica-e-carro-0-km-no-aniversario-de-61-anos\/\" rel=\"attachment wp-att-595774\"><img loading=\"lazy\" decoding=\"async\" class=\"alignnone size-full wp-image-595774\" src=\"https:\/\/infonewss-bucket.s3.amazonaws.com\/2025\/01\/IMG_6023-Padre-Marcos-ganha-estadio-com-grama-sintetica-e-carro-0-km-no-aniversario-de-61-anos.jpg\" sizes=\"(max-width: 900px) 100vw, 900px\" srcset=\"https:\/\/infonewss-bucket.s3.amazonaws.com\/2025\/01\/IMG_6023-Padre-Marcos-ganha-estadio-com-grama-sintetica-e-carro-0-km-no-aniversario-de-61-anos-200x300.jpg 200w, https:\/\/infonewss-bucket.s3.amazonaws.com\/2025\/01\/IMG_6023-Padre-Marcos-ganha-estadio-com-grama-sintetica-e-carro-0-km-no-aniversario-de-61-anos-683x1024.jpg 683w, https:\/\/infonewss-bucket.s3.amazonaws.com\/2025\/01\/IMG_6023-Padre-Marcos-ganha-estadio-com-grama-sintetica-e-carro-0-km-no-aniversario-de-61-anos-768x1152.jpg 768w, https:\/\/infonewss-bucket.s3.amazonaws.com\/2025\/01\/IMG_6023-Padre-Marcos-ganha-estadio-com-grama-sintetica-e-carro-0-km-no-aniversario-de-61-anos-150x225.jpg 150w, https:\/\/infonewss-bucket.s3.amazonaws.com\/2025\/01\/IMG_6023-Padre-Marcos-ganha-estadio-com-grama-sintetica-e-carro-0-km-no-aniversario-de-61-anos-300x450.jpg 300w, https:\/\/infonewss-bucket.s3.amazonaws.com\/2025\/01\/IMG_6023-Padre-Marcos-ganha-estadio-com-grama-sintetica-e-carro-0-km-no-aniversario-de-61-anos-696x1044.jpg 696w, https:\/\/infonewss-bucket.s3.amazonaws.com\/2025\/01\/IMG_6023-Padre-Marcos-ganha-estadio-com-grama-sintetica-e-carro-0-km-no-aniversario-de-61-anos.jpg 900w\" alt=\"\" width=\"900\" height=\"1350\" \/><\/a>\u00a0<a href=\"https:\/\/infonewss.com\/padre-marcos-ganha-estadio-com-grama-sintetica-e-carro-0-km-no-aniversario-de-61-anos\/img_6025-padre-marcos-ganha-estadio-com-grama-sintetica-e-carro-0-km-no-aniversario-de-61-anos\/\" rel=\"attachment wp-att-595775\"><img loading=\"lazy\" decoding=\"async\" class=\"alignnone size-full wp-image-595775\" src=\"https:\/\/infonewss-bucket.s3.amazonaws.com\/2025\/01\/IMG_6025-Padre-Marcos-ganha-estadio-com-grama-sintetica-e-carro-0-km-no-aniversario-de-61-anos.jpg\" sizes=\"(max-width: 900px) 100vw, 900px\" srcset=\"https:\/\/infonewss-bucket.s3.amazonaws.com\/2025\/01\/IMG_6025-Padre-Marcos-ganha-estadio-com-grama-sintetica-e-carro-0-km-no-aniversario-de-61-anos-200x300.jpg 200w, https:\/\/infonewss-bucket.s3.amazonaws.com\/2025\/01\/IMG_6025-Padre-Marcos-ganha-estadio-com-grama-sintetica-e-carro-0-km-no-aniversario-de-61-anos-683x1024.jpg 683w, https:\/\/infonewss-bucket.s3.amazonaws.com\/2025\/01\/IMG_6025-Padre-Marcos-ganha-estadio-com-grama-sintetica-e-carro-0-km-no-aniversario-de-61-anos-768x1152.jpg 768w, https:\/\/infonewss-bucket.s3.amazonaws.com\/2025\/01\/IMG_6025-Padre-Marcos-ganha-estadio-com-grama-sintetica-e-carro-0-km-no-aniversario-de-61-anos-150x225.jpg 150w, https:\/\/infonewss-bucket.s3.amazonaws.com\/2025\/01\/IMG_6025-Padre-Marcos-ganha-estadio-com-grama-sintetica-e-carro-0-km-no-aniversario-de-61-anos-300x450.jpg 300w, https:\/\/infonewss-bucket.s3.amazonaws.com\/2025\/01\/IMG_6025-Padre-Marcos-ganha-estadio-com-grama-sintetica-e-carro-0-km-no-aniversario-de-61-anos-696x1044.jpg 696w, https:\/\/infonewss-bucket.s3.amazonaws.com\/2025\/01\/IMG_6025-Padre-Marcos-ganha-estadio-com-grama-sintetica-e-carro-0-km-no-aniversario-de-61-anos.jpg 900w\" alt=\"\" width=\"900\" height=\"1350\" \/><\/a>\u00a0<a href=\"https:\/\/infonewss.com\/padre-marcos-ganha-estadio-com-grama-sintetica-e-carro-0-km-no-aniversario-de-61-anos\/img_6029-padre-marcos-ganha-estadio-com-grama-sintetica-e-carro-0-km-no-aniversario-de-61-anos\/\" rel=\"attachment wp-att-595776\"><img loading=\"lazy\" decoding=\"async\" class=\"alignnone size-full wp-image-595776\" src=\"https:\/\/infonewss-bucket.s3.amazonaws.com\/2025\/01\/IMG_6029-Padre-Marcos-ganha-estadio-com-grama-sintetica-e-carro-0-km-no-aniversario-de-61-anos.jpg\" sizes=\"(max-width: 900px) 100vw, 900px\" srcset=\"https:\/\/infonewss-bucket.s3.amazonaws.com\/2025\/01\/IMG_6029-Padre-Marcos-ganha-estadio-com-grama-sintetica-e-carro-0-km-no-aniversario-de-61-anos-200x300.jpg 200w, https:\/\/infonewss-bucket.s3.amazonaws.com\/2025\/01\/IMG_6029-Padre-Marcos-ganha-estadio-com-grama-sintetica-e-carro-0-km-no-aniversario-de-61-anos-683x1024.jpg 683w, https:\/\/infonewss-bucket.s3.amazonaws.com\/2025\/01\/IMG_6029-Padre-Marcos-ganha-estadio-com-grama-sintetica-e-carro-0-km-no-aniversario-de-61-anos-768x1152.jpg 768w, https:\/\/infonewss-bucket.s3.amazonaws.com\/2025\/01\/IMG_6029-Padre-Marcos-ganha-estadio-com-grama-sintetica-e-carro-0-km-no-aniversario-de-61-anos-150x225.jpg 150w, https:\/\/infonewss-bucket.s3.amazonaws.com\/2025\/01\/IMG_6029-Padre-Marcos-ganha-estadio-com-grama-sintetica-e-carro-0-km-no-aniversario-de-61-anos-300x450.jpg 300w, https:\/\/infonewss-bucket.s3.amazonaws.com\/2025\/01\/IMG_6029-Padre-Marcos-ganha-estadio-com-grama-sintetica-e-carro-0-km-no-aniversario-de-61-anos-696x1044.jpg 696w, https:\/\/infonewss-bucket.s3.amazonaws.com\/2025\/01\/IMG_6029-Padre-Marcos-ganha-estadio-com-grama-sintetica-e-carro-0-km-no-aniversario-de-61-anos.jpg 900w\" alt=\"\" width=\"900\" height=\"1350\" \/><\/a>\u00a0<a href=\"https:\/\/infonewss.com\/padre-marcos-ganha-estadio-com-grama-sintetica-e-carro-0-km-no-aniversario-de-61-anos\/img_6031-padre-marcos-ganha-estadio-com-grama-sintetica-e-carro-0-km-no-aniversario-de-61-anos\/\" rel=\"attachment wp-att-595777\"><img loading=\"lazy\" decoding=\"async\" class=\"alignnone size-full wp-image-595777\" src=\"https:\/\/infonewss-bucket.s3.amazonaws.com\/2025\/01\/IMG_6031-Padre-Marcos-ganha-estadio-com-grama-sintetica-e-carro-0-km-no-aniversario-de-61-anos.jpg\" sizes=\"(max-width: 900px) 100vw, 900px\" srcset=\"https:\/\/infonewss-bucket.s3.amazonaws.com\/2025\/01\/IMG_6031-Padre-Marcos-ganha-estadio-com-grama-sintetica-e-carro-0-km-no-aniversario-de-61-anos-200x300.jpg 200w, https:\/\/infonewss-bucket.s3.amazonaws.com\/2025\/01\/IMG_6031-Padre-Marcos-ganha-estadio-com-grama-sintetica-e-carro-0-km-no-aniversario-de-61-anos-683x1024.jpg 683w, https:\/\/infonewss-bucket.s3.amazonaws.com\/2025\/01\/IMG_6031-Padre-Marcos-ganha-estadio-com-grama-sintetica-e-carro-0-km-no-aniversario-de-61-anos-768x1152.jpg 768w, https:\/\/infonewss-bucket.s3.amazonaws.com\/2025\/01\/IMG_6031-Padre-Marcos-ganha-estadio-com-grama-sintetica-e-carro-0-km-no-aniversario-de-61-anos-150x225.jpg 150w, https:\/\/infonewss-bucket.s3.amazonaws.com\/2025\/01\/IMG_6031-Padre-Marcos-ganha-estadio-com-grama-sintetica-e-carro-0-km-no-aniversario-de-61-anos-300x450.jpg 300w, https:\/\/infonewss-bucket.s3.amazonaws.com\/2025\/01\/IMG_6031-Padre-Marcos-ganha-estadio-com-grama-sintetica-e-carro-0-km-no-aniversario-de-61-anos-696x1044.jpg 696w, https:\/\/infonewss-bucket.s3.amazonaws.com\/2025\/01\/IMG_6031-Padre-Marcos-ganha-estadio-com-grama-sintetica-e-carro-0-km-no-aniversario-de-61-anos.jpg 900w\" alt=\"\" width=\"900\" height=\"1350\" \/><\/a>\u00a0<a href=\"https:\/\/infonewss.com\/padre-marcos-ganha-estadio-com-grama-sintetica-e-carro-0-km-no-aniversario-de-61-anos\/img_6035-padre-marcos-ganha-estadio-com-grama-sintetica-e-carro-0-km-no-aniversario-de-61-anos\/\" rel=\"attachment wp-att-595778\"><img loading=\"lazy\" decoding=\"async\" class=\"alignnone size-full wp-image-595778\" src=\"https:\/\/infonewss-bucket.s3.amazonaws.com\/2025\/01\/IMG_6035-Padre-Marcos-ganha-estadio-com-grama-sintetica-e-carro-0-km-no-aniversario-de-61-anos.jpg\" sizes=\"(max-width: 900px) 100vw, 900px\" srcset=\"https:\/\/infonewss-bucket.s3.amazonaws.com\/2025\/01\/IMG_6035-Padre-Marcos-ganha-estadio-com-grama-sintetica-e-carro-0-km-no-aniversario-de-61-anos-200x300.jpg 200w, https:\/\/infonewss-bucket.s3.amazonaws.com\/2025\/01\/IMG_6035-Padre-Marcos-ganha-estadio-com-grama-sintetica-e-carro-0-km-no-aniversario-de-61-anos-683x1024.jpg 683w, https:\/\/infonewss-bucket.s3.amazonaws.com\/2025\/01\/IMG_6035-Padre-Marcos-ganha-estadio-com-grama-sintetica-e-carro-0-km-no-aniversario-de-61-anos-768x1152.jpg 768w, https:\/\/infonewss-bucket.s3.amazonaws.com\/2025\/01\/IMG_6035-Padre-Marcos-ganha-estadio-com-grama-sintetica-e-carro-0-km-no-aniversario-de-61-anos-150x225.jpg 150w, https:\/\/infonewss-bucket.s3.amazonaws.com\/2025\/01\/IMG_6035-Padre-Marcos-ganha-estadio-com-grama-sintetica-e-carro-0-km-no-aniversario-de-61-anos-300x450.jpg 300w, https:\/\/infonewss-bucket.s3.amazonaws.com\/2025\/01\/IMG_6035-Padre-Marcos-ganha-estadio-com-grama-sintetica-e-carro-0-km-no-aniversario-de-61-anos-696x1044.jpg 696w, https:\/\/infonewss-bucket.s3.amazonaws.com\/2025\/01\/IMG_6035-Padre-Marcos-ganha-estadio-com-grama-sintetica-e-carro-0-km-no-aniversario-de-61-anos.jpg 900w\" alt=\"\" width=\"900\" height=\"1350\" \/><\/a>\u00a0<a href=\"https:\/\/infonewss.com\/padre-marcos-ganha-estadio-com-grama-sintetica-e-carro-0-km-no-aniversario-de-61-anos\/img_6040-padre-marcos-ganha-estadio-com-grama-sintetica-e-carro-0-km-no-aniversario-de-61-anos\/\" rel=\"attachment wp-att-595779\"><img loading=\"lazy\" decoding=\"async\" class=\"alignnone size-full wp-image-595779\" src=\"https:\/\/infonewss-bucket.s3.amazonaws.com\/2025\/01\/IMG_6040-Padre-Marcos-ganha-estadio-com-grama-sintetica-e-carro-0-km-no-aniversario-de-61-anos.jpg\" sizes=\"(max-width: 900px) 100vw, 900px\" srcset=\"https:\/\/infonewss-bucket.s3.amazonaws.com\/2025\/01\/IMG_6040-Padre-Marcos-ganha-estadio-com-grama-sintetica-e-carro-0-km-no-aniversario-de-61-anos-200x300.jpg 200w, https:\/\/infonewss-bucket.s3.amazonaws.com\/2025\/01\/IMG_6040-Padre-Marcos-ganha-estadio-com-grama-sintetica-e-carro-0-km-no-aniversario-de-61-anos-683x1024.jpg 683w, https:\/\/infonewss-bucket.s3.amazonaws.com\/2025\/01\/IMG_6040-Padre-Marcos-ganha-estadio-com-grama-sintetica-e-carro-0-km-no-aniversario-de-61-anos-768x1152.jpg 768w, https:\/\/infonewss-bucket.s3.amazonaws.com\/2025\/01\/IMG_6040-Padre-Marcos-ganha-estadio-com-grama-sintetica-e-carro-0-km-no-aniversario-de-61-anos-150x225.jpg 150w, https:\/\/infonewss-bucket.s3.amazonaws.com\/2025\/01\/IMG_6040-Padre-Marcos-ganha-estadio-com-grama-sintetica-e-carro-0-km-no-aniversario-de-61-anos-300x450.jpg 300w, https:\/\/infonewss-bucket.s3.amazonaws.com\/2025\/01\/IMG_6040-Padre-Marcos-ganha-estadio-com-grama-sintetica-e-carro-0-km-no-aniversario-de-61-anos-696x1044.jpg 696w, https:\/\/infonewss-bucket.s3.amazonaws.com\/2025\/01\/IMG_6040-Padre-Marcos-ganha-estadio-com-grama-sintetica-e-carro-0-km-no-aniversario-de-61-anos.jpg 900w\" alt=\"\" width=\"900\" height=\"1350\" \/><\/a>\u00a0<a href=\"https:\/\/infonewss.com\/padre-marcos-ganha-estadio-com-grama-sintetica-e-carro-0-km-no-aniversario-de-61-anos\/img_6042-padre-marcos-ganha-estadio-com-grama-sintetica-e-carro-0-km-no-aniversario-de-61-anos\/\" rel=\"attachment wp-att-595780\"><img loading=\"lazy\" decoding=\"async\" class=\"alignnone size-full wp-image-595780\" src=\"https:\/\/infonewss-bucket.s3.amazonaws.com\/2025\/01\/IMG_6042-Padre-Marcos-ganha-estadio-com-grama-sintetica-e-carro-0-km-no-aniversario-de-61-anos.jpg\" sizes=\"(max-width: 900px) 100vw, 900px\" srcset=\"https:\/\/infonewss-bucket.s3.amazonaws.com\/2025\/01\/IMG_6042-Padre-Marcos-ganha-estadio-com-grama-sintetica-e-carro-0-km-no-aniversario-de-61-anos-300x200.jpg 300w, https:\/\/infonewss-bucket.s3.amazonaws.com\/2025\/01\/IMG_6042-Padre-Marcos-ganha-estadio-com-grama-sintetica-e-carro-0-km-no-aniversario-de-61-anos-768x512.jpg 768w, https:\/\/infonewss-bucket.s3.amazonaws.com\/2025\/01\/IMG_6042-Padre-Marcos-ganha-estadio-com-grama-sintetica-e-carro-0-km-no-aniversario-de-61-anos.jpg 900w\" alt=\"\" width=\"900\" height=\"600\" \/><\/a>\u00a0<a href=\"https:\/\/infonewss.com\/padre-marcos-ganha-estadio-com-grama-sintetica-e-carro-0-km-no-aniversario-de-61-anos\/img_6046-padre-marcos-ganha-estadio-com-grama-sintetica-e-carro-0-km-no-aniversario-de-61-anos\/\" rel=\"attachment wp-att-595781\"><img loading=\"lazy\" decoding=\"async\" class=\"alignnone size-full wp-image-595781\" src=\"https:\/\/infonewss-bucket.s3.amazonaws.com\/2025\/01\/IMG_6046-Padre-Marcos-ganha-estadio-com-grama-sintetica-e-carro-0-km-no-aniversario-de-61-anos.jpg\" sizes=\"(max-width: 900px) 100vw, 900px\" srcset=\"https:\/\/infonewss-bucket.s3.amazonaws.com\/2025\/01\/IMG_6046-Padre-Marcos-ganha-estadio-com-grama-sintetica-e-carro-0-km-no-aniversario-de-61-anos-200x300.jpg 200w, https:\/\/infonewss-bucket.s3.amazonaws.com\/2025\/01\/IMG_6046-Padre-Marcos-ganha-estadio-com-grama-sintetica-e-carro-0-km-no-aniversario-de-61-anos-683x1024.jpg 683w, https:\/\/infonewss-bucket.s3.amazonaws.com\/2025\/01\/IMG_6046-Padre-Marcos-ganha-estadio-com-grama-sintetica-e-carro-0-km-no-aniversario-de-61-anos-768x1152.jpg 768w, https:\/\/infonewss-bucket.s3.amazonaws.com\/2025\/01\/IMG_6046-Padre-Marcos-ganha-estadio-com-grama-sintetica-e-carro-0-km-no-aniversario-de-61-anos-150x225.jpg 150w, https:\/\/infonewss-bucket.s3.amazonaws.com\/2025\/01\/IMG_6046-Padre-Marcos-ganha-estadio-com-grama-sintetica-e-carro-0-km-no-aniversario-de-61-anos-300x450.jpg 300w, https:\/\/infonewss-bucket.s3.amazonaws.com\/2025\/01\/IMG_6046-Padre-Marcos-ganha-estadio-com-grama-sintetica-e-carro-0-km-no-aniversario-de-61-anos-696x1044.jpg 696w, https:\/\/infonewss-bucket.s3.amazonaws.com\/2025\/01\/IMG_6046-Padre-Marcos-ganha-estadio-com-grama-sintetica-e-carro-0-km-no-aniversario-de-61-anos.jpg 900w\" alt=\"\" width=\"900\" height=\"1350\" \/><\/a>\u00a0<a href=\"https:\/\/infonewss.com\/padre-marcos-ganha-estadio-com-grama-sintetica-e-carro-0-km-no-aniversario-de-61-anos\/img_6048-padre-marcos-ganha-estadio-com-grama-sintetica-e-carro-0-km-no-aniversario-de-61-anos\/\" rel=\"attachment wp-att-595782\"><img loading=\"lazy\" decoding=\"async\" class=\"alignnone size-full wp-image-595782\" src=\"https:\/\/infonewss-bucket.s3.amazonaws.com\/2025\/01\/IMG_6048-Padre-Marcos-ganha-estadio-com-grama-sintetica-e-carro-0-km-no-aniversario-de-61-anos.jpg\" sizes=\"(max-width: 900px) 100vw, 900px\" srcset=\"https:\/\/infonewss-bucket.s3.amazonaws.com\/2025\/01\/IMG_6048-Padre-Marcos-ganha-estadio-com-grama-sintetica-e-carro-0-km-no-aniversario-de-61-anos-200x300.jpg 200w, https:\/\/infonewss-bucket.s3.amazonaws.com\/2025\/01\/IMG_6048-Padre-Marcos-ganha-estadio-com-grama-sintetica-e-carro-0-km-no-aniversario-de-61-anos-683x1024.jpg 683w, https:\/\/infonewss-bucket.s3.amazonaws.com\/2025\/01\/IMG_6048-Padre-Marcos-ganha-estadio-com-grama-sintetica-e-carro-0-km-no-aniversario-de-61-anos-768x1152.jpg 768w, https:\/\/infonewss-bucket.s3.amazonaws.com\/2025\/01\/IMG_6048-Padre-Marcos-ganha-estadio-com-grama-sintetica-e-carro-0-km-no-aniversario-de-61-anos-150x225.jpg 150w, https:\/\/infonewss-bucket.s3.amazonaws.com\/2025\/01\/IMG_6048-Padre-Marcos-ganha-estadio-com-grama-sintetica-e-carro-0-km-no-aniversario-de-61-anos-300x450.jpg 300w, https:\/\/infonewss-bucket.s3.amazonaws.com\/2025\/01\/IMG_6048-Padre-Marcos-ganha-estadio-com-grama-sintetica-e-carro-0-km-no-aniversario-de-61-anos-696x1044.jpg 696w, https:\/\/infonewss-bucket.s3.amazonaws.com\/2025\/01\/IMG_6048-Padre-Marcos-ganha-estadio-com-grama-sintetica-e-carro-0-km-no-aniversario-de-61-anos.jpg 900w\" alt=\"\" width=\"900\" height=\"1350\" \/><\/a>\u00a0<a href=\"https:\/\/infonewss.com\/padre-marcos-ganha-estadio-com-grama-sintetica-e-carro-0-km-no-aniversario-de-61-anos\/img_6049-padre-marcos-ganha-estadio-com-grama-sintetica-e-carro-0-km-no-aniversario-de-61-anos\/\" rel=\"attachment wp-att-595783\"><img loading=\"lazy\" decoding=\"async\" class=\"alignnone size-full wp-image-595783\" src=\"https:\/\/infonewss-bucket.s3.amazonaws.com\/2025\/01\/IMG_6049-Padre-Marcos-ganha-estadio-com-grama-sintetica-e-carro-0-km-no-aniversario-de-61-anos.jpg\" sizes=\"(max-width: 900px) 100vw, 900px\" srcset=\"https:\/\/infonewss-bucket.s3.amazonaws.com\/2025\/01\/IMG_6049-Padre-Marcos-ganha-estadio-com-grama-sintetica-e-carro-0-km-no-aniversario-de-61-anos-200x300.jpg 200w, https:\/\/infonewss-bucket.s3.amazonaws.com\/2025\/01\/IMG_6049-Padre-Marcos-ganha-estadio-com-grama-sintetica-e-carro-0-km-no-aniversario-de-61-anos-683x1024.jpg 683w, https:\/\/infonewss-bucket.s3.amazonaws.com\/2025\/01\/IMG_6049-Padre-Marcos-ganha-estadio-com-grama-sintetica-e-carro-0-km-no-aniversario-de-61-anos-768x1152.jpg 768w, https:\/\/infonewss-bucket.s3.amazonaws.com\/2025\/01\/IMG_6049-Padre-Marcos-ganha-estadio-com-grama-sintetica-e-carro-0-km-no-aniversario-de-61-anos-150x225.jpg 150w, https:\/\/infonewss-bucket.s3.amazonaws.com\/2025\/01\/IMG_6049-Padre-Marcos-ganha-estadio-com-grama-sintetica-e-carro-0-km-no-aniversario-de-61-anos-300x450.jpg 300w, https:\/\/infonewss-bucket.s3.amazonaws.com\/2025\/01\/IMG_6049-Padre-Marcos-ganha-estadio-com-grama-sintetica-e-carro-0-km-no-aniversario-de-61-anos-696x1044.jpg 696w, https:\/\/infonewss-bucket.s3.amazonaws.com\/2025\/01\/IMG_6049-Padre-Marcos-ganha-estadio-com-grama-sintetica-e-carro-0-km-no-aniversario-de-61-anos.jpg 900w\" alt=\"\" width=\"900\" height=\"1350\" \/><\/a>\u00a0<a href=\"https:\/\/infonewss.com\/padre-marcos-ganha-estadio-com-grama-sintetica-e-carro-0-km-no-aniversario-de-61-anos\/img_6052-padre-marcos-ganha-estadio-com-grama-sintetica-e-carro-0-km-no-aniversario-de-61-anos\/\" rel=\"attachment wp-att-595784\"><img loading=\"lazy\" decoding=\"async\" class=\"alignnone size-full wp-image-595784\" src=\"https:\/\/infonewss-bucket.s3.amazonaws.com\/2025\/01\/IMG_6052-Padre-Marcos-ganha-estadio-com-grama-sintetica-e-carro-0-km-no-aniversario-de-61-anos.jpg\" sizes=\"(max-width: 900px) 100vw, 900px\" srcset=\"https:\/\/infonewss-bucket.s3.amazonaws.com\/2025\/01\/IMG_6052-Padre-Marcos-ganha-estadio-com-grama-sintetica-e-carro-0-km-no-aniversario-de-61-anos-200x300.jpg 200w, https:\/\/infonewss-bucket.s3.amazonaws.com\/2025\/01\/IMG_6052-Padre-Marcos-ganha-estadio-com-grama-sintetica-e-carro-0-km-no-aniversario-de-61-anos-683x1024.jpg 683w, https:\/\/infonewss-bucket.s3.amazonaws.com\/2025\/01\/IMG_6052-Padre-Marcos-ganha-estadio-com-grama-sintetica-e-carro-0-km-no-aniversario-de-61-anos-768x1152.jpg 768w, https:\/\/infonewss-bucket.s3.amazonaws.com\/2025\/01\/IMG_6052-Padre-Marcos-ganha-estadio-com-grama-sintetica-e-carro-0-km-no-aniversario-de-61-anos-150x225.jpg 150w, https:\/\/infonewss-bucket.s3.amazonaws.com\/2025\/01\/IMG_6052-Padre-Marcos-ganha-estadio-com-grama-sintetica-e-carro-0-km-no-aniversario-de-61-anos-300x450.jpg 300w, https:\/\/infonewss-bucket.s3.amazonaws.com\/2025\/01\/IMG_6052-Padre-Marcos-ganha-estadio-com-grama-sintetica-e-carro-0-km-no-aniversario-de-61-anos-696x1044.jpg 696w, https:\/\/infonewss-bucket.s3.amazonaws.com\/2025\/01\/IMG_6052-Padre-Marcos-ganha-estadio-com-grama-sintetica-e-carro-0-km-no-aniversario-de-61-anos.jpg 900w\" alt=\"\" width=\"900\" height=\"1350\" \/><\/a>\u00a0<a href=\"https:\/\/infonewss.com\/padre-marcos-ganha-estadio-com-grama-sintetica-e-carro-0-km-no-aniversario-de-61-anos\/img_6054-padre-marcos-ganha-estadio-com-grama-sintetica-e-carro-0-km-no-aniversario-de-61-anos\/\" rel=\"attachment wp-att-595785\"><img loading=\"lazy\" decoding=\"async\" class=\"alignnone size-full wp-image-595785\" src=\"https:\/\/infonewss-bucket.s3.amazonaws.com\/2025\/01\/IMG_6054-Padre-Marcos-ganha-estadio-com-grama-sintetica-e-carro-0-km-no-aniversario-de-61-anos.jpg\" sizes=\"(max-width: 900px) 100vw, 900px\" srcset=\"https:\/\/infonewss-bucket.s3.amazonaws.com\/2025\/01\/IMG_6054-Padre-Marcos-ganha-estadio-com-grama-sintetica-e-carro-0-km-no-aniversario-de-61-anos-300x200.jpg 300w, https:\/\/infonewss-bucket.s3.amazonaws.com\/2025\/01\/IMG_6054-Padre-Marcos-ganha-estadio-com-grama-sintetica-e-carro-0-km-no-aniversario-de-61-anos-768x512.jpg 768w, https:\/\/infonewss-bucket.s3.amazonaws.com\/2025\/01\/IMG_6054-Padre-Marcos-ganha-estadio-com-grama-sintetica-e-carro-0-km-no-aniversario-de-61-anos.jpg 900w\" alt=\"\" width=\"900\" height=\"600\" \/><\/a>\u00a0<a href=\"https:\/\/infonewss.com\/padre-marcos-ganha-estadio-com-grama-sintetica-e-carro-0-km-no-aniversario-de-61-anos\/img_6056-padre-marcos-ganha-estadio-com-grama-sintetica-e-carro-0-km-no-aniversario-de-61-anos\/\" rel=\"attachment wp-att-595786\"><img loading=\"lazy\" decoding=\"async\" class=\"alignnone size-full wp-image-595786\" src=\"https:\/\/infonewss-bucket.s3.amazonaws.com\/2025\/01\/IMG_6056-Padre-Marcos-ganha-estadio-com-grama-sintetica-e-carro-0-km-no-aniversario-de-61-anos.jpg\" sizes=\"(max-width: 900px) 100vw, 900px\" srcset=\"https:\/\/infonewss-bucket.s3.amazonaws.com\/2025\/01\/IMG_6056-Padre-Marcos-ganha-estadio-com-grama-sintetica-e-carro-0-km-no-aniversario-de-61-anos-200x300.jpg 200w, https:\/\/infonewss-bucket.s3.amazonaws.com\/2025\/01\/IMG_6056-Padre-Marcos-ganha-estadio-com-grama-sintetica-e-carro-0-km-no-aniversario-de-61-anos-683x1024.jpg 683w, https:\/\/infonewss-bucket.s3.amazonaws.com\/2025\/01\/IMG_6056-Padre-Marcos-ganha-estadio-com-grama-sintetica-e-carro-0-km-no-aniversario-de-61-anos-768x1152.jpg 768w, https:\/\/infonewss-bucket.s3.amazonaws.com\/2025\/01\/IMG_6056-Padre-Marcos-ganha-estadio-com-grama-sintetica-e-carro-0-km-no-aniversario-de-61-anos-150x225.jpg 150w, https:\/\/infonewss-bucket.s3.amazonaws.com\/2025\/01\/IMG_6056-Padre-Marcos-ganha-estadio-com-grama-sintetica-e-carro-0-km-no-aniversario-de-61-anos-300x450.jpg 300w, https:\/\/infonewss-bucket.s3.amazonaws.com\/2025\/01\/IMG_6056-Padre-Marcos-ganha-estadio-com-grama-sintetica-e-carro-0-km-no-aniversario-de-61-anos-696x1044.jpg 696w, https:\/\/infonewss-bucket.s3.amazonaws.com\/2025\/01\/IMG_6056-Padre-Marcos-ganha-estadio-com-grama-sintetica-e-carro-0-km-no-aniversario-de-61-anos.jpg 900w\" alt=\"\" width=\"900\" height=\"1350\" \/><\/a>\u00a0<a href=\"https:\/\/infonewss.com\/padre-marcos-ganha-estadio-com-grama-sintetica-e-carro-0-km-no-aniversario-de-61-anos\/img_6059-padre-marcos-ganha-estadio-com-grama-sintetica-e-carro-0-km-no-aniversario-de-61-anos\/\" rel=\"attachment wp-att-595787\"><img loading=\"lazy\" decoding=\"async\" class=\"alignnone size-full wp-image-595787\" src=\"https:\/\/infonewss-bucket.s3.amazonaws.com\/2025\/01\/IMG_6059-Padre-Marcos-ganha-estadio-com-grama-sintetica-e-carro-0-km-no-aniversario-de-61-anos.jpg\" sizes=\"(max-width: 900px) 100vw, 900px\" srcset=\"https:\/\/infonewss-bucket.s3.amazonaws.com\/2025\/01\/IMG_6059-Padre-Marcos-ganha-estadio-com-grama-sintetica-e-carro-0-km-no-aniversario-de-61-anos-300x200.jpg 300w, https:\/\/infonewss-bucket.s3.amazonaws.com\/2025\/01\/IMG_6059-Padre-Marcos-ganha-estadio-com-grama-sintetica-e-carro-0-km-no-aniversario-de-61-anos-768x512.jpg 768w, https:\/\/infonewss-bucket.s3.amazonaws.com\/2025\/01\/IMG_6059-Padre-Marcos-ganha-estadio-com-grama-sintetica-e-carro-0-km-no-aniversario-de-61-anos.jpg 900w\" alt=\"\" width=\"900\" height=\"600\" \/><\/a>\u00a0<a href=\"https:\/\/infonewss.com\/padre-marcos-ganha-estadio-com-grama-sintetica-e-carro-0-km-no-aniversario-de-61-anos\/img_6066-padre-marcos-ganha-estadio-com-grama-sintetica-e-carro-0-km-no-aniversario-de-61-anos\/\" rel=\"attachment wp-att-595788\"><img loading=\"lazy\" decoding=\"async\" class=\"alignnone size-full wp-image-595788\" src=\"https:\/\/infonewss-bucket.s3.amazonaws.com\/2025\/01\/IMG_6066-Padre-Marcos-ganha-estadio-com-grama-sintetica-e-carro-0-km-no-aniversario-de-61-anos.jpg\" sizes=\"(max-width: 900px) 100vw, 900px\" srcset=\"https:\/\/infonewss-bucket.s3.amazonaws.com\/2025\/01\/IMG_6066-Padre-Marcos-ganha-estadio-com-grama-sintetica-e-carro-0-km-no-aniversario-de-61-anos-200x300.jpg 200w, https:\/\/infonewss-bucket.s3.amazonaws.com\/2025\/01\/IMG_6066-Padre-Marcos-ganha-estadio-com-grama-sintetica-e-carro-0-km-no-aniversario-de-61-anos-683x1024.jpg 683w, https:\/\/infonewss-bucket.s3.amazonaws.com\/2025\/01\/IMG_6066-Padre-Marcos-ganha-estadio-com-grama-sintetica-e-carro-0-km-no-aniversario-de-61-anos-768x1152.jpg 768w, https:\/\/infonewss-bucket.s3.amazonaws.com\/2025\/01\/IMG_6066-Padre-Marcos-ganha-estadio-com-grama-sintetica-e-carro-0-km-no-aniversario-de-61-anos-150x225.jpg 150w, https:\/\/infonewss-bucket.s3.amazonaws.com\/2025\/01\/IMG_6066-Padre-Marcos-ganha-estadio-com-grama-sintetica-e-carro-0-km-no-aniversario-de-61-anos-300x450.jpg 300w, https:\/\/infonewss-bucket.s3.amazonaws.com\/2025\/01\/IMG_6066-Padre-Marcos-ganha-estadio-com-grama-sintetica-e-carro-0-km-no-aniversario-de-61-anos-696x1044.jpg 696w, https:\/\/infonewss-bucket.s3.amazonaws.com\/2025\/01\/IMG_6066-Padre-Marcos-ganha-estadio-com-grama-sintetica-e-carro-0-km-no-aniversario-de-61-anos.jpg 900w\" alt=\"\" width=\"900\" height=\"1350\" \/><\/a>\u00a0<a href=\"https:\/\/infonewss.com\/padre-marcos-ganha-estadio-com-grama-sintetica-e-carro-0-km-no-aniversario-de-61-anos\/img_6069-padre-marcos-ganha-estadio-com-grama-sintetica-e-carro-0-km-no-aniversario-de-61-anos\/\" rel=\"attachment wp-att-595789\"><img loading=\"lazy\" decoding=\"async\" class=\"alignnone size-full wp-image-595789\" src=\"https:\/\/infonewss-bucket.s3.amazonaws.com\/2025\/01\/IMG_6069-Padre-Marcos-ganha-estadio-com-grama-sintetica-e-carro-0-km-no-aniversario-de-61-anos.jpg\" sizes=\"(max-width: 900px) 100vw, 900px\" srcset=\"https:\/\/infonewss-bucket.s3.amazonaws.com\/2025\/01\/IMG_6069-Padre-Marcos-ganha-estadio-com-grama-sintetica-e-carro-0-km-no-aniversario-de-61-anos-200x300.jpg 200w, https:\/\/infonewss-bucket.s3.amazonaws.com\/2025\/01\/IMG_6069-Padre-Marcos-ganha-estadio-com-grama-sintetica-e-carro-0-km-no-aniversario-de-61-anos-683x1024.jpg 683w, https:\/\/infonewss-bucket.s3.amazonaws.com\/2025\/01\/IMG_6069-Padre-Marcos-ganha-estadio-com-grama-sintetica-e-carro-0-km-no-aniversario-de-61-anos-768x1152.jpg 768w, https:\/\/infonewss-bucket.s3.amazonaws.com\/2025\/01\/IMG_6069-Padre-Marcos-ganha-estadio-com-grama-sintetica-e-carro-0-km-no-aniversario-de-61-anos-150x225.jpg 150w, https:\/\/infonewss-bucket.s3.amazonaws.com\/2025\/01\/IMG_6069-Padre-Marcos-ganha-estadio-com-grama-sintetica-e-carro-0-km-no-aniversario-de-61-anos-300x450.jpg 300w, https:\/\/infonewss-bucket.s3.amazonaws.com\/2025\/01\/IMG_6069-Padre-Marcos-ganha-estadio-com-grama-sintetica-e-carro-0-km-no-aniversario-de-61-anos-696x1044.jpg 696w, https:\/\/infonewss-bucket.s3.amazonaws.com\/2025\/01\/IMG_6069-Padre-Marcos-ganha-estadio-com-grama-sintetica-e-carro-0-km-no-aniversario-de-61-anos.jpg 900w\" alt=\"\" width=\"900\" height=\"1350\" \/><\/a>\u00a0<a href=\"https:\/\/infonewss.com\/padre-marcos-ganha-estadio-com-grama-sintetica-e-carro-0-km-no-aniversario-de-61-anos\/img_6071-padre-marcos-ganha-estadio-com-grama-sintetica-e-carro-0-km-no-aniversario-de-61-anos\/\" rel=\"attachment wp-att-595790\"><img loading=\"lazy\" decoding=\"async\" class=\"alignnone size-full wp-image-595790\" src=\"https:\/\/infonewss-bucket.s3.amazonaws.com\/2025\/01\/IMG_6071-Padre-Marcos-ganha-estadio-com-grama-sintetica-e-carro-0-km-no-aniversario-de-61-anos.jpg\" sizes=\"(max-width: 900px) 100vw, 900px\" srcset=\"https:\/\/infonewss-bucket.s3.amazonaws.com\/2025\/01\/IMG_6071-Padre-Marcos-ganha-estadio-com-grama-sintetica-e-carro-0-km-no-aniversario-de-61-anos-200x300.jpg 200w, https:\/\/infonewss-bucket.s3.amazonaws.com\/2025\/01\/IMG_6071-Padre-Marcos-ganha-estadio-com-grama-sintetica-e-carro-0-km-no-aniversario-de-61-anos-683x1024.jpg 683w, https:\/\/infonewss-bucket.s3.amazonaws.com\/2025\/01\/IMG_6071-Padre-Marcos-ganha-estadio-com-grama-sintetica-e-carro-0-km-no-aniversario-de-61-anos-768x1152.jpg 768w, https:\/\/infonewss-bucket.s3.amazonaws.com\/2025\/01\/IMG_6071-Padre-Marcos-ganha-estadio-com-grama-sintetica-e-carro-0-km-no-aniversario-de-61-anos-150x225.jpg 150w, https:\/\/infonewss-bucket.s3.amazonaws.com\/2025\/01\/IMG_6071-Padre-Marcos-ganha-estadio-com-grama-sintetica-e-carro-0-km-no-aniversario-de-61-anos-300x450.jpg 300w, https:\/\/infonewss-bucket.s3.amazonaws.com\/2025\/01\/IMG_6071-Padre-Marcos-ganha-estadio-com-grama-sintetica-e-carro-0-km-no-aniversario-de-61-anos-696x1044.jpg 696w, https:\/\/infonewss-bucket.s3.amazonaws.com\/2025\/01\/IMG_6071-Padre-Marcos-ganha-estadio-com-grama-sintetica-e-carro-0-km-no-aniversario-de-61-anos.jpg 900w\" alt=\"\" width=\"900\" height=\"1350\" \/><\/a>\u00a0<a href=\"https:\/\/infonewss.com\/padre-marcos-ganha-estadio-com-grama-sintetica-e-carro-0-km-no-aniversario-de-61-anos\/img_6073-padre-marcos-ganha-estadio-com-grama-sintetica-e-carro-0-km-no-aniversario-de-61-anos\/\" rel=\"attachment wp-att-595791\"><img loading=\"lazy\" decoding=\"async\" class=\"alignnone size-full wp-image-595791\" src=\"https:\/\/infonewss-bucket.s3.amazonaws.com\/2025\/01\/IMG_6073-Padre-Marcos-ganha-estadio-com-grama-sintetica-e-carro-0-km-no-aniversario-de-61-anos.jpg\" sizes=\"(max-width: 900px) 100vw, 900px\" srcset=\"https:\/\/infonewss-bucket.s3.amazonaws.com\/2025\/01\/IMG_6073-Padre-Marcos-ganha-estadio-com-grama-sintetica-e-carro-0-km-no-aniversario-de-61-anos-200x300.jpg 200w, https:\/\/infonewss-bucket.s3.amazonaws.com\/2025\/01\/IMG_6073-Padre-Marcos-ganha-estadio-com-grama-sintetica-e-carro-0-km-no-aniversario-de-61-anos-683x1024.jpg 683w, https:\/\/infonewss-bucket.s3.amazonaws.com\/2025\/01\/IMG_6073-Padre-Marcos-ganha-estadio-com-grama-sintetica-e-carro-0-km-no-aniversario-de-61-anos-768x1152.jpg 768w, https:\/\/infonewss-bucket.s3.amazonaws.com\/2025\/01\/IMG_6073-Padre-Marcos-ganha-estadio-com-grama-sintetica-e-carro-0-km-no-aniversario-de-61-anos-150x225.jpg 150w, https:\/\/infonewss-bucket.s3.amazonaws.com\/2025\/01\/IMG_6073-Padre-Marcos-ganha-estadio-com-grama-sintetica-e-carro-0-km-no-aniversario-de-61-anos-300x450.jpg 300w, https:\/\/infonewss-bucket.s3.amazonaws.com\/2025\/01\/IMG_6073-Padre-Marcos-ganha-estadio-com-grama-sintetica-e-carro-0-km-no-aniversario-de-61-anos-696x1044.jpg 696w, https:\/\/infonewss-bucket.s3.amazonaws.com\/2025\/01\/IMG_6073-Padre-Marcos-ganha-estadio-com-grama-sintetica-e-carro-0-km-no-aniversario-de-61-anos.jpg 900w\" alt=\"\" width=\"900\" height=\"1350\" \/><\/a>\u00a0<a href=\"https:\/\/infonewss.com\/padre-marcos-ganha-estadio-com-grama-sintetica-e-carro-0-km-no-aniversario-de-61-anos\/img_6076-padre-marcos-ganha-estadio-com-grama-sintetica-e-carro-0-km-no-aniversario-de-61-anos\/\" rel=\"attachment wp-att-595792\"><img loading=\"lazy\" decoding=\"async\" class=\"alignnone size-full wp-image-595792\" src=\"https:\/\/infonewss-bucket.s3.amazonaws.com\/2025\/01\/IMG_6076-Padre-Marcos-ganha-estadio-com-grama-sintetica-e-carro-0-km-no-aniversario-de-61-anos.jpg\" sizes=\"(max-width: 900px) 100vw, 900px\" srcset=\"https:\/\/infonewss-bucket.s3.amazonaws.com\/2025\/01\/IMG_6076-Padre-Marcos-ganha-estadio-com-grama-sintetica-e-carro-0-km-no-aniversario-de-61-anos-300x200.jpg 300w, https:\/\/infonewss-bucket.s3.amazonaws.com\/2025\/01\/IMG_6076-Padre-Marcos-ganha-estadio-com-grama-sintetica-e-carro-0-km-no-aniversario-de-61-anos-768x512.jpg 768w, https:\/\/infonewss-bucket.s3.amazonaws.com\/2025\/01\/IMG_6076-Padre-Marcos-ganha-estadio-com-grama-sintetica-e-carro-0-km-no-aniversario-de-61-anos.jpg 900w\" alt=\"\" width=\"900\" height=\"600\" \/><\/a>\u00a0<a href=\"https:\/\/infonewss.com\/padre-marcos-ganha-estadio-com-grama-sintetica-e-carro-0-km-no-aniversario-de-61-anos\/img_6079-padre-marcos-ganha-estadio-com-grama-sintetica-e-carro-0-km-no-aniversario-de-61-anos\/\" rel=\"attachment wp-att-595793\"><img loading=\"lazy\" decoding=\"async\" class=\"alignnone size-full wp-image-595793\" src=\"https:\/\/infonewss-bucket.s3.amazonaws.com\/2025\/01\/IMG_6079-Padre-Marcos-ganha-estadio-com-grama-sintetica-e-carro-0-km-no-aniversario-de-61-anos.jpg\" sizes=\"(max-width: 900px) 100vw, 900px\" srcset=\"https:\/\/infonewss-bucket.s3.amazonaws.com\/2025\/01\/IMG_6079-Padre-Marcos-ganha-estadio-com-grama-sintetica-e-carro-0-km-no-aniversario-de-61-anos-200x300.jpg 200w, https:\/\/infonewss-bucket.s3.amazonaws.com\/2025\/01\/IMG_6079-Padre-Marcos-ganha-estadio-com-grama-sintetica-e-carro-0-km-no-aniversario-de-61-anos-683x1024.jpg 683w, https:\/\/infonewss-bucket.s3.amazonaws.com\/2025\/01\/IMG_6079-Padre-Marcos-ganha-estadio-com-grama-sintetica-e-carro-0-km-no-aniversario-de-61-anos-768x1152.jpg 768w, https:\/\/infonewss-bucket.s3.amazonaws.com\/2025\/01\/IMG_6079-Padre-Marcos-ganha-estadio-com-grama-sintetica-e-carro-0-km-no-aniversario-de-61-anos-150x225.jpg 150w, https:\/\/infonewss-bucket.s3.amazonaws.com\/2025\/01\/IMG_6079-Padre-Marcos-ganha-estadio-com-grama-sintetica-e-carro-0-km-no-aniversario-de-61-anos-300x450.jpg 300w, https:\/\/infonewss-bucket.s3.amazonaws.com\/2025\/01\/IMG_6079-Padre-Marcos-ganha-estadio-com-grama-sintetica-e-carro-0-km-no-aniversario-de-61-anos-696x1044.jpg 696w, https:\/\/infonewss-bucket.s3.amazonaws.com\/2025\/01\/IMG_6079-Padre-Marcos-ganha-estadio-com-grama-sintetica-e-carro-0-km-no-aniversario-de-61-anos.jpg 900w\" alt=\"\" width=\"900\" height=\"1350\" \/><\/a>\u00a0<a href=\"https:\/\/infonewss.com\/padre-marcos-ganha-estadio-com-grama-sintetica-e-carro-0-km-no-aniversario-de-61-anos\/img_6084-padre-marcos-ganha-estadio-com-grama-sintetica-e-carro-0-km-no-aniversario-de-61-anos\/\" rel=\"attachment wp-att-595794\"><img loading=\"lazy\" decoding=\"async\" class=\"alignnone size-full wp-image-595794\" src=\"https:\/\/infonewss-bucket.s3.amazonaws.com\/2025\/01\/IMG_6084-Padre-Marcos-ganha-estadio-com-grama-sintetica-e-carro-0-km-no-aniversario-de-61-anos.jpg\" sizes=\"(max-width: 900px) 100vw, 900px\" srcset=\"https:\/\/infonewss-bucket.s3.amazonaws.com\/2025\/01\/IMG_6084-Padre-Marcos-ganha-estadio-com-grama-sintetica-e-carro-0-km-no-aniversario-de-61-anos-200x300.jpg 200w, https:\/\/infonewss-bucket.s3.amazonaws.com\/2025\/01\/IMG_6084-Padre-Marcos-ganha-estadio-com-grama-sintetica-e-carro-0-km-no-aniversario-de-61-anos-683x1024.jpg 683w, https:\/\/infonewss-bucket.s3.amazonaws.com\/2025\/01\/IMG_6084-Padre-Marcos-ganha-estadio-com-grama-sintetica-e-carro-0-km-no-aniversario-de-61-anos-768x1152.jpg 768w, https:\/\/infonewss-bucket.s3.amazonaws.com\/2025\/01\/IMG_6084-Padre-Marcos-ganha-estadio-com-grama-sintetica-e-carro-0-km-no-aniversario-de-61-anos-150x225.jpg 150w, https:\/\/infonewss-bucket.s3.amazonaws.com\/2025\/01\/IMG_6084-Padre-Marcos-ganha-estadio-com-grama-sintetica-e-carro-0-km-no-aniversario-de-61-anos-300x450.jpg 300w, https:\/\/infonewss-bucket.s3.amazonaws.com\/2025\/01\/IMG_6084-Padre-Marcos-ganha-estadio-com-grama-sintetica-e-carro-0-km-no-aniversario-de-61-anos-696x1044.jpg 696w, https:\/\/infonewss-bucket.s3.amazonaws.com\/2025\/01\/IMG_6084-Padre-Marcos-ganha-estadio-com-grama-sintetica-e-carro-0-km-no-aniversario-de-61-anos.jpg 900w\" alt=\"\" width=\"900\" height=\"1350\" \/><\/a>\u00a0<a href=\"https:\/\/infonewss.com\/padre-marcos-ganha-estadio-com-grama-sintetica-e-carro-0-km-no-aniversario-de-61-anos\/img_6089-padre-marcos-ganha-estadio-com-grama-sintetica-e-carro-0-km-no-aniversario-de-61-anos\/\" rel=\"attachment wp-att-595795\"><img loading=\"lazy\" decoding=\"async\" class=\"alignnone size-full wp-image-595795\" src=\"https:\/\/infonewss-bucket.s3.amazonaws.com\/2025\/01\/IMG_6089-Padre-Marcos-ganha-estadio-com-grama-sintetica-e-carro-0-km-no-aniversario-de-61-anos.jpg\" sizes=\"(max-width: 900px) 100vw, 900px\" srcset=\"https:\/\/infonewss-bucket.s3.amazonaws.com\/2025\/01\/IMG_6089-Padre-Marcos-ganha-estadio-com-grama-sintetica-e-carro-0-km-no-aniversario-de-61-anos-200x300.jpg 200w, https:\/\/infonewss-bucket.s3.amazonaws.com\/2025\/01\/IMG_6089-Padre-Marcos-ganha-estadio-com-grama-sintetica-e-carro-0-km-no-aniversario-de-61-anos-683x1024.jpg 683w, https:\/\/infonewss-bucket.s3.amazonaws.com\/2025\/01\/IMG_6089-Padre-Marcos-ganha-estadio-com-grama-sintetica-e-carro-0-km-no-aniversario-de-61-anos-768x1152.jpg 768w, https:\/\/infonewss-bucket.s3.amazonaws.com\/2025\/01\/IMG_6089-Padre-Marcos-ganha-estadio-com-grama-sintetica-e-carro-0-km-no-aniversario-de-61-anos-150x225.jpg 150w, https:\/\/infonewss-bucket.s3.amazonaws.com\/2025\/01\/IMG_6089-Padre-Marcos-ganha-estadio-com-grama-sintetica-e-carro-0-km-no-aniversario-de-61-anos-300x450.jpg 300w, https:\/\/infonewss-bucket.s3.amazonaws.com\/2025\/01\/IMG_6089-Padre-Marcos-ganha-estadio-com-grama-sintetica-e-carro-0-km-no-aniversario-de-61-anos-696x1044.jpg 696w, https:\/\/infonewss-bucket.s3.amazonaws.com\/2025\/01\/IMG_6089-Padre-Marcos-ganha-estadio-com-grama-sintetica-e-carro-0-km-no-aniversario-de-61-anos.jpg 900w\" alt=\"\" width=\"900\" height=\"1350\" \/><\/a>\u00a0<a href=\"https:\/\/infonewss.com\/padre-marcos-ganha-estadio-com-grama-sintetica-e-carro-0-km-no-aniversario-de-61-anos\/img_6095-padre-marcos-ganha-estadio-com-grama-sintetica-e-carro-0-km-no-aniversario-de-61-anos\/\" rel=\"attachment wp-att-595796\"><img loading=\"lazy\" decoding=\"async\" class=\"alignnone size-full wp-image-595796\" src=\"https:\/\/infonewss-bucket.s3.amazonaws.com\/2025\/01\/IMG_6095-Padre-Marcos-ganha-estadio-com-grama-sintetica-e-carro-0-km-no-aniversario-de-61-anos.jpg\" sizes=\"(max-width: 900px) 100vw, 900px\" srcset=\"https:\/\/infonewss-bucket.s3.amazonaws.com\/2025\/01\/IMG_6095-Padre-Marcos-ganha-estadio-com-grama-sintetica-e-carro-0-km-no-aniversario-de-61-anos-200x300.jpg 200w, https:\/\/infonewss-bucket.s3.amazonaws.com\/2025\/01\/IMG_6095-Padre-Marcos-ganha-estadio-com-grama-sintetica-e-carro-0-km-no-aniversario-de-61-anos-683x1024.jpg 683w, https:\/\/infonewss-bucket.s3.amazonaws.com\/2025\/01\/IMG_6095-Padre-Marcos-ganha-estadio-com-grama-sintetica-e-carro-0-km-no-aniversario-de-61-anos-768x1152.jpg 768w, https:\/\/infonewss-bucket.s3.amazonaws.com\/2025\/01\/IMG_6095-Padre-Marcos-ganha-estadio-com-grama-sintetica-e-carro-0-km-no-aniversario-de-61-anos-150x225.jpg 150w, https:\/\/infonewss-bucket.s3.amazonaws.com\/2025\/01\/IMG_6095-Padre-Marcos-ganha-estadio-com-grama-sintetica-e-carro-0-km-no-aniversario-de-61-anos-300x450.jpg 300w, https:\/\/infonewss-bucket.s3.amazonaws.com\/2025\/01\/IMG_6095-Padre-Marcos-ganha-estadio-com-grama-sintetica-e-carro-0-km-no-aniversario-de-61-anos-696x1044.jpg 696w, https:\/\/infonewss-bucket.s3.amazonaws.com\/2025\/01\/IMG_6095-Padre-Marcos-ganha-estadio-com-grama-sintetica-e-carro-0-km-no-aniversario-de-61-anos.jpg 900w\" alt=\"\" width=\"900\" height=\"1350\" \/><\/a>\u00a0<a href=\"https:\/\/infonewss.com\/padre-marcos-ganha-estadio-com-grama-sintetica-e-carro-0-km-no-aniversario-de-61-anos\/img_6099-padre-marcos-ganha-estadio-com-grama-sintetica-e-carro-0-km-no-aniversario-de-61-anos\/\" rel=\"attachment wp-att-595797\"><img loading=\"lazy\" decoding=\"async\" class=\"alignnone size-full wp-image-595797\" src=\"https:\/\/infonewss-bucket.s3.amazonaws.com\/2025\/01\/IMG_6099-Padre-Marcos-ganha-estadio-com-grama-sintetica-e-carro-0-km-no-aniversario-de-61-anos.jpg\" sizes=\"(max-width: 900px) 100vw, 900px\" srcset=\"https:\/\/infonewss-bucket.s3.amazonaws.com\/2025\/01\/IMG_6099-Padre-Marcos-ganha-estadio-com-grama-sintetica-e-carro-0-km-no-aniversario-de-61-anos-200x300.jpg 200w, https:\/\/infonewss-bucket.s3.amazonaws.com\/2025\/01\/IMG_6099-Padre-Marcos-ganha-estadio-com-grama-sintetica-e-carro-0-km-no-aniversario-de-61-anos-683x1024.jpg 683w, https:\/\/infonewss-bucket.s3.amazonaws.com\/2025\/01\/IMG_6099-Padre-Marcos-ganha-estadio-com-grama-sintetica-e-carro-0-km-no-aniversario-de-61-anos-768x1152.jpg 768w, https:\/\/infonewss-bucket.s3.amazonaws.com\/2025\/01\/IMG_6099-Padre-Marcos-ganha-estadio-com-grama-sintetica-e-carro-0-km-no-aniversario-de-61-anos-150x225.jpg 150w, https:\/\/infonewss-bucket.s3.amazonaws.com\/2025\/01\/IMG_6099-Padre-Marcos-ganha-estadio-com-grama-sintetica-e-carro-0-km-no-aniversario-de-61-anos-300x450.jpg 300w, https:\/\/infonewss-bucket.s3.amazonaws.com\/2025\/01\/IMG_6099-Padre-Marcos-ganha-estadio-com-grama-sintetica-e-carro-0-km-no-aniversario-de-61-anos-696x1044.jpg 696w, https:\/\/infonewss-bucket.s3.amazonaws.com\/2025\/01\/IMG_6099-Padre-Marcos-ganha-estadio-com-grama-sintetica-e-carro-0-km-no-aniversario-de-61-anos.jpg 900w\" alt=\"\" width=\"900\" height=\"1350\" \/><\/a>\u00a0<a href=\"https:\/\/infonewss.com\/padre-marcos-ganha-estadio-com-grama-sintetica-e-carro-0-km-no-aniversario-de-61-anos\/img_6105-padre-marcos-ganha-estadio-com-grama-sintetica-e-carro-0-km-no-aniversario-de-61-anos\/\" rel=\"attachment wp-att-595798\"><img loading=\"lazy\" decoding=\"async\" class=\"alignnone size-full wp-image-595798\" src=\"https:\/\/infonewss-bucket.s3.amazonaws.com\/2025\/01\/IMG_6105-Padre-Marcos-ganha-estadio-com-grama-sintetica-e-carro-0-km-no-aniversario-de-61-anos.jpg\" sizes=\"(max-width: 900px) 100vw, 900px\" srcset=\"https:\/\/infonewss-bucket.s3.amazonaws.com\/2025\/01\/IMG_6105-Padre-Marcos-ganha-estadio-com-grama-sintetica-e-carro-0-km-no-aniversario-de-61-anos-200x300.jpg 200w, https:\/\/infonewss-bucket.s3.amazonaws.com\/2025\/01\/IMG_6105-Padre-Marcos-ganha-estadio-com-grama-sintetica-e-carro-0-km-no-aniversario-de-61-anos-683x1024.jpg 683w, https:\/\/infonewss-bucket.s3.amazonaws.com\/2025\/01\/IMG_6105-Padre-Marcos-ganha-estadio-com-grama-sintetica-e-carro-0-km-no-aniversario-de-61-anos-768x1152.jpg 768w, https:\/\/infonewss-bucket.s3.amazonaws.com\/2025\/01\/IMG_6105-Padre-Marcos-ganha-estadio-com-grama-sintetica-e-carro-0-km-no-aniversario-de-61-anos-150x225.jpg 150w, https:\/\/infonewss-bucket.s3.amazonaws.com\/2025\/01\/IMG_6105-Padre-Marcos-ganha-estadio-com-grama-sintetica-e-carro-0-km-no-aniversario-de-61-anos-300x450.jpg 300w, https:\/\/infonewss-bucket.s3.amazonaws.com\/2025\/01\/IMG_6105-Padre-Marcos-ganha-estadio-com-grama-sintetica-e-carro-0-km-no-aniversario-de-61-anos-696x1044.jpg 696w, https:\/\/infonewss-bucket.s3.amazonaws.com\/2025\/01\/IMG_6105-Padre-Marcos-ganha-estadio-com-grama-sintetica-e-carro-0-km-no-aniversario-de-61-anos.jpg 900w\" alt=\"\" width=\"900\" height=\"1350\" \/><\/a>\u00a0<a href=\"https:\/\/infonewss.com\/padre-marcos-ganha-estadio-com-grama-sintetica-e-carro-0-km-no-aniversario-de-61-anos\/img_6108-padre-marcos-ganha-estadio-com-grama-sintetica-e-carro-0-km-no-aniversario-de-61-anos\/\" rel=\"attachment wp-att-595799\"><img loading=\"lazy\" decoding=\"async\" class=\"alignnone size-full wp-image-595799\" src=\"https:\/\/infonewss-bucket.s3.amazonaws.com\/2025\/01\/IMG_6108-Padre-Marcos-ganha-estadio-com-grama-sintetica-e-carro-0-km-no-aniversario-de-61-anos.jpg\" sizes=\"(max-width: 900px) 100vw, 900px\" srcset=\"https:\/\/infonewss-bucket.s3.amazonaws.com\/2025\/01\/IMG_6108-Padre-Marcos-ganha-estadio-com-grama-sintetica-e-carro-0-km-no-aniversario-de-61-anos-200x300.jpg 200w, https:\/\/infonewss-bucket.s3.amazonaws.com\/2025\/01\/IMG_6108-Padre-Marcos-ganha-estadio-com-grama-sintetica-e-carro-0-km-no-aniversario-de-61-anos-683x1024.jpg 683w, https:\/\/infonewss-bucket.s3.amazonaws.com\/2025\/01\/IMG_6108-Padre-Marcos-ganha-estadio-com-grama-sintetica-e-carro-0-km-no-aniversario-de-61-anos-768x1152.jpg 768w, https:\/\/infonewss-bucket.s3.amazonaws.com\/2025\/01\/IMG_6108-Padre-Marcos-ganha-estadio-com-grama-sintetica-e-carro-0-km-no-aniversario-de-61-anos-150x225.jpg 150w, https:\/\/infonewss-bucket.s3.amazonaws.com\/2025\/01\/IMG_6108-Padre-Marcos-ganha-estadio-com-grama-sintetica-e-carro-0-km-no-aniversario-de-61-anos-300x450.jpg 300w, https:\/\/infonewss-bucket.s3.amazonaws.com\/2025\/01\/IMG_6108-Padre-Marcos-ganha-estadio-com-grama-sintetica-e-carro-0-km-no-aniversario-de-61-anos-696x1044.jpg 696w, https:\/\/infonewss-bucket.s3.amazonaws.com\/2025\/01\/IMG_6108-Padre-Marcos-ganha-estadio-com-grama-sintetica-e-carro-0-km-no-aniversario-de-61-anos.jpg 900w\" alt=\"\" width=\"900\" height=\"1350\" \/><\/a>\u00a0<a href=\"https:\/\/infonewss.com\/padre-marcos-ganha-estadio-com-grama-sintetica-e-carro-0-km-no-aniversario-de-61-anos\/img_6110-padre-marcos-ganha-estadio-com-grama-sintetica-e-carro-0-km-no-aniversario-de-61-anos\/\" rel=\"attachment wp-att-595800\"><img loading=\"lazy\" decoding=\"async\" class=\"alignnone size-full wp-image-595800\" src=\"https:\/\/infonewss-bucket.s3.amazonaws.com\/2025\/01\/IMG_6110-Padre-Marcos-ganha-estadio-com-grama-sintetica-e-carro-0-km-no-aniversario-de-61-anos.jpg\" sizes=\"(max-width: 900px) 100vw, 900px\" srcset=\"https:\/\/infonewss-bucket.s3.amazonaws.com\/2025\/01\/IMG_6110-Padre-Marcos-ganha-estadio-com-grama-sintetica-e-carro-0-km-no-aniversario-de-61-anos-200x300.jpg 200w, https:\/\/infonewss-bucket.s3.amazonaws.com\/2025\/01\/IMG_6110-Padre-Marcos-ganha-estadio-com-grama-sintetica-e-carro-0-km-no-aniversario-de-61-anos-683x1024.jpg 683w, https:\/\/infonewss-bucket.s3.amazonaws.com\/2025\/01\/IMG_6110-Padre-Marcos-ganha-estadio-com-grama-sintetica-e-carro-0-km-no-aniversario-de-61-anos-768x1152.jpg 768w, https:\/\/infonewss-bucket.s3.amazonaws.com\/2025\/01\/IMG_6110-Padre-Marcos-ganha-estadio-com-grama-sintetica-e-carro-0-km-no-aniversario-de-61-anos-150x225.jpg 150w, https:\/\/infonewss-bucket.s3.amazonaws.com\/2025\/01\/IMG_6110-Padre-Marcos-ganha-estadio-com-grama-sintetica-e-carro-0-km-no-aniversario-de-61-anos-300x450.jpg 300w, https:\/\/infonewss-bucket.s3.amazonaws.com\/2025\/01\/IMG_6110-Padre-Marcos-ganha-estadio-com-grama-sintetica-e-carro-0-km-no-aniversario-de-61-anos-696x1044.jpg 696w, https:\/\/infonewss-bucket.s3.amazonaws.com\/2025\/01\/IMG_6110-Padre-Marcos-ganha-estadio-com-grama-sintetica-e-carro-0-km-no-aniversario-de-61-anos.jpg 900w\" alt=\"\" width=\"900\" height=\"1350\" \/><\/a>\u00a0<a href=\"https:\/\/infonewss.com\/padre-marcos-ganha-estadio-com-grama-sintetica-e-carro-0-km-no-aniversario-de-61-anos\/img_6111-padre-marcos-ganha-estadio-com-grama-sintetica-e-carro-0-km-no-aniversario-de-61-anos\/\" rel=\"attachment wp-att-595801\"><img loading=\"lazy\" decoding=\"async\" class=\"alignnone size-full wp-image-595801\" src=\"https:\/\/infonewss-bucket.s3.amazonaws.com\/2025\/01\/IMG_6111-Padre-Marcos-ganha-estadio-com-grama-sintetica-e-carro-0-km-no-aniversario-de-61-anos.jpg\" sizes=\"(max-width: 900px) 100vw, 900px\" srcset=\"https:\/\/infonewss-bucket.s3.amazonaws.com\/2025\/01\/IMG_6111-Padre-Marcos-ganha-estadio-com-grama-sintetica-e-carro-0-km-no-aniversario-de-61-anos-200x300.jpg 200w, https:\/\/infonewss-bucket.s3.amazonaws.com\/2025\/01\/IMG_6111-Padre-Marcos-ganha-estadio-com-grama-sintetica-e-carro-0-km-no-aniversario-de-61-anos-683x1024.jpg 683w, https:\/\/infonewss-bucket.s3.amazonaws.com\/2025\/01\/IMG_6111-Padre-Marcos-ganha-estadio-com-grama-sintetica-e-carro-0-km-no-aniversario-de-61-anos-768x1152.jpg 768w, https:\/\/infonewss-bucket.s3.amazonaws.com\/2025\/01\/IMG_6111-Padre-Marcos-ganha-estadio-com-grama-sintetica-e-carro-0-km-no-aniversario-de-61-anos-150x225.jpg 150w, https:\/\/infonewss-bucket.s3.amazonaws.com\/2025\/01\/IMG_6111-Padre-Marcos-ganha-estadio-com-grama-sintetica-e-carro-0-km-no-aniversario-de-61-anos-300x450.jpg 300w, https:\/\/infonewss-bucket.s3.amazonaws.com\/2025\/01\/IMG_6111-Padre-Marcos-ganha-estadio-com-grama-sintetica-e-carro-0-km-no-aniversario-de-61-anos-696x1044.jpg 696w, https:\/\/infonewss-bucket.s3.amazonaws.com\/2025\/01\/IMG_6111-Padre-Marcos-ganha-estadio-com-grama-sintetica-e-carro-0-km-no-aniversario-de-61-anos.jpg 900w\" alt=\"\" width=\"900\" height=\"1350\" \/><\/a>\u00a0<a href=\"https:\/\/infonewss.com\/padre-marcos-ganha-estadio-com-grama-sintetica-e-carro-0-km-no-aniversario-de-61-anos\/img_6112-padre-marcos-ganha-estadio-com-grama-sintetica-e-carro-0-km-no-aniversario-de-61-anos\/\" rel=\"attachment wp-att-595802\"><img loading=\"lazy\" decoding=\"async\" class=\"alignnone size-full wp-image-595802\" src=\"https:\/\/infonewss-bucket.s3.amazonaws.com\/2025\/01\/IMG_6112-Padre-Marcos-ganha-estadio-com-grama-sintetica-e-carro-0-km-no-aniversario-de-61-anos.jpg\" sizes=\"(max-width: 900px) 100vw, 900px\" srcset=\"https:\/\/infonewss-bucket.s3.amazonaws.com\/2025\/01\/IMG_6112-Padre-Marcos-ganha-estadio-com-grama-sintetica-e-carro-0-km-no-aniversario-de-61-anos-200x300.jpg 200w, https:\/\/infonewss-bucket.s3.amazonaws.com\/2025\/01\/IMG_6112-Padre-Marcos-ganha-estadio-com-grama-sintetica-e-carro-0-km-no-aniversario-de-61-anos-683x1024.jpg 683w, https:\/\/infonewss-bucket.s3.amazonaws.com\/2025\/01\/IMG_6112-Padre-Marcos-ganha-estadio-com-grama-sintetica-e-carro-0-km-no-aniversario-de-61-anos-768x1152.jpg 768w, https:\/\/infonewss-bucket.s3.amazonaws.com\/2025\/01\/IMG_6112-Padre-Marcos-ganha-estadio-com-grama-sintetica-e-carro-0-km-no-aniversario-de-61-anos-150x225.jpg 150w, https:\/\/infonewss-bucket.s3.amazonaws.com\/2025\/01\/IMG_6112-Padre-Marcos-ganha-estadio-com-grama-sintetica-e-carro-0-km-no-aniversario-de-61-anos-300x450.jpg 300w, https:\/\/infonewss-bucket.s3.amazonaws.com\/2025\/01\/IMG_6112-Padre-Marcos-ganha-estadio-com-grama-sintetica-e-carro-0-km-no-aniversario-de-61-anos-696x1044.jpg 696w, https:\/\/infonewss-bucket.s3.amazonaws.com\/2025\/01\/IMG_6112-Padre-Marcos-ganha-estadio-com-grama-sintetica-e-carro-0-km-no-aniversario-de-61-anos.jpg 900w\" alt=\"\" width=\"900\" height=\"1350\" \/><\/a>\u00a0<a href=\"https:\/\/infonewss.com\/padre-marcos-ganha-estadio-com-grama-sintetica-e-carro-0-km-no-aniversario-de-61-anos\/img_6127-padre-marcos-ganha-estadio-com-grama-sintetica-e-carro-0-km-no-aniversario-de-61-anos\/\" rel=\"attachment wp-att-595803\"><img loading=\"lazy\" decoding=\"async\" class=\"alignnone size-full wp-image-595803\" src=\"https:\/\/infonewss-bucket.s3.amazonaws.com\/2025\/01\/IMG_6127-Padre-Marcos-ganha-estadio-com-grama-sintetica-e-carro-0-km-no-aniversario-de-61-anos.jpg\" sizes=\"(max-width: 900px) 100vw, 900px\" srcset=\"https:\/\/infonewss-bucket.s3.amazonaws.com\/2025\/01\/IMG_6127-Padre-Marcos-ganha-estadio-com-grama-sintetica-e-carro-0-km-no-aniversario-de-61-anos-200x300.jpg 200w, https:\/\/infonewss-bucket.s3.amazonaws.com\/2025\/01\/IMG_6127-Padre-Marcos-ganha-estadio-com-grama-sintetica-e-carro-0-km-no-aniversario-de-61-anos-683x1024.jpg 683w, https:\/\/infonewss-bucket.s3.amazonaws.com\/2025\/01\/IMG_6127-Padre-Marcos-ganha-estadio-com-grama-sintetica-e-carro-0-km-no-aniversario-de-61-anos-768x1152.jpg 768w, https:\/\/infonewss-bucket.s3.amazonaws.com\/2025\/01\/IMG_6127-Padre-Marcos-ganha-estadio-com-grama-sintetica-e-carro-0-km-no-aniversario-de-61-anos-150x225.jpg 150w, https:\/\/infonewss-bucket.s3.amazonaws.com\/2025\/01\/IMG_6127-Padre-Marcos-ganha-estadio-com-grama-sintetica-e-carro-0-km-no-aniversario-de-61-anos-300x450.jpg 300w, https:\/\/infonewss-bucket.s3.amazonaws.com\/2025\/01\/IMG_6127-Padre-Marcos-ganha-estadio-com-grama-sintetica-e-carro-0-km-no-aniversario-de-61-anos-696x1044.jpg 696w, https:\/\/infonewss-bucket.s3.amazonaws.com\/2025\/01\/IMG_6127-Padre-Marcos-ganha-estadio-com-grama-sintetica-e-carro-0-km-no-aniversario-de-61-anos.jpg 900w\" alt=\"\" width=\"900\" height=\"1350\" \/><\/a>\u00a0<a href=\"https:\/\/infonewss.com\/padre-marcos-ganha-estadio-com-grama-sintetica-e-carro-0-km-no-aniversario-de-61-anos\/img_6134-padre-marcos-ganha-estadio-com-grama-sintetica-e-carro-0-km-no-aniversario-de-61-anos\/\" rel=\"attachment wp-att-595804\"><img loading=\"lazy\" decoding=\"async\" class=\"alignnone size-full wp-image-595804\" src=\"https:\/\/infonewss-bucket.s3.amazonaws.com\/2025\/01\/IMG_6134-Padre-Marcos-ganha-estadio-com-grama-sintetica-e-carro-0-km-no-aniversario-de-61-anos.jpg\" sizes=\"(max-width: 900px) 100vw, 900px\" srcset=\"https:\/\/infonewss-bucket.s3.amazonaws.com\/2025\/01\/IMG_6134-Padre-Marcos-ganha-estadio-com-grama-sintetica-e-carro-0-km-no-aniversario-de-61-anos-200x300.jpg 200w, https:\/\/infonewss-bucket.s3.amazonaws.com\/2025\/01\/IMG_6134-Padre-Marcos-ganha-estadio-com-grama-sintetica-e-carro-0-km-no-aniversario-de-61-anos-683x1024.jpg 683w, https:\/\/infonewss-bucket.s3.amazonaws.com\/2025\/01\/IMG_6134-Padre-Marcos-ganha-estadio-com-grama-sintetica-e-carro-0-km-no-aniversario-de-61-anos-768x1152.jpg 768w, https:\/\/infonewss-bucket.s3.amazonaws.com\/2025\/01\/IMG_6134-Padre-Marcos-ganha-estadio-com-grama-sintetica-e-carro-0-km-no-aniversario-de-61-anos-150x225.jpg 150w, https:\/\/infonewss-bucket.s3.amazonaws.com\/2025\/01\/IMG_6134-Padre-Marcos-ganha-estadio-com-grama-sintetica-e-carro-0-km-no-aniversario-de-61-anos-300x450.jpg 300w, https:\/\/infonewss-bucket.s3.amazonaws.com\/2025\/01\/IMG_6134-Padre-Marcos-ganha-estadio-com-grama-sintetica-e-carro-0-km-no-aniversario-de-61-anos-696x1044.jpg 696w, https:\/\/infonewss-bucket.s3.amazonaws.com\/2025\/01\/IMG_6134-Padre-Marcos-ganha-estadio-com-grama-sintetica-e-carro-0-km-no-aniversario-de-61-anos.jpg 900w\" alt=\"\" width=\"900\" height=\"1350\" \/><\/a>\u00a0<a href=\"https:\/\/infonewss.com\/padre-marcos-ganha-estadio-com-grama-sintetica-e-carro-0-km-no-aniversario-de-61-anos\/img_6140-padre-marcos-ganha-estadio-com-grama-sintetica-e-carro-0-km-no-aniversario-de-61-anos\/\" rel=\"attachment wp-att-595805\"><img loading=\"lazy\" decoding=\"async\" class=\"alignnone size-full wp-image-595805\" src=\"https:\/\/infonewss-bucket.s3.amazonaws.com\/2025\/01\/IMG_6140-Padre-Marcos-ganha-estadio-com-grama-sintetica-e-carro-0-km-no-aniversario-de-61-anos.jpg\" sizes=\"(max-width: 900px) 100vw, 900px\" srcset=\"https:\/\/infonewss-bucket.s3.amazonaws.com\/2025\/01\/IMG_6140-Padre-Marcos-ganha-estadio-com-grama-sintetica-e-carro-0-km-no-aniversario-de-61-anos-200x300.jpg 200w, https:\/\/infonewss-bucket.s3.amazonaws.com\/2025\/01\/IMG_6140-Padre-Marcos-ganha-estadio-com-grama-sintetica-e-carro-0-km-no-aniversario-de-61-anos-683x1024.jpg 683w, https:\/\/infonewss-bucket.s3.amazonaws.com\/2025\/01\/IMG_6140-Padre-Marcos-ganha-estadio-com-grama-sintetica-e-carro-0-km-no-aniversario-de-61-anos-768x1152.jpg 768w, https:\/\/infonewss-bucket.s3.amazonaws.com\/2025\/01\/IMG_6140-Padre-Marcos-ganha-estadio-com-grama-sintetica-e-carro-0-km-no-aniversario-de-61-anos-150x225.jpg 150w, https:\/\/infonewss-bucket.s3.amazonaws.com\/2025\/01\/IMG_6140-Padre-Marcos-ganha-estadio-com-grama-sintetica-e-carro-0-km-no-aniversario-de-61-anos-300x450.jpg 300w, https:\/\/infonewss-bucket.s3.amazonaws.com\/2025\/01\/IMG_6140-Padre-Marcos-ganha-estadio-com-grama-sintetica-e-carro-0-km-no-aniversario-de-61-anos-696x1044.jpg 696w, https:\/\/infonewss-bucket.s3.amazonaws.com\/2025\/01\/IMG_6140-Padre-Marcos-ganha-estadio-com-grama-sintetica-e-carro-0-km-no-aniversario-de-61-anos.jpg 900w\" alt=\"\" width=\"900\" height=\"1350\" \/><\/a>\u00a0<a href=\"https:\/\/infonewss.com\/padre-marcos-ganha-estadio-com-grama-sintetica-e-carro-0-km-no-aniversario-de-61-anos\/img_6145-padre-marcos-ganha-estadio-com-grama-sintetica-e-carro-0-km-no-aniversario-de-61-anos\/\" rel=\"attachment wp-att-595806\"><img loading=\"lazy\" decoding=\"async\" class=\"alignnone size-full wp-image-595806\" src=\"https:\/\/infonewss-bucket.s3.amazonaws.com\/2025\/01\/IMG_6145-Padre-Marcos-ganha-estadio-com-grama-sintetica-e-carro-0-km-no-aniversario-de-61-anos.jpg\" sizes=\"(max-width: 900px) 100vw, 900px\" srcset=\"https:\/\/infonewss-bucket.s3.amazonaws.com\/2025\/01\/IMG_6145-Padre-Marcos-ganha-estadio-com-grama-sintetica-e-carro-0-km-no-aniversario-de-61-anos-200x300.jpg 200w, https:\/\/infonewss-bucket.s3.amazonaws.com\/2025\/01\/IMG_6145-Padre-Marcos-ganha-estadio-com-grama-sintetica-e-carro-0-km-no-aniversario-de-61-anos-683x1024.jpg 683w, https:\/\/infonewss-bucket.s3.amazonaws.com\/2025\/01\/IMG_6145-Padre-Marcos-ganha-estadio-com-grama-sintetica-e-carro-0-km-no-aniversario-de-61-anos-768x1152.jpg 768w, https:\/\/infonewss-bucket.s3.amazonaws.com\/2025\/01\/IMG_6145-Padre-Marcos-ganha-estadio-com-grama-sintetica-e-carro-0-km-no-aniversario-de-61-anos-150x225.jpg 150w, https:\/\/infonewss-bucket.s3.amazonaws.com\/2025\/01\/IMG_6145-Padre-Marcos-ganha-estadio-com-grama-sintetica-e-carro-0-km-no-aniversario-de-61-anos-300x450.jpg 300w, https:\/\/infonewss-bucket.s3.amazonaws.com\/2025\/01\/IMG_6145-Padre-Marcos-ganha-estadio-com-grama-sintetica-e-carro-0-km-no-aniversario-de-61-anos-696x1044.jpg 696w, https:\/\/infonewss-bucket.s3.amazonaws.com\/2025\/01\/IMG_6145-Padre-Marcos-ganha-estadio-com-grama-sintetica-e-carro-0-km-no-aniversario-de-61-anos.jpg 900w\" alt=\"\" width=\"900\" height=\"1350\" \/><\/a>\u00a0<a href=\"https:\/\/infonewss.com\/padre-marcos-ganha-estadio-com-grama-sintetica-e-carro-0-km-no-aniversario-de-61-anos\/img_6146-padre-marcos-ganha-estadio-com-grama-sintetica-e-carro-0-km-no-aniversario-de-61-anos\/\" rel=\"attachment wp-att-595807\"><img loading=\"lazy\" decoding=\"async\" class=\"alignnone size-full wp-image-595807\" src=\"https:\/\/infonewss-bucket.s3.amazonaws.com\/2025\/01\/IMG_6146-Padre-Marcos-ganha-estadio-com-grama-sintetica-e-carro-0-km-no-aniversario-de-61-anos.jpg\" sizes=\"(max-width: 900px) 100vw, 900px\" srcset=\"https:\/\/infonewss-bucket.s3.amazonaws.com\/2025\/01\/IMG_6146-Padre-Marcos-ganha-estadio-com-grama-sintetica-e-carro-0-km-no-aniversario-de-61-anos-200x300.jpg 200w, https:\/\/infonewss-bucket.s3.amazonaws.com\/2025\/01\/IMG_6146-Padre-Marcos-ganha-estadio-com-grama-sintetica-e-carro-0-km-no-aniversario-de-61-anos-683x1024.jpg 683w, https:\/\/infonewss-bucket.s3.amazonaws.com\/2025\/01\/IMG_6146-Padre-Marcos-ganha-estadio-com-grama-sintetica-e-carro-0-km-no-aniversario-de-61-anos-768x1152.jpg 768w, https:\/\/infonewss-bucket.s3.amazonaws.com\/2025\/01\/IMG_6146-Padre-Marcos-ganha-estadio-com-grama-sintetica-e-carro-0-km-no-aniversario-de-61-anos-150x225.jpg 150w, https:\/\/infonewss-bucket.s3.amazonaws.com\/2025\/01\/IMG_6146-Padre-Marcos-ganha-estadio-com-grama-sintetica-e-carro-0-km-no-aniversario-de-61-anos-300x450.jpg 300w, https:\/\/infonewss-bucket.s3.amazonaws.com\/2025\/01\/IMG_6146-Padre-Marcos-ganha-estadio-com-grama-sintetica-e-carro-0-km-no-aniversario-de-61-anos-696x1044.jpg 696w, https:\/\/infonewss-bucket.s3.amazonaws.com\/2025\/01\/IMG_6146-Padre-Marcos-ganha-estadio-com-grama-sintetica-e-carro-0-km-no-aniversario-de-61-anos.jpg 900w\" alt=\"\" width=\"900\" height=\"1350\" \/><\/a>\u00a0<a href=\"https:\/\/infonewss.com\/padre-marcos-ganha-estadio-com-grama-sintetica-e-carro-0-km-no-aniversario-de-61-anos\/img_6157-padre-marcos-ganha-estadio-com-grama-sintetica-e-carro-0-km-no-aniversario-de-61-anos\/\" rel=\"attachment wp-att-595808\"><img loading=\"lazy\" decoding=\"async\" class=\"alignnone size-full wp-image-595808\" src=\"https:\/\/infonewss-bucket.s3.amazonaws.com\/2025\/01\/IMG_6157-Padre-Marcos-ganha-estadio-com-grama-sintetica-e-carro-0-km-no-aniversario-de-61-anos.jpg\" sizes=\"(max-width: 900px) 100vw, 900px\" srcset=\"https:\/\/infonewss-bucket.s3.amazonaws.com\/2025\/01\/IMG_6157-Padre-Marcos-ganha-estadio-com-grama-sintetica-e-carro-0-km-no-aniversario-de-61-anos-200x300.jpg 200w, https:\/\/infonewss-bucket.s3.amazonaws.com\/2025\/01\/IMG_6157-Padre-Marcos-ganha-estadio-com-grama-sintetica-e-carro-0-km-no-aniversario-de-61-anos-683x1024.jpg 683w, https:\/\/infonewss-bucket.s3.amazonaws.com\/2025\/01\/IMG_6157-Padre-Marcos-ganha-estadio-com-grama-sintetica-e-carro-0-km-no-aniversario-de-61-anos-768x1152.jpg 768w, https:\/\/infonewss-bucket.s3.amazonaws.com\/2025\/01\/IMG_6157-Padre-Marcos-ganha-estadio-com-grama-sintetica-e-carro-0-km-no-aniversario-de-61-anos-150x225.jpg 150w, https:\/\/infonewss-bucket.s3.amazonaws.com\/2025\/01\/IMG_6157-Padre-Marcos-ganha-estadio-com-grama-sintetica-e-carro-0-km-no-aniversario-de-61-anos-300x450.jpg 300w, https:\/\/infonewss-bucket.s3.amazonaws.com\/2025\/01\/IMG_6157-Padre-Marcos-ganha-estadio-com-grama-sintetica-e-carro-0-km-no-aniversario-de-61-anos-696x1044.jpg 696w, https:\/\/infonewss-bucket.s3.amazonaws.com\/2025\/01\/IMG_6157-Padre-Marcos-ganha-estadio-com-grama-sintetica-e-carro-0-km-no-aniversario-de-61-anos.jpg 900w\" alt=\"\" width=\"900\" height=\"1350\" \/><\/a>\u00a0<a href=\"https:\/\/infonewss.com\/padre-marcos-ganha-estadio-com-grama-sintetica-e-carro-0-km-no-aniversario-de-61-anos\/img_6161-padre-marcos-ganha-estadio-com-grama-sintetica-e-carro-0-km-no-aniversario-de-61-anos\/\" rel=\"attachment wp-att-595809\"><img loading=\"lazy\" decoding=\"async\" class=\"alignnone size-full wp-image-595809\" src=\"https:\/\/infonewss-bucket.s3.amazonaws.com\/2025\/01\/IMG_6161-Padre-Marcos-ganha-estadio-com-grama-sintetica-e-carro-0-km-no-aniversario-de-61-anos.jpg\" sizes=\"(max-width: 900px) 100vw, 900px\" srcset=\"https:\/\/infonewss-bucket.s3.amazonaws.com\/2025\/01\/IMG_6161-Padre-Marcos-ganha-estadio-com-grama-sintetica-e-carro-0-km-no-aniversario-de-61-anos-200x300.jpg 200w, https:\/\/infonewss-bucket.s3.amazonaws.com\/2025\/01\/IMG_6161-Padre-Marcos-ganha-estadio-com-grama-sintetica-e-carro-0-km-no-aniversario-de-61-anos-683x1024.jpg 683w, https:\/\/infonewss-bucket.s3.amazonaws.com\/2025\/01\/IMG_6161-Padre-Marcos-ganha-estadio-com-grama-sintetica-e-carro-0-km-no-aniversario-de-61-anos-768x1152.jpg 768w, https:\/\/infonewss-bucket.s3.amazonaws.com\/2025\/01\/IMG_6161-Padre-Marcos-ganha-estadio-com-grama-sintetica-e-carro-0-km-no-aniversario-de-61-anos-150x225.jpg 150w, https:\/\/infonewss-bucket.s3.amazonaws.com\/2025\/01\/IMG_6161-Padre-Marcos-ganha-estadio-com-grama-sintetica-e-carro-0-km-no-aniversario-de-61-anos-300x450.jpg 300w, https:\/\/infonewss-bucket.s3.amazonaws.com\/2025\/01\/IMG_6161-Padre-Marcos-ganha-estadio-com-grama-sintetica-e-carro-0-km-no-aniversario-de-61-anos-696x1044.jpg 696w, https:\/\/infonewss-bucket.s3.amazonaws.com\/2025\/01\/IMG_6161-Padre-Marcos-ganha-estadio-com-grama-sintetica-e-carro-0-km-no-aniversario-de-61-anos.jpg 900w\" alt=\"\" width=\"900\" height=\"1350\" \/><\/a>\u00a0<a href=\"https:\/\/infonewss.com\/padre-marcos-ganha-estadio-com-grama-sintetica-e-carro-0-km-no-aniversario-de-61-anos\/img_6165-padre-marcos-ganha-estadio-com-grama-sintetica-e-carro-0-km-no-aniversario-de-61-anos\/\" rel=\"attachment wp-att-595810\"><img loading=\"lazy\" decoding=\"async\" class=\"alignnone size-full wp-image-595810\" src=\"https:\/\/infonewss-bucket.s3.amazonaws.com\/2025\/01\/IMG_6165-Padre-Marcos-ganha-estadio-com-grama-sintetica-e-carro-0-km-no-aniversario-de-61-anos.jpg\" sizes=\"(max-width: 900px) 100vw, 900px\" srcset=\"https:\/\/infonewss-bucket.s3.amazonaws.com\/2025\/01\/IMG_6165-Padre-Marcos-ganha-estadio-com-grama-sintetica-e-carro-0-km-no-aniversario-de-61-anos-200x300.jpg 200w, https:\/\/infonewss-bucket.s3.amazonaws.com\/2025\/01\/IMG_6165-Padre-Marcos-ganha-estadio-com-grama-sintetica-e-carro-0-km-no-aniversario-de-61-anos-683x1024.jpg 683w, https:\/\/infonewss-bucket.s3.amazonaws.com\/2025\/01\/IMG_6165-Padre-Marcos-ganha-estadio-com-grama-sintetica-e-carro-0-km-no-aniversario-de-61-anos-768x1152.jpg 768w, https:\/\/infonewss-bucket.s3.amazonaws.com\/2025\/01\/IMG_6165-Padre-Marcos-ganha-estadio-com-grama-sintetica-e-carro-0-km-no-aniversario-de-61-anos-150x225.jpg 150w, https:\/\/infonewss-bucket.s3.amazonaws.com\/2025\/01\/IMG_6165-Padre-Marcos-ganha-estadio-com-grama-sintetica-e-carro-0-km-no-aniversario-de-61-anos-300x450.jpg 300w, https:\/\/infonewss-bucket.s3.amazonaws.com\/2025\/01\/IMG_6165-Padre-Marcos-ganha-estadio-com-grama-sintetica-e-carro-0-km-no-aniversario-de-61-anos-696x1044.jpg 696w, https:\/\/infonewss-bucket.s3.amazonaws.com\/2025\/01\/IMG_6165-Padre-Marcos-ganha-estadio-com-grama-sintetica-e-carro-0-km-no-aniversario-de-61-anos.jpg 900w\" alt=\"\" width=\"900\" height=\"1350\" \/><\/a>\u00a0<a href=\"https:\/\/infonewss.com\/padre-marcos-ganha-estadio-com-grama-sintetica-e-carro-0-km-no-aniversario-de-61-anos\/img_6170-padre-marcos-ganha-estadio-com-grama-sintetica-e-carro-0-km-no-aniversario-de-61-anos\/\" rel=\"attachment wp-att-595811\"><img loading=\"lazy\" decoding=\"async\" class=\"alignnone size-full wp-image-595811\" src=\"https:\/\/infonewss-bucket.s3.amazonaws.com\/2025\/01\/IMG_6170-Padre-Marcos-ganha-estadio-com-grama-sintetica-e-carro-0-km-no-aniversario-de-61-anos.jpg\" sizes=\"(max-width: 900px) 100vw, 900px\" srcset=\"https:\/\/infonewss-bucket.s3.amazonaws.com\/2025\/01\/IMG_6170-Padre-Marcos-ganha-estadio-com-grama-sintetica-e-carro-0-km-no-aniversario-de-61-anos-200x300.jpg 200w, https:\/\/infonewss-bucket.s3.amazonaws.com\/2025\/01\/IMG_6170-Padre-Marcos-ganha-estadio-com-grama-sintetica-e-carro-0-km-no-aniversario-de-61-anos-683x1024.jpg 683w, https:\/\/infonewss-bucket.s3.amazonaws.com\/2025\/01\/IMG_6170-Padre-Marcos-ganha-estadio-com-grama-sintetica-e-carro-0-km-no-aniversario-de-61-anos-768x1152.jpg 768w, https:\/\/infonewss-bucket.s3.amazonaws.com\/2025\/01\/IMG_6170-Padre-Marcos-ganha-estadio-com-grama-sintetica-e-carro-0-km-no-aniversario-de-61-anos-150x225.jpg 150w, https:\/\/infonewss-bucket.s3.amazonaws.com\/2025\/01\/IMG_6170-Padre-Marcos-ganha-estadio-com-grama-sintetica-e-carro-0-km-no-aniversario-de-61-anos-300x450.jpg 300w, https:\/\/infonewss-bucket.s3.amazonaws.com\/2025\/01\/IMG_6170-Padre-Marcos-ganha-estadio-com-grama-sintetica-e-carro-0-km-no-aniversario-de-61-anos-696x1044.jpg 696w, https:\/\/infonewss-bucket.s3.amazonaws.com\/2025\/01\/IMG_6170-Padre-Marcos-ganha-estadio-com-grama-sintetica-e-carro-0-km-no-aniversario-de-61-anos.jpg 900w\" alt=\"\" width=\"900\" height=\"1350\" \/><\/a>\u00a0<a href=\"https:\/\/infonewss.com\/padre-marcos-ganha-estadio-com-grama-sintetica-e-carro-0-km-no-aniversario-de-61-anos\/img_6172-padre-marcos-ganha-estadio-com-grama-sintetica-e-carro-0-km-no-aniversario-de-61-anos\/\" rel=\"attachment wp-att-595812\"><img loading=\"lazy\" decoding=\"async\" class=\"alignnone size-full wp-image-595812\" src=\"https:\/\/infonewss-bucket.s3.amazonaws.com\/2025\/01\/IMG_6172-Padre-Marcos-ganha-estadio-com-grama-sintetica-e-carro-0-km-no-aniversario-de-61-anos.jpg\" sizes=\"(max-width: 900px) 100vw, 900px\" srcset=\"https:\/\/infonewss-bucket.s3.amazonaws.com\/2025\/01\/IMG_6172-Padre-Marcos-ganha-estadio-com-grama-sintetica-e-carro-0-km-no-aniversario-de-61-anos-200x300.jpg 200w, https:\/\/infonewss-bucket.s3.amazonaws.com\/2025\/01\/IMG_6172-Padre-Marcos-ganha-estadio-com-grama-sintetica-e-carro-0-km-no-aniversario-de-61-anos-683x1024.jpg 683w, https:\/\/infonewss-bucket.s3.amazonaws.com\/2025\/01\/IMG_6172-Padre-Marcos-ganha-estadio-com-grama-sintetica-e-carro-0-km-no-aniversario-de-61-anos-768x1152.jpg 768w, https:\/\/infonewss-bucket.s3.amazonaws.com\/2025\/01\/IMG_6172-Padre-Marcos-ganha-estadio-com-grama-sintetica-e-carro-0-km-no-aniversario-de-61-anos-150x225.jpg 150w, https:\/\/infonewss-bucket.s3.amazonaws.com\/2025\/01\/IMG_6172-Padre-Marcos-ganha-estadio-com-grama-sintetica-e-carro-0-km-no-aniversario-de-61-anos-300x450.jpg 300w, https:\/\/infonewss-bucket.s3.amazonaws.com\/2025\/01\/IMG_6172-Padre-Marcos-ganha-estadio-com-grama-sintetica-e-carro-0-km-no-aniversario-de-61-anos-696x1044.jpg 696w, https:\/\/infonewss-bucket.s3.amazonaws.com\/2025\/01\/IMG_6172-Padre-Marcos-ganha-estadio-com-grama-sintetica-e-carro-0-km-no-aniversario-de-61-anos.jpg 900w\" alt=\"\" width=\"900\" height=\"1350\" \/><\/a>\u00a0<a href=\"https:\/\/infonewss.com\/padre-marcos-ganha-estadio-com-grama-sintetica-e-carro-0-km-no-aniversario-de-61-anos\/img_6186-padre-marcos-ganha-estadio-com-grama-sintetica-e-carro-0-km-no-aniversario-de-61-anos\/\" rel=\"attachment wp-att-595813\"><img loading=\"lazy\" decoding=\"async\" class=\"alignnone size-full wp-image-595813\" src=\"https:\/\/infonewss-bucket.s3.amazonaws.com\/2025\/01\/IMG_6186-Padre-Marcos-ganha-estadio-com-grama-sintetica-e-carro-0-km-no-aniversario-de-61-anos.jpg\" sizes=\"(max-width: 900px) 100vw, 900px\" srcset=\"https:\/\/infonewss-bucket.s3.amazonaws.com\/2025\/01\/IMG_6186-Padre-Marcos-ganha-estadio-com-grama-sintetica-e-carro-0-km-no-aniversario-de-61-anos-200x300.jpg 200w, https:\/\/infonewss-bucket.s3.amazonaws.com\/2025\/01\/IMG_6186-Padre-Marcos-ganha-estadio-com-grama-sintetica-e-carro-0-km-no-aniversario-de-61-anos-683x1024.jpg 683w, https:\/\/infonewss-bucket.s3.amazonaws.com\/2025\/01\/IMG_6186-Padre-Marcos-ganha-estadio-com-grama-sintetica-e-carro-0-km-no-aniversario-de-61-anos-768x1152.jpg 768w, https:\/\/infonewss-bucket.s3.amazonaws.com\/2025\/01\/IMG_6186-Padre-Marcos-ganha-estadio-com-grama-sintetica-e-carro-0-km-no-aniversario-de-61-anos-150x225.jpg 150w, https:\/\/infonewss-bucket.s3.amazonaws.com\/2025\/01\/IMG_6186-Padre-Marcos-ganha-estadio-com-grama-sintetica-e-carro-0-km-no-aniversario-de-61-anos-300x450.jpg 300w, https:\/\/infonewss-bucket.s3.amazonaws.com\/2025\/01\/IMG_6186-Padre-Marcos-ganha-estadio-com-grama-sintetica-e-carro-0-km-no-aniversario-de-61-anos-696x1044.jpg 696w, https:\/\/infonewss-bucket.s3.amazonaws.com\/2025\/01\/IMG_6186-Padre-Marcos-ganha-estadio-com-grama-sintetica-e-carro-0-km-no-aniversario-de-61-anos.jpg 900w\" alt=\"\" width=\"900\" height=\"1350\" \/><\/a>\u00a0<a href=\"https:\/\/infonewss.com\/padre-marcos-ganha-estadio-com-grama-sintetica-e-carro-0-km-no-aniversario-de-61-anos\/img_6187-padre-marcos-ganha-estadio-com-grama-sintetica-e-carro-0-km-no-aniversario-de-61-anos\/\" rel=\"attachment wp-att-595814\"><img loading=\"lazy\" decoding=\"async\" class=\"alignnone size-full wp-image-595814\" src=\"https:\/\/infonewss-bucket.s3.amazonaws.com\/2025\/01\/IMG_6187-Padre-Marcos-ganha-estadio-com-grama-sintetica-e-carro-0-km-no-aniversario-de-61-anos.jpg\" sizes=\"(max-width: 900px) 100vw, 900px\" srcset=\"https:\/\/infonewss-bucket.s3.amazonaws.com\/2025\/01\/IMG_6187-Padre-Marcos-ganha-estadio-com-grama-sintetica-e-carro-0-km-no-aniversario-de-61-anos-300x200.jpg 300w, https:\/\/infonewss-bucket.s3.amazonaws.com\/2025\/01\/IMG_6187-Padre-Marcos-ganha-estadio-com-grama-sintetica-e-carro-0-km-no-aniversario-de-61-anos-768x512.jpg 768w, https:\/\/infonewss-bucket.s3.amazonaws.com\/2025\/01\/IMG_6187-Padre-Marcos-ganha-estadio-com-grama-sintetica-e-carro-0-km-no-aniversario-de-61-anos.jpg 900w\" alt=\"\" width=\"900\" height=\"600\" \/><\/a>\u00a0<a href=\"https:\/\/infonewss.com\/padre-marcos-ganha-estadio-com-grama-sintetica-e-carro-0-km-no-aniversario-de-61-anos\/img_6189-padre-marcos-ganha-estadio-com-grama-sintetica-e-carro-0-km-no-aniversario-de-61-anos\/\" rel=\"attachment wp-att-595815\"><img loading=\"lazy\" decoding=\"async\" class=\"alignnone size-full wp-image-595815\" src=\"https:\/\/infonewss-bucket.s3.amazonaws.com\/2025\/01\/IMG_6189-Padre-Marcos-ganha-estadio-com-grama-sintetica-e-carro-0-km-no-aniversario-de-61-anos.jpg\" sizes=\"(max-width: 900px) 100vw, 900px\" srcset=\"https:\/\/infonewss-bucket.s3.amazonaws.com\/2025\/01\/IMG_6189-Padre-Marcos-ganha-estadio-com-grama-sintetica-e-carro-0-km-no-aniversario-de-61-anos-300x200.jpg 300w, https:\/\/infonewss-bucket.s3.amazonaws.com\/2025\/01\/IMG_6189-Padre-Marcos-ganha-estadio-com-grama-sintetica-e-carro-0-km-no-aniversario-de-61-anos-768x512.jpg 768w, https:\/\/infonewss-bucket.s3.amazonaws.com\/2025\/01\/IMG_6189-Padre-Marcos-ganha-estadio-com-grama-sintetica-e-carro-0-km-no-aniversario-de-61-anos.jpg 900w\" alt=\"\" width=\"900\" height=\"600\" \/><\/a>\u00a0<a href=\"https:\/\/infonewss.com\/padre-marcos-ganha-estadio-com-grama-sintetica-e-carro-0-km-no-aniversario-de-61-anos\/img_6192-padre-marcos-ganha-estadio-com-grama-sintetica-e-carro-0-km-no-aniversario-de-61-anos\/\" rel=\"attachment wp-att-595816\"><img loading=\"lazy\" decoding=\"async\" class=\"alignnone size-full wp-image-595816\" src=\"https:\/\/infonewss-bucket.s3.amazonaws.com\/2025\/01\/IMG_6192-Padre-Marcos-ganha-estadio-com-grama-sintetica-e-carro-0-km-no-aniversario-de-61-anos.jpg\" sizes=\"(max-width: 900px) 100vw, 900px\" srcset=\"https:\/\/infonewss-bucket.s3.amazonaws.com\/2025\/01\/IMG_6192-Padre-Marcos-ganha-estadio-com-grama-sintetica-e-carro-0-km-no-aniversario-de-61-anos-300x200.jpg 300w, https:\/\/infonewss-bucket.s3.amazonaws.com\/2025\/01\/IMG_6192-Padre-Marcos-ganha-estadio-com-grama-sintetica-e-carro-0-km-no-aniversario-de-61-anos-768x512.jpg 768w, https:\/\/infonewss-bucket.s3.amazonaws.com\/2025\/01\/IMG_6192-Padre-Marcos-ganha-estadio-com-grama-sintetica-e-carro-0-km-no-aniversario-de-61-anos.jpg 900w\" alt=\"\" width=\"900\" height=\"600\" \/><\/a>\u00a0<a href=\"https:\/\/infonewss.com\/padre-marcos-ganha-estadio-com-grama-sintetica-e-carro-0-km-no-aniversario-de-61-anos\/img_6196-padre-marcos-ganha-estadio-com-grama-sintetica-e-carro-0-km-no-aniversario-de-61-anos\/\" rel=\"attachment wp-att-595817\"><img loading=\"lazy\" decoding=\"async\" class=\"alignnone size-full wp-image-595817\" src=\"https:\/\/infonewss-bucket.s3.amazonaws.com\/2025\/01\/IMG_6196-Padre-Marcos-ganha-estadio-com-grama-sintetica-e-carro-0-km-no-aniversario-de-61-anos.jpg\" sizes=\"(max-width: 900px) 100vw, 900px\" srcset=\"https:\/\/infonewss-bucket.s3.amazonaws.com\/2025\/01\/IMG_6196-Padre-Marcos-ganha-estadio-com-grama-sintetica-e-carro-0-km-no-aniversario-de-61-anos-300x200.jpg 300w, https:\/\/infonewss-bucket.s3.amazonaws.com\/2025\/01\/IMG_6196-Padre-Marcos-ganha-estadio-com-grama-sintetica-e-carro-0-km-no-aniversario-de-61-anos-768x512.jpg 768w, https:\/\/infonewss-bucket.s3.amazonaws.com\/2025\/01\/IMG_6196-Padre-Marcos-ganha-estadio-com-grama-sintetica-e-carro-0-km-no-aniversario-de-61-anos.jpg 900w\" alt=\"\" width=\"900\" height=\"600\" \/><\/a>\u00a0<a href=\"https:\/\/infonewss.com\/padre-marcos-ganha-estadio-com-grama-sintetica-e-carro-0-km-no-aniversario-de-61-anos\/img_6208-padre-marcos-ganha-estadio-com-grama-sintetica-e-carro-0-km-no-aniversario-de-61-anos\/\" rel=\"attachment wp-att-595818\"><img loading=\"lazy\" decoding=\"async\" class=\"alignnone size-full wp-image-595818\" src=\"https:\/\/infonewss-bucket.s3.amazonaws.com\/2025\/01\/IMG_6208-Padre-Marcos-ganha-estadio-com-grama-sintetica-e-carro-0-km-no-aniversario-de-61-anos.jpg\" sizes=\"(max-width: 900px) 100vw, 900px\" srcset=\"https:\/\/infonewss-bucket.s3.amazonaws.com\/2025\/01\/IMG_6208-Padre-Marcos-ganha-estadio-com-grama-sintetica-e-carro-0-km-no-aniversario-de-61-anos-300x200.jpg 300w, https:\/\/infonewss-bucket.s3.amazonaws.com\/2025\/01\/IMG_6208-Padre-Marcos-ganha-estadio-com-grama-sintetica-e-carro-0-km-no-aniversario-de-61-anos-768x512.jpg 768w, https:\/\/infonewss-bucket.s3.amazonaws.com\/2025\/01\/IMG_6208-Padre-Marcos-ganha-estadio-com-grama-sintetica-e-carro-0-km-no-aniversario-de-61-anos.jpg 900w\" alt=\"\" width=\"900\" height=\"600\" \/><\/a>\u00a0<a href=\"https:\/\/infonewss.com\/padre-marcos-ganha-estadio-com-grama-sintetica-e-carro-0-km-no-aniversario-de-61-anos\/img_6214-padre-marcos-ganha-estadio-com-grama-sintetica-e-carro-0-km-no-aniversario-de-61-anos\/\" rel=\"attachment wp-att-595819\"><img loading=\"lazy\" decoding=\"async\" class=\"alignnone size-full wp-image-595819\" src=\"https:\/\/infonewss-bucket.s3.amazonaws.com\/2025\/01\/IMG_6214-Padre-Marcos-ganha-estadio-com-grama-sintetica-e-carro-0-km-no-aniversario-de-61-anos.jpg\" sizes=\"(max-width: 900px) 100vw, 900px\" srcset=\"https:\/\/infonewss-bucket.s3.amazonaws.com\/2025\/01\/IMG_6214-Padre-Marcos-ganha-estadio-com-grama-sintetica-e-carro-0-km-no-aniversario-de-61-anos-300x200.jpg 300w, https:\/\/infonewss-bucket.s3.amazonaws.com\/2025\/01\/IMG_6214-Padre-Marcos-ganha-estadio-com-grama-sintetica-e-carro-0-km-no-aniversario-de-61-anos-768x512.jpg 768w, https:\/\/infonewss-bucket.s3.amazonaws.com\/2025\/01\/IMG_6214-Padre-Marcos-ganha-estadio-com-grama-sintetica-e-carro-0-km-no-aniversario-de-61-anos.jpg 900w\" alt=\"\" width=\"900\" height=\"600\" \/><\/a>\u00a0<a href=\"https:\/\/infonewss.com\/padre-marcos-ganha-estadio-com-grama-sintetica-e-carro-0-km-no-aniversario-de-61-anos\/img_6217-padre-marcos-ganha-estadio-com-grama-sintetica-e-carro-0-km-no-aniversario-de-61-anos\/\" rel=\"attachment wp-att-595820\"><img loading=\"lazy\" decoding=\"async\" class=\"alignnone size-full wp-image-595820\" src=\"https:\/\/infonewss-bucket.s3.amazonaws.com\/2025\/01\/IMG_6217-Padre-Marcos-ganha-estadio-com-grama-sintetica-e-carro-0-km-no-aniversario-de-61-anos.jpg\" sizes=\"(max-width: 900px) 100vw, 900px\" srcset=\"https:\/\/infonewss-bucket.s3.amazonaws.com\/2025\/01\/IMG_6217-Padre-Marcos-ganha-estadio-com-grama-sintetica-e-carro-0-km-no-aniversario-de-61-anos-300x200.jpg 300w, https:\/\/infonewss-bucket.s3.amazonaws.com\/2025\/01\/IMG_6217-Padre-Marcos-ganha-estadio-com-grama-sintetica-e-carro-0-km-no-aniversario-de-61-anos-768x512.jpg 768w, https:\/\/infonewss-bucket.s3.amazonaws.com\/2025\/01\/IMG_6217-Padre-Marcos-ganha-estadio-com-grama-sintetica-e-carro-0-km-no-aniversario-de-61-anos.jpg 900w\" alt=\"\" width=\"900\" height=\"600\" \/><\/a>\u00a0<a href=\"https:\/\/infonewss.com\/padre-marcos-ganha-estadio-com-grama-sintetica-e-carro-0-km-no-aniversario-de-61-anos\/img_6218-padre-marcos-ganha-estadio-com-grama-sintetica-e-carro-0-km-no-aniversario-de-61-anos\/\" rel=\"attachment wp-att-595821\"><img loading=\"lazy\" decoding=\"async\" class=\"alignnone size-full wp-image-595821\" src=\"https:\/\/infonewss-bucket.s3.amazonaws.com\/2025\/01\/IMG_6218-Padre-Marcos-ganha-estadio-com-grama-sintetica-e-carro-0-km-no-aniversario-de-61-anos.jpg\" sizes=\"(max-width: 900px) 100vw, 900px\" srcset=\"https:\/\/infonewss-bucket.s3.amazonaws.com\/2025\/01\/IMG_6218-Padre-Marcos-ganha-estadio-com-grama-sintetica-e-carro-0-km-no-aniversario-de-61-anos-300x200.jpg 300w, https:\/\/infonewss-bucket.s3.amazonaws.com\/2025\/01\/IMG_6218-Padre-Marcos-ganha-estadio-com-grama-sintetica-e-carro-0-km-no-aniversario-de-61-anos-768x512.jpg 768w, https:\/\/infonewss-bucket.s3.amazonaws.com\/2025\/01\/IMG_6218-Padre-Marcos-ganha-estadio-com-grama-sintetica-e-carro-0-km-no-aniversario-de-61-anos.jpg 900w\" alt=\"\" width=\"900\" height=\"600\" \/><\/a>\u00a0<a href=\"https:\/\/infonewss.com\/padre-marcos-ganha-estadio-com-grama-sintetica-e-carro-0-km-no-aniversario-de-61-anos\/img_6220-padre-marcos-ganha-estadio-com-grama-sintetica-e-carro-0-km-no-aniversario-de-61-anos\/\" rel=\"attachment wp-att-595822\"><img loading=\"lazy\" decoding=\"async\" class=\"alignnone size-full wp-image-595822\" src=\"https:\/\/infonewss-bucket.s3.amazonaws.com\/2025\/01\/IMG_6220-Padre-Marcos-ganha-estadio-com-grama-sintetica-e-carro-0-km-no-aniversario-de-61-anos.jpg\" sizes=\"(max-width: 900px) 100vw, 900px\" srcset=\"https:\/\/infonewss-bucket.s3.amazonaws.com\/2025\/01\/IMG_6220-Padre-Marcos-ganha-estadio-com-grama-sintetica-e-carro-0-km-no-aniversario-de-61-anos-300x200.jpg 300w, https:\/\/infonewss-bucket.s3.amazonaws.com\/2025\/01\/IMG_6220-Padre-Marcos-ganha-estadio-com-grama-sintetica-e-carro-0-km-no-aniversario-de-61-anos-768x512.jpg 768w, https:\/\/infonewss-bucket.s3.amazonaws.com\/2025\/01\/IMG_6220-Padre-Marcos-ganha-estadio-com-grama-sintetica-e-carro-0-km-no-aniversario-de-61-anos.jpg 900w\" alt=\"\" width=\"900\" height=\"600\" \/><\/a>\u00a0<a href=\"https:\/\/infonewss.com\/padre-marcos-ganha-estadio-com-grama-sintetica-e-carro-0-km-no-aniversario-de-61-anos\/img_6224-padre-marcos-ganha-estadio-com-grama-sintetica-e-carro-0-km-no-aniversario-de-61-anos\/\" rel=\"attachment wp-att-595823\"><img loading=\"lazy\" decoding=\"async\" class=\"alignnone size-full wp-image-595823\" src=\"https:\/\/infonewss-bucket.s3.amazonaws.com\/2025\/01\/IMG_6224-Padre-Marcos-ganha-estadio-com-grama-sintetica-e-carro-0-km-no-aniversario-de-61-anos.jpg\" sizes=\"(max-width: 900px) 100vw, 900px\" srcset=\"https:\/\/infonewss-bucket.s3.amazonaws.com\/2025\/01\/IMG_6224-Padre-Marcos-ganha-estadio-com-grama-sintetica-e-carro-0-km-no-aniversario-de-61-anos-300x200.jpg 300w, https:\/\/infonewss-bucket.s3.amazonaws.com\/2025\/01\/IMG_6224-Padre-Marcos-ganha-estadio-com-grama-sintetica-e-carro-0-km-no-aniversario-de-61-anos-768x512.jpg 768w, https:\/\/infonewss-bucket.s3.amazonaws.com\/2025\/01\/IMG_6224-Padre-Marcos-ganha-estadio-com-grama-sintetica-e-carro-0-km-no-aniversario-de-61-anos.jpg 900w\" alt=\"\" width=\"900\" height=\"600\" \/><\/a>\u00a0<a href=\"https:\/\/infonewss.com\/padre-marcos-ganha-estadio-com-grama-sintetica-e-carro-0-km-no-aniversario-de-61-anos\/img_6230-padre-marcos-ganha-estadio-com-grama-sintetica-e-carro-0-km-no-aniversario-de-61-anos\/\" rel=\"attachment wp-att-595824\"><img loading=\"lazy\" decoding=\"async\" class=\"alignnone size-full wp-image-595824\" src=\"https:\/\/infonewss-bucket.s3.amazonaws.com\/2025\/01\/IMG_6230-Padre-Marcos-ganha-estadio-com-grama-sintetica-e-carro-0-km-no-aniversario-de-61-anos.jpg\" sizes=\"(max-width: 900px) 100vw, 900px\" srcset=\"https:\/\/infonewss-bucket.s3.amazonaws.com\/2025\/01\/IMG_6230-Padre-Marcos-ganha-estadio-com-grama-sintetica-e-carro-0-km-no-aniversario-de-61-anos-300x200.jpg 300w, https:\/\/infonewss-bucket.s3.amazonaws.com\/2025\/01\/IMG_6230-Padre-Marcos-ganha-estadio-com-grama-sintetica-e-carro-0-km-no-aniversario-de-61-anos-768x512.jpg 768w, https:\/\/infonewss-bucket.s3.amazonaws.com\/2025\/01\/IMG_6230-Padre-Marcos-ganha-estadio-com-grama-sintetica-e-carro-0-km-no-aniversario-de-61-anos.jpg 900w\" alt=\"\" width=\"900\" height=\"600\" \/><\/a>\u00a0<a href=\"https:\/\/infonewss.com\/padre-marcos-ganha-estadio-com-grama-sintetica-e-carro-0-km-no-aniversario-de-61-anos\/img_6237-padre-marcos-ganha-estadio-com-grama-sintetica-e-carro-0-km-no-aniversario-de-61-anos\/\" rel=\"attachment wp-att-595825\"><img loading=\"lazy\" decoding=\"async\" class=\"alignnone size-full wp-image-595825\" src=\"https:\/\/infonewss-bucket.s3.amazonaws.com\/2025\/01\/IMG_6237-Padre-Marcos-ganha-estadio-com-grama-sintetica-e-carro-0-km-no-aniversario-de-61-anos.jpg\" sizes=\"(max-width: 900px) 100vw, 900px\" srcset=\"https:\/\/infonewss-bucket.s3.amazonaws.com\/2025\/01\/IMG_6237-Padre-Marcos-ganha-estadio-com-grama-sintetica-e-carro-0-km-no-aniversario-de-61-anos-300x200.jpg 300w, https:\/\/infonewss-bucket.s3.amazonaws.com\/2025\/01\/IMG_6237-Padre-Marcos-ganha-estadio-com-grama-sintetica-e-carro-0-km-no-aniversario-de-61-anos-768x512.jpg 768w, https:\/\/infonewss-bucket.s3.amazonaws.com\/2025\/01\/IMG_6237-Padre-Marcos-ganha-estadio-com-grama-sintetica-e-carro-0-km-no-aniversario-de-61-anos.jpg 900w\" alt=\"\" width=\"900\" height=\"600\" \/><\/a>\u00a0<a href=\"https:\/\/infonewss.com\/padre-marcos-ganha-estadio-com-grama-sintetica-e-carro-0-km-no-aniversario-de-61-anos\/img_6239-padre-marcos-ganha-estadio-com-grama-sintetica-e-carro-0-km-no-aniversario-de-61-anos\/\" rel=\"attachment wp-att-595826\"><img loading=\"lazy\" decoding=\"async\" class=\"alignnone size-full wp-image-595826\" src=\"https:\/\/infonewss-bucket.s3.amazonaws.com\/2025\/01\/IMG_6239-Padre-Marcos-ganha-estadio-com-grama-sintetica-e-carro-0-km-no-aniversario-de-61-anos.jpg\" sizes=\"(max-width: 900px) 100vw, 900px\" srcset=\"https:\/\/infonewss-bucket.s3.amazonaws.com\/2025\/01\/IMG_6239-Padre-Marcos-ganha-estadio-com-grama-sintetica-e-carro-0-km-no-aniversario-de-61-anos-300x200.jpg 300w, https:\/\/infonewss-bucket.s3.amazonaws.com\/2025\/01\/IMG_6239-Padre-Marcos-ganha-estadio-com-grama-sintetica-e-carro-0-km-no-aniversario-de-61-anos-768x512.jpg 768w, https:\/\/infonewss-bucket.s3.amazonaws.com\/2025\/01\/IMG_6239-Padre-Marcos-ganha-estadio-com-grama-sintetica-e-carro-0-km-no-aniversario-de-61-anos.jpg 900w\" alt=\"\" width=\"900\" height=\"600\" \/><\/a>\u00a0<a href=\"https:\/\/infonewss.com\/padre-marcos-ganha-estadio-com-grama-sintetica-e-carro-0-km-no-aniversario-de-61-anos\/img_6243-padre-marcos-ganha-estadio-com-grama-sintetica-e-carro-0-km-no-aniversario-de-61-anos\/\" rel=\"attachment wp-att-595827\"><img loading=\"lazy\" decoding=\"async\" class=\"alignnone size-full wp-image-595827\" src=\"https:\/\/infonewss-bucket.s3.amazonaws.com\/2025\/01\/IMG_6243-Padre-Marcos-ganha-estadio-com-grama-sintetica-e-carro-0-km-no-aniversario-de-61-anos.jpg\" sizes=\"(max-width: 900px) 100vw, 900px\" srcset=\"https:\/\/infonewss-bucket.s3.amazonaws.com\/2025\/01\/IMG_6243-Padre-Marcos-ganha-estadio-com-grama-sintetica-e-carro-0-km-no-aniversario-de-61-anos-300x200.jpg 300w, https:\/\/infonewss-bucket.s3.amazonaws.com\/2025\/01\/IMG_6243-Padre-Marcos-ganha-estadio-com-grama-sintetica-e-carro-0-km-no-aniversario-de-61-anos-768x512.jpg 768w, https:\/\/infonewss-bucket.s3.amazonaws.com\/2025\/01\/IMG_6243-Padre-Marcos-ganha-estadio-com-grama-sintetica-e-carro-0-km-no-aniversario-de-61-anos.jpg 900w\" alt=\"\" width=\"900\" height=\"600\" \/><\/a>\u00a0<a href=\"https:\/\/infonewss.com\/padre-marcos-ganha-estadio-com-grama-sintetica-e-carro-0-km-no-aniversario-de-61-anos\/img_6244-padre-marcos-ganha-estadio-com-grama-sintetica-e-carro-0-km-no-aniversario-de-61-anos\/\" rel=\"attachment wp-att-595828\"><img loading=\"lazy\" decoding=\"async\" class=\"alignnone size-full wp-image-595828\" src=\"https:\/\/infonewss-bucket.s3.amazonaws.com\/2025\/01\/IMG_6244-Padre-Marcos-ganha-estadio-com-grama-sintetica-e-carro-0-km-no-aniversario-de-61-anos.jpg\" sizes=\"(max-width: 900px) 100vw, 900px\" srcset=\"https:\/\/infonewss-bucket.s3.amazonaws.com\/2025\/01\/IMG_6244-Padre-Marcos-ganha-estadio-com-grama-sintetica-e-carro-0-km-no-aniversario-de-61-anos-300x200.jpg 300w, https:\/\/infonewss-bucket.s3.amazonaws.com\/2025\/01\/IMG_6244-Padre-Marcos-ganha-estadio-com-grama-sintetica-e-carro-0-km-no-aniversario-de-61-anos-768x512.jpg 768w, https:\/\/infonewss-bucket.s3.amazonaws.com\/2025\/01\/IMG_6244-Padre-Marcos-ganha-estadio-com-grama-sintetica-e-carro-0-km-no-aniversario-de-61-anos.jpg 900w\" alt=\"\" width=\"900\" height=\"600\" \/><\/a>\u00a0<a href=\"https:\/\/infonewss.com\/padre-marcos-ganha-estadio-com-grama-sintetica-e-carro-0-km-no-aniversario-de-61-anos\/img_6247-padre-marcos-ganha-estadio-com-grama-sintetica-e-carro-0-km-no-aniversario-de-61-anos\/\" rel=\"attachment wp-att-595829\"><img loading=\"lazy\" decoding=\"async\" class=\"alignnone size-full wp-image-595829\" src=\"https:\/\/infonewss-bucket.s3.amazonaws.com\/2025\/01\/IMG_6247-Padre-Marcos-ganha-estadio-com-grama-sintetica-e-carro-0-km-no-aniversario-de-61-anos.jpg\" sizes=\"(max-width: 900px) 100vw, 900px\" srcset=\"https:\/\/infonewss-bucket.s3.amazonaws.com\/2025\/01\/IMG_6247-Padre-Marcos-ganha-estadio-com-grama-sintetica-e-carro-0-km-no-aniversario-de-61-anos-300x200.jpg 300w, https:\/\/infonewss-bucket.s3.amazonaws.com\/2025\/01\/IMG_6247-Padre-Marcos-ganha-estadio-com-grama-sintetica-e-carro-0-km-no-aniversario-de-61-anos-768x512.jpg 768w, https:\/\/infonewss-bucket.s3.amazonaws.com\/2025\/01\/IMG_6247-Padre-Marcos-ganha-estadio-com-grama-sintetica-e-carro-0-km-no-aniversario-de-61-anos.jpg 900w\" alt=\"\" width=\"900\" height=\"600\" \/><\/a>\u00a0<a href=\"https:\/\/infonewss.com\/padre-marcos-ganha-estadio-com-grama-sintetica-e-carro-0-km-no-aniversario-de-61-anos\/img_6250-padre-marcos-ganha-estadio-com-grama-sintetica-e-carro-0-km-no-aniversario-de-61-anos\/\" rel=\"attachment wp-att-595830\"><img loading=\"lazy\" decoding=\"async\" class=\"alignnone size-full wp-image-595830\" src=\"https:\/\/infonewss-bucket.s3.amazonaws.com\/2025\/01\/IMG_6250-Padre-Marcos-ganha-estadio-com-grama-sintetica-e-carro-0-km-no-aniversario-de-61-anos.jpg\" sizes=\"(max-width: 900px) 100vw, 900px\" srcset=\"https:\/\/infonewss-bucket.s3.amazonaws.com\/2025\/01\/IMG_6250-Padre-Marcos-ganha-estadio-com-grama-sintetica-e-carro-0-km-no-aniversario-de-61-anos-300x200.jpg 300w, https:\/\/infonewss-bucket.s3.amazonaws.com\/2025\/01\/IMG_6250-Padre-Marcos-ganha-estadio-com-grama-sintetica-e-carro-0-km-no-aniversario-de-61-anos-768x512.jpg 768w, https:\/\/infonewss-bucket.s3.amazonaws.com\/2025\/01\/IMG_6250-Padre-Marcos-ganha-estadio-com-grama-sintetica-e-carro-0-km-no-aniversario-de-61-anos.jpg 900w\" alt=\"\" width=\"900\" height=\"600\" \/><\/a>\u00a0<a href=\"https:\/\/infonewss.com\/padre-marcos-ganha-estadio-com-grama-sintetica-e-carro-0-km-no-aniversario-de-61-anos\/img_6254-padre-marcos-ganha-estadio-com-grama-sintetica-e-carro-0-km-no-aniversario-de-61-anos\/\" rel=\"attachment wp-att-595831\"><img loading=\"lazy\" decoding=\"async\" class=\"alignnone size-full wp-image-595831\" src=\"https:\/\/infonewss-bucket.s3.amazonaws.com\/2025\/01\/IMG_6254-Padre-Marcos-ganha-estadio-com-grama-sintetica-e-carro-0-km-no-aniversario-de-61-anos.jpg\" sizes=\"(max-width: 900px) 100vw, 900px\" srcset=\"https:\/\/infonewss-bucket.s3.amazonaws.com\/2025\/01\/IMG_6254-Padre-Marcos-ganha-estadio-com-grama-sintetica-e-carro-0-km-no-aniversario-de-61-anos-300x200.jpg 300w, https:\/\/infonewss-bucket.s3.amazonaws.com\/2025\/01\/IMG_6254-Padre-Marcos-ganha-estadio-com-grama-sintetica-e-carro-0-km-no-aniversario-de-61-anos-768x512.jpg 768w, https:\/\/infonewss-bucket.s3.amazonaws.com\/2025\/01\/IMG_6254-Padre-Marcos-ganha-estadio-com-grama-sintetica-e-carro-0-km-no-aniversario-de-61-anos.jpg 900w\" alt=\"\" width=\"900\" height=\"600\" \/><\/a>\u00a0<a href=\"https:\/\/infonewss.com\/padre-marcos-ganha-estadio-com-grama-sintetica-e-carro-0-km-no-aniversario-de-61-anos\/img_6255-padre-marcos-ganha-estadio-com-grama-sintetica-e-carro-0-km-no-aniversario-de-61-anos\/\" rel=\"attachment wp-att-595832\"><img loading=\"lazy\" decoding=\"async\" class=\"alignnone size-full wp-image-595832\" src=\"https:\/\/infonewss-bucket.s3.amazonaws.com\/2025\/01\/IMG_6255-Padre-Marcos-ganha-estadio-com-grama-sintetica-e-carro-0-km-no-aniversario-de-61-anos.jpg\" sizes=\"(max-width: 900px) 100vw, 900px\" srcset=\"https:\/\/infonewss-bucket.s3.amazonaws.com\/2025\/01\/IMG_6255-Padre-Marcos-ganha-estadio-com-grama-sintetica-e-carro-0-km-no-aniversario-de-61-anos-300x200.jpg 300w, https:\/\/infonewss-bucket.s3.amazonaws.com\/2025\/01\/IMG_6255-Padre-Marcos-ganha-estadio-com-grama-sintetica-e-carro-0-km-no-aniversario-de-61-anos-768x512.jpg 768w, https:\/\/infonewss-bucket.s3.amazonaws.com\/2025\/01\/IMG_6255-Padre-Marcos-ganha-estadio-com-grama-sintetica-e-carro-0-km-no-aniversario-de-61-anos.jpg 900w\" alt=\"\" width=\"900\" height=\"600\" \/><\/a>\u00a0<a href=\"https:\/\/infonewss.com\/padre-marcos-ganha-estadio-com-grama-sintetica-e-carro-0-km-no-aniversario-de-61-anos\/img_6259-padre-marcos-ganha-estadio-com-grama-sintetica-e-carro-0-km-no-aniversario-de-61-anos\/\" rel=\"attachment wp-att-595833\"><img loading=\"lazy\" decoding=\"async\" class=\"alignnone size-full wp-image-595833\" src=\"https:\/\/infonewss-bucket.s3.amazonaws.com\/2025\/01\/IMG_6259-Padre-Marcos-ganha-estadio-com-grama-sintetica-e-carro-0-km-no-aniversario-de-61-anos.jpg\" sizes=\"(max-width: 900px) 100vw, 900px\" srcset=\"https:\/\/infonewss-bucket.s3.amazonaws.com\/2025\/01\/IMG_6259-Padre-Marcos-ganha-estadio-com-grama-sintetica-e-carro-0-km-no-aniversario-de-61-anos-300x200.jpg 300w, https:\/\/infonewss-bucket.s3.amazonaws.com\/2025\/01\/IMG_6259-Padre-Marcos-ganha-estadio-com-grama-sintetica-e-carro-0-km-no-aniversario-de-61-anos-768x512.jpg 768w, https:\/\/infonewss-bucket.s3.amazonaws.com\/2025\/01\/IMG_6259-Padre-Marcos-ganha-estadio-com-grama-sintetica-e-carro-0-km-no-aniversario-de-61-anos.jpg 900w\" alt=\"\" width=\"900\" height=\"600\" \/><\/a>\u00a0<a href=\"https:\/\/infonewss.com\/padre-marcos-ganha-estadio-com-grama-sintetica-e-carro-0-km-no-aniversario-de-61-anos\/img_6261-padre-marcos-ganha-estadio-com-grama-sintetica-e-carro-0-km-no-aniversario-de-61-anos\/\" rel=\"attachment wp-att-595834\"><img loading=\"lazy\" decoding=\"async\" class=\"alignnone size-full wp-image-595834\" src=\"https:\/\/infonewss-bucket.s3.amazonaws.com\/2025\/01\/IMG_6261-Padre-Marcos-ganha-estadio-com-grama-sintetica-e-carro-0-km-no-aniversario-de-61-anos.jpg\" sizes=\"(max-width: 900px) 100vw, 900px\" srcset=\"https:\/\/infonewss-bucket.s3.amazonaws.com\/2025\/01\/IMG_6261-Padre-Marcos-ganha-estadio-com-grama-sintetica-e-carro-0-km-no-aniversario-de-61-anos-300x200.jpg 300w, https:\/\/infonewss-bucket.s3.amazonaws.com\/2025\/01\/IMG_6261-Padre-Marcos-ganha-estadio-com-grama-sintetica-e-carro-0-km-no-aniversario-de-61-anos-768x512.jpg 768w, https:\/\/infonewss-bucket.s3.amazonaws.com\/2025\/01\/IMG_6261-Padre-Marcos-ganha-estadio-com-grama-sintetica-e-carro-0-km-no-aniversario-de-61-anos.jpg 900w\" alt=\"\" width=\"900\" height=\"600\" \/><\/a>\u00a0<a href=\"https:\/\/infonewss.com\/padre-marcos-ganha-estadio-com-grama-sintetica-e-carro-0-km-no-aniversario-de-61-anos\/img_6262-padre-marcos-ganha-estadio-com-grama-sintetica-e-carro-0-km-no-aniversario-de-61-anos\/\" rel=\"attachment wp-att-595835\"><img loading=\"lazy\" decoding=\"async\" class=\"alignnone size-full wp-image-595835\" src=\"https:\/\/infonewss-bucket.s3.amazonaws.com\/2025\/01\/IMG_6262-Padre-Marcos-ganha-estadio-com-grama-sintetica-e-carro-0-km-no-aniversario-de-61-anos.jpg\" sizes=\"(max-width: 900px) 100vw, 900px\" srcset=\"https:\/\/infonewss-bucket.s3.amazonaws.com\/2025\/01\/IMG_6262-Padre-Marcos-ganha-estadio-com-grama-sintetica-e-carro-0-km-no-aniversario-de-61-anos-300x200.jpg 300w, https:\/\/infonewss-bucket.s3.amazonaws.com\/2025\/01\/IMG_6262-Padre-Marcos-ganha-estadio-com-grama-sintetica-e-carro-0-km-no-aniversario-de-61-anos-768x512.jpg 768w, https:\/\/infonewss-bucket.s3.amazonaws.com\/2025\/01\/IMG_6262-Padre-Marcos-ganha-estadio-com-grama-sintetica-e-carro-0-km-no-aniversario-de-61-anos.jpg 900w\" alt=\"\" width=\"900\" height=\"600\" \/><\/a>\u00a0<a href=\"https:\/\/infonewss.com\/padre-marcos-ganha-estadio-com-grama-sintetica-e-carro-0-km-no-aniversario-de-61-anos\/img_6264-padre-marcos-ganha-estadio-com-grama-sintetica-e-carro-0-km-no-aniversario-de-61-anos\/\" rel=\"attachment wp-att-595836\"><img loading=\"lazy\" decoding=\"async\" class=\"alignnone size-full wp-image-595836\" src=\"https:\/\/infonewss-bucket.s3.amazonaws.com\/2025\/01\/IMG_6264-Padre-Marcos-ganha-estadio-com-grama-sintetica-e-carro-0-km-no-aniversario-de-61-anos.jpg\" sizes=\"(max-width: 900px) 100vw, 900px\" srcset=\"https:\/\/infonewss-bucket.s3.amazonaws.com\/2025\/01\/IMG_6264-Padre-Marcos-ganha-estadio-com-grama-sintetica-e-carro-0-km-no-aniversario-de-61-anos-200x300.jpg 200w, https:\/\/infonewss-bucket.s3.amazonaws.com\/2025\/01\/IMG_6264-Padre-Marcos-ganha-estadio-com-grama-sintetica-e-carro-0-km-no-aniversario-de-61-anos-683x1024.jpg 683w, https:\/\/infonewss-bucket.s3.amazonaws.com\/2025\/01\/IMG_6264-Padre-Marcos-ganha-estadio-com-grama-sintetica-e-carro-0-km-no-aniversario-de-61-anos-768x1152.jpg 768w, https:\/\/infonewss-bucket.s3.amazonaws.com\/2025\/01\/IMG_6264-Padre-Marcos-ganha-estadio-com-grama-sintetica-e-carro-0-km-no-aniversario-de-61-anos-150x225.jpg 150w, https:\/\/infonewss-bucket.s3.amazonaws.com\/2025\/01\/IMG_6264-Padre-Marcos-ganha-estadio-com-grama-sintetica-e-carro-0-km-no-aniversario-de-61-anos-300x450.jpg 300w, https:\/\/infonewss-bucket.s3.amazonaws.com\/2025\/01\/IMG_6264-Padre-Marcos-ganha-estadio-com-grama-sintetica-e-carro-0-km-no-aniversario-de-61-anos-696x1044.jpg 696w, https:\/\/infonewss-bucket.s3.amazonaws.com\/2025\/01\/IMG_6264-Padre-Marcos-ganha-estadio-com-grama-sintetica-e-carro-0-km-no-aniversario-de-61-anos.jpg 900w\" alt=\"\" width=\"900\" height=\"1350\" \/><\/a>\u00a0<a href=\"https:\/\/infonewss.com\/padre-marcos-ganha-estadio-com-grama-sintetica-e-carro-0-km-no-aniversario-de-61-anos\/img_6278-padre-marcos-ganha-estadio-com-grama-sintetica-e-carro-0-km-no-aniversario-de-61-anos\/\" rel=\"attachment wp-att-595837\"><img loading=\"lazy\" decoding=\"async\" class=\"alignnone size-full wp-image-595837\" src=\"https:\/\/infonewss-bucket.s3.amazonaws.com\/2025\/01\/IMG_6278-Padre-Marcos-ganha-estadio-com-grama-sintetica-e-carro-0-km-no-aniversario-de-61-anos.jpg\" sizes=\"(max-width: 900px) 100vw, 900px\" srcset=\"https:\/\/infonewss-bucket.s3.amazonaws.com\/2025\/01\/IMG_6278-Padre-Marcos-ganha-estadio-com-grama-sintetica-e-carro-0-km-no-aniversario-de-61-anos-300x200.jpg 300w, https:\/\/infonewss-bucket.s3.amazonaws.com\/2025\/01\/IMG_6278-Padre-Marcos-ganha-estadio-com-grama-sintetica-e-carro-0-km-no-aniversario-de-61-anos-768x512.jpg 768w, https:\/\/infonewss-bucket.s3.amazonaws.com\/2025\/01\/IMG_6278-Padre-Marcos-ganha-estadio-com-grama-sintetica-e-carro-0-km-no-aniversario-de-61-anos.jpg 900w\" alt=\"\" width=\"900\" height=\"600\" \/><\/a>\u00a0<a href=\"https:\/\/infonewss.com\/padre-marcos-ganha-estadio-com-grama-sintetica-e-carro-0-km-no-aniversario-de-61-anos\/img_6280-padre-marcos-ganha-estadio-com-grama-sintetica-e-carro-0-km-no-aniversario-de-61-anos\/\" rel=\"attachment wp-att-595838\"><img loading=\"lazy\" decoding=\"async\" class=\"alignnone size-full wp-image-595838\" src=\"https:\/\/infonewss-bucket.s3.amazonaws.com\/2025\/01\/IMG_6280-Padre-Marcos-ganha-estadio-com-grama-sintetica-e-carro-0-km-no-aniversario-de-61-anos.jpg\" sizes=\"(max-width: 900px) 100vw, 900px\" srcset=\"https:\/\/infonewss-bucket.s3.amazonaws.com\/2025\/01\/IMG_6280-Padre-Marcos-ganha-estadio-com-grama-sintetica-e-carro-0-km-no-aniversario-de-61-anos-300x200.jpg 300w, https:\/\/infonewss-bucket.s3.amazonaws.com\/2025\/01\/IMG_6280-Padre-Marcos-ganha-estadio-com-grama-sintetica-e-carro-0-km-no-aniversario-de-61-anos-768x512.jpg 768w, https:\/\/infonewss-bucket.s3.amazonaws.com\/2025\/01\/IMG_6280-Padre-Marcos-ganha-estadio-com-grama-sintetica-e-carro-0-km-no-aniversario-de-61-anos.jpg 900w\" alt=\"\" width=\"900\" height=\"600\" \/><\/a>\u00a0<a href=\"https:\/\/infonewss.com\/padre-marcos-ganha-estadio-com-grama-sintetica-e-carro-0-km-no-aniversario-de-61-anos\/img_6289-padre-marcos-ganha-estadio-com-grama-sintetica-e-carro-0-km-no-aniversario-de-61-anos\/\" rel=\"attachment wp-att-595839\"><img loading=\"lazy\" decoding=\"async\" class=\"alignnone size-full wp-image-595839\" src=\"https:\/\/infonewss-bucket.s3.amazonaws.com\/2025\/01\/IMG_6289-Padre-Marcos-ganha-estadio-com-grama-sintetica-e-carro-0-km-no-aniversario-de-61-anos.jpg\" sizes=\"(max-width: 900px) 100vw, 900px\" srcset=\"https:\/\/infonewss-bucket.s3.amazonaws.com\/2025\/01\/IMG_6289-Padre-Marcos-ganha-estadio-com-grama-sintetica-e-carro-0-km-no-aniversario-de-61-anos-200x300.jpg 200w, https:\/\/infonewss-bucket.s3.amazonaws.com\/2025\/01\/IMG_6289-Padre-Marcos-ganha-estadio-com-grama-sintetica-e-carro-0-km-no-aniversario-de-61-anos-683x1024.jpg 683w, https:\/\/infonewss-bucket.s3.amazonaws.com\/2025\/01\/IMG_6289-Padre-Marcos-ganha-estadio-com-grama-sintetica-e-carro-0-km-no-aniversario-de-61-anos-768x1152.jpg 768w, https:\/\/infonewss-bucket.s3.amazonaws.com\/2025\/01\/IMG_6289-Padre-Marcos-ganha-estadio-com-grama-sintetica-e-carro-0-km-no-aniversario-de-61-anos-150x225.jpg 150w, https:\/\/infonewss-bucket.s3.amazonaws.com\/2025\/01\/IMG_6289-Padre-Marcos-ganha-estadio-com-grama-sintetica-e-carro-0-km-no-aniversario-de-61-anos-300x450.jpg 300w, https:\/\/infonewss-bucket.s3.amazonaws.com\/2025\/01\/IMG_6289-Padre-Marcos-ganha-estadio-com-grama-sintetica-e-carro-0-km-no-aniversario-de-61-anos-696x1044.jpg 696w, https:\/\/infonewss-bucket.s3.amazonaws.com\/2025\/01\/IMG_6289-Padre-Marcos-ganha-estadio-com-grama-sintetica-e-carro-0-km-no-aniversario-de-61-anos.jpg 900w\" alt=\"\" width=\"900\" height=\"1350\" \/><\/a>\u00a0<a href=\"https:\/\/infonewss.com\/padre-marcos-ganha-estadio-com-grama-sintetica-e-carro-0-km-no-aniversario-de-61-anos\/img_6295-padre-marcos-ganha-estadio-com-grama-sintetica-e-carro-0-km-no-aniversario-de-61-anos\/\" rel=\"attachment wp-att-595840\"><img loading=\"lazy\" decoding=\"async\" class=\"alignnone size-full wp-image-595840\" src=\"https:\/\/infonewss-bucket.s3.amazonaws.com\/2025\/01\/IMG_6295-Padre-Marcos-ganha-estadio-com-grama-sintetica-e-carro-0-km-no-aniversario-de-61-anos.jpg\" sizes=\"(max-width: 900px) 100vw, 900px\" srcset=\"https:\/\/infonewss-bucket.s3.amazonaws.com\/2025\/01\/IMG_6295-Padre-Marcos-ganha-estadio-com-grama-sintetica-e-carro-0-km-no-aniversario-de-61-anos-300x200.jpg 300w, https:\/\/infonewss-bucket.s3.amazonaws.com\/2025\/01\/IMG_6295-Padre-Marcos-ganha-estadio-com-grama-sintetica-e-carro-0-km-no-aniversario-de-61-anos-768x512.jpg 768w, https:\/\/infonewss-bucket.s3.amazonaws.com\/2025\/01\/IMG_6295-Padre-Marcos-ganha-estadio-com-grama-sintetica-e-carro-0-km-no-aniversario-de-61-anos.jpg 900w\" alt=\"\" width=\"900\" height=\"600\" \/><\/a>\u00a0<a href=\"https:\/\/infonewss.com\/padre-marcos-ganha-estadio-com-grama-sintetica-e-carro-0-km-no-aniversario-de-61-anos\/img_6299-padre-marcos-ganha-estadio-com-grama-sintetica-e-carro-0-km-no-aniversario-de-61-anos\/\" rel=\"attachment wp-att-595841\"><img loading=\"lazy\" decoding=\"async\" class=\"alignnone size-full wp-image-595841\" src=\"https:\/\/infonewss-bucket.s3.amazonaws.com\/2025\/01\/IMG_6299-Padre-Marcos-ganha-estadio-com-grama-sintetica-e-carro-0-km-no-aniversario-de-61-anos.jpg\" sizes=\"(max-width: 900px) 100vw, 900px\" srcset=\"https:\/\/infonewss-bucket.s3.amazonaws.com\/2025\/01\/IMG_6299-Padre-Marcos-ganha-estadio-com-grama-sintetica-e-carro-0-km-no-aniversario-de-61-anos-300x200.jpg 300w, https:\/\/infonewss-bucket.s3.amazonaws.com\/2025\/01\/IMG_6299-Padre-Marcos-ganha-estadio-com-grama-sintetica-e-carro-0-km-no-aniversario-de-61-anos-768x512.jpg 768w, https:\/\/infonewss-bucket.s3.amazonaws.com\/2025\/01\/IMG_6299-Padre-Marcos-ganha-estadio-com-grama-sintetica-e-carro-0-km-no-aniversario-de-61-anos.jpg 900w\" alt=\"\" width=\"900\" height=\"600\" \/><\/a>\u00a0<a href=\"https:\/\/infonewss.com\/padre-marcos-ganha-estadio-com-grama-sintetica-e-carro-0-km-no-aniversario-de-61-anos\/img_6307-padre-marcos-ganha-estadio-com-grama-sintetica-e-carro-0-km-no-aniversario-de-61-anos\/\" rel=\"attachment wp-att-595842\"><img loading=\"lazy\" decoding=\"async\" class=\"alignnone size-full wp-image-595842\" src=\"https:\/\/infonewss-bucket.s3.amazonaws.com\/2025\/01\/IMG_6307-Padre-Marcos-ganha-estadio-com-grama-sintetica-e-carro-0-km-no-aniversario-de-61-anos.jpg\" sizes=\"(max-width: 900px) 100vw, 900px\" srcset=\"https:\/\/infonewss-bucket.s3.amazonaws.com\/2025\/01\/IMG_6307-Padre-Marcos-ganha-estadio-com-grama-sintetica-e-carro-0-km-no-aniversario-de-61-anos-300x200.jpg 300w, https:\/\/infonewss-bucket.s3.amazonaws.com\/2025\/01\/IMG_6307-Padre-Marcos-ganha-estadio-com-grama-sintetica-e-carro-0-km-no-aniversario-de-61-anos-768x512.jpg 768w, https:\/\/infonewss-bucket.s3.amazonaws.com\/2025\/01\/IMG_6307-Padre-Marcos-ganha-estadio-com-grama-sintetica-e-carro-0-km-no-aniversario-de-61-anos.jpg 900w\" alt=\"\" width=\"900\" height=\"600\" \/><\/a>\u00a0<a href=\"https:\/\/infonewss.com\/padre-marcos-ganha-estadio-com-grama-sintetica-e-carro-0-km-no-aniversario-de-61-anos\/img_6314-padre-marcos-ganha-estadio-com-grama-sintetica-e-carro-0-km-no-aniversario-de-61-anos\/\" rel=\"attachment wp-att-595843\"><img loading=\"lazy\" decoding=\"async\" class=\"alignnone size-full wp-image-595843\" src=\"https:\/\/infonewss-bucket.s3.amazonaws.com\/2025\/01\/IMG_6314-Padre-Marcos-ganha-estadio-com-grama-sintetica-e-carro-0-km-no-aniversario-de-61-anos.jpg\" sizes=\"(max-width: 900px) 100vw, 900px\" srcset=\"https:\/\/infonewss-bucket.s3.amazonaws.com\/2025\/01\/IMG_6314-Padre-Marcos-ganha-estadio-com-grama-sintetica-e-carro-0-km-no-aniversario-de-61-anos-300x200.jpg 300w, https:\/\/infonewss-bucket.s3.amazonaws.com\/2025\/01\/IMG_6314-Padre-Marcos-ganha-estadio-com-grama-sintetica-e-carro-0-km-no-aniversario-de-61-anos-768x512.jpg 768w, https:\/\/infonewss-bucket.s3.amazonaws.com\/2025\/01\/IMG_6314-Padre-Marcos-ganha-estadio-com-grama-sintetica-e-carro-0-km-no-aniversario-de-61-anos.jpg 900w\" alt=\"\" width=\"900\" height=\"600\" \/><\/a><\/p>\n<div data-a2a-url=\"https:\/\/infonewss.com\/padre-marcos-ganha-estadio-com-grama-sintetica-e-carro-0-km-no-aniversario-de-61-anos\/\" data-a2a-title=\"Padre Marcos\u2013PI ganha est\u00e1dio com grama sint\u00e9tica e carro 0 km no anivers\u00e1rio de 61 anos\">Fonte: Portal Infonewss<\/div>\n<\/div>\n<\/article>\n<\/div>\n<\/div>\n<\/div>\n<\/div>\n<\/div>\n<\/div>\n","protected":false},"excerpt":{"rendered":"<p>A comunidade esportiva de Padre Marcos\u2013PI foi contemplada, no anivers\u00e1rio de 61 anos de emancipa\u00e7\u00e3o pol\u00edtica, com a entrega da reforma do Est\u00e1dio Municipal \u2018O Maced\u00e3o\u2019 e um carro 0 km. A solenidade ocorreu na tarde do dia 17 de janeiro, data oficial da emancipa\u00e7\u00e3o pol\u00edtica da cidade. Participaram do evento a prefeita Wiliane Kelly, &hellip;<\/p>\n","protected":false},"author":2,"featured_media":83277,"comment_status":"open","ping_status":"open","sticky":false,"template":"","format":"standard","meta":{"content-type":"","rop_custom_images_group":[],"rop_custom_messages_group":[],"rop_publish_now":"yes","rop_publish_now_accounts":{"facebook_2648258775420054_1618374048415101":""},"rop_publish_now_history":[],"rop_publish_now_status":"pending","footnotes":"","_jetpack_memberships_contains_paid_content":false},"categories":[108,109,4094],"tags":[8867,116,221,412,230,3713,1349,16368,7392,4676,397,16369],"yoast_head":"<!-- This site is optimized with the Yoast SEO plugin v22.3 - https:\/\/yoast.com\/wordpress\/plugins\/seo\/ -->\n<title>Padre Marcos\u2013PI ganha est\u00e1dio com grama sint\u00e9tica e carro 0 km no anivers\u00e1rio de 61 anos - Portal NPM<\/title>\n<meta name=\"robots\" content=\"index, follow, max-snippet:-1, max-image-preview:large, max-video-preview:-1\" \/>\n<link rel=\"canonical\" href=\"https:\/\/portalnpm.com\/index.php\/2025\/01\/19\/padre-marcos-pi-ganha-estadio-com-grama-sintetica-e-carro-0-km-no-aniversario-de-61-anos\/\" \/>\n<meta property=\"og:locale\" content=\"pt_BR\" \/>\n<meta property=\"og:type\" content=\"article\" \/>\n<meta property=\"og:title\" content=\"Padre Marcos\u2013PI ganha est\u00e1dio com grama sint\u00e9tica e carro 0 km no anivers\u00e1rio de 61 anos - Portal NPM\" \/>\n<meta property=\"og:description\" content=\"A comunidade esportiva de Padre Marcos\u2013PI foi contemplada, no anivers\u00e1rio de 61 anos de emancipa\u00e7\u00e3o pol\u00edtica, com a entrega da reforma do Est\u00e1dio Municipal \u2018O Maced\u00e3o\u2019 e um carro 0 km. A solenidade ocorreu na tarde do dia 17 de janeiro, data oficial da emancipa\u00e7\u00e3o pol\u00edtica da cidade. Participaram do evento a prefeita Wiliane Kelly, &hellip;\" \/>\n<meta property=\"og:url\" content=\"https:\/\/portalnpm.com\/index.php\/2025\/01\/19\/padre-marcos-pi-ganha-estadio-com-grama-sintetica-e-carro-0-km-no-aniversario-de-61-anos\/\" \/>\n<meta property=\"og:site_name\" content=\"Portal NPM\" \/>\n<meta property=\"article:published_time\" content=\"2025-01-19T14:28:01+00:00\" \/>\n<meta property=\"og:image\" content=\"https:\/\/portalnpm.com\/wp-content\/uploads\/2025\/01\/Padre-Marcos-ganha-estadio-com-grama-sintetica-e-carro-0-km-no-aniversario-de-61-anos-1-Padre-Marcos-ganha-estadio-com-grama-sintetica-e-carro-0-km-no-aniversario-de-61-anos.jpg\" \/>\n\t<meta property=\"og:image:width\" content=\"900\" \/>\n\t<meta property=\"og:image:height\" content=\"506\" \/>\n\t<meta property=\"og:image:type\" content=\"image\/jpeg\" \/>\n<meta name=\"author\" content=\"Genival Barbosa\" \/>\n<meta name=\"twitter:card\" content=\"summary_large_image\" \/>\n<meta name=\"twitter:label1\" content=\"Escrito por\" \/>\n\t<meta name=\"twitter:data1\" content=\"Genival Barbosa\" \/>\n\t<meta name=\"twitter:label2\" content=\"Est. tempo de leitura\" \/>\n\t<meta name=\"twitter:data2\" content=\"50 minutos\" \/>\n<script type=\"application\/ld+json\" class=\"yoast-schema-graph\">{\"@context\":\"https:\/\/schema.org\",\"@graph\":[{\"@type\":\"WebPage\",\"@id\":\"https:\/\/portalnpm.com\/index.php\/2025\/01\/19\/padre-marcos-pi-ganha-estadio-com-grama-sintetica-e-carro-0-km-no-aniversario-de-61-anos\/\",\"url\":\"https:\/\/portalnpm.com\/index.php\/2025\/01\/19\/padre-marcos-pi-ganha-estadio-com-grama-sintetica-e-carro-0-km-no-aniversario-de-61-anos\/\",\"name\":\"Padre Marcos\u2013PI ganha est\u00e1dio com grama sint\u00e9tica e carro 0 km no anivers\u00e1rio de 61 anos - Portal NPM\",\"isPartOf\":{\"@id\":\"https:\/\/portalnpm.com\/#website\"},\"primaryImageOfPage\":{\"@id\":\"https:\/\/portalnpm.com\/index.php\/2025\/01\/19\/padre-marcos-pi-ganha-estadio-com-grama-sintetica-e-carro-0-km-no-aniversario-de-61-anos\/#primaryimage\"},\"image\":{\"@id\":\"https:\/\/portalnpm.com\/index.php\/2025\/01\/19\/padre-marcos-pi-ganha-estadio-com-grama-sintetica-e-carro-0-km-no-aniversario-de-61-anos\/#primaryimage\"},\"thumbnailUrl\":\"https:\/\/portalnpm.com\/wp-content\/uploads\/2025\/01\/Padre-Marcos-ganha-estadio-com-grama-sintetica-e-carro-0-km-no-aniversario-de-61-anos-1-Padre-Marcos-ganha-estadio-com-grama-sintetica-e-carro-0-km-no-aniversario-de-61-anos.jpg\",\"datePublished\":\"2025-01-19T14:28:01+00:00\",\"dateModified\":\"2025-01-19T14:28:01+00:00\",\"author\":{\"@id\":\"https:\/\/portalnpm.com\/#\/schema\/person\/49313e563cfdefcc167f1ee4c017c294\"},\"breadcrumb\":{\"@id\":\"https:\/\/portalnpm.com\/index.php\/2025\/01\/19\/padre-marcos-pi-ganha-estadio-com-grama-sintetica-e-carro-0-km-no-aniversario-de-61-anos\/#breadcrumb\"},\"inLanguage\":\"pt-BR\",\"potentialAction\":[{\"@type\":\"ReadAction\",\"target\":[\"https:\/\/portalnpm.com\/index.php\/2025\/01\/19\/padre-marcos-pi-ganha-estadio-com-grama-sintetica-e-carro-0-km-no-aniversario-de-61-anos\/\"]}]},{\"@type\":\"ImageObject\",\"inLanguage\":\"pt-BR\",\"@id\":\"https:\/\/portalnpm.com\/index.php\/2025\/01\/19\/padre-marcos-pi-ganha-estadio-com-grama-sintetica-e-carro-0-km-no-aniversario-de-61-anos\/#primaryimage\",\"url\":\"https:\/\/portalnpm.com\/wp-content\/uploads\/2025\/01\/Padre-Marcos-ganha-estadio-com-grama-sintetica-e-carro-0-km-no-aniversario-de-61-anos-1-Padre-Marcos-ganha-estadio-com-grama-sintetica-e-carro-0-km-no-aniversario-de-61-anos.jpg\",\"contentUrl\":\"https:\/\/portalnpm.com\/wp-content\/uploads\/2025\/01\/Padre-Marcos-ganha-estadio-com-grama-sintetica-e-carro-0-km-no-aniversario-de-61-anos-1-Padre-Marcos-ganha-estadio-com-grama-sintetica-e-carro-0-km-no-aniversario-de-61-anos.jpg\",\"width\":900,\"height\":506},{\"@type\":\"BreadcrumbList\",\"@id\":\"https:\/\/portalnpm.com\/index.php\/2025\/01\/19\/padre-marcos-pi-ganha-estadio-com-grama-sintetica-e-carro-0-km-no-aniversario-de-61-anos\/#breadcrumb\",\"itemListElement\":[{\"@type\":\"ListItem\",\"position\":1,\"name\":\"In\u00edcio\",\"item\":\"https:\/\/portalnpm.com\/\"},{\"@type\":\"ListItem\",\"position\":2,\"name\":\"Padre Marcos\u2013PI ganha est\u00e1dio com grama sint\u00e9tica e carro 0 km no anivers\u00e1rio de 61 anos\"}]},{\"@type\":\"WebSite\",\"@id\":\"https:\/\/portalnpm.com\/#website\",\"url\":\"https:\/\/portalnpm.com\/\",\"name\":\"Portal NPM\",\"description\":\"Not\u00edcias em Primeira M\u00e3o\",\"potentialAction\":[{\"@type\":\"SearchAction\",\"target\":{\"@type\":\"EntryPoint\",\"urlTemplate\":\"https:\/\/portalnpm.com\/?s={search_term_string}\"},\"query-input\":\"required name=search_term_string\"}],\"inLanguage\":\"pt-BR\"},{\"@type\":\"Person\",\"@id\":\"https:\/\/portalnpm.com\/#\/schema\/person\/49313e563cfdefcc167f1ee4c017c294\",\"name\":\"Genival Barbosa\",\"image\":{\"@type\":\"ImageObject\",\"inLanguage\":\"pt-BR\",\"@id\":\"https:\/\/portalnpm.com\/#\/schema\/person\/image\/\",\"url\":\"https:\/\/portalnpm.com\/wp-content\/uploads\/2024\/02\/avatar_user_2_1707743258-96x96.jpeg\",\"contentUrl\":\"https:\/\/portalnpm.com\/wp-content\/uploads\/2024\/02\/avatar_user_2_1707743258-96x96.jpeg\",\"caption\":\"Genival Barbosa\"},\"url\":\"https:\/\/portalnpm.com\/index.php\/author\/genival\/\"}]}<\/script>\n<!-- \/ Yoast SEO plugin. -->","yoast_head_json":{"title":"Padre Marcos\u2013PI ganha est\u00e1dio com grama sint\u00e9tica e carro 0 km no anivers\u00e1rio de 61 anos - Portal NPM","robots":{"index":"index","follow":"follow","max-snippet":"max-snippet:-1","max-image-preview":"max-image-preview:large","max-video-preview":"max-video-preview:-1"},"canonical":"https:\/\/portalnpm.com\/index.php\/2025\/01\/19\/padre-marcos-pi-ganha-estadio-com-grama-sintetica-e-carro-0-km-no-aniversario-de-61-anos\/","og_locale":"pt_BR","og_type":"article","og_title":"Padre Marcos\u2013PI ganha est\u00e1dio com grama sint\u00e9tica e carro 0 km no anivers\u00e1rio de 61 anos - Portal NPM","og_description":"A comunidade esportiva de Padre Marcos\u2013PI foi contemplada, no anivers\u00e1rio de 61 anos de emancipa\u00e7\u00e3o pol\u00edtica, com a entrega da reforma do Est\u00e1dio Municipal \u2018O Maced\u00e3o\u2019 e um carro 0 km. A solenidade ocorreu na tarde do dia 17 de janeiro, data oficial da emancipa\u00e7\u00e3o pol\u00edtica da cidade. Participaram do evento a prefeita Wiliane Kelly, &hellip;","og_url":"https:\/\/portalnpm.com\/index.php\/2025\/01\/19\/padre-marcos-pi-ganha-estadio-com-grama-sintetica-e-carro-0-km-no-aniversario-de-61-anos\/","og_site_name":"Portal NPM","article_published_time":"2025-01-19T14:28:01+00:00","og_image":[{"width":900,"height":506,"url":"https:\/\/portalnpm.com\/wp-content\/uploads\/2025\/01\/Padre-Marcos-ganha-estadio-com-grama-sintetica-e-carro-0-km-no-aniversario-de-61-anos-1-Padre-Marcos-ganha-estadio-com-grama-sintetica-e-carro-0-km-no-aniversario-de-61-anos.jpg","type":"image\/jpeg"}],"author":"Genival Barbosa","twitter_card":"summary_large_image","twitter_misc":{"Escrito por":"Genival Barbosa","Est. tempo de leitura":"50 minutos"},"schema":{"@context":"https:\/\/schema.org","@graph":[{"@type":"WebPage","@id":"https:\/\/portalnpm.com\/index.php\/2025\/01\/19\/padre-marcos-pi-ganha-estadio-com-grama-sintetica-e-carro-0-km-no-aniversario-de-61-anos\/","url":"https:\/\/portalnpm.com\/index.php\/2025\/01\/19\/padre-marcos-pi-ganha-estadio-com-grama-sintetica-e-carro-0-km-no-aniversario-de-61-anos\/","name":"Padre Marcos\u2013PI ganha est\u00e1dio com grama sint\u00e9tica e carro 0 km no anivers\u00e1rio de 61 anos - Portal NPM","isPartOf":{"@id":"https:\/\/portalnpm.com\/#website"},"primaryImageOfPage":{"@id":"https:\/\/portalnpm.com\/index.php\/2025\/01\/19\/padre-marcos-pi-ganha-estadio-com-grama-sintetica-e-carro-0-km-no-aniversario-de-61-anos\/#primaryimage"},"image":{"@id":"https:\/\/portalnpm.com\/index.php\/2025\/01\/19\/padre-marcos-pi-ganha-estadio-com-grama-sintetica-e-carro-0-km-no-aniversario-de-61-anos\/#primaryimage"},"thumbnailUrl":"https:\/\/portalnpm.com\/wp-content\/uploads\/2025\/01\/Padre-Marcos-ganha-estadio-com-grama-sintetica-e-carro-0-km-no-aniversario-de-61-anos-1-Padre-Marcos-ganha-estadio-com-grama-sintetica-e-carro-0-km-no-aniversario-de-61-anos.jpg","datePublished":"2025-01-19T14:28:01+00:00","dateModified":"2025-01-19T14:28:01+00:00","author":{"@id":"https:\/\/portalnpm.com\/#\/schema\/person\/49313e563cfdefcc167f1ee4c017c294"},"breadcrumb":{"@id":"https:\/\/portalnpm.com\/index.php\/2025\/01\/19\/padre-marcos-pi-ganha-estadio-com-grama-sintetica-e-carro-0-km-no-aniversario-de-61-anos\/#breadcrumb"},"inLanguage":"pt-BR","potentialAction":[{"@type":"ReadAction","target":["https:\/\/portalnpm.com\/index.php\/2025\/01\/19\/padre-marcos-pi-ganha-estadio-com-grama-sintetica-e-carro-0-km-no-aniversario-de-61-anos\/"]}]},{"@type":"ImageObject","inLanguage":"pt-BR","@id":"https:\/\/portalnpm.com\/index.php\/2025\/01\/19\/padre-marcos-pi-ganha-estadio-com-grama-sintetica-e-carro-0-km-no-aniversario-de-61-anos\/#primaryimage","url":"https:\/\/portalnpm.com\/wp-content\/uploads\/2025\/01\/Padre-Marcos-ganha-estadio-com-grama-sintetica-e-carro-0-km-no-aniversario-de-61-anos-1-Padre-Marcos-ganha-estadio-com-grama-sintetica-e-carro-0-km-no-aniversario-de-61-anos.jpg","contentUrl":"https:\/\/portalnpm.com\/wp-content\/uploads\/2025\/01\/Padre-Marcos-ganha-estadio-com-grama-sintetica-e-carro-0-km-no-aniversario-de-61-anos-1-Padre-Marcos-ganha-estadio-com-grama-sintetica-e-carro-0-km-no-aniversario-de-61-anos.jpg","width":900,"height":506},{"@type":"BreadcrumbList","@id":"https:\/\/portalnpm.com\/index.php\/2025\/01\/19\/padre-marcos-pi-ganha-estadio-com-grama-sintetica-e-carro-0-km-no-aniversario-de-61-anos\/#breadcrumb","itemListElement":[{"@type":"ListItem","position":1,"name":"In\u00edcio","item":"https:\/\/portalnpm.com\/"},{"@type":"ListItem","position":2,"name":"Padre Marcos\u2013PI ganha est\u00e1dio com grama sint\u00e9tica e carro 0 km no anivers\u00e1rio de 61 anos"}]},{"@type":"WebSite","@id":"https:\/\/portalnpm.com\/#website","url":"https:\/\/portalnpm.com\/","name":"Portal NPM","description":"Not\u00edcias em Primeira M\u00e3o","potentialAction":[{"@type":"SearchAction","target":{"@type":"EntryPoint","urlTemplate":"https:\/\/portalnpm.com\/?s={search_term_string}"},"query-input":"required name=search_term_string"}],"inLanguage":"pt-BR"},{"@type":"Person","@id":"https:\/\/portalnpm.com\/#\/schema\/person\/49313e563cfdefcc167f1ee4c017c294","name":"Genival Barbosa","image":{"@type":"ImageObject","inLanguage":"pt-BR","@id":"https:\/\/portalnpm.com\/#\/schema\/person\/image\/","url":"https:\/\/portalnpm.com\/wp-content\/uploads\/2024\/02\/avatar_user_2_1707743258-96x96.jpeg","contentUrl":"https:\/\/portalnpm.com\/wp-content\/uploads\/2024\/02\/avatar_user_2_1707743258-96x96.jpeg","caption":"Genival Barbosa"},"url":"https:\/\/portalnpm.com\/index.php\/author\/genival\/"}]}},"jetpack_sharing_enabled":true,"jetpack_featured_media_url":"https:\/\/portalnpm.com\/wp-content\/uploads\/2025\/01\/Padre-Marcos-ganha-estadio-com-grama-sintetica-e-carro-0-km-no-aniversario-de-61-anos-1-Padre-Marcos-ganha-estadio-com-grama-sintetica-e-carro-0-km-no-aniversario-de-61-anos.jpg","_links":{"self":[{"href":"https:\/\/portalnpm.com\/index.php\/wp-json\/wp\/v2\/posts\/83269"}],"collection":[{"href":"https:\/\/portalnpm.com\/index.php\/wp-json\/wp\/v2\/posts"}],"about":[{"href":"https:\/\/portalnpm.com\/index.php\/wp-json\/wp\/v2\/types\/post"}],"author":[{"embeddable":true,"href":"https:\/\/portalnpm.com\/index.php\/wp-json\/wp\/v2\/users\/2"}],"replies":[{"embeddable":true,"href":"https:\/\/portalnpm.com\/index.php\/wp-json\/wp\/v2\/comments?post=83269"}],"version-history":[{"count":1,"href":"https:\/\/portalnpm.com\/index.php\/wp-json\/wp\/v2\/posts\/83269\/revisions"}],"predecessor-version":[{"id":83280,"href":"https:\/\/portalnpm.com\/index.php\/wp-json\/wp\/v2\/posts\/83269\/revisions\/83280"}],"wp:featuredmedia":[{"embeddable":true,"href":"https:\/\/portalnpm.com\/index.php\/wp-json\/wp\/v2\/media\/83277"}],"wp:attachment":[{"href":"https:\/\/portalnpm.com\/index.php\/wp-json\/wp\/v2\/media?parent=83269"}],"wp:term":[{"taxonomy":"category","embeddable":true,"href":"https:\/\/portalnpm.com\/index.php\/wp-json\/wp\/v2\/categories?post=83269"},{"taxonomy":"post_tag","embeddable":true,"href":"https:\/\/portalnpm.com\/index.php\/wp-json\/wp\/v2\/tags?post=83269"}],"curies":[{"name":"wp","href":"https:\/\/api.w.org\/{rel}","templated":true}]}}