{"id":8345,"date":"2019-05-15T18:18:31","date_gmt":"2019-05-15T21:18:31","guid":{"rendered":"http:\/\/srv.portalnpm.com.br\/?p=8345"},"modified":"2019-05-15T18:18:31","modified_gmt":"2019-05-15T21:18:31","slug":"estradas-vicinais-de-francisco-macedo-serao-todas-recuperadas-diz-prefeito-nonato-alencar","status":"publish","type":"post","link":"https:\/\/portalnpm.com\/index.php\/2019\/05\/15\/estradas-vicinais-de-francisco-macedo-serao-todas-recuperadas-diz-prefeito-nonato-alencar\/","title":{"rendered":"Estradas vicinais de Francisco Macedo ser\u00e3o todas recuperadas; diz prefeito Nonato Alencar"},"content":{"rendered":"<p style=\"text-align: justify;\">A gest\u00e3o do prefeito Nonato Alencar, administrador do munic\u00edpio de Francisco Macedo, sempre pensando no bem da popula\u00e7\u00e3o, iniciou nesta quarta-feira (15) a recupera\u00e7\u00e3o de estradas vicinais. A\u00a0reforma das vias carro\u00e7\u00e1veis inicialmente ocorreu na localidade Comboeiro.<\/p>\n<p style=\"text-align: justify;\">Com recursos pr\u00f3prios do munic\u00edpio, a motoniveladora de propriedade da gest\u00e3o municipal, come\u00e7ou o processo de recupera\u00e7\u00e3o devido a passagem do per\u00edodo chuvoso.\u00a0Ao todo ser\u00e3o mais de 170 km correspondentes a todas as vias que d\u00e3o acesso \u00e0 zona rural, pertencentes ao munic\u00edpio.<\/p>\n<p style=\"text-align: justify;\">O prefeito Nonato Alencar (PSD) afirmou que as obras de recupera\u00e7\u00e3o contemplar\u00e3o todas as estradas pertencentes ao munic\u00edpio facilitando a mobilidade da popula\u00e7\u00e3o franciscomacedense.<\/p>\n<p><img fetchpriority=\"high\" decoding=\"async\" class=\"aligncenter size-full wp-image-8346\" src=\"http:\/\/portalnpm.com\/wp-content\/uploads\/2019\/05\/DSC_0017-4.jpg\" alt=\"\" width=\"1000\" height=\"665\" \/><\/p>\n<p style=\"text-align: justify;\">\u201cN\u00f3s demos in\u00edcio na reforma das estradas que por conta do per\u00edodo de chuvas ficaram bastante degradadas e agora que j\u00e1 passou o inverno vamos recuperar todas as estradas vicinais pertencentes a Francisco Macedo, sem exce\u00e7\u00e3o\u201d, afirmou.<\/p>\n<p style=\"text-align: justify;\">Al\u00e9m da recupera\u00e7\u00e3o feita por terraplanagem, ser\u00e1 feito tamb\u00e9m o servi\u00e7o de ro\u00e7agem nas margens para assim facilitar a visibilidade dos transeuntes.<\/p>\n<p style=\"text-align: justify;\"><strong>V\u00eddeo por Her\u00e1clito Alencar<\/strong><\/p>\n<div style=\"width: 640px;\" class=\"wp-video\"><!--[if lt IE 9]><script>document.createElement('video');<\/script><![endif]-->\n<video class=\"wp-video-shortcode\" id=\"video-8345-1\" width=\"640\" height=\"352\" preload=\"metadata\" controls=\"controls\"><source type=\"video\/mp4\" src=\"http:\/\/portalnpm.com\/wp-content\/uploads\/2019\/05\/FRANCISCO-MACEDO.mp4?_=1\" \/><a href=\"http:\/\/portalnpm.com\/wp-content\/uploads\/2019\/05\/FRANCISCO-MACEDO.mp4\">http:\/\/portalnpm.com\/wp-content\/uploads\/2019\/05\/FRANCISCO-MACEDO.mp4<\/a><\/video><\/div>\n<p><strong>FONTE<\/strong>: Cidades na Net<\/p>\n","protected":false},"excerpt":{"rendered":"<p>A gest\u00e3o do prefeito Nonato Alencar, administrador do munic\u00edpio de Francisco Macedo, sempre pensando no bem da popula\u00e7\u00e3o, iniciou nesta quarta-feira (15) a recupera\u00e7\u00e3o de estradas vicinais. A\u00a0reforma das vias carro\u00e7\u00e1veis inicialmente ocorreu na localidade Comboeiro. Com recursos pr\u00f3prios do munic\u00edpio, a motoniveladora de propriedade da gest\u00e3o municipal, come\u00e7ou o processo de recupera\u00e7\u00e3o devido a &hellip;<\/p>\n","protected":false},"author":8,"featured_media":8348,"comment_status":"open","ping_status":"open","sticky":false,"template":"","format":"standard","meta":{"content-type":"","rop_custom_images_group":[],"rop_custom_messages_group":[],"rop_publish_now":"initial","rop_publish_now_accounts":{"facebook_2648258775420054_1618374048415101":""},"rop_publish_now_history":[],"rop_publish_now_status":"pending","footnotes":"","_jetpack_memberships_contains_paid_content":false},"categories":[502,109],"tags":[2846,1006,2847],"yoast_head":"<!-- This site is optimized with the Yoast SEO plugin v22.3 - https:\/\/yoast.com\/wordpress\/plugins\/seo\/ -->\n<title>Estradas vicinais de Francisco Macedo ser\u00e3o todas recuperadas; diz prefeito Nonato Alencar - Portal NPM<\/title>\n<meta name=\"robots\" content=\"index, follow, max-snippet:-1, max-image-preview:large, max-video-preview:-1\" \/>\n<link rel=\"canonical\" href=\"https:\/\/portalnpm.com\/index.php\/2019\/05\/15\/estradas-vicinais-de-francisco-macedo-serao-todas-recuperadas-diz-prefeito-nonato-alencar\/\" \/>\n<meta property=\"og:locale\" content=\"pt_BR\" \/>\n<meta property=\"og:type\" content=\"article\" \/>\n<meta property=\"og:title\" content=\"Estradas vicinais de Francisco Macedo ser\u00e3o todas recuperadas; diz prefeito Nonato Alencar - Portal NPM\" \/>\n<meta property=\"og:description\" content=\"A gest\u00e3o do prefeito Nonato Alencar, administrador do munic\u00edpio de Francisco Macedo, sempre pensando no bem da popula\u00e7\u00e3o, iniciou nesta quarta-feira (15) a recupera\u00e7\u00e3o de estradas vicinais. A\u00a0reforma das vias carro\u00e7\u00e1veis inicialmente ocorreu na localidade Comboeiro. Com recursos pr\u00f3prios do munic\u00edpio, a motoniveladora de propriedade da gest\u00e3o municipal, come\u00e7ou o processo de recupera\u00e7\u00e3o devido a &hellip;\" \/>\n<meta property=\"og:url\" content=\"https:\/\/portalnpm.com\/index.php\/2019\/05\/15\/estradas-vicinais-de-francisco-macedo-serao-todas-recuperadas-diz-prefeito-nonato-alencar\/\" \/>\n<meta property=\"og:site_name\" content=\"Portal NPM\" \/>\n<meta property=\"article:published_time\" content=\"2019-05-15T21:18:31+00:00\" \/>\n<meta name=\"author\" content=\"Zenilton Lima\" \/>\n<meta name=\"twitter:card\" content=\"summary_large_image\" \/>\n<meta name=\"twitter:label1\" content=\"Escrito por\" \/>\n\t<meta name=\"twitter:data1\" content=\"Zenilton Lima\" \/>\n\t<meta name=\"twitter:label2\" content=\"Est. tempo de leitura\" \/>\n\t<meta name=\"twitter:data2\" content=\"1 minuto\" \/>\n<script type=\"application\/ld+json\" class=\"yoast-schema-graph\">{\"@context\":\"https:\/\/schema.org\",\"@graph\":[{\"@type\":\"WebPage\",\"@id\":\"https:\/\/portalnpm.com\/index.php\/2019\/05\/15\/estradas-vicinais-de-francisco-macedo-serao-todas-recuperadas-diz-prefeito-nonato-alencar\/\",\"url\":\"https:\/\/portalnpm.com\/index.php\/2019\/05\/15\/estradas-vicinais-de-francisco-macedo-serao-todas-recuperadas-diz-prefeito-nonato-alencar\/\",\"name\":\"Estradas vicinais de Francisco Macedo ser\u00e3o todas recuperadas; diz prefeito Nonato Alencar - Portal NPM\",\"isPartOf\":{\"@id\":\"https:\/\/portalnpm.com\/#website\"},\"primaryImageOfPage\":{\"@id\":\"https:\/\/portalnpm.com\/index.php\/2019\/05\/15\/estradas-vicinais-de-francisco-macedo-serao-todas-recuperadas-diz-prefeito-nonato-alencar\/#primaryimage\"},\"image\":{\"@id\":\"https:\/\/portalnpm.com\/index.php\/2019\/05\/15\/estradas-vicinais-de-francisco-macedo-serao-todas-recuperadas-diz-prefeito-nonato-alencar\/#primaryimage\"},\"thumbnailUrl\":\"\",\"datePublished\":\"2019-05-15T21:18:31+00:00\",\"dateModified\":\"2019-05-15T21:18:31+00:00\",\"author\":{\"@id\":\"https:\/\/portalnpm.com\/#\/schema\/person\/35cb55186eae3f074b6783da6d35591e\"},\"breadcrumb\":{\"@id\":\"https:\/\/portalnpm.com\/index.php\/2019\/05\/15\/estradas-vicinais-de-francisco-macedo-serao-todas-recuperadas-diz-prefeito-nonato-alencar\/#breadcrumb\"},\"inLanguage\":\"pt-BR\",\"potentialAction\":[{\"@type\":\"ReadAction\",\"target\":[\"https:\/\/portalnpm.com\/index.php\/2019\/05\/15\/estradas-vicinais-de-francisco-macedo-serao-todas-recuperadas-diz-prefeito-nonato-alencar\/\"]}]},{\"@type\":\"ImageObject\",\"inLanguage\":\"pt-BR\",\"@id\":\"https:\/\/portalnpm.com\/index.php\/2019\/05\/15\/estradas-vicinais-de-francisco-macedo-serao-todas-recuperadas-diz-prefeito-nonato-alencar\/#primaryimage\",\"url\":\"\",\"contentUrl\":\"\"},{\"@type\":\"BreadcrumbList\",\"@id\":\"https:\/\/portalnpm.com\/index.php\/2019\/05\/15\/estradas-vicinais-de-francisco-macedo-serao-todas-recuperadas-diz-prefeito-nonato-alencar\/#breadcrumb\",\"itemListElement\":[{\"@type\":\"ListItem\",\"position\":1,\"name\":\"In\u00edcio\",\"item\":\"https:\/\/portalnpm.com\/\"},{\"@type\":\"ListItem\",\"position\":2,\"name\":\"Estradas vicinais de Francisco Macedo ser\u00e3o todas recuperadas; diz prefeito Nonato Alencar\"}]},{\"@type\":\"WebSite\",\"@id\":\"https:\/\/portalnpm.com\/#website\",\"url\":\"https:\/\/portalnpm.com\/\",\"name\":\"Portal NPM\",\"description\":\"Not\u00edcias em Primeira M\u00e3o\",\"potentialAction\":[{\"@type\":\"SearchAction\",\"target\":{\"@type\":\"EntryPoint\",\"urlTemplate\":\"https:\/\/portalnpm.com\/?s={search_term_string}\"},\"query-input\":\"required name=search_term_string\"}],\"inLanguage\":\"pt-BR\"},{\"@type\":\"Person\",\"@id\":\"https:\/\/portalnpm.com\/#\/schema\/person\/35cb55186eae3f074b6783da6d35591e\",\"name\":\"Zenilton Lima\",\"image\":{\"@type\":\"ImageObject\",\"inLanguage\":\"pt-BR\",\"@id\":\"https:\/\/portalnpm.com\/#\/schema\/person\/image\/\",\"url\":\"https:\/\/portalnpm.com\/wp-content\/uploads\/2024\/12\/avatar_user_8_1733658137-96x96.jpeg\",\"contentUrl\":\"https:\/\/portalnpm.com\/wp-content\/uploads\/2024\/12\/avatar_user_8_1733658137-96x96.jpeg\",\"caption\":\"Zenilton Lima\"},\"url\":\"https:\/\/portalnpm.com\/index.php\/author\/zenilton\/\"}]}<\/script>\n<!-- \/ Yoast SEO plugin. -->","yoast_head_json":{"title":"Estradas vicinais de Francisco Macedo ser\u00e3o todas recuperadas; diz prefeito Nonato Alencar - Portal NPM","robots":{"index":"index","follow":"follow","max-snippet":"max-snippet:-1","max-image-preview":"max-image-preview:large","max-video-preview":"max-video-preview:-1"},"canonical":"https:\/\/portalnpm.com\/index.php\/2019\/05\/15\/estradas-vicinais-de-francisco-macedo-serao-todas-recuperadas-diz-prefeito-nonato-alencar\/","og_locale":"pt_BR","og_type":"article","og_title":"Estradas vicinais de Francisco Macedo ser\u00e3o todas recuperadas; diz prefeito Nonato Alencar - Portal NPM","og_description":"A gest\u00e3o do prefeito Nonato Alencar, administrador do munic\u00edpio de Francisco Macedo, sempre pensando no bem da popula\u00e7\u00e3o, iniciou nesta quarta-feira (15) a recupera\u00e7\u00e3o de estradas vicinais. A\u00a0reforma das vias carro\u00e7\u00e1veis inicialmente ocorreu na localidade Comboeiro. Com recursos pr\u00f3prios do munic\u00edpio, a motoniveladora de propriedade da gest\u00e3o municipal, come\u00e7ou o processo de recupera\u00e7\u00e3o devido a &hellip;","og_url":"https:\/\/portalnpm.com\/index.php\/2019\/05\/15\/estradas-vicinais-de-francisco-macedo-serao-todas-recuperadas-diz-prefeito-nonato-alencar\/","og_site_name":"Portal NPM","article_published_time":"2019-05-15T21:18:31+00:00","author":"Zenilton Lima","twitter_card":"summary_large_image","twitter_misc":{"Escrito por":"Zenilton Lima","Est. tempo de leitura":"1 minuto"},"schema":{"@context":"https:\/\/schema.org","@graph":[{"@type":"WebPage","@id":"https:\/\/portalnpm.com\/index.php\/2019\/05\/15\/estradas-vicinais-de-francisco-macedo-serao-todas-recuperadas-diz-prefeito-nonato-alencar\/","url":"https:\/\/portalnpm.com\/index.php\/2019\/05\/15\/estradas-vicinais-de-francisco-macedo-serao-todas-recuperadas-diz-prefeito-nonato-alencar\/","name":"Estradas vicinais de Francisco Macedo ser\u00e3o todas recuperadas; diz prefeito Nonato Alencar - Portal NPM","isPartOf":{"@id":"https:\/\/portalnpm.com\/#website"},"primaryImageOfPage":{"@id":"https:\/\/portalnpm.com\/index.php\/2019\/05\/15\/estradas-vicinais-de-francisco-macedo-serao-todas-recuperadas-diz-prefeito-nonato-alencar\/#primaryimage"},"image":{"@id":"https:\/\/portalnpm.com\/index.php\/2019\/05\/15\/estradas-vicinais-de-francisco-macedo-serao-todas-recuperadas-diz-prefeito-nonato-alencar\/#primaryimage"},"thumbnailUrl":"","datePublished":"2019-05-15T21:18:31+00:00","dateModified":"2019-05-15T21:18:31+00:00","author":{"@id":"https:\/\/portalnpm.com\/#\/schema\/person\/35cb55186eae3f074b6783da6d35591e"},"breadcrumb":{"@id":"https:\/\/portalnpm.com\/index.php\/2019\/05\/15\/estradas-vicinais-de-francisco-macedo-serao-todas-recuperadas-diz-prefeito-nonato-alencar\/#breadcrumb"},"inLanguage":"pt-BR","potentialAction":[{"@type":"ReadAction","target":["https:\/\/portalnpm.com\/index.php\/2019\/05\/15\/estradas-vicinais-de-francisco-macedo-serao-todas-recuperadas-diz-prefeito-nonato-alencar\/"]}]},{"@type":"ImageObject","inLanguage":"pt-BR","@id":"https:\/\/portalnpm.com\/index.php\/2019\/05\/15\/estradas-vicinais-de-francisco-macedo-serao-todas-recuperadas-diz-prefeito-nonato-alencar\/#primaryimage","url":"","contentUrl":""},{"@type":"BreadcrumbList","@id":"https:\/\/portalnpm.com\/index.php\/2019\/05\/15\/estradas-vicinais-de-francisco-macedo-serao-todas-recuperadas-diz-prefeito-nonato-alencar\/#breadcrumb","itemListElement":[{"@type":"ListItem","position":1,"name":"In\u00edcio","item":"https:\/\/portalnpm.com\/"},{"@type":"ListItem","position":2,"name":"Estradas vicinais de Francisco Macedo ser\u00e3o todas recuperadas; diz prefeito Nonato Alencar"}]},{"@type":"WebSite","@id":"https:\/\/portalnpm.com\/#website","url":"https:\/\/portalnpm.com\/","name":"Portal NPM","description":"Not\u00edcias em Primeira M\u00e3o","potentialAction":[{"@type":"SearchAction","target":{"@type":"EntryPoint","urlTemplate":"https:\/\/portalnpm.com\/?s={search_term_string}"},"query-input":"required name=search_term_string"}],"inLanguage":"pt-BR"},{"@type":"Person","@id":"https:\/\/portalnpm.com\/#\/schema\/person\/35cb55186eae3f074b6783da6d35591e","name":"Zenilton Lima","image":{"@type":"ImageObject","inLanguage":"pt-BR","@id":"https:\/\/portalnpm.com\/#\/schema\/person\/image\/","url":"https:\/\/portalnpm.com\/wp-content\/uploads\/2024\/12\/avatar_user_8_1733658137-96x96.jpeg","contentUrl":"https:\/\/portalnpm.com\/wp-content\/uploads\/2024\/12\/avatar_user_8_1733658137-96x96.jpeg","caption":"Zenilton Lima"},"url":"https:\/\/portalnpm.com\/index.php\/author\/zenilton\/"}]}},"jetpack_sharing_enabled":true,"jetpack_featured_media_url":"","_links":{"self":[{"href":"https:\/\/portalnpm.com\/index.php\/wp-json\/wp\/v2\/posts\/8345"}],"collection":[{"href":"https:\/\/portalnpm.com\/index.php\/wp-json\/wp\/v2\/posts"}],"about":[{"href":"https:\/\/portalnpm.com\/index.php\/wp-json\/wp\/v2\/types\/post"}],"author":[{"embeddable":true,"href":"https:\/\/portalnpm.com\/index.php\/wp-json\/wp\/v2\/users\/8"}],"replies":[{"embeddable":true,"href":"https:\/\/portalnpm.com\/index.php\/wp-json\/wp\/v2\/comments?post=8345"}],"version-history":[{"count":0,"href":"https:\/\/portalnpm.com\/index.php\/wp-json\/wp\/v2\/posts\/8345\/revisions"}],"wp:featuredmedia":[{"embeddable":true,"href":"https:\/\/portalnpm.com\/index.php\/wp-json\/"}],"wp:attachment":[{"href":"https:\/\/portalnpm.com\/index.php\/wp-json\/wp\/v2\/media?parent=8345"}],"wp:term":[{"taxonomy":"category","embeddable":true,"href":"https:\/\/portalnpm.com\/index.php\/wp-json\/wp\/v2\/categories?post=8345"},{"taxonomy":"post_tag","embeddable":true,"href":"https:\/\/portalnpm.com\/index.php\/wp-json\/wp\/v2\/tags?post=8345"}],"curies":[{"name":"wp","href":"https:\/\/api.w.org\/{rel}","templated":true}]}}