{"id":83893,"date":"2025-01-20T11:32:54","date_gmt":"2025-01-20T14:32:54","guid":{"rendered":"https:\/\/portalnpm.com\/?p=83893"},"modified":"2025-01-20T11:32:54","modified_gmt":"2025-01-20T14:32:54","slug":"bolsa-familia-de-janeiro-comeca-a-ser-pago-nesta-segunda-20-confira-calendario","status":"publish","type":"post","link":"https:\/\/portalnpm.com\/index.php\/2025\/01\/20\/bolsa-familia-de-janeiro-comeca-a-ser-pago-nesta-segunda-20-confira-calendario\/","title":{"rendered":"Bolsa Fam\u00edlia de janeiro come\u00e7a a ser pago nesta segunda (20); confira calend\u00e1rio"},"content":{"rendered":"<p>O <strong>Bolsa Fam\u00edlia de janeiro come\u00e7a a ser pago<\/strong> pela<a href=\"https:\/\/www.meionews.com\/\" target=\"_blank\" rel=\"noopener\"> <strong>Caixa Econ\u00f4mica Federal<\/strong><\/a> a partir desta segunda-feira (20). Assim como no \u00faltimo ano, os pagamentos ser\u00e3o feitos de forma escalonada nos \u00faltimos dez dias \u00fateis do m\u00eas. O <strong>calend\u00e1rio seguir\u00e1 at\u00e9 o dia 31 de janeiro<\/strong>, tendo como base o final do NIS (N\u00famero de Identifica\u00e7\u00e3o Social).<\/p>\n<h2>PRIORIDADE<\/h2>\n<p>Benefici\u00e1rios de munic\u00edpios em situa\u00e7\u00e3o emergencial ou estado de calamidade p\u00fablica receber\u00e3o o pagamento no primeiro dia do calend\u00e1rio. Um estudo divulgado pela Unicef (Fundo das Na\u00e7\u00f5es Unidas para a Inf\u00e2ncia) na \u00faltima quinta-feira (16), indica que o n\u00famero de crian\u00e7as vivendo na pobreza diminuiu no Brasil. <strong>O pa\u00eds ainda t\u00eam, no entanto, mais da metade da popula\u00e7\u00e3o de 0 a 17 anos nessa situa\u00e7\u00e3o.<\/strong><\/p>\n<p>Entre os motivos que aplicam a redu\u00e7\u00e3o do n\u00famero, est\u00e1 a melhora no acesso \u00e0 renda, que contou com um avan\u00e7o proporcionado por pol\u00edticas p\u00fablicas como o Bolsa Fam\u00edlia.<\/p>\n<blockquote><p>&#8220;\u00c9 fundamental que nossas crian\u00e7as em situa\u00e7\u00e3o de vulnerabilidade tenham acesso a pol\u00edticas de seguran\u00e7a alimentar, assist\u00eancia social, sa\u00fade, saneamento e educa\u00e7\u00e3o. E isso \u00e9 poss\u00edvel gra\u00e7as ao conjunto abrangente de a\u00e7\u00f5es e programas que estamos implementando no Governo Federal&#8221;, afirma o ministro do MDS, Wellington Dias.<\/p><\/blockquote>\n<h2>CALEND\u00c1RIO DE JANEIRO DO BOLSA FAM\u00cdLIA<\/h2>\n<p>Final do NIS &#8211; Data de pagamento<\/p>\n<p>1 &#8211; 20 de janeiro<\/p>\n<p>2 &#8211; 21 de janeiro<\/p>\n<p>3 &#8211; 22 de janeiro<\/p>\n<p>4 &#8211; 23 de janeiro<\/p>\n<p>5 &#8211; 24 de janeiro<\/p>\n<p>6 &#8211; 27 de janeiro<\/p>\n<p>7 &#8211; 28 de janeiro<\/p>\n<p>8 &#8211; 29 de janeiro<\/p>\n<p>9 &#8211; 30 de janeiro<\/p>\n<p>0 &#8211; 31 de janeiro<\/p>\n<p><strong>No \u00faltimo m\u00eas, cerca de 200 mil domic\u00edlios foram adicionados ao programa<\/strong>, que pagou um valor m\u00e9dio de R$ 678,36. Em 2024, o Bolsa Fam\u00edlia chegou a cerca de 20,8 milh\u00f5es de fam\u00edlias com um valor m\u00e9dio de R$ 682 por m\u00eas.<\/p>\n<p><em><strong>Fonte<\/strong>: Meio Norte com informa\u00e7\u00f5es da FolhaPress &#8211; J\u00falia Galv\u00e3o)<\/em><\/p>\n","protected":false},"excerpt":{"rendered":"<p>O Bolsa Fam\u00edlia de janeiro come\u00e7a a ser pago pela Caixa Econ\u00f4mica Federal a partir desta segunda-feira (20). Assim como no \u00faltimo ano, os pagamentos ser\u00e3o feitos de forma escalonada nos \u00faltimos dez dias \u00fateis do m\u00eas. O calend\u00e1rio seguir\u00e1 at\u00e9 o dia 31 de janeiro, tendo como base o final do NIS (N\u00famero de &hellip;<\/p>\n","protected":false},"author":8,"featured_media":83894,"comment_status":"open","ping_status":"open","sticky":false,"template":"","format":"standard","meta":{"content-type":"","rop_custom_images_group":[],"rop_custom_messages_group":[],"rop_publish_now":"yes","rop_publish_now_accounts":{"facebook_2648258775420054_1618374048415101":""},"rop_publish_now_history":[],"rop_publish_now_status":"pending","footnotes":"","_jetpack_memberships_contains_paid_content":false},"categories":[113,125],"tags":[303,8798,386,930,934,230,657,1813,1732,4207,1733,979],"yoast_head":"<!-- This site is optimized with the Yoast SEO plugin v22.3 - https:\/\/yoast.com\/wordpress\/plugins\/seo\/ -->\n<title>Bolsa Fam\u00edlia de janeiro come\u00e7a a ser pago nesta segunda (20); confira calend\u00e1rio - Portal NPM<\/title>\n<meta name=\"robots\" content=\"index, follow, max-snippet:-1, max-image-preview:large, max-video-preview:-1\" \/>\n<link rel=\"canonical\" href=\"https:\/\/portalnpm.com\/index.php\/2025\/01\/20\/bolsa-familia-de-janeiro-comeca-a-ser-pago-nesta-segunda-20-confira-calendario\/\" \/>\n<meta property=\"og:locale\" content=\"pt_BR\" \/>\n<meta property=\"og:type\" content=\"article\" \/>\n<meta property=\"og:title\" content=\"Bolsa Fam\u00edlia de janeiro come\u00e7a a ser pago nesta segunda (20); confira calend\u00e1rio - Portal NPM\" \/>\n<meta property=\"og:description\" content=\"O Bolsa Fam\u00edlia de janeiro come\u00e7a a ser pago pela Caixa Econ\u00f4mica Federal a partir desta segunda-feira (20). Assim como no \u00faltimo ano, os pagamentos ser\u00e3o feitos de forma escalonada nos \u00faltimos dez dias \u00fateis do m\u00eas. O calend\u00e1rio seguir\u00e1 at\u00e9 o dia 31 de janeiro, tendo como base o final do NIS (N\u00famero de &hellip;\" \/>\n<meta property=\"og:url\" content=\"https:\/\/portalnpm.com\/index.php\/2025\/01\/20\/bolsa-familia-de-janeiro-comeca-a-ser-pago-nesta-segunda-20-confira-calendario\/\" \/>\n<meta property=\"og:site_name\" content=\"Portal NPM\" \/>\n<meta property=\"article:published_time\" content=\"2025-01-20T14:32:54+00:00\" \/>\n<meta property=\"og:image\" content=\"https:\/\/portalnpm.com\/wp-content\/uploads\/2025\/01\/IMG_6320.webp\" \/>\n\t<meta property=\"og:image:width\" content=\"1200\" \/>\n\t<meta property=\"og:image:height\" content=\"676\" \/>\n\t<meta property=\"og:image:type\" content=\"image\/webp\" \/>\n<meta name=\"author\" content=\"Zenilton Lima\" \/>\n<meta name=\"twitter:card\" content=\"summary_large_image\" \/>\n<meta name=\"twitter:label1\" content=\"Escrito por\" \/>\n\t<meta name=\"twitter:data1\" content=\"Zenilton Lima\" \/>\n\t<meta name=\"twitter:label2\" content=\"Est. tempo de leitura\" \/>\n\t<meta name=\"twitter:data2\" content=\"2 minutos\" \/>\n<script type=\"application\/ld+json\" class=\"yoast-schema-graph\">{\"@context\":\"https:\/\/schema.org\",\"@graph\":[{\"@type\":\"WebPage\",\"@id\":\"https:\/\/portalnpm.com\/index.php\/2025\/01\/20\/bolsa-familia-de-janeiro-comeca-a-ser-pago-nesta-segunda-20-confira-calendario\/\",\"url\":\"https:\/\/portalnpm.com\/index.php\/2025\/01\/20\/bolsa-familia-de-janeiro-comeca-a-ser-pago-nesta-segunda-20-confira-calendario\/\",\"name\":\"Bolsa Fam\u00edlia de janeiro come\u00e7a a ser pago nesta segunda (20); confira calend\u00e1rio - Portal NPM\",\"isPartOf\":{\"@id\":\"https:\/\/portalnpm.com\/#website\"},\"primaryImageOfPage\":{\"@id\":\"https:\/\/portalnpm.com\/index.php\/2025\/01\/20\/bolsa-familia-de-janeiro-comeca-a-ser-pago-nesta-segunda-20-confira-calendario\/#primaryimage\"},\"image\":{\"@id\":\"https:\/\/portalnpm.com\/index.php\/2025\/01\/20\/bolsa-familia-de-janeiro-comeca-a-ser-pago-nesta-segunda-20-confira-calendario\/#primaryimage\"},\"thumbnailUrl\":\"https:\/\/portalnpm.com\/wp-content\/uploads\/2025\/01\/IMG_6320.webp\",\"datePublished\":\"2025-01-20T14:32:54+00:00\",\"dateModified\":\"2025-01-20T14:32:54+00:00\",\"author\":{\"@id\":\"https:\/\/portalnpm.com\/#\/schema\/person\/35cb55186eae3f074b6783da6d35591e\"},\"breadcrumb\":{\"@id\":\"https:\/\/portalnpm.com\/index.php\/2025\/01\/20\/bolsa-familia-de-janeiro-comeca-a-ser-pago-nesta-segunda-20-confira-calendario\/#breadcrumb\"},\"inLanguage\":\"pt-BR\",\"potentialAction\":[{\"@type\":\"ReadAction\",\"target\":[\"https:\/\/portalnpm.com\/index.php\/2025\/01\/20\/bolsa-familia-de-janeiro-comeca-a-ser-pago-nesta-segunda-20-confira-calendario\/\"]}]},{\"@type\":\"ImageObject\",\"inLanguage\":\"pt-BR\",\"@id\":\"https:\/\/portalnpm.com\/index.php\/2025\/01\/20\/bolsa-familia-de-janeiro-comeca-a-ser-pago-nesta-segunda-20-confira-calendario\/#primaryimage\",\"url\":\"https:\/\/portalnpm.com\/wp-content\/uploads\/2025\/01\/IMG_6320.webp\",\"contentUrl\":\"https:\/\/portalnpm.com\/wp-content\/uploads\/2025\/01\/IMG_6320.webp\",\"width\":1200,\"height\":676,\"caption\":\"Bolsa Fam\u00edlia de janeiro come\u00e7a a ser pago nesta segunda (20) | Foto: Divulga\u00e7\u00e3o\/MDS\"},{\"@type\":\"BreadcrumbList\",\"@id\":\"https:\/\/portalnpm.com\/index.php\/2025\/01\/20\/bolsa-familia-de-janeiro-comeca-a-ser-pago-nesta-segunda-20-confira-calendario\/#breadcrumb\",\"itemListElement\":[{\"@type\":\"ListItem\",\"position\":1,\"name\":\"In\u00edcio\",\"item\":\"https:\/\/portalnpm.com\/\"},{\"@type\":\"ListItem\",\"position\":2,\"name\":\"Bolsa Fam\u00edlia de janeiro come\u00e7a a ser pago nesta segunda (20); confira calend\u00e1rio\"}]},{\"@type\":\"WebSite\",\"@id\":\"https:\/\/portalnpm.com\/#website\",\"url\":\"https:\/\/portalnpm.com\/\",\"name\":\"Portal NPM\",\"description\":\"Not\u00edcias em Primeira M\u00e3o\",\"potentialAction\":[{\"@type\":\"SearchAction\",\"target\":{\"@type\":\"EntryPoint\",\"urlTemplate\":\"https:\/\/portalnpm.com\/?s={search_term_string}\"},\"query-input\":\"required name=search_term_string\"}],\"inLanguage\":\"pt-BR\"},{\"@type\":\"Person\",\"@id\":\"https:\/\/portalnpm.com\/#\/schema\/person\/35cb55186eae3f074b6783da6d35591e\",\"name\":\"Zenilton Lima\",\"image\":{\"@type\":\"ImageObject\",\"inLanguage\":\"pt-BR\",\"@id\":\"https:\/\/portalnpm.com\/#\/schema\/person\/image\/\",\"url\":\"https:\/\/portalnpm.com\/wp-content\/uploads\/2024\/12\/avatar_user_8_1733658137-96x96.jpeg\",\"contentUrl\":\"https:\/\/portalnpm.com\/wp-content\/uploads\/2024\/12\/avatar_user_8_1733658137-96x96.jpeg\",\"caption\":\"Zenilton Lima\"},\"url\":\"https:\/\/portalnpm.com\/index.php\/author\/zenilton\/\"}]}<\/script>\n<!-- \/ Yoast SEO plugin. -->","yoast_head_json":{"title":"Bolsa Fam\u00edlia de janeiro come\u00e7a a ser pago nesta segunda (20); confira calend\u00e1rio - Portal NPM","robots":{"index":"index","follow":"follow","max-snippet":"max-snippet:-1","max-image-preview":"max-image-preview:large","max-video-preview":"max-video-preview:-1"},"canonical":"https:\/\/portalnpm.com\/index.php\/2025\/01\/20\/bolsa-familia-de-janeiro-comeca-a-ser-pago-nesta-segunda-20-confira-calendario\/","og_locale":"pt_BR","og_type":"article","og_title":"Bolsa Fam\u00edlia de janeiro come\u00e7a a ser pago nesta segunda (20); confira calend\u00e1rio - Portal NPM","og_description":"O Bolsa Fam\u00edlia de janeiro come\u00e7a a ser pago pela Caixa Econ\u00f4mica Federal a partir desta segunda-feira (20). Assim como no \u00faltimo ano, os pagamentos ser\u00e3o feitos de forma escalonada nos \u00faltimos dez dias \u00fateis do m\u00eas. O calend\u00e1rio seguir\u00e1 at\u00e9 o dia 31 de janeiro, tendo como base o final do NIS (N\u00famero de &hellip;","og_url":"https:\/\/portalnpm.com\/index.php\/2025\/01\/20\/bolsa-familia-de-janeiro-comeca-a-ser-pago-nesta-segunda-20-confira-calendario\/","og_site_name":"Portal NPM","article_published_time":"2025-01-20T14:32:54+00:00","og_image":[{"width":1200,"height":676,"url":"https:\/\/portalnpm.com\/wp-content\/uploads\/2025\/01\/IMG_6320.webp","type":"image\/webp"}],"author":"Zenilton Lima","twitter_card":"summary_large_image","twitter_misc":{"Escrito por":"Zenilton Lima","Est. tempo de leitura":"2 minutos"},"schema":{"@context":"https:\/\/schema.org","@graph":[{"@type":"WebPage","@id":"https:\/\/portalnpm.com\/index.php\/2025\/01\/20\/bolsa-familia-de-janeiro-comeca-a-ser-pago-nesta-segunda-20-confira-calendario\/","url":"https:\/\/portalnpm.com\/index.php\/2025\/01\/20\/bolsa-familia-de-janeiro-comeca-a-ser-pago-nesta-segunda-20-confira-calendario\/","name":"Bolsa Fam\u00edlia de janeiro come\u00e7a a ser pago nesta segunda (20); confira calend\u00e1rio - Portal NPM","isPartOf":{"@id":"https:\/\/portalnpm.com\/#website"},"primaryImageOfPage":{"@id":"https:\/\/portalnpm.com\/index.php\/2025\/01\/20\/bolsa-familia-de-janeiro-comeca-a-ser-pago-nesta-segunda-20-confira-calendario\/#primaryimage"},"image":{"@id":"https:\/\/portalnpm.com\/index.php\/2025\/01\/20\/bolsa-familia-de-janeiro-comeca-a-ser-pago-nesta-segunda-20-confira-calendario\/#primaryimage"},"thumbnailUrl":"https:\/\/portalnpm.com\/wp-content\/uploads\/2025\/01\/IMG_6320.webp","datePublished":"2025-01-20T14:32:54+00:00","dateModified":"2025-01-20T14:32:54+00:00","author":{"@id":"https:\/\/portalnpm.com\/#\/schema\/person\/35cb55186eae3f074b6783da6d35591e"},"breadcrumb":{"@id":"https:\/\/portalnpm.com\/index.php\/2025\/01\/20\/bolsa-familia-de-janeiro-comeca-a-ser-pago-nesta-segunda-20-confira-calendario\/#breadcrumb"},"inLanguage":"pt-BR","potentialAction":[{"@type":"ReadAction","target":["https:\/\/portalnpm.com\/index.php\/2025\/01\/20\/bolsa-familia-de-janeiro-comeca-a-ser-pago-nesta-segunda-20-confira-calendario\/"]}]},{"@type":"ImageObject","inLanguage":"pt-BR","@id":"https:\/\/portalnpm.com\/index.php\/2025\/01\/20\/bolsa-familia-de-janeiro-comeca-a-ser-pago-nesta-segunda-20-confira-calendario\/#primaryimage","url":"https:\/\/portalnpm.com\/wp-content\/uploads\/2025\/01\/IMG_6320.webp","contentUrl":"https:\/\/portalnpm.com\/wp-content\/uploads\/2025\/01\/IMG_6320.webp","width":1200,"height":676,"caption":"Bolsa Fam\u00edlia de janeiro come\u00e7a a ser pago nesta segunda (20) | Foto: Divulga\u00e7\u00e3o\/MDS"},{"@type":"BreadcrumbList","@id":"https:\/\/portalnpm.com\/index.php\/2025\/01\/20\/bolsa-familia-de-janeiro-comeca-a-ser-pago-nesta-segunda-20-confira-calendario\/#breadcrumb","itemListElement":[{"@type":"ListItem","position":1,"name":"In\u00edcio","item":"https:\/\/portalnpm.com\/"},{"@type":"ListItem","position":2,"name":"Bolsa Fam\u00edlia de janeiro come\u00e7a a ser pago nesta segunda (20); confira calend\u00e1rio"}]},{"@type":"WebSite","@id":"https:\/\/portalnpm.com\/#website","url":"https:\/\/portalnpm.com\/","name":"Portal NPM","description":"Not\u00edcias em Primeira M\u00e3o","potentialAction":[{"@type":"SearchAction","target":{"@type":"EntryPoint","urlTemplate":"https:\/\/portalnpm.com\/?s={search_term_string}"},"query-input":"required name=search_term_string"}],"inLanguage":"pt-BR"},{"@type":"Person","@id":"https:\/\/portalnpm.com\/#\/schema\/person\/35cb55186eae3f074b6783da6d35591e","name":"Zenilton Lima","image":{"@type":"ImageObject","inLanguage":"pt-BR","@id":"https:\/\/portalnpm.com\/#\/schema\/person\/image\/","url":"https:\/\/portalnpm.com\/wp-content\/uploads\/2024\/12\/avatar_user_8_1733658137-96x96.jpeg","contentUrl":"https:\/\/portalnpm.com\/wp-content\/uploads\/2024\/12\/avatar_user_8_1733658137-96x96.jpeg","caption":"Zenilton Lima"},"url":"https:\/\/portalnpm.com\/index.php\/author\/zenilton\/"}]}},"jetpack_sharing_enabled":true,"jetpack_featured_media_url":"https:\/\/portalnpm.com\/wp-content\/uploads\/2025\/01\/IMG_6320.webp","_links":{"self":[{"href":"https:\/\/portalnpm.com\/index.php\/wp-json\/wp\/v2\/posts\/83893"}],"collection":[{"href":"https:\/\/portalnpm.com\/index.php\/wp-json\/wp\/v2\/posts"}],"about":[{"href":"https:\/\/portalnpm.com\/index.php\/wp-json\/wp\/v2\/types\/post"}],"author":[{"embeddable":true,"href":"https:\/\/portalnpm.com\/index.php\/wp-json\/wp\/v2\/users\/8"}],"replies":[{"embeddable":true,"href":"https:\/\/portalnpm.com\/index.php\/wp-json\/wp\/v2\/comments?post=83893"}],"version-history":[{"count":1,"href":"https:\/\/portalnpm.com\/index.php\/wp-json\/wp\/v2\/posts\/83893\/revisions"}],"predecessor-version":[{"id":83895,"href":"https:\/\/portalnpm.com\/index.php\/wp-json\/wp\/v2\/posts\/83893\/revisions\/83895"}],"wp:featuredmedia":[{"embeddable":true,"href":"https:\/\/portalnpm.com\/index.php\/wp-json\/wp\/v2\/media\/83894"}],"wp:attachment":[{"href":"https:\/\/portalnpm.com\/index.php\/wp-json\/wp\/v2\/media?parent=83893"}],"wp:term":[{"taxonomy":"category","embeddable":true,"href":"https:\/\/portalnpm.com\/index.php\/wp-json\/wp\/v2\/categories?post=83893"},{"taxonomy":"post_tag","embeddable":true,"href":"https:\/\/portalnpm.com\/index.php\/wp-json\/wp\/v2\/tags?post=83893"}],"curies":[{"name":"wp","href":"https:\/\/api.w.org\/{rel}","templated":true}]}}