{"id":83922,"date":"2025-01-22T08:09:30","date_gmt":"2025-01-22T11:09:30","guid":{"rendered":"https:\/\/portalnpm.com\/?p=83922"},"modified":"2025-01-22T08:09:30","modified_gmt":"2025-01-22T11:09:30","slug":"governo-realiza-nesta-quarta-audiencia-para-debater-mudancas-anunciadas-pela-meta","status":"publish","type":"post","link":"https:\/\/portalnpm.com\/index.php\/2025\/01\/22\/governo-realiza-nesta-quarta-audiencia-para-debater-mudancas-anunciadas-pela-meta\/","title":{"rendered":"Governo realiza nesta quarta audi\u00eancia para debater mudan\u00e7as anunciadas pela Meta"},"content":{"rendered":"<p>A AGU (Advocacia-Geral da Uni\u00e3o) vai realizar nesta quarta-feira (22) uma audi\u00eancia p\u00fablica com \u00f3rg\u00e3os governamentais, entidades da sociedade civil, especialistas, acad\u00eamicos e representantes das ag\u00eancias de checagem de fatos para debater as mudan\u00e7as propostas pela Meta na verifica\u00e7\u00e3o de informa\u00e7\u00f5es publicadas nas plataformas da empresa, que \u00e9 dona do Facebook, Instagram e WhatsApp.<\/p>\n<p>O objetivo do encontro \u00e9 debater os eventuais impactos da decis\u00e3o da Meta no Brasil, assim como outras pol\u00edticas que ser\u00e3o implementadas pela empresa, mesmo fora do pa\u00eds. Recentemente, o empres\u00e1rio Mark Zuckerberg anunciou novas diretrizes, como o encerramento da checagem de fatos e a libera\u00e7\u00e3o de conte\u00fados preconceituosos.<\/p>\n<p>A audi\u00eancia p\u00fablica ser\u00e1 realizada no audit\u00f3rio da Escola Superior da AGU, em Bras\u00edlia, das 14h \u00e0s 18h, e vai contar com o apoio de integrantes dos Minist\u00e9rios da Justi\u00e7a e Seguran\u00e7a P\u00fablica, dos Direitos Humanos e da Cidadania, da Fazenda e da Secretaria de Comunica\u00e7\u00e3o Social da Presid\u00eancia da Rep\u00fablica. Os convidados ter\u00e3o, cada um, cinco minutos para discursar.<\/p>\n<p>Entre os convidados, est\u00e3o entidades como a Alphabet, Associa\u00e7\u00e3o Brasileira de Jornalismo Investigativo e Coaliz\u00e3o Direitos na Rede e integrantes da Universidade Federal do Rio de Janeiro, Universidade de S\u00e3o Paulo e da Funda\u00e7\u00e3o Getulio Vargas. As plataformas, como Meta, Linkedin, Tiktok, X, tamb\u00e9m integram a lista. Confira a lista dos convidados para a audi\u00eancia.<\/p>\n<h2><strong>O que ser\u00e1 discutido?<br \/>\n<\/strong><\/h2>\n<p>Os t\u00f3picos que ser\u00e3o abordados na reuni\u00e3o s\u00e3o os seguintes:<\/p>\n<ul>\n<li>Pol\u00edtica de conduta de \u00f3dio das plataformas digitais;<\/li>\n<li>Medidas para mitiga\u00e7\u00e3o da circula\u00e7\u00e3o de conte\u00fados criminosos e il\u00edcitos nas plataformas digitais;<\/li>\n<li>Impacto social e na sustentabilidade do jornalismo profissional, com eventual fim no Brasil de programas de checagem de fatos com substitui\u00e7\u00e3o por outras metodologias, a exemplo de \u201cnotas de comunidade\u201d;<\/li>\n<li>Aprimoramento do canal de den\u00fancias sobre enfrentamento da desinforma\u00e7\u00e3o e viola\u00e7\u00f5es de direitos fundamentais;<\/li>\n<li>Necessidade de relat\u00f3rios de transpar\u00eancia sobre a promo\u00e7\u00e3o e prote\u00e7\u00e3o dos direitos fundamentais e o enfrentamento \u00e0 desinforma\u00e7\u00e3o;<\/li>\n<li>Impacto das altera\u00e7\u00f5es na modera\u00e7\u00e3o de conte\u00fado sobre grupos historicamente marginalizados, como mulheres, pessoas LGBTQIA+, imigrantes e pessoas com defici\u00eancia, \u00e0 luz do regime jur\u00eddico-constitucional brasileiro de igualdade, n\u00e3o discrimina\u00e7\u00e3o,<\/li>\n<li>liberdade de express\u00e3o e dignidade da pessoa humana, em conson\u00e2ncia com os princ\u00edpios e normas do Direito Internacional dos Direitos Humanos, notadamente os compromissos assumidos pelo Brasil no \u00e2mbito do Sistema Interamericano e do Sistema das Na\u00e7\u00f5es Unidas, assegurando a prote\u00e7\u00e3o integral e o enfrentamento a pr\u00e1ticas discriminat\u00f3rias em ambientes digitais.<\/li>\n<\/ul>\n<h2><\/h2>\n<h2><strong>O que pode acontecer depois?<\/strong><\/h2>\n<p>Ap\u00f3s a audi\u00eancia, h\u00e1 a possibilidade de a AGU tomar outras provid\u00eancias, como acionar o STF (Supremo Tribunal Federal) para pedir alguma medida contra a Meta.<\/p>\n<p>Um dos pontos que causa mais preocupa\u00e7\u00e3o para o governo brasileiro \u00e9 a altera\u00e7\u00e3o e ado\u00e7\u00e3o, no Brasil, da \u201cpol\u00edtica de conduta de \u00f3dio\u201d (leia mais abaixo), que segundo a AGU \u201cpode representar terreno f\u00e9rtil para viola\u00e7\u00e3o da legisla\u00e7\u00e3o e de preceitos constitucionais que protegem direitos fundamentais dos cidad\u00e3os brasileiros\u201d.<\/p>\n<p>A avalia\u00e7\u00e3o \u00e9 de que os atuais termos de uso das plataformas n\u00e3o est\u00e3o adequados \u00e0 legisla\u00e7\u00e3o brasileira e n\u00e3o s\u00e3o suficientes para prote\u00e7\u00e3o dos direitos fundamentais de cidadania.<\/p>\n<p>A audi\u00eancia, ent\u00e3o, deve discutir tamb\u00e9m o dever de cuidado das redes sociais, os riscos da substitui\u00e7\u00e3o do programa de checagem e medidas para assegurar o cumprimento das leis nacionais.<\/p>\n<h2><strong>Suspens\u00e3o das redes sociais no Brasil?<\/strong><\/h2>\n<p>Com o debate entre a Meta e o Executivo, usu\u00e1rios das redes sociais levantaram a hip\u00f3tese de uma eventual suspens\u00e3o das redes sociais no pa\u00eds, a exemplo do que ocorreu com o X, em 2024. A rede social ficou bloqueada de 31 de agosto a 8 de outubro por n\u00e3o cumprir a determina\u00e7\u00e3o de indicar um representante legal em solo nacional.<\/p>\n<p>O especialista em direito digital e direito da personalidade Kevin de Sousa afirma que n\u00e3o h\u00e1, por enquanto, \u201cbase concreta que sustente uma eventual suspens\u00e3o de servi\u00e7os da Meta no Brasil\u201d, visto que a maioria das mudan\u00e7as s\u00f3 v\u00e3o valer nos Estados Unidos. \u201c\u00c9 importante destacar que as mudan\u00e7as mencionadas pela Meta, como a substitui\u00e7\u00e3o do programa de verifica\u00e7\u00e3o dos fatos e Notas da Comunidade, pela resposta que eles deram, est\u00e3o exclusivamente limitadas aos Estados Unidos, e n\u00e3o afeta a governan\u00e7a dentro do territ\u00f3rio brasileiro\u201d, argumenta.<\/p>\n<p>Souza destaca que o Supremo Tribunal Federal vem discutindo o Marco Civil da Internet, mais especificamente o artigo 19, que imp\u00f5e condi\u00e7\u00e3o para a responsabiliza\u00e7\u00e3o civil de provedor de internet e gestores de aplicativos por danos recorrentes de atos il\u00edcitos de terceiros. O tema ainda n\u00e3o teve um desfecho, e qualquer suspens\u00e3o de servi\u00e7os se mostra algo inexistente, segundo o especialista.<\/p>\n<p>\u201cNa minha an\u00e1lise, n\u00e3o h\u00e1 fundamento jur\u00eddico que sustente essa medida, que, a meu ver, \u00e9 extrema, de suspens\u00e3o de servi\u00e7os da Meta no Brasil. E qualquer decis\u00e3o nesse sentido, sem que haja um descumprimento efetivo da legisla\u00e7\u00e3o, ainda que haja uma eventual audi\u00eancia p\u00fablica para tratar sobre o tema, \u00e9 algo que \u00e9 suscet\u00edvel de contesta\u00e7\u00e3o jur\u00eddica, uma vez que n\u00e3o se tem nenhum preju\u00edzo pr\u00e1tico dentro do territ\u00f3rio nacional.\u201d<\/p>\n<h2><strong>Entenda<\/strong><\/h2>\n<p>Em 7 de janeiro, o empres\u00e1rio Mark Zuckerberg anunciou as mudan\u00e7as na empresa. As altera\u00e7\u00f5es previstas para as plataformas passam por novas pol\u00edticas ligadas \u00e0 checagem de fatos e buscam flexibilizar a modera\u00e7\u00e3o de conte\u00fado. Nem todas as regras ser\u00e3o aplicadas no Brasil, conforme reiterou a Meta, mas s\u00e3o novas diretrizes que podem trazer riscos ao espa\u00e7o digital, pela avalia\u00e7\u00e3o de especialistas.<\/p>\n<p>Zuckerberg deseja inserir nas plataformas as \u201cnotas da comunidade\u201d, a exemplo de como \u00e9 feito no X. Hoje, ag\u00eancias e empresas de checagem fazem a an\u00e1lise de informa\u00e7\u00f5es publicadas nas plataformas. O executivo tamb\u00e9m informou que Facebook, Instagram e Threads v\u00e3o voltar a permitir a recomenda\u00e7\u00e3o de conte\u00fados relacionados a temas pol\u00edticos. O CEO destacou que as altera\u00e7\u00f5es v\u00e3o entrar em vigor gradualmente.<\/p>\n<p>O servi\u00e7o de checagem de fatos ocorre desde 2016, sendo feito por jornalistas e especialistas em cerca de 115 pa\u00edses. O processo apura se a informa\u00e7\u00e3o que circula na plataforma \u00e9 verdadeira ou falsa e oferece a contextualiza\u00e7\u00e3o ao usu\u00e1rio.<\/p>\n<p>Em seguida, a Meta liberou a possibilidade de ofensas preconceituosas nas plataformas. Partes do documento da companhia norte-americana permitem que se fa\u00e7a no Facebook, Instagram, WhatsApp e Threads \u2014 desde que de \u201cforma sat\u00edrica\u201d \u2014 a livre associa\u00e7\u00e3o de homossexuais e transg\u00eaneros a termos como \u201cesquisitos\u201d. Esse trecho aparece na vers\u00e3o brasileira tamb\u00e9m.<\/p>\n<p>Diante do cen\u00e1rio, o governo acionou a Meta para saber se as mudan\u00e7as seriam adotadas no Brasil. Em resposta, a empresa de Zuckerberg informou que as altera\u00e7\u00f5es visam \u201cdiminuir o exagero na aplica\u00e7\u00e3o de nossas pol\u00edticas e reduzir erros\u201d, e que altera\u00e7\u00f5es ligadas \u00e0 modera\u00e7\u00e3o de conte\u00fados ficar\u00e3o por ora restritas aos Estados Unidos \u2014 sem modificar a forma de funcionamento no Brasil.<\/p>\n<p>A posi\u00e7\u00e3o de resposta \u00e0 AGU foi mais branda do que anunciado inicialmente por Zuckerberg, mas tamb\u00e9m traz impactos ao ambiente digital. No Brasil, passou a valer uma nova pol\u00edtica na restri\u00e7\u00e3o de conte\u00fados: parte das publica\u00e7\u00f5es que ferem os termos de uso n\u00e3o ser\u00e1 mais removida imediatamente, como antes acontecia. O tema, ent\u00e3o, virou embate entre a Meta e o Executivo.<\/p>\n<p><em><strong>Fonte<\/strong>: R7<\/em><\/p>\n","protected":false},"excerpt":{"rendered":"<p>A AGU (Advocacia-Geral da Uni\u00e3o) vai realizar nesta quarta-feira (22) uma audi\u00eancia p\u00fablica com \u00f3rg\u00e3os governamentais, entidades da sociedade civil, especialistas, acad\u00eamicos e representantes das ag\u00eancias de checagem de fatos para debater as mudan\u00e7as propostas pela Meta na verifica\u00e7\u00e3o de informa\u00e7\u00f5es publicadas nas plataformas da empresa, que \u00e9 dona do Facebook, Instagram e WhatsApp. O &hellip;<\/p>\n","protected":false},"author":8,"featured_media":83923,"comment_status":"open","ping_status":"open","sticky":false,"template":"","format":"standard","meta":{"content-type":"","rop_custom_images_group":[],"rop_custom_messages_group":[],"rop_publish_now":"yes","rop_publish_now_accounts":{"facebook_2648258775420054_1618374048415101":""},"rop_publish_now_history":[],"rop_publish_now_status":"pending","footnotes":"","_jetpack_memberships_contains_paid_content":false},"categories":[113,125],"tags":[16393,3829,13916,524,1828,824,1732,852,866,5027,1143],"yoast_head":"<!-- This site is optimized with the Yoast SEO plugin v22.3 - https:\/\/yoast.com\/wordpress\/plugins\/seo\/ -->\n<title>Governo realiza nesta quarta audi\u00eancia para debater mudan\u00e7as anunciadas pela Meta - Portal NPM<\/title>\n<meta name=\"robots\" content=\"index, follow, max-snippet:-1, max-image-preview:large, max-video-preview:-1\" \/>\n<link rel=\"canonical\" href=\"https:\/\/portalnpm.com\/index.php\/2025\/01\/22\/governo-realiza-nesta-quarta-audiencia-para-debater-mudancas-anunciadas-pela-meta\/\" \/>\n<meta property=\"og:locale\" content=\"pt_BR\" \/>\n<meta property=\"og:type\" content=\"article\" \/>\n<meta property=\"og:title\" content=\"Governo realiza nesta quarta audi\u00eancia para debater mudan\u00e7as anunciadas pela Meta - Portal NPM\" \/>\n<meta property=\"og:description\" content=\"A AGU (Advocacia-Geral da Uni\u00e3o) vai realizar nesta quarta-feira (22) uma audi\u00eancia p\u00fablica com \u00f3rg\u00e3os governamentais, entidades da sociedade civil, especialistas, acad\u00eamicos e representantes das ag\u00eancias de checagem de fatos para debater as mudan\u00e7as propostas pela Meta na verifica\u00e7\u00e3o de informa\u00e7\u00f5es publicadas nas plataformas da empresa, que \u00e9 dona do Facebook, Instagram e WhatsApp. O &hellip;\" \/>\n<meta property=\"og:url\" content=\"https:\/\/portalnpm.com\/index.php\/2025\/01\/22\/governo-realiza-nesta-quarta-audiencia-para-debater-mudancas-anunciadas-pela-meta\/\" \/>\n<meta property=\"og:site_name\" content=\"Portal NPM\" \/>\n<meta property=\"article:published_time\" content=\"2025-01-22T11:09:30+00:00\" \/>\n<meta property=\"og:image\" content=\"https:\/\/portalnpm.com\/wp-content\/uploads\/2025\/01\/IMG_6355.jpeg\" \/>\n\t<meta property=\"og:image:width\" content=\"1170\" \/>\n\t<meta property=\"og:image:height\" content=\"700\" \/>\n\t<meta property=\"og:image:type\" content=\"image\/jpeg\" \/>\n<meta name=\"author\" content=\"Zenilton Lima\" \/>\n<meta name=\"twitter:card\" content=\"summary_large_image\" \/>\n<meta name=\"twitter:label1\" content=\"Escrito por\" \/>\n\t<meta name=\"twitter:data1\" content=\"Zenilton Lima\" \/>\n\t<meta name=\"twitter:label2\" content=\"Est. tempo de leitura\" \/>\n\t<meta name=\"twitter:data2\" content=\"7 minutos\" \/>\n<script type=\"application\/ld+json\" class=\"yoast-schema-graph\">{\"@context\":\"https:\/\/schema.org\",\"@graph\":[{\"@type\":\"WebPage\",\"@id\":\"https:\/\/portalnpm.com\/index.php\/2025\/01\/22\/governo-realiza-nesta-quarta-audiencia-para-debater-mudancas-anunciadas-pela-meta\/\",\"url\":\"https:\/\/portalnpm.com\/index.php\/2025\/01\/22\/governo-realiza-nesta-quarta-audiencia-para-debater-mudancas-anunciadas-pela-meta\/\",\"name\":\"Governo realiza nesta quarta audi\u00eancia para debater mudan\u00e7as anunciadas pela Meta - Portal NPM\",\"isPartOf\":{\"@id\":\"https:\/\/portalnpm.com\/#website\"},\"primaryImageOfPage\":{\"@id\":\"https:\/\/portalnpm.com\/index.php\/2025\/01\/22\/governo-realiza-nesta-quarta-audiencia-para-debater-mudancas-anunciadas-pela-meta\/#primaryimage\"},\"image\":{\"@id\":\"https:\/\/portalnpm.com\/index.php\/2025\/01\/22\/governo-realiza-nesta-quarta-audiencia-para-debater-mudancas-anunciadas-pela-meta\/#primaryimage\"},\"thumbnailUrl\":\"https:\/\/portalnpm.com\/wp-content\/uploads\/2025\/01\/IMG_6355.jpeg\",\"datePublished\":\"2025-01-22T11:09:30+00:00\",\"dateModified\":\"2025-01-22T11:09:30+00:00\",\"author\":{\"@id\":\"https:\/\/portalnpm.com\/#\/schema\/person\/35cb55186eae3f074b6783da6d35591e\"},\"breadcrumb\":{\"@id\":\"https:\/\/portalnpm.com\/index.php\/2025\/01\/22\/governo-realiza-nesta-quarta-audiencia-para-debater-mudancas-anunciadas-pela-meta\/#breadcrumb\"},\"inLanguage\":\"pt-BR\",\"potentialAction\":[{\"@type\":\"ReadAction\",\"target\":[\"https:\/\/portalnpm.com\/index.php\/2025\/01\/22\/governo-realiza-nesta-quarta-audiencia-para-debater-mudancas-anunciadas-pela-meta\/\"]}]},{\"@type\":\"ImageObject\",\"inLanguage\":\"pt-BR\",\"@id\":\"https:\/\/portalnpm.com\/index.php\/2025\/01\/22\/governo-realiza-nesta-quarta-audiencia-para-debater-mudancas-anunciadas-pela-meta\/#primaryimage\",\"url\":\"https:\/\/portalnpm.com\/wp-content\/uploads\/2025\/01\/IMG_6355.jpeg\",\"contentUrl\":\"https:\/\/portalnpm.com\/wp-content\/uploads\/2025\/01\/IMG_6355.jpeg\",\"width\":1170,\"height\":700,\"caption\":\"Meta Divulga\u00e7\u00e3o\/ Meta\"},{\"@type\":\"BreadcrumbList\",\"@id\":\"https:\/\/portalnpm.com\/index.php\/2025\/01\/22\/governo-realiza-nesta-quarta-audiencia-para-debater-mudancas-anunciadas-pela-meta\/#breadcrumb\",\"itemListElement\":[{\"@type\":\"ListItem\",\"position\":1,\"name\":\"In\u00edcio\",\"item\":\"https:\/\/portalnpm.com\/\"},{\"@type\":\"ListItem\",\"position\":2,\"name\":\"Governo realiza nesta quarta audi\u00eancia para debater mudan\u00e7as anunciadas pela Meta\"}]},{\"@type\":\"WebSite\",\"@id\":\"https:\/\/portalnpm.com\/#website\",\"url\":\"https:\/\/portalnpm.com\/\",\"name\":\"Portal NPM\",\"description\":\"Not\u00edcias em Primeira M\u00e3o\",\"potentialAction\":[{\"@type\":\"SearchAction\",\"target\":{\"@type\":\"EntryPoint\",\"urlTemplate\":\"https:\/\/portalnpm.com\/?s={search_term_string}\"},\"query-input\":\"required name=search_term_string\"}],\"inLanguage\":\"pt-BR\"},{\"@type\":\"Person\",\"@id\":\"https:\/\/portalnpm.com\/#\/schema\/person\/35cb55186eae3f074b6783da6d35591e\",\"name\":\"Zenilton Lima\",\"image\":{\"@type\":\"ImageObject\",\"inLanguage\":\"pt-BR\",\"@id\":\"https:\/\/portalnpm.com\/#\/schema\/person\/image\/\",\"url\":\"https:\/\/portalnpm.com\/wp-content\/uploads\/2024\/12\/avatar_user_8_1733658137-96x96.jpeg\",\"contentUrl\":\"https:\/\/portalnpm.com\/wp-content\/uploads\/2024\/12\/avatar_user_8_1733658137-96x96.jpeg\",\"caption\":\"Zenilton Lima\"},\"url\":\"https:\/\/portalnpm.com\/index.php\/author\/zenilton\/\"}]}<\/script>\n<!-- \/ Yoast SEO plugin. -->","yoast_head_json":{"title":"Governo realiza nesta quarta audi\u00eancia para debater mudan\u00e7as anunciadas pela Meta - Portal NPM","robots":{"index":"index","follow":"follow","max-snippet":"max-snippet:-1","max-image-preview":"max-image-preview:large","max-video-preview":"max-video-preview:-1"},"canonical":"https:\/\/portalnpm.com\/index.php\/2025\/01\/22\/governo-realiza-nesta-quarta-audiencia-para-debater-mudancas-anunciadas-pela-meta\/","og_locale":"pt_BR","og_type":"article","og_title":"Governo realiza nesta quarta audi\u00eancia para debater mudan\u00e7as anunciadas pela Meta - Portal NPM","og_description":"A AGU (Advocacia-Geral da Uni\u00e3o) vai realizar nesta quarta-feira (22) uma audi\u00eancia p\u00fablica com \u00f3rg\u00e3os governamentais, entidades da sociedade civil, especialistas, acad\u00eamicos e representantes das ag\u00eancias de checagem de fatos para debater as mudan\u00e7as propostas pela Meta na verifica\u00e7\u00e3o de informa\u00e7\u00f5es publicadas nas plataformas da empresa, que \u00e9 dona do Facebook, Instagram e WhatsApp. O &hellip;","og_url":"https:\/\/portalnpm.com\/index.php\/2025\/01\/22\/governo-realiza-nesta-quarta-audiencia-para-debater-mudancas-anunciadas-pela-meta\/","og_site_name":"Portal NPM","article_published_time":"2025-01-22T11:09:30+00:00","og_image":[{"width":1170,"height":700,"url":"https:\/\/portalnpm.com\/wp-content\/uploads\/2025\/01\/IMG_6355.jpeg","type":"image\/jpeg"}],"author":"Zenilton Lima","twitter_card":"summary_large_image","twitter_misc":{"Escrito por":"Zenilton Lima","Est. tempo de leitura":"7 minutos"},"schema":{"@context":"https:\/\/schema.org","@graph":[{"@type":"WebPage","@id":"https:\/\/portalnpm.com\/index.php\/2025\/01\/22\/governo-realiza-nesta-quarta-audiencia-para-debater-mudancas-anunciadas-pela-meta\/","url":"https:\/\/portalnpm.com\/index.php\/2025\/01\/22\/governo-realiza-nesta-quarta-audiencia-para-debater-mudancas-anunciadas-pela-meta\/","name":"Governo realiza nesta quarta audi\u00eancia para debater mudan\u00e7as anunciadas pela Meta - Portal NPM","isPartOf":{"@id":"https:\/\/portalnpm.com\/#website"},"primaryImageOfPage":{"@id":"https:\/\/portalnpm.com\/index.php\/2025\/01\/22\/governo-realiza-nesta-quarta-audiencia-para-debater-mudancas-anunciadas-pela-meta\/#primaryimage"},"image":{"@id":"https:\/\/portalnpm.com\/index.php\/2025\/01\/22\/governo-realiza-nesta-quarta-audiencia-para-debater-mudancas-anunciadas-pela-meta\/#primaryimage"},"thumbnailUrl":"https:\/\/portalnpm.com\/wp-content\/uploads\/2025\/01\/IMG_6355.jpeg","datePublished":"2025-01-22T11:09:30+00:00","dateModified":"2025-01-22T11:09:30+00:00","author":{"@id":"https:\/\/portalnpm.com\/#\/schema\/person\/35cb55186eae3f074b6783da6d35591e"},"breadcrumb":{"@id":"https:\/\/portalnpm.com\/index.php\/2025\/01\/22\/governo-realiza-nesta-quarta-audiencia-para-debater-mudancas-anunciadas-pela-meta\/#breadcrumb"},"inLanguage":"pt-BR","potentialAction":[{"@type":"ReadAction","target":["https:\/\/portalnpm.com\/index.php\/2025\/01\/22\/governo-realiza-nesta-quarta-audiencia-para-debater-mudancas-anunciadas-pela-meta\/"]}]},{"@type":"ImageObject","inLanguage":"pt-BR","@id":"https:\/\/portalnpm.com\/index.php\/2025\/01\/22\/governo-realiza-nesta-quarta-audiencia-para-debater-mudancas-anunciadas-pela-meta\/#primaryimage","url":"https:\/\/portalnpm.com\/wp-content\/uploads\/2025\/01\/IMG_6355.jpeg","contentUrl":"https:\/\/portalnpm.com\/wp-content\/uploads\/2025\/01\/IMG_6355.jpeg","width":1170,"height":700,"caption":"Meta Divulga\u00e7\u00e3o\/ Meta"},{"@type":"BreadcrumbList","@id":"https:\/\/portalnpm.com\/index.php\/2025\/01\/22\/governo-realiza-nesta-quarta-audiencia-para-debater-mudancas-anunciadas-pela-meta\/#breadcrumb","itemListElement":[{"@type":"ListItem","position":1,"name":"In\u00edcio","item":"https:\/\/portalnpm.com\/"},{"@type":"ListItem","position":2,"name":"Governo realiza nesta quarta audi\u00eancia para debater mudan\u00e7as anunciadas pela Meta"}]},{"@type":"WebSite","@id":"https:\/\/portalnpm.com\/#website","url":"https:\/\/portalnpm.com\/","name":"Portal NPM","description":"Not\u00edcias em Primeira M\u00e3o","potentialAction":[{"@type":"SearchAction","target":{"@type":"EntryPoint","urlTemplate":"https:\/\/portalnpm.com\/?s={search_term_string}"},"query-input":"required name=search_term_string"}],"inLanguage":"pt-BR"},{"@type":"Person","@id":"https:\/\/portalnpm.com\/#\/schema\/person\/35cb55186eae3f074b6783da6d35591e","name":"Zenilton Lima","image":{"@type":"ImageObject","inLanguage":"pt-BR","@id":"https:\/\/portalnpm.com\/#\/schema\/person\/image\/","url":"https:\/\/portalnpm.com\/wp-content\/uploads\/2024\/12\/avatar_user_8_1733658137-96x96.jpeg","contentUrl":"https:\/\/portalnpm.com\/wp-content\/uploads\/2024\/12\/avatar_user_8_1733658137-96x96.jpeg","caption":"Zenilton Lima"},"url":"https:\/\/portalnpm.com\/index.php\/author\/zenilton\/"}]}},"jetpack_sharing_enabled":true,"jetpack_featured_media_url":"https:\/\/portalnpm.com\/wp-content\/uploads\/2025\/01\/IMG_6355.jpeg","_links":{"self":[{"href":"https:\/\/portalnpm.com\/index.php\/wp-json\/wp\/v2\/posts\/83922"}],"collection":[{"href":"https:\/\/portalnpm.com\/index.php\/wp-json\/wp\/v2\/posts"}],"about":[{"href":"https:\/\/portalnpm.com\/index.php\/wp-json\/wp\/v2\/types\/post"}],"author":[{"embeddable":true,"href":"https:\/\/portalnpm.com\/index.php\/wp-json\/wp\/v2\/users\/8"}],"replies":[{"embeddable":true,"href":"https:\/\/portalnpm.com\/index.php\/wp-json\/wp\/v2\/comments?post=83922"}],"version-history":[{"count":1,"href":"https:\/\/portalnpm.com\/index.php\/wp-json\/wp\/v2\/posts\/83922\/revisions"}],"predecessor-version":[{"id":83924,"href":"https:\/\/portalnpm.com\/index.php\/wp-json\/wp\/v2\/posts\/83922\/revisions\/83924"}],"wp:featuredmedia":[{"embeddable":true,"href":"https:\/\/portalnpm.com\/index.php\/wp-json\/wp\/v2\/media\/83923"}],"wp:attachment":[{"href":"https:\/\/portalnpm.com\/index.php\/wp-json\/wp\/v2\/media?parent=83922"}],"wp:term":[{"taxonomy":"category","embeddable":true,"href":"https:\/\/portalnpm.com\/index.php\/wp-json\/wp\/v2\/categories?post=83922"},{"taxonomy":"post_tag","embeddable":true,"href":"https:\/\/portalnpm.com\/index.php\/wp-json\/wp\/v2\/tags?post=83922"}],"curies":[{"name":"wp","href":"https:\/\/api.w.org\/{rel}","templated":true}]}}