{"id":8393,"date":"2019-05-16T11:34:39","date_gmt":"2019-05-16T14:34:39","guid":{"rendered":"http:\/\/srv.portalnpm.com.br\/?p=8393"},"modified":"2019-05-16T11:34:39","modified_gmt":"2019-05-16T14:34:39","slug":"dono-da-havan-diz-que-vai-inaugurar-loja-em-teresina-ainda-em-2019","status":"publish","type":"post","link":"https:\/\/portalnpm.com\/index.php\/2019\/05\/16\/dono-da-havan-diz-que-vai-inaugurar-loja-em-teresina-ainda-em-2019\/","title":{"rendered":"Dono da Havan diz que vai inaugurar loja em Teresina ainda em 2019"},"content":{"rendered":"<p style=\"text-align: justify;\">Em entrevista de \u00e1udio ao\u00a0<strong>podcast do Primocast<\/strong>, o dono da Havan, Luciano Hang, disse que vai abrir uma loja em Teresina ainda no ano de 2019.<\/p>\n<p style=\"text-align: justify;\">A loja de departamentos que est\u00e1 em processo de expans\u00e3o para todo Brasil, ficou bastante conhecida principalmente na \u00faltima elei\u00e7\u00e3o ap\u00f3s Hang apoiar publicamente a candidatura de Bolsonaro.<\/p>\n<p><img fetchpriority=\"high\" decoding=\"async\" class=\"aligncenter size-full wp-image-8394\" src=\"http:\/\/portalnpm.com\/wp-content\/uploads\/2019\/05\/1-1.jpg\" alt=\"\" width=\"599\" height=\"472\" \/><\/p>\n<p style=\"text-align: justify;\">\u201cA Havan come\u00e7ou no interior e no interior est\u00e1, mas estamos em v\u00e1rias capitais, estamos em Curitiba, estou em cidades onde a burocracia \u00e9 menor\u2026 Este ano vamos abrir 25 megalojas, teremos de 20, 25, 30 mil metros quadrados, lojas de 15 mil, 16 mil, 20 mil metros quadrados, eu preciso de \u00e1rea e preciso da velocidade de ganhar o alvar\u00e1\u2026 Eu j\u00e1 fui para cidades em que eu demorei cinco anos \u00a0para conseguir um alvar\u00e1 de constru\u00e7\u00e3o, \u00e9 mais f\u00e1cil voc\u00ea construir uma loja do zero, eu fa\u00e7o em 60, 90, 120 dias, e eu demoro cinco anos para conseguir uma licen\u00e7a\u2026 Eu vou para um lugar onde o prefeito me procura, onde todo mundo quer uma loja, onde eles me empurram, me pedem para que eu fa\u00e7a. Ai eu vou para um logar onde eu vou ficar anos e anos e quanto custaria se eu ficar comprando terreno, terreno, terreno e eu ficar cinco anos esperando para conseguir?\u201d, desabafou ele na entrevista.<\/p>\n<p style=\"text-align: justify;\">A inaugura\u00e7\u00e3o da loja em Teresina pode gerar entre 100 e 200 empregos diretos.<\/p>\n<p style=\"text-align: justify;\">\u201cUm dia vamos colocar em S\u00e3o Paulo, assim como vamos colocar no Rio, mas n\u00e3o \u00e9 minha prioridade, minha prioridade \u00e9 as capitais do Nordeste. Vou colocar agora Bel\u00e9m, S\u00e3o Lu\u00eds do Maranh\u00e3o, Teresina esse ano vou inaugurar\u201d, disse.<\/p>\n<p style=\"text-align: justify;\"><strong>Ou\u00e7a a parte da entrevista:<\/strong><\/p>\n<p><iframe title=\"Dono da Havan diz que vai abrir loja em Teresina ainda em 2019\" width=\"500\" height=\"281\" src=\"https:\/\/www.youtube.com\/embed\/tvm7cvEb54s?feature=oembed\" frameborder=\"0\" allow=\"accelerometer; autoplay; clipboard-write; encrypted-media; gyroscope; picture-in-picture; web-share\" referrerpolicy=\"strict-origin-when-cross-origin\" allowfullscreen><\/iframe><\/p>\n<p style=\"text-align: justify;\">O\u00a0<strong>180\u00a0<\/strong>vai publicar uma s\u00e9rie de mat\u00e9rias nos pr\u00f3ximos dias sobre a abertura da loja em Teresina e o impacto na economia e gera\u00e7\u00e3o de empregos.<\/p>\n<p><img decoding=\"async\" class=\"aligncenter size-full wp-image-8395\" src=\"http:\/\/portalnpm.com\/wp-content\/uploads\/2019\/05\/2.jpg\" alt=\"\" width=\"598\" height=\"410\" \/><\/p>\n<p style=\"text-align: justify;\"><strong>Sobre a Havan<\/strong><br \/>\nO nome, vem da jun\u00e7\u00e3o de Hang e Vanderlei, antigo s\u00f3cio, desta uni\u00e3o nasce a marca HAVAN. A loja que come\u00e7ou pequena nos anos 90, vislumbrou um novo potencial de mercado com a abertura das fronteiras para produtos estrangeiros e passou a importar tecidos e artigos de baixo valor agregado.<\/p>\n<p style=\"text-align: justify;\">Em 1999, Luciano Hang percebeu os rumos da economia com a desvaloriza\u00e7\u00e3o cambial e definiu uma nova voca\u00e7\u00e3o para a Havan, que a partir de ent\u00e3o ingressava no segmento de lojas de departamentos.<\/p>\n<p style=\"text-align: justify;\">Em 2008, assumiu a restaura\u00e7\u00e3o do antigo Castelinho de Moellmann, considerado um dos principais cart\u00f5es postais de Santa Catarina e que encontrava-se em estado de abandono. Com um investimento expressivo, Luciano Hang implementou a primeira loja tem\u00e1tica da rede, aliando o passado e futuro.<\/p>\n<p style=\"text-align: justify;\">Em 2010, a rede de lojas de departamentos inaugurou uma megaloja em Barra Velha, a Parada Havan, nesta cidade tamb\u00e9m \u00e9 instalado o CDH, Centro de Distribui\u00e7\u00e3o Havan.<\/p>\n<p><img decoding=\"async\" class=\"aligncenter size-full wp-image-8396\" src=\"http:\/\/portalnpm.com\/wp-content\/uploads\/2019\/05\/3.jpg\" alt=\"\" width=\"601\" height=\"411\" \/><\/p>\n<p style=\"text-align: justify;\">Hoje o Grupo Havan, liderado por Luciano, contempla al\u00e9m das lojas outros empreendimentos no Sul do Brasil, nos segmentos de gera\u00e7\u00e3o de energia el\u00e9trica, postos de combust\u00edvel, factoring, hotelaria, entre outros.<\/p>\n<p style=\"text-align: justify;\">O empres\u00e1rio tamb\u00e9m acumula premia\u00e7\u00f5es, frutos do reconhecimento das comunidades onde atua, com um trabalho inovador. Luciano Hang recebeu o Top Turismo ADVB\/SC em 2008 e 2010, em reconhecimento aos projetos Castelo Havan e Natal Luz Havan.<\/p>\n<p style=\"text-align: justify;\">O Pr\u00eamio Conceito Varejista foi obtido nos anos de 2008 a 2013 consecutivamente, conferido pelo Sindilojas Blumenau. Da mesma entidade, em 2008, Hang recebeu a men\u00e7\u00e3o Empres\u00e1rio 2008 e da FCDL\/SC foi agraciado em 2009 com o M\u00e9rito Lojista Catarinense na categoria Empreendedorismo.<\/p>\n<p style=\"text-align: justify;\">Em 2011, para coroar sua trajet\u00f3ria de sucesso, Luciano Hang foi eleito Personalidade de Vendas ADBV\/SC 2011. Em 2012 recebeu o Pr\u00eamio F\u00f3rum de L\u00edderes Empresariais. Em 2013 foi o Empres\u00e1rio Destaque no Com\u00e9rcio no Pr\u00eamio Top of Mind e em 2014 chegou ao Raking dos 100 L\u00edderes de Melhor Reputa\u00e7\u00e3o no Brasil pela consultoria Merco, publicado pela Revista Exame, e ainda, recebeu o Pr\u00eamio Empreendedor Jos\u00e9 Pascoal Baggio (2014), concedido pelo Jornal Correio Lageano, como destaque no ICMS adicionado.<\/p>\n<p style=\"text-align: justify;\">A Havan tamb\u00e9m recebeu diversas vezes premia\u00e7\u00f5es como o Top of Mind e o Pr\u00eamio Impar. Em 2012 conquistou o M\u00e9rito Lojista Nacional na Categoria Marketing pela CNDL. Tamb\u00e9m conquistou o IV Pr\u00eamio Ranking dos 100 Maiores Contribuintes do ICMS do Paran\u00e1 2012\/2013, pela Fecom\u00e9rcio Paran\u00e1 e Di\u00e1rio da Ind\u00fastria e Com\u00e9rcio.<\/p>\n<p style=\"text-align: justify;\">Em 2014 atingiu o ranking dos 35 Maiores Varejistas do Brasil pela Revista Exame e Ibevar e tamb\u00e9m a Comenda \u201cOrdem da Estrela da Solidariedade Italiana, concedida pelo governo Italiano.<\/p>\n<p style=\"text-align: justify;\">Em 2016 a marca recebe mais uma vez o pr\u00eamio ADVB Top de marketing atrav\u00e9s da campanha Quem \u00e9 o dono da Havan. A divulga\u00e7\u00e3o tornou Luciano Hang personalidade do ano e desvendou o mist\u00e9rio, que algumas pessoas acreditavam, sobre quem era o verdadeiro propriet\u00e1rio da marca.<\/p>\n<p style=\"text-align: justify;\">2017 foi o marco de 100 megalojas Havan em todo o Brasil, a 100\u00aa filial foi inaugurada em Rio Branco no Acre, mais de 150 mil pessoas estiveram presentes no evento. O grande objetivo \u00e9 chegar \u00e0 200 megalojas Havan at\u00e9 2022.<\/p>\n<p style=\"text-align: justify;\">\u201cUma hist\u00f3ria constru\u00edda com a dedica\u00e7\u00e3o e o comprometimento de cada colaborador. Pessoas que fazem da Havan a extens\u00e3o de sua casa. Que fazem al\u00e9m de suas obriga\u00e7\u00f5es, procurando sempre encantar o cliente. \u00c9 esse conjunto de atributos \u2013 pessoas, ousadia e coragem \u2013 que permite \u00e0 Havan planejar um futuro ainda mais deslumbrante.\u201d<\/p>\n<div class=\"l_fanpage\" style=\"text-align: justify;\"><strong>podcast do Primocast<\/strong>,<\/div>\n","protected":false},"excerpt":{"rendered":"<p>Em entrevista de \u00e1udio ao\u00a0podcast do Primocast, o dono da Havan, Luciano Hang, disse que vai abrir uma loja em Teresina ainda no ano de 2019. A loja de departamentos que est\u00e1 em processo de expans\u00e3o para todo Brasil, ficou bastante conhecida principalmente na \u00faltima elei\u00e7\u00e3o ap\u00f3s Hang apoiar publicamente a candidatura de Bolsonaro. \u201cA &hellip;<\/p>\n","protected":false},"author":8,"featured_media":8397,"comment_status":"open","ping_status":"open","sticky":false,"template":"","format":"standard","meta":{"content-type":"","rop_custom_images_group":[],"rop_custom_messages_group":[],"rop_publish_now":"initial","rop_publish_now_accounts":{"facebook_2648258775420054_1618374048415101":""},"rop_publish_now_history":[],"rop_publish_now_status":"pending","footnotes":"","_jetpack_memberships_contains_paid_content":false},"categories":[125,118],"tags":[1737,2854,2855,766],"yoast_head":"<!-- This site is optimized with the Yoast SEO plugin v22.3 - https:\/\/yoast.com\/wordpress\/plugins\/seo\/ -->\n<title>Dono da Havan diz que vai inaugurar loja em Teresina ainda em 2019 - Portal NPM<\/title>\n<meta name=\"robots\" content=\"index, follow, max-snippet:-1, max-image-preview:large, max-video-preview:-1\" \/>\n<link rel=\"canonical\" href=\"https:\/\/portalnpm.com\/index.php\/2019\/05\/16\/dono-da-havan-diz-que-vai-inaugurar-loja-em-teresina-ainda-em-2019\/\" \/>\n<meta property=\"og:locale\" content=\"pt_BR\" \/>\n<meta property=\"og:type\" content=\"article\" \/>\n<meta property=\"og:title\" content=\"Dono da Havan diz que vai inaugurar loja em Teresina ainda em 2019 - Portal NPM\" \/>\n<meta property=\"og:description\" content=\"Em entrevista de \u00e1udio ao\u00a0podcast do Primocast, o dono da Havan, Luciano Hang, disse que vai abrir uma loja em Teresina ainda no ano de 2019. A loja de departamentos que est\u00e1 em processo de expans\u00e3o para todo Brasil, ficou bastante conhecida principalmente na \u00faltima elei\u00e7\u00e3o ap\u00f3s Hang apoiar publicamente a candidatura de Bolsonaro. \u201cA &hellip;\" \/>\n<meta property=\"og:url\" content=\"https:\/\/portalnpm.com\/index.php\/2019\/05\/16\/dono-da-havan-diz-que-vai-inaugurar-loja-em-teresina-ainda-em-2019\/\" \/>\n<meta property=\"og:site_name\" content=\"Portal NPM\" \/>\n<meta property=\"article:published_time\" content=\"2019-05-16T14:34:39+00:00\" \/>\n<meta name=\"author\" content=\"Zenilton Lima\" \/>\n<meta name=\"twitter:card\" content=\"summary_large_image\" \/>\n<meta name=\"twitter:label1\" content=\"Escrito por\" \/>\n\t<meta name=\"twitter:data1\" content=\"Zenilton Lima\" \/>\n\t<meta name=\"twitter:label2\" content=\"Est. tempo de leitura\" \/>\n\t<meta name=\"twitter:data2\" content=\"5 minutos\" \/>\n<script type=\"application\/ld+json\" class=\"yoast-schema-graph\">{\"@context\":\"https:\/\/schema.org\",\"@graph\":[{\"@type\":\"WebPage\",\"@id\":\"https:\/\/portalnpm.com\/index.php\/2019\/05\/16\/dono-da-havan-diz-que-vai-inaugurar-loja-em-teresina-ainda-em-2019\/\",\"url\":\"https:\/\/portalnpm.com\/index.php\/2019\/05\/16\/dono-da-havan-diz-que-vai-inaugurar-loja-em-teresina-ainda-em-2019\/\",\"name\":\"Dono da Havan diz que vai inaugurar loja em Teresina ainda em 2019 - Portal NPM\",\"isPartOf\":{\"@id\":\"https:\/\/portalnpm.com\/#website\"},\"primaryImageOfPage\":{\"@id\":\"https:\/\/portalnpm.com\/index.php\/2019\/05\/16\/dono-da-havan-diz-que-vai-inaugurar-loja-em-teresina-ainda-em-2019\/#primaryimage\"},\"image\":{\"@id\":\"https:\/\/portalnpm.com\/index.php\/2019\/05\/16\/dono-da-havan-diz-que-vai-inaugurar-loja-em-teresina-ainda-em-2019\/#primaryimage\"},\"thumbnailUrl\":\"\",\"datePublished\":\"2019-05-16T14:34:39+00:00\",\"dateModified\":\"2019-05-16T14:34:39+00:00\",\"author\":{\"@id\":\"https:\/\/portalnpm.com\/#\/schema\/person\/35cb55186eae3f074b6783da6d35591e\"},\"breadcrumb\":{\"@id\":\"https:\/\/portalnpm.com\/index.php\/2019\/05\/16\/dono-da-havan-diz-que-vai-inaugurar-loja-em-teresina-ainda-em-2019\/#breadcrumb\"},\"inLanguage\":\"pt-BR\",\"potentialAction\":[{\"@type\":\"ReadAction\",\"target\":[\"https:\/\/portalnpm.com\/index.php\/2019\/05\/16\/dono-da-havan-diz-que-vai-inaugurar-loja-em-teresina-ainda-em-2019\/\"]}]},{\"@type\":\"ImageObject\",\"inLanguage\":\"pt-BR\",\"@id\":\"https:\/\/portalnpm.com\/index.php\/2019\/05\/16\/dono-da-havan-diz-que-vai-inaugurar-loja-em-teresina-ainda-em-2019\/#primaryimage\",\"url\":\"\",\"contentUrl\":\"\"},{\"@type\":\"BreadcrumbList\",\"@id\":\"https:\/\/portalnpm.com\/index.php\/2019\/05\/16\/dono-da-havan-diz-que-vai-inaugurar-loja-em-teresina-ainda-em-2019\/#breadcrumb\",\"itemListElement\":[{\"@type\":\"ListItem\",\"position\":1,\"name\":\"In\u00edcio\",\"item\":\"https:\/\/portalnpm.com\/\"},{\"@type\":\"ListItem\",\"position\":2,\"name\":\"Dono da Havan diz que vai inaugurar loja em Teresina ainda em 2019\"}]},{\"@type\":\"WebSite\",\"@id\":\"https:\/\/portalnpm.com\/#website\",\"url\":\"https:\/\/portalnpm.com\/\",\"name\":\"Portal NPM\",\"description\":\"Not\u00edcias em Primeira M\u00e3o\",\"potentialAction\":[{\"@type\":\"SearchAction\",\"target\":{\"@type\":\"EntryPoint\",\"urlTemplate\":\"https:\/\/portalnpm.com\/?s={search_term_string}\"},\"query-input\":\"required name=search_term_string\"}],\"inLanguage\":\"pt-BR\"},{\"@type\":\"Person\",\"@id\":\"https:\/\/portalnpm.com\/#\/schema\/person\/35cb55186eae3f074b6783da6d35591e\",\"name\":\"Zenilton Lima\",\"image\":{\"@type\":\"ImageObject\",\"inLanguage\":\"pt-BR\",\"@id\":\"https:\/\/portalnpm.com\/#\/schema\/person\/image\/\",\"url\":\"https:\/\/portalnpm.com\/wp-content\/uploads\/2024\/12\/avatar_user_8_1733658137-96x96.jpeg\",\"contentUrl\":\"https:\/\/portalnpm.com\/wp-content\/uploads\/2024\/12\/avatar_user_8_1733658137-96x96.jpeg\",\"caption\":\"Zenilton Lima\"},\"url\":\"https:\/\/portalnpm.com\/index.php\/author\/zenilton\/\"}]}<\/script>\n<!-- \/ Yoast SEO plugin. -->","yoast_head_json":{"title":"Dono da Havan diz que vai inaugurar loja em Teresina ainda em 2019 - Portal NPM","robots":{"index":"index","follow":"follow","max-snippet":"max-snippet:-1","max-image-preview":"max-image-preview:large","max-video-preview":"max-video-preview:-1"},"canonical":"https:\/\/portalnpm.com\/index.php\/2019\/05\/16\/dono-da-havan-diz-que-vai-inaugurar-loja-em-teresina-ainda-em-2019\/","og_locale":"pt_BR","og_type":"article","og_title":"Dono da Havan diz que vai inaugurar loja em Teresina ainda em 2019 - Portal NPM","og_description":"Em entrevista de \u00e1udio ao\u00a0podcast do Primocast, o dono da Havan, Luciano Hang, disse que vai abrir uma loja em Teresina ainda no ano de 2019. A loja de departamentos que est\u00e1 em processo de expans\u00e3o para todo Brasil, ficou bastante conhecida principalmente na \u00faltima elei\u00e7\u00e3o ap\u00f3s Hang apoiar publicamente a candidatura de Bolsonaro. \u201cA &hellip;","og_url":"https:\/\/portalnpm.com\/index.php\/2019\/05\/16\/dono-da-havan-diz-que-vai-inaugurar-loja-em-teresina-ainda-em-2019\/","og_site_name":"Portal NPM","article_published_time":"2019-05-16T14:34:39+00:00","author":"Zenilton Lima","twitter_card":"summary_large_image","twitter_misc":{"Escrito por":"Zenilton Lima","Est. tempo de leitura":"5 minutos"},"schema":{"@context":"https:\/\/schema.org","@graph":[{"@type":"WebPage","@id":"https:\/\/portalnpm.com\/index.php\/2019\/05\/16\/dono-da-havan-diz-que-vai-inaugurar-loja-em-teresina-ainda-em-2019\/","url":"https:\/\/portalnpm.com\/index.php\/2019\/05\/16\/dono-da-havan-diz-que-vai-inaugurar-loja-em-teresina-ainda-em-2019\/","name":"Dono da Havan diz que vai inaugurar loja em Teresina ainda em 2019 - Portal NPM","isPartOf":{"@id":"https:\/\/portalnpm.com\/#website"},"primaryImageOfPage":{"@id":"https:\/\/portalnpm.com\/index.php\/2019\/05\/16\/dono-da-havan-diz-que-vai-inaugurar-loja-em-teresina-ainda-em-2019\/#primaryimage"},"image":{"@id":"https:\/\/portalnpm.com\/index.php\/2019\/05\/16\/dono-da-havan-diz-que-vai-inaugurar-loja-em-teresina-ainda-em-2019\/#primaryimage"},"thumbnailUrl":"","datePublished":"2019-05-16T14:34:39+00:00","dateModified":"2019-05-16T14:34:39+00:00","author":{"@id":"https:\/\/portalnpm.com\/#\/schema\/person\/35cb55186eae3f074b6783da6d35591e"},"breadcrumb":{"@id":"https:\/\/portalnpm.com\/index.php\/2019\/05\/16\/dono-da-havan-diz-que-vai-inaugurar-loja-em-teresina-ainda-em-2019\/#breadcrumb"},"inLanguage":"pt-BR","potentialAction":[{"@type":"ReadAction","target":["https:\/\/portalnpm.com\/index.php\/2019\/05\/16\/dono-da-havan-diz-que-vai-inaugurar-loja-em-teresina-ainda-em-2019\/"]}]},{"@type":"ImageObject","inLanguage":"pt-BR","@id":"https:\/\/portalnpm.com\/index.php\/2019\/05\/16\/dono-da-havan-diz-que-vai-inaugurar-loja-em-teresina-ainda-em-2019\/#primaryimage","url":"","contentUrl":""},{"@type":"BreadcrumbList","@id":"https:\/\/portalnpm.com\/index.php\/2019\/05\/16\/dono-da-havan-diz-que-vai-inaugurar-loja-em-teresina-ainda-em-2019\/#breadcrumb","itemListElement":[{"@type":"ListItem","position":1,"name":"In\u00edcio","item":"https:\/\/portalnpm.com\/"},{"@type":"ListItem","position":2,"name":"Dono da Havan diz que vai inaugurar loja em Teresina ainda em 2019"}]},{"@type":"WebSite","@id":"https:\/\/portalnpm.com\/#website","url":"https:\/\/portalnpm.com\/","name":"Portal NPM","description":"Not\u00edcias em Primeira M\u00e3o","potentialAction":[{"@type":"SearchAction","target":{"@type":"EntryPoint","urlTemplate":"https:\/\/portalnpm.com\/?s={search_term_string}"},"query-input":"required name=search_term_string"}],"inLanguage":"pt-BR"},{"@type":"Person","@id":"https:\/\/portalnpm.com\/#\/schema\/person\/35cb55186eae3f074b6783da6d35591e","name":"Zenilton Lima","image":{"@type":"ImageObject","inLanguage":"pt-BR","@id":"https:\/\/portalnpm.com\/#\/schema\/person\/image\/","url":"https:\/\/portalnpm.com\/wp-content\/uploads\/2024\/12\/avatar_user_8_1733658137-96x96.jpeg","contentUrl":"https:\/\/portalnpm.com\/wp-content\/uploads\/2024\/12\/avatar_user_8_1733658137-96x96.jpeg","caption":"Zenilton Lima"},"url":"https:\/\/portalnpm.com\/index.php\/author\/zenilton\/"}]}},"jetpack_sharing_enabled":true,"jetpack_featured_media_url":"","_links":{"self":[{"href":"https:\/\/portalnpm.com\/index.php\/wp-json\/wp\/v2\/posts\/8393"}],"collection":[{"href":"https:\/\/portalnpm.com\/index.php\/wp-json\/wp\/v2\/posts"}],"about":[{"href":"https:\/\/portalnpm.com\/index.php\/wp-json\/wp\/v2\/types\/post"}],"author":[{"embeddable":true,"href":"https:\/\/portalnpm.com\/index.php\/wp-json\/wp\/v2\/users\/8"}],"replies":[{"embeddable":true,"href":"https:\/\/portalnpm.com\/index.php\/wp-json\/wp\/v2\/comments?post=8393"}],"version-history":[{"count":0,"href":"https:\/\/portalnpm.com\/index.php\/wp-json\/wp\/v2\/posts\/8393\/revisions"}],"wp:featuredmedia":[{"embeddable":true,"href":"https:\/\/portalnpm.com\/index.php\/wp-json\/"}],"wp:attachment":[{"href":"https:\/\/portalnpm.com\/index.php\/wp-json\/wp\/v2\/media?parent=8393"}],"wp:term":[{"taxonomy":"category","embeddable":true,"href":"https:\/\/portalnpm.com\/index.php\/wp-json\/wp\/v2\/categories?post=8393"},{"taxonomy":"post_tag","embeddable":true,"href":"https:\/\/portalnpm.com\/index.php\/wp-json\/wp\/v2\/tags?post=8393"}],"curies":[{"name":"wp","href":"https:\/\/api.w.org\/{rel}","templated":true}]}}