{"id":83971,"date":"2025-01-24T10:41:31","date_gmt":"2025-01-24T13:41:31","guid":{"rendered":"https:\/\/portalnpm.com\/?p=83971"},"modified":"2025-01-24T10:41:31","modified_gmt":"2025-01-24T13:41:31","slug":"mp-e-defensoria-publica-recomendam-suspensao-dos-cortes-de-energia-e-de-agua-de-consumidores-inadimplentes-em-picos","status":"publish","type":"post","link":"https:\/\/portalnpm.com\/index.php\/2025\/01\/24\/mp-e-defensoria-publica-recomendam-suspensao-dos-cortes-de-energia-e-de-agua-de-consumidores-inadimplentes-em-picos\/","title":{"rendered":"MP e Defensoria P\u00fablica recomendam suspens\u00e3o dos cortes de energia e de \u00e1gua de consumidores inadimplentes, em Picos"},"content":{"rendered":"<p>O Minist\u00e9rio P\u00fablico e a Defensoria P\u00fablica do Piau\u00ed expediram recomenda\u00e7\u00e3o conjunta para que as \u00e0s empresas \u00c1guas e Esgotos do Piau\u00ed e Equatorial Piau\u00ed suspenda os cortes de energia e de distribui\u00e7\u00e3o de \u00e1gua por inadimpl\u00eancia nas casas afetadas pela chuvas na cidade de Picos. Na pr\u00e1tica, isso significa que <strong>aqueles consumidores afetados pelas chuvas que est\u00e3o com pagamentos atrasados n\u00e3o ter\u00e3o a distribui\u00e7\u00e3o de energia e de \u00e1gua suspensa<\/strong>. No documento, assinado nesta quinta-feira (23), os representantes tamb\u00e9m pedem que os consumidores inadimplentes n\u00e3o tenham os nomes inseridos no SPC e Serasa pelo prazo de 90 dias a contar de 14 de janeiro deste ano.<\/p>\n<p>A medida foi tomada, considerando as chuvas intensas, iniciadas em 29 de dezembro de 2024 e agravadas na madrugada do dia 14 de janeiro de 2025, caracterizadas como desastre de n\u00edvel III. <strong>O temporal ocasionou impactos significativos no munic\u00edpio de Picos<\/strong>, conforme<strong> reconhecido pelo governador que declarou estado de calamidade p\u00fablica.<\/strong><\/p>\n<p>Consta no documento que os danos materiais e sociais decorrentes das chuvas que afetaram fam\u00edlias no munic\u00edpio, comprometeram o acesso cont\u00ednuo a servi\u00e7os essenciais como \u00e1gua e energia el\u00e9trica, <strong>o que levou \u00e0 necessidade de a\u00e7\u00f5es imediatas e coordenadas para mitigar os impactos da calamidade e resguardar a dignidade da popula\u00e7\u00e3o<\/strong>afetada.<\/p>\n<p>O documento foi assinado pelos promotores de Justi\u00e7a Paulo Maur\u00edcio Ara\u00fajo Gusm\u00e3o e Nivaldo Ribeiro, coordenador do PROCON\/MPPI, al\u00e9m dos defensores p\u00fablicos Marcus Vin\u00edcius Carvalho da Silva Sousa, Am\u00e1bile da Costa Ara\u00fajo e Leonardo Nascimento Bandeira.<\/p>\n<p>A n\u00e3o observ\u00e2ncia da recomenda\u00e7\u00e3o implica na ado\u00e7\u00e3o das medidas judiciais cab\u00edveis, devendo ser encaminhada \u00e0 7\u00aa Promotoria de Justi\u00e7a de Picos, no prazo de 48 horas, a demonstra\u00e7\u00e3o de acatamento da recomenda\u00e7\u00e3o.<\/p>\n<p><em><strong>Fonte<\/strong>: Portal A10+<\/em><\/p>\n","protected":false},"excerpt":{"rendered":"<p>O Minist\u00e9rio P\u00fablico e a Defensoria P\u00fablica do Piau\u00ed expediram recomenda\u00e7\u00e3o conjunta para que as \u00e0s empresas \u00c1guas e Esgotos do Piau\u00ed e Equatorial Piau\u00ed suspenda os cortes de energia e de distribui\u00e7\u00e3o de \u00e1gua por inadimpl\u00eancia nas casas afetadas pela chuvas na cidade de Picos. Na pr\u00e1tica, isso significa que aqueles consumidores afetados pelas &hellip;<\/p>\n","protected":false},"author":8,"featured_media":83974,"comment_status":"open","ping_status":"open","sticky":false,"template":"","format":"standard","meta":{"content-type":"","rop_custom_images_group":[],"rop_custom_messages_group":[],"rop_publish_now":"yes","rop_publish_now_accounts":{"facebook_2648258775420054_1618374048415101":""},"rop_publish_now_history":[],"rop_publish_now_status":"pending","footnotes":"","_jetpack_memberships_contains_paid_content":false},"categories":[113,127],"tags":[2446,3563,1474,230,16403,926,855,2249,16405,2920,128,3072,16404,2994],"yoast_head":"<!-- This site is optimized with the Yoast SEO plugin v22.3 - https:\/\/yoast.com\/wordpress\/plugins\/seo\/ -->\n<title>MP e Defensoria P\u00fablica recomendam suspens\u00e3o dos cortes de energia e de \u00e1gua de consumidores inadimplentes, em Picos - Portal NPM<\/title>\n<meta name=\"robots\" content=\"index, follow, max-snippet:-1, max-image-preview:large, max-video-preview:-1\" \/>\n<link rel=\"canonical\" href=\"https:\/\/portalnpm.com\/index.php\/2025\/01\/24\/mp-e-defensoria-publica-recomendam-suspensao-dos-cortes-de-energia-e-de-agua-de-consumidores-inadimplentes-em-picos\/\" \/>\n<meta property=\"og:locale\" content=\"pt_BR\" \/>\n<meta property=\"og:type\" content=\"article\" \/>\n<meta property=\"og:title\" content=\"MP e Defensoria P\u00fablica recomendam suspens\u00e3o dos cortes de energia e de \u00e1gua de consumidores inadimplentes, em Picos - Portal NPM\" \/>\n<meta property=\"og:description\" content=\"O Minist\u00e9rio P\u00fablico e a Defensoria P\u00fablica do Piau\u00ed expediram recomenda\u00e7\u00e3o conjunta para que as \u00e0s empresas \u00c1guas e Esgotos do Piau\u00ed e Equatorial Piau\u00ed suspenda os cortes de energia e de distribui\u00e7\u00e3o de \u00e1gua por inadimpl\u00eancia nas casas afetadas pela chuvas na cidade de Picos. Na pr\u00e1tica, isso significa que aqueles consumidores afetados pelas &hellip;\" \/>\n<meta property=\"og:url\" content=\"https:\/\/portalnpm.com\/index.php\/2025\/01\/24\/mp-e-defensoria-publica-recomendam-suspensao-dos-cortes-de-energia-e-de-agua-de-consumidores-inadimplentes-em-picos\/\" \/>\n<meta property=\"og:site_name\" content=\"Portal NPM\" \/>\n<meta property=\"article:published_time\" content=\"2025-01-24T13:41:31+00:00\" \/>\n<meta property=\"og:image\" content=\"https:\/\/portalnpm.com\/wp-content\/uploads\/2025\/01\/IMG_6409.jpeg\" \/>\n\t<meta property=\"og:image:width\" content=\"992\" \/>\n\t<meta property=\"og:image:height\" content=\"662\" \/>\n\t<meta property=\"og:image:type\" content=\"image\/jpeg\" \/>\n<meta name=\"author\" content=\"Zenilton Lima\" \/>\n<meta name=\"twitter:card\" content=\"summary_large_image\" \/>\n<meta name=\"twitter:label1\" content=\"Escrito por\" \/>\n\t<meta name=\"twitter:data1\" content=\"Zenilton Lima\" \/>\n\t<meta name=\"twitter:label2\" content=\"Est. tempo de leitura\" \/>\n\t<meta name=\"twitter:data2\" content=\"2 minutos\" \/>\n<script type=\"application\/ld+json\" class=\"yoast-schema-graph\">{\"@context\":\"https:\/\/schema.org\",\"@graph\":[{\"@type\":\"WebPage\",\"@id\":\"https:\/\/portalnpm.com\/index.php\/2025\/01\/24\/mp-e-defensoria-publica-recomendam-suspensao-dos-cortes-de-energia-e-de-agua-de-consumidores-inadimplentes-em-picos\/\",\"url\":\"https:\/\/portalnpm.com\/index.php\/2025\/01\/24\/mp-e-defensoria-publica-recomendam-suspensao-dos-cortes-de-energia-e-de-agua-de-consumidores-inadimplentes-em-picos\/\",\"name\":\"MP e Defensoria P\u00fablica recomendam suspens\u00e3o dos cortes de energia e de \u00e1gua de consumidores inadimplentes, em Picos - Portal NPM\",\"isPartOf\":{\"@id\":\"https:\/\/portalnpm.com\/#website\"},\"primaryImageOfPage\":{\"@id\":\"https:\/\/portalnpm.com\/index.php\/2025\/01\/24\/mp-e-defensoria-publica-recomendam-suspensao-dos-cortes-de-energia-e-de-agua-de-consumidores-inadimplentes-em-picos\/#primaryimage\"},\"image\":{\"@id\":\"https:\/\/portalnpm.com\/index.php\/2025\/01\/24\/mp-e-defensoria-publica-recomendam-suspensao-dos-cortes-de-energia-e-de-agua-de-consumidores-inadimplentes-em-picos\/#primaryimage\"},\"thumbnailUrl\":\"https:\/\/portalnpm.com\/wp-content\/uploads\/2025\/01\/IMG_6409.jpeg\",\"datePublished\":\"2025-01-24T13:41:31+00:00\",\"dateModified\":\"2025-01-24T13:41:31+00:00\",\"author\":{\"@id\":\"https:\/\/portalnpm.com\/#\/schema\/person\/35cb55186eae3f074b6783da6d35591e\"},\"breadcrumb\":{\"@id\":\"https:\/\/portalnpm.com\/index.php\/2025\/01\/24\/mp-e-defensoria-publica-recomendam-suspensao-dos-cortes-de-energia-e-de-agua-de-consumidores-inadimplentes-em-picos\/#breadcrumb\"},\"inLanguage\":\"pt-BR\",\"potentialAction\":[{\"@type\":\"ReadAction\",\"target\":[\"https:\/\/portalnpm.com\/index.php\/2025\/01\/24\/mp-e-defensoria-publica-recomendam-suspensao-dos-cortes-de-energia-e-de-agua-de-consumidores-inadimplentes-em-picos\/\"]}]},{\"@type\":\"ImageObject\",\"inLanguage\":\"pt-BR\",\"@id\":\"https:\/\/portalnpm.com\/index.php\/2025\/01\/24\/mp-e-defensoria-publica-recomendam-suspensao-dos-cortes-de-energia-e-de-agua-de-consumidores-inadimplentes-em-picos\/#primaryimage\",\"url\":\"https:\/\/portalnpm.com\/wp-content\/uploads\/2025\/01\/IMG_6409.jpeg\",\"contentUrl\":\"https:\/\/portalnpm.com\/wp-content\/uploads\/2025\/01\/IMG_6409.jpeg\",\"width\":992,\"height\":662,\"caption\":\"Corte de energia por falta de pagamento Divulga\u00e7\u00e3o\"},{\"@type\":\"BreadcrumbList\",\"@id\":\"https:\/\/portalnpm.com\/index.php\/2025\/01\/24\/mp-e-defensoria-publica-recomendam-suspensao-dos-cortes-de-energia-e-de-agua-de-consumidores-inadimplentes-em-picos\/#breadcrumb\",\"itemListElement\":[{\"@type\":\"ListItem\",\"position\":1,\"name\":\"In\u00edcio\",\"item\":\"https:\/\/portalnpm.com\/\"},{\"@type\":\"ListItem\",\"position\":2,\"name\":\"MP e Defensoria P\u00fablica recomendam suspens\u00e3o dos cortes de energia e de \u00e1gua de consumidores inadimplentes, em Picos\"}]},{\"@type\":\"WebSite\",\"@id\":\"https:\/\/portalnpm.com\/#website\",\"url\":\"https:\/\/portalnpm.com\/\",\"name\":\"Portal NPM\",\"description\":\"Not\u00edcias em Primeira M\u00e3o\",\"potentialAction\":[{\"@type\":\"SearchAction\",\"target\":{\"@type\":\"EntryPoint\",\"urlTemplate\":\"https:\/\/portalnpm.com\/?s={search_term_string}\"},\"query-input\":\"required name=search_term_string\"}],\"inLanguage\":\"pt-BR\"},{\"@type\":\"Person\",\"@id\":\"https:\/\/portalnpm.com\/#\/schema\/person\/35cb55186eae3f074b6783da6d35591e\",\"name\":\"Zenilton Lima\",\"image\":{\"@type\":\"ImageObject\",\"inLanguage\":\"pt-BR\",\"@id\":\"https:\/\/portalnpm.com\/#\/schema\/person\/image\/\",\"url\":\"https:\/\/portalnpm.com\/wp-content\/uploads\/2024\/12\/avatar_user_8_1733658137-96x96.jpeg\",\"contentUrl\":\"https:\/\/portalnpm.com\/wp-content\/uploads\/2024\/12\/avatar_user_8_1733658137-96x96.jpeg\",\"caption\":\"Zenilton Lima\"},\"url\":\"https:\/\/portalnpm.com\/index.php\/author\/zenilton\/\"}]}<\/script>\n<!-- \/ Yoast SEO plugin. -->","yoast_head_json":{"title":"MP e Defensoria P\u00fablica recomendam suspens\u00e3o dos cortes de energia e de \u00e1gua de consumidores inadimplentes, em Picos - Portal NPM","robots":{"index":"index","follow":"follow","max-snippet":"max-snippet:-1","max-image-preview":"max-image-preview:large","max-video-preview":"max-video-preview:-1"},"canonical":"https:\/\/portalnpm.com\/index.php\/2025\/01\/24\/mp-e-defensoria-publica-recomendam-suspensao-dos-cortes-de-energia-e-de-agua-de-consumidores-inadimplentes-em-picos\/","og_locale":"pt_BR","og_type":"article","og_title":"MP e Defensoria P\u00fablica recomendam suspens\u00e3o dos cortes de energia e de \u00e1gua de consumidores inadimplentes, em Picos - Portal NPM","og_description":"O Minist\u00e9rio P\u00fablico e a Defensoria P\u00fablica do Piau\u00ed expediram recomenda\u00e7\u00e3o conjunta para que as \u00e0s empresas \u00c1guas e Esgotos do Piau\u00ed e Equatorial Piau\u00ed suspenda os cortes de energia e de distribui\u00e7\u00e3o de \u00e1gua por inadimpl\u00eancia nas casas afetadas pela chuvas na cidade de Picos. Na pr\u00e1tica, isso significa que aqueles consumidores afetados pelas &hellip;","og_url":"https:\/\/portalnpm.com\/index.php\/2025\/01\/24\/mp-e-defensoria-publica-recomendam-suspensao-dos-cortes-de-energia-e-de-agua-de-consumidores-inadimplentes-em-picos\/","og_site_name":"Portal NPM","article_published_time":"2025-01-24T13:41:31+00:00","og_image":[{"width":992,"height":662,"url":"https:\/\/portalnpm.com\/wp-content\/uploads\/2025\/01\/IMG_6409.jpeg","type":"image\/jpeg"}],"author":"Zenilton Lima","twitter_card":"summary_large_image","twitter_misc":{"Escrito por":"Zenilton Lima","Est. tempo de leitura":"2 minutos"},"schema":{"@context":"https:\/\/schema.org","@graph":[{"@type":"WebPage","@id":"https:\/\/portalnpm.com\/index.php\/2025\/01\/24\/mp-e-defensoria-publica-recomendam-suspensao-dos-cortes-de-energia-e-de-agua-de-consumidores-inadimplentes-em-picos\/","url":"https:\/\/portalnpm.com\/index.php\/2025\/01\/24\/mp-e-defensoria-publica-recomendam-suspensao-dos-cortes-de-energia-e-de-agua-de-consumidores-inadimplentes-em-picos\/","name":"MP e Defensoria P\u00fablica recomendam suspens\u00e3o dos cortes de energia e de \u00e1gua de consumidores inadimplentes, em Picos - Portal NPM","isPartOf":{"@id":"https:\/\/portalnpm.com\/#website"},"primaryImageOfPage":{"@id":"https:\/\/portalnpm.com\/index.php\/2025\/01\/24\/mp-e-defensoria-publica-recomendam-suspensao-dos-cortes-de-energia-e-de-agua-de-consumidores-inadimplentes-em-picos\/#primaryimage"},"image":{"@id":"https:\/\/portalnpm.com\/index.php\/2025\/01\/24\/mp-e-defensoria-publica-recomendam-suspensao-dos-cortes-de-energia-e-de-agua-de-consumidores-inadimplentes-em-picos\/#primaryimage"},"thumbnailUrl":"https:\/\/portalnpm.com\/wp-content\/uploads\/2025\/01\/IMG_6409.jpeg","datePublished":"2025-01-24T13:41:31+00:00","dateModified":"2025-01-24T13:41:31+00:00","author":{"@id":"https:\/\/portalnpm.com\/#\/schema\/person\/35cb55186eae3f074b6783da6d35591e"},"breadcrumb":{"@id":"https:\/\/portalnpm.com\/index.php\/2025\/01\/24\/mp-e-defensoria-publica-recomendam-suspensao-dos-cortes-de-energia-e-de-agua-de-consumidores-inadimplentes-em-picos\/#breadcrumb"},"inLanguage":"pt-BR","potentialAction":[{"@type":"ReadAction","target":["https:\/\/portalnpm.com\/index.php\/2025\/01\/24\/mp-e-defensoria-publica-recomendam-suspensao-dos-cortes-de-energia-e-de-agua-de-consumidores-inadimplentes-em-picos\/"]}]},{"@type":"ImageObject","inLanguage":"pt-BR","@id":"https:\/\/portalnpm.com\/index.php\/2025\/01\/24\/mp-e-defensoria-publica-recomendam-suspensao-dos-cortes-de-energia-e-de-agua-de-consumidores-inadimplentes-em-picos\/#primaryimage","url":"https:\/\/portalnpm.com\/wp-content\/uploads\/2025\/01\/IMG_6409.jpeg","contentUrl":"https:\/\/portalnpm.com\/wp-content\/uploads\/2025\/01\/IMG_6409.jpeg","width":992,"height":662,"caption":"Corte de energia por falta de pagamento Divulga\u00e7\u00e3o"},{"@type":"BreadcrumbList","@id":"https:\/\/portalnpm.com\/index.php\/2025\/01\/24\/mp-e-defensoria-publica-recomendam-suspensao-dos-cortes-de-energia-e-de-agua-de-consumidores-inadimplentes-em-picos\/#breadcrumb","itemListElement":[{"@type":"ListItem","position":1,"name":"In\u00edcio","item":"https:\/\/portalnpm.com\/"},{"@type":"ListItem","position":2,"name":"MP e Defensoria P\u00fablica recomendam suspens\u00e3o dos cortes de energia e de \u00e1gua de consumidores inadimplentes, em Picos"}]},{"@type":"WebSite","@id":"https:\/\/portalnpm.com\/#website","url":"https:\/\/portalnpm.com\/","name":"Portal NPM","description":"Not\u00edcias em Primeira M\u00e3o","potentialAction":[{"@type":"SearchAction","target":{"@type":"EntryPoint","urlTemplate":"https:\/\/portalnpm.com\/?s={search_term_string}"},"query-input":"required name=search_term_string"}],"inLanguage":"pt-BR"},{"@type":"Person","@id":"https:\/\/portalnpm.com\/#\/schema\/person\/35cb55186eae3f074b6783da6d35591e","name":"Zenilton Lima","image":{"@type":"ImageObject","inLanguage":"pt-BR","@id":"https:\/\/portalnpm.com\/#\/schema\/person\/image\/","url":"https:\/\/portalnpm.com\/wp-content\/uploads\/2024\/12\/avatar_user_8_1733658137-96x96.jpeg","contentUrl":"https:\/\/portalnpm.com\/wp-content\/uploads\/2024\/12\/avatar_user_8_1733658137-96x96.jpeg","caption":"Zenilton Lima"},"url":"https:\/\/portalnpm.com\/index.php\/author\/zenilton\/"}]}},"jetpack_sharing_enabled":true,"jetpack_featured_media_url":"https:\/\/portalnpm.com\/wp-content\/uploads\/2025\/01\/IMG_6409.jpeg","_links":{"self":[{"href":"https:\/\/portalnpm.com\/index.php\/wp-json\/wp\/v2\/posts\/83971"}],"collection":[{"href":"https:\/\/portalnpm.com\/index.php\/wp-json\/wp\/v2\/posts"}],"about":[{"href":"https:\/\/portalnpm.com\/index.php\/wp-json\/wp\/v2\/types\/post"}],"author":[{"embeddable":true,"href":"https:\/\/portalnpm.com\/index.php\/wp-json\/wp\/v2\/users\/8"}],"replies":[{"embeddable":true,"href":"https:\/\/portalnpm.com\/index.php\/wp-json\/wp\/v2\/comments?post=83971"}],"version-history":[{"count":1,"href":"https:\/\/portalnpm.com\/index.php\/wp-json\/wp\/v2\/posts\/83971\/revisions"}],"predecessor-version":[{"id":83975,"href":"https:\/\/portalnpm.com\/index.php\/wp-json\/wp\/v2\/posts\/83971\/revisions\/83975"}],"wp:featuredmedia":[{"embeddable":true,"href":"https:\/\/portalnpm.com\/index.php\/wp-json\/wp\/v2\/media\/83974"}],"wp:attachment":[{"href":"https:\/\/portalnpm.com\/index.php\/wp-json\/wp\/v2\/media?parent=83971"}],"wp:term":[{"taxonomy":"category","embeddable":true,"href":"https:\/\/portalnpm.com\/index.php\/wp-json\/wp\/v2\/categories?post=83971"},{"taxonomy":"post_tag","embeddable":true,"href":"https:\/\/portalnpm.com\/index.php\/wp-json\/wp\/v2\/tags?post=83971"}],"curies":[{"name":"wp","href":"https:\/\/api.w.org\/{rel}","templated":true}]}}