{"id":83991,"date":"2025-01-24T19:01:24","date_gmt":"2025-01-24T22:01:24","guid":{"rendered":"https:\/\/portalnpm.com\/?p=83991"},"modified":"2025-01-24T19:01:24","modified_gmt":"2025-01-24T22:01:24","slug":"prefeitura-de-sao-juliao-contempla-agricultores-da-zona-rural-com-aracao-de-terras","status":"publish","type":"post","link":"https:\/\/portalnpm.com\/index.php\/2025\/01\/24\/prefeitura-de-sao-juliao-contempla-agricultores-da-zona-rural-com-aracao-de-terras\/","title":{"rendered":"Prefeitura de S\u00e3o Juli\u00e3o contempla agricultores da zona rural com ara\u00e7\u00e3o de terras"},"content":{"rendered":"<p>O prefeito Renaldinho Ramos e o vice-prefeito Jos\u00e9 Neci, por meio da Secretaria de Desenvolvimento Rural (SDR) e do secret\u00e1rio N\u00e9 Rocha, iniciou os trabalhos de ara\u00e7\u00e3o de terras.\u00a0 No processo de ara\u00e7\u00e3o de terras foram colocados tr\u00eas tratores trabalhando para ajudar o homem do campo a preparar a terra para o plantio.<\/p>\n<p><img fetchpriority=\"high\" decoding=\"async\" src=\"https:\/\/s3.sa-east-1.amazonaws.com\/queridopiaui\/uploads\/images\/202501\/image_870x_6792a34d93a92.webp\" alt=\"\" width=\"439\" height=\"778\" \/><\/p>\n<div class=\"col-sm-12 col-xs-12 col-bn-mb mb-3\">\n<div class=\"row\">\n<div class=\"bn-content\">\n<div class=\"bn-inner bn-mb-13\"><\/div>\n<\/div>\n<\/div>\n<\/div>\n<p>O prefeito Renaldinho destacou, que, mesmo a gest\u00e3o anterior ter deixado os maquin\u00e1rios sucateados com tratores quebrados e sem arados, a atual administra\u00e7\u00e3o est\u00e1 trabalhando para favorecer o homem do campo e vai contemplar inicialmente, cerca de 200 agricultores. Os trabalhos est\u00e3o sendo executados com recursos pr\u00f3prios.<\/p>\n<p><img decoding=\"async\" src=\"https:\/\/s3.sa-east-1.amazonaws.com\/queridopiaui\/uploads\/images\/202501\/image_870x_6792a3898181e.webp\" alt=\"\" width=\"739\" height=\"457\" \/><\/p>\n<p>O secret\u00e1rio de Desenvolvimento Rural, N\u00e9 Rocha, esteve presente nas localidades Fujona, Porcos e Emparedada, e destacou que a iniciativa \u00e9 de grande import\u00e2ncia para os agricultores do munic\u00edpio.<\/p>\n<p><img decoding=\"async\" src=\"https:\/\/s3.sa-east-1.amazonaws.com\/queridopiaui\/uploads\/images\/202501\/image_870x_6792a41ec8f85.webp\" alt=\"\" width=\"449\" height=\"795\" \/><\/p>\n<p><strong>Fonte: Querido Piau\u00ed<\/strong><\/p>\n","protected":false},"excerpt":{"rendered":"<p>O prefeito Renaldinho Ramos e o vice-prefeito Jos\u00e9 Neci, por meio da Secretaria de Desenvolvimento Rural (SDR) e do secret\u00e1rio N\u00e9 Rocha, iniciou os trabalhos de ara\u00e7\u00e3o de terras.\u00a0 No processo de ara\u00e7\u00e3o de terras foram colocados tr\u00eas tratores trabalhando para ajudar o homem do campo a preparar a terra para o plantio. O prefeito &hellip;<\/p>\n","protected":false},"author":4,"featured_media":82775,"comment_status":"open","ping_status":"open","sticky":false,"template":"","format":"standard","meta":{"content-type":"","rop_custom_images_group":[],"rop_custom_messages_group":[],"rop_publish_now":"yes","rop_publish_now_accounts":{"facebook_2648258775420054_1618374048415101":""},"rop_publish_now_history":[],"rop_publish_now_status":"pending","footnotes":"","_jetpack_memberships_contains_paid_content":false},"categories":[113,109,3998],"tags":[588,16410,16409,836,230,1197,222,4040,1196,16411,1454],"yoast_head":"<!-- This site is optimized with the Yoast SEO plugin v22.3 - https:\/\/yoast.com\/wordpress\/plugins\/seo\/ -->\n<title>Prefeitura de S\u00e3o Juli\u00e3o contempla agricultores da zona rural com ara\u00e7\u00e3o de terras - Portal NPM<\/title>\n<meta name=\"robots\" content=\"index, follow, max-snippet:-1, max-image-preview:large, max-video-preview:-1\" \/>\n<link rel=\"canonical\" href=\"https:\/\/portalnpm.com\/index.php\/2025\/01\/24\/prefeitura-de-sao-juliao-contempla-agricultores-da-zona-rural-com-aracao-de-terras\/\" \/>\n<meta property=\"og:locale\" content=\"pt_BR\" \/>\n<meta property=\"og:type\" content=\"article\" \/>\n<meta property=\"og:title\" content=\"Prefeitura de S\u00e3o Juli\u00e3o contempla agricultores da zona rural com ara\u00e7\u00e3o de terras - Portal NPM\" \/>\n<meta property=\"og:description\" content=\"O prefeito Renaldinho Ramos e o vice-prefeito Jos\u00e9 Neci, por meio da Secretaria de Desenvolvimento Rural (SDR) e do secret\u00e1rio N\u00e9 Rocha, iniciou os trabalhos de ara\u00e7\u00e3o de terras.\u00a0 No processo de ara\u00e7\u00e3o de terras foram colocados tr\u00eas tratores trabalhando para ajudar o homem do campo a preparar a terra para o plantio. O prefeito &hellip;\" \/>\n<meta property=\"og:url\" content=\"https:\/\/portalnpm.com\/index.php\/2025\/01\/24\/prefeitura-de-sao-juliao-contempla-agricultores-da-zona-rural-com-aracao-de-terras\/\" \/>\n<meta property=\"og:site_name\" content=\"Portal NPM\" \/>\n<meta property=\"article:published_time\" content=\"2025-01-24T22:01:24+00:00\" \/>\n<meta property=\"og:image\" content=\"https:\/\/portalnpm.com\/wp-content\/uploads\/2025\/01\/IMG-20250103-WA0605.jpg\" \/>\n\t<meta property=\"og:image:width\" content=\"1500\" \/>\n\t<meta property=\"og:image:height\" content=\"1500\" \/>\n\t<meta property=\"og:image:type\" content=\"image\/jpeg\" \/>\n<meta name=\"author\" content=\"Reda\u00e7\u00e3o\" \/>\n<meta name=\"twitter:card\" content=\"summary_large_image\" \/>\n<meta name=\"twitter:label1\" content=\"Escrito por\" \/>\n\t<meta name=\"twitter:data1\" content=\"Reda\u00e7\u00e3o\" \/>\n\t<meta name=\"twitter:label2\" content=\"Est. tempo de leitura\" \/>\n\t<meta name=\"twitter:data2\" content=\"2 minutos\" \/>\n<script type=\"application\/ld+json\" class=\"yoast-schema-graph\">{\"@context\":\"https:\/\/schema.org\",\"@graph\":[{\"@type\":\"WebPage\",\"@id\":\"https:\/\/portalnpm.com\/index.php\/2025\/01\/24\/prefeitura-de-sao-juliao-contempla-agricultores-da-zona-rural-com-aracao-de-terras\/\",\"url\":\"https:\/\/portalnpm.com\/index.php\/2025\/01\/24\/prefeitura-de-sao-juliao-contempla-agricultores-da-zona-rural-com-aracao-de-terras\/\",\"name\":\"Prefeitura de S\u00e3o Juli\u00e3o contempla agricultores da zona rural com ara\u00e7\u00e3o de terras - Portal NPM\",\"isPartOf\":{\"@id\":\"https:\/\/portalnpm.com\/#website\"},\"primaryImageOfPage\":{\"@id\":\"https:\/\/portalnpm.com\/index.php\/2025\/01\/24\/prefeitura-de-sao-juliao-contempla-agricultores-da-zona-rural-com-aracao-de-terras\/#primaryimage\"},\"image\":{\"@id\":\"https:\/\/portalnpm.com\/index.php\/2025\/01\/24\/prefeitura-de-sao-juliao-contempla-agricultores-da-zona-rural-com-aracao-de-terras\/#primaryimage\"},\"thumbnailUrl\":\"https:\/\/portalnpm.com\/wp-content\/uploads\/2025\/01\/IMG-20250103-WA0605.jpg\",\"datePublished\":\"2025-01-24T22:01:24+00:00\",\"dateModified\":\"2025-01-24T22:01:24+00:00\",\"author\":{\"@id\":\"https:\/\/portalnpm.com\/#\/schema\/person\/0b5f230ec96cee25504fa328e7f2b733\"},\"breadcrumb\":{\"@id\":\"https:\/\/portalnpm.com\/index.php\/2025\/01\/24\/prefeitura-de-sao-juliao-contempla-agricultores-da-zona-rural-com-aracao-de-terras\/#breadcrumb\"},\"inLanguage\":\"pt-BR\",\"potentialAction\":[{\"@type\":\"ReadAction\",\"target\":[\"https:\/\/portalnpm.com\/index.php\/2025\/01\/24\/prefeitura-de-sao-juliao-contempla-agricultores-da-zona-rural-com-aracao-de-terras\/\"]}]},{\"@type\":\"ImageObject\",\"inLanguage\":\"pt-BR\",\"@id\":\"https:\/\/portalnpm.com\/index.php\/2025\/01\/24\/prefeitura-de-sao-juliao-contempla-agricultores-da-zona-rural-com-aracao-de-terras\/#primaryimage\",\"url\":\"https:\/\/portalnpm.com\/wp-content\/uploads\/2025\/01\/IMG-20250103-WA0605.jpg\",\"contentUrl\":\"https:\/\/portalnpm.com\/wp-content\/uploads\/2025\/01\/IMG-20250103-WA0605.jpg\",\"width\":1500,\"height\":1500,\"caption\":\"Logomarca da Gest\u00e3o S\u00e3o Juli\u00e3o Para Todos, em S\u00e3o Juli\u00e3o- PI\"},{\"@type\":\"BreadcrumbList\",\"@id\":\"https:\/\/portalnpm.com\/index.php\/2025\/01\/24\/prefeitura-de-sao-juliao-contempla-agricultores-da-zona-rural-com-aracao-de-terras\/#breadcrumb\",\"itemListElement\":[{\"@type\":\"ListItem\",\"position\":1,\"name\":\"In\u00edcio\",\"item\":\"https:\/\/portalnpm.com\/\"},{\"@type\":\"ListItem\",\"position\":2,\"name\":\"Prefeitura de S\u00e3o Juli\u00e3o contempla agricultores da zona rural com ara\u00e7\u00e3o de terras\"}]},{\"@type\":\"WebSite\",\"@id\":\"https:\/\/portalnpm.com\/#website\",\"url\":\"https:\/\/portalnpm.com\/\",\"name\":\"Portal NPM\",\"description\":\"Not\u00edcias em Primeira M\u00e3o\",\"potentialAction\":[{\"@type\":\"SearchAction\",\"target\":{\"@type\":\"EntryPoint\",\"urlTemplate\":\"https:\/\/portalnpm.com\/?s={search_term_string}\"},\"query-input\":\"required name=search_term_string\"}],\"inLanguage\":\"pt-BR\"},{\"@type\":\"Person\",\"@id\":\"https:\/\/portalnpm.com\/#\/schema\/person\/0b5f230ec96cee25504fa328e7f2b733\",\"name\":\"Reda\u00e7\u00e3o\",\"image\":{\"@type\":\"ImageObject\",\"inLanguage\":\"pt-BR\",\"@id\":\"https:\/\/portalnpm.com\/#\/schema\/person\/image\/\",\"url\":\"https:\/\/portalnpm.com\/wp-content\/uploads\/2024\/03\/avatar_user_4_1710097212-96x96.png\",\"contentUrl\":\"https:\/\/portalnpm.com\/wp-content\/uploads\/2024\/03\/avatar_user_4_1710097212-96x96.png\",\"caption\":\"Reda\u00e7\u00e3o\"},\"url\":\"https:\/\/portalnpm.com\/index.php\/author\/redacao\/\"}]}<\/script>\n<!-- \/ Yoast SEO plugin. -->","yoast_head_json":{"title":"Prefeitura de S\u00e3o Juli\u00e3o contempla agricultores da zona rural com ara\u00e7\u00e3o de terras - Portal NPM","robots":{"index":"index","follow":"follow","max-snippet":"max-snippet:-1","max-image-preview":"max-image-preview:large","max-video-preview":"max-video-preview:-1"},"canonical":"https:\/\/portalnpm.com\/index.php\/2025\/01\/24\/prefeitura-de-sao-juliao-contempla-agricultores-da-zona-rural-com-aracao-de-terras\/","og_locale":"pt_BR","og_type":"article","og_title":"Prefeitura de S\u00e3o Juli\u00e3o contempla agricultores da zona rural com ara\u00e7\u00e3o de terras - Portal NPM","og_description":"O prefeito Renaldinho Ramos e o vice-prefeito Jos\u00e9 Neci, por meio da Secretaria de Desenvolvimento Rural (SDR) e do secret\u00e1rio N\u00e9 Rocha, iniciou os trabalhos de ara\u00e7\u00e3o de terras.\u00a0 No processo de ara\u00e7\u00e3o de terras foram colocados tr\u00eas tratores trabalhando para ajudar o homem do campo a preparar a terra para o plantio. O prefeito &hellip;","og_url":"https:\/\/portalnpm.com\/index.php\/2025\/01\/24\/prefeitura-de-sao-juliao-contempla-agricultores-da-zona-rural-com-aracao-de-terras\/","og_site_name":"Portal NPM","article_published_time":"2025-01-24T22:01:24+00:00","og_image":[{"width":1500,"height":1500,"url":"https:\/\/portalnpm.com\/wp-content\/uploads\/2025\/01\/IMG-20250103-WA0605.jpg","type":"image\/jpeg"}],"author":"Reda\u00e7\u00e3o","twitter_card":"summary_large_image","twitter_misc":{"Escrito por":"Reda\u00e7\u00e3o","Est. tempo de leitura":"2 minutos"},"schema":{"@context":"https:\/\/schema.org","@graph":[{"@type":"WebPage","@id":"https:\/\/portalnpm.com\/index.php\/2025\/01\/24\/prefeitura-de-sao-juliao-contempla-agricultores-da-zona-rural-com-aracao-de-terras\/","url":"https:\/\/portalnpm.com\/index.php\/2025\/01\/24\/prefeitura-de-sao-juliao-contempla-agricultores-da-zona-rural-com-aracao-de-terras\/","name":"Prefeitura de S\u00e3o Juli\u00e3o contempla agricultores da zona rural com ara\u00e7\u00e3o de terras - Portal NPM","isPartOf":{"@id":"https:\/\/portalnpm.com\/#website"},"primaryImageOfPage":{"@id":"https:\/\/portalnpm.com\/index.php\/2025\/01\/24\/prefeitura-de-sao-juliao-contempla-agricultores-da-zona-rural-com-aracao-de-terras\/#primaryimage"},"image":{"@id":"https:\/\/portalnpm.com\/index.php\/2025\/01\/24\/prefeitura-de-sao-juliao-contempla-agricultores-da-zona-rural-com-aracao-de-terras\/#primaryimage"},"thumbnailUrl":"https:\/\/portalnpm.com\/wp-content\/uploads\/2025\/01\/IMG-20250103-WA0605.jpg","datePublished":"2025-01-24T22:01:24+00:00","dateModified":"2025-01-24T22:01:24+00:00","author":{"@id":"https:\/\/portalnpm.com\/#\/schema\/person\/0b5f230ec96cee25504fa328e7f2b733"},"breadcrumb":{"@id":"https:\/\/portalnpm.com\/index.php\/2025\/01\/24\/prefeitura-de-sao-juliao-contempla-agricultores-da-zona-rural-com-aracao-de-terras\/#breadcrumb"},"inLanguage":"pt-BR","potentialAction":[{"@type":"ReadAction","target":["https:\/\/portalnpm.com\/index.php\/2025\/01\/24\/prefeitura-de-sao-juliao-contempla-agricultores-da-zona-rural-com-aracao-de-terras\/"]}]},{"@type":"ImageObject","inLanguage":"pt-BR","@id":"https:\/\/portalnpm.com\/index.php\/2025\/01\/24\/prefeitura-de-sao-juliao-contempla-agricultores-da-zona-rural-com-aracao-de-terras\/#primaryimage","url":"https:\/\/portalnpm.com\/wp-content\/uploads\/2025\/01\/IMG-20250103-WA0605.jpg","contentUrl":"https:\/\/portalnpm.com\/wp-content\/uploads\/2025\/01\/IMG-20250103-WA0605.jpg","width":1500,"height":1500,"caption":"Logomarca da Gest\u00e3o S\u00e3o Juli\u00e3o Para Todos, em S\u00e3o Juli\u00e3o- PI"},{"@type":"BreadcrumbList","@id":"https:\/\/portalnpm.com\/index.php\/2025\/01\/24\/prefeitura-de-sao-juliao-contempla-agricultores-da-zona-rural-com-aracao-de-terras\/#breadcrumb","itemListElement":[{"@type":"ListItem","position":1,"name":"In\u00edcio","item":"https:\/\/portalnpm.com\/"},{"@type":"ListItem","position":2,"name":"Prefeitura de S\u00e3o Juli\u00e3o contempla agricultores da zona rural com ara\u00e7\u00e3o de terras"}]},{"@type":"WebSite","@id":"https:\/\/portalnpm.com\/#website","url":"https:\/\/portalnpm.com\/","name":"Portal NPM","description":"Not\u00edcias em Primeira M\u00e3o","potentialAction":[{"@type":"SearchAction","target":{"@type":"EntryPoint","urlTemplate":"https:\/\/portalnpm.com\/?s={search_term_string}"},"query-input":"required name=search_term_string"}],"inLanguage":"pt-BR"},{"@type":"Person","@id":"https:\/\/portalnpm.com\/#\/schema\/person\/0b5f230ec96cee25504fa328e7f2b733","name":"Reda\u00e7\u00e3o","image":{"@type":"ImageObject","inLanguage":"pt-BR","@id":"https:\/\/portalnpm.com\/#\/schema\/person\/image\/","url":"https:\/\/portalnpm.com\/wp-content\/uploads\/2024\/03\/avatar_user_4_1710097212-96x96.png","contentUrl":"https:\/\/portalnpm.com\/wp-content\/uploads\/2024\/03\/avatar_user_4_1710097212-96x96.png","caption":"Reda\u00e7\u00e3o"},"url":"https:\/\/portalnpm.com\/index.php\/author\/redacao\/"}]}},"jetpack_sharing_enabled":true,"jetpack_featured_media_url":"https:\/\/portalnpm.com\/wp-content\/uploads\/2025\/01\/IMG-20250103-WA0605.jpg","_links":{"self":[{"href":"https:\/\/portalnpm.com\/index.php\/wp-json\/wp\/v2\/posts\/83991"}],"collection":[{"href":"https:\/\/portalnpm.com\/index.php\/wp-json\/wp\/v2\/posts"}],"about":[{"href":"https:\/\/portalnpm.com\/index.php\/wp-json\/wp\/v2\/types\/post"}],"author":[{"embeddable":true,"href":"https:\/\/portalnpm.com\/index.php\/wp-json\/wp\/v2\/users\/4"}],"replies":[{"embeddable":true,"href":"https:\/\/portalnpm.com\/index.php\/wp-json\/wp\/v2\/comments?post=83991"}],"version-history":[{"count":1,"href":"https:\/\/portalnpm.com\/index.php\/wp-json\/wp\/v2\/posts\/83991\/revisions"}],"predecessor-version":[{"id":83992,"href":"https:\/\/portalnpm.com\/index.php\/wp-json\/wp\/v2\/posts\/83991\/revisions\/83992"}],"wp:featuredmedia":[{"embeddable":true,"href":"https:\/\/portalnpm.com\/index.php\/wp-json\/wp\/v2\/media\/82775"}],"wp:attachment":[{"href":"https:\/\/portalnpm.com\/index.php\/wp-json\/wp\/v2\/media?parent=83991"}],"wp:term":[{"taxonomy":"category","embeddable":true,"href":"https:\/\/portalnpm.com\/index.php\/wp-json\/wp\/v2\/categories?post=83991"},{"taxonomy":"post_tag","embeddable":true,"href":"https:\/\/portalnpm.com\/index.php\/wp-json\/wp\/v2\/tags?post=83991"}],"curies":[{"name":"wp","href":"https:\/\/api.w.org\/{rel}","templated":true}]}}