{"id":84039,"date":"2025-01-26T11:10:13","date_gmt":"2025-01-26T14:10:13","guid":{"rendered":"https:\/\/portalnpm.com\/?p=84039"},"modified":"2025-01-26T11:10:13","modified_gmt":"2025-01-26T14:10:13","slug":"miguel-moura-pai-da-conselheira-rejane-dias-morre-aos-87-anos","status":"publish","type":"post","link":"https:\/\/portalnpm.com\/index.php\/2025\/01\/26\/miguel-moura-pai-da-conselheira-rejane-dias-morre-aos-87-anos\/","title":{"rendered":"Miguel Moura, pai da conselheira Rejane Dias, morre aos 87 anos"},"content":{"rendered":"<p>Morreu neste domingo (26)<strong>\u00a0Miguel Moura, mais conhecido como Seu Miguel\u00e3o<\/strong>, \u00a0pai da conselheira do Tribunal de Contas do Estado do Piau\u00ed, Rejane Dias, e sogro do<strong>ministro do Desenvolvimento e Assist\u00eancia Social, Wellington Dias.<\/strong> \u00a0Aos 87 anos, Seu Miguel\u00e3o deixou um legado de alegria e resili\u00eancia que marcou sua trajet\u00f3ria de vida.<\/p>\n<p>Nas redes sociais<strong>, R<\/strong><strong>ejane Dias prestou uma emocionada homenagem ao pai<\/strong>. \u201cMeu cora\u00e7\u00e3o est\u00e1 em prantos por sua partida. Mas guardarei para sempre em meu cora\u00e7\u00e3o nossos momentos, seu jeito alegre e resiliente, mesmo quando o corpo reclamava\u201d, escreveu a conselheira, destacando a for\u00e7a e o carinho que caracterizavam Miguel Moura.<\/p>\n<p>Em mensagem publicada neste domingo, o<strong>\u00a0ministro Wellington Dias lembrou o quanto seu sogro foi um homem de esp\u00edrito leve,<\/strong> cuja vida foi marcada por amor, dedica\u00e7\u00e3o \u00e0 fam\u00edlia e incont\u00e1veis momentos de alegria.<\/p>\n<p>&#8220;Ele construiu uma hist\u00f3ria de vit\u00f3rias, cercado pelo amor de dona Ivone e pela fam\u00edlia que tanto amava. Era um pai dedicado, av\u00f4 e bisav\u00f4 presente, amigo fiel e apaixonado por sua S\u00e3o Jo\u00e3o do Piau\u00ed. Com seu jeito \u00fanico, gargalhadas contagiantes e paix\u00e3o por carros, sinuca, m\u00fasica e bo\u00eamia, Miguel deixou lembran\u00e7as preciosas. Mesmo nos \u00faltimos dias, sua preocupa\u00e7\u00e3o era com quem amava, especialmente dona Ivone, e prometemos cuidar dela como ele gostaria. Seu sorriso e suas hist\u00f3rias viver\u00e3o para sempre em nossos cora\u00e7\u00f5es. Que Deus o receba com a alegria que ele espalhou aqui&#8221;, destacou Wellington.<\/p>\n<blockquote class=\"instagram-media\" data-instgrm-captioned data-instgrm-permalink=\"https:\/\/www.instagram.com\/p\/DFShmKau2kJ\/?utm_source=ig_embed&amp;utm_campaign=loading\" data-instgrm-version=\"14\" style=\" background:#FFF; border:0; border-radius:3px; box-shadow:0 0 1px 0 rgba(0,0,0,0.5),0 1px 10px 0 rgba(0,0,0,0.15); margin: 1px; max-width:500px; min-width:326px; padding:0; width:99.375%; width:-webkit-calc(100% - 2px); width:calc(100% - 2px);\">\n<div style=\"padding:16px;\"> <a href=\"https:\/\/www.instagram.com\/p\/DFShmKau2kJ\/?utm_source=ig_embed&amp;utm_campaign=loading\" style=\" background:#FFFFFF; line-height:0; padding:0 0; text-align:center; text-decoration:none; width:100%;\" target=\"_blank\"> <\/p>\n<div style=\" display: flex; flex-direction: row; align-items: center;\">\n<div style=\"background-color: #F4F4F4; border-radius: 50%; flex-grow: 0; height: 40px; margin-right: 14px; width: 40px;\"><\/div>\n<div style=\"display: flex; flex-direction: column; flex-grow: 1; justify-content: center;\">\n<div style=\" background-color: #F4F4F4; border-radius: 4px; flex-grow: 0; height: 14px; margin-bottom: 6px; width: 100px;\"><\/div>\n<div style=\" background-color: #F4F4F4; border-radius: 4px; flex-grow: 0; height: 14px; width: 60px;\"><\/div>\n<\/div>\n<\/div>\n<div style=\"padding: 19% 0;\"><\/div>\n<div style=\"display:block; height:50px; margin:0 auto 12px; width:50px;\"><svg width=\"50px\" height=\"50px\" viewBox=\"0 0 60 60\" version=\"1.1\" xmlns=\"https:\/\/www.w3.org\/2000\/svg\" xmlns:xlink=\"https:\/\/www.w3.org\/1999\/xlink\"><g stroke=\"none\" stroke-width=\"1\" fill=\"none\" fill-rule=\"evenodd\"><g transform=\"translate(-511.000000, -20.000000)\" fill=\"#000000\"><g><path d=\"M556.869,30.41 C554.814,30.41 553.148,32.076 553.148,34.131 C553.148,36.186 554.814,37.852 556.869,37.852 C558.924,37.852 560.59,36.186 560.59,34.131 C560.59,32.076 558.924,30.41 556.869,30.41 M541,60.657 C535.114,60.657 530.342,55.887 530.342,50 C530.342,44.114 535.114,39.342 541,39.342 C546.887,39.342 551.658,44.114 551.658,50 C551.658,55.887 546.887,60.657 541,60.657 M541,33.886 C532.1,33.886 524.886,41.1 524.886,50 C524.886,58.899 532.1,66.113 541,66.113 C549.9,66.113 557.115,58.899 557.115,50 C557.115,41.1 549.9,33.886 541,33.886 M565.378,62.101 C565.244,65.022 564.756,66.606 564.346,67.663 C563.803,69.06 563.154,70.057 562.106,71.106 C561.058,72.155 560.06,72.803 558.662,73.347 C557.607,73.757 556.021,74.244 553.102,74.378 C549.944,74.521 548.997,74.552 541,74.552 C533.003,74.552 532.056,74.521 528.898,74.378 C525.979,74.244 524.393,73.757 523.338,73.347 C521.94,72.803 520.942,72.155 519.894,71.106 C518.846,70.057 518.197,69.06 517.654,67.663 C517.244,66.606 516.755,65.022 516.623,62.101 C516.479,58.943 516.448,57.996 516.448,50 C516.448,42.003 516.479,41.056 516.623,37.899 C516.755,34.978 517.244,33.391 517.654,32.338 C518.197,30.938 518.846,29.942 519.894,28.894 C520.942,27.846 521.94,27.196 523.338,26.654 C524.393,26.244 525.979,25.756 528.898,25.623 C532.057,25.479 533.004,25.448 541,25.448 C548.997,25.448 549.943,25.479 553.102,25.623 C556.021,25.756 557.607,26.244 558.662,26.654 C560.06,27.196 561.058,27.846 562.106,28.894 C563.154,29.942 563.803,30.938 564.346,32.338 C564.756,33.391 565.244,34.978 565.378,37.899 C565.522,41.056 565.552,42.003 565.552,50 C565.552,57.996 565.522,58.943 565.378,62.101 M570.82,37.631 C570.674,34.438 570.167,32.258 569.425,30.349 C568.659,28.377 567.633,26.702 565.965,25.035 C564.297,23.368 562.623,22.342 560.652,21.575 C558.743,20.834 556.562,20.326 553.369,20.18 C550.169,20.033 549.148,20 541,20 C532.853,20 531.831,20.033 528.631,20.18 C525.438,20.326 523.257,20.834 521.349,21.575 C519.376,22.342 517.703,23.368 516.035,25.035 C514.368,26.702 513.342,28.377 512.574,30.349 C511.834,32.258 511.326,34.438 511.181,37.631 C511.035,40.831 511,41.851 511,50 C511,58.147 511.035,59.17 511.181,62.369 C511.326,65.562 511.834,67.743 512.574,69.651 C513.342,71.625 514.368,73.296 516.035,74.965 C517.703,76.634 519.376,77.658 521.349,78.425 C523.257,79.167 525.438,79.673 528.631,79.82 C531.831,79.965 532.853,80.001 541,80.001 C549.148,80.001 550.169,79.965 553.369,79.82 C556.562,79.673 558.743,79.167 560.652,78.425 C562.623,77.658 564.297,76.634 565.965,74.965 C567.633,73.296 568.659,71.625 569.425,69.651 C570.167,67.743 570.674,65.562 570.82,62.369 C570.966,59.17 571,58.147 571,50 C571,41.851 570.966,40.831 570.82,37.631\"><\/path><\/g><\/g><\/g><\/svg><\/div>\n<div style=\"padding-top: 8px;\">\n<div style=\" color:#3897f0; font-family:Arial,sans-serif; font-size:14px; font-style:normal; font-weight:550; line-height:18px;\">View this post on Instagram<\/div>\n<\/div>\n<div style=\"padding: 12.5% 0;\"><\/div>\n<div style=\"display: flex; flex-direction: row; margin-bottom: 14px; align-items: center;\">\n<div>\n<div style=\"background-color: #F4F4F4; border-radius: 50%; height: 12.5px; width: 12.5px; transform: translateX(0px) translateY(7px);\"><\/div>\n<div style=\"background-color: #F4F4F4; height: 12.5px; transform: rotate(-45deg) translateX(3px) translateY(1px); width: 12.5px; flex-grow: 0; margin-right: 14px; margin-left: 2px;\"><\/div>\n<div style=\"background-color: #F4F4F4; border-radius: 50%; height: 12.5px; width: 12.5px; transform: translateX(9px) translateY(-18px);\"><\/div>\n<\/div>\n<div style=\"margin-left: 8px;\">\n<div style=\" background-color: #F4F4F4; border-radius: 50%; flex-grow: 0; height: 20px; width: 20px;\"><\/div>\n<div style=\" width: 0; height: 0; border-top: 2px solid transparent; border-left: 6px solid #f4f4f4; border-bottom: 2px solid transparent; transform: translateX(16px) translateY(-4px) rotate(30deg)\"><\/div>\n<\/div>\n<div style=\"margin-left: auto;\">\n<div style=\" width: 0px; border-top: 8px solid #F4F4F4; border-right: 8px solid transparent; transform: translateY(16px);\"><\/div>\n<div style=\" background-color: #F4F4F4; flex-grow: 0; height: 12px; width: 16px; transform: translateY(-4px);\"><\/div>\n<div style=\" width: 0; height: 0; border-top: 8px solid #F4F4F4; border-left: 8px solid transparent; transform: translateY(-4px) translateX(8px);\"><\/div>\n<\/div>\n<\/div>\n<div style=\"display: flex; flex-direction: column; flex-grow: 1; justify-content: center; margin-bottom: 24px;\">\n<div style=\" background-color: #F4F4F4; border-radius: 4px; flex-grow: 0; height: 14px; margin-bottom: 6px; width: 224px;\"><\/div>\n<div style=\" background-color: #F4F4F4; border-radius: 4px; flex-grow: 0; height: 14px; width: 144px;\"><\/div>\n<\/div>\n<p><\/a><\/p>\n<p style=\" color:#c9c8cd; font-family:Arial,sans-serif; font-size:14px; line-height:17px; margin-bottom:0; margin-top:8px; overflow:hidden; padding:8px 0 7px; text-align:center; text-overflow:ellipsis; white-space:nowrap;\"><a href=\"https:\/\/www.instagram.com\/p\/DFShmKau2kJ\/?utm_source=ig_embed&amp;utm_campaign=loading\" style=\" color:#c9c8cd; font-family:Arial,sans-serif; font-size:14px; font-style:normal; font-weight:normal; line-height:17px; text-decoration:none;\" target=\"_blank\">A post shared by Wellington Dias (@wellingtondiasoficial)<\/a><\/p>\n<\/div>\n<\/blockquote>\n<p><script async src=\"\/\/platform.instagram.com\/en_US\/embeds.js\"><\/script><\/p>\n<h3>VEL\u00d3RIO E SEPULTAMENTO<\/h3>\n<p>O vel\u00f3rio de Miguel Moura, ser\u00e1 realizado neste domingo (26), a partir das 11h30, na Pax Uni\u00e3o, em Teresina. Informa\u00e7\u00f5es sobre o hor\u00e1rio do enterro e sepultamento ainda n\u00e3o foram divulgadas.<\/p>\n<p><strong>Fonte<\/strong>: Meio Norte<\/p>\n","protected":false},"excerpt":{"rendered":"<p>Morreu neste domingo (26)\u00a0Miguel Moura, mais conhecido como Seu Miguel\u00e3o, \u00a0pai da conselheira do Tribunal de Contas do Estado do Piau\u00ed, Rejane Dias, e sogro doministro do Desenvolvimento e Assist\u00eancia Social, Wellington Dias. \u00a0Aos 87 anos, Seu Miguel\u00e3o deixou um legado de alegria e resili\u00eancia que marcou sua trajet\u00f3ria de vida. Nas redes sociais, Rejane &hellip;<\/p>\n","protected":false},"author":8,"featured_media":84040,"comment_status":"open","ping_status":"open","sticky":false,"template":"","format":"standard","meta":{"content-type":"","rop_custom_images_group":[],"rop_custom_messages_group":[],"rop_publish_now":"yes","rop_publish_now_accounts":{"facebook_2648258775420054_1618374048415101":""},"rop_publish_now_history":[],"rop_publish_now_status":"pending","footnotes":"","_jetpack_memberships_contains_paid_content":false},"categories":[113,188],"tags":[7389,221,953,16424,836,915,3308,132,5401,1526,12306],"yoast_head":"<!-- This site is optimized with the Yoast SEO plugin v22.3 - https:\/\/yoast.com\/wordpress\/plugins\/seo\/ -->\n<title>Miguel Moura, pai da conselheira Rejane Dias, morre aos 87 anos - Portal NPM<\/title>\n<meta name=\"robots\" content=\"index, follow, max-snippet:-1, max-image-preview:large, max-video-preview:-1\" \/>\n<link rel=\"canonical\" href=\"https:\/\/portalnpm.com\/index.php\/2025\/01\/26\/miguel-moura-pai-da-conselheira-rejane-dias-morre-aos-87-anos\/\" \/>\n<meta property=\"og:locale\" content=\"pt_BR\" \/>\n<meta property=\"og:type\" content=\"article\" \/>\n<meta property=\"og:title\" content=\"Miguel Moura, pai da conselheira Rejane Dias, morre aos 87 anos - Portal NPM\" \/>\n<meta property=\"og:description\" content=\"Morreu neste domingo (26)\u00a0Miguel Moura, mais conhecido como Seu Miguel\u00e3o, \u00a0pai da conselheira do Tribunal de Contas do Estado do Piau\u00ed, Rejane Dias, e sogro doministro do Desenvolvimento e Assist\u00eancia Social, Wellington Dias. \u00a0Aos 87 anos, Seu Miguel\u00e3o deixou um legado de alegria e resili\u00eancia que marcou sua trajet\u00f3ria de vida. Nas redes sociais, Rejane &hellip;\" \/>\n<meta property=\"og:url\" content=\"https:\/\/portalnpm.com\/index.php\/2025\/01\/26\/miguel-moura-pai-da-conselheira-rejane-dias-morre-aos-87-anos\/\" \/>\n<meta property=\"og:site_name\" content=\"Portal NPM\" \/>\n<meta property=\"article:published_time\" content=\"2025-01-26T14:10:13+00:00\" \/>\n<meta property=\"og:image\" content=\"https:\/\/portalnpm.com\/wp-content\/uploads\/2025\/01\/IMG_6445.webp\" \/>\n\t<meta property=\"og:image:width\" content=\"900\" \/>\n\t<meta property=\"og:image:height\" content=\"600\" \/>\n\t<meta property=\"og:image:type\" content=\"image\/webp\" \/>\n<meta name=\"author\" content=\"Zenilton Lima\" \/>\n<meta name=\"twitter:card\" content=\"summary_large_image\" \/>\n<meta name=\"twitter:label1\" content=\"Escrito por\" \/>\n\t<meta name=\"twitter:data1\" content=\"Zenilton Lima\" \/>\n\t<meta name=\"twitter:label2\" content=\"Est. tempo de leitura\" \/>\n\t<meta name=\"twitter:data2\" content=\"2 minutos\" \/>\n<script type=\"application\/ld+json\" class=\"yoast-schema-graph\">{\"@context\":\"https:\/\/schema.org\",\"@graph\":[{\"@type\":\"WebPage\",\"@id\":\"https:\/\/portalnpm.com\/index.php\/2025\/01\/26\/miguel-moura-pai-da-conselheira-rejane-dias-morre-aos-87-anos\/\",\"url\":\"https:\/\/portalnpm.com\/index.php\/2025\/01\/26\/miguel-moura-pai-da-conselheira-rejane-dias-morre-aos-87-anos\/\",\"name\":\"Miguel Moura, pai da conselheira Rejane Dias, morre aos 87 anos - Portal NPM\",\"isPartOf\":{\"@id\":\"https:\/\/portalnpm.com\/#website\"},\"primaryImageOfPage\":{\"@id\":\"https:\/\/portalnpm.com\/index.php\/2025\/01\/26\/miguel-moura-pai-da-conselheira-rejane-dias-morre-aos-87-anos\/#primaryimage\"},\"image\":{\"@id\":\"https:\/\/portalnpm.com\/index.php\/2025\/01\/26\/miguel-moura-pai-da-conselheira-rejane-dias-morre-aos-87-anos\/#primaryimage\"},\"thumbnailUrl\":\"https:\/\/portalnpm.com\/wp-content\/uploads\/2025\/01\/IMG_6445.webp\",\"datePublished\":\"2025-01-26T14:10:13+00:00\",\"dateModified\":\"2025-01-26T14:10:13+00:00\",\"author\":{\"@id\":\"https:\/\/portalnpm.com\/#\/schema\/person\/35cb55186eae3f074b6783da6d35591e\"},\"breadcrumb\":{\"@id\":\"https:\/\/portalnpm.com\/index.php\/2025\/01\/26\/miguel-moura-pai-da-conselheira-rejane-dias-morre-aos-87-anos\/#breadcrumb\"},\"inLanguage\":\"pt-BR\",\"potentialAction\":[{\"@type\":\"ReadAction\",\"target\":[\"https:\/\/portalnpm.com\/index.php\/2025\/01\/26\/miguel-moura-pai-da-conselheira-rejane-dias-morre-aos-87-anos\/\"]}]},{\"@type\":\"ImageObject\",\"inLanguage\":\"pt-BR\",\"@id\":\"https:\/\/portalnpm.com\/index.php\/2025\/01\/26\/miguel-moura-pai-da-conselheira-rejane-dias-morre-aos-87-anos\/#primaryimage\",\"url\":\"https:\/\/portalnpm.com\/wp-content\/uploads\/2025\/01\/IMG_6445.webp\",\"contentUrl\":\"https:\/\/portalnpm.com\/wp-content\/uploads\/2025\/01\/IMG_6445.webp\",\"width\":900,\"height\":600,\"caption\":\"Miguel Moura, pai da conselheira Rejane Dias, morre aos 87 anos | Reprodu\u00e7\u00e3o\/Redes Sociais\"},{\"@type\":\"BreadcrumbList\",\"@id\":\"https:\/\/portalnpm.com\/index.php\/2025\/01\/26\/miguel-moura-pai-da-conselheira-rejane-dias-morre-aos-87-anos\/#breadcrumb\",\"itemListElement\":[{\"@type\":\"ListItem\",\"position\":1,\"name\":\"In\u00edcio\",\"item\":\"https:\/\/portalnpm.com\/\"},{\"@type\":\"ListItem\",\"position\":2,\"name\":\"Miguel Moura, pai da conselheira Rejane Dias, morre aos 87 anos\"}]},{\"@type\":\"WebSite\",\"@id\":\"https:\/\/portalnpm.com\/#website\",\"url\":\"https:\/\/portalnpm.com\/\",\"name\":\"Portal NPM\",\"description\":\"Not\u00edcias em Primeira M\u00e3o\",\"potentialAction\":[{\"@type\":\"SearchAction\",\"target\":{\"@type\":\"EntryPoint\",\"urlTemplate\":\"https:\/\/portalnpm.com\/?s={search_term_string}\"},\"query-input\":\"required name=search_term_string\"}],\"inLanguage\":\"pt-BR\"},{\"@type\":\"Person\",\"@id\":\"https:\/\/portalnpm.com\/#\/schema\/person\/35cb55186eae3f074b6783da6d35591e\",\"name\":\"Zenilton Lima\",\"image\":{\"@type\":\"ImageObject\",\"inLanguage\":\"pt-BR\",\"@id\":\"https:\/\/portalnpm.com\/#\/schema\/person\/image\/\",\"url\":\"https:\/\/portalnpm.com\/wp-content\/uploads\/2024\/12\/avatar_user_8_1733658137-96x96.jpeg\",\"contentUrl\":\"https:\/\/portalnpm.com\/wp-content\/uploads\/2024\/12\/avatar_user_8_1733658137-96x96.jpeg\",\"caption\":\"Zenilton Lima\"},\"url\":\"https:\/\/portalnpm.com\/index.php\/author\/zenilton\/\"}]}<\/script>\n<!-- \/ Yoast SEO plugin. -->","yoast_head_json":{"title":"Miguel Moura, pai da conselheira Rejane Dias, morre aos 87 anos - Portal NPM","robots":{"index":"index","follow":"follow","max-snippet":"max-snippet:-1","max-image-preview":"max-image-preview:large","max-video-preview":"max-video-preview:-1"},"canonical":"https:\/\/portalnpm.com\/index.php\/2025\/01\/26\/miguel-moura-pai-da-conselheira-rejane-dias-morre-aos-87-anos\/","og_locale":"pt_BR","og_type":"article","og_title":"Miguel Moura, pai da conselheira Rejane Dias, morre aos 87 anos - Portal NPM","og_description":"Morreu neste domingo (26)\u00a0Miguel Moura, mais conhecido como Seu Miguel\u00e3o, \u00a0pai da conselheira do Tribunal de Contas do Estado do Piau\u00ed, Rejane Dias, e sogro doministro do Desenvolvimento e Assist\u00eancia Social, Wellington Dias. \u00a0Aos 87 anos, Seu Miguel\u00e3o deixou um legado de alegria e resili\u00eancia que marcou sua trajet\u00f3ria de vida. Nas redes sociais, Rejane &hellip;","og_url":"https:\/\/portalnpm.com\/index.php\/2025\/01\/26\/miguel-moura-pai-da-conselheira-rejane-dias-morre-aos-87-anos\/","og_site_name":"Portal NPM","article_published_time":"2025-01-26T14:10:13+00:00","og_image":[{"width":900,"height":600,"url":"https:\/\/portalnpm.com\/wp-content\/uploads\/2025\/01\/IMG_6445.webp","type":"image\/webp"}],"author":"Zenilton Lima","twitter_card":"summary_large_image","twitter_misc":{"Escrito por":"Zenilton Lima","Est. tempo de leitura":"2 minutos"},"schema":{"@context":"https:\/\/schema.org","@graph":[{"@type":"WebPage","@id":"https:\/\/portalnpm.com\/index.php\/2025\/01\/26\/miguel-moura-pai-da-conselheira-rejane-dias-morre-aos-87-anos\/","url":"https:\/\/portalnpm.com\/index.php\/2025\/01\/26\/miguel-moura-pai-da-conselheira-rejane-dias-morre-aos-87-anos\/","name":"Miguel Moura, pai da conselheira Rejane Dias, morre aos 87 anos - Portal NPM","isPartOf":{"@id":"https:\/\/portalnpm.com\/#website"},"primaryImageOfPage":{"@id":"https:\/\/portalnpm.com\/index.php\/2025\/01\/26\/miguel-moura-pai-da-conselheira-rejane-dias-morre-aos-87-anos\/#primaryimage"},"image":{"@id":"https:\/\/portalnpm.com\/index.php\/2025\/01\/26\/miguel-moura-pai-da-conselheira-rejane-dias-morre-aos-87-anos\/#primaryimage"},"thumbnailUrl":"https:\/\/portalnpm.com\/wp-content\/uploads\/2025\/01\/IMG_6445.webp","datePublished":"2025-01-26T14:10:13+00:00","dateModified":"2025-01-26T14:10:13+00:00","author":{"@id":"https:\/\/portalnpm.com\/#\/schema\/person\/35cb55186eae3f074b6783da6d35591e"},"breadcrumb":{"@id":"https:\/\/portalnpm.com\/index.php\/2025\/01\/26\/miguel-moura-pai-da-conselheira-rejane-dias-morre-aos-87-anos\/#breadcrumb"},"inLanguage":"pt-BR","potentialAction":[{"@type":"ReadAction","target":["https:\/\/portalnpm.com\/index.php\/2025\/01\/26\/miguel-moura-pai-da-conselheira-rejane-dias-morre-aos-87-anos\/"]}]},{"@type":"ImageObject","inLanguage":"pt-BR","@id":"https:\/\/portalnpm.com\/index.php\/2025\/01\/26\/miguel-moura-pai-da-conselheira-rejane-dias-morre-aos-87-anos\/#primaryimage","url":"https:\/\/portalnpm.com\/wp-content\/uploads\/2025\/01\/IMG_6445.webp","contentUrl":"https:\/\/portalnpm.com\/wp-content\/uploads\/2025\/01\/IMG_6445.webp","width":900,"height":600,"caption":"Miguel Moura, pai da conselheira Rejane Dias, morre aos 87 anos | Reprodu\u00e7\u00e3o\/Redes Sociais"},{"@type":"BreadcrumbList","@id":"https:\/\/portalnpm.com\/index.php\/2025\/01\/26\/miguel-moura-pai-da-conselheira-rejane-dias-morre-aos-87-anos\/#breadcrumb","itemListElement":[{"@type":"ListItem","position":1,"name":"In\u00edcio","item":"https:\/\/portalnpm.com\/"},{"@type":"ListItem","position":2,"name":"Miguel Moura, pai da conselheira Rejane Dias, morre aos 87 anos"}]},{"@type":"WebSite","@id":"https:\/\/portalnpm.com\/#website","url":"https:\/\/portalnpm.com\/","name":"Portal NPM","description":"Not\u00edcias em Primeira M\u00e3o","potentialAction":[{"@type":"SearchAction","target":{"@type":"EntryPoint","urlTemplate":"https:\/\/portalnpm.com\/?s={search_term_string}"},"query-input":"required name=search_term_string"}],"inLanguage":"pt-BR"},{"@type":"Person","@id":"https:\/\/portalnpm.com\/#\/schema\/person\/35cb55186eae3f074b6783da6d35591e","name":"Zenilton Lima","image":{"@type":"ImageObject","inLanguage":"pt-BR","@id":"https:\/\/portalnpm.com\/#\/schema\/person\/image\/","url":"https:\/\/portalnpm.com\/wp-content\/uploads\/2024\/12\/avatar_user_8_1733658137-96x96.jpeg","contentUrl":"https:\/\/portalnpm.com\/wp-content\/uploads\/2024\/12\/avatar_user_8_1733658137-96x96.jpeg","caption":"Zenilton Lima"},"url":"https:\/\/portalnpm.com\/index.php\/author\/zenilton\/"}]}},"jetpack_sharing_enabled":true,"jetpack_featured_media_url":"https:\/\/portalnpm.com\/wp-content\/uploads\/2025\/01\/IMG_6445.webp","_links":{"self":[{"href":"https:\/\/portalnpm.com\/index.php\/wp-json\/wp\/v2\/posts\/84039"}],"collection":[{"href":"https:\/\/portalnpm.com\/index.php\/wp-json\/wp\/v2\/posts"}],"about":[{"href":"https:\/\/portalnpm.com\/index.php\/wp-json\/wp\/v2\/types\/post"}],"author":[{"embeddable":true,"href":"https:\/\/portalnpm.com\/index.php\/wp-json\/wp\/v2\/users\/8"}],"replies":[{"embeddable":true,"href":"https:\/\/portalnpm.com\/index.php\/wp-json\/wp\/v2\/comments?post=84039"}],"version-history":[{"count":1,"href":"https:\/\/portalnpm.com\/index.php\/wp-json\/wp\/v2\/posts\/84039\/revisions"}],"predecessor-version":[{"id":84041,"href":"https:\/\/portalnpm.com\/index.php\/wp-json\/wp\/v2\/posts\/84039\/revisions\/84041"}],"wp:featuredmedia":[{"embeddable":true,"href":"https:\/\/portalnpm.com\/index.php\/wp-json\/wp\/v2\/media\/84040"}],"wp:attachment":[{"href":"https:\/\/portalnpm.com\/index.php\/wp-json\/wp\/v2\/media?parent=84039"}],"wp:term":[{"taxonomy":"category","embeddable":true,"href":"https:\/\/portalnpm.com\/index.php\/wp-json\/wp\/v2\/categories?post=84039"},{"taxonomy":"post_tag","embeddable":true,"href":"https:\/\/portalnpm.com\/index.php\/wp-json\/wp\/v2\/tags?post=84039"}],"curies":[{"name":"wp","href":"https:\/\/api.w.org\/{rel}","templated":true}]}}