{"id":84046,"date":"2025-01-27T10:05:40","date_gmt":"2025-01-27T13:05:40","guid":{"rendered":"https:\/\/portalnpm.com\/?p=84046"},"modified":"2025-01-27T10:05:40","modified_gmt":"2025-01-27T13:05:40","slug":"inss-comeca-a-pagar-beneficios-com-reajuste-a-partir-desta-segunda-veja-calendario","status":"publish","type":"post","link":"https:\/\/portalnpm.com\/index.php\/2025\/01\/27\/inss-comeca-a-pagar-beneficios-com-reajuste-a-partir-desta-segunda-veja-calendario\/","title":{"rendered":"INSS come\u00e7a a pagar benef\u00edcios com reajuste a partir desta segunda; veja calend\u00e1rio"},"content":{"rendered":"<p>Aposentados, pensionistas e benefici\u00e1rios de aux\u00edlios do INSS (Instituto Nacional do Seguro Social) come\u00e7am a receber nesta segunda-feira (27) os benef\u00edcios com reajuste. Pelo calend\u00e1rio divulgado pela institui\u00e7\u00e3o, o pagamento ser\u00e1 de 27 de janeiro a 7 de fevereiro (veja as datas abaixo).<\/p>\n<p dir=\"ltr\">Recebem primeiro os segurados que ganham o\u00a0sal\u00e1rio m\u00ednimo, que passou de R$ 1.412, em 2024, para R$ 1.518, neste ano, com reajuste de 7,5%.<\/p>\n<p dir=\"ltr\">Os aposentados e pensionistas que recebem acima do m\u00ednimo ter\u00e3o seus benef\u00edcios reajustados em 4,77%. A corre\u00e7\u00e3o corresponde \u00e0 varia\u00e7\u00e3o da infla\u00e7\u00e3o medida de janeiro a dezembro de 2024 medida pelo\u00a0INPC (\u00cdndice Nacional de Pre\u00e7os ao Consumidor),\u00a0que serve como base para este c\u00e1lculo.<\/p>\n<p dir=\"ltr\">O aumento de 4,77% ser\u00e1 pago integralmente aos segurados que j\u00e1 recebiam as aposentadorias e pens\u00f5es acima de um sal\u00e1rio m\u00ednimo em 1\u00ba de janeiro do ano passado. J\u00e1 quem come\u00e7ou a receber o benef\u00edcio ap\u00f3s essa data ter\u00e1 reajuste proporcional ao n\u00famero de meses em que o benef\u00edcio foi pago.<\/p>\n<p dir=\"ltr\">Com a mudan\u00e7a, o\u00a0piso dos benef\u00edcios\u00a0da Previd\u00eancia Social subiu de R$ 1.412 para R$ 1.518, e o teto, de R$ 7.786,02 para R$ 8.157,40, em 2025.<\/p>\n<p dir=\"ltr\">Para consultar os valores que ser\u00e3o pagos, basta acessar o\u00a0Meu INSS\u00a0pela internet ou aplicativo. \u00c9 necess\u00e1rio fazer login e clicar em \u201cExtrato de Pagamento\u201d na tela inicial para ver todos os detalhes do benef\u00edcio.<\/p>\n<p dir=\"ltr\">O benefici\u00e1rio que n\u00e3o tem acesso \u00e0 internet pode ligar para o n\u00famero\u00a0135. \u00c9 necess\u00e1rio informar o CPF e confirmar algumas informa\u00e7\u00f5es para evitar fraudes. O atendimento ocorre de segunda-feira a s\u00e1bado, das 7h \u00e0s 22h.<\/p>\n<p dir=\"ltr\">A\u00a0data de pagamento\u00a0varia conforme o n\u00famero final do cart\u00e3o de benef\u00edcio, desconsiderando o d\u00edgito verificador, que aparece ap\u00f3s o tra\u00e7o (veja calend\u00e1rio abaixo).<\/p>\n<p dir=\"ltr\">Segundo o INSS, 12,2 milh\u00f5es de benefici\u00e1rios recebem acima do piso nacional, dos quais 10,6 mil ganham o teto da Previd\u00eancia Social. Um total de 28,5 milh\u00f5es de pessoas, cerca de 70% do total dos aposentados e pensionistas, ganha o sal\u00e1rio m\u00ednimo.<\/p>\n<p dir=\"ltr\">Calend\u00e1rio de pagamentos<\/p>\n<h2 dir=\"ltr\"><strong>At\u00e9 um sal\u00e1rio-m\u00ednimo\u00a0<\/strong><\/h2>\n<ul>\n<li dir=\"ltr\">Final 1: 27 de janeiro<\/li>\n<li dir=\"ltr\">\u00a0Final 2: 28 de janeiro<\/li>\n<li dir=\"ltr\">\u00a0Final 3: 29 de janeiro<\/li>\n<li dir=\"ltr\">\u00a0Final 4: 30 de janeiro<\/li>\n<li dir=\"ltr\">\u00a0Final 5: 31 de janeiro<\/li>\n<li dir=\"ltr\">\u00a0Final 6: 3 de fevereiro<\/li>\n<li dir=\"ltr\">\u00a0Final 7: 4 de fevereiro<\/li>\n<li dir=\"ltr\">\u00a0Final 8: 5 de fevereiro<\/li>\n<li dir=\"ltr\">\u00a0Final 9: 6 de fevereiro<\/li>\n<li dir=\"ltr\">\u00a0Final 0: 7 de fevereiro<\/li>\n<\/ul>\n<h2 dir=\"ltr\"><strong>Acima do piso nacional\u00a0<\/strong><\/h2>\n<ul>\n<li dir=\"ltr\">Finais 1 e 6: 3 de fevereiro<\/li>\n<li dir=\"ltr\">\u00a0Finais 2 e 7: 4 de fevereiro<\/li>\n<li dir=\"ltr\">\u00a0Finais 3 e 8: 5 de fevereiro<\/li>\n<li dir=\"ltr\">\u00a0Finais 4 e 9: 6 de fevereiro<\/li>\n<li dir=\"ltr\">\u00a0Finais 5 e 0: 7 de fevereiro<\/li>\n<\/ul>\n<h2 dir=\"ltr\"><strong>Para consultar o reajuste\u00a0<\/strong><\/h2>\n<ul>\n<li dir=\"ltr\">Acesse o site Meu INSS ou o aplicativo<\/li>\n<li dir=\"ltr\">\u00a0Fa\u00e7a login com o CPF e senha<\/li>\n<li dir=\"ltr\">\u00a0Na p\u00e1gina inicial, selecione \u201cExtrato de Pagamento\u201d<\/li>\n<li dir=\"ltr\">\u00a0O sistema mostrar\u00e1 o valor do benef\u00edcio e a data do dep\u00f3sito<\/li>\n<\/ul>\n<h2 dir=\"ltr\"><strong>Informa\u00e7\u00f5es do extrato de pagamento<\/strong><\/h2>\n<ul>\n<li dir=\"ltr\">\u00a0Ver o valor do benef\u00edcio<\/li>\n<li dir=\"ltr\">\u00a0Ver a data do dep\u00f3sito<\/li>\n<li dir=\"ltr\">\u00a0Ver se houve descontos, como de Imposto de Renda ou empr\u00e9stimo consignado<\/li>\n<li dir=\"ltr\">\u00a0Baixar o extrato em PDF<\/li>\n<\/ul>\n<p dir=\"ltr\">O segurado do INSS tamb\u00e9m pode ligar para a Central 135 para consultar o reajuste.<\/p>\n<p><em><strong>Fonte<\/strong>: R7<\/em><\/p>\n","protected":false},"excerpt":{"rendered":"<p>Aposentados, pensionistas e benefici\u00e1rios de aux\u00edlios do INSS (Instituto Nacional do Seguro Social) come\u00e7am a receber nesta segunda-feira (27) os benef\u00edcios com reajuste. Pelo calend\u00e1rio divulgado pela institui\u00e7\u00e3o, o pagamento ser\u00e1 de 27 de janeiro a 7 de fevereiro (veja as datas abaixo). Recebem primeiro os segurados que ganham o\u00a0sal\u00e1rio m\u00ednimo, que passou de R$ &hellip;<\/p>\n","protected":false},"author":8,"featured_media":84047,"comment_status":"open","ping_status":"open","sticky":false,"template":"","format":"standard","meta":{"content-type":"","rop_custom_images_group":[],"rop_custom_messages_group":[],"rop_publish_now":"yes","rop_publish_now_accounts":{"facebook_2648258775420054_1618374048415101":""},"rop_publish_now_history":[],"rop_publish_now_status":"pending","footnotes":"","_jetpack_memberships_contains_paid_content":false},"categories":[113,125],"tags":[2451,386,930,4750,1683,2257,932,1126,1733,842],"yoast_head":"<!-- This site is optimized with the Yoast SEO plugin v22.3 - https:\/\/yoast.com\/wordpress\/plugins\/seo\/ -->\n<title>INSS come\u00e7a a pagar benef\u00edcios com reajuste a partir desta segunda; veja calend\u00e1rio - Portal NPM<\/title>\n<meta name=\"robots\" content=\"index, follow, max-snippet:-1, max-image-preview:large, max-video-preview:-1\" \/>\n<link rel=\"canonical\" href=\"https:\/\/portalnpm.com\/index.php\/2025\/01\/27\/inss-comeca-a-pagar-beneficios-com-reajuste-a-partir-desta-segunda-veja-calendario\/\" \/>\n<meta property=\"og:locale\" content=\"pt_BR\" \/>\n<meta property=\"og:type\" content=\"article\" \/>\n<meta property=\"og:title\" content=\"INSS come\u00e7a a pagar benef\u00edcios com reajuste a partir desta segunda; veja calend\u00e1rio - Portal NPM\" \/>\n<meta property=\"og:description\" content=\"Aposentados, pensionistas e benefici\u00e1rios de aux\u00edlios do INSS (Instituto Nacional do Seguro Social) come\u00e7am a receber nesta segunda-feira (27) os benef\u00edcios com reajuste. Pelo calend\u00e1rio divulgado pela institui\u00e7\u00e3o, o pagamento ser\u00e1 de 27 de janeiro a 7 de fevereiro (veja as datas abaixo). Recebem primeiro os segurados que ganham o\u00a0sal\u00e1rio m\u00ednimo, que passou de R$ &hellip;\" \/>\n<meta property=\"og:url\" content=\"https:\/\/portalnpm.com\/index.php\/2025\/01\/27\/inss-comeca-a-pagar-beneficios-com-reajuste-a-partir-desta-segunda-veja-calendario\/\" \/>\n<meta property=\"og:site_name\" content=\"Portal NPM\" \/>\n<meta property=\"article:published_time\" content=\"2025-01-27T13:05:40+00:00\" \/>\n<meta property=\"og:image\" content=\"https:\/\/portalnpm.com\/wp-content\/uploads\/2025\/01\/IMG_6456.jpeg\" \/>\n\t<meta property=\"og:image:width\" content=\"1000\" \/>\n\t<meta property=\"og:image:height\" content=\"664\" \/>\n\t<meta property=\"og:image:type\" content=\"image\/jpeg\" \/>\n<meta name=\"author\" content=\"Zenilton Lima\" \/>\n<meta name=\"twitter:card\" content=\"summary_large_image\" \/>\n<meta name=\"twitter:label1\" content=\"Escrito por\" \/>\n\t<meta name=\"twitter:data1\" content=\"Zenilton Lima\" \/>\n\t<meta name=\"twitter:label2\" content=\"Est. tempo de leitura\" \/>\n\t<meta name=\"twitter:data2\" content=\"4 minutos\" \/>\n<script type=\"application\/ld+json\" class=\"yoast-schema-graph\">{\"@context\":\"https:\/\/schema.org\",\"@graph\":[{\"@type\":\"WebPage\",\"@id\":\"https:\/\/portalnpm.com\/index.php\/2025\/01\/27\/inss-comeca-a-pagar-beneficios-com-reajuste-a-partir-desta-segunda-veja-calendario\/\",\"url\":\"https:\/\/portalnpm.com\/index.php\/2025\/01\/27\/inss-comeca-a-pagar-beneficios-com-reajuste-a-partir-desta-segunda-veja-calendario\/\",\"name\":\"INSS come\u00e7a a pagar benef\u00edcios com reajuste a partir desta segunda; veja calend\u00e1rio - Portal NPM\",\"isPartOf\":{\"@id\":\"https:\/\/portalnpm.com\/#website\"},\"primaryImageOfPage\":{\"@id\":\"https:\/\/portalnpm.com\/index.php\/2025\/01\/27\/inss-comeca-a-pagar-beneficios-com-reajuste-a-partir-desta-segunda-veja-calendario\/#primaryimage\"},\"image\":{\"@id\":\"https:\/\/portalnpm.com\/index.php\/2025\/01\/27\/inss-comeca-a-pagar-beneficios-com-reajuste-a-partir-desta-segunda-veja-calendario\/#primaryimage\"},\"thumbnailUrl\":\"https:\/\/portalnpm.com\/wp-content\/uploads\/2025\/01\/IMG_6456.jpeg\",\"datePublished\":\"2025-01-27T13:05:40+00:00\",\"dateModified\":\"2025-01-27T13:05:40+00:00\",\"author\":{\"@id\":\"https:\/\/portalnpm.com\/#\/schema\/person\/35cb55186eae3f074b6783da6d35591e\"},\"breadcrumb\":{\"@id\":\"https:\/\/portalnpm.com\/index.php\/2025\/01\/27\/inss-comeca-a-pagar-beneficios-com-reajuste-a-partir-desta-segunda-veja-calendario\/#breadcrumb\"},\"inLanguage\":\"pt-BR\",\"potentialAction\":[{\"@type\":\"ReadAction\",\"target\":[\"https:\/\/portalnpm.com\/index.php\/2025\/01\/27\/inss-comeca-a-pagar-beneficios-com-reajuste-a-partir-desta-segunda-veja-calendario\/\"]}]},{\"@type\":\"ImageObject\",\"inLanguage\":\"pt-BR\",\"@id\":\"https:\/\/portalnpm.com\/index.php\/2025\/01\/27\/inss-comeca-a-pagar-beneficios-com-reajuste-a-partir-desta-segunda-veja-calendario\/#primaryimage\",\"url\":\"https:\/\/portalnpm.com\/wp-content\/uploads\/2025\/01\/IMG_6456.jpeg\",\"contentUrl\":\"https:\/\/portalnpm.com\/wp-content\/uploads\/2025\/01\/IMG_6456.jpeg\",\"width\":1000,\"height\":664,\"caption\":\"INSS come\u00e7a a pagar benef\u00edcios com reajuste a partir desta segunda Reprodu\u00e7\u00e3o\"},{\"@type\":\"BreadcrumbList\",\"@id\":\"https:\/\/portalnpm.com\/index.php\/2025\/01\/27\/inss-comeca-a-pagar-beneficios-com-reajuste-a-partir-desta-segunda-veja-calendario\/#breadcrumb\",\"itemListElement\":[{\"@type\":\"ListItem\",\"position\":1,\"name\":\"In\u00edcio\",\"item\":\"https:\/\/portalnpm.com\/\"},{\"@type\":\"ListItem\",\"position\":2,\"name\":\"INSS come\u00e7a a pagar benef\u00edcios com reajuste a partir desta segunda; veja calend\u00e1rio\"}]},{\"@type\":\"WebSite\",\"@id\":\"https:\/\/portalnpm.com\/#website\",\"url\":\"https:\/\/portalnpm.com\/\",\"name\":\"Portal NPM\",\"description\":\"Not\u00edcias em Primeira M\u00e3o\",\"potentialAction\":[{\"@type\":\"SearchAction\",\"target\":{\"@type\":\"EntryPoint\",\"urlTemplate\":\"https:\/\/portalnpm.com\/?s={search_term_string}\"},\"query-input\":\"required name=search_term_string\"}],\"inLanguage\":\"pt-BR\"},{\"@type\":\"Person\",\"@id\":\"https:\/\/portalnpm.com\/#\/schema\/person\/35cb55186eae3f074b6783da6d35591e\",\"name\":\"Zenilton Lima\",\"image\":{\"@type\":\"ImageObject\",\"inLanguage\":\"pt-BR\",\"@id\":\"https:\/\/portalnpm.com\/#\/schema\/person\/image\/\",\"url\":\"https:\/\/portalnpm.com\/wp-content\/uploads\/2024\/12\/avatar_user_8_1733658137-96x96.jpeg\",\"contentUrl\":\"https:\/\/portalnpm.com\/wp-content\/uploads\/2024\/12\/avatar_user_8_1733658137-96x96.jpeg\",\"caption\":\"Zenilton Lima\"},\"url\":\"https:\/\/portalnpm.com\/index.php\/author\/zenilton\/\"}]}<\/script>\n<!-- \/ Yoast SEO plugin. -->","yoast_head_json":{"title":"INSS come\u00e7a a pagar benef\u00edcios com reajuste a partir desta segunda; veja calend\u00e1rio - Portal NPM","robots":{"index":"index","follow":"follow","max-snippet":"max-snippet:-1","max-image-preview":"max-image-preview:large","max-video-preview":"max-video-preview:-1"},"canonical":"https:\/\/portalnpm.com\/index.php\/2025\/01\/27\/inss-comeca-a-pagar-beneficios-com-reajuste-a-partir-desta-segunda-veja-calendario\/","og_locale":"pt_BR","og_type":"article","og_title":"INSS come\u00e7a a pagar benef\u00edcios com reajuste a partir desta segunda; veja calend\u00e1rio - Portal NPM","og_description":"Aposentados, pensionistas e benefici\u00e1rios de aux\u00edlios do INSS (Instituto Nacional do Seguro Social) come\u00e7am a receber nesta segunda-feira (27) os benef\u00edcios com reajuste. Pelo calend\u00e1rio divulgado pela institui\u00e7\u00e3o, o pagamento ser\u00e1 de 27 de janeiro a 7 de fevereiro (veja as datas abaixo). Recebem primeiro os segurados que ganham o\u00a0sal\u00e1rio m\u00ednimo, que passou de R$ &hellip;","og_url":"https:\/\/portalnpm.com\/index.php\/2025\/01\/27\/inss-comeca-a-pagar-beneficios-com-reajuste-a-partir-desta-segunda-veja-calendario\/","og_site_name":"Portal NPM","article_published_time":"2025-01-27T13:05:40+00:00","og_image":[{"width":1000,"height":664,"url":"https:\/\/portalnpm.com\/wp-content\/uploads\/2025\/01\/IMG_6456.jpeg","type":"image\/jpeg"}],"author":"Zenilton Lima","twitter_card":"summary_large_image","twitter_misc":{"Escrito por":"Zenilton Lima","Est. tempo de leitura":"4 minutos"},"schema":{"@context":"https:\/\/schema.org","@graph":[{"@type":"WebPage","@id":"https:\/\/portalnpm.com\/index.php\/2025\/01\/27\/inss-comeca-a-pagar-beneficios-com-reajuste-a-partir-desta-segunda-veja-calendario\/","url":"https:\/\/portalnpm.com\/index.php\/2025\/01\/27\/inss-comeca-a-pagar-beneficios-com-reajuste-a-partir-desta-segunda-veja-calendario\/","name":"INSS come\u00e7a a pagar benef\u00edcios com reajuste a partir desta segunda; veja calend\u00e1rio - Portal NPM","isPartOf":{"@id":"https:\/\/portalnpm.com\/#website"},"primaryImageOfPage":{"@id":"https:\/\/portalnpm.com\/index.php\/2025\/01\/27\/inss-comeca-a-pagar-beneficios-com-reajuste-a-partir-desta-segunda-veja-calendario\/#primaryimage"},"image":{"@id":"https:\/\/portalnpm.com\/index.php\/2025\/01\/27\/inss-comeca-a-pagar-beneficios-com-reajuste-a-partir-desta-segunda-veja-calendario\/#primaryimage"},"thumbnailUrl":"https:\/\/portalnpm.com\/wp-content\/uploads\/2025\/01\/IMG_6456.jpeg","datePublished":"2025-01-27T13:05:40+00:00","dateModified":"2025-01-27T13:05:40+00:00","author":{"@id":"https:\/\/portalnpm.com\/#\/schema\/person\/35cb55186eae3f074b6783da6d35591e"},"breadcrumb":{"@id":"https:\/\/portalnpm.com\/index.php\/2025\/01\/27\/inss-comeca-a-pagar-beneficios-com-reajuste-a-partir-desta-segunda-veja-calendario\/#breadcrumb"},"inLanguage":"pt-BR","potentialAction":[{"@type":"ReadAction","target":["https:\/\/portalnpm.com\/index.php\/2025\/01\/27\/inss-comeca-a-pagar-beneficios-com-reajuste-a-partir-desta-segunda-veja-calendario\/"]}]},{"@type":"ImageObject","inLanguage":"pt-BR","@id":"https:\/\/portalnpm.com\/index.php\/2025\/01\/27\/inss-comeca-a-pagar-beneficios-com-reajuste-a-partir-desta-segunda-veja-calendario\/#primaryimage","url":"https:\/\/portalnpm.com\/wp-content\/uploads\/2025\/01\/IMG_6456.jpeg","contentUrl":"https:\/\/portalnpm.com\/wp-content\/uploads\/2025\/01\/IMG_6456.jpeg","width":1000,"height":664,"caption":"INSS come\u00e7a a pagar benef\u00edcios com reajuste a partir desta segunda Reprodu\u00e7\u00e3o"},{"@type":"BreadcrumbList","@id":"https:\/\/portalnpm.com\/index.php\/2025\/01\/27\/inss-comeca-a-pagar-beneficios-com-reajuste-a-partir-desta-segunda-veja-calendario\/#breadcrumb","itemListElement":[{"@type":"ListItem","position":1,"name":"In\u00edcio","item":"https:\/\/portalnpm.com\/"},{"@type":"ListItem","position":2,"name":"INSS come\u00e7a a pagar benef\u00edcios com reajuste a partir desta segunda; veja calend\u00e1rio"}]},{"@type":"WebSite","@id":"https:\/\/portalnpm.com\/#website","url":"https:\/\/portalnpm.com\/","name":"Portal NPM","description":"Not\u00edcias em Primeira M\u00e3o","potentialAction":[{"@type":"SearchAction","target":{"@type":"EntryPoint","urlTemplate":"https:\/\/portalnpm.com\/?s={search_term_string}"},"query-input":"required name=search_term_string"}],"inLanguage":"pt-BR"},{"@type":"Person","@id":"https:\/\/portalnpm.com\/#\/schema\/person\/35cb55186eae3f074b6783da6d35591e","name":"Zenilton Lima","image":{"@type":"ImageObject","inLanguage":"pt-BR","@id":"https:\/\/portalnpm.com\/#\/schema\/person\/image\/","url":"https:\/\/portalnpm.com\/wp-content\/uploads\/2024\/12\/avatar_user_8_1733658137-96x96.jpeg","contentUrl":"https:\/\/portalnpm.com\/wp-content\/uploads\/2024\/12\/avatar_user_8_1733658137-96x96.jpeg","caption":"Zenilton Lima"},"url":"https:\/\/portalnpm.com\/index.php\/author\/zenilton\/"}]}},"jetpack_sharing_enabled":true,"jetpack_featured_media_url":"https:\/\/portalnpm.com\/wp-content\/uploads\/2025\/01\/IMG_6456.jpeg","_links":{"self":[{"href":"https:\/\/portalnpm.com\/index.php\/wp-json\/wp\/v2\/posts\/84046"}],"collection":[{"href":"https:\/\/portalnpm.com\/index.php\/wp-json\/wp\/v2\/posts"}],"about":[{"href":"https:\/\/portalnpm.com\/index.php\/wp-json\/wp\/v2\/types\/post"}],"author":[{"embeddable":true,"href":"https:\/\/portalnpm.com\/index.php\/wp-json\/wp\/v2\/users\/8"}],"replies":[{"embeddable":true,"href":"https:\/\/portalnpm.com\/index.php\/wp-json\/wp\/v2\/comments?post=84046"}],"version-history":[{"count":1,"href":"https:\/\/portalnpm.com\/index.php\/wp-json\/wp\/v2\/posts\/84046\/revisions"}],"predecessor-version":[{"id":84048,"href":"https:\/\/portalnpm.com\/index.php\/wp-json\/wp\/v2\/posts\/84046\/revisions\/84048"}],"wp:featuredmedia":[{"embeddable":true,"href":"https:\/\/portalnpm.com\/index.php\/wp-json\/wp\/v2\/media\/84047"}],"wp:attachment":[{"href":"https:\/\/portalnpm.com\/index.php\/wp-json\/wp\/v2\/media?parent=84046"}],"wp:term":[{"taxonomy":"category","embeddable":true,"href":"https:\/\/portalnpm.com\/index.php\/wp-json\/wp\/v2\/categories?post=84046"},{"taxonomy":"post_tag","embeddable":true,"href":"https:\/\/portalnpm.com\/index.php\/wp-json\/wp\/v2\/tags?post=84046"}],"curies":[{"name":"wp","href":"https:\/\/api.w.org\/{rel}","templated":true}]}}