{"id":84049,"date":"2025-01-27T10:09:43","date_gmt":"2025-01-27T13:09:43","guid":{"rendered":"https:\/\/portalnpm.com\/?p=84049"},"modified":"2025-01-27T10:09:43","modified_gmt":"2025-01-27T13:09:43","slug":"apos-recesso-camara-e-senado-voltam-nesta-semana-com-eleicao-de-novos-presidentes","status":"publish","type":"post","link":"https:\/\/portalnpm.com\/index.php\/2025\/01\/27\/apos-recesso-camara-e-senado-voltam-nesta-semana-com-eleicao-de-novos-presidentes\/","title":{"rendered":"Ap\u00f3s recesso, C\u00e2mara e Senado voltam nesta semana com elei\u00e7\u00e3o de novos presidentes"},"content":{"rendered":"<p>Ap\u00f3s recesso de pouco mais de um m\u00eas, o Congresso Nacional retomar\u00e1 as atividades nesta semana, com a indica\u00e7\u00e3o de novos nomes para a presid\u00eancia da C\u00e2mara e do Senado. A elei\u00e7\u00e3o ser\u00e1 no s\u00e1bado (1\u00ba), e tamb\u00e9m vai confirmar o restante da composi\u00e7\u00e3o diretora das duas Casas.<\/p>\n<p>Desta vez, o processo eleitoral indica ser sem surpresas, com dois candidatos que receberam apoio quase un\u00e2nime entre parlamentares. No Senado, a expectativa \u00e9 de elei\u00e7\u00e3o de Davi Alcolumbre (Uni\u00e3o-AP), enquanto na C\u00e2mara, o favorito \u00e9 o deputado Hugo Motta (Republicanos-PB).<\/p>\n<p>Alcolumbre presidiu o Senado anteriormente, tendo sido eleito em 2019. Desta vez, ele conta com apoio de praticamente todos os partidos e soma, em tese, 79 votos entre os 81 congressistas. O n\u00famero leva em conta todas as legendas que anunciaram voto no amapaense. Mas o placar final pode passar por mudan\u00e7as, dada as poss\u00edveis mudan\u00e7as de \u00faltima hora.<\/p>\n<p>Na C\u00e2mara, Hugo Motta ganhou apoio do atual presidente da Casa, Arthur Lira (PP-AL), al\u00e9m do endosso de grande maioria das legendas, em proje\u00e7\u00f5es que se aproximam aos 500 votos. Entre todos os 513 deputados, apenas dois partidos &#8211; o PSOL e o Novo &#8211; n\u00e3o confirmaram apoio \u00e0 candidatura de Motta. Juntas, as legendas re\u00fanem 17 deputados.<\/p>\n<p>A confirma\u00e7\u00e3o dos dois nomes \u00e9 a maior previs\u00e3o para a semana dos parlamentares. Deputados e senadores tamb\u00e9m definir\u00e3o a mesa diretora &#8211; que d\u00e1 apoio administrativo em cada uma das Casas, al\u00e9m de eventuais substitui\u00e7\u00f5es nas aus\u00eancias dos presidentes.<\/p>\n<h2><strong>Elei\u00e7\u00e3o e pr\u00f3ximos passos<\/strong><\/h2>\n<p>A escolha de presidentes \u00e9 necess\u00e1ria para um in\u00edcio oficial do ano no Legislativo. Passada a elei\u00e7\u00e3o, os presidentes definir\u00e3o os comandos de comiss\u00f5es (grupos de trabalho) das respectivas Casas, al\u00e9m de pautar vota\u00e7\u00f5es. A prioridade para o Congresso \u00e9 a conclus\u00e3o do Or\u00e7amento, que deveria ter sido finalizado ainda em 2024, mas acabou adiado para este ano.<\/p>\n<p>Entre as etapas, o primeiro passo ser\u00e1 a an\u00e1lise na CMO (Comiss\u00e3o Mista de Or\u00e7amento) e no pr\u00f3prio plen\u00e1rio do Congresso. Para votar o projeto, no entanto, ser\u00e1 necess\u00e1ria uma an\u00e1lise dos vetos presidenciais, conforme indicaram parlamentares ao R7.<\/p>\n<p>Na pr\u00e1tica, os parlamentares avaliar\u00e3o as decis\u00f5es do presidente Lula ligadas \u00e0s regras do Or\u00e7amento. Entre trechos de mudan\u00e7as, o presidente decidiu retirar a amplia\u00e7\u00e3o prevista para o fundo partid\u00e1rio e um empecilho no bloqueio de emendas parlamentares.<\/p>\n<p>Em outros destaques para o ano, h\u00e1 expectativa de vota\u00e7\u00e3o do segundo projeto que trata das regras da reforma tribut\u00e1ria, debates ligados \u00e0s emendas parlamentares, que foram destaque por cobran\u00e7as do ministro Fl\u00e1vio Dino, do STF (Supremo Tribunal Federal), al\u00e9m do poss\u00edvel aumento na isen\u00e7\u00e3o do Imposto de Renda, e regras para apostas esportivas tamb\u00e9m devem entrar na agenda dos parlamentares.<\/p>\n<p><em><strong>Fonte<\/strong>: R7<\/em><\/p>\n","protected":false},"excerpt":{"rendered":"<p>Ap\u00f3s recesso de pouco mais de um m\u00eas, o Congresso Nacional retomar\u00e1 as atividades nesta semana, com a indica\u00e7\u00e3o de novos nomes para a presid\u00eancia da C\u00e2mara e do Senado. A elei\u00e7\u00e3o ser\u00e1 no s\u00e1bado (1\u00ba), e tamb\u00e9m vai confirmar o restante da composi\u00e7\u00e3o diretora das duas Casas. Desta vez, o processo eleitoral indica ser &hellip;<\/p>\n","protected":false},"author":8,"featured_media":84050,"comment_status":"open","ping_status":"open","sticky":false,"template":"","format":"standard","meta":{"content-type":"","rop_custom_images_group":[],"rop_custom_messages_group":[],"rop_publish_now":"yes","rop_publish_now_accounts":{"facebook_2648258775420054_1618374048415101":""},"rop_publish_now_history":[],"rop_publish_now_status":"pending","footnotes":"","_jetpack_memberships_contains_paid_content":false},"categories":[113,130],"tags":[871,526,230,732,1732,1912,16426,16425,2559,738,1176],"yoast_head":"<!-- This site is optimized with the Yoast SEO plugin v22.3 - https:\/\/yoast.com\/wordpress\/plugins\/seo\/ -->\n<title>Ap\u00f3s recesso, C\u00e2mara e Senado voltam nesta semana com elei\u00e7\u00e3o de novos presidentes - Portal NPM<\/title>\n<meta name=\"robots\" content=\"index, follow, max-snippet:-1, max-image-preview:large, max-video-preview:-1\" \/>\n<link rel=\"canonical\" href=\"https:\/\/portalnpm.com\/index.php\/2025\/01\/27\/apos-recesso-camara-e-senado-voltam-nesta-semana-com-eleicao-de-novos-presidentes\/\" \/>\n<meta property=\"og:locale\" content=\"pt_BR\" \/>\n<meta property=\"og:type\" content=\"article\" \/>\n<meta property=\"og:title\" content=\"Ap\u00f3s recesso, C\u00e2mara e Senado voltam nesta semana com elei\u00e7\u00e3o de novos presidentes - Portal NPM\" \/>\n<meta property=\"og:description\" content=\"Ap\u00f3s recesso de pouco mais de um m\u00eas, o Congresso Nacional retomar\u00e1 as atividades nesta semana, com a indica\u00e7\u00e3o de novos nomes para a presid\u00eancia da C\u00e2mara e do Senado. A elei\u00e7\u00e3o ser\u00e1 no s\u00e1bado (1\u00ba), e tamb\u00e9m vai confirmar o restante da composi\u00e7\u00e3o diretora das duas Casas. Desta vez, o processo eleitoral indica ser &hellip;\" \/>\n<meta property=\"og:url\" content=\"https:\/\/portalnpm.com\/index.php\/2025\/01\/27\/apos-recesso-camara-e-senado-voltam-nesta-semana-com-eleicao-de-novos-presidentes\/\" \/>\n<meta property=\"og:site_name\" content=\"Portal NPM\" \/>\n<meta property=\"article:published_time\" content=\"2025-01-27T13:09:43+00:00\" \/>\n<meta property=\"og:image\" content=\"https:\/\/portalnpm.com\/wp-content\/uploads\/2025\/01\/IMG_6457.jpeg\" \/>\n\t<meta property=\"og:image:width\" content=\"600\" \/>\n\t<meta property=\"og:image:height\" content=\"338\" \/>\n\t<meta property=\"og:image:type\" content=\"image\/jpeg\" \/>\n<meta name=\"author\" content=\"Zenilton Lima\" \/>\n<meta name=\"twitter:card\" content=\"summary_large_image\" \/>\n<meta name=\"twitter:label1\" content=\"Escrito por\" \/>\n\t<meta name=\"twitter:data1\" content=\"Zenilton Lima\" \/>\n\t<meta name=\"twitter:label2\" content=\"Est. tempo de leitura\" \/>\n\t<meta name=\"twitter:data2\" content=\"3 minutos\" \/>\n<script type=\"application\/ld+json\" class=\"yoast-schema-graph\">{\"@context\":\"https:\/\/schema.org\",\"@graph\":[{\"@type\":\"WebPage\",\"@id\":\"https:\/\/portalnpm.com\/index.php\/2025\/01\/27\/apos-recesso-camara-e-senado-voltam-nesta-semana-com-eleicao-de-novos-presidentes\/\",\"url\":\"https:\/\/portalnpm.com\/index.php\/2025\/01\/27\/apos-recesso-camara-e-senado-voltam-nesta-semana-com-eleicao-de-novos-presidentes\/\",\"name\":\"Ap\u00f3s recesso, C\u00e2mara e Senado voltam nesta semana com elei\u00e7\u00e3o de novos presidentes - Portal NPM\",\"isPartOf\":{\"@id\":\"https:\/\/portalnpm.com\/#website\"},\"primaryImageOfPage\":{\"@id\":\"https:\/\/portalnpm.com\/index.php\/2025\/01\/27\/apos-recesso-camara-e-senado-voltam-nesta-semana-com-eleicao-de-novos-presidentes\/#primaryimage\"},\"image\":{\"@id\":\"https:\/\/portalnpm.com\/index.php\/2025\/01\/27\/apos-recesso-camara-e-senado-voltam-nesta-semana-com-eleicao-de-novos-presidentes\/#primaryimage\"},\"thumbnailUrl\":\"https:\/\/portalnpm.com\/wp-content\/uploads\/2025\/01\/IMG_6457.jpeg\",\"datePublished\":\"2025-01-27T13:09:43+00:00\",\"dateModified\":\"2025-01-27T13:09:43+00:00\",\"author\":{\"@id\":\"https:\/\/portalnpm.com\/#\/schema\/person\/35cb55186eae3f074b6783da6d35591e\"},\"breadcrumb\":{\"@id\":\"https:\/\/portalnpm.com\/index.php\/2025\/01\/27\/apos-recesso-camara-e-senado-voltam-nesta-semana-com-eleicao-de-novos-presidentes\/#breadcrumb\"},\"inLanguage\":\"pt-BR\",\"potentialAction\":[{\"@type\":\"ReadAction\",\"target\":[\"https:\/\/portalnpm.com\/index.php\/2025\/01\/27\/apos-recesso-camara-e-senado-voltam-nesta-semana-com-eleicao-de-novos-presidentes\/\"]}]},{\"@type\":\"ImageObject\",\"inLanguage\":\"pt-BR\",\"@id\":\"https:\/\/portalnpm.com\/index.php\/2025\/01\/27\/apos-recesso-camara-e-senado-voltam-nesta-semana-com-eleicao-de-novos-presidentes\/#primaryimage\",\"url\":\"https:\/\/portalnpm.com\/wp-content\/uploads\/2025\/01\/IMG_6457.jpeg\",\"contentUrl\":\"https:\/\/portalnpm.com\/wp-content\/uploads\/2025\/01\/IMG_6457.jpeg\",\"width\":600,\"height\":338,\"caption\":\"Congresso Nacional Reprodu\u00e7\u00e3o\"},{\"@type\":\"BreadcrumbList\",\"@id\":\"https:\/\/portalnpm.com\/index.php\/2025\/01\/27\/apos-recesso-camara-e-senado-voltam-nesta-semana-com-eleicao-de-novos-presidentes\/#breadcrumb\",\"itemListElement\":[{\"@type\":\"ListItem\",\"position\":1,\"name\":\"In\u00edcio\",\"item\":\"https:\/\/portalnpm.com\/\"},{\"@type\":\"ListItem\",\"position\":2,\"name\":\"Ap\u00f3s recesso, C\u00e2mara e Senado voltam nesta semana com elei\u00e7\u00e3o de novos presidentes\"}]},{\"@type\":\"WebSite\",\"@id\":\"https:\/\/portalnpm.com\/#website\",\"url\":\"https:\/\/portalnpm.com\/\",\"name\":\"Portal NPM\",\"description\":\"Not\u00edcias em Primeira M\u00e3o\",\"potentialAction\":[{\"@type\":\"SearchAction\",\"target\":{\"@type\":\"EntryPoint\",\"urlTemplate\":\"https:\/\/portalnpm.com\/?s={search_term_string}\"},\"query-input\":\"required name=search_term_string\"}],\"inLanguage\":\"pt-BR\"},{\"@type\":\"Person\",\"@id\":\"https:\/\/portalnpm.com\/#\/schema\/person\/35cb55186eae3f074b6783da6d35591e\",\"name\":\"Zenilton Lima\",\"image\":{\"@type\":\"ImageObject\",\"inLanguage\":\"pt-BR\",\"@id\":\"https:\/\/portalnpm.com\/#\/schema\/person\/image\/\",\"url\":\"https:\/\/portalnpm.com\/wp-content\/uploads\/2024\/12\/avatar_user_8_1733658137-96x96.jpeg\",\"contentUrl\":\"https:\/\/portalnpm.com\/wp-content\/uploads\/2024\/12\/avatar_user_8_1733658137-96x96.jpeg\",\"caption\":\"Zenilton Lima\"},\"url\":\"https:\/\/portalnpm.com\/index.php\/author\/zenilton\/\"}]}<\/script>\n<!-- \/ Yoast SEO plugin. -->","yoast_head_json":{"title":"Ap\u00f3s recesso, C\u00e2mara e Senado voltam nesta semana com elei\u00e7\u00e3o de novos presidentes - Portal NPM","robots":{"index":"index","follow":"follow","max-snippet":"max-snippet:-1","max-image-preview":"max-image-preview:large","max-video-preview":"max-video-preview:-1"},"canonical":"https:\/\/portalnpm.com\/index.php\/2025\/01\/27\/apos-recesso-camara-e-senado-voltam-nesta-semana-com-eleicao-de-novos-presidentes\/","og_locale":"pt_BR","og_type":"article","og_title":"Ap\u00f3s recesso, C\u00e2mara e Senado voltam nesta semana com elei\u00e7\u00e3o de novos presidentes - Portal NPM","og_description":"Ap\u00f3s recesso de pouco mais de um m\u00eas, o Congresso Nacional retomar\u00e1 as atividades nesta semana, com a indica\u00e7\u00e3o de novos nomes para a presid\u00eancia da C\u00e2mara e do Senado. A elei\u00e7\u00e3o ser\u00e1 no s\u00e1bado (1\u00ba), e tamb\u00e9m vai confirmar o restante da composi\u00e7\u00e3o diretora das duas Casas. Desta vez, o processo eleitoral indica ser &hellip;","og_url":"https:\/\/portalnpm.com\/index.php\/2025\/01\/27\/apos-recesso-camara-e-senado-voltam-nesta-semana-com-eleicao-de-novos-presidentes\/","og_site_name":"Portal NPM","article_published_time":"2025-01-27T13:09:43+00:00","og_image":[{"width":600,"height":338,"url":"https:\/\/portalnpm.com\/wp-content\/uploads\/2025\/01\/IMG_6457.jpeg","type":"image\/jpeg"}],"author":"Zenilton Lima","twitter_card":"summary_large_image","twitter_misc":{"Escrito por":"Zenilton Lima","Est. tempo de leitura":"3 minutos"},"schema":{"@context":"https:\/\/schema.org","@graph":[{"@type":"WebPage","@id":"https:\/\/portalnpm.com\/index.php\/2025\/01\/27\/apos-recesso-camara-e-senado-voltam-nesta-semana-com-eleicao-de-novos-presidentes\/","url":"https:\/\/portalnpm.com\/index.php\/2025\/01\/27\/apos-recesso-camara-e-senado-voltam-nesta-semana-com-eleicao-de-novos-presidentes\/","name":"Ap\u00f3s recesso, C\u00e2mara e Senado voltam nesta semana com elei\u00e7\u00e3o de novos presidentes - Portal NPM","isPartOf":{"@id":"https:\/\/portalnpm.com\/#website"},"primaryImageOfPage":{"@id":"https:\/\/portalnpm.com\/index.php\/2025\/01\/27\/apos-recesso-camara-e-senado-voltam-nesta-semana-com-eleicao-de-novos-presidentes\/#primaryimage"},"image":{"@id":"https:\/\/portalnpm.com\/index.php\/2025\/01\/27\/apos-recesso-camara-e-senado-voltam-nesta-semana-com-eleicao-de-novos-presidentes\/#primaryimage"},"thumbnailUrl":"https:\/\/portalnpm.com\/wp-content\/uploads\/2025\/01\/IMG_6457.jpeg","datePublished":"2025-01-27T13:09:43+00:00","dateModified":"2025-01-27T13:09:43+00:00","author":{"@id":"https:\/\/portalnpm.com\/#\/schema\/person\/35cb55186eae3f074b6783da6d35591e"},"breadcrumb":{"@id":"https:\/\/portalnpm.com\/index.php\/2025\/01\/27\/apos-recesso-camara-e-senado-voltam-nesta-semana-com-eleicao-de-novos-presidentes\/#breadcrumb"},"inLanguage":"pt-BR","potentialAction":[{"@type":"ReadAction","target":["https:\/\/portalnpm.com\/index.php\/2025\/01\/27\/apos-recesso-camara-e-senado-voltam-nesta-semana-com-eleicao-de-novos-presidentes\/"]}]},{"@type":"ImageObject","inLanguage":"pt-BR","@id":"https:\/\/portalnpm.com\/index.php\/2025\/01\/27\/apos-recesso-camara-e-senado-voltam-nesta-semana-com-eleicao-de-novos-presidentes\/#primaryimage","url":"https:\/\/portalnpm.com\/wp-content\/uploads\/2025\/01\/IMG_6457.jpeg","contentUrl":"https:\/\/portalnpm.com\/wp-content\/uploads\/2025\/01\/IMG_6457.jpeg","width":600,"height":338,"caption":"Congresso Nacional Reprodu\u00e7\u00e3o"},{"@type":"BreadcrumbList","@id":"https:\/\/portalnpm.com\/index.php\/2025\/01\/27\/apos-recesso-camara-e-senado-voltam-nesta-semana-com-eleicao-de-novos-presidentes\/#breadcrumb","itemListElement":[{"@type":"ListItem","position":1,"name":"In\u00edcio","item":"https:\/\/portalnpm.com\/"},{"@type":"ListItem","position":2,"name":"Ap\u00f3s recesso, C\u00e2mara e Senado voltam nesta semana com elei\u00e7\u00e3o de novos presidentes"}]},{"@type":"WebSite","@id":"https:\/\/portalnpm.com\/#website","url":"https:\/\/portalnpm.com\/","name":"Portal NPM","description":"Not\u00edcias em Primeira M\u00e3o","potentialAction":[{"@type":"SearchAction","target":{"@type":"EntryPoint","urlTemplate":"https:\/\/portalnpm.com\/?s={search_term_string}"},"query-input":"required name=search_term_string"}],"inLanguage":"pt-BR"},{"@type":"Person","@id":"https:\/\/portalnpm.com\/#\/schema\/person\/35cb55186eae3f074b6783da6d35591e","name":"Zenilton Lima","image":{"@type":"ImageObject","inLanguage":"pt-BR","@id":"https:\/\/portalnpm.com\/#\/schema\/person\/image\/","url":"https:\/\/portalnpm.com\/wp-content\/uploads\/2024\/12\/avatar_user_8_1733658137-96x96.jpeg","contentUrl":"https:\/\/portalnpm.com\/wp-content\/uploads\/2024\/12\/avatar_user_8_1733658137-96x96.jpeg","caption":"Zenilton Lima"},"url":"https:\/\/portalnpm.com\/index.php\/author\/zenilton\/"}]}},"jetpack_sharing_enabled":true,"jetpack_featured_media_url":"https:\/\/portalnpm.com\/wp-content\/uploads\/2025\/01\/IMG_6457.jpeg","_links":{"self":[{"href":"https:\/\/portalnpm.com\/index.php\/wp-json\/wp\/v2\/posts\/84049"}],"collection":[{"href":"https:\/\/portalnpm.com\/index.php\/wp-json\/wp\/v2\/posts"}],"about":[{"href":"https:\/\/portalnpm.com\/index.php\/wp-json\/wp\/v2\/types\/post"}],"author":[{"embeddable":true,"href":"https:\/\/portalnpm.com\/index.php\/wp-json\/wp\/v2\/users\/8"}],"replies":[{"embeddable":true,"href":"https:\/\/portalnpm.com\/index.php\/wp-json\/wp\/v2\/comments?post=84049"}],"version-history":[{"count":1,"href":"https:\/\/portalnpm.com\/index.php\/wp-json\/wp\/v2\/posts\/84049\/revisions"}],"predecessor-version":[{"id":84051,"href":"https:\/\/portalnpm.com\/index.php\/wp-json\/wp\/v2\/posts\/84049\/revisions\/84051"}],"wp:featuredmedia":[{"embeddable":true,"href":"https:\/\/portalnpm.com\/index.php\/wp-json\/wp\/v2\/media\/84050"}],"wp:attachment":[{"href":"https:\/\/portalnpm.com\/index.php\/wp-json\/wp\/v2\/media?parent=84049"}],"wp:term":[{"taxonomy":"category","embeddable":true,"href":"https:\/\/portalnpm.com\/index.php\/wp-json\/wp\/v2\/categories?post=84049"},{"taxonomy":"post_tag","embeddable":true,"href":"https:\/\/portalnpm.com\/index.php\/wp-json\/wp\/v2\/tags?post=84049"}],"curies":[{"name":"wp","href":"https:\/\/api.w.org\/{rel}","templated":true}]}}