{"id":842,"date":"2018-08-21T00:43:54","date_gmt":"2018-08-21T03:43:54","guid":{"rendered":"http:\/\/srv.portalnpm.com.br\/?p=842"},"modified":"2018-08-21T00:43:54","modified_gmt":"2018-08-21T03:43:54","slug":"luciano-nunes-tem-seu-primeiro-comicio-realizado-em-parnaiba","status":"publish","type":"post","link":"https:\/\/portalnpm.com\/index.php\/2018\/08\/21\/luciano-nunes-tem-seu-primeiro-comicio-realizado-em-parnaiba\/","title":{"rendered":"Luciano Nunes tem seu primeiro com\u00edcio realizado em Parna\u00edba"},"content":{"rendered":"<p style=\"text-align: justify;\">O candidato a governador do Piau\u00ed Luciano Nunes (PSDB), cumpriu agenda na noite de segunda-feira (20), em Parna\u00edba. Acompanhado de sua candidata \u00e0 vice-governadora Cassandra Moraes Souza, participaram do primeiro com\u00edcio a se realizar na cidade.<\/p>\n<p style=\"text-align: justify;\">O com\u00edcio foi realizado na rua Ita\u00fana no bairro Piau\u00ed, e reuniu um p\u00fablico razo\u00e1vel para uma noite de segunda-feira.<\/p>\n<p style=\"text-align: justify;\"><img fetchpriority=\"high\" decoding=\"async\" class=\"alignnone size-medium wp-image-845\" src=\"http:\/\/portalnpm.com.br\/wp-content\/uploads\/2018\/08\/IMG-20180820-WA0361-300x169.jpg\" alt=\"\" width=\"300\" height=\"169\" srcset=\"https:\/\/portalnpm.com\/wp-content\/uploads\/2018\/08\/IMG-20180820-WA0361-300x169.jpg 300w, https:\/\/portalnpm.com\/wp-content\/uploads\/2018\/08\/IMG-20180820-WA0361-768x432.jpg 768w, https:\/\/portalnpm.com\/wp-content\/uploads\/2018\/08\/IMG-20180820-WA0361-860x484.jpg 860w, https:\/\/portalnpm.com\/wp-content\/uploads\/2018\/08\/IMG-20180820-WA0361.jpg 960w\" sizes=\"(max-width: 300px) 100vw, 300px\" \/><br \/>\nNo palanque do candidato personalidades da pol\u00edtica local, como o prefeito de Parna\u00edba M\u00e3o Santa (SD), o candidato a deputado estadual Z\u00e9 Filho (PSDB), da candidata a deputada federal Juliana Moraes Souza (PSB) e lideran\u00e7as pol\u00edticas da regi\u00e3o.<\/p>\n<p style=\"text-align: justify;\">Tamb\u00e9m prestigiaram o com\u00edcio do tucano, o candidato a deputado federal Her\u00e1clito Fortes (DEM), dos candidatos ao senado pela mesma chapa Robert Rios e Wilson Martins.<\/p>\n<p style=\"text-align: justify;\">O candidato ao governo pelo PSDB criticou o atual governo e sua forma de administrar o estado, lamentou que \u00f3rg\u00e3os p\u00fablicos, tenham sido estampados nas p\u00e1ginas policiais, e ofereceu seu nome, para resgatar a dignidade dos piauienses atrav\u00e9s de investimentos na sa\u00fade, educa\u00e7\u00e3o, infraestrutura e seguran\u00e7a.<\/p>\n<p><img decoding=\"async\" class=\"alignnone size-medium wp-image-844\" src=\"http:\/\/portalnpm.com.br\/wp-content\/uploads\/2018\/08\/IMG-20180820-WA0359-300x146.jpg\" alt=\"\" width=\"300\" height=\"146\" srcset=\"https:\/\/portalnpm.com\/wp-content\/uploads\/2018\/08\/IMG-20180820-WA0359-300x146.jpg 300w, https:\/\/portalnpm.com\/wp-content\/uploads\/2018\/08\/IMG-20180820-WA0359-1024x498.jpg 1024w, https:\/\/portalnpm.com\/wp-content\/uploads\/2018\/08\/IMG-20180820-WA0359-768x373.jpg 768w, https:\/\/portalnpm.com\/wp-content\/uploads\/2018\/08\/IMG-20180820-WA0359-860x418.jpg 860w, https:\/\/portalnpm.com\/wp-content\/uploads\/2018\/08\/IMG-20180820-WA0359.jpg 1111w\" sizes=\"(max-width: 300px) 100vw, 300px\" \/><\/p>\n<p style=\"text-align: justify;\">O prefeito de Parna\u00edba destacou que derrotar o atual modelo de governar o Piau\u00ed, \u00e9 uma miss\u00e3o que naturalmente passa por Parna\u00edba \u201cN\u00f3s j\u00e1 vencemos aqui, e vamos responder essa gente em outubro\u201d disse.<\/p>\n<p style=\"text-align: justify;\">Her\u00e1clito Fortes disse que o nome do candidato Luciano Nunes representa a renova\u00e7\u00e3o da pol\u00edtica piauiense, e que o mesmo est\u00e1 preparado para comandar o estado sem corrup\u00e7\u00e3o e esc\u00e2ndalos.<\/p>\n<p style=\"text-align: justify;\"><strong>Fonte: Blog do Thiago Mendes<\/strong><\/p>\n","protected":false},"excerpt":{"rendered":"<p>O candidato a governador do Piau\u00ed Luciano Nunes (PSDB), cumpriu agenda na noite de segunda-feira (20), em Parna\u00edba. Acompanhado de sua candidata \u00e0 vice-governadora Cassandra Moraes Souza, participaram do primeiro com\u00edcio a se realizar na cidade. O com\u00edcio foi realizado na rua Ita\u00fana no bairro Piau\u00ed, e reuniu um p\u00fablico razo\u00e1vel para uma noite de &hellip;<\/p>\n","protected":false},"author":3,"featured_media":843,"comment_status":"open","ping_status":"open","sticky":false,"template":"","format":"standard","meta":{"content-type":"","rop_custom_images_group":[],"rop_custom_messages_group":[],"rop_publish_now":"initial","rop_publish_now_accounts":{"facebook_2648258775420054_1618374048415101":""},"rop_publish_now_history":[],"rop_publish_now_status":"pending","footnotes":"","_jetpack_memberships_contains_paid_content":false},"categories":[113,130],"tags":[597,530,598],"yoast_head":"<!-- This site is optimized with the Yoast SEO plugin v22.3 - https:\/\/yoast.com\/wordpress\/plugins\/seo\/ -->\n<title>Luciano Nunes tem seu primeiro com\u00edcio realizado em Parna\u00edba - Portal NPM<\/title>\n<meta name=\"robots\" content=\"index, follow, max-snippet:-1, max-image-preview:large, max-video-preview:-1\" \/>\n<link rel=\"canonical\" href=\"https:\/\/portalnpm.com\/index.php\/2018\/08\/21\/luciano-nunes-tem-seu-primeiro-comicio-realizado-em-parnaiba\/\" \/>\n<meta property=\"og:locale\" content=\"pt_BR\" \/>\n<meta property=\"og:type\" content=\"article\" \/>\n<meta property=\"og:title\" content=\"Luciano Nunes tem seu primeiro com\u00edcio realizado em Parna\u00edba - Portal NPM\" \/>\n<meta property=\"og:description\" content=\"O candidato a governador do Piau\u00ed Luciano Nunes (PSDB), cumpriu agenda na noite de segunda-feira (20), em Parna\u00edba. Acompanhado de sua candidata \u00e0 vice-governadora Cassandra Moraes Souza, participaram do primeiro com\u00edcio a se realizar na cidade. O com\u00edcio foi realizado na rua Ita\u00fana no bairro Piau\u00ed, e reuniu um p\u00fablico razo\u00e1vel para uma noite de &hellip;\" \/>\n<meta property=\"og:url\" content=\"https:\/\/portalnpm.com\/index.php\/2018\/08\/21\/luciano-nunes-tem-seu-primeiro-comicio-realizado-em-parnaiba\/\" \/>\n<meta property=\"og:site_name\" content=\"Portal NPM\" \/>\n<meta property=\"article:published_time\" content=\"2018-08-21T03:43:54+00:00\" \/>\n<meta property=\"og:image\" content=\"https:\/\/portalnpm.com\/wp-content\/uploads\/2018\/08\/IMG-20180820-WA0360.jpg\" \/>\n\t<meta property=\"og:image:width\" content=\"960\" \/>\n\t<meta property=\"og:image:height\" content=\"539\" \/>\n\t<meta property=\"og:image:type\" content=\"image\/jpeg\" \/>\n<meta name=\"author\" content=\"Luis Alberto\" \/>\n<meta name=\"twitter:card\" content=\"summary_large_image\" \/>\n<meta name=\"twitter:label1\" content=\"Escrito por\" \/>\n\t<meta name=\"twitter:data1\" content=\"Luis Alberto\" \/>\n\t<meta name=\"twitter:label2\" content=\"Est. tempo de leitura\" \/>\n\t<meta name=\"twitter:data2\" content=\"1 minuto\" \/>\n<script type=\"application\/ld+json\" class=\"yoast-schema-graph\">{\"@context\":\"https:\/\/schema.org\",\"@graph\":[{\"@type\":\"WebPage\",\"@id\":\"https:\/\/portalnpm.com\/index.php\/2018\/08\/21\/luciano-nunes-tem-seu-primeiro-comicio-realizado-em-parnaiba\/\",\"url\":\"https:\/\/portalnpm.com\/index.php\/2018\/08\/21\/luciano-nunes-tem-seu-primeiro-comicio-realizado-em-parnaiba\/\",\"name\":\"Luciano Nunes tem seu primeiro com\u00edcio realizado em Parna\u00edba - Portal NPM\",\"isPartOf\":{\"@id\":\"https:\/\/portalnpm.com\/#website\"},\"primaryImageOfPage\":{\"@id\":\"https:\/\/portalnpm.com\/index.php\/2018\/08\/21\/luciano-nunes-tem-seu-primeiro-comicio-realizado-em-parnaiba\/#primaryimage\"},\"image\":{\"@id\":\"https:\/\/portalnpm.com\/index.php\/2018\/08\/21\/luciano-nunes-tem-seu-primeiro-comicio-realizado-em-parnaiba\/#primaryimage\"},\"thumbnailUrl\":\"https:\/\/portalnpm.com\/wp-content\/uploads\/2018\/08\/IMG-20180820-WA0360.jpg\",\"datePublished\":\"2018-08-21T03:43:54+00:00\",\"dateModified\":\"2018-08-21T03:43:54+00:00\",\"author\":{\"@id\":\"https:\/\/portalnpm.com\/#\/schema\/person\/5c8006acdf71774cd4e7a5ab98482152\"},\"breadcrumb\":{\"@id\":\"https:\/\/portalnpm.com\/index.php\/2018\/08\/21\/luciano-nunes-tem-seu-primeiro-comicio-realizado-em-parnaiba\/#breadcrumb\"},\"inLanguage\":\"pt-BR\",\"potentialAction\":[{\"@type\":\"ReadAction\",\"target\":[\"https:\/\/portalnpm.com\/index.php\/2018\/08\/21\/luciano-nunes-tem-seu-primeiro-comicio-realizado-em-parnaiba\/\"]}]},{\"@type\":\"ImageObject\",\"inLanguage\":\"pt-BR\",\"@id\":\"https:\/\/portalnpm.com\/index.php\/2018\/08\/21\/luciano-nunes-tem-seu-primeiro-comicio-realizado-em-parnaiba\/#primaryimage\",\"url\":\"https:\/\/portalnpm.com\/wp-content\/uploads\/2018\/08\/IMG-20180820-WA0360.jpg\",\"contentUrl\":\"https:\/\/portalnpm.com\/wp-content\/uploads\/2018\/08\/IMG-20180820-WA0360.jpg\",\"width\":960,\"height\":539},{\"@type\":\"BreadcrumbList\",\"@id\":\"https:\/\/portalnpm.com\/index.php\/2018\/08\/21\/luciano-nunes-tem-seu-primeiro-comicio-realizado-em-parnaiba\/#breadcrumb\",\"itemListElement\":[{\"@type\":\"ListItem\",\"position\":1,\"name\":\"In\u00edcio\",\"item\":\"https:\/\/portalnpm.com\/\"},{\"@type\":\"ListItem\",\"position\":2,\"name\":\"Luciano Nunes tem seu primeiro com\u00edcio realizado em Parna\u00edba\"}]},{\"@type\":\"WebSite\",\"@id\":\"https:\/\/portalnpm.com\/#website\",\"url\":\"https:\/\/portalnpm.com\/\",\"name\":\"Portal NPM\",\"description\":\"Not\u00edcias em Primeira M\u00e3o\",\"potentialAction\":[{\"@type\":\"SearchAction\",\"target\":{\"@type\":\"EntryPoint\",\"urlTemplate\":\"https:\/\/portalnpm.com\/?s={search_term_string}\"},\"query-input\":\"required name=search_term_string\"}],\"inLanguage\":\"pt-BR\"},{\"@type\":\"Person\",\"@id\":\"https:\/\/portalnpm.com\/#\/schema\/person\/5c8006acdf71774cd4e7a5ab98482152\",\"name\":\"Luis Alberto\",\"image\":{\"@type\":\"ImageObject\",\"inLanguage\":\"pt-BR\",\"@id\":\"https:\/\/portalnpm.com\/#\/schema\/person\/image\/\",\"url\":\"https:\/\/portalnpm.com\/wp-content\/uploads\/2024\/12\/avatar_user_3_1734699769-96x96.jpeg\",\"contentUrl\":\"https:\/\/portalnpm.com\/wp-content\/uploads\/2024\/12\/avatar_user_3_1734699769-96x96.jpeg\",\"caption\":\"Luis Alberto\"},\"description\":\"Editor-geral do Portal NPM, \u00e9 formado como T\u00e9cnico em Seguran\u00e7a do Trabalho pela Escola Metropolitana de Cursos T\u00e9cnicos. Det\u00e9m ainda licenciatura em Educa\u00e7\u00e3o F\u00edsica e bacharelado em Ci\u00eancias Pol\u00edticas, ambos obtidos pela institui\u00e7\u00e3o Anhanguera\/UNOPAR.\",\"url\":\"https:\/\/portalnpm.com\/index.php\/author\/pereira\/\"}]}<\/script>\n<!-- \/ Yoast SEO plugin. -->","yoast_head_json":{"title":"Luciano Nunes tem seu primeiro com\u00edcio realizado em Parna\u00edba - Portal NPM","robots":{"index":"index","follow":"follow","max-snippet":"max-snippet:-1","max-image-preview":"max-image-preview:large","max-video-preview":"max-video-preview:-1"},"canonical":"https:\/\/portalnpm.com\/index.php\/2018\/08\/21\/luciano-nunes-tem-seu-primeiro-comicio-realizado-em-parnaiba\/","og_locale":"pt_BR","og_type":"article","og_title":"Luciano Nunes tem seu primeiro com\u00edcio realizado em Parna\u00edba - Portal NPM","og_description":"O candidato a governador do Piau\u00ed Luciano Nunes (PSDB), cumpriu agenda na noite de segunda-feira (20), em Parna\u00edba. Acompanhado de sua candidata \u00e0 vice-governadora Cassandra Moraes Souza, participaram do primeiro com\u00edcio a se realizar na cidade. O com\u00edcio foi realizado na rua Ita\u00fana no bairro Piau\u00ed, e reuniu um p\u00fablico razo\u00e1vel para uma noite de &hellip;","og_url":"https:\/\/portalnpm.com\/index.php\/2018\/08\/21\/luciano-nunes-tem-seu-primeiro-comicio-realizado-em-parnaiba\/","og_site_name":"Portal NPM","article_published_time":"2018-08-21T03:43:54+00:00","og_image":[{"width":960,"height":539,"url":"https:\/\/portalnpm.com\/wp-content\/uploads\/2018\/08\/IMG-20180820-WA0360.jpg","type":"image\/jpeg"}],"author":"Luis Alberto","twitter_card":"summary_large_image","twitter_misc":{"Escrito por":"Luis Alberto","Est. tempo de leitura":"1 minuto"},"schema":{"@context":"https:\/\/schema.org","@graph":[{"@type":"WebPage","@id":"https:\/\/portalnpm.com\/index.php\/2018\/08\/21\/luciano-nunes-tem-seu-primeiro-comicio-realizado-em-parnaiba\/","url":"https:\/\/portalnpm.com\/index.php\/2018\/08\/21\/luciano-nunes-tem-seu-primeiro-comicio-realizado-em-parnaiba\/","name":"Luciano Nunes tem seu primeiro com\u00edcio realizado em Parna\u00edba - Portal NPM","isPartOf":{"@id":"https:\/\/portalnpm.com\/#website"},"primaryImageOfPage":{"@id":"https:\/\/portalnpm.com\/index.php\/2018\/08\/21\/luciano-nunes-tem-seu-primeiro-comicio-realizado-em-parnaiba\/#primaryimage"},"image":{"@id":"https:\/\/portalnpm.com\/index.php\/2018\/08\/21\/luciano-nunes-tem-seu-primeiro-comicio-realizado-em-parnaiba\/#primaryimage"},"thumbnailUrl":"https:\/\/portalnpm.com\/wp-content\/uploads\/2018\/08\/IMG-20180820-WA0360.jpg","datePublished":"2018-08-21T03:43:54+00:00","dateModified":"2018-08-21T03:43:54+00:00","author":{"@id":"https:\/\/portalnpm.com\/#\/schema\/person\/5c8006acdf71774cd4e7a5ab98482152"},"breadcrumb":{"@id":"https:\/\/portalnpm.com\/index.php\/2018\/08\/21\/luciano-nunes-tem-seu-primeiro-comicio-realizado-em-parnaiba\/#breadcrumb"},"inLanguage":"pt-BR","potentialAction":[{"@type":"ReadAction","target":["https:\/\/portalnpm.com\/index.php\/2018\/08\/21\/luciano-nunes-tem-seu-primeiro-comicio-realizado-em-parnaiba\/"]}]},{"@type":"ImageObject","inLanguage":"pt-BR","@id":"https:\/\/portalnpm.com\/index.php\/2018\/08\/21\/luciano-nunes-tem-seu-primeiro-comicio-realizado-em-parnaiba\/#primaryimage","url":"https:\/\/portalnpm.com\/wp-content\/uploads\/2018\/08\/IMG-20180820-WA0360.jpg","contentUrl":"https:\/\/portalnpm.com\/wp-content\/uploads\/2018\/08\/IMG-20180820-WA0360.jpg","width":960,"height":539},{"@type":"BreadcrumbList","@id":"https:\/\/portalnpm.com\/index.php\/2018\/08\/21\/luciano-nunes-tem-seu-primeiro-comicio-realizado-em-parnaiba\/#breadcrumb","itemListElement":[{"@type":"ListItem","position":1,"name":"In\u00edcio","item":"https:\/\/portalnpm.com\/"},{"@type":"ListItem","position":2,"name":"Luciano Nunes tem seu primeiro com\u00edcio realizado em Parna\u00edba"}]},{"@type":"WebSite","@id":"https:\/\/portalnpm.com\/#website","url":"https:\/\/portalnpm.com\/","name":"Portal NPM","description":"Not\u00edcias em Primeira M\u00e3o","potentialAction":[{"@type":"SearchAction","target":{"@type":"EntryPoint","urlTemplate":"https:\/\/portalnpm.com\/?s={search_term_string}"},"query-input":"required name=search_term_string"}],"inLanguage":"pt-BR"},{"@type":"Person","@id":"https:\/\/portalnpm.com\/#\/schema\/person\/5c8006acdf71774cd4e7a5ab98482152","name":"Luis Alberto","image":{"@type":"ImageObject","inLanguage":"pt-BR","@id":"https:\/\/portalnpm.com\/#\/schema\/person\/image\/","url":"https:\/\/portalnpm.com\/wp-content\/uploads\/2024\/12\/avatar_user_3_1734699769-96x96.jpeg","contentUrl":"https:\/\/portalnpm.com\/wp-content\/uploads\/2024\/12\/avatar_user_3_1734699769-96x96.jpeg","caption":"Luis Alberto"},"description":"Editor-geral do Portal NPM, \u00e9 formado como T\u00e9cnico em Seguran\u00e7a do Trabalho pela Escola Metropolitana de Cursos T\u00e9cnicos. Det\u00e9m ainda licenciatura em Educa\u00e7\u00e3o F\u00edsica e bacharelado em Ci\u00eancias Pol\u00edticas, ambos obtidos pela institui\u00e7\u00e3o Anhanguera\/UNOPAR.","url":"https:\/\/portalnpm.com\/index.php\/author\/pereira\/"}]}},"jetpack_sharing_enabled":true,"jetpack_featured_media_url":"https:\/\/portalnpm.com\/wp-content\/uploads\/2018\/08\/IMG-20180820-WA0360.jpg","_links":{"self":[{"href":"https:\/\/portalnpm.com\/index.php\/wp-json\/wp\/v2\/posts\/842"}],"collection":[{"href":"https:\/\/portalnpm.com\/index.php\/wp-json\/wp\/v2\/posts"}],"about":[{"href":"https:\/\/portalnpm.com\/index.php\/wp-json\/wp\/v2\/types\/post"}],"author":[{"embeddable":true,"href":"https:\/\/portalnpm.com\/index.php\/wp-json\/wp\/v2\/users\/3"}],"replies":[{"embeddable":true,"href":"https:\/\/portalnpm.com\/index.php\/wp-json\/wp\/v2\/comments?post=842"}],"version-history":[{"count":0,"href":"https:\/\/portalnpm.com\/index.php\/wp-json\/wp\/v2\/posts\/842\/revisions"}],"wp:featuredmedia":[{"embeddable":true,"href":"https:\/\/portalnpm.com\/index.php\/wp-json\/wp\/v2\/media\/843"}],"wp:attachment":[{"href":"https:\/\/portalnpm.com\/index.php\/wp-json\/wp\/v2\/media?parent=842"}],"wp:term":[{"taxonomy":"category","embeddable":true,"href":"https:\/\/portalnpm.com\/index.php\/wp-json\/wp\/v2\/categories?post=842"},{"taxonomy":"post_tag","embeddable":true,"href":"https:\/\/portalnpm.com\/index.php\/wp-json\/wp\/v2\/tags?post=842"}],"curies":[{"name":"wp","href":"https:\/\/api.w.org\/{rel}","templated":true}]}}