{"id":84260,"date":"2025-01-31T16:30:47","date_gmt":"2025-01-31T19:30:47","guid":{"rendered":"https:\/\/portalnpm.com\/?p=84260"},"modified":"2025-01-31T16:30:47","modified_gmt":"2025-01-31T19:30:47","slug":"em-sao-juliao-profissionais-que-conduzem-programas-sociais-participam-de-capacitacao-veja","status":"publish","type":"post","link":"https:\/\/portalnpm.com\/index.php\/2025\/01\/31\/em-sao-juliao-profissionais-que-conduzem-programas-sociais-participam-de-capacitacao-veja\/","title":{"rendered":"Em S\u00e3o Juli\u00e3o, profissionais que conduzem programas sociais participam de capacita\u00e7\u00e3o; veja!"},"content":{"rendered":"<p>Na manh\u00e3 desta sexta-feira, 31 de janeiro, a equipe da Prote\u00e7\u00e3o Social B\u00e1sica da Secretaria de Assist\u00eancia Social de S\u00e3o Juli\u00e3o participou da sua primeira capacita\u00e7\u00e3o do ano. O encontro foi realizado no Centro de Refer\u00eancia de Assist\u00eancia Social (CRAS) do munic\u00edpio e teve como objetivo fortalecer o trabalho dos profissionais que atuam nos programas sociais.<\/p>\n<p>Entre os programas abordados na capacita\u00e7\u00e3o estavam o Bolsa Fam\u00edlia, o Servi\u00e7o de Conviv\u00eancia e Fortalecimento de V\u00ednculos e o Programa Crian\u00e7a Feliz. A forma\u00e7\u00e3o foi conduzida pela assistente social \u00c2ngela Bezerra, que destacou a import\u00e2ncia da Pol\u00edtica Nacional de Assist\u00eancia Social e do CRAS como principal porta de entrada para os usu\u00e1rios desse sistema.<\/p>\n<p><img decoding=\"async\" src=\"https:\/\/folhaatual.com.br\/userfiles\/images\/74a91718-fb41-4672-ac99-485c5aaa8eae.jpg\" alt=\"\" \/><\/p>\n<p><img decoding=\"async\" src=\"https:\/\/folhaatual.com.br\/userfiles\/images\/c11468bf-8cd9-443e-ba50-14871a6b8590.jpg\" alt=\"\" \/><\/p>\n<p>O in\u00edcio das atividades da Assist\u00eancia Social no munic\u00edpio com a qualifica\u00e7\u00e3o dos profissionais \u00e9 a melhor maneira de fortalecer o atendimento \u00e0 popula\u00e7\u00e3o e beneficiar ainda mais os usu\u00e1rios dos programas sociais de S\u00e3o Juli\u00e3o.<\/p>\n<p><img decoding=\"async\" src=\"https:\/\/folhaatual.com.br\/userfiles\/images\/24bc6b29-978f-4043-806b-67b00e62e83a.jpg\" alt=\"\" \/><\/p>\n<p><strong>Prefeito Renaldinho esteve presente\u00a0<\/strong><\/p>\n<p><em>A secret\u00e1ria Municipal de Assist\u00eancia Social, Ant\u00f4nia Maria, destacou o compromisso da pasta com os mun\u00edcipes em vulnerabilidade social, \u201cEstamos embasados na pol\u00edtica nacional de assist\u00eancia social, tendo o CRAS como porta de entrada dessa pol\u00edtica. Iniciamos os trabalhos da Assist\u00eancia Social com muita vontade de servir, reafirmando o compromisso dessa atual gest\u00e3o com os usu\u00e1rios\u201d,<\/em> destacou.<\/p>\n<p><img decoding=\"async\" src=\"https:\/\/folhaatual.com.br\/userfiles\/images\/ad7195c5-ffbf-4460-84da-7ae42ad4003c.jpg\" alt=\"\" \/><\/p>\n<p><strong>Secret\u00e1ria\u00a0de Assist\u00eancia Social, Ant\u00f4nia Maria<\/strong><\/p>\n<p><strong><img decoding=\"async\" src=\"https:\/\/folhaatual.com.br\/userfiles\/images\/29996e05-6904-41d9-bfcf-19d37228aa4e.jpg\" alt=\"\" \/><\/strong><\/p>\n<p><strong><img decoding=\"async\" src=\"https:\/\/folhaatual.com.br\/userfiles\/images\/dd275c15-bd55-492a-bdd4-6b2f55c31e0e.jpg\" alt=\"\" \/><\/strong><\/p>\n<p>Folha Atual<\/p>\n","protected":false},"excerpt":{"rendered":"<p>Na manh\u00e3 desta sexta-feira, 31 de janeiro, a equipe da Prote\u00e7\u00e3o Social B\u00e1sica da Secretaria de Assist\u00eancia Social de S\u00e3o Juli\u00e3o participou da sua primeira capacita\u00e7\u00e3o do ano. O encontro foi realizado no Centro de Refer\u00eancia de Assist\u00eancia Social (CRAS) do munic\u00edpio e teve como objetivo fortalecer o trabalho dos profissionais que atuam nos programas &hellip;<\/p>\n","protected":false},"author":4,"featured_media":84261,"comment_status":"open","ping_status":"open","sticky":false,"template":"","format":"standard","meta":{"content-type":"","rop_custom_images_group":[],"rop_custom_messages_group":[],"rop_publish_now":"yes","rop_publish_now_accounts":{"facebook_2648258775420054_1618374048415101":""},"rop_publish_now_history":[],"rop_publish_now_status":"pending","footnotes":"","_jetpack_memberships_contains_paid_content":false},"categories":[113,109,3998],"tags":[16448,16447,230,855,1197,5929,4160,12541,1196,10943,842],"yoast_head":"<!-- This site is optimized with the Yoast SEO plugin v22.3 - https:\/\/yoast.com\/wordpress\/plugins\/seo\/ -->\n<title>Em S\u00e3o Juli\u00e3o, profissionais que conduzem programas sociais participam de capacita\u00e7\u00e3o; veja! - Portal NPM<\/title>\n<meta name=\"robots\" content=\"index, follow, max-snippet:-1, max-image-preview:large, max-video-preview:-1\" \/>\n<link rel=\"canonical\" href=\"https:\/\/portalnpm.com\/index.php\/2025\/01\/31\/em-sao-juliao-profissionais-que-conduzem-programas-sociais-participam-de-capacitacao-veja\/\" \/>\n<meta property=\"og:locale\" content=\"pt_BR\" \/>\n<meta property=\"og:type\" content=\"article\" \/>\n<meta property=\"og:title\" content=\"Em S\u00e3o Juli\u00e3o, profissionais que conduzem programas sociais participam de capacita\u00e7\u00e3o; veja! - Portal NPM\" \/>\n<meta property=\"og:description\" content=\"Na manh\u00e3 desta sexta-feira, 31 de janeiro, a equipe da Prote\u00e7\u00e3o Social B\u00e1sica da Secretaria de Assist\u00eancia Social de S\u00e3o Juli\u00e3o participou da sua primeira capacita\u00e7\u00e3o do ano. O encontro foi realizado no Centro de Refer\u00eancia de Assist\u00eancia Social (CRAS) do munic\u00edpio e teve como objetivo fortalecer o trabalho dos profissionais que atuam nos programas &hellip;\" \/>\n<meta property=\"og:url\" content=\"https:\/\/portalnpm.com\/index.php\/2025\/01\/31\/em-sao-juliao-profissionais-que-conduzem-programas-sociais-participam-de-capacitacao-veja\/\" \/>\n<meta property=\"og:site_name\" content=\"Portal NPM\" \/>\n<meta property=\"article:published_time\" content=\"2025-01-31T19:30:47+00:00\" \/>\n<meta property=\"og:image\" content=\"https:\/\/portalnpm.com\/wp-content\/uploads\/2025\/01\/FA-IMG-83f75592afe56b5f47f9.jpg\" \/>\n\t<meta property=\"og:image:width\" content=\"640\" \/>\n\t<meta property=\"og:image:height\" content=\"480\" \/>\n\t<meta property=\"og:image:type\" content=\"image\/jpeg\" \/>\n<meta name=\"author\" content=\"Reda\u00e7\u00e3o\" \/>\n<meta name=\"twitter:card\" content=\"summary_large_image\" \/>\n<meta name=\"twitter:label1\" content=\"Escrito por\" \/>\n\t<meta name=\"twitter:data1\" content=\"Reda\u00e7\u00e3o\" \/>\n\t<meta name=\"twitter:label2\" content=\"Est. tempo de leitura\" \/>\n\t<meta name=\"twitter:data2\" content=\"3 minutos\" \/>\n<script type=\"application\/ld+json\" class=\"yoast-schema-graph\">{\"@context\":\"https:\/\/schema.org\",\"@graph\":[{\"@type\":\"WebPage\",\"@id\":\"https:\/\/portalnpm.com\/index.php\/2025\/01\/31\/em-sao-juliao-profissionais-que-conduzem-programas-sociais-participam-de-capacitacao-veja\/\",\"url\":\"https:\/\/portalnpm.com\/index.php\/2025\/01\/31\/em-sao-juliao-profissionais-que-conduzem-programas-sociais-participam-de-capacitacao-veja\/\",\"name\":\"Em S\u00e3o Juli\u00e3o, profissionais que conduzem programas sociais participam de capacita\u00e7\u00e3o; veja! - Portal NPM\",\"isPartOf\":{\"@id\":\"https:\/\/portalnpm.com\/#website\"},\"primaryImageOfPage\":{\"@id\":\"https:\/\/portalnpm.com\/index.php\/2025\/01\/31\/em-sao-juliao-profissionais-que-conduzem-programas-sociais-participam-de-capacitacao-veja\/#primaryimage\"},\"image\":{\"@id\":\"https:\/\/portalnpm.com\/index.php\/2025\/01\/31\/em-sao-juliao-profissionais-que-conduzem-programas-sociais-participam-de-capacitacao-veja\/#primaryimage\"},\"thumbnailUrl\":\"https:\/\/portalnpm.com\/wp-content\/uploads\/2025\/01\/FA-IMG-83f75592afe56b5f47f9.jpg\",\"datePublished\":\"2025-01-31T19:30:47+00:00\",\"dateModified\":\"2025-01-31T19:30:47+00:00\",\"author\":{\"@id\":\"https:\/\/portalnpm.com\/#\/schema\/person\/0b5f230ec96cee25504fa328e7f2b733\"},\"breadcrumb\":{\"@id\":\"https:\/\/portalnpm.com\/index.php\/2025\/01\/31\/em-sao-juliao-profissionais-que-conduzem-programas-sociais-participam-de-capacitacao-veja\/#breadcrumb\"},\"inLanguage\":\"pt-BR\",\"potentialAction\":[{\"@type\":\"ReadAction\",\"target\":[\"https:\/\/portalnpm.com\/index.php\/2025\/01\/31\/em-sao-juliao-profissionais-que-conduzem-programas-sociais-participam-de-capacitacao-veja\/\"]}]},{\"@type\":\"ImageObject\",\"inLanguage\":\"pt-BR\",\"@id\":\"https:\/\/portalnpm.com\/index.php\/2025\/01\/31\/em-sao-juliao-profissionais-que-conduzem-programas-sociais-participam-de-capacitacao-veja\/#primaryimage\",\"url\":\"https:\/\/portalnpm.com\/wp-content\/uploads\/2025\/01\/FA-IMG-83f75592afe56b5f47f9.jpg\",\"contentUrl\":\"https:\/\/portalnpm.com\/wp-content\/uploads\/2025\/01\/FA-IMG-83f75592afe56b5f47f9.jpg\",\"width\":640,\"height\":480},{\"@type\":\"BreadcrumbList\",\"@id\":\"https:\/\/portalnpm.com\/index.php\/2025\/01\/31\/em-sao-juliao-profissionais-que-conduzem-programas-sociais-participam-de-capacitacao-veja\/#breadcrumb\",\"itemListElement\":[{\"@type\":\"ListItem\",\"position\":1,\"name\":\"In\u00edcio\",\"item\":\"https:\/\/portalnpm.com\/\"},{\"@type\":\"ListItem\",\"position\":2,\"name\":\"Em S\u00e3o Juli\u00e3o, profissionais que conduzem programas sociais participam de capacita\u00e7\u00e3o; veja!\"}]},{\"@type\":\"WebSite\",\"@id\":\"https:\/\/portalnpm.com\/#website\",\"url\":\"https:\/\/portalnpm.com\/\",\"name\":\"Portal NPM\",\"description\":\"Not\u00edcias em Primeira M\u00e3o\",\"potentialAction\":[{\"@type\":\"SearchAction\",\"target\":{\"@type\":\"EntryPoint\",\"urlTemplate\":\"https:\/\/portalnpm.com\/?s={search_term_string}\"},\"query-input\":\"required name=search_term_string\"}],\"inLanguage\":\"pt-BR\"},{\"@type\":\"Person\",\"@id\":\"https:\/\/portalnpm.com\/#\/schema\/person\/0b5f230ec96cee25504fa328e7f2b733\",\"name\":\"Reda\u00e7\u00e3o\",\"image\":{\"@type\":\"ImageObject\",\"inLanguage\":\"pt-BR\",\"@id\":\"https:\/\/portalnpm.com\/#\/schema\/person\/image\/\",\"url\":\"https:\/\/portalnpm.com\/wp-content\/uploads\/2024\/03\/avatar_user_4_1710097212-96x96.png\",\"contentUrl\":\"https:\/\/portalnpm.com\/wp-content\/uploads\/2024\/03\/avatar_user_4_1710097212-96x96.png\",\"caption\":\"Reda\u00e7\u00e3o\"},\"url\":\"https:\/\/portalnpm.com\/index.php\/author\/redacao\/\"}]}<\/script>\n<!-- \/ Yoast SEO plugin. -->","yoast_head_json":{"title":"Em S\u00e3o Juli\u00e3o, profissionais que conduzem programas sociais participam de capacita\u00e7\u00e3o; veja! - Portal NPM","robots":{"index":"index","follow":"follow","max-snippet":"max-snippet:-1","max-image-preview":"max-image-preview:large","max-video-preview":"max-video-preview:-1"},"canonical":"https:\/\/portalnpm.com\/index.php\/2025\/01\/31\/em-sao-juliao-profissionais-que-conduzem-programas-sociais-participam-de-capacitacao-veja\/","og_locale":"pt_BR","og_type":"article","og_title":"Em S\u00e3o Juli\u00e3o, profissionais que conduzem programas sociais participam de capacita\u00e7\u00e3o; veja! - Portal NPM","og_description":"Na manh\u00e3 desta sexta-feira, 31 de janeiro, a equipe da Prote\u00e7\u00e3o Social B\u00e1sica da Secretaria de Assist\u00eancia Social de S\u00e3o Juli\u00e3o participou da sua primeira capacita\u00e7\u00e3o do ano. O encontro foi realizado no Centro de Refer\u00eancia de Assist\u00eancia Social (CRAS) do munic\u00edpio e teve como objetivo fortalecer o trabalho dos profissionais que atuam nos programas &hellip;","og_url":"https:\/\/portalnpm.com\/index.php\/2025\/01\/31\/em-sao-juliao-profissionais-que-conduzem-programas-sociais-participam-de-capacitacao-veja\/","og_site_name":"Portal NPM","article_published_time":"2025-01-31T19:30:47+00:00","og_image":[{"width":640,"height":480,"url":"https:\/\/portalnpm.com\/wp-content\/uploads\/2025\/01\/FA-IMG-83f75592afe56b5f47f9.jpg","type":"image\/jpeg"}],"author":"Reda\u00e7\u00e3o","twitter_card":"summary_large_image","twitter_misc":{"Escrito por":"Reda\u00e7\u00e3o","Est. tempo de leitura":"3 minutos"},"schema":{"@context":"https:\/\/schema.org","@graph":[{"@type":"WebPage","@id":"https:\/\/portalnpm.com\/index.php\/2025\/01\/31\/em-sao-juliao-profissionais-que-conduzem-programas-sociais-participam-de-capacitacao-veja\/","url":"https:\/\/portalnpm.com\/index.php\/2025\/01\/31\/em-sao-juliao-profissionais-que-conduzem-programas-sociais-participam-de-capacitacao-veja\/","name":"Em S\u00e3o Juli\u00e3o, profissionais que conduzem programas sociais participam de capacita\u00e7\u00e3o; veja! - Portal NPM","isPartOf":{"@id":"https:\/\/portalnpm.com\/#website"},"primaryImageOfPage":{"@id":"https:\/\/portalnpm.com\/index.php\/2025\/01\/31\/em-sao-juliao-profissionais-que-conduzem-programas-sociais-participam-de-capacitacao-veja\/#primaryimage"},"image":{"@id":"https:\/\/portalnpm.com\/index.php\/2025\/01\/31\/em-sao-juliao-profissionais-que-conduzem-programas-sociais-participam-de-capacitacao-veja\/#primaryimage"},"thumbnailUrl":"https:\/\/portalnpm.com\/wp-content\/uploads\/2025\/01\/FA-IMG-83f75592afe56b5f47f9.jpg","datePublished":"2025-01-31T19:30:47+00:00","dateModified":"2025-01-31T19:30:47+00:00","author":{"@id":"https:\/\/portalnpm.com\/#\/schema\/person\/0b5f230ec96cee25504fa328e7f2b733"},"breadcrumb":{"@id":"https:\/\/portalnpm.com\/index.php\/2025\/01\/31\/em-sao-juliao-profissionais-que-conduzem-programas-sociais-participam-de-capacitacao-veja\/#breadcrumb"},"inLanguage":"pt-BR","potentialAction":[{"@type":"ReadAction","target":["https:\/\/portalnpm.com\/index.php\/2025\/01\/31\/em-sao-juliao-profissionais-que-conduzem-programas-sociais-participam-de-capacitacao-veja\/"]}]},{"@type":"ImageObject","inLanguage":"pt-BR","@id":"https:\/\/portalnpm.com\/index.php\/2025\/01\/31\/em-sao-juliao-profissionais-que-conduzem-programas-sociais-participam-de-capacitacao-veja\/#primaryimage","url":"https:\/\/portalnpm.com\/wp-content\/uploads\/2025\/01\/FA-IMG-83f75592afe56b5f47f9.jpg","contentUrl":"https:\/\/portalnpm.com\/wp-content\/uploads\/2025\/01\/FA-IMG-83f75592afe56b5f47f9.jpg","width":640,"height":480},{"@type":"BreadcrumbList","@id":"https:\/\/portalnpm.com\/index.php\/2025\/01\/31\/em-sao-juliao-profissionais-que-conduzem-programas-sociais-participam-de-capacitacao-veja\/#breadcrumb","itemListElement":[{"@type":"ListItem","position":1,"name":"In\u00edcio","item":"https:\/\/portalnpm.com\/"},{"@type":"ListItem","position":2,"name":"Em S\u00e3o Juli\u00e3o, profissionais que conduzem programas sociais participam de capacita\u00e7\u00e3o; veja!"}]},{"@type":"WebSite","@id":"https:\/\/portalnpm.com\/#website","url":"https:\/\/portalnpm.com\/","name":"Portal NPM","description":"Not\u00edcias em Primeira M\u00e3o","potentialAction":[{"@type":"SearchAction","target":{"@type":"EntryPoint","urlTemplate":"https:\/\/portalnpm.com\/?s={search_term_string}"},"query-input":"required name=search_term_string"}],"inLanguage":"pt-BR"},{"@type":"Person","@id":"https:\/\/portalnpm.com\/#\/schema\/person\/0b5f230ec96cee25504fa328e7f2b733","name":"Reda\u00e7\u00e3o","image":{"@type":"ImageObject","inLanguage":"pt-BR","@id":"https:\/\/portalnpm.com\/#\/schema\/person\/image\/","url":"https:\/\/portalnpm.com\/wp-content\/uploads\/2024\/03\/avatar_user_4_1710097212-96x96.png","contentUrl":"https:\/\/portalnpm.com\/wp-content\/uploads\/2024\/03\/avatar_user_4_1710097212-96x96.png","caption":"Reda\u00e7\u00e3o"},"url":"https:\/\/portalnpm.com\/index.php\/author\/redacao\/"}]}},"jetpack_sharing_enabled":true,"jetpack_featured_media_url":"https:\/\/portalnpm.com\/wp-content\/uploads\/2025\/01\/FA-IMG-83f75592afe56b5f47f9.jpg","_links":{"self":[{"href":"https:\/\/portalnpm.com\/index.php\/wp-json\/wp\/v2\/posts\/84260"}],"collection":[{"href":"https:\/\/portalnpm.com\/index.php\/wp-json\/wp\/v2\/posts"}],"about":[{"href":"https:\/\/portalnpm.com\/index.php\/wp-json\/wp\/v2\/types\/post"}],"author":[{"embeddable":true,"href":"https:\/\/portalnpm.com\/index.php\/wp-json\/wp\/v2\/users\/4"}],"replies":[{"embeddable":true,"href":"https:\/\/portalnpm.com\/index.php\/wp-json\/wp\/v2\/comments?post=84260"}],"version-history":[{"count":1,"href":"https:\/\/portalnpm.com\/index.php\/wp-json\/wp\/v2\/posts\/84260\/revisions"}],"predecessor-version":[{"id":84262,"href":"https:\/\/portalnpm.com\/index.php\/wp-json\/wp\/v2\/posts\/84260\/revisions\/84262"}],"wp:featuredmedia":[{"embeddable":true,"href":"https:\/\/portalnpm.com\/index.php\/wp-json\/wp\/v2\/media\/84261"}],"wp:attachment":[{"href":"https:\/\/portalnpm.com\/index.php\/wp-json\/wp\/v2\/media?parent=84260"}],"wp:term":[{"taxonomy":"category","embeddable":true,"href":"https:\/\/portalnpm.com\/index.php\/wp-json\/wp\/v2\/categories?post=84260"},{"taxonomy":"post_tag","embeddable":true,"href":"https:\/\/portalnpm.com\/index.php\/wp-json\/wp\/v2\/tags?post=84260"}],"curies":[{"name":"wp","href":"https:\/\/api.w.org\/{rel}","templated":true}]}}