{"id":84265,"date":"2025-02-03T10:36:22","date_gmt":"2025-02-03T13:36:22","guid":{"rendered":"https:\/\/portalnpm.com\/?p=84265"},"modified":"2025-02-03T10:36:22","modified_gmt":"2025-02-03T13:36:22","slug":"sao-juliao-comerciante-e-morto-a-tiros-na-pi-que-liga-campo-grande-a-jaicos-veja","status":"publish","type":"post","link":"https:\/\/portalnpm.com\/index.php\/2025\/02\/03\/sao-juliao-comerciante-e-morto-a-tiros-na-pi-que-liga-campo-grande-a-jaicos-veja\/","title":{"rendered":"S\u00e3o Juli\u00e3o | Comerciante \u00e9 morto a tiros na PI que liga Campo Grande a Jaic\u00f3s; veja!"},"content":{"rendered":"<p>Na manh\u00e3 desta segunda-feira (03), um homem conhecido popularmente como Z\u00e9 do R\u00e1dio, natural de S\u00e3o Juli\u00e3o, foi encontrado morto com marcas de tiros na localidade Carna\u00edbas, zona rural de Campo Grande.<\/p>\n<p>Informa\u00e7\u00f5es d\u00e3o conta que a v\u00edtima fazia o trajeto de S\u00e3o Juli\u00e3o a Jaic\u00f3s. O mesmo foi encontrado ca\u00eddo pr\u00f3ximo a motocicleta que pilotava.<\/p>\n<p><img fetchpriority=\"high\" decoding=\"async\" class=\"alignnone size-large wp-image-341170\" src=\"https:\/\/www.piauiemfoco.com.br\/wp-content\/uploads\/2025\/02\/photo-output-1-1024x740.jpeg\" sizes=\"(max-width: 1024px) 100vw, 1024px\" srcset=\"https:\/\/www.piauiemfoco.com.br\/wp-content\/uploads\/2025\/02\/photo-output-1-1024x740.jpeg 1024w, https:\/\/www.piauiemfoco.com.br\/wp-content\/uploads\/2025\/02\/photo-output-1-300x217.jpeg 300w, https:\/\/www.piauiemfoco.com.br\/wp-content\/uploads\/2025\/02\/photo-output-1-768x555.jpeg 768w, https:\/\/www.piauiemfoco.com.br\/wp-content\/uploads\/2025\/02\/photo-output-1-1536x1110.jpeg 1536w, https:\/\/www.piauiemfoco.com.br\/wp-content\/uploads\/2025\/02\/photo-output-1-640x463.jpeg 640w, https:\/\/www.piauiemfoco.com.br\/wp-content\/uploads\/2025\/02\/photo-output-1.jpeg 2048w\" alt=\"\" width=\"1024\" height=\"740\" \/><\/p>\n<p>Z\u00e9 do R\u00e1dio era comerciante no munic\u00edpio de S\u00e3o Juli\u00e3o.<\/p>\n<p>As motiva\u00e7\u00f5es do crime s\u00e3o desconhecidas.<\/p>\n<p><strong>Fonte: Piau\u00ed em Foco\u00a0<\/strong><\/p>\n","protected":false},"excerpt":{"rendered":"<p>Na manh\u00e3 desta segunda-feira (03), um homem conhecido popularmente como Z\u00e9 do R\u00e1dio, natural de S\u00e3o Juli\u00e3o, foi encontrado morto com marcas de tiros na localidade Carna\u00edbas, zona rural de Campo Grande. Informa\u00e7\u00f5es d\u00e3o conta que a v\u00edtima fazia o trajeto de S\u00e3o Juli\u00e3o a Jaic\u00f3s. O mesmo foi encontrado ca\u00eddo pr\u00f3ximo a motocicleta que &hellip;<\/p>\n","protected":false},"author":4,"featured_media":84266,"comment_status":"open","ping_status":"open","sticky":false,"template":"","format":"standard","meta":{"content-type":"","rop_custom_images_group":[],"rop_custom_messages_group":[],"rop_publish_now":"yes","rop_publish_now_accounts":{"facebook_2648258775420054_1618374048415101":""},"rop_publish_now_history":[],"rop_publish_now_status":"pending","footnotes":"","_jetpack_memberships_contains_paid_content":false},"categories":[113,3998],"tags":[4136,2851,925,944,204,1197,4135,460,911,1217,1196,493,842],"yoast_head":"<!-- This site is optimized with the Yoast SEO plugin v22.3 - https:\/\/yoast.com\/wordpress\/plugins\/seo\/ -->\n<title>S\u00e3o Juli\u00e3o | Comerciante \u00e9 morto a tiros na PI que liga Campo Grande a Jaic\u00f3s; veja! - Portal NPM<\/title>\n<meta name=\"robots\" content=\"index, follow, max-snippet:-1, max-image-preview:large, max-video-preview:-1\" \/>\n<link rel=\"canonical\" href=\"https:\/\/portalnpm.com\/index.php\/2025\/02\/03\/sao-juliao-comerciante-e-morto-a-tiros-na-pi-que-liga-campo-grande-a-jaicos-veja\/\" \/>\n<meta property=\"og:locale\" content=\"pt_BR\" \/>\n<meta property=\"og:type\" content=\"article\" \/>\n<meta property=\"og:title\" content=\"S\u00e3o Juli\u00e3o | Comerciante \u00e9 morto a tiros na PI que liga Campo Grande a Jaic\u00f3s; veja! - Portal NPM\" \/>\n<meta property=\"og:description\" content=\"Na manh\u00e3 desta segunda-feira (03), um homem conhecido popularmente como Z\u00e9 do R\u00e1dio, natural de S\u00e3o Juli\u00e3o, foi encontrado morto com marcas de tiros na localidade Carna\u00edbas, zona rural de Campo Grande. Informa\u00e7\u00f5es d\u00e3o conta que a v\u00edtima fazia o trajeto de S\u00e3o Juli\u00e3o a Jaic\u00f3s. O mesmo foi encontrado ca\u00eddo pr\u00f3ximo a motocicleta que &hellip;\" \/>\n<meta property=\"og:url\" content=\"https:\/\/portalnpm.com\/index.php\/2025\/02\/03\/sao-juliao-comerciante-e-morto-a-tiros-na-pi-que-liga-campo-grande-a-jaicos-veja\/\" \/>\n<meta property=\"og:site_name\" content=\"Portal NPM\" \/>\n<meta property=\"article:published_time\" content=\"2025-02-03T13:36:22+00:00\" \/>\n<meta property=\"og:image\" content=\"https:\/\/portalnpm.com\/wp-content\/uploads\/2025\/02\/IMG_7320.webp\" \/>\n\t<meta property=\"og:image:width\" content=\"707\" \/>\n\t<meta property=\"og:image:height\" content=\"432\" \/>\n\t<meta property=\"og:image:type\" content=\"image\/webp\" \/>\n<meta name=\"author\" content=\"Reda\u00e7\u00e3o\" \/>\n<meta name=\"twitter:card\" content=\"summary_large_image\" \/>\n<meta name=\"twitter:label1\" content=\"Escrito por\" \/>\n\t<meta name=\"twitter:data1\" content=\"Reda\u00e7\u00e3o\" \/>\n\t<meta name=\"twitter:label2\" content=\"Est. tempo de leitura\" \/>\n\t<meta name=\"twitter:data2\" content=\"1 minuto\" \/>\n<script type=\"application\/ld+json\" class=\"yoast-schema-graph\">{\"@context\":\"https:\/\/schema.org\",\"@graph\":[{\"@type\":\"WebPage\",\"@id\":\"https:\/\/portalnpm.com\/index.php\/2025\/02\/03\/sao-juliao-comerciante-e-morto-a-tiros-na-pi-que-liga-campo-grande-a-jaicos-veja\/\",\"url\":\"https:\/\/portalnpm.com\/index.php\/2025\/02\/03\/sao-juliao-comerciante-e-morto-a-tiros-na-pi-que-liga-campo-grande-a-jaicos-veja\/\",\"name\":\"S\u00e3o Juli\u00e3o | Comerciante \u00e9 morto a tiros na PI que liga Campo Grande a Jaic\u00f3s; veja! - Portal NPM\",\"isPartOf\":{\"@id\":\"https:\/\/portalnpm.com\/#website\"},\"primaryImageOfPage\":{\"@id\":\"https:\/\/portalnpm.com\/index.php\/2025\/02\/03\/sao-juliao-comerciante-e-morto-a-tiros-na-pi-que-liga-campo-grande-a-jaicos-veja\/#primaryimage\"},\"image\":{\"@id\":\"https:\/\/portalnpm.com\/index.php\/2025\/02\/03\/sao-juliao-comerciante-e-morto-a-tiros-na-pi-que-liga-campo-grande-a-jaicos-veja\/#primaryimage\"},\"thumbnailUrl\":\"https:\/\/portalnpm.com\/wp-content\/uploads\/2025\/02\/IMG_7320.webp\",\"datePublished\":\"2025-02-03T13:36:22+00:00\",\"dateModified\":\"2025-02-03T13:36:22+00:00\",\"author\":{\"@id\":\"https:\/\/portalnpm.com\/#\/schema\/person\/0b5f230ec96cee25504fa328e7f2b733\"},\"breadcrumb\":{\"@id\":\"https:\/\/portalnpm.com\/index.php\/2025\/02\/03\/sao-juliao-comerciante-e-morto-a-tiros-na-pi-que-liga-campo-grande-a-jaicos-veja\/#breadcrumb\"},\"inLanguage\":\"pt-BR\",\"potentialAction\":[{\"@type\":\"ReadAction\",\"target\":[\"https:\/\/portalnpm.com\/index.php\/2025\/02\/03\/sao-juliao-comerciante-e-morto-a-tiros-na-pi-que-liga-campo-grande-a-jaicos-veja\/\"]}]},{\"@type\":\"ImageObject\",\"inLanguage\":\"pt-BR\",\"@id\":\"https:\/\/portalnpm.com\/index.php\/2025\/02\/03\/sao-juliao-comerciante-e-morto-a-tiros-na-pi-que-liga-campo-grande-a-jaicos-veja\/#primaryimage\",\"url\":\"https:\/\/portalnpm.com\/wp-content\/uploads\/2025\/02\/IMG_7320.webp\",\"contentUrl\":\"https:\/\/portalnpm.com\/wp-content\/uploads\/2025\/02\/IMG_7320.webp\",\"width\":707,\"height\":432},{\"@type\":\"BreadcrumbList\",\"@id\":\"https:\/\/portalnpm.com\/index.php\/2025\/02\/03\/sao-juliao-comerciante-e-morto-a-tiros-na-pi-que-liga-campo-grande-a-jaicos-veja\/#breadcrumb\",\"itemListElement\":[{\"@type\":\"ListItem\",\"position\":1,\"name\":\"In\u00edcio\",\"item\":\"https:\/\/portalnpm.com\/\"},{\"@type\":\"ListItem\",\"position\":2,\"name\":\"S\u00e3o Juli\u00e3o | Comerciante \u00e9 morto a tiros na PI que liga Campo Grande a Jaic\u00f3s; veja!\"}]},{\"@type\":\"WebSite\",\"@id\":\"https:\/\/portalnpm.com\/#website\",\"url\":\"https:\/\/portalnpm.com\/\",\"name\":\"Portal NPM\",\"description\":\"Not\u00edcias em Primeira M\u00e3o\",\"potentialAction\":[{\"@type\":\"SearchAction\",\"target\":{\"@type\":\"EntryPoint\",\"urlTemplate\":\"https:\/\/portalnpm.com\/?s={search_term_string}\"},\"query-input\":\"required name=search_term_string\"}],\"inLanguage\":\"pt-BR\"},{\"@type\":\"Person\",\"@id\":\"https:\/\/portalnpm.com\/#\/schema\/person\/0b5f230ec96cee25504fa328e7f2b733\",\"name\":\"Reda\u00e7\u00e3o\",\"image\":{\"@type\":\"ImageObject\",\"inLanguage\":\"pt-BR\",\"@id\":\"https:\/\/portalnpm.com\/#\/schema\/person\/image\/\",\"url\":\"https:\/\/portalnpm.com\/wp-content\/uploads\/2024\/03\/avatar_user_4_1710097212-96x96.png\",\"contentUrl\":\"https:\/\/portalnpm.com\/wp-content\/uploads\/2024\/03\/avatar_user_4_1710097212-96x96.png\",\"caption\":\"Reda\u00e7\u00e3o\"},\"url\":\"https:\/\/portalnpm.com\/index.php\/author\/redacao\/\"}]}<\/script>\n<!-- \/ Yoast SEO plugin. -->","yoast_head_json":{"title":"S\u00e3o Juli\u00e3o | Comerciante \u00e9 morto a tiros na PI que liga Campo Grande a Jaic\u00f3s; veja! - Portal NPM","robots":{"index":"index","follow":"follow","max-snippet":"max-snippet:-1","max-image-preview":"max-image-preview:large","max-video-preview":"max-video-preview:-1"},"canonical":"https:\/\/portalnpm.com\/index.php\/2025\/02\/03\/sao-juliao-comerciante-e-morto-a-tiros-na-pi-que-liga-campo-grande-a-jaicos-veja\/","og_locale":"pt_BR","og_type":"article","og_title":"S\u00e3o Juli\u00e3o | Comerciante \u00e9 morto a tiros na PI que liga Campo Grande a Jaic\u00f3s; veja! - Portal NPM","og_description":"Na manh\u00e3 desta segunda-feira (03), um homem conhecido popularmente como Z\u00e9 do R\u00e1dio, natural de S\u00e3o Juli\u00e3o, foi encontrado morto com marcas de tiros na localidade Carna\u00edbas, zona rural de Campo Grande. Informa\u00e7\u00f5es d\u00e3o conta que a v\u00edtima fazia o trajeto de S\u00e3o Juli\u00e3o a Jaic\u00f3s. O mesmo foi encontrado ca\u00eddo pr\u00f3ximo a motocicleta que &hellip;","og_url":"https:\/\/portalnpm.com\/index.php\/2025\/02\/03\/sao-juliao-comerciante-e-morto-a-tiros-na-pi-que-liga-campo-grande-a-jaicos-veja\/","og_site_name":"Portal NPM","article_published_time":"2025-02-03T13:36:22+00:00","og_image":[{"width":707,"height":432,"url":"https:\/\/portalnpm.com\/wp-content\/uploads\/2025\/02\/IMG_7320.webp","type":"image\/webp"}],"author":"Reda\u00e7\u00e3o","twitter_card":"summary_large_image","twitter_misc":{"Escrito por":"Reda\u00e7\u00e3o","Est. tempo de leitura":"1 minuto"},"schema":{"@context":"https:\/\/schema.org","@graph":[{"@type":"WebPage","@id":"https:\/\/portalnpm.com\/index.php\/2025\/02\/03\/sao-juliao-comerciante-e-morto-a-tiros-na-pi-que-liga-campo-grande-a-jaicos-veja\/","url":"https:\/\/portalnpm.com\/index.php\/2025\/02\/03\/sao-juliao-comerciante-e-morto-a-tiros-na-pi-que-liga-campo-grande-a-jaicos-veja\/","name":"S\u00e3o Juli\u00e3o | Comerciante \u00e9 morto a tiros na PI que liga Campo Grande a Jaic\u00f3s; veja! - Portal NPM","isPartOf":{"@id":"https:\/\/portalnpm.com\/#website"},"primaryImageOfPage":{"@id":"https:\/\/portalnpm.com\/index.php\/2025\/02\/03\/sao-juliao-comerciante-e-morto-a-tiros-na-pi-que-liga-campo-grande-a-jaicos-veja\/#primaryimage"},"image":{"@id":"https:\/\/portalnpm.com\/index.php\/2025\/02\/03\/sao-juliao-comerciante-e-morto-a-tiros-na-pi-que-liga-campo-grande-a-jaicos-veja\/#primaryimage"},"thumbnailUrl":"https:\/\/portalnpm.com\/wp-content\/uploads\/2025\/02\/IMG_7320.webp","datePublished":"2025-02-03T13:36:22+00:00","dateModified":"2025-02-03T13:36:22+00:00","author":{"@id":"https:\/\/portalnpm.com\/#\/schema\/person\/0b5f230ec96cee25504fa328e7f2b733"},"breadcrumb":{"@id":"https:\/\/portalnpm.com\/index.php\/2025\/02\/03\/sao-juliao-comerciante-e-morto-a-tiros-na-pi-que-liga-campo-grande-a-jaicos-veja\/#breadcrumb"},"inLanguage":"pt-BR","potentialAction":[{"@type":"ReadAction","target":["https:\/\/portalnpm.com\/index.php\/2025\/02\/03\/sao-juliao-comerciante-e-morto-a-tiros-na-pi-que-liga-campo-grande-a-jaicos-veja\/"]}]},{"@type":"ImageObject","inLanguage":"pt-BR","@id":"https:\/\/portalnpm.com\/index.php\/2025\/02\/03\/sao-juliao-comerciante-e-morto-a-tiros-na-pi-que-liga-campo-grande-a-jaicos-veja\/#primaryimage","url":"https:\/\/portalnpm.com\/wp-content\/uploads\/2025\/02\/IMG_7320.webp","contentUrl":"https:\/\/portalnpm.com\/wp-content\/uploads\/2025\/02\/IMG_7320.webp","width":707,"height":432},{"@type":"BreadcrumbList","@id":"https:\/\/portalnpm.com\/index.php\/2025\/02\/03\/sao-juliao-comerciante-e-morto-a-tiros-na-pi-que-liga-campo-grande-a-jaicos-veja\/#breadcrumb","itemListElement":[{"@type":"ListItem","position":1,"name":"In\u00edcio","item":"https:\/\/portalnpm.com\/"},{"@type":"ListItem","position":2,"name":"S\u00e3o Juli\u00e3o | Comerciante \u00e9 morto a tiros na PI que liga Campo Grande a Jaic\u00f3s; veja!"}]},{"@type":"WebSite","@id":"https:\/\/portalnpm.com\/#website","url":"https:\/\/portalnpm.com\/","name":"Portal NPM","description":"Not\u00edcias em Primeira M\u00e3o","potentialAction":[{"@type":"SearchAction","target":{"@type":"EntryPoint","urlTemplate":"https:\/\/portalnpm.com\/?s={search_term_string}"},"query-input":"required name=search_term_string"}],"inLanguage":"pt-BR"},{"@type":"Person","@id":"https:\/\/portalnpm.com\/#\/schema\/person\/0b5f230ec96cee25504fa328e7f2b733","name":"Reda\u00e7\u00e3o","image":{"@type":"ImageObject","inLanguage":"pt-BR","@id":"https:\/\/portalnpm.com\/#\/schema\/person\/image\/","url":"https:\/\/portalnpm.com\/wp-content\/uploads\/2024\/03\/avatar_user_4_1710097212-96x96.png","contentUrl":"https:\/\/portalnpm.com\/wp-content\/uploads\/2024\/03\/avatar_user_4_1710097212-96x96.png","caption":"Reda\u00e7\u00e3o"},"url":"https:\/\/portalnpm.com\/index.php\/author\/redacao\/"}]}},"jetpack_sharing_enabled":true,"jetpack_featured_media_url":"https:\/\/portalnpm.com\/wp-content\/uploads\/2025\/02\/IMG_7320.webp","_links":{"self":[{"href":"https:\/\/portalnpm.com\/index.php\/wp-json\/wp\/v2\/posts\/84265"}],"collection":[{"href":"https:\/\/portalnpm.com\/index.php\/wp-json\/wp\/v2\/posts"}],"about":[{"href":"https:\/\/portalnpm.com\/index.php\/wp-json\/wp\/v2\/types\/post"}],"author":[{"embeddable":true,"href":"https:\/\/portalnpm.com\/index.php\/wp-json\/wp\/v2\/users\/4"}],"replies":[{"embeddable":true,"href":"https:\/\/portalnpm.com\/index.php\/wp-json\/wp\/v2\/comments?post=84265"}],"version-history":[{"count":1,"href":"https:\/\/portalnpm.com\/index.php\/wp-json\/wp\/v2\/posts\/84265\/revisions"}],"predecessor-version":[{"id":84267,"href":"https:\/\/portalnpm.com\/index.php\/wp-json\/wp\/v2\/posts\/84265\/revisions\/84267"}],"wp:featuredmedia":[{"embeddable":true,"href":"https:\/\/portalnpm.com\/index.php\/wp-json\/wp\/v2\/media\/84266"}],"wp:attachment":[{"href":"https:\/\/portalnpm.com\/index.php\/wp-json\/wp\/v2\/media?parent=84265"}],"wp:term":[{"taxonomy":"category","embeddable":true,"href":"https:\/\/portalnpm.com\/index.php\/wp-json\/wp\/v2\/categories?post=84265"},{"taxonomy":"post_tag","embeddable":true,"href":"https:\/\/portalnpm.com\/index.php\/wp-json\/wp\/v2\/tags?post=84265"}],"curies":[{"name":"wp","href":"https:\/\/api.w.org\/{rel}","templated":true}]}}