{"id":84271,"date":"2025-02-03T17:40:04","date_gmt":"2025-02-03T20:40:04","guid":{"rendered":"https:\/\/portalnpm.com\/?p=84271"},"modified":"2025-02-03T17:45:13","modified_gmt":"2025-02-03T20:45:13","slug":"em-sao-juliao-assessorias-juridicas-dos-professores-e-da-prefeitura-se-reunem-para-tratar-do-rateio-dos-precatorios-veja","status":"publish","type":"post","link":"https:\/\/portalnpm.com\/index.php\/2025\/02\/03\/em-sao-juliao-assessorias-juridicas-dos-professores-e-da-prefeitura-se-reunem-para-tratar-do-rateio-dos-precatorios-veja\/","title":{"rendered":"Em S\u00e3o Juli\u00e3o, assessorias jur\u00eddicas dos professores e da prefeitura se re\u00fanem para tratar do rateio dos precat\u00f3rios; veja!"},"content":{"rendered":"<p>As assessorias jur\u00eddicas dos professores benefici\u00e1rios e da gest\u00e3o &#8220;S\u00e3o Juli\u00e3o Para Todos&#8221; se reuniram neste s\u00e1bado, 1\u00b0 de fevereiro, para tratar do rateio dos precat\u00f3rios, sendo bastante produtiva. O projeto de lei municipal do rateio ser\u00e1 apresentado na primeira sess\u00e3o legislativa do ano.<\/p>\n<p><img fetchpriority=\"high\" decoding=\"async\" class=\"alignnone wp-image-84274 size-full\" src=\"https:\/\/portalnpm.com\/wp-content\/uploads\/2025\/02\/IMG-20250203-WA0203.jpg\" alt=\"\" width=\"1280\" height=\"720\" srcset=\"https:\/\/portalnpm.com\/wp-content\/uploads\/2025\/02\/IMG-20250203-WA0203.jpg 1280w, https:\/\/portalnpm.com\/wp-content\/uploads\/2025\/02\/IMG-20250203-WA0203-300x169.jpg 300w, https:\/\/portalnpm.com\/wp-content\/uploads\/2025\/02\/IMG-20250203-WA0203-1024x576.jpg 1024w, https:\/\/portalnpm.com\/wp-content\/uploads\/2025\/02\/IMG-20250203-WA0203-768x432.jpg 768w, https:\/\/portalnpm.com\/wp-content\/uploads\/2025\/02\/IMG-20250203-WA0203-390x220.jpg 390w\" sizes=\"(max-width: 1280px) 100vw, 1280px\" \/><\/p>\n<p>A reuni\u00e3o foi conduzida pela equipe do projeto pioneiro de assessoria t\u00e9cnica com a equipe de gestores e jur\u00eddico da prefeitura. Contou com a presen\u00e7a do prefeito Renaldinho, da secret\u00e1ria de Educa\u00e7\u00e3o, Lucinete Pereira,\u00a0 Dra. Erika Luz (assessora jur\u00eddica da Educa\u00e7\u00e3o municipal) e demais assessores municipais.<\/p>\n<p>O prefeito Renaldinho definiu e autorizou que as equipes trabalhem integradas com foco na celeridade da burocracia para efetiva\u00e7\u00e3o da primeira parcela e j\u00e1 preparar tudo para a chegada da segunda. Sendo 60% no rateio direto para os benefici\u00e1rios e 40% para investimentos no sistema educacional municipal.<\/p>\n<p><img decoding=\"async\" class=\"alignnone wp-image-84273 size-full\" src=\"https:\/\/portalnpm.com\/wp-content\/uploads\/2025\/02\/IMG-20250203-WA0201.jpg\" alt=\"\" width=\"720\" height=\"1280\" srcset=\"https:\/\/portalnpm.com\/wp-content\/uploads\/2025\/02\/IMG-20250203-WA0201.jpg 720w, https:\/\/portalnpm.com\/wp-content\/uploads\/2025\/02\/IMG-20250203-WA0201-169x300.jpg 169w, https:\/\/portalnpm.com\/wp-content\/uploads\/2025\/02\/IMG-20250203-WA0201-576x1024.jpg 576w\" sizes=\"(max-width: 720px) 100vw, 720px\" \/><\/p>\n","protected":false},"excerpt":{"rendered":"<p>As assessorias jur\u00eddicas dos professores benefici\u00e1rios e da gest\u00e3o &#8220;S\u00e3o Juli\u00e3o Para Todos&#8221; se reuniram neste s\u00e1bado, 1\u00b0 de fevereiro, para tratar do rateio dos precat\u00f3rios, sendo bastante produtiva. O projeto de lei municipal do rateio ser\u00e1 apresentado na primeira sess\u00e3o legislativa do ano. A reuni\u00e3o foi conduzida pela equipe do projeto pioneiro de assessoria &hellip;<\/p>\n","protected":false},"author":4,"featured_media":84272,"comment_status":"open","ping_status":"open","sticky":false,"template":"","format":"standard","meta":{"content-type":"","rop_custom_images_group":[],"rop_custom_messages_group":[],"rop_publish_now":"yes","rop_publish_now_accounts":{"facebook_2648258775420054_1618374048415101":""},"rop_publish_now_history":[],"rop_publish_now_status":"pending","footnotes":"","_jetpack_memberships_contains_paid_content":false},"categories":[113,109,3998],"tags":[16449,836,926,855,1197,16450,852,5414,222,185,16451,2286,1196,3994,13505,842],"yoast_head":"<!-- This site is optimized with the Yoast SEO plugin v22.3 - https:\/\/yoast.com\/wordpress\/plugins\/seo\/ -->\n<title>Em S\u00e3o Juli\u00e3o, assessorias jur\u00eddicas dos professores e da prefeitura se re\u00fanem para tratar do rateio dos precat\u00f3rios; veja! - Portal NPM<\/title>\n<meta name=\"robots\" content=\"index, follow, max-snippet:-1, max-image-preview:large, max-video-preview:-1\" \/>\n<link rel=\"canonical\" href=\"https:\/\/portalnpm.com\/index.php\/2025\/02\/03\/em-sao-juliao-assessorias-juridicas-dos-professores-e-da-prefeitura-se-reunem-para-tratar-do-rateio-dos-precatorios-veja\/\" \/>\n<meta property=\"og:locale\" content=\"pt_BR\" \/>\n<meta property=\"og:type\" content=\"article\" \/>\n<meta property=\"og:title\" content=\"Em S\u00e3o Juli\u00e3o, assessorias jur\u00eddicas dos professores e da prefeitura se re\u00fanem para tratar do rateio dos precat\u00f3rios; veja! - Portal NPM\" \/>\n<meta property=\"og:description\" content=\"As assessorias jur\u00eddicas dos professores benefici\u00e1rios e da gest\u00e3o &#8220;S\u00e3o Juli\u00e3o Para Todos&#8221; se reuniram neste s\u00e1bado, 1\u00b0 de fevereiro, para tratar do rateio dos precat\u00f3rios, sendo bastante produtiva. O projeto de lei municipal do rateio ser\u00e1 apresentado na primeira sess\u00e3o legislativa do ano. A reuni\u00e3o foi conduzida pela equipe do projeto pioneiro de assessoria &hellip;\" \/>\n<meta property=\"og:url\" content=\"https:\/\/portalnpm.com\/index.php\/2025\/02\/03\/em-sao-juliao-assessorias-juridicas-dos-professores-e-da-prefeitura-se-reunem-para-tratar-do-rateio-dos-precatorios-veja\/\" \/>\n<meta property=\"og:site_name\" content=\"Portal NPM\" \/>\n<meta property=\"article:published_time\" content=\"2025-02-03T20:40:04+00:00\" \/>\n<meta property=\"article:modified_time\" content=\"2025-02-03T20:45:13+00:00\" \/>\n<meta property=\"og:image\" content=\"https:\/\/portalnpm.com\/wp-content\/uploads\/2025\/02\/IMG-20250203-WA0202.jpg\" \/>\n\t<meta property=\"og:image:width\" content=\"1280\" \/>\n\t<meta property=\"og:image:height\" content=\"720\" \/>\n\t<meta property=\"og:image:type\" content=\"image\/jpeg\" \/>\n<meta name=\"author\" content=\"Reda\u00e7\u00e3o\" \/>\n<meta name=\"twitter:card\" content=\"summary_large_image\" \/>\n<meta name=\"twitter:label1\" content=\"Escrito por\" \/>\n\t<meta name=\"twitter:data1\" content=\"Reda\u00e7\u00e3o\" \/>\n\t<meta name=\"twitter:label2\" content=\"Est. tempo de leitura\" \/>\n\t<meta name=\"twitter:data2\" content=\"2 minutos\" \/>\n<script type=\"application\/ld+json\" class=\"yoast-schema-graph\">{\"@context\":\"https:\/\/schema.org\",\"@graph\":[{\"@type\":\"WebPage\",\"@id\":\"https:\/\/portalnpm.com\/index.php\/2025\/02\/03\/em-sao-juliao-assessorias-juridicas-dos-professores-e-da-prefeitura-se-reunem-para-tratar-do-rateio-dos-precatorios-veja\/\",\"url\":\"https:\/\/portalnpm.com\/index.php\/2025\/02\/03\/em-sao-juliao-assessorias-juridicas-dos-professores-e-da-prefeitura-se-reunem-para-tratar-do-rateio-dos-precatorios-veja\/\",\"name\":\"Em S\u00e3o Juli\u00e3o, assessorias jur\u00eddicas dos professores e da prefeitura se re\u00fanem para tratar do rateio dos precat\u00f3rios; veja! - Portal NPM\",\"isPartOf\":{\"@id\":\"https:\/\/portalnpm.com\/#website\"},\"primaryImageOfPage\":{\"@id\":\"https:\/\/portalnpm.com\/index.php\/2025\/02\/03\/em-sao-juliao-assessorias-juridicas-dos-professores-e-da-prefeitura-se-reunem-para-tratar-do-rateio-dos-precatorios-veja\/#primaryimage\"},\"image\":{\"@id\":\"https:\/\/portalnpm.com\/index.php\/2025\/02\/03\/em-sao-juliao-assessorias-juridicas-dos-professores-e-da-prefeitura-se-reunem-para-tratar-do-rateio-dos-precatorios-veja\/#primaryimage\"},\"thumbnailUrl\":\"https:\/\/portalnpm.com\/wp-content\/uploads\/2025\/02\/IMG-20250203-WA0202.jpg\",\"datePublished\":\"2025-02-03T20:40:04+00:00\",\"dateModified\":\"2025-02-03T20:45:13+00:00\",\"author\":{\"@id\":\"https:\/\/portalnpm.com\/#\/schema\/person\/0b5f230ec96cee25504fa328e7f2b733\"},\"breadcrumb\":{\"@id\":\"https:\/\/portalnpm.com\/index.php\/2025\/02\/03\/em-sao-juliao-assessorias-juridicas-dos-professores-e-da-prefeitura-se-reunem-para-tratar-do-rateio-dos-precatorios-veja\/#breadcrumb\"},\"inLanguage\":\"pt-BR\",\"potentialAction\":[{\"@type\":\"ReadAction\",\"target\":[\"https:\/\/portalnpm.com\/index.php\/2025\/02\/03\/em-sao-juliao-assessorias-juridicas-dos-professores-e-da-prefeitura-se-reunem-para-tratar-do-rateio-dos-precatorios-veja\/\"]}]},{\"@type\":\"ImageObject\",\"inLanguage\":\"pt-BR\",\"@id\":\"https:\/\/portalnpm.com\/index.php\/2025\/02\/03\/em-sao-juliao-assessorias-juridicas-dos-professores-e-da-prefeitura-se-reunem-para-tratar-do-rateio-dos-precatorios-veja\/#primaryimage\",\"url\":\"https:\/\/portalnpm.com\/wp-content\/uploads\/2025\/02\/IMG-20250203-WA0202.jpg\",\"contentUrl\":\"https:\/\/portalnpm.com\/wp-content\/uploads\/2025\/02\/IMG-20250203-WA0202.jpg\",\"width\":1280,\"height\":720},{\"@type\":\"BreadcrumbList\",\"@id\":\"https:\/\/portalnpm.com\/index.php\/2025\/02\/03\/em-sao-juliao-assessorias-juridicas-dos-professores-e-da-prefeitura-se-reunem-para-tratar-do-rateio-dos-precatorios-veja\/#breadcrumb\",\"itemListElement\":[{\"@type\":\"ListItem\",\"position\":1,\"name\":\"In\u00edcio\",\"item\":\"https:\/\/portalnpm.com\/\"},{\"@type\":\"ListItem\",\"position\":2,\"name\":\"Em S\u00e3o Juli\u00e3o, assessorias jur\u00eddicas dos professores e da prefeitura se re\u00fanem para tratar do rateio dos precat\u00f3rios; veja!\"}]},{\"@type\":\"WebSite\",\"@id\":\"https:\/\/portalnpm.com\/#website\",\"url\":\"https:\/\/portalnpm.com\/\",\"name\":\"Portal NPM\",\"description\":\"Not\u00edcias em Primeira M\u00e3o\",\"potentialAction\":[{\"@type\":\"SearchAction\",\"target\":{\"@type\":\"EntryPoint\",\"urlTemplate\":\"https:\/\/portalnpm.com\/?s={search_term_string}\"},\"query-input\":\"required name=search_term_string\"}],\"inLanguage\":\"pt-BR\"},{\"@type\":\"Person\",\"@id\":\"https:\/\/portalnpm.com\/#\/schema\/person\/0b5f230ec96cee25504fa328e7f2b733\",\"name\":\"Reda\u00e7\u00e3o\",\"image\":{\"@type\":\"ImageObject\",\"inLanguage\":\"pt-BR\",\"@id\":\"https:\/\/portalnpm.com\/#\/schema\/person\/image\/\",\"url\":\"https:\/\/portalnpm.com\/wp-content\/uploads\/2024\/03\/avatar_user_4_1710097212-96x96.png\",\"contentUrl\":\"https:\/\/portalnpm.com\/wp-content\/uploads\/2024\/03\/avatar_user_4_1710097212-96x96.png\",\"caption\":\"Reda\u00e7\u00e3o\"},\"url\":\"https:\/\/portalnpm.com\/index.php\/author\/redacao\/\"}]}<\/script>\n<!-- \/ Yoast SEO plugin. -->","yoast_head_json":{"title":"Em S\u00e3o Juli\u00e3o, assessorias jur\u00eddicas dos professores e da prefeitura se re\u00fanem para tratar do rateio dos precat\u00f3rios; veja! - Portal NPM","robots":{"index":"index","follow":"follow","max-snippet":"max-snippet:-1","max-image-preview":"max-image-preview:large","max-video-preview":"max-video-preview:-1"},"canonical":"https:\/\/portalnpm.com\/index.php\/2025\/02\/03\/em-sao-juliao-assessorias-juridicas-dos-professores-e-da-prefeitura-se-reunem-para-tratar-do-rateio-dos-precatorios-veja\/","og_locale":"pt_BR","og_type":"article","og_title":"Em S\u00e3o Juli\u00e3o, assessorias jur\u00eddicas dos professores e da prefeitura se re\u00fanem para tratar do rateio dos precat\u00f3rios; veja! - Portal NPM","og_description":"As assessorias jur\u00eddicas dos professores benefici\u00e1rios e da gest\u00e3o &#8220;S\u00e3o Juli\u00e3o Para Todos&#8221; se reuniram neste s\u00e1bado, 1\u00b0 de fevereiro, para tratar do rateio dos precat\u00f3rios, sendo bastante produtiva. O projeto de lei municipal do rateio ser\u00e1 apresentado na primeira sess\u00e3o legislativa do ano. A reuni\u00e3o foi conduzida pela equipe do projeto pioneiro de assessoria &hellip;","og_url":"https:\/\/portalnpm.com\/index.php\/2025\/02\/03\/em-sao-juliao-assessorias-juridicas-dos-professores-e-da-prefeitura-se-reunem-para-tratar-do-rateio-dos-precatorios-veja\/","og_site_name":"Portal NPM","article_published_time":"2025-02-03T20:40:04+00:00","article_modified_time":"2025-02-03T20:45:13+00:00","og_image":[{"width":1280,"height":720,"url":"https:\/\/portalnpm.com\/wp-content\/uploads\/2025\/02\/IMG-20250203-WA0202.jpg","type":"image\/jpeg"}],"author":"Reda\u00e7\u00e3o","twitter_card":"summary_large_image","twitter_misc":{"Escrito por":"Reda\u00e7\u00e3o","Est. tempo de leitura":"2 minutos"},"schema":{"@context":"https:\/\/schema.org","@graph":[{"@type":"WebPage","@id":"https:\/\/portalnpm.com\/index.php\/2025\/02\/03\/em-sao-juliao-assessorias-juridicas-dos-professores-e-da-prefeitura-se-reunem-para-tratar-do-rateio-dos-precatorios-veja\/","url":"https:\/\/portalnpm.com\/index.php\/2025\/02\/03\/em-sao-juliao-assessorias-juridicas-dos-professores-e-da-prefeitura-se-reunem-para-tratar-do-rateio-dos-precatorios-veja\/","name":"Em S\u00e3o Juli\u00e3o, assessorias jur\u00eddicas dos professores e da prefeitura se re\u00fanem para tratar do rateio dos precat\u00f3rios; veja! - Portal NPM","isPartOf":{"@id":"https:\/\/portalnpm.com\/#website"},"primaryImageOfPage":{"@id":"https:\/\/portalnpm.com\/index.php\/2025\/02\/03\/em-sao-juliao-assessorias-juridicas-dos-professores-e-da-prefeitura-se-reunem-para-tratar-do-rateio-dos-precatorios-veja\/#primaryimage"},"image":{"@id":"https:\/\/portalnpm.com\/index.php\/2025\/02\/03\/em-sao-juliao-assessorias-juridicas-dos-professores-e-da-prefeitura-se-reunem-para-tratar-do-rateio-dos-precatorios-veja\/#primaryimage"},"thumbnailUrl":"https:\/\/portalnpm.com\/wp-content\/uploads\/2025\/02\/IMG-20250203-WA0202.jpg","datePublished":"2025-02-03T20:40:04+00:00","dateModified":"2025-02-03T20:45:13+00:00","author":{"@id":"https:\/\/portalnpm.com\/#\/schema\/person\/0b5f230ec96cee25504fa328e7f2b733"},"breadcrumb":{"@id":"https:\/\/portalnpm.com\/index.php\/2025\/02\/03\/em-sao-juliao-assessorias-juridicas-dos-professores-e-da-prefeitura-se-reunem-para-tratar-do-rateio-dos-precatorios-veja\/#breadcrumb"},"inLanguage":"pt-BR","potentialAction":[{"@type":"ReadAction","target":["https:\/\/portalnpm.com\/index.php\/2025\/02\/03\/em-sao-juliao-assessorias-juridicas-dos-professores-e-da-prefeitura-se-reunem-para-tratar-do-rateio-dos-precatorios-veja\/"]}]},{"@type":"ImageObject","inLanguage":"pt-BR","@id":"https:\/\/portalnpm.com\/index.php\/2025\/02\/03\/em-sao-juliao-assessorias-juridicas-dos-professores-e-da-prefeitura-se-reunem-para-tratar-do-rateio-dos-precatorios-veja\/#primaryimage","url":"https:\/\/portalnpm.com\/wp-content\/uploads\/2025\/02\/IMG-20250203-WA0202.jpg","contentUrl":"https:\/\/portalnpm.com\/wp-content\/uploads\/2025\/02\/IMG-20250203-WA0202.jpg","width":1280,"height":720},{"@type":"BreadcrumbList","@id":"https:\/\/portalnpm.com\/index.php\/2025\/02\/03\/em-sao-juliao-assessorias-juridicas-dos-professores-e-da-prefeitura-se-reunem-para-tratar-do-rateio-dos-precatorios-veja\/#breadcrumb","itemListElement":[{"@type":"ListItem","position":1,"name":"In\u00edcio","item":"https:\/\/portalnpm.com\/"},{"@type":"ListItem","position":2,"name":"Em S\u00e3o Juli\u00e3o, assessorias jur\u00eddicas dos professores e da prefeitura se re\u00fanem para tratar do rateio dos precat\u00f3rios; veja!"}]},{"@type":"WebSite","@id":"https:\/\/portalnpm.com\/#website","url":"https:\/\/portalnpm.com\/","name":"Portal NPM","description":"Not\u00edcias em Primeira M\u00e3o","potentialAction":[{"@type":"SearchAction","target":{"@type":"EntryPoint","urlTemplate":"https:\/\/portalnpm.com\/?s={search_term_string}"},"query-input":"required name=search_term_string"}],"inLanguage":"pt-BR"},{"@type":"Person","@id":"https:\/\/portalnpm.com\/#\/schema\/person\/0b5f230ec96cee25504fa328e7f2b733","name":"Reda\u00e7\u00e3o","image":{"@type":"ImageObject","inLanguage":"pt-BR","@id":"https:\/\/portalnpm.com\/#\/schema\/person\/image\/","url":"https:\/\/portalnpm.com\/wp-content\/uploads\/2024\/03\/avatar_user_4_1710097212-96x96.png","contentUrl":"https:\/\/portalnpm.com\/wp-content\/uploads\/2024\/03\/avatar_user_4_1710097212-96x96.png","caption":"Reda\u00e7\u00e3o"},"url":"https:\/\/portalnpm.com\/index.php\/author\/redacao\/"}]}},"jetpack_sharing_enabled":true,"jetpack_featured_media_url":"https:\/\/portalnpm.com\/wp-content\/uploads\/2025\/02\/IMG-20250203-WA0202.jpg","_links":{"self":[{"href":"https:\/\/portalnpm.com\/index.php\/wp-json\/wp\/v2\/posts\/84271"}],"collection":[{"href":"https:\/\/portalnpm.com\/index.php\/wp-json\/wp\/v2\/posts"}],"about":[{"href":"https:\/\/portalnpm.com\/index.php\/wp-json\/wp\/v2\/types\/post"}],"author":[{"embeddable":true,"href":"https:\/\/portalnpm.com\/index.php\/wp-json\/wp\/v2\/users\/4"}],"replies":[{"embeddable":true,"href":"https:\/\/portalnpm.com\/index.php\/wp-json\/wp\/v2\/comments?post=84271"}],"version-history":[{"count":2,"href":"https:\/\/portalnpm.com\/index.php\/wp-json\/wp\/v2\/posts\/84271\/revisions"}],"predecessor-version":[{"id":84276,"href":"https:\/\/portalnpm.com\/index.php\/wp-json\/wp\/v2\/posts\/84271\/revisions\/84276"}],"wp:featuredmedia":[{"embeddable":true,"href":"https:\/\/portalnpm.com\/index.php\/wp-json\/wp\/v2\/media\/84272"}],"wp:attachment":[{"href":"https:\/\/portalnpm.com\/index.php\/wp-json\/wp\/v2\/media?parent=84271"}],"wp:term":[{"taxonomy":"category","embeddable":true,"href":"https:\/\/portalnpm.com\/index.php\/wp-json\/wp\/v2\/categories?post=84271"},{"taxonomy":"post_tag","embeddable":true,"href":"https:\/\/portalnpm.com\/index.php\/wp-json\/wp\/v2\/tags?post=84271"}],"curies":[{"name":"wp","href":"https:\/\/api.w.org\/{rel}","templated":true}]}}