{"id":84289,"date":"2025-02-04T10:55:47","date_gmt":"2025-02-04T13:55:47","guid":{"rendered":"https:\/\/portalnpm.com\/?p=84289"},"modified":"2025-02-04T10:56:20","modified_gmt":"2025-02-04T13:56:20","slug":"novo-voo-com-deportados-dos-eua-deve-chegar-na-sexta-em-fortaleza","status":"publish","type":"post","link":"https:\/\/portalnpm.com\/index.php\/2025\/02\/04\/novo-voo-com-deportados-dos-eua-deve-chegar-na-sexta-em-fortaleza\/","title":{"rendered":"Novo voo com deportados dos EUA deve chegar na sexta em Fortaleza"},"content":{"rendered":"<p><strong>Um novo voo fretado com <\/strong><strong>brasileiros deportados<\/strong><strong> dos EUA deve chegar na pr\u00f3xima sexta (7), no Aeroporto de Fortaleza,\u00a0<\/strong>em vez de Belo Horizonte, como era feito anteriormente. A mudan\u00e7a visa evitar que os passageiros permane\u00e7am algemados durante o sobrevoo do territ\u00f3rio nacional, ap\u00f3s pol\u00eamicas envolvendo a repatria\u00e7\u00e3o de imigrantes. O n\u00famero de deportados que chegar\u00e3o neste voo, previsto para sexta-feira (7), ainda n\u00e3o foi divulgado.<\/p>\n<h3>O QUE ACONTECEU<\/h3>\n<p><strong>A decis\u00e3o foi sugerida pelo <\/strong><strong>presidente Lula (PT)<\/strong><strong>\u00a0<\/strong>durante reuni\u00e3o no <strong>Minist\u00e9rio das Rela\u00e7\u00f5es Exteriores<\/strong> nesta segunda (3). O governo brasileiro reagiu ap\u00f3s a chegada do primeiro voo desse tipo no \u00faltimo dia 24, quando 88 brasileiros desembarcaram algemados em Manaus, o que gerou protestos contra o que foi classificado como \u201cuso indiscriminado de algemas\u201d.<\/p>\n<h3>RECEP\u00c7\u00c3O<\/h3>\n<p>Nesta ter\u00e7a (4), <strong>representantes do governo federal e autoridades do Cear\u00e1 devem se reunir para definir a log\u00edstica de recep\u00e7\u00e3o dos deportados em Fortaleza<\/strong>. A reuni\u00e3o tamb\u00e9m discutir\u00e1 se essa mudan\u00e7a ser\u00e1 permanente ou aplicada apenas ao voo desta sexta-feira.<\/p>\n<h3>PROCESSO<\/h3>\n<p>Segundo a<strong>\u00a0<\/strong><strong>Pol\u00edcia Federal<\/strong>, o uso de algemas \u00e9 uma pr\u00e1tica comum nos voos fretados dos EUA para deporta\u00e7\u00e3o de imigrantes. No entanto, o protocolo prev\u00ea que elas sejam retiradas ao chegar ao Brasil, o que n\u00e3o ocorreu no \u00faltimo voo. Diante da repercuss\u00e3o, a altera\u00e7\u00e3o no local de chegada busca garantir que os deportados possam desembarcar sem o equipamento de conten\u00e7\u00e3o.<\/p>\n<h3>BUSCA DE DI\u00c1LOGO<\/h3>\n<p>O governo brasileiro refor\u00e7ou sua posi\u00e7\u00e3o contr\u00e1ria \u00e0 condu\u00e7\u00e3o de deportados algemados e tem buscado di\u00e1logo com as autoridades norte-americanas para evitar que situa\u00e7\u00f5es semelhantes se repitam. O novo desembarque em Fortaleza permitir\u00e1 que os imigrantes sejam liberados de forma mais digna antes de seguirem para seus destinos finais.<\/p>\n<p><strong>Fonte<\/strong>: Meio Norte<\/p>\n","protected":false},"excerpt":{"rendered":"<p>Um novo voo fretado com brasileiros deportados dos EUA deve chegar na pr\u00f3xima sexta (7), no Aeroporto de Fortaleza,\u00a0em vez de Belo Horizonte, como era feito anteriormente. A mudan\u00e7a visa evitar que os passageiros permane\u00e7am algemados durante o sobrevoo do territ\u00f3rio nacional, ap\u00f3s pol\u00eamicas envolvendo a repatria\u00e7\u00e3o de imigrantes. O n\u00famero de deportados que chegar\u00e3o &hellip;<\/p>\n","protected":false},"author":8,"featured_media":84290,"comment_status":"open","ping_status":"open","sticky":false,"template":"","format":"standard","meta":{"content-type":"","rop_custom_images_group":[],"rop_custom_messages_group":[],"rop_publish_now":"yes","rop_publish_now_accounts":{"facebook_2648258775420054_1618374048415101":""},"rop_publish_now_history":[],"rop_publish_now_status":"pending","footnotes":"","_jetpack_memberships_contains_paid_content":false},"categories":[113,130],"tags":[1205,16430,4997,926,855,900,1063,911,1105,12416,13514],"yoast_head":"<!-- This site is optimized with the Yoast SEO plugin v22.3 - https:\/\/yoast.com\/wordpress\/plugins\/seo\/ -->\n<title>Novo voo com deportados dos EUA deve chegar na sexta em Fortaleza - Portal NPM<\/title>\n<meta name=\"robots\" content=\"index, follow, max-snippet:-1, max-image-preview:large, max-video-preview:-1\" \/>\n<link rel=\"canonical\" href=\"https:\/\/portalnpm.com\/index.php\/2025\/02\/04\/novo-voo-com-deportados-dos-eua-deve-chegar-na-sexta-em-fortaleza\/\" \/>\n<meta property=\"og:locale\" content=\"pt_BR\" \/>\n<meta property=\"og:type\" content=\"article\" \/>\n<meta property=\"og:title\" content=\"Novo voo com deportados dos EUA deve chegar na sexta em Fortaleza - Portal NPM\" \/>\n<meta property=\"og:description\" content=\"Um novo voo fretado com brasileiros deportados dos EUA deve chegar na pr\u00f3xima sexta (7), no Aeroporto de Fortaleza,\u00a0em vez de Belo Horizonte, como era feito anteriormente. A mudan\u00e7a visa evitar que os passageiros permane\u00e7am algemados durante o sobrevoo do territ\u00f3rio nacional, ap\u00f3s pol\u00eamicas envolvendo a repatria\u00e7\u00e3o de imigrantes. O n\u00famero de deportados que chegar\u00e3o &hellip;\" \/>\n<meta property=\"og:url\" content=\"https:\/\/portalnpm.com\/index.php\/2025\/02\/04\/novo-voo-com-deportados-dos-eua-deve-chegar-na-sexta-em-fortaleza\/\" \/>\n<meta property=\"og:site_name\" content=\"Portal NPM\" \/>\n<meta property=\"article:published_time\" content=\"2025-02-04T13:55:47+00:00\" \/>\n<meta property=\"article:modified_time\" content=\"2025-02-04T13:56:20+00:00\" \/>\n<meta property=\"og:image\" content=\"https:\/\/portalnpm.com\/wp-content\/uploads\/2025\/02\/IMG_6645.webp\" \/>\n\t<meta property=\"og:image:width\" content=\"912\" \/>\n\t<meta property=\"og:image:height\" content=\"600\" \/>\n\t<meta property=\"og:image:type\" content=\"image\/webp\" \/>\n<meta name=\"author\" content=\"Zenilton Lima\" \/>\n<meta name=\"twitter:card\" content=\"summary_large_image\" \/>\n<meta name=\"twitter:label1\" content=\"Escrito por\" \/>\n\t<meta name=\"twitter:data1\" content=\"Zenilton Lima\" \/>\n\t<meta name=\"twitter:label2\" content=\"Est. tempo de leitura\" \/>\n\t<meta name=\"twitter:data2\" content=\"2 minutos\" \/>\n<script type=\"application\/ld+json\" class=\"yoast-schema-graph\">{\"@context\":\"https:\/\/schema.org\",\"@graph\":[{\"@type\":\"WebPage\",\"@id\":\"https:\/\/portalnpm.com\/index.php\/2025\/02\/04\/novo-voo-com-deportados-dos-eua-deve-chegar-na-sexta-em-fortaleza\/\",\"url\":\"https:\/\/portalnpm.com\/index.php\/2025\/02\/04\/novo-voo-com-deportados-dos-eua-deve-chegar-na-sexta-em-fortaleza\/\",\"name\":\"Novo voo com deportados dos EUA deve chegar na sexta em Fortaleza - Portal NPM\",\"isPartOf\":{\"@id\":\"https:\/\/portalnpm.com\/#website\"},\"primaryImageOfPage\":{\"@id\":\"https:\/\/portalnpm.com\/index.php\/2025\/02\/04\/novo-voo-com-deportados-dos-eua-deve-chegar-na-sexta-em-fortaleza\/#primaryimage\"},\"image\":{\"@id\":\"https:\/\/portalnpm.com\/index.php\/2025\/02\/04\/novo-voo-com-deportados-dos-eua-deve-chegar-na-sexta-em-fortaleza\/#primaryimage\"},\"thumbnailUrl\":\"https:\/\/portalnpm.com\/wp-content\/uploads\/2025\/02\/IMG_6645.webp\",\"datePublished\":\"2025-02-04T13:55:47+00:00\",\"dateModified\":\"2025-02-04T13:56:20+00:00\",\"author\":{\"@id\":\"https:\/\/portalnpm.com\/#\/schema\/person\/35cb55186eae3f074b6783da6d35591e\"},\"breadcrumb\":{\"@id\":\"https:\/\/portalnpm.com\/index.php\/2025\/02\/04\/novo-voo-com-deportados-dos-eua-deve-chegar-na-sexta-em-fortaleza\/#breadcrumb\"},\"inLanguage\":\"pt-BR\",\"potentialAction\":[{\"@type\":\"ReadAction\",\"target\":[\"https:\/\/portalnpm.com\/index.php\/2025\/02\/04\/novo-voo-com-deportados-dos-eua-deve-chegar-na-sexta-em-fortaleza\/\"]}]},{\"@type\":\"ImageObject\",\"inLanguage\":\"pt-BR\",\"@id\":\"https:\/\/portalnpm.com\/index.php\/2025\/02\/04\/novo-voo-com-deportados-dos-eua-deve-chegar-na-sexta-em-fortaleza\/#primaryimage\",\"url\":\"https:\/\/portalnpm.com\/wp-content\/uploads\/2025\/02\/IMG_6645.webp\",\"contentUrl\":\"https:\/\/portalnpm.com\/wp-content\/uploads\/2025\/02\/IMG_6645.webp\",\"width\":912,\"height\":600,\"caption\":\"Segundo voo com deportados deve chegar na sexta, 7 | Reprodu\u00e7\u00e3o\"},{\"@type\":\"BreadcrumbList\",\"@id\":\"https:\/\/portalnpm.com\/index.php\/2025\/02\/04\/novo-voo-com-deportados-dos-eua-deve-chegar-na-sexta-em-fortaleza\/#breadcrumb\",\"itemListElement\":[{\"@type\":\"ListItem\",\"position\":1,\"name\":\"In\u00edcio\",\"item\":\"https:\/\/portalnpm.com\/\"},{\"@type\":\"ListItem\",\"position\":2,\"name\":\"Novo voo com deportados dos EUA deve chegar na sexta em Fortaleza\"}]},{\"@type\":\"WebSite\",\"@id\":\"https:\/\/portalnpm.com\/#website\",\"url\":\"https:\/\/portalnpm.com\/\",\"name\":\"Portal NPM\",\"description\":\"Not\u00edcias em Primeira M\u00e3o\",\"potentialAction\":[{\"@type\":\"SearchAction\",\"target\":{\"@type\":\"EntryPoint\",\"urlTemplate\":\"https:\/\/portalnpm.com\/?s={search_term_string}\"},\"query-input\":\"required name=search_term_string\"}],\"inLanguage\":\"pt-BR\"},{\"@type\":\"Person\",\"@id\":\"https:\/\/portalnpm.com\/#\/schema\/person\/35cb55186eae3f074b6783da6d35591e\",\"name\":\"Zenilton Lima\",\"image\":{\"@type\":\"ImageObject\",\"inLanguage\":\"pt-BR\",\"@id\":\"https:\/\/portalnpm.com\/#\/schema\/person\/image\/\",\"url\":\"https:\/\/portalnpm.com\/wp-content\/uploads\/2024\/12\/avatar_user_8_1733658137-96x96.jpeg\",\"contentUrl\":\"https:\/\/portalnpm.com\/wp-content\/uploads\/2024\/12\/avatar_user_8_1733658137-96x96.jpeg\",\"caption\":\"Zenilton Lima\"},\"url\":\"https:\/\/portalnpm.com\/index.php\/author\/zenilton\/\"}]}<\/script>\n<!-- \/ Yoast SEO plugin. -->","yoast_head_json":{"title":"Novo voo com deportados dos EUA deve chegar na sexta em Fortaleza - Portal NPM","robots":{"index":"index","follow":"follow","max-snippet":"max-snippet:-1","max-image-preview":"max-image-preview:large","max-video-preview":"max-video-preview:-1"},"canonical":"https:\/\/portalnpm.com\/index.php\/2025\/02\/04\/novo-voo-com-deportados-dos-eua-deve-chegar-na-sexta-em-fortaleza\/","og_locale":"pt_BR","og_type":"article","og_title":"Novo voo com deportados dos EUA deve chegar na sexta em Fortaleza - Portal NPM","og_description":"Um novo voo fretado com brasileiros deportados dos EUA deve chegar na pr\u00f3xima sexta (7), no Aeroporto de Fortaleza,\u00a0em vez de Belo Horizonte, como era feito anteriormente. A mudan\u00e7a visa evitar que os passageiros permane\u00e7am algemados durante o sobrevoo do territ\u00f3rio nacional, ap\u00f3s pol\u00eamicas envolvendo a repatria\u00e7\u00e3o de imigrantes. O n\u00famero de deportados que chegar\u00e3o &hellip;","og_url":"https:\/\/portalnpm.com\/index.php\/2025\/02\/04\/novo-voo-com-deportados-dos-eua-deve-chegar-na-sexta-em-fortaleza\/","og_site_name":"Portal NPM","article_published_time":"2025-02-04T13:55:47+00:00","article_modified_time":"2025-02-04T13:56:20+00:00","og_image":[{"width":912,"height":600,"url":"https:\/\/portalnpm.com\/wp-content\/uploads\/2025\/02\/IMG_6645.webp","type":"image\/webp"}],"author":"Zenilton Lima","twitter_card":"summary_large_image","twitter_misc":{"Escrito por":"Zenilton Lima","Est. tempo de leitura":"2 minutos"},"schema":{"@context":"https:\/\/schema.org","@graph":[{"@type":"WebPage","@id":"https:\/\/portalnpm.com\/index.php\/2025\/02\/04\/novo-voo-com-deportados-dos-eua-deve-chegar-na-sexta-em-fortaleza\/","url":"https:\/\/portalnpm.com\/index.php\/2025\/02\/04\/novo-voo-com-deportados-dos-eua-deve-chegar-na-sexta-em-fortaleza\/","name":"Novo voo com deportados dos EUA deve chegar na sexta em Fortaleza - Portal NPM","isPartOf":{"@id":"https:\/\/portalnpm.com\/#website"},"primaryImageOfPage":{"@id":"https:\/\/portalnpm.com\/index.php\/2025\/02\/04\/novo-voo-com-deportados-dos-eua-deve-chegar-na-sexta-em-fortaleza\/#primaryimage"},"image":{"@id":"https:\/\/portalnpm.com\/index.php\/2025\/02\/04\/novo-voo-com-deportados-dos-eua-deve-chegar-na-sexta-em-fortaleza\/#primaryimage"},"thumbnailUrl":"https:\/\/portalnpm.com\/wp-content\/uploads\/2025\/02\/IMG_6645.webp","datePublished":"2025-02-04T13:55:47+00:00","dateModified":"2025-02-04T13:56:20+00:00","author":{"@id":"https:\/\/portalnpm.com\/#\/schema\/person\/35cb55186eae3f074b6783da6d35591e"},"breadcrumb":{"@id":"https:\/\/portalnpm.com\/index.php\/2025\/02\/04\/novo-voo-com-deportados-dos-eua-deve-chegar-na-sexta-em-fortaleza\/#breadcrumb"},"inLanguage":"pt-BR","potentialAction":[{"@type":"ReadAction","target":["https:\/\/portalnpm.com\/index.php\/2025\/02\/04\/novo-voo-com-deportados-dos-eua-deve-chegar-na-sexta-em-fortaleza\/"]}]},{"@type":"ImageObject","inLanguage":"pt-BR","@id":"https:\/\/portalnpm.com\/index.php\/2025\/02\/04\/novo-voo-com-deportados-dos-eua-deve-chegar-na-sexta-em-fortaleza\/#primaryimage","url":"https:\/\/portalnpm.com\/wp-content\/uploads\/2025\/02\/IMG_6645.webp","contentUrl":"https:\/\/portalnpm.com\/wp-content\/uploads\/2025\/02\/IMG_6645.webp","width":912,"height":600,"caption":"Segundo voo com deportados deve chegar na sexta, 7 | Reprodu\u00e7\u00e3o"},{"@type":"BreadcrumbList","@id":"https:\/\/portalnpm.com\/index.php\/2025\/02\/04\/novo-voo-com-deportados-dos-eua-deve-chegar-na-sexta-em-fortaleza\/#breadcrumb","itemListElement":[{"@type":"ListItem","position":1,"name":"In\u00edcio","item":"https:\/\/portalnpm.com\/"},{"@type":"ListItem","position":2,"name":"Novo voo com deportados dos EUA deve chegar na sexta em Fortaleza"}]},{"@type":"WebSite","@id":"https:\/\/portalnpm.com\/#website","url":"https:\/\/portalnpm.com\/","name":"Portal NPM","description":"Not\u00edcias em Primeira M\u00e3o","potentialAction":[{"@type":"SearchAction","target":{"@type":"EntryPoint","urlTemplate":"https:\/\/portalnpm.com\/?s={search_term_string}"},"query-input":"required name=search_term_string"}],"inLanguage":"pt-BR"},{"@type":"Person","@id":"https:\/\/portalnpm.com\/#\/schema\/person\/35cb55186eae3f074b6783da6d35591e","name":"Zenilton Lima","image":{"@type":"ImageObject","inLanguage":"pt-BR","@id":"https:\/\/portalnpm.com\/#\/schema\/person\/image\/","url":"https:\/\/portalnpm.com\/wp-content\/uploads\/2024\/12\/avatar_user_8_1733658137-96x96.jpeg","contentUrl":"https:\/\/portalnpm.com\/wp-content\/uploads\/2024\/12\/avatar_user_8_1733658137-96x96.jpeg","caption":"Zenilton Lima"},"url":"https:\/\/portalnpm.com\/index.php\/author\/zenilton\/"}]}},"jetpack_sharing_enabled":true,"jetpack_featured_media_url":"https:\/\/portalnpm.com\/wp-content\/uploads\/2025\/02\/IMG_6645.webp","_links":{"self":[{"href":"https:\/\/portalnpm.com\/index.php\/wp-json\/wp\/v2\/posts\/84289"}],"collection":[{"href":"https:\/\/portalnpm.com\/index.php\/wp-json\/wp\/v2\/posts"}],"about":[{"href":"https:\/\/portalnpm.com\/index.php\/wp-json\/wp\/v2\/types\/post"}],"author":[{"embeddable":true,"href":"https:\/\/portalnpm.com\/index.php\/wp-json\/wp\/v2\/users\/8"}],"replies":[{"embeddable":true,"href":"https:\/\/portalnpm.com\/index.php\/wp-json\/wp\/v2\/comments?post=84289"}],"version-history":[{"count":1,"href":"https:\/\/portalnpm.com\/index.php\/wp-json\/wp\/v2\/posts\/84289\/revisions"}],"predecessor-version":[{"id":84291,"href":"https:\/\/portalnpm.com\/index.php\/wp-json\/wp\/v2\/posts\/84289\/revisions\/84291"}],"wp:featuredmedia":[{"embeddable":true,"href":"https:\/\/portalnpm.com\/index.php\/wp-json\/wp\/v2\/media\/84290"}],"wp:attachment":[{"href":"https:\/\/portalnpm.com\/index.php\/wp-json\/wp\/v2\/media?parent=84289"}],"wp:term":[{"taxonomy":"category","embeddable":true,"href":"https:\/\/portalnpm.com\/index.php\/wp-json\/wp\/v2\/categories?post=84289"},{"taxonomy":"post_tag","embeddable":true,"href":"https:\/\/portalnpm.com\/index.php\/wp-json\/wp\/v2\/tags?post=84289"}],"curies":[{"name":"wp","href":"https:\/\/api.w.org\/{rel}","templated":true}]}}