{"id":84313,"date":"2025-02-04T20:05:54","date_gmt":"2025-02-04T23:05:54","guid":{"rendered":"https:\/\/portalnpm.com\/?p=84313"},"modified":"2025-02-04T20:05:54","modified_gmt":"2025-02-04T23:05:54","slug":"admaelton-bezerra-toma-posse-como-presidente-da-appm","status":"publish","type":"post","link":"https:\/\/portalnpm.com\/index.php\/2025\/02\/04\/admaelton-bezerra-toma-posse-como-presidente-da-appm\/","title":{"rendered":"Admaelton Bezerra toma posse como presidente da APPM"},"content":{"rendered":"<p>Na manh\u00e3 desta ter\u00e7a-feira (04\/02), o prefeito de S\u00e3o Jos\u00e9 do Piau\u00ed, Admaelton Bezerra (MDB), tomou posse como novo presidente da Associa\u00e7\u00e3o Piauiense de Munic\u00edpios (APPM). Ele e os demais membros da mesa diretora foram eleitos no in\u00edcio de janeiro para comandar a institui\u00e7\u00e3o no bi\u00eanio 2025-2026.<\/p>\n<p>A cerim\u00f4nia foi realizada na sede da institui\u00e7\u00e3o. O evento reuniu uma grande quantidade de prefeitos piauienses, al\u00e9m de deputados estaduais, federais, senadores, secret\u00e1rios de Estado e representantes de diversas entidades.<\/p>\n<p>Admaelton Bezerra destacou a import\u00e2ncia do di\u00e1logo e da uni\u00e3o entre os gestores municipais para enfrentar os desafios da nova gest\u00e3o.<\/p>\n<div class=\"big-image-noticia\"><span class=\"credit\">Foto: James Rodrigues<\/span><img fetchpriority=\"high\" decoding=\"async\" src=\"https:\/\/conectapiaui.com.br\/media\/image_bank\/2025\/2\/thumbs\/admaelton-bezerra-presidente-appm.jpeg.1200x0_q95_crop.webp\" alt=\"Admaelton Bezerra, presidente APPM\" width=\"1200\" height=\"675\" \/><\/p>\n<div class=\"legend\">Admaelton Bezerra, presidente APPM<\/div>\n<div><\/div>\n<\/div>\n<p>&#8220;Acredito que tudo vai dar certo, pois estamos com um grupo de prefeitos e prefeitas do Piau\u00ed que tem muito di\u00e1logo e grande for\u00e7a de vontade para trabalhar. J\u00e1 havia algumas pautas em andamento, como o conv\u00eanio entre a Pol\u00edcia Militar, a Secretaria de Seguran\u00e7a P\u00fablica e os munic\u00edpios, que j\u00e1 foi resolvido. Agora, vamos tratar com o governador sobre o cofinanciamento, um recurso destinado aos munic\u00edpios que possuem hospitais de pequeno porte. Esse encontro est\u00e1 previsto para a semana do dia 17. Al\u00e9m disso, iremos a Bras\u00edlia para discutir a PEC 66, que trata do parcelamento dos precat\u00f3rios&#8221;, ressaltou.<\/p>\n<p><strong>Gratid\u00e3o<\/strong><\/p>\n<p>&#8220;O sentimento \u00e9 de gratid\u00e3o. Temos um grupo de prefeitos que compreendeu nossa mensagem, e essa foi uma candidatura de consenso. Hoje, os prefeitos e prefeitas do Piau\u00ed est\u00e3o unidos pelo fortalecimento do municipalismo, e seguiremos juntos com esse prop\u00f3sito&#8221;, afirmou o presidente da APPM.<\/p>\n<p><strong>Fonte: Conecta Piau\u00ed<\/strong><\/p>\n","protected":false},"excerpt":{"rendered":"<p>Na manh\u00e3 desta ter\u00e7a-feira (04\/02), o prefeito de S\u00e3o Jos\u00e9 do Piau\u00ed, Admaelton Bezerra (MDB), tomou posse como novo presidente da Associa\u00e7\u00e3o Piauiense de Munic\u00edpios (APPM). Ele e os demais membros da mesa diretora foram eleitos no in\u00edcio de janeiro para comandar a institui\u00e7\u00e3o no bi\u00eanio 2025-2026. A cerim\u00f4nia foi realizada na sede da institui\u00e7\u00e3o. &hellip;<\/p>\n","protected":false},"author":4,"featured_media":84314,"comment_status":"open","ping_status":"open","sticky":false,"template":"","format":"standard","meta":{"content-type":"","rop_custom_images_group":[],"rop_custom_messages_group":[],"rop_publish_now":"yes","rop_publish_now_accounts":{"facebook_2648258775420054_1618374048415101":""},"rop_publish_now_history":[],"rop_publish_now_status":"pending","footnotes":"","_jetpack_memberships_contains_paid_content":false},"categories":[109,188],"tags":[16372,1529,3476,1151,836,1643,702,10264],"yoast_head":"<!-- This site is optimized with the Yoast SEO plugin v22.3 - https:\/\/yoast.com\/wordpress\/plugins\/seo\/ -->\n<title>Admaelton Bezerra toma posse como presidente da APPM - Portal NPM<\/title>\n<meta name=\"robots\" content=\"index, follow, max-snippet:-1, max-image-preview:large, max-video-preview:-1\" \/>\n<link rel=\"canonical\" href=\"https:\/\/portalnpm.com\/index.php\/2025\/02\/04\/admaelton-bezerra-toma-posse-como-presidente-da-appm\/\" \/>\n<meta property=\"og:locale\" content=\"pt_BR\" \/>\n<meta property=\"og:type\" content=\"article\" \/>\n<meta property=\"og:title\" content=\"Admaelton Bezerra toma posse como presidente da APPM - Portal NPM\" \/>\n<meta property=\"og:description\" content=\"Na manh\u00e3 desta ter\u00e7a-feira (04\/02), o prefeito de S\u00e3o Jos\u00e9 do Piau\u00ed, Admaelton Bezerra (MDB), tomou posse como novo presidente da Associa\u00e7\u00e3o Piauiense de Munic\u00edpios (APPM). Ele e os demais membros da mesa diretora foram eleitos no in\u00edcio de janeiro para comandar a institui\u00e7\u00e3o no bi\u00eanio 2025-2026. A cerim\u00f4nia foi realizada na sede da institui\u00e7\u00e3o. &hellip;\" \/>\n<meta property=\"og:url\" content=\"https:\/\/portalnpm.com\/index.php\/2025\/02\/04\/admaelton-bezerra-toma-posse-como-presidente-da-appm\/\" \/>\n<meta property=\"og:site_name\" content=\"Portal NPM\" \/>\n<meta property=\"article:published_time\" content=\"2025-02-04T23:05:54+00:00\" \/>\n<meta property=\"og:image\" content=\"https:\/\/portalnpm.com\/wp-content\/uploads\/2025\/02\/admaelton-bezerra-presidente-appm.jpeg.1200x0_q95_crop.webp\" \/>\n\t<meta property=\"og:image:width\" content=\"1200\" \/>\n\t<meta property=\"og:image:height\" content=\"675\" \/>\n\t<meta property=\"og:image:type\" content=\"image\/webp\" \/>\n<meta name=\"author\" content=\"Reda\u00e7\u00e3o\" \/>\n<meta name=\"twitter:card\" content=\"summary_large_image\" \/>\n<meta name=\"twitter:label1\" content=\"Escrito por\" \/>\n\t<meta name=\"twitter:data1\" content=\"Reda\u00e7\u00e3o\" \/>\n\t<meta name=\"twitter:label2\" content=\"Est. tempo de leitura\" \/>\n\t<meta name=\"twitter:data2\" content=\"2 minutos\" \/>\n<script type=\"application\/ld+json\" class=\"yoast-schema-graph\">{\"@context\":\"https:\/\/schema.org\",\"@graph\":[{\"@type\":\"WebPage\",\"@id\":\"https:\/\/portalnpm.com\/index.php\/2025\/02\/04\/admaelton-bezerra-toma-posse-como-presidente-da-appm\/\",\"url\":\"https:\/\/portalnpm.com\/index.php\/2025\/02\/04\/admaelton-bezerra-toma-posse-como-presidente-da-appm\/\",\"name\":\"Admaelton Bezerra toma posse como presidente da APPM - Portal NPM\",\"isPartOf\":{\"@id\":\"https:\/\/portalnpm.com\/#website\"},\"primaryImageOfPage\":{\"@id\":\"https:\/\/portalnpm.com\/index.php\/2025\/02\/04\/admaelton-bezerra-toma-posse-como-presidente-da-appm\/#primaryimage\"},\"image\":{\"@id\":\"https:\/\/portalnpm.com\/index.php\/2025\/02\/04\/admaelton-bezerra-toma-posse-como-presidente-da-appm\/#primaryimage\"},\"thumbnailUrl\":\"https:\/\/portalnpm.com\/wp-content\/uploads\/2025\/02\/admaelton-bezerra-presidente-appm.jpeg.1200x0_q95_crop.webp\",\"datePublished\":\"2025-02-04T23:05:54+00:00\",\"dateModified\":\"2025-02-04T23:05:54+00:00\",\"author\":{\"@id\":\"https:\/\/portalnpm.com\/#\/schema\/person\/0b5f230ec96cee25504fa328e7f2b733\"},\"breadcrumb\":{\"@id\":\"https:\/\/portalnpm.com\/index.php\/2025\/02\/04\/admaelton-bezerra-toma-posse-como-presidente-da-appm\/#breadcrumb\"},\"inLanguage\":\"pt-BR\",\"potentialAction\":[{\"@type\":\"ReadAction\",\"target\":[\"https:\/\/portalnpm.com\/index.php\/2025\/02\/04\/admaelton-bezerra-toma-posse-como-presidente-da-appm\/\"]}]},{\"@type\":\"ImageObject\",\"inLanguage\":\"pt-BR\",\"@id\":\"https:\/\/portalnpm.com\/index.php\/2025\/02\/04\/admaelton-bezerra-toma-posse-como-presidente-da-appm\/#primaryimage\",\"url\":\"https:\/\/portalnpm.com\/wp-content\/uploads\/2025\/02\/admaelton-bezerra-presidente-appm.jpeg.1200x0_q95_crop.webp\",\"contentUrl\":\"https:\/\/portalnpm.com\/wp-content\/uploads\/2025\/02\/admaelton-bezerra-presidente-appm.jpeg.1200x0_q95_crop.webp\",\"width\":1200,\"height\":675},{\"@type\":\"BreadcrumbList\",\"@id\":\"https:\/\/portalnpm.com\/index.php\/2025\/02\/04\/admaelton-bezerra-toma-posse-como-presidente-da-appm\/#breadcrumb\",\"itemListElement\":[{\"@type\":\"ListItem\",\"position\":1,\"name\":\"In\u00edcio\",\"item\":\"https:\/\/portalnpm.com\/\"},{\"@type\":\"ListItem\",\"position\":2,\"name\":\"Admaelton Bezerra toma posse como presidente da APPM\"}]},{\"@type\":\"WebSite\",\"@id\":\"https:\/\/portalnpm.com\/#website\",\"url\":\"https:\/\/portalnpm.com\/\",\"name\":\"Portal NPM\",\"description\":\"Not\u00edcias em Primeira M\u00e3o\",\"potentialAction\":[{\"@type\":\"SearchAction\",\"target\":{\"@type\":\"EntryPoint\",\"urlTemplate\":\"https:\/\/portalnpm.com\/?s={search_term_string}\"},\"query-input\":\"required name=search_term_string\"}],\"inLanguage\":\"pt-BR\"},{\"@type\":\"Person\",\"@id\":\"https:\/\/portalnpm.com\/#\/schema\/person\/0b5f230ec96cee25504fa328e7f2b733\",\"name\":\"Reda\u00e7\u00e3o\",\"image\":{\"@type\":\"ImageObject\",\"inLanguage\":\"pt-BR\",\"@id\":\"https:\/\/portalnpm.com\/#\/schema\/person\/image\/\",\"url\":\"https:\/\/portalnpm.com\/wp-content\/uploads\/2024\/03\/avatar_user_4_1710097212-96x96.png\",\"contentUrl\":\"https:\/\/portalnpm.com\/wp-content\/uploads\/2024\/03\/avatar_user_4_1710097212-96x96.png\",\"caption\":\"Reda\u00e7\u00e3o\"},\"url\":\"https:\/\/portalnpm.com\/index.php\/author\/redacao\/\"}]}<\/script>\n<!-- \/ Yoast SEO plugin. -->","yoast_head_json":{"title":"Admaelton Bezerra toma posse como presidente da APPM - Portal NPM","robots":{"index":"index","follow":"follow","max-snippet":"max-snippet:-1","max-image-preview":"max-image-preview:large","max-video-preview":"max-video-preview:-1"},"canonical":"https:\/\/portalnpm.com\/index.php\/2025\/02\/04\/admaelton-bezerra-toma-posse-como-presidente-da-appm\/","og_locale":"pt_BR","og_type":"article","og_title":"Admaelton Bezerra toma posse como presidente da APPM - Portal NPM","og_description":"Na manh\u00e3 desta ter\u00e7a-feira (04\/02), o prefeito de S\u00e3o Jos\u00e9 do Piau\u00ed, Admaelton Bezerra (MDB), tomou posse como novo presidente da Associa\u00e7\u00e3o Piauiense de Munic\u00edpios (APPM). Ele e os demais membros da mesa diretora foram eleitos no in\u00edcio de janeiro para comandar a institui\u00e7\u00e3o no bi\u00eanio 2025-2026. A cerim\u00f4nia foi realizada na sede da institui\u00e7\u00e3o. &hellip;","og_url":"https:\/\/portalnpm.com\/index.php\/2025\/02\/04\/admaelton-bezerra-toma-posse-como-presidente-da-appm\/","og_site_name":"Portal NPM","article_published_time":"2025-02-04T23:05:54+00:00","og_image":[{"width":1200,"height":675,"url":"https:\/\/portalnpm.com\/wp-content\/uploads\/2025\/02\/admaelton-bezerra-presidente-appm.jpeg.1200x0_q95_crop.webp","type":"image\/webp"}],"author":"Reda\u00e7\u00e3o","twitter_card":"summary_large_image","twitter_misc":{"Escrito por":"Reda\u00e7\u00e3o","Est. tempo de leitura":"2 minutos"},"schema":{"@context":"https:\/\/schema.org","@graph":[{"@type":"WebPage","@id":"https:\/\/portalnpm.com\/index.php\/2025\/02\/04\/admaelton-bezerra-toma-posse-como-presidente-da-appm\/","url":"https:\/\/portalnpm.com\/index.php\/2025\/02\/04\/admaelton-bezerra-toma-posse-como-presidente-da-appm\/","name":"Admaelton Bezerra toma posse como presidente da APPM - Portal NPM","isPartOf":{"@id":"https:\/\/portalnpm.com\/#website"},"primaryImageOfPage":{"@id":"https:\/\/portalnpm.com\/index.php\/2025\/02\/04\/admaelton-bezerra-toma-posse-como-presidente-da-appm\/#primaryimage"},"image":{"@id":"https:\/\/portalnpm.com\/index.php\/2025\/02\/04\/admaelton-bezerra-toma-posse-como-presidente-da-appm\/#primaryimage"},"thumbnailUrl":"https:\/\/portalnpm.com\/wp-content\/uploads\/2025\/02\/admaelton-bezerra-presidente-appm.jpeg.1200x0_q95_crop.webp","datePublished":"2025-02-04T23:05:54+00:00","dateModified":"2025-02-04T23:05:54+00:00","author":{"@id":"https:\/\/portalnpm.com\/#\/schema\/person\/0b5f230ec96cee25504fa328e7f2b733"},"breadcrumb":{"@id":"https:\/\/portalnpm.com\/index.php\/2025\/02\/04\/admaelton-bezerra-toma-posse-como-presidente-da-appm\/#breadcrumb"},"inLanguage":"pt-BR","potentialAction":[{"@type":"ReadAction","target":["https:\/\/portalnpm.com\/index.php\/2025\/02\/04\/admaelton-bezerra-toma-posse-como-presidente-da-appm\/"]}]},{"@type":"ImageObject","inLanguage":"pt-BR","@id":"https:\/\/portalnpm.com\/index.php\/2025\/02\/04\/admaelton-bezerra-toma-posse-como-presidente-da-appm\/#primaryimage","url":"https:\/\/portalnpm.com\/wp-content\/uploads\/2025\/02\/admaelton-bezerra-presidente-appm.jpeg.1200x0_q95_crop.webp","contentUrl":"https:\/\/portalnpm.com\/wp-content\/uploads\/2025\/02\/admaelton-bezerra-presidente-appm.jpeg.1200x0_q95_crop.webp","width":1200,"height":675},{"@type":"BreadcrumbList","@id":"https:\/\/portalnpm.com\/index.php\/2025\/02\/04\/admaelton-bezerra-toma-posse-como-presidente-da-appm\/#breadcrumb","itemListElement":[{"@type":"ListItem","position":1,"name":"In\u00edcio","item":"https:\/\/portalnpm.com\/"},{"@type":"ListItem","position":2,"name":"Admaelton Bezerra toma posse como presidente da APPM"}]},{"@type":"WebSite","@id":"https:\/\/portalnpm.com\/#website","url":"https:\/\/portalnpm.com\/","name":"Portal NPM","description":"Not\u00edcias em Primeira M\u00e3o","potentialAction":[{"@type":"SearchAction","target":{"@type":"EntryPoint","urlTemplate":"https:\/\/portalnpm.com\/?s={search_term_string}"},"query-input":"required name=search_term_string"}],"inLanguage":"pt-BR"},{"@type":"Person","@id":"https:\/\/portalnpm.com\/#\/schema\/person\/0b5f230ec96cee25504fa328e7f2b733","name":"Reda\u00e7\u00e3o","image":{"@type":"ImageObject","inLanguage":"pt-BR","@id":"https:\/\/portalnpm.com\/#\/schema\/person\/image\/","url":"https:\/\/portalnpm.com\/wp-content\/uploads\/2024\/03\/avatar_user_4_1710097212-96x96.png","contentUrl":"https:\/\/portalnpm.com\/wp-content\/uploads\/2024\/03\/avatar_user_4_1710097212-96x96.png","caption":"Reda\u00e7\u00e3o"},"url":"https:\/\/portalnpm.com\/index.php\/author\/redacao\/"}]}},"jetpack_sharing_enabled":true,"jetpack_featured_media_url":"https:\/\/portalnpm.com\/wp-content\/uploads\/2025\/02\/admaelton-bezerra-presidente-appm.jpeg.1200x0_q95_crop.webp","_links":{"self":[{"href":"https:\/\/portalnpm.com\/index.php\/wp-json\/wp\/v2\/posts\/84313"}],"collection":[{"href":"https:\/\/portalnpm.com\/index.php\/wp-json\/wp\/v2\/posts"}],"about":[{"href":"https:\/\/portalnpm.com\/index.php\/wp-json\/wp\/v2\/types\/post"}],"author":[{"embeddable":true,"href":"https:\/\/portalnpm.com\/index.php\/wp-json\/wp\/v2\/users\/4"}],"replies":[{"embeddable":true,"href":"https:\/\/portalnpm.com\/index.php\/wp-json\/wp\/v2\/comments?post=84313"}],"version-history":[{"count":1,"href":"https:\/\/portalnpm.com\/index.php\/wp-json\/wp\/v2\/posts\/84313\/revisions"}],"predecessor-version":[{"id":84315,"href":"https:\/\/portalnpm.com\/index.php\/wp-json\/wp\/v2\/posts\/84313\/revisions\/84315"}],"wp:featuredmedia":[{"embeddable":true,"href":"https:\/\/portalnpm.com\/index.php\/wp-json\/wp\/v2\/media\/84314"}],"wp:attachment":[{"href":"https:\/\/portalnpm.com\/index.php\/wp-json\/wp\/v2\/media?parent=84313"}],"wp:term":[{"taxonomy":"category","embeddable":true,"href":"https:\/\/portalnpm.com\/index.php\/wp-json\/wp\/v2\/categories?post=84313"},{"taxonomy":"post_tag","embeddable":true,"href":"https:\/\/portalnpm.com\/index.php\/wp-json\/wp\/v2\/tags?post=84313"}],"curies":[{"name":"wp","href":"https:\/\/api.w.org\/{rel}","templated":true}]}}