{"id":84322,"date":"2025-02-04T20:21:39","date_gmt":"2025-02-04T23:21:39","guid":{"rendered":"https:\/\/portalnpm.com\/?p=84322"},"modified":"2025-02-04T20:21:39","modified_gmt":"2025-02-04T23:21:39","slug":"governador-rafael-fonteles-apresenta-potencial-economico-do-piaui-a-lideres-empresariais","status":"publish","type":"post","link":"https:\/\/portalnpm.com\/index.php\/2025\/02\/04\/governador-rafael-fonteles-apresenta-potencial-economico-do-piaui-a-lideres-empresariais\/","title":{"rendered":"Governador Rafael Fonteles apresenta potencial econ\u00f4mico do Piau\u00ed a l\u00edderes empresariais"},"content":{"rendered":"<p>O governador Rafael Fonteles apresentou, nesta ter\u00e7a-feira (4), em Recife, as Diretrizes para o Desenvolvimento de Longo Prazo do Estado do Piau\u00ed (DDLPI) durante reuni\u00f5es com representantes das \u00e1reas de Energia e Infraestrutura, Educa\u00e7\u00e3o e Digital do Grupo de L\u00edderes Empresariais (LIDE). A organiza\u00e7\u00e3o \u00e9 a maior e mais influente de l\u00edderes empresariais da Am\u00e9rica Latina, que une mais de 2 mil empresas e 4 mil l\u00edderes em todo o mundo.<\/p>\n<p>\u201c\u00c9 uma oportunidade de apresentar as nossas potencialidades em v\u00e1rias \u00e1reas, como infraestrutura, energia, educa\u00e7\u00e3o, tecnologia. Portanto, mais investimentos est\u00e3o para chegar ao Piau\u00ed a partir de todo esse nosso trabalho de divulga\u00e7\u00e3o do estado\u201d, avaliou.<\/p>\n<p>Rafael tem destacado que o verdadeiro desenvolvimento do estado ocorre com pol\u00edticas p\u00fablicas transversais, revelando os potenciais econ\u00f4micos e envolvendo gera\u00e7\u00e3o de emprego e oportunidades. Os principais focos desse desenvolvimento s\u00e3o energia e infraestrutura.<\/p>\n<p>\u201cEu tenho me esfor\u00e7ado bastante para, al\u00e9m de cuidar do dia a dia da governabilidade, apresentar nossa vis\u00e3o de longo prazo. Claro que o mandato \u00e9 de quatro anos, podendo ser renovado para mais quatro. Mas, o que a gente planta e realmente transforma o lugar da gente normalmente demora muito mais tempo do que isso para repercutir e gerar mais oportunidades&#8221;, considerou.<\/p>\n<p>Fonteles falou sobre a necessidade de divulgar o Piau\u00ed como um promissor campo de neg\u00f3cios nos mais variados segmentos, com diversas oportunidades para um processo de industrializa\u00e7\u00e3o. O governador defende que empres\u00e1rios de todo o pa\u00eds possam encontrar no estado a oportunidade de gerar emprego, renda e desenvolvimento social.<\/p>\n<div class=\"big-image-noticia\"><span class=\"credit\">Foto: Juliana C\u00e1ssia<\/span><img fetchpriority=\"high\" decoding=\"async\" src=\"https:\/\/conectapiaui.com.br\/media\/image_bank\/2025\/2\/thumbs\/rafael-fonteles-apresenta-potencial-economico-do-piaui-a-lid_4FacXFr.jpg.1200x0_q95_crop.webp\" alt=\"Rafael Fonteles apresenta potencial econ\u00f4mico do Piau\u00ed a l\u00edderes empresariais\" width=\"1000\" height=\"750\" \/><\/div>\n<p>O governador deu enfoque ao hidrog\u00eanio verde, projeto que prev\u00ea investimentos na ordem de R$ 100 bilh\u00f5es, e \u00e0 educa\u00e7\u00e3o, com a expans\u00e3o das escolas de tempo integral e moderniza\u00e7\u00e3o da infraestrutura, permitindo o incremento dos curr\u00edculos dos alunos e, consequentemente, os expressivos resultados do Piau\u00ed no Enem e nas competi\u00e7\u00f5es nacionais e internacionais.<\/p>\n<p><strong>Fonte: Conecta Piau\u00ed\u00a0<\/strong><\/p>\n","protected":false},"excerpt":{"rendered":"<p>O governador Rafael Fonteles apresentou, nesta ter\u00e7a-feira (4), em Recife, as Diretrizes para o Desenvolvimento de Longo Prazo do Estado do Piau\u00ed (DDLPI) durante reuni\u00f5es com representantes das \u00e1reas de Energia e Infraestrutura, Educa\u00e7\u00e3o e Digital do Grupo de L\u00edderes Empresariais (LIDE). A organiza\u00e7\u00e3o \u00e9 a maior e mais influente de l\u00edderes empresariais da Am\u00e9rica &hellip;<\/p>\n","protected":false},"author":4,"featured_media":84323,"comment_status":"open","ping_status":"open","sticky":false,"template":"","format":"standard","meta":{"content-type":"","rop_custom_images_group":[],"rop_custom_messages_group":[],"rop_publish_now":"yes","rop_publish_now_accounts":{"facebook_2648258775420054_1618374048415101":""},"rop_publish_now_history":[],"rop_publish_now_status":"pending","footnotes":"","_jetpack_memberships_contains_paid_content":false},"categories":[125,188],"tags":[1288,5971,16463,1192,402,2656,187,4818,1191],"yoast_head":"<!-- This site is optimized with the Yoast SEO plugin v22.3 - https:\/\/yoast.com\/wordpress\/plugins\/seo\/ -->\n<title>Governador Rafael Fonteles apresenta potencial econ\u00f4mico do Piau\u00ed a l\u00edderes empresariais - Portal NPM<\/title>\n<meta name=\"robots\" content=\"index, follow, max-snippet:-1, max-image-preview:large, max-video-preview:-1\" \/>\n<link rel=\"canonical\" href=\"https:\/\/portalnpm.com\/index.php\/2025\/02\/04\/governador-rafael-fonteles-apresenta-potencial-economico-do-piaui-a-lideres-empresariais\/\" \/>\n<meta property=\"og:locale\" content=\"pt_BR\" \/>\n<meta property=\"og:type\" content=\"article\" \/>\n<meta property=\"og:title\" content=\"Governador Rafael Fonteles apresenta potencial econ\u00f4mico do Piau\u00ed a l\u00edderes empresariais - Portal NPM\" \/>\n<meta property=\"og:description\" content=\"O governador Rafael Fonteles apresentou, nesta ter\u00e7a-feira (4), em Recife, as Diretrizes para o Desenvolvimento de Longo Prazo do Estado do Piau\u00ed (DDLPI) durante reuni\u00f5es com representantes das \u00e1reas de Energia e Infraestrutura, Educa\u00e7\u00e3o e Digital do Grupo de L\u00edderes Empresariais (LIDE). A organiza\u00e7\u00e3o \u00e9 a maior e mais influente de l\u00edderes empresariais da Am\u00e9rica &hellip;\" \/>\n<meta property=\"og:url\" content=\"https:\/\/portalnpm.com\/index.php\/2025\/02\/04\/governador-rafael-fonteles-apresenta-potencial-economico-do-piaui-a-lideres-empresariais\/\" \/>\n<meta property=\"og:site_name\" content=\"Portal NPM\" \/>\n<meta property=\"article:published_time\" content=\"2025-02-04T23:21:39+00:00\" \/>\n<meta property=\"og:image\" content=\"https:\/\/portalnpm.com\/wp-content\/uploads\/2025\/02\/rafael-fonteles-apresenta-potencial-economico-do-piaui-a-lid.jpg.1200x0_q95_crop.webp\" \/>\n\t<meta property=\"og:image:width\" content=\"1000\" \/>\n\t<meta property=\"og:image:height\" content=\"750\" \/>\n\t<meta property=\"og:image:type\" content=\"image\/webp\" \/>\n<meta name=\"author\" content=\"Reda\u00e7\u00e3o\" \/>\n<meta name=\"twitter:card\" content=\"summary_large_image\" \/>\n<meta name=\"twitter:label1\" content=\"Escrito por\" \/>\n\t<meta name=\"twitter:data1\" content=\"Reda\u00e7\u00e3o\" \/>\n\t<meta name=\"twitter:label2\" content=\"Est. tempo de leitura\" \/>\n\t<meta name=\"twitter:data2\" content=\"3 minutos\" \/>\n<script type=\"application\/ld+json\" class=\"yoast-schema-graph\">{\"@context\":\"https:\/\/schema.org\",\"@graph\":[{\"@type\":\"WebPage\",\"@id\":\"https:\/\/portalnpm.com\/index.php\/2025\/02\/04\/governador-rafael-fonteles-apresenta-potencial-economico-do-piaui-a-lideres-empresariais\/\",\"url\":\"https:\/\/portalnpm.com\/index.php\/2025\/02\/04\/governador-rafael-fonteles-apresenta-potencial-economico-do-piaui-a-lideres-empresariais\/\",\"name\":\"Governador Rafael Fonteles apresenta potencial econ\u00f4mico do Piau\u00ed a l\u00edderes empresariais - Portal NPM\",\"isPartOf\":{\"@id\":\"https:\/\/portalnpm.com\/#website\"},\"primaryImageOfPage\":{\"@id\":\"https:\/\/portalnpm.com\/index.php\/2025\/02\/04\/governador-rafael-fonteles-apresenta-potencial-economico-do-piaui-a-lideres-empresariais\/#primaryimage\"},\"image\":{\"@id\":\"https:\/\/portalnpm.com\/index.php\/2025\/02\/04\/governador-rafael-fonteles-apresenta-potencial-economico-do-piaui-a-lideres-empresariais\/#primaryimage\"},\"thumbnailUrl\":\"https:\/\/portalnpm.com\/wp-content\/uploads\/2025\/02\/rafael-fonteles-apresenta-potencial-economico-do-piaui-a-lid.jpg.1200x0_q95_crop.webp\",\"datePublished\":\"2025-02-04T23:21:39+00:00\",\"dateModified\":\"2025-02-04T23:21:39+00:00\",\"author\":{\"@id\":\"https:\/\/portalnpm.com\/#\/schema\/person\/0b5f230ec96cee25504fa328e7f2b733\"},\"breadcrumb\":{\"@id\":\"https:\/\/portalnpm.com\/index.php\/2025\/02\/04\/governador-rafael-fonteles-apresenta-potencial-economico-do-piaui-a-lideres-empresariais\/#breadcrumb\"},\"inLanguage\":\"pt-BR\",\"potentialAction\":[{\"@type\":\"ReadAction\",\"target\":[\"https:\/\/portalnpm.com\/index.php\/2025\/02\/04\/governador-rafael-fonteles-apresenta-potencial-economico-do-piaui-a-lideres-empresariais\/\"]}]},{\"@type\":\"ImageObject\",\"inLanguage\":\"pt-BR\",\"@id\":\"https:\/\/portalnpm.com\/index.php\/2025\/02\/04\/governador-rafael-fonteles-apresenta-potencial-economico-do-piaui-a-lideres-empresariais\/#primaryimage\",\"url\":\"https:\/\/portalnpm.com\/wp-content\/uploads\/2025\/02\/rafael-fonteles-apresenta-potencial-economico-do-piaui-a-lid.jpg.1200x0_q95_crop.webp\",\"contentUrl\":\"https:\/\/portalnpm.com\/wp-content\/uploads\/2025\/02\/rafael-fonteles-apresenta-potencial-economico-do-piaui-a-lid.jpg.1200x0_q95_crop.webp\",\"width\":1000,\"height\":750},{\"@type\":\"BreadcrumbList\",\"@id\":\"https:\/\/portalnpm.com\/index.php\/2025\/02\/04\/governador-rafael-fonteles-apresenta-potencial-economico-do-piaui-a-lideres-empresariais\/#breadcrumb\",\"itemListElement\":[{\"@type\":\"ListItem\",\"position\":1,\"name\":\"In\u00edcio\",\"item\":\"https:\/\/portalnpm.com\/\"},{\"@type\":\"ListItem\",\"position\":2,\"name\":\"Governador Rafael Fonteles apresenta potencial econ\u00f4mico do Piau\u00ed a l\u00edderes empresariais\"}]},{\"@type\":\"WebSite\",\"@id\":\"https:\/\/portalnpm.com\/#website\",\"url\":\"https:\/\/portalnpm.com\/\",\"name\":\"Portal NPM\",\"description\":\"Not\u00edcias em Primeira M\u00e3o\",\"potentialAction\":[{\"@type\":\"SearchAction\",\"target\":{\"@type\":\"EntryPoint\",\"urlTemplate\":\"https:\/\/portalnpm.com\/?s={search_term_string}\"},\"query-input\":\"required name=search_term_string\"}],\"inLanguage\":\"pt-BR\"},{\"@type\":\"Person\",\"@id\":\"https:\/\/portalnpm.com\/#\/schema\/person\/0b5f230ec96cee25504fa328e7f2b733\",\"name\":\"Reda\u00e7\u00e3o\",\"image\":{\"@type\":\"ImageObject\",\"inLanguage\":\"pt-BR\",\"@id\":\"https:\/\/portalnpm.com\/#\/schema\/person\/image\/\",\"url\":\"https:\/\/portalnpm.com\/wp-content\/uploads\/2024\/03\/avatar_user_4_1710097212-96x96.png\",\"contentUrl\":\"https:\/\/portalnpm.com\/wp-content\/uploads\/2024\/03\/avatar_user_4_1710097212-96x96.png\",\"caption\":\"Reda\u00e7\u00e3o\"},\"url\":\"https:\/\/portalnpm.com\/index.php\/author\/redacao\/\"}]}<\/script>\n<!-- \/ Yoast SEO plugin. -->","yoast_head_json":{"title":"Governador Rafael Fonteles apresenta potencial econ\u00f4mico do Piau\u00ed a l\u00edderes empresariais - Portal NPM","robots":{"index":"index","follow":"follow","max-snippet":"max-snippet:-1","max-image-preview":"max-image-preview:large","max-video-preview":"max-video-preview:-1"},"canonical":"https:\/\/portalnpm.com\/index.php\/2025\/02\/04\/governador-rafael-fonteles-apresenta-potencial-economico-do-piaui-a-lideres-empresariais\/","og_locale":"pt_BR","og_type":"article","og_title":"Governador Rafael Fonteles apresenta potencial econ\u00f4mico do Piau\u00ed a l\u00edderes empresariais - Portal NPM","og_description":"O governador Rafael Fonteles apresentou, nesta ter\u00e7a-feira (4), em Recife, as Diretrizes para o Desenvolvimento de Longo Prazo do Estado do Piau\u00ed (DDLPI) durante reuni\u00f5es com representantes das \u00e1reas de Energia e Infraestrutura, Educa\u00e7\u00e3o e Digital do Grupo de L\u00edderes Empresariais (LIDE). A organiza\u00e7\u00e3o \u00e9 a maior e mais influente de l\u00edderes empresariais da Am\u00e9rica &hellip;","og_url":"https:\/\/portalnpm.com\/index.php\/2025\/02\/04\/governador-rafael-fonteles-apresenta-potencial-economico-do-piaui-a-lideres-empresariais\/","og_site_name":"Portal NPM","article_published_time":"2025-02-04T23:21:39+00:00","og_image":[{"width":1000,"height":750,"url":"https:\/\/portalnpm.com\/wp-content\/uploads\/2025\/02\/rafael-fonteles-apresenta-potencial-economico-do-piaui-a-lid.jpg.1200x0_q95_crop.webp","type":"image\/webp"}],"author":"Reda\u00e7\u00e3o","twitter_card":"summary_large_image","twitter_misc":{"Escrito por":"Reda\u00e7\u00e3o","Est. tempo de leitura":"3 minutos"},"schema":{"@context":"https:\/\/schema.org","@graph":[{"@type":"WebPage","@id":"https:\/\/portalnpm.com\/index.php\/2025\/02\/04\/governador-rafael-fonteles-apresenta-potencial-economico-do-piaui-a-lideres-empresariais\/","url":"https:\/\/portalnpm.com\/index.php\/2025\/02\/04\/governador-rafael-fonteles-apresenta-potencial-economico-do-piaui-a-lideres-empresariais\/","name":"Governador Rafael Fonteles apresenta potencial econ\u00f4mico do Piau\u00ed a l\u00edderes empresariais - Portal NPM","isPartOf":{"@id":"https:\/\/portalnpm.com\/#website"},"primaryImageOfPage":{"@id":"https:\/\/portalnpm.com\/index.php\/2025\/02\/04\/governador-rafael-fonteles-apresenta-potencial-economico-do-piaui-a-lideres-empresariais\/#primaryimage"},"image":{"@id":"https:\/\/portalnpm.com\/index.php\/2025\/02\/04\/governador-rafael-fonteles-apresenta-potencial-economico-do-piaui-a-lideres-empresariais\/#primaryimage"},"thumbnailUrl":"https:\/\/portalnpm.com\/wp-content\/uploads\/2025\/02\/rafael-fonteles-apresenta-potencial-economico-do-piaui-a-lid.jpg.1200x0_q95_crop.webp","datePublished":"2025-02-04T23:21:39+00:00","dateModified":"2025-02-04T23:21:39+00:00","author":{"@id":"https:\/\/portalnpm.com\/#\/schema\/person\/0b5f230ec96cee25504fa328e7f2b733"},"breadcrumb":{"@id":"https:\/\/portalnpm.com\/index.php\/2025\/02\/04\/governador-rafael-fonteles-apresenta-potencial-economico-do-piaui-a-lideres-empresariais\/#breadcrumb"},"inLanguage":"pt-BR","potentialAction":[{"@type":"ReadAction","target":["https:\/\/portalnpm.com\/index.php\/2025\/02\/04\/governador-rafael-fonteles-apresenta-potencial-economico-do-piaui-a-lideres-empresariais\/"]}]},{"@type":"ImageObject","inLanguage":"pt-BR","@id":"https:\/\/portalnpm.com\/index.php\/2025\/02\/04\/governador-rafael-fonteles-apresenta-potencial-economico-do-piaui-a-lideres-empresariais\/#primaryimage","url":"https:\/\/portalnpm.com\/wp-content\/uploads\/2025\/02\/rafael-fonteles-apresenta-potencial-economico-do-piaui-a-lid.jpg.1200x0_q95_crop.webp","contentUrl":"https:\/\/portalnpm.com\/wp-content\/uploads\/2025\/02\/rafael-fonteles-apresenta-potencial-economico-do-piaui-a-lid.jpg.1200x0_q95_crop.webp","width":1000,"height":750},{"@type":"BreadcrumbList","@id":"https:\/\/portalnpm.com\/index.php\/2025\/02\/04\/governador-rafael-fonteles-apresenta-potencial-economico-do-piaui-a-lideres-empresariais\/#breadcrumb","itemListElement":[{"@type":"ListItem","position":1,"name":"In\u00edcio","item":"https:\/\/portalnpm.com\/"},{"@type":"ListItem","position":2,"name":"Governador Rafael Fonteles apresenta potencial econ\u00f4mico do Piau\u00ed a l\u00edderes empresariais"}]},{"@type":"WebSite","@id":"https:\/\/portalnpm.com\/#website","url":"https:\/\/portalnpm.com\/","name":"Portal NPM","description":"Not\u00edcias em Primeira M\u00e3o","potentialAction":[{"@type":"SearchAction","target":{"@type":"EntryPoint","urlTemplate":"https:\/\/portalnpm.com\/?s={search_term_string}"},"query-input":"required name=search_term_string"}],"inLanguage":"pt-BR"},{"@type":"Person","@id":"https:\/\/portalnpm.com\/#\/schema\/person\/0b5f230ec96cee25504fa328e7f2b733","name":"Reda\u00e7\u00e3o","image":{"@type":"ImageObject","inLanguage":"pt-BR","@id":"https:\/\/portalnpm.com\/#\/schema\/person\/image\/","url":"https:\/\/portalnpm.com\/wp-content\/uploads\/2024\/03\/avatar_user_4_1710097212-96x96.png","contentUrl":"https:\/\/portalnpm.com\/wp-content\/uploads\/2024\/03\/avatar_user_4_1710097212-96x96.png","caption":"Reda\u00e7\u00e3o"},"url":"https:\/\/portalnpm.com\/index.php\/author\/redacao\/"}]}},"jetpack_sharing_enabled":true,"jetpack_featured_media_url":"https:\/\/portalnpm.com\/wp-content\/uploads\/2025\/02\/rafael-fonteles-apresenta-potencial-economico-do-piaui-a-lid.jpg.1200x0_q95_crop.webp","_links":{"self":[{"href":"https:\/\/portalnpm.com\/index.php\/wp-json\/wp\/v2\/posts\/84322"}],"collection":[{"href":"https:\/\/portalnpm.com\/index.php\/wp-json\/wp\/v2\/posts"}],"about":[{"href":"https:\/\/portalnpm.com\/index.php\/wp-json\/wp\/v2\/types\/post"}],"author":[{"embeddable":true,"href":"https:\/\/portalnpm.com\/index.php\/wp-json\/wp\/v2\/users\/4"}],"replies":[{"embeddable":true,"href":"https:\/\/portalnpm.com\/index.php\/wp-json\/wp\/v2\/comments?post=84322"}],"version-history":[{"count":1,"href":"https:\/\/portalnpm.com\/index.php\/wp-json\/wp\/v2\/posts\/84322\/revisions"}],"predecessor-version":[{"id":84324,"href":"https:\/\/portalnpm.com\/index.php\/wp-json\/wp\/v2\/posts\/84322\/revisions\/84324"}],"wp:featuredmedia":[{"embeddable":true,"href":"https:\/\/portalnpm.com\/index.php\/wp-json\/wp\/v2\/media\/84323"}],"wp:attachment":[{"href":"https:\/\/portalnpm.com\/index.php\/wp-json\/wp\/v2\/media?parent=84322"}],"wp:term":[{"taxonomy":"category","embeddable":true,"href":"https:\/\/portalnpm.com\/index.php\/wp-json\/wp\/v2\/categories?post=84322"},{"taxonomy":"post_tag","embeddable":true,"href":"https:\/\/portalnpm.com\/index.php\/wp-json\/wp\/v2\/tags?post=84322"}],"curies":[{"name":"wp","href":"https:\/\/api.w.org\/{rel}","templated":true}]}}