{"id":84328,"date":"2025-02-05T11:10:45","date_gmt":"2025-02-05T14:10:45","guid":{"rendered":"https:\/\/portalnpm.com\/?p=84328"},"modified":"2025-02-05T11:10:45","modified_gmt":"2025-02-05T14:10:45","slug":"entenda-por-que-o-preco-do-cafe-deve-aumentar-ainda-mais-em-2025-no-brasil","status":"publish","type":"post","link":"https:\/\/portalnpm.com\/index.php\/2025\/02\/05\/entenda-por-que-o-preco-do-cafe-deve-aumentar-ainda-mais-em-2025-no-brasil\/","title":{"rendered":"Entenda por que o pre\u00e7o do caf\u00e9 deve aumentar ainda mais em 2025 no Brasil"},"content":{"rendered":"<p>O Brasil alcan\u00e7ou, em 2024, um recorde na exporta\u00e7\u00e3o de caf\u00e9, com o envio de 50,5 milh\u00f5es de sacas de 60 quilos ao mercado internacional, <strong>um crescimento de 28,8% em rela\u00e7\u00e3o ao ano anterior,<\/strong> segundo dados do Minist\u00e9rio do Desenvolvimento, Ind\u00fastria, Com\u00e9rcio e Servi\u00e7os. J\u00e1 os pre\u00e7os dispararam: <strong>nos primeiros dias de janeiro, o quilo do gr\u00e3o chegou a R$ 50,00<\/strong>, um aumento de 33% em compara\u00e7\u00e3o com o ano passado, segundo dados do IBGE.<\/p>\n<p dir=\"ltr\">O\u00a0Mundo Agro\u00a0d\u00e1 continuidade \u00e0 rodada de conversas com especialistas que acompanham e analisam o mercado do agroneg\u00f3cio brasileiro. Novamente, o Radar Agro, do Ita\u00fa BBA, tra\u00e7a um cen\u00e1rio do\u00a0caf\u00e9 brasileiro\u00a0para o blog.<\/p>\n<p dir=\"ltr\">Confira o meu bate-papo com Francisco Queiroz, analista da consultoria Agro, do Ita\u00fa BBA.<\/p>\n<p dir=\"ltr\"><strong>Mundo Agro<\/strong>: Como ser\u00e1 a safra 25\/26?<\/p>\n<p dir=\"ltr\"><strong>Francisco Queiroz:\u00a0<\/strong>Nos \u00faltimos anos, o clima tem desafiado frequentemente os produtores e as lavouras de caf\u00e9. Aqui no Brasil, com epis\u00f3dios de geada, chuva de granizo, ondas de calor extremo e, principalmente, longos per\u00edodos de seca. E, pelo quinto ano consecutivo, a safra brasileira de caf\u00e9 n\u00e3o deve atingir seu potencial. Dessa vez, associado ao longo per\u00edodo de seca que vivemos em 2024, algumas lavouras ficaram de seis a sete meses sem receber chuva. Isso comprometeu de maneira importante o pagamento das floradas das lavouras de ar\u00e1bica e, por consequ\u00eancia, vai afetar a produtividade dessas lavouras.<\/p>\n<p dir=\"ltr\"><strong>Mundo Agro:\u00a0<\/strong>Qual \u00e9 a estimativa de sacas e qual percentual? Ser\u00e1 menor em compara\u00e7\u00e3o com a safra anterior?<\/p>\n<p dir=\"ltr\"><strong>Francisco Queiroz:<\/strong> Para a safra 25\/26, n\u00f3s estimamos uma produ\u00e7\u00e3o total de 64,4 milh\u00f5es de sacas, sendo 40,9 milh\u00f5es de sacas de ar\u00e1bica e 23,5 milh\u00f5es de sacas de robusta. Assim, o total a ser colhido deve ser 3% menor em rela\u00e7\u00e3o \u00e0s 66,4 milh\u00f5es de sacas estimadas para a safra 24\/25. Ou seja, uma queda de 3% sobre a safra anterior, considerando o volume total de caf\u00e9.<\/p>\n<p dir=\"ltr\"><strong>Mundo Agro:\u00a0<\/strong>E qual ser\u00e1 o pre\u00e7o? Ser\u00e1 desafiador? Se sim, por qu\u00ea?<\/p>\n<p dir=\"ltr\"><strong>Francisco Queiroz:<\/strong> N\u00f3s acreditamos que o cen\u00e1rio \u00e9 de pre\u00e7os firmes para o caf\u00e9, podendo at\u00e9 subir mais. A gente tem visto o mercado subindo bastante nos \u00faltimos dias, mas isso pode at\u00e9 escalar de forma mais acentuada, porque temos a quest\u00e3o da safra do Brasil, um mercado global mais restrito, com a redu\u00e7\u00e3o dos estoques \u2013 estoques baixos, na m\u00e9dia hist\u00f3rica, ao n\u00edvel global. Isso tem sustentado o mercado.<\/p>\n<p dir=\"ltr\">Para os produtores, na m\u00e9dia, deve ser um ano muito favor\u00e1vel, por conta dos pre\u00e7os mais altos, mas principalmente para aqueles que t\u00eam lavouras irrigadas, pois esses acabam sofrendo menos os impactos do clima adverso, al\u00e9m de poderem aproveitar um mercado com esses altos pre\u00e7os de venda.<\/p>\n<p dir=\"ltr\">Por outro lado, o cen\u00e1rio mais desafiador \u00e9 para as torrefa\u00e7\u00f5es e tradings, que compram esse caf\u00e9. Elas ter\u00e3o que pagar mais caro pela mat\u00e9ria-prima, al\u00e9m da dificuldade de um cen\u00e1rio macroecon\u00f4mico mais complexo, com juros altos.<\/p>\n<p><em><strong>Fonte<\/strong>: R7<\/em><\/p>\n","protected":false},"excerpt":{"rendered":"<p>O Brasil alcan\u00e7ou, em 2024, um recorde na exporta\u00e7\u00e3o de caf\u00e9, com o envio de 50,5 milh\u00f5es de sacas de 60 quilos ao mercado internacional, um crescimento de 28,8% em rela\u00e7\u00e3o ao ano anterior, segundo dados do Minist\u00e9rio do Desenvolvimento, Ind\u00fastria, Com\u00e9rcio e Servi\u00e7os. J\u00e1 os pre\u00e7os dispararam: nos primeiros dias de janeiro, o quilo &hellip;<\/p>\n","protected":false},"author":8,"featured_media":84329,"comment_status":"open","ping_status":"open","sticky":false,"template":"","format":"standard","meta":{"content-type":"","rop_custom_images_group":[],"rop_custom_messages_group":[],"rop_publish_now":"yes","rop_publish_now_accounts":{"facebook_2648258775420054_1618374048415101":""},"rop_publish_now_history":[],"rop_publish_now_status":"pending","footnotes":"","_jetpack_memberships_contains_paid_content":false},"categories":[113,414],"tags":[13744,5544,13286,674,1438,4997,855,822,844,1167,714],"yoast_head":"<!-- This site is optimized with the Yoast SEO plugin v22.3 - https:\/\/yoast.com\/wordpress\/plugins\/seo\/ -->\n<title>Entenda por que o pre\u00e7o do caf\u00e9 deve aumentar ainda mais em 2025 no Brasil - Portal NPM<\/title>\n<meta name=\"robots\" content=\"index, follow, max-snippet:-1, max-image-preview:large, max-video-preview:-1\" \/>\n<link rel=\"canonical\" href=\"https:\/\/portalnpm.com\/index.php\/2025\/02\/05\/entenda-por-que-o-preco-do-cafe-deve-aumentar-ainda-mais-em-2025-no-brasil\/\" \/>\n<meta property=\"og:locale\" content=\"pt_BR\" \/>\n<meta property=\"og:type\" content=\"article\" \/>\n<meta property=\"og:title\" content=\"Entenda por que o pre\u00e7o do caf\u00e9 deve aumentar ainda mais em 2025 no Brasil - Portal NPM\" \/>\n<meta property=\"og:description\" content=\"O Brasil alcan\u00e7ou, em 2024, um recorde na exporta\u00e7\u00e3o de caf\u00e9, com o envio de 50,5 milh\u00f5es de sacas de 60 quilos ao mercado internacional, um crescimento de 28,8% em rela\u00e7\u00e3o ao ano anterior, segundo dados do Minist\u00e9rio do Desenvolvimento, Ind\u00fastria, Com\u00e9rcio e Servi\u00e7os. J\u00e1 os pre\u00e7os dispararam: nos primeiros dias de janeiro, o quilo &hellip;\" \/>\n<meta property=\"og:url\" content=\"https:\/\/portalnpm.com\/index.php\/2025\/02\/05\/entenda-por-que-o-preco-do-cafe-deve-aumentar-ainda-mais-em-2025-no-brasil\/\" \/>\n<meta property=\"og:site_name\" content=\"Portal NPM\" \/>\n<meta property=\"article:published_time\" content=\"2025-02-05T14:10:45+00:00\" \/>\n<meta property=\"og:image\" content=\"https:\/\/portalnpm.com\/wp-content\/uploads\/2025\/02\/IMG_6659.jpeg\" \/>\n\t<meta property=\"og:image:width\" content=\"1600\" \/>\n\t<meta property=\"og:image:height\" content=\"1186\" \/>\n\t<meta property=\"og:image:type\" content=\"image\/jpeg\" \/>\n<meta name=\"author\" content=\"Zenilton Lima\" \/>\n<meta name=\"twitter:card\" content=\"summary_large_image\" \/>\n<meta name=\"twitter:label1\" content=\"Escrito por\" \/>\n\t<meta name=\"twitter:data1\" content=\"Zenilton Lima\" \/>\n\t<meta name=\"twitter:label2\" content=\"Est. tempo de leitura\" \/>\n\t<meta name=\"twitter:data2\" content=\"3 minutos\" \/>\n<script type=\"application\/ld+json\" class=\"yoast-schema-graph\">{\"@context\":\"https:\/\/schema.org\",\"@graph\":[{\"@type\":\"WebPage\",\"@id\":\"https:\/\/portalnpm.com\/index.php\/2025\/02\/05\/entenda-por-que-o-preco-do-cafe-deve-aumentar-ainda-mais-em-2025-no-brasil\/\",\"url\":\"https:\/\/portalnpm.com\/index.php\/2025\/02\/05\/entenda-por-que-o-preco-do-cafe-deve-aumentar-ainda-mais-em-2025-no-brasil\/\",\"name\":\"Entenda por que o pre\u00e7o do caf\u00e9 deve aumentar ainda mais em 2025 no Brasil - Portal NPM\",\"isPartOf\":{\"@id\":\"https:\/\/portalnpm.com\/#website\"},\"primaryImageOfPage\":{\"@id\":\"https:\/\/portalnpm.com\/index.php\/2025\/02\/05\/entenda-por-que-o-preco-do-cafe-deve-aumentar-ainda-mais-em-2025-no-brasil\/#primaryimage\"},\"image\":{\"@id\":\"https:\/\/portalnpm.com\/index.php\/2025\/02\/05\/entenda-por-que-o-preco-do-cafe-deve-aumentar-ainda-mais-em-2025-no-brasil\/#primaryimage\"},\"thumbnailUrl\":\"https:\/\/portalnpm.com\/wp-content\/uploads\/2025\/02\/IMG_6659.jpeg\",\"datePublished\":\"2025-02-05T14:10:45+00:00\",\"dateModified\":\"2025-02-05T14:10:45+00:00\",\"author\":{\"@id\":\"https:\/\/portalnpm.com\/#\/schema\/person\/35cb55186eae3f074b6783da6d35591e\"},\"breadcrumb\":{\"@id\":\"https:\/\/portalnpm.com\/index.php\/2025\/02\/05\/entenda-por-que-o-preco-do-cafe-deve-aumentar-ainda-mais-em-2025-no-brasil\/#breadcrumb\"},\"inLanguage\":\"pt-BR\",\"potentialAction\":[{\"@type\":\"ReadAction\",\"target\":[\"https:\/\/portalnpm.com\/index.php\/2025\/02\/05\/entenda-por-que-o-preco-do-cafe-deve-aumentar-ainda-mais-em-2025-no-brasil\/\"]}]},{\"@type\":\"ImageObject\",\"inLanguage\":\"pt-BR\",\"@id\":\"https:\/\/portalnpm.com\/index.php\/2025\/02\/05\/entenda-por-que-o-preco-do-cafe-deve-aumentar-ainda-mais-em-2025-no-brasil\/#primaryimage\",\"url\":\"https:\/\/portalnpm.com\/wp-content\/uploads\/2025\/02\/IMG_6659.jpeg\",\"contentUrl\":\"https:\/\/portalnpm.com\/wp-content\/uploads\/2025\/02\/IMG_6659.jpeg\",\"width\":1600,\"height\":1186,\"caption\":\"Cen\u00e1rio da safra de caf\u00e9 em 24\/25 sofre altera\u00e7\u00e3o Daiane Mendon\u00e7a\/ Secom RO\"},{\"@type\":\"BreadcrumbList\",\"@id\":\"https:\/\/portalnpm.com\/index.php\/2025\/02\/05\/entenda-por-que-o-preco-do-cafe-deve-aumentar-ainda-mais-em-2025-no-brasil\/#breadcrumb\",\"itemListElement\":[{\"@type\":\"ListItem\",\"position\":1,\"name\":\"In\u00edcio\",\"item\":\"https:\/\/portalnpm.com\/\"},{\"@type\":\"ListItem\",\"position\":2,\"name\":\"Entenda por que o pre\u00e7o do caf\u00e9 deve aumentar ainda mais em 2025 no Brasil\"}]},{\"@type\":\"WebSite\",\"@id\":\"https:\/\/portalnpm.com\/#website\",\"url\":\"https:\/\/portalnpm.com\/\",\"name\":\"Portal NPM\",\"description\":\"Not\u00edcias em Primeira M\u00e3o\",\"potentialAction\":[{\"@type\":\"SearchAction\",\"target\":{\"@type\":\"EntryPoint\",\"urlTemplate\":\"https:\/\/portalnpm.com\/?s={search_term_string}\"},\"query-input\":\"required name=search_term_string\"}],\"inLanguage\":\"pt-BR\"},{\"@type\":\"Person\",\"@id\":\"https:\/\/portalnpm.com\/#\/schema\/person\/35cb55186eae3f074b6783da6d35591e\",\"name\":\"Zenilton Lima\",\"image\":{\"@type\":\"ImageObject\",\"inLanguage\":\"pt-BR\",\"@id\":\"https:\/\/portalnpm.com\/#\/schema\/person\/image\/\",\"url\":\"https:\/\/portalnpm.com\/wp-content\/uploads\/2024\/12\/avatar_user_8_1733658137-96x96.jpeg\",\"contentUrl\":\"https:\/\/portalnpm.com\/wp-content\/uploads\/2024\/12\/avatar_user_8_1733658137-96x96.jpeg\",\"caption\":\"Zenilton Lima\"},\"url\":\"https:\/\/portalnpm.com\/index.php\/author\/zenilton\/\"}]}<\/script>\n<!-- \/ Yoast SEO plugin. -->","yoast_head_json":{"title":"Entenda por que o pre\u00e7o do caf\u00e9 deve aumentar ainda mais em 2025 no Brasil - Portal NPM","robots":{"index":"index","follow":"follow","max-snippet":"max-snippet:-1","max-image-preview":"max-image-preview:large","max-video-preview":"max-video-preview:-1"},"canonical":"https:\/\/portalnpm.com\/index.php\/2025\/02\/05\/entenda-por-que-o-preco-do-cafe-deve-aumentar-ainda-mais-em-2025-no-brasil\/","og_locale":"pt_BR","og_type":"article","og_title":"Entenda por que o pre\u00e7o do caf\u00e9 deve aumentar ainda mais em 2025 no Brasil - Portal NPM","og_description":"O Brasil alcan\u00e7ou, em 2024, um recorde na exporta\u00e7\u00e3o de caf\u00e9, com o envio de 50,5 milh\u00f5es de sacas de 60 quilos ao mercado internacional, um crescimento de 28,8% em rela\u00e7\u00e3o ao ano anterior, segundo dados do Minist\u00e9rio do Desenvolvimento, Ind\u00fastria, Com\u00e9rcio e Servi\u00e7os. J\u00e1 os pre\u00e7os dispararam: nos primeiros dias de janeiro, o quilo &hellip;","og_url":"https:\/\/portalnpm.com\/index.php\/2025\/02\/05\/entenda-por-que-o-preco-do-cafe-deve-aumentar-ainda-mais-em-2025-no-brasil\/","og_site_name":"Portal NPM","article_published_time":"2025-02-05T14:10:45+00:00","og_image":[{"width":1600,"height":1186,"url":"https:\/\/portalnpm.com\/wp-content\/uploads\/2025\/02\/IMG_6659.jpeg","type":"image\/jpeg"}],"author":"Zenilton Lima","twitter_card":"summary_large_image","twitter_misc":{"Escrito por":"Zenilton Lima","Est. tempo de leitura":"3 minutos"},"schema":{"@context":"https:\/\/schema.org","@graph":[{"@type":"WebPage","@id":"https:\/\/portalnpm.com\/index.php\/2025\/02\/05\/entenda-por-que-o-preco-do-cafe-deve-aumentar-ainda-mais-em-2025-no-brasil\/","url":"https:\/\/portalnpm.com\/index.php\/2025\/02\/05\/entenda-por-que-o-preco-do-cafe-deve-aumentar-ainda-mais-em-2025-no-brasil\/","name":"Entenda por que o pre\u00e7o do caf\u00e9 deve aumentar ainda mais em 2025 no Brasil - Portal NPM","isPartOf":{"@id":"https:\/\/portalnpm.com\/#website"},"primaryImageOfPage":{"@id":"https:\/\/portalnpm.com\/index.php\/2025\/02\/05\/entenda-por-que-o-preco-do-cafe-deve-aumentar-ainda-mais-em-2025-no-brasil\/#primaryimage"},"image":{"@id":"https:\/\/portalnpm.com\/index.php\/2025\/02\/05\/entenda-por-que-o-preco-do-cafe-deve-aumentar-ainda-mais-em-2025-no-brasil\/#primaryimage"},"thumbnailUrl":"https:\/\/portalnpm.com\/wp-content\/uploads\/2025\/02\/IMG_6659.jpeg","datePublished":"2025-02-05T14:10:45+00:00","dateModified":"2025-02-05T14:10:45+00:00","author":{"@id":"https:\/\/portalnpm.com\/#\/schema\/person\/35cb55186eae3f074b6783da6d35591e"},"breadcrumb":{"@id":"https:\/\/portalnpm.com\/index.php\/2025\/02\/05\/entenda-por-que-o-preco-do-cafe-deve-aumentar-ainda-mais-em-2025-no-brasil\/#breadcrumb"},"inLanguage":"pt-BR","potentialAction":[{"@type":"ReadAction","target":["https:\/\/portalnpm.com\/index.php\/2025\/02\/05\/entenda-por-que-o-preco-do-cafe-deve-aumentar-ainda-mais-em-2025-no-brasil\/"]}]},{"@type":"ImageObject","inLanguage":"pt-BR","@id":"https:\/\/portalnpm.com\/index.php\/2025\/02\/05\/entenda-por-que-o-preco-do-cafe-deve-aumentar-ainda-mais-em-2025-no-brasil\/#primaryimage","url":"https:\/\/portalnpm.com\/wp-content\/uploads\/2025\/02\/IMG_6659.jpeg","contentUrl":"https:\/\/portalnpm.com\/wp-content\/uploads\/2025\/02\/IMG_6659.jpeg","width":1600,"height":1186,"caption":"Cen\u00e1rio da safra de caf\u00e9 em 24\/25 sofre altera\u00e7\u00e3o Daiane Mendon\u00e7a\/ Secom RO"},{"@type":"BreadcrumbList","@id":"https:\/\/portalnpm.com\/index.php\/2025\/02\/05\/entenda-por-que-o-preco-do-cafe-deve-aumentar-ainda-mais-em-2025-no-brasil\/#breadcrumb","itemListElement":[{"@type":"ListItem","position":1,"name":"In\u00edcio","item":"https:\/\/portalnpm.com\/"},{"@type":"ListItem","position":2,"name":"Entenda por que o pre\u00e7o do caf\u00e9 deve aumentar ainda mais em 2025 no Brasil"}]},{"@type":"WebSite","@id":"https:\/\/portalnpm.com\/#website","url":"https:\/\/portalnpm.com\/","name":"Portal NPM","description":"Not\u00edcias em Primeira M\u00e3o","potentialAction":[{"@type":"SearchAction","target":{"@type":"EntryPoint","urlTemplate":"https:\/\/portalnpm.com\/?s={search_term_string}"},"query-input":"required name=search_term_string"}],"inLanguage":"pt-BR"},{"@type":"Person","@id":"https:\/\/portalnpm.com\/#\/schema\/person\/35cb55186eae3f074b6783da6d35591e","name":"Zenilton Lima","image":{"@type":"ImageObject","inLanguage":"pt-BR","@id":"https:\/\/portalnpm.com\/#\/schema\/person\/image\/","url":"https:\/\/portalnpm.com\/wp-content\/uploads\/2024\/12\/avatar_user_8_1733658137-96x96.jpeg","contentUrl":"https:\/\/portalnpm.com\/wp-content\/uploads\/2024\/12\/avatar_user_8_1733658137-96x96.jpeg","caption":"Zenilton Lima"},"url":"https:\/\/portalnpm.com\/index.php\/author\/zenilton\/"}]}},"jetpack_sharing_enabled":true,"jetpack_featured_media_url":"https:\/\/portalnpm.com\/wp-content\/uploads\/2025\/02\/IMG_6659.jpeg","_links":{"self":[{"href":"https:\/\/portalnpm.com\/index.php\/wp-json\/wp\/v2\/posts\/84328"}],"collection":[{"href":"https:\/\/portalnpm.com\/index.php\/wp-json\/wp\/v2\/posts"}],"about":[{"href":"https:\/\/portalnpm.com\/index.php\/wp-json\/wp\/v2\/types\/post"}],"author":[{"embeddable":true,"href":"https:\/\/portalnpm.com\/index.php\/wp-json\/wp\/v2\/users\/8"}],"replies":[{"embeddable":true,"href":"https:\/\/portalnpm.com\/index.php\/wp-json\/wp\/v2\/comments?post=84328"}],"version-history":[{"count":1,"href":"https:\/\/portalnpm.com\/index.php\/wp-json\/wp\/v2\/posts\/84328\/revisions"}],"predecessor-version":[{"id":84330,"href":"https:\/\/portalnpm.com\/index.php\/wp-json\/wp\/v2\/posts\/84328\/revisions\/84330"}],"wp:featuredmedia":[{"embeddable":true,"href":"https:\/\/portalnpm.com\/index.php\/wp-json\/wp\/v2\/media\/84329"}],"wp:attachment":[{"href":"https:\/\/portalnpm.com\/index.php\/wp-json\/wp\/v2\/media?parent=84328"}],"wp:term":[{"taxonomy":"category","embeddable":true,"href":"https:\/\/portalnpm.com\/index.php\/wp-json\/wp\/v2\/categories?post=84328"},{"taxonomy":"post_tag","embeddable":true,"href":"https:\/\/portalnpm.com\/index.php\/wp-json\/wp\/v2\/tags?post=84328"}],"curies":[{"name":"wp","href":"https:\/\/api.w.org\/{rel}","templated":true}]}}