{"id":84360,"date":"2025-02-06T12:00:26","date_gmt":"2025-02-06T15:00:26","guid":{"rendered":"https:\/\/portalnpm.com\/?p=84360"},"modified":"2025-02-06T12:00:26","modified_gmt":"2025-02-06T15:00:26","slug":"valores-de-processos-trabalhistas-serao-destinados-as-vitimas-das-enchentes-em-picos-afirma-mpt","status":"publish","type":"post","link":"https:\/\/portalnpm.com\/index.php\/2025\/02\/06\/valores-de-processos-trabalhistas-serao-destinados-as-vitimas-das-enchentes-em-picos-afirma-mpt\/","title":{"rendered":"Valores de processos trabalhistas ser\u00e3o destinados \u00e0s v\u00edtimas das enchentes em Picos, afirma MPT"},"content":{"rendered":"<p>Recursos financeiros oriundos de 5 processos no Tribunal Regional do Trabalho da 22\u00aa Regi\u00e3o (TRT-22) ser\u00e3o destinados a auxiliar as v\u00edtimas das enchentes no munic\u00edpio de Picos.<strong>\u00a0O valor total de R$ 140 mil<\/strong>ser\u00e1 repassado \u00e0 C\u00e1ritas Diocesana de Picos, entidade cadastrada pelo Minist\u00e9rio P\u00fablico do Trabalho no Piau\u00ed (MPT-PI) para intermediar a distribui\u00e7\u00e3o da verba. <strong>Segundo o MPT-PI, com esse montante, ser\u00e3o adquiridos 100 colch\u00f5es, len\u00e7\u00f3is, materiais de higiene e toneladas de alimentos para atender a popula\u00e7\u00e3o atingida.<\/strong><\/p>\n<p>Para viabilizar a medida, a Secretaria da Vara do Trabalho (VT) de Picos realizou um levantamento detalhado de processos do MPT-PI com valores recolhidos em A\u00e7\u00f5es Civis P\u00fablicas (ACPs) que ainda n\u00e3o tinham destina\u00e7\u00e3o espec\u00edfica. A identifica\u00e7\u00e3o desses valores foi feita por meio do Projeto Garimpo, que busca, em processos arquivados, dep\u00f3sitos judiciais sem movimenta\u00e7\u00e3o por diferentes motivos.<\/p>\n<p>Ap\u00f3s o levantamento, a rela\u00e7\u00e3o dos processos foi enviada \u00e0 Procuradoria do Trabalho no Munic\u00edpio de Picos (PTM), que analisou as informa\u00e7\u00f5es e deliberou pela solicita\u00e7\u00e3o, junto \u00e0 VT de Picos, da destina\u00e7\u00e3o dos valores \u00e0 C\u00e1ritas Diocesana de Picos. <strong>A escolha da entidade ocorreu por meio de um edital de cadastramento e seguiu os crit\u00e9rios estabelecidos.<\/strong><\/p>\n<p>A libera\u00e7\u00e3o dos valores, ap\u00f3s peti\u00e7\u00e3o do MPT, foi autorizada pelo juiz substituto Lu\u00eds Fortes do Rego J\u00fanior, que est\u00e1 respondendo pela VT de Picos durante as f\u00e9rias do juiz titular Delano Serra Coelho. O magistrado titular destacou a import\u00e2ncia da iniciativa para minimizar os impactos da trag\u00e9dia. &#8220;Essa destina\u00e7\u00e3o representa um ato de solidariedade e compromisso social, contribuindo para amenizar os danos sofridos pela popula\u00e7\u00e3o de Picos&#8221;, ressaltou Delano Serra Coelho.<\/p>\n<p>O procurador do MPT-PI, Igor Oliveira Costa, explicou que para cada item a ser adquirido, ser\u00e3o apresentados tr\u00eas or\u00e7amentos, e a compra ser\u00e1 feita junto \u00e0s empresas que oferecerem os menores pre\u00e7os, garantindo transpar\u00eancia e lisura na aplica\u00e7\u00e3o dos recursos. &#8220;\u00c9 um excelente trabalho conjunto entre o TRT e o MPT, garantindo que esses valores, provenientes de penaliza\u00e7\u00f5es aplicadas a quem descumpre a legisla\u00e7\u00e3o trabalhista em a\u00e7\u00f5es coletivas do Minist\u00e9rio P\u00fablico do Trabalho, sejam revertidos em benef\u00edcio da pr\u00f3pria sociedade&#8221;, concluiu.<\/p>\n<p><em><strong>Fonte<\/strong>: Portal A10+<\/em><\/p>\n","protected":false},"excerpt":{"rendered":"<p>Recursos financeiros oriundos de 5 processos no Tribunal Regional do Trabalho da 22\u00aa Regi\u00e3o (TRT-22) ser\u00e3o destinados a auxiliar as v\u00edtimas das enchentes no munic\u00edpio de Picos.\u00a0O valor total de R$ 140 milser\u00e1 repassado \u00e0 C\u00e1ritas Diocesana de Picos, entidade cadastrada pelo Minist\u00e9rio P\u00fablico do Trabalho no Piau\u00ed (MPT-PI) para intermediar a distribui\u00e7\u00e3o da verba. &hellip;<\/p>\n","protected":false},"author":8,"featured_media":84361,"comment_status":"open","ping_status":"open","sticky":false,"template":"","format":"standard","meta":{"content-type":"","rop_custom_images_group":[],"rop_custom_messages_group":[],"rop_publish_now":"yes","rop_publish_now_accounts":{"facebook_2648258775420054_1618374048415101":""},"rop_publish_now_history":[],"rop_publish_now_status":"pending","footnotes":"","_jetpack_memberships_contains_paid_content":false},"categories":[188],"tags":[982,834,838,230,13325,855,15050,13353,128,11636,7945,16471,10399,2201],"yoast_head":"<!-- This site is optimized with the Yoast SEO plugin v22.3 - https:\/\/yoast.com\/wordpress\/plugins\/seo\/ -->\n<title>Valores de processos trabalhistas ser\u00e3o destinados \u00e0s v\u00edtimas das enchentes em Picos, afirma MPT - Portal NPM<\/title>\n<meta name=\"robots\" content=\"index, follow, max-snippet:-1, max-image-preview:large, max-video-preview:-1\" \/>\n<link rel=\"canonical\" href=\"https:\/\/portalnpm.com\/index.php\/2025\/02\/06\/valores-de-processos-trabalhistas-serao-destinados-as-vitimas-das-enchentes-em-picos-afirma-mpt\/\" \/>\n<meta property=\"og:locale\" content=\"pt_BR\" \/>\n<meta property=\"og:type\" content=\"article\" \/>\n<meta property=\"og:title\" content=\"Valores de processos trabalhistas ser\u00e3o destinados \u00e0s v\u00edtimas das enchentes em Picos, afirma MPT - Portal NPM\" \/>\n<meta property=\"og:description\" content=\"Recursos financeiros oriundos de 5 processos no Tribunal Regional do Trabalho da 22\u00aa Regi\u00e3o (TRT-22) ser\u00e3o destinados a auxiliar as v\u00edtimas das enchentes no munic\u00edpio de Picos.\u00a0O valor total de R$ 140 milser\u00e1 repassado \u00e0 C\u00e1ritas Diocesana de Picos, entidade cadastrada pelo Minist\u00e9rio P\u00fablico do Trabalho no Piau\u00ed (MPT-PI) para intermediar a distribui\u00e7\u00e3o da verba. &hellip;\" \/>\n<meta property=\"og:url\" content=\"https:\/\/portalnpm.com\/index.php\/2025\/02\/06\/valores-de-processos-trabalhistas-serao-destinados-as-vitimas-das-enchentes-em-picos-afirma-mpt\/\" \/>\n<meta property=\"og:site_name\" content=\"Portal NPM\" \/>\n<meta property=\"article:published_time\" content=\"2025-02-06T15:00:26+00:00\" \/>\n<meta property=\"og:image\" content=\"https:\/\/portalnpm.com\/wp-content\/uploads\/2025\/02\/IMG_6679.jpeg\" \/>\n\t<meta property=\"og:image:width\" content=\"984\" \/>\n\t<meta property=\"og:image:height\" content=\"551\" \/>\n\t<meta property=\"og:image:type\" content=\"image\/jpeg\" \/>\n<meta name=\"author\" content=\"Zenilton Lima\" \/>\n<meta name=\"twitter:card\" content=\"summary_large_image\" \/>\n<meta name=\"twitter:label1\" content=\"Escrito por\" \/>\n\t<meta name=\"twitter:data1\" content=\"Zenilton Lima\" \/>\n\t<meta name=\"twitter:label2\" content=\"Est. tempo de leitura\" \/>\n\t<meta name=\"twitter:data2\" content=\"2 minutos\" \/>\n<script type=\"application\/ld+json\" class=\"yoast-schema-graph\">{\"@context\":\"https:\/\/schema.org\",\"@graph\":[{\"@type\":\"WebPage\",\"@id\":\"https:\/\/portalnpm.com\/index.php\/2025\/02\/06\/valores-de-processos-trabalhistas-serao-destinados-as-vitimas-das-enchentes-em-picos-afirma-mpt\/\",\"url\":\"https:\/\/portalnpm.com\/index.php\/2025\/02\/06\/valores-de-processos-trabalhistas-serao-destinados-as-vitimas-das-enchentes-em-picos-afirma-mpt\/\",\"name\":\"Valores de processos trabalhistas ser\u00e3o destinados \u00e0s v\u00edtimas das enchentes em Picos, afirma MPT - Portal NPM\",\"isPartOf\":{\"@id\":\"https:\/\/portalnpm.com\/#website\"},\"primaryImageOfPage\":{\"@id\":\"https:\/\/portalnpm.com\/index.php\/2025\/02\/06\/valores-de-processos-trabalhistas-serao-destinados-as-vitimas-das-enchentes-em-picos-afirma-mpt\/#primaryimage\"},\"image\":{\"@id\":\"https:\/\/portalnpm.com\/index.php\/2025\/02\/06\/valores-de-processos-trabalhistas-serao-destinados-as-vitimas-das-enchentes-em-picos-afirma-mpt\/#primaryimage\"},\"thumbnailUrl\":\"https:\/\/portalnpm.com\/wp-content\/uploads\/2025\/02\/IMG_6679.jpeg\",\"datePublished\":\"2025-02-06T15:00:26+00:00\",\"dateModified\":\"2025-02-06T15:00:26+00:00\",\"author\":{\"@id\":\"https:\/\/portalnpm.com\/#\/schema\/person\/35cb55186eae3f074b6783da6d35591e\"},\"breadcrumb\":{\"@id\":\"https:\/\/portalnpm.com\/index.php\/2025\/02\/06\/valores-de-processos-trabalhistas-serao-destinados-as-vitimas-das-enchentes-em-picos-afirma-mpt\/#breadcrumb\"},\"inLanguage\":\"pt-BR\",\"potentialAction\":[{\"@type\":\"ReadAction\",\"target\":[\"https:\/\/portalnpm.com\/index.php\/2025\/02\/06\/valores-de-processos-trabalhistas-serao-destinados-as-vitimas-das-enchentes-em-picos-afirma-mpt\/\"]}]},{\"@type\":\"ImageObject\",\"inLanguage\":\"pt-BR\",\"@id\":\"https:\/\/portalnpm.com\/index.php\/2025\/02\/06\/valores-de-processos-trabalhistas-serao-destinados-as-vitimas-das-enchentes-em-picos-afirma-mpt\/#primaryimage\",\"url\":\"https:\/\/portalnpm.com\/wp-content\/uploads\/2025\/02\/IMG_6679.jpeg\",\"contentUrl\":\"https:\/\/portalnpm.com\/wp-content\/uploads\/2025\/02\/IMG_6679.jpeg\",\"width\":984,\"height\":551,\"caption\":\"Valores de processos trabalhistas ser\u00e3o destinados \u00e0s v\u00edtimas das enchentes em Picos, afirma MPT-PI; valor de R$ 140 mil Divulga\u00e7\u00e3o\"},{\"@type\":\"BreadcrumbList\",\"@id\":\"https:\/\/portalnpm.com\/index.php\/2025\/02\/06\/valores-de-processos-trabalhistas-serao-destinados-as-vitimas-das-enchentes-em-picos-afirma-mpt\/#breadcrumb\",\"itemListElement\":[{\"@type\":\"ListItem\",\"position\":1,\"name\":\"In\u00edcio\",\"item\":\"https:\/\/portalnpm.com\/\"},{\"@type\":\"ListItem\",\"position\":2,\"name\":\"Valores de processos trabalhistas ser\u00e3o destinados \u00e0s v\u00edtimas das enchentes em Picos, afirma MPT\"}]},{\"@type\":\"WebSite\",\"@id\":\"https:\/\/portalnpm.com\/#website\",\"url\":\"https:\/\/portalnpm.com\/\",\"name\":\"Portal NPM\",\"description\":\"Not\u00edcias em Primeira M\u00e3o\",\"potentialAction\":[{\"@type\":\"SearchAction\",\"target\":{\"@type\":\"EntryPoint\",\"urlTemplate\":\"https:\/\/portalnpm.com\/?s={search_term_string}\"},\"query-input\":\"required name=search_term_string\"}],\"inLanguage\":\"pt-BR\"},{\"@type\":\"Person\",\"@id\":\"https:\/\/portalnpm.com\/#\/schema\/person\/35cb55186eae3f074b6783da6d35591e\",\"name\":\"Zenilton Lima\",\"image\":{\"@type\":\"ImageObject\",\"inLanguage\":\"pt-BR\",\"@id\":\"https:\/\/portalnpm.com\/#\/schema\/person\/image\/\",\"url\":\"https:\/\/portalnpm.com\/wp-content\/uploads\/2024\/12\/avatar_user_8_1733658137-96x96.jpeg\",\"contentUrl\":\"https:\/\/portalnpm.com\/wp-content\/uploads\/2024\/12\/avatar_user_8_1733658137-96x96.jpeg\",\"caption\":\"Zenilton Lima\"},\"url\":\"https:\/\/portalnpm.com\/index.php\/author\/zenilton\/\"}]}<\/script>\n<!-- \/ Yoast SEO plugin. -->","yoast_head_json":{"title":"Valores de processos trabalhistas ser\u00e3o destinados \u00e0s v\u00edtimas das enchentes em Picos, afirma MPT - Portal NPM","robots":{"index":"index","follow":"follow","max-snippet":"max-snippet:-1","max-image-preview":"max-image-preview:large","max-video-preview":"max-video-preview:-1"},"canonical":"https:\/\/portalnpm.com\/index.php\/2025\/02\/06\/valores-de-processos-trabalhistas-serao-destinados-as-vitimas-das-enchentes-em-picos-afirma-mpt\/","og_locale":"pt_BR","og_type":"article","og_title":"Valores de processos trabalhistas ser\u00e3o destinados \u00e0s v\u00edtimas das enchentes em Picos, afirma MPT - Portal NPM","og_description":"Recursos financeiros oriundos de 5 processos no Tribunal Regional do Trabalho da 22\u00aa Regi\u00e3o (TRT-22) ser\u00e3o destinados a auxiliar as v\u00edtimas das enchentes no munic\u00edpio de Picos.\u00a0O valor total de R$ 140 milser\u00e1 repassado \u00e0 C\u00e1ritas Diocesana de Picos, entidade cadastrada pelo Minist\u00e9rio P\u00fablico do Trabalho no Piau\u00ed (MPT-PI) para intermediar a distribui\u00e7\u00e3o da verba. &hellip;","og_url":"https:\/\/portalnpm.com\/index.php\/2025\/02\/06\/valores-de-processos-trabalhistas-serao-destinados-as-vitimas-das-enchentes-em-picos-afirma-mpt\/","og_site_name":"Portal NPM","article_published_time":"2025-02-06T15:00:26+00:00","og_image":[{"width":984,"height":551,"url":"https:\/\/portalnpm.com\/wp-content\/uploads\/2025\/02\/IMG_6679.jpeg","type":"image\/jpeg"}],"author":"Zenilton Lima","twitter_card":"summary_large_image","twitter_misc":{"Escrito por":"Zenilton Lima","Est. tempo de leitura":"2 minutos"},"schema":{"@context":"https:\/\/schema.org","@graph":[{"@type":"WebPage","@id":"https:\/\/portalnpm.com\/index.php\/2025\/02\/06\/valores-de-processos-trabalhistas-serao-destinados-as-vitimas-das-enchentes-em-picos-afirma-mpt\/","url":"https:\/\/portalnpm.com\/index.php\/2025\/02\/06\/valores-de-processos-trabalhistas-serao-destinados-as-vitimas-das-enchentes-em-picos-afirma-mpt\/","name":"Valores de processos trabalhistas ser\u00e3o destinados \u00e0s v\u00edtimas das enchentes em Picos, afirma MPT - Portal NPM","isPartOf":{"@id":"https:\/\/portalnpm.com\/#website"},"primaryImageOfPage":{"@id":"https:\/\/portalnpm.com\/index.php\/2025\/02\/06\/valores-de-processos-trabalhistas-serao-destinados-as-vitimas-das-enchentes-em-picos-afirma-mpt\/#primaryimage"},"image":{"@id":"https:\/\/portalnpm.com\/index.php\/2025\/02\/06\/valores-de-processos-trabalhistas-serao-destinados-as-vitimas-das-enchentes-em-picos-afirma-mpt\/#primaryimage"},"thumbnailUrl":"https:\/\/portalnpm.com\/wp-content\/uploads\/2025\/02\/IMG_6679.jpeg","datePublished":"2025-02-06T15:00:26+00:00","dateModified":"2025-02-06T15:00:26+00:00","author":{"@id":"https:\/\/portalnpm.com\/#\/schema\/person\/35cb55186eae3f074b6783da6d35591e"},"breadcrumb":{"@id":"https:\/\/portalnpm.com\/index.php\/2025\/02\/06\/valores-de-processos-trabalhistas-serao-destinados-as-vitimas-das-enchentes-em-picos-afirma-mpt\/#breadcrumb"},"inLanguage":"pt-BR","potentialAction":[{"@type":"ReadAction","target":["https:\/\/portalnpm.com\/index.php\/2025\/02\/06\/valores-de-processos-trabalhistas-serao-destinados-as-vitimas-das-enchentes-em-picos-afirma-mpt\/"]}]},{"@type":"ImageObject","inLanguage":"pt-BR","@id":"https:\/\/portalnpm.com\/index.php\/2025\/02\/06\/valores-de-processos-trabalhistas-serao-destinados-as-vitimas-das-enchentes-em-picos-afirma-mpt\/#primaryimage","url":"https:\/\/portalnpm.com\/wp-content\/uploads\/2025\/02\/IMG_6679.jpeg","contentUrl":"https:\/\/portalnpm.com\/wp-content\/uploads\/2025\/02\/IMG_6679.jpeg","width":984,"height":551,"caption":"Valores de processos trabalhistas ser\u00e3o destinados \u00e0s v\u00edtimas das enchentes em Picos, afirma MPT-PI; valor de R$ 140 mil Divulga\u00e7\u00e3o"},{"@type":"BreadcrumbList","@id":"https:\/\/portalnpm.com\/index.php\/2025\/02\/06\/valores-de-processos-trabalhistas-serao-destinados-as-vitimas-das-enchentes-em-picos-afirma-mpt\/#breadcrumb","itemListElement":[{"@type":"ListItem","position":1,"name":"In\u00edcio","item":"https:\/\/portalnpm.com\/"},{"@type":"ListItem","position":2,"name":"Valores de processos trabalhistas ser\u00e3o destinados \u00e0s v\u00edtimas das enchentes em Picos, afirma MPT"}]},{"@type":"WebSite","@id":"https:\/\/portalnpm.com\/#website","url":"https:\/\/portalnpm.com\/","name":"Portal NPM","description":"Not\u00edcias em Primeira M\u00e3o","potentialAction":[{"@type":"SearchAction","target":{"@type":"EntryPoint","urlTemplate":"https:\/\/portalnpm.com\/?s={search_term_string}"},"query-input":"required name=search_term_string"}],"inLanguage":"pt-BR"},{"@type":"Person","@id":"https:\/\/portalnpm.com\/#\/schema\/person\/35cb55186eae3f074b6783da6d35591e","name":"Zenilton Lima","image":{"@type":"ImageObject","inLanguage":"pt-BR","@id":"https:\/\/portalnpm.com\/#\/schema\/person\/image\/","url":"https:\/\/portalnpm.com\/wp-content\/uploads\/2024\/12\/avatar_user_8_1733658137-96x96.jpeg","contentUrl":"https:\/\/portalnpm.com\/wp-content\/uploads\/2024\/12\/avatar_user_8_1733658137-96x96.jpeg","caption":"Zenilton Lima"},"url":"https:\/\/portalnpm.com\/index.php\/author\/zenilton\/"}]}},"jetpack_sharing_enabled":true,"jetpack_featured_media_url":"https:\/\/portalnpm.com\/wp-content\/uploads\/2025\/02\/IMG_6679.jpeg","_links":{"self":[{"href":"https:\/\/portalnpm.com\/index.php\/wp-json\/wp\/v2\/posts\/84360"}],"collection":[{"href":"https:\/\/portalnpm.com\/index.php\/wp-json\/wp\/v2\/posts"}],"about":[{"href":"https:\/\/portalnpm.com\/index.php\/wp-json\/wp\/v2\/types\/post"}],"author":[{"embeddable":true,"href":"https:\/\/portalnpm.com\/index.php\/wp-json\/wp\/v2\/users\/8"}],"replies":[{"embeddable":true,"href":"https:\/\/portalnpm.com\/index.php\/wp-json\/wp\/v2\/comments?post=84360"}],"version-history":[{"count":1,"href":"https:\/\/portalnpm.com\/index.php\/wp-json\/wp\/v2\/posts\/84360\/revisions"}],"predecessor-version":[{"id":84362,"href":"https:\/\/portalnpm.com\/index.php\/wp-json\/wp\/v2\/posts\/84360\/revisions\/84362"}],"wp:featuredmedia":[{"embeddable":true,"href":"https:\/\/portalnpm.com\/index.php\/wp-json\/wp\/v2\/media\/84361"}],"wp:attachment":[{"href":"https:\/\/portalnpm.com\/index.php\/wp-json\/wp\/v2\/media?parent=84360"}],"wp:term":[{"taxonomy":"category","embeddable":true,"href":"https:\/\/portalnpm.com\/index.php\/wp-json\/wp\/v2\/categories?post=84360"},{"taxonomy":"post_tag","embeddable":true,"href":"https:\/\/portalnpm.com\/index.php\/wp-json\/wp\/v2\/tags?post=84360"}],"curies":[{"name":"wp","href":"https:\/\/api.w.org\/{rel}","templated":true}]}}