{"id":84363,"date":"2025-02-06T12:03:45","date_gmt":"2025-02-06T15:03:45","guid":{"rendered":"https:\/\/portalnpm.com\/?p=84363"},"modified":"2025-02-06T12:03:45","modified_gmt":"2025-02-06T15:03:45","slug":"governo-espera-que-fusao-entre-gol-e-azul-seja-concluida-em-12-meses","status":"publish","type":"post","link":"https:\/\/portalnpm.com\/index.php\/2025\/02\/06\/governo-espera-que-fusao-entre-gol-e-azul-seja-concluida-em-12-meses\/","title":{"rendered":"Governo espera que fus\u00e3o entre Gol e Azul seja conclu\u00edda em 12 meses"},"content":{"rendered":"<p>O governo federal calcula que o processo de fus\u00e3o entre as companhias a\u00e9reas Gol e Azul seja conclu\u00eddo em um prazo de 12 meses. A informa\u00e7\u00e3o foi dada nesta quinta-feira (6) pelo ministro de Porto e Aeroporto, Silvio Costa Filho, durante entrevista a emissoras de r\u00e1dio no programa <em>Bom Dia, Ministro<\/em>, transmitido pela <strong>Empresa Brasil de Comunica\u00e7\u00e3o (EBC).<\/strong><img decoding=\"async\" src=\"https:\/\/agenciabrasil.ebc.com.br\/ebc.png?id=1629345&amp;o=node\" \/><img decoding=\"async\" src=\"https:\/\/agenciabrasil.ebc.com.br\/ebc.gif?id=1629345&amp;o=node\" \/><\/p>\n<p>\u201cEsse \u00e9 o prazo que o Cade [Conselho Administrativo de Defesa Econ\u00f4mica] tem colocado. As companhias a\u00e9reas est\u00e3o no processo de dar entrada na documenta\u00e7\u00e3o. A gente est\u00e1 aguardando. N\u00f3s j\u00e1 nos reunimos com o presidente da Latam, nos reunimos com o presidente da Azul e com o presidente da Gol\u201d, disse.<\/p>\n<p>Segundo Costa Filho, est\u00e1 prevista para a pr\u00f3xima semana uma reuni\u00e3o da pasta com o presidente do Cade, Alexandre Cordeiro Macedo. \u201cPra gente poder ir monitorando, acompanhando e fortalecendo\u201d, explicou. \u201cCaso essa fus\u00e3o venha a acontecer, n\u00e3o vamos aceitar aumentos de passagens que prejudiquem a popula\u00e7\u00e3o. O Cade tem que ter um olhar para isso\u201d.<\/p>\n<p>\u201cMesmo com o aumento do d\u00f3lar no final do ano passado, n\u00f3s tivemos uma redu\u00e7\u00e3o no custo da passagem em 5% de maneira globalizada. O governo est\u00e1 atento a isso. A gente precisa ampliar cada vez mais a avia\u00e7\u00e3o brasileira. Essas companhias est\u00e3o comprando novas aeronaves \u2013 em torno de 50 novos avi\u00f5es, que ingressar\u00e3o na avia\u00e7\u00e3o brasileira. Isso vai ajudar no fortalecimento da avia\u00e7\u00e3o regional do pa\u00eds.\u201d<\/p>\n<h2>Entenda<\/h2>\n<p>A companhia a\u00e9rea Azul e a Abras, dona da Gol, assinaram, no \u00faltimo dia 15, um memorando de entendimento para iniciar as negocia\u00e7\u00f5es para uma fus\u00e3o. Caso a uni\u00e3o se concretize, a nova empresa concentrar\u00e1 60% do mercado a\u00e9reo no pa\u00eds.<\/p>\n<p>Pelo memorando, divulgado ao mercado financeiro, a fus\u00e3o depende do fim da recupera\u00e7\u00e3o judicial da Gol nos Estados Unidos, prevista para abril. A nova empresa ter\u00e1 tr\u00eas conselheiros da Abra, holding que controla a Gol e a Avianca, tr\u00eas da Azul e tr\u00eas independentes.<\/p>\n<p>O presidente do conselho da futura companhia ser\u00e1 indicado pela Abra e o diretor-executivo (CEO, na sigla em ingl\u00eas) ser\u00e1 indicado pela Azul. Dessa forma, o CEO da Azul, John Rodgerson, assumir\u00e1 a presid\u00eancia do novo grupo depois que o Conselho Administrativo de Defesa Econ\u00f4mica (Cade) e a Ag\u00eancia Nacional de Avia\u00e7\u00e3o Civil (Anac) aprovarem a fus\u00e3o.<\/p>\n<p>As marcas Gol e Azul continuar\u00e3o a existir de forma independente, mas as duas a\u00e9reas poder\u00e3o compartilhar aeronaves, com uma companhia fazendo voos da outra, de modo a aumentar a liga\u00e7\u00e3o entre grandes cidades e destinos regionais.<\/p>\n<p><strong>Fonte<\/strong>: Ag\u00eancia Brasil<\/p>\n","protected":false},"excerpt":{"rendered":"<p>O governo federal calcula que o processo de fus\u00e3o entre as companhias a\u00e9reas Gol e Azul seja conclu\u00eddo em um prazo de 12 meses. A informa\u00e7\u00e3o foi dada nesta quinta-feira (6) pelo ministro de Porto e Aeroporto, Silvio Costa Filho, durante entrevista a emissoras de r\u00e1dio no programa Bom Dia, Ministro, transmitido pela Empresa Brasil &hellip;<\/p>\n","protected":false},"author":8,"featured_media":84364,"comment_status":"open","ping_status":"open","sticky":false,"template":"","format":"standard","meta":{"content-type":"","rop_custom_images_group":[],"rop_custom_messages_group":[],"rop_publish_now":"yes","rop_publish_now_accounts":{"facebook_2648258775420054_1618374048415101":""},"rop_publish_now_history":[],"rop_publish_now_status":"pending","footnotes":"","_jetpack_memberships_contains_paid_content":false},"categories":[125],"tags":[4178,12523,15696,855,4159,1480,11860,850,524,4447,4199],"yoast_head":"<!-- This site is optimized with the Yoast SEO plugin v22.3 - https:\/\/yoast.com\/wordpress\/plugins\/seo\/ -->\n<title>Governo espera que fus\u00e3o entre Gol e Azul seja conclu\u00edda em 12 meses - Portal NPM<\/title>\n<meta name=\"robots\" content=\"index, follow, max-snippet:-1, max-image-preview:large, max-video-preview:-1\" \/>\n<link rel=\"canonical\" href=\"https:\/\/portalnpm.com\/index.php\/2025\/02\/06\/governo-espera-que-fusao-entre-gol-e-azul-seja-concluida-em-12-meses\/\" \/>\n<meta property=\"og:locale\" content=\"pt_BR\" \/>\n<meta property=\"og:type\" content=\"article\" \/>\n<meta property=\"og:title\" content=\"Governo espera que fus\u00e3o entre Gol e Azul seja conclu\u00edda em 12 meses - Portal NPM\" \/>\n<meta property=\"og:description\" content=\"O governo federal calcula que o processo de fus\u00e3o entre as companhias a\u00e9reas Gol e Azul seja conclu\u00eddo em um prazo de 12 meses. A informa\u00e7\u00e3o foi dada nesta quinta-feira (6) pelo ministro de Porto e Aeroporto, Silvio Costa Filho, durante entrevista a emissoras de r\u00e1dio no programa Bom Dia, Ministro, transmitido pela Empresa Brasil &hellip;\" \/>\n<meta property=\"og:url\" content=\"https:\/\/portalnpm.com\/index.php\/2025\/02\/06\/governo-espera-que-fusao-entre-gol-e-azul-seja-concluida-em-12-meses\/\" \/>\n<meta property=\"og:site_name\" content=\"Portal NPM\" \/>\n<meta property=\"article:published_time\" content=\"2025-02-06T15:03:45+00:00\" \/>\n<meta property=\"og:image\" content=\"https:\/\/portalnpm.com\/wp-content\/uploads\/2025\/02\/IMG_6680.webp\" \/>\n\t<meta property=\"og:image:width\" content=\"1170\" \/>\n\t<meta property=\"og:image:height\" content=\"700\" \/>\n\t<meta property=\"og:image:type\" content=\"image\/webp\" \/>\n<meta name=\"author\" content=\"Zenilton Lima\" \/>\n<meta name=\"twitter:card\" content=\"summary_large_image\" \/>\n<meta name=\"twitter:label1\" content=\"Escrito por\" \/>\n\t<meta name=\"twitter:data1\" content=\"Zenilton Lima\" \/>\n\t<meta name=\"twitter:label2\" content=\"Est. tempo de leitura\" \/>\n\t<meta name=\"twitter:data2\" content=\"3 minutos\" \/>\n<script type=\"application\/ld+json\" class=\"yoast-schema-graph\">{\"@context\":\"https:\/\/schema.org\",\"@graph\":[{\"@type\":\"WebPage\",\"@id\":\"https:\/\/portalnpm.com\/index.php\/2025\/02\/06\/governo-espera-que-fusao-entre-gol-e-azul-seja-concluida-em-12-meses\/\",\"url\":\"https:\/\/portalnpm.com\/index.php\/2025\/02\/06\/governo-espera-que-fusao-entre-gol-e-azul-seja-concluida-em-12-meses\/\",\"name\":\"Governo espera que fus\u00e3o entre Gol e Azul seja conclu\u00edda em 12 meses - Portal NPM\",\"isPartOf\":{\"@id\":\"https:\/\/portalnpm.com\/#website\"},\"primaryImageOfPage\":{\"@id\":\"https:\/\/portalnpm.com\/index.php\/2025\/02\/06\/governo-espera-que-fusao-entre-gol-e-azul-seja-concluida-em-12-meses\/#primaryimage\"},\"image\":{\"@id\":\"https:\/\/portalnpm.com\/index.php\/2025\/02\/06\/governo-espera-que-fusao-entre-gol-e-azul-seja-concluida-em-12-meses\/#primaryimage\"},\"thumbnailUrl\":\"https:\/\/portalnpm.com\/wp-content\/uploads\/2025\/02\/IMG_6680.webp\",\"datePublished\":\"2025-02-06T15:03:45+00:00\",\"dateModified\":\"2025-02-06T15:03:45+00:00\",\"author\":{\"@id\":\"https:\/\/portalnpm.com\/#\/schema\/person\/35cb55186eae3f074b6783da6d35591e\"},\"breadcrumb\":{\"@id\":\"https:\/\/portalnpm.com\/index.php\/2025\/02\/06\/governo-espera-que-fusao-entre-gol-e-azul-seja-concluida-em-12-meses\/#breadcrumb\"},\"inLanguage\":\"pt-BR\",\"potentialAction\":[{\"@type\":\"ReadAction\",\"target\":[\"https:\/\/portalnpm.com\/index.php\/2025\/02\/06\/governo-espera-que-fusao-entre-gol-e-azul-seja-concluida-em-12-meses\/\"]}]},{\"@type\":\"ImageObject\",\"inLanguage\":\"pt-BR\",\"@id\":\"https:\/\/portalnpm.com\/index.php\/2025\/02\/06\/governo-espera-que-fusao-entre-gol-e-azul-seja-concluida-em-12-meses\/#primaryimage\",\"url\":\"https:\/\/portalnpm.com\/wp-content\/uploads\/2025\/02\/IMG_6680.webp\",\"contentUrl\":\"https:\/\/portalnpm.com\/wp-content\/uploads\/2025\/02\/IMG_6680.webp\",\"width\":1170,\"height\":700,\"caption\":\"FABIO RODRIGUES-POZZEBOM\/ AG\u00caNCIA BRASIL\"},{\"@type\":\"BreadcrumbList\",\"@id\":\"https:\/\/portalnpm.com\/index.php\/2025\/02\/06\/governo-espera-que-fusao-entre-gol-e-azul-seja-concluida-em-12-meses\/#breadcrumb\",\"itemListElement\":[{\"@type\":\"ListItem\",\"position\":1,\"name\":\"In\u00edcio\",\"item\":\"https:\/\/portalnpm.com\/\"},{\"@type\":\"ListItem\",\"position\":2,\"name\":\"Governo espera que fus\u00e3o entre Gol e Azul seja conclu\u00edda em 12 meses\"}]},{\"@type\":\"WebSite\",\"@id\":\"https:\/\/portalnpm.com\/#website\",\"url\":\"https:\/\/portalnpm.com\/\",\"name\":\"Portal NPM\",\"description\":\"Not\u00edcias em Primeira M\u00e3o\",\"potentialAction\":[{\"@type\":\"SearchAction\",\"target\":{\"@type\":\"EntryPoint\",\"urlTemplate\":\"https:\/\/portalnpm.com\/?s={search_term_string}\"},\"query-input\":\"required name=search_term_string\"}],\"inLanguage\":\"pt-BR\"},{\"@type\":\"Person\",\"@id\":\"https:\/\/portalnpm.com\/#\/schema\/person\/35cb55186eae3f074b6783da6d35591e\",\"name\":\"Zenilton Lima\",\"image\":{\"@type\":\"ImageObject\",\"inLanguage\":\"pt-BR\",\"@id\":\"https:\/\/portalnpm.com\/#\/schema\/person\/image\/\",\"url\":\"https:\/\/portalnpm.com\/wp-content\/uploads\/2024\/12\/avatar_user_8_1733658137-96x96.jpeg\",\"contentUrl\":\"https:\/\/portalnpm.com\/wp-content\/uploads\/2024\/12\/avatar_user_8_1733658137-96x96.jpeg\",\"caption\":\"Zenilton Lima\"},\"url\":\"https:\/\/portalnpm.com\/index.php\/author\/zenilton\/\"}]}<\/script>\n<!-- \/ Yoast SEO plugin. -->","yoast_head_json":{"title":"Governo espera que fus\u00e3o entre Gol e Azul seja conclu\u00edda em 12 meses - Portal NPM","robots":{"index":"index","follow":"follow","max-snippet":"max-snippet:-1","max-image-preview":"max-image-preview:large","max-video-preview":"max-video-preview:-1"},"canonical":"https:\/\/portalnpm.com\/index.php\/2025\/02\/06\/governo-espera-que-fusao-entre-gol-e-azul-seja-concluida-em-12-meses\/","og_locale":"pt_BR","og_type":"article","og_title":"Governo espera que fus\u00e3o entre Gol e Azul seja conclu\u00edda em 12 meses - Portal NPM","og_description":"O governo federal calcula que o processo de fus\u00e3o entre as companhias a\u00e9reas Gol e Azul seja conclu\u00eddo em um prazo de 12 meses. A informa\u00e7\u00e3o foi dada nesta quinta-feira (6) pelo ministro de Porto e Aeroporto, Silvio Costa Filho, durante entrevista a emissoras de r\u00e1dio no programa Bom Dia, Ministro, transmitido pela Empresa Brasil &hellip;","og_url":"https:\/\/portalnpm.com\/index.php\/2025\/02\/06\/governo-espera-que-fusao-entre-gol-e-azul-seja-concluida-em-12-meses\/","og_site_name":"Portal NPM","article_published_time":"2025-02-06T15:03:45+00:00","og_image":[{"width":1170,"height":700,"url":"https:\/\/portalnpm.com\/wp-content\/uploads\/2025\/02\/IMG_6680.webp","type":"image\/webp"}],"author":"Zenilton Lima","twitter_card":"summary_large_image","twitter_misc":{"Escrito por":"Zenilton Lima","Est. tempo de leitura":"3 minutos"},"schema":{"@context":"https:\/\/schema.org","@graph":[{"@type":"WebPage","@id":"https:\/\/portalnpm.com\/index.php\/2025\/02\/06\/governo-espera-que-fusao-entre-gol-e-azul-seja-concluida-em-12-meses\/","url":"https:\/\/portalnpm.com\/index.php\/2025\/02\/06\/governo-espera-que-fusao-entre-gol-e-azul-seja-concluida-em-12-meses\/","name":"Governo espera que fus\u00e3o entre Gol e Azul seja conclu\u00edda em 12 meses - Portal NPM","isPartOf":{"@id":"https:\/\/portalnpm.com\/#website"},"primaryImageOfPage":{"@id":"https:\/\/portalnpm.com\/index.php\/2025\/02\/06\/governo-espera-que-fusao-entre-gol-e-azul-seja-concluida-em-12-meses\/#primaryimage"},"image":{"@id":"https:\/\/portalnpm.com\/index.php\/2025\/02\/06\/governo-espera-que-fusao-entre-gol-e-azul-seja-concluida-em-12-meses\/#primaryimage"},"thumbnailUrl":"https:\/\/portalnpm.com\/wp-content\/uploads\/2025\/02\/IMG_6680.webp","datePublished":"2025-02-06T15:03:45+00:00","dateModified":"2025-02-06T15:03:45+00:00","author":{"@id":"https:\/\/portalnpm.com\/#\/schema\/person\/35cb55186eae3f074b6783da6d35591e"},"breadcrumb":{"@id":"https:\/\/portalnpm.com\/index.php\/2025\/02\/06\/governo-espera-que-fusao-entre-gol-e-azul-seja-concluida-em-12-meses\/#breadcrumb"},"inLanguage":"pt-BR","potentialAction":[{"@type":"ReadAction","target":["https:\/\/portalnpm.com\/index.php\/2025\/02\/06\/governo-espera-que-fusao-entre-gol-e-azul-seja-concluida-em-12-meses\/"]}]},{"@type":"ImageObject","inLanguage":"pt-BR","@id":"https:\/\/portalnpm.com\/index.php\/2025\/02\/06\/governo-espera-que-fusao-entre-gol-e-azul-seja-concluida-em-12-meses\/#primaryimage","url":"https:\/\/portalnpm.com\/wp-content\/uploads\/2025\/02\/IMG_6680.webp","contentUrl":"https:\/\/portalnpm.com\/wp-content\/uploads\/2025\/02\/IMG_6680.webp","width":1170,"height":700,"caption":"FABIO RODRIGUES-POZZEBOM\/ AG\u00caNCIA BRASIL"},{"@type":"BreadcrumbList","@id":"https:\/\/portalnpm.com\/index.php\/2025\/02\/06\/governo-espera-que-fusao-entre-gol-e-azul-seja-concluida-em-12-meses\/#breadcrumb","itemListElement":[{"@type":"ListItem","position":1,"name":"In\u00edcio","item":"https:\/\/portalnpm.com\/"},{"@type":"ListItem","position":2,"name":"Governo espera que fus\u00e3o entre Gol e Azul seja conclu\u00edda em 12 meses"}]},{"@type":"WebSite","@id":"https:\/\/portalnpm.com\/#website","url":"https:\/\/portalnpm.com\/","name":"Portal NPM","description":"Not\u00edcias em Primeira M\u00e3o","potentialAction":[{"@type":"SearchAction","target":{"@type":"EntryPoint","urlTemplate":"https:\/\/portalnpm.com\/?s={search_term_string}"},"query-input":"required name=search_term_string"}],"inLanguage":"pt-BR"},{"@type":"Person","@id":"https:\/\/portalnpm.com\/#\/schema\/person\/35cb55186eae3f074b6783da6d35591e","name":"Zenilton Lima","image":{"@type":"ImageObject","inLanguage":"pt-BR","@id":"https:\/\/portalnpm.com\/#\/schema\/person\/image\/","url":"https:\/\/portalnpm.com\/wp-content\/uploads\/2024\/12\/avatar_user_8_1733658137-96x96.jpeg","contentUrl":"https:\/\/portalnpm.com\/wp-content\/uploads\/2024\/12\/avatar_user_8_1733658137-96x96.jpeg","caption":"Zenilton Lima"},"url":"https:\/\/portalnpm.com\/index.php\/author\/zenilton\/"}]}},"jetpack_sharing_enabled":true,"jetpack_featured_media_url":"https:\/\/portalnpm.com\/wp-content\/uploads\/2025\/02\/IMG_6680.webp","_links":{"self":[{"href":"https:\/\/portalnpm.com\/index.php\/wp-json\/wp\/v2\/posts\/84363"}],"collection":[{"href":"https:\/\/portalnpm.com\/index.php\/wp-json\/wp\/v2\/posts"}],"about":[{"href":"https:\/\/portalnpm.com\/index.php\/wp-json\/wp\/v2\/types\/post"}],"author":[{"embeddable":true,"href":"https:\/\/portalnpm.com\/index.php\/wp-json\/wp\/v2\/users\/8"}],"replies":[{"embeddable":true,"href":"https:\/\/portalnpm.com\/index.php\/wp-json\/wp\/v2\/comments?post=84363"}],"version-history":[{"count":1,"href":"https:\/\/portalnpm.com\/index.php\/wp-json\/wp\/v2\/posts\/84363\/revisions"}],"predecessor-version":[{"id":84365,"href":"https:\/\/portalnpm.com\/index.php\/wp-json\/wp\/v2\/posts\/84363\/revisions\/84365"}],"wp:featuredmedia":[{"embeddable":true,"href":"https:\/\/portalnpm.com\/index.php\/wp-json\/wp\/v2\/media\/84364"}],"wp:attachment":[{"href":"https:\/\/portalnpm.com\/index.php\/wp-json\/wp\/v2\/media?parent=84363"}],"wp:term":[{"taxonomy":"category","embeddable":true,"href":"https:\/\/portalnpm.com\/index.php\/wp-json\/wp\/v2\/categories?post=84363"},{"taxonomy":"post_tag","embeddable":true,"href":"https:\/\/portalnpm.com\/index.php\/wp-json\/wp\/v2\/tags?post=84363"}],"curies":[{"name":"wp","href":"https:\/\/api.w.org\/{rel}","templated":true}]}}