{"id":84696,"date":"2025-02-18T20:16:45","date_gmt":"2025-02-18T23:16:45","guid":{"rendered":"https:\/\/portalnpm.com\/?p=84696"},"modified":"2025-02-18T20:16:45","modified_gmt":"2025-02-18T23:16:45","slug":"com-theo-hernandez-expulso-milan-empata-com-feyenoord-e-e-eliminado-da-champions","status":"publish","type":"post","link":"https:\/\/portalnpm.com\/index.php\/2025\/02\/18\/com-theo-hernandez-expulso-milan-empata-com-feyenoord-e-e-eliminado-da-champions\/","title":{"rendered":"Com Theo Hern\u00e1ndez expulso, Milan empata com Feyenoord e \u00e9 eliminado da Champions"},"content":{"rendered":"<div class=\"fsNewsArticle__content\">\n<div class=\"fsNewsArticle__perex\">O Milan empatou com o Feyenoord em 1 a 1 nesta ter\u00e7a-feira (18), no San Siro, e est\u00e1 eliminado da Champions League. O resultado leva o time holand\u00eas \u00e0s oitavas de final para enfrentar Arsenal ou Inter de Mil\u00e3o. O confronto ser\u00e1 definido em sorteio direcionado nesta sexta-feira (21).<\/div>\n<p>O <a href=\"https:\/\/www.flashscore.com.br\/equipe\/ac-milan\/8Sa8HInO\/\">Milan<\/a> abriu o placar logo aos 40 segundos de bola rolando, com o mexicano <a href=\"https:\/\/www.flashscore.com.br\/jogador\/gimenez-santiago\/rNqz4i6M\/\">Santiago Gim\u00e9nez<\/a>, ex-jogador do <a href=\"https:\/\/www.flashscore.com.br\/equipe\/feyenoord\/8zjySeoN\/\">Feyenoord<\/a>. Em respeito \u00e0 sua antiga equipe, o atacante n\u00e3o celebrou.<\/p>\n<div><\/div>\n<p><b><a href=\"https:\/\/www.flashscore.com.br\/futebol\/europa\/liga-dos-campeoes\/calendario\/\">Confira a tabela da Champions League no Flashscore<\/a>\u00a0<\/b><\/p>\n<p>O gigante italiano, sete vezes campe\u00e3o da Europa, poderia ter ampliado o placar, mas foi perdendo chances importantes. E a\u00ed apareceu o fiel da balan\u00e7a no confronto: <a href=\"https:\/\/www.flashscore.com.br\/jogador\/hernandez-theo\/ATurLHr0\/\">Theo Hern\u00e1ndez<\/a>.<\/p>\n<div class=\"ui-media__embed ui-media__embed--youtube\">\n<div class=\"ui-media__placeholder ui-media__placeholder--youtube ska__di\"><iframe title=\"YouTube video player\" src=\"https:\/\/www.youtube.com\/embed\/wcCHG_Qe11E\" width=\"100%\" height=\"100%\" frameborder=\"0\" data-mce-fragment=\"1\"><\/iframe><\/div>\n<\/div>\n<p>No primeiro tempo, ele levou um cart\u00e3o amarelo bobo, que inclusive o suspendia de uma sequ\u00eancia na Champions League.<\/p>\n<p>Na etapa final, aos cinco minutos, o franc\u00eas simulou de forma rid\u00edcula um p\u00eanalti. Hern\u00e1ndez levou o segundo amarelo e foi expulso de campo.<\/p>\n<p><b><a href=\"https:\/\/www.flashscore.com.br\/jogo\/CIzpxJ25\/#\/resumo-de-jogo\/detalhe-do-jogo\/\">Veja como foi Milan 1 x 1 Feyenoord<\/a><\/b><\/p>\n<div class=\"imageContainer\">\n<figure class=\"wcl-figure_yUbWz\" data-testid=\"wcl-news-image\"><picture class=\"wcl-picture_4hHfP\"><source srcset=\"https:\/\/livesport-ott-images.ssl.cdn.cra.cz\/r120xfq60\/87fabb2b-5618-40fa-939b-af3328d308b7.avif 120w, https:\/\/livesport-ott-images.ssl.cdn.cra.cz\/r300xfq60\/87fabb2b-5618-40fa-939b-af3328d308b7.avif 300w, https:\/\/livesport-ott-images.ssl.cdn.cra.cz\/r600xfq60\/87fabb2b-5618-40fa-939b-af3328d308b7.avif 600w, https:\/\/livesport-ott-images.ssl.cdn.cra.cz\/r900xfq60\/87fabb2b-5618-40fa-939b-af3328d308b7.avif 900w, https:\/\/livesport-ott-images.ssl.cdn.cra.cz\/r1200xfq60\/87fabb2b-5618-40fa-939b-af3328d308b7.avif 1200w\" type=\"image\/avif\" sizes=\"(max-width: 1047px) 100vw, 614px\" \/><source srcset=\"https:\/\/livesport-ott-images.ssl.cdn.cra.cz\/r120xfq60\/87fabb2b-5618-40fa-939b-af3328d308b7.webp 120w, https:\/\/livesport-ott-images.ssl.cdn.cra.cz\/r300xfq60\/87fabb2b-5618-40fa-939b-af3328d308b7.webp 300w, https:\/\/livesport-ott-images.ssl.cdn.cra.cz\/r600xfq60\/87fabb2b-5618-40fa-939b-af3328d308b7.webp 600w, https:\/\/livesport-ott-images.ssl.cdn.cra.cz\/r900xfq60\/87fabb2b-5618-40fa-939b-af3328d308b7.webp 900w, https:\/\/livesport-ott-images.ssl.cdn.cra.cz\/r1200xfq60\/87fabb2b-5618-40fa-939b-af3328d308b7.webp 1200w\" type=\"image\/webp\" sizes=\"(max-width: 1047px) 100vw, 614px\" \/><source srcset=\"https:\/\/livesport-ott-images.ssl.cdn.cra.cz\/r120xfq60\/87fabb2b-5618-40fa-939b-af3328d308b7.jpg 120w, https:\/\/livesport-ott-images.ssl.cdn.cra.cz\/r300xfq60\/87fabb2b-5618-40fa-939b-af3328d308b7.jpg 300w, https:\/\/livesport-ott-images.ssl.cdn.cra.cz\/r600xfq60\/87fabb2b-5618-40fa-939b-af3328d308b7.jpg 600w, https:\/\/livesport-ott-images.ssl.cdn.cra.cz\/r900xfq60\/87fabb2b-5618-40fa-939b-af3328d308b7.jpg 900w, https:\/\/livesport-ott-images.ssl.cdn.cra.cz\/r1200xfq60\/87fabb2b-5618-40fa-939b-af3328d308b7.jpg 1200w\" type=\"image\/jpeg\" sizes=\"(max-width: 1047px) 100vw, 614px\" \/><img decoding=\"async\" class=\"wcl-image_MVcAW wcl-imageLoaded_ZPZKi\" title=\"Theo Hern\u00e1ndez deixa o campo ap\u00f3s levar segundo amarelo e ser expulso de campo\" src=\"https:\/\/livesport-ott-images.ssl.cdn.cra.cz\/r900xfq60\/87fabb2b-5618-40fa-939b-af3328d308b7.jpg\" alt=\"Theo Hern\u00e1ndez deixa o campo ap\u00f3s levar segundo amarelo e ser expulso de campo\" \/><\/picture><figcaption class=\"wcl-caption_3NLFe wcl-article_ePLEz\" data-testid=\"wcl-contentMetadata-default\"><span class=\"wcl-simpleText_Asp-0 wcl-scores-simpleText-01_pV2Wk wcl-articleAlt_VkWe-\" data-testid=\"wcl-scores-simpleText-01\">Theo Hern\u00e1ndez deixa o campo ap\u00f3s levar segundo amarelo e ser expulso de campo<\/span><span class=\"wcl-simpleText_Asp-0 wcl-scores-simpleText-01_pV2Wk wcl-credit_dEDzw\" data-testid=\"wcl-scores-simpleText-01\">PIERO CRUCIATTI\/AFP<\/span><\/figcaption><\/figure>\n<\/div>\n<p>Com um a mais, o Feyenoord se encheu de coragem no confronto e, aos 28 minutos, chegou \u00e0s redes de <a href=\"https:\/\/www.flashscore.com.br\/jogador\/maignan-mike\/S6gN2QNC\/\">Maignan<\/a> com o argentino <a href=\"https:\/\/www.flashscore.com.br\/jogador\/carranza-julian\/Sjuux8QC\/\">Carranza<\/a>. O gol assegurou a classifica\u00e7\u00e3o, j\u00e1 que <a href=\"https:\/\/www.flashscore.com.br\/jogo\/GjsyvuYh\/#\/resumo-de-jogo\/detalhe-do-jogo\/\">o time holand\u00eas venceu na ida por 1 a 0<\/a>.<\/p>\n<div class=\"imageContainer\">\n<figure class=\"wcl-figure_yUbWz\" data-testid=\"wcl-news-image\"><picture class=\"wcl-picture_4hHfP\"><source srcset=\"https:\/\/livesport-ott-images.ssl.cdn.cra.cz\/r120xfq60\/95a5d6e6-0b4a-4857-9233-9904b244e3da.avif 120w, https:\/\/livesport-ott-images.ssl.cdn.cra.cz\/r300xfq60\/95a5d6e6-0b4a-4857-9233-9904b244e3da.avif 300w, https:\/\/livesport-ott-images.ssl.cdn.cra.cz\/r600xfq60\/95a5d6e6-0b4a-4857-9233-9904b244e3da.avif 600w, https:\/\/livesport-ott-images.ssl.cdn.cra.cz\/r900xfq60\/95a5d6e6-0b4a-4857-9233-9904b244e3da.avif 900w, https:\/\/livesport-ott-images.ssl.cdn.cra.cz\/r1200xfq60\/95a5d6e6-0b4a-4857-9233-9904b244e3da.avif 1200w\" type=\"image\/avif\" sizes=\"(max-width: 1047px) 100vw, 614px\" \/><source srcset=\"https:\/\/livesport-ott-images.ssl.cdn.cra.cz\/r120xfq60\/95a5d6e6-0b4a-4857-9233-9904b244e3da.webp 120w, https:\/\/livesport-ott-images.ssl.cdn.cra.cz\/r300xfq60\/95a5d6e6-0b4a-4857-9233-9904b244e3da.webp 300w, https:\/\/livesport-ott-images.ssl.cdn.cra.cz\/r600xfq60\/95a5d6e6-0b4a-4857-9233-9904b244e3da.webp 600w, https:\/\/livesport-ott-images.ssl.cdn.cra.cz\/r900xfq60\/95a5d6e6-0b4a-4857-9233-9904b244e3da.webp 900w, https:\/\/livesport-ott-images.ssl.cdn.cra.cz\/r1200xfq60\/95a5d6e6-0b4a-4857-9233-9904b244e3da.webp 1200w\" type=\"image\/webp\" sizes=\"(max-width: 1047px) 100vw, 614px\" \/><source srcset=\"https:\/\/livesport-ott-images.ssl.cdn.cra.cz\/r120xfq60\/95a5d6e6-0b4a-4857-9233-9904b244e3da.jpg 120w, https:\/\/livesport-ott-images.ssl.cdn.cra.cz\/r300xfq60\/95a5d6e6-0b4a-4857-9233-9904b244e3da.jpg 300w, https:\/\/livesport-ott-images.ssl.cdn.cra.cz\/r600xfq60\/95a5d6e6-0b4a-4857-9233-9904b244e3da.jpg 600w, https:\/\/livesport-ott-images.ssl.cdn.cra.cz\/r900xfq60\/95a5d6e6-0b4a-4857-9233-9904b244e3da.jpg 900w, https:\/\/livesport-ott-images.ssl.cdn.cra.cz\/r1200xfq60\/95a5d6e6-0b4a-4857-9233-9904b244e3da.jpg 1200w\" type=\"image\/jpeg\" sizes=\"(max-width: 1047px) 100vw, 614px\" \/><img decoding=\"async\" class=\"wcl-image_MVcAW wcl-imageLoaded_ZPZKi\" title=\"As estat\u00edsticas do empate entre Milan e Feyenoord\" src=\"https:\/\/livesport-ott-images.ssl.cdn.cra.cz\/r900xfq60\/95a5d6e6-0b4a-4857-9233-9904b244e3da.jpg\" alt=\"As estat\u00edsticas do empate entre Milan e Feyenoord\" \/><\/picture><figcaption class=\"wcl-caption_3NLFe wcl-article_ePLEz\" data-testid=\"wcl-contentMetadata-default\"><span class=\"wcl-simpleText_Asp-0 wcl-scores-simpleText-01_pV2Wk wcl-articleAlt_VkWe-\" data-testid=\"wcl-scores-simpleText-01\">As estat\u00edsticas do empate entre Milan e Feyenoord<\/span><span class=\"wcl-simpleText_Asp-0 wcl-scores-simpleText-01_pV2Wk wcl-credit_dEDzw\" data-testid=\"wcl-scores-simpleText-01\">Opta By Stats Perform<\/span><\/figcaption><\/figure>\n<\/div>\n<h2><b>Uma classifica\u00e7\u00e3o heroica\u00a0<\/b><\/h2>\n<p>O Feyenoord chegou para este confronto em seu pior momento na temporada. Nos \u00faltimos dez jogos, a equipe somava cinco derrotas, incluindo uma goleada de 6 a 1 para o Lille na \u00faltima rodada da fase de classifica\u00e7\u00e3o da Champions.<\/p>\n<p>Para completar, o time ainda perdeu seu goleador, Santiago Gim\u00e9nez, em transfer\u00eancia para o Milan, e est\u00e1 com um interino no comando.<\/p>\n<p>Dois dias antes da primeira partida contra os rossoneri, o t\u00e9cnico dinamarqu\u00eas Brian Priske foi sacado. Pascal Bosschaart assumiu a equipe sem nunca ter tido uma experi\u00eancia como t\u00e9cnico principal e sem conhecer o plantel.<\/p>\n<div class=\"imageContainer\">\n<figure class=\"wcl-figure_yUbWz\" data-testid=\"wcl-news-image\"><picture class=\"wcl-picture_4hHfP\"><source srcset=\"https:\/\/livesport-ott-images.ssl.cdn.cra.cz\/r120xfq60\/7c68945e-fb43-4a98-ad2d-a823ffe447e7.avif 120w, https:\/\/livesport-ott-images.ssl.cdn.cra.cz\/r300xfq60\/7c68945e-fb43-4a98-ad2d-a823ffe447e7.avif 300w, https:\/\/livesport-ott-images.ssl.cdn.cra.cz\/r600xfq60\/7c68945e-fb43-4a98-ad2d-a823ffe447e7.avif 600w, https:\/\/livesport-ott-images.ssl.cdn.cra.cz\/r900xfq60\/7c68945e-fb43-4a98-ad2d-a823ffe447e7.avif 900w, https:\/\/livesport-ott-images.ssl.cdn.cra.cz\/r1200xfq60\/7c68945e-fb43-4a98-ad2d-a823ffe447e7.avif 1200w\" type=\"image\/avif\" sizes=\"(max-width: 1047px) 100vw, 614px\" \/><source srcset=\"https:\/\/livesport-ott-images.ssl.cdn.cra.cz\/r120xfq60\/7c68945e-fb43-4a98-ad2d-a823ffe447e7.webp 120w, https:\/\/livesport-ott-images.ssl.cdn.cra.cz\/r300xfq60\/7c68945e-fb43-4a98-ad2d-a823ffe447e7.webp 300w, https:\/\/livesport-ott-images.ssl.cdn.cra.cz\/r600xfq60\/7c68945e-fb43-4a98-ad2d-a823ffe447e7.webp 600w, https:\/\/livesport-ott-images.ssl.cdn.cra.cz\/r900xfq60\/7c68945e-fb43-4a98-ad2d-a823ffe447e7.webp 900w, https:\/\/livesport-ott-images.ssl.cdn.cra.cz\/r1200xfq60\/7c68945e-fb43-4a98-ad2d-a823ffe447e7.webp 1200w\" type=\"image\/webp\" sizes=\"(max-width: 1047px) 100vw, 614px\" \/><source srcset=\"https:\/\/livesport-ott-images.ssl.cdn.cra.cz\/r120xfq60\/7c68945e-fb43-4a98-ad2d-a823ffe447e7.jpg 120w, https:\/\/livesport-ott-images.ssl.cdn.cra.cz\/r300xfq60\/7c68945e-fb43-4a98-ad2d-a823ffe447e7.jpg 300w, https:\/\/livesport-ott-images.ssl.cdn.cra.cz\/r600xfq60\/7c68945e-fb43-4a98-ad2d-a823ffe447e7.jpg 600w, https:\/\/livesport-ott-images.ssl.cdn.cra.cz\/r900xfq60\/7c68945e-fb43-4a98-ad2d-a823ffe447e7.jpg 900w, https:\/\/livesport-ott-images.ssl.cdn.cra.cz\/r1200xfq60\/7c68945e-fb43-4a98-ad2d-a823ffe447e7.jpg 1200w\" type=\"image\/jpeg\" sizes=\"(max-width: 1047px) 100vw, 614px\" \/><img decoding=\"async\" class=\"wcl-image_MVcAW wcl-imageLoaded_ZPZKi\" title=\"As notas dos jogadores titulares de Milan e Feyenoord na partida\" src=\"https:\/\/livesport-ott-images.ssl.cdn.cra.cz\/r900xfq60\/7c68945e-fb43-4a98-ad2d-a823ffe447e7.jpg\" alt=\"As notas dos jogadores titulares de Milan e Feyenoord na partida\" \/><\/picture><figcaption class=\"wcl-caption_3NLFe wcl-article_ePLEz\" data-testid=\"wcl-contentMetadata-default\"><span class=\"wcl-simpleText_Asp-0 wcl-scores-simpleText-01_pV2Wk wcl-articleAlt_VkWe-\" data-testid=\"wcl-scores-simpleText-01\">As notas dos jogadores titulares de Milan e Feyenoord na partida <\/span><span class=\"wcl-simpleText_Asp-0 wcl-scores-simpleText-01_pV2Wk wcl-credit_dEDzw\" data-testid=\"wcl-scores-simpleText-01\">Flashscore<\/p>\n<p>Fonte: Flashscore<\/span><\/figcaption><\/figure>\n<\/div>\n<\/div>\n","protected":false},"excerpt":{"rendered":"<p>O Milan empatou com o Feyenoord em 1 a 1 nesta ter\u00e7a-feira (18), no San Siro, e est\u00e1 eliminado da Champions League. O resultado leva o time holand\u00eas \u00e0s oitavas de final para enfrentar Arsenal ou Inter de Mil\u00e3o. O confronto ser\u00e1 definido em sorteio direcionado nesta sexta-feira (21). O Milan abriu o placar logo &hellip;<\/p>\n","protected":false},"author":2,"featured_media":84697,"comment_status":"open","ping_status":"open","sticky":false,"template":"","format":"standard","meta":{"content-type":"","rop_custom_images_group":[],"rop_custom_messages_group":[],"rop_publish_now":"yes","rop_publish_now_accounts":{"facebook_2648258775420054_1618374048415101":""},"rop_publish_now_history":[],"rop_publish_now_status":"pending","footnotes":"","_jetpack_memberships_contains_paid_content":false},"categories":[108],"tags":[5939,836,925,1947,1809,994,16504,16503,12007,16502],"yoast_head":"<!-- This site is optimized with the Yoast SEO plugin v22.3 - https:\/\/yoast.com\/wordpress\/plugins\/seo\/ -->\n<title>Com Theo Hern\u00e1ndez expulso, Milan empata com Feyenoord e \u00e9 eliminado da Champions - Portal NPM<\/title>\n<meta name=\"robots\" content=\"index, follow, max-snippet:-1, max-image-preview:large, max-video-preview:-1\" \/>\n<link rel=\"canonical\" href=\"https:\/\/portalnpm.com\/index.php\/2025\/02\/18\/com-theo-hernandez-expulso-milan-empata-com-feyenoord-e-e-eliminado-da-champions\/\" \/>\n<meta property=\"og:locale\" content=\"pt_BR\" \/>\n<meta property=\"og:type\" content=\"article\" \/>\n<meta property=\"og:title\" content=\"Com Theo Hern\u00e1ndez expulso, Milan empata com Feyenoord e \u00e9 eliminado da Champions - Portal NPM\" \/>\n<meta property=\"og:description\" content=\"O Milan empatou com o Feyenoord em 1 a 1 nesta ter\u00e7a-feira (18), no San Siro, e est\u00e1 eliminado da Champions League. O resultado leva o time holand\u00eas \u00e0s oitavas de final para enfrentar Arsenal ou Inter de Mil\u00e3o. O confronto ser\u00e1 definido em sorteio direcionado nesta sexta-feira (21). O Milan abriu o placar logo &hellip;\" \/>\n<meta property=\"og:url\" content=\"https:\/\/portalnpm.com\/index.php\/2025\/02\/18\/com-theo-hernandez-expulso-milan-empata-com-feyenoord-e-e-eliminado-da-champions\/\" \/>\n<meta property=\"og:site_name\" content=\"Portal NPM\" \/>\n<meta property=\"article:published_time\" content=\"2025-02-18T23:16:45+00:00\" \/>\n<meta property=\"og:image\" content=\"https:\/\/portalnpm.com\/wp-content\/uploads\/2025\/02\/Screenshot_20250218_201437_Firefox.jpg\" \/>\n\t<meta property=\"og:image:width\" content=\"1011\" \/>\n\t<meta property=\"og:image:height\" content=\"656\" \/>\n\t<meta property=\"og:image:type\" content=\"image\/jpeg\" \/>\n<meta name=\"author\" content=\"Genival Barbosa\" \/>\n<meta name=\"twitter:card\" content=\"summary_large_image\" \/>\n<meta name=\"twitter:label1\" content=\"Escrito por\" \/>\n\t<meta name=\"twitter:data1\" content=\"Genival Barbosa\" \/>\n\t<meta name=\"twitter:label2\" content=\"Est. tempo de leitura\" \/>\n\t<meta name=\"twitter:data2\" content=\"3 minutos\" \/>\n<script type=\"application\/ld+json\" class=\"yoast-schema-graph\">{\"@context\":\"https:\/\/schema.org\",\"@graph\":[{\"@type\":\"WebPage\",\"@id\":\"https:\/\/portalnpm.com\/index.php\/2025\/02\/18\/com-theo-hernandez-expulso-milan-empata-com-feyenoord-e-e-eliminado-da-champions\/\",\"url\":\"https:\/\/portalnpm.com\/index.php\/2025\/02\/18\/com-theo-hernandez-expulso-milan-empata-com-feyenoord-e-e-eliminado-da-champions\/\",\"name\":\"Com Theo Hern\u00e1ndez expulso, Milan empata com Feyenoord e \u00e9 eliminado da Champions - Portal NPM\",\"isPartOf\":{\"@id\":\"https:\/\/portalnpm.com\/#website\"},\"primaryImageOfPage\":{\"@id\":\"https:\/\/portalnpm.com\/index.php\/2025\/02\/18\/com-theo-hernandez-expulso-milan-empata-com-feyenoord-e-e-eliminado-da-champions\/#primaryimage\"},\"image\":{\"@id\":\"https:\/\/portalnpm.com\/index.php\/2025\/02\/18\/com-theo-hernandez-expulso-milan-empata-com-feyenoord-e-e-eliminado-da-champions\/#primaryimage\"},\"thumbnailUrl\":\"https:\/\/portalnpm.com\/wp-content\/uploads\/2025\/02\/Screenshot_20250218_201437_Firefox.jpg\",\"datePublished\":\"2025-02-18T23:16:45+00:00\",\"dateModified\":\"2025-02-18T23:16:45+00:00\",\"author\":{\"@id\":\"https:\/\/portalnpm.com\/#\/schema\/person\/49313e563cfdefcc167f1ee4c017c294\"},\"breadcrumb\":{\"@id\":\"https:\/\/portalnpm.com\/index.php\/2025\/02\/18\/com-theo-hernandez-expulso-milan-empata-com-feyenoord-e-e-eliminado-da-champions\/#breadcrumb\"},\"inLanguage\":\"pt-BR\",\"potentialAction\":[{\"@type\":\"ReadAction\",\"target\":[\"https:\/\/portalnpm.com\/index.php\/2025\/02\/18\/com-theo-hernandez-expulso-milan-empata-com-feyenoord-e-e-eliminado-da-champions\/\"]}]},{\"@type\":\"ImageObject\",\"inLanguage\":\"pt-BR\",\"@id\":\"https:\/\/portalnpm.com\/index.php\/2025\/02\/18\/com-theo-hernandez-expulso-milan-empata-com-feyenoord-e-e-eliminado-da-champions\/#primaryimage\",\"url\":\"https:\/\/portalnpm.com\/wp-content\/uploads\/2025\/02\/Screenshot_20250218_201437_Firefox.jpg\",\"contentUrl\":\"https:\/\/portalnpm.com\/wp-content\/uploads\/2025\/02\/Screenshot_20250218_201437_Firefox.jpg\",\"width\":1011,\"height\":656},{\"@type\":\"BreadcrumbList\",\"@id\":\"https:\/\/portalnpm.com\/index.php\/2025\/02\/18\/com-theo-hernandez-expulso-milan-empata-com-feyenoord-e-e-eliminado-da-champions\/#breadcrumb\",\"itemListElement\":[{\"@type\":\"ListItem\",\"position\":1,\"name\":\"In\u00edcio\",\"item\":\"https:\/\/portalnpm.com\/\"},{\"@type\":\"ListItem\",\"position\":2,\"name\":\"Com Theo Hern\u00e1ndez expulso, Milan empata com Feyenoord e \u00e9 eliminado da Champions\"}]},{\"@type\":\"WebSite\",\"@id\":\"https:\/\/portalnpm.com\/#website\",\"url\":\"https:\/\/portalnpm.com\/\",\"name\":\"Portal NPM\",\"description\":\"Not\u00edcias em Primeira M\u00e3o\",\"potentialAction\":[{\"@type\":\"SearchAction\",\"target\":{\"@type\":\"EntryPoint\",\"urlTemplate\":\"https:\/\/portalnpm.com\/?s={search_term_string}\"},\"query-input\":\"required name=search_term_string\"}],\"inLanguage\":\"pt-BR\"},{\"@type\":\"Person\",\"@id\":\"https:\/\/portalnpm.com\/#\/schema\/person\/49313e563cfdefcc167f1ee4c017c294\",\"name\":\"Genival Barbosa\",\"image\":{\"@type\":\"ImageObject\",\"inLanguage\":\"pt-BR\",\"@id\":\"https:\/\/portalnpm.com\/#\/schema\/person\/image\/\",\"url\":\"https:\/\/portalnpm.com\/wp-content\/uploads\/2024\/02\/avatar_user_2_1707743258-96x96.jpeg\",\"contentUrl\":\"https:\/\/portalnpm.com\/wp-content\/uploads\/2024\/02\/avatar_user_2_1707743258-96x96.jpeg\",\"caption\":\"Genival Barbosa\"},\"url\":\"https:\/\/portalnpm.com\/index.php\/author\/genival\/\"}]}<\/script>\n<!-- \/ Yoast SEO plugin. -->","yoast_head_json":{"title":"Com Theo Hern\u00e1ndez expulso, Milan empata com Feyenoord e \u00e9 eliminado da Champions - Portal NPM","robots":{"index":"index","follow":"follow","max-snippet":"max-snippet:-1","max-image-preview":"max-image-preview:large","max-video-preview":"max-video-preview:-1"},"canonical":"https:\/\/portalnpm.com\/index.php\/2025\/02\/18\/com-theo-hernandez-expulso-milan-empata-com-feyenoord-e-e-eliminado-da-champions\/","og_locale":"pt_BR","og_type":"article","og_title":"Com Theo Hern\u00e1ndez expulso, Milan empata com Feyenoord e \u00e9 eliminado da Champions - Portal NPM","og_description":"O Milan empatou com o Feyenoord em 1 a 1 nesta ter\u00e7a-feira (18), no San Siro, e est\u00e1 eliminado da Champions League. O resultado leva o time holand\u00eas \u00e0s oitavas de final para enfrentar Arsenal ou Inter de Mil\u00e3o. O confronto ser\u00e1 definido em sorteio direcionado nesta sexta-feira (21). O Milan abriu o placar logo &hellip;","og_url":"https:\/\/portalnpm.com\/index.php\/2025\/02\/18\/com-theo-hernandez-expulso-milan-empata-com-feyenoord-e-e-eliminado-da-champions\/","og_site_name":"Portal NPM","article_published_time":"2025-02-18T23:16:45+00:00","og_image":[{"width":1011,"height":656,"url":"https:\/\/portalnpm.com\/wp-content\/uploads\/2025\/02\/Screenshot_20250218_201437_Firefox.jpg","type":"image\/jpeg"}],"author":"Genival Barbosa","twitter_card":"summary_large_image","twitter_misc":{"Escrito por":"Genival Barbosa","Est. tempo de leitura":"3 minutos"},"schema":{"@context":"https:\/\/schema.org","@graph":[{"@type":"WebPage","@id":"https:\/\/portalnpm.com\/index.php\/2025\/02\/18\/com-theo-hernandez-expulso-milan-empata-com-feyenoord-e-e-eliminado-da-champions\/","url":"https:\/\/portalnpm.com\/index.php\/2025\/02\/18\/com-theo-hernandez-expulso-milan-empata-com-feyenoord-e-e-eliminado-da-champions\/","name":"Com Theo Hern\u00e1ndez expulso, Milan empata com Feyenoord e \u00e9 eliminado da Champions - Portal NPM","isPartOf":{"@id":"https:\/\/portalnpm.com\/#website"},"primaryImageOfPage":{"@id":"https:\/\/portalnpm.com\/index.php\/2025\/02\/18\/com-theo-hernandez-expulso-milan-empata-com-feyenoord-e-e-eliminado-da-champions\/#primaryimage"},"image":{"@id":"https:\/\/portalnpm.com\/index.php\/2025\/02\/18\/com-theo-hernandez-expulso-milan-empata-com-feyenoord-e-e-eliminado-da-champions\/#primaryimage"},"thumbnailUrl":"https:\/\/portalnpm.com\/wp-content\/uploads\/2025\/02\/Screenshot_20250218_201437_Firefox.jpg","datePublished":"2025-02-18T23:16:45+00:00","dateModified":"2025-02-18T23:16:45+00:00","author":{"@id":"https:\/\/portalnpm.com\/#\/schema\/person\/49313e563cfdefcc167f1ee4c017c294"},"breadcrumb":{"@id":"https:\/\/portalnpm.com\/index.php\/2025\/02\/18\/com-theo-hernandez-expulso-milan-empata-com-feyenoord-e-e-eliminado-da-champions\/#breadcrumb"},"inLanguage":"pt-BR","potentialAction":[{"@type":"ReadAction","target":["https:\/\/portalnpm.com\/index.php\/2025\/02\/18\/com-theo-hernandez-expulso-milan-empata-com-feyenoord-e-e-eliminado-da-champions\/"]}]},{"@type":"ImageObject","inLanguage":"pt-BR","@id":"https:\/\/portalnpm.com\/index.php\/2025\/02\/18\/com-theo-hernandez-expulso-milan-empata-com-feyenoord-e-e-eliminado-da-champions\/#primaryimage","url":"https:\/\/portalnpm.com\/wp-content\/uploads\/2025\/02\/Screenshot_20250218_201437_Firefox.jpg","contentUrl":"https:\/\/portalnpm.com\/wp-content\/uploads\/2025\/02\/Screenshot_20250218_201437_Firefox.jpg","width":1011,"height":656},{"@type":"BreadcrumbList","@id":"https:\/\/portalnpm.com\/index.php\/2025\/02\/18\/com-theo-hernandez-expulso-milan-empata-com-feyenoord-e-e-eliminado-da-champions\/#breadcrumb","itemListElement":[{"@type":"ListItem","position":1,"name":"In\u00edcio","item":"https:\/\/portalnpm.com\/"},{"@type":"ListItem","position":2,"name":"Com Theo Hern\u00e1ndez expulso, Milan empata com Feyenoord e \u00e9 eliminado da Champions"}]},{"@type":"WebSite","@id":"https:\/\/portalnpm.com\/#website","url":"https:\/\/portalnpm.com\/","name":"Portal NPM","description":"Not\u00edcias em Primeira M\u00e3o","potentialAction":[{"@type":"SearchAction","target":{"@type":"EntryPoint","urlTemplate":"https:\/\/portalnpm.com\/?s={search_term_string}"},"query-input":"required name=search_term_string"}],"inLanguage":"pt-BR"},{"@type":"Person","@id":"https:\/\/portalnpm.com\/#\/schema\/person\/49313e563cfdefcc167f1ee4c017c294","name":"Genival Barbosa","image":{"@type":"ImageObject","inLanguage":"pt-BR","@id":"https:\/\/portalnpm.com\/#\/schema\/person\/image\/","url":"https:\/\/portalnpm.com\/wp-content\/uploads\/2024\/02\/avatar_user_2_1707743258-96x96.jpeg","contentUrl":"https:\/\/portalnpm.com\/wp-content\/uploads\/2024\/02\/avatar_user_2_1707743258-96x96.jpeg","caption":"Genival Barbosa"},"url":"https:\/\/portalnpm.com\/index.php\/author\/genival\/"}]}},"jetpack_sharing_enabled":true,"jetpack_featured_media_url":"https:\/\/portalnpm.com\/wp-content\/uploads\/2025\/02\/Screenshot_20250218_201437_Firefox.jpg","_links":{"self":[{"href":"https:\/\/portalnpm.com\/index.php\/wp-json\/wp\/v2\/posts\/84696"}],"collection":[{"href":"https:\/\/portalnpm.com\/index.php\/wp-json\/wp\/v2\/posts"}],"about":[{"href":"https:\/\/portalnpm.com\/index.php\/wp-json\/wp\/v2\/types\/post"}],"author":[{"embeddable":true,"href":"https:\/\/portalnpm.com\/index.php\/wp-json\/wp\/v2\/users\/2"}],"replies":[{"embeddable":true,"href":"https:\/\/portalnpm.com\/index.php\/wp-json\/wp\/v2\/comments?post=84696"}],"version-history":[{"count":1,"href":"https:\/\/portalnpm.com\/index.php\/wp-json\/wp\/v2\/posts\/84696\/revisions"}],"predecessor-version":[{"id":84698,"href":"https:\/\/portalnpm.com\/index.php\/wp-json\/wp\/v2\/posts\/84696\/revisions\/84698"}],"wp:featuredmedia":[{"embeddable":true,"href":"https:\/\/portalnpm.com\/index.php\/wp-json\/wp\/v2\/media\/84697"}],"wp:attachment":[{"href":"https:\/\/portalnpm.com\/index.php\/wp-json\/wp\/v2\/media?parent=84696"}],"wp:term":[{"taxonomy":"category","embeddable":true,"href":"https:\/\/portalnpm.com\/index.php\/wp-json\/wp\/v2\/categories?post=84696"},{"taxonomy":"post_tag","embeddable":true,"href":"https:\/\/portalnpm.com\/index.php\/wp-json\/wp\/v2\/tags?post=84696"}],"curies":[{"name":"wp","href":"https:\/\/api.w.org\/{rel}","templated":true}]}}