{"id":85581,"date":"2025-03-02T17:07:32","date_gmt":"2025-03-02T20:07:32","guid":{"rendered":"https:\/\/portalnpm.com\/?p=85581"},"modified":"2025-03-02T17:07:32","modified_gmt":"2025-03-02T20:07:32","slug":"rafael-fonteles-anuncia-reforma-no-secretariado-em-seis-pastas-veja-detalhes","status":"publish","type":"post","link":"https:\/\/portalnpm.com\/index.php\/2025\/03\/02\/rafael-fonteles-anuncia-reforma-no-secretariado-em-seis-pastas-veja-detalhes\/","title":{"rendered":"Rafael Fonteles anuncia reforma no secretariado em seis pastas; veja detalhes"},"content":{"rendered":"<p>O Governador Rafael Fonteles anunciou no final da tarde desta sexta-feira (28) a mudan\u00e7a em seis pastas do primeiro escal\u00e3o do governo estadual. De acordo com o gestor os novos secret\u00e1rios assumir\u00e3o a partir do dia 31 de mar\u00e7o.<\/p>\n<p>&nbsp;<\/p>\n<p>Por meio do Twitter Rafael anunciou os nomes.<\/p>\n<p>&nbsp;<\/p>\n<p>Informamos ao povo piauiense as novas miss\u00f5es de alguns gestores da nossa equipe de governo, a partir de 31 de mar\u00e7o.<\/p>\n<p>&nbsp;<\/p>\n<p>Daniel Oliveira: Secret\u00e1rio de Turismo<\/p>\n<p>Feliphe Ara\u00fajo: Secret\u00e1rio de Meio Ambiente e Recursos H\u00eddricos<\/p>\n<p>Tha\u00eds Araripe: Diretora Geral da AGRESPI<\/p>\n<p>Marcelo Nolleto: Secret\u00e1rio de Comunica\u00e7\u00e3o<\/p>\n<p>Mussoline Guedes: Presidente da Funda\u00e7\u00e3o Antares<\/p>\n<p>Ivanovick Pinheiro: Secret\u00e1rio de Governo<\/p>\n<p>Ant\u00f4nio Torres: Diretor Presidente da EMGERPI<\/p>\n<p>Marcelo Bueno: Diretor Presidente da BADESPI.<\/p>\n<p>&nbsp;<\/p>\n<p>Fonte: BR Hoje<\/p>\n<p>&nbsp;<\/p>\n","protected":false},"excerpt":{"rendered":"<p>O Governador Rafael Fonteles anunciou no final da tarde desta sexta-feira (28) a mudan\u00e7a em seis pastas do primeiro escal\u00e3o do governo estadual. De acordo com o gestor os novos secret\u00e1rios assumir\u00e3o a partir do dia 31 de mar\u00e7o. &nbsp; Por meio do Twitter Rafael anunciou os nomes. &nbsp; Informamos ao povo piauiense as novas &hellip;<\/p>\n","protected":false},"author":2,"featured_media":85582,"comment_status":"open","ping_status":"open","sticky":false,"template":"","format":"standard","meta":{"content-type":"","rop_custom_images_group":[],"rop_custom_messages_group":[],"rop_publish_now":"yes","rop_publish_now_accounts":{"facebook_2648258775420054_1618374048415101":""},"rop_publish_now_history":[],"rop_publish_now_status":"pending","footnotes":"","_jetpack_memberships_contains_paid_content":false},"categories":[130],"tags":[223,5909,855,1192,14247,1191,1476,8899,4709,842],"yoast_head":"<!-- This site is optimized with the Yoast SEO plugin v22.3 - https:\/\/yoast.com\/wordpress\/plugins\/seo\/ -->\n<title>Rafael Fonteles anuncia reforma no secretariado em seis pastas; veja detalhes - Portal NPM<\/title>\n<meta name=\"robots\" content=\"index, follow, max-snippet:-1, max-image-preview:large, max-video-preview:-1\" \/>\n<link rel=\"canonical\" href=\"https:\/\/portalnpm.com\/index.php\/2025\/03\/02\/rafael-fonteles-anuncia-reforma-no-secretariado-em-seis-pastas-veja-detalhes\/\" \/>\n<meta property=\"og:locale\" content=\"pt_BR\" \/>\n<meta property=\"og:type\" content=\"article\" \/>\n<meta property=\"og:title\" content=\"Rafael Fonteles anuncia reforma no secretariado em seis pastas; veja detalhes - Portal NPM\" \/>\n<meta property=\"og:description\" content=\"O Governador Rafael Fonteles anunciou no final da tarde desta sexta-feira (28) a mudan\u00e7a em seis pastas do primeiro escal\u00e3o do governo estadual. De acordo com o gestor os novos secret\u00e1rios assumir\u00e3o a partir do dia 31 de mar\u00e7o. &nbsp; Por meio do Twitter Rafael anunciou os nomes. &nbsp; Informamos ao povo piauiense as novas &hellip;\" \/>\n<meta property=\"og:url\" content=\"https:\/\/portalnpm.com\/index.php\/2025\/03\/02\/rafael-fonteles-anuncia-reforma-no-secretariado-em-seis-pastas-veja-detalhes\/\" \/>\n<meta property=\"og:site_name\" content=\"Portal NPM\" \/>\n<meta property=\"article:published_time\" content=\"2025-03-02T20:07:32+00:00\" \/>\n<meta property=\"og:image\" content=\"https:\/\/portalnpm.com\/wp-content\/uploads\/2025\/03\/CAPA-6-13.jpg.webp\" \/>\n\t<meta property=\"og:image:width\" content=\"1640\" \/>\n\t<meta property=\"og:image:height\" content=\"924\" \/>\n\t<meta property=\"og:image:type\" content=\"image\/webp\" \/>\n<meta name=\"author\" content=\"Genival Barbosa\" \/>\n<meta name=\"twitter:card\" content=\"summary_large_image\" \/>\n<meta name=\"twitter:label1\" content=\"Escrito por\" \/>\n\t<meta name=\"twitter:data1\" content=\"Genival Barbosa\" \/>\n\t<meta name=\"twitter:label2\" content=\"Est. tempo de leitura\" \/>\n\t<meta name=\"twitter:data2\" content=\"1 minuto\" \/>\n<script type=\"application\/ld+json\" class=\"yoast-schema-graph\">{\"@context\":\"https:\/\/schema.org\",\"@graph\":[{\"@type\":\"WebPage\",\"@id\":\"https:\/\/portalnpm.com\/index.php\/2025\/03\/02\/rafael-fonteles-anuncia-reforma-no-secretariado-em-seis-pastas-veja-detalhes\/\",\"url\":\"https:\/\/portalnpm.com\/index.php\/2025\/03\/02\/rafael-fonteles-anuncia-reforma-no-secretariado-em-seis-pastas-veja-detalhes\/\",\"name\":\"Rafael Fonteles anuncia reforma no secretariado em seis pastas; veja detalhes - Portal NPM\",\"isPartOf\":{\"@id\":\"https:\/\/portalnpm.com\/#website\"},\"primaryImageOfPage\":{\"@id\":\"https:\/\/portalnpm.com\/index.php\/2025\/03\/02\/rafael-fonteles-anuncia-reforma-no-secretariado-em-seis-pastas-veja-detalhes\/#primaryimage\"},\"image\":{\"@id\":\"https:\/\/portalnpm.com\/index.php\/2025\/03\/02\/rafael-fonteles-anuncia-reforma-no-secretariado-em-seis-pastas-veja-detalhes\/#primaryimage\"},\"thumbnailUrl\":\"https:\/\/portalnpm.com\/wp-content\/uploads\/2025\/03\/CAPA-6-13.jpg.webp\",\"datePublished\":\"2025-03-02T20:07:32+00:00\",\"dateModified\":\"2025-03-02T20:07:32+00:00\",\"author\":{\"@id\":\"https:\/\/portalnpm.com\/#\/schema\/person\/49313e563cfdefcc167f1ee4c017c294\"},\"breadcrumb\":{\"@id\":\"https:\/\/portalnpm.com\/index.php\/2025\/03\/02\/rafael-fonteles-anuncia-reforma-no-secretariado-em-seis-pastas-veja-detalhes\/#breadcrumb\"},\"inLanguage\":\"pt-BR\",\"potentialAction\":[{\"@type\":\"ReadAction\",\"target\":[\"https:\/\/portalnpm.com\/index.php\/2025\/03\/02\/rafael-fonteles-anuncia-reforma-no-secretariado-em-seis-pastas-veja-detalhes\/\"]}]},{\"@type\":\"ImageObject\",\"inLanguage\":\"pt-BR\",\"@id\":\"https:\/\/portalnpm.com\/index.php\/2025\/03\/02\/rafael-fonteles-anuncia-reforma-no-secretariado-em-seis-pastas-veja-detalhes\/#primaryimage\",\"url\":\"https:\/\/portalnpm.com\/wp-content\/uploads\/2025\/03\/CAPA-6-13.jpg.webp\",\"contentUrl\":\"https:\/\/portalnpm.com\/wp-content\/uploads\/2025\/03\/CAPA-6-13.jpg.webp\",\"width\":1640,\"height\":924},{\"@type\":\"BreadcrumbList\",\"@id\":\"https:\/\/portalnpm.com\/index.php\/2025\/03\/02\/rafael-fonteles-anuncia-reforma-no-secretariado-em-seis-pastas-veja-detalhes\/#breadcrumb\",\"itemListElement\":[{\"@type\":\"ListItem\",\"position\":1,\"name\":\"In\u00edcio\",\"item\":\"https:\/\/portalnpm.com\/\"},{\"@type\":\"ListItem\",\"position\":2,\"name\":\"Rafael Fonteles anuncia reforma no secretariado em seis pastas; veja detalhes\"}]},{\"@type\":\"WebSite\",\"@id\":\"https:\/\/portalnpm.com\/#website\",\"url\":\"https:\/\/portalnpm.com\/\",\"name\":\"Portal NPM\",\"description\":\"Not\u00edcias em Primeira M\u00e3o\",\"potentialAction\":[{\"@type\":\"SearchAction\",\"target\":{\"@type\":\"EntryPoint\",\"urlTemplate\":\"https:\/\/portalnpm.com\/?s={search_term_string}\"},\"query-input\":\"required name=search_term_string\"}],\"inLanguage\":\"pt-BR\"},{\"@type\":\"Person\",\"@id\":\"https:\/\/portalnpm.com\/#\/schema\/person\/49313e563cfdefcc167f1ee4c017c294\",\"name\":\"Genival Barbosa\",\"image\":{\"@type\":\"ImageObject\",\"inLanguage\":\"pt-BR\",\"@id\":\"https:\/\/portalnpm.com\/#\/schema\/person\/image\/\",\"url\":\"https:\/\/portalnpm.com\/wp-content\/uploads\/2024\/02\/avatar_user_2_1707743258-96x96.jpeg\",\"contentUrl\":\"https:\/\/portalnpm.com\/wp-content\/uploads\/2024\/02\/avatar_user_2_1707743258-96x96.jpeg\",\"caption\":\"Genival Barbosa\"},\"url\":\"https:\/\/portalnpm.com\/index.php\/author\/genival\/\"}]}<\/script>\n<!-- \/ Yoast SEO plugin. -->","yoast_head_json":{"title":"Rafael Fonteles anuncia reforma no secretariado em seis pastas; veja detalhes - Portal NPM","robots":{"index":"index","follow":"follow","max-snippet":"max-snippet:-1","max-image-preview":"max-image-preview:large","max-video-preview":"max-video-preview:-1"},"canonical":"https:\/\/portalnpm.com\/index.php\/2025\/03\/02\/rafael-fonteles-anuncia-reforma-no-secretariado-em-seis-pastas-veja-detalhes\/","og_locale":"pt_BR","og_type":"article","og_title":"Rafael Fonteles anuncia reforma no secretariado em seis pastas; veja detalhes - Portal NPM","og_description":"O Governador Rafael Fonteles anunciou no final da tarde desta sexta-feira (28) a mudan\u00e7a em seis pastas do primeiro escal\u00e3o do governo estadual. De acordo com o gestor os novos secret\u00e1rios assumir\u00e3o a partir do dia 31 de mar\u00e7o. &nbsp; Por meio do Twitter Rafael anunciou os nomes. &nbsp; Informamos ao povo piauiense as novas &hellip;","og_url":"https:\/\/portalnpm.com\/index.php\/2025\/03\/02\/rafael-fonteles-anuncia-reforma-no-secretariado-em-seis-pastas-veja-detalhes\/","og_site_name":"Portal NPM","article_published_time":"2025-03-02T20:07:32+00:00","og_image":[{"width":1640,"height":924,"url":"https:\/\/portalnpm.com\/wp-content\/uploads\/2025\/03\/CAPA-6-13.jpg.webp","type":"image\/webp"}],"author":"Genival Barbosa","twitter_card":"summary_large_image","twitter_misc":{"Escrito por":"Genival Barbosa","Est. tempo de leitura":"1 minuto"},"schema":{"@context":"https:\/\/schema.org","@graph":[{"@type":"WebPage","@id":"https:\/\/portalnpm.com\/index.php\/2025\/03\/02\/rafael-fonteles-anuncia-reforma-no-secretariado-em-seis-pastas-veja-detalhes\/","url":"https:\/\/portalnpm.com\/index.php\/2025\/03\/02\/rafael-fonteles-anuncia-reforma-no-secretariado-em-seis-pastas-veja-detalhes\/","name":"Rafael Fonteles anuncia reforma no secretariado em seis pastas; veja detalhes - Portal NPM","isPartOf":{"@id":"https:\/\/portalnpm.com\/#website"},"primaryImageOfPage":{"@id":"https:\/\/portalnpm.com\/index.php\/2025\/03\/02\/rafael-fonteles-anuncia-reforma-no-secretariado-em-seis-pastas-veja-detalhes\/#primaryimage"},"image":{"@id":"https:\/\/portalnpm.com\/index.php\/2025\/03\/02\/rafael-fonteles-anuncia-reforma-no-secretariado-em-seis-pastas-veja-detalhes\/#primaryimage"},"thumbnailUrl":"https:\/\/portalnpm.com\/wp-content\/uploads\/2025\/03\/CAPA-6-13.jpg.webp","datePublished":"2025-03-02T20:07:32+00:00","dateModified":"2025-03-02T20:07:32+00:00","author":{"@id":"https:\/\/portalnpm.com\/#\/schema\/person\/49313e563cfdefcc167f1ee4c017c294"},"breadcrumb":{"@id":"https:\/\/portalnpm.com\/index.php\/2025\/03\/02\/rafael-fonteles-anuncia-reforma-no-secretariado-em-seis-pastas-veja-detalhes\/#breadcrumb"},"inLanguage":"pt-BR","potentialAction":[{"@type":"ReadAction","target":["https:\/\/portalnpm.com\/index.php\/2025\/03\/02\/rafael-fonteles-anuncia-reforma-no-secretariado-em-seis-pastas-veja-detalhes\/"]}]},{"@type":"ImageObject","inLanguage":"pt-BR","@id":"https:\/\/portalnpm.com\/index.php\/2025\/03\/02\/rafael-fonteles-anuncia-reforma-no-secretariado-em-seis-pastas-veja-detalhes\/#primaryimage","url":"https:\/\/portalnpm.com\/wp-content\/uploads\/2025\/03\/CAPA-6-13.jpg.webp","contentUrl":"https:\/\/portalnpm.com\/wp-content\/uploads\/2025\/03\/CAPA-6-13.jpg.webp","width":1640,"height":924},{"@type":"BreadcrumbList","@id":"https:\/\/portalnpm.com\/index.php\/2025\/03\/02\/rafael-fonteles-anuncia-reforma-no-secretariado-em-seis-pastas-veja-detalhes\/#breadcrumb","itemListElement":[{"@type":"ListItem","position":1,"name":"In\u00edcio","item":"https:\/\/portalnpm.com\/"},{"@type":"ListItem","position":2,"name":"Rafael Fonteles anuncia reforma no secretariado em seis pastas; veja detalhes"}]},{"@type":"WebSite","@id":"https:\/\/portalnpm.com\/#website","url":"https:\/\/portalnpm.com\/","name":"Portal NPM","description":"Not\u00edcias em Primeira M\u00e3o","potentialAction":[{"@type":"SearchAction","target":{"@type":"EntryPoint","urlTemplate":"https:\/\/portalnpm.com\/?s={search_term_string}"},"query-input":"required name=search_term_string"}],"inLanguage":"pt-BR"},{"@type":"Person","@id":"https:\/\/portalnpm.com\/#\/schema\/person\/49313e563cfdefcc167f1ee4c017c294","name":"Genival Barbosa","image":{"@type":"ImageObject","inLanguage":"pt-BR","@id":"https:\/\/portalnpm.com\/#\/schema\/person\/image\/","url":"https:\/\/portalnpm.com\/wp-content\/uploads\/2024\/02\/avatar_user_2_1707743258-96x96.jpeg","contentUrl":"https:\/\/portalnpm.com\/wp-content\/uploads\/2024\/02\/avatar_user_2_1707743258-96x96.jpeg","caption":"Genival Barbosa"},"url":"https:\/\/portalnpm.com\/index.php\/author\/genival\/"}]}},"jetpack_sharing_enabled":true,"jetpack_featured_media_url":"https:\/\/portalnpm.com\/wp-content\/uploads\/2025\/03\/CAPA-6-13.jpg.webp","_links":{"self":[{"href":"https:\/\/portalnpm.com\/index.php\/wp-json\/wp\/v2\/posts\/85581"}],"collection":[{"href":"https:\/\/portalnpm.com\/index.php\/wp-json\/wp\/v2\/posts"}],"about":[{"href":"https:\/\/portalnpm.com\/index.php\/wp-json\/wp\/v2\/types\/post"}],"author":[{"embeddable":true,"href":"https:\/\/portalnpm.com\/index.php\/wp-json\/wp\/v2\/users\/2"}],"replies":[{"embeddable":true,"href":"https:\/\/portalnpm.com\/index.php\/wp-json\/wp\/v2\/comments?post=85581"}],"version-history":[{"count":1,"href":"https:\/\/portalnpm.com\/index.php\/wp-json\/wp\/v2\/posts\/85581\/revisions"}],"predecessor-version":[{"id":85583,"href":"https:\/\/portalnpm.com\/index.php\/wp-json\/wp\/v2\/posts\/85581\/revisions\/85583"}],"wp:featuredmedia":[{"embeddable":true,"href":"https:\/\/portalnpm.com\/index.php\/wp-json\/wp\/v2\/media\/85582"}],"wp:attachment":[{"href":"https:\/\/portalnpm.com\/index.php\/wp-json\/wp\/v2\/media?parent=85581"}],"wp:term":[{"taxonomy":"category","embeddable":true,"href":"https:\/\/portalnpm.com\/index.php\/wp-json\/wp\/v2\/categories?post=85581"},{"taxonomy":"post_tag","embeddable":true,"href":"https:\/\/portalnpm.com\/index.php\/wp-json\/wp\/v2\/tags?post=85581"}],"curies":[{"name":"wp","href":"https:\/\/api.w.org\/{rel}","templated":true}]}}