{"id":85772,"date":"2025-03-13T09:08:38","date_gmt":"2025-03-13T12:08:38","guid":{"rendered":"https:\/\/portalnpm.com\/?p=85772"},"modified":"2025-03-13T10:04:54","modified_gmt":"2025-03-13T13:04:54","slug":"sao-juliao-secretaria-de-assistencia-social-se-reune-em-teresina-com-gestores-da-politica-publica-de-assistencia-social-do-estado","status":"publish","type":"post","link":"https:\/\/portalnpm.com\/index.php\/2025\/03\/13\/sao-juliao-secretaria-de-assistencia-social-se-reune-em-teresina-com-gestores-da-politica-publica-de-assistencia-social-do-estado\/","title":{"rendered":"S\u00e3o Juli\u00e3o | Secret\u00e1ria de Assist\u00eancia Social se re\u00fane em Teresina com gestores da Pol\u00edtica P\u00fablica de Assist\u00eancia Social do Estado"},"content":{"rendered":"<p>A Secret\u00e1ria Municipal de Assist\u00eancia Social,\u00a0 Ant\u00f4nia Maria de Araujo P. Sobrinho, esteve nessa semana na capital do Piau\u00ed, onde visitou e se reuniu com entidades, gestores da Pol\u00edtica P\u00fablica de Assist\u00eancia Social do Estado.<\/p>\n<p><img fetchpriority=\"high\" decoding=\"async\" class=\"alignnone wp-image-85773 size-full\" src=\"https:\/\/portalnpm.com\/wp-content\/uploads\/2025\/03\/IMG-20250313-WA0044.jpg\" alt=\"\" width=\"1200\" height=\"1600\" srcset=\"https:\/\/portalnpm.com\/wp-content\/uploads\/2025\/03\/IMG-20250313-WA0044.jpg 1200w, https:\/\/portalnpm.com\/wp-content\/uploads\/2025\/03\/IMG-20250313-WA0044-225x300.jpg 225w, https:\/\/portalnpm.com\/wp-content\/uploads\/2025\/03\/IMG-20250313-WA0044-768x1024.jpg 768w, https:\/\/portalnpm.com\/wp-content\/uploads\/2025\/03\/IMG-20250313-WA0044-1152x1536.jpg 1152w\" sizes=\"(max-width: 1200px) 100vw, 1200px\" \/><\/p>\n<p>A gestora com sua experi\u00eancia na \u00e1rea realizou v\u00e1rias interven\u00e7\u00f5es em busca por recursos, acesso a servi\u00e7os e programas visando atender de forma melhor a popula\u00e7\u00e3o em situa\u00e7\u00e3o de vulnerabilidade.<\/p>\n<p>No ensejo visitou a sede da SASC, da SEID, foi recepcionada pela Gerente Estadual Jana\u00edna Mapurunga, resolveu pend\u00eancias que estavam impedindo nossa gest\u00e3o de se desenvolver e foi muito bem recepcionada por todos que acreditam em um novo tempo para o munic\u00edpio de S\u00e3o Juli\u00e3o.<\/p>\n<p>Na fala da nossa Secret\u00e1ria, ela pontua: \u201c<em>Recebemos a Secretaria de uma forma que nos fez pensar muito sobre quanto precisamos atuar e devolver a dignidade ao cidad\u00e3o que necessita de um atendimento claro dentro da Assist\u00eancia Social, estamos aqui nas sedes dos trabalhos estaduais para demonstrar que nossa luta iniciou e vamos juntos construir uma gest\u00e3o onde o nosso usu\u00e1rio se senta visto e tenha suas lacunas solucionadas.\u201d<\/em><\/p>\n<p>Vamos juntos por uma pol\u00edtica p\u00fablica consistente e verdadeira.<\/p>\n<p><img decoding=\"async\" class=\"alignnone wp-image-85774 size-full\" src=\"https:\/\/portalnpm.com\/wp-content\/uploads\/2025\/03\/IMG-20250313-WA0043.jpg\" alt=\"\" width=\"1200\" height=\"1600\" srcset=\"https:\/\/portalnpm.com\/wp-content\/uploads\/2025\/03\/IMG-20250313-WA0043.jpg 1200w, https:\/\/portalnpm.com\/wp-content\/uploads\/2025\/03\/IMG-20250313-WA0043-225x300.jpg 225w, https:\/\/portalnpm.com\/wp-content\/uploads\/2025\/03\/IMG-20250313-WA0043-768x1024.jpg 768w, https:\/\/portalnpm.com\/wp-content\/uploads\/2025\/03\/IMG-20250313-WA0043-1152x1536.jpg 1152w\" sizes=\"(max-width: 1200px) 100vw, 1200px\" \/><\/p>\n","protected":false},"excerpt":{"rendered":"<p>A Secret\u00e1ria Municipal de Assist\u00eancia Social,\u00a0 Ant\u00f4nia Maria de Araujo P. Sobrinho, esteve nessa semana na capital do Piau\u00ed, onde visitou e se reuniu com entidades, gestores da Pol\u00edtica P\u00fablica de Assist\u00eancia Social do Estado. A gestora com sua experi\u00eancia na \u00e1rea realizou v\u00e1rias interven\u00e7\u00f5es em busca por recursos, acesso a servi\u00e7os e programas visando &hellip;<\/p>\n","protected":false},"author":4,"featured_media":85775,"comment_status":"open","ping_status":"open","sticky":false,"template":"","format":"standard","meta":{"content-type":"","rop_custom_images_group":[],"rop_custom_messages_group":[],"rop_publish_now":"yes","rop_publish_now_accounts":{"facebook_2648258775420054_1618374048415101":""},"rop_publish_now_history":[],"rop_publish_now_status":"pending","footnotes":"","_jetpack_memberships_contains_paid_content":false},"categories":[113,109,3998],"tags":[5764,836,230,855,1185,15964,1197,134,3072,3728,1196,3994,2024,2699,766],"yoast_head":"<!-- This site is optimized with the Yoast SEO plugin v22.3 - https:\/\/yoast.com\/wordpress\/plugins\/seo\/ -->\n<title>S\u00e3o Juli\u00e3o | Secret\u00e1ria de Assist\u00eancia Social se re\u00fane em Teresina com gestores da Pol\u00edtica P\u00fablica de Assist\u00eancia Social do Estado - Portal NPM<\/title>\n<meta name=\"robots\" content=\"index, follow, max-snippet:-1, max-image-preview:large, max-video-preview:-1\" \/>\n<link rel=\"canonical\" href=\"https:\/\/portalnpm.com\/index.php\/2025\/03\/13\/sao-juliao-secretaria-de-assistencia-social-se-reune-em-teresina-com-gestores-da-politica-publica-de-assistencia-social-do-estado\/\" \/>\n<meta property=\"og:locale\" content=\"pt_BR\" \/>\n<meta property=\"og:type\" content=\"article\" \/>\n<meta property=\"og:title\" content=\"S\u00e3o Juli\u00e3o | Secret\u00e1ria de Assist\u00eancia Social se re\u00fane em Teresina com gestores da Pol\u00edtica P\u00fablica de Assist\u00eancia Social do Estado - Portal NPM\" \/>\n<meta property=\"og:description\" content=\"A Secret\u00e1ria Municipal de Assist\u00eancia Social,\u00a0 Ant\u00f4nia Maria de Araujo P. Sobrinho, esteve nessa semana na capital do Piau\u00ed, onde visitou e se reuniu com entidades, gestores da Pol\u00edtica P\u00fablica de Assist\u00eancia Social do Estado. A gestora com sua experi\u00eancia na \u00e1rea realizou v\u00e1rias interven\u00e7\u00f5es em busca por recursos, acesso a servi\u00e7os e programas visando &hellip;\" \/>\n<meta property=\"og:url\" content=\"https:\/\/portalnpm.com\/index.php\/2025\/03\/13\/sao-juliao-secretaria-de-assistencia-social-se-reune-em-teresina-com-gestores-da-politica-publica-de-assistencia-social-do-estado\/\" \/>\n<meta property=\"og:site_name\" content=\"Portal NPM\" \/>\n<meta property=\"article:published_time\" content=\"2025-03-13T12:08:38+00:00\" \/>\n<meta property=\"article:modified_time\" content=\"2025-03-13T13:04:54+00:00\" \/>\n<meta property=\"og:image\" content=\"https:\/\/portalnpm.com\/wp-content\/uploads\/2025\/03\/IMG-20250313-WA0051.jpg\" \/>\n\t<meta property=\"og:image:width\" content=\"1200\" \/>\n\t<meta property=\"og:image:height\" content=\"682\" \/>\n\t<meta property=\"og:image:type\" content=\"image\/jpeg\" \/>\n<meta name=\"author\" content=\"Reda\u00e7\u00e3o\" \/>\n<meta name=\"twitter:card\" content=\"summary_large_image\" \/>\n<meta name=\"twitter:label1\" content=\"Escrito por\" \/>\n\t<meta name=\"twitter:data1\" content=\"Reda\u00e7\u00e3o\" \/>\n\t<meta name=\"twitter:label2\" content=\"Est. tempo de leitura\" \/>\n\t<meta name=\"twitter:data2\" content=\"2 minutos\" \/>\n<script type=\"application\/ld+json\" class=\"yoast-schema-graph\">{\"@context\":\"https:\/\/schema.org\",\"@graph\":[{\"@type\":\"WebPage\",\"@id\":\"https:\/\/portalnpm.com\/index.php\/2025\/03\/13\/sao-juliao-secretaria-de-assistencia-social-se-reune-em-teresina-com-gestores-da-politica-publica-de-assistencia-social-do-estado\/\",\"url\":\"https:\/\/portalnpm.com\/index.php\/2025\/03\/13\/sao-juliao-secretaria-de-assistencia-social-se-reune-em-teresina-com-gestores-da-politica-publica-de-assistencia-social-do-estado\/\",\"name\":\"S\u00e3o Juli\u00e3o | Secret\u00e1ria de Assist\u00eancia Social se re\u00fane em Teresina com gestores da Pol\u00edtica P\u00fablica de Assist\u00eancia Social do Estado - Portal NPM\",\"isPartOf\":{\"@id\":\"https:\/\/portalnpm.com\/#website\"},\"primaryImageOfPage\":{\"@id\":\"https:\/\/portalnpm.com\/index.php\/2025\/03\/13\/sao-juliao-secretaria-de-assistencia-social-se-reune-em-teresina-com-gestores-da-politica-publica-de-assistencia-social-do-estado\/#primaryimage\"},\"image\":{\"@id\":\"https:\/\/portalnpm.com\/index.php\/2025\/03\/13\/sao-juliao-secretaria-de-assistencia-social-se-reune-em-teresina-com-gestores-da-politica-publica-de-assistencia-social-do-estado\/#primaryimage\"},\"thumbnailUrl\":\"https:\/\/portalnpm.com\/wp-content\/uploads\/2025\/03\/IMG-20250313-WA0051.jpg\",\"datePublished\":\"2025-03-13T12:08:38+00:00\",\"dateModified\":\"2025-03-13T13:04:54+00:00\",\"author\":{\"@id\":\"https:\/\/portalnpm.com\/#\/schema\/person\/0b5f230ec96cee25504fa328e7f2b733\"},\"breadcrumb\":{\"@id\":\"https:\/\/portalnpm.com\/index.php\/2025\/03\/13\/sao-juliao-secretaria-de-assistencia-social-se-reune-em-teresina-com-gestores-da-politica-publica-de-assistencia-social-do-estado\/#breadcrumb\"},\"inLanguage\":\"pt-BR\",\"potentialAction\":[{\"@type\":\"ReadAction\",\"target\":[\"https:\/\/portalnpm.com\/index.php\/2025\/03\/13\/sao-juliao-secretaria-de-assistencia-social-se-reune-em-teresina-com-gestores-da-politica-publica-de-assistencia-social-do-estado\/\"]}]},{\"@type\":\"ImageObject\",\"inLanguage\":\"pt-BR\",\"@id\":\"https:\/\/portalnpm.com\/index.php\/2025\/03\/13\/sao-juliao-secretaria-de-assistencia-social-se-reune-em-teresina-com-gestores-da-politica-publica-de-assistencia-social-do-estado\/#primaryimage\",\"url\":\"https:\/\/portalnpm.com\/wp-content\/uploads\/2025\/03\/IMG-20250313-WA0051.jpg\",\"contentUrl\":\"https:\/\/portalnpm.com\/wp-content\/uploads\/2025\/03\/IMG-20250313-WA0051.jpg\",\"width\":1200,\"height\":682},{\"@type\":\"BreadcrumbList\",\"@id\":\"https:\/\/portalnpm.com\/index.php\/2025\/03\/13\/sao-juliao-secretaria-de-assistencia-social-se-reune-em-teresina-com-gestores-da-politica-publica-de-assistencia-social-do-estado\/#breadcrumb\",\"itemListElement\":[{\"@type\":\"ListItem\",\"position\":1,\"name\":\"In\u00edcio\",\"item\":\"https:\/\/portalnpm.com\/\"},{\"@type\":\"ListItem\",\"position\":2,\"name\":\"S\u00e3o Juli\u00e3o | Secret\u00e1ria de Assist\u00eancia Social se re\u00fane em Teresina com gestores da Pol\u00edtica P\u00fablica de Assist\u00eancia Social do Estado\"}]},{\"@type\":\"WebSite\",\"@id\":\"https:\/\/portalnpm.com\/#website\",\"url\":\"https:\/\/portalnpm.com\/\",\"name\":\"Portal NPM\",\"description\":\"Not\u00edcias em Primeira M\u00e3o\",\"potentialAction\":[{\"@type\":\"SearchAction\",\"target\":{\"@type\":\"EntryPoint\",\"urlTemplate\":\"https:\/\/portalnpm.com\/?s={search_term_string}\"},\"query-input\":\"required name=search_term_string\"}],\"inLanguage\":\"pt-BR\"},{\"@type\":\"Person\",\"@id\":\"https:\/\/portalnpm.com\/#\/schema\/person\/0b5f230ec96cee25504fa328e7f2b733\",\"name\":\"Reda\u00e7\u00e3o\",\"image\":{\"@type\":\"ImageObject\",\"inLanguage\":\"pt-BR\",\"@id\":\"https:\/\/portalnpm.com\/#\/schema\/person\/image\/\",\"url\":\"https:\/\/portalnpm.com\/wp-content\/uploads\/2024\/03\/avatar_user_4_1710097212-96x96.png\",\"contentUrl\":\"https:\/\/portalnpm.com\/wp-content\/uploads\/2024\/03\/avatar_user_4_1710097212-96x96.png\",\"caption\":\"Reda\u00e7\u00e3o\"},\"url\":\"https:\/\/portalnpm.com\/index.php\/author\/redacao\/\"}]}<\/script>\n<!-- \/ Yoast SEO plugin. -->","yoast_head_json":{"title":"S\u00e3o Juli\u00e3o | Secret\u00e1ria de Assist\u00eancia Social se re\u00fane em Teresina com gestores da Pol\u00edtica P\u00fablica de Assist\u00eancia Social do Estado - Portal NPM","robots":{"index":"index","follow":"follow","max-snippet":"max-snippet:-1","max-image-preview":"max-image-preview:large","max-video-preview":"max-video-preview:-1"},"canonical":"https:\/\/portalnpm.com\/index.php\/2025\/03\/13\/sao-juliao-secretaria-de-assistencia-social-se-reune-em-teresina-com-gestores-da-politica-publica-de-assistencia-social-do-estado\/","og_locale":"pt_BR","og_type":"article","og_title":"S\u00e3o Juli\u00e3o | Secret\u00e1ria de Assist\u00eancia Social se re\u00fane em Teresina com gestores da Pol\u00edtica P\u00fablica de Assist\u00eancia Social do Estado - Portal NPM","og_description":"A Secret\u00e1ria Municipal de Assist\u00eancia Social,\u00a0 Ant\u00f4nia Maria de Araujo P. Sobrinho, esteve nessa semana na capital do Piau\u00ed, onde visitou e se reuniu com entidades, gestores da Pol\u00edtica P\u00fablica de Assist\u00eancia Social do Estado. A gestora com sua experi\u00eancia na \u00e1rea realizou v\u00e1rias interven\u00e7\u00f5es em busca por recursos, acesso a servi\u00e7os e programas visando &hellip;","og_url":"https:\/\/portalnpm.com\/index.php\/2025\/03\/13\/sao-juliao-secretaria-de-assistencia-social-se-reune-em-teresina-com-gestores-da-politica-publica-de-assistencia-social-do-estado\/","og_site_name":"Portal NPM","article_published_time":"2025-03-13T12:08:38+00:00","article_modified_time":"2025-03-13T13:04:54+00:00","og_image":[{"width":1200,"height":682,"url":"https:\/\/portalnpm.com\/wp-content\/uploads\/2025\/03\/IMG-20250313-WA0051.jpg","type":"image\/jpeg"}],"author":"Reda\u00e7\u00e3o","twitter_card":"summary_large_image","twitter_misc":{"Escrito por":"Reda\u00e7\u00e3o","Est. tempo de leitura":"2 minutos"},"schema":{"@context":"https:\/\/schema.org","@graph":[{"@type":"WebPage","@id":"https:\/\/portalnpm.com\/index.php\/2025\/03\/13\/sao-juliao-secretaria-de-assistencia-social-se-reune-em-teresina-com-gestores-da-politica-publica-de-assistencia-social-do-estado\/","url":"https:\/\/portalnpm.com\/index.php\/2025\/03\/13\/sao-juliao-secretaria-de-assistencia-social-se-reune-em-teresina-com-gestores-da-politica-publica-de-assistencia-social-do-estado\/","name":"S\u00e3o Juli\u00e3o | Secret\u00e1ria de Assist\u00eancia Social se re\u00fane em Teresina com gestores da Pol\u00edtica P\u00fablica de Assist\u00eancia Social do Estado - Portal NPM","isPartOf":{"@id":"https:\/\/portalnpm.com\/#website"},"primaryImageOfPage":{"@id":"https:\/\/portalnpm.com\/index.php\/2025\/03\/13\/sao-juliao-secretaria-de-assistencia-social-se-reune-em-teresina-com-gestores-da-politica-publica-de-assistencia-social-do-estado\/#primaryimage"},"image":{"@id":"https:\/\/portalnpm.com\/index.php\/2025\/03\/13\/sao-juliao-secretaria-de-assistencia-social-se-reune-em-teresina-com-gestores-da-politica-publica-de-assistencia-social-do-estado\/#primaryimage"},"thumbnailUrl":"https:\/\/portalnpm.com\/wp-content\/uploads\/2025\/03\/IMG-20250313-WA0051.jpg","datePublished":"2025-03-13T12:08:38+00:00","dateModified":"2025-03-13T13:04:54+00:00","author":{"@id":"https:\/\/portalnpm.com\/#\/schema\/person\/0b5f230ec96cee25504fa328e7f2b733"},"breadcrumb":{"@id":"https:\/\/portalnpm.com\/index.php\/2025\/03\/13\/sao-juliao-secretaria-de-assistencia-social-se-reune-em-teresina-com-gestores-da-politica-publica-de-assistencia-social-do-estado\/#breadcrumb"},"inLanguage":"pt-BR","potentialAction":[{"@type":"ReadAction","target":["https:\/\/portalnpm.com\/index.php\/2025\/03\/13\/sao-juliao-secretaria-de-assistencia-social-se-reune-em-teresina-com-gestores-da-politica-publica-de-assistencia-social-do-estado\/"]}]},{"@type":"ImageObject","inLanguage":"pt-BR","@id":"https:\/\/portalnpm.com\/index.php\/2025\/03\/13\/sao-juliao-secretaria-de-assistencia-social-se-reune-em-teresina-com-gestores-da-politica-publica-de-assistencia-social-do-estado\/#primaryimage","url":"https:\/\/portalnpm.com\/wp-content\/uploads\/2025\/03\/IMG-20250313-WA0051.jpg","contentUrl":"https:\/\/portalnpm.com\/wp-content\/uploads\/2025\/03\/IMG-20250313-WA0051.jpg","width":1200,"height":682},{"@type":"BreadcrumbList","@id":"https:\/\/portalnpm.com\/index.php\/2025\/03\/13\/sao-juliao-secretaria-de-assistencia-social-se-reune-em-teresina-com-gestores-da-politica-publica-de-assistencia-social-do-estado\/#breadcrumb","itemListElement":[{"@type":"ListItem","position":1,"name":"In\u00edcio","item":"https:\/\/portalnpm.com\/"},{"@type":"ListItem","position":2,"name":"S\u00e3o Juli\u00e3o | Secret\u00e1ria de Assist\u00eancia Social se re\u00fane em Teresina com gestores da Pol\u00edtica P\u00fablica de Assist\u00eancia Social do Estado"}]},{"@type":"WebSite","@id":"https:\/\/portalnpm.com\/#website","url":"https:\/\/portalnpm.com\/","name":"Portal NPM","description":"Not\u00edcias em Primeira M\u00e3o","potentialAction":[{"@type":"SearchAction","target":{"@type":"EntryPoint","urlTemplate":"https:\/\/portalnpm.com\/?s={search_term_string}"},"query-input":"required name=search_term_string"}],"inLanguage":"pt-BR"},{"@type":"Person","@id":"https:\/\/portalnpm.com\/#\/schema\/person\/0b5f230ec96cee25504fa328e7f2b733","name":"Reda\u00e7\u00e3o","image":{"@type":"ImageObject","inLanguage":"pt-BR","@id":"https:\/\/portalnpm.com\/#\/schema\/person\/image\/","url":"https:\/\/portalnpm.com\/wp-content\/uploads\/2024\/03\/avatar_user_4_1710097212-96x96.png","contentUrl":"https:\/\/portalnpm.com\/wp-content\/uploads\/2024\/03\/avatar_user_4_1710097212-96x96.png","caption":"Reda\u00e7\u00e3o"},"url":"https:\/\/portalnpm.com\/index.php\/author\/redacao\/"}]}},"jetpack_sharing_enabled":true,"jetpack_featured_media_url":"https:\/\/portalnpm.com\/wp-content\/uploads\/2025\/03\/IMG-20250313-WA0051.jpg","_links":{"self":[{"href":"https:\/\/portalnpm.com\/index.php\/wp-json\/wp\/v2\/posts\/85772"}],"collection":[{"href":"https:\/\/portalnpm.com\/index.php\/wp-json\/wp\/v2\/posts"}],"about":[{"href":"https:\/\/portalnpm.com\/index.php\/wp-json\/wp\/v2\/types\/post"}],"author":[{"embeddable":true,"href":"https:\/\/portalnpm.com\/index.php\/wp-json\/wp\/v2\/users\/4"}],"replies":[{"embeddable":true,"href":"https:\/\/portalnpm.com\/index.php\/wp-json\/wp\/v2\/comments?post=85772"}],"version-history":[{"count":2,"href":"https:\/\/portalnpm.com\/index.php\/wp-json\/wp\/v2\/posts\/85772\/revisions"}],"predecessor-version":[{"id":85779,"href":"https:\/\/portalnpm.com\/index.php\/wp-json\/wp\/v2\/posts\/85772\/revisions\/85779"}],"wp:featuredmedia":[{"embeddable":true,"href":"https:\/\/portalnpm.com\/index.php\/wp-json\/wp\/v2\/media\/85775"}],"wp:attachment":[{"href":"https:\/\/portalnpm.com\/index.php\/wp-json\/wp\/v2\/media?parent=85772"}],"wp:term":[{"taxonomy":"category","embeddable":true,"href":"https:\/\/portalnpm.com\/index.php\/wp-json\/wp\/v2\/categories?post=85772"},{"taxonomy":"post_tag","embeddable":true,"href":"https:\/\/portalnpm.com\/index.php\/wp-json\/wp\/v2\/tags?post=85772"}],"curies":[{"name":"wp","href":"https:\/\/api.w.org\/{rel}","templated":true}]}}