{"id":85786,"date":"2025-03-14T00:50:35","date_gmt":"2025-03-14T03:50:35","guid":{"rendered":"https:\/\/portalnpm.com\/?p=85786"},"modified":"2025-03-14T00:50:35","modified_gmt":"2025-03-14T03:50:35","slug":"sao-juliao-de-autoria-da-vereadora-viviany-lima-vereadores-aprovam-pl-da-orla-municipal-em-homenagem-ao-saudoso-deputado-assis-carvalho","status":"publish","type":"post","link":"https:\/\/portalnpm.com\/index.php\/2025\/03\/14\/sao-juliao-de-autoria-da-vereadora-viviany-lima-vereadores-aprovam-pl-da-orla-municipal-em-homenagem-ao-saudoso-deputado-assis-carvalho\/","title":{"rendered":"S\u00e3o Juli\u00e3o | De autoria da vereadora Viviany Lima, vereadores aprovam PL da Orla Municipal em homenagem ao saudoso deputado Assis Carvalho"},"content":{"rendered":"<p>A C\u00e2mara Municipal de Vereadores de S\u00e3o Juli\u00e3o-PI aprovou, durante sess\u00e3o ordin\u00e1ria realizada nesta quinta-feira (13), o PL (Projeto de Lei) que denomina a Orla Municipal no centro da cidade, de \u2018Orla Municipal Deputado Assis Carvalho&#8217;. O Projeto, de autoria da vereadora Viviany Lima (PT), foi aprovado por unanimidade pelos vereadores.<\/p>\n<div style=\"width: 640px;\" class=\"wp-video\"><!--[if lt IE 9]><script>document.createElement('video');<\/script><![endif]-->\n<video class=\"wp-video-shortcode\" id=\"video-85786-1\" width=\"640\" height=\"360\" preload=\"metadata\" controls=\"controls\"><source type=\"video\/mp4\" src=\"https:\/\/portalnpm.com\/wp-content\/uploads\/2025\/03\/VID-20250313-WA0663.mp4?_=1\" \/><a href=\"https:\/\/portalnpm.com\/wp-content\/uploads\/2025\/03\/VID-20250313-WA0663.mp4\">https:\/\/portalnpm.com\/wp-content\/uploads\/2025\/03\/VID-20250313-WA0663.mp4<\/a><\/video><\/div>\n<p>O projeto agora seguir\u00e1 para san\u00e7\u00e3o do prefeito Renaldinho Ramos (PDT), sendo assim uma homenagem mais do que justa, j\u00e1 que grande parte dos recursos da Orla Municipal foram adquiridos atrav\u00e9s do saudoso deputado homenageado.<\/p>\n<figure id=\"attachment_85790\" aria-describedby=\"caption-attachment-85790\" style=\"width: 300px\" class=\"wp-caption alignnone\"><img fetchpriority=\"high\" decoding=\"async\" class=\"size-medium wp-image-85790\" src=\"https:\/\/portalnpm.com\/wp-content\/uploads\/2025\/03\/IMG-20250313-WA0665-300x300.jpg\" alt=\"\" width=\"300\" height=\"300\" srcset=\"https:\/\/portalnpm.com\/wp-content\/uploads\/2025\/03\/IMG-20250313-WA0665-300x300.jpg 300w, https:\/\/portalnpm.com\/wp-content\/uploads\/2025\/03\/IMG-20250313-WA0665-1024x1024.jpg 1024w, https:\/\/portalnpm.com\/wp-content\/uploads\/2025\/03\/IMG-20250313-WA0665-150x150.jpg 150w, https:\/\/portalnpm.com\/wp-content\/uploads\/2025\/03\/IMG-20250313-WA0665-768x768.jpg 768w, https:\/\/portalnpm.com\/wp-content\/uploads\/2025\/03\/IMG-20250313-WA0665.jpg 1080w\" sizes=\"(max-width: 300px) 100vw, 300px\" \/><figcaption id=\"caption-attachment-85790\" class=\"wp-caption-text\">Vereadora Viviany Lima (PT)<\/figcaption><\/figure>\n<p>Em S\u00e3o Juli\u00e3o, o saudoso deputado federal Assis Carvalho destinou diversos recursos para o munic\u00edpio mediante emendas parlamentares, incluindo para a constru\u00e7\u00e3o da Orla Municipal na gest\u00e3o do ent\u00e3o prefeito Jos\u00e9 Neci. Assis Carvalho era cidad\u00e3o de S\u00e3o Juli\u00e3o e sempre foi bem-votado no munic\u00edpio quando disputou elei\u00e7\u00e3o. O saudoso deputado faleceu no exerc\u00edcio do mandato em julho de 2020, ap\u00f3s sofrer um infarto em Oeiras, no Piau\u00ed, sua cidade natal.<\/p>\n<p>Assis Carvalho tinha 58 anos e estava em seu terceiro mandato na C\u00e2mara dos Deputados. Foi vice-l\u00edder do PT por diversos per\u00edodos e integrante de algumas comiss\u00f5es especiais, como a que estuda medicamentos formulados com cannabis e a do or\u00e7amento impositivo. Tamb\u00e9m era 4\u00ba suplente de secret\u00e1rio da Mesa Diretora da Casa.<\/p>\n","protected":false},"excerpt":{"rendered":"<p>A C\u00e2mara Municipal de Vereadores de S\u00e3o Juli\u00e3o-PI aprovou, durante sess\u00e3o ordin\u00e1ria realizada nesta quinta-feira (13), o PL (Projeto de Lei) que denomina a Orla Municipal no centro da cidade, de \u2018Orla Municipal Deputado Assis Carvalho&#8217;. O Projeto, de autoria da vereadora Viviany Lima (PT), foi aprovado por unanimidade pelos vereadores. https:\/\/portalnpm.com\/wp-content\/uploads\/2025\/03\/VID-20250313-WA0663.mp4 O projeto agora &hellip;<\/p>\n","protected":false},"author":4,"featured_media":85792,"comment_status":"open","ping_status":"open","sticky":false,"template":"","format":"standard","meta":{"content-type":"","rop_custom_images_group":[],"rop_custom_messages_group":[],"rop_publish_now":"yes","rop_publish_now_accounts":{"facebook_2648258775420054_1618374048415101":""},"rop_publish_now_history":[],"rop_publish_now_status":"pending","footnotes":"","_jetpack_memberships_contains_paid_content":false},"categories":[113,109,3998],"tags":[1204,2362,5386,11592,6217,836,230,583,855,5722,1197,5509,1923,16525,2774,1196,4477,4023,3337,15790],"yoast_head":"<!-- This site is optimized with the Yoast SEO plugin v22.3 - https:\/\/yoast.com\/wordpress\/plugins\/seo\/ -->\n<title>S\u00e3o Juli\u00e3o | De autoria da vereadora Viviany Lima, vereadores aprovam PL da Orla Municipal em homenagem ao saudoso deputado Assis Carvalho - Portal NPM<\/title>\n<meta name=\"robots\" content=\"index, follow, max-snippet:-1, max-image-preview:large, max-video-preview:-1\" \/>\n<link rel=\"canonical\" href=\"https:\/\/portalnpm.com\/index.php\/2025\/03\/14\/sao-juliao-de-autoria-da-vereadora-viviany-lima-vereadores-aprovam-pl-da-orla-municipal-em-homenagem-ao-saudoso-deputado-assis-carvalho\/\" \/>\n<meta property=\"og:locale\" content=\"pt_BR\" \/>\n<meta property=\"og:type\" content=\"article\" \/>\n<meta property=\"og:title\" content=\"S\u00e3o Juli\u00e3o | De autoria da vereadora Viviany Lima, vereadores aprovam PL da Orla Municipal em homenagem ao saudoso deputado Assis Carvalho - Portal NPM\" \/>\n<meta property=\"og:description\" content=\"A C\u00e2mara Municipal de Vereadores de S\u00e3o Juli\u00e3o-PI aprovou, durante sess\u00e3o ordin\u00e1ria realizada nesta quinta-feira (13), o PL (Projeto de Lei) que denomina a Orla Municipal no centro da cidade, de \u2018Orla Municipal Deputado Assis Carvalho&#8217;. O Projeto, de autoria da vereadora Viviany Lima (PT), foi aprovado por unanimidade pelos vereadores. https:\/\/portalnpm.com\/wp-content\/uploads\/2025\/03\/VID-20250313-WA0663.mp4 O projeto agora &hellip;\" \/>\n<meta property=\"og:url\" content=\"https:\/\/portalnpm.com\/index.php\/2025\/03\/14\/sao-juliao-de-autoria-da-vereadora-viviany-lima-vereadores-aprovam-pl-da-orla-municipal-em-homenagem-ao-saudoso-deputado-assis-carvalho\/\" \/>\n<meta property=\"og:site_name\" content=\"Portal NPM\" \/>\n<meta property=\"article:published_time\" content=\"2025-03-14T03:50:35+00:00\" \/>\n<meta property=\"og:image\" content=\"https:\/\/portalnpm.com\/wp-content\/uploads\/2025\/03\/IMG-20250313-WA0666.jpg\" \/>\n\t<meta property=\"og:image:width\" content=\"1080\" \/>\n\t<meta property=\"og:image:height\" content=\"793\" \/>\n\t<meta property=\"og:image:type\" content=\"image\/jpeg\" \/>\n<meta name=\"author\" content=\"Reda\u00e7\u00e3o\" \/>\n<meta name=\"twitter:card\" content=\"summary_large_image\" \/>\n<meta name=\"twitter:label1\" content=\"Escrito por\" \/>\n\t<meta name=\"twitter:data1\" content=\"Reda\u00e7\u00e3o\" \/>\n\t<meta name=\"twitter:label2\" content=\"Est. tempo de leitura\" \/>\n\t<meta name=\"twitter:data2\" content=\"2 minutos\" \/>\n<script type=\"application\/ld+json\" class=\"yoast-schema-graph\">{\"@context\":\"https:\/\/schema.org\",\"@graph\":[{\"@type\":\"WebPage\",\"@id\":\"https:\/\/portalnpm.com\/index.php\/2025\/03\/14\/sao-juliao-de-autoria-da-vereadora-viviany-lima-vereadores-aprovam-pl-da-orla-municipal-em-homenagem-ao-saudoso-deputado-assis-carvalho\/\",\"url\":\"https:\/\/portalnpm.com\/index.php\/2025\/03\/14\/sao-juliao-de-autoria-da-vereadora-viviany-lima-vereadores-aprovam-pl-da-orla-municipal-em-homenagem-ao-saudoso-deputado-assis-carvalho\/\",\"name\":\"S\u00e3o Juli\u00e3o | De autoria da vereadora Viviany Lima, vereadores aprovam PL da Orla Municipal em homenagem ao saudoso deputado Assis Carvalho - Portal NPM\",\"isPartOf\":{\"@id\":\"https:\/\/portalnpm.com\/#website\"},\"primaryImageOfPage\":{\"@id\":\"https:\/\/portalnpm.com\/index.php\/2025\/03\/14\/sao-juliao-de-autoria-da-vereadora-viviany-lima-vereadores-aprovam-pl-da-orla-municipal-em-homenagem-ao-saudoso-deputado-assis-carvalho\/#primaryimage\"},\"image\":{\"@id\":\"https:\/\/portalnpm.com\/index.php\/2025\/03\/14\/sao-juliao-de-autoria-da-vereadora-viviany-lima-vereadores-aprovam-pl-da-orla-municipal-em-homenagem-ao-saudoso-deputado-assis-carvalho\/#primaryimage\"},\"thumbnailUrl\":\"https:\/\/portalnpm.com\/wp-content\/uploads\/2025\/03\/IMG-20250313-WA0666.jpg\",\"datePublished\":\"2025-03-14T03:50:35+00:00\",\"dateModified\":\"2025-03-14T03:50:35+00:00\",\"author\":{\"@id\":\"https:\/\/portalnpm.com\/#\/schema\/person\/0b5f230ec96cee25504fa328e7f2b733\"},\"breadcrumb\":{\"@id\":\"https:\/\/portalnpm.com\/index.php\/2025\/03\/14\/sao-juliao-de-autoria-da-vereadora-viviany-lima-vereadores-aprovam-pl-da-orla-municipal-em-homenagem-ao-saudoso-deputado-assis-carvalho\/#breadcrumb\"},\"inLanguage\":\"pt-BR\",\"potentialAction\":[{\"@type\":\"ReadAction\",\"target\":[\"https:\/\/portalnpm.com\/index.php\/2025\/03\/14\/sao-juliao-de-autoria-da-vereadora-viviany-lima-vereadores-aprovam-pl-da-orla-municipal-em-homenagem-ao-saudoso-deputado-assis-carvalho\/\"]}]},{\"@type\":\"ImageObject\",\"inLanguage\":\"pt-BR\",\"@id\":\"https:\/\/portalnpm.com\/index.php\/2025\/03\/14\/sao-juliao-de-autoria-da-vereadora-viviany-lima-vereadores-aprovam-pl-da-orla-municipal-em-homenagem-ao-saudoso-deputado-assis-carvalho\/#primaryimage\",\"url\":\"https:\/\/portalnpm.com\/wp-content\/uploads\/2025\/03\/IMG-20250313-WA0666.jpg\",\"contentUrl\":\"https:\/\/portalnpm.com\/wp-content\/uploads\/2025\/03\/IMG-20250313-WA0666.jpg\",\"width\":1080,\"height\":793},{\"@type\":\"BreadcrumbList\",\"@id\":\"https:\/\/portalnpm.com\/index.php\/2025\/03\/14\/sao-juliao-de-autoria-da-vereadora-viviany-lima-vereadores-aprovam-pl-da-orla-municipal-em-homenagem-ao-saudoso-deputado-assis-carvalho\/#breadcrumb\",\"itemListElement\":[{\"@type\":\"ListItem\",\"position\":1,\"name\":\"In\u00edcio\",\"item\":\"https:\/\/portalnpm.com\/\"},{\"@type\":\"ListItem\",\"position\":2,\"name\":\"S\u00e3o Juli\u00e3o | De autoria da vereadora Viviany Lima, vereadores aprovam PL da Orla Municipal em homenagem ao saudoso deputado Assis Carvalho\"}]},{\"@type\":\"WebSite\",\"@id\":\"https:\/\/portalnpm.com\/#website\",\"url\":\"https:\/\/portalnpm.com\/\",\"name\":\"Portal NPM\",\"description\":\"Not\u00edcias em Primeira M\u00e3o\",\"potentialAction\":[{\"@type\":\"SearchAction\",\"target\":{\"@type\":\"EntryPoint\",\"urlTemplate\":\"https:\/\/portalnpm.com\/?s={search_term_string}\"},\"query-input\":\"required name=search_term_string\"}],\"inLanguage\":\"pt-BR\"},{\"@type\":\"Person\",\"@id\":\"https:\/\/portalnpm.com\/#\/schema\/person\/0b5f230ec96cee25504fa328e7f2b733\",\"name\":\"Reda\u00e7\u00e3o\",\"image\":{\"@type\":\"ImageObject\",\"inLanguage\":\"pt-BR\",\"@id\":\"https:\/\/portalnpm.com\/#\/schema\/person\/image\/\",\"url\":\"https:\/\/portalnpm.com\/wp-content\/uploads\/2024\/03\/avatar_user_4_1710097212-96x96.png\",\"contentUrl\":\"https:\/\/portalnpm.com\/wp-content\/uploads\/2024\/03\/avatar_user_4_1710097212-96x96.png\",\"caption\":\"Reda\u00e7\u00e3o\"},\"url\":\"https:\/\/portalnpm.com\/index.php\/author\/redacao\/\"}]}<\/script>\n<!-- \/ Yoast SEO plugin. -->","yoast_head_json":{"title":"S\u00e3o Juli\u00e3o | De autoria da vereadora Viviany Lima, vereadores aprovam PL da Orla Municipal em homenagem ao saudoso deputado Assis Carvalho - Portal NPM","robots":{"index":"index","follow":"follow","max-snippet":"max-snippet:-1","max-image-preview":"max-image-preview:large","max-video-preview":"max-video-preview:-1"},"canonical":"https:\/\/portalnpm.com\/index.php\/2025\/03\/14\/sao-juliao-de-autoria-da-vereadora-viviany-lima-vereadores-aprovam-pl-da-orla-municipal-em-homenagem-ao-saudoso-deputado-assis-carvalho\/","og_locale":"pt_BR","og_type":"article","og_title":"S\u00e3o Juli\u00e3o | De autoria da vereadora Viviany Lima, vereadores aprovam PL da Orla Municipal em homenagem ao saudoso deputado Assis Carvalho - Portal NPM","og_description":"A C\u00e2mara Municipal de Vereadores de S\u00e3o Juli\u00e3o-PI aprovou, durante sess\u00e3o ordin\u00e1ria realizada nesta quinta-feira (13), o PL (Projeto de Lei) que denomina a Orla Municipal no centro da cidade, de \u2018Orla Municipal Deputado Assis Carvalho&#8217;. O Projeto, de autoria da vereadora Viviany Lima (PT), foi aprovado por unanimidade pelos vereadores. https:\/\/portalnpm.com\/wp-content\/uploads\/2025\/03\/VID-20250313-WA0663.mp4 O projeto agora &hellip;","og_url":"https:\/\/portalnpm.com\/index.php\/2025\/03\/14\/sao-juliao-de-autoria-da-vereadora-viviany-lima-vereadores-aprovam-pl-da-orla-municipal-em-homenagem-ao-saudoso-deputado-assis-carvalho\/","og_site_name":"Portal NPM","article_published_time":"2025-03-14T03:50:35+00:00","og_image":[{"width":1080,"height":793,"url":"https:\/\/portalnpm.com\/wp-content\/uploads\/2025\/03\/IMG-20250313-WA0666.jpg","type":"image\/jpeg"}],"author":"Reda\u00e7\u00e3o","twitter_card":"summary_large_image","twitter_misc":{"Escrito por":"Reda\u00e7\u00e3o","Est. tempo de leitura":"2 minutos"},"schema":{"@context":"https:\/\/schema.org","@graph":[{"@type":"WebPage","@id":"https:\/\/portalnpm.com\/index.php\/2025\/03\/14\/sao-juliao-de-autoria-da-vereadora-viviany-lima-vereadores-aprovam-pl-da-orla-municipal-em-homenagem-ao-saudoso-deputado-assis-carvalho\/","url":"https:\/\/portalnpm.com\/index.php\/2025\/03\/14\/sao-juliao-de-autoria-da-vereadora-viviany-lima-vereadores-aprovam-pl-da-orla-municipal-em-homenagem-ao-saudoso-deputado-assis-carvalho\/","name":"S\u00e3o Juli\u00e3o | De autoria da vereadora Viviany Lima, vereadores aprovam PL da Orla Municipal em homenagem ao saudoso deputado Assis Carvalho - Portal NPM","isPartOf":{"@id":"https:\/\/portalnpm.com\/#website"},"primaryImageOfPage":{"@id":"https:\/\/portalnpm.com\/index.php\/2025\/03\/14\/sao-juliao-de-autoria-da-vereadora-viviany-lima-vereadores-aprovam-pl-da-orla-municipal-em-homenagem-ao-saudoso-deputado-assis-carvalho\/#primaryimage"},"image":{"@id":"https:\/\/portalnpm.com\/index.php\/2025\/03\/14\/sao-juliao-de-autoria-da-vereadora-viviany-lima-vereadores-aprovam-pl-da-orla-municipal-em-homenagem-ao-saudoso-deputado-assis-carvalho\/#primaryimage"},"thumbnailUrl":"https:\/\/portalnpm.com\/wp-content\/uploads\/2025\/03\/IMG-20250313-WA0666.jpg","datePublished":"2025-03-14T03:50:35+00:00","dateModified":"2025-03-14T03:50:35+00:00","author":{"@id":"https:\/\/portalnpm.com\/#\/schema\/person\/0b5f230ec96cee25504fa328e7f2b733"},"breadcrumb":{"@id":"https:\/\/portalnpm.com\/index.php\/2025\/03\/14\/sao-juliao-de-autoria-da-vereadora-viviany-lima-vereadores-aprovam-pl-da-orla-municipal-em-homenagem-ao-saudoso-deputado-assis-carvalho\/#breadcrumb"},"inLanguage":"pt-BR","potentialAction":[{"@type":"ReadAction","target":["https:\/\/portalnpm.com\/index.php\/2025\/03\/14\/sao-juliao-de-autoria-da-vereadora-viviany-lima-vereadores-aprovam-pl-da-orla-municipal-em-homenagem-ao-saudoso-deputado-assis-carvalho\/"]}]},{"@type":"ImageObject","inLanguage":"pt-BR","@id":"https:\/\/portalnpm.com\/index.php\/2025\/03\/14\/sao-juliao-de-autoria-da-vereadora-viviany-lima-vereadores-aprovam-pl-da-orla-municipal-em-homenagem-ao-saudoso-deputado-assis-carvalho\/#primaryimage","url":"https:\/\/portalnpm.com\/wp-content\/uploads\/2025\/03\/IMG-20250313-WA0666.jpg","contentUrl":"https:\/\/portalnpm.com\/wp-content\/uploads\/2025\/03\/IMG-20250313-WA0666.jpg","width":1080,"height":793},{"@type":"BreadcrumbList","@id":"https:\/\/portalnpm.com\/index.php\/2025\/03\/14\/sao-juliao-de-autoria-da-vereadora-viviany-lima-vereadores-aprovam-pl-da-orla-municipal-em-homenagem-ao-saudoso-deputado-assis-carvalho\/#breadcrumb","itemListElement":[{"@type":"ListItem","position":1,"name":"In\u00edcio","item":"https:\/\/portalnpm.com\/"},{"@type":"ListItem","position":2,"name":"S\u00e3o Juli\u00e3o | De autoria da vereadora Viviany Lima, vereadores aprovam PL da Orla Municipal em homenagem ao saudoso deputado Assis Carvalho"}]},{"@type":"WebSite","@id":"https:\/\/portalnpm.com\/#website","url":"https:\/\/portalnpm.com\/","name":"Portal NPM","description":"Not\u00edcias em Primeira M\u00e3o","potentialAction":[{"@type":"SearchAction","target":{"@type":"EntryPoint","urlTemplate":"https:\/\/portalnpm.com\/?s={search_term_string}"},"query-input":"required name=search_term_string"}],"inLanguage":"pt-BR"},{"@type":"Person","@id":"https:\/\/portalnpm.com\/#\/schema\/person\/0b5f230ec96cee25504fa328e7f2b733","name":"Reda\u00e7\u00e3o","image":{"@type":"ImageObject","inLanguage":"pt-BR","@id":"https:\/\/portalnpm.com\/#\/schema\/person\/image\/","url":"https:\/\/portalnpm.com\/wp-content\/uploads\/2024\/03\/avatar_user_4_1710097212-96x96.png","contentUrl":"https:\/\/portalnpm.com\/wp-content\/uploads\/2024\/03\/avatar_user_4_1710097212-96x96.png","caption":"Reda\u00e7\u00e3o"},"url":"https:\/\/portalnpm.com\/index.php\/author\/redacao\/"}]}},"jetpack_sharing_enabled":true,"jetpack_featured_media_url":"https:\/\/portalnpm.com\/wp-content\/uploads\/2025\/03\/IMG-20250313-WA0666.jpg","_links":{"self":[{"href":"https:\/\/portalnpm.com\/index.php\/wp-json\/wp\/v2\/posts\/85786"}],"collection":[{"href":"https:\/\/portalnpm.com\/index.php\/wp-json\/wp\/v2\/posts"}],"about":[{"href":"https:\/\/portalnpm.com\/index.php\/wp-json\/wp\/v2\/types\/post"}],"author":[{"embeddable":true,"href":"https:\/\/portalnpm.com\/index.php\/wp-json\/wp\/v2\/users\/4"}],"replies":[{"embeddable":true,"href":"https:\/\/portalnpm.com\/index.php\/wp-json\/wp\/v2\/comments?post=85786"}],"version-history":[{"count":2,"href":"https:\/\/portalnpm.com\/index.php\/wp-json\/wp\/v2\/posts\/85786\/revisions"}],"predecessor-version":[{"id":85793,"href":"https:\/\/portalnpm.com\/index.php\/wp-json\/wp\/v2\/posts\/85786\/revisions\/85793"}],"wp:featuredmedia":[{"embeddable":true,"href":"https:\/\/portalnpm.com\/index.php\/wp-json\/wp\/v2\/media\/85792"}],"wp:attachment":[{"href":"https:\/\/portalnpm.com\/index.php\/wp-json\/wp\/v2\/media?parent=85786"}],"wp:term":[{"taxonomy":"category","embeddable":true,"href":"https:\/\/portalnpm.com\/index.php\/wp-json\/wp\/v2\/categories?post=85786"},{"taxonomy":"post_tag","embeddable":true,"href":"https:\/\/portalnpm.com\/index.php\/wp-json\/wp\/v2\/tags?post=85786"}],"curies":[{"name":"wp","href":"https:\/\/api.w.org\/{rel}","templated":true}]}}