{"id":85808,"date":"2025-03-14T18:15:35","date_gmt":"2025-03-14T21:15:35","guid":{"rendered":"https:\/\/portalnpm.com\/?p=85808"},"modified":"2025-03-14T18:15:35","modified_gmt":"2025-03-14T21:15:35","slug":"prefeito-renaldinho-e-liderancas-de-sao-juliao-participam-de-ato-em-prol-do-hospital-do-cancer-do-sertao-em-araripina-veja","status":"publish","type":"post","link":"https:\/\/portalnpm.com\/index.php\/2025\/03\/14\/prefeito-renaldinho-e-liderancas-de-sao-juliao-participam-de-ato-em-prol-do-hospital-do-cancer-do-sertao-em-araripina-veja\/","title":{"rendered":"Prefeito Renaldinho e lideran\u00e7as de S\u00e3o Juli\u00e3o participam de ato em prol do Hospital do C\u00e2ncer do Sert\u00e3o em Araripina; veja!"},"content":{"rendered":"<p>O prefeito de S\u00e3o Juli\u00e3o, Renaldinho Ramos, participou na manh\u00e3 desta sexta-feira (14), em Araripina &#8211; PE, no sert\u00e3o do Araripe, do ato em prol do Hospital do C\u00e2ncer do Sert\u00e3o, onde foram anunciados investimentos de mais de R$ 6 milh\u00f5es para a unidade hospitalar.<\/p>\n<p><img fetchpriority=\"high\" decoding=\"async\" class=\"alignnone size-medium wp-image-85809\" src=\"https:\/\/portalnpm.com\/wp-content\/uploads\/2025\/03\/IMG-20250314-WA0371-300x225.jpg\" alt=\"\" width=\"300\" height=\"225\" srcset=\"https:\/\/portalnpm.com\/wp-content\/uploads\/2025\/03\/IMG-20250314-WA0371-300x225.jpg 300w, https:\/\/portalnpm.com\/wp-content\/uploads\/2025\/03\/IMG-20250314-WA0371-1024x768.jpg 1024w, https:\/\/portalnpm.com\/wp-content\/uploads\/2025\/03\/IMG-20250314-WA0371-768x576.jpg 768w, https:\/\/portalnpm.com\/wp-content\/uploads\/2025\/03\/IMG-20250314-WA0371-1536x1152.jpg 1536w, https:\/\/portalnpm.com\/wp-content\/uploads\/2025\/03\/IMG-20250314-WA0371.jpg 1600w\" sizes=\"(max-width: 300px) 100vw, 300px\" \/><\/p>\n<p>Participaram do ato, juntamente com o prefeito, o ex-prefeito Francimar Pereira, o ex-vereador Leureny Sobrinho e o secret\u00e1rio municipal de Meio Ambiente, Eduardo. As lideran\u00e7as estiveram representando o munic\u00edpio de S\u00e3o Juli\u00e3o e na ocasi\u00e3o se reuniram com o senador Ciro Nogueira.<\/p>\n<p>Estiveram presentes e ajudaram a destinar recursos o senador Ciro Nogueira, os deputados Julio Arcoverde e \u00c1tila Filho, ambos do Piau\u00ed, deputados do Pernambuco e lideran\u00e7as da tr\u00edplice fronteira, composta pelos estados de Pernambuco, Piau\u00ed e Cear\u00e1.<\/p>\n<p>A iniciativa refor\u00e7a a interioriza\u00e7\u00e3o dos servi\u00e7os de sa\u00fade e beneficiar\u00e1 mais de 600 pacientes oncol\u00f3gicos que precisam se deslocar at\u00e9 Recife para tratamento, beneficiando tamb\u00e9m a macrorregi\u00e3o de Araripina, que engloba munic\u00edpios dos tr\u00eas estados e que ser\u00e1 de grande import\u00e2ncia para a regi\u00e3o.<\/p>\n<p><img decoding=\"async\" class=\"alignnone wp-image-85810 size-full\" src=\"https:\/\/portalnpm.com\/wp-content\/uploads\/2025\/03\/IMG-20250314-WA0372.jpg\" alt=\"\" width=\"1280\" height=\"720\" srcset=\"https:\/\/portalnpm.com\/wp-content\/uploads\/2025\/03\/IMG-20250314-WA0372.jpg 1280w, https:\/\/portalnpm.com\/wp-content\/uploads\/2025\/03\/IMG-20250314-WA0372-300x169.jpg 300w, https:\/\/portalnpm.com\/wp-content\/uploads\/2025\/03\/IMG-20250314-WA0372-1024x576.jpg 1024w, https:\/\/portalnpm.com\/wp-content\/uploads\/2025\/03\/IMG-20250314-WA0372-768x432.jpg 768w, https:\/\/portalnpm.com\/wp-content\/uploads\/2025\/03\/IMG-20250314-WA0372-390x220.jpg 390w\" sizes=\"(max-width: 1280px) 100vw, 1280px\" \/><\/p>\n","protected":false},"excerpt":{"rendered":"<p>O prefeito de S\u00e3o Juli\u00e3o, Renaldinho Ramos, participou na manh\u00e3 desta sexta-feira (14), em Araripina &#8211; PE, no sert\u00e3o do Araripe, do ato em prol do Hospital do C\u00e2ncer do Sert\u00e3o, onde foram anunciados investimentos de mais de R$ 6 milh\u00f5es para a unidade hospitalar. Participaram do ato, juntamente com o prefeito, o ex-prefeito Francimar &hellip;<\/p>\n","protected":false},"author":4,"featured_media":85809,"comment_status":"open","ping_status":"open","sticky":false,"template":"","format":"standard","meta":{"content-type":"","rop_custom_images_group":[],"rop_custom_messages_group":[],"rop_publish_now":"yes","rop_publish_now_accounts":{"facebook_2648258775420054_1618374048415101":""},"rop_publish_now_history":[],"rop_publish_now_status":"pending","footnotes":"","_jetpack_memberships_contains_paid_content":false},"categories":[113,109,3998],"tags":[667,777,432,230,855,1840,1197,477,5929,135,16526,2984,1196,6014,842],"yoast_head":"<!-- This site is optimized with the Yoast SEO plugin v22.3 - https:\/\/yoast.com\/wordpress\/plugins\/seo\/ -->\n<title>Prefeito Renaldinho e lideran\u00e7as de S\u00e3o Juli\u00e3o participam de ato em prol do Hospital do C\u00e2ncer do Sert\u00e3o em Araripina; veja! - Portal NPM<\/title>\n<meta name=\"robots\" content=\"index, follow, max-snippet:-1, max-image-preview:large, max-video-preview:-1\" \/>\n<link rel=\"canonical\" href=\"https:\/\/portalnpm.com\/index.php\/2025\/03\/14\/prefeito-renaldinho-e-liderancas-de-sao-juliao-participam-de-ato-em-prol-do-hospital-do-cancer-do-sertao-em-araripina-veja\/\" \/>\n<meta property=\"og:locale\" content=\"pt_BR\" \/>\n<meta property=\"og:type\" content=\"article\" \/>\n<meta property=\"og:title\" content=\"Prefeito Renaldinho e lideran\u00e7as de S\u00e3o Juli\u00e3o participam de ato em prol do Hospital do C\u00e2ncer do Sert\u00e3o em Araripina; veja! - Portal NPM\" \/>\n<meta property=\"og:description\" content=\"O prefeito de S\u00e3o Juli\u00e3o, Renaldinho Ramos, participou na manh\u00e3 desta sexta-feira (14), em Araripina &#8211; PE, no sert\u00e3o do Araripe, do ato em prol do Hospital do C\u00e2ncer do Sert\u00e3o, onde foram anunciados investimentos de mais de R$ 6 milh\u00f5es para a unidade hospitalar. Participaram do ato, juntamente com o prefeito, o ex-prefeito Francimar &hellip;\" \/>\n<meta property=\"og:url\" content=\"https:\/\/portalnpm.com\/index.php\/2025\/03\/14\/prefeito-renaldinho-e-liderancas-de-sao-juliao-participam-de-ato-em-prol-do-hospital-do-cancer-do-sertao-em-araripina-veja\/\" \/>\n<meta property=\"og:site_name\" content=\"Portal NPM\" \/>\n<meta property=\"article:published_time\" content=\"2025-03-14T21:15:35+00:00\" \/>\n<meta property=\"og:image\" content=\"https:\/\/portalnpm.com\/wp-content\/uploads\/2025\/03\/IMG-20250314-WA0371.jpg\" \/>\n\t<meta property=\"og:image:width\" content=\"1600\" \/>\n\t<meta property=\"og:image:height\" content=\"1200\" \/>\n\t<meta property=\"og:image:type\" content=\"image\/jpeg\" \/>\n<meta name=\"author\" content=\"Reda\u00e7\u00e3o\" \/>\n<meta name=\"twitter:card\" content=\"summary_large_image\" \/>\n<meta name=\"twitter:label1\" content=\"Escrito por\" \/>\n\t<meta name=\"twitter:data1\" content=\"Reda\u00e7\u00e3o\" \/>\n\t<meta name=\"twitter:label2\" content=\"Est. tempo de leitura\" \/>\n\t<meta name=\"twitter:data2\" content=\"2 minutos\" \/>\n<script type=\"application\/ld+json\" class=\"yoast-schema-graph\">{\"@context\":\"https:\/\/schema.org\",\"@graph\":[{\"@type\":\"WebPage\",\"@id\":\"https:\/\/portalnpm.com\/index.php\/2025\/03\/14\/prefeito-renaldinho-e-liderancas-de-sao-juliao-participam-de-ato-em-prol-do-hospital-do-cancer-do-sertao-em-araripina-veja\/\",\"url\":\"https:\/\/portalnpm.com\/index.php\/2025\/03\/14\/prefeito-renaldinho-e-liderancas-de-sao-juliao-participam-de-ato-em-prol-do-hospital-do-cancer-do-sertao-em-araripina-veja\/\",\"name\":\"Prefeito Renaldinho e lideran\u00e7as de S\u00e3o Juli\u00e3o participam de ato em prol do Hospital do C\u00e2ncer do Sert\u00e3o em Araripina; veja! - Portal NPM\",\"isPartOf\":{\"@id\":\"https:\/\/portalnpm.com\/#website\"},\"primaryImageOfPage\":{\"@id\":\"https:\/\/portalnpm.com\/index.php\/2025\/03\/14\/prefeito-renaldinho-e-liderancas-de-sao-juliao-participam-de-ato-em-prol-do-hospital-do-cancer-do-sertao-em-araripina-veja\/#primaryimage\"},\"image\":{\"@id\":\"https:\/\/portalnpm.com\/index.php\/2025\/03\/14\/prefeito-renaldinho-e-liderancas-de-sao-juliao-participam-de-ato-em-prol-do-hospital-do-cancer-do-sertao-em-araripina-veja\/#primaryimage\"},\"thumbnailUrl\":\"https:\/\/portalnpm.com\/wp-content\/uploads\/2025\/03\/IMG-20250314-WA0371.jpg\",\"datePublished\":\"2025-03-14T21:15:35+00:00\",\"dateModified\":\"2025-03-14T21:15:35+00:00\",\"author\":{\"@id\":\"https:\/\/portalnpm.com\/#\/schema\/person\/0b5f230ec96cee25504fa328e7f2b733\"},\"breadcrumb\":{\"@id\":\"https:\/\/portalnpm.com\/index.php\/2025\/03\/14\/prefeito-renaldinho-e-liderancas-de-sao-juliao-participam-de-ato-em-prol-do-hospital-do-cancer-do-sertao-em-araripina-veja\/#breadcrumb\"},\"inLanguage\":\"pt-BR\",\"potentialAction\":[{\"@type\":\"ReadAction\",\"target\":[\"https:\/\/portalnpm.com\/index.php\/2025\/03\/14\/prefeito-renaldinho-e-liderancas-de-sao-juliao-participam-de-ato-em-prol-do-hospital-do-cancer-do-sertao-em-araripina-veja\/\"]}]},{\"@type\":\"ImageObject\",\"inLanguage\":\"pt-BR\",\"@id\":\"https:\/\/portalnpm.com\/index.php\/2025\/03\/14\/prefeito-renaldinho-e-liderancas-de-sao-juliao-participam-de-ato-em-prol-do-hospital-do-cancer-do-sertao-em-araripina-veja\/#primaryimage\",\"url\":\"https:\/\/portalnpm.com\/wp-content\/uploads\/2025\/03\/IMG-20250314-WA0371.jpg\",\"contentUrl\":\"https:\/\/portalnpm.com\/wp-content\/uploads\/2025\/03\/IMG-20250314-WA0371.jpg\",\"width\":1600,\"height\":1200},{\"@type\":\"BreadcrumbList\",\"@id\":\"https:\/\/portalnpm.com\/index.php\/2025\/03\/14\/prefeito-renaldinho-e-liderancas-de-sao-juliao-participam-de-ato-em-prol-do-hospital-do-cancer-do-sertao-em-araripina-veja\/#breadcrumb\",\"itemListElement\":[{\"@type\":\"ListItem\",\"position\":1,\"name\":\"In\u00edcio\",\"item\":\"https:\/\/portalnpm.com\/\"},{\"@type\":\"ListItem\",\"position\":2,\"name\":\"Prefeito Renaldinho e lideran\u00e7as de S\u00e3o Juli\u00e3o participam de ato em prol do Hospital do C\u00e2ncer do Sert\u00e3o em Araripina; veja!\"}]},{\"@type\":\"WebSite\",\"@id\":\"https:\/\/portalnpm.com\/#website\",\"url\":\"https:\/\/portalnpm.com\/\",\"name\":\"Portal NPM\",\"description\":\"Not\u00edcias em Primeira M\u00e3o\",\"potentialAction\":[{\"@type\":\"SearchAction\",\"target\":{\"@type\":\"EntryPoint\",\"urlTemplate\":\"https:\/\/portalnpm.com\/?s={search_term_string}\"},\"query-input\":\"required name=search_term_string\"}],\"inLanguage\":\"pt-BR\"},{\"@type\":\"Person\",\"@id\":\"https:\/\/portalnpm.com\/#\/schema\/person\/0b5f230ec96cee25504fa328e7f2b733\",\"name\":\"Reda\u00e7\u00e3o\",\"image\":{\"@type\":\"ImageObject\",\"inLanguage\":\"pt-BR\",\"@id\":\"https:\/\/portalnpm.com\/#\/schema\/person\/image\/\",\"url\":\"https:\/\/portalnpm.com\/wp-content\/uploads\/2024\/03\/avatar_user_4_1710097212-96x96.png\",\"contentUrl\":\"https:\/\/portalnpm.com\/wp-content\/uploads\/2024\/03\/avatar_user_4_1710097212-96x96.png\",\"caption\":\"Reda\u00e7\u00e3o\"},\"url\":\"https:\/\/portalnpm.com\/index.php\/author\/redacao\/\"}]}<\/script>\n<!-- \/ Yoast SEO plugin. -->","yoast_head_json":{"title":"Prefeito Renaldinho e lideran\u00e7as de S\u00e3o Juli\u00e3o participam de ato em prol do Hospital do C\u00e2ncer do Sert\u00e3o em Araripina; veja! - Portal NPM","robots":{"index":"index","follow":"follow","max-snippet":"max-snippet:-1","max-image-preview":"max-image-preview:large","max-video-preview":"max-video-preview:-1"},"canonical":"https:\/\/portalnpm.com\/index.php\/2025\/03\/14\/prefeito-renaldinho-e-liderancas-de-sao-juliao-participam-de-ato-em-prol-do-hospital-do-cancer-do-sertao-em-araripina-veja\/","og_locale":"pt_BR","og_type":"article","og_title":"Prefeito Renaldinho e lideran\u00e7as de S\u00e3o Juli\u00e3o participam de ato em prol do Hospital do C\u00e2ncer do Sert\u00e3o em Araripina; veja! - Portal NPM","og_description":"O prefeito de S\u00e3o Juli\u00e3o, Renaldinho Ramos, participou na manh\u00e3 desta sexta-feira (14), em Araripina &#8211; PE, no sert\u00e3o do Araripe, do ato em prol do Hospital do C\u00e2ncer do Sert\u00e3o, onde foram anunciados investimentos de mais de R$ 6 milh\u00f5es para a unidade hospitalar. Participaram do ato, juntamente com o prefeito, o ex-prefeito Francimar &hellip;","og_url":"https:\/\/portalnpm.com\/index.php\/2025\/03\/14\/prefeito-renaldinho-e-liderancas-de-sao-juliao-participam-de-ato-em-prol-do-hospital-do-cancer-do-sertao-em-araripina-veja\/","og_site_name":"Portal NPM","article_published_time":"2025-03-14T21:15:35+00:00","og_image":[{"width":1600,"height":1200,"url":"https:\/\/portalnpm.com\/wp-content\/uploads\/2025\/03\/IMG-20250314-WA0371.jpg","type":"image\/jpeg"}],"author":"Reda\u00e7\u00e3o","twitter_card":"summary_large_image","twitter_misc":{"Escrito por":"Reda\u00e7\u00e3o","Est. tempo de leitura":"2 minutos"},"schema":{"@context":"https:\/\/schema.org","@graph":[{"@type":"WebPage","@id":"https:\/\/portalnpm.com\/index.php\/2025\/03\/14\/prefeito-renaldinho-e-liderancas-de-sao-juliao-participam-de-ato-em-prol-do-hospital-do-cancer-do-sertao-em-araripina-veja\/","url":"https:\/\/portalnpm.com\/index.php\/2025\/03\/14\/prefeito-renaldinho-e-liderancas-de-sao-juliao-participam-de-ato-em-prol-do-hospital-do-cancer-do-sertao-em-araripina-veja\/","name":"Prefeito Renaldinho e lideran\u00e7as de S\u00e3o Juli\u00e3o participam de ato em prol do Hospital do C\u00e2ncer do Sert\u00e3o em Araripina; veja! - Portal NPM","isPartOf":{"@id":"https:\/\/portalnpm.com\/#website"},"primaryImageOfPage":{"@id":"https:\/\/portalnpm.com\/index.php\/2025\/03\/14\/prefeito-renaldinho-e-liderancas-de-sao-juliao-participam-de-ato-em-prol-do-hospital-do-cancer-do-sertao-em-araripina-veja\/#primaryimage"},"image":{"@id":"https:\/\/portalnpm.com\/index.php\/2025\/03\/14\/prefeito-renaldinho-e-liderancas-de-sao-juliao-participam-de-ato-em-prol-do-hospital-do-cancer-do-sertao-em-araripina-veja\/#primaryimage"},"thumbnailUrl":"https:\/\/portalnpm.com\/wp-content\/uploads\/2025\/03\/IMG-20250314-WA0371.jpg","datePublished":"2025-03-14T21:15:35+00:00","dateModified":"2025-03-14T21:15:35+00:00","author":{"@id":"https:\/\/portalnpm.com\/#\/schema\/person\/0b5f230ec96cee25504fa328e7f2b733"},"breadcrumb":{"@id":"https:\/\/portalnpm.com\/index.php\/2025\/03\/14\/prefeito-renaldinho-e-liderancas-de-sao-juliao-participam-de-ato-em-prol-do-hospital-do-cancer-do-sertao-em-araripina-veja\/#breadcrumb"},"inLanguage":"pt-BR","potentialAction":[{"@type":"ReadAction","target":["https:\/\/portalnpm.com\/index.php\/2025\/03\/14\/prefeito-renaldinho-e-liderancas-de-sao-juliao-participam-de-ato-em-prol-do-hospital-do-cancer-do-sertao-em-araripina-veja\/"]}]},{"@type":"ImageObject","inLanguage":"pt-BR","@id":"https:\/\/portalnpm.com\/index.php\/2025\/03\/14\/prefeito-renaldinho-e-liderancas-de-sao-juliao-participam-de-ato-em-prol-do-hospital-do-cancer-do-sertao-em-araripina-veja\/#primaryimage","url":"https:\/\/portalnpm.com\/wp-content\/uploads\/2025\/03\/IMG-20250314-WA0371.jpg","contentUrl":"https:\/\/portalnpm.com\/wp-content\/uploads\/2025\/03\/IMG-20250314-WA0371.jpg","width":1600,"height":1200},{"@type":"BreadcrumbList","@id":"https:\/\/portalnpm.com\/index.php\/2025\/03\/14\/prefeito-renaldinho-e-liderancas-de-sao-juliao-participam-de-ato-em-prol-do-hospital-do-cancer-do-sertao-em-araripina-veja\/#breadcrumb","itemListElement":[{"@type":"ListItem","position":1,"name":"In\u00edcio","item":"https:\/\/portalnpm.com\/"},{"@type":"ListItem","position":2,"name":"Prefeito Renaldinho e lideran\u00e7as de S\u00e3o Juli\u00e3o participam de ato em prol do Hospital do C\u00e2ncer do Sert\u00e3o em Araripina; veja!"}]},{"@type":"WebSite","@id":"https:\/\/portalnpm.com\/#website","url":"https:\/\/portalnpm.com\/","name":"Portal NPM","description":"Not\u00edcias em Primeira M\u00e3o","potentialAction":[{"@type":"SearchAction","target":{"@type":"EntryPoint","urlTemplate":"https:\/\/portalnpm.com\/?s={search_term_string}"},"query-input":"required name=search_term_string"}],"inLanguage":"pt-BR"},{"@type":"Person","@id":"https:\/\/portalnpm.com\/#\/schema\/person\/0b5f230ec96cee25504fa328e7f2b733","name":"Reda\u00e7\u00e3o","image":{"@type":"ImageObject","inLanguage":"pt-BR","@id":"https:\/\/portalnpm.com\/#\/schema\/person\/image\/","url":"https:\/\/portalnpm.com\/wp-content\/uploads\/2024\/03\/avatar_user_4_1710097212-96x96.png","contentUrl":"https:\/\/portalnpm.com\/wp-content\/uploads\/2024\/03\/avatar_user_4_1710097212-96x96.png","caption":"Reda\u00e7\u00e3o"},"url":"https:\/\/portalnpm.com\/index.php\/author\/redacao\/"}]}},"jetpack_sharing_enabled":true,"jetpack_featured_media_url":"https:\/\/portalnpm.com\/wp-content\/uploads\/2025\/03\/IMG-20250314-WA0371.jpg","_links":{"self":[{"href":"https:\/\/portalnpm.com\/index.php\/wp-json\/wp\/v2\/posts\/85808"}],"collection":[{"href":"https:\/\/portalnpm.com\/index.php\/wp-json\/wp\/v2\/posts"}],"about":[{"href":"https:\/\/portalnpm.com\/index.php\/wp-json\/wp\/v2\/types\/post"}],"author":[{"embeddable":true,"href":"https:\/\/portalnpm.com\/index.php\/wp-json\/wp\/v2\/users\/4"}],"replies":[{"embeddable":true,"href":"https:\/\/portalnpm.com\/index.php\/wp-json\/wp\/v2\/comments?post=85808"}],"version-history":[{"count":1,"href":"https:\/\/portalnpm.com\/index.php\/wp-json\/wp\/v2\/posts\/85808\/revisions"}],"predecessor-version":[{"id":85811,"href":"https:\/\/portalnpm.com\/index.php\/wp-json\/wp\/v2\/posts\/85808\/revisions\/85811"}],"wp:featuredmedia":[{"embeddable":true,"href":"https:\/\/portalnpm.com\/index.php\/wp-json\/wp\/v2\/media\/85809"}],"wp:attachment":[{"href":"https:\/\/portalnpm.com\/index.php\/wp-json\/wp\/v2\/media?parent=85808"}],"wp:term":[{"taxonomy":"category","embeddable":true,"href":"https:\/\/portalnpm.com\/index.php\/wp-json\/wp\/v2\/categories?post=85808"},{"taxonomy":"post_tag","embeddable":true,"href":"https:\/\/portalnpm.com\/index.php\/wp-json\/wp\/v2\/tags?post=85808"}],"curies":[{"name":"wp","href":"https:\/\/api.w.org\/{rel}","templated":true}]}}