{"id":85900,"date":"2025-03-20T19:54:01","date_gmt":"2025-03-20T22:54:01","guid":{"rendered":"https:\/\/portalnpm.com\/?p=85900"},"modified":"2025-03-20T19:54:01","modified_gmt":"2025-03-20T22:54:01","slug":"gusttavo-lima-desiste-de-se-candidatar-nas-eleicoes-em-2026","status":"publish","type":"post","link":"https:\/\/portalnpm.com\/index.php\/2025\/03\/20\/gusttavo-lima-desiste-de-se-candidatar-nas-eleicoes-em-2026\/","title":{"rendered":"Gusttavo Lima desiste de se candidatar nas elei\u00e7\u00f5es em 2026"},"content":{"rendered":"<p>O cantor sertanejo Gusttavo Lima desistiu de ser candidato nas elei\u00e7\u00f5es de 2026. Em v\u00eddeo publicado nesta quarta-feira, 19, Lima desistiu da pr\u00e9-candidatura \u00e0 Presid\u00eancia, anunciada em janeiro, e afastou, por ora, a possibilidade de concorrer a outro cargo eletivo, como o Senado, afirmando que pretende focar em turn\u00eas internacionais nos pr\u00f3ximos anos.<\/p>\n<p>O recuo da pr\u00e9-candidatura de Lima ocorre a menos de tr\u00eas semanas do dia 4 de abril, data em que o governador de Goi\u00e1s, Ronaldo Caiado (Uni\u00e3o Brasil), marcou um evento de lan\u00e7amento oficial de sua pr\u00e9-campanha ao Pal\u00e1cio do Planalto.<\/p>\n<p><iframe id=\"instagram-embed-0\" class=\"instagram-media instagram-media-rendered\" src=\"https:\/\/www.instagram.com\/p\/DEyHOfuyb9D\/embed\/?cr=1&amp;v=14&amp;wp=675&amp;rd=https%3A%2F%2Fcidadeverde.com&amp;rp=%2Fnoticias%2F431505%2Fgusttavo-lima-desiste-de-se-candidatar-nas-eleicoes-em-2026#%7B%22ci%22%3A0%2C%22os%22%3A854.1999999880791%2C%22ls%22%3A220.5%2C%22le%22%3A815.5999999940395%7D\" height=\"746\" frameborder=\"0\" scrolling=\"no\" allowfullscreen=\"allowfullscreen\" data-instgrm-payload-id=\"instagram-media-payload-0\" data-mce-fragment=\"1\"><\/iframe><\/p>\n<p>O governador goiano afirmou que pretende lan\u00e7ar a pr\u00e9-candidatura ao lado de Lima. O cantor, por enquanto, afirmava apoiar Caiado, mas vinha adiando um an\u00fancio oficial sobre o seu pr\u00f3prio projeto presidencial. O sertanejo e o governador s\u00e3o amigos pessoais.<\/p>\n<p>Caiado quer concorrer ao Planalto em 2026, mas, por ora, est\u00e1 condenado pela Justi\u00e7a Eleitoral a oito anos de inelegibilidade. De acordo com a decis\u00e3o, Caiado usou a sede do governo goiano durante as elei\u00e7\u00f5es de 2024 para realizar um evento de campanha em prol de seu candidato a prefeito na capital do Estado, Sandro Mabel (Uni\u00e3o Brasil), que acabou eleito. Cabe recurso da decis\u00e3o tanto ao Tribunal Regional Eleitoral de Goi\u00e1s (TRE-GO) quanto ao Tribunal Superior Eleitoral (TSE).<\/p>\n<p>A desist\u00eancia de se candidatar tamb\u00e9m ocorre ap\u00f3s a divulga\u00e7\u00e3o de pesquisas de opini\u00e3o que constataram que a entrada do cantor na pol\u00edtica \u00e9 rejeitada pela maior parte dos eleitores.<\/p>\n<p>Segundo levantamento do instituto Paran\u00e1 Pesquisas divulgado em 15 de janeiro, 65,7% dos eleitores eram contr\u00e1rios ao interesse do artista em disputar um cargo eletivo. Outros 27,8% manifestaram-se favor\u00e1veis \u00e0 participa\u00e7\u00e3o dele, enquanto 6,5% n\u00e3o souberam responder. De acordo com a pesquisa, Gusttavo Lima largaria para a disputa ao Planalto com 50,6% de rejei\u00e7\u00e3o.<\/p>\n<p><strong>Fonte:<\/strong>\u00a0Estad\u00e3o Conte\u00fado<\/p>\n","protected":false},"excerpt":{"rendered":"<p>O cantor sertanejo Gusttavo Lima desistiu de ser candidato nas elei\u00e7\u00f5es de 2026. Em v\u00eddeo publicado nesta quarta-feira, 19, Lima desistiu da pr\u00e9-candidatura \u00e0 Presid\u00eancia, anunciada em janeiro, e afastou, por ora, a possibilidade de concorrer a outro cargo eletivo, como o Senado, afirmando que pretende focar em turn\u00eas internacionais nos pr\u00f3ximos anos. O recuo &hellip;<\/p>\n","protected":false},"author":2,"featured_media":85901,"comment_status":"open","ping_status":"open","sticky":false,"template":"","format":"standard","meta":{"content-type":"","rop_custom_images_group":[],"rop_custom_messages_group":[],"rop_publish_now":"yes","rop_publish_now_accounts":{"facebook_2648258775420054_1618374048415101":""},"rop_publish_now_history":[],"rop_publish_now_status":"pending","footnotes":"","_jetpack_memberships_contains_paid_content":false},"categories":[130],"tags":[14635,13214,230,3192,382,855,10847,5509,1109,3994],"yoast_head":"<!-- This site is optimized with the Yoast SEO plugin v22.3 - https:\/\/yoast.com\/wordpress\/plugins\/seo\/ -->\n<title>Gusttavo Lima desiste de se candidatar nas elei\u00e7\u00f5es em 2026 - Portal NPM<\/title>\n<meta name=\"robots\" content=\"index, follow, max-snippet:-1, max-image-preview:large, max-video-preview:-1\" \/>\n<link rel=\"canonical\" href=\"https:\/\/portalnpm.com\/index.php\/2025\/03\/20\/gusttavo-lima-desiste-de-se-candidatar-nas-eleicoes-em-2026\/\" \/>\n<meta property=\"og:locale\" content=\"pt_BR\" \/>\n<meta property=\"og:type\" content=\"article\" \/>\n<meta property=\"og:title\" content=\"Gusttavo Lima desiste de se candidatar nas elei\u00e7\u00f5es em 2026 - Portal NPM\" \/>\n<meta property=\"og:description\" content=\"O cantor sertanejo Gusttavo Lima desistiu de ser candidato nas elei\u00e7\u00f5es de 2026. Em v\u00eddeo publicado nesta quarta-feira, 19, Lima desistiu da pr\u00e9-candidatura \u00e0 Presid\u00eancia, anunciada em janeiro, e afastou, por ora, a possibilidade de concorrer a outro cargo eletivo, como o Senado, afirmando que pretende focar em turn\u00eas internacionais nos pr\u00f3ximos anos. O recuo &hellip;\" \/>\n<meta property=\"og:url\" content=\"https:\/\/portalnpm.com\/index.php\/2025\/03\/20\/gusttavo-lima-desiste-de-se-candidatar-nas-eleicoes-em-2026\/\" \/>\n<meta property=\"og:site_name\" content=\"Portal NPM\" \/>\n<meta property=\"article:published_time\" content=\"2025-03-20T22:54:01+00:00\" \/>\n<meta property=\"og:image\" content=\"https:\/\/portalnpm.com\/wp-content\/uploads\/2025\/03\/Cantor-sertanejo-Gusttavo-Lima.jpeg\" \/>\n\t<meta property=\"og:image:width\" content=\"984\" \/>\n\t<meta property=\"og:image:height\" content=\"599\" \/>\n\t<meta property=\"og:image:type\" content=\"image\/jpeg\" \/>\n<meta name=\"author\" content=\"Genival Barbosa\" \/>\n<meta name=\"twitter:card\" content=\"summary_large_image\" \/>\n<meta name=\"twitter:label1\" content=\"Escrito por\" \/>\n\t<meta name=\"twitter:data1\" content=\"Genival Barbosa\" \/>\n\t<meta name=\"twitter:label2\" content=\"Est. tempo de leitura\" \/>\n\t<meta name=\"twitter:data2\" content=\"2 minutos\" \/>\n<script type=\"application\/ld+json\" class=\"yoast-schema-graph\">{\"@context\":\"https:\/\/schema.org\",\"@graph\":[{\"@type\":\"WebPage\",\"@id\":\"https:\/\/portalnpm.com\/index.php\/2025\/03\/20\/gusttavo-lima-desiste-de-se-candidatar-nas-eleicoes-em-2026\/\",\"url\":\"https:\/\/portalnpm.com\/index.php\/2025\/03\/20\/gusttavo-lima-desiste-de-se-candidatar-nas-eleicoes-em-2026\/\",\"name\":\"Gusttavo Lima desiste de se candidatar nas elei\u00e7\u00f5es em 2026 - Portal NPM\",\"isPartOf\":{\"@id\":\"https:\/\/portalnpm.com\/#website\"},\"primaryImageOfPage\":{\"@id\":\"https:\/\/portalnpm.com\/index.php\/2025\/03\/20\/gusttavo-lima-desiste-de-se-candidatar-nas-eleicoes-em-2026\/#primaryimage\"},\"image\":{\"@id\":\"https:\/\/portalnpm.com\/index.php\/2025\/03\/20\/gusttavo-lima-desiste-de-se-candidatar-nas-eleicoes-em-2026\/#primaryimage\"},\"thumbnailUrl\":\"https:\/\/portalnpm.com\/wp-content\/uploads\/2025\/03\/Cantor-sertanejo-Gusttavo-Lima.jpeg\",\"datePublished\":\"2025-03-20T22:54:01+00:00\",\"dateModified\":\"2025-03-20T22:54:01+00:00\",\"author\":{\"@id\":\"https:\/\/portalnpm.com\/#\/schema\/person\/49313e563cfdefcc167f1ee4c017c294\"},\"breadcrumb\":{\"@id\":\"https:\/\/portalnpm.com\/index.php\/2025\/03\/20\/gusttavo-lima-desiste-de-se-candidatar-nas-eleicoes-em-2026\/#breadcrumb\"},\"inLanguage\":\"pt-BR\",\"potentialAction\":[{\"@type\":\"ReadAction\",\"target\":[\"https:\/\/portalnpm.com\/index.php\/2025\/03\/20\/gusttavo-lima-desiste-de-se-candidatar-nas-eleicoes-em-2026\/\"]}]},{\"@type\":\"ImageObject\",\"inLanguage\":\"pt-BR\",\"@id\":\"https:\/\/portalnpm.com\/index.php\/2025\/03\/20\/gusttavo-lima-desiste-de-se-candidatar-nas-eleicoes-em-2026\/#primaryimage\",\"url\":\"https:\/\/portalnpm.com\/wp-content\/uploads\/2025\/03\/Cantor-sertanejo-Gusttavo-Lima.jpeg\",\"contentUrl\":\"https:\/\/portalnpm.com\/wp-content\/uploads\/2025\/03\/Cantor-sertanejo-Gusttavo-Lima.jpeg\",\"width\":984,\"height\":599},{\"@type\":\"BreadcrumbList\",\"@id\":\"https:\/\/portalnpm.com\/index.php\/2025\/03\/20\/gusttavo-lima-desiste-de-se-candidatar-nas-eleicoes-em-2026\/#breadcrumb\",\"itemListElement\":[{\"@type\":\"ListItem\",\"position\":1,\"name\":\"In\u00edcio\",\"item\":\"https:\/\/portalnpm.com\/\"},{\"@type\":\"ListItem\",\"position\":2,\"name\":\"Gusttavo Lima desiste de se candidatar nas elei\u00e7\u00f5es em 2026\"}]},{\"@type\":\"WebSite\",\"@id\":\"https:\/\/portalnpm.com\/#website\",\"url\":\"https:\/\/portalnpm.com\/\",\"name\":\"Portal NPM\",\"description\":\"Not\u00edcias em Primeira M\u00e3o\",\"potentialAction\":[{\"@type\":\"SearchAction\",\"target\":{\"@type\":\"EntryPoint\",\"urlTemplate\":\"https:\/\/portalnpm.com\/?s={search_term_string}\"},\"query-input\":\"required name=search_term_string\"}],\"inLanguage\":\"pt-BR\"},{\"@type\":\"Person\",\"@id\":\"https:\/\/portalnpm.com\/#\/schema\/person\/49313e563cfdefcc167f1ee4c017c294\",\"name\":\"Genival Barbosa\",\"image\":{\"@type\":\"ImageObject\",\"inLanguage\":\"pt-BR\",\"@id\":\"https:\/\/portalnpm.com\/#\/schema\/person\/image\/\",\"url\":\"https:\/\/portalnpm.com\/wp-content\/uploads\/2024\/02\/avatar_user_2_1707743258-96x96.jpeg\",\"contentUrl\":\"https:\/\/portalnpm.com\/wp-content\/uploads\/2024\/02\/avatar_user_2_1707743258-96x96.jpeg\",\"caption\":\"Genival Barbosa\"},\"url\":\"https:\/\/portalnpm.com\/index.php\/author\/genival\/\"}]}<\/script>\n<!-- \/ Yoast SEO plugin. -->","yoast_head_json":{"title":"Gusttavo Lima desiste de se candidatar nas elei\u00e7\u00f5es em 2026 - Portal NPM","robots":{"index":"index","follow":"follow","max-snippet":"max-snippet:-1","max-image-preview":"max-image-preview:large","max-video-preview":"max-video-preview:-1"},"canonical":"https:\/\/portalnpm.com\/index.php\/2025\/03\/20\/gusttavo-lima-desiste-de-se-candidatar-nas-eleicoes-em-2026\/","og_locale":"pt_BR","og_type":"article","og_title":"Gusttavo Lima desiste de se candidatar nas elei\u00e7\u00f5es em 2026 - Portal NPM","og_description":"O cantor sertanejo Gusttavo Lima desistiu de ser candidato nas elei\u00e7\u00f5es de 2026. Em v\u00eddeo publicado nesta quarta-feira, 19, Lima desistiu da pr\u00e9-candidatura \u00e0 Presid\u00eancia, anunciada em janeiro, e afastou, por ora, a possibilidade de concorrer a outro cargo eletivo, como o Senado, afirmando que pretende focar em turn\u00eas internacionais nos pr\u00f3ximos anos. O recuo &hellip;","og_url":"https:\/\/portalnpm.com\/index.php\/2025\/03\/20\/gusttavo-lima-desiste-de-se-candidatar-nas-eleicoes-em-2026\/","og_site_name":"Portal NPM","article_published_time":"2025-03-20T22:54:01+00:00","og_image":[{"width":984,"height":599,"url":"https:\/\/portalnpm.com\/wp-content\/uploads\/2025\/03\/Cantor-sertanejo-Gusttavo-Lima.jpeg","type":"image\/jpeg"}],"author":"Genival Barbosa","twitter_card":"summary_large_image","twitter_misc":{"Escrito por":"Genival Barbosa","Est. tempo de leitura":"2 minutos"},"schema":{"@context":"https:\/\/schema.org","@graph":[{"@type":"WebPage","@id":"https:\/\/portalnpm.com\/index.php\/2025\/03\/20\/gusttavo-lima-desiste-de-se-candidatar-nas-eleicoes-em-2026\/","url":"https:\/\/portalnpm.com\/index.php\/2025\/03\/20\/gusttavo-lima-desiste-de-se-candidatar-nas-eleicoes-em-2026\/","name":"Gusttavo Lima desiste de se candidatar nas elei\u00e7\u00f5es em 2026 - Portal NPM","isPartOf":{"@id":"https:\/\/portalnpm.com\/#website"},"primaryImageOfPage":{"@id":"https:\/\/portalnpm.com\/index.php\/2025\/03\/20\/gusttavo-lima-desiste-de-se-candidatar-nas-eleicoes-em-2026\/#primaryimage"},"image":{"@id":"https:\/\/portalnpm.com\/index.php\/2025\/03\/20\/gusttavo-lima-desiste-de-se-candidatar-nas-eleicoes-em-2026\/#primaryimage"},"thumbnailUrl":"https:\/\/portalnpm.com\/wp-content\/uploads\/2025\/03\/Cantor-sertanejo-Gusttavo-Lima.jpeg","datePublished":"2025-03-20T22:54:01+00:00","dateModified":"2025-03-20T22:54:01+00:00","author":{"@id":"https:\/\/portalnpm.com\/#\/schema\/person\/49313e563cfdefcc167f1ee4c017c294"},"breadcrumb":{"@id":"https:\/\/portalnpm.com\/index.php\/2025\/03\/20\/gusttavo-lima-desiste-de-se-candidatar-nas-eleicoes-em-2026\/#breadcrumb"},"inLanguage":"pt-BR","potentialAction":[{"@type":"ReadAction","target":["https:\/\/portalnpm.com\/index.php\/2025\/03\/20\/gusttavo-lima-desiste-de-se-candidatar-nas-eleicoes-em-2026\/"]}]},{"@type":"ImageObject","inLanguage":"pt-BR","@id":"https:\/\/portalnpm.com\/index.php\/2025\/03\/20\/gusttavo-lima-desiste-de-se-candidatar-nas-eleicoes-em-2026\/#primaryimage","url":"https:\/\/portalnpm.com\/wp-content\/uploads\/2025\/03\/Cantor-sertanejo-Gusttavo-Lima.jpeg","contentUrl":"https:\/\/portalnpm.com\/wp-content\/uploads\/2025\/03\/Cantor-sertanejo-Gusttavo-Lima.jpeg","width":984,"height":599},{"@type":"BreadcrumbList","@id":"https:\/\/portalnpm.com\/index.php\/2025\/03\/20\/gusttavo-lima-desiste-de-se-candidatar-nas-eleicoes-em-2026\/#breadcrumb","itemListElement":[{"@type":"ListItem","position":1,"name":"In\u00edcio","item":"https:\/\/portalnpm.com\/"},{"@type":"ListItem","position":2,"name":"Gusttavo Lima desiste de se candidatar nas elei\u00e7\u00f5es em 2026"}]},{"@type":"WebSite","@id":"https:\/\/portalnpm.com\/#website","url":"https:\/\/portalnpm.com\/","name":"Portal NPM","description":"Not\u00edcias em Primeira M\u00e3o","potentialAction":[{"@type":"SearchAction","target":{"@type":"EntryPoint","urlTemplate":"https:\/\/portalnpm.com\/?s={search_term_string}"},"query-input":"required name=search_term_string"}],"inLanguage":"pt-BR"},{"@type":"Person","@id":"https:\/\/portalnpm.com\/#\/schema\/person\/49313e563cfdefcc167f1ee4c017c294","name":"Genival Barbosa","image":{"@type":"ImageObject","inLanguage":"pt-BR","@id":"https:\/\/portalnpm.com\/#\/schema\/person\/image\/","url":"https:\/\/portalnpm.com\/wp-content\/uploads\/2024\/02\/avatar_user_2_1707743258-96x96.jpeg","contentUrl":"https:\/\/portalnpm.com\/wp-content\/uploads\/2024\/02\/avatar_user_2_1707743258-96x96.jpeg","caption":"Genival Barbosa"},"url":"https:\/\/portalnpm.com\/index.php\/author\/genival\/"}]}},"jetpack_sharing_enabled":true,"jetpack_featured_media_url":"https:\/\/portalnpm.com\/wp-content\/uploads\/2025\/03\/Cantor-sertanejo-Gusttavo-Lima.jpeg","_links":{"self":[{"href":"https:\/\/portalnpm.com\/index.php\/wp-json\/wp\/v2\/posts\/85900"}],"collection":[{"href":"https:\/\/portalnpm.com\/index.php\/wp-json\/wp\/v2\/posts"}],"about":[{"href":"https:\/\/portalnpm.com\/index.php\/wp-json\/wp\/v2\/types\/post"}],"author":[{"embeddable":true,"href":"https:\/\/portalnpm.com\/index.php\/wp-json\/wp\/v2\/users\/2"}],"replies":[{"embeddable":true,"href":"https:\/\/portalnpm.com\/index.php\/wp-json\/wp\/v2\/comments?post=85900"}],"version-history":[{"count":1,"href":"https:\/\/portalnpm.com\/index.php\/wp-json\/wp\/v2\/posts\/85900\/revisions"}],"predecessor-version":[{"id":85902,"href":"https:\/\/portalnpm.com\/index.php\/wp-json\/wp\/v2\/posts\/85900\/revisions\/85902"}],"wp:featuredmedia":[{"embeddable":true,"href":"https:\/\/portalnpm.com\/index.php\/wp-json\/wp\/v2\/media\/85901"}],"wp:attachment":[{"href":"https:\/\/portalnpm.com\/index.php\/wp-json\/wp\/v2\/media?parent=85900"}],"wp:term":[{"taxonomy":"category","embeddable":true,"href":"https:\/\/portalnpm.com\/index.php\/wp-json\/wp\/v2\/categories?post=85900"},{"taxonomy":"post_tag","embeddable":true,"href":"https:\/\/portalnpm.com\/index.php\/wp-json\/wp\/v2\/tags?post=85900"}],"curies":[{"name":"wp","href":"https:\/\/api.w.org\/{rel}","templated":true}]}}