{"id":86137,"date":"2025-04-01T15:41:03","date_gmt":"2025-04-01T18:41:03","guid":{"rendered":"https:\/\/portalnpm.com\/?p=86137"},"modified":"2025-04-01T15:44:05","modified_gmt":"2025-04-01T18:44:05","slug":"secretaria-de-educacao-de-sao-juliao-e-formadoras-do-ppaic-participam-de-encontro-estadual-de-professores-alfabetizadores-veja","status":"publish","type":"post","link":"https:\/\/portalnpm.com\/index.php\/2025\/04\/01\/secretaria-de-educacao-de-sao-juliao-e-formadoras-do-ppaic-participam-de-encontro-estadual-de-professores-alfabetizadores-veja\/","title":{"rendered":"Secret\u00e1ria de Educa\u00e7\u00e3o de S\u00e3o Juli\u00e3o e Formadoras do PPAIC participam de Encontro Estadual de Professores Alfabetizadores; veja!"},"content":{"rendered":"<p>A Secret\u00e1ria Municipal de Educa\u00e7\u00e3o de S\u00e3o Juli\u00e3o, Lucinete Pereira, esteve presente nesta ter\u00e7a-feira (1) no Encontro Estadual de Professores Alfabetizadores do Piau\u00ed, realizado no Centro de Conven\u00e7\u00f5es de Teresina.<\/p>\n<p>Acompanhando a secret\u00e1ria, tamb\u00e9m participaram do evento as formadoras do Programa Piauiense de Alfabetiza\u00e7\u00e3o na Idade Certa (PPAIC), Maria Cl\u00e1udia e Ana Maria.<\/p>\n<p>O encontro teve como prop\u00f3sito promover o di\u00e1logo e a troca de experi\u00eancias entre educadores de todo o estado, com foco na alfabetiza\u00e7\u00e3o e no aprimoramento do ensino. Al\u00e9m disso, o evento celebrou os quatro anos de atua\u00e7\u00e3o do PPAIC, programa que tem desempenhado um papel fundamental na garantia da alfabetiza\u00e7\u00e3o das crian\u00e7as dentro da faixa et\u00e1ria adequada.<\/p>\n<p><strong>Debates e palestras marcam a programa\u00e7\u00e3o<\/strong><\/p>\n<p>A programa\u00e7\u00e3o incluiu a participa\u00e7\u00e3o de autoridades da educa\u00e7\u00e3o, como a primeira-dama do estado, Isabel Fonteles, o secret\u00e1rio estadual de educa\u00e7\u00e3o, Washington Bandeira, e a secret\u00e1ria de educa\u00e7\u00e3o b\u00e1sica do MEC, K\u00e1tia Schweickardt. Entre os temas discutidos estavam estrat\u00e9gias para fortalecer a alfabetiza\u00e7\u00e3o, inova\u00e7\u00f5es no ensino e interven\u00e7\u00f5es pedag\u00f3gicas na aprendizagem da leitura e escrita.<\/p>\n<p>A secret\u00e1ria Lucinete Pereira destacou a import\u00e2ncia do evento para o desenvolvimento da educa\u00e7\u00e3o no Piau\u00ed:<\/p>\n<figure id=\"attachment_86139\" aria-describedby=\"caption-attachment-86139\" style=\"width: 225px\" class=\"wp-caption alignnone\"><img fetchpriority=\"high\" decoding=\"async\" class=\"size-medium wp-image-86139\" src=\"https:\/\/portalnpm.com\/wp-content\/uploads\/2025\/04\/IMG-20250401-WA0146-225x300.jpg\" alt=\"\" width=\"225\" height=\"300\" srcset=\"https:\/\/portalnpm.com\/wp-content\/uploads\/2025\/04\/IMG-20250401-WA0146-225x300.jpg 225w, https:\/\/portalnpm.com\/wp-content\/uploads\/2025\/04\/IMG-20250401-WA0146-768x1024.jpg 768w, https:\/\/portalnpm.com\/wp-content\/uploads\/2025\/04\/IMG-20250401-WA0146.jpg 960w\" sizes=\"(max-width: 225px) 100vw, 225px\" \/><figcaption id=\"caption-attachment-86139\" class=\"wp-caption-text\">Lucinete Pereira, Secret\u00e1ria municipal de Educa\u00e7\u00e3o de S\u00e3o Juli\u00e3o<\/figcaption><\/figure>\n<p>&#8220;<em>\u00c9 um privil\u00e9gio participar de um encontro t\u00e3o significativo para a educa\u00e7\u00e3o do nosso estado. Essa troca de experi\u00eancias nos permite ampliar conhecimentos e fortalecer nosso compromisso com a alfabetiza\u00e7\u00e3o na idade certa. A educa\u00e7\u00e3o \u00e9 um pilar fundamental para o futuro e, com iniciativas como essa, podemos garantir melhores condi\u00e7\u00f5es de aprendizagem para nossas crian\u00e7as.&#8221;<\/em><\/p>\n<p>O encontro reafirma o compromisso do Piau\u00ed com uma educa\u00e7\u00e3o de qualidade, incentivando o aperfei\u00e7oamento cont\u00ednuo dos profissionais da \u00e1rea e fortalecendo as a\u00e7\u00f5es voltadas \u00e0 alfabetiza\u00e7\u00e3o infantil.<\/p>\n<p><img decoding=\"async\" class=\"alignnone size-medium wp-image-86141\" src=\"https:\/\/portalnpm.com\/wp-content\/uploads\/2025\/04\/IMG-20250401-WA0144-225x300.jpg\" alt=\"\" width=\"225\" height=\"300\" srcset=\"https:\/\/portalnpm.com\/wp-content\/uploads\/2025\/04\/IMG-20250401-WA0144-225x300.jpg 225w, https:\/\/portalnpm.com\/wp-content\/uploads\/2025\/04\/IMG-20250401-WA0144-768x1024.jpg 768w, https:\/\/portalnpm.com\/wp-content\/uploads\/2025\/04\/IMG-20250401-WA0144.jpg 960w\" sizes=\"(max-width: 225px) 100vw, 225px\" \/><img decoding=\"async\" class=\"alignnone size-medium wp-image-86140\" src=\"https:\/\/portalnpm.com\/wp-content\/uploads\/2025\/04\/IMG-20250401-WA0145-225x300.jpg\" alt=\"\" width=\"225\" height=\"300\" srcset=\"https:\/\/portalnpm.com\/wp-content\/uploads\/2025\/04\/IMG-20250401-WA0145-225x300.jpg 225w, https:\/\/portalnpm.com\/wp-content\/uploads\/2025\/04\/IMG-20250401-WA0145-768x1024.jpg 768w, https:\/\/portalnpm.com\/wp-content\/uploads\/2025\/04\/IMG-20250401-WA0145.jpg 960w\" sizes=\"(max-width: 225px) 100vw, 225px\" \/><img loading=\"lazy\" decoding=\"async\" class=\"alignnone size-medium wp-image-86142\" src=\"https:\/\/portalnpm.com\/wp-content\/uploads\/2025\/04\/IMG-20250401-WA0142-200x300.jpg\" alt=\"\" width=\"200\" height=\"300\" srcset=\"https:\/\/portalnpm.com\/wp-content\/uploads\/2025\/04\/IMG-20250401-WA0142-200x300.jpg 200w, https:\/\/portalnpm.com\/wp-content\/uploads\/2025\/04\/IMG-20250401-WA0142-682x1024.jpg 682w, https:\/\/portalnpm.com\/wp-content\/uploads\/2025\/04\/IMG-20250401-WA0142-768x1152.jpg 768w, https:\/\/portalnpm.com\/wp-content\/uploads\/2025\/04\/IMG-20250401-WA0142.jpg 853w\" sizes=\"(max-width: 200px) 100vw, 200px\" \/><\/p>\n","protected":false},"excerpt":{"rendered":"<p>A Secret\u00e1ria Municipal de Educa\u00e7\u00e3o de S\u00e3o Juli\u00e3o, Lucinete Pereira, esteve presente nesta ter\u00e7a-feira (1) no Encontro Estadual de Professores Alfabetizadores do Piau\u00ed, realizado no Centro de Conven\u00e7\u00f5es de Teresina. Acompanhando a secret\u00e1ria, tamb\u00e9m participaram do evento as formadoras do Programa Piauiense de Alfabetiza\u00e7\u00e3o na Idade Certa (PPAIC), Maria Cl\u00e1udia e Ana Maria. O encontro &hellip;<\/p>\n","protected":false},"author":4,"featured_media":86140,"comment_status":"open","ping_status":"open","sticky":false,"template":"","format":"standard","meta":{"content-type":"","rop_custom_images_group":[],"rop_custom_messages_group":[],"rop_publish_now":"yes","rop_publish_now_accounts":{"facebook_2648258775420054_1618374048415101":""},"rop_publish_now_history":[],"rop_publish_now_status":"pending","footnotes":"","_jetpack_memberships_contains_paid_content":false},"categories":[113,109,3998],"tags":[16547,230,199,401,1170,16545,1197,5929,16546,185,1196,2024,842],"yoast_head":"<!-- This site is optimized with the Yoast SEO plugin v22.3 - https:\/\/yoast.com\/wordpress\/plugins\/seo\/ -->\n<title>Secret\u00e1ria de Educa\u00e7\u00e3o de S\u00e3o Juli\u00e3o e Formadoras do PPAIC participam de Encontro Estadual de Professores Alfabetizadores; veja! - Portal NPM<\/title>\n<meta name=\"robots\" content=\"index, follow, max-snippet:-1, max-image-preview:large, max-video-preview:-1\" \/>\n<link rel=\"canonical\" href=\"https:\/\/portalnpm.com\/index.php\/2025\/04\/01\/secretaria-de-educacao-de-sao-juliao-e-formadoras-do-ppaic-participam-de-encontro-estadual-de-professores-alfabetizadores-veja\/\" \/>\n<meta property=\"og:locale\" content=\"pt_BR\" \/>\n<meta property=\"og:type\" content=\"article\" \/>\n<meta property=\"og:title\" content=\"Secret\u00e1ria de Educa\u00e7\u00e3o de S\u00e3o Juli\u00e3o e Formadoras do PPAIC participam de Encontro Estadual de Professores Alfabetizadores; veja! - Portal NPM\" \/>\n<meta property=\"og:description\" content=\"A Secret\u00e1ria Municipal de Educa\u00e7\u00e3o de S\u00e3o Juli\u00e3o, Lucinete Pereira, esteve presente nesta ter\u00e7a-feira (1) no Encontro Estadual de Professores Alfabetizadores do Piau\u00ed, realizado no Centro de Conven\u00e7\u00f5es de Teresina. Acompanhando a secret\u00e1ria, tamb\u00e9m participaram do evento as formadoras do Programa Piauiense de Alfabetiza\u00e7\u00e3o na Idade Certa (PPAIC), Maria Cl\u00e1udia e Ana Maria. O encontro &hellip;\" \/>\n<meta property=\"og:url\" content=\"https:\/\/portalnpm.com\/index.php\/2025\/04\/01\/secretaria-de-educacao-de-sao-juliao-e-formadoras-do-ppaic-participam-de-encontro-estadual-de-professores-alfabetizadores-veja\/\" \/>\n<meta property=\"og:site_name\" content=\"Portal NPM\" \/>\n<meta property=\"article:published_time\" content=\"2025-04-01T18:41:03+00:00\" \/>\n<meta property=\"article:modified_time\" content=\"2025-04-01T18:44:05+00:00\" \/>\n<meta property=\"og:image\" content=\"https:\/\/portalnpm.com\/wp-content\/uploads\/2025\/04\/IMG-20250401-WA0145.jpg\" \/>\n\t<meta property=\"og:image:width\" content=\"960\" \/>\n\t<meta property=\"og:image:height\" content=\"1280\" \/>\n\t<meta property=\"og:image:type\" content=\"image\/jpeg\" \/>\n<meta name=\"author\" content=\"Reda\u00e7\u00e3o\" \/>\n<meta name=\"twitter:card\" content=\"summary_large_image\" \/>\n<meta name=\"twitter:label1\" content=\"Escrito por\" \/>\n\t<meta name=\"twitter:data1\" content=\"Reda\u00e7\u00e3o\" \/>\n\t<meta name=\"twitter:label2\" content=\"Est. tempo de leitura\" \/>\n\t<meta name=\"twitter:data2\" content=\"3 minutos\" \/>\n<script type=\"application\/ld+json\" class=\"yoast-schema-graph\">{\"@context\":\"https:\/\/schema.org\",\"@graph\":[{\"@type\":\"WebPage\",\"@id\":\"https:\/\/portalnpm.com\/index.php\/2025\/04\/01\/secretaria-de-educacao-de-sao-juliao-e-formadoras-do-ppaic-participam-de-encontro-estadual-de-professores-alfabetizadores-veja\/\",\"url\":\"https:\/\/portalnpm.com\/index.php\/2025\/04\/01\/secretaria-de-educacao-de-sao-juliao-e-formadoras-do-ppaic-participam-de-encontro-estadual-de-professores-alfabetizadores-veja\/\",\"name\":\"Secret\u00e1ria de Educa\u00e7\u00e3o de S\u00e3o Juli\u00e3o e Formadoras do PPAIC participam de Encontro Estadual de Professores Alfabetizadores; veja! - Portal NPM\",\"isPartOf\":{\"@id\":\"https:\/\/portalnpm.com\/#website\"},\"primaryImageOfPage\":{\"@id\":\"https:\/\/portalnpm.com\/index.php\/2025\/04\/01\/secretaria-de-educacao-de-sao-juliao-e-formadoras-do-ppaic-participam-de-encontro-estadual-de-professores-alfabetizadores-veja\/#primaryimage\"},\"image\":{\"@id\":\"https:\/\/portalnpm.com\/index.php\/2025\/04\/01\/secretaria-de-educacao-de-sao-juliao-e-formadoras-do-ppaic-participam-de-encontro-estadual-de-professores-alfabetizadores-veja\/#primaryimage\"},\"thumbnailUrl\":\"https:\/\/portalnpm.com\/wp-content\/uploads\/2025\/04\/IMG-20250401-WA0145.jpg\",\"datePublished\":\"2025-04-01T18:41:03+00:00\",\"dateModified\":\"2025-04-01T18:44:05+00:00\",\"author\":{\"@id\":\"https:\/\/portalnpm.com\/#\/schema\/person\/0b5f230ec96cee25504fa328e7f2b733\"},\"breadcrumb\":{\"@id\":\"https:\/\/portalnpm.com\/index.php\/2025\/04\/01\/secretaria-de-educacao-de-sao-juliao-e-formadoras-do-ppaic-participam-de-encontro-estadual-de-professores-alfabetizadores-veja\/#breadcrumb\"},\"inLanguage\":\"pt-BR\",\"potentialAction\":[{\"@type\":\"ReadAction\",\"target\":[\"https:\/\/portalnpm.com\/index.php\/2025\/04\/01\/secretaria-de-educacao-de-sao-juliao-e-formadoras-do-ppaic-participam-de-encontro-estadual-de-professores-alfabetizadores-veja\/\"]}]},{\"@type\":\"ImageObject\",\"inLanguage\":\"pt-BR\",\"@id\":\"https:\/\/portalnpm.com\/index.php\/2025\/04\/01\/secretaria-de-educacao-de-sao-juliao-e-formadoras-do-ppaic-participam-de-encontro-estadual-de-professores-alfabetizadores-veja\/#primaryimage\",\"url\":\"https:\/\/portalnpm.com\/wp-content\/uploads\/2025\/04\/IMG-20250401-WA0145.jpg\",\"contentUrl\":\"https:\/\/portalnpm.com\/wp-content\/uploads\/2025\/04\/IMG-20250401-WA0145.jpg\",\"width\":960,\"height\":1280},{\"@type\":\"BreadcrumbList\",\"@id\":\"https:\/\/portalnpm.com\/index.php\/2025\/04\/01\/secretaria-de-educacao-de-sao-juliao-e-formadoras-do-ppaic-participam-de-encontro-estadual-de-professores-alfabetizadores-veja\/#breadcrumb\",\"itemListElement\":[{\"@type\":\"ListItem\",\"position\":1,\"name\":\"In\u00edcio\",\"item\":\"https:\/\/portalnpm.com\/\"},{\"@type\":\"ListItem\",\"position\":2,\"name\":\"Secret\u00e1ria de Educa\u00e7\u00e3o de S\u00e3o Juli\u00e3o e Formadoras do PPAIC participam de Encontro Estadual de Professores Alfabetizadores; veja!\"}]},{\"@type\":\"WebSite\",\"@id\":\"https:\/\/portalnpm.com\/#website\",\"url\":\"https:\/\/portalnpm.com\/\",\"name\":\"Portal NPM\",\"description\":\"Not\u00edcias em Primeira M\u00e3o\",\"potentialAction\":[{\"@type\":\"SearchAction\",\"target\":{\"@type\":\"EntryPoint\",\"urlTemplate\":\"https:\/\/portalnpm.com\/?s={search_term_string}\"},\"query-input\":\"required name=search_term_string\"}],\"inLanguage\":\"pt-BR\"},{\"@type\":\"Person\",\"@id\":\"https:\/\/portalnpm.com\/#\/schema\/person\/0b5f230ec96cee25504fa328e7f2b733\",\"name\":\"Reda\u00e7\u00e3o\",\"image\":{\"@type\":\"ImageObject\",\"inLanguage\":\"pt-BR\",\"@id\":\"https:\/\/portalnpm.com\/#\/schema\/person\/image\/\",\"url\":\"https:\/\/portalnpm.com\/wp-content\/uploads\/2024\/03\/avatar_user_4_1710097212-96x96.png\",\"contentUrl\":\"https:\/\/portalnpm.com\/wp-content\/uploads\/2024\/03\/avatar_user_4_1710097212-96x96.png\",\"caption\":\"Reda\u00e7\u00e3o\"},\"url\":\"https:\/\/portalnpm.com\/index.php\/author\/redacao\/\"}]}<\/script>\n<!-- \/ Yoast SEO plugin. -->","yoast_head_json":{"title":"Secret\u00e1ria de Educa\u00e7\u00e3o de S\u00e3o Juli\u00e3o e Formadoras do PPAIC participam de Encontro Estadual de Professores Alfabetizadores; veja! - Portal NPM","robots":{"index":"index","follow":"follow","max-snippet":"max-snippet:-1","max-image-preview":"max-image-preview:large","max-video-preview":"max-video-preview:-1"},"canonical":"https:\/\/portalnpm.com\/index.php\/2025\/04\/01\/secretaria-de-educacao-de-sao-juliao-e-formadoras-do-ppaic-participam-de-encontro-estadual-de-professores-alfabetizadores-veja\/","og_locale":"pt_BR","og_type":"article","og_title":"Secret\u00e1ria de Educa\u00e7\u00e3o de S\u00e3o Juli\u00e3o e Formadoras do PPAIC participam de Encontro Estadual de Professores Alfabetizadores; veja! - Portal NPM","og_description":"A Secret\u00e1ria Municipal de Educa\u00e7\u00e3o de S\u00e3o Juli\u00e3o, Lucinete Pereira, esteve presente nesta ter\u00e7a-feira (1) no Encontro Estadual de Professores Alfabetizadores do Piau\u00ed, realizado no Centro de Conven\u00e7\u00f5es de Teresina. Acompanhando a secret\u00e1ria, tamb\u00e9m participaram do evento as formadoras do Programa Piauiense de Alfabetiza\u00e7\u00e3o na Idade Certa (PPAIC), Maria Cl\u00e1udia e Ana Maria. O encontro &hellip;","og_url":"https:\/\/portalnpm.com\/index.php\/2025\/04\/01\/secretaria-de-educacao-de-sao-juliao-e-formadoras-do-ppaic-participam-de-encontro-estadual-de-professores-alfabetizadores-veja\/","og_site_name":"Portal NPM","article_published_time":"2025-04-01T18:41:03+00:00","article_modified_time":"2025-04-01T18:44:05+00:00","og_image":[{"width":960,"height":1280,"url":"https:\/\/portalnpm.com\/wp-content\/uploads\/2025\/04\/IMG-20250401-WA0145.jpg","type":"image\/jpeg"}],"author":"Reda\u00e7\u00e3o","twitter_card":"summary_large_image","twitter_misc":{"Escrito por":"Reda\u00e7\u00e3o","Est. tempo de leitura":"3 minutos"},"schema":{"@context":"https:\/\/schema.org","@graph":[{"@type":"WebPage","@id":"https:\/\/portalnpm.com\/index.php\/2025\/04\/01\/secretaria-de-educacao-de-sao-juliao-e-formadoras-do-ppaic-participam-de-encontro-estadual-de-professores-alfabetizadores-veja\/","url":"https:\/\/portalnpm.com\/index.php\/2025\/04\/01\/secretaria-de-educacao-de-sao-juliao-e-formadoras-do-ppaic-participam-de-encontro-estadual-de-professores-alfabetizadores-veja\/","name":"Secret\u00e1ria de Educa\u00e7\u00e3o de S\u00e3o Juli\u00e3o e Formadoras do PPAIC participam de Encontro Estadual de Professores Alfabetizadores; veja! - Portal NPM","isPartOf":{"@id":"https:\/\/portalnpm.com\/#website"},"primaryImageOfPage":{"@id":"https:\/\/portalnpm.com\/index.php\/2025\/04\/01\/secretaria-de-educacao-de-sao-juliao-e-formadoras-do-ppaic-participam-de-encontro-estadual-de-professores-alfabetizadores-veja\/#primaryimage"},"image":{"@id":"https:\/\/portalnpm.com\/index.php\/2025\/04\/01\/secretaria-de-educacao-de-sao-juliao-e-formadoras-do-ppaic-participam-de-encontro-estadual-de-professores-alfabetizadores-veja\/#primaryimage"},"thumbnailUrl":"https:\/\/portalnpm.com\/wp-content\/uploads\/2025\/04\/IMG-20250401-WA0145.jpg","datePublished":"2025-04-01T18:41:03+00:00","dateModified":"2025-04-01T18:44:05+00:00","author":{"@id":"https:\/\/portalnpm.com\/#\/schema\/person\/0b5f230ec96cee25504fa328e7f2b733"},"breadcrumb":{"@id":"https:\/\/portalnpm.com\/index.php\/2025\/04\/01\/secretaria-de-educacao-de-sao-juliao-e-formadoras-do-ppaic-participam-de-encontro-estadual-de-professores-alfabetizadores-veja\/#breadcrumb"},"inLanguage":"pt-BR","potentialAction":[{"@type":"ReadAction","target":["https:\/\/portalnpm.com\/index.php\/2025\/04\/01\/secretaria-de-educacao-de-sao-juliao-e-formadoras-do-ppaic-participam-de-encontro-estadual-de-professores-alfabetizadores-veja\/"]}]},{"@type":"ImageObject","inLanguage":"pt-BR","@id":"https:\/\/portalnpm.com\/index.php\/2025\/04\/01\/secretaria-de-educacao-de-sao-juliao-e-formadoras-do-ppaic-participam-de-encontro-estadual-de-professores-alfabetizadores-veja\/#primaryimage","url":"https:\/\/portalnpm.com\/wp-content\/uploads\/2025\/04\/IMG-20250401-WA0145.jpg","contentUrl":"https:\/\/portalnpm.com\/wp-content\/uploads\/2025\/04\/IMG-20250401-WA0145.jpg","width":960,"height":1280},{"@type":"BreadcrumbList","@id":"https:\/\/portalnpm.com\/index.php\/2025\/04\/01\/secretaria-de-educacao-de-sao-juliao-e-formadoras-do-ppaic-participam-de-encontro-estadual-de-professores-alfabetizadores-veja\/#breadcrumb","itemListElement":[{"@type":"ListItem","position":1,"name":"In\u00edcio","item":"https:\/\/portalnpm.com\/"},{"@type":"ListItem","position":2,"name":"Secret\u00e1ria de Educa\u00e7\u00e3o de S\u00e3o Juli\u00e3o e Formadoras do PPAIC participam de Encontro Estadual de Professores Alfabetizadores; veja!"}]},{"@type":"WebSite","@id":"https:\/\/portalnpm.com\/#website","url":"https:\/\/portalnpm.com\/","name":"Portal NPM","description":"Not\u00edcias em Primeira M\u00e3o","potentialAction":[{"@type":"SearchAction","target":{"@type":"EntryPoint","urlTemplate":"https:\/\/portalnpm.com\/?s={search_term_string}"},"query-input":"required name=search_term_string"}],"inLanguage":"pt-BR"},{"@type":"Person","@id":"https:\/\/portalnpm.com\/#\/schema\/person\/0b5f230ec96cee25504fa328e7f2b733","name":"Reda\u00e7\u00e3o","image":{"@type":"ImageObject","inLanguage":"pt-BR","@id":"https:\/\/portalnpm.com\/#\/schema\/person\/image\/","url":"https:\/\/portalnpm.com\/wp-content\/uploads\/2024\/03\/avatar_user_4_1710097212-96x96.png","contentUrl":"https:\/\/portalnpm.com\/wp-content\/uploads\/2024\/03\/avatar_user_4_1710097212-96x96.png","caption":"Reda\u00e7\u00e3o"},"url":"https:\/\/portalnpm.com\/index.php\/author\/redacao\/"}]}},"jetpack_sharing_enabled":true,"jetpack_featured_media_url":"https:\/\/portalnpm.com\/wp-content\/uploads\/2025\/04\/IMG-20250401-WA0145.jpg","_links":{"self":[{"href":"https:\/\/portalnpm.com\/index.php\/wp-json\/wp\/v2\/posts\/86137"}],"collection":[{"href":"https:\/\/portalnpm.com\/index.php\/wp-json\/wp\/v2\/posts"}],"about":[{"href":"https:\/\/portalnpm.com\/index.php\/wp-json\/wp\/v2\/types\/post"}],"author":[{"embeddable":true,"href":"https:\/\/portalnpm.com\/index.php\/wp-json\/wp\/v2\/users\/4"}],"replies":[{"embeddable":true,"href":"https:\/\/portalnpm.com\/index.php\/wp-json\/wp\/v2\/comments?post=86137"}],"version-history":[{"count":5,"href":"https:\/\/portalnpm.com\/index.php\/wp-json\/wp\/v2\/posts\/86137\/revisions"}],"predecessor-version":[{"id":86149,"href":"https:\/\/portalnpm.com\/index.php\/wp-json\/wp\/v2\/posts\/86137\/revisions\/86149"}],"wp:featuredmedia":[{"embeddable":true,"href":"https:\/\/portalnpm.com\/index.php\/wp-json\/wp\/v2\/media\/86140"}],"wp:attachment":[{"href":"https:\/\/portalnpm.com\/index.php\/wp-json\/wp\/v2\/media?parent=86137"}],"wp:term":[{"taxonomy":"category","embeddable":true,"href":"https:\/\/portalnpm.com\/index.php\/wp-json\/wp\/v2\/categories?post=86137"},{"taxonomy":"post_tag","embeddable":true,"href":"https:\/\/portalnpm.com\/index.php\/wp-json\/wp\/v2\/tags?post=86137"}],"curies":[{"name":"wp","href":"https:\/\/api.w.org\/{rel}","templated":true}]}}