{"id":86285,"date":"2025-04-05T16:33:21","date_gmt":"2025-04-05T19:33:21","guid":{"rendered":"https:\/\/portalnpm.com\/?p=86285"},"modified":"2025-04-05T16:33:21","modified_gmt":"2025-04-05T19:33:21","slug":"municipio-de-sao-juliao-marca-presenca-em-reuniao-regional-sobre-o-garantia-safra-2024-2025-promovida-pela-appm","status":"publish","type":"post","link":"https:\/\/portalnpm.com\/index.php\/2025\/04\/05\/municipio-de-sao-juliao-marca-presenca-em-reuniao-regional-sobre-o-garantia-safra-2024-2025-promovida-pela-appm\/","title":{"rendered":"Munic\u00edpio de S\u00e3o Juli\u00e3o marca presen\u00e7a em reuni\u00e3o regional sobre o Garantia-Safra 2024\/2025 promovida pela APPM"},"content":{"rendered":"<p>Na \u00faltima sexta-feira, 04, a Associa\u00e7\u00e3o Piauiense de Munic\u00edpios (APPM), em parceria com a Secretaria Estadual da Agricultura Familiar, promoveu uma reuni\u00e3o com representantes dos munic\u00edpios da Regi\u00e3o 2 do estado para discutir os procedimentos relacionados ao Garantia-Safra 2024\/2025.<\/p>\n<p><img fetchpriority=\"high\" decoding=\"async\" class=\"alignnone wp-image-86287 size-large\" src=\"https:\/\/portalnpm.com\/wp-content\/uploads\/2025\/04\/IMG-20250405-WA0341-1-1024x768.jpg\" alt=\"\" width=\"1024\" height=\"768\" srcset=\"https:\/\/portalnpm.com\/wp-content\/uploads\/2025\/04\/IMG-20250405-WA0341-1-1024x768.jpg 1024w, https:\/\/portalnpm.com\/wp-content\/uploads\/2025\/04\/IMG-20250405-WA0341-1-300x225.jpg 300w, https:\/\/portalnpm.com\/wp-content\/uploads\/2025\/04\/IMG-20250405-WA0341-1-768x576.jpg 768w, https:\/\/portalnpm.com\/wp-content\/uploads\/2025\/04\/IMG-20250405-WA0341-1.jpg 1280w\" sizes=\"(max-width: 1024px) 100vw, 1024px\" \/><\/p>\n<p>O encontro aconteceu com o objetivo de orientar as prefeituras sobre a solicita\u00e7\u00e3o de vistorias para an\u00e1lise de perdas na produ\u00e7\u00e3o agr\u00edcola, uma das quatro etapas essenciais para garantir o pagamento do benef\u00edcio aos agricultores.<\/p>\n<p>Representando o munic\u00edpio de S\u00e3o Juli\u00e3o, participaram da reuni\u00e3o o secret\u00e1rio municipal de Agricultura, N\u00e9 Rocha, a subsecret\u00e1ria Ana Paula, a subsecret\u00e1ria de Infraestrutura Gislane Cipriana e o colaborador Jonas, que refor\u00e7aram o compromisso da gest\u00e3o com o fortalecimento da agricultura familiar e a seguran\u00e7a alimentar no campo.<\/p>\n<p>Durante o encontro, foram debatidos os procedimentos t\u00e9cnicos que devem ser executados pelas secretarias municipais e pelos Conselhos de Desenvolvimento Rural Sustent\u00e1vel (CMDRS), al\u00e9m da import\u00e2ncia de atua\u00e7\u00e3o conjunta para assegurar a inclus\u00e3o do munic\u00edpio no programa.<\/p>\n<p>A participa\u00e7\u00e3o ativa de S\u00e3o Juli\u00e3o na reuni\u00e3o demonstra o empenho da gest\u00e3o municipal em garantir pol\u00edticas p\u00fablicas de apoio aos agricultores e em seguir todos os tr\u00e2mites necess\u00e1rios para a libera\u00e7\u00e3o dos recursos do Garantia-Safra. O encontro tamb\u00e9m destacou a relev\u00e2ncia de novos investimentos no setor agr\u00edcola, considerado essencial para a economia local e a qualidade de vida das fam\u00edlias rurais.<\/p>\n<p><img decoding=\"async\" class=\"alignnone size-medium wp-image-86288\" src=\"https:\/\/portalnpm.com\/wp-content\/uploads\/2025\/04\/IMG-20250405-WA0342-169x300.jpg\" alt=\"\" width=\"169\" height=\"300\" srcset=\"https:\/\/portalnpm.com\/wp-content\/uploads\/2025\/04\/IMG-20250405-WA0342-169x300.jpg 169w, https:\/\/portalnpm.com\/wp-content\/uploads\/2025\/04\/IMG-20250405-WA0342-576x1024.jpg 576w, https:\/\/portalnpm.com\/wp-content\/uploads\/2025\/04\/IMG-20250405-WA0342.jpg 720w\" sizes=\"(max-width: 169px) 100vw, 169px\" \/> <img decoding=\"async\" class=\"alignnone size-medium wp-image-86289\" src=\"https:\/\/portalnpm.com\/wp-content\/uploads\/2025\/04\/IMG-20250405-WA0344-169x300.jpg\" alt=\"\" width=\"169\" height=\"300\" srcset=\"https:\/\/portalnpm.com\/wp-content\/uploads\/2025\/04\/IMG-20250405-WA0344-169x300.jpg 169w, https:\/\/portalnpm.com\/wp-content\/uploads\/2025\/04\/IMG-20250405-WA0344-576x1024.jpg 576w, https:\/\/portalnpm.com\/wp-content\/uploads\/2025\/04\/IMG-20250405-WA0344.jpg 720w\" sizes=\"(max-width: 169px) 100vw, 169px\" \/><\/p>\n","protected":false},"excerpt":{"rendered":"<p>Na \u00faltima sexta-feira, 04, a Associa\u00e7\u00e3o Piauiense de Munic\u00edpios (APPM), em parceria com a Secretaria Estadual da Agricultura Familiar, promoveu uma reuni\u00e3o com representantes dos munic\u00edpios da Regi\u00e3o 2 do estado para discutir os procedimentos relacionados ao Garantia-Safra 2024\/2025. O encontro aconteceu com o objetivo de orientar as prefeituras sobre a solicita\u00e7\u00e3o de vistorias para &hellip;<\/p>\n","protected":false},"author":4,"featured_media":86286,"comment_status":"open","ping_status":"open","sticky":false,"template":"","format":"standard","meta":{"content-type":"","rop_custom_images_group":[],"rop_custom_messages_group":[],"rop_publish_now":"yes","rop_publish_now_accounts":{"facebook_2648258775420054_1618374048415101":""},"rop_publish_now_history":[],"rop_publish_now_status":"pending","footnotes":"","_jetpack_memberships_contains_paid_content":false},"categories":[113,109,3998],"tags":[16561,1529,230,855,15691,1197,1162,602,866,3524,16562,2544,1406,1196,1856],"yoast_head":"<!-- This site is optimized with the Yoast SEO plugin v22.3 - https:\/\/yoast.com\/wordpress\/plugins\/seo\/ -->\n<title>Munic\u00edpio de S\u00e3o Juli\u00e3o marca presen\u00e7a em reuni\u00e3o regional sobre o Garantia-Safra 2024\/2025 promovida pela APPM - Portal NPM<\/title>\n<meta name=\"robots\" content=\"index, follow, max-snippet:-1, max-image-preview:large, max-video-preview:-1\" \/>\n<link rel=\"canonical\" href=\"https:\/\/portalnpm.com\/index.php\/2025\/04\/05\/municipio-de-sao-juliao-marca-presenca-em-reuniao-regional-sobre-o-garantia-safra-2024-2025-promovida-pela-appm\/\" \/>\n<meta property=\"og:locale\" content=\"pt_BR\" \/>\n<meta property=\"og:type\" content=\"article\" \/>\n<meta property=\"og:title\" content=\"Munic\u00edpio de S\u00e3o Juli\u00e3o marca presen\u00e7a em reuni\u00e3o regional sobre o Garantia-Safra 2024\/2025 promovida pela APPM - Portal NPM\" \/>\n<meta property=\"og:description\" content=\"Na \u00faltima sexta-feira, 04, a Associa\u00e7\u00e3o Piauiense de Munic\u00edpios (APPM), em parceria com a Secretaria Estadual da Agricultura Familiar, promoveu uma reuni\u00e3o com representantes dos munic\u00edpios da Regi\u00e3o 2 do estado para discutir os procedimentos relacionados ao Garantia-Safra 2024\/2025. O encontro aconteceu com o objetivo de orientar as prefeituras sobre a solicita\u00e7\u00e3o de vistorias para &hellip;\" \/>\n<meta property=\"og:url\" content=\"https:\/\/portalnpm.com\/index.php\/2025\/04\/05\/municipio-de-sao-juliao-marca-presenca-em-reuniao-regional-sobre-o-garantia-safra-2024-2025-promovida-pela-appm\/\" \/>\n<meta property=\"og:site_name\" content=\"Portal NPM\" \/>\n<meta property=\"article:published_time\" content=\"2025-04-05T19:33:21+00:00\" \/>\n<meta property=\"og:image\" content=\"https:\/\/portalnpm.com\/wp-content\/uploads\/2025\/04\/IMG-20250405-WA0341.jpg\" \/>\n\t<meta property=\"og:image:width\" content=\"1280\" \/>\n\t<meta property=\"og:image:height\" content=\"960\" \/>\n\t<meta property=\"og:image:type\" content=\"image\/jpeg\" \/>\n<meta name=\"author\" content=\"Reda\u00e7\u00e3o\" \/>\n<meta name=\"twitter:card\" content=\"summary_large_image\" \/>\n<meta name=\"twitter:label1\" content=\"Escrito por\" \/>\n\t<meta name=\"twitter:data1\" content=\"Reda\u00e7\u00e3o\" \/>\n\t<meta name=\"twitter:label2\" content=\"Est. tempo de leitura\" \/>\n\t<meta name=\"twitter:data2\" content=\"3 minutos\" \/>\n<script type=\"application\/ld+json\" class=\"yoast-schema-graph\">{\"@context\":\"https:\/\/schema.org\",\"@graph\":[{\"@type\":\"WebPage\",\"@id\":\"https:\/\/portalnpm.com\/index.php\/2025\/04\/05\/municipio-de-sao-juliao-marca-presenca-em-reuniao-regional-sobre-o-garantia-safra-2024-2025-promovida-pela-appm\/\",\"url\":\"https:\/\/portalnpm.com\/index.php\/2025\/04\/05\/municipio-de-sao-juliao-marca-presenca-em-reuniao-regional-sobre-o-garantia-safra-2024-2025-promovida-pela-appm\/\",\"name\":\"Munic\u00edpio de S\u00e3o Juli\u00e3o marca presen\u00e7a em reuni\u00e3o regional sobre o Garantia-Safra 2024\/2025 promovida pela APPM - Portal NPM\",\"isPartOf\":{\"@id\":\"https:\/\/portalnpm.com\/#website\"},\"primaryImageOfPage\":{\"@id\":\"https:\/\/portalnpm.com\/index.php\/2025\/04\/05\/municipio-de-sao-juliao-marca-presenca-em-reuniao-regional-sobre-o-garantia-safra-2024-2025-promovida-pela-appm\/#primaryimage\"},\"image\":{\"@id\":\"https:\/\/portalnpm.com\/index.php\/2025\/04\/05\/municipio-de-sao-juliao-marca-presenca-em-reuniao-regional-sobre-o-garantia-safra-2024-2025-promovida-pela-appm\/#primaryimage\"},\"thumbnailUrl\":\"https:\/\/portalnpm.com\/wp-content\/uploads\/2025\/04\/IMG-20250405-WA0341.jpg\",\"datePublished\":\"2025-04-05T19:33:21+00:00\",\"dateModified\":\"2025-04-05T19:33:21+00:00\",\"author\":{\"@id\":\"https:\/\/portalnpm.com\/#\/schema\/person\/0b5f230ec96cee25504fa328e7f2b733\"},\"breadcrumb\":{\"@id\":\"https:\/\/portalnpm.com\/index.php\/2025\/04\/05\/municipio-de-sao-juliao-marca-presenca-em-reuniao-regional-sobre-o-garantia-safra-2024-2025-promovida-pela-appm\/#breadcrumb\"},\"inLanguage\":\"pt-BR\",\"potentialAction\":[{\"@type\":\"ReadAction\",\"target\":[\"https:\/\/portalnpm.com\/index.php\/2025\/04\/05\/municipio-de-sao-juliao-marca-presenca-em-reuniao-regional-sobre-o-garantia-safra-2024-2025-promovida-pela-appm\/\"]}]},{\"@type\":\"ImageObject\",\"inLanguage\":\"pt-BR\",\"@id\":\"https:\/\/portalnpm.com\/index.php\/2025\/04\/05\/municipio-de-sao-juliao-marca-presenca-em-reuniao-regional-sobre-o-garantia-safra-2024-2025-promovida-pela-appm\/#primaryimage\",\"url\":\"https:\/\/portalnpm.com\/wp-content\/uploads\/2025\/04\/IMG-20250405-WA0341.jpg\",\"contentUrl\":\"https:\/\/portalnpm.com\/wp-content\/uploads\/2025\/04\/IMG-20250405-WA0341.jpg\",\"width\":1280,\"height\":960},{\"@type\":\"BreadcrumbList\",\"@id\":\"https:\/\/portalnpm.com\/index.php\/2025\/04\/05\/municipio-de-sao-juliao-marca-presenca-em-reuniao-regional-sobre-o-garantia-safra-2024-2025-promovida-pela-appm\/#breadcrumb\",\"itemListElement\":[{\"@type\":\"ListItem\",\"position\":1,\"name\":\"In\u00edcio\",\"item\":\"https:\/\/portalnpm.com\/\"},{\"@type\":\"ListItem\",\"position\":2,\"name\":\"Munic\u00edpio de S\u00e3o Juli\u00e3o marca presen\u00e7a em reuni\u00e3o regional sobre o Garantia-Safra 2024\/2025 promovida pela APPM\"}]},{\"@type\":\"WebSite\",\"@id\":\"https:\/\/portalnpm.com\/#website\",\"url\":\"https:\/\/portalnpm.com\/\",\"name\":\"Portal NPM\",\"description\":\"Not\u00edcias em Primeira M\u00e3o\",\"potentialAction\":[{\"@type\":\"SearchAction\",\"target\":{\"@type\":\"EntryPoint\",\"urlTemplate\":\"https:\/\/portalnpm.com\/?s={search_term_string}\"},\"query-input\":\"required name=search_term_string\"}],\"inLanguage\":\"pt-BR\"},{\"@type\":\"Person\",\"@id\":\"https:\/\/portalnpm.com\/#\/schema\/person\/0b5f230ec96cee25504fa328e7f2b733\",\"name\":\"Reda\u00e7\u00e3o\",\"image\":{\"@type\":\"ImageObject\",\"inLanguage\":\"pt-BR\",\"@id\":\"https:\/\/portalnpm.com\/#\/schema\/person\/image\/\",\"url\":\"https:\/\/portalnpm.com\/wp-content\/uploads\/2024\/03\/avatar_user_4_1710097212-96x96.png\",\"contentUrl\":\"https:\/\/portalnpm.com\/wp-content\/uploads\/2024\/03\/avatar_user_4_1710097212-96x96.png\",\"caption\":\"Reda\u00e7\u00e3o\"},\"url\":\"https:\/\/portalnpm.com\/index.php\/author\/redacao\/\"}]}<\/script>\n<!-- \/ Yoast SEO plugin. -->","yoast_head_json":{"title":"Munic\u00edpio de S\u00e3o Juli\u00e3o marca presen\u00e7a em reuni\u00e3o regional sobre o Garantia-Safra 2024\/2025 promovida pela APPM - Portal NPM","robots":{"index":"index","follow":"follow","max-snippet":"max-snippet:-1","max-image-preview":"max-image-preview:large","max-video-preview":"max-video-preview:-1"},"canonical":"https:\/\/portalnpm.com\/index.php\/2025\/04\/05\/municipio-de-sao-juliao-marca-presenca-em-reuniao-regional-sobre-o-garantia-safra-2024-2025-promovida-pela-appm\/","og_locale":"pt_BR","og_type":"article","og_title":"Munic\u00edpio de S\u00e3o Juli\u00e3o marca presen\u00e7a em reuni\u00e3o regional sobre o Garantia-Safra 2024\/2025 promovida pela APPM - Portal NPM","og_description":"Na \u00faltima sexta-feira, 04, a Associa\u00e7\u00e3o Piauiense de Munic\u00edpios (APPM), em parceria com a Secretaria Estadual da Agricultura Familiar, promoveu uma reuni\u00e3o com representantes dos munic\u00edpios da Regi\u00e3o 2 do estado para discutir os procedimentos relacionados ao Garantia-Safra 2024\/2025. O encontro aconteceu com o objetivo de orientar as prefeituras sobre a solicita\u00e7\u00e3o de vistorias para &hellip;","og_url":"https:\/\/portalnpm.com\/index.php\/2025\/04\/05\/municipio-de-sao-juliao-marca-presenca-em-reuniao-regional-sobre-o-garantia-safra-2024-2025-promovida-pela-appm\/","og_site_name":"Portal NPM","article_published_time":"2025-04-05T19:33:21+00:00","og_image":[{"width":1280,"height":960,"url":"https:\/\/portalnpm.com\/wp-content\/uploads\/2025\/04\/IMG-20250405-WA0341.jpg","type":"image\/jpeg"}],"author":"Reda\u00e7\u00e3o","twitter_card":"summary_large_image","twitter_misc":{"Escrito por":"Reda\u00e7\u00e3o","Est. tempo de leitura":"3 minutos"},"schema":{"@context":"https:\/\/schema.org","@graph":[{"@type":"WebPage","@id":"https:\/\/portalnpm.com\/index.php\/2025\/04\/05\/municipio-de-sao-juliao-marca-presenca-em-reuniao-regional-sobre-o-garantia-safra-2024-2025-promovida-pela-appm\/","url":"https:\/\/portalnpm.com\/index.php\/2025\/04\/05\/municipio-de-sao-juliao-marca-presenca-em-reuniao-regional-sobre-o-garantia-safra-2024-2025-promovida-pela-appm\/","name":"Munic\u00edpio de S\u00e3o Juli\u00e3o marca presen\u00e7a em reuni\u00e3o regional sobre o Garantia-Safra 2024\/2025 promovida pela APPM - Portal NPM","isPartOf":{"@id":"https:\/\/portalnpm.com\/#website"},"primaryImageOfPage":{"@id":"https:\/\/portalnpm.com\/index.php\/2025\/04\/05\/municipio-de-sao-juliao-marca-presenca-em-reuniao-regional-sobre-o-garantia-safra-2024-2025-promovida-pela-appm\/#primaryimage"},"image":{"@id":"https:\/\/portalnpm.com\/index.php\/2025\/04\/05\/municipio-de-sao-juliao-marca-presenca-em-reuniao-regional-sobre-o-garantia-safra-2024-2025-promovida-pela-appm\/#primaryimage"},"thumbnailUrl":"https:\/\/portalnpm.com\/wp-content\/uploads\/2025\/04\/IMG-20250405-WA0341.jpg","datePublished":"2025-04-05T19:33:21+00:00","dateModified":"2025-04-05T19:33:21+00:00","author":{"@id":"https:\/\/portalnpm.com\/#\/schema\/person\/0b5f230ec96cee25504fa328e7f2b733"},"breadcrumb":{"@id":"https:\/\/portalnpm.com\/index.php\/2025\/04\/05\/municipio-de-sao-juliao-marca-presenca-em-reuniao-regional-sobre-o-garantia-safra-2024-2025-promovida-pela-appm\/#breadcrumb"},"inLanguage":"pt-BR","potentialAction":[{"@type":"ReadAction","target":["https:\/\/portalnpm.com\/index.php\/2025\/04\/05\/municipio-de-sao-juliao-marca-presenca-em-reuniao-regional-sobre-o-garantia-safra-2024-2025-promovida-pela-appm\/"]}]},{"@type":"ImageObject","inLanguage":"pt-BR","@id":"https:\/\/portalnpm.com\/index.php\/2025\/04\/05\/municipio-de-sao-juliao-marca-presenca-em-reuniao-regional-sobre-o-garantia-safra-2024-2025-promovida-pela-appm\/#primaryimage","url":"https:\/\/portalnpm.com\/wp-content\/uploads\/2025\/04\/IMG-20250405-WA0341.jpg","contentUrl":"https:\/\/portalnpm.com\/wp-content\/uploads\/2025\/04\/IMG-20250405-WA0341.jpg","width":1280,"height":960},{"@type":"BreadcrumbList","@id":"https:\/\/portalnpm.com\/index.php\/2025\/04\/05\/municipio-de-sao-juliao-marca-presenca-em-reuniao-regional-sobre-o-garantia-safra-2024-2025-promovida-pela-appm\/#breadcrumb","itemListElement":[{"@type":"ListItem","position":1,"name":"In\u00edcio","item":"https:\/\/portalnpm.com\/"},{"@type":"ListItem","position":2,"name":"Munic\u00edpio de S\u00e3o Juli\u00e3o marca presen\u00e7a em reuni\u00e3o regional sobre o Garantia-Safra 2024\/2025 promovida pela APPM"}]},{"@type":"WebSite","@id":"https:\/\/portalnpm.com\/#website","url":"https:\/\/portalnpm.com\/","name":"Portal NPM","description":"Not\u00edcias em Primeira M\u00e3o","potentialAction":[{"@type":"SearchAction","target":{"@type":"EntryPoint","urlTemplate":"https:\/\/portalnpm.com\/?s={search_term_string}"},"query-input":"required name=search_term_string"}],"inLanguage":"pt-BR"},{"@type":"Person","@id":"https:\/\/portalnpm.com\/#\/schema\/person\/0b5f230ec96cee25504fa328e7f2b733","name":"Reda\u00e7\u00e3o","image":{"@type":"ImageObject","inLanguage":"pt-BR","@id":"https:\/\/portalnpm.com\/#\/schema\/person\/image\/","url":"https:\/\/portalnpm.com\/wp-content\/uploads\/2024\/03\/avatar_user_4_1710097212-96x96.png","contentUrl":"https:\/\/portalnpm.com\/wp-content\/uploads\/2024\/03\/avatar_user_4_1710097212-96x96.png","caption":"Reda\u00e7\u00e3o"},"url":"https:\/\/portalnpm.com\/index.php\/author\/redacao\/"}]}},"jetpack_sharing_enabled":true,"jetpack_featured_media_url":"https:\/\/portalnpm.com\/wp-content\/uploads\/2025\/04\/IMG-20250405-WA0341.jpg","_links":{"self":[{"href":"https:\/\/portalnpm.com\/index.php\/wp-json\/wp\/v2\/posts\/86285"}],"collection":[{"href":"https:\/\/portalnpm.com\/index.php\/wp-json\/wp\/v2\/posts"}],"about":[{"href":"https:\/\/portalnpm.com\/index.php\/wp-json\/wp\/v2\/types\/post"}],"author":[{"embeddable":true,"href":"https:\/\/portalnpm.com\/index.php\/wp-json\/wp\/v2\/users\/4"}],"replies":[{"embeddable":true,"href":"https:\/\/portalnpm.com\/index.php\/wp-json\/wp\/v2\/comments?post=86285"}],"version-history":[{"count":1,"href":"https:\/\/portalnpm.com\/index.php\/wp-json\/wp\/v2\/posts\/86285\/revisions"}],"predecessor-version":[{"id":86290,"href":"https:\/\/portalnpm.com\/index.php\/wp-json\/wp\/v2\/posts\/86285\/revisions\/86290"}],"wp:featuredmedia":[{"embeddable":true,"href":"https:\/\/portalnpm.com\/index.php\/wp-json\/wp\/v2\/media\/86286"}],"wp:attachment":[{"href":"https:\/\/portalnpm.com\/index.php\/wp-json\/wp\/v2\/media?parent=86285"}],"wp:term":[{"taxonomy":"category","embeddable":true,"href":"https:\/\/portalnpm.com\/index.php\/wp-json\/wp\/v2\/categories?post=86285"},{"taxonomy":"post_tag","embeddable":true,"href":"https:\/\/portalnpm.com\/index.php\/wp-json\/wp\/v2\/tags?post=86285"}],"curies":[{"name":"wp","href":"https:\/\/api.w.org\/{rel}","templated":true}]}}