{"id":86338,"date":"2025-04-07T15:56:14","date_gmt":"2025-04-07T18:56:14","guid":{"rendered":"https:\/\/portalnpm.com\/?p=86338"},"modified":"2025-04-07T15:56:14","modified_gmt":"2025-04-07T18:56:14","slug":"prefeitura-de-sao-juliao-anuncia-caninana-do-forro-como-atracao-principal-no-sabado-de-aleluia-do-povoado-mandacaru-veja","status":"publish","type":"post","link":"https:\/\/portalnpm.com\/index.php\/2025\/04\/07\/prefeitura-de-sao-juliao-anuncia-caninana-do-forro-como-atracao-principal-no-sabado-de-aleluia-do-povoado-mandacaru-veja\/","title":{"rendered":"Prefeitura de S\u00e3o Juli\u00e3o anuncia Caninana do Forr\u00f3 como atra\u00e7\u00e3o principal no S\u00e1bado de Aleluia do povoado Mandacaru; veja!"},"content":{"rendered":"<p>A Prefeitura Municipal de S\u00e3o Juli\u00e3o-PI atrav\u00e9s da gest\u00e3o &#8220;S\u00e3o Juli\u00e3o Para Todos&#8221; anunciou nesta segunda-feira (07), Caninana do Forr\u00f3, como a principal atra\u00e7\u00e3o musical no S\u00e1bado de Aleluia do povoado Mandacaru, distrito de S\u00e3o Juli\u00e3o.<\/p>\n<p><img fetchpriority=\"high\" decoding=\"async\" class=\"alignnone wp-image-86339 size-full\" src=\"https:\/\/portalnpm.com\/wp-content\/uploads\/2025\/04\/IMG-20250407-WA0228.jpg\" alt=\"\" width=\"640\" height=\"896\" srcset=\"https:\/\/portalnpm.com\/wp-content\/uploads\/2025\/04\/IMG-20250407-WA0228.jpg 640w, https:\/\/portalnpm.com\/wp-content\/uploads\/2025\/04\/IMG-20250407-WA0228-214x300.jpg 214w\" sizes=\"(max-width: 640px) 100vw, 640px\" \/><\/p>\n<p>O evento ser\u00e1 realizado no dia 19 de abril, no centro do povoado Mandacaru, e patrocinado pela prefeitura municipal, que tem \u00e0 frente o prefeito Renaldinho Ramos. Durante o dia, acontecer\u00e1 o tradicional torneio de futebol entre diversas equipes do munic\u00edpio e da regi\u00e3o, e na parte da noite as atra\u00e7\u00f5es musicais.<\/p>\n<figure id=\"attachment_84410\" aria-describedby=\"caption-attachment-84410\" style=\"width: 1280px\" class=\"wp-caption alignnone\"><img decoding=\"async\" class=\"wp-image-84410 size-full\" src=\"https:\/\/portalnpm.com\/wp-content\/uploads\/2025\/02\/batch_DSC_4388.jpg\" alt=\"\" width=\"1280\" height=\"853\" srcset=\"https:\/\/portalnpm.com\/wp-content\/uploads\/2025\/02\/batch_DSC_4388.jpg 1280w, https:\/\/portalnpm.com\/wp-content\/uploads\/2025\/02\/batch_DSC_4388-300x200.jpg 300w, https:\/\/portalnpm.com\/wp-content\/uploads\/2025\/02\/batch_DSC_4388-1024x682.jpg 1024w, https:\/\/portalnpm.com\/wp-content\/uploads\/2025\/02\/batch_DSC_4388-768x512.jpg 768w\" sizes=\"(max-width: 1280px) 100vw, 1280px\" \/><figcaption id=\"caption-attachment-84410\" class=\"wp-caption-text\">Prefeito Renaldinho Ramos<\/figcaption><\/figure>\n<p><strong>Hist\u00f3ria<\/strong><\/p>\n<p>Nascido na cidade de Assar\u00e9, interior do Cear\u00e1, Caninana come\u00e7ou muito cedo a tocar tri\u00e2ngulo. Aos 12 anos, j\u00e1 cantava com o sanfoneiro Tet\u00ea Matias. No ano de 2002, come\u00e7ou a tocar sanfona e ganhou o apelido de \u201cCaninana do Forr\u00f3\u201d. Depois de muita batalha, o sanfoneiro conseguiu se lan\u00e7ar em carreira solo e hoje \u00e9 um dos maiores nomes da m\u00fasica brasileira.<\/p>\n","protected":false},"excerpt":{"rendered":"<p>A Prefeitura Municipal de S\u00e3o Juli\u00e3o-PI atrav\u00e9s da gest\u00e3o &#8220;S\u00e3o Juli\u00e3o Para Todos&#8221; anunciou nesta segunda-feira (07), Caninana do Forr\u00f3, como a principal atra\u00e7\u00e3o musical no S\u00e1bado de Aleluia do povoado Mandacaru, distrito de S\u00e3o Juli\u00e3o. O evento ser\u00e1 realizado no dia 19 de abril, no centro do povoado Mandacaru, e patrocinado pela prefeitura municipal, &hellip;<\/p>\n","protected":false},"author":4,"featured_media":86340,"comment_status":"open","ping_status":"open","sticky":false,"template":"","format":"standard","meta":{"content-type":"","rop_custom_images_group":[],"rop_custom_messages_group":[],"rop_publish_now":"yes","rop_publish_now_accounts":{"facebook_2648258775420054_1618374048415101":""},"rop_publish_now_history":[],"rop_publish_now_status":"pending","footnotes":"","_jetpack_memberships_contains_paid_content":false},"categories":[113,109,3998],"tags":[15538,223,1509,16563,1151,230,3050,1197,500,4705,222,1818,1037,1196,842],"yoast_head":"<!-- This site is optimized with the Yoast SEO plugin v22.3 - https:\/\/yoast.com\/wordpress\/plugins\/seo\/ -->\n<title>Prefeitura de S\u00e3o Juli\u00e3o anuncia Caninana do Forr\u00f3 como atra\u00e7\u00e3o principal no S\u00e1bado de Aleluia do povoado Mandacaru; veja! - Portal NPM<\/title>\n<meta name=\"robots\" content=\"index, follow, max-snippet:-1, max-image-preview:large, max-video-preview:-1\" \/>\n<link rel=\"canonical\" href=\"https:\/\/portalnpm.com\/index.php\/2025\/04\/07\/prefeitura-de-sao-juliao-anuncia-caninana-do-forro-como-atracao-principal-no-sabado-de-aleluia-do-povoado-mandacaru-veja\/\" \/>\n<meta property=\"og:locale\" content=\"pt_BR\" \/>\n<meta property=\"og:type\" content=\"article\" \/>\n<meta property=\"og:title\" content=\"Prefeitura de S\u00e3o Juli\u00e3o anuncia Caninana do Forr\u00f3 como atra\u00e7\u00e3o principal no S\u00e1bado de Aleluia do povoado Mandacaru; veja! - Portal NPM\" \/>\n<meta property=\"og:description\" content=\"A Prefeitura Municipal de S\u00e3o Juli\u00e3o-PI atrav\u00e9s da gest\u00e3o &#8220;S\u00e3o Juli\u00e3o Para Todos&#8221; anunciou nesta segunda-feira (07), Caninana do Forr\u00f3, como a principal atra\u00e7\u00e3o musical no S\u00e1bado de Aleluia do povoado Mandacaru, distrito de S\u00e3o Juli\u00e3o. O evento ser\u00e1 realizado no dia 19 de abril, no centro do povoado Mandacaru, e patrocinado pela prefeitura municipal, &hellip;\" \/>\n<meta property=\"og:url\" content=\"https:\/\/portalnpm.com\/index.php\/2025\/04\/07\/prefeitura-de-sao-juliao-anuncia-caninana-do-forro-como-atracao-principal-no-sabado-de-aleluia-do-povoado-mandacaru-veja\/\" \/>\n<meta property=\"og:site_name\" content=\"Portal NPM\" \/>\n<meta property=\"article:published_time\" content=\"2025-04-07T18:56:14+00:00\" \/>\n<meta property=\"og:image\" content=\"https:\/\/portalnpm.com\/wp-content\/uploads\/2025\/04\/IMG-20250407-WA0227.jpg\" \/>\n\t<meta property=\"og:image:width\" content=\"618\" \/>\n\t<meta property=\"og:image:height\" content=\"490\" \/>\n\t<meta property=\"og:image:type\" content=\"image\/jpeg\" \/>\n<meta name=\"author\" content=\"Reda\u00e7\u00e3o\" \/>\n<meta name=\"twitter:card\" content=\"summary_large_image\" \/>\n<meta name=\"twitter:label1\" content=\"Escrito por\" \/>\n\t<meta name=\"twitter:data1\" content=\"Reda\u00e7\u00e3o\" \/>\n\t<meta name=\"twitter:label2\" content=\"Est. tempo de leitura\" \/>\n\t<meta name=\"twitter:data2\" content=\"2 minutos\" \/>\n<script type=\"application\/ld+json\" class=\"yoast-schema-graph\">{\"@context\":\"https:\/\/schema.org\",\"@graph\":[{\"@type\":\"WebPage\",\"@id\":\"https:\/\/portalnpm.com\/index.php\/2025\/04\/07\/prefeitura-de-sao-juliao-anuncia-caninana-do-forro-como-atracao-principal-no-sabado-de-aleluia-do-povoado-mandacaru-veja\/\",\"url\":\"https:\/\/portalnpm.com\/index.php\/2025\/04\/07\/prefeitura-de-sao-juliao-anuncia-caninana-do-forro-como-atracao-principal-no-sabado-de-aleluia-do-povoado-mandacaru-veja\/\",\"name\":\"Prefeitura de S\u00e3o Juli\u00e3o anuncia Caninana do Forr\u00f3 como atra\u00e7\u00e3o principal no S\u00e1bado de Aleluia do povoado Mandacaru; veja! - Portal NPM\",\"isPartOf\":{\"@id\":\"https:\/\/portalnpm.com\/#website\"},\"primaryImageOfPage\":{\"@id\":\"https:\/\/portalnpm.com\/index.php\/2025\/04\/07\/prefeitura-de-sao-juliao-anuncia-caninana-do-forro-como-atracao-principal-no-sabado-de-aleluia-do-povoado-mandacaru-veja\/#primaryimage\"},\"image\":{\"@id\":\"https:\/\/portalnpm.com\/index.php\/2025\/04\/07\/prefeitura-de-sao-juliao-anuncia-caninana-do-forro-como-atracao-principal-no-sabado-de-aleluia-do-povoado-mandacaru-veja\/#primaryimage\"},\"thumbnailUrl\":\"https:\/\/portalnpm.com\/wp-content\/uploads\/2025\/04\/IMG-20250407-WA0227.jpg\",\"datePublished\":\"2025-04-07T18:56:14+00:00\",\"dateModified\":\"2025-04-07T18:56:14+00:00\",\"author\":{\"@id\":\"https:\/\/portalnpm.com\/#\/schema\/person\/0b5f230ec96cee25504fa328e7f2b733\"},\"breadcrumb\":{\"@id\":\"https:\/\/portalnpm.com\/index.php\/2025\/04\/07\/prefeitura-de-sao-juliao-anuncia-caninana-do-forro-como-atracao-principal-no-sabado-de-aleluia-do-povoado-mandacaru-veja\/#breadcrumb\"},\"inLanguage\":\"pt-BR\",\"potentialAction\":[{\"@type\":\"ReadAction\",\"target\":[\"https:\/\/portalnpm.com\/index.php\/2025\/04\/07\/prefeitura-de-sao-juliao-anuncia-caninana-do-forro-como-atracao-principal-no-sabado-de-aleluia-do-povoado-mandacaru-veja\/\"]}]},{\"@type\":\"ImageObject\",\"inLanguage\":\"pt-BR\",\"@id\":\"https:\/\/portalnpm.com\/index.php\/2025\/04\/07\/prefeitura-de-sao-juliao-anuncia-caninana-do-forro-como-atracao-principal-no-sabado-de-aleluia-do-povoado-mandacaru-veja\/#primaryimage\",\"url\":\"https:\/\/portalnpm.com\/wp-content\/uploads\/2025\/04\/IMG-20250407-WA0227.jpg\",\"contentUrl\":\"https:\/\/portalnpm.com\/wp-content\/uploads\/2025\/04\/IMG-20250407-WA0227.jpg\",\"width\":618,\"height\":490},{\"@type\":\"BreadcrumbList\",\"@id\":\"https:\/\/portalnpm.com\/index.php\/2025\/04\/07\/prefeitura-de-sao-juliao-anuncia-caninana-do-forro-como-atracao-principal-no-sabado-de-aleluia-do-povoado-mandacaru-veja\/#breadcrumb\",\"itemListElement\":[{\"@type\":\"ListItem\",\"position\":1,\"name\":\"In\u00edcio\",\"item\":\"https:\/\/portalnpm.com\/\"},{\"@type\":\"ListItem\",\"position\":2,\"name\":\"Prefeitura de S\u00e3o Juli\u00e3o anuncia Caninana do Forr\u00f3 como atra\u00e7\u00e3o principal no S\u00e1bado de Aleluia do povoado Mandacaru; veja!\"}]},{\"@type\":\"WebSite\",\"@id\":\"https:\/\/portalnpm.com\/#website\",\"url\":\"https:\/\/portalnpm.com\/\",\"name\":\"Portal NPM\",\"description\":\"Not\u00edcias em Primeira M\u00e3o\",\"potentialAction\":[{\"@type\":\"SearchAction\",\"target\":{\"@type\":\"EntryPoint\",\"urlTemplate\":\"https:\/\/portalnpm.com\/?s={search_term_string}\"},\"query-input\":\"required name=search_term_string\"}],\"inLanguage\":\"pt-BR\"},{\"@type\":\"Person\",\"@id\":\"https:\/\/portalnpm.com\/#\/schema\/person\/0b5f230ec96cee25504fa328e7f2b733\",\"name\":\"Reda\u00e7\u00e3o\",\"image\":{\"@type\":\"ImageObject\",\"inLanguage\":\"pt-BR\",\"@id\":\"https:\/\/portalnpm.com\/#\/schema\/person\/image\/\",\"url\":\"https:\/\/portalnpm.com\/wp-content\/uploads\/2024\/03\/avatar_user_4_1710097212-96x96.png\",\"contentUrl\":\"https:\/\/portalnpm.com\/wp-content\/uploads\/2024\/03\/avatar_user_4_1710097212-96x96.png\",\"caption\":\"Reda\u00e7\u00e3o\"},\"url\":\"https:\/\/portalnpm.com\/index.php\/author\/redacao\/\"}]}<\/script>\n<!-- \/ Yoast SEO plugin. -->","yoast_head_json":{"title":"Prefeitura de S\u00e3o Juli\u00e3o anuncia Caninana do Forr\u00f3 como atra\u00e7\u00e3o principal no S\u00e1bado de Aleluia do povoado Mandacaru; veja! - Portal NPM","robots":{"index":"index","follow":"follow","max-snippet":"max-snippet:-1","max-image-preview":"max-image-preview:large","max-video-preview":"max-video-preview:-1"},"canonical":"https:\/\/portalnpm.com\/index.php\/2025\/04\/07\/prefeitura-de-sao-juliao-anuncia-caninana-do-forro-como-atracao-principal-no-sabado-de-aleluia-do-povoado-mandacaru-veja\/","og_locale":"pt_BR","og_type":"article","og_title":"Prefeitura de S\u00e3o Juli\u00e3o anuncia Caninana do Forr\u00f3 como atra\u00e7\u00e3o principal no S\u00e1bado de Aleluia do povoado Mandacaru; veja! - Portal NPM","og_description":"A Prefeitura Municipal de S\u00e3o Juli\u00e3o-PI atrav\u00e9s da gest\u00e3o &#8220;S\u00e3o Juli\u00e3o Para Todos&#8221; anunciou nesta segunda-feira (07), Caninana do Forr\u00f3, como a principal atra\u00e7\u00e3o musical no S\u00e1bado de Aleluia do povoado Mandacaru, distrito de S\u00e3o Juli\u00e3o. O evento ser\u00e1 realizado no dia 19 de abril, no centro do povoado Mandacaru, e patrocinado pela prefeitura municipal, &hellip;","og_url":"https:\/\/portalnpm.com\/index.php\/2025\/04\/07\/prefeitura-de-sao-juliao-anuncia-caninana-do-forro-como-atracao-principal-no-sabado-de-aleluia-do-povoado-mandacaru-veja\/","og_site_name":"Portal NPM","article_published_time":"2025-04-07T18:56:14+00:00","og_image":[{"width":618,"height":490,"url":"https:\/\/portalnpm.com\/wp-content\/uploads\/2025\/04\/IMG-20250407-WA0227.jpg","type":"image\/jpeg"}],"author":"Reda\u00e7\u00e3o","twitter_card":"summary_large_image","twitter_misc":{"Escrito por":"Reda\u00e7\u00e3o","Est. tempo de leitura":"2 minutos"},"schema":{"@context":"https:\/\/schema.org","@graph":[{"@type":"WebPage","@id":"https:\/\/portalnpm.com\/index.php\/2025\/04\/07\/prefeitura-de-sao-juliao-anuncia-caninana-do-forro-como-atracao-principal-no-sabado-de-aleluia-do-povoado-mandacaru-veja\/","url":"https:\/\/portalnpm.com\/index.php\/2025\/04\/07\/prefeitura-de-sao-juliao-anuncia-caninana-do-forro-como-atracao-principal-no-sabado-de-aleluia-do-povoado-mandacaru-veja\/","name":"Prefeitura de S\u00e3o Juli\u00e3o anuncia Caninana do Forr\u00f3 como atra\u00e7\u00e3o principal no S\u00e1bado de Aleluia do povoado Mandacaru; veja! - Portal NPM","isPartOf":{"@id":"https:\/\/portalnpm.com\/#website"},"primaryImageOfPage":{"@id":"https:\/\/portalnpm.com\/index.php\/2025\/04\/07\/prefeitura-de-sao-juliao-anuncia-caninana-do-forro-como-atracao-principal-no-sabado-de-aleluia-do-povoado-mandacaru-veja\/#primaryimage"},"image":{"@id":"https:\/\/portalnpm.com\/index.php\/2025\/04\/07\/prefeitura-de-sao-juliao-anuncia-caninana-do-forro-como-atracao-principal-no-sabado-de-aleluia-do-povoado-mandacaru-veja\/#primaryimage"},"thumbnailUrl":"https:\/\/portalnpm.com\/wp-content\/uploads\/2025\/04\/IMG-20250407-WA0227.jpg","datePublished":"2025-04-07T18:56:14+00:00","dateModified":"2025-04-07T18:56:14+00:00","author":{"@id":"https:\/\/portalnpm.com\/#\/schema\/person\/0b5f230ec96cee25504fa328e7f2b733"},"breadcrumb":{"@id":"https:\/\/portalnpm.com\/index.php\/2025\/04\/07\/prefeitura-de-sao-juliao-anuncia-caninana-do-forro-como-atracao-principal-no-sabado-de-aleluia-do-povoado-mandacaru-veja\/#breadcrumb"},"inLanguage":"pt-BR","potentialAction":[{"@type":"ReadAction","target":["https:\/\/portalnpm.com\/index.php\/2025\/04\/07\/prefeitura-de-sao-juliao-anuncia-caninana-do-forro-como-atracao-principal-no-sabado-de-aleluia-do-povoado-mandacaru-veja\/"]}]},{"@type":"ImageObject","inLanguage":"pt-BR","@id":"https:\/\/portalnpm.com\/index.php\/2025\/04\/07\/prefeitura-de-sao-juliao-anuncia-caninana-do-forro-como-atracao-principal-no-sabado-de-aleluia-do-povoado-mandacaru-veja\/#primaryimage","url":"https:\/\/portalnpm.com\/wp-content\/uploads\/2025\/04\/IMG-20250407-WA0227.jpg","contentUrl":"https:\/\/portalnpm.com\/wp-content\/uploads\/2025\/04\/IMG-20250407-WA0227.jpg","width":618,"height":490},{"@type":"BreadcrumbList","@id":"https:\/\/portalnpm.com\/index.php\/2025\/04\/07\/prefeitura-de-sao-juliao-anuncia-caninana-do-forro-como-atracao-principal-no-sabado-de-aleluia-do-povoado-mandacaru-veja\/#breadcrumb","itemListElement":[{"@type":"ListItem","position":1,"name":"In\u00edcio","item":"https:\/\/portalnpm.com\/"},{"@type":"ListItem","position":2,"name":"Prefeitura de S\u00e3o Juli\u00e3o anuncia Caninana do Forr\u00f3 como atra\u00e7\u00e3o principal no S\u00e1bado de Aleluia do povoado Mandacaru; veja!"}]},{"@type":"WebSite","@id":"https:\/\/portalnpm.com\/#website","url":"https:\/\/portalnpm.com\/","name":"Portal NPM","description":"Not\u00edcias em Primeira M\u00e3o","potentialAction":[{"@type":"SearchAction","target":{"@type":"EntryPoint","urlTemplate":"https:\/\/portalnpm.com\/?s={search_term_string}"},"query-input":"required name=search_term_string"}],"inLanguage":"pt-BR"},{"@type":"Person","@id":"https:\/\/portalnpm.com\/#\/schema\/person\/0b5f230ec96cee25504fa328e7f2b733","name":"Reda\u00e7\u00e3o","image":{"@type":"ImageObject","inLanguage":"pt-BR","@id":"https:\/\/portalnpm.com\/#\/schema\/person\/image\/","url":"https:\/\/portalnpm.com\/wp-content\/uploads\/2024\/03\/avatar_user_4_1710097212-96x96.png","contentUrl":"https:\/\/portalnpm.com\/wp-content\/uploads\/2024\/03\/avatar_user_4_1710097212-96x96.png","caption":"Reda\u00e7\u00e3o"},"url":"https:\/\/portalnpm.com\/index.php\/author\/redacao\/"}]}},"jetpack_sharing_enabled":true,"jetpack_featured_media_url":"https:\/\/portalnpm.com\/wp-content\/uploads\/2025\/04\/IMG-20250407-WA0227.jpg","_links":{"self":[{"href":"https:\/\/portalnpm.com\/index.php\/wp-json\/wp\/v2\/posts\/86338"}],"collection":[{"href":"https:\/\/portalnpm.com\/index.php\/wp-json\/wp\/v2\/posts"}],"about":[{"href":"https:\/\/portalnpm.com\/index.php\/wp-json\/wp\/v2\/types\/post"}],"author":[{"embeddable":true,"href":"https:\/\/portalnpm.com\/index.php\/wp-json\/wp\/v2\/users\/4"}],"replies":[{"embeddable":true,"href":"https:\/\/portalnpm.com\/index.php\/wp-json\/wp\/v2\/comments?post=86338"}],"version-history":[{"count":1,"href":"https:\/\/portalnpm.com\/index.php\/wp-json\/wp\/v2\/posts\/86338\/revisions"}],"predecessor-version":[{"id":86341,"href":"https:\/\/portalnpm.com\/index.php\/wp-json\/wp\/v2\/posts\/86338\/revisions\/86341"}],"wp:featuredmedia":[{"embeddable":true,"href":"https:\/\/portalnpm.com\/index.php\/wp-json\/wp\/v2\/media\/86340"}],"wp:attachment":[{"href":"https:\/\/portalnpm.com\/index.php\/wp-json\/wp\/v2\/media?parent=86338"}],"wp:term":[{"taxonomy":"category","embeddable":true,"href":"https:\/\/portalnpm.com\/index.php\/wp-json\/wp\/v2\/categories?post=86338"},{"taxonomy":"post_tag","embeddable":true,"href":"https:\/\/portalnpm.com\/index.php\/wp-json\/wp\/v2\/tags?post=86338"}],"curies":[{"name":"wp","href":"https:\/\/api.w.org\/{rel}","templated":true}]}}