{"id":86357,"date":"2025-04-08T21:08:17","date_gmt":"2025-04-09T00:08:17","guid":{"rendered":"https:\/\/portalnpm.com\/?p=86357"},"modified":"2025-04-08T21:08:17","modified_gmt":"2025-04-09T00:08:17","slug":"ex-vereador-leureny-sobrinho-secretario-de-governo-edisaldo-e-vereador-david-junior-representam-sao-juliao-na-reuniao-sobre-a-seca","status":"publish","type":"post","link":"https:\/\/portalnpm.com\/index.php\/2025\/04\/08\/ex-vereador-leureny-sobrinho-secretario-de-governo-edisaldo-e-vereador-david-junior-representam-sao-juliao-na-reuniao-sobre-a-seca\/","title":{"rendered":"Ex-vereador Leureny Sobrinho, secret\u00e1rio de Governo, Edisaldo e vereador David J\u00fanior representam S\u00e3o Juli\u00e3o na reuni\u00e3o sobre a seca"},"content":{"rendered":"<p>O munic\u00edpio de S\u00e3o Juli\u00e3o esteve representado em uma importante reuni\u00e3o promovida pela Associa\u00e7\u00e3o Piauiense de Munic\u00edpios (APPM) para tratar da situa\u00e7\u00e3o de emerg\u00eancia causada pela seca em diversas regi\u00f5es do estado. O encontro aconteceu na manh\u00e3 desta ter\u00e7a-feira, 8 de abril, no audit\u00f3rio da APPM, em Teresina.<\/p>\n<p><img fetchpriority=\"high\" decoding=\"async\" class=\"alignnone wp-image-86360 size-full\" src=\"https:\/\/portalnpm.com\/wp-content\/uploads\/2025\/04\/IMG-20250408-WA0091.jpg\" alt=\"\" width=\"1204\" height=\"1600\" srcset=\"https:\/\/portalnpm.com\/wp-content\/uploads\/2025\/04\/IMG-20250408-WA0091.jpg 1204w, https:\/\/portalnpm.com\/wp-content\/uploads\/2025\/04\/IMG-20250408-WA0091-226x300.jpg 226w, https:\/\/portalnpm.com\/wp-content\/uploads\/2025\/04\/IMG-20250408-WA0091-771x1024.jpg 771w, https:\/\/portalnpm.com\/wp-content\/uploads\/2025\/04\/IMG-20250408-WA0091-768x1021.jpg 768w, https:\/\/portalnpm.com\/wp-content\/uploads\/2025\/04\/IMG-20250408-WA0091-1156x1536.jpg 1156w\" sizes=\"(max-width: 1204px) 100vw, 1204px\" \/><\/p>\n<p>Representando o munic\u00edpio, participaram o ex-vereador Leureny Sobrinho, o secret\u00e1rio de Governo, Edisaldo Rocha e o vereador David J\u00fanior, que refor\u00e7aram a preocupa\u00e7\u00e3o de S\u00e3o Juli\u00e3o com os impactos da estiagem na zona rural e a necessidade de a\u00e7\u00f5es urgentes para apoiar os agricultores e fam\u00edlias afetadas.<\/p>\n<p><img decoding=\"async\" class=\"alignnone size-medium wp-image-86359\" src=\"https:\/\/portalnpm.com\/wp-content\/uploads\/2025\/04\/IMG-20250408-WA0092-300x226.jpg\" alt=\"\" width=\"300\" height=\"226\" srcset=\"https:\/\/portalnpm.com\/wp-content\/uploads\/2025\/04\/IMG-20250408-WA0092-300x226.jpg 300w, https:\/\/portalnpm.com\/wp-content\/uploads\/2025\/04\/IMG-20250408-WA0092-1024x771.jpg 1024w, https:\/\/portalnpm.com\/wp-content\/uploads\/2025\/04\/IMG-20250408-WA0092-768x578.jpg 768w, https:\/\/portalnpm.com\/wp-content\/uploads\/2025\/04\/IMG-20250408-WA0092-1536x1156.jpg 1536w, https:\/\/portalnpm.com\/wp-content\/uploads\/2025\/04\/IMG-20250408-WA0092.jpg 1600w\" sizes=\"(max-width: 300px) 100vw, 300px\" \/><\/p>\n<p>A reuni\u00e3o contou com a presen\u00e7a do secret\u00e1rio estadual de Defesa Civil, deputado Nerinho, e do secret\u00e1rio da Secretaria da Assist\u00eancia T\u00e9cnica e Defesa Agropecu\u00e1ria (SADA), F\u00e1bio Abreu, al\u00e9m de representantes do Minist\u00e9rio do Desenvolvimento Social (MDS), da Secretaria da Assist\u00eancia Social, Trabalho e Direitos Humanos (SASC), Secretaria de Agricultura Familiar entre outros \u00f3rg\u00e3os estaduais e federais.<\/p>\n<p>Durante o encontro, foram discutidas estrat\u00e9gias para minimizar os danos provocados pela seca, incluindo a\u00e7\u00f5es emergenciais e a articula\u00e7\u00e3o de pol\u00edticas p\u00fablicas que garantam o abastecimento de \u00e1gua, apoio \u00e0 produ\u00e7\u00e3o agr\u00edcola e assist\u00eancia \u00e0s fam\u00edlias em situa\u00e7\u00e3o de vulnerabilidade.<\/p>\n<p>O presidente da APPM, Admaelton Bezerra, destacou que a mobiliza\u00e7\u00e3o dos munic\u00edpios \u00e9 fundamental para que o Estado e o Governo Federal compreendam a gravidade da situa\u00e7\u00e3o e ampliem o suporte necess\u00e1rio \u00e0s cidades afetadas.<\/p>\n<p>A comitiva de S\u00e3o Juli\u00e3o refor\u00e7ou o compromisso da gest\u00e3o em buscar alternativas e solu\u00e7\u00f5es para proteger a popula\u00e7\u00e3o dos efeitos da estiagem, especialmente nas comunidades rurais.<\/p>\n<p><img decoding=\"async\" class=\"alignnone wp-image-86361 size-full\" src=\"https:\/\/portalnpm.com\/wp-content\/uploads\/2025\/04\/IMG-20250408-WA0090.jpg\" alt=\"\" width=\"1600\" height=\"1204\" srcset=\"https:\/\/portalnpm.com\/wp-content\/uploads\/2025\/04\/IMG-20250408-WA0090.jpg 1600w, https:\/\/portalnpm.com\/wp-content\/uploads\/2025\/04\/IMG-20250408-WA0090-300x226.jpg 300w, https:\/\/portalnpm.com\/wp-content\/uploads\/2025\/04\/IMG-20250408-WA0090-1024x771.jpg 1024w, https:\/\/portalnpm.com\/wp-content\/uploads\/2025\/04\/IMG-20250408-WA0090-768x578.jpg 768w, https:\/\/portalnpm.com\/wp-content\/uploads\/2025\/04\/IMG-20250408-WA0090-1536x1156.jpg 1536w\" sizes=\"(max-width: 1600px) 100vw, 1600px\" \/><\/p>\n","protected":false},"excerpt":{"rendered":"<p>O munic\u00edpio de S\u00e3o Juli\u00e3o esteve representado em uma importante reuni\u00e3o promovida pela Associa\u00e7\u00e3o Piauiense de Munic\u00edpios (APPM) para tratar da situa\u00e7\u00e3o de emerg\u00eancia causada pela seca em diversas regi\u00f5es do estado. O encontro aconteceu na manh\u00e3 desta ter\u00e7a-feira, 8 de abril, no audit\u00f3rio da APPM, em Teresina. Representando o munic\u00edpio, participaram o ex-vereador Leureny &hellip;<\/p>\n","protected":false},"author":4,"featured_media":86359,"comment_status":"open","ping_status":"open","sticky":false,"template":"","format":"standard","meta":{"content-type":"","rop_custom_images_group":[],"rop_custom_messages_group":[],"rop_publish_now":"yes","rop_publish_now_accounts":{"facebook_2648258775420054_1618374048415101":""},"rop_publish_now_history":[],"rop_publish_now_status":"pending","footnotes":"","_jetpack_memberships_contains_paid_content":false},"categories":[113,109,3998],"tags":[13854,230,14652,4051,524,1197,6237,5720,911,16283,1406,1196,14695,1072,1856,2178,194],"yoast_head":"<!-- This site is optimized with the Yoast SEO plugin v22.3 - https:\/\/yoast.com\/wordpress\/plugins\/seo\/ -->\n<title>Ex-vereador Leureny Sobrinho, secret\u00e1rio de Governo, Edisaldo e vereador David J\u00fanior representam S\u00e3o Juli\u00e3o na reuni\u00e3o sobre a seca - Portal NPM<\/title>\n<meta name=\"robots\" content=\"index, follow, max-snippet:-1, max-image-preview:large, max-video-preview:-1\" \/>\n<link rel=\"canonical\" href=\"https:\/\/portalnpm.com\/index.php\/2025\/04\/08\/ex-vereador-leureny-sobrinho-secretario-de-governo-edisaldo-e-vereador-david-junior-representam-sao-juliao-na-reuniao-sobre-a-seca\/\" \/>\n<meta property=\"og:locale\" content=\"pt_BR\" \/>\n<meta property=\"og:type\" content=\"article\" \/>\n<meta property=\"og:title\" content=\"Ex-vereador Leureny Sobrinho, secret\u00e1rio de Governo, Edisaldo e vereador David J\u00fanior representam S\u00e3o Juli\u00e3o na reuni\u00e3o sobre a seca - Portal NPM\" \/>\n<meta property=\"og:description\" content=\"O munic\u00edpio de S\u00e3o Juli\u00e3o esteve representado em uma importante reuni\u00e3o promovida pela Associa\u00e7\u00e3o Piauiense de Munic\u00edpios (APPM) para tratar da situa\u00e7\u00e3o de emerg\u00eancia causada pela seca em diversas regi\u00f5es do estado. O encontro aconteceu na manh\u00e3 desta ter\u00e7a-feira, 8 de abril, no audit\u00f3rio da APPM, em Teresina. Representando o munic\u00edpio, participaram o ex-vereador Leureny &hellip;\" \/>\n<meta property=\"og:url\" content=\"https:\/\/portalnpm.com\/index.php\/2025\/04\/08\/ex-vereador-leureny-sobrinho-secretario-de-governo-edisaldo-e-vereador-david-junior-representam-sao-juliao-na-reuniao-sobre-a-seca\/\" \/>\n<meta property=\"og:site_name\" content=\"Portal NPM\" \/>\n<meta property=\"article:published_time\" content=\"2025-04-09T00:08:17+00:00\" \/>\n<meta property=\"og:image\" content=\"https:\/\/portalnpm.com\/wp-content\/uploads\/2025\/04\/IMG-20250408-WA0092.jpg\" \/>\n\t<meta property=\"og:image:width\" content=\"1600\" \/>\n\t<meta property=\"og:image:height\" content=\"1204\" \/>\n\t<meta property=\"og:image:type\" content=\"image\/jpeg\" \/>\n<meta name=\"author\" content=\"Reda\u00e7\u00e3o\" \/>\n<meta name=\"twitter:card\" content=\"summary_large_image\" \/>\n<meta name=\"twitter:label1\" content=\"Escrito por\" \/>\n\t<meta name=\"twitter:data1\" content=\"Reda\u00e7\u00e3o\" \/>\n\t<meta name=\"twitter:label2\" content=\"Est. tempo de leitura\" \/>\n\t<meta name=\"twitter:data2\" content=\"3 minutos\" \/>\n<script type=\"application\/ld+json\" class=\"yoast-schema-graph\">{\"@context\":\"https:\/\/schema.org\",\"@graph\":[{\"@type\":\"WebPage\",\"@id\":\"https:\/\/portalnpm.com\/index.php\/2025\/04\/08\/ex-vereador-leureny-sobrinho-secretario-de-governo-edisaldo-e-vereador-david-junior-representam-sao-juliao-na-reuniao-sobre-a-seca\/\",\"url\":\"https:\/\/portalnpm.com\/index.php\/2025\/04\/08\/ex-vereador-leureny-sobrinho-secretario-de-governo-edisaldo-e-vereador-david-junior-representam-sao-juliao-na-reuniao-sobre-a-seca\/\",\"name\":\"Ex-vereador Leureny Sobrinho, secret\u00e1rio de Governo, Edisaldo e vereador David J\u00fanior representam S\u00e3o Juli\u00e3o na reuni\u00e3o sobre a seca - Portal NPM\",\"isPartOf\":{\"@id\":\"https:\/\/portalnpm.com\/#website\"},\"primaryImageOfPage\":{\"@id\":\"https:\/\/portalnpm.com\/index.php\/2025\/04\/08\/ex-vereador-leureny-sobrinho-secretario-de-governo-edisaldo-e-vereador-david-junior-representam-sao-juliao-na-reuniao-sobre-a-seca\/#primaryimage\"},\"image\":{\"@id\":\"https:\/\/portalnpm.com\/index.php\/2025\/04\/08\/ex-vereador-leureny-sobrinho-secretario-de-governo-edisaldo-e-vereador-david-junior-representam-sao-juliao-na-reuniao-sobre-a-seca\/#primaryimage\"},\"thumbnailUrl\":\"https:\/\/portalnpm.com\/wp-content\/uploads\/2025\/04\/IMG-20250408-WA0092.jpg\",\"datePublished\":\"2025-04-09T00:08:17+00:00\",\"dateModified\":\"2025-04-09T00:08:17+00:00\",\"author\":{\"@id\":\"https:\/\/portalnpm.com\/#\/schema\/person\/0b5f230ec96cee25504fa328e7f2b733\"},\"breadcrumb\":{\"@id\":\"https:\/\/portalnpm.com\/index.php\/2025\/04\/08\/ex-vereador-leureny-sobrinho-secretario-de-governo-edisaldo-e-vereador-david-junior-representam-sao-juliao-na-reuniao-sobre-a-seca\/#breadcrumb\"},\"inLanguage\":\"pt-BR\",\"potentialAction\":[{\"@type\":\"ReadAction\",\"target\":[\"https:\/\/portalnpm.com\/index.php\/2025\/04\/08\/ex-vereador-leureny-sobrinho-secretario-de-governo-edisaldo-e-vereador-david-junior-representam-sao-juliao-na-reuniao-sobre-a-seca\/\"]}]},{\"@type\":\"ImageObject\",\"inLanguage\":\"pt-BR\",\"@id\":\"https:\/\/portalnpm.com\/index.php\/2025\/04\/08\/ex-vereador-leureny-sobrinho-secretario-de-governo-edisaldo-e-vereador-david-junior-representam-sao-juliao-na-reuniao-sobre-a-seca\/#primaryimage\",\"url\":\"https:\/\/portalnpm.com\/wp-content\/uploads\/2025\/04\/IMG-20250408-WA0092.jpg\",\"contentUrl\":\"https:\/\/portalnpm.com\/wp-content\/uploads\/2025\/04\/IMG-20250408-WA0092.jpg\",\"width\":1600,\"height\":1204},{\"@type\":\"BreadcrumbList\",\"@id\":\"https:\/\/portalnpm.com\/index.php\/2025\/04\/08\/ex-vereador-leureny-sobrinho-secretario-de-governo-edisaldo-e-vereador-david-junior-representam-sao-juliao-na-reuniao-sobre-a-seca\/#breadcrumb\",\"itemListElement\":[{\"@type\":\"ListItem\",\"position\":1,\"name\":\"In\u00edcio\",\"item\":\"https:\/\/portalnpm.com\/\"},{\"@type\":\"ListItem\",\"position\":2,\"name\":\"Ex-vereador Leureny Sobrinho, secret\u00e1rio de Governo, Edisaldo e vereador David J\u00fanior representam S\u00e3o Juli\u00e3o na reuni\u00e3o sobre a seca\"}]},{\"@type\":\"WebSite\",\"@id\":\"https:\/\/portalnpm.com\/#website\",\"url\":\"https:\/\/portalnpm.com\/\",\"name\":\"Portal NPM\",\"description\":\"Not\u00edcias em Primeira M\u00e3o\",\"potentialAction\":[{\"@type\":\"SearchAction\",\"target\":{\"@type\":\"EntryPoint\",\"urlTemplate\":\"https:\/\/portalnpm.com\/?s={search_term_string}\"},\"query-input\":\"required name=search_term_string\"}],\"inLanguage\":\"pt-BR\"},{\"@type\":\"Person\",\"@id\":\"https:\/\/portalnpm.com\/#\/schema\/person\/0b5f230ec96cee25504fa328e7f2b733\",\"name\":\"Reda\u00e7\u00e3o\",\"image\":{\"@type\":\"ImageObject\",\"inLanguage\":\"pt-BR\",\"@id\":\"https:\/\/portalnpm.com\/#\/schema\/person\/image\/\",\"url\":\"https:\/\/portalnpm.com\/wp-content\/uploads\/2024\/03\/avatar_user_4_1710097212-96x96.png\",\"contentUrl\":\"https:\/\/portalnpm.com\/wp-content\/uploads\/2024\/03\/avatar_user_4_1710097212-96x96.png\",\"caption\":\"Reda\u00e7\u00e3o\"},\"url\":\"https:\/\/portalnpm.com\/index.php\/author\/redacao\/\"}]}<\/script>\n<!-- \/ Yoast SEO plugin. -->","yoast_head_json":{"title":"Ex-vereador Leureny Sobrinho, secret\u00e1rio de Governo, Edisaldo e vereador David J\u00fanior representam S\u00e3o Juli\u00e3o na reuni\u00e3o sobre a seca - Portal NPM","robots":{"index":"index","follow":"follow","max-snippet":"max-snippet:-1","max-image-preview":"max-image-preview:large","max-video-preview":"max-video-preview:-1"},"canonical":"https:\/\/portalnpm.com\/index.php\/2025\/04\/08\/ex-vereador-leureny-sobrinho-secretario-de-governo-edisaldo-e-vereador-david-junior-representam-sao-juliao-na-reuniao-sobre-a-seca\/","og_locale":"pt_BR","og_type":"article","og_title":"Ex-vereador Leureny Sobrinho, secret\u00e1rio de Governo, Edisaldo e vereador David J\u00fanior representam S\u00e3o Juli\u00e3o na reuni\u00e3o sobre a seca - Portal NPM","og_description":"O munic\u00edpio de S\u00e3o Juli\u00e3o esteve representado em uma importante reuni\u00e3o promovida pela Associa\u00e7\u00e3o Piauiense de Munic\u00edpios (APPM) para tratar da situa\u00e7\u00e3o de emerg\u00eancia causada pela seca em diversas regi\u00f5es do estado. O encontro aconteceu na manh\u00e3 desta ter\u00e7a-feira, 8 de abril, no audit\u00f3rio da APPM, em Teresina. Representando o munic\u00edpio, participaram o ex-vereador Leureny &hellip;","og_url":"https:\/\/portalnpm.com\/index.php\/2025\/04\/08\/ex-vereador-leureny-sobrinho-secretario-de-governo-edisaldo-e-vereador-david-junior-representam-sao-juliao-na-reuniao-sobre-a-seca\/","og_site_name":"Portal NPM","article_published_time":"2025-04-09T00:08:17+00:00","og_image":[{"width":1600,"height":1204,"url":"https:\/\/portalnpm.com\/wp-content\/uploads\/2025\/04\/IMG-20250408-WA0092.jpg","type":"image\/jpeg"}],"author":"Reda\u00e7\u00e3o","twitter_card":"summary_large_image","twitter_misc":{"Escrito por":"Reda\u00e7\u00e3o","Est. tempo de leitura":"3 minutos"},"schema":{"@context":"https:\/\/schema.org","@graph":[{"@type":"WebPage","@id":"https:\/\/portalnpm.com\/index.php\/2025\/04\/08\/ex-vereador-leureny-sobrinho-secretario-de-governo-edisaldo-e-vereador-david-junior-representam-sao-juliao-na-reuniao-sobre-a-seca\/","url":"https:\/\/portalnpm.com\/index.php\/2025\/04\/08\/ex-vereador-leureny-sobrinho-secretario-de-governo-edisaldo-e-vereador-david-junior-representam-sao-juliao-na-reuniao-sobre-a-seca\/","name":"Ex-vereador Leureny Sobrinho, secret\u00e1rio de Governo, Edisaldo e vereador David J\u00fanior representam S\u00e3o Juli\u00e3o na reuni\u00e3o sobre a seca - Portal NPM","isPartOf":{"@id":"https:\/\/portalnpm.com\/#website"},"primaryImageOfPage":{"@id":"https:\/\/portalnpm.com\/index.php\/2025\/04\/08\/ex-vereador-leureny-sobrinho-secretario-de-governo-edisaldo-e-vereador-david-junior-representam-sao-juliao-na-reuniao-sobre-a-seca\/#primaryimage"},"image":{"@id":"https:\/\/portalnpm.com\/index.php\/2025\/04\/08\/ex-vereador-leureny-sobrinho-secretario-de-governo-edisaldo-e-vereador-david-junior-representam-sao-juliao-na-reuniao-sobre-a-seca\/#primaryimage"},"thumbnailUrl":"https:\/\/portalnpm.com\/wp-content\/uploads\/2025\/04\/IMG-20250408-WA0092.jpg","datePublished":"2025-04-09T00:08:17+00:00","dateModified":"2025-04-09T00:08:17+00:00","author":{"@id":"https:\/\/portalnpm.com\/#\/schema\/person\/0b5f230ec96cee25504fa328e7f2b733"},"breadcrumb":{"@id":"https:\/\/portalnpm.com\/index.php\/2025\/04\/08\/ex-vereador-leureny-sobrinho-secretario-de-governo-edisaldo-e-vereador-david-junior-representam-sao-juliao-na-reuniao-sobre-a-seca\/#breadcrumb"},"inLanguage":"pt-BR","potentialAction":[{"@type":"ReadAction","target":["https:\/\/portalnpm.com\/index.php\/2025\/04\/08\/ex-vereador-leureny-sobrinho-secretario-de-governo-edisaldo-e-vereador-david-junior-representam-sao-juliao-na-reuniao-sobre-a-seca\/"]}]},{"@type":"ImageObject","inLanguage":"pt-BR","@id":"https:\/\/portalnpm.com\/index.php\/2025\/04\/08\/ex-vereador-leureny-sobrinho-secretario-de-governo-edisaldo-e-vereador-david-junior-representam-sao-juliao-na-reuniao-sobre-a-seca\/#primaryimage","url":"https:\/\/portalnpm.com\/wp-content\/uploads\/2025\/04\/IMG-20250408-WA0092.jpg","contentUrl":"https:\/\/portalnpm.com\/wp-content\/uploads\/2025\/04\/IMG-20250408-WA0092.jpg","width":1600,"height":1204},{"@type":"BreadcrumbList","@id":"https:\/\/portalnpm.com\/index.php\/2025\/04\/08\/ex-vereador-leureny-sobrinho-secretario-de-governo-edisaldo-e-vereador-david-junior-representam-sao-juliao-na-reuniao-sobre-a-seca\/#breadcrumb","itemListElement":[{"@type":"ListItem","position":1,"name":"In\u00edcio","item":"https:\/\/portalnpm.com\/"},{"@type":"ListItem","position":2,"name":"Ex-vereador Leureny Sobrinho, secret\u00e1rio de Governo, Edisaldo e vereador David J\u00fanior representam S\u00e3o Juli\u00e3o na reuni\u00e3o sobre a seca"}]},{"@type":"WebSite","@id":"https:\/\/portalnpm.com\/#website","url":"https:\/\/portalnpm.com\/","name":"Portal NPM","description":"Not\u00edcias em Primeira M\u00e3o","potentialAction":[{"@type":"SearchAction","target":{"@type":"EntryPoint","urlTemplate":"https:\/\/portalnpm.com\/?s={search_term_string}"},"query-input":"required name=search_term_string"}],"inLanguage":"pt-BR"},{"@type":"Person","@id":"https:\/\/portalnpm.com\/#\/schema\/person\/0b5f230ec96cee25504fa328e7f2b733","name":"Reda\u00e7\u00e3o","image":{"@type":"ImageObject","inLanguage":"pt-BR","@id":"https:\/\/portalnpm.com\/#\/schema\/person\/image\/","url":"https:\/\/portalnpm.com\/wp-content\/uploads\/2024\/03\/avatar_user_4_1710097212-96x96.png","contentUrl":"https:\/\/portalnpm.com\/wp-content\/uploads\/2024\/03\/avatar_user_4_1710097212-96x96.png","caption":"Reda\u00e7\u00e3o"},"url":"https:\/\/portalnpm.com\/index.php\/author\/redacao\/"}]}},"jetpack_sharing_enabled":true,"jetpack_featured_media_url":"https:\/\/portalnpm.com\/wp-content\/uploads\/2025\/04\/IMG-20250408-WA0092.jpg","_links":{"self":[{"href":"https:\/\/portalnpm.com\/index.php\/wp-json\/wp\/v2\/posts\/86357"}],"collection":[{"href":"https:\/\/portalnpm.com\/index.php\/wp-json\/wp\/v2\/posts"}],"about":[{"href":"https:\/\/portalnpm.com\/index.php\/wp-json\/wp\/v2\/types\/post"}],"author":[{"embeddable":true,"href":"https:\/\/portalnpm.com\/index.php\/wp-json\/wp\/v2\/users\/4"}],"replies":[{"embeddable":true,"href":"https:\/\/portalnpm.com\/index.php\/wp-json\/wp\/v2\/comments?post=86357"}],"version-history":[{"count":2,"href":"https:\/\/portalnpm.com\/index.php\/wp-json\/wp\/v2\/posts\/86357\/revisions"}],"predecessor-version":[{"id":86362,"href":"https:\/\/portalnpm.com\/index.php\/wp-json\/wp\/v2\/posts\/86357\/revisions\/86362"}],"wp:featuredmedia":[{"embeddable":true,"href":"https:\/\/portalnpm.com\/index.php\/wp-json\/wp\/v2\/media\/86359"}],"wp:attachment":[{"href":"https:\/\/portalnpm.com\/index.php\/wp-json\/wp\/v2\/media?parent=86357"}],"wp:term":[{"taxonomy":"category","embeddable":true,"href":"https:\/\/portalnpm.com\/index.php\/wp-json\/wp\/v2\/categories?post=86357"},{"taxonomy":"post_tag","embeddable":true,"href":"https:\/\/portalnpm.com\/index.php\/wp-json\/wp\/v2\/tags?post=86357"}],"curies":[{"name":"wp","href":"https:\/\/api.w.org\/{rel}","templated":true}]}}