{"id":86371,"date":"2025-04-12T06:33:33","date_gmt":"2025-04-12T09:33:33","guid":{"rendered":"https:\/\/portalnpm.com\/?p=86371"},"modified":"2025-04-12T06:39:41","modified_gmt":"2025-04-12T09:39:41","slug":"programacao-do-sao-joao-de-araripina-2025-e-divulgada-confira-as-atracoes","status":"publish","type":"post","link":"https:\/\/portalnpm.com\/index.php\/2025\/04\/12\/programacao-do-sao-joao-de-araripina-2025-e-divulgada-confira-as-atracoes\/","title":{"rendered":"Programa\u00e7\u00e3o do S\u00e3o Jo\u00e3o de Araripina 2025 \u00e9 divulgada; confira as atra\u00e7\u00f5es"},"content":{"rendered":"<p><em>Prefeito divulga oficialmente as atra\u00e7\u00f5es do S\u00e3o Jo\u00e3o 2025 com estrutura montada em frente \u00e0 Prefeitura. Evento marca o primeiro festejo junino sob sua gest\u00e3o.<\/em><\/p>\n<p>O prefeito de Araripina, Evil\u00e1sio Mateus, anunciou oficialmente, em grande estilo, a t\u00e3o aguardada programa\u00e7\u00e3o do S\u00e3o Jo\u00e3o de Araripina 2025. O lan\u00e7amento foi realizado na noite desta sexta-feira (11\/04), em um evento p\u00fablico montado em frente \u00e0 sede da Prefeitura Municipal.<\/p>\n<p>O S\u00e3o Jo\u00e3o de Araripina 2025 acontecer\u00e1 entre os dias\u00a0<strong>24 e 28 de junho<\/strong>, e ter\u00e1 nomes de peso do forr\u00f3, piseiro e sertanejo, com destaque para\u00a0<strong>Wesley Safad\u00e3o<\/strong>,\u00a0<strong>Simone Mendes<\/strong>,\u00a0<strong>Menos \u00e9 Mais<\/strong>,\u00a0<strong>Nattan<\/strong>,\u00a0<strong>Xand Avi\u00e3o<\/strong>,\u00a0<strong>Manim<\/strong>, al\u00e9m de outros artistas que completam a grade.<\/p>\n<h3 class=\"wp-block-heading\">Confira a programa\u00e7\u00e3o completa:<\/h3>\n<p><strong>24 de junho (ter\u00e7a-feira)<\/strong><\/p>\n<ul class=\"wp-block-list\">\n<li>Atra\u00e7\u00e3o surpresa<\/li>\n<li>Fernandinha<\/li>\n<li>PV Calado<\/li>\n<li>Moleca 100 Vergonha<\/li>\n<li><img fetchpriority=\"high\" decoding=\"async\" class=\"alignnone size-medium wp-image-86373\" src=\"https:\/\/portalnpm.com\/wp-content\/uploads\/2025\/04\/Programacao-oficial-do-Sao-Joao-de-Araripina-_JPG_2-241x300.jpg\" alt=\"\" width=\"241\" height=\"300\" srcset=\"https:\/\/portalnpm.com\/wp-content\/uploads\/2025\/04\/Programacao-oficial-do-Sao-Joao-de-Araripina-_JPG_2-241x300.jpg 241w, https:\/\/portalnpm.com\/wp-content\/uploads\/2025\/04\/Programacao-oficial-do-Sao-Joao-de-Araripina-_JPG_2-823x1024.jpg 823w, https:\/\/portalnpm.com\/wp-content\/uploads\/2025\/04\/Programacao-oficial-do-Sao-Joao-de-Araripina-_JPG_2-768x955.jpg 768w, https:\/\/portalnpm.com\/wp-content\/uploads\/2025\/04\/Programacao-oficial-do-Sao-Joao-de-Araripina-_JPG_2.jpg 1080w\" sizes=\"(max-width: 241px) 100vw, 241px\" \/><\/li>\n<\/ul>\n<p><strong>25 de junho (quarta-feira)<\/strong><\/p>\n<ul class=\"wp-block-list\">\n<li>Nattan<\/li>\n<li>Nattanzinho<\/li>\n<li>Toca do Vale<\/li>\n<li>Ramon &amp; Randinho<\/li>\n<li><strong><img decoding=\"async\" class=\"alignnone size-medium wp-image-86376\" src=\"https:\/\/portalnpm.com\/wp-content\/uploads\/2025\/04\/Programacao-oficial-do-Sao-Joao-de-Araripina-_JPG_3-241x300.jpg\" alt=\"\" width=\"241\" height=\"300\" srcset=\"https:\/\/portalnpm.com\/wp-content\/uploads\/2025\/04\/Programacao-oficial-do-Sao-Joao-de-Araripina-_JPG_3-241x300.jpg 241w, https:\/\/portalnpm.com\/wp-content\/uploads\/2025\/04\/Programacao-oficial-do-Sao-Joao-de-Araripina-_JPG_3-824x1024.jpg 824w, https:\/\/portalnpm.com\/wp-content\/uploads\/2025\/04\/Programacao-oficial-do-Sao-Joao-de-Araripina-_JPG_3-768x954.jpg 768w, https:\/\/portalnpm.com\/wp-content\/uploads\/2025\/04\/Programacao-oficial-do-Sao-Joao-de-Araripina-_JPG_3.jpg 1080w\" sizes=\"(max-width: 241px) 100vw, 241px\" \/><\/strong><\/li>\n<\/ul>\n<p><strong>26 de junho (quinta-feira)<\/strong><\/p>\n<ul class=\"wp-block-list\">\n<li>Xand Avi\u00e3o<\/li>\n<li>Simone Mendes<\/li>\n<li>Eric Land<\/li>\n<li>Mala 100 Al\u00e7a<\/li>\n<li><img decoding=\"async\" class=\"alignnone size-medium wp-image-86377\" src=\"https:\/\/portalnpm.com\/wp-content\/uploads\/2025\/04\/Programacao-oficial-do-Sao-Joao-de-Araripina-_JPG_4-241x300.jpg\" alt=\"\" width=\"241\" height=\"300\" srcset=\"https:\/\/portalnpm.com\/wp-content\/uploads\/2025\/04\/Programacao-oficial-do-Sao-Joao-de-Araripina-_JPG_4-241x300.jpg 241w, https:\/\/portalnpm.com\/wp-content\/uploads\/2025\/04\/Programacao-oficial-do-Sao-Joao-de-Araripina-_JPG_4-824x1024.jpg 824w, https:\/\/portalnpm.com\/wp-content\/uploads\/2025\/04\/Programacao-oficial-do-Sao-Joao-de-Araripina-_JPG_4-768x954.jpg 768w, https:\/\/portalnpm.com\/wp-content\/uploads\/2025\/04\/Programacao-oficial-do-Sao-Joao-de-Araripina-_JPG_4.jpg 1080w\" sizes=\"(max-width: 241px) 100vw, 241px\" \/><\/li>\n<\/ul>\n<p><strong>27 de junho (sexta-feira)<\/strong><\/p>\n<ul class=\"wp-block-list\">\n<li>Wesley Safad\u00e3o<\/li>\n<li>Rei Vaqueiro<\/li>\n<li>Manim Vaqueiro<\/li>\n<li>Wallas Arrais<\/li>\n<li><img loading=\"lazy\" decoding=\"async\" class=\"alignnone size-medium wp-image-86378\" src=\"https:\/\/portalnpm.com\/wp-content\/uploads\/2025\/04\/Programacao-oficial-do-Sao-Joao-de-Araripina-_JPG_5-241x300.jpg\" alt=\"\" width=\"241\" height=\"300\" srcset=\"https:\/\/portalnpm.com\/wp-content\/uploads\/2025\/04\/Programacao-oficial-do-Sao-Joao-de-Araripina-_JPG_5-241x300.jpg 241w, https:\/\/portalnpm.com\/wp-content\/uploads\/2025\/04\/Programacao-oficial-do-Sao-Joao-de-Araripina-_JPG_5-824x1024.jpg 824w, https:\/\/portalnpm.com\/wp-content\/uploads\/2025\/04\/Programacao-oficial-do-Sao-Joao-de-Araripina-_JPG_5-768x954.jpg 768w, https:\/\/portalnpm.com\/wp-content\/uploads\/2025\/04\/Programacao-oficial-do-Sao-Joao-de-Araripina-_JPG_5.jpg 1080w\" sizes=\"(max-width: 241px) 100vw, 241px\" \/><\/li>\n<\/ul>\n<p><strong>28 de junho (s\u00e1bado)<\/strong><\/p>\n<ul class=\"wp-block-list\">\n<li>Menos \u00e9 Mais<\/li>\n<li>Mateus Fernandes<\/li>\n<li>Lipe Lucena<\/li>\n<li>Wawa<\/li>\n<li><img loading=\"lazy\" decoding=\"async\" class=\"alignnone size-medium wp-image-86379\" src=\"https:\/\/portalnpm.com\/wp-content\/uploads\/2025\/04\/Programacao-oficial-do-Sao-Joao-de-Araripina-_JPG_6-1-241x300.jpg\" alt=\"\" width=\"241\" height=\"300\" srcset=\"https:\/\/portalnpm.com\/wp-content\/uploads\/2025\/04\/Programacao-oficial-do-Sao-Joao-de-Araripina-_JPG_6-1-241x300.jpg 241w, https:\/\/portalnpm.com\/wp-content\/uploads\/2025\/04\/Programacao-oficial-do-Sao-Joao-de-Araripina-_JPG_6-1-824x1024.jpg 824w, https:\/\/portalnpm.com\/wp-content\/uploads\/2025\/04\/Programacao-oficial-do-Sao-Joao-de-Araripina-_JPG_6-1-768x954.jpg 768w, https:\/\/portalnpm.com\/wp-content\/uploads\/2025\/04\/Programacao-oficial-do-Sao-Joao-de-Araripina-_JPG_6-1.jpg 1080w\" sizes=\"(max-width: 241px) 100vw, 241px\" \/><\/li>\n<\/ul>\n<p><em>Por Allyne Ribeiro\/ ARARRIPINA EM FOCO Foto: Divulga\u00e7\u00e3o<\/em><\/p>\n","protected":false},"excerpt":{"rendered":"<p>Prefeito divulga oficialmente as atra\u00e7\u00f5es do S\u00e3o Jo\u00e3o 2025 com estrutura montada em frente \u00e0 Prefeitura. Evento marca o primeiro festejo junino sob sua gest\u00e3o. O prefeito de Araripina, Evil\u00e1sio Mateus, anunciou oficialmente, em grande estilo, a t\u00e3o aguardada programa\u00e7\u00e3o do S\u00e3o Jo\u00e3o de Araripina 2025. O lan\u00e7amento foi realizado na noite desta sexta-feira (11\/04), &hellip;<\/p>\n","protected":false},"author":2,"featured_media":86381,"comment_status":"open","ping_status":"open","sticky":false,"template":"","format":"standard","meta":{"content-type":"","rop_custom_images_group":[],"rop_custom_messages_group":[],"rop_publish_now":"yes","rop_publish_now_accounts":{"facebook_2648258775420054_1618374048415101":""},"rop_publish_now_history":[],"rop_publish_now_status":"pending","footnotes":"","_jetpack_memberships_contains_paid_content":false},"categories":[113],"tags":[13744,667,437,934,230,3305,925,5042,1323,1196],"yoast_head":"<!-- This site is optimized with the Yoast SEO plugin v22.3 - https:\/\/yoast.com\/wordpress\/plugins\/seo\/ -->\n<title>Programa\u00e7\u00e3o do S\u00e3o Jo\u00e3o de Araripina 2025 \u00e9 divulgada; confira as atra\u00e7\u00f5es - Portal NPM<\/title>\n<meta name=\"robots\" content=\"index, follow, max-snippet:-1, max-image-preview:large, max-video-preview:-1\" \/>\n<link rel=\"canonical\" href=\"https:\/\/portalnpm.com\/index.php\/2025\/04\/12\/programacao-do-sao-joao-de-araripina-2025-e-divulgada-confira-as-atracoes\/\" \/>\n<meta property=\"og:locale\" content=\"pt_BR\" \/>\n<meta property=\"og:type\" content=\"article\" \/>\n<meta property=\"og:title\" content=\"Programa\u00e7\u00e3o do S\u00e3o Jo\u00e3o de Araripina 2025 \u00e9 divulgada; confira as atra\u00e7\u00f5es - Portal NPM\" \/>\n<meta property=\"og:description\" content=\"Prefeito divulga oficialmente as atra\u00e7\u00f5es do S\u00e3o Jo\u00e3o 2025 com estrutura montada em frente \u00e0 Prefeitura. Evento marca o primeiro festejo junino sob sua gest\u00e3o. O prefeito de Araripina, Evil\u00e1sio Mateus, anunciou oficialmente, em grande estilo, a t\u00e3o aguardada programa\u00e7\u00e3o do S\u00e3o Jo\u00e3o de Araripina 2025. O lan\u00e7amento foi realizado na noite desta sexta-feira (11\/04), &hellip;\" \/>\n<meta property=\"og:url\" content=\"https:\/\/portalnpm.com\/index.php\/2025\/04\/12\/programacao-do-sao-joao-de-araripina-2025-e-divulgada-confira-as-atracoes\/\" \/>\n<meta property=\"og:site_name\" content=\"Portal NPM\" \/>\n<meta property=\"article:published_time\" content=\"2025-04-12T09:33:33+00:00\" \/>\n<meta property=\"article:modified_time\" content=\"2025-04-12T09:39:41+00:00\" \/>\n<meta property=\"og:image\" content=\"https:\/\/portalnpm.com\/wp-content\/uploads\/2025\/04\/Programacao-oficial-do-Sao-Joao-de-Araripina-_JPG_1.jpg\" \/>\n\t<meta property=\"og:image:width\" content=\"1080\" \/>\n\t<meta property=\"og:image:height\" content=\"1343\" \/>\n\t<meta property=\"og:image:type\" content=\"image\/jpeg\" \/>\n<meta name=\"author\" content=\"Genival Barbosa\" \/>\n<meta name=\"twitter:card\" content=\"summary_large_image\" \/>\n<meta name=\"twitter:label1\" content=\"Escrito por\" \/>\n\t<meta name=\"twitter:data1\" content=\"Genival Barbosa\" \/>\n\t<meta name=\"twitter:label2\" content=\"Est. tempo de leitura\" \/>\n\t<meta name=\"twitter:data2\" content=\"3 minutos\" \/>\n<script type=\"application\/ld+json\" class=\"yoast-schema-graph\">{\"@context\":\"https:\/\/schema.org\",\"@graph\":[{\"@type\":\"WebPage\",\"@id\":\"https:\/\/portalnpm.com\/index.php\/2025\/04\/12\/programacao-do-sao-joao-de-araripina-2025-e-divulgada-confira-as-atracoes\/\",\"url\":\"https:\/\/portalnpm.com\/index.php\/2025\/04\/12\/programacao-do-sao-joao-de-araripina-2025-e-divulgada-confira-as-atracoes\/\",\"name\":\"Programa\u00e7\u00e3o do S\u00e3o Jo\u00e3o de Araripina 2025 \u00e9 divulgada; confira as atra\u00e7\u00f5es - Portal NPM\",\"isPartOf\":{\"@id\":\"https:\/\/portalnpm.com\/#website\"},\"primaryImageOfPage\":{\"@id\":\"https:\/\/portalnpm.com\/index.php\/2025\/04\/12\/programacao-do-sao-joao-de-araripina-2025-e-divulgada-confira-as-atracoes\/#primaryimage\"},\"image\":{\"@id\":\"https:\/\/portalnpm.com\/index.php\/2025\/04\/12\/programacao-do-sao-joao-de-araripina-2025-e-divulgada-confira-as-atracoes\/#primaryimage\"},\"thumbnailUrl\":\"https:\/\/portalnpm.com\/wp-content\/uploads\/2025\/04\/Programacao-oficial-do-Sao-Joao-de-Araripina-_JPG_1.jpg\",\"datePublished\":\"2025-04-12T09:33:33+00:00\",\"dateModified\":\"2025-04-12T09:39:41+00:00\",\"author\":{\"@id\":\"https:\/\/portalnpm.com\/#\/schema\/person\/49313e563cfdefcc167f1ee4c017c294\"},\"breadcrumb\":{\"@id\":\"https:\/\/portalnpm.com\/index.php\/2025\/04\/12\/programacao-do-sao-joao-de-araripina-2025-e-divulgada-confira-as-atracoes\/#breadcrumb\"},\"inLanguage\":\"pt-BR\",\"potentialAction\":[{\"@type\":\"ReadAction\",\"target\":[\"https:\/\/portalnpm.com\/index.php\/2025\/04\/12\/programacao-do-sao-joao-de-araripina-2025-e-divulgada-confira-as-atracoes\/\"]}]},{\"@type\":\"ImageObject\",\"inLanguage\":\"pt-BR\",\"@id\":\"https:\/\/portalnpm.com\/index.php\/2025\/04\/12\/programacao-do-sao-joao-de-araripina-2025-e-divulgada-confira-as-atracoes\/#primaryimage\",\"url\":\"https:\/\/portalnpm.com\/wp-content\/uploads\/2025\/04\/Programacao-oficial-do-Sao-Joao-de-Araripina-_JPG_1.jpg\",\"contentUrl\":\"https:\/\/portalnpm.com\/wp-content\/uploads\/2025\/04\/Programacao-oficial-do-Sao-Joao-de-Araripina-_JPG_1.jpg\",\"width\":1080,\"height\":1343},{\"@type\":\"BreadcrumbList\",\"@id\":\"https:\/\/portalnpm.com\/index.php\/2025\/04\/12\/programacao-do-sao-joao-de-araripina-2025-e-divulgada-confira-as-atracoes\/#breadcrumb\",\"itemListElement\":[{\"@type\":\"ListItem\",\"position\":1,\"name\":\"In\u00edcio\",\"item\":\"https:\/\/portalnpm.com\/\"},{\"@type\":\"ListItem\",\"position\":2,\"name\":\"Programa\u00e7\u00e3o do S\u00e3o Jo\u00e3o de Araripina 2025 \u00e9 divulgada; confira as atra\u00e7\u00f5es\"}]},{\"@type\":\"WebSite\",\"@id\":\"https:\/\/portalnpm.com\/#website\",\"url\":\"https:\/\/portalnpm.com\/\",\"name\":\"Portal NPM\",\"description\":\"Not\u00edcias em Primeira M\u00e3o\",\"potentialAction\":[{\"@type\":\"SearchAction\",\"target\":{\"@type\":\"EntryPoint\",\"urlTemplate\":\"https:\/\/portalnpm.com\/?s={search_term_string}\"},\"query-input\":\"required name=search_term_string\"}],\"inLanguage\":\"pt-BR\"},{\"@type\":\"Person\",\"@id\":\"https:\/\/portalnpm.com\/#\/schema\/person\/49313e563cfdefcc167f1ee4c017c294\",\"name\":\"Genival Barbosa\",\"image\":{\"@type\":\"ImageObject\",\"inLanguage\":\"pt-BR\",\"@id\":\"https:\/\/portalnpm.com\/#\/schema\/person\/image\/\",\"url\":\"https:\/\/portalnpm.com\/wp-content\/uploads\/2024\/02\/avatar_user_2_1707743258-96x96.jpeg\",\"contentUrl\":\"https:\/\/portalnpm.com\/wp-content\/uploads\/2024\/02\/avatar_user_2_1707743258-96x96.jpeg\",\"caption\":\"Genival Barbosa\"},\"url\":\"https:\/\/portalnpm.com\/index.php\/author\/genival\/\"}]}<\/script>\n<!-- \/ Yoast SEO plugin. -->","yoast_head_json":{"title":"Programa\u00e7\u00e3o do S\u00e3o Jo\u00e3o de Araripina 2025 \u00e9 divulgada; confira as atra\u00e7\u00f5es - Portal NPM","robots":{"index":"index","follow":"follow","max-snippet":"max-snippet:-1","max-image-preview":"max-image-preview:large","max-video-preview":"max-video-preview:-1"},"canonical":"https:\/\/portalnpm.com\/index.php\/2025\/04\/12\/programacao-do-sao-joao-de-araripina-2025-e-divulgada-confira-as-atracoes\/","og_locale":"pt_BR","og_type":"article","og_title":"Programa\u00e7\u00e3o do S\u00e3o Jo\u00e3o de Araripina 2025 \u00e9 divulgada; confira as atra\u00e7\u00f5es - Portal NPM","og_description":"Prefeito divulga oficialmente as atra\u00e7\u00f5es do S\u00e3o Jo\u00e3o 2025 com estrutura montada em frente \u00e0 Prefeitura. Evento marca o primeiro festejo junino sob sua gest\u00e3o. O prefeito de Araripina, Evil\u00e1sio Mateus, anunciou oficialmente, em grande estilo, a t\u00e3o aguardada programa\u00e7\u00e3o do S\u00e3o Jo\u00e3o de Araripina 2025. O lan\u00e7amento foi realizado na noite desta sexta-feira (11\/04), &hellip;","og_url":"https:\/\/portalnpm.com\/index.php\/2025\/04\/12\/programacao-do-sao-joao-de-araripina-2025-e-divulgada-confira-as-atracoes\/","og_site_name":"Portal NPM","article_published_time":"2025-04-12T09:33:33+00:00","article_modified_time":"2025-04-12T09:39:41+00:00","og_image":[{"width":1080,"height":1343,"url":"https:\/\/portalnpm.com\/wp-content\/uploads\/2025\/04\/Programacao-oficial-do-Sao-Joao-de-Araripina-_JPG_1.jpg","type":"image\/jpeg"}],"author":"Genival Barbosa","twitter_card":"summary_large_image","twitter_misc":{"Escrito por":"Genival Barbosa","Est. tempo de leitura":"3 minutos"},"schema":{"@context":"https:\/\/schema.org","@graph":[{"@type":"WebPage","@id":"https:\/\/portalnpm.com\/index.php\/2025\/04\/12\/programacao-do-sao-joao-de-araripina-2025-e-divulgada-confira-as-atracoes\/","url":"https:\/\/portalnpm.com\/index.php\/2025\/04\/12\/programacao-do-sao-joao-de-araripina-2025-e-divulgada-confira-as-atracoes\/","name":"Programa\u00e7\u00e3o do S\u00e3o Jo\u00e3o de Araripina 2025 \u00e9 divulgada; confira as atra\u00e7\u00f5es - Portal NPM","isPartOf":{"@id":"https:\/\/portalnpm.com\/#website"},"primaryImageOfPage":{"@id":"https:\/\/portalnpm.com\/index.php\/2025\/04\/12\/programacao-do-sao-joao-de-araripina-2025-e-divulgada-confira-as-atracoes\/#primaryimage"},"image":{"@id":"https:\/\/portalnpm.com\/index.php\/2025\/04\/12\/programacao-do-sao-joao-de-araripina-2025-e-divulgada-confira-as-atracoes\/#primaryimage"},"thumbnailUrl":"https:\/\/portalnpm.com\/wp-content\/uploads\/2025\/04\/Programacao-oficial-do-Sao-Joao-de-Araripina-_JPG_1.jpg","datePublished":"2025-04-12T09:33:33+00:00","dateModified":"2025-04-12T09:39:41+00:00","author":{"@id":"https:\/\/portalnpm.com\/#\/schema\/person\/49313e563cfdefcc167f1ee4c017c294"},"breadcrumb":{"@id":"https:\/\/portalnpm.com\/index.php\/2025\/04\/12\/programacao-do-sao-joao-de-araripina-2025-e-divulgada-confira-as-atracoes\/#breadcrumb"},"inLanguage":"pt-BR","potentialAction":[{"@type":"ReadAction","target":["https:\/\/portalnpm.com\/index.php\/2025\/04\/12\/programacao-do-sao-joao-de-araripina-2025-e-divulgada-confira-as-atracoes\/"]}]},{"@type":"ImageObject","inLanguage":"pt-BR","@id":"https:\/\/portalnpm.com\/index.php\/2025\/04\/12\/programacao-do-sao-joao-de-araripina-2025-e-divulgada-confira-as-atracoes\/#primaryimage","url":"https:\/\/portalnpm.com\/wp-content\/uploads\/2025\/04\/Programacao-oficial-do-Sao-Joao-de-Araripina-_JPG_1.jpg","contentUrl":"https:\/\/portalnpm.com\/wp-content\/uploads\/2025\/04\/Programacao-oficial-do-Sao-Joao-de-Araripina-_JPG_1.jpg","width":1080,"height":1343},{"@type":"BreadcrumbList","@id":"https:\/\/portalnpm.com\/index.php\/2025\/04\/12\/programacao-do-sao-joao-de-araripina-2025-e-divulgada-confira-as-atracoes\/#breadcrumb","itemListElement":[{"@type":"ListItem","position":1,"name":"In\u00edcio","item":"https:\/\/portalnpm.com\/"},{"@type":"ListItem","position":2,"name":"Programa\u00e7\u00e3o do S\u00e3o Jo\u00e3o de Araripina 2025 \u00e9 divulgada; confira as atra\u00e7\u00f5es"}]},{"@type":"WebSite","@id":"https:\/\/portalnpm.com\/#website","url":"https:\/\/portalnpm.com\/","name":"Portal NPM","description":"Not\u00edcias em Primeira M\u00e3o","potentialAction":[{"@type":"SearchAction","target":{"@type":"EntryPoint","urlTemplate":"https:\/\/portalnpm.com\/?s={search_term_string}"},"query-input":"required name=search_term_string"}],"inLanguage":"pt-BR"},{"@type":"Person","@id":"https:\/\/portalnpm.com\/#\/schema\/person\/49313e563cfdefcc167f1ee4c017c294","name":"Genival Barbosa","image":{"@type":"ImageObject","inLanguage":"pt-BR","@id":"https:\/\/portalnpm.com\/#\/schema\/person\/image\/","url":"https:\/\/portalnpm.com\/wp-content\/uploads\/2024\/02\/avatar_user_2_1707743258-96x96.jpeg","contentUrl":"https:\/\/portalnpm.com\/wp-content\/uploads\/2024\/02\/avatar_user_2_1707743258-96x96.jpeg","caption":"Genival Barbosa"},"url":"https:\/\/portalnpm.com\/index.php\/author\/genival\/"}]}},"jetpack_sharing_enabled":true,"jetpack_featured_media_url":"https:\/\/portalnpm.com\/wp-content\/uploads\/2025\/04\/Programacao-oficial-do-Sao-Joao-de-Araripina-_JPG_1.jpg","_links":{"self":[{"href":"https:\/\/portalnpm.com\/index.php\/wp-json\/wp\/v2\/posts\/86371"}],"collection":[{"href":"https:\/\/portalnpm.com\/index.php\/wp-json\/wp\/v2\/posts"}],"about":[{"href":"https:\/\/portalnpm.com\/index.php\/wp-json\/wp\/v2\/types\/post"}],"author":[{"embeddable":true,"href":"https:\/\/portalnpm.com\/index.php\/wp-json\/wp\/v2\/users\/2"}],"replies":[{"embeddable":true,"href":"https:\/\/portalnpm.com\/index.php\/wp-json\/wp\/v2\/comments?post=86371"}],"version-history":[{"count":1,"href":"https:\/\/portalnpm.com\/index.php\/wp-json\/wp\/v2\/posts\/86371\/revisions"}],"predecessor-version":[{"id":86380,"href":"https:\/\/portalnpm.com\/index.php\/wp-json\/wp\/v2\/posts\/86371\/revisions\/86380"}],"wp:featuredmedia":[{"embeddable":true,"href":"https:\/\/portalnpm.com\/index.php\/wp-json\/wp\/v2\/media\/86381"}],"wp:attachment":[{"href":"https:\/\/portalnpm.com\/index.php\/wp-json\/wp\/v2\/media?parent=86371"}],"wp:term":[{"taxonomy":"category","embeddable":true,"href":"https:\/\/portalnpm.com\/index.php\/wp-json\/wp\/v2\/categories?post=86371"},{"taxonomy":"post_tag","embeddable":true,"href":"https:\/\/portalnpm.com\/index.php\/wp-json\/wp\/v2\/tags?post=86371"}],"curies":[{"name":"wp","href":"https:\/\/api.w.org\/{rel}","templated":true}]}}