{"id":86532,"date":"2025-04-18T19:25:13","date_gmt":"2025-04-18T22:25:13","guid":{"rendered":"https:\/\/portalnpm.com\/?p=86532"},"modified":"2025-04-18T19:25:13","modified_gmt":"2025-04-18T22:25:13","slug":"deputada-gracinha-mao-santa-trocara-o-progressistas-pelo-mdb-em-busca-da-reeleicao","status":"publish","type":"post","link":"https:\/\/portalnpm.com\/index.php\/2025\/04\/18\/deputada-gracinha-mao-santa-trocara-o-progressistas-pelo-mdb-em-busca-da-reeleicao\/","title":{"rendered":"Deputada Gracinha M\u00e3o Santa trocar\u00e1 o Progressistas pelo MDB em busca da reelei\u00e7\u00e3o"},"content":{"rendered":"<p>A deputada estadual Gracinha M\u00e3o Santa\u00a0 troca o Progressistas pelo MDB na janela que pemite mudan\u00e7a de sigla com seguran\u00e7a jur\u00eddica, em abril de 2026. No MDB, Gracinha ser\u00e1 candidata \u00e0 reelei\u00e7\u00e3o, e em Parna\u00edba fortalecer\u00e1 bloco de oposi\u00e7\u00e3o ao prefeito Francisco Emanuel (Progressistas).<\/p>\n<p><img fetchpriority=\"high\" decoding=\"async\" class=\"alignnone size-medium wp-image-85969\" src=\"https:\/\/portalnpm.com\/wp-content\/uploads\/2025\/03\/gracinha-mao-santa-e-prefeito-de-parnaiba-francisco-emanuel_0MmgdfE.jpg.1200x0_q95_crop-300x180.webp\" alt=\"\" width=\"300\" height=\"180\" srcset=\"https:\/\/portalnpm.com\/wp-content\/uploads\/2025\/03\/gracinha-mao-santa-e-prefeito-de-parnaiba-francisco-emanuel_0MmgdfE.jpg.1200x0_q95_crop-300x180.webp 300w, https:\/\/portalnpm.com\/wp-content\/uploads\/2025\/03\/gracinha-mao-santa-e-prefeito-de-parnaiba-francisco-emanuel_0MmgdfE.jpg.1200x0_q95_crop-768x461.webp 768w, https:\/\/portalnpm.com\/wp-content\/uploads\/2025\/03\/gracinha-mao-santa-e-prefeito-de-parnaiba-francisco-emanuel_0MmgdfE.jpg.1200x0_q95_crop-780x470.webp 780w, https:\/\/portalnpm.com\/wp-content\/uploads\/2025\/03\/gracinha-mao-santa-e-prefeito-de-parnaiba-francisco-emanuel_0MmgdfE.jpg.1200x0_q95_crop.webp 1000w\" sizes=\"(max-width: 300px) 100vw, 300px\" \/><\/p>\n<p>A deputada tamb\u00e9m disputar\u00e1 a prefeitura em 2028 contra o ex-aliado.\u00a0 Parna\u00edba larga na frente na proje\u00e7\u00e3o de cen\u00e1rio de disputa em 2028. As apostas j\u00e1 est\u00e3o abertas para o embate Francisco versus Gracinha.<\/p>\n<p>Nos bastidores do MDB, a filia\u00e7\u00e3o de Gracinha M\u00e3o Santa ao MDB \u00e9 dada como certa. &#8220;\u00c9 s\u00f3 aguardar a abertura da janela partid\u00e1ria&#8221;, disse uma fonte emedebista.<\/p>\n<p><strong>Cidade Verde\/Tempo Real\u00a0<\/strong><\/p>\n","protected":false},"excerpt":{"rendered":"<p>A deputada estadual Gracinha M\u00e3o Santa\u00a0 troca o Progressistas pelo MDB na janela que pemite mudan\u00e7a de sigla com seguran\u00e7a jur\u00eddica, em abril de 2026. No MDB, Gracinha ser\u00e1 candidata \u00e0 reelei\u00e7\u00e3o, e em Parna\u00edba fortalecer\u00e1 bloco de oposi\u00e7\u00e3o ao prefeito Francisco Emanuel (Progressistas). A deputada tamb\u00e9m disputar\u00e1 a prefeitura em 2028 contra o ex-aliado.\u00a0 &hellip;<\/p>\n","protected":false},"author":3,"featured_media":0,"comment_status":"open","ping_status":"open","sticky":false,"template":"","format":"standard","meta":{"content-type":"","rop_custom_images_group":[],"rop_custom_messages_group":[],"rop_publish_now":"yes","rop_publish_now_accounts":{"facebook_2648258775420054_1618374048415101":""},"rop_publish_now_history":[],"rop_publish_now_status":"pending","footnotes":"","_jetpack_memberships_contains_paid_content":false},"categories":[188,130],"tags":[1657,836,4812,855,16538,5721,1265,1184,1374,4419,2558,16569],"yoast_head":"<!-- This site is optimized with the Yoast SEO plugin v22.3 - https:\/\/yoast.com\/wordpress\/plugins\/seo\/ -->\n<title>Deputada Gracinha M\u00e3o Santa trocar\u00e1 o Progressistas pelo MDB em busca da reelei\u00e7\u00e3o - Portal NPM<\/title>\n<meta name=\"robots\" content=\"index, follow, max-snippet:-1, max-image-preview:large, max-video-preview:-1\" \/>\n<link rel=\"canonical\" href=\"https:\/\/portalnpm.com\/index.php\/2025\/04\/18\/deputada-gracinha-mao-santa-trocara-o-progressistas-pelo-mdb-em-busca-da-reeleicao\/\" \/>\n<meta property=\"og:locale\" content=\"pt_BR\" \/>\n<meta property=\"og:type\" content=\"article\" \/>\n<meta property=\"og:title\" content=\"Deputada Gracinha M\u00e3o Santa trocar\u00e1 o Progressistas pelo MDB em busca da reelei\u00e7\u00e3o - Portal NPM\" \/>\n<meta property=\"og:description\" content=\"A deputada estadual Gracinha M\u00e3o Santa\u00a0 troca o Progressistas pelo MDB na janela que pemite mudan\u00e7a de sigla com seguran\u00e7a jur\u00eddica, em abril de 2026. No MDB, Gracinha ser\u00e1 candidata \u00e0 reelei\u00e7\u00e3o, e em Parna\u00edba fortalecer\u00e1 bloco de oposi\u00e7\u00e3o ao prefeito Francisco Emanuel (Progressistas). A deputada tamb\u00e9m disputar\u00e1 a prefeitura em 2028 contra o ex-aliado.\u00a0 &hellip;\" \/>\n<meta property=\"og:url\" content=\"https:\/\/portalnpm.com\/index.php\/2025\/04\/18\/deputada-gracinha-mao-santa-trocara-o-progressistas-pelo-mdb-em-busca-da-reeleicao\/\" \/>\n<meta property=\"og:site_name\" content=\"Portal NPM\" \/>\n<meta property=\"article:published_time\" content=\"2025-04-18T22:25:13+00:00\" \/>\n<meta property=\"og:image\" content=\"https:\/\/portalnpm.com\/wp-content\/uploads\/2025\/03\/gracinha-mao-santa-e-prefeito-de-parnaiba-francisco-emanuel_0MmgdfE.jpg.1200x0_q95_crop-300x180.webp\" \/>\n<meta name=\"author\" content=\"Luis Alberto\" \/>\n<meta name=\"twitter:card\" content=\"summary_large_image\" \/>\n<meta name=\"twitter:label1\" content=\"Escrito por\" \/>\n\t<meta name=\"twitter:data1\" content=\"Luis Alberto\" \/>\n\t<meta name=\"twitter:label2\" content=\"Est. tempo de leitura\" \/>\n\t<meta name=\"twitter:data2\" content=\"1 minuto\" \/>\n<script type=\"application\/ld+json\" class=\"yoast-schema-graph\">{\"@context\":\"https:\/\/schema.org\",\"@graph\":[{\"@type\":\"WebPage\",\"@id\":\"https:\/\/portalnpm.com\/index.php\/2025\/04\/18\/deputada-gracinha-mao-santa-trocara-o-progressistas-pelo-mdb-em-busca-da-reeleicao\/\",\"url\":\"https:\/\/portalnpm.com\/index.php\/2025\/04\/18\/deputada-gracinha-mao-santa-trocara-o-progressistas-pelo-mdb-em-busca-da-reeleicao\/\",\"name\":\"Deputada Gracinha M\u00e3o Santa trocar\u00e1 o Progressistas pelo MDB em busca da reelei\u00e7\u00e3o - Portal NPM\",\"isPartOf\":{\"@id\":\"https:\/\/portalnpm.com\/#website\"},\"primaryImageOfPage\":{\"@id\":\"https:\/\/portalnpm.com\/index.php\/2025\/04\/18\/deputada-gracinha-mao-santa-trocara-o-progressistas-pelo-mdb-em-busca-da-reeleicao\/#primaryimage\"},\"image\":{\"@id\":\"https:\/\/portalnpm.com\/index.php\/2025\/04\/18\/deputada-gracinha-mao-santa-trocara-o-progressistas-pelo-mdb-em-busca-da-reeleicao\/#primaryimage\"},\"thumbnailUrl\":\"https:\/\/portalnpm.com\/wp-content\/uploads\/2025\/03\/gracinha-mao-santa-e-prefeito-de-parnaiba-francisco-emanuel_0MmgdfE.jpg.1200x0_q95_crop-300x180.webp\",\"datePublished\":\"2025-04-18T22:25:13+00:00\",\"dateModified\":\"2025-04-18T22:25:13+00:00\",\"author\":{\"@id\":\"https:\/\/portalnpm.com\/#\/schema\/person\/5c8006acdf71774cd4e7a5ab98482152\"},\"breadcrumb\":{\"@id\":\"https:\/\/portalnpm.com\/index.php\/2025\/04\/18\/deputada-gracinha-mao-santa-trocara-o-progressistas-pelo-mdb-em-busca-da-reeleicao\/#breadcrumb\"},\"inLanguage\":\"pt-BR\",\"potentialAction\":[{\"@type\":\"ReadAction\",\"target\":[\"https:\/\/portalnpm.com\/index.php\/2025\/04\/18\/deputada-gracinha-mao-santa-trocara-o-progressistas-pelo-mdb-em-busca-da-reeleicao\/\"]}]},{\"@type\":\"ImageObject\",\"inLanguage\":\"pt-BR\",\"@id\":\"https:\/\/portalnpm.com\/index.php\/2025\/04\/18\/deputada-gracinha-mao-santa-trocara-o-progressistas-pelo-mdb-em-busca-da-reeleicao\/#primaryimage\",\"url\":\"https:\/\/portalnpm.com\/wp-content\/uploads\/2025\/03\/gracinha-mao-santa-e-prefeito-de-parnaiba-francisco-emanuel_0MmgdfE.jpg.1200x0_q95_crop-300x180.webp\",\"contentUrl\":\"https:\/\/portalnpm.com\/wp-content\/uploads\/2025\/03\/gracinha-mao-santa-e-prefeito-de-parnaiba-francisco-emanuel_0MmgdfE.jpg.1200x0_q95_crop-300x180.webp\"},{\"@type\":\"BreadcrumbList\",\"@id\":\"https:\/\/portalnpm.com\/index.php\/2025\/04\/18\/deputada-gracinha-mao-santa-trocara-o-progressistas-pelo-mdb-em-busca-da-reeleicao\/#breadcrumb\",\"itemListElement\":[{\"@type\":\"ListItem\",\"position\":1,\"name\":\"In\u00edcio\",\"item\":\"https:\/\/portalnpm.com\/\"},{\"@type\":\"ListItem\",\"position\":2,\"name\":\"Deputada Gracinha M\u00e3o Santa trocar\u00e1 o Progressistas pelo MDB em busca da reelei\u00e7\u00e3o\"}]},{\"@type\":\"WebSite\",\"@id\":\"https:\/\/portalnpm.com\/#website\",\"url\":\"https:\/\/portalnpm.com\/\",\"name\":\"Portal NPM\",\"description\":\"Not\u00edcias em Primeira M\u00e3o\",\"potentialAction\":[{\"@type\":\"SearchAction\",\"target\":{\"@type\":\"EntryPoint\",\"urlTemplate\":\"https:\/\/portalnpm.com\/?s={search_term_string}\"},\"query-input\":\"required name=search_term_string\"}],\"inLanguage\":\"pt-BR\"},{\"@type\":\"Person\",\"@id\":\"https:\/\/portalnpm.com\/#\/schema\/person\/5c8006acdf71774cd4e7a5ab98482152\",\"name\":\"Luis Alberto\",\"image\":{\"@type\":\"ImageObject\",\"inLanguage\":\"pt-BR\",\"@id\":\"https:\/\/portalnpm.com\/#\/schema\/person\/image\/\",\"url\":\"https:\/\/portalnpm.com\/wp-content\/uploads\/2024\/12\/avatar_user_3_1734699769-96x96.jpeg\",\"contentUrl\":\"https:\/\/portalnpm.com\/wp-content\/uploads\/2024\/12\/avatar_user_3_1734699769-96x96.jpeg\",\"caption\":\"Luis Alberto\"},\"description\":\"Editor-geral do Portal NPM, \u00e9 formado como T\u00e9cnico em Seguran\u00e7a do Trabalho pela Escola Metropolitana de Cursos T\u00e9cnicos. Det\u00e9m ainda licenciatura em Educa\u00e7\u00e3o F\u00edsica e bacharelado em Ci\u00eancias Pol\u00edticas, ambos obtidos pela institui\u00e7\u00e3o Anhanguera\/UNOPAR.\",\"url\":\"https:\/\/portalnpm.com\/index.php\/author\/pereira\/\"}]}<\/script>\n<!-- \/ Yoast SEO plugin. -->","yoast_head_json":{"title":"Deputada Gracinha M\u00e3o Santa trocar\u00e1 o Progressistas pelo MDB em busca da reelei\u00e7\u00e3o - Portal NPM","robots":{"index":"index","follow":"follow","max-snippet":"max-snippet:-1","max-image-preview":"max-image-preview:large","max-video-preview":"max-video-preview:-1"},"canonical":"https:\/\/portalnpm.com\/index.php\/2025\/04\/18\/deputada-gracinha-mao-santa-trocara-o-progressistas-pelo-mdb-em-busca-da-reeleicao\/","og_locale":"pt_BR","og_type":"article","og_title":"Deputada Gracinha M\u00e3o Santa trocar\u00e1 o Progressistas pelo MDB em busca da reelei\u00e7\u00e3o - Portal NPM","og_description":"A deputada estadual Gracinha M\u00e3o Santa\u00a0 troca o Progressistas pelo MDB na janela que pemite mudan\u00e7a de sigla com seguran\u00e7a jur\u00eddica, em abril de 2026. No MDB, Gracinha ser\u00e1 candidata \u00e0 reelei\u00e7\u00e3o, e em Parna\u00edba fortalecer\u00e1 bloco de oposi\u00e7\u00e3o ao prefeito Francisco Emanuel (Progressistas). A deputada tamb\u00e9m disputar\u00e1 a prefeitura em 2028 contra o ex-aliado.\u00a0 &hellip;","og_url":"https:\/\/portalnpm.com\/index.php\/2025\/04\/18\/deputada-gracinha-mao-santa-trocara-o-progressistas-pelo-mdb-em-busca-da-reeleicao\/","og_site_name":"Portal NPM","article_published_time":"2025-04-18T22:25:13+00:00","og_image":[{"url":"https:\/\/portalnpm.com\/wp-content\/uploads\/2025\/03\/gracinha-mao-santa-e-prefeito-de-parnaiba-francisco-emanuel_0MmgdfE.jpg.1200x0_q95_crop-300x180.webp"}],"author":"Luis Alberto","twitter_card":"summary_large_image","twitter_misc":{"Escrito por":"Luis Alberto","Est. tempo de leitura":"1 minuto"},"schema":{"@context":"https:\/\/schema.org","@graph":[{"@type":"WebPage","@id":"https:\/\/portalnpm.com\/index.php\/2025\/04\/18\/deputada-gracinha-mao-santa-trocara-o-progressistas-pelo-mdb-em-busca-da-reeleicao\/","url":"https:\/\/portalnpm.com\/index.php\/2025\/04\/18\/deputada-gracinha-mao-santa-trocara-o-progressistas-pelo-mdb-em-busca-da-reeleicao\/","name":"Deputada Gracinha M\u00e3o Santa trocar\u00e1 o Progressistas pelo MDB em busca da reelei\u00e7\u00e3o - Portal NPM","isPartOf":{"@id":"https:\/\/portalnpm.com\/#website"},"primaryImageOfPage":{"@id":"https:\/\/portalnpm.com\/index.php\/2025\/04\/18\/deputada-gracinha-mao-santa-trocara-o-progressistas-pelo-mdb-em-busca-da-reeleicao\/#primaryimage"},"image":{"@id":"https:\/\/portalnpm.com\/index.php\/2025\/04\/18\/deputada-gracinha-mao-santa-trocara-o-progressistas-pelo-mdb-em-busca-da-reeleicao\/#primaryimage"},"thumbnailUrl":"https:\/\/portalnpm.com\/wp-content\/uploads\/2025\/03\/gracinha-mao-santa-e-prefeito-de-parnaiba-francisco-emanuel_0MmgdfE.jpg.1200x0_q95_crop-300x180.webp","datePublished":"2025-04-18T22:25:13+00:00","dateModified":"2025-04-18T22:25:13+00:00","author":{"@id":"https:\/\/portalnpm.com\/#\/schema\/person\/5c8006acdf71774cd4e7a5ab98482152"},"breadcrumb":{"@id":"https:\/\/portalnpm.com\/index.php\/2025\/04\/18\/deputada-gracinha-mao-santa-trocara-o-progressistas-pelo-mdb-em-busca-da-reeleicao\/#breadcrumb"},"inLanguage":"pt-BR","potentialAction":[{"@type":"ReadAction","target":["https:\/\/portalnpm.com\/index.php\/2025\/04\/18\/deputada-gracinha-mao-santa-trocara-o-progressistas-pelo-mdb-em-busca-da-reeleicao\/"]}]},{"@type":"ImageObject","inLanguage":"pt-BR","@id":"https:\/\/portalnpm.com\/index.php\/2025\/04\/18\/deputada-gracinha-mao-santa-trocara-o-progressistas-pelo-mdb-em-busca-da-reeleicao\/#primaryimage","url":"https:\/\/portalnpm.com\/wp-content\/uploads\/2025\/03\/gracinha-mao-santa-e-prefeito-de-parnaiba-francisco-emanuel_0MmgdfE.jpg.1200x0_q95_crop-300x180.webp","contentUrl":"https:\/\/portalnpm.com\/wp-content\/uploads\/2025\/03\/gracinha-mao-santa-e-prefeito-de-parnaiba-francisco-emanuel_0MmgdfE.jpg.1200x0_q95_crop-300x180.webp"},{"@type":"BreadcrumbList","@id":"https:\/\/portalnpm.com\/index.php\/2025\/04\/18\/deputada-gracinha-mao-santa-trocara-o-progressistas-pelo-mdb-em-busca-da-reeleicao\/#breadcrumb","itemListElement":[{"@type":"ListItem","position":1,"name":"In\u00edcio","item":"https:\/\/portalnpm.com\/"},{"@type":"ListItem","position":2,"name":"Deputada Gracinha M\u00e3o Santa trocar\u00e1 o Progressistas pelo MDB em busca da reelei\u00e7\u00e3o"}]},{"@type":"WebSite","@id":"https:\/\/portalnpm.com\/#website","url":"https:\/\/portalnpm.com\/","name":"Portal NPM","description":"Not\u00edcias em Primeira M\u00e3o","potentialAction":[{"@type":"SearchAction","target":{"@type":"EntryPoint","urlTemplate":"https:\/\/portalnpm.com\/?s={search_term_string}"},"query-input":"required name=search_term_string"}],"inLanguage":"pt-BR"},{"@type":"Person","@id":"https:\/\/portalnpm.com\/#\/schema\/person\/5c8006acdf71774cd4e7a5ab98482152","name":"Luis Alberto","image":{"@type":"ImageObject","inLanguage":"pt-BR","@id":"https:\/\/portalnpm.com\/#\/schema\/person\/image\/","url":"https:\/\/portalnpm.com\/wp-content\/uploads\/2024\/12\/avatar_user_3_1734699769-96x96.jpeg","contentUrl":"https:\/\/portalnpm.com\/wp-content\/uploads\/2024\/12\/avatar_user_3_1734699769-96x96.jpeg","caption":"Luis Alberto"},"description":"Editor-geral do Portal NPM, \u00e9 formado como T\u00e9cnico em Seguran\u00e7a do Trabalho pela Escola Metropolitana de Cursos T\u00e9cnicos. Det\u00e9m ainda licenciatura em Educa\u00e7\u00e3o F\u00edsica e bacharelado em Ci\u00eancias Pol\u00edticas, ambos obtidos pela institui\u00e7\u00e3o Anhanguera\/UNOPAR.","url":"https:\/\/portalnpm.com\/index.php\/author\/pereira\/"}]}},"jetpack_sharing_enabled":true,"jetpack_featured_media_url":"","_links":{"self":[{"href":"https:\/\/portalnpm.com\/index.php\/wp-json\/wp\/v2\/posts\/86532"}],"collection":[{"href":"https:\/\/portalnpm.com\/index.php\/wp-json\/wp\/v2\/posts"}],"about":[{"href":"https:\/\/portalnpm.com\/index.php\/wp-json\/wp\/v2\/types\/post"}],"author":[{"embeddable":true,"href":"https:\/\/portalnpm.com\/index.php\/wp-json\/wp\/v2\/users\/3"}],"replies":[{"embeddable":true,"href":"https:\/\/portalnpm.com\/index.php\/wp-json\/wp\/v2\/comments?post=86532"}],"version-history":[{"count":2,"href":"https:\/\/portalnpm.com\/index.php\/wp-json\/wp\/v2\/posts\/86532\/revisions"}],"predecessor-version":[{"id":86534,"href":"https:\/\/portalnpm.com\/index.php\/wp-json\/wp\/v2\/posts\/86532\/revisions\/86534"}],"wp:attachment":[{"href":"https:\/\/portalnpm.com\/index.php\/wp-json\/wp\/v2\/media?parent=86532"}],"wp:term":[{"taxonomy":"category","embeddable":true,"href":"https:\/\/portalnpm.com\/index.php\/wp-json\/wp\/v2\/categories?post=86532"},{"taxonomy":"post_tag","embeddable":true,"href":"https:\/\/portalnpm.com\/index.php\/wp-json\/wp\/v2\/tags?post=86532"}],"curies":[{"name":"wp","href":"https:\/\/api.w.org\/{rel}","templated":true}]}}