{"id":8692,"date":"2019-05-30T14:50:01","date_gmt":"2019-05-30T17:50:01","guid":{"rendered":"http:\/\/srv.portalnpm.com.br\/?p=8692"},"modified":"2019-05-30T14:50:01","modified_gmt":"2019-05-30T17:50:01","slug":"em-jaicos-quadrilha-chamego-bom-realizara-pre-junino-nesta-sexta-feira-31","status":"publish","type":"post","link":"https:\/\/portalnpm.com\/index.php\/2019\/05\/30\/em-jaicos-quadrilha-chamego-bom-realizara-pre-junino-nesta-sexta-feira-31\/","title":{"rendered":"Em Jaic\u00f3s, Quadrilha Chamego Bom realizar\u00e1 pr\u00e9-junino nesta sexta-feira (31)"},"content":{"rendered":"<p>J\u00e1 nos preparativos para um dos per\u00edodos mais esperados do ano, a Quadrilha Junina Chamego Bom, do munic\u00edpio de Jaic\u00f3s, realizar\u00e1 nesta sexta-feira (31), um evento pr\u00e9-junino.<\/p>\n<p>O evento ser\u00e1 realizado na quadra Geraldo Matos Silveira, Centro de Jaic\u00f3s, a partir das 21 horas, contando com a apresenta\u00e7\u00e3o oficial do espet\u00e1culo 2019 da Junina Chamego Bom.<\/p>\n<p>O pr\u00e9-junino contar\u00e1 tamb\u00e9m com venda de comidas t\u00edpicas e bebidas e m\u00fasica ao vivo, com a participa\u00e7\u00e3o dos artistas locais Orlando Estourado e Elizangela.<\/p>\n<p><strong>FONTE: Cidades na Net\u00a0<\/strong><\/p>\n","protected":false},"excerpt":{"rendered":"<p>J\u00e1 nos preparativos para um dos per\u00edodos mais esperados do ano, a Quadrilha Junina Chamego Bom, do munic\u00edpio de Jaic\u00f3s, realizar\u00e1 nesta sexta-feira (31), um evento pr\u00e9-junino. O evento ser\u00e1 realizado na quadra Geraldo Matos Silveira, Centro de Jaic\u00f3s, a partir das 21 horas, contando com a apresenta\u00e7\u00e3o oficial do espet\u00e1culo 2019 da Junina Chamego &hellip;<\/p>\n","protected":false},"author":3,"featured_media":8693,"comment_status":"open","ping_status":"open","sticky":false,"template":"","format":"standard","meta":{"content-type":"","rop_custom_images_group":[],"rop_custom_messages_group":[],"rop_publish_now":"initial","rop_publish_now_accounts":{"facebook_2648258775420054_1618374048415101":""},"rop_publish_now_history":[],"rop_publish_now_status":"pending","footnotes":"","_jetpack_memberships_contains_paid_content":false},"categories":[125],"tags":[204,2906,2907],"yoast_head":"<!-- This site is optimized with the Yoast SEO plugin v22.3 - https:\/\/yoast.com\/wordpress\/plugins\/seo\/ -->\n<title>Em Jaic\u00f3s, Quadrilha Chamego Bom realizar\u00e1 pr\u00e9-junino nesta sexta-feira (31) - Portal NPM<\/title>\n<meta name=\"robots\" content=\"index, follow, max-snippet:-1, max-image-preview:large, max-video-preview:-1\" \/>\n<link rel=\"canonical\" href=\"https:\/\/portalnpm.com\/index.php\/2019\/05\/30\/em-jaicos-quadrilha-chamego-bom-realizara-pre-junino-nesta-sexta-feira-31\/\" \/>\n<meta property=\"og:locale\" content=\"pt_BR\" \/>\n<meta property=\"og:type\" content=\"article\" \/>\n<meta property=\"og:title\" content=\"Em Jaic\u00f3s, Quadrilha Chamego Bom realizar\u00e1 pr\u00e9-junino nesta sexta-feira (31) - Portal NPM\" \/>\n<meta property=\"og:description\" content=\"J\u00e1 nos preparativos para um dos per\u00edodos mais esperados do ano, a Quadrilha Junina Chamego Bom, do munic\u00edpio de Jaic\u00f3s, realizar\u00e1 nesta sexta-feira (31), um evento pr\u00e9-junino. O evento ser\u00e1 realizado na quadra Geraldo Matos Silveira, Centro de Jaic\u00f3s, a partir das 21 horas, contando com a apresenta\u00e7\u00e3o oficial do espet\u00e1culo 2019 da Junina Chamego &hellip;\" \/>\n<meta property=\"og:url\" content=\"https:\/\/portalnpm.com\/index.php\/2019\/05\/30\/em-jaicos-quadrilha-chamego-bom-realizara-pre-junino-nesta-sexta-feira-31\/\" \/>\n<meta property=\"og:site_name\" content=\"Portal NPM\" \/>\n<meta property=\"article:published_time\" content=\"2019-05-30T17:50:01+00:00\" \/>\n<meta name=\"author\" content=\"Luis Alberto\" \/>\n<meta name=\"twitter:card\" content=\"summary_large_image\" \/>\n<meta name=\"twitter:label1\" content=\"Escrito por\" \/>\n\t<meta name=\"twitter:data1\" content=\"Luis Alberto\" \/>\n<script type=\"application\/ld+json\" class=\"yoast-schema-graph\">{\"@context\":\"https:\/\/schema.org\",\"@graph\":[{\"@type\":\"WebPage\",\"@id\":\"https:\/\/portalnpm.com\/index.php\/2019\/05\/30\/em-jaicos-quadrilha-chamego-bom-realizara-pre-junino-nesta-sexta-feira-31\/\",\"url\":\"https:\/\/portalnpm.com\/index.php\/2019\/05\/30\/em-jaicos-quadrilha-chamego-bom-realizara-pre-junino-nesta-sexta-feira-31\/\",\"name\":\"Em Jaic\u00f3s, Quadrilha Chamego Bom realizar\u00e1 pr\u00e9-junino nesta sexta-feira (31) - Portal NPM\",\"isPartOf\":{\"@id\":\"https:\/\/portalnpm.com\/#website\"},\"primaryImageOfPage\":{\"@id\":\"https:\/\/portalnpm.com\/index.php\/2019\/05\/30\/em-jaicos-quadrilha-chamego-bom-realizara-pre-junino-nesta-sexta-feira-31\/#primaryimage\"},\"image\":{\"@id\":\"https:\/\/portalnpm.com\/index.php\/2019\/05\/30\/em-jaicos-quadrilha-chamego-bom-realizara-pre-junino-nesta-sexta-feira-31\/#primaryimage\"},\"thumbnailUrl\":\"\",\"datePublished\":\"2019-05-30T17:50:01+00:00\",\"dateModified\":\"2019-05-30T17:50:01+00:00\",\"author\":{\"@id\":\"https:\/\/portalnpm.com\/#\/schema\/person\/5c8006acdf71774cd4e7a5ab98482152\"},\"breadcrumb\":{\"@id\":\"https:\/\/portalnpm.com\/index.php\/2019\/05\/30\/em-jaicos-quadrilha-chamego-bom-realizara-pre-junino-nesta-sexta-feira-31\/#breadcrumb\"},\"inLanguage\":\"pt-BR\",\"potentialAction\":[{\"@type\":\"ReadAction\",\"target\":[\"https:\/\/portalnpm.com\/index.php\/2019\/05\/30\/em-jaicos-quadrilha-chamego-bom-realizara-pre-junino-nesta-sexta-feira-31\/\"]}]},{\"@type\":\"ImageObject\",\"inLanguage\":\"pt-BR\",\"@id\":\"https:\/\/portalnpm.com\/index.php\/2019\/05\/30\/em-jaicos-quadrilha-chamego-bom-realizara-pre-junino-nesta-sexta-feira-31\/#primaryimage\",\"url\":\"\",\"contentUrl\":\"\"},{\"@type\":\"BreadcrumbList\",\"@id\":\"https:\/\/portalnpm.com\/index.php\/2019\/05\/30\/em-jaicos-quadrilha-chamego-bom-realizara-pre-junino-nesta-sexta-feira-31\/#breadcrumb\",\"itemListElement\":[{\"@type\":\"ListItem\",\"position\":1,\"name\":\"In\u00edcio\",\"item\":\"https:\/\/portalnpm.com\/\"},{\"@type\":\"ListItem\",\"position\":2,\"name\":\"Em Jaic\u00f3s, Quadrilha Chamego Bom realizar\u00e1 pr\u00e9-junino nesta sexta-feira (31)\"}]},{\"@type\":\"WebSite\",\"@id\":\"https:\/\/portalnpm.com\/#website\",\"url\":\"https:\/\/portalnpm.com\/\",\"name\":\"Portal NPM\",\"description\":\"Not\u00edcias em Primeira M\u00e3o\",\"potentialAction\":[{\"@type\":\"SearchAction\",\"target\":{\"@type\":\"EntryPoint\",\"urlTemplate\":\"https:\/\/portalnpm.com\/?s={search_term_string}\"},\"query-input\":\"required name=search_term_string\"}],\"inLanguage\":\"pt-BR\"},{\"@type\":\"Person\",\"@id\":\"https:\/\/portalnpm.com\/#\/schema\/person\/5c8006acdf71774cd4e7a5ab98482152\",\"name\":\"Luis Alberto\",\"image\":{\"@type\":\"ImageObject\",\"inLanguage\":\"pt-BR\",\"@id\":\"https:\/\/portalnpm.com\/#\/schema\/person\/image\/\",\"url\":\"https:\/\/portalnpm.com\/wp-content\/uploads\/2024\/12\/avatar_user_3_1734699769-96x96.jpeg\",\"contentUrl\":\"https:\/\/portalnpm.com\/wp-content\/uploads\/2024\/12\/avatar_user_3_1734699769-96x96.jpeg\",\"caption\":\"Luis Alberto\"},\"description\":\"Editor-geral do Portal NPM, \u00e9 formado como T\u00e9cnico em Seguran\u00e7a do Trabalho pela Escola Metropolitana de Cursos T\u00e9cnicos. Det\u00e9m ainda licenciatura em Educa\u00e7\u00e3o F\u00edsica e bacharelado em Ci\u00eancias Pol\u00edticas, ambos obtidos pela institui\u00e7\u00e3o Anhanguera\/UNOPAR.\",\"url\":\"https:\/\/portalnpm.com\/index.php\/author\/pereira\/\"}]}<\/script>\n<!-- \/ Yoast SEO plugin. -->","yoast_head_json":{"title":"Em Jaic\u00f3s, Quadrilha Chamego Bom realizar\u00e1 pr\u00e9-junino nesta sexta-feira (31) - Portal NPM","robots":{"index":"index","follow":"follow","max-snippet":"max-snippet:-1","max-image-preview":"max-image-preview:large","max-video-preview":"max-video-preview:-1"},"canonical":"https:\/\/portalnpm.com\/index.php\/2019\/05\/30\/em-jaicos-quadrilha-chamego-bom-realizara-pre-junino-nesta-sexta-feira-31\/","og_locale":"pt_BR","og_type":"article","og_title":"Em Jaic\u00f3s, Quadrilha Chamego Bom realizar\u00e1 pr\u00e9-junino nesta sexta-feira (31) - Portal NPM","og_description":"J\u00e1 nos preparativos para um dos per\u00edodos mais esperados do ano, a Quadrilha Junina Chamego Bom, do munic\u00edpio de Jaic\u00f3s, realizar\u00e1 nesta sexta-feira (31), um evento pr\u00e9-junino. O evento ser\u00e1 realizado na quadra Geraldo Matos Silveira, Centro de Jaic\u00f3s, a partir das 21 horas, contando com a apresenta\u00e7\u00e3o oficial do espet\u00e1culo 2019 da Junina Chamego &hellip;","og_url":"https:\/\/portalnpm.com\/index.php\/2019\/05\/30\/em-jaicos-quadrilha-chamego-bom-realizara-pre-junino-nesta-sexta-feira-31\/","og_site_name":"Portal NPM","article_published_time":"2019-05-30T17:50:01+00:00","author":"Luis Alberto","twitter_card":"summary_large_image","twitter_misc":{"Escrito por":"Luis Alberto"},"schema":{"@context":"https:\/\/schema.org","@graph":[{"@type":"WebPage","@id":"https:\/\/portalnpm.com\/index.php\/2019\/05\/30\/em-jaicos-quadrilha-chamego-bom-realizara-pre-junino-nesta-sexta-feira-31\/","url":"https:\/\/portalnpm.com\/index.php\/2019\/05\/30\/em-jaicos-quadrilha-chamego-bom-realizara-pre-junino-nesta-sexta-feira-31\/","name":"Em Jaic\u00f3s, Quadrilha Chamego Bom realizar\u00e1 pr\u00e9-junino nesta sexta-feira (31) - Portal NPM","isPartOf":{"@id":"https:\/\/portalnpm.com\/#website"},"primaryImageOfPage":{"@id":"https:\/\/portalnpm.com\/index.php\/2019\/05\/30\/em-jaicos-quadrilha-chamego-bom-realizara-pre-junino-nesta-sexta-feira-31\/#primaryimage"},"image":{"@id":"https:\/\/portalnpm.com\/index.php\/2019\/05\/30\/em-jaicos-quadrilha-chamego-bom-realizara-pre-junino-nesta-sexta-feira-31\/#primaryimage"},"thumbnailUrl":"","datePublished":"2019-05-30T17:50:01+00:00","dateModified":"2019-05-30T17:50:01+00:00","author":{"@id":"https:\/\/portalnpm.com\/#\/schema\/person\/5c8006acdf71774cd4e7a5ab98482152"},"breadcrumb":{"@id":"https:\/\/portalnpm.com\/index.php\/2019\/05\/30\/em-jaicos-quadrilha-chamego-bom-realizara-pre-junino-nesta-sexta-feira-31\/#breadcrumb"},"inLanguage":"pt-BR","potentialAction":[{"@type":"ReadAction","target":["https:\/\/portalnpm.com\/index.php\/2019\/05\/30\/em-jaicos-quadrilha-chamego-bom-realizara-pre-junino-nesta-sexta-feira-31\/"]}]},{"@type":"ImageObject","inLanguage":"pt-BR","@id":"https:\/\/portalnpm.com\/index.php\/2019\/05\/30\/em-jaicos-quadrilha-chamego-bom-realizara-pre-junino-nesta-sexta-feira-31\/#primaryimage","url":"","contentUrl":""},{"@type":"BreadcrumbList","@id":"https:\/\/portalnpm.com\/index.php\/2019\/05\/30\/em-jaicos-quadrilha-chamego-bom-realizara-pre-junino-nesta-sexta-feira-31\/#breadcrumb","itemListElement":[{"@type":"ListItem","position":1,"name":"In\u00edcio","item":"https:\/\/portalnpm.com\/"},{"@type":"ListItem","position":2,"name":"Em Jaic\u00f3s, Quadrilha Chamego Bom realizar\u00e1 pr\u00e9-junino nesta sexta-feira (31)"}]},{"@type":"WebSite","@id":"https:\/\/portalnpm.com\/#website","url":"https:\/\/portalnpm.com\/","name":"Portal NPM","description":"Not\u00edcias em Primeira M\u00e3o","potentialAction":[{"@type":"SearchAction","target":{"@type":"EntryPoint","urlTemplate":"https:\/\/portalnpm.com\/?s={search_term_string}"},"query-input":"required name=search_term_string"}],"inLanguage":"pt-BR"},{"@type":"Person","@id":"https:\/\/portalnpm.com\/#\/schema\/person\/5c8006acdf71774cd4e7a5ab98482152","name":"Luis Alberto","image":{"@type":"ImageObject","inLanguage":"pt-BR","@id":"https:\/\/portalnpm.com\/#\/schema\/person\/image\/","url":"https:\/\/portalnpm.com\/wp-content\/uploads\/2024\/12\/avatar_user_3_1734699769-96x96.jpeg","contentUrl":"https:\/\/portalnpm.com\/wp-content\/uploads\/2024\/12\/avatar_user_3_1734699769-96x96.jpeg","caption":"Luis Alberto"},"description":"Editor-geral do Portal NPM, \u00e9 formado como T\u00e9cnico em Seguran\u00e7a do Trabalho pela Escola Metropolitana de Cursos T\u00e9cnicos. Det\u00e9m ainda licenciatura em Educa\u00e7\u00e3o F\u00edsica e bacharelado em Ci\u00eancias Pol\u00edticas, ambos obtidos pela institui\u00e7\u00e3o Anhanguera\/UNOPAR.","url":"https:\/\/portalnpm.com\/index.php\/author\/pereira\/"}]}},"jetpack_sharing_enabled":true,"jetpack_featured_media_url":"","_links":{"self":[{"href":"https:\/\/portalnpm.com\/index.php\/wp-json\/wp\/v2\/posts\/8692"}],"collection":[{"href":"https:\/\/portalnpm.com\/index.php\/wp-json\/wp\/v2\/posts"}],"about":[{"href":"https:\/\/portalnpm.com\/index.php\/wp-json\/wp\/v2\/types\/post"}],"author":[{"embeddable":true,"href":"https:\/\/portalnpm.com\/index.php\/wp-json\/wp\/v2\/users\/3"}],"replies":[{"embeddable":true,"href":"https:\/\/portalnpm.com\/index.php\/wp-json\/wp\/v2\/comments?post=8692"}],"version-history":[{"count":0,"href":"https:\/\/portalnpm.com\/index.php\/wp-json\/wp\/v2\/posts\/8692\/revisions"}],"wp:featuredmedia":[{"embeddable":true,"href":"https:\/\/portalnpm.com\/index.php\/wp-json\/"}],"wp:attachment":[{"href":"https:\/\/portalnpm.com\/index.php\/wp-json\/wp\/v2\/media?parent=8692"}],"wp:term":[{"taxonomy":"category","embeddable":true,"href":"https:\/\/portalnpm.com\/index.php\/wp-json\/wp\/v2\/categories?post=8692"},{"taxonomy":"post_tag","embeddable":true,"href":"https:\/\/portalnpm.com\/index.php\/wp-json\/wp\/v2\/tags?post=8692"}],"curies":[{"name":"wp","href":"https:\/\/api.w.org\/{rel}","templated":true}]}}