{"id":86965,"date":"2025-05-09T00:05:35","date_gmt":"2025-05-09T03:05:35","guid":{"rendered":"https:\/\/portalnpm.com\/?p=86965"},"modified":"2025-05-09T00:09:45","modified_gmt":"2025-05-09T03:09:45","slug":"sao-juliao-secretaria-de-assistencia-social-realiza-confraternizacao-com-grupo-de-idosos-sementes-do-saber-em-homenagem-ao-dia-das-maes-e-aniversariantes-do-mes-veja","status":"publish","type":"post","link":"https:\/\/portalnpm.com\/index.php\/2025\/05\/09\/sao-juliao-secretaria-de-assistencia-social-realiza-confraternizacao-com-grupo-de-idosos-sementes-do-saber-em-homenagem-ao-dia-das-maes-e-aniversariantes-do-mes-veja\/","title":{"rendered":"S\u00e3o Juli\u00e3o | Secretaria de Assist\u00eancia Social realiza confraterniza\u00e7\u00e3o com grupo de idosos &#8220;Sementes do Saber&#8221;, em homenagem ao Dia das M\u00e3es e aniversariantes do m\u00eas; veja!"},"content":{"rendered":"<p>Na tarde desta quinta-feira, 8 de maio, a Secretaria Municipal de Assist\u00eancia Social, em parceria com o Centro de Refer\u00eancia de Assist\u00eancia Social (CRAS), promoveu um momento especial de confraterniza\u00e7\u00e3o com o grupo de idosos \u201cSementes do Saber\u201d.<\/p>\n<p><img fetchpriority=\"high\" decoding=\"async\" class=\"alignnone wp-image-86968 size-full\" src=\"https:\/\/portalnpm.com\/wp-content\/uploads\/2025\/05\/IMG-20250508-WA0526-scaled.jpg\" alt=\"\" width=\"1920\" height=\"2560\" srcset=\"https:\/\/portalnpm.com\/wp-content\/uploads\/2025\/05\/IMG-20250508-WA0526-scaled.jpg 1920w, https:\/\/portalnpm.com\/wp-content\/uploads\/2025\/05\/IMG-20250508-WA0526-225x300.jpg 225w, https:\/\/portalnpm.com\/wp-content\/uploads\/2025\/05\/IMG-20250508-WA0526-768x1024.jpg 768w, https:\/\/portalnpm.com\/wp-content\/uploads\/2025\/05\/IMG-20250508-WA0526-1152x1536.jpg 1152w, https:\/\/portalnpm.com\/wp-content\/uploads\/2025\/05\/IMG-20250508-WA0526-1536x2048.jpg 1536w\" sizes=\"(max-width: 1920px) 100vw, 1920px\" \/><\/p>\n<p>A a\u00e7\u00e3o teve como foco celebrar o Dia das M\u00e3es e homenagear os aniversariantes do m\u00eas, reunindo os participantes em uma tarde de integra\u00e7\u00e3o, afeto e celebra\u00e7\u00e3o.<\/p>\n<p>O evento foi realizado na sede do CRAS e contou com uma programa\u00e7\u00e3o variada, incluindo mensagens de carinho, atividades recreativas, al\u00e9m de um lanche especial preparado para os idosos. O clima foi de muita alegria e emo\u00e7\u00e3o, com destaque para as homenagens prestadas \u00e0s m\u00e3es do grupo, que receberam lembran\u00e7as e palavras de reconhecimento pelo papel fundamental que desempenham em suas fam\u00edlias e na comunidade.<\/p>\n<p>Representantes da Secretaria de Assist\u00eancia Social estiveram presentes e refor\u00e7aram o compromisso do munic\u00edpio com a valoriza\u00e7\u00e3o da pessoa idosa e com a promo\u00e7\u00e3o do bem-estar social. Os encontros s\u00e3o essenciais para fortalecer os la\u00e7os entre os participantes e para mostrar o quanto cada um \u00e9 importante.<\/p>\n<p>O grupo \u201cSementes do Saber\u201d faz parte das a\u00e7\u00f5es desenvolvidas pelo CRAS e visa oferecer atividades socioeducativas, promover a conviv\u00eancia e estimular a participa\u00e7\u00e3o ativa dos idosos na sociedade. A confraterniza\u00e7\u00e3o refor\u00e7a essa proposta, criando um espa\u00e7o de celebra\u00e7\u00e3o e inclus\u00e3o.<\/p>\n<p>Ao final do encontro, os participantes agradeceram o carinho recebido e destacaram a import\u00e2ncia de momentos como esse para manter a autoestima, a sa\u00fade emocional e o sentimento de pertencimento.<\/p>\n<p><img decoding=\"async\" class=\"alignnone size-medium wp-image-86969\" src=\"https:\/\/portalnpm.com\/wp-content\/uploads\/2025\/05\/IMG-20250508-WA0544-300x225.jpg\" alt=\"\" width=\"300\" height=\"225\" srcset=\"https:\/\/portalnpm.com\/wp-content\/uploads\/2025\/05\/IMG-20250508-WA0544-300x225.jpg 300w, https:\/\/portalnpm.com\/wp-content\/uploads\/2025\/05\/IMG-20250508-WA0544-1024x768.jpg 1024w, https:\/\/portalnpm.com\/wp-content\/uploads\/2025\/05\/IMG-20250508-WA0544-768x576.jpg 768w, https:\/\/portalnpm.com\/wp-content\/uploads\/2025\/05\/IMG-20250508-WA0544-1536x1152.jpg 1536w, https:\/\/portalnpm.com\/wp-content\/uploads\/2025\/05\/IMG-20250508-WA0544-2048x1536.jpg 2048w\" sizes=\"(max-width: 300px) 100vw, 300px\" \/> <img decoding=\"async\" class=\"alignnone size-medium wp-image-86970\" src=\"https:\/\/portalnpm.com\/wp-content\/uploads\/2025\/05\/IMG-20250508-WA0539-300x225.jpg\" alt=\"\" width=\"300\" height=\"225\" srcset=\"https:\/\/portalnpm.com\/wp-content\/uploads\/2025\/05\/IMG-20250508-WA0539-300x225.jpg 300w, https:\/\/portalnpm.com\/wp-content\/uploads\/2025\/05\/IMG-20250508-WA0539-1024x768.jpg 1024w, https:\/\/portalnpm.com\/wp-content\/uploads\/2025\/05\/IMG-20250508-WA0539-768x576.jpg 768w, https:\/\/portalnpm.com\/wp-content\/uploads\/2025\/05\/IMG-20250508-WA0539-1536x1152.jpg 1536w, https:\/\/portalnpm.com\/wp-content\/uploads\/2025\/05\/IMG-20250508-WA0539-2048x1536.jpg 2048w\" sizes=\"(max-width: 300px) 100vw, 300px\" \/> <img loading=\"lazy\" decoding=\"async\" class=\"alignnone size-medium wp-image-86971\" src=\"https:\/\/portalnpm.com\/wp-content\/uploads\/2025\/05\/IMG-20250508-WA0541-300x225.jpg\" alt=\"\" width=\"300\" height=\"225\" srcset=\"https:\/\/portalnpm.com\/wp-content\/uploads\/2025\/05\/IMG-20250508-WA0541-300x225.jpg 300w, https:\/\/portalnpm.com\/wp-content\/uploads\/2025\/05\/IMG-20250508-WA0541-1024x768.jpg 1024w, https:\/\/portalnpm.com\/wp-content\/uploads\/2025\/05\/IMG-20250508-WA0541-768x576.jpg 768w, https:\/\/portalnpm.com\/wp-content\/uploads\/2025\/05\/IMG-20250508-WA0541-1536x1152.jpg 1536w, https:\/\/portalnpm.com\/wp-content\/uploads\/2025\/05\/IMG-20250508-WA0541-2048x1536.jpg 2048w\" sizes=\"(max-width: 300px) 100vw, 300px\" \/> <img loading=\"lazy\" decoding=\"async\" class=\"alignnone size-medium wp-image-86972\" src=\"https:\/\/portalnpm.com\/wp-content\/uploads\/2025\/05\/IMG-20250508-WA0540-300x225.jpg\" alt=\"\" width=\"300\" height=\"225\" srcset=\"https:\/\/portalnpm.com\/wp-content\/uploads\/2025\/05\/IMG-20250508-WA0540-300x225.jpg 300w, https:\/\/portalnpm.com\/wp-content\/uploads\/2025\/05\/IMG-20250508-WA0540-1024x768.jpg 1024w, https:\/\/portalnpm.com\/wp-content\/uploads\/2025\/05\/IMG-20250508-WA0540-768x576.jpg 768w, https:\/\/portalnpm.com\/wp-content\/uploads\/2025\/05\/IMG-20250508-WA0540-1536x1152.jpg 1536w, https:\/\/portalnpm.com\/wp-content\/uploads\/2025\/05\/IMG-20250508-WA0540-2048x1536.jpg 2048w\" sizes=\"(max-width: 300px) 100vw, 300px\" \/> <img loading=\"lazy\" decoding=\"async\" class=\"alignnone size-medium wp-image-86973\" src=\"https:\/\/portalnpm.com\/wp-content\/uploads\/2025\/05\/IMG-20250508-WA0531-300x225.jpg\" alt=\"\" width=\"300\" height=\"225\" srcset=\"https:\/\/portalnpm.com\/wp-content\/uploads\/2025\/05\/IMG-20250508-WA0531-300x225.jpg 300w, https:\/\/portalnpm.com\/wp-content\/uploads\/2025\/05\/IMG-20250508-WA0531-1024x768.jpg 1024w, https:\/\/portalnpm.com\/wp-content\/uploads\/2025\/05\/IMG-20250508-WA0531-768x576.jpg 768w, https:\/\/portalnpm.com\/wp-content\/uploads\/2025\/05\/IMG-20250508-WA0531-1536x1152.jpg 1536w, https:\/\/portalnpm.com\/wp-content\/uploads\/2025\/05\/IMG-20250508-WA0531-2048x1536.jpg 2048w\" sizes=\"(max-width: 300px) 100vw, 300px\" \/> <img loading=\"lazy\" decoding=\"async\" class=\"alignnone size-medium wp-image-86974\" src=\"https:\/\/portalnpm.com\/wp-content\/uploads\/2025\/05\/IMG-20250508-WA0530-300x225.jpg\" alt=\"\" width=\"300\" height=\"225\" srcset=\"https:\/\/portalnpm.com\/wp-content\/uploads\/2025\/05\/IMG-20250508-WA0530-300x225.jpg 300w, https:\/\/portalnpm.com\/wp-content\/uploads\/2025\/05\/IMG-20250508-WA0530-1024x768.jpg 1024w, https:\/\/portalnpm.com\/wp-content\/uploads\/2025\/05\/IMG-20250508-WA0530-768x576.jpg 768w, https:\/\/portalnpm.com\/wp-content\/uploads\/2025\/05\/IMG-20250508-WA0530-1536x1152.jpg 1536w, https:\/\/portalnpm.com\/wp-content\/uploads\/2025\/05\/IMG-20250508-WA0530-2048x1536.jpg 2048w\" sizes=\"(max-width: 300px) 100vw, 300px\" \/> <img loading=\"lazy\" decoding=\"async\" class=\"alignnone size-medium wp-image-86975\" src=\"https:\/\/portalnpm.com\/wp-content\/uploads\/2025\/05\/IMG-20250508-WA0524-300x225.jpg\" alt=\"\" width=\"300\" height=\"225\" srcset=\"https:\/\/portalnpm.com\/wp-content\/uploads\/2025\/05\/IMG-20250508-WA0524-300x225.jpg 300w, https:\/\/portalnpm.com\/wp-content\/uploads\/2025\/05\/IMG-20250508-WA0524-1024x768.jpg 1024w, https:\/\/portalnpm.com\/wp-content\/uploads\/2025\/05\/IMG-20250508-WA0524-768x576.jpg 768w, https:\/\/portalnpm.com\/wp-content\/uploads\/2025\/05\/IMG-20250508-WA0524-1536x1152.jpg 1536w, https:\/\/portalnpm.com\/wp-content\/uploads\/2025\/05\/IMG-20250508-WA0524-2048x1536.jpg 2048w\" sizes=\"(max-width: 300px) 100vw, 300px\" \/> <img loading=\"lazy\" decoding=\"async\" class=\"alignnone size-medium wp-image-86976\" src=\"https:\/\/portalnpm.com\/wp-content\/uploads\/2025\/05\/IMG-20250508-WA0538-300x225.jpg\" alt=\"\" width=\"300\" height=\"225\" srcset=\"https:\/\/portalnpm.com\/wp-content\/uploads\/2025\/05\/IMG-20250508-WA0538-300x225.jpg 300w, https:\/\/portalnpm.com\/wp-content\/uploads\/2025\/05\/IMG-20250508-WA0538-1024x768.jpg 1024w, https:\/\/portalnpm.com\/wp-content\/uploads\/2025\/05\/IMG-20250508-WA0538-768x576.jpg 768w, https:\/\/portalnpm.com\/wp-content\/uploads\/2025\/05\/IMG-20250508-WA0538-1536x1152.jpg 1536w, https:\/\/portalnpm.com\/wp-content\/uploads\/2025\/05\/IMG-20250508-WA0538-2048x1536.jpg 2048w\" sizes=\"(max-width: 300px) 100vw, 300px\" \/> <img loading=\"lazy\" decoding=\"async\" class=\"alignnone size-medium wp-image-86977\" src=\"https:\/\/portalnpm.com\/wp-content\/uploads\/2025\/05\/IMG-20250508-WA0543-300x225.jpg\" alt=\"\" width=\"300\" height=\"225\" srcset=\"https:\/\/portalnpm.com\/wp-content\/uploads\/2025\/05\/IMG-20250508-WA0543-300x225.jpg 300w, https:\/\/portalnpm.com\/wp-content\/uploads\/2025\/05\/IMG-20250508-WA0543-1024x768.jpg 1024w, https:\/\/portalnpm.com\/wp-content\/uploads\/2025\/05\/IMG-20250508-WA0543-768x576.jpg 768w, https:\/\/portalnpm.com\/wp-content\/uploads\/2025\/05\/IMG-20250508-WA0543-1536x1152.jpg 1536w, https:\/\/portalnpm.com\/wp-content\/uploads\/2025\/05\/IMG-20250508-WA0543-2048x1536.jpg 2048w\" sizes=\"(max-width: 300px) 100vw, 300px\" \/><\/p>\n<p>Por Carlos Thadeu, com supervis\u00e3o de Luis Alberto &#8211; Portal NPM<\/p>\n<p>Fotos: Silas Miqueias<\/p>\n","protected":false},"excerpt":{"rendered":"<p>Na tarde desta quinta-feira, 8 de maio, a Secretaria Municipal de Assist\u00eancia Social, em parceria com o Centro de Refer\u00eancia de Assist\u00eancia Social (CRAS), promoveu um momento especial de confraterniza\u00e7\u00e3o com o grupo de idosos \u201cSementes do Saber\u201d. A a\u00e7\u00e3o teve como foco celebrar o Dia das M\u00e3es e homenagear os aniversariantes do m\u00eas, reunindo &hellip;<\/p>\n","protected":false},"author":4,"featured_media":86979,"comment_status":"open","ping_status":"open","sticky":false,"template":"","format":"standard","meta":{"content-type":"","rop_custom_images_group":[],"rop_custom_messages_group":[],"rop_publish_now":"yes","rop_publish_now_accounts":{"facebook_2648258775420054_1618374048415101":""},"rop_publish_now_history":[],"rop_publish_now_status":"pending","footnotes":"","_jetpack_memberships_contains_paid_content":false},"categories":[113,109,3998],"tags":[16590,1204,5764,3652,838,230,1178,855,592,5722,2242,1197,11927,4539,1143,1274,1196,2024,6375,2699,842],"yoast_head":"<!-- This site is optimized with the Yoast SEO plugin v22.3 - https:\/\/yoast.com\/wordpress\/plugins\/seo\/ -->\n<title>S\u00e3o Juli\u00e3o | Secretaria de Assist\u00eancia Social realiza confraterniza\u00e7\u00e3o com grupo de idosos &quot;Sementes do Saber&quot;, em homenagem ao Dia das M\u00e3es e aniversariantes do m\u00eas; veja! - Portal NPM<\/title>\n<meta name=\"robots\" content=\"index, follow, max-snippet:-1, max-image-preview:large, max-video-preview:-1\" \/>\n<link rel=\"canonical\" href=\"https:\/\/portalnpm.com\/index.php\/2025\/05\/09\/sao-juliao-secretaria-de-assistencia-social-realiza-confraternizacao-com-grupo-de-idosos-sementes-do-saber-em-homenagem-ao-dia-das-maes-e-aniversariantes-do-mes-veja\/\" \/>\n<meta property=\"og:locale\" content=\"pt_BR\" \/>\n<meta property=\"og:type\" content=\"article\" \/>\n<meta property=\"og:title\" content=\"S\u00e3o Juli\u00e3o | Secretaria de Assist\u00eancia Social realiza confraterniza\u00e7\u00e3o com grupo de idosos &quot;Sementes do Saber&quot;, em homenagem ao Dia das M\u00e3es e aniversariantes do m\u00eas; veja! - Portal NPM\" \/>\n<meta property=\"og:description\" content=\"Na tarde desta quinta-feira, 8 de maio, a Secretaria Municipal de Assist\u00eancia Social, em parceria com o Centro de Refer\u00eancia de Assist\u00eancia Social (CRAS), promoveu um momento especial de confraterniza\u00e7\u00e3o com o grupo de idosos \u201cSementes do Saber\u201d. A a\u00e7\u00e3o teve como foco celebrar o Dia das M\u00e3es e homenagear os aniversariantes do m\u00eas, reunindo &hellip;\" \/>\n<meta property=\"og:url\" content=\"https:\/\/portalnpm.com\/index.php\/2025\/05\/09\/sao-juliao-secretaria-de-assistencia-social-realiza-confraternizacao-com-grupo-de-idosos-sementes-do-saber-em-homenagem-ao-dia-das-maes-e-aniversariantes-do-mes-veja\/\" \/>\n<meta property=\"og:site_name\" content=\"Portal NPM\" \/>\n<meta property=\"article:published_time\" content=\"2025-05-09T03:05:35+00:00\" \/>\n<meta property=\"article:modified_time\" content=\"2025-05-09T03:09:45+00:00\" \/>\n<meta property=\"og:image\" content=\"https:\/\/portalnpm.com\/wp-content\/uploads\/2025\/05\/IMG-20250508-WA0537-1-scaled.jpg\" \/>\n\t<meta property=\"og:image:width\" content=\"2560\" \/>\n\t<meta property=\"og:image:height\" content=\"1920\" \/>\n\t<meta property=\"og:image:type\" content=\"image\/jpeg\" \/>\n<meta name=\"author\" content=\"Reda\u00e7\u00e3o\" \/>\n<meta name=\"twitter:card\" content=\"summary_large_image\" \/>\n<meta name=\"twitter:label1\" content=\"Escrito por\" \/>\n\t<meta name=\"twitter:data1\" content=\"Reda\u00e7\u00e3o\" \/>\n\t<meta name=\"twitter:label2\" content=\"Est. tempo de leitura\" \/>\n\t<meta name=\"twitter:data2\" content=\"4 minutos\" \/>\n<script type=\"application\/ld+json\" class=\"yoast-schema-graph\">{\"@context\":\"https:\/\/schema.org\",\"@graph\":[{\"@type\":\"WebPage\",\"@id\":\"https:\/\/portalnpm.com\/index.php\/2025\/05\/09\/sao-juliao-secretaria-de-assistencia-social-realiza-confraternizacao-com-grupo-de-idosos-sementes-do-saber-em-homenagem-ao-dia-das-maes-e-aniversariantes-do-mes-veja\/\",\"url\":\"https:\/\/portalnpm.com\/index.php\/2025\/05\/09\/sao-juliao-secretaria-de-assistencia-social-realiza-confraternizacao-com-grupo-de-idosos-sementes-do-saber-em-homenagem-ao-dia-das-maes-e-aniversariantes-do-mes-veja\/\",\"name\":\"S\u00e3o Juli\u00e3o | Secretaria de Assist\u00eancia Social realiza confraterniza\u00e7\u00e3o com grupo de idosos \\\"Sementes do Saber\\\", em homenagem ao Dia das M\u00e3es e aniversariantes do m\u00eas; veja! - Portal NPM\",\"isPartOf\":{\"@id\":\"https:\/\/portalnpm.com\/#website\"},\"primaryImageOfPage\":{\"@id\":\"https:\/\/portalnpm.com\/index.php\/2025\/05\/09\/sao-juliao-secretaria-de-assistencia-social-realiza-confraternizacao-com-grupo-de-idosos-sementes-do-saber-em-homenagem-ao-dia-das-maes-e-aniversariantes-do-mes-veja\/#primaryimage\"},\"image\":{\"@id\":\"https:\/\/portalnpm.com\/index.php\/2025\/05\/09\/sao-juliao-secretaria-de-assistencia-social-realiza-confraternizacao-com-grupo-de-idosos-sementes-do-saber-em-homenagem-ao-dia-das-maes-e-aniversariantes-do-mes-veja\/#primaryimage\"},\"thumbnailUrl\":\"https:\/\/portalnpm.com\/wp-content\/uploads\/2025\/05\/IMG-20250508-WA0537-1-scaled.jpg\",\"datePublished\":\"2025-05-09T03:05:35+00:00\",\"dateModified\":\"2025-05-09T03:09:45+00:00\",\"author\":{\"@id\":\"https:\/\/portalnpm.com\/#\/schema\/person\/0b5f230ec96cee25504fa328e7f2b733\"},\"breadcrumb\":{\"@id\":\"https:\/\/portalnpm.com\/index.php\/2025\/05\/09\/sao-juliao-secretaria-de-assistencia-social-realiza-confraternizacao-com-grupo-de-idosos-sementes-do-saber-em-homenagem-ao-dia-das-maes-e-aniversariantes-do-mes-veja\/#breadcrumb\"},\"inLanguage\":\"pt-BR\",\"potentialAction\":[{\"@type\":\"ReadAction\",\"target\":[\"https:\/\/portalnpm.com\/index.php\/2025\/05\/09\/sao-juliao-secretaria-de-assistencia-social-realiza-confraternizacao-com-grupo-de-idosos-sementes-do-saber-em-homenagem-ao-dia-das-maes-e-aniversariantes-do-mes-veja\/\"]}]},{\"@type\":\"ImageObject\",\"inLanguage\":\"pt-BR\",\"@id\":\"https:\/\/portalnpm.com\/index.php\/2025\/05\/09\/sao-juliao-secretaria-de-assistencia-social-realiza-confraternizacao-com-grupo-de-idosos-sementes-do-saber-em-homenagem-ao-dia-das-maes-e-aniversariantes-do-mes-veja\/#primaryimage\",\"url\":\"https:\/\/portalnpm.com\/wp-content\/uploads\/2025\/05\/IMG-20250508-WA0537-1-scaled.jpg\",\"contentUrl\":\"https:\/\/portalnpm.com\/wp-content\/uploads\/2025\/05\/IMG-20250508-WA0537-1-scaled.jpg\",\"width\":2560,\"height\":1920},{\"@type\":\"BreadcrumbList\",\"@id\":\"https:\/\/portalnpm.com\/index.php\/2025\/05\/09\/sao-juliao-secretaria-de-assistencia-social-realiza-confraternizacao-com-grupo-de-idosos-sementes-do-saber-em-homenagem-ao-dia-das-maes-e-aniversariantes-do-mes-veja\/#breadcrumb\",\"itemListElement\":[{\"@type\":\"ListItem\",\"position\":1,\"name\":\"In\u00edcio\",\"item\":\"https:\/\/portalnpm.com\/\"},{\"@type\":\"ListItem\",\"position\":2,\"name\":\"S\u00e3o Juli\u00e3o | Secretaria de Assist\u00eancia Social realiza confraterniza\u00e7\u00e3o com grupo de idosos &#8220;Sementes do Saber&#8221;, em homenagem ao Dia das M\u00e3es e aniversariantes do m\u00eas; veja!\"}]},{\"@type\":\"WebSite\",\"@id\":\"https:\/\/portalnpm.com\/#website\",\"url\":\"https:\/\/portalnpm.com\/\",\"name\":\"Portal NPM\",\"description\":\"Not\u00edcias em Primeira M\u00e3o\",\"potentialAction\":[{\"@type\":\"SearchAction\",\"target\":{\"@type\":\"EntryPoint\",\"urlTemplate\":\"https:\/\/portalnpm.com\/?s={search_term_string}\"},\"query-input\":\"required name=search_term_string\"}],\"inLanguage\":\"pt-BR\"},{\"@type\":\"Person\",\"@id\":\"https:\/\/portalnpm.com\/#\/schema\/person\/0b5f230ec96cee25504fa328e7f2b733\",\"name\":\"Reda\u00e7\u00e3o\",\"image\":{\"@type\":\"ImageObject\",\"inLanguage\":\"pt-BR\",\"@id\":\"https:\/\/portalnpm.com\/#\/schema\/person\/image\/\",\"url\":\"https:\/\/portalnpm.com\/wp-content\/uploads\/2024\/03\/avatar_user_4_1710097212-96x96.png\",\"contentUrl\":\"https:\/\/portalnpm.com\/wp-content\/uploads\/2024\/03\/avatar_user_4_1710097212-96x96.png\",\"caption\":\"Reda\u00e7\u00e3o\"},\"url\":\"https:\/\/portalnpm.com\/index.php\/author\/redacao\/\"}]}<\/script>\n<!-- \/ Yoast SEO plugin. -->","yoast_head_json":{"title":"S\u00e3o Juli\u00e3o | Secretaria de Assist\u00eancia Social realiza confraterniza\u00e7\u00e3o com grupo de idosos \"Sementes do Saber\", em homenagem ao Dia das M\u00e3es e aniversariantes do m\u00eas; veja! - Portal NPM","robots":{"index":"index","follow":"follow","max-snippet":"max-snippet:-1","max-image-preview":"max-image-preview:large","max-video-preview":"max-video-preview:-1"},"canonical":"https:\/\/portalnpm.com\/index.php\/2025\/05\/09\/sao-juliao-secretaria-de-assistencia-social-realiza-confraternizacao-com-grupo-de-idosos-sementes-do-saber-em-homenagem-ao-dia-das-maes-e-aniversariantes-do-mes-veja\/","og_locale":"pt_BR","og_type":"article","og_title":"S\u00e3o Juli\u00e3o | Secretaria de Assist\u00eancia Social realiza confraterniza\u00e7\u00e3o com grupo de idosos \"Sementes do Saber\", em homenagem ao Dia das M\u00e3es e aniversariantes do m\u00eas; veja! - Portal NPM","og_description":"Na tarde desta quinta-feira, 8 de maio, a Secretaria Municipal de Assist\u00eancia Social, em parceria com o Centro de Refer\u00eancia de Assist\u00eancia Social (CRAS), promoveu um momento especial de confraterniza\u00e7\u00e3o com o grupo de idosos \u201cSementes do Saber\u201d. A a\u00e7\u00e3o teve como foco celebrar o Dia das M\u00e3es e homenagear os aniversariantes do m\u00eas, reunindo &hellip;","og_url":"https:\/\/portalnpm.com\/index.php\/2025\/05\/09\/sao-juliao-secretaria-de-assistencia-social-realiza-confraternizacao-com-grupo-de-idosos-sementes-do-saber-em-homenagem-ao-dia-das-maes-e-aniversariantes-do-mes-veja\/","og_site_name":"Portal NPM","article_published_time":"2025-05-09T03:05:35+00:00","article_modified_time":"2025-05-09T03:09:45+00:00","og_image":[{"width":2560,"height":1920,"url":"https:\/\/portalnpm.com\/wp-content\/uploads\/2025\/05\/IMG-20250508-WA0537-1-scaled.jpg","type":"image\/jpeg"}],"author":"Reda\u00e7\u00e3o","twitter_card":"summary_large_image","twitter_misc":{"Escrito por":"Reda\u00e7\u00e3o","Est. tempo de leitura":"4 minutos"},"schema":{"@context":"https:\/\/schema.org","@graph":[{"@type":"WebPage","@id":"https:\/\/portalnpm.com\/index.php\/2025\/05\/09\/sao-juliao-secretaria-de-assistencia-social-realiza-confraternizacao-com-grupo-de-idosos-sementes-do-saber-em-homenagem-ao-dia-das-maes-e-aniversariantes-do-mes-veja\/","url":"https:\/\/portalnpm.com\/index.php\/2025\/05\/09\/sao-juliao-secretaria-de-assistencia-social-realiza-confraternizacao-com-grupo-de-idosos-sementes-do-saber-em-homenagem-ao-dia-das-maes-e-aniversariantes-do-mes-veja\/","name":"S\u00e3o Juli\u00e3o | Secretaria de Assist\u00eancia Social realiza confraterniza\u00e7\u00e3o com grupo de idosos \"Sementes do Saber\", em homenagem ao Dia das M\u00e3es e aniversariantes do m\u00eas; veja! - Portal NPM","isPartOf":{"@id":"https:\/\/portalnpm.com\/#website"},"primaryImageOfPage":{"@id":"https:\/\/portalnpm.com\/index.php\/2025\/05\/09\/sao-juliao-secretaria-de-assistencia-social-realiza-confraternizacao-com-grupo-de-idosos-sementes-do-saber-em-homenagem-ao-dia-das-maes-e-aniversariantes-do-mes-veja\/#primaryimage"},"image":{"@id":"https:\/\/portalnpm.com\/index.php\/2025\/05\/09\/sao-juliao-secretaria-de-assistencia-social-realiza-confraternizacao-com-grupo-de-idosos-sementes-do-saber-em-homenagem-ao-dia-das-maes-e-aniversariantes-do-mes-veja\/#primaryimage"},"thumbnailUrl":"https:\/\/portalnpm.com\/wp-content\/uploads\/2025\/05\/IMG-20250508-WA0537-1-scaled.jpg","datePublished":"2025-05-09T03:05:35+00:00","dateModified":"2025-05-09T03:09:45+00:00","author":{"@id":"https:\/\/portalnpm.com\/#\/schema\/person\/0b5f230ec96cee25504fa328e7f2b733"},"breadcrumb":{"@id":"https:\/\/portalnpm.com\/index.php\/2025\/05\/09\/sao-juliao-secretaria-de-assistencia-social-realiza-confraternizacao-com-grupo-de-idosos-sementes-do-saber-em-homenagem-ao-dia-das-maes-e-aniversariantes-do-mes-veja\/#breadcrumb"},"inLanguage":"pt-BR","potentialAction":[{"@type":"ReadAction","target":["https:\/\/portalnpm.com\/index.php\/2025\/05\/09\/sao-juliao-secretaria-de-assistencia-social-realiza-confraternizacao-com-grupo-de-idosos-sementes-do-saber-em-homenagem-ao-dia-das-maes-e-aniversariantes-do-mes-veja\/"]}]},{"@type":"ImageObject","inLanguage":"pt-BR","@id":"https:\/\/portalnpm.com\/index.php\/2025\/05\/09\/sao-juliao-secretaria-de-assistencia-social-realiza-confraternizacao-com-grupo-de-idosos-sementes-do-saber-em-homenagem-ao-dia-das-maes-e-aniversariantes-do-mes-veja\/#primaryimage","url":"https:\/\/portalnpm.com\/wp-content\/uploads\/2025\/05\/IMG-20250508-WA0537-1-scaled.jpg","contentUrl":"https:\/\/portalnpm.com\/wp-content\/uploads\/2025\/05\/IMG-20250508-WA0537-1-scaled.jpg","width":2560,"height":1920},{"@type":"BreadcrumbList","@id":"https:\/\/portalnpm.com\/index.php\/2025\/05\/09\/sao-juliao-secretaria-de-assistencia-social-realiza-confraternizacao-com-grupo-de-idosos-sementes-do-saber-em-homenagem-ao-dia-das-maes-e-aniversariantes-do-mes-veja\/#breadcrumb","itemListElement":[{"@type":"ListItem","position":1,"name":"In\u00edcio","item":"https:\/\/portalnpm.com\/"},{"@type":"ListItem","position":2,"name":"S\u00e3o Juli\u00e3o | Secretaria de Assist\u00eancia Social realiza confraterniza\u00e7\u00e3o com grupo de idosos &#8220;Sementes do Saber&#8221;, em homenagem ao Dia das M\u00e3es e aniversariantes do m\u00eas; veja!"}]},{"@type":"WebSite","@id":"https:\/\/portalnpm.com\/#website","url":"https:\/\/portalnpm.com\/","name":"Portal NPM","description":"Not\u00edcias em Primeira M\u00e3o","potentialAction":[{"@type":"SearchAction","target":{"@type":"EntryPoint","urlTemplate":"https:\/\/portalnpm.com\/?s={search_term_string}"},"query-input":"required name=search_term_string"}],"inLanguage":"pt-BR"},{"@type":"Person","@id":"https:\/\/portalnpm.com\/#\/schema\/person\/0b5f230ec96cee25504fa328e7f2b733","name":"Reda\u00e7\u00e3o","image":{"@type":"ImageObject","inLanguage":"pt-BR","@id":"https:\/\/portalnpm.com\/#\/schema\/person\/image\/","url":"https:\/\/portalnpm.com\/wp-content\/uploads\/2024\/03\/avatar_user_4_1710097212-96x96.png","contentUrl":"https:\/\/portalnpm.com\/wp-content\/uploads\/2024\/03\/avatar_user_4_1710097212-96x96.png","caption":"Reda\u00e7\u00e3o"},"url":"https:\/\/portalnpm.com\/index.php\/author\/redacao\/"}]}},"jetpack_sharing_enabled":true,"jetpack_featured_media_url":"https:\/\/portalnpm.com\/wp-content\/uploads\/2025\/05\/IMG-20250508-WA0537-1-scaled.jpg","_links":{"self":[{"href":"https:\/\/portalnpm.com\/index.php\/wp-json\/wp\/v2\/posts\/86965"}],"collection":[{"href":"https:\/\/portalnpm.com\/index.php\/wp-json\/wp\/v2\/posts"}],"about":[{"href":"https:\/\/portalnpm.com\/index.php\/wp-json\/wp\/v2\/types\/post"}],"author":[{"embeddable":true,"href":"https:\/\/portalnpm.com\/index.php\/wp-json\/wp\/v2\/users\/4"}],"replies":[{"embeddable":true,"href":"https:\/\/portalnpm.com\/index.php\/wp-json\/wp\/v2\/comments?post=86965"}],"version-history":[{"count":2,"href":"https:\/\/portalnpm.com\/index.php\/wp-json\/wp\/v2\/posts\/86965\/revisions"}],"predecessor-version":[{"id":86978,"href":"https:\/\/portalnpm.com\/index.php\/wp-json\/wp\/v2\/posts\/86965\/revisions\/86978"}],"wp:featuredmedia":[{"embeddable":true,"href":"https:\/\/portalnpm.com\/index.php\/wp-json\/wp\/v2\/media\/86979"}],"wp:attachment":[{"href":"https:\/\/portalnpm.com\/index.php\/wp-json\/wp\/v2\/media?parent=86965"}],"wp:term":[{"taxonomy":"category","embeddable":true,"href":"https:\/\/portalnpm.com\/index.php\/wp-json\/wp\/v2\/categories?post=86965"},{"taxonomy":"post_tag","embeddable":true,"href":"https:\/\/portalnpm.com\/index.php\/wp-json\/wp\/v2\/tags?post=86965"}],"curies":[{"name":"wp","href":"https:\/\/api.w.org\/{rel}","templated":true}]}}