{"id":8700,"date":"2019-05-31T14:33:05","date_gmt":"2019-05-31T17:33:05","guid":{"rendered":"http:\/\/srv.portalnpm.com.br\/?p=8700"},"modified":"2019-05-31T14:33:05","modified_gmt":"2019-05-31T17:33:05","slug":"em-belem-do-piaui-mulher-tem-celular-roubado-durante-assalto","status":"publish","type":"post","link":"https:\/\/portalnpm.com\/index.php\/2019\/05\/31\/em-belem-do-piaui-mulher-tem-celular-roubado-durante-assalto\/","title":{"rendered":"Em Bel\u00e9m do Piau\u00ed, mulher tem celular roubado durante assalto"},"content":{"rendered":"<figure id=\"attachment_8701\" aria-describedby=\"caption-attachment-8701\" style=\"width: 660px\" class=\"wp-caption aligncenter\"><img fetchpriority=\"high\" decoding=\"async\" class=\"size-full wp-image-8701\" src=\"http:\/\/portalnpm.com\/wp-content\/uploads\/2019\/05\/roubo-660x330.jpg\" alt=\"\" width=\"660\" height=\"330\" \/><figcaption id=\"caption-attachment-8701\" class=\"wp-caption-text\">Imagem Ilustrativa<\/figcaption><\/figure>\n<p style=\"text-align: justify;\">Uma mulher, moradora de Bel\u00e9m do Piau\u00ed, identificada apenas por, Elis\u00e2ngela, foi assaltada enquanto voltava para sua moradia na noite desta quinta-feira (30).<\/p>\n<p style=\"text-align: justify;\">A a\u00e7\u00e3o ocorreu por volta das 18h45min, na travessa da Rua \u00c2ngelo Lib\u00e2nio Ribeiro a Avenida Deputado J\u00falio C\u00e9sar, pr\u00f3ximo \u00e0 panificadora Macedo Costa, no centro da cidade.<\/p>\n<p style=\"text-align: justify;\">A v\u00edtima conta que foi surpreendida enquanto falava ao celular, quando dois indiv\u00edduos em uma motocicleta se aproximaram e arrancaram o celular de suas m\u00e3os.<\/p>\n<p style=\"text-align: justify;\">Conforme informou Elis\u00e2ngela, a a\u00e7\u00e3o foi muito r\u00e1pida e n\u00e3o foi poss\u00edvel reconhecer o modelo da motocicleta utilizada nem a fei\u00e7\u00e3o dos marginais. A v\u00edtima n\u00e3o soube informar tamb\u00e9m se os assaltantes estavam armados.<\/p>\n<p style=\"text-align: justify;\">Ainda segundo informa\u00e7\u00f5es, ap\u00f3s o assalto os criminosos fizeram sua rota de fuga percorrendo a Avenida Deputado J\u00falio C\u00e9sar, seguindo rumo a PI-243 com sentido a Jaic\u00f3s-PI.<\/p>\n<p style=\"text-align: justify;\">A pol\u00edcia foi contatada, no entanto, at\u00e9 a publica\u00e7\u00e3o desta mat\u00e9ria ningu\u00e9m foi detectado.<\/p>\n<p style=\"text-align: justify;\"><strong>FONTE: Portal Infonewss<\/strong><\/p>\n","protected":false},"excerpt":{"rendered":"<p>Uma mulher, moradora de Bel\u00e9m do Piau\u00ed, identificada apenas por, Elis\u00e2ngela, foi assaltada enquanto voltava para sua moradia na noite desta quinta-feira (30). A a\u00e7\u00e3o ocorreu por volta das 18h45min, na travessa da Rua \u00c2ngelo Lib\u00e2nio Ribeiro a Avenida Deputado J\u00falio C\u00e9sar, pr\u00f3ximo \u00e0 panificadora Macedo Costa, no centro da cidade. A v\u00edtima conta que &hellip;<\/p>\n","protected":false},"author":3,"featured_media":8701,"comment_status":"open","ping_status":"open","sticky":false,"template":"","format":"standard","meta":{"content-type":"","rop_custom_images_group":[],"rop_custom_messages_group":[],"rop_publish_now":"initial","rop_publish_now_accounts":{"facebook_2648258775420054_1618374048415101":""},"rop_publish_now_history":[],"rop_publish_now_status":"pending","footnotes":"","_jetpack_memberships_contains_paid_content":false},"categories":[106,109],"tags":[2909,2910,1854,485],"yoast_head":"<!-- This site is optimized with the Yoast SEO plugin v22.3 - https:\/\/yoast.com\/wordpress\/plugins\/seo\/ -->\n<title>Em Bel\u00e9m do Piau\u00ed, mulher tem celular roubado durante assalto - Portal NPM<\/title>\n<meta name=\"robots\" content=\"index, follow, max-snippet:-1, max-image-preview:large, max-video-preview:-1\" \/>\n<link rel=\"canonical\" href=\"https:\/\/portalnpm.com\/index.php\/2019\/05\/31\/em-belem-do-piaui-mulher-tem-celular-roubado-durante-assalto\/\" \/>\n<meta property=\"og:locale\" content=\"pt_BR\" \/>\n<meta property=\"og:type\" content=\"article\" \/>\n<meta property=\"og:title\" content=\"Em Bel\u00e9m do Piau\u00ed, mulher tem celular roubado durante assalto - Portal NPM\" \/>\n<meta property=\"og:description\" content=\"Uma mulher, moradora de Bel\u00e9m do Piau\u00ed, identificada apenas por, Elis\u00e2ngela, foi assaltada enquanto voltava para sua moradia na noite desta quinta-feira (30). A a\u00e7\u00e3o ocorreu por volta das 18h45min, na travessa da Rua \u00c2ngelo Lib\u00e2nio Ribeiro a Avenida Deputado J\u00falio C\u00e9sar, pr\u00f3ximo \u00e0 panificadora Macedo Costa, no centro da cidade. A v\u00edtima conta que &hellip;\" \/>\n<meta property=\"og:url\" content=\"https:\/\/portalnpm.com\/index.php\/2019\/05\/31\/em-belem-do-piaui-mulher-tem-celular-roubado-durante-assalto\/\" \/>\n<meta property=\"og:site_name\" content=\"Portal NPM\" \/>\n<meta property=\"article:published_time\" content=\"2019-05-31T17:33:05+00:00\" \/>\n<meta name=\"author\" content=\"Luis Alberto\" \/>\n<meta name=\"twitter:card\" content=\"summary_large_image\" \/>\n<meta name=\"twitter:label1\" content=\"Escrito por\" \/>\n\t<meta name=\"twitter:data1\" content=\"Luis Alberto\" \/>\n\t<meta name=\"twitter:label2\" content=\"Est. tempo de leitura\" \/>\n\t<meta name=\"twitter:data2\" content=\"1 minuto\" \/>\n<script type=\"application\/ld+json\" class=\"yoast-schema-graph\">{\"@context\":\"https:\/\/schema.org\",\"@graph\":[{\"@type\":\"WebPage\",\"@id\":\"https:\/\/portalnpm.com\/index.php\/2019\/05\/31\/em-belem-do-piaui-mulher-tem-celular-roubado-durante-assalto\/\",\"url\":\"https:\/\/portalnpm.com\/index.php\/2019\/05\/31\/em-belem-do-piaui-mulher-tem-celular-roubado-durante-assalto\/\",\"name\":\"Em Bel\u00e9m do Piau\u00ed, mulher tem celular roubado durante assalto - Portal NPM\",\"isPartOf\":{\"@id\":\"https:\/\/portalnpm.com\/#website\"},\"primaryImageOfPage\":{\"@id\":\"https:\/\/portalnpm.com\/index.php\/2019\/05\/31\/em-belem-do-piaui-mulher-tem-celular-roubado-durante-assalto\/#primaryimage\"},\"image\":{\"@id\":\"https:\/\/portalnpm.com\/index.php\/2019\/05\/31\/em-belem-do-piaui-mulher-tem-celular-roubado-durante-assalto\/#primaryimage\"},\"thumbnailUrl\":\"\",\"datePublished\":\"2019-05-31T17:33:05+00:00\",\"dateModified\":\"2019-05-31T17:33:05+00:00\",\"author\":{\"@id\":\"https:\/\/portalnpm.com\/#\/schema\/person\/5c8006acdf71774cd4e7a5ab98482152\"},\"breadcrumb\":{\"@id\":\"https:\/\/portalnpm.com\/index.php\/2019\/05\/31\/em-belem-do-piaui-mulher-tem-celular-roubado-durante-assalto\/#breadcrumb\"},\"inLanguage\":\"pt-BR\",\"potentialAction\":[{\"@type\":\"ReadAction\",\"target\":[\"https:\/\/portalnpm.com\/index.php\/2019\/05\/31\/em-belem-do-piaui-mulher-tem-celular-roubado-durante-assalto\/\"]}]},{\"@type\":\"ImageObject\",\"inLanguage\":\"pt-BR\",\"@id\":\"https:\/\/portalnpm.com\/index.php\/2019\/05\/31\/em-belem-do-piaui-mulher-tem-celular-roubado-durante-assalto\/#primaryimage\",\"url\":\"\",\"contentUrl\":\"\"},{\"@type\":\"BreadcrumbList\",\"@id\":\"https:\/\/portalnpm.com\/index.php\/2019\/05\/31\/em-belem-do-piaui-mulher-tem-celular-roubado-durante-assalto\/#breadcrumb\",\"itemListElement\":[{\"@type\":\"ListItem\",\"position\":1,\"name\":\"In\u00edcio\",\"item\":\"https:\/\/portalnpm.com\/\"},{\"@type\":\"ListItem\",\"position\":2,\"name\":\"Em Bel\u00e9m do Piau\u00ed, mulher tem celular roubado durante assalto\"}]},{\"@type\":\"WebSite\",\"@id\":\"https:\/\/portalnpm.com\/#website\",\"url\":\"https:\/\/portalnpm.com\/\",\"name\":\"Portal NPM\",\"description\":\"Not\u00edcias em Primeira M\u00e3o\",\"potentialAction\":[{\"@type\":\"SearchAction\",\"target\":{\"@type\":\"EntryPoint\",\"urlTemplate\":\"https:\/\/portalnpm.com\/?s={search_term_string}\"},\"query-input\":\"required name=search_term_string\"}],\"inLanguage\":\"pt-BR\"},{\"@type\":\"Person\",\"@id\":\"https:\/\/portalnpm.com\/#\/schema\/person\/5c8006acdf71774cd4e7a5ab98482152\",\"name\":\"Luis Alberto\",\"image\":{\"@type\":\"ImageObject\",\"inLanguage\":\"pt-BR\",\"@id\":\"https:\/\/portalnpm.com\/#\/schema\/person\/image\/\",\"url\":\"https:\/\/portalnpm.com\/wp-content\/uploads\/2024\/12\/avatar_user_3_1734699769-96x96.jpeg\",\"contentUrl\":\"https:\/\/portalnpm.com\/wp-content\/uploads\/2024\/12\/avatar_user_3_1734699769-96x96.jpeg\",\"caption\":\"Luis Alberto\"},\"description\":\"Editor-geral do Portal NPM, \u00e9 formado como T\u00e9cnico em Seguran\u00e7a do Trabalho pela Escola Metropolitana de Cursos T\u00e9cnicos. Det\u00e9m ainda licenciatura em Educa\u00e7\u00e3o F\u00edsica e bacharelado em Ci\u00eancias Pol\u00edticas, ambos obtidos pela institui\u00e7\u00e3o Anhanguera\/UNOPAR.\",\"url\":\"https:\/\/portalnpm.com\/index.php\/author\/pereira\/\"}]}<\/script>\n<!-- \/ Yoast SEO plugin. -->","yoast_head_json":{"title":"Em Bel\u00e9m do Piau\u00ed, mulher tem celular roubado durante assalto - Portal NPM","robots":{"index":"index","follow":"follow","max-snippet":"max-snippet:-1","max-image-preview":"max-image-preview:large","max-video-preview":"max-video-preview:-1"},"canonical":"https:\/\/portalnpm.com\/index.php\/2019\/05\/31\/em-belem-do-piaui-mulher-tem-celular-roubado-durante-assalto\/","og_locale":"pt_BR","og_type":"article","og_title":"Em Bel\u00e9m do Piau\u00ed, mulher tem celular roubado durante assalto - Portal NPM","og_description":"Uma mulher, moradora de Bel\u00e9m do Piau\u00ed, identificada apenas por, Elis\u00e2ngela, foi assaltada enquanto voltava para sua moradia na noite desta quinta-feira (30). A a\u00e7\u00e3o ocorreu por volta das 18h45min, na travessa da Rua \u00c2ngelo Lib\u00e2nio Ribeiro a Avenida Deputado J\u00falio C\u00e9sar, pr\u00f3ximo \u00e0 panificadora Macedo Costa, no centro da cidade. A v\u00edtima conta que &hellip;","og_url":"https:\/\/portalnpm.com\/index.php\/2019\/05\/31\/em-belem-do-piaui-mulher-tem-celular-roubado-durante-assalto\/","og_site_name":"Portal NPM","article_published_time":"2019-05-31T17:33:05+00:00","author":"Luis Alberto","twitter_card":"summary_large_image","twitter_misc":{"Escrito por":"Luis Alberto","Est. tempo de leitura":"1 minuto"},"schema":{"@context":"https:\/\/schema.org","@graph":[{"@type":"WebPage","@id":"https:\/\/portalnpm.com\/index.php\/2019\/05\/31\/em-belem-do-piaui-mulher-tem-celular-roubado-durante-assalto\/","url":"https:\/\/portalnpm.com\/index.php\/2019\/05\/31\/em-belem-do-piaui-mulher-tem-celular-roubado-durante-assalto\/","name":"Em Bel\u00e9m do Piau\u00ed, mulher tem celular roubado durante assalto - Portal NPM","isPartOf":{"@id":"https:\/\/portalnpm.com\/#website"},"primaryImageOfPage":{"@id":"https:\/\/portalnpm.com\/index.php\/2019\/05\/31\/em-belem-do-piaui-mulher-tem-celular-roubado-durante-assalto\/#primaryimage"},"image":{"@id":"https:\/\/portalnpm.com\/index.php\/2019\/05\/31\/em-belem-do-piaui-mulher-tem-celular-roubado-durante-assalto\/#primaryimage"},"thumbnailUrl":"","datePublished":"2019-05-31T17:33:05+00:00","dateModified":"2019-05-31T17:33:05+00:00","author":{"@id":"https:\/\/portalnpm.com\/#\/schema\/person\/5c8006acdf71774cd4e7a5ab98482152"},"breadcrumb":{"@id":"https:\/\/portalnpm.com\/index.php\/2019\/05\/31\/em-belem-do-piaui-mulher-tem-celular-roubado-durante-assalto\/#breadcrumb"},"inLanguage":"pt-BR","potentialAction":[{"@type":"ReadAction","target":["https:\/\/portalnpm.com\/index.php\/2019\/05\/31\/em-belem-do-piaui-mulher-tem-celular-roubado-durante-assalto\/"]}]},{"@type":"ImageObject","inLanguage":"pt-BR","@id":"https:\/\/portalnpm.com\/index.php\/2019\/05\/31\/em-belem-do-piaui-mulher-tem-celular-roubado-durante-assalto\/#primaryimage","url":"","contentUrl":""},{"@type":"BreadcrumbList","@id":"https:\/\/portalnpm.com\/index.php\/2019\/05\/31\/em-belem-do-piaui-mulher-tem-celular-roubado-durante-assalto\/#breadcrumb","itemListElement":[{"@type":"ListItem","position":1,"name":"In\u00edcio","item":"https:\/\/portalnpm.com\/"},{"@type":"ListItem","position":2,"name":"Em Bel\u00e9m do Piau\u00ed, mulher tem celular roubado durante assalto"}]},{"@type":"WebSite","@id":"https:\/\/portalnpm.com\/#website","url":"https:\/\/portalnpm.com\/","name":"Portal NPM","description":"Not\u00edcias em Primeira M\u00e3o","potentialAction":[{"@type":"SearchAction","target":{"@type":"EntryPoint","urlTemplate":"https:\/\/portalnpm.com\/?s={search_term_string}"},"query-input":"required name=search_term_string"}],"inLanguage":"pt-BR"},{"@type":"Person","@id":"https:\/\/portalnpm.com\/#\/schema\/person\/5c8006acdf71774cd4e7a5ab98482152","name":"Luis Alberto","image":{"@type":"ImageObject","inLanguage":"pt-BR","@id":"https:\/\/portalnpm.com\/#\/schema\/person\/image\/","url":"https:\/\/portalnpm.com\/wp-content\/uploads\/2024\/12\/avatar_user_3_1734699769-96x96.jpeg","contentUrl":"https:\/\/portalnpm.com\/wp-content\/uploads\/2024\/12\/avatar_user_3_1734699769-96x96.jpeg","caption":"Luis Alberto"},"description":"Editor-geral do Portal NPM, \u00e9 formado como T\u00e9cnico em Seguran\u00e7a do Trabalho pela Escola Metropolitana de Cursos T\u00e9cnicos. Det\u00e9m ainda licenciatura em Educa\u00e7\u00e3o F\u00edsica e bacharelado em Ci\u00eancias Pol\u00edticas, ambos obtidos pela institui\u00e7\u00e3o Anhanguera\/UNOPAR.","url":"https:\/\/portalnpm.com\/index.php\/author\/pereira\/"}]}},"jetpack_sharing_enabled":true,"jetpack_featured_media_url":"","_links":{"self":[{"href":"https:\/\/portalnpm.com\/index.php\/wp-json\/wp\/v2\/posts\/8700"}],"collection":[{"href":"https:\/\/portalnpm.com\/index.php\/wp-json\/wp\/v2\/posts"}],"about":[{"href":"https:\/\/portalnpm.com\/index.php\/wp-json\/wp\/v2\/types\/post"}],"author":[{"embeddable":true,"href":"https:\/\/portalnpm.com\/index.php\/wp-json\/wp\/v2\/users\/3"}],"replies":[{"embeddable":true,"href":"https:\/\/portalnpm.com\/index.php\/wp-json\/wp\/v2\/comments?post=8700"}],"version-history":[{"count":0,"href":"https:\/\/portalnpm.com\/index.php\/wp-json\/wp\/v2\/posts\/8700\/revisions"}],"wp:featuredmedia":[{"embeddable":true,"href":"https:\/\/portalnpm.com\/index.php\/wp-json\/"}],"wp:attachment":[{"href":"https:\/\/portalnpm.com\/index.php\/wp-json\/wp\/v2\/media?parent=8700"}],"wp:term":[{"taxonomy":"category","embeddable":true,"href":"https:\/\/portalnpm.com\/index.php\/wp-json\/wp\/v2\/categories?post=8700"},{"taxonomy":"post_tag","embeddable":true,"href":"https:\/\/portalnpm.com\/index.php\/wp-json\/wp\/v2\/tags?post=8700"}],"curies":[{"name":"wp","href":"https:\/\/api.w.org\/{rel}","templated":true}]}}