{"id":87522,"date":"2025-05-28T19:56:59","date_gmt":"2025-05-28T22:56:59","guid":{"rendered":"https:\/\/portalnpm.com\/?p=87522"},"modified":"2025-05-28T19:56:59","modified_gmt":"2025-05-28T22:56:59","slug":"em-sao-juliao-prefeitura-entrega-veiculo-reformado-ao-conselho-tutelar-veja","status":"publish","type":"post","link":"https:\/\/portalnpm.com\/index.php\/2025\/05\/28\/em-sao-juliao-prefeitura-entrega-veiculo-reformado-ao-conselho-tutelar-veja\/","title":{"rendered":"Em S\u00e3o Juli\u00e3o, Prefeitura entrega ve\u00edculo reformado ao Conselho Tutelar; veja!"},"content":{"rendered":"<p>A Prefeitura Municipal de S\u00e3o Juli\u00e3o realizou, nesta ter\u00e7a-feira (28), a entrega oficial do ve\u00edculo do Conselho Tutelar ap\u00f3s sua completa reforma. A a\u00e7\u00e3o tem como objetivo melhorar as condi\u00e7\u00f5es de trabalho dos conselheiros e garantir um atendimento mais \u00e1gil e seguro \u00e0 popula\u00e7\u00e3o.<\/p>\n<p><img fetchpriority=\"high\" decoding=\"async\" class=\"alignnone size-medium wp-image-87528\" src=\"https:\/\/portalnpm.com\/wp-content\/uploads\/2025\/05\/IMG-20250528-WA0237-300x225.jpg\" alt=\"\" width=\"300\" height=\"225\" srcset=\"https:\/\/portalnpm.com\/wp-content\/uploads\/2025\/05\/IMG-20250528-WA0237-300x225.jpg 300w, https:\/\/portalnpm.com\/wp-content\/uploads\/2025\/05\/IMG-20250528-WA0237-1024x768.jpg 1024w, https:\/\/portalnpm.com\/wp-content\/uploads\/2025\/05\/IMG-20250528-WA0237-768x576.jpg 768w, https:\/\/portalnpm.com\/wp-content\/uploads\/2025\/05\/IMG-20250528-WA0237-1536x1152.jpg 1536w, https:\/\/portalnpm.com\/wp-content\/uploads\/2025\/05\/IMG-20250528-WA0237.jpg 1600w\" sizes=\"(max-width: 300px) 100vw, 300px\" \/><\/p>\n<p>O carro, que apresentava problemas mec\u00e2nicos e estruturais, passou por uma revis\u00e3o completa e foi totalmente recondicionado. A entrega aconteceu em frente \u00e0 sede do Conselho Tutelar, com a presen\u00e7a de representantes da gest\u00e3o municipal, conselheiros tutelares e membros da comunidade.<\/p>\n<p>Segundo a administra\u00e7\u00e3o de S\u00e3o Juli\u00e3o, a reforma do ve\u00edculo representa um compromisso com a prote\u00e7\u00e3o dos direitos das crian\u00e7as e adolescentes do munic\u00edpio. \u201c<em>Sabemos da import\u00e2ncia do Conselho Tutelar no dia a dia da nossa cidade, e garantir um transporte adequado \u00e9 tamb\u00e9m garantir que esse trabalho continue com mais efici\u00eancia e dignidade\u201d<\/em>, afirmou o prefeito Renaldinho.<\/p>\n<figure id=\"attachment_86035\" aria-describedby=\"caption-attachment-86035\" style=\"width: 300px\" class=\"wp-caption alignnone\"><img decoding=\"async\" class=\"size-medium wp-image-86035\" src=\"https:\/\/portalnpm.com\/wp-content\/uploads\/2025\/03\/IMG-20250329-WA0490-300x200.jpg\" alt=\"\" width=\"300\" height=\"200\" srcset=\"https:\/\/portalnpm.com\/wp-content\/uploads\/2025\/03\/IMG-20250329-WA0490-300x200.jpg 300w, https:\/\/portalnpm.com\/wp-content\/uploads\/2025\/03\/IMG-20250329-WA0490-1024x682.jpg 1024w, https:\/\/portalnpm.com\/wp-content\/uploads\/2025\/03\/IMG-20250329-WA0490-768x512.jpg 768w, https:\/\/portalnpm.com\/wp-content\/uploads\/2025\/03\/IMG-20250329-WA0490-1536x1023.jpg 1536w, https:\/\/portalnpm.com\/wp-content\/uploads\/2025\/03\/IMG-20250329-WA0490.jpg 1600w\" sizes=\"(max-width: 300px) 100vw, 300px\" \/><figcaption id=\"caption-attachment-86035\" class=\"wp-caption-text\">Prefeito Renaldinho Ramos<\/figcaption><\/figure>\n<p>A medida foi bem recebida pelos conselheiros, que agora contam com um meio de transporte mais seguro e apropriado para atender \u00e0s ocorr\u00eancias em toda a regi\u00e3o de S\u00e3o Juli\u00e3o.<\/p>\n<p>O Conselho Tutelar atua diretamente na prote\u00e7\u00e3o de crian\u00e7as e adolescentes em situa\u00e7\u00e3o de risco, sendo respons\u00e1vel por atender den\u00fancias, fiscalizar direitos e acompanhar casos de viola\u00e7\u00e3o, em parceria com outras institui\u00e7\u00f5es do sistema de garantia de direitos.<\/p>\n<p><img decoding=\"async\" class=\"alignnone size-medium wp-image-87525\" src=\"https:\/\/portalnpm.com\/wp-content\/uploads\/2025\/05\/IMG-20250528-WA0235-300x225.jpg\" alt=\"\" width=\"300\" height=\"225\" srcset=\"https:\/\/portalnpm.com\/wp-content\/uploads\/2025\/05\/IMG-20250528-WA0235-300x225.jpg 300w, https:\/\/portalnpm.com\/wp-content\/uploads\/2025\/05\/IMG-20250528-WA0235-1024x768.jpg 1024w, https:\/\/portalnpm.com\/wp-content\/uploads\/2025\/05\/IMG-20250528-WA0235-768x576.jpg 768w, https:\/\/portalnpm.com\/wp-content\/uploads\/2025\/05\/IMG-20250528-WA0235-1536x1152.jpg 1536w, https:\/\/portalnpm.com\/wp-content\/uploads\/2025\/05\/IMG-20250528-WA0235.jpg 1600w\" sizes=\"(max-width: 300px) 100vw, 300px\" \/> <img loading=\"lazy\" decoding=\"async\" class=\"alignnone size-medium wp-image-87526\" src=\"https:\/\/portalnpm.com\/wp-content\/uploads\/2025\/05\/IMG-20250528-WA0234-225x300.jpg\" alt=\"\" width=\"225\" height=\"300\" srcset=\"https:\/\/portalnpm.com\/wp-content\/uploads\/2025\/05\/IMG-20250528-WA0234-225x300.jpg 225w, https:\/\/portalnpm.com\/wp-content\/uploads\/2025\/05\/IMG-20250528-WA0234-768x1024.jpg 768w, https:\/\/portalnpm.com\/wp-content\/uploads\/2025\/05\/IMG-20250528-WA0234-1152x1536.jpg 1152w, https:\/\/portalnpm.com\/wp-content\/uploads\/2025\/05\/IMG-20250528-WA0234.jpg 1200w\" sizes=\"(max-width: 225px) 100vw, 225px\" \/> <img loading=\"lazy\" decoding=\"async\" class=\"alignnone size-medium wp-image-87527\" src=\"https:\/\/portalnpm.com\/wp-content\/uploads\/2025\/05\/IMG-20250528-WA0233-1-225x300.jpg\" alt=\"\" width=\"225\" height=\"300\" srcset=\"https:\/\/portalnpm.com\/wp-content\/uploads\/2025\/05\/IMG-20250528-WA0233-1-225x300.jpg 225w, https:\/\/portalnpm.com\/wp-content\/uploads\/2025\/05\/IMG-20250528-WA0233-1-768x1024.jpg 768w, https:\/\/portalnpm.com\/wp-content\/uploads\/2025\/05\/IMG-20250528-WA0233-1-1152x1536.jpg 1152w, https:\/\/portalnpm.com\/wp-content\/uploads\/2025\/05\/IMG-20250528-WA0233-1.jpg 1200w\" sizes=\"(max-width: 225px) 100vw, 225px\" \/><\/p>\n","protected":false},"excerpt":{"rendered":"<p>A Prefeitura Municipal de S\u00e3o Juli\u00e3o realizou, nesta ter\u00e7a-feira (28), a entrega oficial do ve\u00edculo do Conselho Tutelar ap\u00f3s sua completa reforma. A a\u00e7\u00e3o tem como objetivo melhorar as condi\u00e7\u00f5es de trabalho dos conselheiros e garantir um atendimento mais \u00e1gil e seguro \u00e0 popula\u00e7\u00e3o. O carro, que apresentava problemas mec\u00e2nicos e estruturais, passou por uma &hellip;<\/p>\n","protected":false},"author":3,"featured_media":87524,"comment_status":"open","ping_status":"open","sticky":false,"template":"","format":"standard","meta":{"content-type":"","rop_custom_images_group":[],"rop_custom_messages_group":[],"rop_publish_now":"yes","rop_publish_now_accounts":{"facebook_2648258775420054_1618374048415101":""},"rop_publish_now_history":[],"rop_publish_now_status":"pending","footnotes":"","_jetpack_memberships_contains_paid_content":false},"categories":[113,109,3998],"tags":[1204,399,855,2326,1197,222,16618,1196,15926,1317,842],"yoast_head":"<!-- This site is optimized with the Yoast SEO plugin v22.3 - https:\/\/yoast.com\/wordpress\/plugins\/seo\/ -->\n<title>Em S\u00e3o Juli\u00e3o, Prefeitura entrega ve\u00edculo reformado ao Conselho Tutelar; veja! - Portal NPM<\/title>\n<meta name=\"robots\" content=\"index, follow, max-snippet:-1, max-image-preview:large, max-video-preview:-1\" \/>\n<link rel=\"canonical\" href=\"https:\/\/portalnpm.com\/index.php\/2025\/05\/28\/em-sao-juliao-prefeitura-entrega-veiculo-reformado-ao-conselho-tutelar-veja\/\" \/>\n<meta property=\"og:locale\" content=\"pt_BR\" \/>\n<meta property=\"og:type\" content=\"article\" \/>\n<meta property=\"og:title\" content=\"Em S\u00e3o Juli\u00e3o, Prefeitura entrega ve\u00edculo reformado ao Conselho Tutelar; veja! - Portal NPM\" \/>\n<meta property=\"og:description\" content=\"A Prefeitura Municipal de S\u00e3o Juli\u00e3o realizou, nesta ter\u00e7a-feira (28), a entrega oficial do ve\u00edculo do Conselho Tutelar ap\u00f3s sua completa reforma. A a\u00e7\u00e3o tem como objetivo melhorar as condi\u00e7\u00f5es de trabalho dos conselheiros e garantir um atendimento mais \u00e1gil e seguro \u00e0 popula\u00e7\u00e3o. O carro, que apresentava problemas mec\u00e2nicos e estruturais, passou por uma &hellip;\" \/>\n<meta property=\"og:url\" content=\"https:\/\/portalnpm.com\/index.php\/2025\/05\/28\/em-sao-juliao-prefeitura-entrega-veiculo-reformado-ao-conselho-tutelar-veja\/\" \/>\n<meta property=\"og:site_name\" content=\"Portal NPM\" \/>\n<meta property=\"article:published_time\" content=\"2025-05-28T22:56:59+00:00\" \/>\n<meta property=\"og:image\" content=\"https:\/\/portalnpm.com\/wp-content\/uploads\/2025\/05\/IMG-20250528-WA0233.jpg\" \/>\n\t<meta property=\"og:image:width\" content=\"1200\" \/>\n\t<meta property=\"og:image:height\" content=\"1600\" \/>\n\t<meta property=\"og:image:type\" content=\"image\/jpeg\" \/>\n<meta name=\"author\" content=\"Luis Alberto\" \/>\n<meta name=\"twitter:card\" content=\"summary_large_image\" \/>\n<meta name=\"twitter:label1\" content=\"Escrito por\" \/>\n\t<meta name=\"twitter:data1\" content=\"Luis Alberto\" \/>\n\t<meta name=\"twitter:label2\" content=\"Est. tempo de leitura\" \/>\n\t<meta name=\"twitter:data2\" content=\"3 minutos\" \/>\n<script type=\"application\/ld+json\" class=\"yoast-schema-graph\">{\"@context\":\"https:\/\/schema.org\",\"@graph\":[{\"@type\":\"WebPage\",\"@id\":\"https:\/\/portalnpm.com\/index.php\/2025\/05\/28\/em-sao-juliao-prefeitura-entrega-veiculo-reformado-ao-conselho-tutelar-veja\/\",\"url\":\"https:\/\/portalnpm.com\/index.php\/2025\/05\/28\/em-sao-juliao-prefeitura-entrega-veiculo-reformado-ao-conselho-tutelar-veja\/\",\"name\":\"Em S\u00e3o Juli\u00e3o, Prefeitura entrega ve\u00edculo reformado ao Conselho Tutelar; veja! - Portal NPM\",\"isPartOf\":{\"@id\":\"https:\/\/portalnpm.com\/#website\"},\"primaryImageOfPage\":{\"@id\":\"https:\/\/portalnpm.com\/index.php\/2025\/05\/28\/em-sao-juliao-prefeitura-entrega-veiculo-reformado-ao-conselho-tutelar-veja\/#primaryimage\"},\"image\":{\"@id\":\"https:\/\/portalnpm.com\/index.php\/2025\/05\/28\/em-sao-juliao-prefeitura-entrega-veiculo-reformado-ao-conselho-tutelar-veja\/#primaryimage\"},\"thumbnailUrl\":\"https:\/\/portalnpm.com\/wp-content\/uploads\/2025\/05\/IMG-20250528-WA0233.jpg\",\"datePublished\":\"2025-05-28T22:56:59+00:00\",\"dateModified\":\"2025-05-28T22:56:59+00:00\",\"author\":{\"@id\":\"https:\/\/portalnpm.com\/#\/schema\/person\/5c8006acdf71774cd4e7a5ab98482152\"},\"breadcrumb\":{\"@id\":\"https:\/\/portalnpm.com\/index.php\/2025\/05\/28\/em-sao-juliao-prefeitura-entrega-veiculo-reformado-ao-conselho-tutelar-veja\/#breadcrumb\"},\"inLanguage\":\"pt-BR\",\"potentialAction\":[{\"@type\":\"ReadAction\",\"target\":[\"https:\/\/portalnpm.com\/index.php\/2025\/05\/28\/em-sao-juliao-prefeitura-entrega-veiculo-reformado-ao-conselho-tutelar-veja\/\"]}]},{\"@type\":\"ImageObject\",\"inLanguage\":\"pt-BR\",\"@id\":\"https:\/\/portalnpm.com\/index.php\/2025\/05\/28\/em-sao-juliao-prefeitura-entrega-veiculo-reformado-ao-conselho-tutelar-veja\/#primaryimage\",\"url\":\"https:\/\/portalnpm.com\/wp-content\/uploads\/2025\/05\/IMG-20250528-WA0233.jpg\",\"contentUrl\":\"https:\/\/portalnpm.com\/wp-content\/uploads\/2025\/05\/IMG-20250528-WA0233.jpg\",\"width\":1200,\"height\":1600},{\"@type\":\"BreadcrumbList\",\"@id\":\"https:\/\/portalnpm.com\/index.php\/2025\/05\/28\/em-sao-juliao-prefeitura-entrega-veiculo-reformado-ao-conselho-tutelar-veja\/#breadcrumb\",\"itemListElement\":[{\"@type\":\"ListItem\",\"position\":1,\"name\":\"In\u00edcio\",\"item\":\"https:\/\/portalnpm.com\/\"},{\"@type\":\"ListItem\",\"position\":2,\"name\":\"Em S\u00e3o Juli\u00e3o, Prefeitura entrega ve\u00edculo reformado ao Conselho Tutelar; veja!\"}]},{\"@type\":\"WebSite\",\"@id\":\"https:\/\/portalnpm.com\/#website\",\"url\":\"https:\/\/portalnpm.com\/\",\"name\":\"Portal NPM\",\"description\":\"Not\u00edcias em Primeira M\u00e3o\",\"potentialAction\":[{\"@type\":\"SearchAction\",\"target\":{\"@type\":\"EntryPoint\",\"urlTemplate\":\"https:\/\/portalnpm.com\/?s={search_term_string}\"},\"query-input\":\"required name=search_term_string\"}],\"inLanguage\":\"pt-BR\"},{\"@type\":\"Person\",\"@id\":\"https:\/\/portalnpm.com\/#\/schema\/person\/5c8006acdf71774cd4e7a5ab98482152\",\"name\":\"Luis Alberto\",\"image\":{\"@type\":\"ImageObject\",\"inLanguage\":\"pt-BR\",\"@id\":\"https:\/\/portalnpm.com\/#\/schema\/person\/image\/\",\"url\":\"https:\/\/portalnpm.com\/wp-content\/uploads\/2024\/12\/avatar_user_3_1734699769-96x96.jpeg\",\"contentUrl\":\"https:\/\/portalnpm.com\/wp-content\/uploads\/2024\/12\/avatar_user_3_1734699769-96x96.jpeg\",\"caption\":\"Luis Alberto\"},\"description\":\"Editor-geral do Portal NPM, \u00e9 formado como T\u00e9cnico em Seguran\u00e7a do Trabalho pela Escola Metropolitana de Cursos T\u00e9cnicos. Det\u00e9m ainda licenciatura em Educa\u00e7\u00e3o F\u00edsica e bacharelado em Ci\u00eancias Pol\u00edticas, ambos obtidos pela institui\u00e7\u00e3o Anhanguera\/UNOPAR.\",\"url\":\"https:\/\/portalnpm.com\/index.php\/author\/pereira\/\"}]}<\/script>\n<!-- \/ Yoast SEO plugin. -->","yoast_head_json":{"title":"Em S\u00e3o Juli\u00e3o, Prefeitura entrega ve\u00edculo reformado ao Conselho Tutelar; veja! - Portal NPM","robots":{"index":"index","follow":"follow","max-snippet":"max-snippet:-1","max-image-preview":"max-image-preview:large","max-video-preview":"max-video-preview:-1"},"canonical":"https:\/\/portalnpm.com\/index.php\/2025\/05\/28\/em-sao-juliao-prefeitura-entrega-veiculo-reformado-ao-conselho-tutelar-veja\/","og_locale":"pt_BR","og_type":"article","og_title":"Em S\u00e3o Juli\u00e3o, Prefeitura entrega ve\u00edculo reformado ao Conselho Tutelar; veja! - Portal NPM","og_description":"A Prefeitura Municipal de S\u00e3o Juli\u00e3o realizou, nesta ter\u00e7a-feira (28), a entrega oficial do ve\u00edculo do Conselho Tutelar ap\u00f3s sua completa reforma. A a\u00e7\u00e3o tem como objetivo melhorar as condi\u00e7\u00f5es de trabalho dos conselheiros e garantir um atendimento mais \u00e1gil e seguro \u00e0 popula\u00e7\u00e3o. O carro, que apresentava problemas mec\u00e2nicos e estruturais, passou por uma &hellip;","og_url":"https:\/\/portalnpm.com\/index.php\/2025\/05\/28\/em-sao-juliao-prefeitura-entrega-veiculo-reformado-ao-conselho-tutelar-veja\/","og_site_name":"Portal NPM","article_published_time":"2025-05-28T22:56:59+00:00","og_image":[{"width":1200,"height":1600,"url":"https:\/\/portalnpm.com\/wp-content\/uploads\/2025\/05\/IMG-20250528-WA0233.jpg","type":"image\/jpeg"}],"author":"Luis Alberto","twitter_card":"summary_large_image","twitter_misc":{"Escrito por":"Luis Alberto","Est. tempo de leitura":"3 minutos"},"schema":{"@context":"https:\/\/schema.org","@graph":[{"@type":"WebPage","@id":"https:\/\/portalnpm.com\/index.php\/2025\/05\/28\/em-sao-juliao-prefeitura-entrega-veiculo-reformado-ao-conselho-tutelar-veja\/","url":"https:\/\/portalnpm.com\/index.php\/2025\/05\/28\/em-sao-juliao-prefeitura-entrega-veiculo-reformado-ao-conselho-tutelar-veja\/","name":"Em S\u00e3o Juli\u00e3o, Prefeitura entrega ve\u00edculo reformado ao Conselho Tutelar; veja! - Portal NPM","isPartOf":{"@id":"https:\/\/portalnpm.com\/#website"},"primaryImageOfPage":{"@id":"https:\/\/portalnpm.com\/index.php\/2025\/05\/28\/em-sao-juliao-prefeitura-entrega-veiculo-reformado-ao-conselho-tutelar-veja\/#primaryimage"},"image":{"@id":"https:\/\/portalnpm.com\/index.php\/2025\/05\/28\/em-sao-juliao-prefeitura-entrega-veiculo-reformado-ao-conselho-tutelar-veja\/#primaryimage"},"thumbnailUrl":"https:\/\/portalnpm.com\/wp-content\/uploads\/2025\/05\/IMG-20250528-WA0233.jpg","datePublished":"2025-05-28T22:56:59+00:00","dateModified":"2025-05-28T22:56:59+00:00","author":{"@id":"https:\/\/portalnpm.com\/#\/schema\/person\/5c8006acdf71774cd4e7a5ab98482152"},"breadcrumb":{"@id":"https:\/\/portalnpm.com\/index.php\/2025\/05\/28\/em-sao-juliao-prefeitura-entrega-veiculo-reformado-ao-conselho-tutelar-veja\/#breadcrumb"},"inLanguage":"pt-BR","potentialAction":[{"@type":"ReadAction","target":["https:\/\/portalnpm.com\/index.php\/2025\/05\/28\/em-sao-juliao-prefeitura-entrega-veiculo-reformado-ao-conselho-tutelar-veja\/"]}]},{"@type":"ImageObject","inLanguage":"pt-BR","@id":"https:\/\/portalnpm.com\/index.php\/2025\/05\/28\/em-sao-juliao-prefeitura-entrega-veiculo-reformado-ao-conselho-tutelar-veja\/#primaryimage","url":"https:\/\/portalnpm.com\/wp-content\/uploads\/2025\/05\/IMG-20250528-WA0233.jpg","contentUrl":"https:\/\/portalnpm.com\/wp-content\/uploads\/2025\/05\/IMG-20250528-WA0233.jpg","width":1200,"height":1600},{"@type":"BreadcrumbList","@id":"https:\/\/portalnpm.com\/index.php\/2025\/05\/28\/em-sao-juliao-prefeitura-entrega-veiculo-reformado-ao-conselho-tutelar-veja\/#breadcrumb","itemListElement":[{"@type":"ListItem","position":1,"name":"In\u00edcio","item":"https:\/\/portalnpm.com\/"},{"@type":"ListItem","position":2,"name":"Em S\u00e3o Juli\u00e3o, Prefeitura entrega ve\u00edculo reformado ao Conselho Tutelar; veja!"}]},{"@type":"WebSite","@id":"https:\/\/portalnpm.com\/#website","url":"https:\/\/portalnpm.com\/","name":"Portal NPM","description":"Not\u00edcias em Primeira M\u00e3o","potentialAction":[{"@type":"SearchAction","target":{"@type":"EntryPoint","urlTemplate":"https:\/\/portalnpm.com\/?s={search_term_string}"},"query-input":"required name=search_term_string"}],"inLanguage":"pt-BR"},{"@type":"Person","@id":"https:\/\/portalnpm.com\/#\/schema\/person\/5c8006acdf71774cd4e7a5ab98482152","name":"Luis Alberto","image":{"@type":"ImageObject","inLanguage":"pt-BR","@id":"https:\/\/portalnpm.com\/#\/schema\/person\/image\/","url":"https:\/\/portalnpm.com\/wp-content\/uploads\/2024\/12\/avatar_user_3_1734699769-96x96.jpeg","contentUrl":"https:\/\/portalnpm.com\/wp-content\/uploads\/2024\/12\/avatar_user_3_1734699769-96x96.jpeg","caption":"Luis Alberto"},"description":"Editor-geral do Portal NPM, \u00e9 formado como T\u00e9cnico em Seguran\u00e7a do Trabalho pela Escola Metropolitana de Cursos T\u00e9cnicos. Det\u00e9m ainda licenciatura em Educa\u00e7\u00e3o F\u00edsica e bacharelado em Ci\u00eancias Pol\u00edticas, ambos obtidos pela institui\u00e7\u00e3o Anhanguera\/UNOPAR.","url":"https:\/\/portalnpm.com\/index.php\/author\/pereira\/"}]}},"jetpack_sharing_enabled":true,"jetpack_featured_media_url":"https:\/\/portalnpm.com\/wp-content\/uploads\/2025\/05\/IMG-20250528-WA0233.jpg","_links":{"self":[{"href":"https:\/\/portalnpm.com\/index.php\/wp-json\/wp\/v2\/posts\/87522"}],"collection":[{"href":"https:\/\/portalnpm.com\/index.php\/wp-json\/wp\/v2\/posts"}],"about":[{"href":"https:\/\/portalnpm.com\/index.php\/wp-json\/wp\/v2\/types\/post"}],"author":[{"embeddable":true,"href":"https:\/\/portalnpm.com\/index.php\/wp-json\/wp\/v2\/users\/3"}],"replies":[{"embeddable":true,"href":"https:\/\/portalnpm.com\/index.php\/wp-json\/wp\/v2\/comments?post=87522"}],"version-history":[{"count":2,"href":"https:\/\/portalnpm.com\/index.php\/wp-json\/wp\/v2\/posts\/87522\/revisions"}],"predecessor-version":[{"id":87529,"href":"https:\/\/portalnpm.com\/index.php\/wp-json\/wp\/v2\/posts\/87522\/revisions\/87529"}],"wp:featuredmedia":[{"embeddable":true,"href":"https:\/\/portalnpm.com\/index.php\/wp-json\/wp\/v2\/media\/87524"}],"wp:attachment":[{"href":"https:\/\/portalnpm.com\/index.php\/wp-json\/wp\/v2\/media?parent=87522"}],"wp:term":[{"taxonomy":"category","embeddable":true,"href":"https:\/\/portalnpm.com\/index.php\/wp-json\/wp\/v2\/categories?post=87522"},{"taxonomy":"post_tag","embeddable":true,"href":"https:\/\/portalnpm.com\/index.php\/wp-json\/wp\/v2\/tags?post=87522"}],"curies":[{"name":"wp","href":"https:\/\/api.w.org\/{rel}","templated":true}]}}