{"id":87548,"date":"2025-06-04T23:02:09","date_gmt":"2025-06-05T02:02:09","guid":{"rendered":"https:\/\/portalnpm.com\/?p=87548"},"modified":"2025-06-04T23:02:09","modified_gmt":"2025-06-05T02:02:09","slug":"morre-aos-92-anos-a-arqueologa-franco-brasileira-niede-guidon","status":"publish","type":"post","link":"https:\/\/portalnpm.com\/index.php\/2025\/06\/04\/morre-aos-92-anos-a-arqueologa-franco-brasileira-niede-guidon\/","title":{"rendered":"Morre, aos 92 anos, a arque\u00f3loga franco-brasileira Ni\u00e8de Guidon"},"content":{"rendered":"<p><strong>Ni\u00e8de Guidon, renomada\u00a0<a href=\"https:\/\/www.metropoles.com\/tag\/descoberta-arqueologica\">arque\u00f3loga<\/a>\u00a0franco-brasileira, morreu nesta quarta-feira (4\/5) aos 92 anos.<\/strong> Ao longo da carreira, ela ficou conhecida por fundar o Museu do Homem Americano, al\u00e9m de ter transformado a regi\u00e3o da Serra da Capivara, em S\u00e3o Raimundo Nonato, em um dos mais importantes s\u00edtios arqueol\u00f3gicos do mundo.<\/p>\n<p data-gtm-vis-recent-on-screen104869357_94=\"16975\" data-gtm-vis-first-on-screen104869357_94=\"16975\" data-gtm-vis-total-visible-time104869357_94=\"100\" data-gtm-vis-has-fired104869357_94=\"1\">Em postagem sobre a morte da arque\u00f3loga, o\u00a0<a href=\"https:\/\/www.instagram.com\/parnaserradacapivaraoficial\/\" rel=\"noopener\">Parque Nacional da Serra da Capivara<\/a>\u00a0afirmou que\u00a0<strong>Ni\u00e8de era \u201cuma das maiores defensoras do patrim\u00f4nio hist\u00f3rico brasileiro\u201d.<\/strong><\/p>\n<blockquote><p>\u201cDedicou sua vida \u00e0 pesquisa e \u00e0 preserva\u00e7\u00e3o do Parque Nacional da Serra da Capivara, no Piau\u00ed \u2014 onde revelou ao mundo pinturas rupestres que mudaram o que se sabia sobre o povoamento das Am\u00e9ricas\u201d, escreveu o Parque em nota.<\/p><\/blockquote>\n<p>O espa\u00e7o tamb\u00e9m destacou o legado da arque\u00f3loga, que fundou a Funda\u00e7\u00e3o Museu do Homem Americano (FUMDHAM) e afirmaram que o nome dela \u201cest\u00e1 eternamente gravado na hist\u00f3ria\u201d.<\/p>\n<p>Ap\u00f3s a not\u00edcia, o Parque anunciou o adiamento das comemora\u00e7\u00f5es de anivers\u00e1rio em respeito a morte de Ni\u00e8de. \u201cSua partida deixa um vazio imenso, mas seu legado continuar\u00e1 a nos guiar. Em breve, divulgaremos uma nova data, com homenagem \u00e0 altura de sua contribui\u00e7\u00e3o\u201d, frisaram em nota.<\/p>\n<p><iframe id=\"instagram-embed-0\" class=\"instagram-media instagram-media-rendered\" src=\"https:\/\/www.instagram.com\/reel\/DKeghKSsk1H\/embed\/captioned\/?cr=1&amp;v=14&amp;wp=1006&amp;rd=https%3A%2F%2Fwww.metropoles.com&amp;rp=%2Fbrasil%2Fmorre-niede-guidon-arqueologa-franco-brasileira-aos-92-anos#%7B%22ci%22%3A0%2C%22os%22%3A1850.6000001430511%2C%22ls%22%3A227.30000019073486%2C%22le%22%3A1798.9000000953674%7D\" height=\"886\" frameborder=\"0\" scrolling=\"no\" allowfullscreen=\"allowfullscreen\" data-instgrm-payload-id=\"instagram-media-payload-0\" data-mce-fragment=\"1\"><\/iframe><\/p>\n<p>Fonte: Metr\u00f3poles<\/p>\n","protected":false},"excerpt":{"rendered":"<p>Ni\u00e8de Guidon, renomada\u00a0arque\u00f3loga\u00a0franco-brasileira, morreu nesta quarta-feira (4\/5) aos 92 anos. Ao longo da carreira, ela ficou conhecida por fundar o Museu do Homem Americano, al\u00e9m de ter transformado a regi\u00e3o da Serra da Capivara, em S\u00e3o Raimundo Nonato, em um dos mais importantes s\u00edtios arqueol\u00f3gicos do mundo. Em postagem sobre a morte da arque\u00f3loga, o\u00a0Parque &hellip;<\/p>\n","protected":false},"author":3,"featured_media":87550,"comment_status":"open","ping_status":"open","sticky":false,"template":"","format":"standard","meta":{"content-type":"","rop_custom_images_group":[],"rop_custom_messages_group":[],"rop_publish_now":"yes","rop_publish_now_accounts":{"facebook_2648258775420054_1618374048415101":""},"rop_publish_now_history":[],"rop_publish_now_status":"pending","footnotes":"","_jetpack_memberships_contains_paid_content":false},"categories":[113,118],"tags":[4693,221,953,16622,16623,16625,132,16624],"yoast_head":"<!-- This site is optimized with the Yoast SEO plugin v22.3 - https:\/\/yoast.com\/wordpress\/plugins\/seo\/ -->\n<title>Morre, aos 92 anos, a arque\u00f3loga franco-brasileira Ni\u00e8de Guidon - Portal NPM<\/title>\n<meta name=\"robots\" content=\"index, follow, max-snippet:-1, max-image-preview:large, max-video-preview:-1\" \/>\n<link rel=\"canonical\" href=\"https:\/\/portalnpm.com\/index.php\/2025\/06\/04\/morre-aos-92-anos-a-arqueologa-franco-brasileira-niede-guidon\/\" \/>\n<meta property=\"og:locale\" content=\"pt_BR\" \/>\n<meta property=\"og:type\" content=\"article\" \/>\n<meta property=\"og:title\" content=\"Morre, aos 92 anos, a arque\u00f3loga franco-brasileira Ni\u00e8de Guidon - Portal NPM\" \/>\n<meta property=\"og:description\" content=\"Ni\u00e8de Guidon, renomada\u00a0arque\u00f3loga\u00a0franco-brasileira, morreu nesta quarta-feira (4\/5) aos 92 anos. Ao longo da carreira, ela ficou conhecida por fundar o Museu do Homem Americano, al\u00e9m de ter transformado a regi\u00e3o da Serra da Capivara, em S\u00e3o Raimundo Nonato, em um dos mais importantes s\u00edtios arqueol\u00f3gicos do mundo. Em postagem sobre a morte da arque\u00f3loga, o\u00a0Parque &hellip;\" \/>\n<meta property=\"og:url\" content=\"https:\/\/portalnpm.com\/index.php\/2025\/06\/04\/morre-aos-92-anos-a-arqueologa-franco-brasileira-niede-guidon\/\" \/>\n<meta property=\"og:site_name\" content=\"Portal NPM\" \/>\n<meta property=\"article:published_time\" content=\"2025-06-05T02:02:09+00:00\" \/>\n<meta property=\"og:image\" content=\"https:\/\/portalnpm.com\/wp-content\/uploads\/2025\/06\/niede-guidon-t86wpk6wfbz9.jpg\" \/>\n\t<meta property=\"og:image:width\" content=\"774\" \/>\n\t<meta property=\"og:image:height\" content=\"516\" \/>\n\t<meta property=\"og:image:type\" content=\"image\/jpeg\" \/>\n<meta name=\"author\" content=\"Luis Alberto\" \/>\n<meta name=\"twitter:card\" content=\"summary_large_image\" \/>\n<meta name=\"twitter:label1\" content=\"Escrito por\" \/>\n\t<meta name=\"twitter:data1\" content=\"Luis Alberto\" \/>\n\t<meta name=\"twitter:label2\" content=\"Est. tempo de leitura\" \/>\n\t<meta name=\"twitter:data2\" content=\"2 minutos\" \/>\n<script type=\"application\/ld+json\" class=\"yoast-schema-graph\">{\"@context\":\"https:\/\/schema.org\",\"@graph\":[{\"@type\":\"WebPage\",\"@id\":\"https:\/\/portalnpm.com\/index.php\/2025\/06\/04\/morre-aos-92-anos-a-arqueologa-franco-brasileira-niede-guidon\/\",\"url\":\"https:\/\/portalnpm.com\/index.php\/2025\/06\/04\/morre-aos-92-anos-a-arqueologa-franco-brasileira-niede-guidon\/\",\"name\":\"Morre, aos 92 anos, a arque\u00f3loga franco-brasileira Ni\u00e8de Guidon - Portal NPM\",\"isPartOf\":{\"@id\":\"https:\/\/portalnpm.com\/#website\"},\"primaryImageOfPage\":{\"@id\":\"https:\/\/portalnpm.com\/index.php\/2025\/06\/04\/morre-aos-92-anos-a-arqueologa-franco-brasileira-niede-guidon\/#primaryimage\"},\"image\":{\"@id\":\"https:\/\/portalnpm.com\/index.php\/2025\/06\/04\/morre-aos-92-anos-a-arqueologa-franco-brasileira-niede-guidon\/#primaryimage\"},\"thumbnailUrl\":\"https:\/\/portalnpm.com\/wp-content\/uploads\/2025\/06\/niede-guidon-t86wpk6wfbz9.jpg\",\"datePublished\":\"2025-06-05T02:02:09+00:00\",\"dateModified\":\"2025-06-05T02:02:09+00:00\",\"author\":{\"@id\":\"https:\/\/portalnpm.com\/#\/schema\/person\/5c8006acdf71774cd4e7a5ab98482152\"},\"breadcrumb\":{\"@id\":\"https:\/\/portalnpm.com\/index.php\/2025\/06\/04\/morre-aos-92-anos-a-arqueologa-franco-brasileira-niede-guidon\/#breadcrumb\"},\"inLanguage\":\"pt-BR\",\"potentialAction\":[{\"@type\":\"ReadAction\",\"target\":[\"https:\/\/portalnpm.com\/index.php\/2025\/06\/04\/morre-aos-92-anos-a-arqueologa-franco-brasileira-niede-guidon\/\"]}]},{\"@type\":\"ImageObject\",\"inLanguage\":\"pt-BR\",\"@id\":\"https:\/\/portalnpm.com\/index.php\/2025\/06\/04\/morre-aos-92-anos-a-arqueologa-franco-brasileira-niede-guidon\/#primaryimage\",\"url\":\"https:\/\/portalnpm.com\/wp-content\/uploads\/2025\/06\/niede-guidon-t86wpk6wfbz9.jpg\",\"contentUrl\":\"https:\/\/portalnpm.com\/wp-content\/uploads\/2025\/06\/niede-guidon-t86wpk6wfbz9.jpg\",\"width\":774,\"height\":516},{\"@type\":\"BreadcrumbList\",\"@id\":\"https:\/\/portalnpm.com\/index.php\/2025\/06\/04\/morre-aos-92-anos-a-arqueologa-franco-brasileira-niede-guidon\/#breadcrumb\",\"itemListElement\":[{\"@type\":\"ListItem\",\"position\":1,\"name\":\"In\u00edcio\",\"item\":\"https:\/\/portalnpm.com\/\"},{\"@type\":\"ListItem\",\"position\":2,\"name\":\"Morre, aos 92 anos, a arque\u00f3loga franco-brasileira Ni\u00e8de Guidon\"}]},{\"@type\":\"WebSite\",\"@id\":\"https:\/\/portalnpm.com\/#website\",\"url\":\"https:\/\/portalnpm.com\/\",\"name\":\"Portal NPM\",\"description\":\"Not\u00edcias em Primeira M\u00e3o\",\"potentialAction\":[{\"@type\":\"SearchAction\",\"target\":{\"@type\":\"EntryPoint\",\"urlTemplate\":\"https:\/\/portalnpm.com\/?s={search_term_string}\"},\"query-input\":\"required name=search_term_string\"}],\"inLanguage\":\"pt-BR\"},{\"@type\":\"Person\",\"@id\":\"https:\/\/portalnpm.com\/#\/schema\/person\/5c8006acdf71774cd4e7a5ab98482152\",\"name\":\"Luis Alberto\",\"image\":{\"@type\":\"ImageObject\",\"inLanguage\":\"pt-BR\",\"@id\":\"https:\/\/portalnpm.com\/#\/schema\/person\/image\/\",\"url\":\"https:\/\/portalnpm.com\/wp-content\/uploads\/2024\/12\/avatar_user_3_1734699769-96x96.jpeg\",\"contentUrl\":\"https:\/\/portalnpm.com\/wp-content\/uploads\/2024\/12\/avatar_user_3_1734699769-96x96.jpeg\",\"caption\":\"Luis Alberto\"},\"description\":\"Editor-geral do Portal NPM, \u00e9 formado como T\u00e9cnico em Seguran\u00e7a do Trabalho pela Escola Metropolitana de Cursos T\u00e9cnicos. Det\u00e9m ainda licenciatura em Educa\u00e7\u00e3o F\u00edsica e bacharelado em Ci\u00eancias Pol\u00edticas, ambos obtidos pela institui\u00e7\u00e3o Anhanguera\/UNOPAR.\",\"url\":\"https:\/\/portalnpm.com\/index.php\/author\/pereira\/\"}]}<\/script>\n<!-- \/ Yoast SEO plugin. -->","yoast_head_json":{"title":"Morre, aos 92 anos, a arque\u00f3loga franco-brasileira Ni\u00e8de Guidon - Portal NPM","robots":{"index":"index","follow":"follow","max-snippet":"max-snippet:-1","max-image-preview":"max-image-preview:large","max-video-preview":"max-video-preview:-1"},"canonical":"https:\/\/portalnpm.com\/index.php\/2025\/06\/04\/morre-aos-92-anos-a-arqueologa-franco-brasileira-niede-guidon\/","og_locale":"pt_BR","og_type":"article","og_title":"Morre, aos 92 anos, a arque\u00f3loga franco-brasileira Ni\u00e8de Guidon - Portal NPM","og_description":"Ni\u00e8de Guidon, renomada\u00a0arque\u00f3loga\u00a0franco-brasileira, morreu nesta quarta-feira (4\/5) aos 92 anos. Ao longo da carreira, ela ficou conhecida por fundar o Museu do Homem Americano, al\u00e9m de ter transformado a regi\u00e3o da Serra da Capivara, em S\u00e3o Raimundo Nonato, em um dos mais importantes s\u00edtios arqueol\u00f3gicos do mundo. Em postagem sobre a morte da arque\u00f3loga, o\u00a0Parque &hellip;","og_url":"https:\/\/portalnpm.com\/index.php\/2025\/06\/04\/morre-aos-92-anos-a-arqueologa-franco-brasileira-niede-guidon\/","og_site_name":"Portal NPM","article_published_time":"2025-06-05T02:02:09+00:00","og_image":[{"width":774,"height":516,"url":"https:\/\/portalnpm.com\/wp-content\/uploads\/2025\/06\/niede-guidon-t86wpk6wfbz9.jpg","type":"image\/jpeg"}],"author":"Luis Alberto","twitter_card":"summary_large_image","twitter_misc":{"Escrito por":"Luis Alberto","Est. tempo de leitura":"2 minutos"},"schema":{"@context":"https:\/\/schema.org","@graph":[{"@type":"WebPage","@id":"https:\/\/portalnpm.com\/index.php\/2025\/06\/04\/morre-aos-92-anos-a-arqueologa-franco-brasileira-niede-guidon\/","url":"https:\/\/portalnpm.com\/index.php\/2025\/06\/04\/morre-aos-92-anos-a-arqueologa-franco-brasileira-niede-guidon\/","name":"Morre, aos 92 anos, a arque\u00f3loga franco-brasileira Ni\u00e8de Guidon - Portal NPM","isPartOf":{"@id":"https:\/\/portalnpm.com\/#website"},"primaryImageOfPage":{"@id":"https:\/\/portalnpm.com\/index.php\/2025\/06\/04\/morre-aos-92-anos-a-arqueologa-franco-brasileira-niede-guidon\/#primaryimage"},"image":{"@id":"https:\/\/portalnpm.com\/index.php\/2025\/06\/04\/morre-aos-92-anos-a-arqueologa-franco-brasileira-niede-guidon\/#primaryimage"},"thumbnailUrl":"https:\/\/portalnpm.com\/wp-content\/uploads\/2025\/06\/niede-guidon-t86wpk6wfbz9.jpg","datePublished":"2025-06-05T02:02:09+00:00","dateModified":"2025-06-05T02:02:09+00:00","author":{"@id":"https:\/\/portalnpm.com\/#\/schema\/person\/5c8006acdf71774cd4e7a5ab98482152"},"breadcrumb":{"@id":"https:\/\/portalnpm.com\/index.php\/2025\/06\/04\/morre-aos-92-anos-a-arqueologa-franco-brasileira-niede-guidon\/#breadcrumb"},"inLanguage":"pt-BR","potentialAction":[{"@type":"ReadAction","target":["https:\/\/portalnpm.com\/index.php\/2025\/06\/04\/morre-aos-92-anos-a-arqueologa-franco-brasileira-niede-guidon\/"]}]},{"@type":"ImageObject","inLanguage":"pt-BR","@id":"https:\/\/portalnpm.com\/index.php\/2025\/06\/04\/morre-aos-92-anos-a-arqueologa-franco-brasileira-niede-guidon\/#primaryimage","url":"https:\/\/portalnpm.com\/wp-content\/uploads\/2025\/06\/niede-guidon-t86wpk6wfbz9.jpg","contentUrl":"https:\/\/portalnpm.com\/wp-content\/uploads\/2025\/06\/niede-guidon-t86wpk6wfbz9.jpg","width":774,"height":516},{"@type":"BreadcrumbList","@id":"https:\/\/portalnpm.com\/index.php\/2025\/06\/04\/morre-aos-92-anos-a-arqueologa-franco-brasileira-niede-guidon\/#breadcrumb","itemListElement":[{"@type":"ListItem","position":1,"name":"In\u00edcio","item":"https:\/\/portalnpm.com\/"},{"@type":"ListItem","position":2,"name":"Morre, aos 92 anos, a arque\u00f3loga franco-brasileira Ni\u00e8de Guidon"}]},{"@type":"WebSite","@id":"https:\/\/portalnpm.com\/#website","url":"https:\/\/portalnpm.com\/","name":"Portal NPM","description":"Not\u00edcias em Primeira M\u00e3o","potentialAction":[{"@type":"SearchAction","target":{"@type":"EntryPoint","urlTemplate":"https:\/\/portalnpm.com\/?s={search_term_string}"},"query-input":"required name=search_term_string"}],"inLanguage":"pt-BR"},{"@type":"Person","@id":"https:\/\/portalnpm.com\/#\/schema\/person\/5c8006acdf71774cd4e7a5ab98482152","name":"Luis Alberto","image":{"@type":"ImageObject","inLanguage":"pt-BR","@id":"https:\/\/portalnpm.com\/#\/schema\/person\/image\/","url":"https:\/\/portalnpm.com\/wp-content\/uploads\/2024\/12\/avatar_user_3_1734699769-96x96.jpeg","contentUrl":"https:\/\/portalnpm.com\/wp-content\/uploads\/2024\/12\/avatar_user_3_1734699769-96x96.jpeg","caption":"Luis Alberto"},"description":"Editor-geral do Portal NPM, \u00e9 formado como T\u00e9cnico em Seguran\u00e7a do Trabalho pela Escola Metropolitana de Cursos T\u00e9cnicos. Det\u00e9m ainda licenciatura em Educa\u00e7\u00e3o F\u00edsica e bacharelado em Ci\u00eancias Pol\u00edticas, ambos obtidos pela institui\u00e7\u00e3o Anhanguera\/UNOPAR.","url":"https:\/\/portalnpm.com\/index.php\/author\/pereira\/"}]}},"jetpack_sharing_enabled":true,"jetpack_featured_media_url":"https:\/\/portalnpm.com\/wp-content\/uploads\/2025\/06\/niede-guidon-t86wpk6wfbz9.jpg","_links":{"self":[{"href":"https:\/\/portalnpm.com\/index.php\/wp-json\/wp\/v2\/posts\/87548"}],"collection":[{"href":"https:\/\/portalnpm.com\/index.php\/wp-json\/wp\/v2\/posts"}],"about":[{"href":"https:\/\/portalnpm.com\/index.php\/wp-json\/wp\/v2\/types\/post"}],"author":[{"embeddable":true,"href":"https:\/\/portalnpm.com\/index.php\/wp-json\/wp\/v2\/users\/3"}],"replies":[{"embeddable":true,"href":"https:\/\/portalnpm.com\/index.php\/wp-json\/wp\/v2\/comments?post=87548"}],"version-history":[{"count":1,"href":"https:\/\/portalnpm.com\/index.php\/wp-json\/wp\/v2\/posts\/87548\/revisions"}],"predecessor-version":[{"id":87551,"href":"https:\/\/portalnpm.com\/index.php\/wp-json\/wp\/v2\/posts\/87548\/revisions\/87551"}],"wp:featuredmedia":[{"embeddable":true,"href":"https:\/\/portalnpm.com\/index.php\/wp-json\/wp\/v2\/media\/87550"}],"wp:attachment":[{"href":"https:\/\/portalnpm.com\/index.php\/wp-json\/wp\/v2\/media?parent=87548"}],"wp:term":[{"taxonomy":"category","embeddable":true,"href":"https:\/\/portalnpm.com\/index.php\/wp-json\/wp\/v2\/categories?post=87548"},{"taxonomy":"post_tag","embeddable":true,"href":"https:\/\/portalnpm.com\/index.php\/wp-json\/wp\/v2\/tags?post=87548"}],"curies":[{"name":"wp","href":"https:\/\/api.w.org\/{rel}","templated":true}]}}