{"id":87580,"date":"2025-06-06T20:22:02","date_gmt":"2025-06-06T23:22:02","guid":{"rendered":"https:\/\/portalnpm.com\/?p=87580"},"modified":"2025-06-06T20:40:37","modified_gmt":"2025-06-06T23:40:37","slug":"sao-juliao-prefeitura-municipal-cancela-festa-junina-no-povoado-fujona-devido-a-situacao-de-emergencia-causada-pela-seca-veja","status":"publish","type":"post","link":"https:\/\/portalnpm.com\/index.php\/2025\/06\/06\/sao-juliao-prefeitura-municipal-cancela-festa-junina-no-povoado-fujona-devido-a-situacao-de-emergencia-causada-pela-seca-veja\/","title":{"rendered":"S\u00e3o Juli\u00e3o | Prefeitura Municipal cancela Festa Junina no povoado Fujona devido \u00e0 situa\u00e7\u00e3o de emerg\u00eancia causada pela seca; veja!"},"content":{"rendered":"<p>A Prefeitura Municipal de S\u00e3o Juli\u00e3o &#8211; PI, atrav\u00e9s do prefeito Renaldinho Ramos, anunciou oficialmente nesta sexta-feira (06), o cancelamento das festividades de S\u00e3o Pedro no povoado Fujona, tradicionalmente conhecidas como \u201cArrai\u00e1 do Povoado Fujona\u201d. A decis\u00e3o foi tomada em raz\u00e3o do estado de emerg\u00eancia decretado no munic\u00edpio devido \u00e0 forte estiagem que atinge a regi\u00e3o.<\/p>\n<figure id=\"attachment_86035\" aria-describedby=\"caption-attachment-86035\" style=\"width: 1600px\" class=\"wp-caption alignnone\"><img fetchpriority=\"high\" decoding=\"async\" class=\"wp-image-86035 size-full\" src=\"https:\/\/portalnpm.com\/wp-content\/uploads\/2025\/03\/IMG-20250329-WA0490.jpg\" alt=\"\" width=\"1600\" height=\"1066\" srcset=\"https:\/\/portalnpm.com\/wp-content\/uploads\/2025\/03\/IMG-20250329-WA0490.jpg 1600w, https:\/\/portalnpm.com\/wp-content\/uploads\/2025\/03\/IMG-20250329-WA0490-300x200.jpg 300w, https:\/\/portalnpm.com\/wp-content\/uploads\/2025\/03\/IMG-20250329-WA0490-1024x682.jpg 1024w, https:\/\/portalnpm.com\/wp-content\/uploads\/2025\/03\/IMG-20250329-WA0490-768x512.jpg 768w, https:\/\/portalnpm.com\/wp-content\/uploads\/2025\/03\/IMG-20250329-WA0490-1536x1023.jpg 1536w\" sizes=\"(max-width: 1600px) 100vw, 1600px\" \/><figcaption id=\"caption-attachment-86035\" class=\"wp-caption-text\">Prefeito Renaldinho Ramos<\/figcaption><\/figure>\n<p><img decoding=\"async\" class=\"alignnone wp-image-87581 size-full\" src=\"https:\/\/portalnpm.com\/wp-content\/uploads\/2025\/06\/IMG-20250606-WA0284.jpg\" alt=\"\" width=\"899\" height=\"1599\" srcset=\"https:\/\/portalnpm.com\/wp-content\/uploads\/2025\/06\/IMG-20250606-WA0284.jpg 899w, https:\/\/portalnpm.com\/wp-content\/uploads\/2025\/06\/IMG-20250606-WA0284-169x300.jpg 169w, https:\/\/portalnpm.com\/wp-content\/uploads\/2025\/06\/IMG-20250606-WA0284-576x1024.jpg 576w, https:\/\/portalnpm.com\/wp-content\/uploads\/2025\/06\/IMG-20250606-WA0284-768x1366.jpg 768w, https:\/\/portalnpm.com\/wp-content\/uploads\/2025\/06\/IMG-20250606-WA0284-864x1536.jpg 864w\" sizes=\"(max-width: 899px) 100vw, 899px\" \/><\/p>\n<p>Em nota de esclarecimento divulgada \u00e0 popula\u00e7\u00e3o, a administra\u00e7\u00e3o municipal informou que a medida considera o posicionamento do Tribunal de Contas do Estado do Piau\u00ed (TCE-PI), que desaconselha o uso de recursos p\u00fablicos para a realiza\u00e7\u00e3o de festas em munic\u00edpios que enfrentam situa\u00e7\u00f5es de calamidade. O Minist\u00e9rio P\u00fablico da Comarca de Fronteiras \u2013 PI tamb\u00e9m refor\u00e7ou a orienta\u00e7\u00e3o, recomendando que os gestores priorizem os servi\u00e7os p\u00fablicos essenciais.<\/p>\n<p>Apesar do reconhecimento da import\u00e2ncia cultural e tradicional do evento para a comunidade local, a Prefeitura lamentou profundamente a impossibilidade de realiz\u00e1-lo neste ano. A nota ressalta que, diante da atual crise h\u00eddrica, o momento exige responsabilidade e foco no atendimento \u00e0s necessidades urgentes da popula\u00e7\u00e3o afetada.<\/p>\n<p>O \u201cArrai\u00e1 do Povoado Fujona\u201d \u00e9 um dos eventos mais aguardados do calend\u00e1rio festivo da regi\u00e3o, reunindo centenas de pessoas em celebra\u00e7\u00f5es t\u00edpicas do per\u00edodo junino. No entanto, a escassez de recursos h\u00eddricos e os desafios enfrentados pelos moradores devido \u00e0 seca levaram \u00e0 decis\u00e3o de priorizar a\u00e7\u00f5es emergenciais.<\/p>\n<p>A Prefeitura de S\u00e3o Juli\u00e3o agradeceu a compreens\u00e3o de todos e reiterou seu compromisso com o interesse p\u00fablico e com a busca por solu\u00e7\u00f5es para minimizar os impactos da estiagem.<\/p>\n","protected":false},"excerpt":{"rendered":"<p>A Prefeitura Municipal de S\u00e3o Juli\u00e3o &#8211; PI, atrav\u00e9s do prefeito Renaldinho Ramos, anunciou oficialmente nesta sexta-feira (06), o cancelamento das festividades de S\u00e3o Pedro no povoado Fujona, tradicionalmente conhecidas como \u201cArrai\u00e1 do Povoado Fujona\u201d. A decis\u00e3o foi tomada em raz\u00e3o do estado de emerg\u00eancia decretado no munic\u00edpio devido \u00e0 forte estiagem que atinge a &hellip;<\/p>\n","protected":false},"author":3,"featured_media":82775,"comment_status":"open","ping_status":"open","sticky":false,"template":"","format":"standard","meta":{"content-type":"","rop_custom_images_group":[],"rop_custom_messages_group":[],"rop_publish_now":"yes","rop_publish_now_accounts":{"facebook_2648258775420054_1618374048415101":""},"rop_publish_now_history":[],"rop_publish_now_status":"pending","footnotes":"","_jetpack_memberships_contains_paid_content":false},"categories":[113,109,3998],"tags":[883,2064,16310,230,8818,3912,651,3056,1197,2906,1923,866,4705,222,1196,14695,1549,842],"yoast_head":"<!-- This site is optimized with the Yoast SEO plugin v22.3 - https:\/\/yoast.com\/wordpress\/plugins\/seo\/ -->\n<title>S\u00e3o Juli\u00e3o | Prefeitura Municipal cancela Festa Junina no povoado Fujona devido \u00e0 situa\u00e7\u00e3o de emerg\u00eancia causada pela seca; veja! - Portal NPM<\/title>\n<meta name=\"robots\" content=\"index, follow, max-snippet:-1, max-image-preview:large, max-video-preview:-1\" \/>\n<link rel=\"canonical\" href=\"https:\/\/portalnpm.com\/index.php\/2025\/06\/06\/sao-juliao-prefeitura-municipal-cancela-festa-junina-no-povoado-fujona-devido-a-situacao-de-emergencia-causada-pela-seca-veja\/\" \/>\n<meta property=\"og:locale\" content=\"pt_BR\" \/>\n<meta property=\"og:type\" content=\"article\" \/>\n<meta property=\"og:title\" content=\"S\u00e3o Juli\u00e3o | Prefeitura Municipal cancela Festa Junina no povoado Fujona devido \u00e0 situa\u00e7\u00e3o de emerg\u00eancia causada pela seca; veja! - Portal NPM\" \/>\n<meta property=\"og:description\" content=\"A Prefeitura Municipal de S\u00e3o Juli\u00e3o &#8211; PI, atrav\u00e9s do prefeito Renaldinho Ramos, anunciou oficialmente nesta sexta-feira (06), o cancelamento das festividades de S\u00e3o Pedro no povoado Fujona, tradicionalmente conhecidas como \u201cArrai\u00e1 do Povoado Fujona\u201d. A decis\u00e3o foi tomada em raz\u00e3o do estado de emerg\u00eancia decretado no munic\u00edpio devido \u00e0 forte estiagem que atinge a &hellip;\" \/>\n<meta property=\"og:url\" content=\"https:\/\/portalnpm.com\/index.php\/2025\/06\/06\/sao-juliao-prefeitura-municipal-cancela-festa-junina-no-povoado-fujona-devido-a-situacao-de-emergencia-causada-pela-seca-veja\/\" \/>\n<meta property=\"og:site_name\" content=\"Portal NPM\" \/>\n<meta property=\"article:published_time\" content=\"2025-06-06T23:22:02+00:00\" \/>\n<meta property=\"article:modified_time\" content=\"2025-06-06T23:40:37+00:00\" \/>\n<meta property=\"og:image\" content=\"https:\/\/portalnpm.com\/wp-content\/uploads\/2025\/01\/IMG-20250103-WA0605.jpg\" \/>\n\t<meta property=\"og:image:width\" content=\"1500\" \/>\n\t<meta property=\"og:image:height\" content=\"1500\" \/>\n\t<meta property=\"og:image:type\" content=\"image\/jpeg\" \/>\n<meta name=\"author\" content=\"Luis Alberto\" \/>\n<meta name=\"twitter:card\" content=\"summary_large_image\" \/>\n<meta name=\"twitter:label1\" content=\"Escrito por\" \/>\n\t<meta name=\"twitter:data1\" content=\"Luis Alberto\" \/>\n\t<meta name=\"twitter:label2\" content=\"Est. tempo de leitura\" \/>\n\t<meta name=\"twitter:data2\" content=\"3 minutos\" \/>\n<script type=\"application\/ld+json\" class=\"yoast-schema-graph\">{\"@context\":\"https:\/\/schema.org\",\"@graph\":[{\"@type\":\"WebPage\",\"@id\":\"https:\/\/portalnpm.com\/index.php\/2025\/06\/06\/sao-juliao-prefeitura-municipal-cancela-festa-junina-no-povoado-fujona-devido-a-situacao-de-emergencia-causada-pela-seca-veja\/\",\"url\":\"https:\/\/portalnpm.com\/index.php\/2025\/06\/06\/sao-juliao-prefeitura-municipal-cancela-festa-junina-no-povoado-fujona-devido-a-situacao-de-emergencia-causada-pela-seca-veja\/\",\"name\":\"S\u00e3o Juli\u00e3o | Prefeitura Municipal cancela Festa Junina no povoado Fujona devido \u00e0 situa\u00e7\u00e3o de emerg\u00eancia causada pela seca; veja! - Portal NPM\",\"isPartOf\":{\"@id\":\"https:\/\/portalnpm.com\/#website\"},\"primaryImageOfPage\":{\"@id\":\"https:\/\/portalnpm.com\/index.php\/2025\/06\/06\/sao-juliao-prefeitura-municipal-cancela-festa-junina-no-povoado-fujona-devido-a-situacao-de-emergencia-causada-pela-seca-veja\/#primaryimage\"},\"image\":{\"@id\":\"https:\/\/portalnpm.com\/index.php\/2025\/06\/06\/sao-juliao-prefeitura-municipal-cancela-festa-junina-no-povoado-fujona-devido-a-situacao-de-emergencia-causada-pela-seca-veja\/#primaryimage\"},\"thumbnailUrl\":\"https:\/\/portalnpm.com\/wp-content\/uploads\/2025\/01\/IMG-20250103-WA0605.jpg\",\"datePublished\":\"2025-06-06T23:22:02+00:00\",\"dateModified\":\"2025-06-06T23:40:37+00:00\",\"author\":{\"@id\":\"https:\/\/portalnpm.com\/#\/schema\/person\/5c8006acdf71774cd4e7a5ab98482152\"},\"breadcrumb\":{\"@id\":\"https:\/\/portalnpm.com\/index.php\/2025\/06\/06\/sao-juliao-prefeitura-municipal-cancela-festa-junina-no-povoado-fujona-devido-a-situacao-de-emergencia-causada-pela-seca-veja\/#breadcrumb\"},\"inLanguage\":\"pt-BR\",\"potentialAction\":[{\"@type\":\"ReadAction\",\"target\":[\"https:\/\/portalnpm.com\/index.php\/2025\/06\/06\/sao-juliao-prefeitura-municipal-cancela-festa-junina-no-povoado-fujona-devido-a-situacao-de-emergencia-causada-pela-seca-veja\/\"]}]},{\"@type\":\"ImageObject\",\"inLanguage\":\"pt-BR\",\"@id\":\"https:\/\/portalnpm.com\/index.php\/2025\/06\/06\/sao-juliao-prefeitura-municipal-cancela-festa-junina-no-povoado-fujona-devido-a-situacao-de-emergencia-causada-pela-seca-veja\/#primaryimage\",\"url\":\"https:\/\/portalnpm.com\/wp-content\/uploads\/2025\/01\/IMG-20250103-WA0605.jpg\",\"contentUrl\":\"https:\/\/portalnpm.com\/wp-content\/uploads\/2025\/01\/IMG-20250103-WA0605.jpg\",\"width\":1500,\"height\":1500,\"caption\":\"Logomarca da Gest\u00e3o S\u00e3o Juli\u00e3o Para Todos, em S\u00e3o Juli\u00e3o- PI\"},{\"@type\":\"BreadcrumbList\",\"@id\":\"https:\/\/portalnpm.com\/index.php\/2025\/06\/06\/sao-juliao-prefeitura-municipal-cancela-festa-junina-no-povoado-fujona-devido-a-situacao-de-emergencia-causada-pela-seca-veja\/#breadcrumb\",\"itemListElement\":[{\"@type\":\"ListItem\",\"position\":1,\"name\":\"In\u00edcio\",\"item\":\"https:\/\/portalnpm.com\/\"},{\"@type\":\"ListItem\",\"position\":2,\"name\":\"S\u00e3o Juli\u00e3o | Prefeitura Municipal cancela Festa Junina no povoado Fujona devido \u00e0 situa\u00e7\u00e3o de emerg\u00eancia causada pela seca; veja!\"}]},{\"@type\":\"WebSite\",\"@id\":\"https:\/\/portalnpm.com\/#website\",\"url\":\"https:\/\/portalnpm.com\/\",\"name\":\"Portal NPM\",\"description\":\"Not\u00edcias em Primeira M\u00e3o\",\"potentialAction\":[{\"@type\":\"SearchAction\",\"target\":{\"@type\":\"EntryPoint\",\"urlTemplate\":\"https:\/\/portalnpm.com\/?s={search_term_string}\"},\"query-input\":\"required name=search_term_string\"}],\"inLanguage\":\"pt-BR\"},{\"@type\":\"Person\",\"@id\":\"https:\/\/portalnpm.com\/#\/schema\/person\/5c8006acdf71774cd4e7a5ab98482152\",\"name\":\"Luis Alberto\",\"image\":{\"@type\":\"ImageObject\",\"inLanguage\":\"pt-BR\",\"@id\":\"https:\/\/portalnpm.com\/#\/schema\/person\/image\/\",\"url\":\"https:\/\/portalnpm.com\/wp-content\/uploads\/2024\/12\/avatar_user_3_1734699769-96x96.jpeg\",\"contentUrl\":\"https:\/\/portalnpm.com\/wp-content\/uploads\/2024\/12\/avatar_user_3_1734699769-96x96.jpeg\",\"caption\":\"Luis Alberto\"},\"description\":\"Editor-geral do Portal NPM, \u00e9 formado como T\u00e9cnico em Seguran\u00e7a do Trabalho pela Escola Metropolitana de Cursos T\u00e9cnicos. Det\u00e9m ainda licenciatura em Educa\u00e7\u00e3o F\u00edsica e bacharelado em Ci\u00eancias Pol\u00edticas, ambos obtidos pela institui\u00e7\u00e3o Anhanguera\/UNOPAR.\",\"url\":\"https:\/\/portalnpm.com\/index.php\/author\/pereira\/\"}]}<\/script>\n<!-- \/ Yoast SEO plugin. -->","yoast_head_json":{"title":"S\u00e3o Juli\u00e3o | Prefeitura Municipal cancela Festa Junina no povoado Fujona devido \u00e0 situa\u00e7\u00e3o de emerg\u00eancia causada pela seca; veja! - Portal NPM","robots":{"index":"index","follow":"follow","max-snippet":"max-snippet:-1","max-image-preview":"max-image-preview:large","max-video-preview":"max-video-preview:-1"},"canonical":"https:\/\/portalnpm.com\/index.php\/2025\/06\/06\/sao-juliao-prefeitura-municipal-cancela-festa-junina-no-povoado-fujona-devido-a-situacao-de-emergencia-causada-pela-seca-veja\/","og_locale":"pt_BR","og_type":"article","og_title":"S\u00e3o Juli\u00e3o | Prefeitura Municipal cancela Festa Junina no povoado Fujona devido \u00e0 situa\u00e7\u00e3o de emerg\u00eancia causada pela seca; veja! - Portal NPM","og_description":"A Prefeitura Municipal de S\u00e3o Juli\u00e3o &#8211; PI, atrav\u00e9s do prefeito Renaldinho Ramos, anunciou oficialmente nesta sexta-feira (06), o cancelamento das festividades de S\u00e3o Pedro no povoado Fujona, tradicionalmente conhecidas como \u201cArrai\u00e1 do Povoado Fujona\u201d. A decis\u00e3o foi tomada em raz\u00e3o do estado de emerg\u00eancia decretado no munic\u00edpio devido \u00e0 forte estiagem que atinge a &hellip;","og_url":"https:\/\/portalnpm.com\/index.php\/2025\/06\/06\/sao-juliao-prefeitura-municipal-cancela-festa-junina-no-povoado-fujona-devido-a-situacao-de-emergencia-causada-pela-seca-veja\/","og_site_name":"Portal NPM","article_published_time":"2025-06-06T23:22:02+00:00","article_modified_time":"2025-06-06T23:40:37+00:00","og_image":[{"width":1500,"height":1500,"url":"https:\/\/portalnpm.com\/wp-content\/uploads\/2025\/01\/IMG-20250103-WA0605.jpg","type":"image\/jpeg"}],"author":"Luis Alberto","twitter_card":"summary_large_image","twitter_misc":{"Escrito por":"Luis Alberto","Est. tempo de leitura":"3 minutos"},"schema":{"@context":"https:\/\/schema.org","@graph":[{"@type":"WebPage","@id":"https:\/\/portalnpm.com\/index.php\/2025\/06\/06\/sao-juliao-prefeitura-municipal-cancela-festa-junina-no-povoado-fujona-devido-a-situacao-de-emergencia-causada-pela-seca-veja\/","url":"https:\/\/portalnpm.com\/index.php\/2025\/06\/06\/sao-juliao-prefeitura-municipal-cancela-festa-junina-no-povoado-fujona-devido-a-situacao-de-emergencia-causada-pela-seca-veja\/","name":"S\u00e3o Juli\u00e3o | Prefeitura Municipal cancela Festa Junina no povoado Fujona devido \u00e0 situa\u00e7\u00e3o de emerg\u00eancia causada pela seca; veja! - Portal NPM","isPartOf":{"@id":"https:\/\/portalnpm.com\/#website"},"primaryImageOfPage":{"@id":"https:\/\/portalnpm.com\/index.php\/2025\/06\/06\/sao-juliao-prefeitura-municipal-cancela-festa-junina-no-povoado-fujona-devido-a-situacao-de-emergencia-causada-pela-seca-veja\/#primaryimage"},"image":{"@id":"https:\/\/portalnpm.com\/index.php\/2025\/06\/06\/sao-juliao-prefeitura-municipal-cancela-festa-junina-no-povoado-fujona-devido-a-situacao-de-emergencia-causada-pela-seca-veja\/#primaryimage"},"thumbnailUrl":"https:\/\/portalnpm.com\/wp-content\/uploads\/2025\/01\/IMG-20250103-WA0605.jpg","datePublished":"2025-06-06T23:22:02+00:00","dateModified":"2025-06-06T23:40:37+00:00","author":{"@id":"https:\/\/portalnpm.com\/#\/schema\/person\/5c8006acdf71774cd4e7a5ab98482152"},"breadcrumb":{"@id":"https:\/\/portalnpm.com\/index.php\/2025\/06\/06\/sao-juliao-prefeitura-municipal-cancela-festa-junina-no-povoado-fujona-devido-a-situacao-de-emergencia-causada-pela-seca-veja\/#breadcrumb"},"inLanguage":"pt-BR","potentialAction":[{"@type":"ReadAction","target":["https:\/\/portalnpm.com\/index.php\/2025\/06\/06\/sao-juliao-prefeitura-municipal-cancela-festa-junina-no-povoado-fujona-devido-a-situacao-de-emergencia-causada-pela-seca-veja\/"]}]},{"@type":"ImageObject","inLanguage":"pt-BR","@id":"https:\/\/portalnpm.com\/index.php\/2025\/06\/06\/sao-juliao-prefeitura-municipal-cancela-festa-junina-no-povoado-fujona-devido-a-situacao-de-emergencia-causada-pela-seca-veja\/#primaryimage","url":"https:\/\/portalnpm.com\/wp-content\/uploads\/2025\/01\/IMG-20250103-WA0605.jpg","contentUrl":"https:\/\/portalnpm.com\/wp-content\/uploads\/2025\/01\/IMG-20250103-WA0605.jpg","width":1500,"height":1500,"caption":"Logomarca da Gest\u00e3o S\u00e3o Juli\u00e3o Para Todos, em S\u00e3o Juli\u00e3o- PI"},{"@type":"BreadcrumbList","@id":"https:\/\/portalnpm.com\/index.php\/2025\/06\/06\/sao-juliao-prefeitura-municipal-cancela-festa-junina-no-povoado-fujona-devido-a-situacao-de-emergencia-causada-pela-seca-veja\/#breadcrumb","itemListElement":[{"@type":"ListItem","position":1,"name":"In\u00edcio","item":"https:\/\/portalnpm.com\/"},{"@type":"ListItem","position":2,"name":"S\u00e3o Juli\u00e3o | Prefeitura Municipal cancela Festa Junina no povoado Fujona devido \u00e0 situa\u00e7\u00e3o de emerg\u00eancia causada pela seca; veja!"}]},{"@type":"WebSite","@id":"https:\/\/portalnpm.com\/#website","url":"https:\/\/portalnpm.com\/","name":"Portal NPM","description":"Not\u00edcias em Primeira M\u00e3o","potentialAction":[{"@type":"SearchAction","target":{"@type":"EntryPoint","urlTemplate":"https:\/\/portalnpm.com\/?s={search_term_string}"},"query-input":"required name=search_term_string"}],"inLanguage":"pt-BR"},{"@type":"Person","@id":"https:\/\/portalnpm.com\/#\/schema\/person\/5c8006acdf71774cd4e7a5ab98482152","name":"Luis Alberto","image":{"@type":"ImageObject","inLanguage":"pt-BR","@id":"https:\/\/portalnpm.com\/#\/schema\/person\/image\/","url":"https:\/\/portalnpm.com\/wp-content\/uploads\/2024\/12\/avatar_user_3_1734699769-96x96.jpeg","contentUrl":"https:\/\/portalnpm.com\/wp-content\/uploads\/2024\/12\/avatar_user_3_1734699769-96x96.jpeg","caption":"Luis Alberto"},"description":"Editor-geral do Portal NPM, \u00e9 formado como T\u00e9cnico em Seguran\u00e7a do Trabalho pela Escola Metropolitana de Cursos T\u00e9cnicos. Det\u00e9m ainda licenciatura em Educa\u00e7\u00e3o F\u00edsica e bacharelado em Ci\u00eancias Pol\u00edticas, ambos obtidos pela institui\u00e7\u00e3o Anhanguera\/UNOPAR.","url":"https:\/\/portalnpm.com\/index.php\/author\/pereira\/"}]}},"jetpack_sharing_enabled":true,"jetpack_featured_media_url":"https:\/\/portalnpm.com\/wp-content\/uploads\/2025\/01\/IMG-20250103-WA0605.jpg","_links":{"self":[{"href":"https:\/\/portalnpm.com\/index.php\/wp-json\/wp\/v2\/posts\/87580"}],"collection":[{"href":"https:\/\/portalnpm.com\/index.php\/wp-json\/wp\/v2\/posts"}],"about":[{"href":"https:\/\/portalnpm.com\/index.php\/wp-json\/wp\/v2\/types\/post"}],"author":[{"embeddable":true,"href":"https:\/\/portalnpm.com\/index.php\/wp-json\/wp\/v2\/users\/3"}],"replies":[{"embeddable":true,"href":"https:\/\/portalnpm.com\/index.php\/wp-json\/wp\/v2\/comments?post=87580"}],"version-history":[{"count":5,"href":"https:\/\/portalnpm.com\/index.php\/wp-json\/wp\/v2\/posts\/87580\/revisions"}],"predecessor-version":[{"id":87586,"href":"https:\/\/portalnpm.com\/index.php\/wp-json\/wp\/v2\/posts\/87580\/revisions\/87586"}],"wp:featuredmedia":[{"embeddable":true,"href":"https:\/\/portalnpm.com\/index.php\/wp-json\/wp\/v2\/media\/82775"}],"wp:attachment":[{"href":"https:\/\/portalnpm.com\/index.php\/wp-json\/wp\/v2\/media?parent=87580"}],"wp:term":[{"taxonomy":"category","embeddable":true,"href":"https:\/\/portalnpm.com\/index.php\/wp-json\/wp\/v2\/categories?post=87580"},{"taxonomy":"post_tag","embeddable":true,"href":"https:\/\/portalnpm.com\/index.php\/wp-json\/wp\/v2\/tags?post=87580"}],"curies":[{"name":"wp","href":"https:\/\/api.w.org\/{rel}","templated":true}]}}