{"id":8777,"date":"2019-06-05T19:45:57","date_gmt":"2019-06-05T22:45:57","guid":{"rendered":"http:\/\/srv.portalnpm.com.br\/?p=8777"},"modified":"2019-06-05T19:45:57","modified_gmt":"2019-06-05T22:45:57","slug":"cmdca-divulga-lista-de-candidatos-deferidos-e-indeferidos-ao-conselho-tutelar-em-sao-juliao-pi","status":"publish","type":"post","link":"https:\/\/portalnpm.com\/index.php\/2019\/06\/05\/cmdca-divulga-lista-de-candidatos-deferidos-e-indeferidos-ao-conselho-tutelar-em-sao-juliao-pi\/","title":{"rendered":"CMDCA divulga lista de candidatos deferidos e indeferidos ao Conselho Tutelar em S\u00e3o Juli\u00e3o \u2013 PI"},"content":{"rendered":"<p style=\"text-align: justify;\">A Comiss\u00e3o Especial, atrav\u00e9s do Conselho Municipal dos Direitos da Crian\u00e7a e do Adolescente (CMDCA) acaba de divulgar o resultado preliminar de candidatos deferidos e indeferidos ao cargo de Conselheiro Tutelar do munic\u00edpio de S\u00e3o Juli\u00e3o \u2013 PI.<\/p>\n<p style=\"text-align: justify;\">Ao todo, 19 pessoas se inscreveram no certame, sendo que duas candidaturas foram indeferidas.<\/p>\n<p style=\"text-align: justify;\">De acordo com calend\u00e1rio do Edital divulgado pelo CMDCA, ap\u00f3s todo o processo e prazos para recursos, os candidatos deferidos far\u00e3o a prova objetiva dia 07 de julho.<\/p>\n<p style=\"text-align: justify;\">Ap\u00f3s o resultado das prova, os candidatos aprovados dever\u00e3o ser submetidos a elei\u00e7\u00e3o atrav\u00e9s do voto popular que ocorrer\u00e1 dia 06 de outubro.<\/p>\n<p style=\"text-align: justify;\">Para maiores esclarecimentos procurar a Comiss\u00e3o Organizadora ou atrav\u00e9s do telefone: (89) 3438-1424.<\/p>\n<p style=\"text-align: justify;\"><a href=\"http:\/\/transparencia.saojuliao.pi.gov.br\/uploads\/leis\/5f47f9b2104b7155435106dd2590beb8.pdf\"><strong>Confira o Edital Completo\u00a0<\/strong><\/a><\/p>\n<p style=\"text-align: justify;\"><a href=\"http:\/\/transparencia.saojuliao.pi.gov.br\/uploads\/leis\/e1f184c3003e10c4c4b7bcd13e4fe758.pdf\"><strong>Confira o Calend\u00e1rio de Atividades<\/strong><\/a><\/p>\n<p style=\"text-align: justify;\"><strong>Veja a rela\u00e7\u00e3o de candidaturas deferidas e indeferidas:<\/strong><\/p>\n<div class=\"table-is-responsive\">\n<table>\n<tbody>\n<tr>\n<td width=\"57\"><strong><em>N\u00ba. DE INSC.<\/em><\/strong><\/td>\n<td width=\"338\"><strong><em>\u00a0<\/em><\/strong><strong><em>CANDIDATO<\/em><\/strong><\/td>\n<td width=\"113\"><strong><em>\u00a0<\/em><\/strong><strong><em>SITUA\u00c7\u00c3O<\/em><\/strong><\/td>\n<td width=\"139\"><strong><em>INFORMA\u00c7\u00d5ES COMPLEMENTARES<\/em><\/strong><\/td>\n<\/tr>\n<tr>\n<td width=\"57\">01<\/td>\n<td width=\"338\">SILVANIA DA SILVA CRUZ<\/td>\n<td width=\"113\">DEFERIDA<\/td>\n<td width=\"139\"><\/td>\n<\/tr>\n<tr>\n<td width=\"57\">02<\/td>\n<td width=\"338\">ALEX FRANCISCO PEREIRA<\/td>\n<td width=\"113\">DEFERIDA<\/td>\n<td width=\"139\"><\/td>\n<\/tr>\n<tr>\n<td width=\"57\">03<\/td>\n<td width=\"338\">CLEIDIANE DE CARVALHO SOBRINHO<\/td>\n<td width=\"113\">DEFERIDA<\/td>\n<td width=\"139\"><\/td>\n<\/tr>\n<tr>\n<td width=\"57\">04<\/td>\n<td width=\"338\">FRANCISCA LUIZA IDIEGLECE DE DEUS<\/td>\n<td width=\"113\">DEFERIDA<\/td>\n<td width=\"139\"><\/td>\n<\/tr>\n<tr>\n<td width=\"57\">05<\/td>\n<td width=\"338\">MARIA JADES CARVALHO ALENCAR<\/td>\n<td width=\"113\">DEFERIDA<\/td>\n<td width=\"139\"><\/td>\n<\/tr>\n<tr>\n<td width=\"57\">06<\/td>\n<td width=\"338\">YASMIM JULIA DE ARAUJO ROCHA CARVALHO<\/td>\n<td width=\"113\">DEFERIDA<\/td>\n<td width=\"139\"><\/td>\n<\/tr>\n<tr>\n<td width=\"57\">07<\/td>\n<td width=\"338\">ANTONIA FABIANA DA SILVA OLIVEIRA<\/td>\n<td width=\"113\">DEFERIDA<\/td>\n<td width=\"139\"><\/td>\n<\/tr>\n<tr>\n<td width=\"57\">08<\/td>\n<td width=\"338\">JAINE DE S\u00c1 SOUSA<\/td>\n<td width=\"113\">DEFERIDA<\/td>\n<td width=\"139\"><\/td>\n<\/tr>\n<tr>\n<td width=\"57\">09<\/td>\n<td width=\"338\">LUZINEIDE DA SILVA BRITO<\/td>\n<td width=\"113\">DEFERIDA<\/td>\n<td width=\"139\"><\/td>\n<\/tr>\n<tr>\n<td width=\"57\">10<\/td>\n<td width=\"338\">MANOEL ANTONIO DE BRITO<\/td>\n<td width=\"113\">DEFERIDA<\/td>\n<td width=\"139\"><\/td>\n<\/tr>\n<tr>\n<td width=\"57\">11<\/td>\n<td width=\"338\">ISABELA CLEDIVANIA DE SOUSA ARAUJO ALENCAR<\/td>\n<td width=\"113\">DEFERIDA<\/td>\n<td width=\"139\"><\/td>\n<\/tr>\n<tr>\n<td width=\"57\">12<\/td>\n<td width=\"338\">LIVIA MARIA ALENCAR ROCHA<\/td>\n<td width=\"113\">DEFERIDA<\/td>\n<td width=\"139\"><\/td>\n<\/tr>\n<tr>\n<td width=\"57\">13<\/td>\n<td width=\"338\">IDALECE JOSE DE BRITO<\/td>\n<td width=\"113\">DEFERIDA<\/td>\n<td width=\"139\"><\/td>\n<\/tr>\n<tr>\n<td width=\"57\">14<\/td>\n<td width=\"338\">IRANILDA MARIA DE SOUSA<\/td>\n<td width=\"113\">INDEFERIDA<\/td>\n<td width=\"139\">Requisito: \u201c3.3.1. f\u201d do edital n\u00b0 01\/2019 CMDCA.<\/td>\n<\/tr>\n<tr>\n<td width=\"57\">15<\/td>\n<td width=\"338\">ANGELA MARIA DE SOUSA OLIVEIRA<\/td>\n<td width=\"113\">INDEFERIDA<\/td>\n<td width=\"139\">Requisitos: \u201c3.3.1. g e h\u201d do edital n\u00b0 01\/2019 CMDCA.<\/td>\n<\/tr>\n<tr>\n<td width=\"57\">16<\/td>\n<td width=\"338\">IZAMAR DA ROCHA CARVALHO<\/td>\n<td width=\"113\">DEFERIDA<\/td>\n<td width=\"139\"><\/td>\n<\/tr>\n<tr>\n<td width=\"57\">17<\/td>\n<td width=\"338\">BERNARDINA SILVANIA DA SILVA<\/td>\n<td width=\"113\">DEFERIDA<\/td>\n<td width=\"139\"><\/td>\n<\/tr>\n<tr>\n<td width=\"57\">18<\/td>\n<td width=\"338\">ALEXNADIA ISABEL DE SOUSA<\/td>\n<td width=\"113\">DEFERIDA<\/td>\n<td width=\"139\"><\/td>\n<\/tr>\n<tr>\n<td width=\"57\">19<\/td>\n<td width=\"338\">JUSCIELA DA SILVA ROCHA<\/td>\n<td width=\"113\">DEFERIDA<\/td>\n<\/tr>\n<\/tbody>\n<\/table>\n<p><strong>FONTE<\/strong>: Portal \u00c9 Not\u00edcias<\/p>\n<\/div>\n","protected":false},"excerpt":{"rendered":"<p>A Comiss\u00e3o Especial, atrav\u00e9s do Conselho Municipal dos Direitos da Crian\u00e7a e do Adolescente (CMDCA) acaba de divulgar o resultado preliminar de candidatos deferidos e indeferidos ao cargo de Conselheiro Tutelar do munic\u00edpio de S\u00e3o Juli\u00e3o \u2013 PI. Ao todo, 19 pessoas se inscreveram no certame, sendo que duas candidaturas foram indeferidas. De acordo com &hellip;<\/p>\n","protected":false},"author":8,"featured_media":8778,"comment_status":"open","ping_status":"open","sticky":false,"template":"","format":"standard","meta":{"content-type":"","rop_custom_images_group":[],"rop_custom_messages_group":[],"rop_publish_now":"initial","rop_publish_now_accounts":{"facebook_2648258775420054_1618374048415101":""},"rop_publish_now_history":[],"rop_publish_now_status":"pending","footnotes":"","_jetpack_memberships_contains_paid_content":false},"categories":[136],"tags":[523,2928,1294,1873],"yoast_head":"<!-- This site is optimized with the Yoast SEO plugin v22.3 - https:\/\/yoast.com\/wordpress\/plugins\/seo\/ -->\n<title>CMDCA divulga lista de candidatos deferidos e indeferidos ao Conselho Tutelar em S\u00e3o Juli\u00e3o \u2013 PI - Portal NPM<\/title>\n<meta name=\"robots\" content=\"index, follow, max-snippet:-1, max-image-preview:large, max-video-preview:-1\" \/>\n<link rel=\"canonical\" href=\"https:\/\/portalnpm.com\/index.php\/2019\/06\/05\/cmdca-divulga-lista-de-candidatos-deferidos-e-indeferidos-ao-conselho-tutelar-em-sao-juliao-pi\/\" \/>\n<meta property=\"og:locale\" content=\"pt_BR\" \/>\n<meta property=\"og:type\" content=\"article\" \/>\n<meta property=\"og:title\" content=\"CMDCA divulga lista de candidatos deferidos e indeferidos ao Conselho Tutelar em S\u00e3o Juli\u00e3o \u2013 PI - Portal NPM\" \/>\n<meta property=\"og:description\" content=\"A Comiss\u00e3o Especial, atrav\u00e9s do Conselho Municipal dos Direitos da Crian\u00e7a e do Adolescente (CMDCA) acaba de divulgar o resultado preliminar de candidatos deferidos e indeferidos ao cargo de Conselheiro Tutelar do munic\u00edpio de S\u00e3o Juli\u00e3o \u2013 PI. Ao todo, 19 pessoas se inscreveram no certame, sendo que duas candidaturas foram indeferidas. De acordo com &hellip;\" \/>\n<meta property=\"og:url\" content=\"https:\/\/portalnpm.com\/index.php\/2019\/06\/05\/cmdca-divulga-lista-de-candidatos-deferidos-e-indeferidos-ao-conselho-tutelar-em-sao-juliao-pi\/\" \/>\n<meta property=\"og:site_name\" content=\"Portal NPM\" \/>\n<meta property=\"article:published_time\" content=\"2019-06-05T22:45:57+00:00\" \/>\n<meta name=\"author\" content=\"Zenilton Lima\" \/>\n<meta name=\"twitter:card\" content=\"summary_large_image\" \/>\n<meta name=\"twitter:label1\" content=\"Escrito por\" \/>\n\t<meta name=\"twitter:data1\" content=\"Zenilton Lima\" \/>\n\t<meta name=\"twitter:label2\" content=\"Est. tempo de leitura\" \/>\n\t<meta name=\"twitter:data2\" content=\"1 minuto\" \/>\n<script type=\"application\/ld+json\" class=\"yoast-schema-graph\">{\"@context\":\"https:\/\/schema.org\",\"@graph\":[{\"@type\":\"WebPage\",\"@id\":\"https:\/\/portalnpm.com\/index.php\/2019\/06\/05\/cmdca-divulga-lista-de-candidatos-deferidos-e-indeferidos-ao-conselho-tutelar-em-sao-juliao-pi\/\",\"url\":\"https:\/\/portalnpm.com\/index.php\/2019\/06\/05\/cmdca-divulga-lista-de-candidatos-deferidos-e-indeferidos-ao-conselho-tutelar-em-sao-juliao-pi\/\",\"name\":\"CMDCA divulga lista de candidatos deferidos e indeferidos ao Conselho Tutelar em S\u00e3o Juli\u00e3o \u2013 PI - Portal NPM\",\"isPartOf\":{\"@id\":\"https:\/\/portalnpm.com\/#website\"},\"primaryImageOfPage\":{\"@id\":\"https:\/\/portalnpm.com\/index.php\/2019\/06\/05\/cmdca-divulga-lista-de-candidatos-deferidos-e-indeferidos-ao-conselho-tutelar-em-sao-juliao-pi\/#primaryimage\"},\"image\":{\"@id\":\"https:\/\/portalnpm.com\/index.php\/2019\/06\/05\/cmdca-divulga-lista-de-candidatos-deferidos-e-indeferidos-ao-conselho-tutelar-em-sao-juliao-pi\/#primaryimage\"},\"thumbnailUrl\":\"\",\"datePublished\":\"2019-06-05T22:45:57+00:00\",\"dateModified\":\"2019-06-05T22:45:57+00:00\",\"author\":{\"@id\":\"https:\/\/portalnpm.com\/#\/schema\/person\/35cb55186eae3f074b6783da6d35591e\"},\"breadcrumb\":{\"@id\":\"https:\/\/portalnpm.com\/index.php\/2019\/06\/05\/cmdca-divulga-lista-de-candidatos-deferidos-e-indeferidos-ao-conselho-tutelar-em-sao-juliao-pi\/#breadcrumb\"},\"inLanguage\":\"pt-BR\",\"potentialAction\":[{\"@type\":\"ReadAction\",\"target\":[\"https:\/\/portalnpm.com\/index.php\/2019\/06\/05\/cmdca-divulga-lista-de-candidatos-deferidos-e-indeferidos-ao-conselho-tutelar-em-sao-juliao-pi\/\"]}]},{\"@type\":\"ImageObject\",\"inLanguage\":\"pt-BR\",\"@id\":\"https:\/\/portalnpm.com\/index.php\/2019\/06\/05\/cmdca-divulga-lista-de-candidatos-deferidos-e-indeferidos-ao-conselho-tutelar-em-sao-juliao-pi\/#primaryimage\",\"url\":\"\",\"contentUrl\":\"\"},{\"@type\":\"BreadcrumbList\",\"@id\":\"https:\/\/portalnpm.com\/index.php\/2019\/06\/05\/cmdca-divulga-lista-de-candidatos-deferidos-e-indeferidos-ao-conselho-tutelar-em-sao-juliao-pi\/#breadcrumb\",\"itemListElement\":[{\"@type\":\"ListItem\",\"position\":1,\"name\":\"In\u00edcio\",\"item\":\"https:\/\/portalnpm.com\/\"},{\"@type\":\"ListItem\",\"position\":2,\"name\":\"CMDCA divulga lista de candidatos deferidos e indeferidos ao Conselho Tutelar em S\u00e3o Juli\u00e3o \u2013 PI\"}]},{\"@type\":\"WebSite\",\"@id\":\"https:\/\/portalnpm.com\/#website\",\"url\":\"https:\/\/portalnpm.com\/\",\"name\":\"Portal NPM\",\"description\":\"Not\u00edcias em Primeira M\u00e3o\",\"potentialAction\":[{\"@type\":\"SearchAction\",\"target\":{\"@type\":\"EntryPoint\",\"urlTemplate\":\"https:\/\/portalnpm.com\/?s={search_term_string}\"},\"query-input\":\"required name=search_term_string\"}],\"inLanguage\":\"pt-BR\"},{\"@type\":\"Person\",\"@id\":\"https:\/\/portalnpm.com\/#\/schema\/person\/35cb55186eae3f074b6783da6d35591e\",\"name\":\"Zenilton Lima\",\"image\":{\"@type\":\"ImageObject\",\"inLanguage\":\"pt-BR\",\"@id\":\"https:\/\/portalnpm.com\/#\/schema\/person\/image\/\",\"url\":\"https:\/\/portalnpm.com\/wp-content\/uploads\/2024\/12\/avatar_user_8_1733658137-96x96.jpeg\",\"contentUrl\":\"https:\/\/portalnpm.com\/wp-content\/uploads\/2024\/12\/avatar_user_8_1733658137-96x96.jpeg\",\"caption\":\"Zenilton Lima\"},\"url\":\"https:\/\/portalnpm.com\/index.php\/author\/zenilton\/\"}]}<\/script>\n<!-- \/ Yoast SEO plugin. -->","yoast_head_json":{"title":"CMDCA divulga lista de candidatos deferidos e indeferidos ao Conselho Tutelar em S\u00e3o Juli\u00e3o \u2013 PI - Portal NPM","robots":{"index":"index","follow":"follow","max-snippet":"max-snippet:-1","max-image-preview":"max-image-preview:large","max-video-preview":"max-video-preview:-1"},"canonical":"https:\/\/portalnpm.com\/index.php\/2019\/06\/05\/cmdca-divulga-lista-de-candidatos-deferidos-e-indeferidos-ao-conselho-tutelar-em-sao-juliao-pi\/","og_locale":"pt_BR","og_type":"article","og_title":"CMDCA divulga lista de candidatos deferidos e indeferidos ao Conselho Tutelar em S\u00e3o Juli\u00e3o \u2013 PI - Portal NPM","og_description":"A Comiss\u00e3o Especial, atrav\u00e9s do Conselho Municipal dos Direitos da Crian\u00e7a e do Adolescente (CMDCA) acaba de divulgar o resultado preliminar de candidatos deferidos e indeferidos ao cargo de Conselheiro Tutelar do munic\u00edpio de S\u00e3o Juli\u00e3o \u2013 PI. Ao todo, 19 pessoas se inscreveram no certame, sendo que duas candidaturas foram indeferidas. De acordo com &hellip;","og_url":"https:\/\/portalnpm.com\/index.php\/2019\/06\/05\/cmdca-divulga-lista-de-candidatos-deferidos-e-indeferidos-ao-conselho-tutelar-em-sao-juliao-pi\/","og_site_name":"Portal NPM","article_published_time":"2019-06-05T22:45:57+00:00","author":"Zenilton Lima","twitter_card":"summary_large_image","twitter_misc":{"Escrito por":"Zenilton Lima","Est. tempo de leitura":"1 minuto"},"schema":{"@context":"https:\/\/schema.org","@graph":[{"@type":"WebPage","@id":"https:\/\/portalnpm.com\/index.php\/2019\/06\/05\/cmdca-divulga-lista-de-candidatos-deferidos-e-indeferidos-ao-conselho-tutelar-em-sao-juliao-pi\/","url":"https:\/\/portalnpm.com\/index.php\/2019\/06\/05\/cmdca-divulga-lista-de-candidatos-deferidos-e-indeferidos-ao-conselho-tutelar-em-sao-juliao-pi\/","name":"CMDCA divulga lista de candidatos deferidos e indeferidos ao Conselho Tutelar em S\u00e3o Juli\u00e3o \u2013 PI - Portal NPM","isPartOf":{"@id":"https:\/\/portalnpm.com\/#website"},"primaryImageOfPage":{"@id":"https:\/\/portalnpm.com\/index.php\/2019\/06\/05\/cmdca-divulga-lista-de-candidatos-deferidos-e-indeferidos-ao-conselho-tutelar-em-sao-juliao-pi\/#primaryimage"},"image":{"@id":"https:\/\/portalnpm.com\/index.php\/2019\/06\/05\/cmdca-divulga-lista-de-candidatos-deferidos-e-indeferidos-ao-conselho-tutelar-em-sao-juliao-pi\/#primaryimage"},"thumbnailUrl":"","datePublished":"2019-06-05T22:45:57+00:00","dateModified":"2019-06-05T22:45:57+00:00","author":{"@id":"https:\/\/portalnpm.com\/#\/schema\/person\/35cb55186eae3f074b6783da6d35591e"},"breadcrumb":{"@id":"https:\/\/portalnpm.com\/index.php\/2019\/06\/05\/cmdca-divulga-lista-de-candidatos-deferidos-e-indeferidos-ao-conselho-tutelar-em-sao-juliao-pi\/#breadcrumb"},"inLanguage":"pt-BR","potentialAction":[{"@type":"ReadAction","target":["https:\/\/portalnpm.com\/index.php\/2019\/06\/05\/cmdca-divulga-lista-de-candidatos-deferidos-e-indeferidos-ao-conselho-tutelar-em-sao-juliao-pi\/"]}]},{"@type":"ImageObject","inLanguage":"pt-BR","@id":"https:\/\/portalnpm.com\/index.php\/2019\/06\/05\/cmdca-divulga-lista-de-candidatos-deferidos-e-indeferidos-ao-conselho-tutelar-em-sao-juliao-pi\/#primaryimage","url":"","contentUrl":""},{"@type":"BreadcrumbList","@id":"https:\/\/portalnpm.com\/index.php\/2019\/06\/05\/cmdca-divulga-lista-de-candidatos-deferidos-e-indeferidos-ao-conselho-tutelar-em-sao-juliao-pi\/#breadcrumb","itemListElement":[{"@type":"ListItem","position":1,"name":"In\u00edcio","item":"https:\/\/portalnpm.com\/"},{"@type":"ListItem","position":2,"name":"CMDCA divulga lista de candidatos deferidos e indeferidos ao Conselho Tutelar em S\u00e3o Juli\u00e3o \u2013 PI"}]},{"@type":"WebSite","@id":"https:\/\/portalnpm.com\/#website","url":"https:\/\/portalnpm.com\/","name":"Portal NPM","description":"Not\u00edcias em Primeira M\u00e3o","potentialAction":[{"@type":"SearchAction","target":{"@type":"EntryPoint","urlTemplate":"https:\/\/portalnpm.com\/?s={search_term_string}"},"query-input":"required name=search_term_string"}],"inLanguage":"pt-BR"},{"@type":"Person","@id":"https:\/\/portalnpm.com\/#\/schema\/person\/35cb55186eae3f074b6783da6d35591e","name":"Zenilton Lima","image":{"@type":"ImageObject","inLanguage":"pt-BR","@id":"https:\/\/portalnpm.com\/#\/schema\/person\/image\/","url":"https:\/\/portalnpm.com\/wp-content\/uploads\/2024\/12\/avatar_user_8_1733658137-96x96.jpeg","contentUrl":"https:\/\/portalnpm.com\/wp-content\/uploads\/2024\/12\/avatar_user_8_1733658137-96x96.jpeg","caption":"Zenilton Lima"},"url":"https:\/\/portalnpm.com\/index.php\/author\/zenilton\/"}]}},"jetpack_sharing_enabled":true,"jetpack_featured_media_url":"","_links":{"self":[{"href":"https:\/\/portalnpm.com\/index.php\/wp-json\/wp\/v2\/posts\/8777"}],"collection":[{"href":"https:\/\/portalnpm.com\/index.php\/wp-json\/wp\/v2\/posts"}],"about":[{"href":"https:\/\/portalnpm.com\/index.php\/wp-json\/wp\/v2\/types\/post"}],"author":[{"embeddable":true,"href":"https:\/\/portalnpm.com\/index.php\/wp-json\/wp\/v2\/users\/8"}],"replies":[{"embeddable":true,"href":"https:\/\/portalnpm.com\/index.php\/wp-json\/wp\/v2\/comments?post=8777"}],"version-history":[{"count":0,"href":"https:\/\/portalnpm.com\/index.php\/wp-json\/wp\/v2\/posts\/8777\/revisions"}],"wp:featuredmedia":[{"embeddable":true,"href":"https:\/\/portalnpm.com\/index.php\/wp-json\/"}],"wp:attachment":[{"href":"https:\/\/portalnpm.com\/index.php\/wp-json\/wp\/v2\/media?parent=8777"}],"wp:term":[{"taxonomy":"category","embeddable":true,"href":"https:\/\/portalnpm.com\/index.php\/wp-json\/wp\/v2\/categories?post=8777"},{"taxonomy":"post_tag","embeddable":true,"href":"https:\/\/portalnpm.com\/index.php\/wp-json\/wp\/v2\/tags?post=8777"}],"curies":[{"name":"wp","href":"https:\/\/api.w.org\/{rel}","templated":true}]}}