{"id":88236,"date":"2025-07-02T14:12:44","date_gmt":"2025-07-02T17:12:44","guid":{"rendered":"https:\/\/portalnpm.com\/?p=88236"},"modified":"2025-07-02T14:12:44","modified_gmt":"2025-07-02T17:12:44","slug":"em-sao-juliao-prefeito-renaldinho-adere-ao-programa-zero-lixoes-por-um-piaui-mais-limpo-veja","status":"publish","type":"post","link":"https:\/\/portalnpm.com\/index.php\/2025\/07\/02\/em-sao-juliao-prefeito-renaldinho-adere-ao-programa-zero-lixoes-por-um-piaui-mais-limpo-veja\/","title":{"rendered":"Em S\u00e3o Juli\u00e3o,\u00a0 Prefeito Renaldinho adere ao programa \u201cZero Lix\u00f5es \u2013 Por um Piau\u00ed mais Limpo\u201d; veja!\u00a0"},"content":{"rendered":"<p><img fetchpriority=\"high\" decoding=\"async\" class=\"alignnone wp-image-88247 size-full\" src=\"https:\/\/portalnpm.com\/wp-content\/uploads\/2025\/07\/IMG-20250702-WA0189.jpg\" alt=\"\" width=\"960\" height=\"920\" srcset=\"https:\/\/portalnpm.com\/wp-content\/uploads\/2025\/07\/IMG-20250702-WA0189.jpg 960w, https:\/\/portalnpm.com\/wp-content\/uploads\/2025\/07\/IMG-20250702-WA0189-300x288.jpg 300w, https:\/\/portalnpm.com\/wp-content\/uploads\/2025\/07\/IMG-20250702-WA0189-768x736.jpg 768w\" sizes=\"(max-width: 960px) 100vw, 960px\" \/><\/p>\n<p>O prefeito de S\u00e3o Juli\u00e3o, Renaldinho Ramos (PDT), oficializou a ades\u00e3o do munic\u00edpio ao programa estadual \u201cZero Lix\u00f5es \u2013 Por um Piau\u00ed mais Limpo\u201d. A iniciativa, coordenada pelo Minist\u00e9rio P\u00fablico do Estado do Piau\u00ed (MPPI), tem como objetivo erradicar os lix\u00f5es a c\u00e9u aberto e promover a destina\u00e7\u00e3o correta e sustent\u00e1vel dos res\u00edduos s\u00f3lidos.<\/p>\n<p><img decoding=\"async\" class=\"alignnone wp-image-88240 size-full\" src=\"https:\/\/portalnpm.com\/wp-content\/uploads\/2025\/07\/IMG-20250702-WA0174-scaled.jpg\" alt=\"\" width=\"2560\" height=\"1707\" srcset=\"https:\/\/portalnpm.com\/wp-content\/uploads\/2025\/07\/IMG-20250702-WA0174-scaled.jpg 2560w, https:\/\/portalnpm.com\/wp-content\/uploads\/2025\/07\/IMG-20250702-WA0174-300x200.jpg 300w, https:\/\/portalnpm.com\/wp-content\/uploads\/2025\/07\/IMG-20250702-WA0174-1024x683.jpg 1024w, https:\/\/portalnpm.com\/wp-content\/uploads\/2025\/07\/IMG-20250702-WA0174-768x512.jpg 768w, https:\/\/portalnpm.com\/wp-content\/uploads\/2025\/07\/IMG-20250702-WA0174-1536x1024.jpg 1536w, https:\/\/portalnpm.com\/wp-content\/uploads\/2025\/07\/IMG-20250702-WA0174-2048x1365.jpg 2048w\" sizes=\"(max-width: 2560px) 100vw, 2560px\" \/><\/p>\n<p>A assinatura do termo de compromisso refor\u00e7a o engajamento da gest\u00e3o municipal com a preserva\u00e7\u00e3o ambiental, a sa\u00fade p\u00fablica e a constru\u00e7\u00e3o de um futuro mais limpo e respons\u00e1vel para todos os cidad\u00e3os.<\/p>\n<p>O prefeito esteve acompanhado do procurador-geral do munic\u00edpio, Diumar Jr, e do secret\u00e1rio de Governo, Edisaldo Rocha, que tamb\u00e9m participaram do ato de ades\u00e3o e reafirmaram o compromisso da administra\u00e7\u00e3o com pol\u00edticas p\u00fablicas sustent\u00e1veis.<\/p>\n<p><img decoding=\"async\" class=\"alignnone wp-image-88239 size-full\" src=\"https:\/\/portalnpm.com\/wp-content\/uploads\/2025\/07\/IMG-20250702-WA0178-scaled.jpg\" alt=\"\" width=\"2560\" height=\"1707\" srcset=\"https:\/\/portalnpm.com\/wp-content\/uploads\/2025\/07\/IMG-20250702-WA0178-scaled.jpg 2560w, https:\/\/portalnpm.com\/wp-content\/uploads\/2025\/07\/IMG-20250702-WA0178-300x200.jpg 300w, https:\/\/portalnpm.com\/wp-content\/uploads\/2025\/07\/IMG-20250702-WA0178-1024x683.jpg 1024w, https:\/\/portalnpm.com\/wp-content\/uploads\/2025\/07\/IMG-20250702-WA0178-768x512.jpg 768w, https:\/\/portalnpm.com\/wp-content\/uploads\/2025\/07\/IMG-20250702-WA0178-1536x1024.jpg 1536w, https:\/\/portalnpm.com\/wp-content\/uploads\/2025\/07\/IMG-20250702-WA0178-2048x1365.jpg 2048w\" sizes=\"(max-width: 2560px) 100vw, 2560px\" \/><\/p>\n<p>Com essa importante iniciativa, S\u00e3o Juli\u00e3o avan\u00e7a em dire\u00e7\u00e3o a uma cidade mais consciente e ambientalmente correta.<\/p>\n<p><img loading=\"lazy\" decoding=\"async\" class=\"alignnone size-medium wp-image-88241\" src=\"https:\/\/portalnpm.com\/wp-content\/uploads\/2025\/07\/IMG-20250702-WA0177-300x225.jpg\" alt=\"\" width=\"300\" height=\"225\" srcset=\"https:\/\/portalnpm.com\/wp-content\/uploads\/2025\/07\/IMG-20250702-WA0177-300x225.jpg 300w, https:\/\/portalnpm.com\/wp-content\/uploads\/2025\/07\/IMG-20250702-WA0177-1024x768.jpg 1024w, https:\/\/portalnpm.com\/wp-content\/uploads\/2025\/07\/IMG-20250702-WA0177-768x576.jpg 768w, https:\/\/portalnpm.com\/wp-content\/uploads\/2025\/07\/IMG-20250702-WA0177.jpg 1280w\" sizes=\"(max-width: 300px) 100vw, 300px\" \/> <img loading=\"lazy\" decoding=\"async\" class=\"alignnone size-medium wp-image-88242\" src=\"https:\/\/portalnpm.com\/wp-content\/uploads\/2025\/07\/IMG-20250702-WA0180-300x225.jpg\" alt=\"\" width=\"300\" height=\"225\" srcset=\"https:\/\/portalnpm.com\/wp-content\/uploads\/2025\/07\/IMG-20250702-WA0180-300x225.jpg 300w, https:\/\/portalnpm.com\/wp-content\/uploads\/2025\/07\/IMG-20250702-WA0180-1024x768.jpg 1024w, https:\/\/portalnpm.com\/wp-content\/uploads\/2025\/07\/IMG-20250702-WA0180-768x576.jpg 768w, https:\/\/portalnpm.com\/wp-content\/uploads\/2025\/07\/IMG-20250702-WA0180.jpg 1280w\" sizes=\"(max-width: 300px) 100vw, 300px\" \/> <img loading=\"lazy\" decoding=\"async\" class=\"alignnone size-medium wp-image-88244\" src=\"https:\/\/portalnpm.com\/wp-content\/uploads\/2025\/07\/IMG-20250702-WA0173-2-225x300.jpg\" alt=\"\" width=\"225\" height=\"300\" srcset=\"https:\/\/portalnpm.com\/wp-content\/uploads\/2025\/07\/IMG-20250702-WA0173-2-225x300.jpg 225w, https:\/\/portalnpm.com\/wp-content\/uploads\/2025\/07\/IMG-20250702-WA0173-2-768x1024.jpg 768w, https:\/\/portalnpm.com\/wp-content\/uploads\/2025\/07\/IMG-20250702-WA0173-2.jpg 960w\" sizes=\"(max-width: 225px) 100vw, 225px\" \/> <img loading=\"lazy\" decoding=\"async\" class=\"alignnone size-medium wp-image-88245\" src=\"https:\/\/portalnpm.com\/wp-content\/uploads\/2025\/07\/IMG-20250702-WA0179-300x200.jpg\" alt=\"\" width=\"300\" height=\"200\" srcset=\"https:\/\/portalnpm.com\/wp-content\/uploads\/2025\/07\/IMG-20250702-WA0179-300x200.jpg 300w, https:\/\/portalnpm.com\/wp-content\/uploads\/2025\/07\/IMG-20250702-WA0179-1024x683.jpg 1024w, https:\/\/portalnpm.com\/wp-content\/uploads\/2025\/07\/IMG-20250702-WA0179-768x512.jpg 768w, https:\/\/portalnpm.com\/wp-content\/uploads\/2025\/07\/IMG-20250702-WA0179-1536x1024.jpg 1536w, https:\/\/portalnpm.com\/wp-content\/uploads\/2025\/07\/IMG-20250702-WA0179-2048x1365.jpg 2048w\" sizes=\"(max-width: 300px) 100vw, 300px\" \/><\/p>\n<p>Fotos: Ascom<\/p>\n","protected":false},"excerpt":{"rendered":"<p>O prefeito de S\u00e3o Juli\u00e3o, Renaldinho Ramos (PDT), oficializou a ades\u00e3o do munic\u00edpio ao programa estadual \u201cZero Lix\u00f5es \u2013 Por um Piau\u00ed mais Limpo\u201d. A iniciativa, coordenada pelo Minist\u00e9rio P\u00fablico do Estado do Piau\u00ed (MPPI), tem como objetivo erradicar os lix\u00f5es a c\u00e9u aberto e promover a destina\u00e7\u00e3o correta e sustent\u00e1vel dos res\u00edduos s\u00f3lidos. A &hellip;<\/p>\n","protected":false},"author":4,"featured_media":88247,"comment_status":"open","ping_status":"open","sticky":false,"template":"","format":"standard","meta":{"content-type":"","rop_custom_images_group":[],"rop_custom_messages_group":[],"rop_publish_now":"yes","rop_publish_now_accounts":{"facebook_2648258775420054_1618374048415101":""},"rop_publish_now_history":[],"rop_publish_now_status":"pending","footnotes":"","_jetpack_memberships_contains_paid_content":false},"categories":[113,109,3998],"tags":[15418,1204,855,1197,16670,16669,844,187,1167,135,1894,2984,1196,1212,842],"yoast_head":"<!-- This site is optimized with the Yoast SEO plugin v22.3 - https:\/\/yoast.com\/wordpress\/plugins\/seo\/ -->\n<title>Em S\u00e3o Juli\u00e3o,\u00a0 Prefeito Renaldinho adere ao programa \u201cZero Lix\u00f5es \u2013 Por um Piau\u00ed mais Limpo\u201d; veja!\u00a0 - Portal NPM<\/title>\n<meta name=\"robots\" content=\"index, follow, max-snippet:-1, max-image-preview:large, max-video-preview:-1\" \/>\n<link rel=\"canonical\" href=\"https:\/\/portalnpm.com\/index.php\/2025\/07\/02\/em-sao-juliao-prefeito-renaldinho-adere-ao-programa-zero-lixoes-por-um-piaui-mais-limpo-veja\/\" \/>\n<meta property=\"og:locale\" content=\"pt_BR\" \/>\n<meta property=\"og:type\" content=\"article\" \/>\n<meta property=\"og:title\" content=\"Em S\u00e3o Juli\u00e3o,\u00a0 Prefeito Renaldinho adere ao programa \u201cZero Lix\u00f5es \u2013 Por um Piau\u00ed mais Limpo\u201d; veja!\u00a0 - Portal NPM\" \/>\n<meta property=\"og:description\" content=\"O prefeito de S\u00e3o Juli\u00e3o, Renaldinho Ramos (PDT), oficializou a ades\u00e3o do munic\u00edpio ao programa estadual \u201cZero Lix\u00f5es \u2013 Por um Piau\u00ed mais Limpo\u201d. A iniciativa, coordenada pelo Minist\u00e9rio P\u00fablico do Estado do Piau\u00ed (MPPI), tem como objetivo erradicar os lix\u00f5es a c\u00e9u aberto e promover a destina\u00e7\u00e3o correta e sustent\u00e1vel dos res\u00edduos s\u00f3lidos. A &hellip;\" \/>\n<meta property=\"og:url\" content=\"https:\/\/portalnpm.com\/index.php\/2025\/07\/02\/em-sao-juliao-prefeito-renaldinho-adere-ao-programa-zero-lixoes-por-um-piaui-mais-limpo-veja\/\" \/>\n<meta property=\"og:site_name\" content=\"Portal NPM\" \/>\n<meta property=\"article:published_time\" content=\"2025-07-02T17:12:44+00:00\" \/>\n<meta property=\"og:image\" content=\"https:\/\/portalnpm.com\/wp-content\/uploads\/2025\/07\/IMG-20250702-WA0189.jpg\" \/>\n\t<meta property=\"og:image:width\" content=\"960\" \/>\n\t<meta property=\"og:image:height\" content=\"920\" \/>\n\t<meta property=\"og:image:type\" content=\"image\/jpeg\" \/>\n<meta name=\"author\" content=\"Reda\u00e7\u00e3o\" \/>\n<meta name=\"twitter:card\" content=\"summary_large_image\" \/>\n<meta name=\"twitter:label1\" content=\"Escrito por\" \/>\n\t<meta name=\"twitter:data1\" content=\"Reda\u00e7\u00e3o\" \/>\n\t<meta name=\"twitter:label2\" content=\"Est. tempo de leitura\" \/>\n\t<meta name=\"twitter:data2\" content=\"3 minutos\" \/>\n<script type=\"application\/ld+json\" class=\"yoast-schema-graph\">{\"@context\":\"https:\/\/schema.org\",\"@graph\":[{\"@type\":\"WebPage\",\"@id\":\"https:\/\/portalnpm.com\/index.php\/2025\/07\/02\/em-sao-juliao-prefeito-renaldinho-adere-ao-programa-zero-lixoes-por-um-piaui-mais-limpo-veja\/\",\"url\":\"https:\/\/portalnpm.com\/index.php\/2025\/07\/02\/em-sao-juliao-prefeito-renaldinho-adere-ao-programa-zero-lixoes-por-um-piaui-mais-limpo-veja\/\",\"name\":\"Em S\u00e3o Juli\u00e3o,\u00a0 Prefeito Renaldinho adere ao programa \u201cZero Lix\u00f5es \u2013 Por um Piau\u00ed mais Limpo\u201d; veja!\u00a0 - Portal NPM\",\"isPartOf\":{\"@id\":\"https:\/\/portalnpm.com\/#website\"},\"primaryImageOfPage\":{\"@id\":\"https:\/\/portalnpm.com\/index.php\/2025\/07\/02\/em-sao-juliao-prefeito-renaldinho-adere-ao-programa-zero-lixoes-por-um-piaui-mais-limpo-veja\/#primaryimage\"},\"image\":{\"@id\":\"https:\/\/portalnpm.com\/index.php\/2025\/07\/02\/em-sao-juliao-prefeito-renaldinho-adere-ao-programa-zero-lixoes-por-um-piaui-mais-limpo-veja\/#primaryimage\"},\"thumbnailUrl\":\"https:\/\/portalnpm.com\/wp-content\/uploads\/2025\/07\/IMG-20250702-WA0189.jpg\",\"datePublished\":\"2025-07-02T17:12:44+00:00\",\"dateModified\":\"2025-07-02T17:12:44+00:00\",\"author\":{\"@id\":\"https:\/\/portalnpm.com\/#\/schema\/person\/0b5f230ec96cee25504fa328e7f2b733\"},\"breadcrumb\":{\"@id\":\"https:\/\/portalnpm.com\/index.php\/2025\/07\/02\/em-sao-juliao-prefeito-renaldinho-adere-ao-programa-zero-lixoes-por-um-piaui-mais-limpo-veja\/#breadcrumb\"},\"inLanguage\":\"pt-BR\",\"potentialAction\":[{\"@type\":\"ReadAction\",\"target\":[\"https:\/\/portalnpm.com\/index.php\/2025\/07\/02\/em-sao-juliao-prefeito-renaldinho-adere-ao-programa-zero-lixoes-por-um-piaui-mais-limpo-veja\/\"]}]},{\"@type\":\"ImageObject\",\"inLanguage\":\"pt-BR\",\"@id\":\"https:\/\/portalnpm.com\/index.php\/2025\/07\/02\/em-sao-juliao-prefeito-renaldinho-adere-ao-programa-zero-lixoes-por-um-piaui-mais-limpo-veja\/#primaryimage\",\"url\":\"https:\/\/portalnpm.com\/wp-content\/uploads\/2025\/07\/IMG-20250702-WA0189.jpg\",\"contentUrl\":\"https:\/\/portalnpm.com\/wp-content\/uploads\/2025\/07\/IMG-20250702-WA0189.jpg\",\"width\":960,\"height\":920},{\"@type\":\"BreadcrumbList\",\"@id\":\"https:\/\/portalnpm.com\/index.php\/2025\/07\/02\/em-sao-juliao-prefeito-renaldinho-adere-ao-programa-zero-lixoes-por-um-piaui-mais-limpo-veja\/#breadcrumb\",\"itemListElement\":[{\"@type\":\"ListItem\",\"position\":1,\"name\":\"In\u00edcio\",\"item\":\"https:\/\/portalnpm.com\/\"},{\"@type\":\"ListItem\",\"position\":2,\"name\":\"Em S\u00e3o Juli\u00e3o,\u00a0 Prefeito Renaldinho adere ao programa \u201cZero Lix\u00f5es \u2013 Por um Piau\u00ed mais Limpo\u201d; veja!\u00a0\"}]},{\"@type\":\"WebSite\",\"@id\":\"https:\/\/portalnpm.com\/#website\",\"url\":\"https:\/\/portalnpm.com\/\",\"name\":\"Portal NPM\",\"description\":\"Not\u00edcias em Primeira M\u00e3o\",\"potentialAction\":[{\"@type\":\"SearchAction\",\"target\":{\"@type\":\"EntryPoint\",\"urlTemplate\":\"https:\/\/portalnpm.com\/?s={search_term_string}\"},\"query-input\":\"required name=search_term_string\"}],\"inLanguage\":\"pt-BR\"},{\"@type\":\"Person\",\"@id\":\"https:\/\/portalnpm.com\/#\/schema\/person\/0b5f230ec96cee25504fa328e7f2b733\",\"name\":\"Reda\u00e7\u00e3o\",\"image\":{\"@type\":\"ImageObject\",\"inLanguage\":\"pt-BR\",\"@id\":\"https:\/\/portalnpm.com\/#\/schema\/person\/image\/\",\"url\":\"https:\/\/portalnpm.com\/wp-content\/uploads\/2024\/03\/avatar_user_4_1710097212-96x96.png\",\"contentUrl\":\"https:\/\/portalnpm.com\/wp-content\/uploads\/2024\/03\/avatar_user_4_1710097212-96x96.png\",\"caption\":\"Reda\u00e7\u00e3o\"},\"url\":\"https:\/\/portalnpm.com\/index.php\/author\/redacao\/\"}]}<\/script>\n<!-- \/ Yoast SEO plugin. -->","yoast_head_json":{"title":"Em S\u00e3o Juli\u00e3o,\u00a0 Prefeito Renaldinho adere ao programa \u201cZero Lix\u00f5es \u2013 Por um Piau\u00ed mais Limpo\u201d; veja!\u00a0 - Portal NPM","robots":{"index":"index","follow":"follow","max-snippet":"max-snippet:-1","max-image-preview":"max-image-preview:large","max-video-preview":"max-video-preview:-1"},"canonical":"https:\/\/portalnpm.com\/index.php\/2025\/07\/02\/em-sao-juliao-prefeito-renaldinho-adere-ao-programa-zero-lixoes-por-um-piaui-mais-limpo-veja\/","og_locale":"pt_BR","og_type":"article","og_title":"Em S\u00e3o Juli\u00e3o,\u00a0 Prefeito Renaldinho adere ao programa \u201cZero Lix\u00f5es \u2013 Por um Piau\u00ed mais Limpo\u201d; veja!\u00a0 - Portal NPM","og_description":"O prefeito de S\u00e3o Juli\u00e3o, Renaldinho Ramos (PDT), oficializou a ades\u00e3o do munic\u00edpio ao programa estadual \u201cZero Lix\u00f5es \u2013 Por um Piau\u00ed mais Limpo\u201d. A iniciativa, coordenada pelo Minist\u00e9rio P\u00fablico do Estado do Piau\u00ed (MPPI), tem como objetivo erradicar os lix\u00f5es a c\u00e9u aberto e promover a destina\u00e7\u00e3o correta e sustent\u00e1vel dos res\u00edduos s\u00f3lidos. A &hellip;","og_url":"https:\/\/portalnpm.com\/index.php\/2025\/07\/02\/em-sao-juliao-prefeito-renaldinho-adere-ao-programa-zero-lixoes-por-um-piaui-mais-limpo-veja\/","og_site_name":"Portal NPM","article_published_time":"2025-07-02T17:12:44+00:00","og_image":[{"width":960,"height":920,"url":"https:\/\/portalnpm.com\/wp-content\/uploads\/2025\/07\/IMG-20250702-WA0189.jpg","type":"image\/jpeg"}],"author":"Reda\u00e7\u00e3o","twitter_card":"summary_large_image","twitter_misc":{"Escrito por":"Reda\u00e7\u00e3o","Est. tempo de leitura":"3 minutos"},"schema":{"@context":"https:\/\/schema.org","@graph":[{"@type":"WebPage","@id":"https:\/\/portalnpm.com\/index.php\/2025\/07\/02\/em-sao-juliao-prefeito-renaldinho-adere-ao-programa-zero-lixoes-por-um-piaui-mais-limpo-veja\/","url":"https:\/\/portalnpm.com\/index.php\/2025\/07\/02\/em-sao-juliao-prefeito-renaldinho-adere-ao-programa-zero-lixoes-por-um-piaui-mais-limpo-veja\/","name":"Em S\u00e3o Juli\u00e3o,\u00a0 Prefeito Renaldinho adere ao programa \u201cZero Lix\u00f5es \u2013 Por um Piau\u00ed mais Limpo\u201d; veja!\u00a0 - Portal NPM","isPartOf":{"@id":"https:\/\/portalnpm.com\/#website"},"primaryImageOfPage":{"@id":"https:\/\/portalnpm.com\/index.php\/2025\/07\/02\/em-sao-juliao-prefeito-renaldinho-adere-ao-programa-zero-lixoes-por-um-piaui-mais-limpo-veja\/#primaryimage"},"image":{"@id":"https:\/\/portalnpm.com\/index.php\/2025\/07\/02\/em-sao-juliao-prefeito-renaldinho-adere-ao-programa-zero-lixoes-por-um-piaui-mais-limpo-veja\/#primaryimage"},"thumbnailUrl":"https:\/\/portalnpm.com\/wp-content\/uploads\/2025\/07\/IMG-20250702-WA0189.jpg","datePublished":"2025-07-02T17:12:44+00:00","dateModified":"2025-07-02T17:12:44+00:00","author":{"@id":"https:\/\/portalnpm.com\/#\/schema\/person\/0b5f230ec96cee25504fa328e7f2b733"},"breadcrumb":{"@id":"https:\/\/portalnpm.com\/index.php\/2025\/07\/02\/em-sao-juliao-prefeito-renaldinho-adere-ao-programa-zero-lixoes-por-um-piaui-mais-limpo-veja\/#breadcrumb"},"inLanguage":"pt-BR","potentialAction":[{"@type":"ReadAction","target":["https:\/\/portalnpm.com\/index.php\/2025\/07\/02\/em-sao-juliao-prefeito-renaldinho-adere-ao-programa-zero-lixoes-por-um-piaui-mais-limpo-veja\/"]}]},{"@type":"ImageObject","inLanguage":"pt-BR","@id":"https:\/\/portalnpm.com\/index.php\/2025\/07\/02\/em-sao-juliao-prefeito-renaldinho-adere-ao-programa-zero-lixoes-por-um-piaui-mais-limpo-veja\/#primaryimage","url":"https:\/\/portalnpm.com\/wp-content\/uploads\/2025\/07\/IMG-20250702-WA0189.jpg","contentUrl":"https:\/\/portalnpm.com\/wp-content\/uploads\/2025\/07\/IMG-20250702-WA0189.jpg","width":960,"height":920},{"@type":"BreadcrumbList","@id":"https:\/\/portalnpm.com\/index.php\/2025\/07\/02\/em-sao-juliao-prefeito-renaldinho-adere-ao-programa-zero-lixoes-por-um-piaui-mais-limpo-veja\/#breadcrumb","itemListElement":[{"@type":"ListItem","position":1,"name":"In\u00edcio","item":"https:\/\/portalnpm.com\/"},{"@type":"ListItem","position":2,"name":"Em S\u00e3o Juli\u00e3o,\u00a0 Prefeito Renaldinho adere ao programa \u201cZero Lix\u00f5es \u2013 Por um Piau\u00ed mais Limpo\u201d; veja!\u00a0"}]},{"@type":"WebSite","@id":"https:\/\/portalnpm.com\/#website","url":"https:\/\/portalnpm.com\/","name":"Portal NPM","description":"Not\u00edcias em Primeira M\u00e3o","potentialAction":[{"@type":"SearchAction","target":{"@type":"EntryPoint","urlTemplate":"https:\/\/portalnpm.com\/?s={search_term_string}"},"query-input":"required name=search_term_string"}],"inLanguage":"pt-BR"},{"@type":"Person","@id":"https:\/\/portalnpm.com\/#\/schema\/person\/0b5f230ec96cee25504fa328e7f2b733","name":"Reda\u00e7\u00e3o","image":{"@type":"ImageObject","inLanguage":"pt-BR","@id":"https:\/\/portalnpm.com\/#\/schema\/person\/image\/","url":"https:\/\/portalnpm.com\/wp-content\/uploads\/2024\/03\/avatar_user_4_1710097212-96x96.png","contentUrl":"https:\/\/portalnpm.com\/wp-content\/uploads\/2024\/03\/avatar_user_4_1710097212-96x96.png","caption":"Reda\u00e7\u00e3o"},"url":"https:\/\/portalnpm.com\/index.php\/author\/redacao\/"}]}},"jetpack_sharing_enabled":true,"jetpack_featured_media_url":"https:\/\/portalnpm.com\/wp-content\/uploads\/2025\/07\/IMG-20250702-WA0189.jpg","_links":{"self":[{"href":"https:\/\/portalnpm.com\/index.php\/wp-json\/wp\/v2\/posts\/88236"}],"collection":[{"href":"https:\/\/portalnpm.com\/index.php\/wp-json\/wp\/v2\/posts"}],"about":[{"href":"https:\/\/portalnpm.com\/index.php\/wp-json\/wp\/v2\/types\/post"}],"author":[{"embeddable":true,"href":"https:\/\/portalnpm.com\/index.php\/wp-json\/wp\/v2\/users\/4"}],"replies":[{"embeddable":true,"href":"https:\/\/portalnpm.com\/index.php\/wp-json\/wp\/v2\/comments?post=88236"}],"version-history":[{"count":3,"href":"https:\/\/portalnpm.com\/index.php\/wp-json\/wp\/v2\/posts\/88236\/revisions"}],"predecessor-version":[{"id":88249,"href":"https:\/\/portalnpm.com\/index.php\/wp-json\/wp\/v2\/posts\/88236\/revisions\/88249"}],"wp:featuredmedia":[{"embeddable":true,"href":"https:\/\/portalnpm.com\/index.php\/wp-json\/wp\/v2\/media\/88247"}],"wp:attachment":[{"href":"https:\/\/portalnpm.com\/index.php\/wp-json\/wp\/v2\/media?parent=88236"}],"wp:term":[{"taxonomy":"category","embeddable":true,"href":"https:\/\/portalnpm.com\/index.php\/wp-json\/wp\/v2\/categories?post=88236"},{"taxonomy":"post_tag","embeddable":true,"href":"https:\/\/portalnpm.com\/index.php\/wp-json\/wp\/v2\/tags?post=88236"}],"curies":[{"name":"wp","href":"https:\/\/api.w.org\/{rel}","templated":true}]}}