{"id":88403,"date":"2025-07-08T01:00:57","date_gmt":"2025-07-08T04:00:57","guid":{"rendered":"https:\/\/portalnpm.com\/?p=88403"},"modified":"2025-07-08T01:03:19","modified_gmt":"2025-07-08T04:03:19","slug":"com-chapa-unica-bruno-liberato-e-reeleito-e-segue-no-comando-do-pt-de-sao-juliao-veja","status":"publish","type":"post","link":"https:\/\/portalnpm.com\/index.php\/2025\/07\/08\/com-chapa-unica-bruno-liberato-e-reeleito-e-segue-no-comando-do-pt-de-sao-juliao-veja\/","title":{"rendered":"Com chapa \u00fanica, Bruno Liberato \u00e9 reeleito e segue no comando do PT de S\u00e3o Juli\u00e3o; veja!"},"content":{"rendered":"<p>O Partido dos Trabalhadores (PT) de S\u00e3o Juli\u00e3o \u2013 PI realizou neste domingo, 6 de julho, a elei\u00e7\u00e3o para escolha do novo diret\u00f3rio municipal. Sem surpresas, a disputa teve chapa \u00fanica e consagrou, por unanimidade, a reelei\u00e7\u00e3o de Bruno Liberato como presidente do partido.<\/p>\n<p><img fetchpriority=\"high\" decoding=\"async\" class=\"alignnone wp-image-88406 size-full\" src=\"https:\/\/portalnpm.com\/wp-content\/uploads\/2025\/07\/IMG-20250706-WA0232.jpg\" alt=\"\" width=\"1280\" height=\"960\" srcset=\"https:\/\/portalnpm.com\/wp-content\/uploads\/2025\/07\/IMG-20250706-WA0232.jpg 1280w, https:\/\/portalnpm.com\/wp-content\/uploads\/2025\/07\/IMG-20250706-WA0232-300x225.jpg 300w, https:\/\/portalnpm.com\/wp-content\/uploads\/2025\/07\/IMG-20250706-WA0232-1024x768.jpg 1024w, https:\/\/portalnpm.com\/wp-content\/uploads\/2025\/07\/IMG-20250706-WA0232-768x576.jpg 768w\" sizes=\"(max-width: 1280px) 100vw, 1280px\" \/><\/p>\n<p>A vota\u00e7\u00e3o confirmou o que j\u00e1 era dado como certo nos bastidores: a perman\u00eancia de Bruno Liberato \u00e0 frente da sigla por mais quatro anos. A recondu\u00e7\u00e3o do presidente \u00e9 vista como uma sinaliza\u00e7\u00e3o de continuidade no projeto pol\u00edtico que o PT vem consolidando no munic\u00edpio.<\/p>\n<p><strong>Confira a nova composi\u00e7\u00e3o do diret\u00f3rio:<\/strong><\/p>\n<p>Presidente: Bruno Liberato<\/p>\n<p>Vice-presidente: Manoel Leal da Rocha<\/p>\n<p>Tesoureira: Rufina Isabel de Sousa<\/p>\n<p>L\u00edder de bancada: Viviany Lima Santos Liberato<\/p>\n<p><strong>Membros mulheres:<\/strong><\/p>\n<p>Rosileide Ant\u00f4nia Sobrinha<\/p>\n<p>Maria Ana de Carvalho<\/p>\n<p><strong>Membros jovens:<\/strong><\/p>\n<p>Fernando Henrique Lima Santos<\/p>\n<p>Francisco Marcolino de Sousa Neto<\/p>\n<p><strong>Conselheiro<\/strong>:<\/p>\n<p>Jos\u00e9 Francisco de Sousa<\/p>\n<p>A escolha dos nomes mescla renova\u00e7\u00e3o com figuras j\u00e1 conhecidas da milit\u00e2ncia local, refor\u00e7ando o compromisso do PT com a diversidade e a participa\u00e7\u00e3o de jovens e mulheres nos espa\u00e7os de decis\u00e3o.<\/p>\n<p>A movimenta\u00e7\u00e3o atraiu olhares atentos da pol\u00edtica local. Entre as autoridades presentes, esteve o prefeito Renaldinho Ramos (PDT), que mant\u00e9m uma alian\u00e7a estrat\u00e9gica com o PT no munic\u00edpio. O vice-prefeito Jos\u00e9 Neci, filiado ao partido e que tamb\u00e9m faz parte do diret\u00f3rio municipal, marcou presen\u00e7a e refor\u00e7ou a sintonia entre as lideran\u00e7as.<\/p>\n<p><img decoding=\"async\" class=\"alignnone wp-image-88405 size-full\" src=\"https:\/\/portalnpm.com\/wp-content\/uploads\/2025\/07\/d8bbf7f2be2c40d8b0cecc60f6bd095e.jpg\" alt=\"\" width=\"1280\" height=\"720\" srcset=\"https:\/\/portalnpm.com\/wp-content\/uploads\/2025\/07\/d8bbf7f2be2c40d8b0cecc60f6bd095e.jpg 1280w, https:\/\/portalnpm.com\/wp-content\/uploads\/2025\/07\/d8bbf7f2be2c40d8b0cecc60f6bd095e-300x169.jpg 300w, https:\/\/portalnpm.com\/wp-content\/uploads\/2025\/07\/d8bbf7f2be2c40d8b0cecc60f6bd095e-1024x576.jpg 1024w, https:\/\/portalnpm.com\/wp-content\/uploads\/2025\/07\/d8bbf7f2be2c40d8b0cecc60f6bd095e-768x432.jpg 768w, https:\/\/portalnpm.com\/wp-content\/uploads\/2025\/07\/d8bbf7f2be2c40d8b0cecc60f6bd095e-390x220.jpg 390w\" sizes=\"(max-width: 1280px) 100vw, 1280px\" \/><\/p>\n<p>Com a elei\u00e7\u00e3o consolidada, o novo diret\u00f3rio assume a miss\u00e3o de fortalecer ainda mais o partido em S\u00e3o Juli\u00e3o, especialmente com a proximidade das elei\u00e7\u00f5es gerais de 2026, quando o PT pretende ampliar sua influ\u00eancia no cen\u00e1rio local.<\/p>\n<p><img decoding=\"async\" class=\"alignnone wp-image-88407 size-full\" src=\"https:\/\/portalnpm.com\/wp-content\/uploads\/2025\/07\/70557f434dd64e35aad255d82ec8e83c.jpg\" alt=\"\" width=\"1280\" height=\"960\" srcset=\"https:\/\/portalnpm.com\/wp-content\/uploads\/2025\/07\/70557f434dd64e35aad255d82ec8e83c.jpg 1280w, https:\/\/portalnpm.com\/wp-content\/uploads\/2025\/07\/70557f434dd64e35aad255d82ec8e83c-300x225.jpg 300w, https:\/\/portalnpm.com\/wp-content\/uploads\/2025\/07\/70557f434dd64e35aad255d82ec8e83c-1024x768.jpg 1024w, https:\/\/portalnpm.com\/wp-content\/uploads\/2025\/07\/70557f434dd64e35aad255d82ec8e83c-768x576.jpg 768w\" sizes=\"(max-width: 1280px) 100vw, 1280px\" \/> <img loading=\"lazy\" decoding=\"async\" class=\"alignnone wp-image-88408 size-full\" src=\"https:\/\/portalnpm.com\/wp-content\/uploads\/2025\/07\/8ab4655c417d444a815a453312a3d40e.jpg\" alt=\"\" width=\"1280\" height=\"720\" srcset=\"https:\/\/portalnpm.com\/wp-content\/uploads\/2025\/07\/8ab4655c417d444a815a453312a3d40e.jpg 1280w, https:\/\/portalnpm.com\/wp-content\/uploads\/2025\/07\/8ab4655c417d444a815a453312a3d40e-300x169.jpg 300w, https:\/\/portalnpm.com\/wp-content\/uploads\/2025\/07\/8ab4655c417d444a815a453312a3d40e-1024x576.jpg 1024w, https:\/\/portalnpm.com\/wp-content\/uploads\/2025\/07\/8ab4655c417d444a815a453312a3d40e-768x432.jpg 768w, https:\/\/portalnpm.com\/wp-content\/uploads\/2025\/07\/8ab4655c417d444a815a453312a3d40e-390x220.jpg 390w\" sizes=\"(max-width: 1280px) 100vw, 1280px\" \/><\/p>\n<p><strong><em>Por Luis Alberto &#8211; Portal NPM\u00a0<\/em><\/strong><\/p>\n","protected":false},"excerpt":{"rendered":"<p>O Partido dos Trabalhadores (PT) de S\u00e3o Juli\u00e3o \u2013 PI realizou neste domingo, 6 de julho, a elei\u00e7\u00e3o para escolha do novo diret\u00f3rio municipal. Sem surpresas, a disputa teve chapa \u00fanica e consagrou, por unanimidade, a reelei\u00e7\u00e3o de Bruno Liberato como presidente do partido. A vota\u00e7\u00e3o confirmou o que j\u00e1 era dado como certo nos &hellip;<\/p>\n","protected":false},"author":4,"featured_media":88407,"comment_status":"open","ping_status":"open","sticky":false,"template":"","format":"standard","meta":{"content-type":"","rop_custom_images_group":[],"rop_custom_messages_group":[],"rop_publish_now":"yes","rop_publish_now_accounts":{"facebook_2648258775420054_1618374048415101":""},"rop_publish_now_history":[],"rop_publish_now_status":"pending","footnotes":"","_jetpack_memberships_contains_paid_content":false},"categories":[113,109,3998],"tags":[7271,378,1389,230,925,1197,16675,403,5135,1196,4634,8812,842],"yoast_head":"<!-- This site is optimized with the Yoast SEO plugin v22.3 - https:\/\/yoast.com\/wordpress\/plugins\/seo\/ -->\n<title>Com chapa \u00fanica, Bruno Liberato \u00e9 reeleito e segue no comando do PT de S\u00e3o Juli\u00e3o; veja! - Portal NPM<\/title>\n<meta name=\"robots\" content=\"index, follow, max-snippet:-1, max-image-preview:large, max-video-preview:-1\" \/>\n<link rel=\"canonical\" href=\"https:\/\/portalnpm.com\/index.php\/2025\/07\/08\/com-chapa-unica-bruno-liberato-e-reeleito-e-segue-no-comando-do-pt-de-sao-juliao-veja\/\" \/>\n<meta property=\"og:locale\" content=\"pt_BR\" \/>\n<meta property=\"og:type\" content=\"article\" \/>\n<meta property=\"og:title\" content=\"Com chapa \u00fanica, Bruno Liberato \u00e9 reeleito e segue no comando do PT de S\u00e3o Juli\u00e3o; veja! - Portal NPM\" \/>\n<meta property=\"og:description\" content=\"O Partido dos Trabalhadores (PT) de S\u00e3o Juli\u00e3o \u2013 PI realizou neste domingo, 6 de julho, a elei\u00e7\u00e3o para escolha do novo diret\u00f3rio municipal. Sem surpresas, a disputa teve chapa \u00fanica e consagrou, por unanimidade, a reelei\u00e7\u00e3o de Bruno Liberato como presidente do partido. A vota\u00e7\u00e3o confirmou o que j\u00e1 era dado como certo nos &hellip;\" \/>\n<meta property=\"og:url\" content=\"https:\/\/portalnpm.com\/index.php\/2025\/07\/08\/com-chapa-unica-bruno-liberato-e-reeleito-e-segue-no-comando-do-pt-de-sao-juliao-veja\/\" \/>\n<meta property=\"og:site_name\" content=\"Portal NPM\" \/>\n<meta property=\"article:published_time\" content=\"2025-07-08T04:00:57+00:00\" \/>\n<meta property=\"article:modified_time\" content=\"2025-07-08T04:03:19+00:00\" \/>\n<meta property=\"og:image\" content=\"https:\/\/portalnpm.com\/wp-content\/uploads\/2025\/07\/70557f434dd64e35aad255d82ec8e83c.jpg\" \/>\n\t<meta property=\"og:image:width\" content=\"1280\" \/>\n\t<meta property=\"og:image:height\" content=\"960\" \/>\n\t<meta property=\"og:image:type\" content=\"image\/jpeg\" \/>\n<meta name=\"author\" content=\"Reda\u00e7\u00e3o\" \/>\n<meta name=\"twitter:card\" content=\"summary_large_image\" \/>\n<meta name=\"twitter:label1\" content=\"Escrito por\" \/>\n\t<meta name=\"twitter:data1\" content=\"Reda\u00e7\u00e3o\" \/>\n\t<meta name=\"twitter:label2\" content=\"Est. tempo de leitura\" \/>\n\t<meta name=\"twitter:data2\" content=\"3 minutos\" \/>\n<script type=\"application\/ld+json\" class=\"yoast-schema-graph\">{\"@context\":\"https:\/\/schema.org\",\"@graph\":[{\"@type\":\"WebPage\",\"@id\":\"https:\/\/portalnpm.com\/index.php\/2025\/07\/08\/com-chapa-unica-bruno-liberato-e-reeleito-e-segue-no-comando-do-pt-de-sao-juliao-veja\/\",\"url\":\"https:\/\/portalnpm.com\/index.php\/2025\/07\/08\/com-chapa-unica-bruno-liberato-e-reeleito-e-segue-no-comando-do-pt-de-sao-juliao-veja\/\",\"name\":\"Com chapa \u00fanica, Bruno Liberato \u00e9 reeleito e segue no comando do PT de S\u00e3o Juli\u00e3o; veja! - Portal NPM\",\"isPartOf\":{\"@id\":\"https:\/\/portalnpm.com\/#website\"},\"primaryImageOfPage\":{\"@id\":\"https:\/\/portalnpm.com\/index.php\/2025\/07\/08\/com-chapa-unica-bruno-liberato-e-reeleito-e-segue-no-comando-do-pt-de-sao-juliao-veja\/#primaryimage\"},\"image\":{\"@id\":\"https:\/\/portalnpm.com\/index.php\/2025\/07\/08\/com-chapa-unica-bruno-liberato-e-reeleito-e-segue-no-comando-do-pt-de-sao-juliao-veja\/#primaryimage\"},\"thumbnailUrl\":\"https:\/\/portalnpm.com\/wp-content\/uploads\/2025\/07\/70557f434dd64e35aad255d82ec8e83c.jpg\",\"datePublished\":\"2025-07-08T04:00:57+00:00\",\"dateModified\":\"2025-07-08T04:03:19+00:00\",\"author\":{\"@id\":\"https:\/\/portalnpm.com\/#\/schema\/person\/0b5f230ec96cee25504fa328e7f2b733\"},\"breadcrumb\":{\"@id\":\"https:\/\/portalnpm.com\/index.php\/2025\/07\/08\/com-chapa-unica-bruno-liberato-e-reeleito-e-segue-no-comando-do-pt-de-sao-juliao-veja\/#breadcrumb\"},\"inLanguage\":\"pt-BR\",\"potentialAction\":[{\"@type\":\"ReadAction\",\"target\":[\"https:\/\/portalnpm.com\/index.php\/2025\/07\/08\/com-chapa-unica-bruno-liberato-e-reeleito-e-segue-no-comando-do-pt-de-sao-juliao-veja\/\"]}]},{\"@type\":\"ImageObject\",\"inLanguage\":\"pt-BR\",\"@id\":\"https:\/\/portalnpm.com\/index.php\/2025\/07\/08\/com-chapa-unica-bruno-liberato-e-reeleito-e-segue-no-comando-do-pt-de-sao-juliao-veja\/#primaryimage\",\"url\":\"https:\/\/portalnpm.com\/wp-content\/uploads\/2025\/07\/70557f434dd64e35aad255d82ec8e83c.jpg\",\"contentUrl\":\"https:\/\/portalnpm.com\/wp-content\/uploads\/2025\/07\/70557f434dd64e35aad255d82ec8e83c.jpg\",\"width\":1280,\"height\":960},{\"@type\":\"BreadcrumbList\",\"@id\":\"https:\/\/portalnpm.com\/index.php\/2025\/07\/08\/com-chapa-unica-bruno-liberato-e-reeleito-e-segue-no-comando-do-pt-de-sao-juliao-veja\/#breadcrumb\",\"itemListElement\":[{\"@type\":\"ListItem\",\"position\":1,\"name\":\"In\u00edcio\",\"item\":\"https:\/\/portalnpm.com\/\"},{\"@type\":\"ListItem\",\"position\":2,\"name\":\"Com chapa \u00fanica, Bruno Liberato \u00e9 reeleito e segue no comando do PT de S\u00e3o Juli\u00e3o; veja!\"}]},{\"@type\":\"WebSite\",\"@id\":\"https:\/\/portalnpm.com\/#website\",\"url\":\"https:\/\/portalnpm.com\/\",\"name\":\"Portal NPM\",\"description\":\"Not\u00edcias em Primeira M\u00e3o\",\"potentialAction\":[{\"@type\":\"SearchAction\",\"target\":{\"@type\":\"EntryPoint\",\"urlTemplate\":\"https:\/\/portalnpm.com\/?s={search_term_string}\"},\"query-input\":\"required name=search_term_string\"}],\"inLanguage\":\"pt-BR\"},{\"@type\":\"Person\",\"@id\":\"https:\/\/portalnpm.com\/#\/schema\/person\/0b5f230ec96cee25504fa328e7f2b733\",\"name\":\"Reda\u00e7\u00e3o\",\"image\":{\"@type\":\"ImageObject\",\"inLanguage\":\"pt-BR\",\"@id\":\"https:\/\/portalnpm.com\/#\/schema\/person\/image\/\",\"url\":\"https:\/\/portalnpm.com\/wp-content\/uploads\/2024\/03\/avatar_user_4_1710097212-96x96.png\",\"contentUrl\":\"https:\/\/portalnpm.com\/wp-content\/uploads\/2024\/03\/avatar_user_4_1710097212-96x96.png\",\"caption\":\"Reda\u00e7\u00e3o\"},\"url\":\"https:\/\/portalnpm.com\/index.php\/author\/redacao\/\"}]}<\/script>\n<!-- \/ Yoast SEO plugin. -->","yoast_head_json":{"title":"Com chapa \u00fanica, Bruno Liberato \u00e9 reeleito e segue no comando do PT de S\u00e3o Juli\u00e3o; veja! - Portal NPM","robots":{"index":"index","follow":"follow","max-snippet":"max-snippet:-1","max-image-preview":"max-image-preview:large","max-video-preview":"max-video-preview:-1"},"canonical":"https:\/\/portalnpm.com\/index.php\/2025\/07\/08\/com-chapa-unica-bruno-liberato-e-reeleito-e-segue-no-comando-do-pt-de-sao-juliao-veja\/","og_locale":"pt_BR","og_type":"article","og_title":"Com chapa \u00fanica, Bruno Liberato \u00e9 reeleito e segue no comando do PT de S\u00e3o Juli\u00e3o; veja! - Portal NPM","og_description":"O Partido dos Trabalhadores (PT) de S\u00e3o Juli\u00e3o \u2013 PI realizou neste domingo, 6 de julho, a elei\u00e7\u00e3o para escolha do novo diret\u00f3rio municipal. Sem surpresas, a disputa teve chapa \u00fanica e consagrou, por unanimidade, a reelei\u00e7\u00e3o de Bruno Liberato como presidente do partido. A vota\u00e7\u00e3o confirmou o que j\u00e1 era dado como certo nos &hellip;","og_url":"https:\/\/portalnpm.com\/index.php\/2025\/07\/08\/com-chapa-unica-bruno-liberato-e-reeleito-e-segue-no-comando-do-pt-de-sao-juliao-veja\/","og_site_name":"Portal NPM","article_published_time":"2025-07-08T04:00:57+00:00","article_modified_time":"2025-07-08T04:03:19+00:00","og_image":[{"width":1280,"height":960,"url":"https:\/\/portalnpm.com\/wp-content\/uploads\/2025\/07\/70557f434dd64e35aad255d82ec8e83c.jpg","type":"image\/jpeg"}],"author":"Reda\u00e7\u00e3o","twitter_card":"summary_large_image","twitter_misc":{"Escrito por":"Reda\u00e7\u00e3o","Est. tempo de leitura":"3 minutos"},"schema":{"@context":"https:\/\/schema.org","@graph":[{"@type":"WebPage","@id":"https:\/\/portalnpm.com\/index.php\/2025\/07\/08\/com-chapa-unica-bruno-liberato-e-reeleito-e-segue-no-comando-do-pt-de-sao-juliao-veja\/","url":"https:\/\/portalnpm.com\/index.php\/2025\/07\/08\/com-chapa-unica-bruno-liberato-e-reeleito-e-segue-no-comando-do-pt-de-sao-juliao-veja\/","name":"Com chapa \u00fanica, Bruno Liberato \u00e9 reeleito e segue no comando do PT de S\u00e3o Juli\u00e3o; veja! - Portal NPM","isPartOf":{"@id":"https:\/\/portalnpm.com\/#website"},"primaryImageOfPage":{"@id":"https:\/\/portalnpm.com\/index.php\/2025\/07\/08\/com-chapa-unica-bruno-liberato-e-reeleito-e-segue-no-comando-do-pt-de-sao-juliao-veja\/#primaryimage"},"image":{"@id":"https:\/\/portalnpm.com\/index.php\/2025\/07\/08\/com-chapa-unica-bruno-liberato-e-reeleito-e-segue-no-comando-do-pt-de-sao-juliao-veja\/#primaryimage"},"thumbnailUrl":"https:\/\/portalnpm.com\/wp-content\/uploads\/2025\/07\/70557f434dd64e35aad255d82ec8e83c.jpg","datePublished":"2025-07-08T04:00:57+00:00","dateModified":"2025-07-08T04:03:19+00:00","author":{"@id":"https:\/\/portalnpm.com\/#\/schema\/person\/0b5f230ec96cee25504fa328e7f2b733"},"breadcrumb":{"@id":"https:\/\/portalnpm.com\/index.php\/2025\/07\/08\/com-chapa-unica-bruno-liberato-e-reeleito-e-segue-no-comando-do-pt-de-sao-juliao-veja\/#breadcrumb"},"inLanguage":"pt-BR","potentialAction":[{"@type":"ReadAction","target":["https:\/\/portalnpm.com\/index.php\/2025\/07\/08\/com-chapa-unica-bruno-liberato-e-reeleito-e-segue-no-comando-do-pt-de-sao-juliao-veja\/"]}]},{"@type":"ImageObject","inLanguage":"pt-BR","@id":"https:\/\/portalnpm.com\/index.php\/2025\/07\/08\/com-chapa-unica-bruno-liberato-e-reeleito-e-segue-no-comando-do-pt-de-sao-juliao-veja\/#primaryimage","url":"https:\/\/portalnpm.com\/wp-content\/uploads\/2025\/07\/70557f434dd64e35aad255d82ec8e83c.jpg","contentUrl":"https:\/\/portalnpm.com\/wp-content\/uploads\/2025\/07\/70557f434dd64e35aad255d82ec8e83c.jpg","width":1280,"height":960},{"@type":"BreadcrumbList","@id":"https:\/\/portalnpm.com\/index.php\/2025\/07\/08\/com-chapa-unica-bruno-liberato-e-reeleito-e-segue-no-comando-do-pt-de-sao-juliao-veja\/#breadcrumb","itemListElement":[{"@type":"ListItem","position":1,"name":"In\u00edcio","item":"https:\/\/portalnpm.com\/"},{"@type":"ListItem","position":2,"name":"Com chapa \u00fanica, Bruno Liberato \u00e9 reeleito e segue no comando do PT de S\u00e3o Juli\u00e3o; veja!"}]},{"@type":"WebSite","@id":"https:\/\/portalnpm.com\/#website","url":"https:\/\/portalnpm.com\/","name":"Portal NPM","description":"Not\u00edcias em Primeira M\u00e3o","potentialAction":[{"@type":"SearchAction","target":{"@type":"EntryPoint","urlTemplate":"https:\/\/portalnpm.com\/?s={search_term_string}"},"query-input":"required name=search_term_string"}],"inLanguage":"pt-BR"},{"@type":"Person","@id":"https:\/\/portalnpm.com\/#\/schema\/person\/0b5f230ec96cee25504fa328e7f2b733","name":"Reda\u00e7\u00e3o","image":{"@type":"ImageObject","inLanguage":"pt-BR","@id":"https:\/\/portalnpm.com\/#\/schema\/person\/image\/","url":"https:\/\/portalnpm.com\/wp-content\/uploads\/2024\/03\/avatar_user_4_1710097212-96x96.png","contentUrl":"https:\/\/portalnpm.com\/wp-content\/uploads\/2024\/03\/avatar_user_4_1710097212-96x96.png","caption":"Reda\u00e7\u00e3o"},"url":"https:\/\/portalnpm.com\/index.php\/author\/redacao\/"}]}},"jetpack_sharing_enabled":true,"jetpack_featured_media_url":"https:\/\/portalnpm.com\/wp-content\/uploads\/2025\/07\/70557f434dd64e35aad255d82ec8e83c.jpg","_links":{"self":[{"href":"https:\/\/portalnpm.com\/index.php\/wp-json\/wp\/v2\/posts\/88403"}],"collection":[{"href":"https:\/\/portalnpm.com\/index.php\/wp-json\/wp\/v2\/posts"}],"about":[{"href":"https:\/\/portalnpm.com\/index.php\/wp-json\/wp\/v2\/types\/post"}],"author":[{"embeddable":true,"href":"https:\/\/portalnpm.com\/index.php\/wp-json\/wp\/v2\/users\/4"}],"replies":[{"embeddable":true,"href":"https:\/\/portalnpm.com\/index.php\/wp-json\/wp\/v2\/comments?post=88403"}],"version-history":[{"count":3,"href":"https:\/\/portalnpm.com\/index.php\/wp-json\/wp\/v2\/posts\/88403\/revisions"}],"predecessor-version":[{"id":88411,"href":"https:\/\/portalnpm.com\/index.php\/wp-json\/wp\/v2\/posts\/88403\/revisions\/88411"}],"wp:featuredmedia":[{"embeddable":true,"href":"https:\/\/portalnpm.com\/index.php\/wp-json\/wp\/v2\/media\/88407"}],"wp:attachment":[{"href":"https:\/\/portalnpm.com\/index.php\/wp-json\/wp\/v2\/media?parent=88403"}],"wp:term":[{"taxonomy":"category","embeddable":true,"href":"https:\/\/portalnpm.com\/index.php\/wp-json\/wp\/v2\/categories?post=88403"},{"taxonomy":"post_tag","embeddable":true,"href":"https:\/\/portalnpm.com\/index.php\/wp-json\/wp\/v2\/tags?post=88403"}],"curies":[{"name":"wp","href":"https:\/\/api.w.org\/{rel}","templated":true}]}}