{"id":89473,"date":"2025-07-31T15:16:26","date_gmt":"2025-07-31T18:16:26","guid":{"rendered":"https:\/\/portalnpm.com\/?p=89473"},"modified":"2025-07-31T15:16:26","modified_gmt":"2025-07-31T18:16:26","slug":"colisao-entre-motocicleta-e-carro-resulta-em-incendio-e-em-uma-vitima-fatal-na-sussuapara","status":"publish","type":"post","link":"https:\/\/portalnpm.com\/index.php\/2025\/07\/31\/colisao-entre-motocicleta-e-carro-resulta-em-incendio-e-em-uma-vitima-fatal-na-sussuapara\/","title":{"rendered":"Colis\u00e3o entre motocicleta e carro resulta em inc\u00eandio e em uma v\u00edtima fatal na Sussuapara"},"content":{"rendered":"<div class=\"elementor-element elementor-element-5068e23 e-flex e-con-boxed e-con e-parent e-lazyloaded\" data-id=\"5068e23\" data-element_type=\"container\">\n<div class=\"e-con-inner\">\n<div class=\"elementor-element elementor-element-3393635 elementor-widget elementor-widget-theme-post-title elementor-page-title elementor-widget-heading\" data-id=\"3393635\" data-element_type=\"widget\" data-widget_type=\"theme-post-title.default\">\n<div class=\"elementor-widget-container\">\n<h1 class=\"elementor-heading-title elementor-size-default\"><\/h1>\n<\/div>\n<\/div>\n<\/div>\n<\/div>\n<div class=\"elementor-element elementor-element-c6b8199 e-flex e-con-boxed e-con e-parent e-lazyloaded\" data-id=\"c6b8199\" data-element_type=\"container\">\n<div class=\"e-con-inner\">\n<div class=\"elementor-element elementor-element-985cbd6 e-con-full e-flex e-con e-child\" data-id=\"985cbd6\" data-element_type=\"container\">\n<div class=\"elementor-element elementor-element-5d367e5 elementor-widget__width-auto elementor-widget elementor-widget-theme-post-featured-image elementor-widget-image\" data-id=\"5d367e5\" data-element_type=\"widget\" data-widget_type=\"theme-post-featured-image.default\">\n<div class=\"elementor-widget-container\"><\/div>\n<\/div>\n<div class=\"elementor-element elementor-element-358a053 elementor-widget elementor-widget-theme-post-content\" data-id=\"358a053\" data-element_type=\"widget\" data-widget_type=\"theme-post-content.default\">\n<div class=\"elementor-widget-container\">\n<p>Na tarde desta quinta-feira (31), um grave acidente foi registrado nas proximidades da Sussuapara. A colis\u00e3o entre uma motocicleta e um carro, deixou uma v\u00edtima fatal.<\/p>\n<p>A v\u00edtima fatal foi identificado incialmente como Cleyson, que foi socorrido com vida e levado ao Hospital Regional Justino Luz, em Picos. Infelizmente, n\u00e3o resistiu aos ferimentos e faleceu.<\/p>\n<p>O motorista do carro identificado por Miguel Rocha, ex-prefeito da Sussuapara, ficou preso \u00e0s ferragens e necessitou de resgate.<\/p>\n<p>A colis\u00e3o provocou a queda de um poste, que pegou fogo e deixou fios de alta tens\u00e3o espalhados pela pista.<\/p>\n<p>O Corpo de Bombeiros foi acionado<\/p>\n<p>Fonte: Piau\u00ed em Foco<\/p>\n<\/div>\n<\/div>\n<\/div>\n<\/div>\n<\/div>\n","protected":false},"excerpt":{"rendered":"<p>Na tarde desta quinta-feira (31), um grave acidente foi registrado nas proximidades da Sussuapara. A colis\u00e3o entre uma motocicleta e um carro, deixou uma v\u00edtima fatal. A v\u00edtima fatal foi identificado incialmente como Cleyson, que foi socorrido com vida e levado ao Hospital Regional Justino Luz, em Picos. Infelizmente, n\u00e3o resistiu aos ferimentos e faleceu. &hellip;<\/p>\n","protected":false},"author":2,"featured_media":89474,"comment_status":"open","ping_status":"open","sticky":false,"template":"","format":"standard","meta":{"content-type":"","rop_custom_images_group":[],"rop_custom_messages_group":[],"rop_publish_now":"yes","rop_publish_now_accounts":{"facebook_2648258775420054_1618374048415101":""},"rop_publish_now_history":[],"rop_publish_now_status":"pending","footnotes":"","_jetpack_memberships_contains_paid_content":false},"categories":[109],"tags":[412,1370,855,4159,4437,126,1372,911,16685,2387,4144,2299],"yoast_head":"<!-- This site is optimized with the Yoast SEO plugin v22.3 - https:\/\/yoast.com\/wordpress\/plugins\/seo\/ -->\n<title>Colis\u00e3o entre motocicleta e carro resulta em inc\u00eandio e em uma v\u00edtima fatal na Sussuapara - Portal NPM<\/title>\n<meta name=\"robots\" content=\"index, follow, max-snippet:-1, max-image-preview:large, max-video-preview:-1\" \/>\n<link rel=\"canonical\" href=\"https:\/\/portalnpm.com\/index.php\/2025\/07\/31\/colisao-entre-motocicleta-e-carro-resulta-em-incendio-e-em-uma-vitima-fatal-na-sussuapara\/\" \/>\n<meta property=\"og:locale\" content=\"pt_BR\" \/>\n<meta property=\"og:type\" content=\"article\" \/>\n<meta property=\"og:title\" content=\"Colis\u00e3o entre motocicleta e carro resulta em inc\u00eandio e em uma v\u00edtima fatal na Sussuapara - Portal NPM\" \/>\n<meta property=\"og:description\" content=\"Na tarde desta quinta-feira (31), um grave acidente foi registrado nas proximidades da Sussuapara. A colis\u00e3o entre uma motocicleta e um carro, deixou uma v\u00edtima fatal. A v\u00edtima fatal foi identificado incialmente como Cleyson, que foi socorrido com vida e levado ao Hospital Regional Justino Luz, em Picos. Infelizmente, n\u00e3o resistiu aos ferimentos e faleceu. &hellip;\" \/>\n<meta property=\"og:url\" content=\"https:\/\/portalnpm.com\/index.php\/2025\/07\/31\/colisao-entre-motocicleta-e-carro-resulta-em-incendio-e-em-uma-vitima-fatal-na-sussuapara\/\" \/>\n<meta property=\"og:site_name\" content=\"Portal NPM\" \/>\n<meta property=\"article:published_time\" content=\"2025-07-31T18:16:26+00:00\" \/>\n<meta property=\"og:image\" content=\"https:\/\/portalnpm.com\/wp-content\/uploads\/2025\/07\/IMG_6613.jpeg\" \/>\n\t<meta property=\"og:image:width\" content=\"1170\" \/>\n\t<meta property=\"og:image:height\" content=\"837\" \/>\n\t<meta property=\"og:image:type\" content=\"image\/jpeg\" \/>\n<meta name=\"author\" content=\"Genival Barbosa\" \/>\n<meta name=\"twitter:card\" content=\"summary_large_image\" \/>\n<meta name=\"twitter:label1\" content=\"Escrito por\" \/>\n\t<meta name=\"twitter:data1\" content=\"Genival Barbosa\" \/>\n\t<meta name=\"twitter:label2\" content=\"Est. tempo de leitura\" \/>\n\t<meta name=\"twitter:data2\" content=\"1 minuto\" \/>\n<script type=\"application\/ld+json\" class=\"yoast-schema-graph\">{\"@context\":\"https:\/\/schema.org\",\"@graph\":[{\"@type\":\"WebPage\",\"@id\":\"https:\/\/portalnpm.com\/index.php\/2025\/07\/31\/colisao-entre-motocicleta-e-carro-resulta-em-incendio-e-em-uma-vitima-fatal-na-sussuapara\/\",\"url\":\"https:\/\/portalnpm.com\/index.php\/2025\/07\/31\/colisao-entre-motocicleta-e-carro-resulta-em-incendio-e-em-uma-vitima-fatal-na-sussuapara\/\",\"name\":\"Colis\u00e3o entre motocicleta e carro resulta em inc\u00eandio e em uma v\u00edtima fatal na Sussuapara - Portal NPM\",\"isPartOf\":{\"@id\":\"https:\/\/portalnpm.com\/#website\"},\"primaryImageOfPage\":{\"@id\":\"https:\/\/portalnpm.com\/index.php\/2025\/07\/31\/colisao-entre-motocicleta-e-carro-resulta-em-incendio-e-em-uma-vitima-fatal-na-sussuapara\/#primaryimage\"},\"image\":{\"@id\":\"https:\/\/portalnpm.com\/index.php\/2025\/07\/31\/colisao-entre-motocicleta-e-carro-resulta-em-incendio-e-em-uma-vitima-fatal-na-sussuapara\/#primaryimage\"},\"thumbnailUrl\":\"https:\/\/portalnpm.com\/wp-content\/uploads\/2025\/07\/IMG_6613.jpeg\",\"datePublished\":\"2025-07-31T18:16:26+00:00\",\"dateModified\":\"2025-07-31T18:16:26+00:00\",\"author\":{\"@id\":\"https:\/\/portalnpm.com\/#\/schema\/person\/49313e563cfdefcc167f1ee4c017c294\"},\"breadcrumb\":{\"@id\":\"https:\/\/portalnpm.com\/index.php\/2025\/07\/31\/colisao-entre-motocicleta-e-carro-resulta-em-incendio-e-em-uma-vitima-fatal-na-sussuapara\/#breadcrumb\"},\"inLanguage\":\"pt-BR\",\"potentialAction\":[{\"@type\":\"ReadAction\",\"target\":[\"https:\/\/portalnpm.com\/index.php\/2025\/07\/31\/colisao-entre-motocicleta-e-carro-resulta-em-incendio-e-em-uma-vitima-fatal-na-sussuapara\/\"]}]},{\"@type\":\"ImageObject\",\"inLanguage\":\"pt-BR\",\"@id\":\"https:\/\/portalnpm.com\/index.php\/2025\/07\/31\/colisao-entre-motocicleta-e-carro-resulta-em-incendio-e-em-uma-vitima-fatal-na-sussuapara\/#primaryimage\",\"url\":\"https:\/\/portalnpm.com\/wp-content\/uploads\/2025\/07\/IMG_6613.jpeg\",\"contentUrl\":\"https:\/\/portalnpm.com\/wp-content\/uploads\/2025\/07\/IMG_6613.jpeg\",\"width\":1170,\"height\":837},{\"@type\":\"BreadcrumbList\",\"@id\":\"https:\/\/portalnpm.com\/index.php\/2025\/07\/31\/colisao-entre-motocicleta-e-carro-resulta-em-incendio-e-em-uma-vitima-fatal-na-sussuapara\/#breadcrumb\",\"itemListElement\":[{\"@type\":\"ListItem\",\"position\":1,\"name\":\"In\u00edcio\",\"item\":\"https:\/\/portalnpm.com\/\"},{\"@type\":\"ListItem\",\"position\":2,\"name\":\"Colis\u00e3o entre motocicleta e carro resulta em inc\u00eandio e em uma v\u00edtima fatal na Sussuapara\"}]},{\"@type\":\"WebSite\",\"@id\":\"https:\/\/portalnpm.com\/#website\",\"url\":\"https:\/\/portalnpm.com\/\",\"name\":\"Portal NPM\",\"description\":\"Not\u00edcias em Primeira M\u00e3o\",\"potentialAction\":[{\"@type\":\"SearchAction\",\"target\":{\"@type\":\"EntryPoint\",\"urlTemplate\":\"https:\/\/portalnpm.com\/?s={search_term_string}\"},\"query-input\":\"required name=search_term_string\"}],\"inLanguage\":\"pt-BR\"},{\"@type\":\"Person\",\"@id\":\"https:\/\/portalnpm.com\/#\/schema\/person\/49313e563cfdefcc167f1ee4c017c294\",\"name\":\"Genival Barbosa\",\"image\":{\"@type\":\"ImageObject\",\"inLanguage\":\"pt-BR\",\"@id\":\"https:\/\/portalnpm.com\/#\/schema\/person\/image\/\",\"url\":\"https:\/\/portalnpm.com\/wp-content\/uploads\/2024\/02\/avatar_user_2_1707743258-96x96.jpeg\",\"contentUrl\":\"https:\/\/portalnpm.com\/wp-content\/uploads\/2024\/02\/avatar_user_2_1707743258-96x96.jpeg\",\"caption\":\"Genival Barbosa\"},\"url\":\"https:\/\/portalnpm.com\/index.php\/author\/genival\/\"}]}<\/script>\n<!-- \/ Yoast SEO plugin. -->","yoast_head_json":{"title":"Colis\u00e3o entre motocicleta e carro resulta em inc\u00eandio e em uma v\u00edtima fatal na Sussuapara - Portal NPM","robots":{"index":"index","follow":"follow","max-snippet":"max-snippet:-1","max-image-preview":"max-image-preview:large","max-video-preview":"max-video-preview:-1"},"canonical":"https:\/\/portalnpm.com\/index.php\/2025\/07\/31\/colisao-entre-motocicleta-e-carro-resulta-em-incendio-e-em-uma-vitima-fatal-na-sussuapara\/","og_locale":"pt_BR","og_type":"article","og_title":"Colis\u00e3o entre motocicleta e carro resulta em inc\u00eandio e em uma v\u00edtima fatal na Sussuapara - Portal NPM","og_description":"Na tarde desta quinta-feira (31), um grave acidente foi registrado nas proximidades da Sussuapara. A colis\u00e3o entre uma motocicleta e um carro, deixou uma v\u00edtima fatal. A v\u00edtima fatal foi identificado incialmente como Cleyson, que foi socorrido com vida e levado ao Hospital Regional Justino Luz, em Picos. Infelizmente, n\u00e3o resistiu aos ferimentos e faleceu. &hellip;","og_url":"https:\/\/portalnpm.com\/index.php\/2025\/07\/31\/colisao-entre-motocicleta-e-carro-resulta-em-incendio-e-em-uma-vitima-fatal-na-sussuapara\/","og_site_name":"Portal NPM","article_published_time":"2025-07-31T18:16:26+00:00","og_image":[{"width":1170,"height":837,"url":"https:\/\/portalnpm.com\/wp-content\/uploads\/2025\/07\/IMG_6613.jpeg","type":"image\/jpeg"}],"author":"Genival Barbosa","twitter_card":"summary_large_image","twitter_misc":{"Escrito por":"Genival Barbosa","Est. tempo de leitura":"1 minuto"},"schema":{"@context":"https:\/\/schema.org","@graph":[{"@type":"WebPage","@id":"https:\/\/portalnpm.com\/index.php\/2025\/07\/31\/colisao-entre-motocicleta-e-carro-resulta-em-incendio-e-em-uma-vitima-fatal-na-sussuapara\/","url":"https:\/\/portalnpm.com\/index.php\/2025\/07\/31\/colisao-entre-motocicleta-e-carro-resulta-em-incendio-e-em-uma-vitima-fatal-na-sussuapara\/","name":"Colis\u00e3o entre motocicleta e carro resulta em inc\u00eandio e em uma v\u00edtima fatal na Sussuapara - Portal NPM","isPartOf":{"@id":"https:\/\/portalnpm.com\/#website"},"primaryImageOfPage":{"@id":"https:\/\/portalnpm.com\/index.php\/2025\/07\/31\/colisao-entre-motocicleta-e-carro-resulta-em-incendio-e-em-uma-vitima-fatal-na-sussuapara\/#primaryimage"},"image":{"@id":"https:\/\/portalnpm.com\/index.php\/2025\/07\/31\/colisao-entre-motocicleta-e-carro-resulta-em-incendio-e-em-uma-vitima-fatal-na-sussuapara\/#primaryimage"},"thumbnailUrl":"https:\/\/portalnpm.com\/wp-content\/uploads\/2025\/07\/IMG_6613.jpeg","datePublished":"2025-07-31T18:16:26+00:00","dateModified":"2025-07-31T18:16:26+00:00","author":{"@id":"https:\/\/portalnpm.com\/#\/schema\/person\/49313e563cfdefcc167f1ee4c017c294"},"breadcrumb":{"@id":"https:\/\/portalnpm.com\/index.php\/2025\/07\/31\/colisao-entre-motocicleta-e-carro-resulta-em-incendio-e-em-uma-vitima-fatal-na-sussuapara\/#breadcrumb"},"inLanguage":"pt-BR","potentialAction":[{"@type":"ReadAction","target":["https:\/\/portalnpm.com\/index.php\/2025\/07\/31\/colisao-entre-motocicleta-e-carro-resulta-em-incendio-e-em-uma-vitima-fatal-na-sussuapara\/"]}]},{"@type":"ImageObject","inLanguage":"pt-BR","@id":"https:\/\/portalnpm.com\/index.php\/2025\/07\/31\/colisao-entre-motocicleta-e-carro-resulta-em-incendio-e-em-uma-vitima-fatal-na-sussuapara\/#primaryimage","url":"https:\/\/portalnpm.com\/wp-content\/uploads\/2025\/07\/IMG_6613.jpeg","contentUrl":"https:\/\/portalnpm.com\/wp-content\/uploads\/2025\/07\/IMG_6613.jpeg","width":1170,"height":837},{"@type":"BreadcrumbList","@id":"https:\/\/portalnpm.com\/index.php\/2025\/07\/31\/colisao-entre-motocicleta-e-carro-resulta-em-incendio-e-em-uma-vitima-fatal-na-sussuapara\/#breadcrumb","itemListElement":[{"@type":"ListItem","position":1,"name":"In\u00edcio","item":"https:\/\/portalnpm.com\/"},{"@type":"ListItem","position":2,"name":"Colis\u00e3o entre motocicleta e carro resulta em inc\u00eandio e em uma v\u00edtima fatal na Sussuapara"}]},{"@type":"WebSite","@id":"https:\/\/portalnpm.com\/#website","url":"https:\/\/portalnpm.com\/","name":"Portal NPM","description":"Not\u00edcias em Primeira M\u00e3o","potentialAction":[{"@type":"SearchAction","target":{"@type":"EntryPoint","urlTemplate":"https:\/\/portalnpm.com\/?s={search_term_string}"},"query-input":"required name=search_term_string"}],"inLanguage":"pt-BR"},{"@type":"Person","@id":"https:\/\/portalnpm.com\/#\/schema\/person\/49313e563cfdefcc167f1ee4c017c294","name":"Genival Barbosa","image":{"@type":"ImageObject","inLanguage":"pt-BR","@id":"https:\/\/portalnpm.com\/#\/schema\/person\/image\/","url":"https:\/\/portalnpm.com\/wp-content\/uploads\/2024\/02\/avatar_user_2_1707743258-96x96.jpeg","contentUrl":"https:\/\/portalnpm.com\/wp-content\/uploads\/2024\/02\/avatar_user_2_1707743258-96x96.jpeg","caption":"Genival Barbosa"},"url":"https:\/\/portalnpm.com\/index.php\/author\/genival\/"}]}},"jetpack_sharing_enabled":true,"jetpack_featured_media_url":"https:\/\/portalnpm.com\/wp-content\/uploads\/2025\/07\/IMG_6613.jpeg","_links":{"self":[{"href":"https:\/\/portalnpm.com\/index.php\/wp-json\/wp\/v2\/posts\/89473"}],"collection":[{"href":"https:\/\/portalnpm.com\/index.php\/wp-json\/wp\/v2\/posts"}],"about":[{"href":"https:\/\/portalnpm.com\/index.php\/wp-json\/wp\/v2\/types\/post"}],"author":[{"embeddable":true,"href":"https:\/\/portalnpm.com\/index.php\/wp-json\/wp\/v2\/users\/2"}],"replies":[{"embeddable":true,"href":"https:\/\/portalnpm.com\/index.php\/wp-json\/wp\/v2\/comments?post=89473"}],"version-history":[{"count":1,"href":"https:\/\/portalnpm.com\/index.php\/wp-json\/wp\/v2\/posts\/89473\/revisions"}],"predecessor-version":[{"id":89475,"href":"https:\/\/portalnpm.com\/index.php\/wp-json\/wp\/v2\/posts\/89473\/revisions\/89475"}],"wp:featuredmedia":[{"embeddable":true,"href":"https:\/\/portalnpm.com\/index.php\/wp-json\/wp\/v2\/media\/89474"}],"wp:attachment":[{"href":"https:\/\/portalnpm.com\/index.php\/wp-json\/wp\/v2\/media?parent=89473"}],"wp:term":[{"taxonomy":"category","embeddable":true,"href":"https:\/\/portalnpm.com\/index.php\/wp-json\/wp\/v2\/categories?post=89473"},{"taxonomy":"post_tag","embeddable":true,"href":"https:\/\/portalnpm.com\/index.php\/wp-json\/wp\/v2\/tags?post=89473"}],"curies":[{"name":"wp","href":"https:\/\/api.w.org\/{rel}","templated":true}]}}