{"id":89524,"date":"2025-08-01T10:45:03","date_gmt":"2025-08-01T13:45:03","guid":{"rendered":"https:\/\/portalnpm.com\/?p=89524"},"modified":"2025-08-01T10:45:03","modified_gmt":"2025-08-01T13:45:03","slug":"morre-aos-87-anos-o-medico-e-ex-vice-prefeito-de-picos-dr-osvaldo-alves-costa","status":"publish","type":"post","link":"https:\/\/portalnpm.com\/index.php\/2025\/08\/01\/morre-aos-87-anos-o-medico-e-ex-vice-prefeito-de-picos-dr-osvaldo-alves-costa\/","title":{"rendered":"Morre aos 87 anos o m\u00e9dico e ex-vice-prefeito de Picos, Dr. Osvaldo Alves Costa"},"content":{"rendered":"<header class=\"cm-entry-header\"><\/header>\n<div class=\"cm-entry-summary\">\n<h4 class=\"subtitulo-post\"><\/h4>\n<p>Faleceu no in\u00edcio da noite desta quinta-feira (31) o m\u00e9dico picoense Osvaldo Alves Costa, aos 87 anos. Ele estava internado h\u00e1 cerca de 15 dias na Unidade de Terapia Intensiva do Hospital S\u00e3o Marcos, em Teresina, ap\u00f3s sofrer uma queda enquanto realizava uma caminhada, que agravou seu estado de sa\u00fade.<\/p>\n<p data-start=\"646\" data-end=\"1160\"><span data-wpmeteor-touchmove=\"true\">Dr. Osvaldo atuava como cirurgi\u00e3o e era reconhecido por sua dedica\u00e7\u00e3o \u00e0 medicina em Picos e regi\u00e3o. Al\u00e9m da carreira m\u00e9dica, construiu tamb\u00e9m uma trajet\u00f3ria marcante na pol\u00edtica local. De fam\u00edlia tradicional, foi eleito vereador de Picos, onde chegou \u00e0 presid\u00eancia da Casa Legislativa. Ele exerceu o cargo de vice-prefeito entre 1989 e 1993, ao lado do ent\u00e3o prefeito Jos\u00e9 N\u00e9ri de Sousa. Tamb\u00e9m ocupou a fun\u00e7\u00e3o de secret\u00e1rio municipal de Sa\u00fade no munic\u00edpio de Picos.<\/span><\/p>\n<p data-start=\"1162\" data-end=\"1244\">O vel\u00f3rio acontece inicialmente na Pax Uni\u00e3o, em Teresina, na Avenida Miguel Rosa. Pela manh\u00e3 desta sexta-feira, o corpo ser\u00e1 trasladado para Picos, onde receber\u00e1 uma homenagem na C\u00e2mara de Vereadores e ser\u00e1 velado na Paf Vida, na Rua do Cruzeiro. \u00c0 tarde, haver\u00e1 missa de corpo presente na Igrejinha do Sagrado Cora\u00e7\u00e3o de Jesus, seguida do sepultamento no Cemit\u00e9rio S\u00e3o Pedro de Alc\u00e2ntara.<\/p>\n<p data-start=\"1162\" data-end=\"1244\">Fonte: Portal Grande Picos<\/p>\n<\/div>\n","protected":false},"excerpt":{"rendered":"<p>Faleceu no in\u00edcio da noite desta quinta-feira (31) o m\u00e9dico picoense Osvaldo Alves Costa, aos 87 anos. Ele estava internado h\u00e1 cerca de 15 dias na Unidade de Terapia Intensiva do Hospital S\u00e3o Marcos, em Teresina, ap\u00f3s sofrer uma queda enquanto realizava uma caminhada, que agravou seu estado de sa\u00fade. Dr. Osvaldo atuava como cirurgi\u00e3o &hellip;<\/p>\n","protected":false},"author":2,"featured_media":89525,"comment_status":"open","ping_status":"open","sticky":false,"template":"","format":"standard","meta":{"content-type":"","rop_custom_images_group":[],"rop_custom_messages_group":[],"rop_publish_now":"yes","rop_publish_now_accounts":{"facebook_2648258775420054_1618374048415101":""},"rop_publish_now_history":[],"rop_publish_now_status":"pending","footnotes":"","_jetpack_memberships_contains_paid_content":false},"categories":[113,109,3996],"tags":[7389,11380,221,953,4025,230,4262,4678,1501,132,16687,128],"yoast_head":"<!-- This site is optimized with the Yoast SEO plugin v22.3 - https:\/\/yoast.com\/wordpress\/plugins\/seo\/ -->\n<title>Morre aos 87 anos o m\u00e9dico e ex-vice-prefeito de Picos, Dr. Osvaldo Alves Costa - Portal NPM<\/title>\n<meta name=\"robots\" content=\"index, follow, max-snippet:-1, max-image-preview:large, max-video-preview:-1\" \/>\n<link rel=\"canonical\" href=\"https:\/\/portalnpm.com\/index.php\/2025\/08\/01\/morre-aos-87-anos-o-medico-e-ex-vice-prefeito-de-picos-dr-osvaldo-alves-costa\/\" \/>\n<meta property=\"og:locale\" content=\"pt_BR\" \/>\n<meta property=\"og:type\" content=\"article\" \/>\n<meta property=\"og:title\" content=\"Morre aos 87 anos o m\u00e9dico e ex-vice-prefeito de Picos, Dr. Osvaldo Alves Costa - Portal NPM\" \/>\n<meta property=\"og:description\" content=\"Faleceu no in\u00edcio da noite desta quinta-feira (31) o m\u00e9dico picoense Osvaldo Alves Costa, aos 87 anos. Ele estava internado h\u00e1 cerca de 15 dias na Unidade de Terapia Intensiva do Hospital S\u00e3o Marcos, em Teresina, ap\u00f3s sofrer uma queda enquanto realizava uma caminhada, que agravou seu estado de sa\u00fade. Dr. Osvaldo atuava como cirurgi\u00e3o &hellip;\" \/>\n<meta property=\"og:url\" content=\"https:\/\/portalnpm.com\/index.php\/2025\/08\/01\/morre-aos-87-anos-o-medico-e-ex-vice-prefeito-de-picos-dr-osvaldo-alves-costa\/\" \/>\n<meta property=\"og:site_name\" content=\"Portal NPM\" \/>\n<meta property=\"article:published_time\" content=\"2025-08-01T13:45:03+00:00\" \/>\n<meta property=\"og:image\" content=\"https:\/\/portalnpm.com\/wp-content\/uploads\/2025\/08\/mega-2-1-800x445-1.jpg\" \/>\n\t<meta property=\"og:image:width\" content=\"800\" \/>\n\t<meta property=\"og:image:height\" content=\"445\" \/>\n\t<meta property=\"og:image:type\" content=\"image\/jpeg\" \/>\n<meta name=\"author\" content=\"Genival Barbosa\" \/>\n<meta name=\"twitter:card\" content=\"summary_large_image\" \/>\n<meta name=\"twitter:label1\" content=\"Escrito por\" \/>\n\t<meta name=\"twitter:data1\" content=\"Genival Barbosa\" \/>\n\t<meta name=\"twitter:label2\" content=\"Est. tempo de leitura\" \/>\n\t<meta name=\"twitter:data2\" content=\"2 minutos\" \/>\n<script type=\"application\/ld+json\" class=\"yoast-schema-graph\">{\"@context\":\"https:\/\/schema.org\",\"@graph\":[{\"@type\":\"WebPage\",\"@id\":\"https:\/\/portalnpm.com\/index.php\/2025\/08\/01\/morre-aos-87-anos-o-medico-e-ex-vice-prefeito-de-picos-dr-osvaldo-alves-costa\/\",\"url\":\"https:\/\/portalnpm.com\/index.php\/2025\/08\/01\/morre-aos-87-anos-o-medico-e-ex-vice-prefeito-de-picos-dr-osvaldo-alves-costa\/\",\"name\":\"Morre aos 87 anos o m\u00e9dico e ex-vice-prefeito de Picos, Dr. Osvaldo Alves Costa - Portal NPM\",\"isPartOf\":{\"@id\":\"https:\/\/portalnpm.com\/#website\"},\"primaryImageOfPage\":{\"@id\":\"https:\/\/portalnpm.com\/index.php\/2025\/08\/01\/morre-aos-87-anos-o-medico-e-ex-vice-prefeito-de-picos-dr-osvaldo-alves-costa\/#primaryimage\"},\"image\":{\"@id\":\"https:\/\/portalnpm.com\/index.php\/2025\/08\/01\/morre-aos-87-anos-o-medico-e-ex-vice-prefeito-de-picos-dr-osvaldo-alves-costa\/#primaryimage\"},\"thumbnailUrl\":\"https:\/\/portalnpm.com\/wp-content\/uploads\/2025\/08\/mega-2-1-800x445-1.jpg\",\"datePublished\":\"2025-08-01T13:45:03+00:00\",\"dateModified\":\"2025-08-01T13:45:03+00:00\",\"author\":{\"@id\":\"https:\/\/portalnpm.com\/#\/schema\/person\/49313e563cfdefcc167f1ee4c017c294\"},\"breadcrumb\":{\"@id\":\"https:\/\/portalnpm.com\/index.php\/2025\/08\/01\/morre-aos-87-anos-o-medico-e-ex-vice-prefeito-de-picos-dr-osvaldo-alves-costa\/#breadcrumb\"},\"inLanguage\":\"pt-BR\",\"potentialAction\":[{\"@type\":\"ReadAction\",\"target\":[\"https:\/\/portalnpm.com\/index.php\/2025\/08\/01\/morre-aos-87-anos-o-medico-e-ex-vice-prefeito-de-picos-dr-osvaldo-alves-costa\/\"]}]},{\"@type\":\"ImageObject\",\"inLanguage\":\"pt-BR\",\"@id\":\"https:\/\/portalnpm.com\/index.php\/2025\/08\/01\/morre-aos-87-anos-o-medico-e-ex-vice-prefeito-de-picos-dr-osvaldo-alves-costa\/#primaryimage\",\"url\":\"https:\/\/portalnpm.com\/wp-content\/uploads\/2025\/08\/mega-2-1-800x445-1.jpg\",\"contentUrl\":\"https:\/\/portalnpm.com\/wp-content\/uploads\/2025\/08\/mega-2-1-800x445-1.jpg\",\"width\":800,\"height\":445},{\"@type\":\"BreadcrumbList\",\"@id\":\"https:\/\/portalnpm.com\/index.php\/2025\/08\/01\/morre-aos-87-anos-o-medico-e-ex-vice-prefeito-de-picos-dr-osvaldo-alves-costa\/#breadcrumb\",\"itemListElement\":[{\"@type\":\"ListItem\",\"position\":1,\"name\":\"In\u00edcio\",\"item\":\"https:\/\/portalnpm.com\/\"},{\"@type\":\"ListItem\",\"position\":2,\"name\":\"Morre aos 87 anos o m\u00e9dico e ex-vice-prefeito de Picos, Dr. Osvaldo Alves Costa\"}]},{\"@type\":\"WebSite\",\"@id\":\"https:\/\/portalnpm.com\/#website\",\"url\":\"https:\/\/portalnpm.com\/\",\"name\":\"Portal NPM\",\"description\":\"Not\u00edcias em Primeira M\u00e3o\",\"potentialAction\":[{\"@type\":\"SearchAction\",\"target\":{\"@type\":\"EntryPoint\",\"urlTemplate\":\"https:\/\/portalnpm.com\/?s={search_term_string}\"},\"query-input\":\"required name=search_term_string\"}],\"inLanguage\":\"pt-BR\"},{\"@type\":\"Person\",\"@id\":\"https:\/\/portalnpm.com\/#\/schema\/person\/49313e563cfdefcc167f1ee4c017c294\",\"name\":\"Genival Barbosa\",\"image\":{\"@type\":\"ImageObject\",\"inLanguage\":\"pt-BR\",\"@id\":\"https:\/\/portalnpm.com\/#\/schema\/person\/image\/\",\"url\":\"https:\/\/portalnpm.com\/wp-content\/uploads\/2024\/02\/avatar_user_2_1707743258-96x96.jpeg\",\"contentUrl\":\"https:\/\/portalnpm.com\/wp-content\/uploads\/2024\/02\/avatar_user_2_1707743258-96x96.jpeg\",\"caption\":\"Genival Barbosa\"},\"url\":\"https:\/\/portalnpm.com\/index.php\/author\/genival\/\"}]}<\/script>\n<!-- \/ Yoast SEO plugin. -->","yoast_head_json":{"title":"Morre aos 87 anos o m\u00e9dico e ex-vice-prefeito de Picos, Dr. Osvaldo Alves Costa - Portal NPM","robots":{"index":"index","follow":"follow","max-snippet":"max-snippet:-1","max-image-preview":"max-image-preview:large","max-video-preview":"max-video-preview:-1"},"canonical":"https:\/\/portalnpm.com\/index.php\/2025\/08\/01\/morre-aos-87-anos-o-medico-e-ex-vice-prefeito-de-picos-dr-osvaldo-alves-costa\/","og_locale":"pt_BR","og_type":"article","og_title":"Morre aos 87 anos o m\u00e9dico e ex-vice-prefeito de Picos, Dr. Osvaldo Alves Costa - Portal NPM","og_description":"Faleceu no in\u00edcio da noite desta quinta-feira (31) o m\u00e9dico picoense Osvaldo Alves Costa, aos 87 anos. Ele estava internado h\u00e1 cerca de 15 dias na Unidade de Terapia Intensiva do Hospital S\u00e3o Marcos, em Teresina, ap\u00f3s sofrer uma queda enquanto realizava uma caminhada, que agravou seu estado de sa\u00fade. Dr. Osvaldo atuava como cirurgi\u00e3o &hellip;","og_url":"https:\/\/portalnpm.com\/index.php\/2025\/08\/01\/morre-aos-87-anos-o-medico-e-ex-vice-prefeito-de-picos-dr-osvaldo-alves-costa\/","og_site_name":"Portal NPM","article_published_time":"2025-08-01T13:45:03+00:00","og_image":[{"width":800,"height":445,"url":"https:\/\/portalnpm.com\/wp-content\/uploads\/2025\/08\/mega-2-1-800x445-1.jpg","type":"image\/jpeg"}],"author":"Genival Barbosa","twitter_card":"summary_large_image","twitter_misc":{"Escrito por":"Genival Barbosa","Est. tempo de leitura":"2 minutos"},"schema":{"@context":"https:\/\/schema.org","@graph":[{"@type":"WebPage","@id":"https:\/\/portalnpm.com\/index.php\/2025\/08\/01\/morre-aos-87-anos-o-medico-e-ex-vice-prefeito-de-picos-dr-osvaldo-alves-costa\/","url":"https:\/\/portalnpm.com\/index.php\/2025\/08\/01\/morre-aos-87-anos-o-medico-e-ex-vice-prefeito-de-picos-dr-osvaldo-alves-costa\/","name":"Morre aos 87 anos o m\u00e9dico e ex-vice-prefeito de Picos, Dr. Osvaldo Alves Costa - Portal NPM","isPartOf":{"@id":"https:\/\/portalnpm.com\/#website"},"primaryImageOfPage":{"@id":"https:\/\/portalnpm.com\/index.php\/2025\/08\/01\/morre-aos-87-anos-o-medico-e-ex-vice-prefeito-de-picos-dr-osvaldo-alves-costa\/#primaryimage"},"image":{"@id":"https:\/\/portalnpm.com\/index.php\/2025\/08\/01\/morre-aos-87-anos-o-medico-e-ex-vice-prefeito-de-picos-dr-osvaldo-alves-costa\/#primaryimage"},"thumbnailUrl":"https:\/\/portalnpm.com\/wp-content\/uploads\/2025\/08\/mega-2-1-800x445-1.jpg","datePublished":"2025-08-01T13:45:03+00:00","dateModified":"2025-08-01T13:45:03+00:00","author":{"@id":"https:\/\/portalnpm.com\/#\/schema\/person\/49313e563cfdefcc167f1ee4c017c294"},"breadcrumb":{"@id":"https:\/\/portalnpm.com\/index.php\/2025\/08\/01\/morre-aos-87-anos-o-medico-e-ex-vice-prefeito-de-picos-dr-osvaldo-alves-costa\/#breadcrumb"},"inLanguage":"pt-BR","potentialAction":[{"@type":"ReadAction","target":["https:\/\/portalnpm.com\/index.php\/2025\/08\/01\/morre-aos-87-anos-o-medico-e-ex-vice-prefeito-de-picos-dr-osvaldo-alves-costa\/"]}]},{"@type":"ImageObject","inLanguage":"pt-BR","@id":"https:\/\/portalnpm.com\/index.php\/2025\/08\/01\/morre-aos-87-anos-o-medico-e-ex-vice-prefeito-de-picos-dr-osvaldo-alves-costa\/#primaryimage","url":"https:\/\/portalnpm.com\/wp-content\/uploads\/2025\/08\/mega-2-1-800x445-1.jpg","contentUrl":"https:\/\/portalnpm.com\/wp-content\/uploads\/2025\/08\/mega-2-1-800x445-1.jpg","width":800,"height":445},{"@type":"BreadcrumbList","@id":"https:\/\/portalnpm.com\/index.php\/2025\/08\/01\/morre-aos-87-anos-o-medico-e-ex-vice-prefeito-de-picos-dr-osvaldo-alves-costa\/#breadcrumb","itemListElement":[{"@type":"ListItem","position":1,"name":"In\u00edcio","item":"https:\/\/portalnpm.com\/"},{"@type":"ListItem","position":2,"name":"Morre aos 87 anos o m\u00e9dico e ex-vice-prefeito de Picos, Dr. Osvaldo Alves Costa"}]},{"@type":"WebSite","@id":"https:\/\/portalnpm.com\/#website","url":"https:\/\/portalnpm.com\/","name":"Portal NPM","description":"Not\u00edcias em Primeira M\u00e3o","potentialAction":[{"@type":"SearchAction","target":{"@type":"EntryPoint","urlTemplate":"https:\/\/portalnpm.com\/?s={search_term_string}"},"query-input":"required name=search_term_string"}],"inLanguage":"pt-BR"},{"@type":"Person","@id":"https:\/\/portalnpm.com\/#\/schema\/person\/49313e563cfdefcc167f1ee4c017c294","name":"Genival Barbosa","image":{"@type":"ImageObject","inLanguage":"pt-BR","@id":"https:\/\/portalnpm.com\/#\/schema\/person\/image\/","url":"https:\/\/portalnpm.com\/wp-content\/uploads\/2024\/02\/avatar_user_2_1707743258-96x96.jpeg","contentUrl":"https:\/\/portalnpm.com\/wp-content\/uploads\/2024\/02\/avatar_user_2_1707743258-96x96.jpeg","caption":"Genival Barbosa"},"url":"https:\/\/portalnpm.com\/index.php\/author\/genival\/"}]}},"jetpack_sharing_enabled":true,"jetpack_featured_media_url":"https:\/\/portalnpm.com\/wp-content\/uploads\/2025\/08\/mega-2-1-800x445-1.jpg","_links":{"self":[{"href":"https:\/\/portalnpm.com\/index.php\/wp-json\/wp\/v2\/posts\/89524"}],"collection":[{"href":"https:\/\/portalnpm.com\/index.php\/wp-json\/wp\/v2\/posts"}],"about":[{"href":"https:\/\/portalnpm.com\/index.php\/wp-json\/wp\/v2\/types\/post"}],"author":[{"embeddable":true,"href":"https:\/\/portalnpm.com\/index.php\/wp-json\/wp\/v2\/users\/2"}],"replies":[{"embeddable":true,"href":"https:\/\/portalnpm.com\/index.php\/wp-json\/wp\/v2\/comments?post=89524"}],"version-history":[{"count":1,"href":"https:\/\/portalnpm.com\/index.php\/wp-json\/wp\/v2\/posts\/89524\/revisions"}],"predecessor-version":[{"id":89526,"href":"https:\/\/portalnpm.com\/index.php\/wp-json\/wp\/v2\/posts\/89524\/revisions\/89526"}],"wp:featuredmedia":[{"embeddable":true,"href":"https:\/\/portalnpm.com\/index.php\/wp-json\/wp\/v2\/media\/89525"}],"wp:attachment":[{"href":"https:\/\/portalnpm.com\/index.php\/wp-json\/wp\/v2\/media?parent=89524"}],"wp:term":[{"taxonomy":"category","embeddable":true,"href":"https:\/\/portalnpm.com\/index.php\/wp-json\/wp\/v2\/categories?post=89524"},{"taxonomy":"post_tag","embeddable":true,"href":"https:\/\/portalnpm.com\/index.php\/wp-json\/wp\/v2\/tags?post=89524"}],"curies":[{"name":"wp","href":"https:\/\/api.w.org\/{rel}","templated":true}]}}