{"id":89547,"date":"2025-08-09T10:44:01","date_gmt":"2025-08-09T13:44:01","guid":{"rendered":"https:\/\/portalnpm.com\/?p=89547"},"modified":"2025-08-09T10:44:01","modified_gmt":"2025-08-09T13:44:01","slug":"prefeitura-de-sao-juliao-capacita-profissionais-de-saude-sobre-sistema-de-informacao-em-vacinas-veja","status":"publish","type":"post","link":"https:\/\/portalnpm.com\/index.php\/2025\/08\/09\/prefeitura-de-sao-juliao-capacita-profissionais-de-saude-sobre-sistema-de-informacao-em-vacinas-veja\/","title":{"rendered":"Prefeitura de S\u00e3o Juli\u00e3o capacita profissionais de Sa\u00fade sobre sistema de informa\u00e7\u00e3o em vacinas; veja!\u00a0"},"content":{"rendered":"<p>A Prefeitura de S\u00e3o Juli\u00e3o, por meio da Secretaria Municipal de Sa\u00fade, promoveu nesta sexta-feira (8) uma capacita\u00e7\u00e3o voltada para t\u00e9cnicos e enfermeiros que atuam nas salas de vacina do munic\u00edpio. O encontro ocorreu no Audit\u00f3rio Francisco Marcolino de Sousa e abordou o uso do Sistema de Informa\u00e7\u00e3o sobre Vacinas (SI-PNI), plataforma utilizada para registrar e acompanhar as doses aplicadas.<\/p>\n<p><img fetchpriority=\"high\" decoding=\"async\" class=\"alignnone size-medium wp-image-89550\" src=\"https:\/\/portalnpm.com\/wp-content\/uploads\/2025\/08\/IMG-20250809-WA0070-300x225.jpg\" alt=\"\" width=\"300\" height=\"225\" srcset=\"https:\/\/portalnpm.com\/wp-content\/uploads\/2025\/08\/IMG-20250809-WA0070-300x225.jpg 300w, https:\/\/portalnpm.com\/wp-content\/uploads\/2025\/08\/IMG-20250809-WA0070-1024x768.jpg 1024w, https:\/\/portalnpm.com\/wp-content\/uploads\/2025\/08\/IMG-20250809-WA0070-768x576.jpg 768w, https:\/\/portalnpm.com\/wp-content\/uploads\/2025\/08\/IMG-20250809-WA0070-1536x1152.jpg 1536w, https:\/\/portalnpm.com\/wp-content\/uploads\/2025\/08\/IMG-20250809-WA0070-2048x1536.jpg 2048w\" sizes=\"(max-width: 300px) 100vw, 300px\" \/><\/p>\n<p>A forma\u00e7\u00e3o foi ministrada pelo palestrante Magno Bruno, que explicou as funcionalidades do sistema e refor\u00e7ou a import\u00e2ncia do correto preenchimento das informa\u00e7\u00f5es para melhorar a organiza\u00e7\u00e3o dos dados, planejar campanhas e atingir as metas do Minist\u00e9rio da Sa\u00fade.<\/p>\n<p>A secret\u00e1ria de Sa\u00fade, Dra. Saara Jane, destacou que manter a equipe atualizada \u00e9 fundamental para garantir mais qualidade e efici\u00eancia nos servi\u00e7os prestados \u00e0 popula\u00e7\u00e3o.<\/p>\n<p><img decoding=\"async\" class=\"alignnone size-medium wp-image-89549\" src=\"https:\/\/portalnpm.com\/wp-content\/uploads\/2025\/08\/IMG-20250809-WA0065-300x225.jpg\" alt=\"\" width=\"300\" height=\"225\" srcset=\"https:\/\/portalnpm.com\/wp-content\/uploads\/2025\/08\/IMG-20250809-WA0065-300x225.jpg 300w, https:\/\/portalnpm.com\/wp-content\/uploads\/2025\/08\/IMG-20250809-WA0065-1024x768.jpg 1024w, https:\/\/portalnpm.com\/wp-content\/uploads\/2025\/08\/IMG-20250809-WA0065-768x576.jpg 768w, https:\/\/portalnpm.com\/wp-content\/uploads\/2025\/08\/IMG-20250809-WA0065-1536x1152.jpg 1536w, https:\/\/portalnpm.com\/wp-content\/uploads\/2025\/08\/IMG-20250809-WA0065-2048x1536.jpg 2048w\" sizes=\"(max-width: 300px) 100vw, 300px\" \/><\/p>\n<p>A a\u00e7\u00e3o integra as iniciativas da gest\u00e3o do prefeito Renaldinho Ramos para fortalecer a imuniza\u00e7\u00e3o no munic\u00edpio e ampliar a cobertura vacinal.<\/p>\n<p><img decoding=\"async\" class=\"alignnone size-medium wp-image-89551\" src=\"https:\/\/portalnpm.com\/wp-content\/uploads\/2025\/08\/IMG-20250809-WA0075-300x225.jpg\" alt=\"\" width=\"300\" height=\"225\" srcset=\"https:\/\/portalnpm.com\/wp-content\/uploads\/2025\/08\/IMG-20250809-WA0075-300x225.jpg 300w, https:\/\/portalnpm.com\/wp-content\/uploads\/2025\/08\/IMG-20250809-WA0075-1024x768.jpg 1024w, https:\/\/portalnpm.com\/wp-content\/uploads\/2025\/08\/IMG-20250809-WA0075-768x576.jpg 768w, https:\/\/portalnpm.com\/wp-content\/uploads\/2025\/08\/IMG-20250809-WA0075-1536x1152.jpg 1536w, https:\/\/portalnpm.com\/wp-content\/uploads\/2025\/08\/IMG-20250809-WA0075-2048x1536.jpg 2048w\" sizes=\"(max-width: 300px) 100vw, 300px\" \/> <img loading=\"lazy\" decoding=\"async\" class=\"alignnone size-medium wp-image-89552\" src=\"https:\/\/portalnpm.com\/wp-content\/uploads\/2025\/08\/IMG-20250809-WA0071-300x225.jpg\" alt=\"\" width=\"300\" height=\"225\" srcset=\"https:\/\/portalnpm.com\/wp-content\/uploads\/2025\/08\/IMG-20250809-WA0071-300x225.jpg 300w, https:\/\/portalnpm.com\/wp-content\/uploads\/2025\/08\/IMG-20250809-WA0071-1024x768.jpg 1024w, https:\/\/portalnpm.com\/wp-content\/uploads\/2025\/08\/IMG-20250809-WA0071-768x576.jpg 768w, https:\/\/portalnpm.com\/wp-content\/uploads\/2025\/08\/IMG-20250809-WA0071-1536x1152.jpg 1536w, https:\/\/portalnpm.com\/wp-content\/uploads\/2025\/08\/IMG-20250809-WA0071-2048x1536.jpg 2048w\" sizes=\"(max-width: 300px) 100vw, 300px\" \/> <img loading=\"lazy\" decoding=\"async\" class=\"alignnone size-medium wp-image-89553\" src=\"https:\/\/portalnpm.com\/wp-content\/uploads\/2025\/08\/IMG-20250809-WA0062-300x225.jpg\" alt=\"\" width=\"300\" height=\"225\" srcset=\"https:\/\/portalnpm.com\/wp-content\/uploads\/2025\/08\/IMG-20250809-WA0062-300x225.jpg 300w, https:\/\/portalnpm.com\/wp-content\/uploads\/2025\/08\/IMG-20250809-WA0062-1024x768.jpg 1024w, https:\/\/portalnpm.com\/wp-content\/uploads\/2025\/08\/IMG-20250809-WA0062-768x576.jpg 768w, https:\/\/portalnpm.com\/wp-content\/uploads\/2025\/08\/IMG-20250809-WA0062-1536x1152.jpg 1536w, https:\/\/portalnpm.com\/wp-content\/uploads\/2025\/08\/IMG-20250809-WA0062-2048x1536.jpg 2048w\" sizes=\"(max-width: 300px) 100vw, 300px\" \/> <img loading=\"lazy\" decoding=\"async\" class=\"alignnone size-medium wp-image-89554\" src=\"https:\/\/portalnpm.com\/wp-content\/uploads\/2025\/08\/IMG-20250809-WA0067-300x225.jpg\" alt=\"\" width=\"300\" height=\"225\" srcset=\"https:\/\/portalnpm.com\/wp-content\/uploads\/2025\/08\/IMG-20250809-WA0067-300x225.jpg 300w, https:\/\/portalnpm.com\/wp-content\/uploads\/2025\/08\/IMG-20250809-WA0067-1024x768.jpg 1024w, https:\/\/portalnpm.com\/wp-content\/uploads\/2025\/08\/IMG-20250809-WA0067-768x576.jpg 768w, https:\/\/portalnpm.com\/wp-content\/uploads\/2025\/08\/IMG-20250809-WA0067-1536x1152.jpg 1536w, https:\/\/portalnpm.com\/wp-content\/uploads\/2025\/08\/IMG-20250809-WA0067-2048x1536.jpg 2048w\" sizes=\"(max-width: 300px) 100vw, 300px\" \/><\/p>\n","protected":false},"excerpt":{"rendered":"<p>A Prefeitura de S\u00e3o Juli\u00e3o, por meio da Secretaria Municipal de Sa\u00fade, promoveu nesta sexta-feira (8) uma capacita\u00e7\u00e3o voltada para t\u00e9cnicos e enfermeiros que atuam nas salas de vacina do munic\u00edpio. O encontro ocorreu no Audit\u00f3rio Francisco Marcolino de Sousa e abordou o uso do Sistema de Informa\u00e7\u00e3o sobre Vacinas (SI-PNI), plataforma utilizada para registrar &hellip;<\/p>\n","protected":false},"author":3,"featured_media":89548,"comment_status":"open","ping_status":"open","sticky":false,"template":"","format":"standard","meta":{"content-type":"","rop_custom_images_group":[],"rop_custom_messages_group":[],"rop_publish_now":"yes","rop_publish_now_accounts":{"facebook_2648258775420054_1618374048415101":""},"rop_publish_now_history":[],"rop_publish_now_status":"pending","footnotes":"","_jetpack_memberships_contains_paid_content":false},"categories":[113,109,3998],"tags":[16225,230,855,9367,1197,222,4160,1196,417,779,1856,2723,842],"yoast_head":"<!-- This site is optimized with the Yoast SEO plugin v22.3 - https:\/\/yoast.com\/wordpress\/plugins\/seo\/ -->\n<title>Prefeitura de S\u00e3o Juli\u00e3o capacita profissionais de Sa\u00fade sobre sistema de informa\u00e7\u00e3o em vacinas; veja!\u00a0 - Portal NPM<\/title>\n<meta name=\"robots\" content=\"index, follow, max-snippet:-1, max-image-preview:large, max-video-preview:-1\" \/>\n<link rel=\"canonical\" href=\"https:\/\/portalnpm.com\/index.php\/2025\/08\/09\/prefeitura-de-sao-juliao-capacita-profissionais-de-saude-sobre-sistema-de-informacao-em-vacinas-veja\/\" \/>\n<meta property=\"og:locale\" content=\"pt_BR\" \/>\n<meta property=\"og:type\" content=\"article\" \/>\n<meta property=\"og:title\" content=\"Prefeitura de S\u00e3o Juli\u00e3o capacita profissionais de Sa\u00fade sobre sistema de informa\u00e7\u00e3o em vacinas; veja!\u00a0 - Portal NPM\" \/>\n<meta property=\"og:description\" content=\"A Prefeitura de S\u00e3o Juli\u00e3o, por meio da Secretaria Municipal de Sa\u00fade, promoveu nesta sexta-feira (8) uma capacita\u00e7\u00e3o voltada para t\u00e9cnicos e enfermeiros que atuam nas salas de vacina do munic\u00edpio. O encontro ocorreu no Audit\u00f3rio Francisco Marcolino de Sousa e abordou o uso do Sistema de Informa\u00e7\u00e3o sobre Vacinas (SI-PNI), plataforma utilizada para registrar &hellip;\" \/>\n<meta property=\"og:url\" content=\"https:\/\/portalnpm.com\/index.php\/2025\/08\/09\/prefeitura-de-sao-juliao-capacita-profissionais-de-saude-sobre-sistema-de-informacao-em-vacinas-veja\/\" \/>\n<meta property=\"og:site_name\" content=\"Portal NPM\" \/>\n<meta property=\"article:published_time\" content=\"2025-08-09T13:44:01+00:00\" \/>\n<meta property=\"og:image\" content=\"https:\/\/portalnpm.com\/wp-content\/uploads\/2025\/08\/IMG-20250809-WA0074-scaled.jpg\" \/>\n\t<meta property=\"og:image:width\" content=\"2560\" \/>\n\t<meta property=\"og:image:height\" content=\"1920\" \/>\n\t<meta property=\"og:image:type\" content=\"image\/jpeg\" \/>\n<meta name=\"author\" content=\"Luis Alberto\" \/>\n<meta name=\"twitter:card\" content=\"summary_large_image\" \/>\n<meta name=\"twitter:label1\" content=\"Escrito por\" \/>\n\t<meta name=\"twitter:data1\" content=\"Luis Alberto\" \/>\n\t<meta name=\"twitter:label2\" content=\"Est. tempo de leitura\" \/>\n\t<meta name=\"twitter:data2\" content=\"3 minutos\" \/>\n<script type=\"application\/ld+json\" class=\"yoast-schema-graph\">{\"@context\":\"https:\/\/schema.org\",\"@graph\":[{\"@type\":\"WebPage\",\"@id\":\"https:\/\/portalnpm.com\/index.php\/2025\/08\/09\/prefeitura-de-sao-juliao-capacita-profissionais-de-saude-sobre-sistema-de-informacao-em-vacinas-veja\/\",\"url\":\"https:\/\/portalnpm.com\/index.php\/2025\/08\/09\/prefeitura-de-sao-juliao-capacita-profissionais-de-saude-sobre-sistema-de-informacao-em-vacinas-veja\/\",\"name\":\"Prefeitura de S\u00e3o Juli\u00e3o capacita profissionais de Sa\u00fade sobre sistema de informa\u00e7\u00e3o em vacinas; veja!\u00a0 - Portal NPM\",\"isPartOf\":{\"@id\":\"https:\/\/portalnpm.com\/#website\"},\"primaryImageOfPage\":{\"@id\":\"https:\/\/portalnpm.com\/index.php\/2025\/08\/09\/prefeitura-de-sao-juliao-capacita-profissionais-de-saude-sobre-sistema-de-informacao-em-vacinas-veja\/#primaryimage\"},\"image\":{\"@id\":\"https:\/\/portalnpm.com\/index.php\/2025\/08\/09\/prefeitura-de-sao-juliao-capacita-profissionais-de-saude-sobre-sistema-de-informacao-em-vacinas-veja\/#primaryimage\"},\"thumbnailUrl\":\"https:\/\/portalnpm.com\/wp-content\/uploads\/2025\/08\/IMG-20250809-WA0074-scaled.jpg\",\"datePublished\":\"2025-08-09T13:44:01+00:00\",\"dateModified\":\"2025-08-09T13:44:01+00:00\",\"author\":{\"@id\":\"https:\/\/portalnpm.com\/#\/schema\/person\/5c8006acdf71774cd4e7a5ab98482152\"},\"breadcrumb\":{\"@id\":\"https:\/\/portalnpm.com\/index.php\/2025\/08\/09\/prefeitura-de-sao-juliao-capacita-profissionais-de-saude-sobre-sistema-de-informacao-em-vacinas-veja\/#breadcrumb\"},\"inLanguage\":\"pt-BR\",\"potentialAction\":[{\"@type\":\"ReadAction\",\"target\":[\"https:\/\/portalnpm.com\/index.php\/2025\/08\/09\/prefeitura-de-sao-juliao-capacita-profissionais-de-saude-sobre-sistema-de-informacao-em-vacinas-veja\/\"]}]},{\"@type\":\"ImageObject\",\"inLanguage\":\"pt-BR\",\"@id\":\"https:\/\/portalnpm.com\/index.php\/2025\/08\/09\/prefeitura-de-sao-juliao-capacita-profissionais-de-saude-sobre-sistema-de-informacao-em-vacinas-veja\/#primaryimage\",\"url\":\"https:\/\/portalnpm.com\/wp-content\/uploads\/2025\/08\/IMG-20250809-WA0074-scaled.jpg\",\"contentUrl\":\"https:\/\/portalnpm.com\/wp-content\/uploads\/2025\/08\/IMG-20250809-WA0074-scaled.jpg\",\"width\":2560,\"height\":1920},{\"@type\":\"BreadcrumbList\",\"@id\":\"https:\/\/portalnpm.com\/index.php\/2025\/08\/09\/prefeitura-de-sao-juliao-capacita-profissionais-de-saude-sobre-sistema-de-informacao-em-vacinas-veja\/#breadcrumb\",\"itemListElement\":[{\"@type\":\"ListItem\",\"position\":1,\"name\":\"In\u00edcio\",\"item\":\"https:\/\/portalnpm.com\/\"},{\"@type\":\"ListItem\",\"position\":2,\"name\":\"Prefeitura de S\u00e3o Juli\u00e3o capacita profissionais de Sa\u00fade sobre sistema de informa\u00e7\u00e3o em vacinas; veja!\u00a0\"}]},{\"@type\":\"WebSite\",\"@id\":\"https:\/\/portalnpm.com\/#website\",\"url\":\"https:\/\/portalnpm.com\/\",\"name\":\"Portal NPM\",\"description\":\"Not\u00edcias em Primeira M\u00e3o\",\"potentialAction\":[{\"@type\":\"SearchAction\",\"target\":{\"@type\":\"EntryPoint\",\"urlTemplate\":\"https:\/\/portalnpm.com\/?s={search_term_string}\"},\"query-input\":\"required name=search_term_string\"}],\"inLanguage\":\"pt-BR\"},{\"@type\":\"Person\",\"@id\":\"https:\/\/portalnpm.com\/#\/schema\/person\/5c8006acdf71774cd4e7a5ab98482152\",\"name\":\"Luis Alberto\",\"image\":{\"@type\":\"ImageObject\",\"inLanguage\":\"pt-BR\",\"@id\":\"https:\/\/portalnpm.com\/#\/schema\/person\/image\/\",\"url\":\"https:\/\/portalnpm.com\/wp-content\/uploads\/2024\/12\/avatar_user_3_1734699769-96x96.jpeg\",\"contentUrl\":\"https:\/\/portalnpm.com\/wp-content\/uploads\/2024\/12\/avatar_user_3_1734699769-96x96.jpeg\",\"caption\":\"Luis Alberto\"},\"description\":\"Editor-geral do Portal NPM, \u00e9 formado como T\u00e9cnico em Seguran\u00e7a do Trabalho pela Escola Metropolitana de Cursos T\u00e9cnicos. Det\u00e9m ainda licenciatura em Educa\u00e7\u00e3o F\u00edsica e bacharelado em Ci\u00eancias Pol\u00edticas, ambos obtidos pela institui\u00e7\u00e3o Anhanguera\/UNOPAR.\",\"url\":\"https:\/\/portalnpm.com\/index.php\/author\/pereira\/\"}]}<\/script>\n<!-- \/ Yoast SEO plugin. -->","yoast_head_json":{"title":"Prefeitura de S\u00e3o Juli\u00e3o capacita profissionais de Sa\u00fade sobre sistema de informa\u00e7\u00e3o em vacinas; veja!\u00a0 - Portal NPM","robots":{"index":"index","follow":"follow","max-snippet":"max-snippet:-1","max-image-preview":"max-image-preview:large","max-video-preview":"max-video-preview:-1"},"canonical":"https:\/\/portalnpm.com\/index.php\/2025\/08\/09\/prefeitura-de-sao-juliao-capacita-profissionais-de-saude-sobre-sistema-de-informacao-em-vacinas-veja\/","og_locale":"pt_BR","og_type":"article","og_title":"Prefeitura de S\u00e3o Juli\u00e3o capacita profissionais de Sa\u00fade sobre sistema de informa\u00e7\u00e3o em vacinas; veja!\u00a0 - Portal NPM","og_description":"A Prefeitura de S\u00e3o Juli\u00e3o, por meio da Secretaria Municipal de Sa\u00fade, promoveu nesta sexta-feira (8) uma capacita\u00e7\u00e3o voltada para t\u00e9cnicos e enfermeiros que atuam nas salas de vacina do munic\u00edpio. O encontro ocorreu no Audit\u00f3rio Francisco Marcolino de Sousa e abordou o uso do Sistema de Informa\u00e7\u00e3o sobre Vacinas (SI-PNI), plataforma utilizada para registrar &hellip;","og_url":"https:\/\/portalnpm.com\/index.php\/2025\/08\/09\/prefeitura-de-sao-juliao-capacita-profissionais-de-saude-sobre-sistema-de-informacao-em-vacinas-veja\/","og_site_name":"Portal NPM","article_published_time":"2025-08-09T13:44:01+00:00","og_image":[{"width":2560,"height":1920,"url":"https:\/\/portalnpm.com\/wp-content\/uploads\/2025\/08\/IMG-20250809-WA0074-scaled.jpg","type":"image\/jpeg"}],"author":"Luis Alberto","twitter_card":"summary_large_image","twitter_misc":{"Escrito por":"Luis Alberto","Est. tempo de leitura":"3 minutos"},"schema":{"@context":"https:\/\/schema.org","@graph":[{"@type":"WebPage","@id":"https:\/\/portalnpm.com\/index.php\/2025\/08\/09\/prefeitura-de-sao-juliao-capacita-profissionais-de-saude-sobre-sistema-de-informacao-em-vacinas-veja\/","url":"https:\/\/portalnpm.com\/index.php\/2025\/08\/09\/prefeitura-de-sao-juliao-capacita-profissionais-de-saude-sobre-sistema-de-informacao-em-vacinas-veja\/","name":"Prefeitura de S\u00e3o Juli\u00e3o capacita profissionais de Sa\u00fade sobre sistema de informa\u00e7\u00e3o em vacinas; veja!\u00a0 - Portal NPM","isPartOf":{"@id":"https:\/\/portalnpm.com\/#website"},"primaryImageOfPage":{"@id":"https:\/\/portalnpm.com\/index.php\/2025\/08\/09\/prefeitura-de-sao-juliao-capacita-profissionais-de-saude-sobre-sistema-de-informacao-em-vacinas-veja\/#primaryimage"},"image":{"@id":"https:\/\/portalnpm.com\/index.php\/2025\/08\/09\/prefeitura-de-sao-juliao-capacita-profissionais-de-saude-sobre-sistema-de-informacao-em-vacinas-veja\/#primaryimage"},"thumbnailUrl":"https:\/\/portalnpm.com\/wp-content\/uploads\/2025\/08\/IMG-20250809-WA0074-scaled.jpg","datePublished":"2025-08-09T13:44:01+00:00","dateModified":"2025-08-09T13:44:01+00:00","author":{"@id":"https:\/\/portalnpm.com\/#\/schema\/person\/5c8006acdf71774cd4e7a5ab98482152"},"breadcrumb":{"@id":"https:\/\/portalnpm.com\/index.php\/2025\/08\/09\/prefeitura-de-sao-juliao-capacita-profissionais-de-saude-sobre-sistema-de-informacao-em-vacinas-veja\/#breadcrumb"},"inLanguage":"pt-BR","potentialAction":[{"@type":"ReadAction","target":["https:\/\/portalnpm.com\/index.php\/2025\/08\/09\/prefeitura-de-sao-juliao-capacita-profissionais-de-saude-sobre-sistema-de-informacao-em-vacinas-veja\/"]}]},{"@type":"ImageObject","inLanguage":"pt-BR","@id":"https:\/\/portalnpm.com\/index.php\/2025\/08\/09\/prefeitura-de-sao-juliao-capacita-profissionais-de-saude-sobre-sistema-de-informacao-em-vacinas-veja\/#primaryimage","url":"https:\/\/portalnpm.com\/wp-content\/uploads\/2025\/08\/IMG-20250809-WA0074-scaled.jpg","contentUrl":"https:\/\/portalnpm.com\/wp-content\/uploads\/2025\/08\/IMG-20250809-WA0074-scaled.jpg","width":2560,"height":1920},{"@type":"BreadcrumbList","@id":"https:\/\/portalnpm.com\/index.php\/2025\/08\/09\/prefeitura-de-sao-juliao-capacita-profissionais-de-saude-sobre-sistema-de-informacao-em-vacinas-veja\/#breadcrumb","itemListElement":[{"@type":"ListItem","position":1,"name":"In\u00edcio","item":"https:\/\/portalnpm.com\/"},{"@type":"ListItem","position":2,"name":"Prefeitura de S\u00e3o Juli\u00e3o capacita profissionais de Sa\u00fade sobre sistema de informa\u00e7\u00e3o em vacinas; veja!\u00a0"}]},{"@type":"WebSite","@id":"https:\/\/portalnpm.com\/#website","url":"https:\/\/portalnpm.com\/","name":"Portal NPM","description":"Not\u00edcias em Primeira M\u00e3o","potentialAction":[{"@type":"SearchAction","target":{"@type":"EntryPoint","urlTemplate":"https:\/\/portalnpm.com\/?s={search_term_string}"},"query-input":"required name=search_term_string"}],"inLanguage":"pt-BR"},{"@type":"Person","@id":"https:\/\/portalnpm.com\/#\/schema\/person\/5c8006acdf71774cd4e7a5ab98482152","name":"Luis Alberto","image":{"@type":"ImageObject","inLanguage":"pt-BR","@id":"https:\/\/portalnpm.com\/#\/schema\/person\/image\/","url":"https:\/\/portalnpm.com\/wp-content\/uploads\/2024\/12\/avatar_user_3_1734699769-96x96.jpeg","contentUrl":"https:\/\/portalnpm.com\/wp-content\/uploads\/2024\/12\/avatar_user_3_1734699769-96x96.jpeg","caption":"Luis Alberto"},"description":"Editor-geral do Portal NPM, \u00e9 formado como T\u00e9cnico em Seguran\u00e7a do Trabalho pela Escola Metropolitana de Cursos T\u00e9cnicos. Det\u00e9m ainda licenciatura em Educa\u00e7\u00e3o F\u00edsica e bacharelado em Ci\u00eancias Pol\u00edticas, ambos obtidos pela institui\u00e7\u00e3o Anhanguera\/UNOPAR.","url":"https:\/\/portalnpm.com\/index.php\/author\/pereira\/"}]}},"jetpack_sharing_enabled":true,"jetpack_featured_media_url":"https:\/\/portalnpm.com\/wp-content\/uploads\/2025\/08\/IMG-20250809-WA0074-scaled.jpg","_links":{"self":[{"href":"https:\/\/portalnpm.com\/index.php\/wp-json\/wp\/v2\/posts\/89547"}],"collection":[{"href":"https:\/\/portalnpm.com\/index.php\/wp-json\/wp\/v2\/posts"}],"about":[{"href":"https:\/\/portalnpm.com\/index.php\/wp-json\/wp\/v2\/types\/post"}],"author":[{"embeddable":true,"href":"https:\/\/portalnpm.com\/index.php\/wp-json\/wp\/v2\/users\/3"}],"replies":[{"embeddable":true,"href":"https:\/\/portalnpm.com\/index.php\/wp-json\/wp\/v2\/comments?post=89547"}],"version-history":[{"count":1,"href":"https:\/\/portalnpm.com\/index.php\/wp-json\/wp\/v2\/posts\/89547\/revisions"}],"predecessor-version":[{"id":89555,"href":"https:\/\/portalnpm.com\/index.php\/wp-json\/wp\/v2\/posts\/89547\/revisions\/89555"}],"wp:featuredmedia":[{"embeddable":true,"href":"https:\/\/portalnpm.com\/index.php\/wp-json\/wp\/v2\/media\/89548"}],"wp:attachment":[{"href":"https:\/\/portalnpm.com\/index.php\/wp-json\/wp\/v2\/media?parent=89547"}],"wp:term":[{"taxonomy":"category","embeddable":true,"href":"https:\/\/portalnpm.com\/index.php\/wp-json\/wp\/v2\/categories?post=89547"},{"taxonomy":"post_tag","embeddable":true,"href":"https:\/\/portalnpm.com\/index.php\/wp-json\/wp\/v2\/tags?post=89547"}],"curies":[{"name":"wp","href":"https:\/\/api.w.org\/{rel}","templated":true}]}}