{"id":89613,"date":"2025-08-24T15:11:26","date_gmt":"2025-08-24T18:11:26","guid":{"rendered":"https:\/\/portalnpm.com\/?p=89613"},"modified":"2025-08-24T15:12:01","modified_gmt":"2025-08-24T18:12:01","slug":"sao-juliao-prefeito-renaldinho-emite-nota-de-pesar-pelo-falecimento-de-rayane-da-silva-rocha","status":"publish","type":"post","link":"https:\/\/portalnpm.com\/index.php\/2025\/08\/24\/sao-juliao-prefeito-renaldinho-emite-nota-de-pesar-pelo-falecimento-de-rayane-da-silva-rocha\/","title":{"rendered":"S\u00e3o Juli\u00e3o | Prefeito Renaldinho emite nota de pesar pelo falecimento de Rayane da Silva Rocha"},"content":{"rendered":"<p>O Prefeito de S\u00e3o Juli\u00e3o, Renaldinho Ramos, manifestou profundo pesar pelo falecimento de Rayane da Silva Rocha, ocorrido neste domingo, 24 de agosto de 2025.<\/p>\n<p><img fetchpriority=\"high\" decoding=\"async\" class=\"alignnone wp-image-89614 size-full\" src=\"https:\/\/portalnpm.com\/wp-content\/uploads\/2025\/08\/905acda5ce0a45659656ad6b08b91f1f.jpg\" alt=\"\" width=\"1080\" height=\"1920\" srcset=\"https:\/\/portalnpm.com\/wp-content\/uploads\/2025\/08\/905acda5ce0a45659656ad6b08b91f1f.jpg 1080w, https:\/\/portalnpm.com\/wp-content\/uploads\/2025\/08\/905acda5ce0a45659656ad6b08b91f1f-169x300.jpg 169w, https:\/\/portalnpm.com\/wp-content\/uploads\/2025\/08\/905acda5ce0a45659656ad6b08b91f1f-576x1024.jpg 576w, https:\/\/portalnpm.com\/wp-content\/uploads\/2025\/08\/905acda5ce0a45659656ad6b08b91f1f-768x1365.jpg 768w, https:\/\/portalnpm.com\/wp-content\/uploads\/2025\/08\/905acda5ce0a45659656ad6b08b91f1f-864x1536.jpg 864w\" sizes=\"(max-width: 1080px) 100vw, 1080px\" \/><\/p>\n<p>Em nome da Prefeitura Municipal, Renaldinho expressou suas condol\u00eancias \u00e0 fam\u00edlia e aos amigos, rogando a Deus que conforte os cora\u00e7\u00f5es enlutados e conceda for\u00e7as para superar este momento de dor.<\/p>\n<blockquote><p>\u201c\u00c9 uma perda irrepar\u00e1vel para todos que a conheciam. Deixo registrado meu respeito, solidariedade e apoio \u00e0 fam\u00edlia neste momento t\u00e3o dif\u00edcil\u201d, declarou o gestor.<\/p><\/blockquote>\n<p>Toda a comunidade de S\u00e3o Juli\u00e3o se une em solidariedade \u00e0 fam\u00edlia de Rayane da Silva Rocha, prestando homenagens e lembrando com carinho de sua mem\u00f3ria.<\/p>\n","protected":false},"excerpt":{"rendered":"<p>O Prefeito de S\u00e3o Juli\u00e3o, Renaldinho Ramos, manifestou profundo pesar pelo falecimento de Rayane da Silva Rocha, ocorrido neste domingo, 24 de agosto de 2025. Em nome da Prefeitura Municipal, Renaldinho expressou suas condol\u00eancias \u00e0 fam\u00edlia e aos amigos, rogando a Deus que conforte os cora\u00e7\u00f5es enlutados e conceda for\u00e7as para superar este momento de &hellip;<\/p>\n","protected":false},"author":3,"featured_media":89616,"comment_status":"open","ping_status":"open","sticky":false,"template":"","format":"standard","meta":{"content-type":"","rop_custom_images_group":[],"rop_custom_messages_group":[],"rop_publish_now":"yes","rop_publish_now_accounts":{"facebook_2648258775420054_1618374048415101":""},"rop_publish_now_history":[],"rop_publish_now_status":"pending","footnotes":"","_jetpack_memberships_contains_paid_content":false},"categories":[113,109,3998],"tags":[836,230,1613,6942,1197,790,1184,4714,135,16701,2984,4417,1196,5043],"yoast_head":"<!-- This site is optimized with the Yoast SEO plugin v22.3 - https:\/\/yoast.com\/wordpress\/plugins\/seo\/ -->\n<title>S\u00e3o Juli\u00e3o | Prefeito Renaldinho emite nota de pesar pelo falecimento de Rayane da Silva Rocha - Portal NPM<\/title>\n<meta name=\"robots\" content=\"index, follow, max-snippet:-1, max-image-preview:large, max-video-preview:-1\" \/>\n<link rel=\"canonical\" href=\"https:\/\/portalnpm.com\/index.php\/2025\/08\/24\/sao-juliao-prefeito-renaldinho-emite-nota-de-pesar-pelo-falecimento-de-rayane-da-silva-rocha\/\" \/>\n<meta property=\"og:locale\" content=\"pt_BR\" \/>\n<meta property=\"og:type\" content=\"article\" \/>\n<meta property=\"og:title\" content=\"S\u00e3o Juli\u00e3o | Prefeito Renaldinho emite nota de pesar pelo falecimento de Rayane da Silva Rocha - Portal NPM\" \/>\n<meta property=\"og:description\" content=\"O Prefeito de S\u00e3o Juli\u00e3o, Renaldinho Ramos, manifestou profundo pesar pelo falecimento de Rayane da Silva Rocha, ocorrido neste domingo, 24 de agosto de 2025. Em nome da Prefeitura Municipal, Renaldinho expressou suas condol\u00eancias \u00e0 fam\u00edlia e aos amigos, rogando a Deus que conforte os cora\u00e7\u00f5es enlutados e conceda for\u00e7as para superar este momento de &hellip;\" \/>\n<meta property=\"og:url\" content=\"https:\/\/portalnpm.com\/index.php\/2025\/08\/24\/sao-juliao-prefeito-renaldinho-emite-nota-de-pesar-pelo-falecimento-de-rayane-da-silva-rocha\/\" \/>\n<meta property=\"og:site_name\" content=\"Portal NPM\" \/>\n<meta property=\"article:published_time\" content=\"2025-08-24T18:11:26+00:00\" \/>\n<meta property=\"article:modified_time\" content=\"2025-08-24T18:12:01+00:00\" \/>\n<meta property=\"og:image\" content=\"https:\/\/portalnpm.com\/wp-content\/uploads\/2025\/08\/IMG-20250824-WA0138.jpg\" \/>\n\t<meta property=\"og:image:width\" content=\"1080\" \/>\n\t<meta property=\"og:image:height\" content=\"902\" \/>\n\t<meta property=\"og:image:type\" content=\"image\/jpeg\" \/>\n<meta name=\"author\" content=\"Luis Alberto\" \/>\n<meta name=\"twitter:card\" content=\"summary_large_image\" \/>\n<meta name=\"twitter:label1\" content=\"Escrito por\" \/>\n\t<meta name=\"twitter:data1\" content=\"Luis Alberto\" \/>\n\t<meta name=\"twitter:label2\" content=\"Est. tempo de leitura\" \/>\n\t<meta name=\"twitter:data2\" content=\"1 minuto\" \/>\n<script type=\"application\/ld+json\" class=\"yoast-schema-graph\">{\"@context\":\"https:\/\/schema.org\",\"@graph\":[{\"@type\":\"WebPage\",\"@id\":\"https:\/\/portalnpm.com\/index.php\/2025\/08\/24\/sao-juliao-prefeito-renaldinho-emite-nota-de-pesar-pelo-falecimento-de-rayane-da-silva-rocha\/\",\"url\":\"https:\/\/portalnpm.com\/index.php\/2025\/08\/24\/sao-juliao-prefeito-renaldinho-emite-nota-de-pesar-pelo-falecimento-de-rayane-da-silva-rocha\/\",\"name\":\"S\u00e3o Juli\u00e3o | Prefeito Renaldinho emite nota de pesar pelo falecimento de Rayane da Silva Rocha - Portal NPM\",\"isPartOf\":{\"@id\":\"https:\/\/portalnpm.com\/#website\"},\"primaryImageOfPage\":{\"@id\":\"https:\/\/portalnpm.com\/index.php\/2025\/08\/24\/sao-juliao-prefeito-renaldinho-emite-nota-de-pesar-pelo-falecimento-de-rayane-da-silva-rocha\/#primaryimage\"},\"image\":{\"@id\":\"https:\/\/portalnpm.com\/index.php\/2025\/08\/24\/sao-juliao-prefeito-renaldinho-emite-nota-de-pesar-pelo-falecimento-de-rayane-da-silva-rocha\/#primaryimage\"},\"thumbnailUrl\":\"https:\/\/portalnpm.com\/wp-content\/uploads\/2025\/08\/IMG-20250824-WA0138.jpg\",\"datePublished\":\"2025-08-24T18:11:26+00:00\",\"dateModified\":\"2025-08-24T18:12:01+00:00\",\"author\":{\"@id\":\"https:\/\/portalnpm.com\/#\/schema\/person\/5c8006acdf71774cd4e7a5ab98482152\"},\"breadcrumb\":{\"@id\":\"https:\/\/portalnpm.com\/index.php\/2025\/08\/24\/sao-juliao-prefeito-renaldinho-emite-nota-de-pesar-pelo-falecimento-de-rayane-da-silva-rocha\/#breadcrumb\"},\"inLanguage\":\"pt-BR\",\"potentialAction\":[{\"@type\":\"ReadAction\",\"target\":[\"https:\/\/portalnpm.com\/index.php\/2025\/08\/24\/sao-juliao-prefeito-renaldinho-emite-nota-de-pesar-pelo-falecimento-de-rayane-da-silva-rocha\/\"]}]},{\"@type\":\"ImageObject\",\"inLanguage\":\"pt-BR\",\"@id\":\"https:\/\/portalnpm.com\/index.php\/2025\/08\/24\/sao-juliao-prefeito-renaldinho-emite-nota-de-pesar-pelo-falecimento-de-rayane-da-silva-rocha\/#primaryimage\",\"url\":\"https:\/\/portalnpm.com\/wp-content\/uploads\/2025\/08\/IMG-20250824-WA0138.jpg\",\"contentUrl\":\"https:\/\/portalnpm.com\/wp-content\/uploads\/2025\/08\/IMG-20250824-WA0138.jpg\",\"width\":1080,\"height\":902},{\"@type\":\"BreadcrumbList\",\"@id\":\"https:\/\/portalnpm.com\/index.php\/2025\/08\/24\/sao-juliao-prefeito-renaldinho-emite-nota-de-pesar-pelo-falecimento-de-rayane-da-silva-rocha\/#breadcrumb\",\"itemListElement\":[{\"@type\":\"ListItem\",\"position\":1,\"name\":\"In\u00edcio\",\"item\":\"https:\/\/portalnpm.com\/\"},{\"@type\":\"ListItem\",\"position\":2,\"name\":\"S\u00e3o Juli\u00e3o | Prefeito Renaldinho emite nota de pesar pelo falecimento de Rayane da Silva Rocha\"}]},{\"@type\":\"WebSite\",\"@id\":\"https:\/\/portalnpm.com\/#website\",\"url\":\"https:\/\/portalnpm.com\/\",\"name\":\"Portal NPM\",\"description\":\"Not\u00edcias em Primeira M\u00e3o\",\"potentialAction\":[{\"@type\":\"SearchAction\",\"target\":{\"@type\":\"EntryPoint\",\"urlTemplate\":\"https:\/\/portalnpm.com\/?s={search_term_string}\"},\"query-input\":\"required name=search_term_string\"}],\"inLanguage\":\"pt-BR\"},{\"@type\":\"Person\",\"@id\":\"https:\/\/portalnpm.com\/#\/schema\/person\/5c8006acdf71774cd4e7a5ab98482152\",\"name\":\"Luis Alberto\",\"image\":{\"@type\":\"ImageObject\",\"inLanguage\":\"pt-BR\",\"@id\":\"https:\/\/portalnpm.com\/#\/schema\/person\/image\/\",\"url\":\"https:\/\/portalnpm.com\/wp-content\/uploads\/2024\/12\/avatar_user_3_1734699769-96x96.jpeg\",\"contentUrl\":\"https:\/\/portalnpm.com\/wp-content\/uploads\/2024\/12\/avatar_user_3_1734699769-96x96.jpeg\",\"caption\":\"Luis Alberto\"},\"description\":\"Editor-geral do Portal NPM, \u00e9 formado como T\u00e9cnico em Seguran\u00e7a do Trabalho pela Escola Metropolitana de Cursos T\u00e9cnicos. Det\u00e9m ainda licenciatura em Educa\u00e7\u00e3o F\u00edsica e bacharelado em Ci\u00eancias Pol\u00edticas, ambos obtidos pela institui\u00e7\u00e3o Anhanguera\/UNOPAR.\",\"url\":\"https:\/\/portalnpm.com\/index.php\/author\/pereira\/\"}]}<\/script>\n<!-- \/ Yoast SEO plugin. -->","yoast_head_json":{"title":"S\u00e3o Juli\u00e3o | Prefeito Renaldinho emite nota de pesar pelo falecimento de Rayane da Silva Rocha - Portal NPM","robots":{"index":"index","follow":"follow","max-snippet":"max-snippet:-1","max-image-preview":"max-image-preview:large","max-video-preview":"max-video-preview:-1"},"canonical":"https:\/\/portalnpm.com\/index.php\/2025\/08\/24\/sao-juliao-prefeito-renaldinho-emite-nota-de-pesar-pelo-falecimento-de-rayane-da-silva-rocha\/","og_locale":"pt_BR","og_type":"article","og_title":"S\u00e3o Juli\u00e3o | Prefeito Renaldinho emite nota de pesar pelo falecimento de Rayane da Silva Rocha - Portal NPM","og_description":"O Prefeito de S\u00e3o Juli\u00e3o, Renaldinho Ramos, manifestou profundo pesar pelo falecimento de Rayane da Silva Rocha, ocorrido neste domingo, 24 de agosto de 2025. Em nome da Prefeitura Municipal, Renaldinho expressou suas condol\u00eancias \u00e0 fam\u00edlia e aos amigos, rogando a Deus que conforte os cora\u00e7\u00f5es enlutados e conceda for\u00e7as para superar este momento de &hellip;","og_url":"https:\/\/portalnpm.com\/index.php\/2025\/08\/24\/sao-juliao-prefeito-renaldinho-emite-nota-de-pesar-pelo-falecimento-de-rayane-da-silva-rocha\/","og_site_name":"Portal NPM","article_published_time":"2025-08-24T18:11:26+00:00","article_modified_time":"2025-08-24T18:12:01+00:00","og_image":[{"width":1080,"height":902,"url":"https:\/\/portalnpm.com\/wp-content\/uploads\/2025\/08\/IMG-20250824-WA0138.jpg","type":"image\/jpeg"}],"author":"Luis Alberto","twitter_card":"summary_large_image","twitter_misc":{"Escrito por":"Luis Alberto","Est. tempo de leitura":"1 minuto"},"schema":{"@context":"https:\/\/schema.org","@graph":[{"@type":"WebPage","@id":"https:\/\/portalnpm.com\/index.php\/2025\/08\/24\/sao-juliao-prefeito-renaldinho-emite-nota-de-pesar-pelo-falecimento-de-rayane-da-silva-rocha\/","url":"https:\/\/portalnpm.com\/index.php\/2025\/08\/24\/sao-juliao-prefeito-renaldinho-emite-nota-de-pesar-pelo-falecimento-de-rayane-da-silva-rocha\/","name":"S\u00e3o Juli\u00e3o | Prefeito Renaldinho emite nota de pesar pelo falecimento de Rayane da Silva Rocha - Portal NPM","isPartOf":{"@id":"https:\/\/portalnpm.com\/#website"},"primaryImageOfPage":{"@id":"https:\/\/portalnpm.com\/index.php\/2025\/08\/24\/sao-juliao-prefeito-renaldinho-emite-nota-de-pesar-pelo-falecimento-de-rayane-da-silva-rocha\/#primaryimage"},"image":{"@id":"https:\/\/portalnpm.com\/index.php\/2025\/08\/24\/sao-juliao-prefeito-renaldinho-emite-nota-de-pesar-pelo-falecimento-de-rayane-da-silva-rocha\/#primaryimage"},"thumbnailUrl":"https:\/\/portalnpm.com\/wp-content\/uploads\/2025\/08\/IMG-20250824-WA0138.jpg","datePublished":"2025-08-24T18:11:26+00:00","dateModified":"2025-08-24T18:12:01+00:00","author":{"@id":"https:\/\/portalnpm.com\/#\/schema\/person\/5c8006acdf71774cd4e7a5ab98482152"},"breadcrumb":{"@id":"https:\/\/portalnpm.com\/index.php\/2025\/08\/24\/sao-juliao-prefeito-renaldinho-emite-nota-de-pesar-pelo-falecimento-de-rayane-da-silva-rocha\/#breadcrumb"},"inLanguage":"pt-BR","potentialAction":[{"@type":"ReadAction","target":["https:\/\/portalnpm.com\/index.php\/2025\/08\/24\/sao-juliao-prefeito-renaldinho-emite-nota-de-pesar-pelo-falecimento-de-rayane-da-silva-rocha\/"]}]},{"@type":"ImageObject","inLanguage":"pt-BR","@id":"https:\/\/portalnpm.com\/index.php\/2025\/08\/24\/sao-juliao-prefeito-renaldinho-emite-nota-de-pesar-pelo-falecimento-de-rayane-da-silva-rocha\/#primaryimage","url":"https:\/\/portalnpm.com\/wp-content\/uploads\/2025\/08\/IMG-20250824-WA0138.jpg","contentUrl":"https:\/\/portalnpm.com\/wp-content\/uploads\/2025\/08\/IMG-20250824-WA0138.jpg","width":1080,"height":902},{"@type":"BreadcrumbList","@id":"https:\/\/portalnpm.com\/index.php\/2025\/08\/24\/sao-juliao-prefeito-renaldinho-emite-nota-de-pesar-pelo-falecimento-de-rayane-da-silva-rocha\/#breadcrumb","itemListElement":[{"@type":"ListItem","position":1,"name":"In\u00edcio","item":"https:\/\/portalnpm.com\/"},{"@type":"ListItem","position":2,"name":"S\u00e3o Juli\u00e3o | Prefeito Renaldinho emite nota de pesar pelo falecimento de Rayane da Silva Rocha"}]},{"@type":"WebSite","@id":"https:\/\/portalnpm.com\/#website","url":"https:\/\/portalnpm.com\/","name":"Portal NPM","description":"Not\u00edcias em Primeira M\u00e3o","potentialAction":[{"@type":"SearchAction","target":{"@type":"EntryPoint","urlTemplate":"https:\/\/portalnpm.com\/?s={search_term_string}"},"query-input":"required name=search_term_string"}],"inLanguage":"pt-BR"},{"@type":"Person","@id":"https:\/\/portalnpm.com\/#\/schema\/person\/5c8006acdf71774cd4e7a5ab98482152","name":"Luis Alberto","image":{"@type":"ImageObject","inLanguage":"pt-BR","@id":"https:\/\/portalnpm.com\/#\/schema\/person\/image\/","url":"https:\/\/portalnpm.com\/wp-content\/uploads\/2024\/12\/avatar_user_3_1734699769-96x96.jpeg","contentUrl":"https:\/\/portalnpm.com\/wp-content\/uploads\/2024\/12\/avatar_user_3_1734699769-96x96.jpeg","caption":"Luis Alberto"},"description":"Editor-geral do Portal NPM, \u00e9 formado como T\u00e9cnico em Seguran\u00e7a do Trabalho pela Escola Metropolitana de Cursos T\u00e9cnicos. Det\u00e9m ainda licenciatura em Educa\u00e7\u00e3o F\u00edsica e bacharelado em Ci\u00eancias Pol\u00edticas, ambos obtidos pela institui\u00e7\u00e3o Anhanguera\/UNOPAR.","url":"https:\/\/portalnpm.com\/index.php\/author\/pereira\/"}]}},"jetpack_sharing_enabled":true,"jetpack_featured_media_url":"https:\/\/portalnpm.com\/wp-content\/uploads\/2025\/08\/IMG-20250824-WA0138.jpg","_links":{"self":[{"href":"https:\/\/portalnpm.com\/index.php\/wp-json\/wp\/v2\/posts\/89613"}],"collection":[{"href":"https:\/\/portalnpm.com\/index.php\/wp-json\/wp\/v2\/posts"}],"about":[{"href":"https:\/\/portalnpm.com\/index.php\/wp-json\/wp\/v2\/types\/post"}],"author":[{"embeddable":true,"href":"https:\/\/portalnpm.com\/index.php\/wp-json\/wp\/v2\/users\/3"}],"replies":[{"embeddable":true,"href":"https:\/\/portalnpm.com\/index.php\/wp-json\/wp\/v2\/comments?post=89613"}],"version-history":[{"count":1,"href":"https:\/\/portalnpm.com\/index.php\/wp-json\/wp\/v2\/posts\/89613\/revisions"}],"predecessor-version":[{"id":89615,"href":"https:\/\/portalnpm.com\/index.php\/wp-json\/wp\/v2\/posts\/89613\/revisions\/89615"}],"wp:featuredmedia":[{"embeddable":true,"href":"https:\/\/portalnpm.com\/index.php\/wp-json\/wp\/v2\/media\/89616"}],"wp:attachment":[{"href":"https:\/\/portalnpm.com\/index.php\/wp-json\/wp\/v2\/media?parent=89613"}],"wp:term":[{"taxonomy":"category","embeddable":true,"href":"https:\/\/portalnpm.com\/index.php\/wp-json\/wp\/v2\/categories?post=89613"},{"taxonomy":"post_tag","embeddable":true,"href":"https:\/\/portalnpm.com\/index.php\/wp-json\/wp\/v2\/tags?post=89613"}],"curies":[{"name":"wp","href":"https:\/\/api.w.org\/{rel}","templated":true}]}}