{"id":89712,"date":"2025-09-03T10:57:14","date_gmt":"2025-09-03T13:57:14","guid":{"rendered":"https:\/\/portalnpm.com\/?p=89712"},"modified":"2025-09-03T11:40:13","modified_gmt":"2025-09-03T14:40:13","slug":"prefeitura-de-sao-juliao-promove-acao-do-setembro-amarelo-com-foco-na-saude-mental-veja","status":"publish","type":"post","link":"https:\/\/portalnpm.com\/index.php\/2025\/09\/03\/prefeitura-de-sao-juliao-promove-acao-do-setembro-amarelo-com-foco-na-saude-mental-veja\/","title":{"rendered":"Prefeitura de S\u00e3o Juli\u00e3o promove a\u00e7\u00e3o do Setembro Amarelo com foco na sa\u00fade mental; veja!"},"content":{"rendered":"<p>A Prefeitura Municipal de S\u00e3o Juli\u00e3o, por meio da Secretaria de Sa\u00fade e da Dire\u00e7\u00e3o do Hospital Municipal, realizou nesta semana um coffee break em alus\u00e3o \u00e0 campanha Setembro Amarelo, m\u00eas dedicado \u00e0 valoriza\u00e7\u00e3o da vida e \u00e0 preven\u00e7\u00e3o do suic\u00eddio.<\/p>\n<p>O encontro proporcionou um momento de integra\u00e7\u00e3o, di\u00e1logo e conscientiza\u00e7\u00e3o entre profissionais da sa\u00fade, servidores e convidados, refor\u00e7ando a import\u00e2ncia do cuidado com a sa\u00fade mental. Durante a atividade, foram compartilhadas experi\u00eancias e reflex\u00f5es sobre a valoriza\u00e7\u00e3o da vida, destacando a necessidade de apoio m\u00fatuo e da busca por ajuda em situa\u00e7\u00f5es de vulnerabilidade emocional.<\/p>\n<p>De acordo com a gest\u00e3o municipal, a iniciativa faz parte de um conjunto de a\u00e7\u00f5es voltadas para a promo\u00e7\u00e3o do bem-estar da popula\u00e7\u00e3o e dos profissionais de sa\u00fade, evidenciando o compromisso em tratar a sa\u00fade mental como prioridade.<\/p>\n<p>A secret\u00e1ria de Sa\u00fade, Dra. Saara Jane,\u00a0 destacou que o Setembro Amarelo \u00e9 um per\u00edodo essencial para ampliar os debates sobre o tema e refor\u00e7ar que o cuidado emocional deve ser cont\u00ednuo.<\/p>\n<blockquote><p>\u201cValorizar a vida e cuidar de quem cuida \u00e9 essencial. Esses momentos de partilha e reflex\u00e3o fortalecem os v\u00ednculos e lembram a todos n\u00f3s da import\u00e2ncia de olhar para o pr\u00f3ximo com aten\u00e7\u00e3o e sensibilidade.\u201dafirmou.<\/p><\/blockquote>\n<p>O prefeito Renaldinho Ramos tamb\u00e9m refor\u00e7ou o empenho da administra\u00e7\u00e3o em apoiar campanhas de valoriza\u00e7\u00e3o da vida:<\/p>\n<blockquote><p>\u201cNossa gest\u00e3o tem um compromisso firme com a sa\u00fade em todas as suas dimens\u00f5es. Cuidar da sa\u00fade mental \u00e9 cuidar das pessoas, \u00e9 garantir qualidade de vida e esperan\u00e7a para nossa comunidade.\u201d<\/p><\/blockquote>\n<p>De acordo com Aline Pereira, Diretora do Hospital Municipal, o Setembro Amarelo \u00e9 movimento alerta para a necessidade de falar sobre sa\u00fade mental sem preconceitos e de oferecer acolhimento a quem enfrenta momentos de dor e desesperan\u00e7a.<\/p>\n<blockquote>\n<h2 class=\"content-head__subtitle\">&#8220;A campanha de preven\u00e7\u00e3o ao suic\u00eddio refor\u00e7a a import\u00e2ncia do di\u00e1logo, do acolhimento e do cuidado com a sa\u00fade mental para reduzir riscos e oferecer esperan\u00e7a&#8221;, disse.<\/h2>\n<\/blockquote>\n<p>Com a\u00e7\u00f5es como essa, a Prefeitura de S\u00e3o Juli\u00e3o busca sensibilizar a popula\u00e7\u00e3o e fortalecer uma rede de apoio, garantindo que todos tenham acesso \u00e0 informa\u00e7\u00e3o, acolhimento e suporte necess\u00e1rios.<\/p>\n<p><img fetchpriority=\"high\" decoding=\"async\" class=\"alignnone size-medium wp-image-89714\" src=\"https:\/\/portalnpm.com\/wp-content\/uploads\/2025\/09\/IMG-20250903-WA0106-225x300.jpg\" alt=\"\" width=\"225\" height=\"300\" srcset=\"https:\/\/portalnpm.com\/wp-content\/uploads\/2025\/09\/IMG-20250903-WA0106-225x300.jpg 225w, https:\/\/portalnpm.com\/wp-content\/uploads\/2025\/09\/IMG-20250903-WA0106-768x1024.jpg 768w, https:\/\/portalnpm.com\/wp-content\/uploads\/2025\/09\/IMG-20250903-WA0106-1152x1536.jpg 1152w, https:\/\/portalnpm.com\/wp-content\/uploads\/2025\/09\/IMG-20250903-WA0106-1536x2048.jpg 1536w, https:\/\/portalnpm.com\/wp-content\/uploads\/2025\/09\/IMG-20250903-WA0106-scaled.jpg 1920w\" sizes=\"(max-width: 225px) 100vw, 225px\" \/> <img decoding=\"async\" class=\"alignnone size-medium wp-image-89715\" src=\"https:\/\/portalnpm.com\/wp-content\/uploads\/2025\/09\/IMG-20250903-WA0110-225x300.jpg\" alt=\"\" width=\"225\" height=\"300\" srcset=\"https:\/\/portalnpm.com\/wp-content\/uploads\/2025\/09\/IMG-20250903-WA0110-225x300.jpg 225w, https:\/\/portalnpm.com\/wp-content\/uploads\/2025\/09\/IMG-20250903-WA0110-768x1024.jpg 768w, https:\/\/portalnpm.com\/wp-content\/uploads\/2025\/09\/IMG-20250903-WA0110-1152x1536.jpg 1152w, https:\/\/portalnpm.com\/wp-content\/uploads\/2025\/09\/IMG-20250903-WA0110-1536x2048.jpg 1536w, https:\/\/portalnpm.com\/wp-content\/uploads\/2025\/09\/IMG-20250903-WA0110-scaled.jpg 1920w\" sizes=\"(max-width: 225px) 100vw, 225px\" \/> <img decoding=\"async\" class=\"alignnone size-medium wp-image-89716\" src=\"https:\/\/portalnpm.com\/wp-content\/uploads\/2025\/09\/IMG-20250903-WA0108-225x300.jpg\" alt=\"\" width=\"225\" height=\"300\" srcset=\"https:\/\/portalnpm.com\/wp-content\/uploads\/2025\/09\/IMG-20250903-WA0108-225x300.jpg 225w, https:\/\/portalnpm.com\/wp-content\/uploads\/2025\/09\/IMG-20250903-WA0108-768x1024.jpg 768w, https:\/\/portalnpm.com\/wp-content\/uploads\/2025\/09\/IMG-20250903-WA0108-1152x1536.jpg 1152w, https:\/\/portalnpm.com\/wp-content\/uploads\/2025\/09\/IMG-20250903-WA0108-1536x2048.jpg 1536w, https:\/\/portalnpm.com\/wp-content\/uploads\/2025\/09\/IMG-20250903-WA0108-scaled.jpg 1920w\" sizes=\"(max-width: 225px) 100vw, 225px\" \/> <img loading=\"lazy\" decoding=\"async\" class=\"alignnone size-medium wp-image-89717\" src=\"https:\/\/portalnpm.com\/wp-content\/uploads\/2025\/09\/IMG-20250903-WA0103-225x300.jpg\" alt=\"\" width=\"225\" height=\"300\" srcset=\"https:\/\/portalnpm.com\/wp-content\/uploads\/2025\/09\/IMG-20250903-WA0103-225x300.jpg 225w, https:\/\/portalnpm.com\/wp-content\/uploads\/2025\/09\/IMG-20250903-WA0103-768x1024.jpg 768w, https:\/\/portalnpm.com\/wp-content\/uploads\/2025\/09\/IMG-20250903-WA0103-1152x1536.jpg 1152w, https:\/\/portalnpm.com\/wp-content\/uploads\/2025\/09\/IMG-20250903-WA0103-1536x2048.jpg 1536w, https:\/\/portalnpm.com\/wp-content\/uploads\/2025\/09\/IMG-20250903-WA0103-scaled.jpg 1920w\" sizes=\"(max-width: 225px) 100vw, 225px\" \/> <img loading=\"lazy\" decoding=\"async\" class=\"alignnone size-medium wp-image-89718\" src=\"https:\/\/portalnpm.com\/wp-content\/uploads\/2025\/09\/IMG-20250903-WA0102-225x300.jpg\" alt=\"\" width=\"225\" height=\"300\" srcset=\"https:\/\/portalnpm.com\/wp-content\/uploads\/2025\/09\/IMG-20250903-WA0102-225x300.jpg 225w, https:\/\/portalnpm.com\/wp-content\/uploads\/2025\/09\/IMG-20250903-WA0102-768x1024.jpg 768w, https:\/\/portalnpm.com\/wp-content\/uploads\/2025\/09\/IMG-20250903-WA0102-1152x1536.jpg 1152w, https:\/\/portalnpm.com\/wp-content\/uploads\/2025\/09\/IMG-20250903-WA0102-1536x2048.jpg 1536w, https:\/\/portalnpm.com\/wp-content\/uploads\/2025\/09\/IMG-20250903-WA0102-scaled.jpg 1920w\" sizes=\"(max-width: 225px) 100vw, 225px\" \/><\/p>\n<p>Fotos: Ascom<\/p>\n","protected":false},"excerpt":{"rendered":"<p>A Prefeitura Municipal de S\u00e3o Juli\u00e3o, por meio da Secretaria de Sa\u00fade e da Dire\u00e7\u00e3o do Hospital Municipal, realizou nesta semana um coffee break em alus\u00e3o \u00e0 campanha Setembro Amarelo, m\u00eas dedicado \u00e0 valoriza\u00e7\u00e3o da vida e \u00e0 preven\u00e7\u00e3o do suic\u00eddio. O encontro proporcionou um momento de integra\u00e7\u00e3o, di\u00e1logo e conscientiza\u00e7\u00e3o entre profissionais da sa\u00fade, &hellip;<\/p>\n","protected":false},"author":3,"featured_media":89719,"comment_status":"open","ping_status":"open","sticky":false,"template":"","format":"standard","meta":{"content-type":"","rop_custom_images_group":[],"rop_custom_messages_group":[],"rop_publish_now":"yes","rop_publish_now_accounts":{"facebook_2648258775420054_1618374048415101":""},"rop_publish_now_history":[],"rop_publish_now_status":"pending","footnotes":"","_jetpack_memberships_contains_paid_content":false},"categories":[113,109,3998],"tags":[3150,11936,230,6901,1197,6650,911,222,416,1196,417,3338,842],"yoast_head":"<!-- This site is optimized with the Yoast SEO plugin v22.3 - https:\/\/yoast.com\/wordpress\/plugins\/seo\/ -->\n<title>Prefeitura de S\u00e3o Juli\u00e3o promove a\u00e7\u00e3o do Setembro Amarelo com foco na sa\u00fade mental; veja! - Portal NPM<\/title>\n<meta name=\"robots\" content=\"index, follow, max-snippet:-1, max-image-preview:large, max-video-preview:-1\" \/>\n<link rel=\"canonical\" href=\"https:\/\/portalnpm.com\/index.php\/2025\/09\/03\/prefeitura-de-sao-juliao-promove-acao-do-setembro-amarelo-com-foco-na-saude-mental-veja\/\" \/>\n<meta property=\"og:locale\" content=\"pt_BR\" \/>\n<meta property=\"og:type\" content=\"article\" \/>\n<meta property=\"og:title\" content=\"Prefeitura de S\u00e3o Juli\u00e3o promove a\u00e7\u00e3o do Setembro Amarelo com foco na sa\u00fade mental; veja! - Portal NPM\" \/>\n<meta property=\"og:description\" content=\"A Prefeitura Municipal de S\u00e3o Juli\u00e3o, por meio da Secretaria de Sa\u00fade e da Dire\u00e7\u00e3o do Hospital Municipal, realizou nesta semana um coffee break em alus\u00e3o \u00e0 campanha Setembro Amarelo, m\u00eas dedicado \u00e0 valoriza\u00e7\u00e3o da vida e \u00e0 preven\u00e7\u00e3o do suic\u00eddio. O encontro proporcionou um momento de integra\u00e7\u00e3o, di\u00e1logo e conscientiza\u00e7\u00e3o entre profissionais da sa\u00fade, &hellip;\" \/>\n<meta property=\"og:url\" content=\"https:\/\/portalnpm.com\/index.php\/2025\/09\/03\/prefeitura-de-sao-juliao-promove-acao-do-setembro-amarelo-com-foco-na-saude-mental-veja\/\" \/>\n<meta property=\"og:site_name\" content=\"Portal NPM\" \/>\n<meta property=\"article:published_time\" content=\"2025-09-03T13:57:14+00:00\" \/>\n<meta property=\"article:modified_time\" content=\"2025-09-03T14:40:13+00:00\" \/>\n<meta property=\"og:image\" content=\"https:\/\/portalnpm.com\/wp-content\/uploads\/2025\/09\/IMG-20250903-WA0119.jpg\" \/>\n\t<meta property=\"og:image:width\" content=\"1512\" \/>\n\t<meta property=\"og:image:height\" content=\"1098\" \/>\n\t<meta property=\"og:image:type\" content=\"image\/jpeg\" \/>\n<meta name=\"author\" content=\"Luis Alberto\" \/>\n<meta name=\"twitter:card\" content=\"summary_large_image\" \/>\n<meta name=\"twitter:label1\" content=\"Escrito por\" \/>\n\t<meta name=\"twitter:data1\" content=\"Luis Alberto\" \/>\n\t<meta name=\"twitter:label2\" content=\"Est. tempo de leitura\" \/>\n\t<meta name=\"twitter:data2\" content=\"3 minutos\" \/>\n<script type=\"application\/ld+json\" class=\"yoast-schema-graph\">{\"@context\":\"https:\/\/schema.org\",\"@graph\":[{\"@type\":\"WebPage\",\"@id\":\"https:\/\/portalnpm.com\/index.php\/2025\/09\/03\/prefeitura-de-sao-juliao-promove-acao-do-setembro-amarelo-com-foco-na-saude-mental-veja\/\",\"url\":\"https:\/\/portalnpm.com\/index.php\/2025\/09\/03\/prefeitura-de-sao-juliao-promove-acao-do-setembro-amarelo-com-foco-na-saude-mental-veja\/\",\"name\":\"Prefeitura de S\u00e3o Juli\u00e3o promove a\u00e7\u00e3o do Setembro Amarelo com foco na sa\u00fade mental; veja! - Portal NPM\",\"isPartOf\":{\"@id\":\"https:\/\/portalnpm.com\/#website\"},\"primaryImageOfPage\":{\"@id\":\"https:\/\/portalnpm.com\/index.php\/2025\/09\/03\/prefeitura-de-sao-juliao-promove-acao-do-setembro-amarelo-com-foco-na-saude-mental-veja\/#primaryimage\"},\"image\":{\"@id\":\"https:\/\/portalnpm.com\/index.php\/2025\/09\/03\/prefeitura-de-sao-juliao-promove-acao-do-setembro-amarelo-com-foco-na-saude-mental-veja\/#primaryimage\"},\"thumbnailUrl\":\"https:\/\/portalnpm.com\/wp-content\/uploads\/2025\/09\/IMG-20250903-WA0119.jpg\",\"datePublished\":\"2025-09-03T13:57:14+00:00\",\"dateModified\":\"2025-09-03T14:40:13+00:00\",\"author\":{\"@id\":\"https:\/\/portalnpm.com\/#\/schema\/person\/5c8006acdf71774cd4e7a5ab98482152\"},\"breadcrumb\":{\"@id\":\"https:\/\/portalnpm.com\/index.php\/2025\/09\/03\/prefeitura-de-sao-juliao-promove-acao-do-setembro-amarelo-com-foco-na-saude-mental-veja\/#breadcrumb\"},\"inLanguage\":\"pt-BR\",\"potentialAction\":[{\"@type\":\"ReadAction\",\"target\":[\"https:\/\/portalnpm.com\/index.php\/2025\/09\/03\/prefeitura-de-sao-juliao-promove-acao-do-setembro-amarelo-com-foco-na-saude-mental-veja\/\"]}]},{\"@type\":\"ImageObject\",\"inLanguage\":\"pt-BR\",\"@id\":\"https:\/\/portalnpm.com\/index.php\/2025\/09\/03\/prefeitura-de-sao-juliao-promove-acao-do-setembro-amarelo-com-foco-na-saude-mental-veja\/#primaryimage\",\"url\":\"https:\/\/portalnpm.com\/wp-content\/uploads\/2025\/09\/IMG-20250903-WA0119.jpg\",\"contentUrl\":\"https:\/\/portalnpm.com\/wp-content\/uploads\/2025\/09\/IMG-20250903-WA0119.jpg\",\"width\":1512,\"height\":1098},{\"@type\":\"BreadcrumbList\",\"@id\":\"https:\/\/portalnpm.com\/index.php\/2025\/09\/03\/prefeitura-de-sao-juliao-promove-acao-do-setembro-amarelo-com-foco-na-saude-mental-veja\/#breadcrumb\",\"itemListElement\":[{\"@type\":\"ListItem\",\"position\":1,\"name\":\"In\u00edcio\",\"item\":\"https:\/\/portalnpm.com\/\"},{\"@type\":\"ListItem\",\"position\":2,\"name\":\"Prefeitura de S\u00e3o Juli\u00e3o promove a\u00e7\u00e3o do Setembro Amarelo com foco na sa\u00fade mental; veja!\"}]},{\"@type\":\"WebSite\",\"@id\":\"https:\/\/portalnpm.com\/#website\",\"url\":\"https:\/\/portalnpm.com\/\",\"name\":\"Portal NPM\",\"description\":\"Not\u00edcias em Primeira M\u00e3o\",\"potentialAction\":[{\"@type\":\"SearchAction\",\"target\":{\"@type\":\"EntryPoint\",\"urlTemplate\":\"https:\/\/portalnpm.com\/?s={search_term_string}\"},\"query-input\":\"required name=search_term_string\"}],\"inLanguage\":\"pt-BR\"},{\"@type\":\"Person\",\"@id\":\"https:\/\/portalnpm.com\/#\/schema\/person\/5c8006acdf71774cd4e7a5ab98482152\",\"name\":\"Luis Alberto\",\"image\":{\"@type\":\"ImageObject\",\"inLanguage\":\"pt-BR\",\"@id\":\"https:\/\/portalnpm.com\/#\/schema\/person\/image\/\",\"url\":\"https:\/\/portalnpm.com\/wp-content\/uploads\/2024\/12\/avatar_user_3_1734699769-96x96.jpeg\",\"contentUrl\":\"https:\/\/portalnpm.com\/wp-content\/uploads\/2024\/12\/avatar_user_3_1734699769-96x96.jpeg\",\"caption\":\"Luis Alberto\"},\"description\":\"Editor-geral do Portal NPM, \u00e9 formado como T\u00e9cnico em Seguran\u00e7a do Trabalho pela Escola Metropolitana de Cursos T\u00e9cnicos. Det\u00e9m ainda licenciatura em Educa\u00e7\u00e3o F\u00edsica e bacharelado em Ci\u00eancias Pol\u00edticas, ambos obtidos pela institui\u00e7\u00e3o Anhanguera\/UNOPAR.\",\"url\":\"https:\/\/portalnpm.com\/index.php\/author\/pereira\/\"}]}<\/script>\n<!-- \/ Yoast SEO plugin. -->","yoast_head_json":{"title":"Prefeitura de S\u00e3o Juli\u00e3o promove a\u00e7\u00e3o do Setembro Amarelo com foco na sa\u00fade mental; veja! - Portal NPM","robots":{"index":"index","follow":"follow","max-snippet":"max-snippet:-1","max-image-preview":"max-image-preview:large","max-video-preview":"max-video-preview:-1"},"canonical":"https:\/\/portalnpm.com\/index.php\/2025\/09\/03\/prefeitura-de-sao-juliao-promove-acao-do-setembro-amarelo-com-foco-na-saude-mental-veja\/","og_locale":"pt_BR","og_type":"article","og_title":"Prefeitura de S\u00e3o Juli\u00e3o promove a\u00e7\u00e3o do Setembro Amarelo com foco na sa\u00fade mental; veja! - Portal NPM","og_description":"A Prefeitura Municipal de S\u00e3o Juli\u00e3o, por meio da Secretaria de Sa\u00fade e da Dire\u00e7\u00e3o do Hospital Municipal, realizou nesta semana um coffee break em alus\u00e3o \u00e0 campanha Setembro Amarelo, m\u00eas dedicado \u00e0 valoriza\u00e7\u00e3o da vida e \u00e0 preven\u00e7\u00e3o do suic\u00eddio. O encontro proporcionou um momento de integra\u00e7\u00e3o, di\u00e1logo e conscientiza\u00e7\u00e3o entre profissionais da sa\u00fade, &hellip;","og_url":"https:\/\/portalnpm.com\/index.php\/2025\/09\/03\/prefeitura-de-sao-juliao-promove-acao-do-setembro-amarelo-com-foco-na-saude-mental-veja\/","og_site_name":"Portal NPM","article_published_time":"2025-09-03T13:57:14+00:00","article_modified_time":"2025-09-03T14:40:13+00:00","og_image":[{"width":1512,"height":1098,"url":"https:\/\/portalnpm.com\/wp-content\/uploads\/2025\/09\/IMG-20250903-WA0119.jpg","type":"image\/jpeg"}],"author":"Luis Alberto","twitter_card":"summary_large_image","twitter_misc":{"Escrito por":"Luis Alberto","Est. tempo de leitura":"3 minutos"},"schema":{"@context":"https:\/\/schema.org","@graph":[{"@type":"WebPage","@id":"https:\/\/portalnpm.com\/index.php\/2025\/09\/03\/prefeitura-de-sao-juliao-promove-acao-do-setembro-amarelo-com-foco-na-saude-mental-veja\/","url":"https:\/\/portalnpm.com\/index.php\/2025\/09\/03\/prefeitura-de-sao-juliao-promove-acao-do-setembro-amarelo-com-foco-na-saude-mental-veja\/","name":"Prefeitura de S\u00e3o Juli\u00e3o promove a\u00e7\u00e3o do Setembro Amarelo com foco na sa\u00fade mental; veja! - Portal NPM","isPartOf":{"@id":"https:\/\/portalnpm.com\/#website"},"primaryImageOfPage":{"@id":"https:\/\/portalnpm.com\/index.php\/2025\/09\/03\/prefeitura-de-sao-juliao-promove-acao-do-setembro-amarelo-com-foco-na-saude-mental-veja\/#primaryimage"},"image":{"@id":"https:\/\/portalnpm.com\/index.php\/2025\/09\/03\/prefeitura-de-sao-juliao-promove-acao-do-setembro-amarelo-com-foco-na-saude-mental-veja\/#primaryimage"},"thumbnailUrl":"https:\/\/portalnpm.com\/wp-content\/uploads\/2025\/09\/IMG-20250903-WA0119.jpg","datePublished":"2025-09-03T13:57:14+00:00","dateModified":"2025-09-03T14:40:13+00:00","author":{"@id":"https:\/\/portalnpm.com\/#\/schema\/person\/5c8006acdf71774cd4e7a5ab98482152"},"breadcrumb":{"@id":"https:\/\/portalnpm.com\/index.php\/2025\/09\/03\/prefeitura-de-sao-juliao-promove-acao-do-setembro-amarelo-com-foco-na-saude-mental-veja\/#breadcrumb"},"inLanguage":"pt-BR","potentialAction":[{"@type":"ReadAction","target":["https:\/\/portalnpm.com\/index.php\/2025\/09\/03\/prefeitura-de-sao-juliao-promove-acao-do-setembro-amarelo-com-foco-na-saude-mental-veja\/"]}]},{"@type":"ImageObject","inLanguage":"pt-BR","@id":"https:\/\/portalnpm.com\/index.php\/2025\/09\/03\/prefeitura-de-sao-juliao-promove-acao-do-setembro-amarelo-com-foco-na-saude-mental-veja\/#primaryimage","url":"https:\/\/portalnpm.com\/wp-content\/uploads\/2025\/09\/IMG-20250903-WA0119.jpg","contentUrl":"https:\/\/portalnpm.com\/wp-content\/uploads\/2025\/09\/IMG-20250903-WA0119.jpg","width":1512,"height":1098},{"@type":"BreadcrumbList","@id":"https:\/\/portalnpm.com\/index.php\/2025\/09\/03\/prefeitura-de-sao-juliao-promove-acao-do-setembro-amarelo-com-foco-na-saude-mental-veja\/#breadcrumb","itemListElement":[{"@type":"ListItem","position":1,"name":"In\u00edcio","item":"https:\/\/portalnpm.com\/"},{"@type":"ListItem","position":2,"name":"Prefeitura de S\u00e3o Juli\u00e3o promove a\u00e7\u00e3o do Setembro Amarelo com foco na sa\u00fade mental; veja!"}]},{"@type":"WebSite","@id":"https:\/\/portalnpm.com\/#website","url":"https:\/\/portalnpm.com\/","name":"Portal NPM","description":"Not\u00edcias em Primeira M\u00e3o","potentialAction":[{"@type":"SearchAction","target":{"@type":"EntryPoint","urlTemplate":"https:\/\/portalnpm.com\/?s={search_term_string}"},"query-input":"required name=search_term_string"}],"inLanguage":"pt-BR"},{"@type":"Person","@id":"https:\/\/portalnpm.com\/#\/schema\/person\/5c8006acdf71774cd4e7a5ab98482152","name":"Luis Alberto","image":{"@type":"ImageObject","inLanguage":"pt-BR","@id":"https:\/\/portalnpm.com\/#\/schema\/person\/image\/","url":"https:\/\/portalnpm.com\/wp-content\/uploads\/2024\/12\/avatar_user_3_1734699769-96x96.jpeg","contentUrl":"https:\/\/portalnpm.com\/wp-content\/uploads\/2024\/12\/avatar_user_3_1734699769-96x96.jpeg","caption":"Luis Alberto"},"description":"Editor-geral do Portal NPM, \u00e9 formado como T\u00e9cnico em Seguran\u00e7a do Trabalho pela Escola Metropolitana de Cursos T\u00e9cnicos. Det\u00e9m ainda licenciatura em Educa\u00e7\u00e3o F\u00edsica e bacharelado em Ci\u00eancias Pol\u00edticas, ambos obtidos pela institui\u00e7\u00e3o Anhanguera\/UNOPAR.","url":"https:\/\/portalnpm.com\/index.php\/author\/pereira\/"}]}},"jetpack_sharing_enabled":true,"jetpack_featured_media_url":"https:\/\/portalnpm.com\/wp-content\/uploads\/2025\/09\/IMG-20250903-WA0119.jpg","_links":{"self":[{"href":"https:\/\/portalnpm.com\/index.php\/wp-json\/wp\/v2\/posts\/89712"}],"collection":[{"href":"https:\/\/portalnpm.com\/index.php\/wp-json\/wp\/v2\/posts"}],"about":[{"href":"https:\/\/portalnpm.com\/index.php\/wp-json\/wp\/v2\/types\/post"}],"author":[{"embeddable":true,"href":"https:\/\/portalnpm.com\/index.php\/wp-json\/wp\/v2\/users\/3"}],"replies":[{"embeddable":true,"href":"https:\/\/portalnpm.com\/index.php\/wp-json\/wp\/v2\/comments?post=89712"}],"version-history":[{"count":5,"href":"https:\/\/portalnpm.com\/index.php\/wp-json\/wp\/v2\/posts\/89712\/revisions"}],"predecessor-version":[{"id":89723,"href":"https:\/\/portalnpm.com\/index.php\/wp-json\/wp\/v2\/posts\/89712\/revisions\/89723"}],"wp:featuredmedia":[{"embeddable":true,"href":"https:\/\/portalnpm.com\/index.php\/wp-json\/wp\/v2\/media\/89719"}],"wp:attachment":[{"href":"https:\/\/portalnpm.com\/index.php\/wp-json\/wp\/v2\/media?parent=89712"}],"wp:term":[{"taxonomy":"category","embeddable":true,"href":"https:\/\/portalnpm.com\/index.php\/wp-json\/wp\/v2\/categories?post=89712"},{"taxonomy":"post_tag","embeddable":true,"href":"https:\/\/portalnpm.com\/index.php\/wp-json\/wp\/v2\/tags?post=89712"}],"curies":[{"name":"wp","href":"https:\/\/api.w.org\/{rel}","templated":true}]}}