{"id":89724,"date":"2025-09-06T00:58:46","date_gmt":"2025-09-06T03:58:46","guid":{"rendered":"https:\/\/portalnpm.com\/?p=89724"},"modified":"2025-09-06T00:58:46","modified_gmt":"2025-09-06T03:58:46","slug":"vereadores-da-situacao-apresentam-requerimentos-e-destacam-conquistas-em-sessao-da-camara-de-sao-juliao-veja","status":"publish","type":"post","link":"https:\/\/portalnpm.com\/index.php\/2025\/09\/06\/vereadores-da-situacao-apresentam-requerimentos-e-destacam-conquistas-em-sessao-da-camara-de-sao-juliao-veja\/","title":{"rendered":"Vereadores da situa\u00e7\u00e3o apresentam requerimentos e destacam conquistas em sess\u00e3o da C\u00e2mara de S\u00e3o Juli\u00e3o; veja!\u00a0"},"content":{"rendered":"<p>Na \u00faltima sess\u00e3o ordin\u00e1ria da C\u00e2mara Municipal de S\u00e3o Juli\u00e3o (PI), realizada na quinta-feira (04), os vereadores David J\u00fanior e Soraia Palhares Luz, ambos do PDT e aliados do Executivo local, tiveram participa\u00e7\u00e3o de destaque ao apresentarem requerimentos e anunciarem conquistas para o munic\u00edpio.<\/p>\n<p>O vereador David J\u00fanior protocolou solicita\u00e7\u00e3o para a implanta\u00e7\u00e3o de sinaliza\u00e7\u00e3o em pontos estrat\u00e9gicos da cidade, medida considerada essencial para garantir mais seguran\u00e7a no tr\u00e2nsito e prevenir acidentes. Ele tamb\u00e9m ressaltou a chegada da Carreta da Mobilidade, investimento de aproximadamente R$ 3,5 milh\u00f5es, que ser\u00e1 destinado especialmente \u00e0 \u00e1rea da Educa\u00e7\u00e3o.<\/p>\n<p><img fetchpriority=\"high\" decoding=\"async\" class=\"alignnone size-medium wp-image-89726\" src=\"https:\/\/portalnpm.com\/wp-content\/uploads\/2025\/09\/IMG-20250905-WA0514-300x225.jpg\" alt=\"\" width=\"300\" height=\"225\" srcset=\"https:\/\/portalnpm.com\/wp-content\/uploads\/2025\/09\/IMG-20250905-WA0514-300x225.jpg 300w, https:\/\/portalnpm.com\/wp-content\/uploads\/2025\/09\/IMG-20250905-WA0514-1024x768.jpg 1024w, https:\/\/portalnpm.com\/wp-content\/uploads\/2025\/09\/IMG-20250905-WA0514-768x576.jpg 768w, https:\/\/portalnpm.com\/wp-content\/uploads\/2025\/09\/IMG-20250905-WA0514-1536x1152.jpg 1536w, https:\/\/portalnpm.com\/wp-content\/uploads\/2025\/09\/IMG-20250905-WA0514-2048x1536.jpg 2048w\" sizes=\"(max-width: 300px) 100vw, 300px\" \/><\/p>\n<blockquote><p>\u201cEssa conquista representa um grande avan\u00e7o para S\u00e3o Juli\u00e3o. A Carreta da Mobilidade ser\u00e1 um instrumento fundamental para ampliar oportunidades e melhorar a qualidade da educa\u00e7\u00e3o no nosso munic\u00edpio\u201d, afirmou o parlamentar.<\/p><\/blockquote>\n<p>J\u00e1 a vereadora Soraia Palhares Luz apresentou requerimentos voltados para a implanta\u00e7\u00e3o de sinaliza\u00e7\u00e3o vi\u00e1ria e redutores de velocidade em diferentes ruas do munic\u00edpio, buscando melhorar a organiza\u00e7\u00e3o do tr\u00e2nsito e garantir mais seguran\u00e7a para pedestres e motoristas.<\/p>\n<p><img decoding=\"async\" class=\"alignnone size-medium wp-image-89727\" src=\"https:\/\/portalnpm.com\/wp-content\/uploads\/2025\/09\/IMG-20250905-WA0529-300x225.jpg\" alt=\"\" width=\"300\" height=\"225\" srcset=\"https:\/\/portalnpm.com\/wp-content\/uploads\/2025\/09\/IMG-20250905-WA0529-300x225.jpg 300w, https:\/\/portalnpm.com\/wp-content\/uploads\/2025\/09\/IMG-20250905-WA0529-1024x768.jpg 1024w, https:\/\/portalnpm.com\/wp-content\/uploads\/2025\/09\/IMG-20250905-WA0529-768x576.jpg 768w, https:\/\/portalnpm.com\/wp-content\/uploads\/2025\/09\/IMG-20250905-WA0529-1536x1152.jpg 1536w, https:\/\/portalnpm.com\/wp-content\/uploads\/2025\/09\/IMG-20250905-WA0529-2048x1536.jpg 2048w\" sizes=\"(max-width: 300px) 100vw, 300px\" \/><\/p>\n<blockquote><p>\u201cA comunidade precisa de solu\u00e7\u00f5es pr\u00e1ticas para o dia a dia. A sinaliza\u00e7\u00e3o e os redutores de velocidade v\u00e3o trazer mais organiza\u00e7\u00e3o e comodidade para os cidad\u00e3os de S\u00e3o Juli\u00e3o\u201d, destacou.<\/p><\/blockquote>\n<p>Os requerimentos seguem para an\u00e1lise e dever\u00e3o ser debatidos nas pr\u00f3ximas sess\u00f5es da Casa Legislativa.<\/p>\n<p><strong>Outros pedidos apresentados na sess\u00e3o:<\/strong><\/p>\n<p>\u2022 Indicativo do vereador David J\u00fanior (PDT): solicita\u00e7\u00e3o para constru\u00e7\u00e3o de redutores de velocidade na Avenida Joviano Maximino de Alencar, pr\u00f3ximo \u00e0 \u201cCasa do Melado\u201d, e na Rua Leopoldino Rocha, em frente \u00e0 Igreja Congrega\u00e7\u00e3o Crist\u00e3 no Brasil.<\/p>\n<figure id=\"attachment_89736\" aria-describedby=\"caption-attachment-89736\" style=\"width: 300px\" class=\"wp-caption alignnone\"><img decoding=\"async\" class=\"size-medium wp-image-89736\" src=\"https:\/\/portalnpm.com\/wp-content\/uploads\/2025\/09\/IMG-20250905-WA0524-300x225.jpg\" alt=\"\" width=\"300\" height=\"225\" srcset=\"https:\/\/portalnpm.com\/wp-content\/uploads\/2025\/09\/IMG-20250905-WA0524-300x225.jpg 300w, https:\/\/portalnpm.com\/wp-content\/uploads\/2025\/09\/IMG-20250905-WA0524-1024x768.jpg 1024w, https:\/\/portalnpm.com\/wp-content\/uploads\/2025\/09\/IMG-20250905-WA0524-768x576.jpg 768w, https:\/\/portalnpm.com\/wp-content\/uploads\/2025\/09\/IMG-20250905-WA0524-1536x1152.jpg 1536w, https:\/\/portalnpm.com\/wp-content\/uploads\/2025\/09\/IMG-20250905-WA0524-2048x1536.jpg 2048w\" sizes=\"(max-width: 300px) 100vw, 300px\" \/><figcaption id=\"caption-attachment-89736\" class=\"wp-caption-text\">Vereador Guaran\u00e1 (PDT)<\/figcaption><\/figure>\n<p>\u2022 Requerimento do vereador Josivan Jo\u00e3o de Carvalho, o Guaran\u00e1 (PDT): pedido de instala\u00e7\u00e3o de dois quebra-molas e placas de sinaliza\u00e7\u00e3o no caminho do povoado Fujona, nas proximidades da Cohab S\u00e3o Jos\u00e9.<br \/>\n\u2022 Requerimentos da vereadora Soraia Palhares Luz (PDT): solicita\u00e7\u00f5es para redutores de velocidade na Rua S\u00e3o Jos\u00e9, pr\u00f3ximo \u00e0 resid\u00eancia de Raimunda Oliveira e com\u00e9rcio da Raiana, e tamb\u00e9m na Rua Severiano Pereira, pr\u00f3ximo \u00e0 casa de Marioneth.<\/p>\n<p>Mesmo diante da divis\u00e3o pol\u00edtica existente no Legislativo, os vereadores refor\u00e7aram o alinhamento com o Executivo e garantiram que seguir\u00e3o trabalhando em parceria com o prefeito em busca de melhorias concretas para a popula\u00e7\u00e3o.<\/p>\n<p><img loading=\"lazy\" decoding=\"async\" class=\"alignnone size-medium wp-image-89728\" src=\"https:\/\/portalnpm.com\/wp-content\/uploads\/2025\/09\/IMG-20250905-WA0528-300x225.jpg\" alt=\"\" width=\"300\" height=\"225\" srcset=\"https:\/\/portalnpm.com\/wp-content\/uploads\/2025\/09\/IMG-20250905-WA0528-300x225.jpg 300w, https:\/\/portalnpm.com\/wp-content\/uploads\/2025\/09\/IMG-20250905-WA0528-1024x768.jpg 1024w, https:\/\/portalnpm.com\/wp-content\/uploads\/2025\/09\/IMG-20250905-WA0528-768x576.jpg 768w, https:\/\/portalnpm.com\/wp-content\/uploads\/2025\/09\/IMG-20250905-WA0528-1536x1152.jpg 1536w, https:\/\/portalnpm.com\/wp-content\/uploads\/2025\/09\/IMG-20250905-WA0528-2048x1536.jpg 2048w\" sizes=\"(max-width: 300px) 100vw, 300px\" \/> <img loading=\"lazy\" decoding=\"async\" class=\"alignnone size-medium wp-image-89729\" src=\"https:\/\/portalnpm.com\/wp-content\/uploads\/2025\/09\/IMG-20250905-WA0530-300x225.jpg\" alt=\"\" width=\"300\" height=\"225\" srcset=\"https:\/\/portalnpm.com\/wp-content\/uploads\/2025\/09\/IMG-20250905-WA0530-300x225.jpg 300w, https:\/\/portalnpm.com\/wp-content\/uploads\/2025\/09\/IMG-20250905-WA0530-1024x768.jpg 1024w, https:\/\/portalnpm.com\/wp-content\/uploads\/2025\/09\/IMG-20250905-WA0530-768x576.jpg 768w, https:\/\/portalnpm.com\/wp-content\/uploads\/2025\/09\/IMG-20250905-WA0530-1536x1152.jpg 1536w, https:\/\/portalnpm.com\/wp-content\/uploads\/2025\/09\/IMG-20250905-WA0530-2048x1536.jpg 2048w\" sizes=\"(max-width: 300px) 100vw, 300px\" \/> <img loading=\"lazy\" decoding=\"async\" class=\"alignnone size-medium wp-image-89730\" src=\"https:\/\/portalnpm.com\/wp-content\/uploads\/2025\/09\/IMG-20250905-WA0513-300x225.jpg\" alt=\"\" width=\"300\" height=\"225\" srcset=\"https:\/\/portalnpm.com\/wp-content\/uploads\/2025\/09\/IMG-20250905-WA0513-300x225.jpg 300w, https:\/\/portalnpm.com\/wp-content\/uploads\/2025\/09\/IMG-20250905-WA0513-1024x768.jpg 1024w, https:\/\/portalnpm.com\/wp-content\/uploads\/2025\/09\/IMG-20250905-WA0513-768x576.jpg 768w, https:\/\/portalnpm.com\/wp-content\/uploads\/2025\/09\/IMG-20250905-WA0513-1536x1152.jpg 1536w, https:\/\/portalnpm.com\/wp-content\/uploads\/2025\/09\/IMG-20250905-WA0513-2048x1536.jpg 2048w\" sizes=\"(max-width: 300px) 100vw, 300px\" \/> <img loading=\"lazy\" decoding=\"async\" class=\"alignnone size-medium wp-image-89731\" src=\"https:\/\/portalnpm.com\/wp-content\/uploads\/2025\/09\/IMG-20250905-WA0531-300x225.jpg\" alt=\"\" width=\"300\" height=\"225\" srcset=\"https:\/\/portalnpm.com\/wp-content\/uploads\/2025\/09\/IMG-20250905-WA0531-300x225.jpg 300w, https:\/\/portalnpm.com\/wp-content\/uploads\/2025\/09\/IMG-20250905-WA0531-1024x768.jpg 1024w, https:\/\/portalnpm.com\/wp-content\/uploads\/2025\/09\/IMG-20250905-WA0531-768x576.jpg 768w, https:\/\/portalnpm.com\/wp-content\/uploads\/2025\/09\/IMG-20250905-WA0531-1536x1152.jpg 1536w, https:\/\/portalnpm.com\/wp-content\/uploads\/2025\/09\/IMG-20250905-WA0531-2048x1536.jpg 2048w\" sizes=\"(max-width: 300px) 100vw, 300px\" \/> <img loading=\"lazy\" decoding=\"async\" class=\"alignnone size-medium wp-image-89732\" src=\"https:\/\/portalnpm.com\/wp-content\/uploads\/2025\/09\/IMG-20250905-WA0527-300x225.jpg\" alt=\"\" width=\"300\" height=\"225\" srcset=\"https:\/\/portalnpm.com\/wp-content\/uploads\/2025\/09\/IMG-20250905-WA0527-300x225.jpg 300w, https:\/\/portalnpm.com\/wp-content\/uploads\/2025\/09\/IMG-20250905-WA0527-1024x768.jpg 1024w, https:\/\/portalnpm.com\/wp-content\/uploads\/2025\/09\/IMG-20250905-WA0527-768x576.jpg 768w, https:\/\/portalnpm.com\/wp-content\/uploads\/2025\/09\/IMG-20250905-WA0527-1536x1152.jpg 1536w, https:\/\/portalnpm.com\/wp-content\/uploads\/2025\/09\/IMG-20250905-WA0527-2048x1536.jpg 2048w\" sizes=\"(max-width: 300px) 100vw, 300px\" \/> <img loading=\"lazy\" decoding=\"async\" class=\"alignnone size-medium wp-image-89733\" src=\"https:\/\/portalnpm.com\/wp-content\/uploads\/2025\/09\/IMG-20250905-WA0525-300x225.jpg\" alt=\"\" width=\"300\" height=\"225\" srcset=\"https:\/\/portalnpm.com\/wp-content\/uploads\/2025\/09\/IMG-20250905-WA0525-300x225.jpg 300w, https:\/\/portalnpm.com\/wp-content\/uploads\/2025\/09\/IMG-20250905-WA0525-1024x768.jpg 1024w, https:\/\/portalnpm.com\/wp-content\/uploads\/2025\/09\/IMG-20250905-WA0525-768x576.jpg 768w, https:\/\/portalnpm.com\/wp-content\/uploads\/2025\/09\/IMG-20250905-WA0525-1536x1152.jpg 1536w, https:\/\/portalnpm.com\/wp-content\/uploads\/2025\/09\/IMG-20250905-WA0525-2048x1536.jpg 2048w\" sizes=\"(max-width: 300px) 100vw, 300px\" \/> <img loading=\"lazy\" decoding=\"async\" class=\"alignnone size-medium wp-image-89734\" src=\"https:\/\/portalnpm.com\/wp-content\/uploads\/2025\/09\/IMG-20250905-WA0526-300x225.jpg\" alt=\"\" width=\"300\" height=\"225\" srcset=\"https:\/\/portalnpm.com\/wp-content\/uploads\/2025\/09\/IMG-20250905-WA0526-300x225.jpg 300w, https:\/\/portalnpm.com\/wp-content\/uploads\/2025\/09\/IMG-20250905-WA0526-1024x768.jpg 1024w, https:\/\/portalnpm.com\/wp-content\/uploads\/2025\/09\/IMG-20250905-WA0526-768x576.jpg 768w, https:\/\/portalnpm.com\/wp-content\/uploads\/2025\/09\/IMG-20250905-WA0526-1536x1152.jpg 1536w, https:\/\/portalnpm.com\/wp-content\/uploads\/2025\/09\/IMG-20250905-WA0526-2048x1536.jpg 2048w\" sizes=\"(max-width: 300px) 100vw, 300px\" \/> <img loading=\"lazy\" decoding=\"async\" class=\"alignnone size-medium wp-image-89735\" src=\"https:\/\/portalnpm.com\/wp-content\/uploads\/2025\/09\/IMG-20250905-WA0532-300x225.jpg\" alt=\"\" width=\"300\" height=\"225\" srcset=\"https:\/\/portalnpm.com\/wp-content\/uploads\/2025\/09\/IMG-20250905-WA0532-300x225.jpg 300w, https:\/\/portalnpm.com\/wp-content\/uploads\/2025\/09\/IMG-20250905-WA0532-1024x768.jpg 1024w, https:\/\/portalnpm.com\/wp-content\/uploads\/2025\/09\/IMG-20250905-WA0532-768x576.jpg 768w, https:\/\/portalnpm.com\/wp-content\/uploads\/2025\/09\/IMG-20250905-WA0532-1536x1152.jpg 1536w, https:\/\/portalnpm.com\/wp-content\/uploads\/2025\/09\/IMG-20250905-WA0532-2048x1536.jpg 2048w\" sizes=\"(max-width: 300px) 100vw, 300px\" \/><\/p>\n<p><strong>Texto: Carlos Thadeu, com supervis\u00e3o de Luis Alberto\u00a0<\/strong><\/p>\n<p><strong>Fotos: Carlos Thadeu\u00a0<\/strong><\/p>\n","protected":false},"excerpt":{"rendered":"<p>Na \u00faltima sess\u00e3o ordin\u00e1ria da C\u00e2mara Municipal de S\u00e3o Juli\u00e3o (PI), realizada na quinta-feira (04), os vereadores David J\u00fanior e Soraia Palhares Luz, ambos do PDT e aliados do Executivo local, tiveram participa\u00e7\u00e3o de destaque ao apresentarem requerimentos e anunciarem conquistas para o munic\u00edpio. O vereador David J\u00fanior protocolou solicita\u00e7\u00e3o para a implanta\u00e7\u00e3o de sinaliza\u00e7\u00e3o &hellip;<\/p>\n","protected":false},"author":3,"featured_media":89738,"comment_status":"open","ping_status":"open","sticky":false,"template":"","format":"standard","meta":{"content-type":"","rop_custom_images_group":[],"rop_custom_messages_group":[],"rop_publish_now":"yes","rop_publish_now_accounts":{"facebook_2648258775420054_1618374048415101":""},"rop_publish_now_history":[],"rop_publish_now_status":"pending","footnotes":"","_jetpack_memberships_contains_paid_content":false},"categories":[113,109,3998],"tags":[6775,526,16712,836,230,16399,855,1197,11857,1196,4183,1549,842,3337],"yoast_head":"<!-- This site is optimized with the Yoast SEO plugin v22.3 - https:\/\/yoast.com\/wordpress\/plugins\/seo\/ -->\n<title>Vereadores da situa\u00e7\u00e3o apresentam requerimentos e destacam conquistas em sess\u00e3o da C\u00e2mara de S\u00e3o Juli\u00e3o; veja!\u00a0 - Portal NPM<\/title>\n<meta name=\"robots\" content=\"index, follow, max-snippet:-1, max-image-preview:large, max-video-preview:-1\" \/>\n<link rel=\"canonical\" href=\"https:\/\/portalnpm.com\/index.php\/2025\/09\/06\/vereadores-da-situacao-apresentam-requerimentos-e-destacam-conquistas-em-sessao-da-camara-de-sao-juliao-veja\/\" \/>\n<meta property=\"og:locale\" content=\"pt_BR\" \/>\n<meta property=\"og:type\" content=\"article\" \/>\n<meta property=\"og:title\" content=\"Vereadores da situa\u00e7\u00e3o apresentam requerimentos e destacam conquistas em sess\u00e3o da C\u00e2mara de S\u00e3o Juli\u00e3o; veja!\u00a0 - Portal NPM\" \/>\n<meta property=\"og:description\" content=\"Na \u00faltima sess\u00e3o ordin\u00e1ria da C\u00e2mara Municipal de S\u00e3o Juli\u00e3o (PI), realizada na quinta-feira (04), os vereadores David J\u00fanior e Soraia Palhares Luz, ambos do PDT e aliados do Executivo local, tiveram participa\u00e7\u00e3o de destaque ao apresentarem requerimentos e anunciarem conquistas para o munic\u00edpio. O vereador David J\u00fanior protocolou solicita\u00e7\u00e3o para a implanta\u00e7\u00e3o de sinaliza\u00e7\u00e3o &hellip;\" \/>\n<meta property=\"og:url\" content=\"https:\/\/portalnpm.com\/index.php\/2025\/09\/06\/vereadores-da-situacao-apresentam-requerimentos-e-destacam-conquistas-em-sessao-da-camara-de-sao-juliao-veja\/\" \/>\n<meta property=\"og:site_name\" content=\"Portal NPM\" \/>\n<meta property=\"article:published_time\" content=\"2025-09-06T03:58:46+00:00\" \/>\n<meta property=\"og:image\" content=\"https:\/\/portalnpm.com\/wp-content\/uploads\/2025\/09\/IMG-20250905-WA0532-1-scaled.jpg\" \/>\n\t<meta property=\"og:image:width\" content=\"2560\" \/>\n\t<meta property=\"og:image:height\" content=\"1920\" \/>\n\t<meta property=\"og:image:type\" content=\"image\/jpeg\" \/>\n<meta name=\"author\" content=\"Luis Alberto\" \/>\n<meta name=\"twitter:card\" content=\"summary_large_image\" \/>\n<meta name=\"twitter:label1\" content=\"Escrito por\" \/>\n\t<meta name=\"twitter:data1\" content=\"Luis Alberto\" \/>\n\t<meta name=\"twitter:label2\" content=\"Est. tempo de leitura\" \/>\n\t<meta name=\"twitter:data2\" content=\"5 minutos\" \/>\n<script type=\"application\/ld+json\" class=\"yoast-schema-graph\">{\"@context\":\"https:\/\/schema.org\",\"@graph\":[{\"@type\":\"WebPage\",\"@id\":\"https:\/\/portalnpm.com\/index.php\/2025\/09\/06\/vereadores-da-situacao-apresentam-requerimentos-e-destacam-conquistas-em-sessao-da-camara-de-sao-juliao-veja\/\",\"url\":\"https:\/\/portalnpm.com\/index.php\/2025\/09\/06\/vereadores-da-situacao-apresentam-requerimentos-e-destacam-conquistas-em-sessao-da-camara-de-sao-juliao-veja\/\",\"name\":\"Vereadores da situa\u00e7\u00e3o apresentam requerimentos e destacam conquistas em sess\u00e3o da C\u00e2mara de S\u00e3o Juli\u00e3o; veja!\u00a0 - Portal NPM\",\"isPartOf\":{\"@id\":\"https:\/\/portalnpm.com\/#website\"},\"primaryImageOfPage\":{\"@id\":\"https:\/\/portalnpm.com\/index.php\/2025\/09\/06\/vereadores-da-situacao-apresentam-requerimentos-e-destacam-conquistas-em-sessao-da-camara-de-sao-juliao-veja\/#primaryimage\"},\"image\":{\"@id\":\"https:\/\/portalnpm.com\/index.php\/2025\/09\/06\/vereadores-da-situacao-apresentam-requerimentos-e-destacam-conquistas-em-sessao-da-camara-de-sao-juliao-veja\/#primaryimage\"},\"thumbnailUrl\":\"https:\/\/portalnpm.com\/wp-content\/uploads\/2025\/09\/IMG-20250905-WA0532-1-scaled.jpg\",\"datePublished\":\"2025-09-06T03:58:46+00:00\",\"dateModified\":\"2025-09-06T03:58:46+00:00\",\"author\":{\"@id\":\"https:\/\/portalnpm.com\/#\/schema\/person\/5c8006acdf71774cd4e7a5ab98482152\"},\"breadcrumb\":{\"@id\":\"https:\/\/portalnpm.com\/index.php\/2025\/09\/06\/vereadores-da-situacao-apresentam-requerimentos-e-destacam-conquistas-em-sessao-da-camara-de-sao-juliao-veja\/#breadcrumb\"},\"inLanguage\":\"pt-BR\",\"potentialAction\":[{\"@type\":\"ReadAction\",\"target\":[\"https:\/\/portalnpm.com\/index.php\/2025\/09\/06\/vereadores-da-situacao-apresentam-requerimentos-e-destacam-conquistas-em-sessao-da-camara-de-sao-juliao-veja\/\"]}]},{\"@type\":\"ImageObject\",\"inLanguage\":\"pt-BR\",\"@id\":\"https:\/\/portalnpm.com\/index.php\/2025\/09\/06\/vereadores-da-situacao-apresentam-requerimentos-e-destacam-conquistas-em-sessao-da-camara-de-sao-juliao-veja\/#primaryimage\",\"url\":\"https:\/\/portalnpm.com\/wp-content\/uploads\/2025\/09\/IMG-20250905-WA0532-1-scaled.jpg\",\"contentUrl\":\"https:\/\/portalnpm.com\/wp-content\/uploads\/2025\/09\/IMG-20250905-WA0532-1-scaled.jpg\",\"width\":2560,\"height\":1920},{\"@type\":\"BreadcrumbList\",\"@id\":\"https:\/\/portalnpm.com\/index.php\/2025\/09\/06\/vereadores-da-situacao-apresentam-requerimentos-e-destacam-conquistas-em-sessao-da-camara-de-sao-juliao-veja\/#breadcrumb\",\"itemListElement\":[{\"@type\":\"ListItem\",\"position\":1,\"name\":\"In\u00edcio\",\"item\":\"https:\/\/portalnpm.com\/\"},{\"@type\":\"ListItem\",\"position\":2,\"name\":\"Vereadores da situa\u00e7\u00e3o apresentam requerimentos e destacam conquistas em sess\u00e3o da C\u00e2mara de S\u00e3o Juli\u00e3o; veja!\u00a0\"}]},{\"@type\":\"WebSite\",\"@id\":\"https:\/\/portalnpm.com\/#website\",\"url\":\"https:\/\/portalnpm.com\/\",\"name\":\"Portal NPM\",\"description\":\"Not\u00edcias em Primeira M\u00e3o\",\"potentialAction\":[{\"@type\":\"SearchAction\",\"target\":{\"@type\":\"EntryPoint\",\"urlTemplate\":\"https:\/\/portalnpm.com\/?s={search_term_string}\"},\"query-input\":\"required name=search_term_string\"}],\"inLanguage\":\"pt-BR\"},{\"@type\":\"Person\",\"@id\":\"https:\/\/portalnpm.com\/#\/schema\/person\/5c8006acdf71774cd4e7a5ab98482152\",\"name\":\"Luis Alberto\",\"image\":{\"@type\":\"ImageObject\",\"inLanguage\":\"pt-BR\",\"@id\":\"https:\/\/portalnpm.com\/#\/schema\/person\/image\/\",\"url\":\"https:\/\/portalnpm.com\/wp-content\/uploads\/2024\/12\/avatar_user_3_1734699769-96x96.jpeg\",\"contentUrl\":\"https:\/\/portalnpm.com\/wp-content\/uploads\/2024\/12\/avatar_user_3_1734699769-96x96.jpeg\",\"caption\":\"Luis Alberto\"},\"description\":\"Editor-geral do Portal NPM, \u00e9 formado como T\u00e9cnico em Seguran\u00e7a do Trabalho pela Escola Metropolitana de Cursos T\u00e9cnicos. Det\u00e9m ainda licenciatura em Educa\u00e7\u00e3o F\u00edsica e bacharelado em Ci\u00eancias Pol\u00edticas, ambos obtidos pela institui\u00e7\u00e3o Anhanguera\/UNOPAR.\",\"url\":\"https:\/\/portalnpm.com\/index.php\/author\/pereira\/\"}]}<\/script>\n<!-- \/ Yoast SEO plugin. -->","yoast_head_json":{"title":"Vereadores da situa\u00e7\u00e3o apresentam requerimentos e destacam conquistas em sess\u00e3o da C\u00e2mara de S\u00e3o Juli\u00e3o; veja!\u00a0 - Portal NPM","robots":{"index":"index","follow":"follow","max-snippet":"max-snippet:-1","max-image-preview":"max-image-preview:large","max-video-preview":"max-video-preview:-1"},"canonical":"https:\/\/portalnpm.com\/index.php\/2025\/09\/06\/vereadores-da-situacao-apresentam-requerimentos-e-destacam-conquistas-em-sessao-da-camara-de-sao-juliao-veja\/","og_locale":"pt_BR","og_type":"article","og_title":"Vereadores da situa\u00e7\u00e3o apresentam requerimentos e destacam conquistas em sess\u00e3o da C\u00e2mara de S\u00e3o Juli\u00e3o; veja!\u00a0 - Portal NPM","og_description":"Na \u00faltima sess\u00e3o ordin\u00e1ria da C\u00e2mara Municipal de S\u00e3o Juli\u00e3o (PI), realizada na quinta-feira (04), os vereadores David J\u00fanior e Soraia Palhares Luz, ambos do PDT e aliados do Executivo local, tiveram participa\u00e7\u00e3o de destaque ao apresentarem requerimentos e anunciarem conquistas para o munic\u00edpio. O vereador David J\u00fanior protocolou solicita\u00e7\u00e3o para a implanta\u00e7\u00e3o de sinaliza\u00e7\u00e3o &hellip;","og_url":"https:\/\/portalnpm.com\/index.php\/2025\/09\/06\/vereadores-da-situacao-apresentam-requerimentos-e-destacam-conquistas-em-sessao-da-camara-de-sao-juliao-veja\/","og_site_name":"Portal NPM","article_published_time":"2025-09-06T03:58:46+00:00","og_image":[{"width":2560,"height":1920,"url":"https:\/\/portalnpm.com\/wp-content\/uploads\/2025\/09\/IMG-20250905-WA0532-1-scaled.jpg","type":"image\/jpeg"}],"author":"Luis Alberto","twitter_card":"summary_large_image","twitter_misc":{"Escrito por":"Luis Alberto","Est. tempo de leitura":"5 minutos"},"schema":{"@context":"https:\/\/schema.org","@graph":[{"@type":"WebPage","@id":"https:\/\/portalnpm.com\/index.php\/2025\/09\/06\/vereadores-da-situacao-apresentam-requerimentos-e-destacam-conquistas-em-sessao-da-camara-de-sao-juliao-veja\/","url":"https:\/\/portalnpm.com\/index.php\/2025\/09\/06\/vereadores-da-situacao-apresentam-requerimentos-e-destacam-conquistas-em-sessao-da-camara-de-sao-juliao-veja\/","name":"Vereadores da situa\u00e7\u00e3o apresentam requerimentos e destacam conquistas em sess\u00e3o da C\u00e2mara de S\u00e3o Juli\u00e3o; veja!\u00a0 - Portal NPM","isPartOf":{"@id":"https:\/\/portalnpm.com\/#website"},"primaryImageOfPage":{"@id":"https:\/\/portalnpm.com\/index.php\/2025\/09\/06\/vereadores-da-situacao-apresentam-requerimentos-e-destacam-conquistas-em-sessao-da-camara-de-sao-juliao-veja\/#primaryimage"},"image":{"@id":"https:\/\/portalnpm.com\/index.php\/2025\/09\/06\/vereadores-da-situacao-apresentam-requerimentos-e-destacam-conquistas-em-sessao-da-camara-de-sao-juliao-veja\/#primaryimage"},"thumbnailUrl":"https:\/\/portalnpm.com\/wp-content\/uploads\/2025\/09\/IMG-20250905-WA0532-1-scaled.jpg","datePublished":"2025-09-06T03:58:46+00:00","dateModified":"2025-09-06T03:58:46+00:00","author":{"@id":"https:\/\/portalnpm.com\/#\/schema\/person\/5c8006acdf71774cd4e7a5ab98482152"},"breadcrumb":{"@id":"https:\/\/portalnpm.com\/index.php\/2025\/09\/06\/vereadores-da-situacao-apresentam-requerimentos-e-destacam-conquistas-em-sessao-da-camara-de-sao-juliao-veja\/#breadcrumb"},"inLanguage":"pt-BR","potentialAction":[{"@type":"ReadAction","target":["https:\/\/portalnpm.com\/index.php\/2025\/09\/06\/vereadores-da-situacao-apresentam-requerimentos-e-destacam-conquistas-em-sessao-da-camara-de-sao-juliao-veja\/"]}]},{"@type":"ImageObject","inLanguage":"pt-BR","@id":"https:\/\/portalnpm.com\/index.php\/2025\/09\/06\/vereadores-da-situacao-apresentam-requerimentos-e-destacam-conquistas-em-sessao-da-camara-de-sao-juliao-veja\/#primaryimage","url":"https:\/\/portalnpm.com\/wp-content\/uploads\/2025\/09\/IMG-20250905-WA0532-1-scaled.jpg","contentUrl":"https:\/\/portalnpm.com\/wp-content\/uploads\/2025\/09\/IMG-20250905-WA0532-1-scaled.jpg","width":2560,"height":1920},{"@type":"BreadcrumbList","@id":"https:\/\/portalnpm.com\/index.php\/2025\/09\/06\/vereadores-da-situacao-apresentam-requerimentos-e-destacam-conquistas-em-sessao-da-camara-de-sao-juliao-veja\/#breadcrumb","itemListElement":[{"@type":"ListItem","position":1,"name":"In\u00edcio","item":"https:\/\/portalnpm.com\/"},{"@type":"ListItem","position":2,"name":"Vereadores da situa\u00e7\u00e3o apresentam requerimentos e destacam conquistas em sess\u00e3o da C\u00e2mara de S\u00e3o Juli\u00e3o; veja!\u00a0"}]},{"@type":"WebSite","@id":"https:\/\/portalnpm.com\/#website","url":"https:\/\/portalnpm.com\/","name":"Portal NPM","description":"Not\u00edcias em Primeira M\u00e3o","potentialAction":[{"@type":"SearchAction","target":{"@type":"EntryPoint","urlTemplate":"https:\/\/portalnpm.com\/?s={search_term_string}"},"query-input":"required name=search_term_string"}],"inLanguage":"pt-BR"},{"@type":"Person","@id":"https:\/\/portalnpm.com\/#\/schema\/person\/5c8006acdf71774cd4e7a5ab98482152","name":"Luis Alberto","image":{"@type":"ImageObject","inLanguage":"pt-BR","@id":"https:\/\/portalnpm.com\/#\/schema\/person\/image\/","url":"https:\/\/portalnpm.com\/wp-content\/uploads\/2024\/12\/avatar_user_3_1734699769-96x96.jpeg","contentUrl":"https:\/\/portalnpm.com\/wp-content\/uploads\/2024\/12\/avatar_user_3_1734699769-96x96.jpeg","caption":"Luis Alberto"},"description":"Editor-geral do Portal NPM, \u00e9 formado como T\u00e9cnico em Seguran\u00e7a do Trabalho pela Escola Metropolitana de Cursos T\u00e9cnicos. Det\u00e9m ainda licenciatura em Educa\u00e7\u00e3o F\u00edsica e bacharelado em Ci\u00eancias Pol\u00edticas, ambos obtidos pela institui\u00e7\u00e3o Anhanguera\/UNOPAR.","url":"https:\/\/portalnpm.com\/index.php\/author\/pereira\/"}]}},"jetpack_sharing_enabled":true,"jetpack_featured_media_url":"https:\/\/portalnpm.com\/wp-content\/uploads\/2025\/09\/IMG-20250905-WA0532-1-scaled.jpg","_links":{"self":[{"href":"https:\/\/portalnpm.com\/index.php\/wp-json\/wp\/v2\/posts\/89724"}],"collection":[{"href":"https:\/\/portalnpm.com\/index.php\/wp-json\/wp\/v2\/posts"}],"about":[{"href":"https:\/\/portalnpm.com\/index.php\/wp-json\/wp\/v2\/types\/post"}],"author":[{"embeddable":true,"href":"https:\/\/portalnpm.com\/index.php\/wp-json\/wp\/v2\/users\/3"}],"replies":[{"embeddable":true,"href":"https:\/\/portalnpm.com\/index.php\/wp-json\/wp\/v2\/comments?post=89724"}],"version-history":[{"count":3,"href":"https:\/\/portalnpm.com\/index.php\/wp-json\/wp\/v2\/posts\/89724\/revisions"}],"predecessor-version":[{"id":89739,"href":"https:\/\/portalnpm.com\/index.php\/wp-json\/wp\/v2\/posts\/89724\/revisions\/89739"}],"wp:featuredmedia":[{"embeddable":true,"href":"https:\/\/portalnpm.com\/index.php\/wp-json\/wp\/v2\/media\/89738"}],"wp:attachment":[{"href":"https:\/\/portalnpm.com\/index.php\/wp-json\/wp\/v2\/media?parent=89724"}],"wp:term":[{"taxonomy":"category","embeddable":true,"href":"https:\/\/portalnpm.com\/index.php\/wp-json\/wp\/v2\/categories?post=89724"},{"taxonomy":"post_tag","embeddable":true,"href":"https:\/\/portalnpm.com\/index.php\/wp-json\/wp\/v2\/tags?post=89724"}],"curies":[{"name":"wp","href":"https:\/\/api.w.org\/{rel}","templated":true}]}}