{"id":89750,"date":"2025-09-11T11:50:15","date_gmt":"2025-09-11T14:50:15","guid":{"rendered":"https:\/\/portalnpm.com\/?p=89750"},"modified":"2025-09-11T11:50:15","modified_gmt":"2025-09-11T14:50:15","slug":"sao-juliao-secretaria-de-assistencia-social-realiza-encontro-com-grupo-de-idosos-sementes-do-saber-em-alusao-ao-setembro-amarelo-veja","status":"publish","type":"post","link":"https:\/\/portalnpm.com\/index.php\/2025\/09\/11\/sao-juliao-secretaria-de-assistencia-social-realiza-encontro-com-grupo-de-idosos-sementes-do-saber-em-alusao-ao-setembro-amarelo-veja\/","title":{"rendered":"S\u00e3o Juli\u00e3o | Secretaria de Assist\u00eancia Social realiza encontro com grupo de idosos Sementes do Saber em alus\u00e3o ao Setembro Amarelo; veja!"},"content":{"rendered":"<p>Evento promoveu atividades de cuidado e bem-estar no Dia Mundial de Preven\u00e7\u00e3o ao Suic\u00eddio<\/p>\n<p><img fetchpriority=\"high\" decoding=\"async\" class=\"alignnone size-medium wp-image-89752\" src=\"https:\/\/portalnpm.com\/wp-content\/uploads\/2025\/09\/IMG-20250911-WA0164-300x243.jpg\" alt=\"\" width=\"300\" height=\"243\" srcset=\"https:\/\/portalnpm.com\/wp-content\/uploads\/2025\/09\/IMG-20250911-WA0164-300x243.jpg 300w, https:\/\/portalnpm.com\/wp-content\/uploads\/2025\/09\/IMG-20250911-WA0164-1024x830.jpg 1024w, https:\/\/portalnpm.com\/wp-content\/uploads\/2025\/09\/IMG-20250911-WA0164-768x623.jpg 768w, https:\/\/portalnpm.com\/wp-content\/uploads\/2025\/09\/IMG-20250911-WA0164.jpg 1280w\" sizes=\"(max-width: 300px) 100vw, 300px\" \/><\/p>\n<p>No dia 10 de setembro, data em que se celebra o Dia Mundial de Preven\u00e7\u00e3o ao Suic\u00eddio, a Secretaria Municipal de Assist\u00eancia Social promoveu uma manh\u00e3 de atividades especiais para o grupo de idosos Sementes do Saber, que integra o Servi\u00e7o de Conviv\u00eancia e Fortalecimento de V\u00ednculos (SCFV) do CRAS.<\/p>\n<p>A programa\u00e7\u00e3o contou com uma animada aula de hidrogin\u00e1stica ministrada pela educadora f\u00edsica Gon Costa, seguida de uma roda de conversa sobre sa\u00fade mental na terceira idade com o psic\u00f3logo Anderson Sousa. Al\u00e9m disso, houve din\u00e2micas de integra\u00e7\u00e3o e, para encerrar o encontro, foi servido um delicioso almo\u00e7o \u00e0s participantes.<\/p>\n<p>Para a secret\u00e1ria de Assist\u00eancia Social, Antonia Maria, o momento foi marcado por alegria e acolhimento. \u201c<em>Foi uma manh\u00e3 de muita descontra\u00e7\u00e3o e uni\u00e3o. Nossa gest\u00e3o reafirma o compromisso de promover a\u00e7\u00f5es de cuidado com a sa\u00fade mental, inclusive voltadas para a pessoa idosa, que merece toda a aten\u00e7\u00e3o e carinho\u201d,<\/em> destacou.<\/p>\n<p>A a\u00e7\u00e3o integra a campanha Setembro Amarelo, que tem como objetivo conscientizar sobre a import\u00e2ncia da preven\u00e7\u00e3o ao suic\u00eddio e do fortalecimento dos v\u00ednculos sociais, especialmente entre pessoas idosas.<\/p>\n<p><img decoding=\"async\" class=\"alignnone size-medium wp-image-89753\" src=\"https:\/\/portalnpm.com\/wp-content\/uploads\/2025\/09\/IMG-20250911-WA0160-300x233.jpg\" alt=\"\" width=\"300\" height=\"233\" srcset=\"https:\/\/portalnpm.com\/wp-content\/uploads\/2025\/09\/IMG-20250911-WA0160-300x233.jpg 300w, https:\/\/portalnpm.com\/wp-content\/uploads\/2025\/09\/IMG-20250911-WA0160-1024x797.jpg 1024w, https:\/\/portalnpm.com\/wp-content\/uploads\/2025\/09\/IMG-20250911-WA0160-768x598.jpg 768w, https:\/\/portalnpm.com\/wp-content\/uploads\/2025\/09\/IMG-20250911-WA0160.jpg 1280w\" sizes=\"(max-width: 300px) 100vw, 300px\" \/> <img decoding=\"async\" class=\"alignnone size-medium wp-image-89754\" src=\"https:\/\/portalnpm.com\/wp-content\/uploads\/2025\/09\/IMG-20250911-WA0184-300x225.jpg\" alt=\"\" width=\"300\" height=\"225\" srcset=\"https:\/\/portalnpm.com\/wp-content\/uploads\/2025\/09\/IMG-20250911-WA0184-300x225.jpg 300w, https:\/\/portalnpm.com\/wp-content\/uploads\/2025\/09\/IMG-20250911-WA0184-1024x768.jpg 1024w, https:\/\/portalnpm.com\/wp-content\/uploads\/2025\/09\/IMG-20250911-WA0184-768x576.jpg 768w, https:\/\/portalnpm.com\/wp-content\/uploads\/2025\/09\/IMG-20250911-WA0184-1536x1152.jpg 1536w, https:\/\/portalnpm.com\/wp-content\/uploads\/2025\/09\/IMG-20250911-WA0184-2048x1536.jpg 2048w\" sizes=\"(max-width: 300px) 100vw, 300px\" \/> <img loading=\"lazy\" decoding=\"async\" class=\"alignnone size-medium wp-image-89755\" src=\"https:\/\/portalnpm.com\/wp-content\/uploads\/2025\/09\/IMG-20250911-WA0161-225x300.jpg\" alt=\"\" width=\"225\" height=\"300\" srcset=\"https:\/\/portalnpm.com\/wp-content\/uploads\/2025\/09\/IMG-20250911-WA0161-225x300.jpg 225w, https:\/\/portalnpm.com\/wp-content\/uploads\/2025\/09\/IMG-20250911-WA0161-768x1024.jpg 768w, https:\/\/portalnpm.com\/wp-content\/uploads\/2025\/09\/IMG-20250911-WA0161.jpg 960w\" sizes=\"(max-width: 225px) 100vw, 225px\" \/> <img loading=\"lazy\" decoding=\"async\" class=\"alignnone size-medium wp-image-89757\" src=\"https:\/\/portalnpm.com\/wp-content\/uploads\/2025\/09\/IMG-20250911-WA0179-1-300x225.jpg\" alt=\"\" width=\"300\" height=\"225\" srcset=\"https:\/\/portalnpm.com\/wp-content\/uploads\/2025\/09\/IMG-20250911-WA0179-1-300x225.jpg 300w, https:\/\/portalnpm.com\/wp-content\/uploads\/2025\/09\/IMG-20250911-WA0179-1-1024x768.jpg 1024w, https:\/\/portalnpm.com\/wp-content\/uploads\/2025\/09\/IMG-20250911-WA0179-1-768x576.jpg 768w, https:\/\/portalnpm.com\/wp-content\/uploads\/2025\/09\/IMG-20250911-WA0179-1-1536x1152.jpg 1536w, https:\/\/portalnpm.com\/wp-content\/uploads\/2025\/09\/IMG-20250911-WA0179-1-2048x1536.jpg 2048w\" sizes=\"(max-width: 300px) 100vw, 300px\" \/> <img loading=\"lazy\" decoding=\"async\" class=\"alignnone size-medium wp-image-89758\" src=\"https:\/\/portalnpm.com\/wp-content\/uploads\/2025\/09\/IMG-20250911-WA0181-300x225.jpg\" alt=\"\" width=\"300\" height=\"225\" srcset=\"https:\/\/portalnpm.com\/wp-content\/uploads\/2025\/09\/IMG-20250911-WA0181-300x225.jpg 300w, https:\/\/portalnpm.com\/wp-content\/uploads\/2025\/09\/IMG-20250911-WA0181-1024x768.jpg 1024w, https:\/\/portalnpm.com\/wp-content\/uploads\/2025\/09\/IMG-20250911-WA0181-768x576.jpg 768w, https:\/\/portalnpm.com\/wp-content\/uploads\/2025\/09\/IMG-20250911-WA0181-1536x1152.jpg 1536w, https:\/\/portalnpm.com\/wp-content\/uploads\/2025\/09\/IMG-20250911-WA0181-2048x1536.jpg 2048w\" sizes=\"(max-width: 300px) 100vw, 300px\" \/> <img loading=\"lazy\" decoding=\"async\" class=\"alignnone size-medium wp-image-89759\" src=\"https:\/\/portalnpm.com\/wp-content\/uploads\/2025\/09\/IMG-20250911-WA0185-300x225.jpg\" alt=\"\" width=\"300\" height=\"225\" srcset=\"https:\/\/portalnpm.com\/wp-content\/uploads\/2025\/09\/IMG-20250911-WA0185-300x225.jpg 300w, https:\/\/portalnpm.com\/wp-content\/uploads\/2025\/09\/IMG-20250911-WA0185-1024x768.jpg 1024w, https:\/\/portalnpm.com\/wp-content\/uploads\/2025\/09\/IMG-20250911-WA0185-768x576.jpg 768w, https:\/\/portalnpm.com\/wp-content\/uploads\/2025\/09\/IMG-20250911-WA0185-1536x1152.jpg 1536w, https:\/\/portalnpm.com\/wp-content\/uploads\/2025\/09\/IMG-20250911-WA0185-2048x1536.jpg 2048w\" sizes=\"(max-width: 300px) 100vw, 300px\" \/> <img loading=\"lazy\" decoding=\"async\" class=\"alignnone size-medium wp-image-89760\" src=\"https:\/\/portalnpm.com\/wp-content\/uploads\/2025\/09\/IMG-20250911-WA0180-300x225.jpg\" alt=\"\" width=\"300\" height=\"225\" srcset=\"https:\/\/portalnpm.com\/wp-content\/uploads\/2025\/09\/IMG-20250911-WA0180-300x225.jpg 300w, https:\/\/portalnpm.com\/wp-content\/uploads\/2025\/09\/IMG-20250911-WA0180-1024x768.jpg 1024w, https:\/\/portalnpm.com\/wp-content\/uploads\/2025\/09\/IMG-20250911-WA0180-768x576.jpg 768w, https:\/\/portalnpm.com\/wp-content\/uploads\/2025\/09\/IMG-20250911-WA0180-1536x1152.jpg 1536w, https:\/\/portalnpm.com\/wp-content\/uploads\/2025\/09\/IMG-20250911-WA0180-2048x1536.jpg 2048w\" sizes=\"(max-width: 300px) 100vw, 300px\" \/> <img loading=\"lazy\" decoding=\"async\" class=\"alignnone size-medium wp-image-89761\" src=\"https:\/\/portalnpm.com\/wp-content\/uploads\/2025\/09\/IMG-20250911-WA0163-225x300.jpg\" alt=\"\" width=\"225\" height=\"300\" srcset=\"https:\/\/portalnpm.com\/wp-content\/uploads\/2025\/09\/IMG-20250911-WA0163-225x300.jpg 225w, https:\/\/portalnpm.com\/wp-content\/uploads\/2025\/09\/IMG-20250911-WA0163-768x1024.jpg 768w, https:\/\/portalnpm.com\/wp-content\/uploads\/2025\/09\/IMG-20250911-WA0163.jpg 960w\" sizes=\"(max-width: 225px) 100vw, 225px\" \/> <img loading=\"lazy\" decoding=\"async\" class=\"alignnone size-medium wp-image-89762\" src=\"https:\/\/portalnpm.com\/wp-content\/uploads\/2025\/09\/IMG-20250911-WA0183-300x225.jpg\" alt=\"\" width=\"300\" height=\"225\" srcset=\"https:\/\/portalnpm.com\/wp-content\/uploads\/2025\/09\/IMG-20250911-WA0183-300x225.jpg 300w, https:\/\/portalnpm.com\/wp-content\/uploads\/2025\/09\/IMG-20250911-WA0183-1024x768.jpg 1024w, https:\/\/portalnpm.com\/wp-content\/uploads\/2025\/09\/IMG-20250911-WA0183-768x576.jpg 768w, https:\/\/portalnpm.com\/wp-content\/uploads\/2025\/09\/IMG-20250911-WA0183-1536x1152.jpg 1536w, https:\/\/portalnpm.com\/wp-content\/uploads\/2025\/09\/IMG-20250911-WA0183-2048x1536.jpg 2048w\" sizes=\"(max-width: 300px) 100vw, 300px\" \/> <img loading=\"lazy\" decoding=\"async\" class=\"alignnone size-medium wp-image-89763\" src=\"https:\/\/portalnpm.com\/wp-content\/uploads\/2025\/09\/IMG-20250911-WA0169-300x225.jpg\" alt=\"\" width=\"300\" height=\"225\" srcset=\"https:\/\/portalnpm.com\/wp-content\/uploads\/2025\/09\/IMG-20250911-WA0169-300x225.jpg 300w, https:\/\/portalnpm.com\/wp-content\/uploads\/2025\/09\/IMG-20250911-WA0169-1024x768.jpg 1024w, https:\/\/portalnpm.com\/wp-content\/uploads\/2025\/09\/IMG-20250911-WA0169-768x576.jpg 768w, https:\/\/portalnpm.com\/wp-content\/uploads\/2025\/09\/IMG-20250911-WA0169-1536x1152.jpg 1536w, https:\/\/portalnpm.com\/wp-content\/uploads\/2025\/09\/IMG-20250911-WA0169-2048x1536.jpg 2048w\" sizes=\"(max-width: 300px) 100vw, 300px\" \/><\/p>\n<p>Fotos: Ascom<\/p>\n","protected":false},"excerpt":{"rendered":"<p>Evento promoveu atividades de cuidado e bem-estar no Dia Mundial de Preven\u00e7\u00e3o ao Suic\u00eddio No dia 10 de setembro, data em que se celebra o Dia Mundial de Preven\u00e7\u00e3o ao Suic\u00eddio, a Secretaria Municipal de Assist\u00eancia Social promoveu uma manh\u00e3 de atividades especiais para o grupo de idosos Sementes do Saber, que integra o Servi\u00e7o &hellip;<\/p>\n","protected":false},"author":3,"featured_media":89765,"comment_status":"open","ping_status":"open","sticky":false,"template":"","format":"standard","meta":{"content-type":"","rop_custom_images_group":[],"rop_custom_messages_group":[],"rop_publish_now":"yes","rop_publish_now_accounts":{"facebook_2648258775420054_1618374048415101":""},"rop_publish_now_history":[],"rop_publish_now_status":"pending","footnotes":"","_jetpack_memberships_contains_paid_content":false},"categories":[113,109,3998],"tags":[16444,11936,1204,5764,230,855,401,592,2242,1197,1143,1274,1196,2024,6375,3338,2699,842],"yoast_head":"<!-- This site is optimized with the Yoast SEO plugin v22.3 - https:\/\/yoast.com\/wordpress\/plugins\/seo\/ -->\n<title>S\u00e3o Juli\u00e3o | Secretaria de Assist\u00eancia Social realiza encontro com grupo de idosos Sementes do Saber em alus\u00e3o ao Setembro Amarelo; veja! - Portal NPM<\/title>\n<meta name=\"robots\" content=\"index, follow, max-snippet:-1, max-image-preview:large, max-video-preview:-1\" \/>\n<link rel=\"canonical\" href=\"https:\/\/portalnpm.com\/index.php\/2025\/09\/11\/sao-juliao-secretaria-de-assistencia-social-realiza-encontro-com-grupo-de-idosos-sementes-do-saber-em-alusao-ao-setembro-amarelo-veja\/\" \/>\n<meta property=\"og:locale\" content=\"pt_BR\" \/>\n<meta property=\"og:type\" content=\"article\" \/>\n<meta property=\"og:title\" content=\"S\u00e3o Juli\u00e3o | Secretaria de Assist\u00eancia Social realiza encontro com grupo de idosos Sementes do Saber em alus\u00e3o ao Setembro Amarelo; veja! - Portal NPM\" \/>\n<meta property=\"og:description\" content=\"Evento promoveu atividades de cuidado e bem-estar no Dia Mundial de Preven\u00e7\u00e3o ao Suic\u00eddio No dia 10 de setembro, data em que se celebra o Dia Mundial de Preven\u00e7\u00e3o ao Suic\u00eddio, a Secretaria Municipal de Assist\u00eancia Social promoveu uma manh\u00e3 de atividades especiais para o grupo de idosos Sementes do Saber, que integra o Servi\u00e7o &hellip;\" \/>\n<meta property=\"og:url\" content=\"https:\/\/portalnpm.com\/index.php\/2025\/09\/11\/sao-juliao-secretaria-de-assistencia-social-realiza-encontro-com-grupo-de-idosos-sementes-do-saber-em-alusao-ao-setembro-amarelo-veja\/\" \/>\n<meta property=\"og:site_name\" content=\"Portal NPM\" \/>\n<meta property=\"article:published_time\" content=\"2025-09-11T14:50:15+00:00\" \/>\n<meta property=\"og:image\" content=\"https:\/\/portalnpm.com\/wp-content\/uploads\/2025\/09\/IMG-20250911-WA0160-1.jpg\" \/>\n\t<meta property=\"og:image:width\" content=\"1280\" \/>\n\t<meta property=\"og:image:height\" content=\"996\" \/>\n\t<meta property=\"og:image:type\" content=\"image\/jpeg\" \/>\n<meta name=\"author\" content=\"Luis Alberto\" \/>\n<meta name=\"twitter:card\" content=\"summary_large_image\" \/>\n<meta name=\"twitter:label1\" content=\"Escrito por\" \/>\n\t<meta name=\"twitter:data1\" content=\"Luis Alberto\" \/>\n\t<meta name=\"twitter:label2\" content=\"Est. tempo de leitura\" \/>\n\t<meta name=\"twitter:data2\" content=\"4 minutos\" \/>\n<script type=\"application\/ld+json\" class=\"yoast-schema-graph\">{\"@context\":\"https:\/\/schema.org\",\"@graph\":[{\"@type\":\"WebPage\",\"@id\":\"https:\/\/portalnpm.com\/index.php\/2025\/09\/11\/sao-juliao-secretaria-de-assistencia-social-realiza-encontro-com-grupo-de-idosos-sementes-do-saber-em-alusao-ao-setembro-amarelo-veja\/\",\"url\":\"https:\/\/portalnpm.com\/index.php\/2025\/09\/11\/sao-juliao-secretaria-de-assistencia-social-realiza-encontro-com-grupo-de-idosos-sementes-do-saber-em-alusao-ao-setembro-amarelo-veja\/\",\"name\":\"S\u00e3o Juli\u00e3o | Secretaria de Assist\u00eancia Social realiza encontro com grupo de idosos Sementes do Saber em alus\u00e3o ao Setembro Amarelo; veja! - Portal NPM\",\"isPartOf\":{\"@id\":\"https:\/\/portalnpm.com\/#website\"},\"primaryImageOfPage\":{\"@id\":\"https:\/\/portalnpm.com\/index.php\/2025\/09\/11\/sao-juliao-secretaria-de-assistencia-social-realiza-encontro-com-grupo-de-idosos-sementes-do-saber-em-alusao-ao-setembro-amarelo-veja\/#primaryimage\"},\"image\":{\"@id\":\"https:\/\/portalnpm.com\/index.php\/2025\/09\/11\/sao-juliao-secretaria-de-assistencia-social-realiza-encontro-com-grupo-de-idosos-sementes-do-saber-em-alusao-ao-setembro-amarelo-veja\/#primaryimage\"},\"thumbnailUrl\":\"https:\/\/portalnpm.com\/wp-content\/uploads\/2025\/09\/IMG-20250911-WA0160-1.jpg\",\"datePublished\":\"2025-09-11T14:50:15+00:00\",\"dateModified\":\"2025-09-11T14:50:15+00:00\",\"author\":{\"@id\":\"https:\/\/portalnpm.com\/#\/schema\/person\/5c8006acdf71774cd4e7a5ab98482152\"},\"breadcrumb\":{\"@id\":\"https:\/\/portalnpm.com\/index.php\/2025\/09\/11\/sao-juliao-secretaria-de-assistencia-social-realiza-encontro-com-grupo-de-idosos-sementes-do-saber-em-alusao-ao-setembro-amarelo-veja\/#breadcrumb\"},\"inLanguage\":\"pt-BR\",\"potentialAction\":[{\"@type\":\"ReadAction\",\"target\":[\"https:\/\/portalnpm.com\/index.php\/2025\/09\/11\/sao-juliao-secretaria-de-assistencia-social-realiza-encontro-com-grupo-de-idosos-sementes-do-saber-em-alusao-ao-setembro-amarelo-veja\/\"]}]},{\"@type\":\"ImageObject\",\"inLanguage\":\"pt-BR\",\"@id\":\"https:\/\/portalnpm.com\/index.php\/2025\/09\/11\/sao-juliao-secretaria-de-assistencia-social-realiza-encontro-com-grupo-de-idosos-sementes-do-saber-em-alusao-ao-setembro-amarelo-veja\/#primaryimage\",\"url\":\"https:\/\/portalnpm.com\/wp-content\/uploads\/2025\/09\/IMG-20250911-WA0160-1.jpg\",\"contentUrl\":\"https:\/\/portalnpm.com\/wp-content\/uploads\/2025\/09\/IMG-20250911-WA0160-1.jpg\",\"width\":1280,\"height\":996},{\"@type\":\"BreadcrumbList\",\"@id\":\"https:\/\/portalnpm.com\/index.php\/2025\/09\/11\/sao-juliao-secretaria-de-assistencia-social-realiza-encontro-com-grupo-de-idosos-sementes-do-saber-em-alusao-ao-setembro-amarelo-veja\/#breadcrumb\",\"itemListElement\":[{\"@type\":\"ListItem\",\"position\":1,\"name\":\"In\u00edcio\",\"item\":\"https:\/\/portalnpm.com\/\"},{\"@type\":\"ListItem\",\"position\":2,\"name\":\"S\u00e3o Juli\u00e3o | Secretaria de Assist\u00eancia Social realiza encontro com grupo de idosos Sementes do Saber em alus\u00e3o ao Setembro Amarelo; veja!\"}]},{\"@type\":\"WebSite\",\"@id\":\"https:\/\/portalnpm.com\/#website\",\"url\":\"https:\/\/portalnpm.com\/\",\"name\":\"Portal NPM\",\"description\":\"Not\u00edcias em Primeira M\u00e3o\",\"potentialAction\":[{\"@type\":\"SearchAction\",\"target\":{\"@type\":\"EntryPoint\",\"urlTemplate\":\"https:\/\/portalnpm.com\/?s={search_term_string}\"},\"query-input\":\"required name=search_term_string\"}],\"inLanguage\":\"pt-BR\"},{\"@type\":\"Person\",\"@id\":\"https:\/\/portalnpm.com\/#\/schema\/person\/5c8006acdf71774cd4e7a5ab98482152\",\"name\":\"Luis Alberto\",\"image\":{\"@type\":\"ImageObject\",\"inLanguage\":\"pt-BR\",\"@id\":\"https:\/\/portalnpm.com\/#\/schema\/person\/image\/\",\"url\":\"https:\/\/portalnpm.com\/wp-content\/uploads\/2024\/12\/avatar_user_3_1734699769-96x96.jpeg\",\"contentUrl\":\"https:\/\/portalnpm.com\/wp-content\/uploads\/2024\/12\/avatar_user_3_1734699769-96x96.jpeg\",\"caption\":\"Luis Alberto\"},\"description\":\"Editor-geral do Portal NPM, \u00e9 formado como T\u00e9cnico em Seguran\u00e7a do Trabalho pela Escola Metropolitana de Cursos T\u00e9cnicos. Det\u00e9m ainda licenciatura em Educa\u00e7\u00e3o F\u00edsica e bacharelado em Ci\u00eancias Pol\u00edticas, ambos obtidos pela institui\u00e7\u00e3o Anhanguera\/UNOPAR.\",\"url\":\"https:\/\/portalnpm.com\/index.php\/author\/pereira\/\"}]}<\/script>\n<!-- \/ Yoast SEO plugin. -->","yoast_head_json":{"title":"S\u00e3o Juli\u00e3o | Secretaria de Assist\u00eancia Social realiza encontro com grupo de idosos Sementes do Saber em alus\u00e3o ao Setembro Amarelo; veja! - Portal NPM","robots":{"index":"index","follow":"follow","max-snippet":"max-snippet:-1","max-image-preview":"max-image-preview:large","max-video-preview":"max-video-preview:-1"},"canonical":"https:\/\/portalnpm.com\/index.php\/2025\/09\/11\/sao-juliao-secretaria-de-assistencia-social-realiza-encontro-com-grupo-de-idosos-sementes-do-saber-em-alusao-ao-setembro-amarelo-veja\/","og_locale":"pt_BR","og_type":"article","og_title":"S\u00e3o Juli\u00e3o | Secretaria de Assist\u00eancia Social realiza encontro com grupo de idosos Sementes do Saber em alus\u00e3o ao Setembro Amarelo; veja! - Portal NPM","og_description":"Evento promoveu atividades de cuidado e bem-estar no Dia Mundial de Preven\u00e7\u00e3o ao Suic\u00eddio No dia 10 de setembro, data em que se celebra o Dia Mundial de Preven\u00e7\u00e3o ao Suic\u00eddio, a Secretaria Municipal de Assist\u00eancia Social promoveu uma manh\u00e3 de atividades especiais para o grupo de idosos Sementes do Saber, que integra o Servi\u00e7o &hellip;","og_url":"https:\/\/portalnpm.com\/index.php\/2025\/09\/11\/sao-juliao-secretaria-de-assistencia-social-realiza-encontro-com-grupo-de-idosos-sementes-do-saber-em-alusao-ao-setembro-amarelo-veja\/","og_site_name":"Portal NPM","article_published_time":"2025-09-11T14:50:15+00:00","og_image":[{"width":1280,"height":996,"url":"https:\/\/portalnpm.com\/wp-content\/uploads\/2025\/09\/IMG-20250911-WA0160-1.jpg","type":"image\/jpeg"}],"author":"Luis Alberto","twitter_card":"summary_large_image","twitter_misc":{"Escrito por":"Luis Alberto","Est. tempo de leitura":"4 minutos"},"schema":{"@context":"https:\/\/schema.org","@graph":[{"@type":"WebPage","@id":"https:\/\/portalnpm.com\/index.php\/2025\/09\/11\/sao-juliao-secretaria-de-assistencia-social-realiza-encontro-com-grupo-de-idosos-sementes-do-saber-em-alusao-ao-setembro-amarelo-veja\/","url":"https:\/\/portalnpm.com\/index.php\/2025\/09\/11\/sao-juliao-secretaria-de-assistencia-social-realiza-encontro-com-grupo-de-idosos-sementes-do-saber-em-alusao-ao-setembro-amarelo-veja\/","name":"S\u00e3o Juli\u00e3o | Secretaria de Assist\u00eancia Social realiza encontro com grupo de idosos Sementes do Saber em alus\u00e3o ao Setembro Amarelo; veja! - Portal NPM","isPartOf":{"@id":"https:\/\/portalnpm.com\/#website"},"primaryImageOfPage":{"@id":"https:\/\/portalnpm.com\/index.php\/2025\/09\/11\/sao-juliao-secretaria-de-assistencia-social-realiza-encontro-com-grupo-de-idosos-sementes-do-saber-em-alusao-ao-setembro-amarelo-veja\/#primaryimage"},"image":{"@id":"https:\/\/portalnpm.com\/index.php\/2025\/09\/11\/sao-juliao-secretaria-de-assistencia-social-realiza-encontro-com-grupo-de-idosos-sementes-do-saber-em-alusao-ao-setembro-amarelo-veja\/#primaryimage"},"thumbnailUrl":"https:\/\/portalnpm.com\/wp-content\/uploads\/2025\/09\/IMG-20250911-WA0160-1.jpg","datePublished":"2025-09-11T14:50:15+00:00","dateModified":"2025-09-11T14:50:15+00:00","author":{"@id":"https:\/\/portalnpm.com\/#\/schema\/person\/5c8006acdf71774cd4e7a5ab98482152"},"breadcrumb":{"@id":"https:\/\/portalnpm.com\/index.php\/2025\/09\/11\/sao-juliao-secretaria-de-assistencia-social-realiza-encontro-com-grupo-de-idosos-sementes-do-saber-em-alusao-ao-setembro-amarelo-veja\/#breadcrumb"},"inLanguage":"pt-BR","potentialAction":[{"@type":"ReadAction","target":["https:\/\/portalnpm.com\/index.php\/2025\/09\/11\/sao-juliao-secretaria-de-assistencia-social-realiza-encontro-com-grupo-de-idosos-sementes-do-saber-em-alusao-ao-setembro-amarelo-veja\/"]}]},{"@type":"ImageObject","inLanguage":"pt-BR","@id":"https:\/\/portalnpm.com\/index.php\/2025\/09\/11\/sao-juliao-secretaria-de-assistencia-social-realiza-encontro-com-grupo-de-idosos-sementes-do-saber-em-alusao-ao-setembro-amarelo-veja\/#primaryimage","url":"https:\/\/portalnpm.com\/wp-content\/uploads\/2025\/09\/IMG-20250911-WA0160-1.jpg","contentUrl":"https:\/\/portalnpm.com\/wp-content\/uploads\/2025\/09\/IMG-20250911-WA0160-1.jpg","width":1280,"height":996},{"@type":"BreadcrumbList","@id":"https:\/\/portalnpm.com\/index.php\/2025\/09\/11\/sao-juliao-secretaria-de-assistencia-social-realiza-encontro-com-grupo-de-idosos-sementes-do-saber-em-alusao-ao-setembro-amarelo-veja\/#breadcrumb","itemListElement":[{"@type":"ListItem","position":1,"name":"In\u00edcio","item":"https:\/\/portalnpm.com\/"},{"@type":"ListItem","position":2,"name":"S\u00e3o Juli\u00e3o | Secretaria de Assist\u00eancia Social realiza encontro com grupo de idosos Sementes do Saber em alus\u00e3o ao Setembro Amarelo; veja!"}]},{"@type":"WebSite","@id":"https:\/\/portalnpm.com\/#website","url":"https:\/\/portalnpm.com\/","name":"Portal NPM","description":"Not\u00edcias em Primeira M\u00e3o","potentialAction":[{"@type":"SearchAction","target":{"@type":"EntryPoint","urlTemplate":"https:\/\/portalnpm.com\/?s={search_term_string}"},"query-input":"required name=search_term_string"}],"inLanguage":"pt-BR"},{"@type":"Person","@id":"https:\/\/portalnpm.com\/#\/schema\/person\/5c8006acdf71774cd4e7a5ab98482152","name":"Luis Alberto","image":{"@type":"ImageObject","inLanguage":"pt-BR","@id":"https:\/\/portalnpm.com\/#\/schema\/person\/image\/","url":"https:\/\/portalnpm.com\/wp-content\/uploads\/2024\/12\/avatar_user_3_1734699769-96x96.jpeg","contentUrl":"https:\/\/portalnpm.com\/wp-content\/uploads\/2024\/12\/avatar_user_3_1734699769-96x96.jpeg","caption":"Luis Alberto"},"description":"Editor-geral do Portal NPM, \u00e9 formado como T\u00e9cnico em Seguran\u00e7a do Trabalho pela Escola Metropolitana de Cursos T\u00e9cnicos. Det\u00e9m ainda licenciatura em Educa\u00e7\u00e3o F\u00edsica e bacharelado em Ci\u00eancias Pol\u00edticas, ambos obtidos pela institui\u00e7\u00e3o Anhanguera\/UNOPAR.","url":"https:\/\/portalnpm.com\/index.php\/author\/pereira\/"}]}},"jetpack_sharing_enabled":true,"jetpack_featured_media_url":"https:\/\/portalnpm.com\/wp-content\/uploads\/2025\/09\/IMG-20250911-WA0160-1.jpg","_links":{"self":[{"href":"https:\/\/portalnpm.com\/index.php\/wp-json\/wp\/v2\/posts\/89750"}],"collection":[{"href":"https:\/\/portalnpm.com\/index.php\/wp-json\/wp\/v2\/posts"}],"about":[{"href":"https:\/\/portalnpm.com\/index.php\/wp-json\/wp\/v2\/types\/post"}],"author":[{"embeddable":true,"href":"https:\/\/portalnpm.com\/index.php\/wp-json\/wp\/v2\/users\/3"}],"replies":[{"embeddable":true,"href":"https:\/\/portalnpm.com\/index.php\/wp-json\/wp\/v2\/comments?post=89750"}],"version-history":[{"count":3,"href":"https:\/\/portalnpm.com\/index.php\/wp-json\/wp\/v2\/posts\/89750\/revisions"}],"predecessor-version":[{"id":89766,"href":"https:\/\/portalnpm.com\/index.php\/wp-json\/wp\/v2\/posts\/89750\/revisions\/89766"}],"wp:featuredmedia":[{"embeddable":true,"href":"https:\/\/portalnpm.com\/index.php\/wp-json\/wp\/v2\/media\/89765"}],"wp:attachment":[{"href":"https:\/\/portalnpm.com\/index.php\/wp-json\/wp\/v2\/media?parent=89750"}],"wp:term":[{"taxonomy":"category","embeddable":true,"href":"https:\/\/portalnpm.com\/index.php\/wp-json\/wp\/v2\/categories?post=89750"},{"taxonomy":"post_tag","embeddable":true,"href":"https:\/\/portalnpm.com\/index.php\/wp-json\/wp\/v2\/tags?post=89750"}],"curies":[{"name":"wp","href":"https:\/\/api.w.org\/{rel}","templated":true}]}}